{"id":200841,"date":"2021-04-03T06:00:12","date_gmt":"2021-04-03T04:00:12","guid":{"rendered":"https:\/\/www.radiopiu.net\/wordpress\/?p=200841"},"modified":"2021-04-03T09:04:59","modified_gmt":"2021-04-03T07:04:59","slug":"giornale-radiopiu-03-aprile-2021-direttore-mirko-mezzacasa","status":"publish","type":"post","link":"https:\/\/www.radiopiu.net\/wordpress\/giornale-radiopiu-03-aprile-2021-direttore-mirko-mezzacasa\/","title":{"rendered":"GIORNALE RADIOPIU 03 APRILE 2021 DIRETTORE MIRKO MEZZACASA"},"content":{"rendered":"<h3><a href=\"https:\/\/www.radiopiu.net\/wordpress\/giornale-radiopiu-24-gennaio-2021-direttore-mirko-mezzacasa\/141433770_171616291414874_2957460898102012198_n\/\" rel=\"attachment wp-att-186566\"><img loading=\"lazy\" decoding=\"async\" class=\"wp-image-186566 alignleft\" src=\"https:\/\/www.radiopiu.net\/wordpress\/wp-content\/uploads\/2021\/01\/141433770_171616291414874_2957460898102012198_n-300x300.jpg\" alt=\"\" width=\"144\" height=\"144\" srcset=\"https:\/\/www.radiopiu.net\/wordpress\/wp-content\/uploads\/2021\/01\/141433770_171616291414874_2957460898102012198_n-300x300.jpg 300w, https:\/\/www.radiopiu.net\/wordpress\/wp-content\/uploads\/2021\/01\/141433770_171616291414874_2957460898102012198_n-150x150.jpg 150w, https:\/\/www.radiopiu.net\/wordpress\/wp-content\/uploads\/2021\/01\/141433770_171616291414874_2957460898102012198_n-768x768.jpg 768w, https:\/\/www.radiopiu.net\/wordpress\/wp-content\/uploads\/2021\/01\/141433770_171616291414874_2957460898102012198_n.jpg 800w\" sizes=\"auto, (max-width: 144px) 100vw, 144px\" \/><\/a><\/h3>\n<h3>PER<strong> RICEVERE QUESTO NOTIZIARIO DIRETTAMENTE SUL TUO CELLULARE ISCRIVITI AL CANALE TELEGRAM <\/strong><strong>\u201cRADIO PIU\u00a0 INFORMAZIONE&#8221;\u00a0<\/strong><\/h3>\n<h3><\/h3>\n<p>&nbsp;<\/p>\n<p>&nbsp;<\/p>\n<div dir=\"auto\"><a href=\"https:\/\/www.radiopiu.net\/wordpress\/giornale-radiopiu-03-aprile-2021-direttore-mirko-mezzacasa\/802d7d26-8e8a-4f48-ba67-d24959f41fae\/\" rel=\"attachment wp-att-201112\"><img loading=\"lazy\" decoding=\"async\" class=\" wp-image-201112 alignleft\" src=\"https:\/\/www.radiopiu.net\/wordpress\/wp-content\/uploads\/2021\/04\/802d7d26-8e8a-4f48-ba67-d24959f41fae-300x169.jpg\" alt=\"\" width=\"156\" height=\"88\" srcset=\"https:\/\/www.radiopiu.net\/wordpress\/wp-content\/uploads\/2021\/04\/802d7d26-8e8a-4f48-ba67-d24959f41fae-300x169.jpg 300w, https:\/\/www.radiopiu.net\/wordpress\/wp-content\/uploads\/2021\/04\/802d7d26-8e8a-4f48-ba67-d24959f41fae-1024x576.jpg 1024w, https:\/\/www.radiopiu.net\/wordpress\/wp-content\/uploads\/2021\/04\/802d7d26-8e8a-4f48-ba67-d24959f41fae-768x432.jpg 768w, https:\/\/www.radiopiu.net\/wordpress\/wp-content\/uploads\/2021\/04\/802d7d26-8e8a-4f48-ba67-d24959f41fae-1536x864.jpg 1536w, https:\/\/www.radiopiu.net\/wordpress\/wp-content\/uploads\/2021\/04\/802d7d26-8e8a-4f48-ba67-d24959f41fae.jpg 2000w\" sizes=\"auto, (max-width: 156px) 100vw, 156px\" \/><\/a>3 MARZO-3 APRILE, SFIORATO IL MILIONE DI INGRESSI NEL SITO <a class=\"oajrlxb2 g5ia77u1 qu0x051f esr5mh6w e9989ue4 r7d6kgcz rq0escxv nhd2j8a9 nc684nl6 p7hjln8o kvgmc6g5 cxmmr5t8 oygrvhab hcukyx3x jb3vyjys rz4wbd8a qt6c0cv9 a8nywdso i1ao9s8h esuyzwwr f1sip0of lzcic4wl py34i1dx gpro0wi8\" tabindex=\"0\" role=\"link\" href=\"https:\/\/l.facebook.com\/l.php?u=http%3A%2F%2FWWW.RADIOPIU.NET%2F%3Ffbclid%3DIwAR1ho1kRB4IWBn06cTIUB9npSCRUU27C06-NrLtMJ1UBuB8sNxwZ7D52JjY&amp;h=AT07qf6V53IVQykOedxPeBik7lDWU3OvLXkh4LD6TvGFceSykWVlBfeFLk4RArVybvk0Qj807f258yFr3Z4e8n8OTp8MMMXNSkK4adJMyDPExBzL5rBYXea9XeyYkGr60XaZ&amp;__tn__=-UK-R&amp;c[0]=AT2tFwsAzLvSQQhMblm7W3twbxaxV3Ja0RdwJK6pWSkXGqSBEGC71az2supadeO7K47viIuDMv_4wyByvG_iTahYsd45TuIjjcNoopfi9ZzKlCAYn8usKRYCu2-4cltncPOB\" target=\"_blank\" rel=\"nofollow noopener\">WWW.RADIOPIU.NET<\/a>\u00a0 907.590 IL NUMERO TOTALE DI VISUALIZZAZIONE DELLE PAGINE A TUTTI GRAZIE PER LA STIMA FIDUCIA E COSTANZA<\/div>\n<div dir=\"auto\">mirko mezzacasa<\/div>\n<p>&nbsp;<\/p>\n<p>&nbsp;<\/p>\n<blockquote>\n<h3><a class=\"dt-pswp-item\" href=\"https:\/\/www.radiopiu.net\/wordpress\/wp-content\/uploads\/2021\/04\/168128941_2786015024982862_8904047931748359335_n.jpg\" data-dt-img-description=\"\" data-large_image_width=\"1080\" data-large_image_height=\"1920\"><img loading=\"lazy\" decoding=\"async\" class=\"size-medium wp-image-201131 alignleft\" src=\"https:\/\/www.radiopiu.net\/wordpress\/wp-content\/uploads\/2021\/04\/168128941_2786015024982862_8904047931748359335_n-169x300.jpg\" alt=\"\" width=\"169\" height=\"300\" srcset=\"https:\/\/www.radiopiu.net\/wordpress\/wp-content\/uploads\/2021\/04\/168128941_2786015024982862_8904047931748359335_n-169x300.jpg 169w, https:\/\/www.radiopiu.net\/wordpress\/wp-content\/uploads\/2021\/04\/168128941_2786015024982862_8904047931748359335_n-576x1024.jpg 576w, https:\/\/www.radiopiu.net\/wordpress\/wp-content\/uploads\/2021\/04\/168128941_2786015024982862_8904047931748359335_n-768x1365.jpg 768w, https:\/\/www.radiopiu.net\/wordpress\/wp-content\/uploads\/2021\/04\/168128941_2786015024982862_8904047931748359335_n-864x1536.jpg 864w, https:\/\/www.radiopiu.net\/wordpress\/wp-content\/uploads\/2021\/04\/168128941_2786015024982862_8904047931748359335_n.jpg 1080w\" sizes=\"auto, (max-width: 169px) 100vw, 169px\" \/><\/a><\/h3>\n<h3><\/h3>\n<h3><\/h3>\n<h3>IERI SERA COME DA TRADIZIONE DALLA CONCA AGORDINA ERA VISIBILE LA CROCE ILLUMINATA SOPRA LA GALLERIA DI LISTOLADE. GRAZIE A CHI E&#8217; SALITO FIN LASSU&#8217; NEL RISPETTO DELLA TRADIZIONE DEL VENERDI SANTO<\/h3>\n<\/blockquote>\n<p>&nbsp;<\/p>\n<p>FOTO FACEBOOK MILA DAI PRA<\/p>\n<p>&nbsp;<\/p>\n<p>&nbsp;<\/p>\n<p>&nbsp;<\/p>\n<p>&nbsp;<\/p>\n<p>&nbsp;<\/p>\n<p>&nbsp;<\/p>\n<hr \/>\n<p>&nbsp;<\/p>\n<p><em><a href=\"https:\/\/www.radiopiu.net\/wordpress\/giornale-radiopiu-24-gennaio-2021-direttore-mirko-mezzacasa\/79216601_126817312416448_708980208774483089_n\/\" rel=\"attachment wp-att-186567\"><img loading=\"lazy\" decoding=\"async\" class=\"size-medium wp-image-186567 alignright\" src=\"https:\/\/www.radiopiu.net\/wordpress\/wp-content\/uploads\/2021\/01\/79216601_126817312416448_708980208774483089_n-300x114.jpg\" alt=\"\" width=\"300\" height=\"114\" srcset=\"https:\/\/www.radiopiu.net\/wordpress\/wp-content\/uploads\/2021\/01\/79216601_126817312416448_708980208774483089_n-300x114.jpg 300w, https:\/\/www.radiopiu.net\/wordpress\/wp-content\/uploads\/2021\/01\/79216601_126817312416448_708980208774483089_n-768x292.jpg 768w, https:\/\/www.radiopiu.net\/wordpress\/wp-content\/uploads\/2021\/01\/79216601_126817312416448_708980208774483089_n.jpg 820w\" sizes=\"auto, (max-width: 300px) 100vw, 300px\" \/><\/a><span style=\"color: #ff0000;\"> LA NUOVA APP PER IOS-IPHONE di Nicola Vettorello <\/span><\/em><a href=\"https:\/\/apps.apple.com\/it\/app\/radio-pi%C3%B9-emittente-agordina\/id1515939845\">https:\/\/apps.apple.com\/it\/app\/radio-pi%C3%B9-emittente-agordina\/id1515939845<\/a><\/p>\n<p><em style=\"color: #ff0000;\">ATTENZIONE: LA NUOVA APP RADIO\u00a0 PER ANDROID di Nicola Vettorello<\/em><\/p>\n<p><a href=\"https:\/\/play.google.com\/store\/apps\/details?id=net.radiopiu.iniko\" target=\"_blank\" rel=\"noopener noreferrer\">https:\/\/play.google.com\/store\/apps\/details?id=net.radiopiu.iniko<\/a><\/p>\n<p>&nbsp;<\/p>\n<p>&nbsp;<\/p>\n<hr \/>\n<p>&nbsp;<\/p>\n<blockquote>\n<h1>GLI AUGURI DI BUONA PASQUA DAL MUSAL-MUSEO PAPA LUCIANI CANALE D&#8217;AGORDO<\/h1>\n<\/blockquote>\n<h3><em>Comunichiamo che il Museo e la Casa natale di Papa Luciani sono chiusi<b>\u00a0<\/b>fino a nuove disposizioni governative. Nella speranza di riprendere presto con le nostre attivit\u00e0, auguriamo a tutti una serena Pasqua!<\/em>\u00a0 \u00a0 \u00a0 \u00a0 Fondazione Papa Luciani Onlus, Canale d&#8217;Agordo.<\/h3>\n<div><a href=\"https:\/\/www.radiopiu.net\/wordpress\/punto-stampa-di-luca-zaiannn\/cartolina-di-auguri\/\" rel=\"attachment wp-att-200951\"><img loading=\"lazy\" decoding=\"async\" class=\"alignnone wp-image-200951 size-full\" src=\"https:\/\/www.radiopiu.net\/wordpress\/wp-content\/uploads\/2021\/04\/cartolina-di-auguri.png\" alt=\"\" width=\"1575\" height=\"1275\" srcset=\"https:\/\/www.radiopiu.net\/wordpress\/wp-content\/uploads\/2021\/04\/cartolina-di-auguri.png 1575w, https:\/\/www.radiopiu.net\/wordpress\/wp-content\/uploads\/2021\/04\/cartolina-di-auguri-300x243.png 300w, https:\/\/www.radiopiu.net\/wordpress\/wp-content\/uploads\/2021\/04\/cartolina-di-auguri-1024x829.png 1024w, https:\/\/www.radiopiu.net\/wordpress\/wp-content\/uploads\/2021\/04\/cartolina-di-auguri-768x622.png 768w, https:\/\/www.radiopiu.net\/wordpress\/wp-content\/uploads\/2021\/04\/cartolina-di-auguri-1536x1243.png 1536w\" sizes=\"auto, (max-width: 1575px) 100vw, 1575px\" \/><\/a><\/div>\n<div><\/div>\n<div><\/div>\n<div><\/div>\n<div>\n<p><span style=\"color: #993366;\"><strong><a href=\"https:\/\/www.radiopiu.net\/wordpress\/giornale-radiopiu-03-aprile-2021-direttore-mirko-mezzacasa\/download-1118\/\" rel=\"attachment wp-att-201067\"><img loading=\"lazy\" decoding=\"async\" class=\"wp-image-201067 alignleft\" src=\"https:\/\/www.radiopiu.net\/wordpress\/wp-content\/uploads\/2021\/04\/download-1.jpg\" alt=\"\" width=\"152\" height=\"101\" \/><\/a>DOMANI DOMENICA DI PASQUA,\u00a0 ALLE 10, RADIO PIU&#8217; TRASMETTE LA MESSA DALL&#8217;ARCIDIACONALE DI AGORDO CELEBRATA DA DON VIRGILIO. DIRETTA RADIO FM, FACEBOOK, TELEGRAM, YOUTUBE<\/strong><\/span><\/p>\n<p><span style=\"color: #993366;\"><strong>LUNEDI DI PASQUETTA LA MESSA DEL FANCIULLO DALLA CHIESA DI SAN VINCENZO FERRER A PARECH DI AGORDO CELEBRATA DA DON CESARE. DIRETTA RADIO FM, FACEBOOK, TELEGRAM, YOUTUBE<\/strong><\/span><\/p>\n<\/div>\n<p>&nbsp;<\/p>\n<p>&nbsp;<\/p>\n<hr \/>\n<p>&nbsp;<\/p>\n<p>&nbsp;<\/p>\n<blockquote>\n<h3>UN&#8217;AZIENDA AGRICOLA A LA MUDA PER ALLEVARE CAPRETTI? UN&#8217;INVENZIONE<\/h3>\n<blockquote><p>&nbsp;<\/p><\/blockquote>\n<p><strong><a href=\"https:\/\/www.radiopiu.net\/wordpress\/dav-89\/\" rel=\"attachment wp-att-83889\"><img loading=\"lazy\" decoding=\"async\" class=\"wp-image-83889 alignleft\" src=\"https:\/\/www.radiopiu.net\/wordpress\/wp-content\/uploads\/2019\/04\/La-Valle_Ezio-Zuanel-300x169.jpg\" alt=\"\" width=\"197\" height=\"111\" srcset=\"https:\/\/www.radiopiu.net\/wordpress\/wp-content\/uploads\/2019\/04\/La-Valle_Ezio-Zuanel-300x169.jpg 300w, https:\/\/www.radiopiu.net\/wordpress\/wp-content\/uploads\/2019\/04\/La-Valle_Ezio-Zuanel-768x433.jpg 768w, https:\/\/www.radiopiu.net\/wordpress\/wp-content\/uploads\/2019\/04\/La-Valle_Ezio-Zuanel-1024x577.jpg 1024w\" sizes=\"auto, (max-width: 197px) 100vw, 197px\" \/><\/a>LA VALLE <\/strong>Il sindaco Ezio Zuanel precisa\u00a0 che i capretti destinati alla macellazione non sono stati caricati sul camion (diretto in trentino) in Comune di La Valle in particolare in frazione La Muda.\u00a0 Li&#8217; ci sono solo 4 case, alcune seconde case, un B&amp;B mai entrato in funzione, un ristorante e un bel ponte sul Cordevole, quello che porta ad un&#8217;azienda agricola di Agre che non \u00e8 certo in Comune di La Valle, piuttosto in Comune di Sedico.<em> &#8220;I capretti provenivano da Agre e non certo da La Muda &#8211; spiega il sindaco Ezio Zuanel &#8211; che sia chiaro, che domani non ci troviamo gli animalisti davanti al Municipio o peggio davanti a casa<\/em>&#8221; che non sarebbe la prima volta visto che nell&#8217;Agordino \u00e8 gi\u00e0 successo alcune volte con le prese di posizione di 100 per cento animalisti.<strong><br \/>\n<\/strong><\/p><\/blockquote>\n<blockquote>\n<h2>IERI DAI NOTIZIARI DI RADIO PIU<\/h2>\n<\/blockquote>\n<blockquote class=\"wp-embedded-content\" data-secret=\"i3wH0hTSWO\"><p><a href=\"https:\/\/www.radiopiu.net\/wordpress\/la-polizia-stradale-di-belluno-ferma-un-furgone-che-trasportava-illecitamente-capretti\/\">LA POLIZIA STRADALE DI BELLUNO FERMA UN FURGONE CHE TRASPORTAVA ILLECITAMENTE CAPRETTI<\/a><\/p><\/blockquote>\n<p><iframe loading=\"lazy\" class=\"wp-embedded-content\" sandbox=\"allow-scripts\" security=\"restricted\" style=\"position: absolute; clip: rect(1px, 1px, 1px, 1px);\" title=\"&#8220;LA POLIZIA STRADALE DI BELLUNO FERMA UN FURGONE CHE TRASPORTAVA ILLECITAMENTE CAPRETTI&#8221; &#8212; Radio Pi\u00f9\" src=\"https:\/\/www.radiopiu.net\/wordpress\/la-polizia-stradale-di-belluno-ferma-un-furgone-che-trasportava-illecitamente-capretti\/embed\/#?secret=i3wH0hTSWO\" data-secret=\"i3wH0hTSWO\" width=\"600\" height=\"338\" frameborder=\"0\" marginwidth=\"0\" marginheight=\"0\" scrolling=\"no\"><\/iframe><\/p>\n<p>&nbsp;<\/p>\n<p>&nbsp;<\/p>\n<hr \/>\n<p>&nbsp;<\/p>\n<h3>DA VOLTAGO LA CURIOSITA&#8217;&#8230; i gamberi dopo un secolo tornano nella Valle dei Gamberi<\/h3>\n<blockquote><p><em>La specie del gambero rinvenuto a Voltago, quasi 900 metri di quota, \u00e8 tipica di acqua dolce,\u00a0<\/em><\/p><\/blockquote>\n<p>Non era un pesce d&#8217;aprile&#8230; tutto vero nel torrente Iol\u00a0 catturato e poi rilasciato un gambero di 15 centimetri. E a proposito di Voltago nella pagina facebook di Ilario Da Campo dal ristorante Stella Alpina:\u00a0<em>&#8220;A seguito imminenti lavori alveo Valle dei Gamberi oggi recuperate le trote poi rilasciate nel torrente Sarzana&#8221;<\/em><\/p>\n\n\t\t\t<style type='text\/css'>\n\t\t\t\t#gallery-1 {\n\t\t\t\t\tmargin: auto;\n\t\t\t\t}\n\t\t\t\t#gallery-1 .gallery-item {\n\t\t\t\t\tfloat: left;\n\t\t\t\t\tmargin-top: 10px;\n\t\t\t\t\ttext-align: center;\n\t\t\t\t\twidth: 33%;\n\t\t\t\t}\n\t\t\t\t#gallery-1 img {\n\t\t\t\t\tborder: 2px solid #cfcfcf;\n\t\t\t\t}\n\t\t\t\t#gallery-1 .gallery-caption {\n\t\t\t\t\tmargin-left: 0;\n\t\t\t\t}\n\t\t\t\t\/* see gallery_shortcode() in wp-includes\/media.php *\/\n\t\t\t<\/style>\n\t\t<div id='gallery-1' class='dt-gallery-container gallery galleryid-200841 gallery-columns-3 gallery-size-thumbnail'><dl class='gallery-item'>\n\t\t\t\t<dt class='gallery-icon portrait'>\n\t\t\t\t\t<a class=\"rollover rollover-zoom dt-pswp-item\" title=\"163437955_3806413772776940_3179416659549152074_n\" data-dt-img-description=\"\" data-large_image_width=\"720\" data-large_image_height=\"960\"href='https:\/\/www.radiopiu.net\/wordpress\/wp-content\/uploads\/2021\/04\/163437955_3806413772776940_3179416659549152074_n.jpg'><img loading=\"lazy\" decoding=\"async\" width=\"150\" height=\"150\" src=\"https:\/\/www.radiopiu.net\/wordpress\/wp-content\/uploads\/2021\/04\/163437955_3806413772776940_3179416659549152074_n-150x150.jpg\" class=\"attachment-thumbnail size-thumbnail\" alt=\"\" \/><\/a>\n\t\t\t\t<\/dt><\/dl><dl class='gallery-item'>\n\t\t\t\t<dt class='gallery-icon portrait'>\n\t\t\t\t\t<a class=\"rollover rollover-zoom dt-pswp-item\" title=\"163397638_3806405699444414_5075925803883114061_n\" data-dt-img-description=\"\" data-large_image_width=\"450\" data-large_image_height=\"600\"href='https:\/\/www.radiopiu.net\/wordpress\/wp-content\/uploads\/2021\/04\/163397638_3806405699444414_5075925803883114061_n.jpg'><img loading=\"lazy\" decoding=\"async\" width=\"150\" height=\"150\" src=\"https:\/\/www.radiopiu.net\/wordpress\/wp-content\/uploads\/2021\/04\/163397638_3806405699444414_5075925803883114061_n-150x150.jpg\" class=\"attachment-thumbnail size-thumbnail\" alt=\"\" \/><\/a>\n\t\t\t\t<\/dt><\/dl><dl class='gallery-item'>\n\t\t\t\t<dt class='gallery-icon portrait'>\n\t\t\t\t\t<a class=\"rollover rollover-zoom dt-pswp-item\" title=\"163049175_3806405879444396_6776721381464925464_n\" data-dt-img-description=\"\" data-large_image_width=\"450\" data-large_image_height=\"600\"href='https:\/\/www.radiopiu.net\/wordpress\/wp-content\/uploads\/2021\/04\/163049175_3806405879444396_6776721381464925464_n.jpg'><img loading=\"lazy\" decoding=\"async\" width=\"150\" height=\"150\" src=\"https:\/\/www.radiopiu.net\/wordpress\/wp-content\/uploads\/2021\/04\/163049175_3806405879444396_6776721381464925464_n-150x150.jpg\" class=\"attachment-thumbnail size-thumbnail\" alt=\"\" \/><\/a>\n\t\t\t\t<\/dt><\/dl><br style=\"clear: both\" \/>\n\t\t\t<\/div>\n\n<p>&nbsp;<\/p>\n<p>&nbsp;<\/p>\n<hr \/>\n<p>&nbsp;<\/p>\n<h3><span style=\"color: #ff0000;\"><strong>EMERGENZA SANITARIA ALLA MOTORIZZAZIONE CIVILE DI BELLUNO: CHIUSO<\/strong><\/span><\/h3>\n<p><strong>BELLUNO<\/strong>: Gli sportelli aperti al pubblico sono chiusi,\u00a0 le attivit\u00e0 operative ferme. Tutto questo momentaneamente e fino a nuovo ordine. L&#8217;ufficio rester\u00e0 aperto solo per fornire informazioni urgenti attraverso lo sportello reception e vigilanza.<\/p>\n<p>&nbsp;<\/p>\n<p>&nbsp;<\/p>\n<hr \/>\n<p>&nbsp;<\/p>\n<p>&nbsp;<\/p>\n<p><strong>PER GLI SPOSTAMENTI OBBLIGO DI AUTOCERTIFICAZIONE CHE PUOI <a href=\"https:\/\/www.radiopiu.net\/wordpress\/veneto-in-rosso-il-bianco-sardegna-lontano-lo-dice-lincide-rt\/dpcm-autocertificazione-gennaio-2021\/\">SCARICARE QUI<\/a><\/strong><\/p>\n<p>&nbsp;<\/p>\n<hr \/>\n<p>&nbsp;<\/p>\n<p><strong>SP 3 VAL IMPERINA <\/strong>Fino al 30 aprile (sabato e domenica esclusi) interdizione alla viabilit\u00e0 per lavori di esbosco schianti a fasce orari. Chiusure: dalle 8 alle 9.45; dalle 10 alle 12; dalle 13.45 alle 15.50; dalle 16.10 alle 17.30. Nei periodi non interessati dalla chiusura senso unico alternato con movieri.<img loading=\"lazy\" decoding=\"async\" class=\"wp-image-198719 alignleft\" src=\"https:\/\/www.radiopiu.net\/wordpress\/wp-content\/uploads\/2021\/03\/d1cefc45-a8f4-432d-b66b-ba03ea140813-300x142.jpg\" alt=\"\" width=\"188\" height=\"89\" srcset=\"https:\/\/www.radiopiu.net\/wordpress\/wp-content\/uploads\/2021\/03\/d1cefc45-a8f4-432d-b66b-ba03ea140813-300x142.jpg 300w, https:\/\/www.radiopiu.net\/wordpress\/wp-content\/uploads\/2021\/03\/d1cefc45-a8f4-432d-b66b-ba03ea140813-1024x485.jpg 1024w, https:\/\/www.radiopiu.net\/wordpress\/wp-content\/uploads\/2021\/03\/d1cefc45-a8f4-432d-b66b-ba03ea140813-768x364.jpg 768w, https:\/\/www.radiopiu.net\/wordpress\/wp-content\/uploads\/2021\/03\/d1cefc45-a8f4-432d-b66b-ba03ea140813-1536x728.jpg 1536w, https:\/\/www.radiopiu.net\/wordpress\/wp-content\/uploads\/2021\/03\/d1cefc45-a8f4-432d-b66b-ba03ea140813.jpg 1599w\" sizes=\"auto, (max-width: 188px) 100vw, 188px\" \/><\/p>\n<p><strong>SP 2 VALLE DEL MIS<\/strong> Dal 25 marzo al 9 aprile (sabato e domenica compresi) senso unico alternato al km 23.460 in prossimit\u00e0 di Gosaldo<\/p>\n<p><strong>SP 26 DIGOMAN\u00a0<\/strong>dal 22 marzo al 3 aprile interdizione totale al traffico in comune di Rivamonte dalle 8 alle 17, domeniche escluse, per lavori di esbosco schianti Vaia. Negli altri orari senso unico alternato regolato da impianto semaforico.<\/p>\n<p>&nbsp;<\/p>\n<hr \/>\n<p>&nbsp;<\/p>\n<p>&nbsp;<\/p>\n<h3><a href=\"https:\/\/www.radiopiu.net\/wordpress\/acqua-di-nuovo-potabile-a-gosaldo\/bicchiere-acqua\/\" rel=\"attachment wp-att-197762\"><img loading=\"lazy\" decoding=\"async\" class=\" wp-image-197762 alignleft\" src=\"https:\/\/www.radiopiu.net\/wordpress\/wp-content\/uploads\/2021\/03\/BICCHIERE-ACQUA-300x200.jpg\" alt=\"\" width=\"132\" height=\"88\" srcset=\"https:\/\/www.radiopiu.net\/wordpress\/wp-content\/uploads\/2021\/03\/BICCHIERE-ACQUA-300x200.jpg 300w, https:\/\/www.radiopiu.net\/wordpress\/wp-content\/uploads\/2021\/03\/BICCHIERE-ACQUA-1024x683.jpg 1024w, https:\/\/www.radiopiu.net\/wordpress\/wp-content\/uploads\/2021\/03\/BICCHIERE-ACQUA-768x512.jpg 768w, https:\/\/www.radiopiu.net\/wordpress\/wp-content\/uploads\/2021\/03\/BICCHIERE-ACQUA-1536x1024.jpg 1536w, https:\/\/www.radiopiu.net\/wordpress\/wp-content\/uploads\/2021\/03\/BICCHIERE-ACQUA.jpg 1920w\" sizes=\"auto, (max-width: 132px) 100vw, 132px\" \/><\/a>Gestione Servizi Pubblici informa che a COLLE SANTA LUCIA in localit\u00e0 RUCAVA&#8217;, l&#8217;acqua erogata dall&#8217;acquedotto \u00e8 di nuovo potabile e pu\u00f2 essere usata, quindi, per scopi alimentari.<\/h3>\n<p>Gestione Servizi Pubblici informa che, per lavori alla rete idrica comunale, marted\u00ec dalle 8 fino a FINE LAVORI\u00a0 e mercoled\u00ec e gioved\u00ec dalle 8 alle 17 verr\u00e0 sospesa l\u2019erogazione dell\u2019acqua a SELVA DI CADORE, nelle vie MONTE CERNERA e ZANUOL e nelle localit\u00e0 CERNADOI, BERNARD, MARIN e TRONCH. Il personale addetto operer\u00e0 per limitare il pi\u00f9 possibile i disagi alla popolazione.<\/p>\n<h3><\/h3>\n<p>&nbsp;<\/p>\n<hr \/>\n<p>&nbsp;<\/p>\n<blockquote>\n<h3>INTERRUZIONI PROGRAMMATE PER LAVORI<\/h3>\n<\/blockquote>\n<p><strong><a href=\"https:\/\/www.radiopiu.net\/wordpress\/giornale-radio-piu-edizione-del-23-dicembre-2017-direttore-mirko-mezzacasa\/enel-tecnico-in-stazione-elettrica\/\" rel=\"attachment wp-att-40340\"><img loading=\"lazy\" decoding=\"async\" class=\"wp-image-40340 alignleft\" src=\"https:\/\/www.radiopiu.net\/wordpress\/wp-content\/uploads\/2017\/12\/Enel-Tecnico-in-stazione-elettrica-300x201.jpg\" alt=\"\" width=\"118\" height=\"79\" \/><\/a><\/strong><\/p>\n<p><strong>\u00a0<\/strong><strong>LA VALLE AGORDINA<\/strong> Martedi 6 aprile dalle 8 alle 14 in frazione Ronchet. Giovedi 8 aprile dalle 13 alle 16 nelle localit\u00e0 Cugnago, La Vigna, Gaidon, Fades e Lantrago. <strong>AGORDO <\/strong>Giovedi 8 aprile dalle 8 alle 12 in localit\u00e0 Le Grave-Ceramasse.<\/p>\n<p>&nbsp;<\/p>\n<p>&nbsp;<\/p>\n<p>&nbsp;<\/p>\n<hr \/>\n<p>&nbsp;<\/p>\n<blockquote>\n<h3>SI CERCA GIULIANO D&#8217;INCA&#8217; &#8220;SCIREA&#8221;, MANCA DAL 25 MARZO DAL QUARTIERE CAVARZANO.<\/h3>\n<\/blockquote>\n<p><strong><img loading=\"lazy\" decoding=\"async\" class=\"alignleft\" src=\"https:\/\/www.radiopiu.net\/wordpress\/wp-content\/uploads\/2021\/04\/2fe5e2cc-df93-4280-8b81-f6b7ded4a803.jpg\" width=\"190\" height=\"227\" \/>BELLUNO<\/strong> Dalla Prefettura la notizia della denuncia di scomparsa di Giuliano D\u2019Inc\u00e0 residente a Belluno, non d\u00e0 pi\u00f9 notizie di s\u00e8 dal 25 marzo scorso.Potrebbe essersi allontanato a piedi o con la sua mountain bike di colore blu\/bianco. D\u2019Inc\u00e0 \u00e8\u00a0 persona particolarmente fragile. Non si hanno dettagli sul vestiario o altre circostanze attinenti l\u2019allontanamento che \u00e8 comunque avvenuto nel territorio del Comune di Belluno. Chiunque abbia informazioni \u00e8 pregato di mettersi in contatto con la Questura di Belluno al n. 0437 945511 o attraverso il numero di emergenza 113<\/p>\n<p>&nbsp;<\/p>\n<p>&nbsp;<\/p>\n<p>&nbsp;<\/p>\n<p>&nbsp;<\/p>\n<hr \/>\n<h3><\/h3>\n<blockquote>\n<h3>MOTOCICLISTA IN OSPEDALE DOPO LO SCHIANTO NEL PORTICO<\/h3>\n<\/blockquote>\n<p><strong>BELLUNO<\/strong> Era in sella alla sua ducati quando \u00e8 caduto lungo via Caduti XIV Settembre. B.M. \u00e8 finito incastrato sotto l&#8217;arco di una abitazione a lato strada, probabilmente per evitare l&#8217;impatto con un&#8217;auto. Il bellunese non \u00e8\u00a0 grave: e dopo l&#8217;incidente si \u00e8 alzato ed era cosciente. \u00c8 stato trasferito all&#8217;ospedale\u00a0 per\u00a0 accertamenti .Lo schianto\u00a0 ieri alle 15 lungo il tratto di Statale 50 tra Belluno e Ponte nelle Alpi. La moto non \u00e8 entrata in collisione\u00a0 con la\u00a0 Mazda condotta da una donna e la\u00a0 dinamica \u00e8 ancora in corso di accertamento<\/p>\n<p>&nbsp;<\/p>\n<p>&nbsp;<\/p>\n<p>&nbsp;<\/p>\n<hr \/>\n<p>&nbsp;<\/p>\n<p>&nbsp;<\/p>\n<p>&nbsp;<\/p>\n<blockquote>\n<h3>MONITORAGGIO ANTICOVID, QUATTRO SANZIONI NEL FELTRINO<\/h3>\n<\/blockquote>\n<p><strong>FELTRE\u00a0<\/strong> Quattro gestori di locali sanzionati\u00a0 per il mancato rispetto delle direttive sulle vendite per asporto. Anche alcuni clienti pescati a consumare caff\u00e8 o spritz all&#8217;interno del locale. E&#8217; scattata la multa di 400 euro abbinata ai cinque giorni di chiusura, sono scattati alcuni verbali anche a carico dei clienti sorpresi a consumare all&#8217;interno degli esercizi. Anche per loro stessa identica cifra da pagare.<\/p>\n<p><strong>OCCHIO ALLA COOP&#8230;<\/strong> \u00a0davanti alla Coop il parcheggio \u00e8 normato da disco orario 90 minuti. Ieri molti automobilisti\u00a0 hanno trovato la contravvenzione per lunghe soste ben oltre l&#8217;ora e mezza.<\/p>\n<p>&nbsp;<\/p>\n<p>&nbsp;<\/p>\n<p>&nbsp;<\/p>\n<p>&nbsp;<\/p>\n<hr \/>\n<blockquote>\n<h3>VENETO IN ARANCIONE, LO ANNUNCIA IL PRESIDENTE DEL VENETO ZAIA<\/h3>\n<\/blockquote>\n<p><strong>VENEZIA<\/strong><em> &#8220;Siamo in arancione, non so se da martedi o da mercoledi. Lasciateci ancora un giorno per capire. Ne ho parlato anche con il Ministro Speranza, salvo sorprese siamo in arancione. Stiamo capendo se riusciamo in accordo con il Ministro della Salute a passare in arancione. Se i dati migliorassero giorno per giorno il Governo si \u00e8 preso l&#8217;impegno di riconsiderare il ritorno anche agli altri colori.&#8221;<\/em> ha detto Zaia in conferenza stampa<\/p>\n<h3><a href=\"https:\/\/www.radiopiu.net\/wordpress\/giornale-radiopiu-03-aprile-2021-direttore-mirko-mezzacasa\/b3f36804-16e9-4406-b10b-f7963a753f82\/\" rel=\"attachment wp-att-201000\"><img loading=\"lazy\" decoding=\"async\" class=\"aligncenter wp-image-201000 size-full\" src=\"https:\/\/www.radiopiu.net\/wordpress\/wp-content\/uploads\/2021\/04\/b3f36804-16e9-4406-b10b-f7963a753f82.jpg\" alt=\"\" width=\"1024\" height=\"616\" srcset=\"https:\/\/www.radiopiu.net\/wordpress\/wp-content\/uploads\/2021\/04\/b3f36804-16e9-4406-b10b-f7963a753f82.jpg 1024w, https:\/\/www.radiopiu.net\/wordpress\/wp-content\/uploads\/2021\/04\/b3f36804-16e9-4406-b10b-f7963a753f82-300x180.jpg 300w, https:\/\/www.radiopiu.net\/wordpress\/wp-content\/uploads\/2021\/04\/b3f36804-16e9-4406-b10b-f7963a753f82-768x462.jpg 768w\" sizes=\"auto, (max-width: 1024px) 100vw, 1024px\" \/><\/a><\/h3>\n<h2><span style=\"color: #ff0000;\"><strong>CON L&#8217;ARANCIONE RIAPRONO LE SCUOLE\u00a0<\/strong><\/span><\/h2>\n<blockquote><p>&#8220;La bella stagione, l&#8217;areazione delle aule, la ricreazione fuori, gli ultravioletti che si fanno sentire di pi\u00f9 e una normale remissione del contagio,\u00a0 permette di dire che le scuole riaprono&#8221;<\/p><\/blockquote>\n<p><em>Noi formalmente dovremo iniziare con l&#8217;arancione mercoledi, si tratta di capire\u00a0 se possiamo anticipare di un giorno, la zona scade alle 24 di martedi. Noi siamo partiti da lunedi quindi martedi \u00e8 passata una settimana&#8221; <\/em>Aprono tutte le scuole dall&#8217;asilo nido fino alle medie, le scuole superiori al 50% a giorni alterni tra didattica a distanza e in presenza, questo fino al 30 aprile e poi speriamo di tornare a regime. Il tema dei 250 contagi per 100 mila per ora non comporta alcun cambiamento, in Veneto abbiamo due zone sopra la soglia,\u00a0 il tema dei Distretti era stato creato per evitare un&#8217;esplosione finale. In questa fase quel dato non incider\u00e0. Continueremo con le scuole sentinella, con la prevenzione, con il monitoraggio. Prosegue pertanto il test dei tamponi sulle scuole sentinella e auto somministrazione alle medie.<\/p>\n<p>&nbsp;<\/p>\n<hr \/>\n<p>&nbsp;<\/p>\n<h3>SCATTANO I LICENZIAMENTI PER I NO VAX DOPO GLI INFRUTTUOSI INCONTRI ALLA SERSA (GAGGIA LANTE) LA DECISIONE DELLA DIREZIONE RINFORZATA DOPO CHE IL GOVERNO SI E&#8217; ESPRESSO E LA REGIONE HA CHIARITO CHE COSA ACCADRA&#8217; A CHI SI RIFIUTERA&#8217; DI VACCINARSI NELLE STRUTTURE SANITARIE PUBBLICHE E PRIVATE<\/h3>\n<blockquote><p><a href=\"https:\/\/www.radiopiu.net\/wordpress\/giornale-radiopiu-11-maggio-2018-direttore-mirko-mezzacasa\/assemblea-sersa-1\/\" rel=\"attachment wp-att-48086\"><img loading=\"lazy\" decoding=\"async\" class=\" wp-image-48086 alignleft\" src=\"https:\/\/www.radiopiu.net\/wordpress\/wp-content\/uploads\/2018\/05\/Assemblea-Sersa-1-300x200.jpg\" alt=\"\" width=\"267\" height=\"178\" srcset=\"https:\/\/www.radiopiu.net\/wordpress\/wp-content\/uploads\/2018\/05\/Assemblea-Sersa-1-300x200.jpg 300w, https:\/\/www.radiopiu.net\/wordpress\/wp-content\/uploads\/2018\/05\/Assemblea-Sersa-1-768x512.jpg 768w, https:\/\/www.radiopiu.net\/wordpress\/wp-content\/uploads\/2018\/05\/Assemblea-Sersa-1-1024x683.jpg 1024w\" sizes=\"auto, (max-width: 267px) 100vw, 267px\" \/><\/a>Il Veneto torna in arancione da martedi con la riapertura delle scuole, ristoranti, bar, parrucchieri, estetiste. La statistica racconta il contagio tra i pi\u00f9 giovani, gli alunni positivi sono 2328 tra i 7 e i 14 anni, 22mila casi da inizio epidemia. I numeri in Veneto 8.437.580 i test molecolari e rapidi, incidenza positivi-tamponi 3,93%. Ieri 1.463 nuovi contagi, 386.487 da inizio epidemia. Altre 9 vittime\u00a0 per un totale di 10.682. I ricoverati scendono a 1.931 (-9) in area non critica e a 299 (-2) in Terapia intensiva, dove ci sono per\u00f2\u00a0 altri 280 pazienti non Covid. Novit\u00e0 alla RSA Gaggia Lante, quella degli operatori sanitari che rifiutano il vaccino.\u00a0 Per questo la direzione ha inviato una precisa raccomandata: <em>&#8220;Non volete vaccinarvi, fate pure ma restatevene a casa e non riceverete lo stipendio a fine mese&#8221; <\/em>L&#8217;aspettativa non retribuita da marted\u00ec per i primi due oss dopo gli incontri per trovare una soluzione, cio\u00e8 imporre la vaccinazione anche dopo che\u00a0 il\u00a0 governo ha rinforzato quello che gi\u00e0 in Sersa era concetto.<\/p><\/blockquote>\n<div class=\"page-title-head hgroup\">\n<blockquote>\n<h3 class=\"entry-title\">NESSUN DECESSO, 44 NUOVI CASI, 1246 GLI ATTUALMENTE POSITIVI IN DIMINUZIONE, STABILI I RICOVERI<\/h3>\n<\/blockquote>\n<\/div>\n<p><strong>BELLUNO <\/strong>Nelle ultime 24 ore non sono stati registrati decessi di persone covid positive negli ospedali dell\u2019Ulss Dolomiti.<\/p>\n<p><span style=\"color: #0000ff;\">NUOVI POSITIVI 44 ATTUALMENTE POSITIVI 1246<\/span><\/p>\n<p><strong>Ricoveri \u00a0\u00a0\u00a0\u00a0\u00a0\u00a0\u00a0\u00a0\u00a0\u00a0\u00a0\u00a0\u00a0\u00a0\u00a0\u00a0\u00a0\u00a0\u00a0\u00a0\u00a0\u00a0\u00a0\u00a0\u00a0\u00a0\u00a0\u00a0\u00a0\u00a0\u00a0\u00a0\u00a0 <\/strong><\/p>\n<p><em>(dato alle ore 17.00 fonte: Azienda Zero)<\/em><\/p>\n<p>Le persone attualmente POSITIVE ricoverate negli ospedali dell\u2019Ulss Dolomiti sono:<\/p>\n<table>\n<tbody>\n<tr>\n<td width=\"217\"><strong>\u00a0<\/strong><\/td>\n<td width=\"217\"><strong>Area NON CRITICA<\/strong><\/td>\n<td width=\"217\"><strong>Terapia Intensiva<\/strong><\/td>\n<\/tr>\n<tr>\n<td width=\"217\"><strong>Ospedale di Belluno<\/strong><\/td>\n<td width=\"217\">38\u00a0 +1<\/td>\n<td width=\"217\">6<\/td>\n<\/tr>\n<tr>\n<td width=\"217\"><strong>Ospedale di Feltre<\/strong><\/td>\n<td width=\"217\">22\u00a0 1<\/td>\n<td width=\"217\">5<\/td>\n<\/tr>\n<\/tbody>\n<\/table>\n<p>&nbsp;<\/p>\n<p>Le persone attualmente POSITIVE ricoverate in Ospedale di Comunit\u00e0 sono:<\/p>\n<table>\n<tbody>\n<tr>\n<td width=\"326\"><strong>\u00a0<\/strong><\/td>\n<td width=\"326\"><strong>pazienti attualmente positivi<\/strong><\/td>\n<\/tr>\n<tr>\n<td width=\"326\"><strong>Ospedale di Comunit\u00e0 di BELLUNO<\/strong><\/td>\n<td width=\"326\">13 (+2)<\/td>\n<\/tr>\n<tr>\n<td width=\"326\"><strong>Ospedale di Comunit\u00e0 di FELTRE<\/strong><\/td>\n<td width=\"326\">\u00a06<\/td>\n<\/tr>\n<\/tbody>\n<\/table>\n<blockquote><p><strong>DRIVE IN TAMPONI<\/strong> Oggi e Luned\u00ec 5 aprile 2021 (Pasquetta) sar\u00e0 sospesa l\u2019esecuzione dei tamponi\u00a0 presso il drive in di Feltre, per consentire l\u2019attivit\u00e0 vaccinale. Coloro che non possono spostare il tampone\u00a0 potranno eseguire l\u2019esame recandosi dalle 8.30 alle 12.30 a Paludi.<\/p><\/blockquote>\n<p><strong>Riprogrammate alcune prime dosi di vaccino anti-Covid.\u00a0<\/strong><\/p>\n<table border=\"1\" width=\"100%\" cellspacing=\"0\" cellpadding=\"4\">\n<tbody>\n<tr valign=\"TOP\">\n<td width=\"45%\">\n<p align=\"CENTER\"><span style=\"font-family: Arial, sans-serif;\"><b>Data in programma<\/b><\/span><\/p>\n<\/td>\n<td width=\"55%\">\n<p align=\"CENTER\"><span style=\"font-family: Arial, sans-serif;\"><b>Nuova data<\/b><\/span><\/p>\n<\/td>\n<\/tr>\n<tr valign=\"TOP\">\n<td width=\"45%\">\n<p align=\"CENTER\">\n<\/td>\n<td rowspan=\"2\" width=\"55%\">\n<p align=\"CENTER\"><span style=\"font-family: Arial, sans-serif;\"><b>9 aprile<\/b><\/span><\/p>\n<p align=\"CENTER\"><span style=\"font-family: Arial, sans-serif;\">stessa sede e orario dell\u2019appuntamento dato<\/span><\/p>\n<\/td>\n<\/tr>\n<tr valign=\"TOP\">\n<td width=\"45%\">\n<p align=\"CENTER\"><span style=\"font-family: Arial, sans-serif;\">3 aprile (tutte le sedi)<\/span><\/p>\n<\/td>\n<\/tr>\n<tr valign=\"TOP\">\n<td width=\"45%\">\n<p align=\"CENTER\"><span style=\"font-family: Arial, sans-serif;\">5 aprile (tutte le sedi)<\/span><\/p>\n<\/td>\n<td rowspan=\"2\" width=\"55%\">\n<p align=\"CENTER\"><span style=\"font-family: Arial, sans-serif;\"><b>11 aprile<\/b><\/span><\/p>\n<p align=\"CENTER\"><span style=\"font-family: Arial, sans-serif;\">stessa sede e orario dell\u2019appuntamento dato<\/span><\/p>\n<\/td>\n<\/tr>\n<tr valign=\"TOP\">\n<td width=\"45%\" height=\"13\">\n<p align=\"CENTER\"><span style=\"font-family: Arial, sans-serif;\">6 aprile (tutte le sedi)<\/span><\/p>\n<\/td>\n<\/tr>\n<\/tbody>\n<\/table>\n<p>&nbsp;<\/p>\n<hr \/>\n<p>&nbsp;<\/p>\n<blockquote>\n<h3><\/h3>\n<h3>IL CONTAGIO NELL&#8217;AGORDINO, SITUAZIONE STABILE ECCETTO UN AUMENTO DI POSITIVI A LA VALLE AGORDINA (raddoppiano da 2 a 4 i casi covid nelle ultime 24 ore)<\/h3>\n<p><strong>I numeri, positivi e persone in quarantena<\/strong> ROCCA PIETORE 20-18 CANALE D&#8217;AGORDO 12-4 TAIBON 15-10 AGORDO 21-21 CENCENIGHE 9-5 FALCADE 21-14 LA VALLE 4-4 LIVINALLONGO 16 26\u00a0 COLLE SANTA LUCIA 7-4 SELVA DI CADORE 16-6 SAN TOMASO 7-0 ALLEGHE 43-34 RIVAMONTE 1-2 GOSALDO 7-4<\/p><\/blockquote>\n<p>&nbsp;<\/p>\n<p>&nbsp;<\/p>\n<p><a href=\"https:\/\/www.radiopiu.net\/wordpress\/giornale-radiopiu-03-aprile-2021-direttore-mirko-mezzacasa\/4f6a312a-526e-40ab-9451-94b4aefde359\/\" rel=\"attachment wp-att-201090\"><img loading=\"lazy\" decoding=\"async\" class=\"alignnone wp-image-201090 size-full\" src=\"https:\/\/www.radiopiu.net\/wordpress\/wp-content\/uploads\/2021\/04\/4f6a312a-526e-40ab-9451-94b4aefde359.jpg\" alt=\"\" width=\"2280\" height=\"1080\" srcset=\"https:\/\/www.radiopiu.net\/wordpress\/wp-content\/uploads\/2021\/04\/4f6a312a-526e-40ab-9451-94b4aefde359.jpg 2280w, https:\/\/www.radiopiu.net\/wordpress\/wp-content\/uploads\/2021\/04\/4f6a312a-526e-40ab-9451-94b4aefde359-300x142.jpg 300w, https:\/\/www.radiopiu.net\/wordpress\/wp-content\/uploads\/2021\/04\/4f6a312a-526e-40ab-9451-94b4aefde359-1024x485.jpg 1024w, https:\/\/www.radiopiu.net\/wordpress\/wp-content\/uploads\/2021\/04\/4f6a312a-526e-40ab-9451-94b4aefde359-768x364.jpg 768w, https:\/\/www.radiopiu.net\/wordpress\/wp-content\/uploads\/2021\/04\/4f6a312a-526e-40ab-9451-94b4aefde359-1536x728.jpg 1536w, https:\/\/www.radiopiu.net\/wordpress\/wp-content\/uploads\/2021\/04\/4f6a312a-526e-40ab-9451-94b4aefde359-2048x970.jpg 2048w\" sizes=\"auto, (max-width: 2280px) 100vw, 2280px\" \/><\/a><\/p>\n<p>&nbsp;<\/p>\n<hr \/>\n<p>&nbsp;<\/p>\n<p>&nbsp;<\/p>\n<div class=\"page-title-head hgroup\">\n<h1><\/h1>\n<h1 class=\"entry-title\">ESASPERAZIONE IN ACC, TAGLI AGLI STIPENDI DEL 15%, RIDOTTA LA PRODUZIONE<\/h1>\n<blockquote><p><em><strong>Momento drammatico in Acc a Borgo Valbelluna, dopo le comunicazioni di ieri del Commissario Maurizio Castro sono state indette le assemblee per informare lavoratori e lavoratrici e la conferenza stampa che trasmettiamo<\/strong><\/em><\/p><\/blockquote>\n<p><span style=\"color: #ff0000;\">Mauro Zuglian Fim Cisl- Michele Ferraro Uilm- Maurizio Zatta- Massimo Busetti- Nadia De Bastiani, rsu Acc<\/span><\/p>\n<\/div>\n<p><strong>di MORENO GIOLI<\/strong><\/p>\n<div class=\"page-title-head hgroup\">\n<audio class=\"wp-audio-shortcode\" id=\"audio-200841-1\" preload=\"none\" style=\"width: 100%;\" controls=\"controls\"><source type=\"audio\/mpeg\" src=\"https:\/\/www.radiopiu.net\/wordpress\/wp-content\/uploads\/2021\/04\/AAAAA.mp3?_=1\" \/><a href=\"https:\/\/www.radiopiu.net\/wordpress\/wp-content\/uploads\/2021\/04\/AAAAA.mp3\">https:\/\/www.radiopiu.net\/wordpress\/wp-content\/uploads\/2021\/04\/AAAAA.mp3<\/a><\/audio>\n<p><a href=\"https:\/\/www.radiopiu.net\/wordpress\/giornale-radiopiu-03-aprile-2021-direttore-mirko-mezzacasa\/d290d401-d2dd-43c1-8a58-75a5d7fde2f4\/\" rel=\"attachment wp-att-201012\"><img loading=\"lazy\" decoding=\"async\" class=\" wp-image-201012 alignleft\" src=\"https:\/\/www.radiopiu.net\/wordpress\/wp-content\/uploads\/2021\/04\/d290d401-d2dd-43c1-8a58-75a5d7fde2f4-300x138.jpg\" alt=\"\" width=\"289\" height=\"133\" srcset=\"https:\/\/www.radiopiu.net\/wordpress\/wp-content\/uploads\/2021\/04\/d290d401-d2dd-43c1-8a58-75a5d7fde2f4-300x138.jpg 300w, https:\/\/www.radiopiu.net\/wordpress\/wp-content\/uploads\/2021\/04\/d290d401-d2dd-43c1-8a58-75a5d7fde2f4-1024x472.jpg 1024w, https:\/\/www.radiopiu.net\/wordpress\/wp-content\/uploads\/2021\/04\/d290d401-d2dd-43c1-8a58-75a5d7fde2f4-768x354.jpg 768w, https:\/\/www.radiopiu.net\/wordpress\/wp-content\/uploads\/2021\/04\/d290d401-d2dd-43c1-8a58-75a5d7fde2f4-1536x708.jpg 1536w, https:\/\/www.radiopiu.net\/wordpress\/wp-content\/uploads\/2021\/04\/d290d401-d2dd-43c1-8a58-75a5d7fde2f4.jpg 1600w\" sizes=\"auto, (max-width: 289px) 100vw, 289px\" \/><\/a>Attori principali sono gli Istituti di Credito, \u00e8 superficiale inviargli comunicati stampa, le Banche vanno convocate. <strong>Faremo qualche cosa di forte che stiamo organizzando. <\/strong><em>Mi ha fatto specie augurare buona Pasqua, come a Natale quando dicevamo speriamo di trovare i cancelli aperti con il nuovo anno. Siamo nelle stesse condizioni, in una situazione difficile e drammatica, guai a mollare. Ci \u00e8 stato detto di stare tranquilli perch\u00e9 \u00e8 stato fatto un decreto&#8230; ma che decreto e come si fa a stare tranquilli. Nessuno ha mandato notizie pur sapendo che avevamo le assemblee. Nessuno ha inviato comunicati stampa, nemmeno i due Ministri bellunesi.\u00a0 <\/em><strong>Siamo andati avanti in qualche maniera, raffazzonando\u00a0 <\/strong>Voglio proprio vedere cosa diranno i Ministro domani, quelli che dicevano non preoccuparti, che si diano da fare. ItalComp non \u00e8 nata nelle Camere Sindacali, ma voluta dal Governo.\u00a0 <strong>D&#8217;Inc\u00e0 sta facendo una partita in solitaria che non agevola le soluzioni. <\/strong><em>A me proccupa il ritardo da parte del Ministro di dare le deleghe ai Sottosegretari, che rallenta tutti i lavori. Apprezzo l&#8217;attivismo del Ministro D&#8217;Inc\u00e0 ma per una partita cos\u00ec complicata serve un gioco di squadra con gli altri Parlamentari della Provincia che si sono dichiarati disponibili a sostenerci.\u00a0 <\/em><strong>Come si fa a girare la testa dall&#8217;altra parte&#8230; o stiamo diventando scomodi per qualcuno? <\/strong>Siamo commissariati da un anno, da un anno stiamo andando avanti con le nostre forze. Siamo lavoratori non menti brillanti del Ministero. I Ministri come possono pensare che un&#8217;azienda possa andare avanti senza prestiti con le sue gambe, allora non andavamo commissariati, ci stanno prendendo in giro nella maniera pi\u00f9 brutta, prendono in giro il mondo del lavoro e gli operari. I lavoratori sono incazzati ma non hanno nemmeno la voglia di dirlo. Dopo 7 sabati di lavoro straordinario sono in cassa integrazione per ridurre i costi&#8230; e anche il nostro stipendio a noi che non prendiamo certo 10mila euro al mese. Per forza prima o poi scoppia qualche cosa, se eravamo &#8220;sani&#8221; non dovevamo essere commissariati. Se stiamo dando fastidio a qualcuno che ce lo dicano. <strong>Il Mise dov&#8217;\u00e8? Se non si occupa di queste problematiche\u00a0<\/strong><em>Mi vengono in mente ricordi lontani quando Ramella ci aveva detto di non preoccuparci che andava troppo bene, poi \u00e8 arrivato il fallimento. Poi i soldi finiti in Austria, poi i cinesi, poi il Governo. Il piano industriale va definito quando c&#8217;\u00e8 una societ\u00e0 e ancora ItalComp non c&#8217;\u00e8. Siamo all&#8217;esasperazione. Non si fanno annunci sulla pelle dei lavoratori, pretendiamo rispetto. O ci rispondono o andiamo a chiederlo di nuovo.<\/em><\/p>\n<\/div>\n<p>&nbsp;<\/p>\n<p><iframe loading=\"lazy\" title=\"ACC WAMBAOO CONFERENZA STAMPA DIRETTA\" width=\"1200\" height=\"675\" src=\"https:\/\/www.youtube.com\/embed\/pdC4QHQDoDA?feature=oembed\" frameborder=\"0\" allow=\"accelerometer; autoplay; clipboard-write; encrypted-media; gyroscope; picture-in-picture\" allowfullscreen><\/iframe><\/p>\n<p>&nbsp;<\/p>\n<hr \/>\n<p>&nbsp;<\/p>\n<p>&nbsp;<\/p>\n<blockquote class=\"wp-embedded-content\" data-secret=\"rxoUId3WjE\"><p><a href=\"https:\/\/www.radiopiu.net\/wordpress\/aggmar28sassssa\/\">CORONAVIRUS: AGGIORNAMENTO NAZIONALE 02 APRILE  2021<\/a><\/p><\/blockquote>\n<p><iframe loading=\"lazy\" class=\"wp-embedded-content\" sandbox=\"allow-scripts\" security=\"restricted\" style=\"position: absolute; clip: rect(1px, 1px, 1px, 1px);\" title=\"&#8220;CORONAVIRUS: AGGIORNAMENTO NAZIONALE 02 APRILE  2021&#8221; &#8212; Radio Pi\u00f9\" src=\"https:\/\/www.radiopiu.net\/wordpress\/aggmar28sassssa\/embed\/#?secret=rxoUId3WjE\" data-secret=\"rxoUId3WjE\" width=\"600\" height=\"338\" frameborder=\"0\" marginwidth=\"0\" marginheight=\"0\" scrolling=\"no\"><\/iframe><\/p>\n<p>&nbsp;<\/p>\n<blockquote class=\"wp-embedded-content\" data-secret=\"6IhQ8g8ctJ\"><p><a href=\"https:\/\/www.radiopiu.net\/wordpress\/mmnnssseeesss\/\">NONOSTANTE I 1463 NUOVI CASI LE CURVE IN DECLINO: 9 DECESSI,  E 11 PAZIENTI IN MENO IN OSPEDALE<\/a><\/p><\/blockquote>\n<p><iframe loading=\"lazy\" class=\"wp-embedded-content\" sandbox=\"allow-scripts\" security=\"restricted\" style=\"position: absolute; clip: rect(1px, 1px, 1px, 1px);\" title=\"&#8220;NONOSTANTE I 1463 NUOVI CASI LE CURVE IN DECLINO: 9 DECESSI,  E 11 PAZIENTI IN MENO IN OSPEDALE&#8221; &#8212; Radio Pi\u00f9\" src=\"https:\/\/www.radiopiu.net\/wordpress\/mmnnssseeesss\/embed\/#?secret=6IhQ8g8ctJ\" data-secret=\"6IhQ8g8ctJ\" width=\"600\" height=\"338\" frameborder=\"0\" marginwidth=\"0\" marginheight=\"0\" scrolling=\"no\"><\/iframe><\/p>\n<p>&nbsp;<\/p>\n<h3><strong>I GRAFICI DI TIZIANO DE COL\u00a0<\/strong><\/h3>\n\n\t\t\t<style type='text\/css'>\n\t\t\t\t#gallery-2 {\n\t\t\t\t\tmargin: auto;\n\t\t\t\t}\n\t\t\t\t#gallery-2 .gallery-item {\n\t\t\t\t\tfloat: left;\n\t\t\t\t\tmargin-top: 10px;\n\t\t\t\t\ttext-align: center;\n\t\t\t\t\twidth: 20%;\n\t\t\t\t}\n\t\t\t\t#gallery-2 img {\n\t\t\t\t\tborder: 2px solid #cfcfcf;\n\t\t\t\t}\n\t\t\t\t#gallery-2 .gallery-caption {\n\t\t\t\t\tmargin-left: 0;\n\t\t\t\t}\n\t\t\t\t\/* see gallery_shortcode() in wp-includes\/media.php *\/\n\t\t\t<\/style>\n\t\t<div id='gallery-2' class='dt-gallery-container gallery galleryid-200841 gallery-columns-5 gallery-size-thumbnail'><dl class='gallery-item'>\n\t\t\t\t<dt class='gallery-icon landscape'>\n\t\t\t\t\t<a class=\"rollover rollover-zoom dt-pswp-item\" title=\"a5642103-ef1f-4afb-9c0b-fb662c395fce\" data-dt-img-description=\"\" data-large_image_width=\"596\" data-large_image_height=\"353\"href='https:\/\/www.radiopiu.net\/wordpress\/wp-content\/uploads\/2021\/04\/a5642103-ef1f-4afb-9c0b-fb662c395fce.jpg'><img loading=\"lazy\" decoding=\"async\" width=\"150\" height=\"150\" src=\"https:\/\/www.radiopiu.net\/wordpress\/wp-content\/uploads\/2021\/04\/a5642103-ef1f-4afb-9c0b-fb662c395fce-150x150.jpg\" class=\"attachment-thumbnail size-thumbnail\" alt=\"\" \/><\/a>\n\t\t\t\t<\/dt><\/dl><dl class='gallery-item'>\n\t\t\t\t<dt class='gallery-icon landscape'>\n\t\t\t\t\t<a class=\"rollover rollover-zoom dt-pswp-item\" title=\"fc095ed8-8ab6-45f9-b752-7e2cbbae1d9a\" data-dt-img-description=\"\" data-large_image_width=\"606\" data-large_image_height=\"356\"href='https:\/\/www.radiopiu.net\/wordpress\/wp-content\/uploads\/2021\/04\/fc095ed8-8ab6-45f9-b752-7e2cbbae1d9a.jpg'><img loading=\"lazy\" decoding=\"async\" width=\"150\" height=\"150\" src=\"https:\/\/www.radiopiu.net\/wordpress\/wp-content\/uploads\/2021\/04\/fc095ed8-8ab6-45f9-b752-7e2cbbae1d9a-150x150.jpg\" class=\"attachment-thumbnail size-thumbnail\" alt=\"\" \/><\/a>\n\t\t\t\t<\/dt><\/dl><dl class='gallery-item'>\n\t\t\t\t<dt class='gallery-icon landscape'>\n\t\t\t\t\t<a class=\"rollover rollover-zoom dt-pswp-item\" title=\"a6c4a6af-8b81-4fdc-a99f-5a0f0e0c233e\" data-dt-img-description=\"\" data-large_image_width=\"598\" data-large_image_height=\"358\"href='https:\/\/www.radiopiu.net\/wordpress\/wp-content\/uploads\/2021\/04\/a6c4a6af-8b81-4fdc-a99f-5a0f0e0c233e.jpg'><img loading=\"lazy\" decoding=\"async\" width=\"150\" height=\"150\" src=\"https:\/\/www.radiopiu.net\/wordpress\/wp-content\/uploads\/2021\/04\/a6c4a6af-8b81-4fdc-a99f-5a0f0e0c233e-150x150.jpg\" class=\"attachment-thumbnail size-thumbnail\" alt=\"\" \/><\/a>\n\t\t\t\t<\/dt><\/dl><dl class='gallery-item'>\n\t\t\t\t<dt class='gallery-icon landscape'>\n\t\t\t\t\t<a class=\"rollover rollover-zoom dt-pswp-item\" title=\"87a81004-86bc-491d-bac4-e4757f5d7f26\" data-dt-img-description=\"\" data-large_image_width=\"610\" data-large_image_height=\"353\"href='https:\/\/www.radiopiu.net\/wordpress\/wp-content\/uploads\/2021\/04\/87a81004-86bc-491d-bac4-e4757f5d7f26.jpg'><img loading=\"lazy\" decoding=\"async\" width=\"150\" height=\"150\" src=\"https:\/\/www.radiopiu.net\/wordpress\/wp-content\/uploads\/2021\/04\/87a81004-86bc-491d-bac4-e4757f5d7f26-150x150.jpg\" class=\"attachment-thumbnail size-thumbnail\" alt=\"\" \/><\/a>\n\t\t\t\t<\/dt><\/dl><dl class='gallery-item'>\n\t\t\t\t<dt class='gallery-icon landscape'>\n\t\t\t\t\t<a class=\"rollover rollover-zoom dt-pswp-item\" title=\"b46e8d82-98ac-4fab-a656-689c86f7f9c2\" data-dt-img-description=\"\" data-large_image_width=\"610\" data-large_image_height=\"353\"href='https:\/\/www.radiopiu.net\/wordpress\/wp-content\/uploads\/2021\/04\/b46e8d82-98ac-4fab-a656-689c86f7f9c2.jpg'><img loading=\"lazy\" decoding=\"async\" width=\"150\" height=\"150\" src=\"https:\/\/www.radiopiu.net\/wordpress\/wp-content\/uploads\/2021\/04\/b46e8d82-98ac-4fab-a656-689c86f7f9c2-150x150.jpg\" class=\"attachment-thumbnail size-thumbnail\" alt=\"\" \/><\/a>\n\t\t\t\t<\/dt><\/dl><br style=\"clear: both\" \/>\n\t\t\t<\/div>\n\n<p>&nbsp;<\/p>\n<p>&nbsp;<\/p>\n<hr \/>\n<p>&nbsp;<\/p>\n<blockquote>\n<h3>VENETO ARANCIONE DA DOPO PASQUA LO ASSICURA ZAIA SMENTENDO LE VOCI MATTUTINE<\/h3>\n<\/blockquote>\n<blockquote>\n<h2>LEGGI LA CONFERENZA STAMPA DI LUCA ZAIA, aggiornamento in tempo reale<\/h2>\n<p><em>Cominciamo a vedere una timida flessione su alcune curve, ad esempio sulla frequenza dei casi. 54 anni \u00e8 l&#8217;et\u00e0 media dei ricoverati covid negli ospdali del Veneto, prima della vaccinazione era tutta dagli ottanta in su&#8217;<\/em><\/p><\/blockquote>\n<p><strong>AGGIORNAMENTO SITUAZIONE COVID<\/strong> Tendenza non confermata, si vede la luce infondo al tunnel \u00e8 un dato importante alla luce del fatto che cominciamo a vedere una timida flessione su alcune curve, ad esempio sulla frequenza dei casi, le fasce di et\u00e0 pi\u00f9 colpite non sono gli ultra ottantenni ma da 45 a 64 anni, dove abbiamo vaccinato l&#8217;infezione non c&#8217;\u00e8 pi\u00f9. Abbiamo 2328 studenti postivi dai 7 ai 14 anni, in totale ne abbiamo avuti oltre 22 mila. Leggiamo in maniera favorevole il trand non siamo in grado di dire se sar\u00e0 consolidato, abbiamo preso quattro ondate di covid, la terza era quella di dicembre la seconda quella di ottobre. Non abbiamo mai lasciato nessuno a terra e lo diciamo con orgoglio e si \u00e8 vista una sanit\u00e0 che funziona. <strong>VACCINI<\/strong> per domani sono attese 103 mila dosi di AstraZeneca, 38mila Moderna e. abbiamo perso 10mila vaccini (mancate consegne ndr.)<strong>\u00a0IL PORTALE<\/strong> adesso funziona, quando andr\u00e0 a regime\u00a0 tutti andremo alla prenotazione online, soprattutto quando si attiveranno le farmacie. Per ora navigazione a vista con le prenotazioni, per l&#8217;incertezza delle forniture.<strong> GLI OSS<\/strong> (che non sono infermierini che sembra coniata apposta per sminuire ndr.) Formeremo 500 Oss\u00a0 &#8211; ha detto l&#8217;assessore Lanzarin &#8211; con qualifica aggiuntiva con 400 ore, 150 a distanza e 250 in ospedale, non diamo nuove mansioni parificate ma alcune le possono fare. Zaia al proposito ha aggiunto che per fare un&#8217;iniezione non serve una laurea, ora serve personale per\u00a0 le vaccinazioni<\/p>\n<p><strong>IN CHIUSURA GLI AUGURI DEL PRESIDENTE LUCA ZAIA<\/strong><\/p>\n<p><a href=\"https:\/\/www.facebook.com\/zaiaufficiale\/videos\/141864537861561\">https:\/\/www.facebook.com\/zaiaufficiale\/videos\/141864537861561<\/a><\/p>\n<p>&nbsp;<\/p>\n<hr \/>\n<p>&nbsp;<\/p>\n<blockquote>\n<h3>LASCIANDO QUEL LETTO D&#8217;OSPEDALE DOPO I GIORNI DIFFICILI<\/h3>\n<\/blockquote>\n<p><strong>B<img loading=\"lazy\" decoding=\"async\" class=\"alignleft\" src=\"https:\/\/www.radiopiu.net\/wordpress\/wp-content\/uploads\/2021\/04\/167982239_10219083446940117_4173760615247846157_n.jpg\" width=\"144\" height=\"192\" \/>ELLUNO<\/strong> Succede che &#8220;sfrazzando&#8221; tra le pagine facebook ti possa capitare di fermarti su un letto d&#8217;ospedale, di quelli tecnologici con tanti strumenti, cavi, luci, numeri, led. Capisci che \u00e8 una cosa seria. Poi guardi la foto e riconosci chi \u00e8 cresciuto con te, per lunghi tempi condividendo la stessa passione radiofonica. Franco, anche lui l&#8217;ha rischiata grossa, di finire divorato da quello che chiamiamo virus. Sono i primi due brividi che preannunciano una cascata di emozioni e commozione<\/p>\n<blockquote><p><em>Ieri ho lasciato finalmente il letto delle malattie infettive per il Covid 19; hanno spento il monitor e tolto le varie maschere! Sono stati 20 giorni terribili che non auguro a nessuno ma piuttosto che servano da monito per chi \u00e8 ancora scettico ma soprattutto vorrei ringraziare gli O.S.S., il personale infermieristico e i medici per il meraviglioso lavoro che fanno e per l&#8217;umanit\u00e0 che ci mettono anche quando sono costretti a vestirsi e svestirsi pi\u00f9 volte dagli scafandri&#8230;grazie e grazie ai tantissimi (davvero tanti e sinceri) che mi sono stati vicini tutti i giorni difficili&#8230;<\/em><\/p>\n<p><strong>Franco De Poli<\/strong><\/p><\/blockquote>\n<div class=\"rj1gh0hx buofh1pr j83agx80 l9j0dhe7 cbu4d94t ni8dbmo4 stjgntxs\">\n<div class=\"rj1gh0hx buofh1pr l9j0dhe7 j83agx80 cbu4d94t agkhgkm8\">\n<div class=\"rj1gh0hx buofh1pr ni8dbmo4 stjgntxs j83agx80 cbu4d94t\">\n<div class=\"buofh1pr j83agx80 eg9m0zos ni8dbmo4 cbu4d94t gok29vw1\">\n<div class=\"\">\n<div role=\"grid\" aria-label=\"Messaggi\">\n<div class=\"j83agx80 jwdofwj8 pby63qed\" data-testid=\"incoming_group\">\n<div class=\"rj1gh0hx buofh1pr hpfvmrgz\">\n<div role=\"row\">\n<div class=\"\">\n<div class=\"j83agx80 cbu4d94t\">\n<div class=\"j83agx80\">\n<div class=\"jn8vp64t l9j0dhe7 hpfvmrgz\">\n<div class=\"lzcic4wl\" tabindex=\"0\" role=\"gridcell\" data-scope=\"messages_table\" data-recover=\"true\">\n<div class=\"ni8dbmo4 stjgntxs g5ia77u1 ii04i59q\" aria-owns=\"jsc_c_do\" data-testid=\"messenger_incoming_text_row\">\n<div class=\"l60d2q6s d1544ag0 sj5x9vvc tw6a2znq l9j0dhe7 ni8dbmo4 stjgntxs qlfml3jp inkptoze e72ty7fz qmr60zad jm1wdb64 qv66sw1b ljqsnud1 g6srhlxm odn2s2vf\"><\/div>\n<\/div>\n<\/div>\n<\/div>\n<\/div>\n<\/div>\n<\/div>\n<\/div>\n<\/div>\n<\/div>\n<\/div>\n<\/div>\n<\/div>\n<\/div>\n<\/div>\n<\/div>\n<p>&nbsp;<\/p>\n<hr \/>\n<blockquote>\n<h3><\/h3>\n<h3>CUCCIOLO-MARISIGA, LE IDEE DI PAOLO GAMBA E FRANCO ROCCON<\/h3>\n<\/blockquote>\n<p><strong><img loading=\"lazy\" decoding=\"async\" class=\"alignleft\" src=\"https:\/\/www.radiopiu.net\/wordpress\/wp-content\/uploads\/2021\/04\/redim.jpg\" width=\"115\" height=\"127\" \/> <\/strong><\/p>\n<p><strong>\u00a0<\/strong><\/p>\n<p><strong>\u00a0<\/strong><\/p>\n<p><strong>BELLUNO<\/strong><\/p>\n<p><strong>di MORENO GIOLI<\/strong><\/p>\n<audio class=\"wp-audio-shortcode\" id=\"audio-200841-2\" preload=\"none\" style=\"width: 100%;\" controls=\"controls\"><source type=\"audio\/mpeg\" src=\"https:\/\/www.radiopiu.net\/wordpress\/wp-content\/uploads\/2021\/04\/moreno-cucciolo.mp3?_=2\" \/><a href=\"https:\/\/www.radiopiu.net\/wordpress\/wp-content\/uploads\/2021\/04\/moreno-cucciolo.mp3\">https:\/\/www.radiopiu.net\/wordpress\/wp-content\/uploads\/2021\/04\/moreno-cucciolo.mp3<\/a><\/audio>\n<p><strong>PAOLO GAMBA<\/strong><\/p>\n<audio class=\"wp-audio-shortcode\" id=\"audio-200841-3\" preload=\"none\" style=\"width: 100%;\" controls=\"controls\"><source type=\"audio\/mpeg\" src=\"https:\/\/www.radiopiu.net\/wordpress\/wp-content\/uploads\/2021\/04\/gamba.mp3?_=3\" \/><a href=\"https:\/\/www.radiopiu.net\/wordpress\/wp-content\/uploads\/2021\/04\/gamba.mp3\">https:\/\/www.radiopiu.net\/wordpress\/wp-content\/uploads\/2021\/04\/gamba.mp3<\/a><\/audio>\n<p><strong>FRANCO ROCCON<\/strong><\/p>\n<audio class=\"wp-audio-shortcode\" id=\"audio-200841-4\" preload=\"none\" style=\"width: 100%;\" controls=\"controls\"><source type=\"audio\/mpeg\" src=\"https:\/\/www.radiopiu.net\/wordpress\/wp-content\/uploads\/2021\/04\/roccon.mp3?_=4\" \/><a href=\"https:\/\/www.radiopiu.net\/wordpress\/wp-content\/uploads\/2021\/04\/roccon.mp3\">https:\/\/www.radiopiu.net\/wordpress\/wp-content\/uploads\/2021\/04\/roccon.mp3<\/a><\/audio>\n<p>&nbsp;<\/p>\n<p>&nbsp;<\/p>\n<hr \/>\n<h2><span style=\"color: #ff0000;\">\u00a0<\/span><\/h2>\n<h2><span style=\"color: #ff0000;\">L&#8217;OPINIONE<\/span><\/h2>\n<p><strong>di Raffaele Addamiano, consigliere comunale Belluno<\/strong><\/p>\n<p align=\"JUSTIFY\"><b>QUANDO IL PREGIUDIZIO IDEOLOGICO PREVALE SULLA RAGIONE.<\/b><\/p>\n<p align=\"JUSTIFY\">Quando la sera del 31 marzo scorso la Sinistra al governo della nostra bella citt\u00e0 ha respinto l\u2019ordine del giorno di Fratelli d\u2019Italia mirante a sollecitare civilmente il Sindaco di Belluno e la sua Giunta <i>\u201ca porre in essere, secondo le rispettive competenze, ogni pi\u00f9 utile iniziativa politica e amministrativa allo scopo di rendere possibile a breve la ripresa delle lezioni in classe con tutte le cautele igienico-sanitarie necessarie\u201d <\/i>sono rimasto molto deluso e davvero incredulo.<\/p>\n<blockquote>\n<p align=\"JUSTIFY\"><a href=\"https:\/\/www.radiopiu.net\/wordpress\/giornale-radiopiu-03-aprile-2021-direttore-mirko-mezzacasa\/download-1117\/\" rel=\"attachment wp-att-201058\"><img loading=\"lazy\" decoding=\"async\" class=\"size-full wp-image-201058 alignleft\" src=\"https:\/\/www.radiopiu.net\/wordpress\/wp-content\/uploads\/2021\/04\/download.jpg\" alt=\"\" width=\"192\" height=\"262\" \/><\/a>Deluso perch\u00e9 sui temi del diritto allo studio e del diritto alla salute nel tragico tempo della pandemia cinese non ci si dovrebbe dividere e, anzi, si dovrebbe convergere per fare in modo che, a livello locale, a esempio, tutti i 22.994 studenti della Provincia Dolomitica possano tornare presto nelle loro aule scolastiche. La DAD, infatti, \u00e8 stata ed \u00e8 una risorsa importante per ovviare ai gravi problemi sanitari attuali, garantendo nel contempo l\u2019apprendimento, e, tuttavia, essa ha inciso in maniera negativa sulla psiche e sul fisico dei nostri studenti, i quali sono stati, cos\u00ec, privati di una esperienza formativa fondamentale e bellissima come la vita in classe che \u00e8 una delle componenti indefettibili dello studio e dello sviluppo della persona con tutti gli annessi positivi in termini di socialit\u00e0, nonch\u00e8 di scambio, gioco e confronto. La giustificazione addotta dai Consiglieri progressisti per il rigetto del mio accorato scritto \u00e8 stata, in sintesi, che il Comune Capoluogo non ha alcuna competenza in merito e, quindi, essendo esso fuori tema, andava, testualmente, <i>\u201critirato dal proponente\u201d<\/i>. Ma, chiedo, se in una materia cos\u00ec rilevante per la crescita delle nuove generazioni il Comune non prende nelle sedi deputate una posizione ufficiale, dove e, soprattutto, quando deve intervenire??? A ci\u00f2 si aggiunga che a parlare per l\u2019attuale maggioranza di Sinistra \u00e8 stata una Consigliera con delega apposita alla scuola, che tra i contrari vi \u00e8 stato un altro Consigliere, di mestiere medico-pediatra, che pochi giorni fa \u00e8 risultato tra gli oltre 140 firmatari a livello regionale di una petizione a favore della riapertura delle scuole e che, infine, il Primo Cittadino prima ha votato a favore dell\u2019ordine del giorno e poi ha clamorosamente cambiato idea dichiarando la sua astensione e, dunque, distinguendosi comunque in modo netto dai Consiglieri della sua stessa compagine: un vero capolavoro di linearit\u00e0 e di coerenza politica!!! Incredulo poi perch\u00e9 l\u2019esigenza di tornare con tutte le garanzie igieniche alla didattica in presenza \u00e8 avvertita trasversalmente ormai da tutti, siano essi insegnanti, alunni e\/o loro genitori. Prova di ci\u00f2 sono state le pacifiche manifestazioni di protesta tenutesi pochi giorni orsono in 34 citt\u00e0 italiane e replicate a Belluno e Provincia l\u2019ultimo fine settimana. Per inciso, chi scrive di buon grado ha partecipato di persona a una di esse lo scorso sabato e l\u00ec, per\u00f2, non ha visto alcun esponente della maggioranza color rosso. In conclusione, si \u00e8 davvero persa l\u2019altro giorno una occasione per far emergere la Politica sana e autenticamente dedita alle esigenze primarie dei cittadini e si \u00e8 preferito, invece, al di l\u00e0 delle giustificazioni di facciata che hanno dato tanto l\u2019idea di mere arrampicate sugli specchi, la contrapposizione ideologica figlia di pregiudizi antichi della Sinistra. Sinistra faziosa, solo a parole attenta ai giovani, alla cultura e al benessere generale che, in ultima analisi, va bocciata sia a distanza che in presenza.<\/p>\n<\/blockquote>\n<p align=\"JUSTIFY\">\u201c<i><b>Quello che dobbiamo tutelare \u00e8 la salute mentale dei ragazzi.\u201d <\/b><\/i><b>&#8211; A.A., mamma di due figli.<\/b><\/p>\n<p align=\"JUSTIFY\">\u201c<i><b>I miei figli piangono ogni giorno perch\u00e9 gli manca la vita sociale.\u201d <\/b><\/i><b>&#8211; S.D.M., mamma di quattro figli.<\/b><\/p>\n<p align=\"JUSTIFY\">\u201c<i><b>La scuola chiusa \u00e8 un danno al Paese.\u201d<\/b><\/i><b> &#8211; G.D.V., pap\u00e0 di tre figli.<\/b> <i> <\/i><\/p>\n<p>&nbsp;<\/p>\n<p>&nbsp;<\/p>\n<hr \/>\n<p>&nbsp;<\/p>\n<p>&nbsp;<\/p>\n<blockquote>\n<h3>IL CASO DELL&#8217;OSS VACCINATO MA CONTAGIATO, IL DOTTOR RENZO SCAGGIANTE<\/h3>\n<\/blockquote>\n<p><strong><a href=\"https:\/\/www.radiopiu.net\/wordpress\/il-caso-delloss-vaccinato-ma-contagiato-il-dottor-renzo-scaggiante\/attachment\/1517374967026\/\" rel=\"attachment wp-att-200969\"><img loading=\"lazy\" decoding=\"async\" class=\"wp-image-200969 alignleft\" src=\"https:\/\/www.radiopiu.net\/wordpress\/wp-content\/uploads\/2021\/04\/1517374967026.jpg\" alt=\"\" width=\"75\" height=\"75\" srcset=\"https:\/\/www.radiopiu.net\/wordpress\/wp-content\/uploads\/2021\/04\/1517374967026.jpg 200w, https:\/\/www.radiopiu.net\/wordpress\/wp-content\/uploads\/2021\/04\/1517374967026-150x150.jpg 150w\" sizes=\"auto, (max-width: 75px) 100vw, 75px\" \/><\/a>BELLUNO<\/strong> Sul caso dell&#8217;Oss contagiato nonostante il vaccino \u00e8 intervenuto oggi in conferenza stampa il dottor Renzo Scaggiante, direttore del reparto Malattia Infettive di Belluno.<\/p>\n<p>&nbsp;<\/p>\n<p><strong>AUDIO<\/strong><\/p>\n<audio class=\"wp-audio-shortcode\" id=\"audio-200841-5\" preload=\"none\" style=\"width: 100%;\" controls=\"controls\"><source type=\"audio\/mpeg\" src=\"https:\/\/www.radiopiu.net\/wordpress\/wp-content\/uploads\/2021\/04\/scaggia-1.mp3?_=5\" \/><a href=\"https:\/\/www.radiopiu.net\/wordpress\/wp-content\/uploads\/2021\/04\/scaggia-1.mp3\">https:\/\/www.radiopiu.net\/wordpress\/wp-content\/uploads\/2021\/04\/scaggia-1.mp3<\/a><\/audio>\n<p><strong>FUMO, ALCOOL E UNA VITA SREGOLATA COME INFLUISCONO SUL VACCINO<\/strong><\/p>\n<audio class=\"wp-audio-shortcode\" id=\"audio-200841-6\" preload=\"none\" style=\"width: 100%;\" controls=\"controls\"><source type=\"audio\/mpeg\" src=\"https:\/\/www.radiopiu.net\/wordpress\/wp-content\/uploads\/2021\/04\/scaggia2.mp3?_=6\" \/><a href=\"https:\/\/www.radiopiu.net\/wordpress\/wp-content\/uploads\/2021\/04\/scaggia2.mp3\">https:\/\/www.radiopiu.net\/wordpress\/wp-content\/uploads\/2021\/04\/scaggia2.mp3<\/a><\/audio>\n<p><strong>PERCHE&#8217; ALCUNE PERSONE NON POSSONO VACCINARSI?<\/strong><\/p>\n<audio class=\"wp-audio-shortcode\" id=\"audio-200841-7\" preload=\"none\" style=\"width: 100%;\" controls=\"controls\"><source type=\"audio\/mpeg\" src=\"https:\/\/www.radiopiu.net\/wordpress\/wp-content\/uploads\/2021\/04\/scaggia-3.mp3?_=7\" \/><a href=\"https:\/\/www.radiopiu.net\/wordpress\/wp-content\/uploads\/2021\/04\/scaggia-3.mp3\">https:\/\/www.radiopiu.net\/wordpress\/wp-content\/uploads\/2021\/04\/scaggia-3.mp3<\/a><\/audio>\n<p><strong>UNDICI PERSONE TRATTATE CON I MONOCLONALI, QUALI LE LORO CONDIZIONI?<\/strong><\/p>\n<audio class=\"wp-audio-shortcode\" id=\"audio-200841-8\" preload=\"none\" style=\"width: 100%;\" controls=\"controls\"><source type=\"audio\/mpeg\" src=\"https:\/\/www.radiopiu.net\/wordpress\/wp-content\/uploads\/2021\/04\/SCAGGIA-4.mp3?_=8\" \/><a href=\"https:\/\/www.radiopiu.net\/wordpress\/wp-content\/uploads\/2021\/04\/SCAGGIA-4.mp3\">https:\/\/www.radiopiu.net\/wordpress\/wp-content\/uploads\/2021\/04\/SCAGGIA-4.mp3<\/a><\/audio>\n<p>&nbsp;<\/p>\n<hr \/>\n<p>&nbsp;<\/p>\n<blockquote>\n<h3>MONITORAGGIO, CAMPAGNA DI VACCINAZIONE ANTI-COVID 19<\/h3>\n<\/blockquote>\n\n\t\t\t<style type='text\/css'>\n\t\t\t\t#gallery-3 {\n\t\t\t\t\tmargin: auto;\n\t\t\t\t}\n\t\t\t\t#gallery-3 .gallery-item {\n\t\t\t\t\tfloat: left;\n\t\t\t\t\tmargin-top: 10px;\n\t\t\t\t\ttext-align: center;\n\t\t\t\t\twidth: 50%;\n\t\t\t\t}\n\t\t\t\t#gallery-3 img {\n\t\t\t\t\tborder: 2px solid #cfcfcf;\n\t\t\t\t}\n\t\t\t\t#gallery-3 .gallery-caption {\n\t\t\t\t\tmargin-left: 0;\n\t\t\t\t}\n\t\t\t\t\/* see gallery_shortcode() in wp-includes\/media.php *\/\n\t\t\t<\/style>\n\t\t<div id='gallery-3' class='dt-gallery-container gallery galleryid-200841 gallery-columns-2 gallery-size-medium'><dl class='gallery-item'>\n\t\t\t\t<dt class='gallery-icon portrait'>\n\t\t\t\t\t<a class=\"rollover rollover-zoom dt-pswp-item\" title=\"71c67839-ba8e-4040-8e1d-5e042c5bbe9b\" data-dt-img-description=\"\" data-large_image_width=\"1080\" data-large_image_height=\"1539\"href='https:\/\/www.radiopiu.net\/wordpress\/wp-content\/uploads\/2021\/04\/71c67839-ba8e-4040-8e1d-5e042c5bbe9b.jpg'><img loading=\"lazy\" decoding=\"async\" width=\"211\" height=\"300\" src=\"https:\/\/www.radiopiu.net\/wordpress\/wp-content\/uploads\/2021\/04\/71c67839-ba8e-4040-8e1d-5e042c5bbe9b-211x300.jpg\" class=\"attachment-medium size-medium\" alt=\"\" srcset=\"https:\/\/www.radiopiu.net\/wordpress\/wp-content\/uploads\/2021\/04\/71c67839-ba8e-4040-8e1d-5e042c5bbe9b-211x300.jpg 211w, https:\/\/www.radiopiu.net\/wordpress\/wp-content\/uploads\/2021\/04\/71c67839-ba8e-4040-8e1d-5e042c5bbe9b-719x1024.jpg 719w, https:\/\/www.radiopiu.net\/wordpress\/wp-content\/uploads\/2021\/04\/71c67839-ba8e-4040-8e1d-5e042c5bbe9b-768x1094.jpg 768w, https:\/\/www.radiopiu.net\/wordpress\/wp-content\/uploads\/2021\/04\/71c67839-ba8e-4040-8e1d-5e042c5bbe9b-1078x1536.jpg 1078w, https:\/\/www.radiopiu.net\/wordpress\/wp-content\/uploads\/2021\/04\/71c67839-ba8e-4040-8e1d-5e042c5bbe9b.jpg 1080w\" sizes=\"auto, (max-width: 211px) 100vw, 211px\" \/><\/a>\n\t\t\t\t<\/dt><\/dl><dl class='gallery-item'>\n\t\t\t\t<dt class='gallery-icon portrait'>\n\t\t\t\t\t<a class=\"rollover rollover-zoom dt-pswp-item\" title=\"32666110-02d9-4393-91f8-35b907f05d82\" data-dt-img-description=\"\" data-large_image_width=\"1080\" data-large_image_height=\"1539\"href='https:\/\/www.radiopiu.net\/wordpress\/wp-content\/uploads\/2021\/04\/32666110-02d9-4393-91f8-35b907f05d82.jpg'><img loading=\"lazy\" decoding=\"async\" width=\"211\" height=\"300\" src=\"https:\/\/www.radiopiu.net\/wordpress\/wp-content\/uploads\/2021\/04\/32666110-02d9-4393-91f8-35b907f05d82-211x300.jpg\" class=\"attachment-medium size-medium\" alt=\"\" srcset=\"https:\/\/www.radiopiu.net\/wordpress\/wp-content\/uploads\/2021\/04\/32666110-02d9-4393-91f8-35b907f05d82-211x300.jpg 211w, https:\/\/www.radiopiu.net\/wordpress\/wp-content\/uploads\/2021\/04\/32666110-02d9-4393-91f8-35b907f05d82-719x1024.jpg 719w, https:\/\/www.radiopiu.net\/wordpress\/wp-content\/uploads\/2021\/04\/32666110-02d9-4393-91f8-35b907f05d82-768x1094.jpg 768w, https:\/\/www.radiopiu.net\/wordpress\/wp-content\/uploads\/2021\/04\/32666110-02d9-4393-91f8-35b907f05d82-1078x1536.jpg 1078w, https:\/\/www.radiopiu.net\/wordpress\/wp-content\/uploads\/2021\/04\/32666110-02d9-4393-91f8-35b907f05d82.jpg 1080w\" sizes=\"auto, (max-width: 211px) 100vw, 211px\" \/><\/a>\n\t\t\t\t<\/dt><\/dl><br style=\"clear: both\" \/>\n\t\t\t<\/div>\n\n<p>&nbsp;<\/p>\n<hr \/>\n<p>&nbsp;<\/p>\n<blockquote>\n<h3>LUXOTTICA E IL SONDAGGIO PER LA TERZA SETTIMANA DI FERIE.<\/h3>\n<\/blockquote>\n<p><strong>AGORDO<\/strong>\u00a0 Come gi\u00e0 anticipato da ieri\u00a0 sul portale dedicato le maestranze <a href=\"https:\/\/www.radiopiu.net\/wordpress\/giornale-radiopiu-08-settembre-2018-direttore-mirko-mezzacasa\/bez-uil-2\/\" rel=\"attachment wp-att-60016\"><img loading=\"lazy\" decoding=\"async\" class=\"size-medium wp-image-60016 alignleft\" src=\"https:\/\/www.radiopiu.net\/wordpress\/wp-content\/uploads\/2018\/09\/BEZ-UIL-168x300.jpg\" alt=\"\" width=\"168\" height=\"300\" \/><\/a>Luxottica sono chiamate ad un sondaggio orientativo in vista delle prossime ferie estive. Il messaggio di Emilio Bez della Uil.<\/p>\n<blockquote><p><em>&#8220;Al momento non sono coinvolti gli impiegati ma solamente i reparti produttivi. Come chiaramente indicato nella descrizione sul sito aziendale, si tratta per ora di una semplice valutazione di fattibilit\u00e0 poich\u00e9 non vi \u00e8 ancora alcun accordo sulle ferie tra azienda e RSU. Si discuter\u00e0 un accordo ferie solo pi\u00f9 avanti, tenendo conto anche dei risultati del sondaggio. Come chiaramente specificato, la preselezione non costituisce scelta definitiva, riteniamo comunque utile che ognuno esprima la propria preferenza riguardo le ferie per avere un quadro abbastanza realistico della situazione. In questa pre-selezione la scelta tra le varie opzioni disponibili per la terza settimana di ferie \u00e8 individuale e assolutamente libera: nessuno da parte aziendale o sindacale ha titolo di influenzare la scelta del lavoratore. La scelta pu\u00f2 essere effettuata o modificata entro il giorno 11 aprile&#8221;<\/em><\/p><\/blockquote>\n<p>&nbsp;<\/p>\n<p>&nbsp;<\/p>\n<p>&nbsp;<\/p>\n<hr \/>\n<h3><strong><span style=\"color: #ff0000;\">RIVAMONTE 1<\/span><\/strong><\/h3>\n<blockquote>\n<h3>ESTINGUERE I MUTUI CHE GRAVITANO SUL BILANCIO CON I SOLDI DEGLI ESBOSCHI<\/h3>\n<\/blockquote>\n<p><strong><img loading=\"lazy\" decoding=\"async\" class=\"alignleft\" src=\"https:\/\/www.radiopiu.net\/wordpress\/wp-content\/uploads\/2020\/07\/8038a4b3-30ed-46ee-a427-3ae608b7fc5e.jpg\" width=\"225\" height=\"127\" \/>RIVAMONTE\u00a0<\/strong><\/p>\n<p><strong>DI GIANNI SANTOMASO<\/strong><\/p>\n<p>foto archivio.<\/p>\n<audio class=\"wp-audio-shortcode\" id=\"audio-200841-9\" preload=\"none\" style=\"width: 100%;\" controls=\"controls\"><source type=\"audio\/mpeg\" src=\"https:\/\/www.radiopiu.net\/wordpress\/wp-content\/uploads\/2021\/04\/GIANNI-ESBOSCHI.mp3?_=9\" \/><a href=\"https:\/\/www.radiopiu.net\/wordpress\/wp-content\/uploads\/2021\/04\/GIANNI-ESBOSCHI.mp3\">https:\/\/www.radiopiu.net\/wordpress\/wp-content\/uploads\/2021\/04\/GIANNI-ESBOSCHI.mp3<\/a><\/audio>\n<p>&nbsp;<\/p>\n<p><strong>IN CONSIGLIO COMUNALE L&#8217;INTERVENTO DEL SINDACO\u00a0 NINO DEON SUI MUTUI DA ESTINGUERE<\/strong><\/p>\n<audio class=\"wp-audio-shortcode\" id=\"audio-200841-10\" preload=\"none\" style=\"width: 100%;\" controls=\"controls\"><source type=\"audio\/mpeg\" src=\"https:\/\/www.radiopiu.net\/wordpress\/wp-content\/uploads\/2021\/04\/GIANNI-ESBOSCHI.mp3?_=10\" \/><a href=\"https:\/\/www.radiopiu.net\/wordpress\/wp-content\/uploads\/2021\/04\/GIANNI-ESBOSCHI.mp3\">https:\/\/www.radiopiu.net\/wordpress\/wp-content\/uploads\/2021\/04\/GIANNI-ESBOSCHI.mp3<\/a><\/audio>\n<p>&nbsp;<\/p>\n<p><strong>PROGETTO ILLUMINAZIONE PUBBLICA, DAL CONSIGLIO COMUNALE<\/strong><\/p>\n<audio class=\"wp-audio-shortcode\" id=\"audio-200841-11\" preload=\"none\" style=\"width: 100%;\" controls=\"controls\"><source type=\"audio\/mpeg\" src=\"https:\/\/www.radiopiu.net\/wordpress\/wp-content\/uploads\/2021\/04\/RIVA-ILLUMINAZIONE.mp3?_=11\" \/><a href=\"https:\/\/www.radiopiu.net\/wordpress\/wp-content\/uploads\/2021\/04\/RIVA-ILLUMINAZIONE.mp3\">https:\/\/www.radiopiu.net\/wordpress\/wp-content\/uploads\/2021\/04\/RIVA-ILLUMINAZIONE.mp3<\/a><\/audio>\n<p>&nbsp;<\/p>\n<p>&nbsp;<\/p>\n<hr \/>\n<p>&nbsp;<\/p>\n<h3><strong><span style=\"color: #ff0000;\">RIVAMONTE 2<\/span><\/strong><\/h3>\n<blockquote>\n<h2>FONTANA DEI TOS DA TERMINARE MENTRE A CONEDERA LA STRADA STRADA ASFALTATA PER LA SECONDA CASA<\/h2>\n<\/blockquote>\n<p><strong><a href=\"https:\/\/www.radiopiu.net\/wordpress\/programma2asaas\/2f3fbad6-fa3f-4eb1-8ea7-f167aa431b85\/\" rel=\"attachment wp-att-200970\"><img loading=\"lazy\" decoding=\"async\" class=\"size-medium wp-image-200970 alignleft\" src=\"https:\/\/www.radiopiu.net\/wordpress\/wp-content\/uploads\/2021\/04\/2f3fbad6-fa3f-4eb1-8ea7-f167aa431b85-145x300.jpg\" alt=\"\" width=\"145\" height=\"300\" srcset=\"https:\/\/www.radiopiu.net\/wordpress\/wp-content\/uploads\/2021\/04\/2f3fbad6-fa3f-4eb1-8ea7-f167aa431b85-145x300.jpg 145w, https:\/\/www.radiopiu.net\/wordpress\/wp-content\/uploads\/2021\/04\/2f3fbad6-fa3f-4eb1-8ea7-f167aa431b85-495x1024.jpg 495w, https:\/\/www.radiopiu.net\/wordpress\/wp-content\/uploads\/2021\/04\/2f3fbad6-fa3f-4eb1-8ea7-f167aa431b85-768x1588.jpg 768w, https:\/\/www.radiopiu.net\/wordpress\/wp-content\/uploads\/2021\/04\/2f3fbad6-fa3f-4eb1-8ea7-f167aa431b85-743x1536.jpg 743w, https:\/\/www.radiopiu.net\/wordpress\/wp-content\/uploads\/2021\/04\/2f3fbad6-fa3f-4eb1-8ea7-f167aa431b85.jpg 774w\" sizes=\"auto, (max-width: 145px) 100vw, 145px\" \/><\/a>RIVAMONTE<\/strong><\/p>\n<p><strong>DI GIANNI SANTOMASO<\/strong><\/p>\n<audio class=\"wp-audio-shortcode\" id=\"audio-200841-12\" preload=\"none\" style=\"width: 100%;\" controls=\"controls\"><source type=\"audio\/mpeg\" src=\"https:\/\/www.radiopiu.net\/wordpress\/wp-content\/uploads\/2021\/04\/FONTANA-DEI-TOS.mp3?_=12\" \/><a href=\"https:\/\/www.radiopiu.net\/wordpress\/wp-content\/uploads\/2021\/04\/FONTANA-DEI-TOS.mp3\">https:\/\/www.radiopiu.net\/wordpress\/wp-content\/uploads\/2021\/04\/FONTANA-DEI-TOS.mp3<\/a><\/audio>\n<p>&nbsp;<\/p>\n<p><strong>DAL CONSIGLIO COMUNALE IL SINDACO NINO DEON SULLA FONTANA DI TOS<\/strong><\/p>\n<audio class=\"wp-audio-shortcode\" id=\"audio-200841-13\" preload=\"none\" style=\"width: 100%;\" controls=\"controls\"><source type=\"audio\/mpeg\" src=\"https:\/\/www.radiopiu.net\/wordpress\/wp-content\/uploads\/2021\/04\/RIVA-FONTANA-TOS.mp3?_=13\" \/><a href=\"https:\/\/www.radiopiu.net\/wordpress\/wp-content\/uploads\/2021\/04\/RIVA-FONTANA-TOS.mp3\">https:\/\/www.radiopiu.net\/wordpress\/wp-content\/uploads\/2021\/04\/RIVA-FONTANA-TOS.mp3<\/a><\/audio>\n<p>&nbsp;<\/p>\n<p><strong>E SULLA STRADA DI CONEDERA<\/strong><\/p>\n<audio class=\"wp-audio-shortcode\" id=\"audio-200841-14\" preload=\"none\" style=\"width: 100%;\" controls=\"controls\"><source type=\"audio\/mpeg\" src=\"https:\/\/www.radiopiu.net\/wordpress\/wp-content\/uploads\/2021\/04\/RIVA-CONEDERA.mp3?_=14\" \/><a href=\"https:\/\/www.radiopiu.net\/wordpress\/wp-content\/uploads\/2021\/04\/RIVA-CONEDERA.mp3\">https:\/\/www.radiopiu.net\/wordpress\/wp-content\/uploads\/2021\/04\/RIVA-CONEDERA.mp3<\/a><\/audio>\n<p>&nbsp;<\/p>\n<p>&nbsp;<\/p>\n<p>&nbsp;<\/p>\n<hr \/>\n<h3><\/h3>\n<p><strong>LA CURIOSITA&#8217;<\/strong> Il Presidente nazionale dei Borghi pi\u00f9 belli d&#8217;Italia Fiorello Primi,\u00a0 sul Gruppo dei Sindaci ha riportato il sondaggio preferenziale che premia Sottoguda, al terzo posto<\/p>\n<p><a href=\"https:\/\/www.radiopiu.net\/wordpress\/giornale-radiopiu-03-aprile-2021-direttore-mirko-mezzacasa\/898b1d29-7a3b-40c7-91ee-1ecb8b5f74f8\/\" rel=\"attachment wp-att-201091\"><img loading=\"lazy\" decoding=\"async\" class=\"alignnone wp-image-201091 size-medium\" src=\"https:\/\/www.radiopiu.net\/wordpress\/wp-content\/uploads\/2021\/04\/898b1d29-7a3b-40c7-91ee-1ecb8b5f74f8-142x300.jpg\" alt=\"\" width=\"142\" height=\"300\" srcset=\"https:\/\/www.radiopiu.net\/wordpress\/wp-content\/uploads\/2021\/04\/898b1d29-7a3b-40c7-91ee-1ecb8b5f74f8-142x300.jpg 142w, https:\/\/www.radiopiu.net\/wordpress\/wp-content\/uploads\/2021\/04\/898b1d29-7a3b-40c7-91ee-1ecb8b5f74f8-484x1024.jpg 484w, https:\/\/www.radiopiu.net\/wordpress\/wp-content\/uploads\/2021\/04\/898b1d29-7a3b-40c7-91ee-1ecb8b5f74f8-727x1536.jpg 727w, https:\/\/www.radiopiu.net\/wordpress\/wp-content\/uploads\/2021\/04\/898b1d29-7a3b-40c7-91ee-1ecb8b5f74f8.jpg 757w\" sizes=\"auto, (max-width: 142px) 100vw, 142px\" \/><\/a><a href=\"https:\/\/www.radiopiu.net\/wordpress\/giornale-radiopiu-11-luglio-2018-direttore-mirko-mezzacasa\/sottoguda-2\/\" rel=\"attachment wp-att-53633\"><img loading=\"lazy\" decoding=\"async\" class=\"alignnone size-medium wp-image-53633\" src=\"https:\/\/www.radiopiu.net\/wordpress\/wp-content\/uploads\/2018\/07\/Sottoguda-300x200.jpg\" alt=\"\" width=\"300\" height=\"200\" srcset=\"https:\/\/www.radiopiu.net\/wordpress\/wp-content\/uploads\/2018\/07\/Sottoguda-300x200.jpg 300w, https:\/\/www.radiopiu.net\/wordpress\/wp-content\/uploads\/2018\/07\/Sottoguda-768x512.jpg 768w, https:\/\/www.radiopiu.net\/wordpress\/wp-content\/uploads\/2018\/07\/Sottoguda-1024x683.jpg 1024w\" sizes=\"auto, (max-width: 300px) 100vw, 300px\" \/><\/a><\/p>\n<p>&nbsp;<\/p>\n<p>&nbsp;<\/p>\n<hr \/>\n<blockquote>\n<h3>DISSESTO IDROGEOLOGICO. 3 MILIONI DI EURO DI INTERVENTI TRA SEGHE DI VILLA E BRIBANET<\/h3>\n<\/blockquote>\n<p><strong>VENEZIA<\/strong> Sopralluogo dell\u2019assessore Bottacin sul torrente Cordevole nel tratto compreso tra Seghe di Villa e Bribanet per seguire i lavori, ora in fase operativa, delle opere che l\u2019ufficio regionale del Genio Civile sta mettendo in campo per la mitigazione del rischio idraulico e idrogeologico. L\u2019intervento prevede la realizzazione di opere di difesa idraulica in quattro siti diversi lungo il corso del torrente Cordevole che si sviluppa tra Seghe di Villa e Bribanet. La tecnica del jet-grouting consiste nella formazione di pali mediante iniezione di miscela cementizia ad alta pressione, particolarmente adatta per il consolidamento di terreni sciolti. Secondo quanto previsto dal cronoprogramma, condizioni metereologiche e imprevisti permettendo, i lavori dovrebbero essere ultimati entro il prossimo autunno.<\/p>\n\n\t\t\t<style type='text\/css'>\n\t\t\t\t#gallery-4 {\n\t\t\t\t\tmargin: auto;\n\t\t\t\t}\n\t\t\t\t#gallery-4 .gallery-item {\n\t\t\t\t\tfloat: left;\n\t\t\t\t\tmargin-top: 10px;\n\t\t\t\t\ttext-align: center;\n\t\t\t\t\twidth: 50%;\n\t\t\t\t}\n\t\t\t\t#gallery-4 img {\n\t\t\t\t\tborder: 2px solid #cfcfcf;\n\t\t\t\t}\n\t\t\t\t#gallery-4 .gallery-caption {\n\t\t\t\t\tmargin-left: 0;\n\t\t\t\t}\n\t\t\t\t\/* see gallery_shortcode() in wp-includes\/media.php *\/\n\t\t\t<\/style>\n\t\t<div id='gallery-4' class='dt-gallery-container gallery galleryid-200841 gallery-columns-2 gallery-size-medium'><dl class='gallery-item'>\n\t\t\t\t<dt class='gallery-icon landscape'>\n\t\t\t\t\t<a class=\"rollover rollover-zoom dt-pswp-item\" title=\"7ada634b-3dc0-45a3-ac2a-1ba4b945a21d\" data-dt-img-description=\"\" data-large_image_width=\"2048\" data-large_image_height=\"1478\"href='https:\/\/www.radiopiu.net\/wordpress\/wp-content\/uploads\/2021\/04\/7ada634b-3dc0-45a3-ac2a-1ba4b945a21d.jpg'><img loading=\"lazy\" decoding=\"async\" width=\"300\" height=\"217\" src=\"https:\/\/www.radiopiu.net\/wordpress\/wp-content\/uploads\/2021\/04\/7ada634b-3dc0-45a3-ac2a-1ba4b945a21d-300x217.jpg\" class=\"attachment-medium size-medium\" alt=\"\" srcset=\"https:\/\/www.radiopiu.net\/wordpress\/wp-content\/uploads\/2021\/04\/7ada634b-3dc0-45a3-ac2a-1ba4b945a21d-300x217.jpg 300w, https:\/\/www.radiopiu.net\/wordpress\/wp-content\/uploads\/2021\/04\/7ada634b-3dc0-45a3-ac2a-1ba4b945a21d-1024x739.jpg 1024w, https:\/\/www.radiopiu.net\/wordpress\/wp-content\/uploads\/2021\/04\/7ada634b-3dc0-45a3-ac2a-1ba4b945a21d-768x554.jpg 768w, https:\/\/www.radiopiu.net\/wordpress\/wp-content\/uploads\/2021\/04\/7ada634b-3dc0-45a3-ac2a-1ba4b945a21d-1536x1109.jpg 1536w, https:\/\/www.radiopiu.net\/wordpress\/wp-content\/uploads\/2021\/04\/7ada634b-3dc0-45a3-ac2a-1ba4b945a21d.jpg 2048w\" sizes=\"auto, (max-width: 300px) 100vw, 300px\" \/><\/a>\n\t\t\t\t<\/dt><\/dl><dl class='gallery-item'>\n\t\t\t\t<dt class='gallery-icon landscape'>\n\t\t\t\t\t<a class=\"rollover rollover-zoom dt-pswp-item\" title=\"9b1e2e46-1160-4abe-9804-904a7ba46fc7\" data-dt-img-description=\"\" data-large_image_width=\"1600\" data-large_image_height=\"903\"href='https:\/\/www.radiopiu.net\/wordpress\/wp-content\/uploads\/2021\/04\/9b1e2e46-1160-4abe-9804-904a7ba46fc7.jpg'><img loading=\"lazy\" decoding=\"async\" width=\"300\" height=\"169\" src=\"https:\/\/www.radiopiu.net\/wordpress\/wp-content\/uploads\/2021\/04\/9b1e2e46-1160-4abe-9804-904a7ba46fc7-300x169.jpg\" class=\"attachment-medium size-medium\" alt=\"\" srcset=\"https:\/\/www.radiopiu.net\/wordpress\/wp-content\/uploads\/2021\/04\/9b1e2e46-1160-4abe-9804-904a7ba46fc7-300x169.jpg 300w, https:\/\/www.radiopiu.net\/wordpress\/wp-content\/uploads\/2021\/04\/9b1e2e46-1160-4abe-9804-904a7ba46fc7-1024x578.jpg 1024w, https:\/\/www.radiopiu.net\/wordpress\/wp-content\/uploads\/2021\/04\/9b1e2e46-1160-4abe-9804-904a7ba46fc7-768x433.jpg 768w, https:\/\/www.radiopiu.net\/wordpress\/wp-content\/uploads\/2021\/04\/9b1e2e46-1160-4abe-9804-904a7ba46fc7-1536x867.jpg 1536w, https:\/\/www.radiopiu.net\/wordpress\/wp-content\/uploads\/2021\/04\/9b1e2e46-1160-4abe-9804-904a7ba46fc7.jpg 1600w\" sizes=\"auto, (max-width: 300px) 100vw, 300px\" \/><\/a>\n\t\t\t\t<\/dt><\/dl><br style=\"clear: both\" \/>\n\t\t\t<\/div>\n\n<p><strong>L&#8217;ASSESSORE REGIONALE GIANPAOLO BOTTACIN<\/strong><\/p>\n<audio class=\"wp-audio-shortcode\" id=\"audio-200841-15\" preload=\"none\" style=\"width: 100%;\" controls=\"controls\"><source type=\"audio\/mpeg\" src=\"https:\/\/www.radiopiu.net\/wordpress\/wp-content\/uploads\/2021\/04\/BOTTACIN-CORDEVOLE.mp3?_=15\" \/><a href=\"https:\/\/www.radiopiu.net\/wordpress\/wp-content\/uploads\/2021\/04\/BOTTACIN-CORDEVOLE.mp3\">https:\/\/www.radiopiu.net\/wordpress\/wp-content\/uploads\/2021\/04\/BOTTACIN-CORDEVOLE.mp3<\/a><\/audio>\n<p>&nbsp;<\/p>\n<hr \/>\n<p>&nbsp;<\/p>\n<p>&nbsp;<\/p>\n<blockquote>\n<h3>RIPRESI I LAVORI A VILLAGA, CANTIERE DI MESSA IN SICUREZZA DELL&#8217;ABITATO<\/h3>\n<\/blockquote>\n<p><strong>FELTRE\u00a0<\/strong> Sono ripresi i lavori di messa in sicurezza a Villaga. Una vasta operazione progettata dalla Provincia di Belluno, per porre fine agli annosi problemi di natura idrogeologica. Sei gli interventi complessivamente in programma, per un investimento da circa 1 milione di euro. Nelle ultime settimane il cantiere \u00e8 ripreso dopo la pausa invernale. E dopo Pasqua proseguir\u00e0 a ritmo serrato. &#8220;<em>Il cronoprogramma prevede di completare i lavori entro l\u2019autunno, intanto per il primo attraversamento con i moduli scatolari \u00e8 questione di qualche settiman<\/em>a&#8221; spiega il consigliere provinciale delegato alla difesa del suolo, Massimo Bortoluzzi. Sul tema l&#8217;assessore feltrino Adis Zatta <em>&#8220;L&#8217;intervento a salvaguardia dell\u2019abitato di Villaga \u00e8 senza dubbio uno dei pi\u00f9 importanti e pi\u00f9 urgenti tra quelli di mitigazione del rischio idrogeologico previsti nel nostro territorio&#8221;<\/em><\/p>\n\n\t\t\t<style type='text\/css'>\n\t\t\t\t#gallery-5 {\n\t\t\t\t\tmargin: auto;\n\t\t\t\t}\n\t\t\t\t#gallery-5 .gallery-item {\n\t\t\t\t\tfloat: left;\n\t\t\t\t\tmargin-top: 10px;\n\t\t\t\t\ttext-align: center;\n\t\t\t\t\twidth: 33%;\n\t\t\t\t}\n\t\t\t\t#gallery-5 img {\n\t\t\t\t\tborder: 2px solid #cfcfcf;\n\t\t\t\t}\n\t\t\t\t#gallery-5 .gallery-caption {\n\t\t\t\t\tmargin-left: 0;\n\t\t\t\t}\n\t\t\t\t\/* see gallery_shortcode() in wp-includes\/media.php *\/\n\t\t\t<\/style>\n\t\t<div id='gallery-5' class='dt-gallery-container gallery galleryid-200841 gallery-columns-3 gallery-size-thumbnail'><dl class='gallery-item'>\n\t\t\t\t<dt class='gallery-icon landscape'>\n\t\t\t\t\t<a class=\"rollover rollover-zoom dt-pswp-item\" title=\"Via Villaga ottobre 2014\" data-dt-img-description=\"\" data-large_image_width=\"1280\" data-large_image_height=\"969\"href='https:\/\/www.radiopiu.net\/wordpress\/wp-content\/uploads\/2021\/04\/Via-Villaga-ottobre-2014.jpg'><img loading=\"lazy\" decoding=\"async\" width=\"150\" height=\"150\" src=\"https:\/\/www.radiopiu.net\/wordpress\/wp-content\/uploads\/2021\/04\/Via-Villaga-ottobre-2014-150x150.jpg\" class=\"attachment-thumbnail size-thumbnail\" alt=\"\" \/><\/a>\n\t\t\t\t<\/dt><\/dl><dl class='gallery-item'>\n\t\t\t\t<dt class='gallery-icon landscape'>\n\t\t\t\t\t<a class=\"rollover rollover-zoom dt-pswp-item\" title=\"Villaga 2\" data-dt-img-description=\"\" data-large_image_width=\"1076\" data-large_image_height=\"787\"href='https:\/\/www.radiopiu.net\/wordpress\/wp-content\/uploads\/2021\/04\/Villaga-2.jpeg'><img loading=\"lazy\" decoding=\"async\" width=\"150\" height=\"150\" src=\"https:\/\/www.radiopiu.net\/wordpress\/wp-content\/uploads\/2021\/04\/Villaga-2-150x150.jpeg\" class=\"attachment-thumbnail size-thumbnail\" alt=\"\" \/><\/a>\n\t\t\t\t<\/dt><\/dl><dl class='gallery-item'>\n\t\t\t\t<dt class='gallery-icon landscape'>\n\t\t\t\t\t<a class=\"rollover rollover-zoom dt-pswp-item\" title=\"Villaga 1\" data-dt-img-description=\"\" data-large_image_width=\"1073\" data-large_image_height=\"804\"href='https:\/\/www.radiopiu.net\/wordpress\/wp-content\/uploads\/2021\/04\/Villaga-1.jpeg'><img loading=\"lazy\" decoding=\"async\" width=\"150\" height=\"150\" src=\"https:\/\/www.radiopiu.net\/wordpress\/wp-content\/uploads\/2021\/04\/Villaga-1-150x150.jpeg\" class=\"attachment-thumbnail size-thumbnail\" alt=\"\" \/><\/a>\n\t\t\t\t<\/dt><\/dl><br style=\"clear: both\" \/>\n\t\t\t<\/div>\n\n<p><em>\u00a0<\/em><\/p>\n<hr \/>\n<p><em>\u200b\u00a0<\/em><\/p>\n<blockquote>\n<h3>IL CAPOLAVORO DI RENATO, L&#8217;UOMO DEI POP DELLA CAMPREGANA<\/h3>\n<\/blockquote>\n<p><strong><a href=\"https:\/\/www.radiopiu.net\/wordpress\/il-capolavoro-di-renato-luomo-dei-pop-della-campregana\/978d676f-3742-482d-8811-7bf433ddaa75\/\" rel=\"attachment wp-att-201045\"><img loading=\"lazy\" decoding=\"async\" class=\" wp-image-201045 alignleft\" src=\"https:\/\/www.radiopiu.net\/wordpress\/wp-content\/uploads\/2021\/04\/978d676f-3742-482d-8811-7bf433ddaa75-169x300.jpg\" alt=\"\" width=\"145\" height=\"257\" srcset=\"https:\/\/www.radiopiu.net\/wordpress\/wp-content\/uploads\/2021\/04\/978d676f-3742-482d-8811-7bf433ddaa75-169x300.jpg 169w, https:\/\/www.radiopiu.net\/wordpress\/wp-content\/uploads\/2021\/04\/978d676f-3742-482d-8811-7bf433ddaa75-576x1024.jpg 576w, https:\/\/www.radiopiu.net\/wordpress\/wp-content\/uploads\/2021\/04\/978d676f-3742-482d-8811-7bf433ddaa75-768x1365.jpg 768w, https:\/\/www.radiopiu.net\/wordpress\/wp-content\/uploads\/2021\/04\/978d676f-3742-482d-8811-7bf433ddaa75-864x1536.jpg 864w, https:\/\/www.radiopiu.net\/wordpress\/wp-content\/uploads\/2021\/04\/978d676f-3742-482d-8811-7bf433ddaa75.jpg 1125w\" sizes=\"auto, (max-width: 145px) 100vw, 145px\" \/><\/a>AGORDO<\/strong> Il capolavoro di Renato Bien alla Cooperativa Agricola Agordina, nel museo della Cooperativa di Toccol. Renato \u00e8 l&#8217;uomo dei pop, \u00e8 stata sua l&#8217;idea anni fa nel ricordo di Tita Zasso di creare il percorso dei pop lungo la Campregana visto ogni anno da centinaia di persone. Anche quest&#8217;anno purtroppo San Vincenzo la Sagra del Fanciullo \u00e8 annientata dal covid. Lunedi alle 10 ci sar\u00e0 la messa del fanciullo (in diretta sui canali di Radio Pi\u00f9 Fm e social). Tornando al capolavoro lo presentiamo con lo stesso Renato e il sindaco di Agordo (presidente della cooperativa agricola Agordino) Roberto Chissal\u00e8<\/p>\n<blockquote>\n<h2><strong>VIDEO PIATTAFORMA FACEBOOK<\/strong><\/h2>\n<\/blockquote>\n<p>https:\/\/www.facebook.com\/Mirkomezziano\/videos\/2933572270258873<\/p>\n<p>\u200b<\/p>\n<p>&nbsp;<\/p>\n<hr \/>\n<blockquote>\n<h3><\/h3>\n<h3>NORME PER CHI RIENTRA DALL\u2019ESTERO: TAMPONE E QUARANTENA OBBLIGATORI<\/h3>\n<\/blockquote>\n<p><strong><a href=\"https:\/\/www.radiopiu.net\/wordpress\/giornale-radiopiu-03-aprile-2021-direttore-mirko-mezzacasa\/valigia\/\" rel=\"attachment wp-att-200911\"><img loading=\"lazy\" decoding=\"async\" class=\"size-medium wp-image-200911 alignleft\" src=\"https:\/\/www.radiopiu.net\/wordpress\/wp-content\/uploads\/2021\/04\/VALIGIA-300x200.jpg\" alt=\"\" width=\"300\" height=\"200\" srcset=\"https:\/\/www.radiopiu.net\/wordpress\/wp-content\/uploads\/2021\/04\/VALIGIA-300x200.jpg 300w, https:\/\/www.radiopiu.net\/wordpress\/wp-content\/uploads\/2021\/04\/VALIGIA-1024x683.jpg 1024w, https:\/\/www.radiopiu.net\/wordpress\/wp-content\/uploads\/2021\/04\/VALIGIA-768x512.jpg 768w, https:\/\/www.radiopiu.net\/wordpress\/wp-content\/uploads\/2021\/04\/VALIGIA-1536x1024.jpg 1536w, https:\/\/www.radiopiu.net\/wordpress\/wp-content\/uploads\/2021\/04\/VALIGIA.jpg 1920w\" sizes=\"auto, (max-width: 300px) 100vw, 300px\" \/><\/a>VENEZIA <\/strong>Il Ministero della Salute ha emanato una Ordinanza e i cittadini che soggiorneranno all&#8217;estero dovranno, entro 48 ore prima dell\u2019arrivo in Italia, effettuare un tampone nel Paese in cui hanno soggiornato. A prescindere dall\u2019esito del test, devono preoccuparsi di comunicare il proprio rientro in Italia al Dipartimento di Prevenzione della Ulss di riferimento. Chi non \u00e8 riuscito a sottoporsi al tampone entro le 48 ore prima dell\u2019ingresso in Italia, dovr\u00e0 eseguirlo presso un punto di ingresso in Italia o presso un punto tamponi della Ulss di riferimento. Chi sar\u00e0 rientrato in Italia da un Paese estero, dovr\u00e0 anche sottoporsi alla sorveglianza sanitaria e rimanere cinque giorni in quarantena, dopodich\u00e9 dovr\u00e0 eseguire un altro tampone molecolare o antigenico. Queste indicazioni saranno valide fino al 6 aprile. Le Aziende Ulss dovranno pubblicare sul proprio sito aziendale le sedi dove sar\u00e0 possibile eseguire i test insieme alla fascia oraria per coloro che, con autocertificazione, faranno rientro in Italia.<\/p>\n<p>&nbsp;<\/p>\n<p>&nbsp;<\/p>\n<hr \/>\n<p>&nbsp;<\/p>\n<blockquote>\n<h3>VACCINAZIONI A PONTE NELLE ALPI IL 6 E 7 APRILE: CONVOCATE 600 PERSONE TRA 70 E 79 ANNI<\/h3>\n<p><em><span class=\"s1\">La chiamata coinvolge circa 600 persone e riguarda esclusivamente i pazienti dei medici di medicina generale di Ponte nelle Alpi:\u00a0 Margherita De Marchi, Fulvio De Pasqual, Camilla Lorenzato, Valentina Mares e Lisa Scapol.\u00a0<\/span><\/em><\/p><\/blockquote>\n<p><span class=\"s1\"><strong><a href=\"https:\/\/www.radiopiu.net\/wordpress\/vaccinazioni-a-ponte-nelle-alpi-il-6-e-7-aprile-convocate-600-persone-tra-70-e-79-anni\/vaccino_anti_covid\/\" rel=\"attachment wp-att-200891\"><img loading=\"lazy\" decoding=\"async\" class=\"size-medium wp-image-200891 alignleft\" src=\"https:\/\/www.radiopiu.net\/wordpress\/wp-content\/uploads\/2021\/04\/Vaccino_anti_Covid-300x167.jpg\" alt=\"\" width=\"300\" height=\"167\" srcset=\"https:\/\/www.radiopiu.net\/wordpress\/wp-content\/uploads\/2021\/04\/Vaccino_anti_Covid-300x167.jpg 300w, https:\/\/www.radiopiu.net\/wordpress\/wp-content\/uploads\/2021\/04\/Vaccino_anti_Covid-768x428.jpg 768w, https:\/\/www.radiopiu.net\/wordpress\/wp-content\/uploads\/2021\/04\/Vaccino_anti_Covid.jpg 943w\" sizes=\"auto, (max-width: 300px) 100vw, 300px\" \/><\/a>PONTE NELLE ALPI <\/strong>Due giorni dedicati ai vaccini, a Ponte nelle Alpi: marted\u00ec 6 e mercoled\u00ec 7 aprile, la palestra della scuola primaria \u201cArrigo Boito\u201d apre le porte alle persone tra i 70 e i 79 anni, orientate a sottoporsi alla vaccinazione anti-Covid. \u00ab<em>Nei giorni scorsi &#8211; afferma la dottoressa Margherita De Marchi, referente per il gruppo di medici di Ponte nelle Alpi &#8211; con i colleghi abbiamo identificato tra i nostri pazienti, nella fascia di et\u00e0 70-79, i soggetti che possono vaccinarsi col vaccino AstraZeneca e quelli che necessitano, per patologie o terapie assunte, di un\u2019altra tipologia di vaccino. Questi ultimi sono gi\u00e0 stati avvertiti al telefono dai Servizi Sociali e verranno contattati successivamente per la vaccinazione<\/em>\u00bb. Per quanto riguarda, invece, i soggetti che possono accedere alla vaccinazione il 6 e 7 aprile, gli operatori dei Servizi Sociali hanno gi\u00e0 iniziato la consegna di una busta, che verr\u00e0 inserita nella buca delle lettere di ogni paziente candidato alla vaccinazione con AstraZeneca.<\/span><span class=\"s1\">\u00a0<\/span><\/p>\n<p>&nbsp;<\/p>\n<p>&nbsp;<\/p>\n<hr \/>\n<p>&nbsp;<\/p>\n<blockquote>\n<h3>BOND (FI): AGROALIMENTARE STREMATO, \u00a0DALLA PARTE DEI RISTORATORI PER CHIEDERE AL GOVERNO RISPOSTE ADEGUATE<\/h3>\n<\/blockquote>\n<p><a href=\"https:\/\/www.radiopiu.net\/wordpress\/giornale-radiopiu-20-maggio-2020-direttore-mirko-mezzacasa\/dario-bond-11\/\" rel=\"attachment wp-att-138833\"><img loading=\"lazy\" decoding=\"async\" class=\" wp-image-138833 alignleft\" src=\"https:\/\/www.radiopiu.net\/wordpress\/wp-content\/uploads\/2020\/05\/Dario-Bond.jpg\" alt=\"\" width=\"121\" height=\"167\" \/><\/a><strong>ROMA <\/strong>\u201c<em>Bologna, Firenze, Bari e ovunque in Italia stanno crescendo le proteste dei ristoratori. Sono stremati, sentono di non avere pi\u00f9 nulla da perdere. Dopo l\u2019ennesima catastrofe delle chiusure di Pasqua che ha fatto andare in fumo quasi 2 miliardi di euro, oltre ai danni registrati da Coldiretti di oltre un milione di tonnellate di cibo buttato via, il Governo non pu\u00f2 ancora continuare a fingere che non esistano. Se i contagi stanno gradualmente scendendo, a tal punto da ridefinire i colori delle regioni, perch\u00e9 sul lato ristorazione resta tutto fermo? Questo \u00e8 stato un anno nero per i commercianti, eppure le tasse continuano ad esserci. Marted\u00ec a Roma ci sar\u00e0 una nuova protesta. Io sono dalla parte dei ristoratori, il Governo deve dare risposte pi\u00f9 adeguate<\/em>\u201d. Cos\u00ec in una nota il deputato di Forza Italia, Dario Bond.<\/p>\n<p>&nbsp;<\/p>\n<p>&nbsp;<\/p>\n<hr \/>\n<p>&nbsp;<\/p>\n<blockquote>\n<h3>MOZIONE PER LA RICOSTRUZIONE DEL CORPO FORESTALE<\/h3>\n<\/blockquote>\n<p><strong><a href=\"https:\/\/www.radiopiu.net\/wordpress\/giornale-radiopiu-19-maggio-2018-direttore-mirko-mezzacasa\/logo_fratelliditalia-300x300\/\" rel=\"attachment wp-att-48677\"><img loading=\"lazy\" decoding=\"async\" class=\" wp-image-48677 alignleft\" src=\"https:\/\/www.radiopiu.net\/wordpress\/wp-content\/uploads\/2018\/05\/logo_fratelliditalia-300x300.png\" alt=\"\" width=\"144\" height=\"144\" srcset=\"https:\/\/www.radiopiu.net\/wordpress\/wp-content\/uploads\/2018\/05\/logo_fratelliditalia-300x300.png 300w, https:\/\/www.radiopiu.net\/wordpress\/wp-content\/uploads\/2018\/05\/logo_fratelliditalia-300x300-150x150.png 150w\" sizes=\"auto, (max-width: 144px) 100vw, 144px\" \/><\/a>VENEZIA<\/strong> Sostenere la necessita\u0300 di ricostituire un Corpo di polizia forestale e ambientale dello Stato: questa l&#8217;impegno chiesto alla Giunta della Regione del Veneto dalla mozione presentata dal gruppo consiliare di Fratelli d&#8217;Italia, primo firmatario il senatore e coordinatore regionale FdI Luca De Carlo. A spiegare le motivazioni della richiesta, e\u0300 il capogruppo Raffaele Speranzon: <em>\u201cLa varieta\u0300 e ricchezza ambientale del Veneto meritano e necessitano una tutela competente e specializzata che\u00a0il Corpo Forestale dello Stato e che questo venga quindi ricostituito\u201d.<\/em><\/p>\n<p>&nbsp;<\/p>\n<p>&nbsp;<\/p>\n<hr \/>\n<p>&nbsp;<\/p>\n<p>&nbsp;<\/p>\n<blockquote>\n<h3>PARTITO DEMOCRATICO: FINALMENTE L&#8217;ACCORDO ANAS-VENETO STRADE<\/h3>\n<\/blockquote>\n<p><strong>VENEZIA <\/strong>Il capogruppo del Partito Democratico in Consiglio regionale Giacomo Possamai interviene sul piano \u2018Rientro Strade\u2019 che prevede, tra l\u2019altro, la riorganizzazione e riclassificazione di circa 700 chilometri di strade ex provinciali e regionali che passeranno in capo ad Anas, in quanto entrer\u00e0 nell\u2019azionariato di Veneto Strade con la maggioranza del 51%.\u00a0 <em>\u201cL&#8217;augurio \u00e8 che, come garantito dalla Vicepresidente De Berti, l&#8217;accordo porti davvero risorse e investimenti sul territorio per migliorare la rete viaria, ma non possiamo non sottolineare che si tratta di un caso di federalismo al contrario, un\u2019operazione in retromarcia. A conferma che l\u2019autonomia \u00e8 giusto chiederla scegliendo bene le materie perch\u00e9 poi dobbiamo essere in grado di gestirle\u201d. <\/em>Per il Pd\u00a0\u00e8 importante definire con chiarezza la governance di Veneto Strade, che non pu\u00f2 portare ad un allontanamento dal territorio delle scelte sugli investimenti: occorre che la \u2018testa\u2019 sia qui, non a Roma, altrimenti buona parte dei vantaggi di questa operazione rischiano di svanire.<\/p>\n<p>&nbsp;<\/p>\n<hr \/>\n<p>&nbsp;<\/p>\n<blockquote>\n<h3 class=\"p1\"><span class=\"s1\">FONDO WELFARE A FIANCO DELLE DONNE VITTIME DI VIOLENZA<\/span><\/h3>\n<p><span class=\"s1\"><em>per sostenere questa iniziativa conto corrente IBAN: IT61 T033 5901 6001 0000 0162 717<\/em>.<\/span><\/p><\/blockquote>\n<p class=\"p1\"><span class=\"s1\"><strong><a href=\"https:\/\/www.radiopiu.net\/wordpress\/giornata-internazionale-contro-la-violenza-sulle-donne-appello-di-fratelli-ditalia-veneto-per-iniziative-in-ogni-comune\/violenza-donne-2\/\" rel=\"attachment wp-att-174279\"><img loading=\"lazy\" decoding=\"async\" class=\"size-medium wp-image-174279 alignleft\" src=\"https:\/\/www.radiopiu.net\/wordpress\/wp-content\/uploads\/2020\/11\/VIOLENZA-DONNE-300x245.jpg\" alt=\"\" width=\"300\" height=\"245\" srcset=\"https:\/\/www.radiopiu.net\/wordpress\/wp-content\/uploads\/2020\/11\/VIOLENZA-DONNE-300x245.jpg 300w, https:\/\/www.radiopiu.net\/wordpress\/wp-content\/uploads\/2020\/11\/VIOLENZA-DONNE-1024x835.jpg 1024w, https:\/\/www.radiopiu.net\/wordpress\/wp-content\/uploads\/2020\/11\/VIOLENZA-DONNE-768x626.jpg 768w, https:\/\/www.radiopiu.net\/wordpress\/wp-content\/uploads\/2020\/11\/VIOLENZA-DONNE-1536x1252.jpg 1536w, https:\/\/www.radiopiu.net\/wordpress\/wp-content\/uploads\/2020\/11\/VIOLENZA-DONNE.jpg 1920w\" sizes=\"auto, (max-width: 300px) 100vw, 300px\" \/><\/a>BELLUNO<\/strong> Continua l\u2019alleanza tra Prefettura e alberghi, a sostegno delle donne vittime di violenza. Grazie al Fondo Welfare, che nel 2019 aveva promosso il progetto dell\u2019accoglienza con l\u2019obiettivo di garantire un alloggio temporaneo a tutte le donne costrette a lasciare in via emergenziale il loro domicilio.\u00a0 <\/span><span class=\"s1\">Il progetto era nato con la creazione di una procedura che permetteva alle vittime di violenza, nella necessit\u00e0 di una prima collocazione, di essere accolte dagli alberghi che avessero dato disponibilit\u00e0. Ne era nata una lista di strutture aperte h24, a disposizione delle forze dell\u2019ordine. \u00ab<em>Per i primi anni, il progetto ha avuto come soggetto operativo il Fondo di solidariet\u00e0 del Comitato d\u2019Intesa, che ha comunicato di aver terminato la sperimentazione dell\u2019iniziativa, dimostratasi uno strumento utile e purtroppo necessario, in particolare durante l\u2019ultimo anno pandemico. A questo punto, subentra il Fondo Welfare &#8211; spiega la presidente del Fondo, Francesca De Biasi -. Avremo il compito di saldare le fatture degli alberghi che ospitano le vittime di violenza&#8221;.\u00a0<\/em><\/span><\/p>\n<p>&nbsp;<\/p>\n<p>&nbsp;<\/p>\n<hr \/>\n<p>&nbsp;<\/p>\n<blockquote>\n<h3>VENERDI&#8217; IL CONSIGLIO COMUNALE A CENCENIGHE<\/h3>\n<\/blockquote>\n<p><strong>CENCENIGHE<\/strong> Il sindaco di Cencenighe Mauro Soppelsa ha convocato i consiglieri comunali per venerd\u00ec alle 20:30. Presso la sede del Municipio si discuteranno 11 punti all&#8217;ordine del giorno tra cui l&#8217;approvazione del DUP, l&#8217;imposta IMU per il 2021, una variante al PAT, la disciplina silvo-pastorale e due variazioni di salvaguardia a Chenet e Villagrande.<\/p>\n<p>&nbsp;<\/p>\n<p>&nbsp;<\/p>\n<hr \/>\n<p>&nbsp;<\/p>\n<blockquote>\n<h3>IL COMUNE DI LIVINALLONGO IN AIUTO DEGLI ANZIANI, MA NON SOLO, PER PRENOTARE IL VACCINO ONLINE<\/h3>\n<\/blockquote>\n<p><strong><a href=\"https:\/\/www.radiopiu.net\/wordpress\/il-comune-di-livinallongo-in-aiuto-degli-anziani-ma-non-solo-per-prenotare-il-vaccino-online\/d28bcc05-87da-42e9-b918-62aeb5dab1ef\/\" rel=\"attachment wp-att-200631\"><img loading=\"lazy\" decoding=\"async\" class=\" wp-image-200631 alignleft\" src=\"https:\/\/www.radiopiu.net\/wordpress\/wp-content\/uploads\/2021\/04\/d28bcc05-87da-42e9-b918-62aeb5dab1ef-224x300.jpg\" alt=\"\" width=\"127\" height=\"170\" srcset=\"https:\/\/www.radiopiu.net\/wordpress\/wp-content\/uploads\/2021\/04\/d28bcc05-87da-42e9-b918-62aeb5dab1ef-224x300.jpg 224w, https:\/\/www.radiopiu.net\/wordpress\/wp-content\/uploads\/2021\/04\/d28bcc05-87da-42e9-b918-62aeb5dab1ef.jpg 766w\" sizes=\"auto, (max-width: 127px) 100vw, 127px\" \/><\/a> <\/strong><\/p>\n<p><strong>\u00a0<\/strong><\/p>\n<p><strong>\u00a0<\/strong><\/p>\n<p><strong>LIVINALLONGO<\/strong> In occasione dell&#8217;apertura del portale regionale per la prenotazione online del vaccino, il comune di Livinallongo, al fine di aiutare le persone che non dispongono di dispositivi tecnologici per la navigazione in internet o non abbiano le capacit\u00e0 per usarli, ha messo a disposizione un punto prenotazione presso il municipio. Per informazioni 0436 7193 (Interno 1).<\/p>\n<p>&nbsp;<\/p>\n<p>&nbsp;<\/p>\n<hr \/>\n<p>&nbsp;<\/p>\n<p><em><a href=\"https:\/\/www.radiopiu.net\/wordpress\/giornale-radio-piu-22-11-direttore-mirko-mezzacasa\/bandi-e-concorsi\/\" rel=\"attachment wp-att-25479\"><img loading=\"lazy\" decoding=\"async\" class=\"wp-image-25479 alignleft\" src=\"https:\/\/www.radiopiu.net\/wordpress\/wp-content\/uploads\/2016\/11\/bandi-e-concorsi.jpg\" alt=\"\" width=\"139\" height=\"132\" \/><\/a>E\u2019 stato pubblicato\u00a0 sul sito www.aulss1.veneto.it \u2013 sezione bandi- un avviso per il conferimento urgente dei seguenti incarichi provvisori di medico di assistenza primaria \u00a0un incarico provvisorio di medico di assistenza primaria presso il Comune di Cortina D\u2019ampezzo; \u00a0un incarico provvisorio di medico di assistenza primaria presso il Comune di Borgo Valbelluna \u2013 loc. Mel;\u00a0&#8211; un incarico provvisorio di medico di assistenza primaria presso il Comune di Lamon;\u00a0&#8211; un incarico provvisorio di medico di assistenza primaria presso i Comuni di Santa Giustina\/Cesiomaggiore. Per ulteriori informazioni gli interessati potranno rivolgersi alla Direzione Amministrativa Territoriale di Belluno (tel. 0437\/516968-6752).<\/em><\/p>\n<p>&nbsp;<\/p>\n<p>&nbsp;<\/p>\n<hr \/>\n<p>&nbsp;<\/p>\n<blockquote>\n<h3>TRASPORTO PUBBLICO FERMO A PASQUA E PASQUETTA<\/h3>\n<\/blockquote>\n<p><strong><a href=\"https:\/\/www.radiopiu.net\/wordpress\/cade-con-la-mountain-bike-e-si-ferisce-al-collo\/80c303ed-9a2e-49f0-8b20-3dd5e061bbf3\/\" rel=\"attachment wp-att-145520\"><img loading=\"lazy\" decoding=\"async\" class=\" wp-image-145520 alignleft\" src=\"https:\/\/www.radiopiu.net\/wordpress\/wp-content\/uploads\/2020\/06\/80c303ed-9a2e-49f0-8b20-3dd5e061bbf3-300x225.jpg\" alt=\"\" width=\"259\" height=\"194\" srcset=\"https:\/\/www.radiopiu.net\/wordpress\/wp-content\/uploads\/2020\/06\/80c303ed-9a2e-49f0-8b20-3dd5e061bbf3-300x225.jpg 300w, https:\/\/www.radiopiu.net\/wordpress\/wp-content\/uploads\/2020\/06\/80c303ed-9a2e-49f0-8b20-3dd5e061bbf3-1024x768.jpg 1024w, https:\/\/www.radiopiu.net\/wordpress\/wp-content\/uploads\/2020\/06\/80c303ed-9a2e-49f0-8b20-3dd5e061bbf3-768x576.jpg 768w, https:\/\/www.radiopiu.net\/wordpress\/wp-content\/uploads\/2020\/06\/80c303ed-9a2e-49f0-8b20-3dd5e061bbf3.jpg 1280w\" sizes=\"auto, (max-width: 259px) 100vw, 259px\" \/><\/a>BELLUNO<\/strong><span class=\"s1\"> Provincia e Dolomitibus hanno deciso di sospendere il trasporto pubblico nei giorni di domenica 4 e luned\u00ec 5 aprile. I servizi urbano ed extraurbano riprenderanno da marted\u00ec 6 aprile, con l\u2019orario ridotto, privo delle corse scolastiche, mentre il ritorno all\u2019orario normale \u00e8 in programma per l\u201911 aprile, nel caso in cui venga dato il via libera alla riapertura delle scuole. <\/span><span class=\"s1\">Le linee del trasporto pubblico saranno cos\u00ec modulate nei prossimi giorni: <\/span><span class=\"s1\">1-2-3 e 6 aprile: orario senza le corse scolastiche e senza le navette per i laboratori (come d\u2019abitudine nei giorni di vacanza scolastica); <\/span><span class=\"s1\">4-5 aprile: servizio fermo.<\/span><\/p>\n<p>&nbsp;<\/p>\n<p>&nbsp;<\/p>\n<hr \/>\n<p>&nbsp;<\/p>\n<blockquote>\n<h3>AL VIA IL NUOVO CORSO FORMATIVO SULL\u2019AMMINISTRAZIONE DI SOSTEGNO<\/h3>\n<\/blockquote>\n<p><strong>BELLUNO <\/strong>Un nuovo corso online di formazione sull\u2019amministrazione di sostegno. Si tratta di un aggiornamento per\u00a0 gli amministratori e i responsabili dei servizi sociosanitari e degli operatori. Approfondimento, operativit\u00e0 concreta e criticit\u00e0 proposte: questi i temi che si andranno ad affrontare in sessione pomeridiana (dalle 14.30 alle 18.30) per quattro venerd\u00ec. S\u2019inizia il 9 aprile con il modulo giuridico-procedurale per proseguire il 16 (modulo giuridico-esperienziale -progetto di cura), il 23 (modulo sociale\u00a0 e socio sanitario) e il 30 (modulo operativo e psicologico). Il corso \u00e8 proposto da Comitato d\u2019Intesa di Belluno con la collaborazione di Csv Belluno Treviso, Tribunale di Belluno, Ulss 1 Dolomiti, Conferenza dei sindaci di Belluno e Feltre, Ordine professionale degli assistenti sociali.<\/p>\n<p>&nbsp;<\/p>\n<p>&nbsp;<\/p>\n<hr \/>\n<p>&nbsp;<\/p>\n<blockquote>\n<h3>LAVORI IN VIA VILLAGA DI FELTRE<\/h3>\n<\/blockquote>\n<p><strong>FELTRE<\/strong> Il sindaco di Feltre Paolo Perenzin ha firmato un&#8217;ordinanza di chiusura di via Villaga e via Barucce dal 6 al 30 aprile. Divieto di transito per tutti i veicoli, cicli e motocicli tutti i giorni, sabato domenica e festivi compresi, per lavori di messa in sicurezza dell&#8217;abitato di Villaga mediante la realizzazione di un canale di scarico.<\/p>\n<p>&nbsp;<\/p>\n<p>&nbsp;<\/p>\n<hr \/>\n<p>&nbsp;<\/p>\n<blockquote>\n<h3>IL COMUNE DI FELTRE APRE IL BANDO ALLA RICERCA DI 3 FIGURE DA INSERIRE IN COMUNE<\/h3>\n<\/blockquote>\n<p><strong><a href=\"https:\/\/www.radiopiu.net\/wordpress\/omaggi-a-feltre-dallalto\/94e3b68b-d386-4f94-8aa8-30105c25932b\/\" rel=\"attachment wp-att-145789\"><img loading=\"lazy\" decoding=\"async\" class=\"size-medium wp-image-145789 alignleft\" src=\"https:\/\/www.radiopiu.net\/wordpress\/wp-content\/uploads\/2020\/06\/94e3b68b-d386-4f94-8aa8-30105c25932b-300x225.jpg\" alt=\"\" width=\"300\" height=\"225\" srcset=\"https:\/\/www.radiopiu.net\/wordpress\/wp-content\/uploads\/2020\/06\/94e3b68b-d386-4f94-8aa8-30105c25932b-300x225.jpg 300w, https:\/\/www.radiopiu.net\/wordpress\/wp-content\/uploads\/2020\/06\/94e3b68b-d386-4f94-8aa8-30105c25932b-768x576.jpg 768w, https:\/\/www.radiopiu.net\/wordpress\/wp-content\/uploads\/2020\/06\/94e3b68b-d386-4f94-8aa8-30105c25932b.jpg 960w\" sizes=\"auto, (max-width: 300px) 100vw, 300px\" \/><\/a>FELTRE<\/strong>\u00a0 <strong>Concorso pubblico,<\/strong> per soli esami, per l&#8217;assunzione a tempo indeterminato e pieno di un Istruttore area informatica presso l\u2019Unita\u0300 Organizzativa Sistema Informativo del settore economico finanziario del Comune di Feltre,\u00a0 scadenza\u00a0 presentazione domande entro le 12 del 17 maggio 2021. <strong>Concorso pubblico<\/strong>, per soli esami per l&#8217;assunzione a tempo indeterminato e pieno di 2 Istruttori Amministrativi categoria di accesso C \u2013 presso l\u2019U.O. Cultura\/Politiche Giovanili\/Istruzione\/Servizi all&#8217;Infanzia del settore affari generali ed istituzionali del Comune di Feltre, scadenza presentazione delle domande entro le 12 del 20 maggio 2021. <em>Le modalita\u0300&#8217; di partecipazione, i requisiti ed il fac-simile della domanda di partecipazione sono disponibili presso l\u2019ufficio del personale dell&#8217;Unione Montana Feltrina.<\/em><\/p>\n<p>&nbsp;<\/p>\n<hr \/>\n<p>&nbsp;<\/p>\n<blockquote>\n<h3>SINERGIA UNIONE MONTANA-OTTICA POLZOTTO, BONUS PER I DIPENDENTI DEL CENTRO SERVIZIO SOCIO-ASSISTENZIALI<\/h3>\n<\/blockquote>\n<p><strong><a href=\"https:\/\/www.radiopiu.net\/wordpress\/sabrina-dai-pra-piera-occhiali-durante-il-coronavirus\/occhiali\/\" rel=\"attachment wp-att-134150\"><img loading=\"lazy\" decoding=\"async\" class=\" wp-image-134150 alignleft\" src=\"https:\/\/www.radiopiu.net\/wordpress\/wp-content\/uploads\/2020\/04\/OCCHIALI-300x200.jpg\" alt=\"\" width=\"204\" height=\"136\" srcset=\"https:\/\/www.radiopiu.net\/wordpress\/wp-content\/uploads\/2020\/04\/OCCHIALI-300x200.jpg 300w, https:\/\/www.radiopiu.net\/wordpress\/wp-content\/uploads\/2020\/04\/OCCHIALI-1024x683.jpg 1024w, https:\/\/www.radiopiu.net\/wordpress\/wp-content\/uploads\/2020\/04\/OCCHIALI-768x512.jpg 768w, https:\/\/www.radiopiu.net\/wordpress\/wp-content\/uploads\/2020\/04\/OCCHIALI-1536x1024.jpg 1536w, https:\/\/www.radiopiu.net\/wordpress\/wp-content\/uploads\/2020\/04\/OCCHIALI.jpg 1920w\" sizes=\"auto, (max-width: 204px) 100vw, 204px\" \/><\/a>ALPAGO<\/strong>\u00a0 L\u2019Ottica Polzotto di Bastia vuole far sentire la vicinanza del territorio a tutto il personale del Centro servizi socio-assistenziali dell\u2019Alpago che nel corso del 2020 \u00e8 stato duramente messo alla prova. Prima con l\u2019esperienza del Covid e poi con l\u2019allagamento della casa di riposo di Puos, avvenuto a inizio dicembre, comportando l\u2019evacuazione e il trasferimento degli anziani in altre strutture. Da tre mesi, parte del personale tra cui infermieri, operatori socio-sanitari, fisioterapista ed educatore si recano quotidianamente a Pieve di Cadore per assistere gli anziani l\u00ec ospitati, cercando di farli sentire a casa loro, e garantendo il sostegno necessario per sopportare la lontananza dai loro familiari per le limitazioni dovute al Covid 19. \u00a0In questi giorni si \u00e8 creata una sinergia importante tra l\u2019Unione montana Alpago e l\u2019Ottica Polzotto, \u00a0storica attivit\u00e0 locale, nota in tutta la provincia e non solo. E subito dopo Pasqua si concretizzer\u00e0 l\u2019iniziativa promossa dai due partner, che prevede l\u2019attivazione di una convenzione per tutto il personale del Centro servizi socio-assistenziali dell&#8217;Alpago. Ci sar\u00e0 la possibilit\u00e0 di acquistare, presso l\u2019Ottica Polzotto, qualsiasi occhiale da sole con una scontistica del 50% dal prezzo di listino ufficiale. L\u2019offerta sar\u00e0 valida fino al 30 giugno. Inoltre, sull\u2019acquisto dell\u2019occhiale da sole, verr\u00e0 offerto un buono da 50 euro da spendere entro il 30 settembre.<\/p>\n<p>&nbsp;<\/p>\n<hr \/>\n<p>\u200b\u200b<\/p>\n<p>&nbsp;<\/p>\n<blockquote><p><a href=\"https:\/\/www.radiopiu.net\/wordpress\/giornale-radiopiu-11-febbraio-2021-direttore-mirko-mezzacasa\/polizia-7\/\" rel=\"attachment wp-att-190303\"><img loading=\"lazy\" decoding=\"async\" class=\" wp-image-190303\" src=\"https:\/\/www.radiopiu.net\/wordpress\/wp-content\/uploads\/2021\/02\/Polizia-300x200.jpeg\" alt=\"\" width=\"167\" height=\"111\" srcset=\"https:\/\/www.radiopiu.net\/wordpress\/wp-content\/uploads\/2021\/02\/Polizia-300x200.jpeg 300w, https:\/\/www.radiopiu.net\/wordpress\/wp-content\/uploads\/2021\/02\/Polizia-1024x682.jpeg 1024w, https:\/\/www.radiopiu.net\/wordpress\/wp-content\/uploads\/2021\/02\/Polizia-768x512.jpeg 768w, https:\/\/www.radiopiu.net\/wordpress\/wp-content\/uploads\/2021\/02\/Polizia-1536x1023.jpeg 1536w, https:\/\/www.radiopiu.net\/wordpress\/wp-content\/uploads\/2021\/02\/Polizia.jpeg 1600w\" sizes=\"auto, (max-width: 167px) 100vw, 167px\" \/><\/a><\/p>\n<h3>CERCASI 130 COMMISSARI DI CARRIERA NELLA POLIZIA DI STATO<\/h3>\n<\/blockquote>\n<p>La domanda di partecipazione al concorso per titoli ed esami deve essere trasmessa entro i prossimi 30 giorni usufruendo di moduli disponibili sul portale della polizia di Stato.<\/p>\n<p>&nbsp;<\/p>\n<p>&nbsp;<\/p>\n<hr \/>\n<blockquote>\n<h3>LA GUARDIA DI FINANZA APRE IL CONCORSO PER 66 ALLIEVI UFFICIALI E 10 TENENTI<\/h3>\n<\/blockquote>\n<p><strong><a href=\"https:\/\/www.radiopiu.net\/wordpress\/vendono-una-centrale-idroelettrica-eludendo-il-fisco\/guardia-di-finanza-auto_full1\/\" rel=\"attachment wp-att-5016\"><img loading=\"lazy\" decoding=\"async\" class=\" wp-image-5016 alignleft\" src=\"https:\/\/www.radiopiu.net\/wordpress\/wp-content\/uploads\/2015\/05\/guardia-di-finanza-auto_full1-300x224.jpg\" alt=\"\" width=\"130\" height=\"97\" \/><\/a>BELLUNO<\/strong> La Guardia di Finanza \u00e8 alla ricerca di allievi ufficiali. \u00c8 partito in questi giorni il concorso pubblico, per titoli ed esami, per l&#8217;ammissione di 66 allievi ufficiali del ruolo normale, comparto ordinario e aeronavale, all&#8217;Accademia della Guardia di Finanza per l&#8217;anno accademico 2021-2022. I candidati devono aver compiuto i 17 anni di et\u00e0 alla data del 1 gennaio 2021, devono essere in possesso di un diploma di istruzione secondaria di secondo grado che consenta l&#8217;iscrizione a corsi di laurea o che lo conseguano nell&#8217;anno scolastico 2020\/21. La domanda di partecipazione al concorso dovr\u00e0 essere compilata tramite procedura telematica all&#8217;indirizzo concorsi.gdf.gov.it e dovr\u00e0 essere effettuata entro le 12 del 8 aprile 2021. Per altre informazioni sul concorso basta accedere al sito del concorso.<\/p>\n<blockquote><p>Sempre la Guardia di Finanza sta reclutando 3 allievi finanzieri del contingente ordinario, selezione riservata al coniuge e ai figli superstiti, nonch\u00e8 ai fratelli o alle sorelle del personale delle Forze di Polizia, deceduto o reso pemanentemente invalido per causa di servizio.<\/p><\/blockquote>\n<p>&nbsp;<\/p>\n<p>&nbsp;<\/p>\n<hr \/>\n<p>&nbsp;<\/p>\n<blockquote>\n<h3>GLI ALPINI DI ALLEGHE APRONO UN CONTO CORRENTE PER AIUTARE GUERRINO BELLENZIER<\/h3>\n<\/blockquote>\n<p><strong><a href=\"https:\/\/www.radiopiu.net\/wordpress\/gli-alpini-di-alleghe-aprono-un-conto-corrente-per-aiutare-guerrino-bellenzier\/alpini-alleghe\/\" rel=\"attachment wp-att-198175\"><img loading=\"lazy\" decoding=\"async\" class=\"size-medium wp-image-198175 alignleft\" src=\"https:\/\/www.radiopiu.net\/wordpress\/wp-content\/uploads\/2021\/03\/ALPINI-ALLEGHE-300x138.png\" alt=\"\" width=\"300\" height=\"138\" srcset=\"https:\/\/www.radiopiu.net\/wordpress\/wp-content\/uploads\/2021\/03\/ALPINI-ALLEGHE-300x138.png 300w, https:\/\/www.radiopiu.net\/wordpress\/wp-content\/uploads\/2021\/03\/ALPINI-ALLEGHE-768x353.png 768w, https:\/\/www.radiopiu.net\/wordpress\/wp-content\/uploads\/2021\/03\/ALPINI-ALLEGHE.png 778w\" sizes=\"auto, (max-width: 300px) 100vw, 300px\" \/><\/a>ALLEGHE<\/strong> Nella notte del 12 marzo. l&#8217;abitazione di Guerrino Bellenzier (piu conosciuto come Tobia) \u00e8 stata interessata da un incendio che ha causate notevoli danni alla struttura della casa. Tobia e persona da sempre presente e disponibile per la comunit\u00e0 Alleghese nella quale ha ricoperto le cariche di consigliere ed assessore comunale. E&#8217; stato anche consigliere e capogruppo degli Alpini di Alleghe, nonch\u00e8 fondatore, insieme a Siro De Biasio, del Coro Alpino &#8220;Monte Civetta&#8221;. Attualmente e ancora attivissimo vice capogruppo ed e per questo motive che i suoi amici alpini hanno ritenuto di attivarsi ed essere vicini a Tobia, aprendo presso Cortinabanca &#8211; sede di Alleghe &#8211; un conto corrente sul quale raccogliere contributi per quanti volessero aderire a questa iniziativa. Le coordinate bancarie del conto intestate a Gruppo Ana Alleghe sottoscrizione per &#8220;&#8221;Tobia&#8221;&#8221; danni da incendio sono le seguenti:&#8221; IT 21 C 08511 61001 000000041707 L&#8217;attuale Capogruppo Cristian De Toni, anche a nome di tutto ii Consiglio del Gruppo ANA Alleghe, ringrazia quanti vorranno condividere l&#8217;iniziativa.<\/p>\n<p>&nbsp;<\/p>\n<p>&nbsp;<\/p>\n<hr \/>\n<p>&nbsp;<\/p>\n<p>&nbsp;<\/p>\n<blockquote>\n<h3>PASQUA A RADIO PIU&#8217; CON PROFESSIONISTI E VOLTI NOTI DELLO SPETTACOLO<\/h3>\n<\/blockquote>\n<p><strong><img loading=\"lazy\" decoding=\"async\" class=\"alignleft\" src=\"https:\/\/www.radiopiu.net\/wordpress\/wp-content\/uploads\/2021\/04\/168042605_10225871325036652_7154848334114713150_n.jpg\" width=\"122\" height=\"217\" \/><\/strong><\/p>\n<p>&nbsp;<\/p>\n<p>&nbsp;<\/p>\n<p>&nbsp;<\/p>\n<p>&nbsp;<\/p>\n<p><strong>TAIBON<\/strong> Pomeriggio con Claudio Lallo, Cristian Ciccio, Jacopo Jack e Morgan Dj&#8230; in studio con Claudio Fontanive&#8230; e Buona Pasqua!<\/p>\n<p><strong>PARTE 1<\/strong><\/p>\n<audio class=\"wp-audio-shortcode\" id=\"audio-200841-16\" preload=\"none\" style=\"width: 100%;\" controls=\"controls\"><source type=\"audio\/mpeg\" src=\"https:\/\/www.radiopiu.net\/wordpress\/wp-content\/uploads\/2021\/04\/clyn-1.mp3?_=16\" \/><a href=\"https:\/\/www.radiopiu.net\/wordpress\/wp-content\/uploads\/2021\/04\/clyn-1.mp3\">https:\/\/www.radiopiu.net\/wordpress\/wp-content\/uploads\/2021\/04\/clyn-1.mp3<\/a><\/audio>\n<p><strong>PARTE 2<\/strong><\/p>\n<audio class=\"wp-audio-shortcode\" id=\"audio-200841-17\" preload=\"none\" style=\"width: 100%;\" controls=\"controls\"><source type=\"audio\/mpeg\" src=\"https:\/\/www.radiopiu.net\/wordpress\/wp-content\/uploads\/2021\/04\/clim-2.mp3?_=17\" \/><a href=\"https:\/\/www.radiopiu.net\/wordpress\/wp-content\/uploads\/2021\/04\/clim-2.mp3\">https:\/\/www.radiopiu.net\/wordpress\/wp-content\/uploads\/2021\/04\/clim-2.mp3<\/a><\/audio>\n<p>&nbsp;<\/p>\n<hr \/>\n<p>&nbsp;<\/p>\n<p>&nbsp;<\/p>\n<blockquote>\n<h3>ANCHE L&#8217;AMICO PIERANTONIO ZANCHETTA,\u00a0 GIA&#8217; VOCE NOTA ALLA RADIO DECENNI FA&#8230;. TRA I FIGURANTI DI &#8220;UN PASSO DAL CIELO&#8221;<\/h3>\n<\/blockquote>\n\n\t\t\t<style type='text\/css'>\n\t\t\t\t#gallery-6 {\n\t\t\t\t\tmargin: auto;\n\t\t\t\t}\n\t\t\t\t#gallery-6 .gallery-item {\n\t\t\t\t\tfloat: left;\n\t\t\t\t\tmargin-top: 10px;\n\t\t\t\t\ttext-align: center;\n\t\t\t\t\twidth: 25%;\n\t\t\t\t}\n\t\t\t\t#gallery-6 img {\n\t\t\t\t\tborder: 2px solid #cfcfcf;\n\t\t\t\t}\n\t\t\t\t#gallery-6 .gallery-caption {\n\t\t\t\t\tmargin-left: 0;\n\t\t\t\t}\n\t\t\t\t\/* see gallery_shortcode() in wp-includes\/media.php *\/\n\t\t\t<\/style>\n\t\t<div id='gallery-6' class='dt-gallery-container gallery galleryid-200841 gallery-columns-4 gallery-size-thumbnail'><dl class='gallery-item'>\n\t\t\t\t<dt class='gallery-icon landscape'>\n\t\t\t\t\t<a class=\"rollover rollover-zoom dt-pswp-item\" title=\"585a6d3b-85bf-4e05-b2b9-3586275a964b\" data-dt-img-description=\"\" data-large_image_width=\"1080\" data-large_image_height=\"575\"href='https:\/\/www.radiopiu.net\/wordpress\/wp-content\/uploads\/2021\/04\/585a6d3b-85bf-4e05-b2b9-3586275a964b.jpg'><img loading=\"lazy\" decoding=\"async\" width=\"150\" height=\"150\" src=\"https:\/\/www.radiopiu.net\/wordpress\/wp-content\/uploads\/2021\/04\/585a6d3b-85bf-4e05-b2b9-3586275a964b-150x150.jpg\" class=\"attachment-thumbnail size-thumbnail\" alt=\"\" \/><\/a>\n\t\t\t\t<\/dt><\/dl><dl class='gallery-item'>\n\t\t\t\t<dt class='gallery-icon landscape'>\n\t\t\t\t\t<a class=\"rollover rollover-zoom dt-pswp-item\" title=\"a8644b1d-04e9-4dea-a6b8-ef8bc76c4fdd\" data-dt-img-description=\"\" data-large_image_width=\"1080\" data-large_image_height=\"914\"href='https:\/\/www.radiopiu.net\/wordpress\/wp-content\/uploads\/2021\/04\/a8644b1d-04e9-4dea-a6b8-ef8bc76c4fdd.jpg'><img loading=\"lazy\" decoding=\"async\" width=\"150\" height=\"150\" src=\"https:\/\/www.radiopiu.net\/wordpress\/wp-content\/uploads\/2021\/04\/a8644b1d-04e9-4dea-a6b8-ef8bc76c4fdd-150x150.jpg\" class=\"attachment-thumbnail size-thumbnail\" alt=\"\" \/><\/a>\n\t\t\t\t<\/dt><\/dl><dl class='gallery-item'>\n\t\t\t\t<dt class='gallery-icon landscape'>\n\t\t\t\t\t<a class=\"rollover rollover-zoom dt-pswp-item\" title=\"b1bca993-1e5f-4217-bb0f-095748c01225\" data-dt-img-description=\"\" data-large_image_width=\"1080\" data-large_image_height=\"764\"href='https:\/\/www.radiopiu.net\/wordpress\/wp-content\/uploads\/2021\/04\/b1bca993-1e5f-4217-bb0f-095748c01225.jpg'><img loading=\"lazy\" decoding=\"async\" width=\"150\" height=\"150\" src=\"https:\/\/www.radiopiu.net\/wordpress\/wp-content\/uploads\/2021\/04\/b1bca993-1e5f-4217-bb0f-095748c01225-150x150.jpg\" class=\"attachment-thumbnail size-thumbnail\" alt=\"\" \/><\/a>\n\t\t\t\t<\/dt><\/dl><dl class='gallery-item'>\n\t\t\t\t<dt class='gallery-icon landscape'>\n\t\t\t\t\t<a class=\"rollover rollover-zoom dt-pswp-item\" title=\"bc160f6e-27f5-4156-adc6-06a8e4563261\" data-dt-img-description=\"\" data-large_image_width=\"1080\" data-large_image_height=\"644\"href='https:\/\/www.radiopiu.net\/wordpress\/wp-content\/uploads\/2021\/04\/bc160f6e-27f5-4156-adc6-06a8e4563261.jpg'><img loading=\"lazy\" decoding=\"async\" width=\"150\" height=\"150\" src=\"https:\/\/www.radiopiu.net\/wordpress\/wp-content\/uploads\/2021\/04\/bc160f6e-27f5-4156-adc6-06a8e4563261-150x150.jpg\" class=\"attachment-thumbnail size-thumbnail\" alt=\"\" \/><\/a>\n\t\t\t\t<\/dt><\/dl><br style=\"clear: both\" \/>\n\t\t\t<\/div>\n\n<p>&nbsp;<\/p>\n<hr \/>\n<p>&nbsp;<\/p>\n<blockquote>\n<h3>IL LIBRO. \u201cCENT\u2019ANNI IN COOPERATIVA: POLPET 1904-2004\u201d DI D\u2019INCA-VENDRAMINI<\/h3>\n<\/blockquote>\n<div class=\"l60d2q6s d1544ag0 sj5x9vvc tw6a2znq l9j0dhe7 ni8dbmo4 stjgntxs qlfml3jp inkptoze e72ty7fz qttc61fc jm1wdb64 qv66sw1b ljqsnud1 g6srhlxm odn2s2vf\">\n<div dir=\"auto\"><strong>di RENATO BONA<\/strong><\/div>\n<div dir=\"auto\"><\/div>\n<div dir=\"auto\"><strong>PONTE NELLE ALPI\u00a0<\/strong> \u00a0Per celebrare il secolo della realt\u00e0 cooperativistica di Polpet di Ponte nelle Alpi, nel novembre del 2004 ad iniziativa della Societ\u00e0 cooperativa Polpet gi\u00e0 Magazzino Cooperativo, Barbara D\u2019Inca e Ferruccio Vendramini (amico e collega di chi stende queste noto, e padre di Paolo, l\u2019attuale sindaco di Ponte nelle Alpi \u2013 ndr.), realizzavano il libro \u201cCent\u2019anni in Cooperativa: Polpet 1904-2004\u201d stampato per i tipi della tipolitografia editrice Dbs di Rasai di Seren del Grappa; in copertina immagine risalente al 1922 con la piazza Boito e la Cooperativa. E a proposito di immagini: D\u2019Inc\u00e0-Vendramini ed i promotori hanno voluto esprimere gratitudine alle persone che hanno messo a disposizione il materiale fotografico: Maria Teresa Bartet, Gabriella Caldart, Pia Caldart, Adriana Cecco, Ugo D\u2019Inc\u00e0, Iago Da Boit, Luisa Collazuol Pavei, Gianni Damian, Marisa Fanna Costantini, Valeria Orzes, Giacinta Zilli, oltre all\u2019Istituto comprensivo di Ponte nelle Alpi. Sono oltre 160 pagine articolate nei seguenti capitoli: \u201cDa Magazzino a Societ\u00e0 Cooperativa. Note di storia\u201d di Ferruccio Vendramini; \u201cMotivi di una crisi\u201d di Maurizio Zanin; \u201cIn Cooperativa: racconti e testimonianze\u201d di Paola Salomon; \u201cDove va la Cooperativa? Situazione attuale e ipotesi per il futuro\u201d di Paolo Fant e Rudy Orzes; con appendice documentaria relativa a: Statuto del 1904, Statuto vigente (1995), Elenco dei presidenti e segretari, Inventario dell\u2019archivio, Questionario su conoscenza e prospettive della Cooperativa, Matrice di correlazione-indagine su conoscenza e prospettive della Cooperativa. I presidenti della Cooperativa, Pietro Barattin ed Ugo D\u2019Inc\u00e0, nella presentazione dopo aver ricordato che il Magazzino cooperativo era nato nel 1904 allo scopo di comprare all\u2019ingrosso \u201ccoloniali\u201d e generi alimentari da distribuire ai propri soci al prezzo di costo, escludendo nel modo pi\u00f9 assoluto qualunque concetto di lucro o speculazione, esprimevano l\u2019auspicio che la presenta pubblicazione contribuisca e continui ad alimentare lo spirito dei nostri \u2018veci\u2019, pur con le differenze storiche e sociali dei nostri giorni\u201d. E sottolineavano il fatto che \u201cgrazie all\u2019archivio ben raccolto e conservato da Lino Barattin \u00e8 stato possibile ricostruire la storia della societ\u00e0, inserendola in un contesto pi\u00f9 ampio che percorre la storia della cooperazione e della mutualit\u00e0 nelle nostre zone durante il secolo scorso\u201d ed aggiungevano: \u201cIl libro \u00e8 corredato da un contributo innovativo quale la raccolta di informazioni sulla conoscenza attuale e le aspettative della popolazione locale rispetto alla Cooperativa, mediante la distribuzione di uno specifico questionario alle famiglie\u201d concludendo con l\u2019auspicio che \u201cI soci e la comunit\u00e0 siano orgogliosi della pubblicazione e continuino a credere nella Societ\u00e0 Cooperativa Polpet, nei suoi ideali e nello spirito sociale che i nostri \u2018vecchi\u2019 hanno avuto a cuore creando cent\u2019anni fa la struttura\u201d. Prima di entrare nel merito, il libro riserva un\u2019intera pagina ai ringraziamenti; per enti e privati che hanno contribuito economicamente, a quanti hanno assicurato la distribuzione e raccolta del questionario, a chi ha garantito l\u2019inserimento dei dati e-o ha realizzato le interviste e-o l\u2019indagine del questionario stesso, agli autori e collaboratori della pubblicazione che, gratuitamente e con convinzione hanno prestato la loro opera, in particolare a Barbara D\u2019Inc\u00e0 \u201canima e coordinatrice dell\u2019iniziativa\u201d. Dal \u201ccontributo\u201d del compianto storico Ferruccio Vendramini si apprende che il Magazzino Cooperativo di Polpet, societ\u00e0 anonima a capitale illimitato (inizialmente il capitale fu di 5 mila lire, pari a 250 azioni da lire 20 l\u2019una), fu costituito con atto notarile il 28 febbraio 1904 e trascritto il 23 marzo dello stesso anno. Il notaio che registr\u00f2 l\u2019atto di nascita nel suo repertorio, il bellunese Augusto Miari, s\u2019incontr\u00f2 a Polpet con i futuri soci, riunitisi in casa dei fratelli Giovanni e Luigi Costantini. Di fronte a testimoni, chiam\u00f2 ad uno ad uno i presenti, una sessantina. A fianco di ogni socio, egli prese nota della professione svolta\u00b8 si riesce cos\u00ec a risalire ai mestieri della gente di Polpet. Dopo l\u2019approvazione dello statuto, si procedette alla nomina del primo presidente del consiglio di amministrazione, Giovanni Venzon (1859-1917), assistito dal vice, Gaetano Costantini, nonch\u00e9 dai consiglieri Giovanni Bridda, Alessandro Collazuol, Giuseppe D\u2019Inc\u00e0, Gaetano Menegaz, Sante Orzes, Giuseppe Pison e Francesco Zilli. Il collegio sindacale fu formato da Giovanni Maria Collazuol, Giuseppe Collazuol e Luigi Fornasier, mentre gli arbitri, destinati alla risoluzione di eventuali controversie, furono Luigi Collazuol, Dionisio Costantini e Marco Zilli. Il notaio annot\u00f2 che le votazioni erano avvenute con schede segrete. Ferruccio Vendramini scriveva ancora: \u201cI soci, tutti maggiorenni (art. 5 dello statuto, allora la maggiore et\u00e0 era di 21 anni), per evitare omonimie e confusioni furono elencati con il nome del padre. C\u2019\u00e8 una logica nella loro sequenza: i primi tre (Giovanni Boito, Gaetano Costantini e Giuseppe D\u2019Inc\u00e0) avevano sottoscritto tre azioni; i soci successivi, fino al numero 20, ne avevano acquisite due; tutti gli altri una sola. Peraltro in base all\u2019art. 11 dello statuto, ognuno poteva sottoscrivere fino ad un massimo di dieci azioni; il loro importo era da saldare seduta stante, assieme alla tassa d\u2019ammissione di 4 lire. Per i soci successivi la tassa sarebbe stata di 6 lire. I presenti versarono volontariamente 50 centesimi in pi\u00f9 per supplire alle spese d\u2019avvio della societ\u00e0\u201d. Ma chi furono i soci convenuti in casa Costantini? Lo spiega lo storico: \u201cIn primo luogo sono tutti uomini, tranne Pasqua Collazuol maritata Maraga. Lo statuto non prevedeva l\u2019esclusione per sesso, ma, di fatto, la presenza femminile fu limitata anche negli anni seguenti\u201d. Erano ancora lontanissimi i tempi della parit\u00e0 di genere\u2026 Torniamo ai signori uomini: \u201cIl presidente Giovanni Venzon era fornaio come il fratello Giuseppe. Il vice, Gaetano Costantini, era qualificato come carrettiere, Bridda era falegname, Collazuol lavorava la terra cos\u00ec come D\u2019Inc\u00e0; Meneguz era invece zattiere, uno degli ultimi della zona, prima che il legname fosse condotto prevalentemente per ferrovia, giunta a Belluno nel 1886. Manca nell\u2019atto notarile la qualifica di Orzes, mentre Pison era stradino e Zilli muratore. Tra i soci c\u2019erano un maestro in pensione (Matteo Da Boit), un tessitore (Giovanni Fontana), un mugnaio (Giovanni Casagrande), un oste (Giovanni Costantini), un cappellaio ( Giuseppe Collazuol, un impiegato postale (Luigi Costantini), un calzolaio (Luigi Da Boit), un carpentiere (Luigi Fornasier). Parecchi i \u2018villici\u2019 cio\u00e8 i contadini, proprietari di terra, come i Boito ed i Davit (o David). Artigiani, zattieri, contadini, carrettieri, operai specie del settore edile, impiegati: c\u2019\u00e8 tutta la gamma delle occupazioni svolte dagli abitanti di Polpet\u2026\u201d.<\/div>\n<div dir=\"auto\"><\/div>\n<div dir=\"auto\">\n\n\t\t\t<style type='text\/css'>\n\t\t\t\t#gallery-7 {\n\t\t\t\t\tmargin: auto;\n\t\t\t\t}\n\t\t\t\t#gallery-7 .gallery-item {\n\t\t\t\t\tfloat: left;\n\t\t\t\t\tmargin-top: 10px;\n\t\t\t\t\ttext-align: center;\n\t\t\t\t\twidth: 16%;\n\t\t\t\t}\n\t\t\t\t#gallery-7 img {\n\t\t\t\t\tborder: 2px solid #cfcfcf;\n\t\t\t\t}\n\t\t\t\t#gallery-7 .gallery-caption {\n\t\t\t\t\tmargin-left: 0;\n\t\t\t\t}\n\t\t\t\t\/* see gallery_shortcode() in wp-includes\/media.php *\/\n\t\t\t<\/style>\n\t\t<div id='gallery-7' class='dt-gallery-container gallery galleryid-200841 gallery-columns-6 gallery-size-thumbnail'><dl class='gallery-item'>\n\t\t\t\t<dt class='gallery-icon landscape'>\n\t\t\t\t\t<a class=\"rollover rollover-zoom dt-pswp-item\" title=\"167878829_1113404539070861_7963129346155825226_n\" data-dt-img-description=\"\" data-large_image_width=\"259\" data-large_image_height=\"206\"href='https:\/\/www.radiopiu.net\/wordpress\/wp-content\/uploads\/2021\/04\/167878829_1113404539070861_7963129346155825226_n.jpg'><img loading=\"lazy\" decoding=\"async\" width=\"150\" height=\"150\" src=\"https:\/\/www.radiopiu.net\/wordpress\/wp-content\/uploads\/2021\/04\/167878829_1113404539070861_7963129346155825226_n-150x150.jpg\" class=\"attachment-thumbnail size-thumbnail\" alt=\"\" \/><\/a>\n\t\t\t\t<\/dt><\/dl><dl class='gallery-item'>\n\t\t\t\t<dt class='gallery-icon landscape'>\n\t\t\t\t\t<a class=\"rollover rollover-zoom dt-pswp-item\" title=\"167972384_148910633807211_9138950916579030023_n\" data-dt-img-description=\"\" data-large_image_width=\"214\" data-large_image_height=\"206\"href='https:\/\/www.radiopiu.net\/wordpress\/wp-content\/uploads\/2021\/04\/167972384_148910633807211_9138950916579030023_n.jpg'><img loading=\"lazy\" decoding=\"async\" width=\"150\" height=\"150\" src=\"https:\/\/www.radiopiu.net\/wordpress\/wp-content\/uploads\/2021\/04\/167972384_148910633807211_9138950916579030023_n-150x150.jpg\" class=\"attachment-thumbnail size-thumbnail\" alt=\"\" \/><\/a>\n\t\t\t\t<\/dt><\/dl><dl class='gallery-item'>\n\t\t\t\t<dt class='gallery-icon portrait'>\n\t\t\t\t\t<a class=\"rollover rollover-zoom dt-pswp-item\" title=\"167923765_243348667483293_278724802498434047_n\" data-dt-img-description=\"\" data-large_image_width=\"151\" data-large_image_height=\"206\"href='https:\/\/www.radiopiu.net\/wordpress\/wp-content\/uploads\/2021\/04\/167923765_243348667483293_278724802498434047_n.jpg'><img loading=\"lazy\" decoding=\"async\" width=\"150\" height=\"150\" src=\"https:\/\/www.radiopiu.net\/wordpress\/wp-content\/uploads\/2021\/04\/167923765_243348667483293_278724802498434047_n-150x150.jpg\" class=\"attachment-thumbnail size-thumbnail\" alt=\"\" \/><\/a>\n\t\t\t\t<\/dt><\/dl><dl class='gallery-item'>\n\t\t\t\t<dt class='gallery-icon landscape'>\n\t\t\t\t\t<a class=\"rollover rollover-zoom dt-pswp-item\" title=\"167893414_3927322530696120_7763927003040548268_n\" data-dt-img-description=\"\" data-large_image_width=\"307\" data-large_image_height=\"206\"href='https:\/\/www.radiopiu.net\/wordpress\/wp-content\/uploads\/2021\/04\/167893414_3927322530696120_7763927003040548268_n.jpg'><img loading=\"lazy\" decoding=\"async\" width=\"150\" height=\"150\" src=\"https:\/\/www.radiopiu.net\/wordpress\/wp-content\/uploads\/2021\/04\/167893414_3927322530696120_7763927003040548268_n-150x150.jpg\" class=\"attachment-thumbnail size-thumbnail\" alt=\"\" \/><\/a>\n\t\t\t\t<\/dt><\/dl><dl class='gallery-item'>\n\t\t\t\t<dt class='gallery-icon portrait'>\n\t\t\t\t\t<a class=\"rollover rollover-zoom dt-pswp-item\" title=\"168460563_4151455034885889_3098256420165336109_n\" data-dt-img-description=\"\" data-large_image_width=\"150\" data-large_image_height=\"240\"href='https:\/\/www.radiopiu.net\/wordpress\/wp-content\/uploads\/2021\/04\/168460563_4151455034885889_3098256420165336109_n.jpg'><img loading=\"lazy\" decoding=\"async\" width=\"150\" height=\"150\" src=\"https:\/\/www.radiopiu.net\/wordpress\/wp-content\/uploads\/2021\/04\/168460563_4151455034885889_3098256420165336109_n-150x150.jpg\" class=\"attachment-thumbnail size-thumbnail\" alt=\"\" \/><\/a>\n\t\t\t\t<\/dt><\/dl><dl class='gallery-item'>\n\t\t\t\t<dt class='gallery-icon landscape'>\n\t\t\t\t\t<a class=\"rollover rollover-zoom dt-pswp-item\" title=\"168426980_465188334600351_3771427751067521096_n\" data-dt-img-description=\"\" data-large_image_width=\"310\" data-large_image_height=\"206\"href='https:\/\/www.radiopiu.net\/wordpress\/wp-content\/uploads\/2021\/04\/168426980_465188334600351_3771427751067521096_n.jpg'><img loading=\"lazy\" decoding=\"async\" width=\"150\" height=\"150\" src=\"https:\/\/www.radiopiu.net\/wordpress\/wp-content\/uploads\/2021\/04\/168426980_465188334600351_3771427751067521096_n-150x150.jpg\" class=\"attachment-thumbnail size-thumbnail\" alt=\"\" \/><\/a>\n\t\t\t\t<\/dt><\/dl><br style=\"clear: both\" \/><dl class='gallery-item'>\n\t\t\t\t<dt class='gallery-icon landscape'>\n\t\t\t\t\t<a class=\"rollover rollover-zoom dt-pswp-item\" title=\"168201129_492264871784886_3852257453955374106_n\" data-dt-img-description=\"\" data-large_image_width=\"352\" data-large_image_height=\"206\"href='https:\/\/www.radiopiu.net\/wordpress\/wp-content\/uploads\/2021\/04\/168201129_492264871784886_3852257453955374106_n.jpg'><img loading=\"lazy\" decoding=\"async\" width=\"150\" height=\"150\" src=\"https:\/\/www.radiopiu.net\/wordpress\/wp-content\/uploads\/2021\/04\/168201129_492264871784886_3852257453955374106_n-150x150.jpg\" class=\"attachment-thumbnail size-thumbnail\" alt=\"\" \/><\/a>\n\t\t\t\t<\/dt><\/dl><dl class='gallery-item'>\n\t\t\t\t<dt class='gallery-icon landscape'>\n\t\t\t\t\t<a class=\"rollover rollover-zoom dt-pswp-item\" title=\"167813487_493658815376555_6406794911586115947_n\" data-dt-img-description=\"\" data-large_image_width=\"320\" data-large_image_height=\"199\"href='https:\/\/www.radiopiu.net\/wordpress\/wp-content\/uploads\/2021\/04\/167813487_493658815376555_6406794911586115947_n.jpg'><img loading=\"lazy\" decoding=\"async\" width=\"150\" height=\"150\" src=\"https:\/\/www.radiopiu.net\/wordpress\/wp-content\/uploads\/2021\/04\/167813487_493658815376555_6406794911586115947_n-150x150.jpg\" class=\"attachment-thumbnail size-thumbnail\" alt=\"\" \/><\/a>\n\t\t\t\t<\/dt><\/dl><dl class='gallery-item'>\n\t\t\t\t<dt class='gallery-icon landscape'>\n\t\t\t\t\t<a class=\"rollover rollover-zoom dt-pswp-item\" title=\"168423188_510253113316069_4289500901553173101_n\" data-dt-img-description=\"\" data-large_image_width=\"309\" data-large_image_height=\"206\"href='https:\/\/www.radiopiu.net\/wordpress\/wp-content\/uploads\/2021\/04\/168423188_510253113316069_4289500901553173101_n.jpg'><img loading=\"lazy\" decoding=\"async\" width=\"150\" height=\"150\" src=\"https:\/\/www.radiopiu.net\/wordpress\/wp-content\/uploads\/2021\/04\/168423188_510253113316069_4289500901553173101_n-150x150.jpg\" class=\"attachment-thumbnail size-thumbnail\" alt=\"\" \/><\/a>\n\t\t\t\t<\/dt><\/dl><dl class='gallery-item'>\n\t\t\t\t<dt class='gallery-icon landscape'>\n\t\t\t\t\t<a class=\"rollover rollover-zoom dt-pswp-item\" title=\"168111740_715837552444307_1205400447123367746_n\" data-dt-img-description=\"\" data-large_image_width=\"320\" data-large_image_height=\"204\"href='https:\/\/www.radiopiu.net\/wordpress\/wp-content\/uploads\/2021\/04\/168111740_715837552444307_1205400447123367746_n.jpg'><img loading=\"lazy\" decoding=\"async\" width=\"150\" height=\"150\" src=\"https:\/\/www.radiopiu.net\/wordpress\/wp-content\/uploads\/2021\/04\/168111740_715837552444307_1205400447123367746_n-150x150.jpg\" class=\"attachment-thumbnail size-thumbnail\" alt=\"\" \/><\/a>\n\t\t\t\t<\/dt><\/dl><dl class='gallery-item'>\n\t\t\t\t<dt class='gallery-icon portrait'>\n\t\t\t\t\t<a class=\"rollover rollover-zoom dt-pswp-item\" title=\"168394212_845493652698814_2448607830718871972_n\" data-dt-img-description=\"\" data-large_image_width=\"168\" data-large_image_height=\"202\"href='https:\/\/www.radiopiu.net\/wordpress\/wp-content\/uploads\/2021\/04\/168394212_845493652698814_2448607830718871972_n.jpg'><img loading=\"lazy\" decoding=\"async\" width=\"150\" height=\"150\" src=\"https:\/\/www.radiopiu.net\/wordpress\/wp-content\/uploads\/2021\/04\/168394212_845493652698814_2448607830718871972_n-150x150.jpg\" class=\"attachment-thumbnail size-thumbnail\" alt=\"\" \/><\/a>\n\t\t\t\t<\/dt><\/dl>\n\t\t\t\t<br style='clear: both' \/>\n\t\t\t<\/div>\n\n<\/div>\n<div dir=\"auto\"><\/div>\n<div dir=\"auto\">NELLE FOTO (archivio Renato Bona e riproduzioni dal libro \u201cCent\u2019anni in Cooperativa: Polpet 1904-2004\u201d): la copertina della preziosa pubblicazione; lo storico Ferruccio Vendramini; il primo presidente della Cooperativa, Giovanni Venzon; azione della Cooperativa del 1904; e quella del 1922; giocatori di bocce alla Cooperativa prima del 1913; e dopo il 1928; bevuta di militari al bar cooperativo nel primo dopoguerra, al centro, in piedi e abiti civili, Giovanni Zilli; una fattura della Perugina per materiale fornito al negozio nel 1924; festa sul retro della sede dopo la sagra del 1926; donne sul \u201cmastel\u201d nel retro della Cooperativa nel 1939.<\/div>\n<\/div>\n<div class=\"ay7djpcl k4urcfbm nred35xi\"><\/div>\n<div class=\"b654a4as d2edcug0\">\n<div class=\"j83agx80 btwxx1t3 lhclo0ds hop8lmos nkwizq5d scwd0bx6 roh60bw9\">\n<div class=\"rq0escxv hkbzh7o3 jwdofwj8 n8tt0mok r8blr3vg hyh9befq\">\n<div class=\"do00u71z l9j0dhe7 k4urcfbm\">\n<div class=\"gs1a9yip ow4ym5g4 auili1gw j83agx80 cbu4d94t buofh1pr g5gj957u i1fnvgqd oygrvhab cxmmr5t8 hcukyx3x kvgmc6g5 tgvbjcpo hpfvmrgz qt6c0cv9 rz4wbd8a a8nywdso jb3vyjys du4w35lb i09qtzwb rq0escxv n7fi1qx3 pmk7jnqg j9ispegn kr520xx4\">\n<hr \/>\n<\/div>\n<\/div>\n<\/div>\n<\/div>\n<\/div>\n<div><\/div>\n<div><\/div>\n<div><\/div>\n<div><\/div>\n<div><\/div>\n<div class=\"b654a4as d2edcug0\">\n<div class=\"j83agx80 btwxx1t3 lhclo0ds hop8lmos nkwizq5d scwd0bx6 roh60bw9\">\n<div class=\"rq0escxv hkbzh7o3 jwdofwj8 n8tt0mok r8blr3vg hyh9befq\">\n<div class=\"do00u71z l9j0dhe7 k4urcfbm\">\n<div>\n<div>\n<h3>Pasqua di fede<\/h3>\n<p><strong>di John Francis Della Pietra<\/strong><\/p>\n<p><span style=\"color: #ff0000;\">audio<\/span><\/p>\n<p>Nella resurrezione del Cristo<br \/>\nSperiamo in una rinascita della fede<br \/>\nIn ciascuno di noi<br \/>\nNel profondo del nostro cuore<br \/>\nS illumini ancora la luce della speranza<br \/>\nDal flebile tremolio d una candela<br \/>\nPrenda vita e risplendano su di noi i raggi del sole<br \/>\nTra gli sguarci d azzurro del cielo<br \/>\nDopo il buio dell oscure nubi<br \/>\nSi nella fede<br \/>\nIntravedo una possibilit\u00e0 per tutti<br \/>\nIl figlio di Dio<br \/>\n\u00c8 caduto pi\u00f9 volte<br \/>\nSotto il peso della croce<br \/>\n\u00c8 morto e risorto<br \/>\nPer dare a noi<br \/>\nLa fede la speranza<br \/>\nNel padre suo onnipotente<br \/>\nDeve rivivere nell animo<br \/>\nLa spiritualit\u00e0 perduta<br \/>\nDobbiamo riprendere la via percorsa un tempo<br \/>\nCredere nel Signore<br \/>\nEd in noi stessi<br \/>\nCos\u00ec riusciremo a vedere nuovamente<br \/>\nLo spirito Santo scendere<br \/>\nSulla terra e nel cielo<br \/>\nQuesta Pasqua<br \/>\nVi auguro sia pregna<br \/>\nDi speranza e fede<br \/>\nPer voi ed i vostri cari<\/p>\n<\/div>\n<p>&nbsp;<\/p>\n<hr \/>\n<p>&nbsp;<\/p>\n<p>&nbsp;<\/p>\n<div>\n<h2><span style=\"color: #000080;\"><a class=\"dt-pswp-item\" href=\"https:\/\/www.radiopiu.net\/wordpress\/wp-content\/uploads\/2020\/10\/pp.jpg\" data-dt-img-description=\"\" data-large_image_width=\"640\" data-large_image_height=\"640\"><img loading=\"lazy\" decoding=\"async\" class=\"wp-image-163678 alignleft\" src=\"https:\/\/www.radiopiu.net\/wordpress\/wp-content\/uploads\/2020\/10\/pp-300x300.jpg\" alt=\"\" width=\"106\" height=\"106\" srcset=\"https:\/\/www.radiopiu.net\/wordpress\/wp-content\/uploads\/2020\/10\/pp-300x300.jpg 300w, https:\/\/www.radiopiu.net\/wordpress\/wp-content\/uploads\/2020\/10\/pp-150x150.jpg 150w, https:\/\/www.radiopiu.net\/wordpress\/wp-content\/uploads\/2020\/10\/pp-125x125.jpg 125w, https:\/\/www.radiopiu.net\/wordpress\/wp-content\/uploads\/2020\/10\/pp-200x200.jpg 200w, https:\/\/www.radiopiu.net\/wordpress\/wp-content\/uploads\/2020\/10\/pp-80x80.jpg 80w, https:\/\/www.radiopiu.net\/wordpress\/wp-content\/uploads\/2020\/10\/pp-480x480.jpg 480w, https:\/\/www.radiopiu.net\/wordpress\/wp-content\/uploads\/2020\/10\/pp.jpg 640w\" sizes=\"auto, (max-width: 106px) 100vw, 106px\" \/><\/a><\/span><\/h2>\n<h2><span style=\"color: #000080;\">DON CESARE, IL PENSIERO DEL GIORNO. ALLA RADIO ALLE 7 DEL MATTINO E ALLE 19.30 DELLA SERA.\u00a0\u00a0<\/span><\/h2>\n<\/div>\n<p><span style=\"color: #993366;\"><strong>DOMANI DOMENICA DI PASQUA,\u00a0 ALLE 10, RADIO PIU&#8217; TRASMETTE LA MESSA DALL&#8217;ARCIDIACONALE DI AGORDO CELEBRATA DA DON VIRGILIO. DIRETTA RADIO FM, FACEBOOK, TELEGRAM, YOUTUBE<\/strong><\/span><\/p>\n<p><span style=\"color: #993366;\"><strong>LUNEDI DI PASQUETTA LA MESSA DEL FANCIULLO DALLA CHIESA DI SAN VINCENZO FERRER A PARECH DI AGORDO CELEBRATA DA DON CESARE. DIRETTA RADIO FM, FACEBOOK, TELEGRAM, YOUTUBE<\/strong><\/span><\/p>\n<p>&nbsp;<\/p>\n<p>&nbsp;<\/p>\n<\/div>\n<\/div>\n<\/div>\n<\/div>\n<\/div>\n<hr \/>\n<p>&nbsp;<\/p>\n<blockquote>\n<h2><a href=\"https:\/\/www.radiopiu.net\/wordpress\/speciale-solidarieta-veneto\/solidarieta-veneto-3\/\" rel=\"attachment wp-att-134366\"><img loading=\"lazy\" decoding=\"async\" class=\"wp-image-134366 alignleft\" src=\"https:\/\/www.radiopiu.net\/wordpress\/wp-content\/uploads\/2020\/05\/solidariet\u00e0-veneto-300x210.jpg\" alt=\"\" width=\"102\" height=\"71\" srcset=\"https:\/\/www.radiopiu.net\/wordpress\/wp-content\/uploads\/2020\/05\/solidariet\u00e0-veneto-300x210.jpg 300w, https:\/\/www.radiopiu.net\/wordpress\/wp-content\/uploads\/2020\/05\/solidariet\u00e0-veneto-1024x717.jpg 1024w, https:\/\/www.radiopiu.net\/wordpress\/wp-content\/uploads\/2020\/05\/solidariet\u00e0-veneto-768x538.jpg 768w, https:\/\/www.radiopiu.net\/wordpress\/wp-content\/uploads\/2020\/05\/solidariet\u00e0-veneto.jpg 1373w\" sizes=\"auto, (max-width: 102px) 100vw, 102px\" \/><\/a>SOLIDARIETA&#8217; VENETO FONDO PENSIONE, IN ONDA IL PRIMO VENERDI DEL MESE ALLE 10.30 E ALLE 19.00 QUINTA STAGIONE<\/h2>\n<\/blockquote>\n<p><strong>AUDIO APRILE 2021<\/strong><\/p>\n<audio class=\"wp-audio-shortcode\" id=\"audio-200841-18\" preload=\"none\" style=\"width: 100%;\" controls=\"controls\"><source type=\"audio\/mpeg\" src=\"https:\/\/www.radiopiu.net\/wordpress\/wp-content\/uploads\/2021\/04\/solidarieta-veneto-aprile-2021.mp3?_=18\" \/><a href=\"https:\/\/www.radiopiu.net\/wordpress\/wp-content\/uploads\/2021\/04\/solidarieta-veneto-aprile-2021.mp3\">https:\/\/www.radiopiu.net\/wordpress\/wp-content\/uploads\/2021\/04\/solidarieta-veneto-aprile-2021.mp3<\/a><\/audio>\n<p>&nbsp;<\/p>\n<blockquote>\n<h2>RACCOLTA COMPLETA<\/h2>\n<\/blockquote>\n<blockquote class=\"wp-embedded-content\" data-secret=\"gw0W9N3KY7\"><p><a href=\"https:\/\/www.radiopiu.net\/wordpress\/solidarieta-veneto\/\">Solidariet\u00e0 Veneto<\/a><\/p><\/blockquote>\n<p><iframe loading=\"lazy\" class=\"wp-embedded-content\" sandbox=\"allow-scripts\" security=\"restricted\" style=\"position: absolute; clip: rect(1px, 1px, 1px, 1px);\" title=\"&#8220;Solidariet\u00e0 Veneto&#8221; &#8212; Radio Pi\u00f9\" src=\"https:\/\/www.radiopiu.net\/wordpress\/solidarieta-veneto\/embed\/#?secret=gw0W9N3KY7\" data-secret=\"gw0W9N3KY7\" width=\"600\" height=\"338\" frameborder=\"0\" marginwidth=\"0\" marginheight=\"0\" scrolling=\"no\"><\/iframe><\/p>\n<p>&nbsp;<\/p>\n<hr \/>\n<p>&nbsp;<\/p>\n<p>&nbsp;<\/p>\n<h1 style=\"text-align: center;\"><span style=\"color: #0000ff;\"><strong><a style=\"color: #0000ff;\" href=\"https:\/\/hermescomms.pontiradiopr.it\/radio-piu-intervista-francesco-zillio-di-epcenter-nostro-nuovo-partner\/\">NOVITA&#8217; EPCENTER CLICCA QUI<\/a><\/strong><\/span><\/h1>\n<p><iframe loading=\"lazy\" title=\"EPCENTER TECNOLOGIA RSA 1 -\" width=\"1200\" height=\"675\" src=\"https:\/\/www.youtube.com\/embed\/AhMHeehDf3k?feature=oembed\" frameborder=\"0\" allow=\"accelerometer; autoplay; clipboard-write; encrypted-media; gyroscope; picture-in-picture\" allowfullscreen><\/iframe><\/p>\n<h3><strong>LA RACCOLTA COMPLETA\u00a0<\/strong><\/h3>\n<blockquote class=\"wp-embedded-content\" data-secret=\"g4Kw2r0iTG\"><p><a href=\"https:\/\/www.radiopiu.net\/wordpress\/ep-center-video-gallery\/\">EP CENTER video gallery<\/a><\/p><\/blockquote>\n<p><iframe loading=\"lazy\" class=\"wp-embedded-content\" sandbox=\"allow-scripts\" security=\"restricted\" style=\"position: absolute; clip: rect(1px, 1px, 1px, 1px);\" title=\"&#8220;EP CENTER video gallery&#8221; &#8212; Radio Pi\u00f9\" src=\"https:\/\/www.radiopiu.net\/wordpress\/ep-center-video-gallery\/embed\/#?secret=g4Kw2r0iTG\" data-secret=\"g4Kw2r0iTG\" width=\"600\" height=\"338\" frameborder=\"0\" marginwidth=\"0\" marginheight=\"0\" scrolling=\"no\"><\/iframe><\/p>\n<div>\u200b<\/div>\n<p>\u200b<\/p>\n<hr \/>\n<p>&nbsp;<\/p>\n<h2><span style=\"color: #ff0000;\">dalla nuova generazione&#8230; cultura e tradizione<\/span><\/h2>\n<blockquote>\n<h3><em>PIAZA LADINA ALLA RADIO<\/em><\/h3>\n<\/blockquote>\n<p><strong>LA\u00a0 QUINTA PUNTATA\u00a0 \u00a0&#8220;Lege 482 e ladin a scola&#8221;<\/strong><\/p>\n<audio class=\"wp-audio-shortcode\" id=\"audio-200841-19\" preload=\"none\" style=\"width: 100%;\" controls=\"controls\"><source type=\"audio\/mpeg\" src=\"https:\/\/www.radiopiu.net\/wordpress\/wp-content\/uploads\/2021\/03\/Pontada-4-L-Ladin-Agordin.mp3?_=19\" \/><a href=\"https:\/\/www.radiopiu.net\/wordpress\/wp-content\/uploads\/2021\/03\/Pontada-4-L-Ladin-Agordin.mp3\">https:\/\/www.radiopiu.net\/wordpress\/wp-content\/uploads\/2021\/03\/Pontada-4-L-Ladin-Agordin.mp3<\/a><\/audio>\n<blockquote>\n<h2>LA RACCOLTA COMPLETA<\/h2>\n<\/blockquote>\n<blockquote class=\"wp-embedded-content\" data-secret=\"ZNBSVfixKe\"><p><a href=\"https:\/\/www.radiopiu.net\/wordpress\/agora-agordina-la-nosta-piaza\/\">AGORA&#8217; AGORDINA&#8230; LA NOSTA PIAZA LADINA.  pagina in aggiornamento continuo<\/a><\/p><\/blockquote>\n<p><iframe loading=\"lazy\" class=\"wp-embedded-content\" sandbox=\"allow-scripts\" security=\"restricted\" style=\"position: absolute; clip: rect(1px, 1px, 1px, 1px);\" title=\"&#8220;AGORA&#8217; AGORDINA&#8230; LA NOSTA PIAZA LADINA.  pagina in aggiornamento continuo&#8221; &#8212; Radio Pi\u00f9\" src=\"https:\/\/www.radiopiu.net\/wordpress\/agora-agordina-la-nosta-piaza\/embed\/#?secret=ZNBSVfixKe\" data-secret=\"ZNBSVfixKe\" width=\"600\" height=\"338\" frameborder=\"0\" marginwidth=\"0\" marginheight=\"0\" scrolling=\"no\"><\/iframe><\/p>\n<p>&nbsp;<\/p>\n<p>&nbsp;<\/p>\n<hr \/>\n<p>&nbsp;<\/p>\n<p>&nbsp;<\/p>\n<blockquote>\n<h2>FANTASTICHE DOLOMITI, NUOVA STAGIONE. APPUNTAMENTO QUINDICINALE IL GIOVEDI ALLE 10.30 E 19.00<\/h2>\n<\/blockquote>\n<h2><span style=\"color: #ff0000;\">PUNTATA NUMERO 12\u00a0 del\u00a0 31marzo2021<\/span><\/h2>\n<p><strong><a href=\"https:\/\/www.radiopiu.net\/wordpress\/raccolta-completa\/121869645_648442942701436_4748562330148520081_n-2\/\" rel=\"attachment wp-att-196402\"><img loading=\"lazy\" decoding=\"async\" class=\"wp-image-196402 alignleft\" src=\"https:\/\/www.radiopiu.net\/wordpress\/wp-content\/uploads\/2021\/02\/121869645_648442942701436_4748562330148520081_n-1-300x169.jpg\" alt=\"\" width=\"160\" height=\"90\" srcset=\"https:\/\/www.radiopiu.net\/wordpress\/wp-content\/uploads\/2021\/02\/121869645_648442942701436_4748562330148520081_n-1-300x169.jpg 300w, https:\/\/www.radiopiu.net\/wordpress\/wp-content\/uploads\/2021\/02\/121869645_648442942701436_4748562330148520081_n-1-1024x576.jpg 1024w, https:\/\/www.radiopiu.net\/wordpress\/wp-content\/uploads\/2021\/02\/121869645_648442942701436_4748562330148520081_n-1-768x432.jpg 768w, https:\/\/www.radiopiu.net\/wordpress\/wp-content\/uploads\/2021\/02\/121869645_648442942701436_4748562330148520081_n-1-1536x864.jpg 1536w, https:\/\/www.radiopiu.net\/wordpress\/wp-content\/uploads\/2021\/02\/121869645_648442942701436_4748562330148520081_n-1.jpg 1707w\" sizes=\"auto, (max-width: 160px) 100vw, 160px\" \/><\/a>OSPITE IL PRESIDENTE CLAUDIO CANOVA, due giovani veterinari Michele e Maria investono nell&#8217;attivit\u00e0 sostenibile, l&#8217;allevamento delle trote a Piz di Sospirolo<\/strong><\/p>\n<p>&nbsp;<\/p>\n<audio class=\"wp-audio-shortcode\" id=\"audio-200841-20\" preload=\"none\" style=\"width: 100%;\" controls=\"controls\"><source type=\"audio\/mpeg\" src=\"https:\/\/www.radiopiu.net\/wordpress\/wp-content\/uploads\/2021\/03\/fantastiche-dolomiti-31-marzo-2021.mp3?_=20\" \/><a href=\"https:\/\/www.radiopiu.net\/wordpress\/wp-content\/uploads\/2021\/03\/fantastiche-dolomiti-31-marzo-2021.mp3\">https:\/\/www.radiopiu.net\/wordpress\/wp-content\/uploads\/2021\/03\/fantastiche-dolomiti-31-marzo-2021.mp3<\/a><\/audio>\n<h3>LA RACCOLTA COMPLETA<\/h3>\n<p>https:\/\/www.radiopiu.net\/wordpress\/raccolta-completa\/<\/p>\n<p>&nbsp;<\/p>\n<p>&nbsp;<\/p>\n<hr \/>\n<p>&nbsp;<\/p>\n<div>\n<h2><span style=\"color: #ff0000;\">ALLA RADIO<\/span><\/h2>\n<\/div>\n<div>\n<h2><strong>LE\u00a0 PUNTATE di Luisa Alchini di Leggermente Bellunesi, la domenica alle 11, <span style=\"color: #0000ff;\">IL MARTEDI IN PRIMA EDIZIONE\u00a0<\/span> alle 10.30 e alle 19.00<\/strong><\/h2>\n<\/div>\n<p><strong><a href=\"https:\/\/www.radiopiu.net\/wordpress\/leggermente-bellunesi-30-marzo-2021\/166179082_1617824001738994_6431694881687170799_n\/\" rel=\"attachment wp-att-200190\"><img loading=\"lazy\" decoding=\"async\" class=\" wp-image-200190 alignleft\" src=\"https:\/\/www.radiopiu.net\/wordpress\/wp-content\/uploads\/2021\/03\/166179082_1617824001738994_6431694881687170799_n-180x300.jpg\" alt=\"\" width=\"78\" height=\"130\" srcset=\"https:\/\/www.radiopiu.net\/wordpress\/wp-content\/uploads\/2021\/03\/166179082_1617824001738994_6431694881687170799_n-180x300.jpg 180w, https:\/\/www.radiopiu.net\/wordpress\/wp-content\/uploads\/2021\/03\/166179082_1617824001738994_6431694881687170799_n-615x1024.jpg 615w, https:\/\/www.radiopiu.net\/wordpress\/wp-content\/uploads\/2021\/03\/166179082_1617824001738994_6431694881687170799_n.jpg 734w\" sizes=\"auto, (max-width: 78px) 100vw, 78px\" \/><\/a><\/strong><\/p>\n<p>&nbsp;<\/p>\n<p>&nbsp;<\/p>\n<p><strong>PUNTATA DEL 30 MARZO 2021<\/strong><\/p>\n<audio class=\"wp-audio-shortcode\" id=\"audio-200841-21\" preload=\"none\" style=\"width: 100%;\" controls=\"controls\"><source type=\"audio\/mpeg\" src=\"https:\/\/www.radiopiu.net\/wordpress\/wp-content\/uploads\/2021\/03\/24leggermentegemodacol2021.mp3?_=21\" \/><a href=\"https:\/\/www.radiopiu.net\/wordpress\/wp-content\/uploads\/2021\/03\/24leggermentegemodacol2021.mp3\">https:\/\/www.radiopiu.net\/wordpress\/wp-content\/uploads\/2021\/03\/24leggermentegemodacol2021.mp3<\/a><\/audio>\n<p>&nbsp;<\/p>\n<p><strong><span style=\"color: #000000;\">RACCOLTA COMPLETA<\/span><\/strong><\/p>\n<div>\n<blockquote class=\"wp-embedded-content\" data-secret=\"kC7toChrAL\"><p><a href=\"https:\/\/www.radiopiu.net\/wordpress\/leggermente-20\/\">LEGGERmente&#8230;Bellunesi<\/a><\/p><\/blockquote>\n<p><iframe loading=\"lazy\" class=\"wp-embedded-content\" sandbox=\"allow-scripts\" security=\"restricted\" style=\"position: absolute; clip: rect(1px, 1px, 1px, 1px);\" title=\"&#8220;LEGGERmente&#8230;Bellunesi&#8221; &#8212; Radio Pi\u00f9\" src=\"https:\/\/www.radiopiu.net\/wordpress\/leggermente-20\/embed\/#?secret=kC7toChrAL\" data-secret=\"kC7toChrAL\" width=\"600\" height=\"338\" frameborder=\"0\" marginwidth=\"0\" marginheight=\"0\" scrolling=\"no\"><\/iframe><\/p>\n<\/div>\n<hr \/>\n<p>&nbsp;<\/p>\n<h2><span style=\"color: #ff0000;\">ALLA RADIO<\/span><\/h2>\n<h2><span style=\"color: #008000;\">ERBE E PIANTE CURATIVE&#8230;IL\u00a0 PROGRAMMA DI PAOLA LANCIATO<\/span><\/h2>\n<p><strong><a href=\"https:\/\/www.radiopiu.net\/wordpress\/erbe-e-piante-curative-il-mandorlo\/almond-tree-3308361_1280\/\" rel=\"attachment wp-att-200195\"><img loading=\"lazy\" decoding=\"async\" class=\" wp-image-200195 alignleft\" src=\"https:\/\/www.radiopiu.net\/wordpress\/wp-content\/uploads\/2021\/03\/almond-tree-3308361_1280-300x200.jpg\" alt=\"\" width=\"176\" height=\"117\" srcset=\"https:\/\/www.radiopiu.net\/wordpress\/wp-content\/uploads\/2021\/03\/almond-tree-3308361_1280-300x200.jpg 300w, https:\/\/www.radiopiu.net\/wordpress\/wp-content\/uploads\/2021\/03\/almond-tree-3308361_1280-1024x682.jpg 1024w, https:\/\/www.radiopiu.net\/wordpress\/wp-content\/uploads\/2021\/03\/almond-tree-3308361_1280-768x512.jpg 768w, https:\/\/www.radiopiu.net\/wordpress\/wp-content\/uploads\/2021\/03\/almond-tree-3308361_1280.jpg 1280w\" sizes=\"auto, (max-width: 176px) 100vw, 176px\" \/><\/a>NONA PUNTATA &#8211; IL MANDORLO<\/strong><\/p>\n<audio class=\"wp-audio-shortcode\" id=\"audio-200841-22\" preload=\"none\" style=\"width: 100%;\" controls=\"controls\"><source type=\"audio\/mpeg\" src=\"https:\/\/www.radiopiu.net\/wordpress\/wp-content\/uploads\/2021\/03\/8apasquaIl-mandorlo-M.mp3?_=22\" \/><a href=\"https:\/\/www.radiopiu.net\/wordpress\/wp-content\/uploads\/2021\/03\/8apasquaIl-mandorlo-M.mp3\">https:\/\/www.radiopiu.net\/wordpress\/wp-content\/uploads\/2021\/03\/8apasquaIl-mandorlo-M.mp3<\/a><\/audio>\n<p><strong>LA RACCOLTA COMPLETA<\/strong><\/p>\n<blockquote class=\"wp-embedded-content\" data-secret=\"4T0oQV2NiK\"><p><a href=\"https:\/\/www.radiopiu.net\/wordpress\/erbe-e-piante-curative\/\">ERBE E PIANTE CURATIVE<\/a><\/p><\/blockquote>\n<p><iframe loading=\"lazy\" class=\"wp-embedded-content\" sandbox=\"allow-scripts\" security=\"restricted\" style=\"position: absolute; clip: rect(1px, 1px, 1px, 1px);\" title=\"&#8220;ERBE E PIANTE CURATIVE&#8221; &#8212; Radio Pi\u00f9\" src=\"https:\/\/www.radiopiu.net\/wordpress\/erbe-e-piante-curative\/embed\/#?secret=4T0oQV2NiK\" data-secret=\"4T0oQV2NiK\" width=\"600\" height=\"338\" frameborder=\"0\" marginwidth=\"0\" marginheight=\"0\" scrolling=\"no\"><\/iframe><\/p>\n<p>&nbsp;<\/p>\n<p>&nbsp;<\/p>\n<div class=\"im_message_wrap clearfix\">\n<div class=\"im_content_message_wrap im_message_out\">\n<p>&nbsp;<\/p>\n<\/div>\n<\/div>\n<hr \/>\n<div dir=\"auto\"><\/div>\n<h2><\/h2>\n<h2><span style=\"color: #ff0000;\">ALLA RADIO<\/span><\/h2>\n<blockquote><p><strong>CONOSCIAMO I CORI DELLA PROVINCIA,\u00a0 CORO VAL BIOIS DIRETTO DA ATTILIO COSTA<\/strong><\/p><\/blockquote>\n<blockquote><div style=\"width: 640px;\" class=\"wp-video\"><video class=\"wp-video-shortcode\" id=\"video-200841-1\" width=\"640\" height=\"360\" preload=\"metadata\" controls=\"controls\"><source type=\"video\/mp4\" src=\"https:\/\/www.radiopiu.net\/wordpress\/wp-content\/uploads\/2021\/03\/CORO-VAL-BIOIS.mp4?_=1\" \/><a href=\"https:\/\/www.radiopiu.net\/wordpress\/wp-content\/uploads\/2021\/03\/CORO-VAL-BIOIS.mp4\">https:\/\/www.radiopiu.net\/wordpress\/wp-content\/uploads\/2021\/03\/CORO-VAL-BIOIS.mp4<\/a><\/video><\/div><\/blockquote>\n<h1>LA RACCOLTA COMPLETA<\/h1>\n<blockquote class=\"wp-embedded-content\" data-secret=\"rjP0igtoM1\"><p><a href=\"https:\/\/www.radiopiu.net\/wordpress\/valbiois\/\">CONOSCIAMO I CORI DEL BELLUNESE  DECIMA PUNTATA, IL CORO VAL BIOIS DI ATTILIO COSTA<\/a><\/p><\/blockquote>\n<p><iframe loading=\"lazy\" class=\"wp-embedded-content\" sandbox=\"allow-scripts\" security=\"restricted\" style=\"position: absolute; clip: rect(1px, 1px, 1px, 1px);\" title=\"&#8220;CONOSCIAMO I CORI DEL BELLUNESE  DECIMA PUNTATA, IL CORO VAL BIOIS DI ATTILIO COSTA&#8221; &#8212; Radio Pi\u00f9\" src=\"https:\/\/www.radiopiu.net\/wordpress\/valbiois\/embed\/#?secret=rjP0igtoM1\" data-secret=\"rjP0igtoM1\" width=\"600\" height=\"338\" frameborder=\"0\" marginwidth=\"0\" marginheight=\"0\" scrolling=\"no\"><\/iframe><\/p>\n<p>&nbsp;<\/p>\n<p>&nbsp;<\/p>\n<hr \/>\n<h2><span style=\"color: #808000;\">\u00a0<\/span><\/h2>\n<h2><span style=\"color: #808000;\">DUE MINUTI UN LIBRO\u00a0 TUTTI I GIORNI ALLA RADIO ALLE 9.30 E ALLE 18. QUINTA STAGIONE\u00a0<\/span><\/h2>\n<blockquote class=\"wp-embedded-content\" data-secret=\"6MIvzuvpaS\"><p><a href=\"https:\/\/www.radiopiu.net\/wordpress\/la-proposta-di-un-gentiluomo\/\">LA PROPOSTA DI UN GENTILUOMO<\/a><\/p><\/blockquote>\n<p><iframe loading=\"lazy\" class=\"wp-embedded-content\" sandbox=\"allow-scripts\" security=\"restricted\" style=\"position: absolute; clip: rect(1px, 1px, 1px, 1px);\" title=\"&#8220;LA PROPOSTA DI UN GENTILUOMO&#8221; &#8212; Radio Pi\u00f9\" src=\"https:\/\/www.radiopiu.net\/wordpress\/la-proposta-di-un-gentiluomo\/embed\/#?secret=6MIvzuvpaS\" data-secret=\"6MIvzuvpaS\" width=\"600\" height=\"338\" frameborder=\"0\" marginwidth=\"0\" marginheight=\"0\" scrolling=\"no\"><\/iframe><\/p>\n<p><strong>LA RACCOLTA COMPLETA<\/strong><\/p>\n<h3><span style=\"color: #808000;\">\u00a0<\/span>LA RACCOLTA COMPLETA<\/h3>\n<blockquote class=\"wp-embedded-content\" data-secret=\"h97sFPsOwN\"><p><a href=\"https:\/\/www.radiopiu.net\/wordpress\/due-minuti-un-libro\/\">Due minuti un libro<\/a><\/p><\/blockquote>\n<p><iframe loading=\"lazy\" class=\"wp-embedded-content\" sandbox=\"allow-scripts\" security=\"restricted\" style=\"position: absolute; clip: rect(1px, 1px, 1px, 1px);\" title=\"&#8220;Due minuti un libro&#8221; &#8212; Radio Pi\u00f9\" src=\"https:\/\/www.radiopiu.net\/wordpress\/due-minuti-un-libro\/embed\/#?secret=h97sFPsOwN\" data-secret=\"h97sFPsOwN\" width=\"600\" height=\"338\" frameborder=\"0\" marginwidth=\"0\" marginheight=\"0\" scrolling=\"no\"><\/iframe><\/p>\n<p>&nbsp;<\/p>\n<p>&nbsp;<\/p>\n<p>&nbsp;<\/p>\n<hr \/>\n<blockquote>\n<h3><\/h3>\n<h3>IO NE HO VISTE COSE CHE VOI NON POTRESTE IMMAGINARVI<\/h3>\n<\/blockquote>\n<p><a href=\"https:\/\/www.radiopiu.net\/wordpress\/giornale-radiopiu-02-aprile-2021-direttore-mirko-mezzacasa\/e7f836c2-cfc0-4047-8cc5-501abea703c2\/\" rel=\"attachment wp-att-200877\"><img loading=\"lazy\" decoding=\"async\" class=\"wp-image-200877 alignleft\" src=\"https:\/\/www.radiopiu.net\/wordpress\/wp-content\/uploads\/2021\/04\/e7f836c2-cfc0-4047-8cc5-501abea703c2-274x300.jpg\" alt=\"\" width=\"86\" height=\"94\" srcset=\"https:\/\/www.radiopiu.net\/wordpress\/wp-content\/uploads\/2021\/04\/e7f836c2-cfc0-4047-8cc5-501abea703c2-274x300.jpg 274w, https:\/\/www.radiopiu.net\/wordpress\/wp-content\/uploads\/2021\/04\/e7f836c2-cfc0-4047-8cc5-501abea703c2.jpg 734w\" sizes=\"auto, (max-width: 86px) 100vw, 86px\" \/><\/a>Un programma di Claudio Pra, dal lunedi al venerdi \u00a0alle 8.45 ed in replica alle 19.45.<\/p>\n<p>&nbsp;<\/p>\n<p><strong>PUNTATA 10<\/strong><\/p>\n<p>&nbsp;<\/p>\n<audio class=\"wp-audio-shortcode\" id=\"audio-200841-23\" preload=\"none\" style=\"width: 100%;\" controls=\"controls\"><source type=\"audio\/mpeg\" src=\"https:\/\/www.radiopiu.net\/wordpress\/wp-content\/uploads\/2021\/04\/10-puntata.mp3?_=23\" \/><a href=\"https:\/\/www.radiopiu.net\/wordpress\/wp-content\/uploads\/2021\/04\/10-puntata.mp3\">https:\/\/www.radiopiu.net\/wordpress\/wp-content\/uploads\/2021\/04\/10-puntata.mp3<\/a><\/audio>\n<h2><span style=\"color: #000000;\"><strong>LA RACCOLTA COMPLETA<\/strong><\/span><\/h2>\n<p>https:\/\/www.radiopiu.net\/wordpress\/programma2\/<\/p>\n<p>&nbsp;<\/p>\n<p>&nbsp;<\/p>\n<hr \/>\n<p>&nbsp;<\/p>\n<p>&nbsp;<\/p>\n<h1><span style=\"color: #ff0000;\"><strong>IN VIVO VERSO 2020-21<\/strong><\/span><\/h1>\n<blockquote><p><span style=\"color: #ff0000;\"><strong>IN ONDA DAL LUNEDI AL VENERDI ALLE 7.10, 10.10, 18.50\u00a0 \u00a0<\/strong><\/span><\/p><\/blockquote>\n<blockquote class=\"wp-embedded-content\" data-secret=\"gPidiEesmJ\"><p><a href=\"https:\/\/www.radiopiu.net\/wordpress\/alla-ricerca-del-tempo-ordinario-di-loredana-borghetto\/\">ALLA RICERCA DEL TEMPO ORDINARIO di LOREDANA BORGHETTO<\/a><\/p><\/blockquote>\n<p><iframe loading=\"lazy\" class=\"wp-embedded-content\" sandbox=\"allow-scripts\" security=\"restricted\" style=\"position: absolute; clip: rect(1px, 1px, 1px, 1px);\" title=\"&#8220;ALLA RICERCA DEL TEMPO ORDINARIO di LOREDANA BORGHETTO&#8221; &#8212; Radio Pi\u00f9\" src=\"https:\/\/www.radiopiu.net\/wordpress\/alla-ricerca-del-tempo-ordinario-di-loredana-borghetto\/embed\/#?secret=gPidiEesmJ\" data-secret=\"gPidiEesmJ\" width=\"600\" height=\"338\" frameborder=\"0\" marginwidth=\"0\" marginheight=\"0\" scrolling=\"no\"><\/iframe><\/p>\n<p>&nbsp;<\/p>\n<p><strong>LA RACCOLTA COMPLETA<\/strong><\/p>\n<blockquote class=\"wp-embedded-content\" data-secret=\"fX3Jk6ZH7Y\"><p><a href=\"https:\/\/www.radiopiu.net\/wordpress\/in-vivo-verso\/\">In Vivo Verso<\/a><\/p><\/blockquote>\n<p><iframe loading=\"lazy\" class=\"wp-embedded-content\" sandbox=\"allow-scripts\" security=\"restricted\" style=\"position: absolute; clip: rect(1px, 1px, 1px, 1px);\" title=\"&#8220;In Vivo Verso&#8221; &#8212; Radio Pi\u00f9\" src=\"https:\/\/www.radiopiu.net\/wordpress\/in-vivo-verso\/embed\/#?secret=fX3Jk6ZH7Y\" data-secret=\"fX3Jk6ZH7Y\" width=\"600\" height=\"338\" frameborder=\"0\" marginwidth=\"0\" marginheight=\"0\" scrolling=\"no\"><\/iframe><\/p>\n<hr \/>\n<p>&nbsp;<\/p>\n<p>&nbsp;<\/p>\n<h2><span style=\"color: #ff0000;\"><a href=\"https:\/\/www.radiopiu.net\/wordpress\/giornale-radiopiu-05-gennaio-2021-direttore-mirko-mezzacasa\/133200401_100838761953611_1258544160541445132_o-2\/\" rel=\"attachment wp-att-183078\"><img loading=\"lazy\" decoding=\"async\" class=\" wp-image-183078 alignleft\" src=\"https:\/\/www.radiopiu.net\/wordpress\/wp-content\/uploads\/2021\/01\/133200401_100838761953611_1258544160541445132_o-1-300x157.jpg\" alt=\"\" width=\"192\" height=\"101\" srcset=\"https:\/\/www.radiopiu.net\/wordpress\/wp-content\/uploads\/2021\/01\/133200401_100838761953611_1258544160541445132_o-1-300x157.jpg 300w, https:\/\/www.radiopiu.net\/wordpress\/wp-content\/uploads\/2021\/01\/133200401_100838761953611_1258544160541445132_o-1.jpg 526w\" sizes=\"auto, (max-width: 192px) 100vw, 192px\" \/><\/a>GOCCE DI FILOSOFIA, CON CHIARA CAU, CON LISA DE LUCA. <\/span><\/h2>\n<h2><span style=\"color: #ff0000;\">TUTTI I GIORNI DAL LUNEDI AL VENERDI ALLE 6.55 E ALLE 18.55<\/span><\/h2>\n<p><strong>PUNTATA 70<\/strong><\/p>\n<audio class=\"wp-audio-shortcode\" id=\"audio-200841-24\" preload=\"none\" style=\"width: 100%;\" controls=\"controls\"><source type=\"audio\/mpeg\" src=\"https:\/\/www.radiopiu.net\/wordpress\/wp-content\/uploads\/2021\/03\/FI5-3.mp3?_=24\" \/><a href=\"https:\/\/www.radiopiu.net\/wordpress\/wp-content\/uploads\/2021\/03\/FI5-3.mp3\">https:\/\/www.radiopiu.net\/wordpress\/wp-content\/uploads\/2021\/03\/FI5-3.mp3<\/a><\/audio>\n<p>&nbsp;<\/p>\n<h3>LA RACCOLTA COMPLETA<\/h3>\n<blockquote class=\"wp-embedded-content\" data-secret=\"vWivlSZ4H7\"><p><a href=\"https:\/\/www.radiopiu.net\/wordpress\/gocce-filosofia\/\">Gocce di filosofia<\/a><\/p><\/blockquote>\n<p><iframe loading=\"lazy\" class=\"wp-embedded-content\" sandbox=\"allow-scripts\" security=\"restricted\" style=\"position: absolute; clip: rect(1px, 1px, 1px, 1px);\" title=\"&#8220;Gocce di filosofia&#8221; &#8212; Radio Pi\u00f9\" src=\"https:\/\/www.radiopiu.net\/wordpress\/gocce-filosofia\/embed\/#?secret=vWivlSZ4H7\" data-secret=\"vWivlSZ4H7\" width=\"600\" height=\"338\" frameborder=\"0\" marginwidth=\"0\" marginheight=\"0\" scrolling=\"no\"><\/iframe><\/p>\n<p>&nbsp;<\/p>\n<hr \/>\n<p>&nbsp;<\/p>\n<p>&nbsp;<\/p>\n<blockquote>\n<h3><a href=\"https:\/\/www.radiopiu.net\/wordpress\/almanacco-ladino-puntata-5-2020\/sn\/\" rel=\"attachment wp-att-180931\"><img loading=\"lazy\" decoding=\"async\" class=\"wp-image-180931 alignleft\" src=\"https:\/\/www.radiopiu.net\/wordpress\/wp-content\/uploads\/2020\/12\/sn-300x194.jpg\" alt=\"\" width=\"181\" height=\"117\" srcset=\"https:\/\/www.radiopiu.net\/wordpress\/wp-content\/uploads\/2020\/12\/sn-300x194.jpg 300w, https:\/\/www.radiopiu.net\/wordpress\/wp-content\/uploads\/2020\/12\/sn.jpg 626w\" sizes=\"auto, (max-width: 181px) 100vw, 181px\" \/><\/a>L&#8217;ALMANACCO LADINO CON L&#8217;ISTITUT CESA DE JAN QUINDICINALE APPUNTAMENTO. LA DOMENICA ALLE 9 IL LUNEDI ALLE 8.35 IL MARTEDI ALLE 12.35 IL MERCOLEDI ALLE 18.35. SECONDA STAGIONE.<\/h3>\n<p><strong>PUNTATA DEL 29 MARZO 2021<\/strong><\/p><\/blockquote>\n<audio class=\"wp-audio-shortcode\" id=\"audio-200841-25\" preload=\"none\" style=\"width: 100%;\" controls=\"controls\"><source type=\"audio\/mpeg\" src=\"https:\/\/www.radiopiu.net\/wordpress\/wp-content\/uploads\/2020\/10\/55\u00b0-Almanacco-Ladino_Fodom.mp3?_=25\" \/><a href=\"https:\/\/www.radiopiu.net\/wordpress\/wp-content\/uploads\/2020\/10\/55\u00b0-Almanacco-Ladino_Fodom.mp3\">https:\/\/www.radiopiu.net\/wordpress\/wp-content\/uploads\/2020\/10\/55\u00b0-Almanacco-Ladino_Fodom.mp3<\/a><\/audio>\n<p>&nbsp;<\/p>\n<p><strong>RACCOLTA COMPLETA\u00a0<\/strong><\/p>\n<blockquote class=\"wp-embedded-content\" data-secret=\"lBl0LPiq5M\"><p><a href=\"https:\/\/www.radiopiu.net\/wordpress\/almanacco-ladino\/\">Almanacco Ladino<\/a><\/p><\/blockquote>\n<p><iframe loading=\"lazy\" class=\"wp-embedded-content\" sandbox=\"allow-scripts\" security=\"restricted\" style=\"position: absolute; clip: rect(1px, 1px, 1px, 1px);\" title=\"&#8220;Almanacco Ladino&#8221; &#8212; Radio Pi\u00f9\" src=\"https:\/\/www.radiopiu.net\/wordpress\/almanacco-ladino\/embed\/#?secret=lBl0LPiq5M\" data-secret=\"lBl0LPiq5M\" width=\"600\" height=\"338\" frameborder=\"0\" marginwidth=\"0\" marginheight=\"0\" scrolling=\"no\"><\/iframe><\/p>\n<h2><\/h2>\n<hr \/>\n<div dir=\"auto\">\n<div>\n<h2><span style=\"color: #800080;\"><strong>LA RASSEGNA STAMPA DA L&#8217;AMICO DEL POPOLO\u00a0<\/strong><\/span><\/h2>\n<h3 class=\"kvgmc6g5 cxmmr5t8 oygrvhab hcukyx3x c1et5uql\"><span style=\"color: #0000ff;\"> INFORMAZIONE il canale su TELEGRAM informazione di prima mano e in tempo reale. iscriviti ed aiutaci a farlo conoscere\u00a0<\/span><\/h3>\n<p><strong><a href=\"https:\/\/www.radiopiu.net\/wordpress\/agordina-seconda-categoria-il-punto-dopo-6-giornate\/marco-lorenzi-ok\/\" rel=\"attachment wp-att-64292\"><img loading=\"lazy\" decoding=\"async\" class=\" wp-image-64292 alignleft\" src=\"https:\/\/www.radiopiu.net\/wordpress\/wp-content\/uploads\/2018\/10\/MARCO-LORENZI-OK-300x180.png\" alt=\"\" width=\"155\" height=\"93\" srcset=\"https:\/\/www.radiopiu.net\/wordpress\/wp-content\/uploads\/2018\/10\/MARCO-LORENZI-OK-300x180.png 300w, https:\/\/www.radiopiu.net\/wordpress\/wp-content\/uploads\/2018\/10\/MARCO-LORENZI-OK.png 669w\" sizes=\"auto, (max-width: 155px) 100vw, 155px\" \/><\/a>di Gianni Santomaso<\/strong><\/p>\n<p>OSPITE: Marco Lorenzi<\/p>\n<audio class=\"wp-audio-shortcode\" id=\"audio-200841-26\" preload=\"none\" style=\"width: 100%;\" controls=\"controls\"><source type=\"audio\/mpeg\" src=\"https:\/\/www.radiopiu.net\/wordpress\/wp-content\/uploads\/2021\/03\/RASSEGNA-GIANNI-2.mp3?_=26\" \/><a href=\"https:\/\/www.radiopiu.net\/wordpress\/wp-content\/uploads\/2021\/03\/RASSEGNA-GIANNI-2.mp3\">https:\/\/www.radiopiu.net\/wordpress\/wp-content\/uploads\/2021\/03\/RASSEGNA-GIANNI-2.mp3<\/a><\/audio>\n<p>&nbsp;<\/p>\n<p><strong>LA RACCOLTA COMPLETA<\/strong><\/p>\n<blockquote class=\"wp-embedded-content\" data-secret=\"tKQQITY4ve\"><p><a href=\"https:\/\/www.radiopiu.net\/wordpress\/rassegna-stampa-di-gianni-santomaso\/\">Rassegna stampa da l&#8217;amico del popolo &#8211; di Gianni Santomaso<\/a><\/p><\/blockquote>\n<p><iframe loading=\"lazy\" class=\"wp-embedded-content\" sandbox=\"allow-scripts\" security=\"restricted\" style=\"position: absolute; clip: rect(1px, 1px, 1px, 1px);\" title=\"&#8220;Rassegna stampa da l&#8217;amico del popolo &#8211; di Gianni Santomaso&#8221; &#8212; Radio Pi\u00f9\" src=\"https:\/\/www.radiopiu.net\/wordpress\/rassegna-stampa-di-gianni-santomaso\/embed\/#?secret=tKQQITY4ve\" data-secret=\"tKQQITY4ve\" width=\"600\" height=\"338\" frameborder=\"0\" marginwidth=\"0\" marginheight=\"0\" scrolling=\"no\"><\/iframe><\/p>\n<p>&nbsp;<\/p>\n<\/div>\n<\/div>\n<div dir=\"auto\">\n<hr \/>\n<p>&nbsp;<\/p>\n<blockquote>\n<h3>SALUTE E SOCIETA&#8217; IL LUNEDI ALLE 13.10 E ALLE 20.10, LA DOMENICA ALLE 10.30 A CURA DEL DOTTOR MARCO CARACCIOLO. QUINTA STAGIONE<\/h3>\n<\/blockquote>\n<p><strong><a href=\"https:\/\/www.radiopiu.net\/wordpress\/aderenza-terapeutica-nelle-malattie-croniche\/malattia-cronica\/\" rel=\"attachment wp-att-199913\"><img loading=\"lazy\" decoding=\"async\" class=\"wp-image-199913 alignleft\" src=\"https:\/\/www.radiopiu.net\/wordpress\/wp-content\/uploads\/2021\/03\/malattia-cronica-300x200.jpeg\" alt=\"\" width=\"203\" height=\"135\" srcset=\"https:\/\/www.radiopiu.net\/wordpress\/wp-content\/uploads\/2021\/03\/malattia-cronica-300x200.jpeg 300w, https:\/\/www.radiopiu.net\/wordpress\/wp-content\/uploads\/2021\/03\/malattia-cronica.jpeg 626w\" sizes=\"auto, (max-width: 203px) 100vw, 203px\" \/><\/a>LA PUNTATA DELLA SETTIMANA\u00a0 <\/strong>Un \u201cindicatore sintetico di aderenza\u201d integrato nel Nuovo Sistema di Garanzia dei LEA (livelli essenziali di assistenza), per misurare l\u2019aderenza terapeutica nelle malattie croniche in maniera standardizzata a livello nazionale: \u00e8 la proposta formulata da Italia Longeva, l\u2019Associazione nazionale per l\u2019invecchiamento e la longevit\u00e0 attiva del Ministero della Salute, per dare una risposta concreta al problema della scarsa aderenza alle cure, particolarmente rilevante tra gli anziani e fortemente acuito dalla pandemia. Roberto Bernabei, Presidente di Italia Longeva Andrea Urbani, Direttore Generale della Programmazione sanitaria del Ministero della Salute Pierpaolo Sileri, Sottosegretario di Stato al Ministero della salute<\/p>\n<audio class=\"wp-audio-shortcode\" id=\"audio-200841-27\" preload=\"none\" style=\"width: 100%;\" controls=\"controls\"><source type=\"audio\/mpeg\" src=\"https:\/\/www.radiopiu.net\/wordpress\/wp-content\/uploads\/2021\/03\/SALUTE-2.mp3?_=27\" \/><a href=\"https:\/\/www.radiopiu.net\/wordpress\/wp-content\/uploads\/2021\/03\/SALUTE-2.mp3\">https:\/\/www.radiopiu.net\/wordpress\/wp-content\/uploads\/2021\/03\/SALUTE-2.mp3<\/a><\/audio>\n<h3><strong>LA RACCOLTA COMPLETA\u00a0<\/strong><\/h3>\n<\/div>\n<blockquote class=\"wp-embedded-content\" data-secret=\"IFgUmqO2E3\"><p><a href=\"https:\/\/www.radiopiu.net\/wordpress\/saluteesocieta\/\">Salute e Societ\u00e0<\/a><\/p><\/blockquote>\n<p><iframe loading=\"lazy\" class=\"wp-embedded-content\" sandbox=\"allow-scripts\" security=\"restricted\" style=\"position: absolute; clip: rect(1px, 1px, 1px, 1px);\" title=\"&#8220;Salute e Societ\u00e0&#8221; &#8212; Radio Pi\u00f9\" src=\"https:\/\/www.radiopiu.net\/wordpress\/saluteesocieta\/embed\/#?secret=IFgUmqO2E3\" data-secret=\"IFgUmqO2E3\" width=\"600\" height=\"338\" frameborder=\"0\" marginwidth=\"0\" marginheight=\"0\" scrolling=\"no\"><\/iframe><\/p>\n<hr \/>\n<p>&nbsp;<\/p>\n<blockquote>\n<h3 class=\"kvgmc6g5 cxmmr5t8 oygrvhab hcukyx3x c1et5uql\"><span style=\"color: #0000ff;\">INFORMAZIONE il canale su TELEGRAM informazione di prima mano e in tempo reale. iscriviti ed aiutaci a farlo conoscere\u00a0<\/span><\/h3>\n<\/blockquote>\n<h2><img loading=\"lazy\" decoding=\"async\" class=\"alignleft\" src=\"https:\/\/www.radiopiu.net\/wordpress\/wp-content\/uploads\/2021\/03\/narr.jpg\" width=\"158\" height=\"105\" \/>007 IN CONDOTTA CON LA PROF. MARIA ROSA SALMAZO IL LUNEDI ALLE 10,30 E ALLE 19.00 LA DOMENICA ALLE 8 DEL MATTINO. NONA STAGIONE<\/h2>\n<p><span style=\"color: #ff0000;\"><strong>PUNTATA DEL 29 MARZO 2021<\/strong><\/span><\/p>\n<audio class=\"wp-audio-shortcode\" id=\"audio-200841-28\" preload=\"none\" style=\"width: 100%;\" controls=\"controls\"><source type=\"audio\/mpeg\" src=\"https:\/\/www.radiopiu.net\/wordpress\/wp-content\/uploads\/2020\/10\/007-28-marzo.mp3?_=28\" \/><a href=\"https:\/\/www.radiopiu.net\/wordpress\/wp-content\/uploads\/2020\/10\/007-28-marzo.mp3\">https:\/\/www.radiopiu.net\/wordpress\/wp-content\/uploads\/2020\/10\/007-28-marzo.mp3<\/a><\/audio>\n<h2>LA RACCOLTA COMPLETA<\/h2>\n<blockquote class=\"wp-embedded-content\" data-secret=\"apjryIe90o\"><p><a href=\"https:\/\/www.radiopiu.net\/wordpress\/007incondotta-9\/\">007 in condotta<\/a><\/p><\/blockquote>\n<p><iframe loading=\"lazy\" class=\"wp-embedded-content\" sandbox=\"allow-scripts\" security=\"restricted\" style=\"position: absolute; clip: rect(1px, 1px, 1px, 1px);\" title=\"&#8220;007 in condotta&#8221; &#8212; Radio Pi\u00f9\" src=\"https:\/\/www.radiopiu.net\/wordpress\/007incondotta-9\/embed\/#?secret=apjryIe90o\" data-secret=\"apjryIe90o\" width=\"600\" height=\"338\" frameborder=\"0\" marginwidth=\"0\" marginheight=\"0\" scrolling=\"no\"><\/iframe><\/p>\n<blockquote><p>&nbsp;<\/p>\n<p>&nbsp;<\/p><\/blockquote>\n<hr \/>\n<p>&nbsp;<\/p>\n<p>&nbsp;<\/p>\n<div>\n<h2><span style=\"color: #33cccc;\">I RACCONTI DI PAOLO SOPPELSA il lunedi alle 9.30 e 18.30<\/span><\/h2>\n<blockquote class=\"wp-embedded-content\" data-secret=\"I0BMUrN4c9\"><p><a href=\"https:\/\/www.radiopiu.net\/wordpress\/i-racconti-di-paolo-soppelsa-sessantottesima-puntata\/\">I RACCONTI DI PAOLO SOPPELSA SESSANTOTTESIMA PUNTATA<\/a><\/p><\/blockquote>\n<p><iframe loading=\"lazy\" class=\"wp-embedded-content\" sandbox=\"allow-scripts\" security=\"restricted\" style=\"position: absolute; clip: rect(1px, 1px, 1px, 1px);\" title=\"&#8220;I RACCONTI DI PAOLO SOPPELSA SESSANTOTTESIMA PUNTATA&#8221; &#8212; Radio Pi\u00f9\" src=\"https:\/\/www.radiopiu.net\/wordpress\/i-racconti-di-paolo-soppelsa-sessantottesima-puntata\/embed\/#?secret=I0BMUrN4c9\" data-secret=\"I0BMUrN4c9\" width=\"600\" height=\"338\" frameborder=\"0\" marginwidth=\"0\" marginheight=\"0\" scrolling=\"no\"><\/iframe><\/p>\n<p><span style=\"color: #0000ff;\">INFORMAZIONE il canale su TELEGRAM informazione di prima mano e in tempo reale. iscriviti ed aiutaci a farlo conoscere\u00a0<\/span><\/p>\n<h2><span style=\"color: #33cccc;\"><strong>RACCOLTA COMPLETA<\/strong><\/span><\/h2>\n<blockquote class=\"wp-embedded-content\" data-secret=\"jjETlTUUYJ\"><p><a href=\"https:\/\/www.radiopiu.net\/wordpress\/i-racconti-di-paolo-soppelsa\/\">I racconti di Paolo Soppelsa<\/a><\/p><\/blockquote>\n<p><iframe loading=\"lazy\" class=\"wp-embedded-content\" sandbox=\"allow-scripts\" security=\"restricted\" style=\"position: absolute; clip: rect(1px, 1px, 1px, 1px);\" title=\"&#8220;I racconti di Paolo Soppelsa&#8221; &#8212; Radio Pi\u00f9\" src=\"https:\/\/www.radiopiu.net\/wordpress\/i-racconti-di-paolo-soppelsa\/embed\/#?secret=jjETlTUUYJ\" data-secret=\"jjETlTUUYJ\" width=\"600\" height=\"338\" frameborder=\"0\" marginwidth=\"0\" marginheight=\"0\" scrolling=\"no\"><\/iframe><\/p>\n<\/div>\n<h2><span style=\"color: #ff0000;\">\u00a0\u00a0<\/span><\/h2>\n<hr \/>\n<div><\/div>\n<p>&nbsp;<\/p>\n<h2><strong><span style=\"color: #ff0000;\">\u00a0ALLA RADIO<\/span><\/strong><\/h2>\n<div data-offset-key=\"5n5nl-0-0\">\n<h3>Per ricevere gli aggiornamenti in tempo reale delle notizie pubblicate alla radio e sul sito di radio pi\u00f9 iscriviti al gruppo RADIO PIU INFORMAZIONE su Telegram.\u00a0\u00a0<a href=\"https:\/\/t.me\/radiopiu\">clicca qui<\/a><\/h3>\n<p>&nbsp;<\/p>\n<p><strong><a class=\"dt-pswp-item\" href=\"https:\/\/www.radiopiu.net\/wordpress\/wp-content\/uploads\/2020\/01\/logo-csa.jpg\" data-dt-img-description=\"\" data-large_image_width=\"1167\" data-large_image_height=\"574\"><img loading=\"lazy\" decoding=\"async\" class=\"wp-image-113364 alignleft\" src=\"https:\/\/www.radiopiu.net\/wordpress\/wp-content\/uploads\/2020\/01\/logo-csa-300x148.jpg\" alt=\"\" width=\"182\" height=\"90\" srcset=\"https:\/\/www.radiopiu.net\/wordpress\/wp-content\/uploads\/2020\/01\/logo-csa-300x148.jpg 300w, https:\/\/www.radiopiu.net\/wordpress\/wp-content\/uploads\/2020\/01\/logo-csa-1024x504.jpg 1024w, https:\/\/www.radiopiu.net\/wordpress\/wp-content\/uploads\/2020\/01\/logo-csa-768x378.jpg 768w, https:\/\/www.radiopiu.net\/wordpress\/wp-content\/uploads\/2020\/01\/logo-csa.jpg 1167w\" sizes=\"auto, (max-width: 182px) 100vw, 182px\" \/><\/a>AGORDO<\/strong> Appuntamento mensile (primo venerdi del mese) con lo speciale condotto da Claudio<\/p>\n<p>Fontanive, in studio Fabrizio Campedel e Paolo Chissal\u00e8.<\/p>\n<\/div>\n<p><strong>PUNTATA DI MARZO<\/strong><\/p>\n<audio class=\"wp-audio-shortcode\" id=\"audio-200841-29\" preload=\"none\" style=\"width: 100%;\" controls=\"controls\"><source type=\"audio\/mpeg\" src=\"https:\/\/www.radiopiu.net\/wordpress\/wp-content\/uploads\/2021\/03\/ca-sol-lux-marzo.mp3?_=29\" \/><a href=\"https:\/\/www.radiopiu.net\/wordpress\/wp-content\/uploads\/2021\/03\/ca-sol-lux-marzo.mp3\">https:\/\/www.radiopiu.net\/wordpress\/wp-content\/uploads\/2021\/03\/ca-sol-lux-marzo.mp3<\/a><\/audio>\n<blockquote>\n<h2>RACCOLTA COMPLETA<\/h2>\n<\/blockquote>\n<blockquote class=\"wp-embedded-content\" data-secret=\"LqTl8eZSCM\"><p><a href=\"https:\/\/www.radiopiu.net\/wordpress\/cassa-solidarieta-luxottica-puntata-del-16-ottobre-2020\/\">CASSA SOLIDARIET\u00c0 LUXOTTICA &#8211; PUNTATA DEL 20 NOVEMBRE 2020<\/a><\/p><\/blockquote>\n<p><iframe loading=\"lazy\" class=\"wp-embedded-content\" sandbox=\"allow-scripts\" security=\"restricted\" style=\"position: absolute; clip: rect(1px, 1px, 1px, 1px);\" title=\"&#8220;CASSA SOLIDARIET\u00c0 LUXOTTICA &#8211; PUNTATA DEL 20 NOVEMBRE 2020&#8221; &#8212; Radio Pi\u00f9\" src=\"https:\/\/www.radiopiu.net\/wordpress\/cassa-solidarieta-luxottica-puntata-del-16-ottobre-2020\/embed\/#?secret=LqTl8eZSCM\" data-secret=\"LqTl8eZSCM\" width=\"600\" height=\"338\" frameborder=\"0\" marginwidth=\"0\" marginheight=\"0\" scrolling=\"no\"><\/iframe><\/p>\n<div><\/div>\n<p>&nbsp;<\/p>\n<p>&nbsp;<\/p>\n<p>&nbsp;<\/p>\n<hr \/>\n<blockquote>\n<h3><a href=\"https:\/\/www.radiopiu.net\/wordpress\/giornale-radiopiu-06-febbraio-2019-direttore-mirko-mezzacasa\/logo_spi-cgil-800x445\/\" rel=\"attachment wp-att-75538\"><img loading=\"lazy\" decoding=\"async\" class=\"wp-image-75538 alignleft\" src=\"https:\/\/www.radiopiu.net\/wordpress\/wp-content\/uploads\/2019\/02\/Logo_Spi-CGIL-800x445-300x167.jpg\" alt=\"\" width=\"210\" height=\"117\" srcset=\"https:\/\/www.radiopiu.net\/wordpress\/wp-content\/uploads\/2019\/02\/Logo_Spi-CGIL-800x445-300x167.jpg 300w, https:\/\/www.radiopiu.net\/wordpress\/wp-content\/uploads\/2019\/02\/Logo_Spi-CGIL-800x445-768x427.jpg 768w, https:\/\/www.radiopiu.net\/wordpress\/wp-content\/uploads\/2019\/02\/Logo_Spi-CGIL-800x445.jpg 800w\" sizes=\"auto, (max-width: 210px) 100vw, 210px\" \/><\/a>ALLA RADIO, APPUNTAMENTO QUINDICINALE CON SPI-CGIL BELLUNO, IN STUDIO MARIA RITA GENTILIN<\/h3>\n<\/blockquote>\n<p><strong>di Claudio Fontanive\u00a0<\/strong><\/p>\n<p><span style=\"color: #ff0000;\"><strong>PUNTATA DEL 18 MARZO 2021<\/strong><\/span><\/p>\n<audio class=\"wp-audio-shortcode\" id=\"audio-200841-30\" preload=\"none\" style=\"width: 100%;\" controls=\"controls\"><source type=\"audio\/mpeg\" src=\"https:\/\/www.radiopiu.net\/wordpress\/wp-content\/uploads\/2021\/03\/spi-cigl-18-marzo.mp3?_=30\" \/><a href=\"https:\/\/www.radiopiu.net\/wordpress\/wp-content\/uploads\/2021\/03\/spi-cigl-18-marzo.mp3\">https:\/\/www.radiopiu.net\/wordpress\/wp-content\/uploads\/2021\/03\/spi-cigl-18-marzo.mp3<\/a><\/audio>\n<p>&nbsp;<\/p>\n<p>&nbsp;<\/p>\n<div dir=\"auto\">\n<div>\n<p>&nbsp;<\/p>\n<\/div>\n<\/div>\n<div dir=\"auto\">\n<hr \/>\n<p>&nbsp;<\/p>\n<div>\n<p class=\"photoswipe-wrapper\"><a class=\"dt-pswp-item pspw-wrap-ready\" href=\"https:\/\/i0.wp.com\/www.radiopiu.net\/wordpress\/wp-content\/uploads\/2018\/09\/viabilita.jpeg?ssl=1\" data-dt-img-description=\"\" data-large_image_width=\"800\" data-large_image_height=\"100\"><img loading=\"lazy\" decoding=\"async\" class=\"aligncenter wp-image-61954 size-full\" src=\"https:\/\/i0.wp.com\/www.radiopiu.net\/wordpress\/wp-content\/uploads\/2018\/09\/viabilita.jpeg?resize=800%2C100&amp;ssl=1\" sizes=\"auto, (max-width: 800px) 100vw, 800px\" srcset=\"https:\/\/i0.wp.com\/www.radiopiu.net\/wordpress\/wp-content\/uploads\/2018\/09\/viabilita.jpeg?w=800&amp;ssl=1 800w, https:\/\/i0.wp.com\/www.radiopiu.net\/wordpress\/wp-content\/uploads\/2018\/09\/viabilita.jpeg?resize=300%2C38&amp;ssl=1 300w, https:\/\/i0.wp.com\/www.radiopiu.net\/wordpress\/wp-content\/uploads\/2018\/09\/viabilita.jpeg?resize=768%2C96&amp;ssl=1 768w\" alt=\"\" width=\"800\" height=\"100\" \/><\/a><\/p>\n<\/div>\n<\/div>\n<p><strong>\u00a0\u00a0<\/strong><\/p>\n<p><strong>SR 203 AGORDINA<\/strong> dal 12 al 16 aprile in localit\u00e0 Peron di Sedico, senso unico alternato regolato da impianto semaforico per posa tubazione idrica<\/p>\n<p><strong>SP 347 DEL PASSO CEREDA E DURAN\u00a0<\/strong>in comune di Voltago, dal 6 al 16 aprile escluso sabato e domenica, senso unico alternato regolato da impianto semaforico per realizzazione tombinature<\/p>\n<p><strong>SP 1 SINISTRA PIAVE<\/strong> nei giorni 12 e 13 aprile senso unico alternato regolato da movieri dalle 7:30 alle 17:30 per lavori taglio alberi<\/p>\n<p><strong>SP 148 CADORNA\u00a0<\/strong>in comune di Fonzaso, interdizione totale al traffico dalle 7 alle 12 e dalle 13 alle 18 nei giorni 8 e 9 aprile. Dal 12 al 30 aprile senso unico alternato regolato da impianto semaforico e possibili interruzioni di massimo 30 minuti, compresi sabato, domenica e festivi per messa in sicurezza della strada<\/p>\n<p><strong>SP 473 DI CROCE D&#8217;AUNE<\/strong> fino al 30 aprile in comune di Pedavena, sabato e domenica esclusi, senso unico alternato regolato da semaforo o movieri dalle 8 alle 18 per taglio piante<\/p>\n<p><strong>SP 12 PEDEMONTANA<\/strong> dal 6 aprile al 7 maggio, sabato e domenica compresi, senso unico alternato regolato da semaforo in localit\u00e0 Salgarda in comune di Feltre per posa condotta smaltimento acque meteoriche<\/p>\n<p><strong>SP 1 BIS MADONNA DEL PAIVE<\/strong> Dal 6 al 13 aprile, esclusi sabato e domenica, dalle 8 alle 18 in localit\u00e0 Marziai di Quero Vas, senso unico alternato regolato da semaforo o movieri per posa cavidotto per conto di E-Distribuzione<\/p>\n<p><strong>SR 203 AGORDINA <\/strong>senso unico alternato regolato da\u00a0 movieri per tratti di 300 metri in localit\u00e0 La Stanga dal 12 al 30 aprile dalle 8 alle 12 e dalle 13 alle 18 per lavori di ripristino del manto d&#8217;usura<\/p>\n<p><strong>SP 10 DI ALANO\u00a0<\/strong> il 7 e 8 aprile senso unico alternato regolato da semaforo in localit\u00e0 Cuniol di Alano di Piave per adeguamento dli scarichi di dilavamento del piazzale ecocentro<\/p>\n<div dir=\"auto\">\n<p><strong>SP 473 CROCE<\/strong> <strong>D&#8217;AUNE<\/strong> Dalle 8 alle 18, dal 23 marzo al 30 aprile compresi sabato domenica e festivi, senso unico alternato regolato da impianto semaforico in comune di Sovramonte per sostituzione barriere di sicurezza<\/p>\n<p><strong>SR 48 DELLE DOLOMITI\u00a0<\/strong>Dal 22 marzo al 30 aprile, dalle 7 alle 18 esclusi sabato domenica e festivi, interruzioni alla viabilit\u00e0 della durata massima di 20 minuti e senso unico alternato regolato da impianto semaforico per messa in sicurezza del versante a monte della strada in comune di Livinallongo<\/p>\n<p><strong>SP 473 CROCE D&#8217;AUNE<\/strong> dal 18 marzo al 15 aprile interdizione totale al traffico in localit\u00e0 Pedavena per ristrutturazione fabbricato. Traffico deviato su Via Trento<\/p>\n<p><strong>SP 473 CROCE D&#8217;AUNE\u00a0<\/strong> dal 18 marzo al 16 aprile, in localit\u00e0 Sarzen, interdizione totale alla viabilit\u00e0 ad eccezione di domeniche e festivi infrasettimanali per lavori di posa canalizzazioni per conto di E-Distribuzione. Transito consentito solo a mezzi pubblici, scolastici e di soccorso<\/p>\n<p><strong>SP 26 DIGOMAN\u00a0<\/strong>dal 22 marzo al 3 aprile interdizione totale al traffico in comune di Rivamonte dalle 8 alle 17, domeniche escluse, per lavori di esbosco schianti Vaia. Negli altri orari senso unico alternato regolato da impianto semaforico.<\/p>\n<p><strong>203 AGORDINA LIVINALLONGO <\/strong>dal 15 marzo per un mese (inclusi festivi e prefestivi) senso unico in localit\u00e0 Ponte Pignazza<\/p>\n<p><strong>SP 251 DELLA VAL DI ZOLDO E CELLINA<\/strong> Istituzione di senso unico alternato regolato da semaforo nel comune di Val di Zoldo per messa in sicurezza della strada<\/p>\n<p><strong>SP 42 CAVALLERA<\/strong> fino a revoca, chiusura della strada nell&#8217;abitato di Perarolo per attivazione emergenza frana &#8220;Busa del Cristo&#8221;<\/p>\n<p><strong>S.P.2 DELLA VALLE DEL MIS\u00a0<\/strong>Interdizione totale al traffico fino a revoca dal km 14,920 (localit\u00e0 Gona Bassa) al km 20,650 (localit\u00e0 Titele) per cedimento della carreggiata<\/p>\n<p><strong>S.P. 5 DI LAMOSANO<\/strong>\u00a0Interdizione totale fino a revoca per presenza di materiale e alberi in strada.<\/p>\n<p><strong>SP 3 DELLA VAL IMPERINA<\/strong> fino a revoca, senso unico alternato regolato a vista in localit\u00e0 Gona di Conedera di Rivamonte per cedimento della carreggiata stradale<\/p>\n<p><strong>PROVINCIALE 2, VALLE DEL MIS KM 9 -14\u00a0 <\/strong>Fino al 30 MARZO dalle 7.30 alle 17.30, sabato e domenica esclusi, senso unico alternato regolato da movieri o a vista, tratti di 100 metri. Ripristino reti lato strada.<\/p>\n<\/div>\n<p><b>\u00a0<\/b><\/p>\n<p>&nbsp;<\/p>\n<div dir=\"auto\">\n<hr \/>\n<p>&nbsp;<\/p>\n<div>\n<p class=\"photoswipe-wrapper\"><a class=\"dt-pswp-item pspw-wrap-ready\" href=\"https:\/\/i0.wp.com\/www.radiopiu.net\/wordpress\/wp-content\/uploads\/2018\/09\/WhatsApp-Image-2018-09-20-at-16.04.06.jpeg?ssl=1\" data-dt-img-description=\"\" data-large_image_width=\"800\" data-large_image_height=\"100\"><img loading=\"lazy\" decoding=\"async\" class=\"aligncenter wp-image-61378 size-full jetpack-lazy-image jetpack-lazy-image--handled\" src=\"https:\/\/i0.wp.com\/www.radiopiu.net\/wordpress\/wp-content\/uploads\/2018\/09\/WhatsApp-Image-2018-09-20-at-16.04.06.jpeg?resize=800%2C100&amp;ssl=1\" sizes=\"auto, (max-width: 800px) 100vw, 800px\" srcset=\"https:\/\/i0.wp.com\/www.radiopiu.net\/wordpress\/wp-content\/uploads\/2018\/09\/WhatsApp-Image-2018-09-20-at-16.04.06.jpeg?w=800&amp;ssl=1 800w, https:\/\/i0.wp.com\/www.radiopiu.net\/wordpress\/wp-content\/uploads\/2018\/09\/WhatsApp-Image-2018-09-20-at-16.04.06.jpeg?resize=300%2C38&amp;ssl=1 300w, https:\/\/i0.wp.com\/www.radiopiu.net\/wordpress\/wp-content\/uploads\/2018\/09\/WhatsApp-Image-2018-09-20-at-16.04.06.jpeg?resize=768%2C96&amp;ssl=1 768w\" alt=\"\" width=\"800\" height=\"100\" data-lazy-loaded=\"1\" \/><\/a><\/p>\n<\/div>\n<p>&nbsp;<\/p>\n<p><center><center><b>Sabato 3<\/b><\/center><b>Tempo atteso: <\/b>Sulle zone prealpine cielo irregolarmente nuvoloso con schiarite intermittenti nel corso della giornata; sulle Dolomiti tempo pi\u00f9 soleggiato con qualche modesto e innocuo annuvolamento, specie nella parte settentrionale.<br \/>\n<b>Precipitazioni: <\/b>Sulle zone prealpine probabilit\u00e0 medio-bassa (25-50%) di precipitazioni, specie al mattino, con fenomeni intermittenti da locali a sparsi, anche a carattere di rovescio o di temporale, con quota neve inizialmente oltre i 2000 m in abbassamento fino ai 1000-1300 m a fine giornata; nel pomeriggio pi\u00f9 modesti e locali. Sulle Dolomiti fenomeni generalmente assenti, salvo qualche occasionale precipitazione nella parte meridionale.<br \/>\n<b>Temperature: <\/b>Temperature in diminuzione anche sensibile, con le minime raggiunte a fine giornata. Su Prealpi a 1500 m min -2\u00b0C max 4\u00b0C, a 2000 m min -5\u00b0C max 2\u00b0C. Su Dolomiti a 2000 m min -5\u00b0C max 2\u00b0C, a 3000 m min -12\u00b0C max -5\u00b0C.<br \/>\n<b>Venti: <\/b>Nelle valli generalmente deboli o moderati di direzione variabile con qualche rinforzo di Fhoen in alcune valli, in quota moderati o tesi ancora da nord-ovest, a 10-15 km\/h a 2000 m, a 25-35 km\/h a 3000 m.<\/center><\/p>\n<hr \/>\n<p><center><b>Domenica 4<\/b><\/center><b>Tempo atteso: <\/b>Tempo soleggiato e asciutto con buona visibilit\u00e0, specie sulle Dolomiti, salvo una residua nuvolosit\u00e0 sulle zone prealpine con qualche locale e temporanea riduzione della visibilit\u00e0. Clima pi\u00f9 freddo rispetto ai giorni precedenti.<br \/>\n<b>Precipitazioni: <\/b>Assenti.<br \/>\n<b>Temperature: <\/b>In ulteriore calo, su valori inferiori alla norma. Su Prealpi a 1500 m min -5\u00b0C max 3\u00b0C, a 2000 m min -9\u00b0C max 0\u00b0C. Su Dolomiti a 2000 m min -9\u00b0C max 0\u00b0C, a 3000 m min -13\u00b0C max -6\u00b0C.<br \/>\n<b>Venti: <\/b>Nelle valli deboli o moderati con qualche moderato rinforzo, in quota in genere moderati da nord anche forti in alta montagna, a 10-15 km\/h a 2000 m, a 35-40 km\/h a 3000 m.<\/p>\n<hr \/>\n<p><center><b>Lunedi 5<\/b><\/center>Giornata di transizione verso un netto peggioramento del tempo; al mattino cielo generalmente poco nuvoloso con graduale aumento della nuvolosit\u00e0, specie dalle ore centrali. Nel corso del pomeriggio il cielo sar\u00e0 nuvoloso o molto nuvoloso con le prime precipitazioni dal tardo pomeriggio\/sera, con quota delle nevicate intorno ai 500-700 m a fine giornata. Temperature in temporaneo lieve o contenuto aumento, specie le massime. Venti in quota dapprima moderati in prevalenza da ovest, tendenti a rinforzare nel corso del pomeriggio.<\/p>\n<hr \/>\n<p><center><b>Martedi 6<\/b><\/center>Giornata tipicamente si stampo invernale con tempo perturbato soprattutto nelle prime ore, con diffuse nevicate fino a fondovalle. Possibile graduale attenuazione dei fenomeni in mattinata con parziali schiarite. Temperature in diminuzione, con valori ben inferiori alle medie stagionali. Venti in quota tesi o forti settentrionali.<\/p>\n<\/div>\n<p><center><\/center>&nbsp;<\/p>\n<hr \/>\n<p>&nbsp;<\/p>\n<p><a href=\"https:\/\/www.radiopiu.net\/wordpress\/giornale-radiopiu-15-settembre-2018-direttore-mirko-mezzacasa\/sport-7\/\" rel=\"attachment wp-att-60761\"><img loading=\"lazy\" decoding=\"async\" class=\"aligncenter wp-image-60761 size-full\" src=\"https:\/\/www.radiopiu.net\/wordpress\/wp-content\/uploads\/2018\/09\/sport.jpg\" alt=\"\" width=\"800\" height=\"100\" srcset=\"https:\/\/www.radiopiu.net\/wordpress\/wp-content\/uploads\/2018\/09\/sport.jpg 800w, https:\/\/www.radiopiu.net\/wordpress\/wp-content\/uploads\/2018\/09\/sport-300x38.jpg 300w, https:\/\/www.radiopiu.net\/wordpress\/wp-content\/uploads\/2018\/09\/sport-768x96.jpg 768w\" sizes=\"auto, (max-width: 800px) 100vw, 800px\" \/><\/a><\/p>\n<p>&nbsp;<\/p>\n<table width=\"100%\">\n<tbody>\n<tr>\n<td>\n<h2>HOCKEY<\/h2>\n<blockquote>\n<h3><a href=\"https:\/\/www.radiopiu.net\/wordpress\/giornale-radiopiu-03-aprile-2021-direttore-mirko-mezzacasa\/27e590b2-005c-4971-81b9-a9d42a16b711\/\" rel=\"attachment wp-att-201071\"><img loading=\"lazy\" decoding=\"async\" class=\" wp-image-201071 alignleft\" src=\"https:\/\/www.radiopiu.net\/wordpress\/wp-content\/uploads\/2021\/04\/27e590b2-005c-4971-81b9-a9d42a16b711-300x146.jpg\" alt=\"\" width=\"284\" height=\"138\" srcset=\"https:\/\/www.radiopiu.net\/wordpress\/wp-content\/uploads\/2021\/04\/27e590b2-005c-4971-81b9-a9d42a16b711-300x146.jpg 300w, https:\/\/www.radiopiu.net\/wordpress\/wp-content\/uploads\/2021\/04\/27e590b2-005c-4971-81b9-a9d42a16b711-1024x499.jpg 1024w, https:\/\/www.radiopiu.net\/wordpress\/wp-content\/uploads\/2021\/04\/27e590b2-005c-4971-81b9-a9d42a16b711-768x374.jpg 768w, https:\/\/www.radiopiu.net\/wordpress\/wp-content\/uploads\/2021\/04\/27e590b2-005c-4971-81b9-a9d42a16b711.jpg 1152w\" sizes=\"auto, (max-width: 284px) 100vw, 284px\" \/><\/a>Italian Hockey League, Varese ed Unterland provano ad allungare la serie La serie di semifinale \u00e8 arrivata\u00a0al suo primo momento decisivo. In caso di vittoria, Caldaro e Merano\u00a0andranno alla finale del titolo altrimenti ci sar\u00e0\u00a0 la risolutiva Gara 5 in programma marted\u00ec 6 aprile.<br \/>\nQuello in arrivo potrebbe essere per la IHL un sabato fondamentale: le due gare-4 in programma infatti rappresentano l\u2019ultima spiaggia per Unterland e Varese, che solo vincendo terrebbero aperte le due serie di semifinale, altrimenti sarebbero Caldaro e Merano ad andare all\u2019ultimo atto, replicando la finale della stagione 2018\/19 vinta dai Lucci per 3 a 2. Il programma prevede il match di Caldaro alle 19.30 e quello di Como alle 20.30, e in entrambi i casi (trattandosi di gara decisiva) se si andasse all\u2019overtime si utilizzerebbe la formula dei 20 minuti in 5 contro 5, prima degli eventuali tiri di rigor<\/h3>\n<\/blockquote>\n<\/td>\n<\/tr>\n<\/tbody>\n<\/table>\n<p>\u200b<\/p>\n<p>&nbsp;<\/p>\n<p>&nbsp;<\/p>\n<hr \/>\n<p>\u200b<\/p>\n<p>&nbsp;<\/p>\n<h2 class=\"null\"><a href=\"https:\/\/www.radiopiu.net\/wordpress\/giornale-radiopiu-03-aprile-2021-direttore-mirko-mezzacasa\/2dfbb765-b293-4736-a5c4-2bf04d4294ea\/\" rel=\"attachment wp-att-201069\"><img loading=\"lazy\" decoding=\"async\" class=\"size-medium wp-image-201069 alignleft\" src=\"https:\/\/www.radiopiu.net\/wordpress\/wp-content\/uploads\/2021\/04\/2dfbb765-b293-4736-a5c4-2bf04d4294ea-300x146.jpg\" alt=\"\" width=\"300\" height=\"146\" srcset=\"https:\/\/www.radiopiu.net\/wordpress\/wp-content\/uploads\/2021\/04\/2dfbb765-b293-4736-a5c4-2bf04d4294ea-300x146.jpg 300w, https:\/\/www.radiopiu.net\/wordpress\/wp-content\/uploads\/2021\/04\/2dfbb765-b293-4736-a5c4-2bf04d4294ea-1024x498.jpg 1024w, https:\/\/www.radiopiu.net\/wordpress\/wp-content\/uploads\/2021\/04\/2dfbb765-b293-4736-a5c4-2bf04d4294ea-768x373.jpg 768w, https:\/\/www.radiopiu.net\/wordpress\/wp-content\/uploads\/2021\/04\/2dfbb765-b293-4736-a5c4-2bf04d4294ea.jpg 1152w\" sizes=\"auto, (max-width: 300px) 100vw, 300px\" \/><\/a>HOCKEY<\/h2>\n<blockquote>\n<h3 class=\"null\">IHL &#8211; Division I, prima sfida di finale tra Icebears Dobbiaco e Valpellice Bulldogs<\/h3>\n<\/blockquote>\n<h3 class=\"null\">Inizia, al meglio delle tre gare, la finale Playoff per il Titolo di categoria. Il Dobbiaco ha vinto la stagione regolare ed ha eliminato nel suo percorso Real Torino e Pieve di Cadore. I sorprendenti Bulldogs Valpellice sono arrivati al 3\u00b0 posto della stagione regolare ed hanno conquistato la finale superando prima il Pin\u00e8 e poi i Milano Bears. In palio non solo il Titolo di categoria ma anche il diritto sportivo alla partecipazione al Campionato IHL 2021\/2022 ed in caso di rinuncia il diritto verr\u00e0 trasmesso alla seconda classificata, (la squadra che ha partecipato alla finale).<\/h3>\n<p>&nbsp;<\/p>\n<hr \/>\n<p>&nbsp;<\/p>\n<blockquote>\n<h3>TRANSCIVETTA KARPOS, ANCHE NEL 2021 SAR\u00c0 BREVETTO E NON GARA<\/h3>\n<\/blockquote>\n<p><strong><a href=\"https:\/\/www.radiopiu.net\/wordpress\/transcivetta-karpos-anche-nel-2021-sara-brevetto-e-non-gara\/ticomunicazione-transcivetta-2018-3\/\" rel=\"attachment wp-att-200902\"><img loading=\"lazy\" decoding=\"async\" class=\"size-medium wp-image-200902 alignleft\" src=\"https:\/\/www.radiopiu.net\/wordpress\/wp-content\/uploads\/2021\/04\/\u00aeTicomunicazione-TRANSCIVETTA-2018-300x200.jpg\" alt=\"\" width=\"300\" height=\"200\" srcset=\"https:\/\/www.radiopiu.net\/wordpress\/wp-content\/uploads\/2021\/04\/\u00aeTicomunicazione-TRANSCIVETTA-2018-300x200.jpg 300w, https:\/\/www.radiopiu.net\/wordpress\/wp-content\/uploads\/2021\/04\/\u00aeTicomunicazione-TRANSCIVETTA-2018-768x512.jpg 768w, https:\/\/www.radiopiu.net\/wordpress\/wp-content\/uploads\/2021\/04\/\u00aeTicomunicazione-TRANSCIVETTA-2018.jpg 1000w\" sizes=\"auto, (max-width: 300px) 100vw, 300px\" \/><\/a>ALLEGHE <\/strong>Come gi\u00e0 per il 2020, anche nel 2021 la Transcivetta Karpos si ferma. Per la classicissima della corsa in montagna che si svolge sui sentieri delle Dolomiti bellunesi tra Listolade e Alleghe, non ci sar\u00e0 una data, non ci sar\u00e0 il cronometro, non ci saranno le mille coppie a faticare per 23 chilometri e poi a gioire insieme al traguardo dei Piani di Pezz\u00e8. Non potranno esserci la festa di fine gara e le classifiche. Purtroppo la situazione sanitaria legata al Covid-19 non permette di organizzare in sicurezza la manifestazione podistica che nella terza domenica di luglio da quattro decenni richiama tanti appassionati. La logistica della partenza e dell&#8217;arrivo, la morfologia del percorso e i rigidi protocolli attuali,\u00a0 costringono a dover rinunciare, con grande rammarico, all\u2019organizzazione della gara. &#8220;<em>A noi del comitato organizzatore, cos\u00ec come siamo convinti anche voi, sta a cuore soprattutto la salute. Dei concorrenti, del pubblico, dei volontari. Ma salute per noi vuol dire anche aria aperta, sport, divertimento. E dunque, anche se non ci sar\u00e0 la quarantesima edizione prevista per il 18 luglio, vi invitiamo comunque anche quest&#8217;estate\u00a0 a percorrere il tracciato della Transcivetta Karpos. Di corsa, camminando, da soli o in compagnia, nel giorno e nell&#8217;ora che vorrete. Potrete faticare lungo i 23,5 km, continuamente abbracciati dalla maestosit\u00e0 e dalla bellezza del monte Civetta, e arrivare ai Piani di Pezz\u00e8 felici di aver assaporato un emozione davvero incredibile. E poi, tornati a casa, potrete orgogliosamente dire \u201cLa Transcivetta Karpos quest&#8217;anno l&#8217;ho fatta\u201d. A breve vi daremo indicazioni sul brevetto, che abbiamo gi\u00e0 proposto lo scorso anno, e stiamo anche pensando in questo senso ancora maggiori attenzioni e novit\u00e0, che comunicheremo a breve<\/em>&#8221; L&#8217;appuntamento con la Transcivetta Karpos, 40.ma edizione, \u00e8 solo rimandato. Ma il monte Civetta c&#8217;\u00e8 sempre, cos\u00ec come, ne siamo convinti, la vostra voglia di sport e montagna. Arrivederci a luglio 2022.<\/p>\n<p>&nbsp;<\/p>\n<p>&nbsp;<\/p>\n<hr \/>\n<p>&nbsp;<\/p>\n<blockquote>\n<h3>GLI AUGURI DI PASQUA DEL CSI DI BELLUNO<\/h3>\n<\/blockquote>\n<p><i><a href=\"https:\/\/www.radiopiu.net\/wordpress\/giornale-radiopiu-03-aprile-2021-direttore-mirko-mezzacasa\/piero-della-francesca-resurrezione\/\" rel=\"attachment wp-att-200900\"><img loading=\"lazy\" decoding=\"async\" class=\"size-medium wp-image-200900 alignleft\" src=\"https:\/\/www.radiopiu.net\/wordpress\/wp-content\/uploads\/2021\/04\/piero-della-francesca-resurrezione-270x300.jpg\" alt=\"\" width=\"270\" height=\"300\" srcset=\"https:\/\/www.radiopiu.net\/wordpress\/wp-content\/uploads\/2021\/04\/piero-della-francesca-resurrezione-270x300.jpg 270w, https:\/\/www.radiopiu.net\/wordpress\/wp-content\/uploads\/2021\/04\/piero-della-francesca-resurrezione.jpg 642w\" sizes=\"auto, (max-width: 270px) 100vw, 270px\" \/><\/a> <\/i><\/p>\n<p><i>\u00a0<\/i><\/p>\n<p><i>\u00a0<\/i><\/p>\n<p><i>\u00a0<\/i><\/p>\n<p><i>\u00a0<\/i><\/p>\n<p><i>Il Consiglio provinciale di Belluno del Centro Sportivo Italiano augura ai propri atleti, ai tecnici, agli arbitri, ai giudici di gara, ai dirigenti e alle loro famiglie una buona Santa Pasqua.<\/i><\/p>\n<p>&nbsp;<\/p>\n<p>&nbsp;<\/p>\n<p>&nbsp;<\/p>\n<p>&nbsp;<\/p>\n<p>&nbsp;<\/p>\n<hr \/>\n<p>&nbsp;<\/p>\n","protected":false},"excerpt":{"rendered":"<p>PER RICEVERE QUESTO NOTIZIARIO DIRETTAMENTE SUL TUO CELLULARE ISCRIVITI AL CANALE TELEGRAM \u201cRADIO PIU\u00a0 INFORMAZIONE&#8221;\u00a0 &nbsp; &nbsp; 3 MARZO-3 APRILE, SFIORATO IL MILIONE DI INGRESSI NEL SITO WWW.RADIOPIU.NET\u00a0 907.590 IL NUMERO TOTALE DI VISUALIZZAZIONE DELLE PAGINE A TUTTI GRAZIE PER LA STIMA FIDUCIA E COSTANZA mirko mezzacasa &nbsp; &nbsp; IERI SERA COME DA TRADIZIONE DALLA&hellip;<\/p>\n","protected":false},"author":4,"featured_media":201090,"comment_status":"closed","ping_status":"closed","sticky":false,"template":"","format":"standard","meta":{"_monsterinsights_skip_tracking":false,"_monsterinsights_sitenote_active":false,"_monsterinsights_sitenote_note":"","_monsterinsights_sitenote_category":0,"footnotes":""},"categories":[1,51,86,49],"tags":[],"class_list":["post-200841","post","type-post","status-publish","format-standard","has-post-thumbnail","hentry","category-senza-categoria","category-evidenza-top","category-gr","category-news-18","category-1","category-51","category-86","category-49","description-off"],"img_url":"https:\/\/www.radiopiu.net\/wordpress\/wp-content\/uploads\/2021\/04\/4f6a312a-526e-40ab-9451-94b4aefde359.jpg","_links":{"self":[{"href":"https:\/\/www.radiopiu.net\/wordpress\/wp-json\/wp\/v2\/posts\/200841","targetHints":{"allow":["GET"]}}],"collection":[{"href":"https:\/\/www.radiopiu.net\/wordpress\/wp-json\/wp\/v2\/posts"}],"about":[{"href":"https:\/\/www.radiopiu.net\/wordpress\/wp-json\/wp\/v2\/types\/post"}],"author":[{"embeddable":true,"href":"https:\/\/www.radiopiu.net\/wordpress\/wp-json\/wp\/v2\/users\/4"}],"replies":[{"embeddable":true,"href":"https:\/\/www.radiopiu.net\/wordpress\/wp-json\/wp\/v2\/comments?post=200841"}],"version-history":[{"count":0,"href":"https:\/\/www.radiopiu.net\/wordpress\/wp-json\/wp\/v2\/posts\/200841\/revisions"}],"wp:featuredmedia":[{"embeddable":true,"href":"https:\/\/www.radiopiu.net\/wordpress\/wp-json\/wp\/v2\/media\/201090"}],"wp:attachment":[{"href":"https:\/\/www.radiopiu.net\/wordpress\/wp-json\/wp\/v2\/media?parent=200841"}],"wp:term":[{"taxonomy":"category","embeddable":true,"href":"https:\/\/www.radiopiu.net\/wordpress\/wp-json\/wp\/v2\/categories?post=200841"},{"taxonomy":"post_tag","embeddable":true,"href":"https:\/\/www.radiopiu.net\/wordpress\/wp-json\/wp\/v2\/tags?post=200841"}],"curies":[{"name":"wp","href":"https:\/\/api.w.org\/{rel}","templated":true}]}}