{"id":200882,"date":"2021-04-02T10:36:44","date_gmt":"2021-04-02T08:36:44","guid":{"rendered":"https:\/\/www.radiopiu.net\/wordpress\/?p=200882"},"modified":"2021-04-02T10:36:45","modified_gmt":"2021-04-02T08:36:45","slug":"vaccinazioni-a-ponte-nelle-alpi-il-6-e-7-aprile-convocate-600-persone-tra-70-e-79-anni","status":"publish","type":"post","link":"https:\/\/www.radiopiu.net\/wordpress\/vaccinazioni-a-ponte-nelle-alpi-il-6-e-7-aprile-convocate-600-persone-tra-70-e-79-anni\/","title":{"rendered":"VACCINAZIONI A PONTE NELLE ALPI IL 6 E 7 APRILE: CONVOCATE 600 PERSONE TRA 70 E 79 ANNI"},"content":{"rendered":"<p class=\"p1\"><span class=\"s1\"><strong><a href=\"https:\/\/www.radiopiu.net\/wordpress\/vaccinazioni-a-ponte-nelle-alpi-il-6-e-7-aprile-convocate-600-persone-tra-70-e-79-anni\/vaccino_anti_covid\/\" rel=\"attachment wp-att-200891\"><img loading=\"lazy\" decoding=\"async\" class=\"size-medium wp-image-200891 alignleft\" src=\"https:\/\/www.radiopiu.net\/wordpress\/wp-content\/uploads\/2021\/04\/Vaccino_anti_Covid-300x167.jpg\" alt=\"\" width=\"300\" height=\"167\" srcset=\"https:\/\/www.radiopiu.net\/wordpress\/wp-content\/uploads\/2021\/04\/Vaccino_anti_Covid-300x167.jpg 300w, https:\/\/www.radiopiu.net\/wordpress\/wp-content\/uploads\/2021\/04\/Vaccino_anti_Covid-768x428.jpg 768w, https:\/\/www.radiopiu.net\/wordpress\/wp-content\/uploads\/2021\/04\/Vaccino_anti_Covid.jpg 943w\" sizes=\"auto, (max-width: 300px) 100vw, 300px\" \/><\/a>PONTE NELLE ALPI <\/strong>Due giorni dedicati ai vaccini, a Ponte nelle Alpi: marted\u00ec 6 e mercoled\u00ec 7 aprile, la palestra della scuola primaria \u201cArrigo Boito\u201d apre le porte alle persone tra i 70 e i 79 anni, orientate a sottoporsi alla vaccinazione anti-Covid. \u00ab<em>Nei giorni scorsi &#8211; afferma la dottoressa Margherita De Marchi, referente per il gruppo di medici di Ponte nelle Alpi &#8211; con i colleghi abbiamo identificato tra i nostri pazienti, nella fascia di et\u00e0 70-79, i soggetti che possono vaccinarsi col vaccino AstraZeneca e quelli che necessitano, per patologie o terapie assunte, di un\u2019altra tipologia di vaccino. Questi ultimi sono gi\u00e0 stati avvertiti al telefono dai Servizi Sociali e verranno contattati successivamente per la vaccinazione<\/em>\u00bb. Per quanto riguarda, invece, i soggetti che possono accedere alla vaccinazione il 6 e 7 aprile, gli operatori dei Servizi Sociali hanno gi\u00e0 iniziato la consegna di una busta, che verr\u00e0 inserita nella buca delle lettere di ogni paziente candidato alla vaccinazione con AstraZeneca. <\/span><span class=\"s1\">Nella busta troveranno le indicazioni su giorno e ora in cui presentarsi e l\u2019elenco dei documenti da avere con s\u00e9, compreso un modulo che andr\u00e0 consegnato gi\u00e0 compilato al momento di accedere alla palestra, nel quale dovranno essere segnalate anche eventuali patologie o terapie. I pazienti quindi non devono prenotarsi sul sito dell\u2019Ulss 1 Dolomiti: devono solo attendere l\u2019arrivo della lettera e attenersi alle indicazioni. \u00c8 consigliabile farsi accompagnare e non arrivare troppo in anticipo. La chiamata coinvolge circa 600 persone e riguarda esclusivamente i pazienti dei medici di medicina generale di Ponte nelle Alpi: oltre alla gi\u00e0 citata Margherita De Marchi, Fulvio De Pasqual, Camilla Lorenzato, Valentina Mares e Lisa Scapol.\u00a0<\/span><\/p>\n","protected":false},"excerpt":{"rendered":"<p>PONTE NELLE ALPI Due giorni dedicati ai vaccini, a Ponte nelle Alpi: marted\u00ec 6 e mercoled\u00ec 7 aprile, la palestra della scuola primaria \u201cArrigo Boito\u201d apre le porte alle persone tra i 70 e i 79 anni, orientate a sottoporsi alla vaccinazione anti-Covid. \u00abNei giorni scorsi &#8211; afferma la dottoressa Margherita De Marchi, referente per&hellip;<\/p>\n","protected":false},"author":4,"featured_media":200891,"comment_status":"closed","ping_status":"closed","sticky":false,"template":"","format":"standard","meta":{"_monsterinsights_skip_tracking":false,"_monsterinsights_sitenote_active":false,"_monsterinsights_sitenote_note":"","_monsterinsights_sitenote_category":0,"footnotes":""},"categories":[49],"tags":[],"class_list":["post-200882","post","type-post","status-publish","format-standard","has-post-thumbnail","hentry","category-news-18","category-49","description-off"],"img_url":"https:\/\/www.radiopiu.net\/wordpress\/wp-content\/uploads\/2021\/04\/Vaccino_anti_Covid.jpg","_links":{"self":[{"href":"https:\/\/www.radiopiu.net\/wordpress\/wp-json\/wp\/v2\/posts\/200882","targetHints":{"allow":["GET"]}}],"collection":[{"href":"https:\/\/www.radiopiu.net\/wordpress\/wp-json\/wp\/v2\/posts"}],"about":[{"href":"https:\/\/www.radiopiu.net\/wordpress\/wp-json\/wp\/v2\/types\/post"}],"author":[{"embeddable":true,"href":"https:\/\/www.radiopiu.net\/wordpress\/wp-json\/wp\/v2\/users\/4"}],"replies":[{"embeddable":true,"href":"https:\/\/www.radiopiu.net\/wordpress\/wp-json\/wp\/v2\/comments?post=200882"}],"version-history":[{"count":0,"href":"https:\/\/www.radiopiu.net\/wordpress\/wp-json\/wp\/v2\/posts\/200882\/revisions"}],"wp:featuredmedia":[{"embeddable":true,"href":"https:\/\/www.radiopiu.net\/wordpress\/wp-json\/wp\/v2\/media\/200891"}],"wp:attachment":[{"href":"https:\/\/www.radiopiu.net\/wordpress\/wp-json\/wp\/v2\/media?parent=200882"}],"wp:term":[{"taxonomy":"category","embeddable":true,"href":"https:\/\/www.radiopiu.net\/wordpress\/wp-json\/wp\/v2\/categories?post=200882"},{"taxonomy":"post_tag","embeddable":true,"href":"https:\/\/www.radiopiu.net\/wordpress\/wp-json\/wp\/v2\/tags?post=200882"}],"curies":[{"name":"wp","href":"https:\/\/api.w.org\/{rel}","templated":true}]}}