{"id":200899,"date":"2021-04-02T11:10:38","date_gmt":"2021-04-02T09:10:38","guid":{"rendered":"https:\/\/www.radiopiu.net\/wordpress\/?p=200899"},"modified":"2021-04-02T11:10:39","modified_gmt":"2021-04-02T09:10:39","slug":"transcivetta-karpos-anche-nel-2021-sara-brevetto-e-non-gara","status":"publish","type":"post","link":"https:\/\/www.radiopiu.net\/wordpress\/transcivetta-karpos-anche-nel-2021-sara-brevetto-e-non-gara\/","title":{"rendered":"TRANSCIVETTA KARPOS, ANCHE NEL 2021 SAR\u00c0 BREVETTO E NON GARA"},"content":{"rendered":"<p><strong><a href=\"https:\/\/www.radiopiu.net\/wordpress\/transcivetta-karpos-anche-nel-2021-sara-brevetto-e-non-gara\/ticomunicazione-transcivetta-2018-3\/\" rel=\"attachment wp-att-200902\"><img loading=\"lazy\" decoding=\"async\" class=\"size-medium wp-image-200902 alignleft\" src=\"https:\/\/www.radiopiu.net\/wordpress\/wp-content\/uploads\/2021\/04\/\u00aeTicomunicazione-TRANSCIVETTA-2018-300x200.jpg\" alt=\"\" width=\"300\" height=\"200\" srcset=\"https:\/\/www.radiopiu.net\/wordpress\/wp-content\/uploads\/2021\/04\/\u00aeTicomunicazione-TRANSCIVETTA-2018-300x200.jpg 300w, https:\/\/www.radiopiu.net\/wordpress\/wp-content\/uploads\/2021\/04\/\u00aeTicomunicazione-TRANSCIVETTA-2018-768x512.jpg 768w, https:\/\/www.radiopiu.net\/wordpress\/wp-content\/uploads\/2021\/04\/\u00aeTicomunicazione-TRANSCIVETTA-2018.jpg 1000w\" sizes=\"auto, (max-width: 300px) 100vw, 300px\" \/><\/a>ALLEGHE <\/strong>Come gi\u00e0 per il 2020, anche nel 2021 la Transcivetta Karpos si ferma. Per la classicissima della corsa in montagna che si svolge sui sentieri delle Dolomiti bellunesi tra Listolade e Alleghe, non ci sar\u00e0 una data, non ci sar\u00e0 il cronometro, non ci saranno le mille coppie a faticare per 23 chilometri e poi a gioire insieme al traguardo dei Piani di Pezz\u00e8. Non potranno esserci la festa di fine gara e le classifiche. Purtroppo la situazione sanitaria legata al Covid-19 non permette di organizzare in sicurezza la manifestazione podistica che nella terza domenica di luglio da quattro decenni richiama tanti appassionati. La logistica della partenza e dell&#8217;arrivo, la morfologia del percorso e i rigidi protocolli attuali,\u00a0 costringono a dover rinunciare, con grande rammarico, all\u2019organizzazione della gara. &#8220;<em>A noi del comitato organizzatore, cos\u00ec come siamo convinti anche voi, sta a cuore soprattutto la salute. Dei concorrenti, del pubblico, dei volontari. Ma salute per noi vuol dire anche aria aperta, sport, divertimento. E dunque, anche se non ci sar\u00e0 la quarantesima edizione prevista per il 18 luglio, vi invitiamo comunque anche quest&#8217;estate\u00a0 a percorrere il tracciato della Transcivetta Karpos. Di corsa, camminando, da soli o in compagnia, nel giorno e nell&#8217;ora che vorrete. Potrete faticare lungo i 23,5 km, continuamente abbracciati dalla maestosit\u00e0 e dalla bellezza del monte Civetta, e arrivare ai Piani di Pezz\u00e8 felici di aver assaporato un emozione davvero incredibile. E poi, tornati a casa, potrete orgogliosamente dire \u201cLa Transcivetta Karpos quest&#8217;anno l&#8217;ho fatta\u201d. A breve vi daremo indicazioni sul brevetto, che abbiamo gi\u00e0 proposto lo scorso anno, e stiamo anche pensando in questo senso ancora maggiori attenzioni e novit\u00e0, che comunicheremo a breve<\/em>&#8221; L&#8217;appuntamento con la Transcivetta Karpos, 40.ma edizione, \u00e8 solo rimandato. Ma il monte Civetta c&#8217;\u00e8 sempre, cos\u00ec come, ne siamo convinti, la vostra voglia di sport e montagna. Arrivederci a luglio 2022.<\/p>\n","protected":false},"excerpt":{"rendered":"<p>ALLEGHE Come gi\u00e0 per il 2020, anche nel 2021 la Transcivetta Karpos si ferma. Per la classicissima della corsa in montagna che si svolge sui sentieri delle Dolomiti bellunesi tra Listolade e Alleghe, non ci sar\u00e0 una data, non ci sar\u00e0 il cronometro, non ci saranno le mille coppie a faticare per 23 chilometri e&hellip;<\/p>\n","protected":false},"author":4,"featured_media":200902,"comment_status":"closed","ping_status":"closed","sticky":false,"template":"","format":"standard","meta":{"_monsterinsights_skip_tracking":false,"_monsterinsights_sitenote_active":false,"_monsterinsights_sitenote_note":"","_monsterinsights_sitenote_category":0,"footnotes":""},"categories":[49,72],"tags":[],"class_list":["post-200899","post","type-post","status-publish","format-standard","has-post-thumbnail","hentry","category-news-18","category-sport","category-49","category-72","description-off"],"img_url":"https:\/\/www.radiopiu.net\/wordpress\/wp-content\/uploads\/2021\/04\/\u00aeTicomunicazione-TRANSCIVETTA-2018.jpg","_links":{"self":[{"href":"https:\/\/www.radiopiu.net\/wordpress\/wp-json\/wp\/v2\/posts\/200899","targetHints":{"allow":["GET"]}}],"collection":[{"href":"https:\/\/www.radiopiu.net\/wordpress\/wp-json\/wp\/v2\/posts"}],"about":[{"href":"https:\/\/www.radiopiu.net\/wordpress\/wp-json\/wp\/v2\/types\/post"}],"author":[{"embeddable":true,"href":"https:\/\/www.radiopiu.net\/wordpress\/wp-json\/wp\/v2\/users\/4"}],"replies":[{"embeddable":true,"href":"https:\/\/www.radiopiu.net\/wordpress\/wp-json\/wp\/v2\/comments?post=200899"}],"version-history":[{"count":0,"href":"https:\/\/www.radiopiu.net\/wordpress\/wp-json\/wp\/v2\/posts\/200899\/revisions"}],"wp:featuredmedia":[{"embeddable":true,"href":"https:\/\/www.radiopiu.net\/wordpress\/wp-json\/wp\/v2\/media\/200902"}],"wp:attachment":[{"href":"https:\/\/www.radiopiu.net\/wordpress\/wp-json\/wp\/v2\/media?parent=200899"}],"wp:term":[{"taxonomy":"category","embeddable":true,"href":"https:\/\/www.radiopiu.net\/wordpress\/wp-json\/wp\/v2\/categories?post=200899"},{"taxonomy":"post_tag","embeddable":true,"href":"https:\/\/www.radiopiu.net\/wordpress\/wp-json\/wp\/v2\/tags?post=200899"}],"curies":[{"name":"wp","href":"https:\/\/api.w.org\/{rel}","templated":true}]}}