{"id":200907,"date":"2021-04-02T12:25:25","date_gmt":"2021-04-02T10:25:25","guid":{"rendered":"https:\/\/www.radiopiu.net\/wordpress\/?p=200907"},"modified":"2021-04-02T13:16:09","modified_gmt":"2021-04-02T11:16:09","slug":"punto-stampa-di-luca-zaiannn","status":"publish","type":"post","link":"https:\/\/www.radiopiu.net\/wordpress\/punto-stampa-di-luca-zaiannn\/","title":{"rendered":"VENETO ARANCIONE DA DOPO PASQUA LO ASSICURA ZAIA SMENTENDO LE VOCI MATTUTINE"},"content":{"rendered":"<p><strong>VENEZIA<\/strong> Consueto appuntamento con la conferenza stampa di Luca Zaia dalla sede della Protezione Civile a Marghera.<\/p>\n<p>TAMPONI MOLECOLARI 456887 TAMPONI RAPIDI 25689693 TAMPONI IERI POSITIVI IERI\u00a0 + 1567 INCIDENZA POSITIVI TAMPONI\u00a0 3.92% % POSITIVI DA INIZIO EPIDEMIA\u00a0 \u00a0386038 POSITIVI ATTUALI\u00a0 \u00a036999 RICOVERI 2230 (-12) RICOVERI\u00a0 IN AREA NON CRITICA 1931 (-13)\u00a0 IN TERAPIA INTENSIVA\u00a0 299 (+1) ALTRI PAZIENTI NON COVID in terapia intensiva 280\u00a0 DECESSI\u00a0 10682 (+29)\u00a0 DIMESSI 18226<\/p>\n<p>&nbsp;<\/p>\n<blockquote>\n<h2>LEGGI LA CONFERENZA STAMPA DI LUCA ZAIA, aggiornamento in tempo reale<\/h2>\n<p><em>Cominciamo a vedere una timida flessione su alcune curve, ad esempio sulla frequenza dei casi. 54 anni \u00e8 l&#8217;et\u00e0 media dei ricoverati covid negli ospdali del Veneto, prima della vaccinazione era tutta dagli ottanta in su&#8217;<\/em><\/p>\n<h2><span style=\"color: #ff0000;\">ARANCIONE<\/span><\/h2>\n<p><strong>VENEZIA<\/strong><em> &#8220;Siamo in arancione, non so se da martedi o da mercoledi. Lasciateci ancora un giorno per capire. Ne ho parlato anche con il Ministro Speranza, salvo sorprese siamo in arancione. Stiamo capendo se riusciamo in accordo con il Ministro della Salute a passare in arancione. Se i dati migliorassero giorno per giorno il Governo si \u00e8 preso l&#8217;impegno di riconsiderare il ritorno anche agli altri colori.&#8221;<\/em> ha detto Zaia in conferenza stampa<\/p>\n<h2><span style=\"color: #ff0000;\"><strong>CON L&#8217;ARANCIONE RIAPRONO LE SCUOLE\u00a0<\/strong><\/span><\/h2>\n<blockquote><p>&#8220;La bella stagione, l&#8217;areazione delle aule, la ricreazione fuori, gli ultravioletti che si fanno sentire di pi\u00f9 e una normale remissione del contagio,\u00a0 permette di dire che le scuole riaprono&#8221;<\/p><\/blockquote>\n<p><em>Noi formalmente dovremo iniziare con l&#8217;arancione mercoledi, si tratta di capire\u00a0 se possiamo anticipare di un giorno, la zona scade alle 24 di martedi. Noi siamo partiti da lunedi quindi martedi \u00e8 passata una settimana&#8221; <\/em>Aprono tutte le scuole dall&#8217;asilo nido fino alle medie, le scuole superiori al 50% a giorni alterni tra didattica a distanza e in presenza, questo fino al 30 aprile e poi speriamo di tornare a regime. Il tema dei 250 contagi per 100 mila per ora non comporta alcun cambiamento, in Veneto abbiamo due zone sopra la soglia,\u00a0 il tema dei Distretti era stato creato per evitare un&#8217;esplosione finale. In questa fase quel dato non incider\u00e0. Continueremo con le scuole sentinella, con la prevenzione, con il monitoraggio. Prosegue pertanto il test dei tamponi sulle scuole sentinella e auto somministrazione alle medie.<\/p><\/blockquote>\n<p><strong>AGGIORNAMENTO SITUAZIONE COVID<\/strong> Tendenza non confermata, si vede la luce infondo al tunnel \u00e8 un dato importante alla luce del fatto che cominciamo a vedere una timida flessione su alcune curve, ad esempio sulla frequenza dei casi, le fasce di et\u00e0 pi\u00f9 colpite non sono gli ultra ottantenni ma da 45 a 64 anni, dove abbiamo vaccinato l&#8217;infezione non c&#8217;\u00e8 pi\u00f9. Abbiamo 2328 studenti postivi dai 7 ai 14 anni, in totale ne abbiamo avuti oltre 22 mila. Leggiamo in maniera favorevole il trand non siamo in grado di dire se sar\u00e0 consolidato, abbiamo preso quattro ondate di covid, la terza era quella di dicembre la seconda quella di ottobre. Non abbiamo mai lasciato nessuno a terra e lo diciamo con orgoglio e si \u00e8 vista una sanit\u00e0 che funziona. <strong>VACCINI<\/strong> per domani sono attese 103 mila dosi di AstraZeneca, 38mila Moderna e. abbiamo perso 10mila vaccini (mancate consegne ndr.)<strong>\u00a0IL PORTALE<\/strong> adesso funziona, quando andr\u00e0 a regime\u00a0 tutti andremo alla prenotazione online, soprattutto quando si attiveranno le farmacie. Per ora navigazione a vista con le prenotazioni, per l&#8217;incertezza delle forniture.<strong> GLI OSS<\/strong> (che non sono infermierini che sembra coniata apposta per sminuire ndr.) Formeremo 500 Oss\u00a0 &#8211; ha detto l&#8217;assessore Lanzarin &#8211; con qualifica aggiuntiva con 400 ore, 150 a distanza e 250 in ospedale, non diamo nuove mansioni parificate ma alcune le possono fare. Zaia al proposito ha aggiunto che per fare un&#8217;iniezione non serve una laurea, ora serve personale per\u00a0 le vaccinazioni<\/p>\n<p><strong>IN CHIUSURA GLI AUGURI DEL PRESIDENTE LUCA ZAIA<\/strong><\/p>\n<p><a href=\"https:\/\/www.facebook.com\/zaiaufficiale\/videos\/141864537861561\">https:\/\/www.facebook.com\/zaiaufficiale\/videos\/141864537861561<\/a><\/p>\n<p>&nbsp;<\/p>\n<p>&nbsp;<\/p>\n","protected":false},"excerpt":{"rendered":"<p>VENEZIA Consueto appuntamento con la conferenza stampa di Luca Zaia dalla sede della Protezione Civile a Marghera. TAMPONI MOLECOLARI 456887 TAMPONI RAPIDI 25689693 TAMPONI IERI POSITIVI IERI\u00a0 + 1567 INCIDENZA POSITIVI TAMPONI\u00a0 3.92% % POSITIVI DA INIZIO EPIDEMIA\u00a0 \u00a0386038 POSITIVI ATTUALI\u00a0 \u00a036999 RICOVERI 2230 (-12) RICOVERI\u00a0 IN AREA NON CRITICA 1931 (-13)\u00a0 IN TERAPIA INTENSIVA\u00a0&hellip;<\/p>\n","protected":false},"author":4,"featured_media":175390,"comment_status":"closed","ping_status":"closed","sticky":false,"template":"","format":"standard","meta":{"_monsterinsights_skip_tracking":false,"_monsterinsights_sitenote_active":false,"_monsterinsights_sitenote_note":"","_monsterinsights_sitenote_category":0,"footnotes":""},"categories":[51,49],"tags":[],"class_list":["post-200907","post","type-post","status-publish","format-standard","has-post-thumbnail","hentry","category-evidenza-top","category-news-18","category-51","category-49","description-off"],"img_url":"https:\/\/www.radiopiu.net\/wordpress\/wp-content\/uploads\/2020\/11\/ZAIA-2.jpg","_links":{"self":[{"href":"https:\/\/www.radiopiu.net\/wordpress\/wp-json\/wp\/v2\/posts\/200907","targetHints":{"allow":["GET"]}}],"collection":[{"href":"https:\/\/www.radiopiu.net\/wordpress\/wp-json\/wp\/v2\/posts"}],"about":[{"href":"https:\/\/www.radiopiu.net\/wordpress\/wp-json\/wp\/v2\/types\/post"}],"author":[{"embeddable":true,"href":"https:\/\/www.radiopiu.net\/wordpress\/wp-json\/wp\/v2\/users\/4"}],"replies":[{"embeddable":true,"href":"https:\/\/www.radiopiu.net\/wordpress\/wp-json\/wp\/v2\/comments?post=200907"}],"version-history":[{"count":0,"href":"https:\/\/www.radiopiu.net\/wordpress\/wp-json\/wp\/v2\/posts\/200907\/revisions"}],"wp:featuredmedia":[{"embeddable":true,"href":"https:\/\/www.radiopiu.net\/wordpress\/wp-json\/wp\/v2\/media\/175390"}],"wp:attachment":[{"href":"https:\/\/www.radiopiu.net\/wordpress\/wp-json\/wp\/v2\/media?parent=200907"}],"wp:term":[{"taxonomy":"category","embeddable":true,"href":"https:\/\/www.radiopiu.net\/wordpress\/wp-json\/wp\/v2\/categories?post=200907"},{"taxonomy":"post_tag","embeddable":true,"href":"https:\/\/www.radiopiu.net\/wordpress\/wp-json\/wp\/v2\/tags?post=200907"}],"curies":[{"name":"wp","href":"https:\/\/api.w.org\/{rel}","templated":true}]}}