{"id":201052,"date":"2021-04-02T18:57:33","date_gmt":"2021-04-02T16:57:33","guid":{"rendered":"https:\/\/www.radiopiu.net\/wordpress\/?p=201052"},"modified":"2021-04-02T18:58:59","modified_gmt":"2021-04-02T16:58:59","slug":"luxottica-e-il-sondaggio-per-la-terza-settimana-di-ferie","status":"publish","type":"post","link":"https:\/\/www.radiopiu.net\/wordpress\/luxottica-e-il-sondaggio-per-la-terza-settimana-di-ferie\/","title":{"rendered":"LUXOTTICA E IL SONDAGGIO PER LA TERZA SETTIMANA DI FERIE."},"content":{"rendered":"<blockquote>\n<h3><\/h3>\n<\/blockquote>\n<p><strong>AGORDO<\/strong>\u00a0 Come gi\u00e0 anticipato da\u00a0 oggi sul portale dedicato le maestranze <a href=\"https:\/\/www.radiopiu.net\/wordpress\/giornale-radiopiu-08-settembre-2018-direttore-mirko-mezzacasa\/bez-uil-2\/\" rel=\"attachment wp-att-60016\"><img loading=\"lazy\" decoding=\"async\" class=\"size-medium wp-image-60016 alignleft\" src=\"https:\/\/www.radiopiu.net\/wordpress\/wp-content\/uploads\/2018\/09\/BEZ-UIL-168x300.jpg\" alt=\"\" width=\"168\" height=\"300\" \/><\/a>Luxottica sono chiamate ad un sondaggio orientativo in vista delle prossime ferie estive. Il messaggio di Emilio Bez della Uil<\/p>\n<blockquote><p><em>&#8220;Al momento non sono coinvolti gli impiegati ma solamente i reparti produttivi. Come chiaramente indicato nella descrizione sul sito aziendale, si tratta per ora di una semplice valutazione di fattibilit\u00e0 poich\u00e9 non vi \u00e8 ancora alcun accordo sulle ferie tra azienda e RSU. Si discuter\u00e0 un accordo ferie solo pi\u00f9 avanti, tenendo conto anche dei risultati del sondaggio. Come chiaramente specificato, la preselezione non costituisce scelta definitiva, riteniamo comunque utile che ognuno esprima la propria preferenza riguardo le ferie per avere un quadro abbastanza realistico della situazione. In questa pre-selezione la scelta tra le varie opzioni disponibili per la terza settimana di ferie \u00e8 individuale e assolutamente libera: nessuno da parte aziendale o sindacale ha titolo di influenzare la scelta del lavoratore. La scelta pu\u00f2 essere effettuata o modificata entro il giorno 11 aprile&#8221;<\/em><\/p><\/blockquote>\n<p>&nbsp;<\/p>\n<p>&nbsp;<\/p>\n","protected":false},"excerpt":{"rendered":"<p>AGORDO\u00a0 Come gi\u00e0 anticipato da\u00a0 oggi sul portale dedicato le maestranze Luxottica sono chiamate ad un sondaggio orientativo in vista delle prossime ferie estive. Il messaggio di Emilio Bez della Uil &#8220;Al momento non sono coinvolti gli impiegati ma solamente i reparti produttivi. Come chiaramente indicato nella descrizione sul sito aziendale, si tratta per ora&hellip;<\/p>\n","protected":false},"author":4,"featured_media":144893,"comment_status":"closed","ping_status":"closed","sticky":false,"template":"","format":"standard","meta":{"_monsterinsights_skip_tracking":false,"_monsterinsights_sitenote_active":false,"_monsterinsights_sitenote_note":"","_monsterinsights_sitenote_category":0,"footnotes":""},"categories":[104,49],"tags":[],"class_list":["post-201052","post","type-post","status-publish","format-standard","has-post-thumbnail","hentry","category-evidenza_3","category-news-18","category-104","category-49","description-off"],"img_url":"https:\/\/www.radiopiu.net\/wordpress\/wp-content\/uploads\/2020\/06\/ddb318a9-1386-49f7-98fe-2934f2ece8eb.jpg","_links":{"self":[{"href":"https:\/\/www.radiopiu.net\/wordpress\/wp-json\/wp\/v2\/posts\/201052","targetHints":{"allow":["GET"]}}],"collection":[{"href":"https:\/\/www.radiopiu.net\/wordpress\/wp-json\/wp\/v2\/posts"}],"about":[{"href":"https:\/\/www.radiopiu.net\/wordpress\/wp-json\/wp\/v2\/types\/post"}],"author":[{"embeddable":true,"href":"https:\/\/www.radiopiu.net\/wordpress\/wp-json\/wp\/v2\/users\/4"}],"replies":[{"embeddable":true,"href":"https:\/\/www.radiopiu.net\/wordpress\/wp-json\/wp\/v2\/comments?post=201052"}],"version-history":[{"count":0,"href":"https:\/\/www.radiopiu.net\/wordpress\/wp-json\/wp\/v2\/posts\/201052\/revisions"}],"wp:featuredmedia":[{"embeddable":true,"href":"https:\/\/www.radiopiu.net\/wordpress\/wp-json\/wp\/v2\/media\/144893"}],"wp:attachment":[{"href":"https:\/\/www.radiopiu.net\/wordpress\/wp-json\/wp\/v2\/media?parent=201052"}],"wp:term":[{"taxonomy":"category","embeddable":true,"href":"https:\/\/www.radiopiu.net\/wordpress\/wp-json\/wp\/v2\/categories?post=201052"},{"taxonomy":"post_tag","embeddable":true,"href":"https:\/\/www.radiopiu.net\/wordpress\/wp-json\/wp\/v2\/tags?post=201052"}],"curies":[{"name":"wp","href":"https:\/\/api.w.org\/{rel}","templated":true}]}}