{"id":201060,"date":"2021-04-02T19:10:20","date_gmt":"2021-04-02T17:10:20","guid":{"rendered":"https:\/\/www.radiopiu.net\/wordpress\/?p=201060"},"modified":"2021-04-02T19:10:21","modified_gmt":"2021-04-02T17:10:21","slug":"quando-il-pregiudizio-ideologico-prevale-sulla-ragione","status":"publish","type":"post","link":"https:\/\/www.radiopiu.net\/wordpress\/quando-il-pregiudizio-ideologico-prevale-sulla-ragione\/","title":{"rendered":"QUANDO IL PREGIUDIZIO IDEOLOGICO PREVALE SULLA RAGIONE."},"content":{"rendered":"<h2><span style=\"color: #ff0000;\">L&#8217;OPINIONE<\/span><\/h2>\n<p><strong>di Raffaele Addamiano, consigliere comunale Belluno<\/strong><\/p>\n<p align=\"JUSTIFY\">\n<p align=\"JUSTIFY\">Quando la sera del 31 marzo scorso la Sinistra al governo della nostra bella citt\u00e0 ha respinto l\u2019ordine del giorno di Fratelli d\u2019Italia mirante a sollecitare civilmente il Sindaco di Belluno e la sua Giunta <i>\u201ca porre in essere, secondo le rispettive competenze, ogni pi\u00f9 utile iniziativa politica e amministrativa allo scopo di rendere possibile a breve la ripresa delle lezioni in classe con tutte le cautele igienico-sanitarie necessarie\u201d <\/i>sono rimasto molto deluso e davvero incredulo.<\/p>\n<blockquote>\n<p align=\"JUSTIFY\"><a href=\"https:\/\/www.radiopiu.net\/wordpress\/?attachment_id=201058\" rel=\"attachment wp-att-201058\"><img loading=\"lazy\" decoding=\"async\" class=\"size-full wp-image-201058 alignleft\" src=\"https:\/\/www.radiopiu.net\/wordpress\/wp-content\/uploads\/2021\/04\/download.jpg\" alt=\"\" width=\"192\" height=\"262\" \/><\/a>Deluso perch\u00e9 sui temi del diritto allo studio e del diritto alla salute nel tragico tempo della pandemia cinese non ci si dovrebbe dividere e, anzi, si dovrebbe convergere per fare in modo che, a livello locale, a esempio, tutti i 22.994 studenti della Provincia Dolomitica possano tornare presto nelle loro aule scolastiche. La DAD, infatti, \u00e8 stata ed \u00e8 una risorsa importante per ovviare ai gravi problemi sanitari attuali, garantendo nel contempo l\u2019apprendimento, e, tuttavia, essa ha inciso in maniera negativa sulla psiche e sul fisico dei nostri studenti, i quali sono stati, cos\u00ec, privati di una esperienza formativa fondamentale e bellissima come la vita in classe che \u00e8 una delle componenti indefettibili dello studio e dello sviluppo della persona con tutti gli annessi positivi in termini di socialit\u00e0, nonch\u00e8 di scambio, gioco e confronto. La giustificazione addotta dai Consiglieri progressisti per il rigetto del mio accorato scritto \u00e8 stata, in sintesi, che il Comune Capoluogo non ha alcuna competenza in merito e, quindi, essendo esso fuori tema, andava, testualmente, <i>\u201critirato dal proponente\u201d<\/i>. Ma, chiedo, se in una materia cos\u00ec rilevante per la crescita delle nuove generazioni il Comune non prende nelle sedi deputate una posizione ufficiale, dove e, soprattutto, quando deve intervenire??? A ci\u00f2 si aggiunga che a parlare per l\u2019attuale maggioranza di Sinistra \u00e8 stata una Consigliera con delega apposita alla scuola, che tra i contrari vi \u00e8 stato un altro Consigliere, di mestiere medico-pediatra, che pochi giorni fa \u00e8 risultato tra gli oltre 140 firmatari a livello regionale di una petizione a favore della riapertura delle scuole e che, infine, il Primo Cittadino prima ha votato a favore dell\u2019ordine del giorno e poi ha clamorosamente cambiato idea dichiarando la sua astensione e, dunque, distinguendosi comunque in modo netto dai Consiglieri della sua stessa compagine: un vero capolavoro di linearit\u00e0 e di coerenza politica!!! Incredulo poi perch\u00e9 l\u2019esigenza di tornare con tutte le garanzie igieniche alla didattica in presenza \u00e8 avvertita trasversalmente ormai da tutti, siano essi insegnanti, alunni e\/o loro genitori. Prova di ci\u00f2 sono state le pacifiche manifestazioni di protesta tenutesi pochi giorni orsono in 34 citt\u00e0 italiane e replicate a Belluno e Provincia l\u2019ultimo fine settimana. Per inciso, chi scrive di buon grado ha partecipato di persona a una di esse lo scorso sabato e l\u00ec, per\u00f2, non ha visto alcun esponente della maggioranza color rosso. In conclusione, si \u00e8 davvero persa l\u2019altro giorno una occasione per far emergere la Politica sana e autenticamente dedita alle esigenze primarie dei cittadini e si \u00e8 preferito, invece, al di l\u00e0 delle giustificazioni di facciata che hanno dato tanto l\u2019idea di mere arrampicate sugli specchi, la contrapposizione ideologica figlia di pregiudizi antichi della Sinistra. Sinistra faziosa, solo a parole attenta ai giovani, alla cultura e al benessere generale che, in ultima analisi, va bocciata sia a distanza che in presenza.<\/p>\n<\/blockquote>\n<p align=\"JUSTIFY\">\u201c<i><b>Quello che dobbiamo tutelare \u00e8 la salute mentale dei ragazzi.\u201d <\/b><\/i><b>&#8211; A.A., mamma di due figli.<\/b><\/p>\n<p align=\"JUSTIFY\">\u201c<i><b>I miei figli piangono ogni giorno perch\u00e9 gli manca la vita sociale.\u201d <\/b><\/i><b>&#8211; S.D.M., mamma di quattro figli.<\/b><\/p>\n<p align=\"JUSTIFY\">\u201c<i><b>La scuola chiusa \u00e8 un danno al Paese.\u201d<\/b><\/i><b> &#8211; G.D.V., pap\u00e0 di tre figli.<\/b> <i> <\/i><\/p>\n<p>&nbsp;<\/p>\n","protected":false},"excerpt":{"rendered":"<p>L&#8217;OPINIONE di Raffaele Addamiano, consigliere comunale Belluno Quando la sera del 31 marzo scorso la Sinistra al governo della nostra bella citt\u00e0 ha respinto l\u2019ordine del giorno di Fratelli d\u2019Italia mirante a sollecitare civilmente il Sindaco di Belluno e la sua Giunta \u201ca porre in essere, secondo le rispettive competenze, ogni pi\u00f9 utile iniziativa politica&hellip;<\/p>\n","protected":false},"author":4,"featured_media":179329,"comment_status":"closed","ping_status":"closed","sticky":false,"template":"","format":"standard","meta":{"_monsterinsights_skip_tracking":false,"_monsterinsights_sitenote_active":false,"_monsterinsights_sitenote_note":"","_monsterinsights_sitenote_category":0,"footnotes":""},"categories":[49],"tags":[],"class_list":["post-201060","post","type-post","status-publish","format-standard","has-post-thumbnail","hentry","category-news-18","category-49","description-off"],"img_url":"https:\/\/www.radiopiu.net\/wordpress\/wp-content\/uploads\/2020\/12\/natale-scuola.jpg","_links":{"self":[{"href":"https:\/\/www.radiopiu.net\/wordpress\/wp-json\/wp\/v2\/posts\/201060","targetHints":{"allow":["GET"]}}],"collection":[{"href":"https:\/\/www.radiopiu.net\/wordpress\/wp-json\/wp\/v2\/posts"}],"about":[{"href":"https:\/\/www.radiopiu.net\/wordpress\/wp-json\/wp\/v2\/types\/post"}],"author":[{"embeddable":true,"href":"https:\/\/www.radiopiu.net\/wordpress\/wp-json\/wp\/v2\/users\/4"}],"replies":[{"embeddable":true,"href":"https:\/\/www.radiopiu.net\/wordpress\/wp-json\/wp\/v2\/comments?post=201060"}],"version-history":[{"count":0,"href":"https:\/\/www.radiopiu.net\/wordpress\/wp-json\/wp\/v2\/posts\/201060\/revisions"}],"wp:featuredmedia":[{"embeddable":true,"href":"https:\/\/www.radiopiu.net\/wordpress\/wp-json\/wp\/v2\/media\/179329"}],"wp:attachment":[{"href":"https:\/\/www.radiopiu.net\/wordpress\/wp-json\/wp\/v2\/media?parent=201060"}],"wp:term":[{"taxonomy":"category","embeddable":true,"href":"https:\/\/www.radiopiu.net\/wordpress\/wp-json\/wp\/v2\/categories?post=201060"},{"taxonomy":"post_tag","embeddable":true,"href":"https:\/\/www.radiopiu.net\/wordpress\/wp-json\/wp\/v2\/tags?post=201060"}],"curies":[{"name":"wp","href":"https:\/\/api.w.org\/{rel}","templated":true}]}}