{"id":201150,"date":"2021-04-03T10:51:15","date_gmt":"2021-04-03T08:51:15","guid":{"rendered":"https:\/\/www.radiopiu.net\/wordpress\/?p=201150"},"modified":"2021-04-03T10:52:48","modified_gmt":"2021-04-03T08:52:48","slug":"gli-auguri-di-pasqua-del-presidente-della-provincia-di-belluno-roberto-padrin","status":"publish","type":"post","link":"https:\/\/www.radiopiu.net\/wordpress\/gli-auguri-di-pasqua-del-presidente-della-provincia-di-belluno-roberto-padrin\/","title":{"rendered":"GLI AUGURI DI PASQUA DEL PRESIDENTE DELLA PROVINCIA DI BELLUNO ROBERTO PADRIN"},"content":{"rendered":"<p><strong><a href=\"https:\/\/www.radiopiu.net\/wordpress\/padrin-la-fase-2-ci-veda-uniti-nel-programmare-la-ripartenza-torneremo-alla-normalita\/padrin-63\/\" rel=\"attachment wp-att-134835\"><img loading=\"lazy\" decoding=\"async\" class=\"size-medium wp-image-134835 alignleft\" src=\"https:\/\/www.radiopiu.net\/wordpress\/wp-content\/uploads\/2020\/05\/PADRIN-200x300.jpg\" alt=\"\" width=\"200\" height=\"300\" srcset=\"https:\/\/www.radiopiu.net\/wordpress\/wp-content\/uploads\/2020\/05\/PADRIN-200x300.jpg 200w, https:\/\/www.radiopiu.net\/wordpress\/wp-content\/uploads\/2020\/05\/PADRIN-683x1024.jpg 683w, https:\/\/www.radiopiu.net\/wordpress\/wp-content\/uploads\/2020\/05\/PADRIN-768x1152.jpg 768w, https:\/\/www.radiopiu.net\/wordpress\/wp-content\/uploads\/2020\/05\/PADRIN.jpg 945w\" sizes=\"auto, (max-width: 200px) 100vw, 200px\" \/><\/a>BELLUNO<\/strong> Il presidente della provincia di Belluno Roberto Padrin, con una lettera aperta, augura buona Pasqua a tutti i bellunesi.<\/p>\n<p><strong>LA LETTERA<\/strong><\/p>\n<blockquote><p><span style=\"font-size: 11pt;\"><em>Siamo ancora in emergenza, ma intravvediamo la fine dell\u2019incubo. Dopo un anno, la stanchezza e lo sconforto minano dal profondo le capacit\u00e0 di resistenza a cui siamo stati sottoposti. Lutti pesanti, soprattutto nella seconda ondata. Aziende allo stremo. Crisi acuite dalla pandemia. Ma \u00e8 proprio questo il momento in cui \u00e8 vietato abbassare la guardia o mollare. L\u2019ultimo sforzo \u00e8 quello pi\u00f9 difficile, ma anche quello che si conclude con l\u2019urlo liberatorio, sulla linea del traguardo. Lo dobbiamo fare per i medici e il personale sanitario, che lavorano per noi incessantemente da pi\u00f9 di un anno in condizioni spesso critiche. Lo dobbiamo fare perch\u00e9 dal 27 dicembre, dall\u2019arrivo del vaccino, davvero vediamo pi\u00f9 vicina la fine della pandemia. <\/em><\/span><span style=\"font-size: 11pt;\"><em>In quest\u2019anno abbiamo tenuto duro perch\u00e9 ognuno ha fatto la sua parte, pur tra mille criticit\u00e0. La Provincia, da parte sua, ha messo in campo un piano straordinario per alleviare le situazioni di necessit\u00e0 e costruire le basi della ripartenza. Un piano che con l\u2019aiuto del Fondo Comuni confinanti \u00e8 arrivato a oltre 10 milioni di euro, investiti in progetti di sostegno alle imprese, di costruzione della telemedicina, di diffusione dei servizi sul territorio. Siamo pronti a dare una mano alla ripresa &#8211; che ci auguriamo possa essere poderosa e cominciare presto &#8211; forti di un rinnovato ruolo che l\u2019ente, dopo gli anni difficili post-riforma Delrio, ha assunto nuovamente. La buriana anti-politica sembra affievolirsi e anche la percezione che i cittadini hanno della Provincia non \u00e8 pi\u00f9 negativa come un tempo, quando anche il nostro ente era finito nel tritacarne mediatico che dipingeva tutti i livelli di governo locale come centri di spreco e inutilit\u00e0. Il cambio di passo \u00e8 figlio di una nuova narrativa della politica, che stiamo cercando di portare avanti con una nuova sinergia insieme a Sondrio e Verbania, le altre province interamente montane. E siamo convinti che possa essere uno dei sistemi di dialogo con cui chiedere allo Stato strumenti adeguati al governo della montagna. Con ottimismo, oltre che con realismo. Quell\u2019ottimismo con cui celebriamo la seconda Pasqua in pandemia, desiderosi di tornare alla normalit\u00e0, alla quotidianit\u00e0 dei rapporti tra persone, agli affetti, al lavoro. <\/em><\/span><span style=\"font-size: 11pt;\"><em>C\u2019\u00e8 un vecchio detto; sostiene che ogni peste, per quanto lunga sia, non dura mai pi\u00f9 di un Natale e due Pasque. Voglio crederci.<\/em><\/span><br \/>\n<span style=\"font-size: 11pt;\"><em>Buona Pasqua<\/em><\/span><\/p>\n<p><span style=\"font-size: 11pt;\"><em>Roberto Padrin<\/em><\/span><br \/>\n<span style=\"font-size: 11pt;\"><em>Presidente Provincia di Belluno<\/em><\/span><\/p><\/blockquote>\n","protected":false},"excerpt":{"rendered":"<p>BELLUNO Il presidente della provincia di Belluno Roberto Padrin, con una lettera aperta, augura buona Pasqua a tutti i bellunesi. LA LETTERA Siamo ancora in emergenza, ma intravvediamo la fine dell\u2019incubo. Dopo un anno, la stanchezza e lo sconforto minano dal profondo le capacit\u00e0 di resistenza a cui siamo stati sottoposti. Lutti pesanti, soprattutto nella&hellip;<\/p>\n","protected":false},"author":4,"featured_media":138417,"comment_status":"closed","ping_status":"closed","sticky":false,"template":"","format":"standard","meta":{"_monsterinsights_skip_tracking":false,"_monsterinsights_sitenote_active":false,"_monsterinsights_sitenote_note":"","_monsterinsights_sitenote_category":0,"footnotes":""},"categories":[49],"tags":[],"class_list":["post-201150","post","type-post","status-publish","format-standard","has-post-thumbnail","hentry","category-news-18","category-49","description-off"],"img_url":"https:\/\/www.radiopiu.net\/wordpress\/wp-content\/uploads\/2020\/05\/PADRIN-1-scaled.jpg","_links":{"self":[{"href":"https:\/\/www.radiopiu.net\/wordpress\/wp-json\/wp\/v2\/posts\/201150","targetHints":{"allow":["GET"]}}],"collection":[{"href":"https:\/\/www.radiopiu.net\/wordpress\/wp-json\/wp\/v2\/posts"}],"about":[{"href":"https:\/\/www.radiopiu.net\/wordpress\/wp-json\/wp\/v2\/types\/post"}],"author":[{"embeddable":true,"href":"https:\/\/www.radiopiu.net\/wordpress\/wp-json\/wp\/v2\/users\/4"}],"replies":[{"embeddable":true,"href":"https:\/\/www.radiopiu.net\/wordpress\/wp-json\/wp\/v2\/comments?post=201150"}],"version-history":[{"count":0,"href":"https:\/\/www.radiopiu.net\/wordpress\/wp-json\/wp\/v2\/posts\/201150\/revisions"}],"wp:featuredmedia":[{"embeddable":true,"href":"https:\/\/www.radiopiu.net\/wordpress\/wp-json\/wp\/v2\/media\/138417"}],"wp:attachment":[{"href":"https:\/\/www.radiopiu.net\/wordpress\/wp-json\/wp\/v2\/media?parent=201150"}],"wp:term":[{"taxonomy":"category","embeddable":true,"href":"https:\/\/www.radiopiu.net\/wordpress\/wp-json\/wp\/v2\/categories?post=201150"},{"taxonomy":"post_tag","embeddable":true,"href":"https:\/\/www.radiopiu.net\/wordpress\/wp-json\/wp\/v2\/tags?post=201150"}],"curies":[{"name":"wp","href":"https:\/\/api.w.org\/{rel}","templated":true}]}}