{"id":201179,"date":"2021-04-03T17:49:10","date_gmt":"2021-04-03T15:49:10","guid":{"rendered":"https:\/\/www.radiopiu.net\/wordpress\/?p=201179"},"modified":"2021-04-03T17:49:10","modified_gmt":"2021-04-03T15:49:10","slug":"sulla-crisi-acc-stefano-bona-della-fiom-cgil","status":"publish","type":"post","link":"https:\/\/www.radiopiu.net\/wordpress\/sulla-crisi-acc-stefano-bona-della-fiom-cgil\/","title":{"rendered":"SULLA CRISI ACC STEFANO BONA DELLA FIOM CGIL"},"content":{"rendered":"<p><strong><a href=\"https:\/\/www.radiopiu.net\/wordpress\/acc-consegna-i-compressori-gesto-simbolico-dai-grandi-significati\/download-1114\/\" rel=\"attachment wp-att-197665\"><img loading=\"lazy\" decoding=\"async\" class=\"size-full wp-image-197665 alignleft\" src=\"https:\/\/www.radiopiu.net\/wordpress\/wp-content\/uploads\/2021\/03\/download-2.jpg\" alt=\"\" width=\"300\" height=\"168\" \/><\/a>BORGO VALBELLUNA <\/strong>Stefano Bona della FIOM CGIL di Belluno ritorna sulla crisi dell&#8217;ACC di Mel.<\/p>\n<blockquote><p><em>Il precipitare della crisi di Acc, che rischia di essere irreversibile dovrebbe necessariamente ingenerare in provincia e nel paese una profonda riflessione: Italcomp non solo e soprattutto pu\u00f2 salvare la produzione italiana di compressori per frigoriferi e i 700 dipendenti delle due aziende, ma anche una strategia di filiere locali, reshoring e di possibilit\u00e0 di dello scacco tecnologico e commerciale dei produttori cinesi che hanno monopolizzato il mercato anche grazie ai grandi investimenti fatti con aiuti di stato mentre da noi l&#8217;Europa chiede continui chiarimenti&#8230;. come si pu\u00f2 non considerare questo un caso sociale e di ordine pubblico quando si rischia la chiusura di una fabbrica con 315 dipendenti che lavora, un assurdo insopportabile! Il tutto mentre si susseguono le crisi nel settore del home products, Whirlpool,Embraco, Acc,Ideal Standard, per stare a Belluno e ultima in ordine di tempo Elica di Fabriano che produce cappe aspiranti che ha annunciato di voler delocalizzare in Polonia le produzioni con la conseguente drammatica perdita di 400 posti di lavoro. Un settore quello dell&#8217; home product che sta vivendo un momento di grande rilancio e sul quale un governo con una visione strategica di politiche industriali dovrebbe investire anche in termini occupazionali al contrario assistiamo ad una colpevole inerzia, limitati entro pregiudizi da un lato l&#8217;incapacit\u00e0 di comprendere la grande industria manifatturiera come nel settore edim se non \u00e8 &#8220;legittimata&#8221; da alti margini, e dall&#8217;altra dalla incapacit\u00e0 della nostra classe dirigente di immaginare una industria- industria, smarriti nelle nebbie pseudo-moderniste dei servizi e delle nicchie high-tech, green ecc.ecc. una grande occasione, di autentica strategia industriale per salvare grandi tradizioni nazionali e migliaia di posti di lavoro, rischiamo di perderla, colpevolmente e irrimediabilmente!!<\/em><\/p><\/blockquote>\n","protected":false},"excerpt":{"rendered":"<p>BORGO VALBELLUNA Stefano Bona della FIOM CGIL di Belluno ritorna sulla crisi dell&#8217;ACC di Mel. Il precipitare della crisi di Acc, che rischia di essere irreversibile dovrebbe necessariamente ingenerare in provincia e nel paese una profonda riflessione: Italcomp non solo e soprattutto pu\u00f2 salvare la produzione italiana di compressori per frigoriferi e i 700 dipendenti&hellip;<\/p>\n","protected":false},"author":4,"featured_media":145345,"comment_status":"closed","ping_status":"closed","sticky":false,"template":"","format":"standard","meta":{"_monsterinsights_skip_tracking":false,"_monsterinsights_sitenote_active":false,"_monsterinsights_sitenote_note":"","_monsterinsights_sitenote_category":0,"footnotes":""},"categories":[49],"tags":[],"class_list":["post-201179","post","type-post","status-publish","format-standard","has-post-thumbnail","hentry","category-news-18","category-49","description-off"],"img_url":"https:\/\/www.radiopiu.net\/wordpress\/wp-content\/uploads\/2020\/06\/ACC-MEL.png","_links":{"self":[{"href":"https:\/\/www.radiopiu.net\/wordpress\/wp-json\/wp\/v2\/posts\/201179","targetHints":{"allow":["GET"]}}],"collection":[{"href":"https:\/\/www.radiopiu.net\/wordpress\/wp-json\/wp\/v2\/posts"}],"about":[{"href":"https:\/\/www.radiopiu.net\/wordpress\/wp-json\/wp\/v2\/types\/post"}],"author":[{"embeddable":true,"href":"https:\/\/www.radiopiu.net\/wordpress\/wp-json\/wp\/v2\/users\/4"}],"replies":[{"embeddable":true,"href":"https:\/\/www.radiopiu.net\/wordpress\/wp-json\/wp\/v2\/comments?post=201179"}],"version-history":[{"count":0,"href":"https:\/\/www.radiopiu.net\/wordpress\/wp-json\/wp\/v2\/posts\/201179\/revisions"}],"wp:featuredmedia":[{"embeddable":true,"href":"https:\/\/www.radiopiu.net\/wordpress\/wp-json\/wp\/v2\/media\/145345"}],"wp:attachment":[{"href":"https:\/\/www.radiopiu.net\/wordpress\/wp-json\/wp\/v2\/media?parent=201179"}],"wp:term":[{"taxonomy":"category","embeddable":true,"href":"https:\/\/www.radiopiu.net\/wordpress\/wp-json\/wp\/v2\/categories?post=201179"},{"taxonomy":"post_tag","embeddable":true,"href":"https:\/\/www.radiopiu.net\/wordpress\/wp-json\/wp\/v2\/tags?post=201179"}],"curies":[{"name":"wp","href":"https:\/\/api.w.org\/{rel}","templated":true}]}}