{"id":201353,"date":"2021-04-06T05:42:00","date_gmt":"2021-04-06T03:42:00","guid":{"rendered":"https:\/\/www.radiopiu.net\/wordpress\/?p=201353"},"modified":"2021-04-06T08:59:58","modified_gmt":"2021-04-06T06:59:58","slug":"giornale-radiopiu-06-aprile-2021-direttore-mirko-mezzacasa","status":"publish","type":"post","link":"https:\/\/www.radiopiu.net\/wordpress\/giornale-radiopiu-06-aprile-2021-direttore-mirko-mezzacasa\/","title":{"rendered":"GIORNALE RADIOPIU 06 APRILE 2021 DIRETTORE MIRKO MEZZACASA"},"content":{"rendered":"<h3><a href=\"https:\/\/www.radiopiu.net\/wordpress\/giornale-radiopiu-24-gennaio-2021-direttore-mirko-mezzacasa\/141433770_171616291414874_2957460898102012198_n\/\" rel=\"attachment wp-att-186566\"><img loading=\"lazy\" decoding=\"async\" class=\"wp-image-186566 alignleft\" src=\"https:\/\/www.radiopiu.net\/wordpress\/wp-content\/uploads\/2021\/01\/141433770_171616291414874_2957460898102012198_n-300x300.jpg\" alt=\"\" width=\"144\" height=\"144\" srcset=\"https:\/\/www.radiopiu.net\/wordpress\/wp-content\/uploads\/2021\/01\/141433770_171616291414874_2957460898102012198_n-300x300.jpg 300w, https:\/\/www.radiopiu.net\/wordpress\/wp-content\/uploads\/2021\/01\/141433770_171616291414874_2957460898102012198_n-150x150.jpg 150w, https:\/\/www.radiopiu.net\/wordpress\/wp-content\/uploads\/2021\/01\/141433770_171616291414874_2957460898102012198_n-768x768.jpg 768w, https:\/\/www.radiopiu.net\/wordpress\/wp-content\/uploads\/2021\/01\/141433770_171616291414874_2957460898102012198_n.jpg 800w\" sizes=\"auto, (max-width: 144px) 100vw, 144px\" \/><\/a><\/h3>\n<h3>PER<strong> RICEVERE QUESTO NOTIZIARIO DIRETTAMENTE SUL TUO CELLULARE ISCRIVITI AL CANALE TELEGRAM <\/strong><strong>\u201cRADIO PIU\u00a0 INFORMAZIONE&#8221;\u00a0<\/strong><\/h3>\n<h3><\/h3>\n<p>&nbsp;<\/p>\n<p>&nbsp;<\/p>\n<div dir=\"auto\"><\/div>\n<div dir=\"auto\">\n<blockquote>\n<h3>203 AGORDINA DOVE GLI UNGULATI SPADRONEGGIANO<\/h3>\n<\/blockquote>\n<p><strong>LA VALLE<\/strong>\u00a0 Dice bene l&#8217;Amico Andrea,<em> &#8220;Anche questa volta \u00e8 andata bene<\/em>&#8221; Messaggio inviato anche all&#8217;Ente Parco e a coloro che tirando su siepi a Candaten provano a convicerci che un giorno si transiter\u00e0 sulla regionale 203 agordina in sicurezza&#8230; Credeteci, come ai tempi delle rete, di altre siepi, di costosi aggeggi tecnologici<\/p>\n\n\t\t\t<style type='text\/css'>\n\t\t\t\t#gallery-1 {\n\t\t\t\t\tmargin: auto;\n\t\t\t\t}\n\t\t\t\t#gallery-1 .gallery-item {\n\t\t\t\t\tfloat: left;\n\t\t\t\t\tmargin-top: 10px;\n\t\t\t\t\ttext-align: center;\n\t\t\t\t\twidth: 50%;\n\t\t\t\t}\n\t\t\t\t#gallery-1 img {\n\t\t\t\t\tborder: 2px solid #cfcfcf;\n\t\t\t\t}\n\t\t\t\t#gallery-1 .gallery-caption {\n\t\t\t\t\tmargin-left: 0;\n\t\t\t\t}\n\t\t\t\t\/* see gallery_shortcode() in wp-includes\/media.php *\/\n\t\t\t<\/style>\n\t\t<div id='gallery-1' class='dt-gallery-container gallery galleryid-201353 gallery-columns-2 gallery-size-full'><dl class='gallery-item'>\n\t\t\t\t<dt class='gallery-icon landscape'>\n\t\t\t\t\t<a class=\"rollover rollover-zoom dt-pswp-item\" title=\"169538284_167550321887848_4731680591694196233_n\" data-dt-img-description=\"\" data-large_image_width=\"928\" data-large_image_height=\"516\"href='https:\/\/www.radiopiu.net\/wordpress\/wp-content\/uploads\/2021\/04\/169538284_167550321887848_4731680591694196233_n-1.jpg'><img loading=\"lazy\" decoding=\"async\" width=\"928\" height=\"516\" src=\"https:\/\/www.radiopiu.net\/wordpress\/wp-content\/uploads\/2021\/04\/169538284_167550321887848_4731680591694196233_n-1.jpg\" class=\"attachment-full size-full\" alt=\"\" srcset=\"https:\/\/www.radiopiu.net\/wordpress\/wp-content\/uploads\/2021\/04\/169538284_167550321887848_4731680591694196233_n-1.jpg 928w, https:\/\/www.radiopiu.net\/wordpress\/wp-content\/uploads\/2021\/04\/169538284_167550321887848_4731680591694196233_n-1-300x167.jpg 300w, https:\/\/www.radiopiu.net\/wordpress\/wp-content\/uploads\/2021\/04\/169538284_167550321887848_4731680591694196233_n-1-768x427.jpg 768w\" sizes=\"auto, (max-width: 928px) 100vw, 928px\" \/><\/a>\n\t\t\t\t<\/dt><\/dl><dl class='gallery-item'>\n\t\t\t\t<dt class='gallery-icon landscape'>\n\t\t\t\t\t<a class=\"rollover rollover-zoom dt-pswp-item\" title=\"169403572_4192088290825095_7718661842766897531_n\" data-dt-img-description=\"\" data-large_image_width=\"417\" data-large_image_height=\"204\"href='https:\/\/www.radiopiu.net\/wordpress\/wp-content\/uploads\/2021\/04\/169403572_4192088290825095_7718661842766897531_n.jpg'><img loading=\"lazy\" decoding=\"async\" width=\"417\" height=\"204\" src=\"https:\/\/www.radiopiu.net\/wordpress\/wp-content\/uploads\/2021\/04\/169403572_4192088290825095_7718661842766897531_n.jpg\" class=\"attachment-full size-full\" alt=\"\" srcset=\"https:\/\/www.radiopiu.net\/wordpress\/wp-content\/uploads\/2021\/04\/169403572_4192088290825095_7718661842766897531_n.jpg 417w, https:\/\/www.radiopiu.net\/wordpress\/wp-content\/uploads\/2021\/04\/169403572_4192088290825095_7718661842766897531_n-300x147.jpg 300w\" sizes=\"auto, (max-width: 417px) 100vw, 417px\" \/><\/a>\n\t\t\t\t<\/dt><\/dl><br style=\"clear: both\" \/>\n\t\t\t<\/div>\n\n<p>&nbsp;<\/p>\n<\/div>\n<div dir=\"auto\"><\/div>\n<div dir=\"auto\"><\/div>\n<div dir=\"auto\"><\/div>\n<hr \/>\n<p><em><a href=\"https:\/\/www.radiopiu.net\/wordpress\/giornale-radiopiu-24-gennaio-2021-direttore-mirko-mezzacasa\/79216601_126817312416448_708980208774483089_n\/\" rel=\"attachment wp-att-186567\"><img loading=\"lazy\" decoding=\"async\" class=\"size-medium wp-image-186567 alignright\" src=\"https:\/\/www.radiopiu.net\/wordpress\/wp-content\/uploads\/2021\/01\/79216601_126817312416448_708980208774483089_n-300x114.jpg\" alt=\"\" width=\"300\" height=\"114\" srcset=\"https:\/\/www.radiopiu.net\/wordpress\/wp-content\/uploads\/2021\/01\/79216601_126817312416448_708980208774483089_n-300x114.jpg 300w, https:\/\/www.radiopiu.net\/wordpress\/wp-content\/uploads\/2021\/01\/79216601_126817312416448_708980208774483089_n-768x292.jpg 768w, https:\/\/www.radiopiu.net\/wordpress\/wp-content\/uploads\/2021\/01\/79216601_126817312416448_708980208774483089_n.jpg 820w\" sizes=\"auto, (max-width: 300px) 100vw, 300px\" \/><\/a><span style=\"color: #ff0000;\"> LA NUOVA APP PER IOS-IPHONE di Nicola Vettorello <\/span><\/em><a href=\"https:\/\/apps.apple.com\/it\/app\/radio-pi%C3%B9-emittente-agordina\/id1515939845\">https:\/\/apps.apple.com\/it\/app\/radio-pi%C3%B9-emittente-agordina\/id1515939845<\/a><\/p>\n<p><em style=\"color: #ff0000;\">ATTENZIONE: LA NUOVA APP RADIO\u00a0 PER ANDROID di Nicola Vettorello<\/em><\/p>\n<p><a href=\"https:\/\/play.google.com\/store\/apps\/details?id=net.radiopiu.iniko\" target=\"_blank\" rel=\"noopener noreferrer\">https:\/\/play.google.com\/store\/apps\/details?id=net.radiopiu.iniko<\/a><\/p>\n<p>&nbsp;<\/p>\n<p>&nbsp;<\/p>\n<hr \/>\n<p>&nbsp;<\/p>\n<div dir=\"auto\"><\/div>\n<div dir=\"auto\"><strong>QUELLE RISATE IN PIAZZA, OLTRAGGIOSE E DA GRANDI MALEDUCATI E SAPIENTI DELL&#8217;ULTIM&#8217;ORA. MA VOI VI FARESTE CURARE DALL&#8217;UOMO DEL MEGAFONO?<\/strong><\/div>\n<blockquote>\n<div dir=\"auto\"><em><img decoding=\"async\" src=\"https:\/\/www.radiopiu.net\/wordpress\/wp-content\/uploads\/2021\/04\/d5d6c025-1f13-4310-8a9a-c0f5d5a665ce.jpg\" \/>Tre ragazzi multati perch\u00e9 passeggiavano sul Serva, pagheranno i genitori. A proposito di genitori, quanti erano in piazza dei Martiri ieri?\u00a0 Erano tra le 400\u00a0 persone ammassate una sull&#8217;altra senza mascherina? Invettive contro chi \u00e8 in prima linea contro il virus, offese alla stampa, ai giornalisti, quelli che da un anno e pi\u00f9 in trincea stanno seguendo senza sosta l&#8217;andamento dell&#8217;epidemia. Ma l&#8217;uomo dal megafono facile e dal blog delle illogicit\u00e0 continua imperterrito ad inventare trasformandosi nello scienziato da premio Nobel&#8230; e tutti a battergli le mani, con cori da stadio. Ogni occasione \u00e8 buona per scendere in piazza e sfogare le proprie frustrazioni. Al facilone\u00a0 del megafono delle invenzionI: tedioso, piatto, insistente, ossessivo,\u00a0 o se preferite al\u00a0 blogger improvvisamente diventano il &#8220;guru&#8221; dell&#8217;informazione vorremmo suggerire, una volta terminati i corsi alla &#8220;radio elettra&#8221;\u00a0 di farsi un giro in pneumologia a Belluno, o al Pronto Soccorso covid19 tra le lacrime di quei figli e nipoti che non possono nemmeno stringere la mano alla madre da tre giorni in agonia, o salutare il pap\u00e0 ricoverato nell&#8217;altra ala dell&#8217;ospedale,\u00a0 ma evidentemente stare in piazza a ridere, scherzare, offendere e insultare le divise \u00e8 molto pi\u00f9 facile, cos\u00ec come sparare invettive da una tastiera.\u00a0 Ma non lo dimenticheremo. Di certo se qualcuno dopo la manifestazione e ben infetto varcher\u00e0 le porte dell&#8217;ospedale non trover\u00e0 l&#8217;infermiere col megafono o fotocopie da sventolare per sputtanare il professionista di turno, ma solo aiuto, umanit\u00e0 e voglia di spendersi per gli altri.<\/em><\/div>\n<\/blockquote>\n<p>&nbsp;<\/p>\n<blockquote>\n<h3>MANIFESTAZIONE IN PIAZZA, SCATTANO LE CONTRAVVENZIONI<\/h3>\n<\/blockquote>\n<div>\n<div dir=\"auto\"><strong>BELLUNO<\/strong> Altro che i quattro amici al Bar&#8230; ai giardini di Piazza dei Martiri c&#8217;era\u00a0 pi\u00f9\u00a0 folla dell&#8217;ultimo concerto prima del covid. Tanti, vicini-vicini sotto al palco della manifestazione. Chiamasi assembramento e non sono mancati i partecipanti privi di mascherina. In serata primo bilancio dai Carabinieri:\u00a0 26 sanzioni di cui dieci a bellunesi, 15\u00a0 veneti e 1 fuori regione. Almeno 500 i partecipanti alla manifestazione &#8220;No paura day&#8221;. Prima dell&#8217;inizio la Polizia ha identificato e multato oltre quaranta\u00a0 persone (400 euro).\u00a0 hanno parlato: la sociologa Manuela Zorzi, l&#8217;avvocato Stefania Pomaro e il giornalista Matteo Gracis.<\/div>\n<\/div>\n<div dir=\"auto\">\n<div id=\"adv-Bottom\">\n<div id=\"div-gpt-ad-Bottom\" data-google-query-id=\"CPK6-vLT5-8CFVKK_Qcd02EKEg\"><\/div>\n<\/div>\n<\/div>\n<div dir=\"auto\">\n\n\t\t\t<style type='text\/css'>\n\t\t\t\t#gallery-2 {\n\t\t\t\t\tmargin: auto;\n\t\t\t\t}\n\t\t\t\t#gallery-2 .gallery-item {\n\t\t\t\t\tfloat: left;\n\t\t\t\t\tmargin-top: 10px;\n\t\t\t\t\ttext-align: center;\n\t\t\t\t\twidth: 33%;\n\t\t\t\t}\n\t\t\t\t#gallery-2 img {\n\t\t\t\t\tborder: 2px solid #cfcfcf;\n\t\t\t\t}\n\t\t\t\t#gallery-2 .gallery-caption {\n\t\t\t\t\tmargin-left: 0;\n\t\t\t\t}\n\t\t\t\t\/* see gallery_shortcode() in wp-includes\/media.php *\/\n\t\t\t<\/style>\n\t\t<div id='gallery-2' class='dt-gallery-container gallery galleryid-201353 gallery-columns-3 gallery-size-thumbnail'><dl class='gallery-item'>\n\t\t\t\t<dt class='gallery-icon landscape'>\n\t\t\t\t\t<a class=\"rollover rollover-zoom dt-pswp-item\" title=\"c0f25756-26d4-457a-b115-a1f4d9ab236e\" data-dt-img-description=\"\" data-large_image_width=\"1024\" data-large_image_height=\"576\"href='https:\/\/www.radiopiu.net\/wordpress\/wp-content\/uploads\/2021\/04\/c0f25756-26d4-457a-b115-a1f4d9ab236e.jpg'><img loading=\"lazy\" decoding=\"async\" width=\"150\" height=\"150\" src=\"https:\/\/www.radiopiu.net\/wordpress\/wp-content\/uploads\/2021\/04\/c0f25756-26d4-457a-b115-a1f4d9ab236e-150x150.jpg\" class=\"attachment-thumbnail size-thumbnail\" alt=\"\" \/><\/a>\n\t\t\t\t<\/dt><\/dl><dl class='gallery-item'>\n\t\t\t\t<dt class='gallery-icon landscape'>\n\t\t\t\t\t<a class=\"rollover rollover-zoom dt-pswp-item\" title=\"68f5d12e-8658-44a9-96cb-25d78dc82a81\" data-dt-img-description=\"\" data-large_image_width=\"1024\" data-large_image_height=\"564\"href='https:\/\/www.radiopiu.net\/wordpress\/wp-content\/uploads\/2021\/04\/68f5d12e-8658-44a9-96cb-25d78dc82a81.jpg'><img loading=\"lazy\" decoding=\"async\" width=\"150\" height=\"150\" src=\"https:\/\/www.radiopiu.net\/wordpress\/wp-content\/uploads\/2021\/04\/68f5d12e-8658-44a9-96cb-25d78dc82a81-150x150.jpg\" class=\"attachment-thumbnail size-thumbnail\" alt=\"\" \/><\/a>\n\t\t\t\t<\/dt><\/dl><dl class='gallery-item'>\n\t\t\t\t<dt class='gallery-icon landscape'>\n\t\t\t\t\t<a class=\"rollover rollover-zoom dt-pswp-item\" title=\"d5d6c025-1f13-4310-8a9a-c0f5d5a665ce\" data-dt-img-description=\"\" data-large_image_width=\"1024\" data-large_image_height=\"577\"href='https:\/\/www.radiopiu.net\/wordpress\/wp-content\/uploads\/2021\/04\/d5d6c025-1f13-4310-8a9a-c0f5d5a665ce.jpg'><img loading=\"lazy\" decoding=\"async\" width=\"150\" height=\"150\" src=\"https:\/\/www.radiopiu.net\/wordpress\/wp-content\/uploads\/2021\/04\/d5d6c025-1f13-4310-8a9a-c0f5d5a665ce-150x150.jpg\" class=\"attachment-thumbnail size-thumbnail\" alt=\"\" \/><\/a>\n\t\t\t\t<\/dt><\/dl><br style=\"clear: both\" \/>\n\t\t\t<\/div>\n\n<p>&nbsp;<\/p>\n<\/div>\n<p>&nbsp;<\/p>\n<p>&nbsp;<\/p>\n<hr \/>\n<blockquote>\n<h3><\/h3>\n<h3>VENETO IN ARANCIONE DA OGGI<\/h3>\n<\/blockquote>\n<p><strong>VENEZIA<\/strong><em> Il Veneto da marted\u00ec sar\u00e0 in zona arancione. Di seguito il vademecum sulla zona arancione.<\/em><\/p>\n<h3><a href=\"https:\/\/www.radiopiu.net\/wordpress\/giornale-radiopiu-03-aprile-2021-direttore-mirko-mezzacasa\/b3f36804-16e9-4406-b10b-f7963a753f82\/\" rel=\"attachment wp-att-201000\"><img loading=\"lazy\" decoding=\"async\" class=\"aligncenter wp-image-201000 size-full\" src=\"https:\/\/www.radiopiu.net\/wordpress\/wp-content\/uploads\/2021\/04\/b3f36804-16e9-4406-b10b-f7963a753f82.jpg\" alt=\"\" width=\"1024\" height=\"616\" srcset=\"https:\/\/www.radiopiu.net\/wordpress\/wp-content\/uploads\/2021\/04\/b3f36804-16e9-4406-b10b-f7963a753f82.jpg 1024w, https:\/\/www.radiopiu.net\/wordpress\/wp-content\/uploads\/2021\/04\/b3f36804-16e9-4406-b10b-f7963a753f82-300x180.jpg 300w, https:\/\/www.radiopiu.net\/wordpress\/wp-content\/uploads\/2021\/04\/b3f36804-16e9-4406-b10b-f7963a753f82-768x462.jpg 768w\" sizes=\"auto, (max-width: 1024px) 100vw, 1024px\" \/><\/a><\/h3>\n<p>&nbsp;<\/p>\n<p><strong>PER GLI SPOSTAMENTI FUORI COMUNE (SOTTO I 5000 ABITANTI) OBBLIGO DI AUTOCERTIFICAZIONE CHE PUOI <a href=\"https:\/\/www.radiopiu.net\/wordpress\/veneto-in-rosso-il-bianco-sardegna-lontano-lo-dice-lincide-rt\/dpcm-autocertificazione-gennaio-2021\/\">SCARICARE QUI<\/a><\/strong><\/p>\n<p>&nbsp;<\/p>\n<p>&nbsp;<\/p>\n<hr \/>\n<p>&nbsp;<\/p>\n<blockquote>\n<h3>VALLE DEL BIOIS IN USCITA DALL'&#8221;INCUBO&#8221; CONTAGIO, NUMERI ANCORA ALTI IN VALLE DEL CORDEVOLE<\/h3>\n<\/blockquote>\n<p>Nessun comune libero dal virus nell&#8217;Agordino diversamente da altri dati comunicati dalla Ulss1, e la conferma arriva direttamente dalla voce dei sindaci sentito uno per uno telefonicamente, altro che Agordino con Comuni liberi dal virus. In Valle del Cordevole sono in aumento (controtendenza provinciale) mentre sono calati in Valle del Biois ma da qui a dichiarare che i Comuni sono liberi da virus&#8230; Ecco la situazione aggiornata all&#8217;ultim&#8217;ora. Le tabelle che seguono con i comuni &#8220;bianchi&#8221; liberi dal virus vanno quindi prese con cautela e beneficio d&#8217;inventario.<\/p>\n<p>&nbsp;<\/p>\n<p>FALCADE 13 positivi\u00a0 (-8) 8\u00a0 isolamento (-3) CANALE D&#8217;AGORDO 9\u00a0 positivi (-3) 5 isolamento\u00a0 (-2) VALLADA\u00a0 9 positivi (-1)\u00a0 1 isolamento ()\u00a0 CENCENIGHE 8 (-1) positivi 8 isolamento () SAN TOMASO 7 positivi ()\u00a0 0 isolamento () LIVINALLONGO 11\u00a0 positivi (-2) 23 isolamento (+5) ALLEGHE 39 positivi (+4) 27 isolamento (-11) AGORDO 17 positivi (-2)\u00a0 19 isolamento () TAIBON 14 positivi (+5) 8\u00a0 isolamento (-5)\u00a0 LA VALLE 5 positivi (+2) 4 isolamento (+1) RIVAMONTE 1 positivo () 2 isolamento () GOSALDO 1 positivi () 4 isolamento ()\u00a0 ROCCA PIETORE 12 positivi (-8) 14 isolamento (-7) COLLE SANTA LUCIA 8 positivi\u00a0 (-1) 8 isolamento (+5) ) SELVA DI CADORE\u00a0 \u00a018 positivi (-2)\u00a0 6 isolamento (-2)<\/p>\n<p>&nbsp;<\/p>\n<blockquote class=\"wp-embedded-content\" data-secret=\"I0BXuKhjJ8\"><p><a href=\"https:\/\/www.radiopiu.net\/wordpress\/covid-in-provincia-il-punto-settimanale-della-ulss-1-dolomiti\/\">COVID IN PROVINCIA: IL PUNTO SETTIMANALE DELLA ULSS 1 DOLOMITI<\/a><\/p><\/blockquote>\n<p><iframe loading=\"lazy\" class=\"wp-embedded-content\" sandbox=\"allow-scripts\" security=\"restricted\" style=\"position: absolute; clip: rect(1px, 1px, 1px, 1px);\" title=\"&#8220;COVID IN PROVINCIA: IL PUNTO SETTIMANALE DELLA ULSS 1 DOLOMITI&#8221; &#8212; Radio Pi\u00f9\" src=\"https:\/\/www.radiopiu.net\/wordpress\/covid-in-provincia-il-punto-settimanale-della-ulss-1-dolomiti\/embed\/#?secret=I0BXuKhjJ8\" data-secret=\"I0BXuKhjJ8\" width=\"600\" height=\"338\" frameborder=\"0\" marginwidth=\"0\" marginheight=\"0\" scrolling=\"no\"><\/iframe><\/p>\n<p>&nbsp;<\/p>\n<p>&nbsp;<\/p>\n<hr \/>\n<p>&nbsp;<\/p>\n<p><strong>SP 3 VAL IMPERINA <\/strong>Fino al 30 aprile (sabato e domenica esclusi) interdizione alla viabilit\u00e0 per lavori di esbosco schianti a fasce orari. Chiusure: dalle 8 alle 9.45; dalle 10 alle 12; dalle 13.45 alle 15.50; dalle 16.10 alle 17.30. Nei periodi non interessati dalla chiusura senso unico alternato con movieri.<img loading=\"lazy\" decoding=\"async\" class=\"wp-image-198719 alignleft\" src=\"https:\/\/www.radiopiu.net\/wordpress\/wp-content\/uploads\/2021\/03\/d1cefc45-a8f4-432d-b66b-ba03ea140813-300x142.jpg\" alt=\"\" width=\"188\" height=\"89\" srcset=\"https:\/\/www.radiopiu.net\/wordpress\/wp-content\/uploads\/2021\/03\/d1cefc45-a8f4-432d-b66b-ba03ea140813-300x142.jpg 300w, https:\/\/www.radiopiu.net\/wordpress\/wp-content\/uploads\/2021\/03\/d1cefc45-a8f4-432d-b66b-ba03ea140813-1024x485.jpg 1024w, https:\/\/www.radiopiu.net\/wordpress\/wp-content\/uploads\/2021\/03\/d1cefc45-a8f4-432d-b66b-ba03ea140813-768x364.jpg 768w, https:\/\/www.radiopiu.net\/wordpress\/wp-content\/uploads\/2021\/03\/d1cefc45-a8f4-432d-b66b-ba03ea140813-1536x728.jpg 1536w, https:\/\/www.radiopiu.net\/wordpress\/wp-content\/uploads\/2021\/03\/d1cefc45-a8f4-432d-b66b-ba03ea140813.jpg 1599w\" sizes=\"auto, (max-width: 188px) 100vw, 188px\" \/><\/p>\n<p><strong>SP 2 VALLE DEL MIS<\/strong> Dal 25 marzo al 9 aprile (sabato e domenica compresi) senso unico alternato al km 23.460 in prossimit\u00e0 di Gosaldo<\/p>\n<p>&nbsp;<\/p>\n<p>&nbsp;<\/p>\n<hr \/>\n<p>&nbsp;<\/p>\n<p>&nbsp;<\/p>\n<h3><a href=\"https:\/\/www.radiopiu.net\/wordpress\/acqua-di-nuovo-potabile-a-gosaldo\/bicchiere-acqua\/\" rel=\"attachment wp-att-197762\"><img loading=\"lazy\" decoding=\"async\" class=\" wp-image-197762 alignleft\" src=\"https:\/\/www.radiopiu.net\/wordpress\/wp-content\/uploads\/2021\/03\/BICCHIERE-ACQUA-300x200.jpg\" alt=\"\" width=\"132\" height=\"88\" srcset=\"https:\/\/www.radiopiu.net\/wordpress\/wp-content\/uploads\/2021\/03\/BICCHIERE-ACQUA-300x200.jpg 300w, https:\/\/www.radiopiu.net\/wordpress\/wp-content\/uploads\/2021\/03\/BICCHIERE-ACQUA-1024x683.jpg 1024w, https:\/\/www.radiopiu.net\/wordpress\/wp-content\/uploads\/2021\/03\/BICCHIERE-ACQUA-768x512.jpg 768w, https:\/\/www.radiopiu.net\/wordpress\/wp-content\/uploads\/2021\/03\/BICCHIERE-ACQUA-1536x1024.jpg 1536w, https:\/\/www.radiopiu.net\/wordpress\/wp-content\/uploads\/2021\/03\/BICCHIERE-ACQUA.jpg 1920w\" sizes=\"auto, (max-width: 132px) 100vw, 132px\" \/><\/a>Gestione Servizi Pubblici informa che a COLLE SANTA LUCIA in localit\u00e0 RUCAVA&#8217;, l&#8217;acqua erogata dall&#8217;acquedotto \u00e8 di nuovo potabile e pu\u00f2 essere usata, quindi, per scopi alimentari.<\/h3>\n<p>Gestione Servizi Pubblici informa che, per lavori alla rete idrica comunale, oggi dalle 8 fino a FINE LAVORI\u00a0 e mercoled\u00ec e gioved\u00ec dalle 8 alle 17 verr\u00e0 sospesa l\u2019erogazione dell\u2019acqua a SELVA DI CADORE, nelle vie MONTE CERNERA e ZANUOL e nelle localit\u00e0 CERNADOI, BERNARD, MARIN e TRONCH. Il personale addetto operer\u00e0 per limitare il pi\u00f9 possibile i disagi alla popolazione.<\/p>\n<h3><\/h3>\n<p>&nbsp;<\/p>\n<hr \/>\n<p>&nbsp;<\/p>\n<blockquote>\n<h3>INTERRUZIONI PROGRAMMATE PER LAVORI<\/h3>\n<\/blockquote>\n<p><strong><a href=\"https:\/\/www.radiopiu.net\/wordpress\/giornale-radio-piu-edizione-del-23-dicembre-2017-direttore-mirko-mezzacasa\/enel-tecnico-in-stazione-elettrica\/\" rel=\"attachment wp-att-40340\"><img loading=\"lazy\" decoding=\"async\" class=\"wp-image-40340 alignleft\" src=\"https:\/\/www.radiopiu.net\/wordpress\/wp-content\/uploads\/2017\/12\/Enel-Tecnico-in-stazione-elettrica-300x201.jpg\" alt=\"\" width=\"118\" height=\"79\" \/><\/a><\/strong><\/p>\n<p><strong>\u00a0<\/strong><strong>LA VALLE AGORDINA<\/strong> Oggi dalle 8 alle 14 in frazione Ronchet. Giovedi 8 aprile dalle 13 alle 16 nelle localit\u00e0 Cugnago, La Vigna, Gaidon, Fades e Lantrago. <strong>AGORDO <\/strong>Giovedi 8 aprile dalle 8 alle 12 in localit\u00e0 Le Grave-Ceramasse.<\/p>\n<p>&nbsp;<\/p>\n<p>&nbsp;<\/p>\n<p>&nbsp;<\/p>\n<hr \/>\n<p>&nbsp;<\/p>\n<p>&nbsp;<\/p>\n<blockquote>\n<h3>COVID IN PROVINCIA: NELLE ULTIME 48 ORE SONO 3 I DECESSI IN ULSS 1 DOLOMITI. I NUOVI POSITIVI SONO 15<\/h3>\n<\/blockquote>\n<p><strong>BELLUNO <\/strong>Nelle ultime 48 ore\u00a0 sono deceduti tre pazienti covid positivi: una\u00a0 donna di 91 anni ricoverata in Geriatria a Feltre, una donna di 91 anni ricoverata in Pneumologia a Belluno e una donna di 84 anni ricoverata in Geriatria a Belluno. Nelle ultime 24 ore si sono registrate 15 nuove positivit\u00e0, sono 1183 gli attualmente positivi in provincia di Belluno.<\/p>\n<p><strong>Ricoveri \u00a0\u00a0\u00a0\u00a0\u00a0\u00a0\u00a0\u00a0\u00a0\u00a0\u00a0\u00a0\u00a0\u00a0\u00a0\u00a0\u00a0\u00a0\u00a0\u00a0\u00a0\u00a0\u00a0\u00a0\u00a0\u00a0\u00a0\u00a0\u00a0\u00a0\u00a0\u00a0\u00a0 <\/strong><\/p>\n<p><em>(dato alle ore 17.00 fonte: Azienda Zero)<\/em><\/p>\n<p>Le persone attualmente POSITIVE ricoverate negli ospedali dell\u2019Ulss Dolomiti sono:<\/p>\n<table>\n<tbody>\n<tr>\n<td width=\"217\"><strong>\u00a0<\/strong><\/td>\n<td width=\"217\"><strong>Area NON CRITICA<\/strong><\/td>\n<td width=\"217\"><strong>Terapia Intensiva<\/strong><\/td>\n<\/tr>\n<tr>\n<td width=\"217\"><strong>Ospedale di Belluno <\/strong><\/td>\n<td width=\"217\">37<\/td>\n<td width=\"217\">6<\/td>\n<\/tr>\n<tr>\n<td width=\"217\"><strong>Ospedale di Feltre<\/strong><\/td>\n<td width=\"217\">24<\/td>\n<td width=\"217\">4<\/td>\n<\/tr>\n<\/tbody>\n<\/table>\n<p>&nbsp;<\/p>\n<p>Le persone attualmente POSITIVE ricoverate in Ospedale di Comunit\u00e0 sono:<\/p>\n<table>\n<tbody>\n<tr>\n<td width=\"326\"><strong>\u00a0<\/strong><\/td>\n<td width=\"326\"><strong>pazienti attualmente positivi<\/strong><\/td>\n<\/tr>\n<tr>\n<td width=\"326\"><strong>Ospedale di Comunit\u00e0 di BELLUNO<\/strong><\/td>\n<td width=\"326\">14<\/td>\n<\/tr>\n<tr>\n<td width=\"326\"><strong>Ospedale di Comunit\u00e0 di FELTRE<\/strong><\/td>\n<td width=\"326\">6<\/td>\n<\/tr>\n<\/tbody>\n<\/table>\n<p>&nbsp;<\/p>\n<p>La campagna vaccinale anti covid \u00e8 proseguita nel giorno di Pasqua, con la somministrazione di alcune decine di vaccino a domicilio. Ieri sono state eseguite circa 1.400 seconde dosi di vaccino nei drive in di Belluno San Gervasio, Feltre, Tai. Oggii si proseguir\u00e0 con la somministrazione di seconde dosi.<\/p>\n<p>&nbsp;<\/p>\n<p>&nbsp;<\/p>\n<hr \/>\n<p>&nbsp;<\/p>\n<blockquote>\n<h3>IL MINISTRO FEDERICO D&#8217;INCA&#8217; IN VISITA AL CENTRO VACCINALE DELL&#8217;OSPEDALE DI BELLUNO<\/h3>\n<\/blockquote>\n<p><strong><a href=\"https:\/\/www.radiopiu.net\/wordpress\/giornale-radiopiu-06-aprile-2021-direttore-mirko-mezzacasa\/169444833_1910981742395348_8893830711849667572_n\/\" rel=\"attachment wp-att-201453\"><img loading=\"lazy\" decoding=\"async\" class=\"wp-image-201453 alignleft\" src=\"https:\/\/www.radiopiu.net\/wordpress\/wp-content\/uploads\/2021\/04\/169444833_1910981742395348_8893830711849667572_n-300x225.jpg\" alt=\"\" width=\"187\" height=\"140\" srcset=\"https:\/\/www.radiopiu.net\/wordpress\/wp-content\/uploads\/2021\/04\/169444833_1910981742395348_8893830711849667572_n-300x225.jpg 300w, https:\/\/www.radiopiu.net\/wordpress\/wp-content\/uploads\/2021\/04\/169444833_1910981742395348_8893830711849667572_n-1024x768.jpg 1024w, https:\/\/www.radiopiu.net\/wordpress\/wp-content\/uploads\/2021\/04\/169444833_1910981742395348_8893830711849667572_n-768x576.jpg 768w, https:\/\/www.radiopiu.net\/wordpress\/wp-content\/uploads\/2021\/04\/169444833_1910981742395348_8893830711849667572_n.jpg 1280w\" sizes=\"auto, (max-width: 187px) 100vw, 187px\" \/><\/a>BELLUNO<\/strong> &#8220;<em>S<\/em><em>ono andato a visitare il centro vaccinale dell&#8217;ospedale di Belluno assieme al Direttore generale dell&#8217;Ulss, Maria Grazia Carraro. Ho voluto ringraziare personalmente i medici, il personale sanitario e tutti i volontari che, anche in queste giornate di festa, stanno continuando ad eseguire i vaccini. Grazie al loro lavoro, ai sacrifici e al senso di responsabilit\u00e0 di tutti stiamo facendo crescere il numero di immunizzati, per riuscire finalmente ad arrestare i contagi e tornare alla normalit\u00e0<\/em>&#8220;. Cos\u00ec in un post su Facebook il Ministro Federico D&#8217;Inc\u00e0<\/p>\n<p>&nbsp;<\/p>\n<p>&nbsp;<\/p>\n<p>&nbsp;<\/p>\n<div dir=\"auto\">\n<p>&nbsp;<\/p>\n<hr \/>\n<p>&nbsp;<\/p>\n<\/div>\n<blockquote>\n<h3>CONTROLLI SERRATI, ZERO SANZIONI NEL FINE SETTIMANA DEI CARABINIERI<\/h3>\n<\/blockquote>\n<p><strong>BELLUNO<\/strong> E&#8217; lampante: la gente abbia capito la gravit\u00e0 del momento, soprattutto alla comune voglia di porre fine ad una passione iniziata pi\u00f9 di un anno fa. Poco traffico sulle principali strade della provincia, controlli puntuali delle Forze dell&#8217;Ordine come ampiamente anticipato dalla Prefettura nella settimana che ha preceduto la Pasqua. I Carabinieri sono intervenuti anche in montagna ai rifugi\u00a0 Mietres , Averau, Ra Stua, Monti Faloria, Cristallo, Nuvolau, Averau, Passi Giau e Falzarego, itinerario Sci Alpinistico Forcella Staunies &#8211; Ferrata Ivano Dibona &#8211; Forcella Grande, e Bivacco Invernale al Rifugio Lorenzi. Da parte degli uomini dell&#8217;Arma nessuna irregolarit\u00e0 \u00e8 stata riscontrata,\u00a0 nessuna sanzione nemmeno nei controlli di fondovalle.<\/p>\n<div style=\"width: 1024px;\" class=\"wp-video\"><video class=\"wp-video-shortcode\" id=\"video-201353-1\" width=\"1024\" height=\"576\" preload=\"metadata\" controls=\"controls\"><source type=\"video\/mp4\" src=\"https:\/\/www.radiopiu.net\/wordpress\/wp-content\/uploads\/2021\/04\/t_video6005615957832108606.mp4?_=1\" \/><a href=\"https:\/\/www.radiopiu.net\/wordpress\/wp-content\/uploads\/2021\/04\/t_video6005615957832108606.mp4\">https:\/\/www.radiopiu.net\/wordpress\/wp-content\/uploads\/2021\/04\/t_video6005615957832108606.mp4<\/a><\/video><\/div>\n\n\t\t\t<style type='text\/css'>\n\t\t\t\t#gallery-3 {\n\t\t\t\t\tmargin: auto;\n\t\t\t\t}\n\t\t\t\t#gallery-3 .gallery-item {\n\t\t\t\t\tfloat: left;\n\t\t\t\t\tmargin-top: 10px;\n\t\t\t\t\ttext-align: center;\n\t\t\t\t\twidth: 50%;\n\t\t\t\t}\n\t\t\t\t#gallery-3 img {\n\t\t\t\t\tborder: 2px solid #cfcfcf;\n\t\t\t\t}\n\t\t\t\t#gallery-3 .gallery-caption {\n\t\t\t\t\tmargin-left: 0;\n\t\t\t\t}\n\t\t\t\t\/* see gallery_shortcode() in wp-includes\/media.php *\/\n\t\t\t<\/style>\n\t\t<div id='gallery-3' class='dt-gallery-container gallery galleryid-201353 gallery-columns-2 gallery-size-medium'><dl class='gallery-item'>\n\t\t\t\t<dt class='gallery-icon landscape'>\n\t\t\t\t\t<a class=\"rollover rollover-zoom dt-pswp-item\" title=\"5b9e804d-f25b-4d90-9706-3fe726e2a790\" data-dt-img-description=\"\" data-large_image_width=\"1024\" data-large_image_height=\"682\"href='https:\/\/www.radiopiu.net\/wordpress\/wp-content\/uploads\/2021\/04\/5b9e804d-f25b-4d90-9706-3fe726e2a790.jpg'><img loading=\"lazy\" decoding=\"async\" width=\"300\" height=\"200\" src=\"https:\/\/www.radiopiu.net\/wordpress\/wp-content\/uploads\/2021\/04\/5b9e804d-f25b-4d90-9706-3fe726e2a790-300x200.jpg\" class=\"attachment-medium size-medium\" alt=\"\" srcset=\"https:\/\/www.radiopiu.net\/wordpress\/wp-content\/uploads\/2021\/04\/5b9e804d-f25b-4d90-9706-3fe726e2a790-300x200.jpg 300w, https:\/\/www.radiopiu.net\/wordpress\/wp-content\/uploads\/2021\/04\/5b9e804d-f25b-4d90-9706-3fe726e2a790-768x512.jpg 768w, https:\/\/www.radiopiu.net\/wordpress\/wp-content\/uploads\/2021\/04\/5b9e804d-f25b-4d90-9706-3fe726e2a790.jpg 1024w\" sizes=\"auto, (max-width: 300px) 100vw, 300px\" \/><\/a>\n\t\t\t\t<\/dt><\/dl><dl class='gallery-item'>\n\t\t\t\t<dt class='gallery-icon landscape'>\n\t\t\t\t\t<a class=\"rollover rollover-zoom dt-pswp-item\" title=\"cebf3d7d-0cd1-417c-a599-03865fe0e7cd\" data-dt-img-description=\"\" data-large_image_width=\"1135\" data-large_image_height=\"634\"href='https:\/\/www.radiopiu.net\/wordpress\/wp-content\/uploads\/2021\/04\/cebf3d7d-0cd1-417c-a599-03865fe0e7cd.jpg'><img loading=\"lazy\" decoding=\"async\" width=\"300\" height=\"168\" src=\"https:\/\/www.radiopiu.net\/wordpress\/wp-content\/uploads\/2021\/04\/cebf3d7d-0cd1-417c-a599-03865fe0e7cd-300x168.jpg\" class=\"attachment-medium size-medium\" alt=\"\" srcset=\"https:\/\/www.radiopiu.net\/wordpress\/wp-content\/uploads\/2021\/04\/cebf3d7d-0cd1-417c-a599-03865fe0e7cd-300x168.jpg 300w, https:\/\/www.radiopiu.net\/wordpress\/wp-content\/uploads\/2021\/04\/cebf3d7d-0cd1-417c-a599-03865fe0e7cd-1024x572.jpg 1024w, https:\/\/www.radiopiu.net\/wordpress\/wp-content\/uploads\/2021\/04\/cebf3d7d-0cd1-417c-a599-03865fe0e7cd-768x429.jpg 768w, https:\/\/www.radiopiu.net\/wordpress\/wp-content\/uploads\/2021\/04\/cebf3d7d-0cd1-417c-a599-03865fe0e7cd.jpg 1135w\" sizes=\"auto, (max-width: 300px) 100vw, 300px\" \/><\/a>\n\t\t\t\t<\/dt><\/dl><br style=\"clear: both\" \/>\n\t\t\t<\/div>\n\n<p>&nbsp;<\/p>\n<hr \/>\n<p>&nbsp;<\/p>\n<blockquote>\n<h3>SCIVOLA PER 20 METRI, ELITRASPORTATO A TREVISO<\/h3>\n<\/blockquote>\n<p><strong><a href=\"https:\/\/www.radiopiu.net\/wordpress\/giornale-radiopiu-04-aprile-2021-direttore-mirko-mezzacasa\/salt_20210403_195544_514\/\" rel=\"attachment wp-att-201239\"><img loading=\"lazy\" decoding=\"async\" class=\" wp-image-201239 alignleft\" src=\"https:\/\/www.radiopiu.net\/wordpress\/wp-content\/uploads\/2021\/04\/salt_20210403_195544_514-300x225.jpg\" alt=\"\" width=\"176\" height=\"132\" srcset=\"https:\/\/www.radiopiu.net\/wordpress\/wp-content\/uploads\/2021\/04\/salt_20210403_195544_514-300x225.jpg 300w, https:\/\/www.radiopiu.net\/wordpress\/wp-content\/uploads\/2021\/04\/salt_20210403_195544_514-1024x768.jpg 1024w, https:\/\/www.radiopiu.net\/wordpress\/wp-content\/uploads\/2021\/04\/salt_20210403_195544_514-768x576.jpg 768w, https:\/\/www.radiopiu.net\/wordpress\/wp-content\/uploads\/2021\/04\/salt_20210403_195544_514-1536x1152.jpg 1536w, https:\/\/www.radiopiu.net\/wordpress\/wp-content\/uploads\/2021\/04\/salt_20210403_195544_514-2048x1536.jpg 2048w\" sizes=\"auto, (max-width: 176px) 100vw, 176px\" \/><\/a>VODO DI CADORE<\/strong> Ieri, poco prima delle 11, \u00e8 scattato l&#8217;allarme per un escursionista ruzzolato una ventina di metri, dopo essere scivolato mentre passeggiava in un bosco sopra Vinigo. A dare l&#8217;allarme altre persone che si trovavano a una decina di minuti di distanza da lui. Risaliti alla posizione dell&#8217;infortunato, V.Z., 69 anni, di Venezia, alle prime cure, a seguito di un possibile politrauma, e al suo recupero con il verricello ha provveduto l&#8217;equipaggio dell&#8217;Aiut Alpin Dolomites di Bolzano. L&#8217;escursionista \u00e8 stato poi trasferito nell&#8217;eliambulanza del Suem di Pieve di Cadore, che lo ha trasportato all&#8217;ospedale di Treviso.<\/p>\n<p>&nbsp;<\/p>\n<p>&nbsp;<\/p>\n<p>&nbsp;<\/p>\n<hr \/>\n<p>&nbsp;<\/p>\n<blockquote>\n<h3>MENTRE SI ASPETTA IL SOPRALLUOGO LE STRADE COMUNALI PER PALUA DI ORNELLA E COL DI ORNELLA RESTANO CHIUSE<\/h3>\n<\/blockquote>\n<p><strong><a href=\"https:\/\/www.radiopiu.net\/wordpress\/frana-sul-ru-della-boa-di-ornella-interessato-il-ponte\/9e5c71ad-1f3f-44e3-8201-6f2026228793\/\" rel=\"attachment wp-att-201223\"><img loading=\"lazy\" decoding=\"async\" class=\"size-medium wp-image-201223 alignleft\" src=\"https:\/\/www.radiopiu.net\/wordpress\/wp-content\/uploads\/2021\/04\/9e5c71ad-1f3f-44e3-8201-6f2026228793-300x225.jpg\" alt=\"\" width=\"300\" height=\"225\" srcset=\"https:\/\/www.radiopiu.net\/wordpress\/wp-content\/uploads\/2021\/04\/9e5c71ad-1f3f-44e3-8201-6f2026228793-300x225.jpg 300w, https:\/\/www.radiopiu.net\/wordpress\/wp-content\/uploads\/2021\/04\/9e5c71ad-1f3f-44e3-8201-6f2026228793-768x576.jpg 768w, https:\/\/www.radiopiu.net\/wordpress\/wp-content\/uploads\/2021\/04\/9e5c71ad-1f3f-44e3-8201-6f2026228793.jpg 1024w\" sizes=\"auto, (max-width: 300px) 100vw, 300px\" \/><\/a>LIVINALLONGO<\/strong><\/p>\n<p>di Gianni Santomaso<\/p>\n<audio class=\"wp-audio-shortcode\" id=\"audio-201353-1\" preload=\"none\" style=\"width: 100%;\" controls=\"controls\"><source type=\"audio\/mpeg\" src=\"https:\/\/www.radiopiu.net\/wordpress\/wp-content\/uploads\/2021\/04\/GIANNI-FRANA-RU-DE-LA-BOA-LIVINALLONGO.mp3?_=1\" \/><a href=\"https:\/\/www.radiopiu.net\/wordpress\/wp-content\/uploads\/2021\/04\/GIANNI-FRANA-RU-DE-LA-BOA-LIVINALLONGO.mp3\">https:\/\/www.radiopiu.net\/wordpress\/wp-content\/uploads\/2021\/04\/GIANNI-FRANA-RU-DE-LA-BOA-LIVINALLONGO.mp3<\/a><\/audio>\n<p>&nbsp;<\/p>\n<hr \/>\n<p>&nbsp;<\/p>\n<blockquote>\n<h3>IL LUPO E&#8217; TORNATO, AD ARSON<\/h3>\n<\/blockquote>\n<p><strong>FELTRE\u00a0<\/strong> Dei\u00a0 cinque\u00a0 mufloni restano solo le carcasse in zona &#8220;Casere del Pos&#8221; e una capra uccisa sopra l&#8217;abitato del paese ed era nel suo recinto,\u00a0 il predatore \u00e8 tornato in zona dopo due anni da\u00a0 Tiziano Zatta, che a Casere dei Pos, sulla direttrice che conduce al Monte San Mauro ha un terreno recintato con 700 metri di reti.<\/p>\n<p>&nbsp;<\/p>\n<hr \/>\n<p>&nbsp;<\/p>\n<blockquote>\n<h3>DOMANI I FUNERALI DI BRUNO BORTOLUZZI<\/h3>\n<\/blockquote>\n<p><em>Sabato l&#8217;incidente, una caduta per una quarantina di metri in un bosco di Sitran.\u00a0<\/em><\/p>\n<p><strong>ALPAGO<\/strong> C&#8217;\u00e8 un mazzo di fiori dove\u00a0Bruno Bortoluzzi ha perso la vita in una caduta, l&#8217;hanno deposto i soci della Riserva alpina di caccia di Puos. I funerali del 69enne cacciatore e consigliere della Riserva si svolgeranno domani mattina, alle 10.30, nella chiesa di Puos.\u00a0 Dal Rugby Alpago societ\u00e0 fondata da Bortoluzzi: <em>&#8220;Presenza discreta ma costante, per anni ha lavorato nella societ\u00e0 anche come dirigente accompagnatore e segnalinee ufficiale, sempre pronto a dare un&#8217;analisi sintetica ma efficace delle prestazioni dei suoi giocatori. Anche in questi ultimi anni, pur senza pi\u00f9 incarichi in societ\u00e0, ha sempre seguito le vicende della squadra e presenziato alle partite casalinghe. Una presenza rassicurante, con la quale era piacevole scambiare qualche impressione di fine partita&#8221;.<\/em><\/p>\n<p>&nbsp;<\/p>\n<p>&nbsp;<\/p>\n<hr \/>\n<blockquote>\n<h3>STATO DI ATTENZIONE IN VENETO PER VENTI FORTI<\/h3>\n<\/blockquote>\n<p><strong><a href=\"https:\/\/www.radiopiu.net\/wordpress\/stato-di-attenzione-in-veneto-per-venti-forti-domattina-in-particolare-lungo-le-coste-fenomeni-in-attenuazione-dal-pomeriggio\/vento\/\" rel=\"attachment wp-att-201449\"><img loading=\"lazy\" decoding=\"async\" class=\" wp-image-201449 alignleft\" src=\"https:\/\/www.radiopiu.net\/wordpress\/wp-content\/uploads\/2021\/04\/vento-300x245.jpg\" alt=\"\" width=\"195\" height=\"159\" srcset=\"https:\/\/www.radiopiu.net\/wordpress\/wp-content\/uploads\/2021\/04\/vento-300x245.jpg 300w, https:\/\/www.radiopiu.net\/wordpress\/wp-content\/uploads\/2021\/04\/vento-1024x836.jpg 1024w, https:\/\/www.radiopiu.net\/wordpress\/wp-content\/uploads\/2021\/04\/vento-768x627.jpg 768w, https:\/\/www.radiopiu.net\/wordpress\/wp-content\/uploads\/2021\/04\/vento-1536x1254.jpg 1536w, https:\/\/www.radiopiu.net\/wordpress\/wp-content\/uploads\/2021\/04\/vento.jpg 1920w\" sizes=\"auto, (max-width: 195px) 100vw, 195px\" \/><\/a>VENEZIA <\/strong>In riferimento alla situazione meteorologica attesa sul territorio regionale che dalla mattina di oggi prevede venti tesi o a tratti forti sui rilievi e nelle valli (per raffiche da nord), e bora sulla costa, sulla pianura limitrofa e sulla pianura sud orientale, con attenuazione dei fenomeni nel corso del pomeriggio, il Centro Funzionale Decentrato della Regione del Veneto ha dichiarato la FASE OPERATIVA DI ATTENZIONE su zone montane, pedemontane, costa e pianura limitrofa e pianura sud orientale per vento forte. Fase da riconfigurare, a livello locale, in Fase operativa di pre-allarme o allarme a seconda dell\u2019intensit\u00e0 del vento. Lo stato di attenzione \u00e8 valido dalla\u00a0 fino alle ore 16 di oggi.<\/p>\n<p>&nbsp;<\/p>\n<p>&nbsp;<\/p>\n<p>&nbsp;<\/p>\n<hr \/>\n<p>&nbsp;<\/p>\n<blockquote>\n<h3>ELVIRA POLI, PRIMA DONNA LAUREATASI IN INGEGNERIA IN VENETO, E&#8217; NATA AD AGORDO. LA NOTIZIA SUL NUOVO NUMERO DI &#8220;ECHI DI AGORDO&#8221;<\/h3>\n<\/blockquote>\n<p><strong><a href=\"https:\/\/www.radiopiu.net\/wordpress\/giornale-radiopiu-09-02-2018\/chiesa-agordo\/\" rel=\"attachment wp-att-43008\"><img loading=\"lazy\" decoding=\"async\" class=\" wp-image-43008 alignleft\" src=\"https:\/\/www.radiopiu.net\/wordpress\/wp-content\/uploads\/2018\/02\/CHIESA-AGORDO-231x300.jpg\" alt=\"\" width=\"137\" height=\"178\" srcset=\"https:\/\/www.radiopiu.net\/wordpress\/wp-content\/uploads\/2018\/02\/CHIESA-AGORDO-231x300.jpg 231w, https:\/\/www.radiopiu.net\/wordpress\/wp-content\/uploads\/2018\/02\/CHIESA-AGORDO.jpg 250w\" sizes=\"auto, (max-width: 137px) 100vw, 137px\" \/><\/a>AGORDO<\/strong><\/p>\n<p>di Gianni Santomaso<\/p>\n<audio class=\"wp-audio-shortcode\" id=\"audio-201353-2\" preload=\"none\" style=\"width: 100%;\" controls=\"controls\"><source type=\"audio\/mpeg\" src=\"https:\/\/www.radiopiu.net\/wordpress\/wp-content\/uploads\/2021\/04\/GIANNI-ECHI-DI-AGORDO.mp3?_=2\" \/><a href=\"https:\/\/www.radiopiu.net\/wordpress\/wp-content\/uploads\/2021\/04\/GIANNI-ECHI-DI-AGORDO.mp3\">https:\/\/www.radiopiu.net\/wordpress\/wp-content\/uploads\/2021\/04\/GIANNI-ECHI-DI-AGORDO.mp3<\/a><\/audio>\n<p>&nbsp;<\/p>\n<hr \/>\n<p>&nbsp;<\/p>\n<blockquote class=\"wp-embedded-content\" data-secret=\"hxPjhKZ6I3\"><p><a href=\"https:\/\/www.radiopiu.net\/wordpress\/aggapr05\/\">CORONAVIRUS: AGGIORNAMENTO NAZIONALE 05 APRILE  2021<\/a><\/p><\/blockquote>\n<p><iframe loading=\"lazy\" class=\"wp-embedded-content\" sandbox=\"allow-scripts\" security=\"restricted\" style=\"position: absolute; clip: rect(1px, 1px, 1px, 1px);\" title=\"&#8220;CORONAVIRUS: AGGIORNAMENTO NAZIONALE 05 APRILE  2021&#8221; &#8212; Radio Pi\u00f9\" src=\"https:\/\/www.radiopiu.net\/wordpress\/aggapr05\/embed\/#?secret=hxPjhKZ6I3\" data-secret=\"hxPjhKZ6I3\" width=\"600\" height=\"338\" frameborder=\"0\" marginwidth=\"0\" marginheight=\"0\" scrolling=\"no\"><\/iframe><\/p>\n<p>&nbsp;<\/p>\n<hr \/>\n<p>&nbsp;<\/p>\n<blockquote class=\"wp-embedded-content\" data-secret=\"FBYWL0vK3f\"><p><a href=\"https:\/\/www.radiopiu.net\/wordpress\/sono-474-i-nuovi-positivi-in-veneto-delle-ultime-24-ore-aumentano-i-ricoveri-17-i-decessi-a-belluno-15-nuove-positivita\/\">SONO 474 I NUOVI POSITIVI IN VENETO DELLE ULTIME 24 ORE. AUMENTANO I RICOVERI, 17 I DECESSI. A BELLUNO 15 NUOVE POSITIVITA&#8217;<\/a><\/p><\/blockquote>\n<p><iframe loading=\"lazy\" class=\"wp-embedded-content\" sandbox=\"allow-scripts\" security=\"restricted\" style=\"position: absolute; clip: rect(1px, 1px, 1px, 1px);\" title=\"&#8220;SONO 474 I NUOVI POSITIVI IN VENETO DELLE ULTIME 24 ORE. AUMENTANO I RICOVERI, 17 I DECESSI. A BELLUNO 15 NUOVE POSITIVITA&#8217;&#8221; &#8212; Radio Pi\u00f9\" src=\"https:\/\/www.radiopiu.net\/wordpress\/sono-474-i-nuovi-positivi-in-veneto-delle-ultime-24-ore-aumentano-i-ricoveri-17-i-decessi-a-belluno-15-nuove-positivita\/embed\/#?secret=FBYWL0vK3f\" data-secret=\"FBYWL0vK3f\" width=\"600\" height=\"338\" frameborder=\"0\" marginwidth=\"0\" marginheight=\"0\" scrolling=\"no\"><\/iframe><\/p>\n<p>&nbsp;<\/p>\n<hr \/>\n<p>&nbsp;<\/p>\n<blockquote>\n<h3>I GRAFICI DI TIZIANO DE COL<\/h3>\n<\/blockquote>\n\n\t\t\t<style type='text\/css'>\n\t\t\t\t#gallery-4 {\n\t\t\t\t\tmargin: auto;\n\t\t\t\t}\n\t\t\t\t#gallery-4 .gallery-item {\n\t\t\t\t\tfloat: left;\n\t\t\t\t\tmargin-top: 10px;\n\t\t\t\t\ttext-align: center;\n\t\t\t\t\twidth: 20%;\n\t\t\t\t}\n\t\t\t\t#gallery-4 img {\n\t\t\t\t\tborder: 2px solid #cfcfcf;\n\t\t\t\t}\n\t\t\t\t#gallery-4 .gallery-caption {\n\t\t\t\t\tmargin-left: 0;\n\t\t\t\t}\n\t\t\t\t\/* see gallery_shortcode() in wp-includes\/media.php *\/\n\t\t\t<\/style>\n\t\t<div id='gallery-4' class='dt-gallery-container gallery galleryid-201353 gallery-columns-5 gallery-size-medium'><dl class='gallery-item'>\n\t\t\t\t<dt class='gallery-icon landscape'>\n\t\t\t\t\t<a class=\"rollover rollover-zoom dt-pswp-item\" title=\"9e9e4656-029a-4a87-9c0d-200087bf1f5e\" data-dt-img-description=\"\" data-large_image_width=\"592\" data-large_image_height=\"353\"href='https:\/\/www.radiopiu.net\/wordpress\/wp-content\/uploads\/2021\/04\/9e9e4656-029a-4a87-9c0d-200087bf1f5e.jpg'><img loading=\"lazy\" decoding=\"async\" width=\"300\" height=\"179\" src=\"https:\/\/www.radiopiu.net\/wordpress\/wp-content\/uploads\/2021\/04\/9e9e4656-029a-4a87-9c0d-200087bf1f5e-300x179.jpg\" class=\"attachment-medium size-medium\" alt=\"\" srcset=\"https:\/\/www.radiopiu.net\/wordpress\/wp-content\/uploads\/2021\/04\/9e9e4656-029a-4a87-9c0d-200087bf1f5e-300x179.jpg 300w, https:\/\/www.radiopiu.net\/wordpress\/wp-content\/uploads\/2021\/04\/9e9e4656-029a-4a87-9c0d-200087bf1f5e.jpg 592w\" sizes=\"auto, (max-width: 300px) 100vw, 300px\" \/><\/a>\n\t\t\t\t<\/dt><\/dl><dl class='gallery-item'>\n\t\t\t\t<dt class='gallery-icon landscape'>\n\t\t\t\t\t<a class=\"rollover rollover-zoom dt-pswp-item\" title=\"ed61c412-8e7a-4cc8-80ac-a671a0962b42\" data-dt-img-description=\"\" data-large_image_width=\"608\" data-large_image_height=\"351\"href='https:\/\/www.radiopiu.net\/wordpress\/wp-content\/uploads\/2021\/04\/ed61c412-8e7a-4cc8-80ac-a671a0962b42.jpg'><img loading=\"lazy\" decoding=\"async\" width=\"300\" height=\"173\" src=\"https:\/\/www.radiopiu.net\/wordpress\/wp-content\/uploads\/2021\/04\/ed61c412-8e7a-4cc8-80ac-a671a0962b42-300x173.jpg\" class=\"attachment-medium size-medium\" alt=\"\" srcset=\"https:\/\/www.radiopiu.net\/wordpress\/wp-content\/uploads\/2021\/04\/ed61c412-8e7a-4cc8-80ac-a671a0962b42-300x173.jpg 300w, https:\/\/www.radiopiu.net\/wordpress\/wp-content\/uploads\/2021\/04\/ed61c412-8e7a-4cc8-80ac-a671a0962b42.jpg 608w\" sizes=\"auto, (max-width: 300px) 100vw, 300px\" \/><\/a>\n\t\t\t\t<\/dt><\/dl><dl class='gallery-item'>\n\t\t\t\t<dt class='gallery-icon landscape'>\n\t\t\t\t\t<a class=\"rollover rollover-zoom dt-pswp-item\" title=\"8d4b7c88-04ea-46d7-9219-2b7d35d17904\" data-dt-img-description=\"\" data-large_image_width=\"618\" data-large_image_height=\"357\"href='https:\/\/www.radiopiu.net\/wordpress\/wp-content\/uploads\/2021\/04\/8d4b7c88-04ea-46d7-9219-2b7d35d17904.jpg'><img loading=\"lazy\" decoding=\"async\" width=\"300\" height=\"173\" src=\"https:\/\/www.radiopiu.net\/wordpress\/wp-content\/uploads\/2021\/04\/8d4b7c88-04ea-46d7-9219-2b7d35d17904-300x173.jpg\" class=\"attachment-medium size-medium\" alt=\"\" srcset=\"https:\/\/www.radiopiu.net\/wordpress\/wp-content\/uploads\/2021\/04\/8d4b7c88-04ea-46d7-9219-2b7d35d17904-300x173.jpg 300w, https:\/\/www.radiopiu.net\/wordpress\/wp-content\/uploads\/2021\/04\/8d4b7c88-04ea-46d7-9219-2b7d35d17904.jpg 618w\" sizes=\"auto, (max-width: 300px) 100vw, 300px\" \/><\/a>\n\t\t\t\t<\/dt><\/dl><dl class='gallery-item'>\n\t\t\t\t<dt class='gallery-icon landscape'>\n\t\t\t\t\t<a class=\"rollover rollover-zoom dt-pswp-item\" title=\"a6a6bc49-72ca-471c-b4b3-e58cb1966fac\" data-dt-img-description=\"\" data-large_image_width=\"602\" data-large_image_height=\"355\"href='https:\/\/www.radiopiu.net\/wordpress\/wp-content\/uploads\/2021\/04\/a6a6bc49-72ca-471c-b4b3-e58cb1966fac.jpg'><img loading=\"lazy\" decoding=\"async\" width=\"300\" height=\"177\" src=\"https:\/\/www.radiopiu.net\/wordpress\/wp-content\/uploads\/2021\/04\/a6a6bc49-72ca-471c-b4b3-e58cb1966fac-300x177.jpg\" class=\"attachment-medium size-medium\" alt=\"\" srcset=\"https:\/\/www.radiopiu.net\/wordpress\/wp-content\/uploads\/2021\/04\/a6a6bc49-72ca-471c-b4b3-e58cb1966fac-300x177.jpg 300w, https:\/\/www.radiopiu.net\/wordpress\/wp-content\/uploads\/2021\/04\/a6a6bc49-72ca-471c-b4b3-e58cb1966fac.jpg 602w\" sizes=\"auto, (max-width: 300px) 100vw, 300px\" \/><\/a>\n\t\t\t\t<\/dt><\/dl><dl class='gallery-item'>\n\t\t\t\t<dt class='gallery-icon landscape'>\n\t\t\t\t\t<a class=\"rollover rollover-zoom dt-pswp-item\" title=\"fa0664b8-92fa-4507-9e08-4b5b553827b0\" data-dt-img-description=\"\" data-large_image_width=\"606\" data-large_image_height=\"353\"href='https:\/\/www.radiopiu.net\/wordpress\/wp-content\/uploads\/2021\/04\/fa0664b8-92fa-4507-9e08-4b5b553827b0.jpg'><img loading=\"lazy\" decoding=\"async\" width=\"300\" height=\"175\" src=\"https:\/\/www.radiopiu.net\/wordpress\/wp-content\/uploads\/2021\/04\/fa0664b8-92fa-4507-9e08-4b5b553827b0-300x175.jpg\" class=\"attachment-medium size-medium\" alt=\"\" srcset=\"https:\/\/www.radiopiu.net\/wordpress\/wp-content\/uploads\/2021\/04\/fa0664b8-92fa-4507-9e08-4b5b553827b0-300x175.jpg 300w, https:\/\/www.radiopiu.net\/wordpress\/wp-content\/uploads\/2021\/04\/fa0664b8-92fa-4507-9e08-4b5b553827b0.jpg 606w\" sizes=\"auto, (max-width: 300px) 100vw, 300px\" \/><\/a>\n\t\t\t\t<\/dt><\/dl><br style=\"clear: both\" \/>\n\t\t\t<\/div>\n\n<p>&nbsp;<\/p>\n<hr \/>\n<p>&nbsp;<\/p>\n<blockquote>\n<h3>DAL CONSIGLIO COMUNALE DI AGORDO ARRIVANO 3 PROPOSTE CHE POSSONO SERVIRE ALL&#8217;INTERO AGORDINO<\/h3>\n<\/blockquote>\n<p><strong>AGORDO<\/strong><\/p>\n<p>di Gianni Santomaso<\/p>\n<audio class=\"wp-audio-shortcode\" id=\"audio-201353-3\" preload=\"none\" style=\"width: 100%;\" controls=\"controls\"><source type=\"audio\/mpeg\" src=\"https:\/\/www.radiopiu.net\/wordpress\/wp-content\/uploads\/2021\/04\/GIANNI-CONSIGLIO-COMUNALE-AGORDO.mp3?_=3\" \/><a href=\"https:\/\/www.radiopiu.net\/wordpress\/wp-content\/uploads\/2021\/04\/GIANNI-CONSIGLIO-COMUNALE-AGORDO.mp3\">https:\/\/www.radiopiu.net\/wordpress\/wp-content\/uploads\/2021\/04\/GIANNI-CONSIGLIO-COMUNALE-AGORDO.mp3<\/a><\/audio>\n<p>&nbsp;<\/p>\n\n\t\t\t<style type='text\/css'>\n\t\t\t\t#gallery-5 {\n\t\t\t\t\tmargin: auto;\n\t\t\t\t}\n\t\t\t\t#gallery-5 .gallery-item {\n\t\t\t\t\tfloat: left;\n\t\t\t\t\tmargin-top: 10px;\n\t\t\t\t\ttext-align: center;\n\t\t\t\t\twidth: 33%;\n\t\t\t\t}\n\t\t\t\t#gallery-5 img {\n\t\t\t\t\tborder: 2px solid #cfcfcf;\n\t\t\t\t}\n\t\t\t\t#gallery-5 .gallery-caption {\n\t\t\t\t\tmargin-left: 0;\n\t\t\t\t}\n\t\t\t\t\/* see gallery_shortcode() in wp-includes\/media.php *\/\n\t\t\t<\/style>\n\t\t<div id='gallery-5' class='dt-gallery-container gallery galleryid-201353 gallery-columns-3 gallery-size-medium'><dl class='gallery-item'>\n\t\t\t\t<dt class='gallery-icon landscape'>\n\t\t\t\t\t<a class=\"rollover rollover-zoom dt-pswp-item\" title=\"05b2ebdd-56b9-457a-865b-80db28cb11d6\" data-dt-img-description=\"\" data-large_image_width=\"1600\" data-large_image_height=\"903\"href='https:\/\/www.radiopiu.net\/wordpress\/wp-content\/uploads\/2021\/04\/05b2ebdd-56b9-457a-865b-80db28cb11d6.jpg'><img loading=\"lazy\" decoding=\"async\" width=\"300\" height=\"169\" src=\"https:\/\/www.radiopiu.net\/wordpress\/wp-content\/uploads\/2021\/04\/05b2ebdd-56b9-457a-865b-80db28cb11d6-300x169.jpg\" class=\"attachment-medium size-medium\" alt=\"\" srcset=\"https:\/\/www.radiopiu.net\/wordpress\/wp-content\/uploads\/2021\/04\/05b2ebdd-56b9-457a-865b-80db28cb11d6-300x169.jpg 300w, https:\/\/www.radiopiu.net\/wordpress\/wp-content\/uploads\/2021\/04\/05b2ebdd-56b9-457a-865b-80db28cb11d6-1024x578.jpg 1024w, https:\/\/www.radiopiu.net\/wordpress\/wp-content\/uploads\/2021\/04\/05b2ebdd-56b9-457a-865b-80db28cb11d6-768x433.jpg 768w, https:\/\/www.radiopiu.net\/wordpress\/wp-content\/uploads\/2021\/04\/05b2ebdd-56b9-457a-865b-80db28cb11d6-1536x867.jpg 1536w, https:\/\/www.radiopiu.net\/wordpress\/wp-content\/uploads\/2021\/04\/05b2ebdd-56b9-457a-865b-80db28cb11d6.jpg 1600w\" sizes=\"auto, (max-width: 300px) 100vw, 300px\" \/><\/a>\n\t\t\t\t<\/dt><\/dl><dl class='gallery-item'>\n\t\t\t\t<dt class='gallery-icon portrait'>\n\t\t\t\t\t<a class=\"rollover rollover-zoom dt-pswp-item\" title=\"7ff5889c-e492-4b11-89f7-eeb682ce81c5\" data-dt-img-description=\"\" data-large_image_width=\"903\" data-large_image_height=\"1600\"href='https:\/\/www.radiopiu.net\/wordpress\/wp-content\/uploads\/2021\/04\/7ff5889c-e492-4b11-89f7-eeb682ce81c5.jpg'><img loading=\"lazy\" decoding=\"async\" width=\"169\" height=\"300\" src=\"https:\/\/www.radiopiu.net\/wordpress\/wp-content\/uploads\/2021\/04\/7ff5889c-e492-4b11-89f7-eeb682ce81c5-169x300.jpg\" class=\"attachment-medium size-medium\" alt=\"\" srcset=\"https:\/\/www.radiopiu.net\/wordpress\/wp-content\/uploads\/2021\/04\/7ff5889c-e492-4b11-89f7-eeb682ce81c5-169x300.jpg 169w, https:\/\/www.radiopiu.net\/wordpress\/wp-content\/uploads\/2021\/04\/7ff5889c-e492-4b11-89f7-eeb682ce81c5-578x1024.jpg 578w, https:\/\/www.radiopiu.net\/wordpress\/wp-content\/uploads\/2021\/04\/7ff5889c-e492-4b11-89f7-eeb682ce81c5-768x1361.jpg 768w, https:\/\/www.radiopiu.net\/wordpress\/wp-content\/uploads\/2021\/04\/7ff5889c-e492-4b11-89f7-eeb682ce81c5-867x1536.jpg 867w, https:\/\/www.radiopiu.net\/wordpress\/wp-content\/uploads\/2021\/04\/7ff5889c-e492-4b11-89f7-eeb682ce81c5.jpg 903w\" sizes=\"auto, (max-width: 169px) 100vw, 169px\" \/><\/a>\n\t\t\t\t<\/dt><\/dl><dl class='gallery-item'>\n\t\t\t\t<dt class='gallery-icon landscape'>\n\t\t\t\t\t<a class=\"rollover rollover-zoom dt-pswp-item\" title=\"ff7bcf10-c5fc-4e85-8ce8-57ad129845d4\" data-dt-img-description=\"\" data-large_image_width=\"1984\" data-large_image_height=\"1120\"href='https:\/\/www.radiopiu.net\/wordpress\/wp-content\/uploads\/2021\/04\/ff7bcf10-c5fc-4e85-8ce8-57ad129845d4.jpg'><img loading=\"lazy\" decoding=\"async\" width=\"300\" height=\"169\" src=\"https:\/\/www.radiopiu.net\/wordpress\/wp-content\/uploads\/2021\/04\/ff7bcf10-c5fc-4e85-8ce8-57ad129845d4-300x169.jpg\" class=\"attachment-medium size-medium\" alt=\"\" srcset=\"https:\/\/www.radiopiu.net\/wordpress\/wp-content\/uploads\/2021\/04\/ff7bcf10-c5fc-4e85-8ce8-57ad129845d4-300x169.jpg 300w, https:\/\/www.radiopiu.net\/wordpress\/wp-content\/uploads\/2021\/04\/ff7bcf10-c5fc-4e85-8ce8-57ad129845d4-1024x578.jpg 1024w, https:\/\/www.radiopiu.net\/wordpress\/wp-content\/uploads\/2021\/04\/ff7bcf10-c5fc-4e85-8ce8-57ad129845d4-768x434.jpg 768w, https:\/\/www.radiopiu.net\/wordpress\/wp-content\/uploads\/2021\/04\/ff7bcf10-c5fc-4e85-8ce8-57ad129845d4-1536x867.jpg 1536w, https:\/\/www.radiopiu.net\/wordpress\/wp-content\/uploads\/2021\/04\/ff7bcf10-c5fc-4e85-8ce8-57ad129845d4.jpg 1984w\" sizes=\"auto, (max-width: 300px) 100vw, 300px\" \/><\/a>\n\t\t\t\t<\/dt><\/dl><br style=\"clear: both\" \/>\n\t\t\t<\/div>\n\n<p>&nbsp;<\/p>\n<hr \/>\n<p>&nbsp;<\/p>\n<blockquote>\n<h3>RENATO BIEN E LA SUA OPERA ALLA COOPERATIVA LATTERIA DI VALLATA<\/h3>\n<\/blockquote>\n<p><strong><a href=\"https:\/\/www.radiopiu.net\/wordpress\/il-capolavoro-di-renato-luomo-dei-pop-della-campregana\/ae63fed6-6a82-4994-b382-de0221b5dc79\/\" rel=\"attachment wp-att-201044\"><img loading=\"lazy\" decoding=\"async\" class=\"size-medium wp-image-201044 alignleft\" src=\"https:\/\/www.radiopiu.net\/wordpress\/wp-content\/uploads\/2021\/04\/ae63fed6-6a82-4994-b382-de0221b5dc79-300x169.jpg\" alt=\"\" width=\"300\" height=\"169\" srcset=\"https:\/\/www.radiopiu.net\/wordpress\/wp-content\/uploads\/2021\/04\/ae63fed6-6a82-4994-b382-de0221b5dc79-300x169.jpg 300w, https:\/\/www.radiopiu.net\/wordpress\/wp-content\/uploads\/2021\/04\/ae63fed6-6a82-4994-b382-de0221b5dc79-1024x576.jpg 1024w, https:\/\/www.radiopiu.net\/wordpress\/wp-content\/uploads\/2021\/04\/ae63fed6-6a82-4994-b382-de0221b5dc79-768x432.jpg 768w, https:\/\/www.radiopiu.net\/wordpress\/wp-content\/uploads\/2021\/04\/ae63fed6-6a82-4994-b382-de0221b5dc79-1536x864.jpg 1536w, https:\/\/www.radiopiu.net\/wordpress\/wp-content\/uploads\/2021\/04\/ae63fed6-6a82-4994-b382-de0221b5dc79.jpg 2000w\" sizes=\"auto, (max-width: 300px) 100vw, 300px\" \/><\/a>AGORDO<\/strong><\/p>\n<p>di Gianni Santomaso<\/p>\n<audio class=\"wp-audio-shortcode\" id=\"audio-201353-4\" preload=\"none\" style=\"width: 100%;\" controls=\"controls\"><source type=\"audio\/mpeg\" src=\"https:\/\/www.radiopiu.net\/wordpress\/wp-content\/uploads\/2021\/04\/GIANNI-SAN-VINCENZO.mp3?_=4\" \/><a href=\"https:\/\/www.radiopiu.net\/wordpress\/wp-content\/uploads\/2021\/04\/GIANNI-SAN-VINCENZO.mp3\">https:\/\/www.radiopiu.net\/wordpress\/wp-content\/uploads\/2021\/04\/GIANNI-SAN-VINCENZO.mp3<\/a><\/audio>\n<p>&nbsp;<\/p>\n<p>&nbsp;<\/p>\n<hr \/>\n<p>&nbsp;<\/p>\n<p>&nbsp;<\/p>\n<blockquote>\n<h3>SAN VIZENZO DI GIGI LISE<\/h3>\n<\/blockquote>\n<p><strong><a href=\"https:\/\/www.radiopiu.net\/wordpress\/san-vizenzo-di-gigi-lise\/g-lise-san-vizenzo\/\" rel=\"attachment wp-att-201457\"><img loading=\"lazy\" decoding=\"async\" class=\" wp-image-201457 alignleft\" src=\"https:\/\/www.radiopiu.net\/wordpress\/wp-content\/uploads\/2021\/04\/G.Lise-San-Vize\u0301nzo-214x300.jpg\" alt=\"\" width=\"186\" height=\"260\" srcset=\"https:\/\/www.radiopiu.net\/wordpress\/wp-content\/uploads\/2021\/04\/G.Lise-San-Vize\u0301nzo-214x300.jpg 214w, https:\/\/www.radiopiu.net\/wordpress\/wp-content\/uploads\/2021\/04\/G.Lise-San-Vize\u0301nzo-730x1024.jpg 730w, https:\/\/www.radiopiu.net\/wordpress\/wp-content\/uploads\/2021\/04\/G.Lise-San-Vize\u0301nzo-768x1077.jpg 768w, https:\/\/www.radiopiu.net\/wordpress\/wp-content\/uploads\/2021\/04\/G.Lise-San-Vize\u0301nzo-1095x1536.jpg 1095w, https:\/\/www.radiopiu.net\/wordpress\/wp-content\/uploads\/2021\/04\/G.Lise-San-Vize\u0301nzo.jpg 1164w\" sizes=\"auto, (max-width: 186px) 100vw, 186px\" \/><\/a><a href=\"https:\/\/www.radiopiu.net\/wordpress\/san-vizenzo-di-gigi-lise\/gigilise\/\" rel=\"attachment wp-att-201462\"><img loading=\"lazy\" decoding=\"async\" class=\" wp-image-201462 alignright\" src=\"https:\/\/www.radiopiu.net\/wordpress\/wp-content\/uploads\/2021\/04\/GigiLise-216x300.jpg\" alt=\"\" width=\"184\" height=\"256\" srcset=\"https:\/\/www.radiopiu.net\/wordpress\/wp-content\/uploads\/2021\/04\/GigiLise-216x300.jpg 216w, https:\/\/www.radiopiu.net\/wordpress\/wp-content\/uploads\/2021\/04\/GigiLise-737x1024.jpg 737w, https:\/\/www.radiopiu.net\/wordpress\/wp-content\/uploads\/2021\/04\/GigiLise-768x1066.jpg 768w, https:\/\/www.radiopiu.net\/wordpress\/wp-content\/uploads\/2021\/04\/GigiLise-1106x1536.jpg 1106w, https:\/\/www.radiopiu.net\/wordpress\/wp-content\/uploads\/2021\/04\/GigiLise-1475x2048.jpg 1475w, https:\/\/www.radiopiu.net\/wordpress\/wp-content\/uploads\/2021\/04\/GigiLise.jpg 1500w\" sizes=\"auto, (max-width: 184px) 100vw, 184px\" \/><\/a>SAN VIZ\u00c9NZO<\/strong><\/p>\n<p><strong>di Gigi Lise<\/strong><\/p>\n<p>(Illustrazioni di Giovanni Bulgheroni (Peloso)<\/p>\n<p><em><strong>\u00a0<\/strong><\/em><\/p>\n<p><em><strong>\u00a0<\/strong><\/em><\/p>\n<p><em><strong>\u00a0<\/strong><\/em><\/p>\n<p><em><strong>\u00a0<\/strong><\/em><\/p>\n<p><em><strong>\u00a0<\/strong><\/em><\/p>\n<p><em><strong>AUDIO DI LORIS SANTOMASO<\/strong><\/em><\/p>\n<audio class=\"wp-audio-shortcode\" id=\"audio-201353-5\" preload=\"none\" style=\"width: 100%;\" controls=\"controls\"><source type=\"audio\/mpeg\" src=\"https:\/\/www.radiopiu.net\/wordpress\/wp-content\/uploads\/2021\/04\/GigiLise-San-Vize\u0301nzo.mp3?_=5\" \/><a href=\"https:\/\/www.radiopiu.net\/wordpress\/wp-content\/uploads\/2021\/04\/GigiLise-San-Vize\u0301nzo.mp3\">https:\/\/www.radiopiu.net\/wordpress\/wp-content\/uploads\/2021\/04\/GigiLise-San-Vize\u0301nzo.mp3<\/a><\/audio>\n<p>&nbsp;<\/p>\n\n\t\t\t<style type='text\/css'>\n\t\t\t\t#gallery-6 {\n\t\t\t\t\tmargin: auto;\n\t\t\t\t}\n\t\t\t\t#gallery-6 .gallery-item {\n\t\t\t\t\tfloat: left;\n\t\t\t\t\tmargin-top: 10px;\n\t\t\t\t\ttext-align: center;\n\t\t\t\t\twidth: 25%;\n\t\t\t\t}\n\t\t\t\t#gallery-6 img {\n\t\t\t\t\tborder: 2px solid #cfcfcf;\n\t\t\t\t}\n\t\t\t\t#gallery-6 .gallery-caption {\n\t\t\t\t\tmargin-left: 0;\n\t\t\t\t}\n\t\t\t\t\/* see gallery_shortcode() in wp-includes\/media.php *\/\n\t\t\t<\/style>\n\t\t<div id='gallery-6' class='dt-gallery-container gallery galleryid-201353 gallery-columns-4 gallery-size-medium'><dl class='gallery-item'>\n\t\t\t\t<dt class='gallery-icon portrait'>\n\t\t\t\t\t<a class=\"rollover rollover-zoom dt-pswp-item\" title=\"G.Lise-San Vize\u0301nzo1\" data-dt-img-description=\"\" data-large_image_width=\"866\" data-large_image_height=\"1340\"href='https:\/\/www.radiopiu.net\/wordpress\/wp-content\/uploads\/2021\/04\/G.Lise-San-Vize\u0301nzo1.jpg'><img loading=\"lazy\" decoding=\"async\" width=\"194\" height=\"300\" src=\"https:\/\/www.radiopiu.net\/wordpress\/wp-content\/uploads\/2021\/04\/G.Lise-San-Vize\u0301nzo1-194x300.jpg\" class=\"attachment-medium size-medium\" alt=\"\" srcset=\"https:\/\/www.radiopiu.net\/wordpress\/wp-content\/uploads\/2021\/04\/G.Lise-San-Vize\u0301nzo1-194x300.jpg 194w, https:\/\/www.radiopiu.net\/wordpress\/wp-content\/uploads\/2021\/04\/G.Lise-San-Vize\u0301nzo1-662x1024.jpg 662w, https:\/\/www.radiopiu.net\/wordpress\/wp-content\/uploads\/2021\/04\/G.Lise-San-Vize\u0301nzo1-768x1188.jpg 768w, https:\/\/www.radiopiu.net\/wordpress\/wp-content\/uploads\/2021\/04\/G.Lise-San-Vize\u0301nzo1.jpg 866w\" sizes=\"auto, (max-width: 194px) 100vw, 194px\" \/><\/a>\n\t\t\t\t<\/dt><\/dl><dl class='gallery-item'>\n\t\t\t\t<dt class='gallery-icon portrait'>\n\t\t\t\t\t<a class=\"rollover rollover-zoom dt-pswp-item\" title=\"G.Lise-San Vize\u0301nzo2\" data-dt-img-description=\"\" data-large_image_width=\"877\" data-large_image_height=\"1335\"href='https:\/\/www.radiopiu.net\/wordpress\/wp-content\/uploads\/2021\/04\/G.Lise-San-Vize\u0301nzo2.jpg'><img loading=\"lazy\" decoding=\"async\" width=\"197\" height=\"300\" src=\"https:\/\/www.radiopiu.net\/wordpress\/wp-content\/uploads\/2021\/04\/G.Lise-San-Vize\u0301nzo2-197x300.jpg\" class=\"attachment-medium size-medium\" alt=\"\" srcset=\"https:\/\/www.radiopiu.net\/wordpress\/wp-content\/uploads\/2021\/04\/G.Lise-San-Vize\u0301nzo2-197x300.jpg 197w, https:\/\/www.radiopiu.net\/wordpress\/wp-content\/uploads\/2021\/04\/G.Lise-San-Vize\u0301nzo2-673x1024.jpg 673w, https:\/\/www.radiopiu.net\/wordpress\/wp-content\/uploads\/2021\/04\/G.Lise-San-Vize\u0301nzo2-768x1169.jpg 768w, https:\/\/www.radiopiu.net\/wordpress\/wp-content\/uploads\/2021\/04\/G.Lise-San-Vize\u0301nzo2.jpg 877w\" sizes=\"auto, (max-width: 197px) 100vw, 197px\" \/><\/a>\n\t\t\t\t<\/dt><\/dl><dl class='gallery-item'>\n\t\t\t\t<dt class='gallery-icon portrait'>\n\t\t\t\t\t<a class=\"rollover rollover-zoom dt-pswp-item\" title=\"G.Lise-San Vize\u0301nzo3\" data-dt-img-description=\"\" data-large_image_width=\"865\" data-large_image_height=\"1337\"href='https:\/\/www.radiopiu.net\/wordpress\/wp-content\/uploads\/2021\/04\/G.Lise-San-Vize\u0301nzo3.jpg'><img loading=\"lazy\" decoding=\"async\" width=\"194\" height=\"300\" src=\"https:\/\/www.radiopiu.net\/wordpress\/wp-content\/uploads\/2021\/04\/G.Lise-San-Vize\u0301nzo3-194x300.jpg\" class=\"attachment-medium size-medium\" alt=\"\" srcset=\"https:\/\/www.radiopiu.net\/wordpress\/wp-content\/uploads\/2021\/04\/G.Lise-San-Vize\u0301nzo3-194x300.jpg 194w, https:\/\/www.radiopiu.net\/wordpress\/wp-content\/uploads\/2021\/04\/G.Lise-San-Vize\u0301nzo3-662x1024.jpg 662w, https:\/\/www.radiopiu.net\/wordpress\/wp-content\/uploads\/2021\/04\/G.Lise-San-Vize\u0301nzo3-768x1187.jpg 768w, https:\/\/www.radiopiu.net\/wordpress\/wp-content\/uploads\/2021\/04\/G.Lise-San-Vize\u0301nzo3.jpg 865w\" sizes=\"auto, (max-width: 194px) 100vw, 194px\" \/><\/a>\n\t\t\t\t<\/dt><\/dl><dl class='gallery-item'>\n\t\t\t\t<dt class='gallery-icon portrait'>\n\t\t\t\t\t<a class=\"rollover rollover-zoom dt-pswp-item\" title=\"G.Lise-San Vize\u0301nzo4\" data-dt-img-description=\"\" data-large_image_width=\"853\" data-large_image_height=\"1333\"href='https:\/\/www.radiopiu.net\/wordpress\/wp-content\/uploads\/2021\/04\/G.Lise-San-Vize\u0301nzo4.jpg'><img loading=\"lazy\" decoding=\"async\" width=\"192\" height=\"300\" src=\"https:\/\/www.radiopiu.net\/wordpress\/wp-content\/uploads\/2021\/04\/G.Lise-San-Vize\u0301nzo4-192x300.jpg\" class=\"attachment-medium size-medium\" alt=\"\" srcset=\"https:\/\/www.radiopiu.net\/wordpress\/wp-content\/uploads\/2021\/04\/G.Lise-San-Vize\u0301nzo4-192x300.jpg 192w, https:\/\/www.radiopiu.net\/wordpress\/wp-content\/uploads\/2021\/04\/G.Lise-San-Vize\u0301nzo4-655x1024.jpg 655w, https:\/\/www.radiopiu.net\/wordpress\/wp-content\/uploads\/2021\/04\/G.Lise-San-Vize\u0301nzo4-768x1200.jpg 768w, https:\/\/www.radiopiu.net\/wordpress\/wp-content\/uploads\/2021\/04\/G.Lise-San-Vize\u0301nzo4.jpg 853w\" sizes=\"auto, (max-width: 192px) 100vw, 192px\" \/><\/a>\n\t\t\t\t<\/dt><\/dl><br style=\"clear: both\" \/>\n\t\t\t<\/div>\n\n<p>Inte a Par\u00e9ch, fra quatro case v\u00e9ce, l \u00e9 sconta na ces\u00e9ta alta na spana z\u00e9nza slec\u00e0gn de marmi e z\u00e9nza frande con davanti na fontana che n\u00f2t e d\u00ec la ci\u00e0cola che n\u00f2t e d\u00ec la cr\u00f2zola come che fa n tosat cande che l pianz z\u00e9nza mai d\u00e0se pase. Intro fa scur che l sol d ist\u00e0 e d inv\u00e8rn el fa fad\u00ecga a trivel\u00e0 ch\u00e9i mur; ma su l altar, l\u00e0 in fondo, n\u00f3 p\u00e0sa d\u00ec che calche man che sg\u00f3rla n\u00f3 inp\u00ecze na cand\u00e9la e n\u00f3 se s\u00e9nte na calche parola che in alt tremando sg\u00f3la a cat\u00e0 San Viz\u00e9nzo, en sant por\u00e9t, che per \u00e8se vest\u00ec sol de cam\u00ecsa e st\u00f2la el par che l tr\u00e9me anca d ist\u00e0 dal fr\u00e9t. &#8211; San Viz\u00e9nzo, iut\u00e9me, m\u00e8 fiol sta mal, cred\u00e9me! De d\u00ec el straparla, de n\u00f2t el d\u00e8me. Z\u00e9nza de voi pi n\u00eca n\u00f3 l \u00e9 da fa, z\u00e9nza de voi pi n\u00eca z\u00e8rto n\u00e9 r\u00e8sta se anca el dotor l\u00f3 sta zito a vard\u00e0 e l sg\u00f3rla sol la t\u00e8sta. El Sant la scolta, e l tas; ma le cand\u00e9le le gh\u00e9 inp\u00ecza nt\u00e9 i \u00f2ci quasi n slus\u00f3r de st\u00e9le; e alora par de v\u00e9delo pian pian scuf\u00e0se sula f\u00e9mena in den\u00f2cia carez\u00e0la e a dighe s\u00f3to \u00f3s: &#8211; Torna pur da t\u00f2 fiol z\u00e9nza sta cr\u00f3s e a rived\u00e9rsi al d\u00ec de la me f\u00e8sta. E vi\u00e9n april: na z\u00ecliga rivada chi lo sa mai da che lontani zi\u00e9i, de qua e de l\u00e0 la z\u00e9rca indafar\u00e0da s\u00f3t a le g\u00f3rne se l nif de l an pas\u00e0 l \u00e9 ncora in p\u00ece e par la d\u00ece: &#8211; Son mi che torne, son mi che torne. E vi\u00e9n april: i canp z\u00e9nza pel\u00ecza dal fr\u00e9t p\u00ec n\u00f3 i s\u00e9 gr\u00ecza; sui pr\u00e0, tra le solv\u00e8re, calche galuz el sp\u00f3nta; le costi\u00e8re le \u00e9 r\u00f3se de fors\u00e8i; i g\u00e0toi dei talp\u00f3i bianchi e dal\u00e9t i par dei osel\u00e9t ap\u00e9na nati e el v\u00e9nt sg\u00f3rla i fr\u00e0ndoi come d\u00e8i canpan\u00e8i per fa torn\u00e0 a busn\u00e0 le af nt\u00e9 i vas\u00e8i. E c\u00f3 l april anca Par\u00e9ch se sv\u00e8ia: \u00f3gni fam\u00e9ia se m\u00e9t le man d at\u00f3rno per el giorno de San Viz\u00e9nzo e la c\u00e9sa la se ingh\u00ecnghera de d\u00e0se; archi, fest\u00f3i, ghirlande da tute le bande i spande en profumo de arg\u00e0;al Sant i gh\u00e9 \u00e0 canbi\u00e0 la st\u00f2la e le fiam\u00e9te in testa e sora el cor le \u00e9 fr\u00e9sche de color. E na matina che l sol el sp\u00f3nta ap\u00e9na da tuti quanti i pa\u00e9s de la val, c\u00f3 la sp\u00f2rta su la sch\u00e9na, le f\u00e9mene e i tos\u00e0t cantando le orazi\u00f3n i se m\u00e9t in prozis\u00f3n per San Viz\u00e9nzo e in p\u00f3c la piaza la ev\u00e9nta\u00a0 i\u00e9na cos\u00ecta pi\u00e9na che n\u00f3 t\u00e9 p\u00f3l n\u00f2 p\u00ec, z\u00e8rto scom\u00e9te f\u00e0 sol en pas o d\u00f3i z\u00e9nza che i te sburle nt\u00e9 la sch\u00e9na z\u00e9nza ciap\u00e0 pest\u00f3i; e tuti i z\u00ecga e i str\u00e8pita, tronb\u00e9te e subi\u00f2t e tanbur\u00e8i che te riva nt\u00e9 i zerv\u00e8i. E s\u00f3ra ch\u00e9la calca e ch\u00e9l bord\u00e8l la canpan\u00e8la la se m\u00e9t anca \u00e8la a fa bacan mandando verso el zi\u00e9l l s\u00f2 t\u00e9n t\u00e8n mandando verso el zi\u00e9l el s\u00f2 t\u00e0n t\u00e0n. E el Sant che f\u00e0lo intant? Gesumar\u00eca a\u00e9o mai vist dei sant in alegr\u00eca? P\u00ec che i ziga e p\u00ec che i canta p\u00ec el s\u00e9 incanta; con \u00f2ci spizi come d\u00f3i triv\u00e8le el z\u00e9rca fra la d\u00e9nt i tosat e le put\u00e8le. &#8211; Oh, v\u00e0rda, v\u00e0rda! &#8211; el dis ogni \u00f2lta che en n\u00f3f el conpar\u00ecs: &#8211; v\u00e0rda el Bep\u00ecn e v\u00e0rda drio che sp\u00f3nta el Gigi e l Andre\u00e0na. I primi i a\u00e9a la p\u00f3nta e ch\u00e9sta la mor\u00eca de t\u00f3s pag\u00e0na; v\u00e0rda la Teres\u00ecna che l a\u00e9a la scarlat\u00ecna e 1 An\u00e9ta e la Maria che sofr\u00eca de rosol\u00eca e quanti, quanti nc\u00f3ra \u00ecntro la c\u00e9sa e f\u00f2ra coi \u00f2ci lustri, le gan\u00e0se tonde, tosat in ganba tosat\u00e8le bionde. El v\u00e0rda ncora n cin a dr\u00e9ta e a zanca, el v\u00e0rda fra i banch\u00e9t, el v\u00e0rda nt\u00e9 i bosch\u00e9t \u00f3nde che la fam se sf\u00f3ga sui pan\u00e9t e sui sal\u00e0m e sul s\u00f2 viso par che pase na n\u00e8ola de dolor che struca el c\u00f3r, che calched\u00f9n el manca che calched\u00f9n l \u00e9 ndat in Paradiso. Ma d\u00f2po p\u00f3ch la n\u00e8ola la s\u00e9 sfanta e su la d\u00e9nt che str\u00e8pita e che\u00a0 anta el torna a ride fin cande la canpana de la sera la manda al zi\u00e9l l ultima s\u00f2 preghiera. De colpo alora intorno tut el tase; la c\u00e9sa la s\u00e9 sc\u00f3nz fra le s\u00f2 case e l Sant por\u00e9t che par che l tr\u00e9me anca d ist\u00e0 dal fr\u00e9t, el torna al scur fra i quatto mur a spet\u00e0 che na f\u00e9mena in den\u00f2cila gh\u00e9 die calche orazi\u00f3n,a spet\u00e0 che le cand\u00e9le le gh\u00e9 inp\u00ecze dr\u00e9nto i \u00f2ci quasi n slus\u00f3r de st\u00e9le.\u00a0<i> \u00a0<\/i><em>(da &#8220;ElBr<\/em><em>\u00e0ndol&#8221;, marzo 1948)<\/em><\/p>\n<p>&nbsp;<\/p>\n<hr \/>\n<p>&nbsp;<\/p>\n<blockquote>\n<h3 class=\"p1\"><span class=\"s1\">ACCORDO DI PROGRAMMA PER RIQUALIFICARE LA STAZIONE DI BELLUNO, LA PROVINCIA CONTRIBUISCE CON 300MILA EURO<\/span><\/h3>\n<\/blockquote>\n<p class=\"p1\"><span class=\"s1\"><strong><a href=\"https:\/\/www.radiopiu.net\/wordpress\/giornale-radiopiu-06-aprile-2021-direttore-mirko-mezzacasa\/piazzale-stazione\/\" rel=\"attachment wp-att-201440\"><img loading=\"lazy\" decoding=\"async\" class=\"size-medium wp-image-201440 alignleft\" src=\"https:\/\/www.radiopiu.net\/wordpress\/wp-content\/uploads\/2021\/04\/piazzale-stazione-300x212.jpg\" alt=\"\" width=\"300\" height=\"212\" srcset=\"https:\/\/www.radiopiu.net\/wordpress\/wp-content\/uploads\/2021\/04\/piazzale-stazione-300x212.jpg 300w, https:\/\/www.radiopiu.net\/wordpress\/wp-content\/uploads\/2021\/04\/piazzale-stazione-1024x723.jpg 1024w, https:\/\/www.radiopiu.net\/wordpress\/wp-content\/uploads\/2021\/04\/piazzale-stazione-768x543.jpg 768w, https:\/\/www.radiopiu.net\/wordpress\/wp-content\/uploads\/2021\/04\/piazzale-stazione-1536x1085.jpg 1536w, https:\/\/www.radiopiu.net\/wordpress\/wp-content\/uploads\/2021\/04\/piazzale-stazione.jpg 1754w\" sizes=\"auto, (max-width: 300px) 100vw, 300px\" \/><\/a>BELLUNO<\/strong> Provincia e Dolomitibus hanno chiuso nei giorni scorsi un accordo di programma con il Comune di Belluno per la riqualificazione del piazzale stazione. Un intervento complessivo che \u00e8 in cantiere da anni e che riguarder\u00e0 l\u2019intera zona, dal piazzale Metropolis alle vie De Min e Volontari della Libert\u00e0. La Provincia infatti, oltre al cofinanziamento dell\u2019opera, ha proposto una serie di aggiornamenti al progetto originario, inserito nel bando periferie, con l\u2019obiettivo di migliorare l\u2019accessibilit\u00e0, la funzionalit\u00e0 e la sicurezza dell\u2019area attualmente utilizzata per il trasporto pubblico locale, garantendo al contempo la capacit\u00e0 minima di stalli di fermata.\u00a0 <\/span><span class=\"s1\">Il progetto prevede 18 stalli di fermata per autobus extraurbani al centro del piazzale, con adeguamento della banchina lato nord, fronte stazione ferroviaria; 5 per autobus urbani presso il piazzale Metropolis, con tanto di banchine dedicate agli utenti in attesa, e ulteriori 6 stalli di fermata per pullman extraurbani realizzati ex novo, di cui 3 in via Volontari della Libert\u00e0, lato Gabelli Tribunale (contrariamente al progetto originario che li collocava sul lato Caserma Fantuzzi), e 3 lungo via De Min (con inversione del senso di marcia del senso unico). <\/span><span class=\"s1\">Nel programma \u00e8 stato inserito anche un importante intervento su via Dante che prevede complessivamente 4 corsie, di cui 2 dedicate al trasporto pubblico; il rifacimento della segnaletica orizzontale; lo smantellamento delle attuali pensiline lato liceo Tiziano, il taglio degli alberi e l\u2019eliminazione della cabina telefonica, per favorire la migliore transitabilit\u00e0 degli utenti; e il posizionamento di delineatori provvisori di corsia. Al termine dell\u2019intervento, verranno realizzate nuove pensiline in entrambi i lati della strada. <\/span><span class=\"s1\">\u00ab<em>In questo modo via Dante, che risulta indispensabile per l\u2019accesso alla stazione, potr\u00e0 avere una funzionalit\u00e0 maggiore &#8211; spiega il consigliere provinciale delegato alla mobilit\u00e0, Dario Scopel -. La riqualificazione dell\u2019area della stazione servir\u00e0 a garantire maggiore sicurezza<\/em><\/span><span class=\"s1\">\u00bb.<\/span><\/p>\n<p>&nbsp;<\/p>\n<p>&nbsp;<\/p>\n<hr \/>\n<p>&nbsp;<\/p>\n<blockquote>\n<h3>SCUOLA, IMPRESA, EUROPA, TUTELA DELLE NUOVE FASCE DEBOLI E UN LEADER CAPACE DI UNIRE. I RISULTATI DEL QUESTIONARIO NAZIONALE TRA GLI ISCRITTI DEL PD BELLUNESE<\/h3>\n<\/blockquote>\n<p><strong><a href=\"https:\/\/www.radiopiu.net\/wordpress\/giornale-radiopiu-del-29-novembre-2018-direttore-mirko-mezzacasa\/pd\/\" rel=\"attachment wp-att-67744\"><img loading=\"lazy\" decoding=\"async\" class=\"size-full wp-image-67744 alignleft\" src=\"https:\/\/www.radiopiu.net\/wordpress\/wp-content\/uploads\/2018\/11\/PD.png\" alt=\"\" width=\"226\" height=\"182\" \/><\/a>BELLUNO <\/strong>Una societ\u00e0 inclusiva per i nuovi italiani, in grado di far dialogare impresa e lavoratori, fortemente collegata all\u2019Europa e un partito con un leader che faccia sintesi delle idee e delle proposte che provengono dalla base dei circoli e dei militanti. Si presenta con questi risultati la consultazione degli iscritti al Pd della provincia di Belluno promossa a fine marzo dal neo segretario nazionale, Enrico Letta. Oltre la met\u00e0 degli iscritti ha risposto alle 21 domande del questionario online che, ricorda la segretaria provinciale <strong>Monica Lotto<\/strong>, \u00ab<em>aveva l\u2019obiettivo di una riflessione collettiva per far emergere le proposte di rilancio dell\u2019azione del partito, prendendo in considerazione le idee che provengono dai territori e costruire un\u2019agenda politica capace di fare sintesi e stabilire le priorit\u00e0 per il prossimo futuro<\/em>\u00bb. Dalle risposte emergono diverse indicazioni rispetto all\u2019agenda politica nazionale: attenzione alla scuola\u00a0 e alla formazione con la valorizzazione degli insegnanti e la richiesta di maggiori investimenti in ricerca e sviluppo, revisione del ruolo delle Regioni la cui autonomia si \u00e8 rivelata fragile e inconsistente nell\u2019affrontare l\u2019emergenza sanitaria, promozione dello Ius culturae (preferito allo Ius soli) per integrare i nuovi italiani e, ancora, favorire sistemi di welfare in cui i privati e le aziende siano parte attiva nella tutela delle fasce pi\u00f9 deboli e delle famiglie. Sul versante del rapporto tra stato e impresa i militanti del PD bellunese sottolineano la necessit\u00e0 della riforma fiscale, appoggiano una profonda riforma della pubblica amministrazione tesa a ridurre il carico di burocrazia che frena le Pmi e auspicano un partito che si faccia promotore di un nuovo connubio tra imprese e lavoratori dando rappresentanza a quelle categorie che oggi non hanno voce. L&#8217;Unione europea deve diventare un&#8217;istituzione politica, e questo passa attraverso una necessaria cessione di sovranit\u00e0 da parte degli stati membri. Un punto su cui ci sono pochi tentennamenti da parte degli iscritti, come quasi tutti fanno riferimento diretto o indiretto all\u2019autonomia della montagna nel rapporto tra i diversi livelli istituzionali. La Regione pesa molto e \u2018schiaccia\u2019 i territori montani che avrebbero bisogno di regole proprie e differenziate.\u00a0 Rispetto al Partito, la maggioranza degli intervenuti stigmatizza la litigiosit\u00e0 interna, chiede un riequilibrio nella rappresentativit\u00e0 dei territori marginali, oggi minata dalle leggi elettorali sia regionale che nazionale e sostiene una riforma costituzionale \u2018coraggiosa\u2019 per garantire efficienza e governabilit\u00e0. La linea politica nazionale, concludono i partecipanti al questionario, deve essere frutto di idee, dibattito e discussione interna. Il leader sar\u00e0 riconosciuto e autorevole se porter\u00e0 avanti le proposte provenienti dall\u2019intera comunit\u00e0 del partito.<\/p>\n<p>&nbsp;<\/p>\n<p>&nbsp;<\/p>\n<hr \/>\n<p>&nbsp;<\/p>\n<blockquote>\n<h3 class=\"p1\"><span class=\"s1\">TERNA, PROGETTO NEXTERNA PER L&#8217;INNOVAZIONE E BILANCIO POSITIVO 2020. DE CARLO: \u201cOTTIMI RISULTATI, ORA PER\u00d2 NO AD AZIENDA MODERNA CON TECNOLOGIE OBSOLETE. SI INTERRI OVUNQUE.\u201d<\/span><\/h3>\n<\/blockquote>\n<p class=\"p1\"><span class=\"s1\"><strong><a href=\"https:\/\/www.radiopiu.net\/wordpress\/giornale-radiopiu-19-maggio-2020-direttore-mirko-mezzacasa\/luca-de-carlo-8\/\" rel=\"attachment wp-att-138787\"><img loading=\"lazy\" decoding=\"async\" class=\" wp-image-138787 alignleft\" src=\"https:\/\/www.radiopiu.net\/wordpress\/wp-content\/uploads\/2020\/05\/Luca-De-Carlo.jpg\" alt=\"\" width=\"109\" height=\"151\" \/><\/a>ROMA <\/strong>\u201c<em>Bilancio 2020 tutto in positivo, un piano investimenti da oltre 9 miliardi in cinque anni e il progetto NexTerna per modernizzare ancora di pi\u00f9 l&#8217;azienda: numeri e prospettive di un&#8217;azienda come Terna che si auto-definisce \u201cpioniere e regista della transizione\u201d che non possono quindi andare a braccetto con tecnologie ormai obsolete. Si interrino quindi le linee elettriche ovunque, senza eccezioni; mi auguro che l&#8217;incontro di oggi vada in questa direzione, e non celi piuttosto la solita strategia del carciofo, dove Terna mette il suo tassello una foglia, in questo caso un comune, alla volta<\/em>\u201d: cos\u00ec il senatore e coordinatore veneto di Fratelli d&#8217;Italia Luca De Carlo analizza la situazione in vista dell&#8217;incontro di oggi convocato dalla Regione Veneto con l&#8217;azienda, la Provincia di Belluno e i sindaci dei comuni tra Perarolo di Cadore e Limana interessati dal progetto di razionalizzazione delle linee lungo la media valle del Piave.<\/span><\/p>\n<p>&nbsp;<\/p>\n<p>&nbsp;<\/p>\n<hr \/>\n<p>&nbsp;<\/p>\n<blockquote>\n<h3>A BELLUNO ARRIVA LO SPORTELLO CARCERE<\/h3>\n<\/blockquote>\n<p><strong><a href=\"https:\/\/www.radiopiu.net\/wordpress\/giornale-radiopiu-06-aprile-2021-direttore-mirko-mezzacasa\/sportello-jabar\/\" rel=\"attachment wp-att-201422\"><img loading=\"lazy\" decoding=\"async\" class=\"size-medium wp-image-201422 alignleft\" src=\"https:\/\/www.radiopiu.net\/wordpress\/wp-content\/uploads\/2021\/04\/sportello-Jabar-300x225.jpg\" alt=\"\" width=\"300\" height=\"225\" srcset=\"https:\/\/www.radiopiu.net\/wordpress\/wp-content\/uploads\/2021\/04\/sportello-Jabar-300x225.jpg 300w, https:\/\/www.radiopiu.net\/wordpress\/wp-content\/uploads\/2021\/04\/sportello-Jabar-768x576.jpg 768w, https:\/\/www.radiopiu.net\/wordpress\/wp-content\/uploads\/2021\/04\/sportello-Jabar.jpg 960w\" sizes=\"auto, (max-width: 300px) 100vw, 300px\" \/><\/a>BELLUNO <\/strong>Gioved\u00ec 8 aprile alle 18 parte lo Sportello carcere di Belluno, nuovo servizio dell\u2019associazione bellunese Jabar odv a disposizione gratuita di persone ex detenute, di familiari di persone detenute, oltre che di cittadini in condizione di marginalit\u00e0 con problematiche connesse a situazioni giuridico-penali pendenti. Si tratta di uno sportello telefonico (che con il rientro dell\u2019emergenza pandemica diventer\u00e0 presidio fisico nella sede dell\u2019associazione al primo piano della Casa del volontariato di Belluno) per fornire: orientamento e informazione sui servizi del territorio cui rivolgersi per specifiche necessit\u00e0 (quali ricerca lavoro, servizi sociali afferenti, formazione specifica e professionale\u2026), orientamento paralegale su specifiche necessit\u00e0 giuridiche, supporto nella ricostruzione delle proprie competenze con percorsi specifici di mappatura personale da avviare con i nostri operatori, informazioni ai familiari delle persone che sono attualmente detenute nella casa circondariale di Belluno, per fungere da ponte comunicativo tra il carcere e la comunit\u00e0. Lo sportello fa accoglienza ai cittadini con un atteggiamento di ascolto e disponibilit\u00e0, cos\u00ec come tempi per effettuare un breve colloquio. A gestirlo saranno i volontari dell\u2019associazione che metteranno a disposizione la loro sensibilit\u00e0 e le loro diverse preparazioni sui temi. Lo sportello telefonico risponde al numero 351 8377769 e sar\u00e0 attivo dalle 18 alle 19.30 di ogni gioved\u00ec (in caso di diverse necessit\u00e0, anche il sabato dalle 10 alle 11): per prenotare il proprio colloquio telefonico scrivere una mail ad <a href=\"mailto:associazione.jabar@gmail.com\">associazione.jabar@gmail.com<\/a> specificando nome, cognome e numero di telefono di contatto. In caso di difficolt\u00e0, il numero risponde anche come casella vocale per richieste o prenotazioni e via whatsapp.<\/p>\n<p>&nbsp;<\/p>\n<p>&nbsp;<\/p>\n<hr \/>\n<p>&nbsp;<\/p>\n<blockquote>\n<h3>PER IL LAVORO NERO IL 2021 SARA\u2019 UN ANNO D\u2019ORO<\/h3>\n<\/blockquote>\n<p><a href=\"https:\/\/www.radiopiu.net\/wordpress\/per-il-lavoro-nero-il-2021-sara-un-anno-doro\/schermata-2021-04-03-alle-10-40-33\/\" rel=\"attachment wp-att-201151\"><img loading=\"lazy\" decoding=\"async\" class=\"size-medium wp-image-201151 alignleft\" src=\"https:\/\/www.radiopiu.net\/wordpress\/wp-content\/uploads\/2021\/04\/Schermata-2021-04-03-alle-10.40.33-153x300.png\" alt=\"\" width=\"153\" height=\"300\" srcset=\"https:\/\/www.radiopiu.net\/wordpress\/wp-content\/uploads\/2021\/04\/Schermata-2021-04-03-alle-10.40.33-153x300.png 153w, https:\/\/www.radiopiu.net\/wordpress\/wp-content\/uploads\/2021\/04\/Schermata-2021-04-03-alle-10.40.33-522x1024.png 522w, https:\/\/www.radiopiu.net\/wordpress\/wp-content\/uploads\/2021\/04\/Schermata-2021-04-03-alle-10.40.33-768x1508.png 768w, https:\/\/www.radiopiu.net\/wordpress\/wp-content\/uploads\/2021\/04\/Schermata-2021-04-03-alle-10.40.33-782x1536.png 782w, https:\/\/www.radiopiu.net\/wordpress\/wp-content\/uploads\/2021\/04\/Schermata-2021-04-03-alle-10.40.33.png 872w\" sizes=\"auto, (max-width: 153px) 100vw, 153px\" \/><\/a>A seguito della pesantissima crisi economica in corso, l\u2019esercito dei lavoratori in nero presente in Italia \u00e8 in forte espansione. Nell\u2019ultimo anno, ricorda l\u2019Ufficio studi della CGIA, la crisi pandemica ha provocato una perdita di circa 450 mila posti di lavoro. Con le chiusure imposte nelle ultime settimane, a tanti di questi disoccupati si sono aggiunti molti addetti del settore alberghiero e della ristorazione e altrettante finte parrucchiere ed estetiste che quotidianamente si recano nelle case degli italiani ad esercitare irregolarmente i servizi e le prestazioni pi\u00f9 disparate. Un numero di invisibili difficilmente quantificabile, anche se secondo gli ultimi dati stimati qualche anno fa dall\u2019Istat, quindi ben prima dell\u2019avvento del Covid, i lavoratori in nero presenti in Italia erano molti: circa 3,2 milioni.<br \/>\nLo sblocco dei licenziamenti allargher\u00e0 il rischio<br \/>\nNei prossimi mesi, purtroppo, la situazione \u00e8 destinata a peggiorare. Con lo sblocco dei licenziamenti previsti dapprima a fine giugno, per coloro che lavorano nelle Pmi e nelle grandi imprese, e successivamente in autunno, per quelli che sono occupati nelle micro e piccolissime aziende, c\u2019\u00e8 il pericolo che il numero dei senza lavoro aumenti in misura importante. Stiamo parlando di quelle persone che non riuscendo a trovare una nuova occupazione saranno costrette a optare per un lavoro irregolare o si improvviseranno come abusivi per integrare le magre entrate familiari.<\/p>\n<p><strong>Le chiusure in \u201czona rossa\u201d fanno crescere questa piaga<\/strong><br \/>\nNon meno impattante \u00e8 l\u2019effetto chiusura imposto dal governo nelle ultime settimane a bar, ristoranti, negozi, massaggiatori, parrucchieri e centri estetici. Soprattutto nei territori pi\u00f9 provati dalla crisi, non sono pochi, ad esempio, i camerieri che in attesa di tornare ad esercitare la propria professione si stanno improvvisando edili, dipintori, idraulici, giardinieri o addetti alle pulizie. Eseguono piccoli lavori pagati poco e in nero che, tuttavia, consentono a queste persone di portare a casa qualche decina di euro al giorno, permettendo cos\u00ec a molte famiglie di mettere assieme il pranzo con la cena. In questo momento cos\u00ec difficile, chi lavora irregolarmente per necessit\u00e0 non va assolutamente criminalizzato; ci mancherebbe. Tuttavia, non dobbiamo dimenticare che chi opera completamente o parzialmente in nero fa concorrenza sleale, altera i pi\u00f9 elementari princ\u00ecpi di democrazia economica, danneggiando chi lavora nel rispetto delle leggi e paga le imposte e i contributi previdenziali fino all\u2019ultimo centesimo.<\/p>\n<p><strong>A Pasqua boom di finti parrucchieri ed estetisti<\/strong><br \/>\nAltrettanto diffusa sul territorio \u00e8 l\u2019attivit\u00e0 svolta da finti parrucchieri, estetisti e massaggiatori abusivi che a seguito delle chiusure di queste attivit\u00e0, causa Covid, stanno imperversando, soprattutto in questa settimana di Pasqua, recandosi nelle abitazioni dei\/delle clienti per il taglio, la messa in piega, il massaggio ayurvedico, la depilazione o la pulizia del viso. Una decisione \u2013 quella presa dal governo Draghi di chiudere in \u201czona rossa\u201d tutto il settore benessere \u2013 ritenuta immotivata. Le attivit\u00e0 di acconciatura e di estetica, tiene a sottolineare la CGIA, dal maggio dell\u2019anno scorso hanno applicato con la massima diligenza le linee guida dettate dalle autorit\u00e0 sanitarie e dal Governo precedente, intensificando le gi\u00e0 rigide misure previste dal settore sul piano igienico-sanitario e si sono riorganizzate per garantire la massima tutela della salute degli imprenditori, dei loro collaboratori e dei clienti. Lavorando su prenotazione e avendo investito notevolmente in prevenzione, non risulta che in nessuna parte del Paese si siano verificati dei focolai di contagio presso queste attivit\u00e0 tale da giustificare la decisione di chiudere tutto.<\/p>\n<p><strong>In Italia ci sono 3,2 milioni di lavoratori irregolari<\/strong><br \/>\nCome dicevamo, ad \u201cammortizzare\u201d una parte dei posti di lavoro persi a causa dell\u2019emergenza sanitaria ci sta pensando l\u2019economia sommersa. Gli ultimi dati disponibili ci dicono che in Italia ci sono oltre 3,2 milioni di occupati in nero, il tasso di irregolarit\u00e01 \u00e8 del 12,9 per cento e tutte queste persone producono un valore aggiunto in nero di 77,8 miliardi di euro. Il dilagare del lavoro irregolare non comporta un danno solo alle casse dell\u2019erario e dell\u2019Inps, ma anche alle tantissime attivit\u00e0 produttive e dei servizi, le imprese artigianali e quelle commerciali che, spesso, subiscono la concorrenza sleale di questi soggetti. I lavoratori in nero, infatti, non essendo sottoposti al prelievo previdenziale, a quello assicurativo e a quello fiscale consentono alle imprese dove prestano servizio \u2013 o a loro stessi, se operano sul mercato come falsi lavoratori autonomi \u2013 di beneficiare di un costo del lavoro molto inferiore e, conseguentemente, di praticare un prezzo finale del prodotto\/servizio molto contenuto. Condizioni, ovviamente, che chi rispetta le disposizioni previste dalla legge non \u00e8 in grado di offrire. Inoltre, non vanno nemmeno sottovalutate le condizioni lavorative a cui sono sottoposti gli irregolari: spesso a queste persone vengono negate le pi\u00f9 elementari tutele previste dalla legge in materia di sicurezza nei luoghi di lavoro e in queste condizioni, gli incidenti e le malattie professionali rischiano di essere molto frequenti.<\/p>\n<p><strong>La situazione pi\u00f9 \u201cpesante\u201d \u00e8 al Sud<\/strong><br \/>\nA livello territoriale sono le regioni del Mezzogiorno ad essere maggiormente interessate dall\u2019abusivismo e dal lavoro nero. Secondo l\u2019ultima stima redatta dell\u2019Istat e relativa al 2018, in Calabria il tasso di irregolarit\u00e0 \u00e8 pari al 22,1 per cento (136.200 irregolari), in Campania al 19,4 per cento (362.500 lavoratori in nero), in Sicilia al 18,7 per cento (283.700), in Puglia al 16,1 per cento (222.700) e in Sardegna del 15,7 per cento (95.500). La media nazionale \u00e8 pari al 12,9 per cento. Le situazioni pi\u00f9 virtuose, come sottolineavamo pi\u00f9 sopra, si registrano nel Nordest. Se in Emilia Romagna il tasso di irregolarit\u00e0 \u00e8 al 9,8 per cento (211.700 irregolari), in Valle d\u2019Aosta \u00e8 al 9,6 per cento (5.900), in Veneto al 9 per cento (207.300) e nella Provincia autonoma di Bolzano si attesta all\u20198,9 per cento (27.000). Come affermavamo pi\u00f9 sopra, l\u2019attivit\u00e0 in nero di queste 3,2 milioni di persone genera un valore aggiunto pari a 77,8 miliardi di euro all\u2019anno, di cui 26,7 miliardi sono prodotti nel Sud, 19,8 nel Nordovest, 17 nel Centro e 14,3 nel Nordest. A livello regionale in termini assoluti il Pil in \u201cnero\u201d pi\u00f9 importante lo riscontriamo in Lombardia (12,6 miliardi), seguono il Lazio (9,4 miliardi), la Campania (8,3 miliardi) e la Sicilia (6,2 miliardi) (vedi Tab. 1).<\/p>\n<p><em>1 Incidenza percentuale del numero di occupati irregolari sul totale occupati a cui si aggiungono gli occupati irregolari<\/em><\/p>\n<p>&nbsp;<\/p>\n<p>&nbsp;<\/p>\n<hr \/>\n<p>&nbsp;<\/p>\n<blockquote>\n<h3>VENERDI&#8217; IL CONSIGLIO COMUNALE A CENCENIGHE<\/h3>\n<\/blockquote>\n<p><strong>CENCENIGHE<\/strong> Il sindaco di Cencenighe Mauro Soppelsa ha convocato i consiglieri comunali per venerd\u00ec alle 20:30. Presso la sede del Municipio si discuteranno 11 punti all&#8217;ordine del giorno tra cui l&#8217;approvazione del DUP, l&#8217;imposta IMU per il 2021, una variante al PAT, la disciplina silvo-pastorale e due variazioni di salvaguardia a Chenet e Villagrande.<\/p>\n<p>&nbsp;<\/p>\n<p>&nbsp;<\/p>\n<hr \/>\n<p>&nbsp;<\/p>\n<blockquote>\n<h3>IL COMUNE DI LIVINALLONGO IN AIUTO DEGLI ANZIANI, MA NON SOLO, PER PRENOTARE IL VACCINO ONLINE<\/h3>\n<\/blockquote>\n<p><strong><a href=\"https:\/\/www.radiopiu.net\/wordpress\/il-comune-di-livinallongo-in-aiuto-degli-anziani-ma-non-solo-per-prenotare-il-vaccino-online\/d28bcc05-87da-42e9-b918-62aeb5dab1ef\/\" rel=\"attachment wp-att-200631\"><img loading=\"lazy\" decoding=\"async\" class=\" wp-image-200631 alignleft\" src=\"https:\/\/www.radiopiu.net\/wordpress\/wp-content\/uploads\/2021\/04\/d28bcc05-87da-42e9-b918-62aeb5dab1ef-224x300.jpg\" alt=\"\" width=\"127\" height=\"170\" srcset=\"https:\/\/www.radiopiu.net\/wordpress\/wp-content\/uploads\/2021\/04\/d28bcc05-87da-42e9-b918-62aeb5dab1ef-224x300.jpg 224w, https:\/\/www.radiopiu.net\/wordpress\/wp-content\/uploads\/2021\/04\/d28bcc05-87da-42e9-b918-62aeb5dab1ef.jpg 766w\" sizes=\"auto, (max-width: 127px) 100vw, 127px\" \/><\/a> <\/strong><\/p>\n<p><strong>\u00a0<\/strong><\/p>\n<p><strong>\u00a0<\/strong><\/p>\n<p><strong>LIVINALLONGO<\/strong> In occasione dell&#8217;apertura del portale regionale per la prenotazione online del vaccino, il comune di Livinallongo, al fine di aiutare le persone che non dispongono di dispositivi tecnologici per la navigazione in internet o non abbiano le capacit\u00e0 per usarli, ha messo a disposizione un punto prenotazione presso il municipio. Per informazioni 0436 7193 (Interno 1).<\/p>\n<p>&nbsp;<\/p>\n<p>&nbsp;<\/p>\n<hr \/>\n<p>&nbsp;<\/p>\n<p><em><a href=\"https:\/\/www.radiopiu.net\/wordpress\/giornale-radio-piu-22-11-direttore-mirko-mezzacasa\/bandi-e-concorsi\/\" rel=\"attachment wp-att-25479\"><img loading=\"lazy\" decoding=\"async\" class=\"wp-image-25479 alignleft\" src=\"https:\/\/www.radiopiu.net\/wordpress\/wp-content\/uploads\/2016\/11\/bandi-e-concorsi.jpg\" alt=\"\" width=\"139\" height=\"132\" \/><\/a>E\u2019 stato pubblicato\u00a0 sul sito www.aulss1.veneto.it \u2013 sezione bandi- un avviso per il conferimento urgente dei seguenti incarichi provvisori di medico di assistenza primaria \u00a0un incarico provvisorio di medico di assistenza primaria presso il Comune di Cortina D\u2019ampezzo; \u00a0un incarico provvisorio di medico di assistenza primaria presso il Comune di Borgo Valbelluna \u2013 loc. Mel;\u00a0&#8211; un incarico provvisorio di medico di assistenza primaria presso il Comune di Lamon;\u00a0&#8211; un incarico provvisorio di medico di assistenza primaria presso i Comuni di Santa Giustina\/Cesiomaggiore. Per ulteriori informazioni gli interessati potranno rivolgersi alla Direzione Amministrativa Territoriale di Belluno (tel. 0437\/516968-6752).<\/em><\/p>\n<p>&nbsp;<\/p>\n<p>&nbsp;<\/p>\n<hr \/>\n<p>&nbsp;<\/p>\n<blockquote>\n<h3>AL VIA IL NUOVO CORSO FORMATIVO SULL\u2019AMMINISTRAZIONE DI SOSTEGNO<\/h3>\n<\/blockquote>\n<p><strong>BELLUNO <\/strong>Un nuovo corso online di formazione sull\u2019amministrazione di sostegno. Si tratta di un aggiornamento per\u00a0 gli amministratori e i responsabili dei servizi sociosanitari e degli operatori. Approfondimento, operativit\u00e0 concreta e criticit\u00e0 proposte: questi i temi che si andranno ad affrontare in sessione pomeridiana (dalle 14.30 alle 18.30) per quattro venerd\u00ec. S\u2019inizia il 9 aprile con il modulo giuridico-procedurale per proseguire il 16 (modulo giuridico-esperienziale -progetto di cura), il 23 (modulo sociale\u00a0 e socio sanitario) e il 30 (modulo operativo e psicologico). Il corso \u00e8 proposto da Comitato d\u2019Intesa di Belluno con la collaborazione di Csv Belluno Treviso, Tribunale di Belluno, Ulss 1 Dolomiti, Conferenza dei sindaci di Belluno e Feltre, Ordine professionale degli assistenti sociali.<\/p>\n<p>&nbsp;<\/p>\n<p>&nbsp;<\/p>\n<hr \/>\n<p>&nbsp;<\/p>\n<blockquote>\n<h3>LAVORI IN VIA VILLAGA DI FELTRE<\/h3>\n<\/blockquote>\n<p><strong>FELTRE<\/strong> Il sindaco di Feltre Paolo Perenzin ha firmato un&#8217;ordinanza di chiusura di via Villaga e via Barucce dal 6 al 30 aprile. Divieto di transito per tutti i veicoli, cicli e motocicli tutti i giorni, sabato domenica e festivi compresi, per lavori di messa in sicurezza dell&#8217;abitato di Villaga mediante la realizzazione di un canale di scarico.<\/p>\n<p>&nbsp;<\/p>\n<p>&nbsp;<\/p>\n<hr \/>\n<p>&nbsp;<\/p>\n<blockquote>\n<h3>IL COMUNE DI FELTRE APRE IL BANDO ALLA RICERCA DI 3 FIGURE DA INSERIRE IN COMUNE<\/h3>\n<\/blockquote>\n<p><strong><a href=\"https:\/\/www.radiopiu.net\/wordpress\/omaggi-a-feltre-dallalto\/94e3b68b-d386-4f94-8aa8-30105c25932b\/\" rel=\"attachment wp-att-145789\"><img loading=\"lazy\" decoding=\"async\" class=\"size-medium wp-image-145789 alignleft\" src=\"https:\/\/www.radiopiu.net\/wordpress\/wp-content\/uploads\/2020\/06\/94e3b68b-d386-4f94-8aa8-30105c25932b-300x225.jpg\" alt=\"\" width=\"300\" height=\"225\" srcset=\"https:\/\/www.radiopiu.net\/wordpress\/wp-content\/uploads\/2020\/06\/94e3b68b-d386-4f94-8aa8-30105c25932b-300x225.jpg 300w, https:\/\/www.radiopiu.net\/wordpress\/wp-content\/uploads\/2020\/06\/94e3b68b-d386-4f94-8aa8-30105c25932b-768x576.jpg 768w, https:\/\/www.radiopiu.net\/wordpress\/wp-content\/uploads\/2020\/06\/94e3b68b-d386-4f94-8aa8-30105c25932b.jpg 960w\" sizes=\"auto, (max-width: 300px) 100vw, 300px\" \/><\/a>FELTRE<\/strong>\u00a0 <strong>Concorso pubblico,<\/strong> per soli esami, per l&#8217;assunzione a tempo indeterminato e pieno di un Istruttore area informatica presso l\u2019Unita\u0300 Organizzativa Sistema Informativo del settore economico finanziario del Comune di Feltre,\u00a0 scadenza\u00a0 presentazione domande entro le 12 del 17 maggio 2021. <strong>Concorso pubblico<\/strong>, per soli esami per l&#8217;assunzione a tempo indeterminato e pieno di 2 Istruttori Amministrativi categoria di accesso C \u2013 presso l\u2019U.O. Cultura\/Politiche Giovanili\/Istruzione\/Servizi all&#8217;Infanzia del settore affari generali ed istituzionali del Comune di Feltre, scadenza presentazione delle domande entro le 12 del 20 maggio 2021. <em>Le modalita\u0300&#8217; di partecipazione, i requisiti ed il fac-simile della domanda di partecipazione sono disponibili presso l\u2019ufficio del personale dell&#8217;Unione Montana Feltrina.<\/em><\/p>\n<p>&nbsp;<\/p>\n<p>&nbsp;<\/p>\n<p>&nbsp;<\/p>\n<p>&nbsp;<\/p>\n<p>&nbsp;<\/p>\n<hr \/>\n<p>\u200b\u200b<\/p>\n<p>&nbsp;<\/p>\n<blockquote><p><a href=\"https:\/\/www.radiopiu.net\/wordpress\/giornale-radiopiu-11-febbraio-2021-direttore-mirko-mezzacasa\/polizia-7\/\" rel=\"attachment wp-att-190303\"><img loading=\"lazy\" decoding=\"async\" class=\" wp-image-190303\" src=\"https:\/\/www.radiopiu.net\/wordpress\/wp-content\/uploads\/2021\/02\/Polizia-300x200.jpeg\" alt=\"\" width=\"167\" height=\"111\" srcset=\"https:\/\/www.radiopiu.net\/wordpress\/wp-content\/uploads\/2021\/02\/Polizia-300x200.jpeg 300w, https:\/\/www.radiopiu.net\/wordpress\/wp-content\/uploads\/2021\/02\/Polizia-1024x682.jpeg 1024w, https:\/\/www.radiopiu.net\/wordpress\/wp-content\/uploads\/2021\/02\/Polizia-768x512.jpeg 768w, https:\/\/www.radiopiu.net\/wordpress\/wp-content\/uploads\/2021\/02\/Polizia-1536x1023.jpeg 1536w, https:\/\/www.radiopiu.net\/wordpress\/wp-content\/uploads\/2021\/02\/Polizia.jpeg 1600w\" sizes=\"auto, (max-width: 167px) 100vw, 167px\" \/><\/a><\/p>\n<h3>CERCASI 130 COMMISSARI DI CARRIERA NELLA POLIZIA DI STATO<\/h3>\n<\/blockquote>\n<p>La domanda di partecipazione al concorso per titoli ed esami deve essere trasmessa entro i prossimi 30 giorni usufruendo di moduli disponibili sul portale della polizia di Stato.<\/p>\n<p>&nbsp;<\/p>\n<p>&nbsp;<\/p>\n<hr \/>\n<blockquote>\n<h3>LA GUARDIA DI FINANZA APRE IL CONCORSO PER 66 ALLIEVI UFFICIALI E 10 TENENTI<\/h3>\n<\/blockquote>\n<p><strong><a href=\"https:\/\/www.radiopiu.net\/wordpress\/vendono-una-centrale-idroelettrica-eludendo-il-fisco\/guardia-di-finanza-auto_full1\/\" rel=\"attachment wp-att-5016\"><img loading=\"lazy\" decoding=\"async\" class=\" wp-image-5016 alignleft\" src=\"https:\/\/www.radiopiu.net\/wordpress\/wp-content\/uploads\/2015\/05\/guardia-di-finanza-auto_full1-300x224.jpg\" alt=\"\" width=\"130\" height=\"97\" \/><\/a>BELLUNO<\/strong> La Guardia di Finanza \u00e8 alla ricerca di allievi ufficiali. \u00c8 partito in questi giorni il concorso pubblico, per titoli ed esami, per l&#8217;ammissione di 66 allievi ufficiali del ruolo normale, comparto ordinario e aeronavale, all&#8217;Accademia della Guardia di Finanza per l&#8217;anno accademico 2021-2022. I candidati devono aver compiuto i 17 anni di et\u00e0 alla data del 1 gennaio 2021, devono essere in possesso di un diploma di istruzione secondaria di secondo grado che consenta l&#8217;iscrizione a corsi di laurea o che lo conseguano nell&#8217;anno scolastico 2020\/21. La domanda di partecipazione al concorso dovr\u00e0 essere compilata tramite procedura telematica all&#8217;indirizzo concorsi.gdf.gov.it e dovr\u00e0 essere effettuata entro le 12 del 8 aprile 2021. Per altre informazioni sul concorso basta accedere al sito del concorso.<\/p>\n<blockquote><p>Sempre la Guardia di Finanza sta reclutando 3 allievi finanzieri del contingente ordinario, selezione riservata al coniuge e ai figli superstiti, nonch\u00e8 ai fratelli o alle sorelle del personale delle Forze di Polizia, deceduto o reso pemanentemente invalido per causa di servizio.<\/p><\/blockquote>\n<p>&nbsp;<\/p>\n<p>&nbsp;<\/p>\n<hr \/>\n<p>&nbsp;<\/p>\n<blockquote>\n<h3>GLI ALPINI DI ALLEGHE APRONO UN CONTO CORRENTE PER AIUTARE GUERRINO BELLENZIER<\/h3>\n<\/blockquote>\n<p><strong><a href=\"https:\/\/www.radiopiu.net\/wordpress\/gli-alpini-di-alleghe-aprono-un-conto-corrente-per-aiutare-guerrino-bellenzier\/alpini-alleghe\/\" rel=\"attachment wp-att-198175\"><img loading=\"lazy\" decoding=\"async\" class=\"size-medium wp-image-198175 alignleft\" src=\"https:\/\/www.radiopiu.net\/wordpress\/wp-content\/uploads\/2021\/03\/ALPINI-ALLEGHE-300x138.png\" alt=\"\" width=\"300\" height=\"138\" srcset=\"https:\/\/www.radiopiu.net\/wordpress\/wp-content\/uploads\/2021\/03\/ALPINI-ALLEGHE-300x138.png 300w, https:\/\/www.radiopiu.net\/wordpress\/wp-content\/uploads\/2021\/03\/ALPINI-ALLEGHE-768x353.png 768w, https:\/\/www.radiopiu.net\/wordpress\/wp-content\/uploads\/2021\/03\/ALPINI-ALLEGHE.png 778w\" sizes=\"auto, (max-width: 300px) 100vw, 300px\" \/><\/a>ALLEGHE<\/strong> Nella notte del 12 marzo. l&#8217;abitazione di Guerrino Bellenzier (piu conosciuto come Tobia) \u00e8 stata interessata da un incendio che ha causate notevoli danni alla struttura della casa. Tobia e persona da sempre presente e disponibile per la comunit\u00e0 Alleghese nella quale ha ricoperto le cariche di consigliere ed assessore comunale. E&#8217; stato anche consigliere e capogruppo degli Alpini di Alleghe, nonch\u00e8 fondatore, insieme a Siro De Biasio, del Coro Alpino &#8220;Monte Civetta&#8221;. Attualmente e ancora attivissimo vice capogruppo ed e per questo motive che i suoi amici alpini hanno ritenuto di attivarsi ed essere vicini a Tobia, aprendo presso Cortinabanca &#8211; sede di Alleghe &#8211; un conto corrente sul quale raccogliere contributi per quanti volessero aderire a questa iniziativa. Le coordinate bancarie del conto intestate a Gruppo Ana Alleghe sottoscrizione per &#8220;&#8221;Tobia&#8221;&#8221; danni da incendio sono le seguenti:&#8221; IT 21 C 08511 61001 000000041707 L&#8217;attuale Capogruppo Cristian De Toni, anche a nome di tutto ii Consiglio del Gruppo ANA Alleghe, ringrazia quanti vorranno condividere l&#8217;iniziativa.<\/p>\n<p>&nbsp;<\/p>\n<p>&nbsp;<\/p>\n<hr \/>\n<p>&nbsp;<\/p>\n<blockquote>\n<h3>\u201cERA UNA NOTTE CHE PIOVEVA\u201d IL DVD SULLA GRANDE GUERRA<\/h3>\n<\/blockquote>\n<p><strong>di Renato Bona<\/strong><\/p>\n<p>L\u2019amico (di vecchia data) Antonino Arena, detto Nino\u201d, esperto e grande appassionato di fotografia, cultore di cose bellunesi anche se lui lo \u00e8 solo di adozione, mi ha segnalato l\u2019esistenza di un Dvd che, intitolato \u201cEra una notte che pioveva\u2026\u201d, contiene una serie di canti degli alpini riferiti alla Grande Guerra 1915-18, interpretati dal Coro Conegliano diretto da Diego Tomasi, prodotto nel 2008 da Studio 2000 Hertz sas di Ponte nelle Alpi. Oltre al Dvd, c\u2019\u00e8 una monografia sulla storia delle penne nere, curata dal generale di corpo d\u2019armata Italico Cauteruccio che fu, tra l\u2019altro, dal 1986 al 1988, comandante della brigata \u201cCadore\u201d di stanza a Belluno (era stata costituita il 1. luglio del 1953 e inquadrava il 7. Reggimento alpini gi\u00e0 della divisione \u201cPusteria\u201d ed il 6. Reggimento da montagna gi\u00e0 della divisione \u201cAlpi Graie\u201d &#8211; ndr.). L\u2019iniziativa \u00e8 stata sostenuta dall\u2019Ana, l\u2019Associazione nazionale Alpini, dalla Provincia di Treviso e dal Comune di Conegliano. Il Coro Conegliano a novant\u2019anni dalla vittoria nella Grande Guerra, ha voluto con immagini e canti \u201crendere omaggio ad un mito: il mito degli Alpini\u201d! Operazione sicuramente riuscita. Questi i brani in ordine di apparizione: \u201cMonte Canino\u201d, arm. Mingozzi; \u201cMonte Nero\u201d, arm. G. Dalla Testa, \u201cBombardano Cortina\u201d, arm. L. Pigarelli; \u201cEra sera\u201d, arm. A. Mascagni; \u201cEra una notte che pioveva\u201d, arm. M. Cauriol; \u201cMonte Pasubio\u201d, di Bepi De Marzi; \u201cDove sei stato mio bell\u2019Alpino\u201d, arm. A. Pedrotti; \u201cLa cima del Montello\u201d, arm. Paolo Bon; \u201cLa canzone del Piave\u201d, di E. A. Mario; \u201cIl testamento del capitano\u201d, arm. L. Pigarelli. Ideatore dell\u2019iniziativa, Leopoldo Miorin ricorda nel libretto che accompagna il Dvd che \u201cQuando ho proposto agli amici del Coro Conegliano di fare un Dvd sui canti degli Alpini per ricordare il 90. della vittoria nella Grande Guerra, ho trovato da subito nel Maestro e nei coristi un terreno fertile per intraprendere la sfida\u2026 La mia idea era di completare questo Dvd con uno scritto sulla storia delle truppe di montagna, e il Gen. Italico Cauteruccio, alpino e grande esperto di storia militare, ha fatto in modo che questo progetto potesse realizzarsi. Italico ha, da vero e disinteressato amico, accettato di aiutarci e ha colto subito la filosofia del lavoro da fare: una monografia semplice, pulita, tecnica, che in breve ripercorresse la storia degli Alpini di Perrucchetti a Kabul. Lavorare con lui \u00e8 stato un piacere e quest\u2019opera, monografia e Dvd, arricchisce in modo diverso l\u2019enorme bibliografia esistente sullo stesso tema. Un grazie quindi al Generale e un grazie al Coro Conegliano. Un grazie particolare al Col. Lorenzo Cadeddu, Antonio Daminato, Carlotta Tinarelli e Marzia Corocher\u201d. La pubblicazione si apre con una premessa in cui si sottolinea fra l\u2019altro che \u201cGli Alpini sono stati chiamati con la coscrizione obbligatoria, a servire, in guerra e in pace, nella specialit\u00e0 pi\u00f9 difficile, pi\u00f9 faticosa, pi\u00f9 rischiosa delle Forze Armate, quella che in guerra ha fatto versare il maggior tributo di sangue, che li ha obbligati a scalare montagne, carici di pesi, ad accudire salmerie, a patire il freddo, a pestare la neve\u2026 Secondo la logica dei tempi nostri, avrebbero dovuto ripudiare quella sofferta esperienza, disprezzare e buttare via quel cappello che portano invece tanto orgogliosamente, disertare quei raduni che al contrario sono vere adunate oceaniche di centinaia di migliaia di uomini che s\u2019incontrano liberamente e con gioia\u2026 fieri della loro appartenenza agli Alpini. Seguono i capitoli\u201dOrigini\u201d, \u201cLe caratteristiche\u201d, \u201cLa vita di montagna\u201d, \u201cEvoluzione dell\u2019ordinamento\u201d, \u201cIl primo impiego in guerra\u201d, \u201cLa Grande Guerra\u201d, \u201cIl dopoguerra e la campagna di Etiopia\u201d, \u201cLa seconda guerra mondiale\u201d, \u201cIl secondo dopoguerra\u201d, \u201cLe successive ristrutturazioni organiche\u201d, \u201cLa fine della leva obbligatoria\u201d. Qui di seguito il prestigioso curriculum del generale Italico Cauteruccio: goriziano e di famiglia con tradizioni militari, ha frequentato l\u2019Accademia militare di Modena e le Scuole di Applicazione d\u2019Arma di Torino; dopo il quadriennio di formazione ed i corsi della Scuola alpina e della Scuola di paracadutismo, \u00e8 stato assegnato al 7. Reggimento alpini della Brigata Cadore. Ha svolto i periodi di comando di plotone e di compagnia al bgt. \u201cBelluno\u201d e alla Mortai reggimentale del 7. E poi di comando di battaglione al \u201cMorbegno\u201d della brigata \u201cOrobica\u201d della quale \u00e8 stato anche vice comandante. Frequentata la Scuola di guerra \u00e8 divenuto ufficiale di Stato maggiore e come tale ha prestato servizio a Roma e in seguito alla brigata \u201cJulia\u201d e al comando del 4. Corpo d\u2019armato alpino come capo di stato maggiore. Da generale ha frequentato il Centro alti studi della Difesa per essere poi nominato comandante della \u201cCadore\u201d, poi vice comandante del Corpo d\u2019armata alpino e infine Comandante militare di Trieste. Ha i brevetti di paracadutista militare italiano e statunitense, \u00e8 laureato in scienze strategiche e, come studioso di storia militare, ha prodotto numerose pubblicazioni e partecipato a convegni e conferenze sulle tematiche storiche delle Forze armate. Risiede a Treviso ed \u00e8 iscritto alla locale Sezione dell\u2019Associazione nazionale alpini.<\/p>\n\n\t\t\t<style type='text\/css'>\n\t\t\t\t#gallery-7 {\n\t\t\t\t\tmargin: auto;\n\t\t\t\t}\n\t\t\t\t#gallery-7 .gallery-item {\n\t\t\t\t\tfloat: left;\n\t\t\t\t\tmargin-top: 10px;\n\t\t\t\t\ttext-align: center;\n\t\t\t\t\twidth: 16%;\n\t\t\t\t}\n\t\t\t\t#gallery-7 img {\n\t\t\t\t\tborder: 2px solid #cfcfcf;\n\t\t\t\t}\n\t\t\t\t#gallery-7 .gallery-caption {\n\t\t\t\t\tmargin-left: 0;\n\t\t\t\t}\n\t\t\t\t\/* see gallery_shortcode() in wp-includes\/media.php *\/\n\t\t\t<\/style>\n\t\t<div id='gallery-7' class='dt-gallery-container gallery galleryid-201353 gallery-columns-6 gallery-size-thumbnail'><dl class='gallery-item'>\n\t\t\t\t<dt class='gallery-icon portrait'>\n\t\t\t\t\t<a class=\"rollover rollover-zoom dt-pswp-item\" title=\"169558892_271570947850659_4164603357123765529_n\" data-dt-img-description=\"\" data-large_image_width=\"1577\" data-large_image_height=\"2560\"href='https:\/\/www.radiopiu.net\/wordpress\/wp-content\/uploads\/2021\/04\/169558892_271570947850659_4164603357123765529_n-scaled.jpg'><img loading=\"lazy\" decoding=\"async\" width=\"150\" height=\"150\" src=\"https:\/\/www.radiopiu.net\/wordpress\/wp-content\/uploads\/2021\/04\/169558892_271570947850659_4164603357123765529_n-150x150.jpg\" class=\"attachment-thumbnail size-thumbnail\" alt=\"\" \/><\/a>\n\t\t\t\t<\/dt><\/dl><dl class='gallery-item'>\n\t\t\t\t<dt class='gallery-icon portrait'>\n\t\t\t\t\t<a class=\"rollover rollover-zoom dt-pswp-item\" title=\"169305910_278916957046287_5409061303655970670_n\" data-dt-img-description=\"\" data-large_image_width=\"1846\" data-large_image_height=\"2560\"href='https:\/\/www.radiopiu.net\/wordpress\/wp-content\/uploads\/2021\/04\/169305910_278916957046287_5409061303655970670_n-scaled.jpg'><img loading=\"lazy\" decoding=\"async\" width=\"150\" height=\"150\" src=\"https:\/\/www.radiopiu.net\/wordpress\/wp-content\/uploads\/2021\/04\/169305910_278916957046287_5409061303655970670_n-150x150.jpg\" class=\"attachment-thumbnail size-thumbnail\" alt=\"\" \/><\/a>\n\t\t\t\t<\/dt><\/dl><dl class='gallery-item'>\n\t\t\t\t<dt class='gallery-icon landscape'>\n\t\t\t\t\t<a class=\"rollover rollover-zoom dt-pswp-item\" title=\"169819300_280755616946578_8376750781977265943_n\" data-dt-img-description=\"\" data-large_image_width=\"540\" data-large_image_height=\"540\"href='https:\/\/www.radiopiu.net\/wordpress\/wp-content\/uploads\/2021\/04\/169819300_280755616946578_8376750781977265943_n.jpg'><img loading=\"lazy\" decoding=\"async\" width=\"150\" height=\"150\" src=\"https:\/\/www.radiopiu.net\/wordpress\/wp-content\/uploads\/2021\/04\/169819300_280755616946578_8376750781977265943_n-150x150.jpg\" class=\"attachment-thumbnail size-thumbnail\" alt=\"\" srcset=\"https:\/\/www.radiopiu.net\/wordpress\/wp-content\/uploads\/2021\/04\/169819300_280755616946578_8376750781977265943_n-150x150.jpg 150w, https:\/\/www.radiopiu.net\/wordpress\/wp-content\/uploads\/2021\/04\/169819300_280755616946578_8376750781977265943_n-300x300.jpg 300w, https:\/\/www.radiopiu.net\/wordpress\/wp-content\/uploads\/2021\/04\/169819300_280755616946578_8376750781977265943_n.jpg 540w\" sizes=\"auto, (max-width: 150px) 100vw, 150px\" \/><\/a>\n\t\t\t\t<\/dt><\/dl><dl class='gallery-item'>\n\t\t\t\t<dt class='gallery-icon portrait'>\n\t\t\t\t\t<a class=\"rollover rollover-zoom dt-pswp-item\" title=\"168684670_2823462347916321_3556330729003455013_n\" data-dt-img-description=\"\" data-large_image_width=\"1568\" data-large_image_height=\"1931\"href='https:\/\/www.radiopiu.net\/wordpress\/wp-content\/uploads\/2021\/04\/168684670_2823462347916321_3556330729003455013_n.jpg'><img loading=\"lazy\" decoding=\"async\" width=\"150\" height=\"150\" src=\"https:\/\/www.radiopiu.net\/wordpress\/wp-content\/uploads\/2021\/04\/168684670_2823462347916321_3556330729003455013_n-150x150.jpg\" class=\"attachment-thumbnail size-thumbnail\" alt=\"\" \/><\/a>\n\t\t\t\t<\/dt><\/dl><dl class='gallery-item'>\n\t\t\t\t<dt class='gallery-icon portrait'>\n\t\t\t\t\t<a class=\"rollover rollover-zoom dt-pswp-item\" title=\"169252076_372817497171619_3076584417263218349_n\" data-dt-img-description=\"\" data-large_image_width=\"1672\" data-large_image_height=\"2560\"href='https:\/\/www.radiopiu.net\/wordpress\/wp-content\/uploads\/2021\/04\/169252076_372817497171619_3076584417263218349_n-scaled.jpg'><img loading=\"lazy\" decoding=\"async\" width=\"150\" height=\"150\" src=\"https:\/\/www.radiopiu.net\/wordpress\/wp-content\/uploads\/2021\/04\/169252076_372817497171619_3076584417263218349_n-150x150.jpg\" class=\"attachment-thumbnail size-thumbnail\" alt=\"\" \/><\/a>\n\t\t\t\t<\/dt><\/dl><dl class='gallery-item'>\n\t\t\t\t<dt class='gallery-icon landscape'>\n\t\t\t\t\t<a class=\"rollover rollover-zoom dt-pswp-item\" title=\"169130809_3833783660050081_8527930188100539246_n\" data-dt-img-description=\"\" data-large_image_width=\"309\" data-large_image_height=\"293\"href='https:\/\/www.radiopiu.net\/wordpress\/wp-content\/uploads\/2021\/04\/169130809_3833783660050081_8527930188100539246_n.jpg'><img loading=\"lazy\" decoding=\"async\" width=\"150\" height=\"150\" src=\"https:\/\/www.radiopiu.net\/wordpress\/wp-content\/uploads\/2021\/04\/169130809_3833783660050081_8527930188100539246_n-150x150.jpg\" class=\"attachment-thumbnail size-thumbnail\" alt=\"\" \/><\/a>\n\t\t\t\t<\/dt><\/dl><br style=\"clear: both\" \/><dl class='gallery-item'>\n\t\t\t\t<dt class='gallery-icon portrait'>\n\t\t\t\t\t<a class=\"rollover rollover-zoom dt-pswp-item\" title=\"169310150_439100287390207_5718133776109968403_n\" data-dt-img-description=\"\" data-large_image_width=\"1960\" data-large_image_height=\"2318\"href='https:\/\/www.radiopiu.net\/wordpress\/wp-content\/uploads\/2021\/04\/169310150_439100287390207_5718133776109968403_n.jpg'><img loading=\"lazy\" decoding=\"async\" width=\"150\" height=\"150\" src=\"https:\/\/www.radiopiu.net\/wordpress\/wp-content\/uploads\/2021\/04\/169310150_439100287390207_5718133776109968403_n-150x150.jpg\" class=\"attachment-thumbnail size-thumbnail\" alt=\"\" \/><\/a>\n\t\t\t\t<\/dt><\/dl><dl class='gallery-item'>\n\t\t\t\t<dt class='gallery-icon landscape'>\n\t\t\t\t\t<a class=\"rollover rollover-zoom dt-pswp-item\" title=\"168964787_446694156435723_38181707948324819_n\" data-dt-img-description=\"\" data-large_image_width=\"2560\" data-large_image_height=\"1050\"href='https:\/\/www.radiopiu.net\/wordpress\/wp-content\/uploads\/2021\/04\/168964787_446694156435723_38181707948324819_n-scaled.jpg'><img loading=\"lazy\" decoding=\"async\" width=\"150\" height=\"150\" src=\"https:\/\/www.radiopiu.net\/wordpress\/wp-content\/uploads\/2021\/04\/168964787_446694156435723_38181707948324819_n-150x150.jpg\" class=\"attachment-thumbnail size-thumbnail\" alt=\"\" \/><\/a>\n\t\t\t\t<\/dt><\/dl><dl class='gallery-item'>\n\t\t\t\t<dt class='gallery-icon portrait'>\n\t\t\t\t\t<a class=\"rollover rollover-zoom dt-pswp-item\" title=\"169235388_467282911375515_2455698546494269600_n\" data-dt-img-description=\"\" data-large_image_width=\"2499\" data-large_image_height=\"2535\"href='https:\/\/www.radiopiu.net\/wordpress\/wp-content\/uploads\/2021\/04\/169235388_467282911375515_2455698546494269600_n.jpg'><img loading=\"lazy\" decoding=\"async\" width=\"150\" height=\"150\" src=\"https:\/\/www.radiopiu.net\/wordpress\/wp-content\/uploads\/2021\/04\/169235388_467282911375515_2455698546494269600_n-150x150.jpg\" class=\"attachment-thumbnail size-thumbnail\" alt=\"\" \/><\/a>\n\t\t\t\t<\/dt><\/dl><dl class='gallery-item'>\n\t\t\t\t<dt class='gallery-icon portrait'>\n\t\t\t\t\t<a class=\"rollover rollover-zoom dt-pswp-item\" title=\"169469160_495029268196135_7446228130596037912_n\" data-dt-img-description=\"\" data-large_image_width=\"1602\" data-large_image_height=\"2560\"href='https:\/\/www.radiopiu.net\/wordpress\/wp-content\/uploads\/2021\/04\/169469160_495029268196135_7446228130596037912_n-scaled.jpg'><img loading=\"lazy\" decoding=\"async\" width=\"150\" height=\"150\" src=\"https:\/\/www.radiopiu.net\/wordpress\/wp-content\/uploads\/2021\/04\/169469160_495029268196135_7446228130596037912_n-150x150.jpg\" class=\"attachment-thumbnail size-thumbnail\" alt=\"\" \/><\/a>\n\t\t\t\t<\/dt><\/dl><dl class='gallery-item'>\n\t\t\t\t<dt class='gallery-icon portrait'>\n\t\t\t\t\t<a class=\"rollover rollover-zoom dt-pswp-item\" title=\"169347659_554876088832989_3610097698014311026_n\" data-dt-img-description=\"\" data-large_image_width=\"1821\" data-large_image_height=\"2560\"href='https:\/\/www.radiopiu.net\/wordpress\/wp-content\/uploads\/2021\/04\/169347659_554876088832989_3610097698014311026_n-scaled.jpg'><img loading=\"lazy\" decoding=\"async\" width=\"150\" height=\"150\" src=\"https:\/\/www.radiopiu.net\/wordpress\/wp-content\/uploads\/2021\/04\/169347659_554876088832989_3610097698014311026_n-150x150.jpg\" class=\"attachment-thumbnail size-thumbnail\" alt=\"\" \/><\/a>\n\t\t\t\t<\/dt><\/dl><dl class='gallery-item'>\n\t\t\t\t<dt class='gallery-icon portrait'>\n\t\t\t\t\t<a class=\"rollover rollover-zoom dt-pswp-item\" title=\"169177961_503402427707030_8580184196020711326_n\" data-dt-img-description=\"\" data-large_image_width=\"1980\" data-large_image_height=\"2560\"href='https:\/\/www.radiopiu.net\/wordpress\/wp-content\/uploads\/2021\/04\/169177961_503402427707030_8580184196020711326_n-scaled.jpg'><img loading=\"lazy\" decoding=\"async\" width=\"150\" height=\"150\" src=\"https:\/\/www.radiopiu.net\/wordpress\/wp-content\/uploads\/2021\/04\/169177961_503402427707030_8580184196020711326_n-150x150.jpg\" class=\"attachment-thumbnail size-thumbnail\" alt=\"\" \/><\/a>\n\t\t\t\t<\/dt><\/dl><br style=\"clear: both\" \/>\n\t\t\t<\/div>\n\n<p>NELLE FOTO (riproduzioni dal libretto \u201cGli Alpini\u201d che accompagna il Dvd ): la copertina del Dvd; il disco ottico con i canti degli Alpini; il retrocopertina; il logo dell\u2019Ana di Conegliano; Diego Tomasi direttore del Coro Conegliano; il generale Italico Cauteruccio, autore della pubblicazione con la storia degli Alpini; immagine che figura nella copertina del libretto; ultima di copertina; Alpini che salgono alla Grand Koke Val Susa (fot. Allegra); cordata di penne nere; uomini del battaglione Morbegno; Alpini del battaglione Pieve di Cadore.<\/p>\n<p>&nbsp;<\/p>\n<p>&nbsp;<\/p>\n<hr \/>\n<p>&nbsp;<\/p>\n<blockquote>\n<h3>IERI IN DIRETTA DALLA CHIESETTA DI SAN VINCENZO LA MESSA DEL FANCIULLO<\/h3>\n<\/blockquote>\n<p><strong>AGORDO\u00a0<\/strong>In diretta dalla chiesetta di San Vincenzo di Agordo la messa del fanciullo celebrata da Don Cesare<\/p>\n<p>https:\/\/www.facebook.com\/Mirkomezziano\/videos\/2935602230055877<\/p>\n\n\t\t\t<style type='text\/css'>\n\t\t\t\t#gallery-8 {\n\t\t\t\t\tmargin: auto;\n\t\t\t\t}\n\t\t\t\t#gallery-8 .gallery-item {\n\t\t\t\t\tfloat: left;\n\t\t\t\t\tmargin-top: 10px;\n\t\t\t\t\ttext-align: center;\n\t\t\t\t\twidth: 25%;\n\t\t\t\t}\n\t\t\t\t#gallery-8 img {\n\t\t\t\t\tborder: 2px solid #cfcfcf;\n\t\t\t\t}\n\t\t\t\t#gallery-8 .gallery-caption {\n\t\t\t\t\tmargin-left: 0;\n\t\t\t\t}\n\t\t\t\t\/* see gallery_shortcode() in wp-includes\/media.php *\/\n\t\t\t<\/style>\n\t\t<div id='gallery-8' class='dt-gallery-container gallery galleryid-201353 gallery-columns-4 gallery-size-thumbnail'><dl class='gallery-item'>\n\t\t\t\t<dt class='gallery-icon landscape'>\n\t\t\t\t\t<a class=\"rollover rollover-zoom dt-pswp-item\" title=\"acc6be96-a5c0-4319-b5cf-0b48e249e035\" data-dt-img-description=\"\" data-large_image_width=\"1280\" data-large_image_height=\"640\"href='https:\/\/www.radiopiu.net\/wordpress\/wp-content\/uploads\/2021\/04\/acc6be96-a5c0-4319-b5cf-0b48e249e035.jpg'><img loading=\"lazy\" decoding=\"async\" width=\"150\" height=\"150\" src=\"https:\/\/www.radiopiu.net\/wordpress\/wp-content\/uploads\/2021\/04\/acc6be96-a5c0-4319-b5cf-0b48e249e035-150x150.jpg\" class=\"attachment-thumbnail size-thumbnail\" alt=\"\" \/><\/a>\n\t\t\t\t<\/dt><\/dl><dl class='gallery-item'>\n\t\t\t\t<dt class='gallery-icon landscape'>\n\t\t\t\t\t<a class=\"rollover rollover-zoom dt-pswp-item\" title=\"f34849d9-a1dc-4eb8-9c3b-8fbd490ae4ba\" data-dt-img-description=\"\" data-large_image_width=\"1280\" data-large_image_height=\"640\"href='https:\/\/www.radiopiu.net\/wordpress\/wp-content\/uploads\/2021\/04\/f34849d9-a1dc-4eb8-9c3b-8fbd490ae4ba.jpg'><img loading=\"lazy\" decoding=\"async\" width=\"150\" height=\"150\" src=\"https:\/\/www.radiopiu.net\/wordpress\/wp-content\/uploads\/2021\/04\/f34849d9-a1dc-4eb8-9c3b-8fbd490ae4ba-150x150.jpg\" class=\"attachment-thumbnail size-thumbnail\" alt=\"\" \/><\/a>\n\t\t\t\t<\/dt><\/dl><dl class='gallery-item'>\n\t\t\t\t<dt class='gallery-icon landscape'>\n\t\t\t\t\t<a class=\"rollover rollover-zoom dt-pswp-item\" title=\"c7c79849-3eca-456c-83d5-5ce84f7ab419\" data-dt-img-description=\"\" data-large_image_width=\"1280\" data-large_image_height=\"640\"href='https:\/\/www.radiopiu.net\/wordpress\/wp-content\/uploads\/2021\/04\/c7c79849-3eca-456c-83d5-5ce84f7ab419.jpg'><img loading=\"lazy\" decoding=\"async\" width=\"150\" height=\"150\" src=\"https:\/\/www.radiopiu.net\/wordpress\/wp-content\/uploads\/2021\/04\/c7c79849-3eca-456c-83d5-5ce84f7ab419-150x150.jpg\" class=\"attachment-thumbnail size-thumbnail\" alt=\"\" \/><\/a>\n\t\t\t\t<\/dt><\/dl><dl class='gallery-item'>\n\t\t\t\t<dt class='gallery-icon landscape'>\n\t\t\t\t\t<a class=\"rollover rollover-zoom dt-pswp-item\" title=\"6fb831ff-c283-4254-a38f-1b5cfcca1cea\" data-dt-img-description=\"\" data-large_image_width=\"1280\" data-large_image_height=\"640\"href='https:\/\/www.radiopiu.net\/wordpress\/wp-content\/uploads\/2021\/04\/6fb831ff-c283-4254-a38f-1b5cfcca1cea.jpg'><img loading=\"lazy\" decoding=\"async\" width=\"150\" height=\"150\" src=\"https:\/\/www.radiopiu.net\/wordpress\/wp-content\/uploads\/2021\/04\/6fb831ff-c283-4254-a38f-1b5cfcca1cea-150x150.jpg\" class=\"attachment-thumbnail size-thumbnail\" alt=\"\" \/><\/a>\n\t\t\t\t<\/dt><\/dl><br style=\"clear: both\" \/>\n\t\t\t<\/div>\n\n<p>&nbsp;<\/p>\n<hr \/>\n<p>&nbsp;<\/p>\n<div class=\"b654a4as d2edcug0\">\n<div class=\"j83agx80 btwxx1t3 lhclo0ds hop8lmos nkwizq5d scwd0bx6 roh60bw9\">\n<div class=\"rq0escxv hkbzh7o3 jwdofwj8 n8tt0mok r8blr3vg hyh9befq\">\n<div class=\"do00u71z l9j0dhe7 k4urcfbm\">\n<div>\n<h2><span style=\"color: #000080;\"><a class=\"dt-pswp-item\" href=\"https:\/\/www.radiopiu.net\/wordpress\/wp-content\/uploads\/2020\/10\/pp.jpg\" data-dt-img-description=\"\" data-large_image_width=\"640\" data-large_image_height=\"640\"><img loading=\"lazy\" decoding=\"async\" class=\"wp-image-163678 alignleft\" src=\"https:\/\/www.radiopiu.net\/wordpress\/wp-content\/uploads\/2020\/10\/pp-300x300.jpg\" alt=\"\" width=\"106\" height=\"106\" srcset=\"https:\/\/www.radiopiu.net\/wordpress\/wp-content\/uploads\/2020\/10\/pp-300x300.jpg 300w, https:\/\/www.radiopiu.net\/wordpress\/wp-content\/uploads\/2020\/10\/pp-150x150.jpg 150w, https:\/\/www.radiopiu.net\/wordpress\/wp-content\/uploads\/2020\/10\/pp-125x125.jpg 125w, https:\/\/www.radiopiu.net\/wordpress\/wp-content\/uploads\/2020\/10\/pp-200x200.jpg 200w, https:\/\/www.radiopiu.net\/wordpress\/wp-content\/uploads\/2020\/10\/pp-80x80.jpg 80w, https:\/\/www.radiopiu.net\/wordpress\/wp-content\/uploads\/2020\/10\/pp-480x480.jpg 480w, https:\/\/www.radiopiu.net\/wordpress\/wp-content\/uploads\/2020\/10\/pp.jpg 640w\" sizes=\"auto, (max-width: 106px) 100vw, 106px\" \/><\/a><\/span><\/h2>\n<h2><span style=\"color: #000080;\">DON CESARE, IL PENSIERO DEL GIORNO. ALLA RADIO ALLE 7 DEL MATTINO E ALLE 19.30 DELLA SERA.\u00a0\u00a0<\/span><\/h2>\n<\/div>\n<\/div>\n<\/div>\n<\/div>\n<p>&nbsp;<\/p>\n<p>&nbsp;<\/p>\n<audio class=\"wp-audio-shortcode\" id=\"audio-201353-6\" preload=\"none\" style=\"width: 100%;\" controls=\"controls\"><source type=\"audio\/mpeg\" src=\"https:\/\/www.radiopiu.net\/wordpress\/wp-content\/uploads\/2021\/04\/CESARE-3.mp3?_=6\" \/><a href=\"https:\/\/www.radiopiu.net\/wordpress\/wp-content\/uploads\/2021\/04\/CESARE-3.mp3\">https:\/\/www.radiopiu.net\/wordpress\/wp-content\/uploads\/2021\/04\/CESARE-3.mp3<\/a><\/audio>\n<div class=\"j83agx80 btwxx1t3 lhclo0ds hop8lmos nkwizq5d scwd0bx6 roh60bw9\">\n<div class=\"rq0escxv hkbzh7o3 jwdofwj8 n8tt0mok r8blr3vg hyh9befq\">\n<div class=\"do00u71z l9j0dhe7 k4urcfbm\">\n<p>&nbsp;<\/p>\n<\/div>\n<\/div>\n<\/div>\n<\/div>\n<hr \/>\n<p>&nbsp;<\/p>\n<blockquote>\n<h2><a href=\"https:\/\/www.radiopiu.net\/wordpress\/speciale-solidarieta-veneto\/solidarieta-veneto-3\/\" rel=\"attachment wp-att-134366\"><img loading=\"lazy\" decoding=\"async\" class=\"wp-image-134366 alignleft\" src=\"https:\/\/www.radiopiu.net\/wordpress\/wp-content\/uploads\/2020\/05\/solidariet\u00e0-veneto-300x210.jpg\" alt=\"\" width=\"102\" height=\"71\" srcset=\"https:\/\/www.radiopiu.net\/wordpress\/wp-content\/uploads\/2020\/05\/solidariet\u00e0-veneto-300x210.jpg 300w, https:\/\/www.radiopiu.net\/wordpress\/wp-content\/uploads\/2020\/05\/solidariet\u00e0-veneto-1024x717.jpg 1024w, https:\/\/www.radiopiu.net\/wordpress\/wp-content\/uploads\/2020\/05\/solidariet\u00e0-veneto-768x538.jpg 768w, https:\/\/www.radiopiu.net\/wordpress\/wp-content\/uploads\/2020\/05\/solidariet\u00e0-veneto.jpg 1373w\" sizes=\"auto, (max-width: 102px) 100vw, 102px\" \/><\/a>SOLIDARIETA&#8217; VENETO FONDO PENSIONE, IN ONDA IL PRIMO VENERDI DEL MESE ALLE 10.30 E ALLE 19.00 QUINTA STAGIONE<\/h2>\n<\/blockquote>\n<p><strong>AUDIO APRILE 2021<\/strong><\/p>\n<audio class=\"wp-audio-shortcode\" id=\"audio-201353-7\" preload=\"none\" style=\"width: 100%;\" controls=\"controls\"><source type=\"audio\/mpeg\" src=\"https:\/\/www.radiopiu.net\/wordpress\/wp-content\/uploads\/2021\/04\/solidarieta-veneto-aprile-2021.mp3?_=7\" \/><a href=\"https:\/\/www.radiopiu.net\/wordpress\/wp-content\/uploads\/2021\/04\/solidarieta-veneto-aprile-2021.mp3\">https:\/\/www.radiopiu.net\/wordpress\/wp-content\/uploads\/2021\/04\/solidarieta-veneto-aprile-2021.mp3<\/a><\/audio>\n<p>&nbsp;<\/p>\n<blockquote>\n<h2>RACCOLTA COMPLETA<\/h2>\n<\/blockquote>\n<blockquote class=\"wp-embedded-content\" data-secret=\"lqnDOAhiDe\"><p><a href=\"https:\/\/www.radiopiu.net\/wordpress\/solidarieta-veneto\/\">Solidariet\u00e0 Veneto<\/a><\/p><\/blockquote>\n<p><iframe loading=\"lazy\" class=\"wp-embedded-content\" sandbox=\"allow-scripts\" security=\"restricted\" style=\"position: absolute; clip: rect(1px, 1px, 1px, 1px);\" title=\"&#8220;Solidariet\u00e0 Veneto&#8221; &#8212; Radio Pi\u00f9\" src=\"https:\/\/www.radiopiu.net\/wordpress\/solidarieta-veneto\/embed\/#?secret=lqnDOAhiDe\" data-secret=\"lqnDOAhiDe\" width=\"600\" height=\"338\" frameborder=\"0\" marginwidth=\"0\" marginheight=\"0\" scrolling=\"no\"><\/iframe><\/p>\n<p>&nbsp;<\/p>\n<hr \/>\n<p>&nbsp;<\/p>\n<p>&nbsp;<\/p>\n<h1 style=\"text-align: center;\"><span style=\"color: #0000ff;\"><strong><a style=\"color: #0000ff;\" href=\"https:\/\/hermescomms.pontiradiopr.it\/radio-piu-intervista-francesco-zillio-di-epcenter-nostro-nuovo-partner\/\">NOVITA&#8217; EPCENTER CLICCA QUI<\/a><\/strong><\/span><\/h1>\n<p><iframe loading=\"lazy\" title=\"EPCENTER TECNOLOGIA RSA 1 -\" width=\"1200\" height=\"675\" src=\"https:\/\/www.youtube.com\/embed\/AhMHeehDf3k?feature=oembed\" frameborder=\"0\" allow=\"accelerometer; autoplay; clipboard-write; encrypted-media; gyroscope; picture-in-picture\" allowfullscreen><\/iframe><\/p>\n<h3><strong>LA RACCOLTA COMPLETA\u00a0<\/strong><\/h3>\n<blockquote class=\"wp-embedded-content\" data-secret=\"IxoTGEouqD\"><p><a href=\"https:\/\/www.radiopiu.net\/wordpress\/ep-center-video-gallery\/\">EP CENTER video gallery<\/a><\/p><\/blockquote>\n<p><iframe loading=\"lazy\" class=\"wp-embedded-content\" sandbox=\"allow-scripts\" security=\"restricted\" style=\"position: absolute; clip: rect(1px, 1px, 1px, 1px);\" title=\"&#8220;EP CENTER video gallery&#8221; &#8212; Radio Pi\u00f9\" src=\"https:\/\/www.radiopiu.net\/wordpress\/ep-center-video-gallery\/embed\/#?secret=IxoTGEouqD\" data-secret=\"IxoTGEouqD\" width=\"600\" height=\"338\" frameborder=\"0\" marginwidth=\"0\" marginheight=\"0\" scrolling=\"no\"><\/iframe><\/p>\n<div>\u200b<\/div>\n<p>\u200b<\/p>\n<hr \/>\n<p>&nbsp;<\/p>\n<h2><span style=\"color: #ff0000;\">dalla nuova generazione&#8230; cultura e tradizione<\/span><\/h2>\n<blockquote>\n<h3><em>PIAZA LADINA ALLA RADIO<\/em><\/h3>\n<\/blockquote>\n<p><strong>LA\u00a0 QUINTA PUNTATA\u00a0 \u00a0&#8220;Lege 482 e ladin a scola&#8221;<\/strong><\/p>\n<audio class=\"wp-audio-shortcode\" id=\"audio-201353-8\" preload=\"none\" style=\"width: 100%;\" controls=\"controls\"><source type=\"audio\/mpeg\" src=\"https:\/\/www.radiopiu.net\/wordpress\/wp-content\/uploads\/2021\/03\/Pontada-4-L-Ladin-Agordin.mp3?_=8\" \/><a href=\"https:\/\/www.radiopiu.net\/wordpress\/wp-content\/uploads\/2021\/03\/Pontada-4-L-Ladin-Agordin.mp3\">https:\/\/www.radiopiu.net\/wordpress\/wp-content\/uploads\/2021\/03\/Pontada-4-L-Ladin-Agordin.mp3<\/a><\/audio>\n<blockquote>\n<h2>LA RACCOLTA COMPLETA<\/h2>\n<\/blockquote>\n<blockquote class=\"wp-embedded-content\" data-secret=\"oxjlrUaSGP\"><p><a href=\"https:\/\/www.radiopiu.net\/wordpress\/agora-agordina-la-nosta-piaza\/\">AGORA&#8217; AGORDINA&#8230; LA NOSTA PIAZA LADINA.  pagina in aggiornamento continuo<\/a><\/p><\/blockquote>\n<p><iframe loading=\"lazy\" class=\"wp-embedded-content\" sandbox=\"allow-scripts\" security=\"restricted\" style=\"position: absolute; clip: rect(1px, 1px, 1px, 1px);\" title=\"&#8220;AGORA&#8217; AGORDINA&#8230; LA NOSTA PIAZA LADINA.  pagina in aggiornamento continuo&#8221; &#8212; Radio Pi\u00f9\" src=\"https:\/\/www.radiopiu.net\/wordpress\/agora-agordina-la-nosta-piaza\/embed\/#?secret=oxjlrUaSGP\" data-secret=\"oxjlrUaSGP\" width=\"600\" height=\"338\" frameborder=\"0\" marginwidth=\"0\" marginheight=\"0\" scrolling=\"no\"><\/iframe><\/p>\n<p>&nbsp;<\/p>\n<p>&nbsp;<\/p>\n<hr \/>\n<p>&nbsp;<\/p>\n<p>&nbsp;<\/p>\n<blockquote>\n<h2>FANTASTICHE DOLOMITI, NUOVA STAGIONE. APPUNTAMENTO QUINDICINALE IL GIOVEDI ALLE 10.30 E 19.00<\/h2>\n<\/blockquote>\n<h2><span style=\"color: #ff0000;\">PUNTATA NUMERO 12\u00a0 del\u00a0 31marzo2021<\/span><\/h2>\n<p><strong><a href=\"https:\/\/www.radiopiu.net\/wordpress\/raccolta-completa\/121869645_648442942701436_4748562330148520081_n-2\/\" rel=\"attachment wp-att-196402\"><img loading=\"lazy\" decoding=\"async\" class=\"wp-image-196402 alignleft\" src=\"https:\/\/www.radiopiu.net\/wordpress\/wp-content\/uploads\/2021\/02\/121869645_648442942701436_4748562330148520081_n-1-300x169.jpg\" alt=\"\" width=\"160\" height=\"90\" srcset=\"https:\/\/www.radiopiu.net\/wordpress\/wp-content\/uploads\/2021\/02\/121869645_648442942701436_4748562330148520081_n-1-300x169.jpg 300w, https:\/\/www.radiopiu.net\/wordpress\/wp-content\/uploads\/2021\/02\/121869645_648442942701436_4748562330148520081_n-1-1024x576.jpg 1024w, https:\/\/www.radiopiu.net\/wordpress\/wp-content\/uploads\/2021\/02\/121869645_648442942701436_4748562330148520081_n-1-768x432.jpg 768w, https:\/\/www.radiopiu.net\/wordpress\/wp-content\/uploads\/2021\/02\/121869645_648442942701436_4748562330148520081_n-1-1536x864.jpg 1536w, https:\/\/www.radiopiu.net\/wordpress\/wp-content\/uploads\/2021\/02\/121869645_648442942701436_4748562330148520081_n-1.jpg 1707w\" sizes=\"auto, (max-width: 160px) 100vw, 160px\" \/><\/a>OSPITE IL PRESIDENTE CLAUDIO CANOVA, due giovani veterinari Michele e Maria investono nell&#8217;attivit\u00e0 sostenibile, l&#8217;allevamento delle trote a Piz di Sospirolo<\/strong><\/p>\n<p>&nbsp;<\/p>\n<audio class=\"wp-audio-shortcode\" id=\"audio-201353-9\" preload=\"none\" style=\"width: 100%;\" controls=\"controls\"><source type=\"audio\/mpeg\" src=\"https:\/\/www.radiopiu.net\/wordpress\/wp-content\/uploads\/2021\/03\/fantastiche-dolomiti-31-marzo-2021.mp3?_=9\" \/><a href=\"https:\/\/www.radiopiu.net\/wordpress\/wp-content\/uploads\/2021\/03\/fantastiche-dolomiti-31-marzo-2021.mp3\">https:\/\/www.radiopiu.net\/wordpress\/wp-content\/uploads\/2021\/03\/fantastiche-dolomiti-31-marzo-2021.mp3<\/a><\/audio>\n<h3>LA RACCOLTA COMPLETA<\/h3>\n<p>https:\/\/www.radiopiu.net\/wordpress\/raccolta-completa\/<\/p>\n<p>&nbsp;<\/p>\n<p>&nbsp;<\/p>\n<hr \/>\n<p>&nbsp;<\/p>\n<div>\n<h2><span style=\"color: #ff0000;\">ALLA RADIO<\/span><\/h2>\n<\/div>\n<div>\n<h2><strong>LE\u00a0 PUNTATE di Luisa Alchini di Leggermente Bellunesi, la domenica alle 11, <span style=\"color: #0000ff;\">IL MARTEDI IN PRIMA EDIZIONE\u00a0<\/span> alle 10.30 e alle 19.00<\/strong><\/h2>\n<\/div>\n<p><strong><a href=\"https:\/\/www.radiopiu.net\/wordpress\/leggermente-bellunesi-30-marzo-2021\/166179082_1617824001738994_6431694881687170799_n\/\" rel=\"attachment wp-att-200190\"><img loading=\"lazy\" decoding=\"async\" class=\" wp-image-200190 alignleft\" src=\"https:\/\/www.radiopiu.net\/wordpress\/wp-content\/uploads\/2021\/03\/166179082_1617824001738994_6431694881687170799_n-180x300.jpg\" alt=\"\" width=\"78\" height=\"130\" srcset=\"https:\/\/www.radiopiu.net\/wordpress\/wp-content\/uploads\/2021\/03\/166179082_1617824001738994_6431694881687170799_n-180x300.jpg 180w, https:\/\/www.radiopiu.net\/wordpress\/wp-content\/uploads\/2021\/03\/166179082_1617824001738994_6431694881687170799_n-615x1024.jpg 615w, https:\/\/www.radiopiu.net\/wordpress\/wp-content\/uploads\/2021\/03\/166179082_1617824001738994_6431694881687170799_n.jpg 734w\" sizes=\"auto, (max-width: 78px) 100vw, 78px\" \/><\/a><\/strong><\/p>\n<p>&nbsp;<\/p>\n<p>&nbsp;<\/p>\n<p><strong>PUNTATA DEL 30 MARZO 2021<\/strong><\/p>\n<audio class=\"wp-audio-shortcode\" id=\"audio-201353-10\" preload=\"none\" style=\"width: 100%;\" controls=\"controls\"><source type=\"audio\/mpeg\" src=\"https:\/\/www.radiopiu.net\/wordpress\/wp-content\/uploads\/2021\/03\/24leggermentegemodacol2021.mp3?_=10\" \/><a href=\"https:\/\/www.radiopiu.net\/wordpress\/wp-content\/uploads\/2021\/03\/24leggermentegemodacol2021.mp3\">https:\/\/www.radiopiu.net\/wordpress\/wp-content\/uploads\/2021\/03\/24leggermentegemodacol2021.mp3<\/a><\/audio>\n<p>&nbsp;<\/p>\n<p><strong><span style=\"color: #000000;\">RACCOLTA COMPLETA<\/span><\/strong><\/p>\n<div>\n<blockquote class=\"wp-embedded-content\" data-secret=\"vPhQaWPME2\"><p><a href=\"https:\/\/www.radiopiu.net\/wordpress\/leggermente-20\/\">LEGGERmente&#8230;Bellunesi<\/a><\/p><\/blockquote>\n<p><iframe loading=\"lazy\" class=\"wp-embedded-content\" sandbox=\"allow-scripts\" security=\"restricted\" style=\"position: absolute; clip: rect(1px, 1px, 1px, 1px);\" title=\"&#8220;LEGGERmente&#8230;Bellunesi&#8221; &#8212; Radio Pi\u00f9\" src=\"https:\/\/www.radiopiu.net\/wordpress\/leggermente-20\/embed\/#?secret=vPhQaWPME2\" data-secret=\"vPhQaWPME2\" width=\"600\" height=\"338\" frameborder=\"0\" marginwidth=\"0\" marginheight=\"0\" scrolling=\"no\"><\/iframe><\/p>\n<\/div>\n<hr \/>\n<p>&nbsp;<\/p>\n<h2><span style=\"color: #ff0000;\">ALLA RADIO<\/span><\/h2>\n<h2><span style=\"color: #008000;\">ERBE E PIANTE CURATIVE&#8230;IL\u00a0 PROGRAMMA DI PAOLA LANCIATO<\/span><\/h2>\n<p><strong><a href=\"https:\/\/www.radiopiu.net\/wordpress\/erbe-e-piante-curative-il-mandorlo\/almond-tree-3308361_1280\/\" rel=\"attachment wp-att-200195\"><img loading=\"lazy\" decoding=\"async\" class=\" wp-image-200195 alignleft\" src=\"https:\/\/www.radiopiu.net\/wordpress\/wp-content\/uploads\/2021\/03\/almond-tree-3308361_1280-300x200.jpg\" alt=\"\" width=\"176\" height=\"117\" srcset=\"https:\/\/www.radiopiu.net\/wordpress\/wp-content\/uploads\/2021\/03\/almond-tree-3308361_1280-300x200.jpg 300w, https:\/\/www.radiopiu.net\/wordpress\/wp-content\/uploads\/2021\/03\/almond-tree-3308361_1280-1024x682.jpg 1024w, https:\/\/www.radiopiu.net\/wordpress\/wp-content\/uploads\/2021\/03\/almond-tree-3308361_1280-768x512.jpg 768w, https:\/\/www.radiopiu.net\/wordpress\/wp-content\/uploads\/2021\/03\/almond-tree-3308361_1280.jpg 1280w\" sizes=\"auto, (max-width: 176px) 100vw, 176px\" \/><\/a>NONA PUNTATA &#8211; IL MANDORLO<\/strong><\/p>\n<audio class=\"wp-audio-shortcode\" id=\"audio-201353-11\" preload=\"none\" style=\"width: 100%;\" controls=\"controls\"><source type=\"audio\/mpeg\" src=\"https:\/\/www.radiopiu.net\/wordpress\/wp-content\/uploads\/2021\/03\/8apasquaIl-mandorlo-M.mp3?_=11\" \/><a href=\"https:\/\/www.radiopiu.net\/wordpress\/wp-content\/uploads\/2021\/03\/8apasquaIl-mandorlo-M.mp3\">https:\/\/www.radiopiu.net\/wordpress\/wp-content\/uploads\/2021\/03\/8apasquaIl-mandorlo-M.mp3<\/a><\/audio>\n<p><strong>LA RACCOLTA COMPLETA<\/strong><\/p>\n<blockquote class=\"wp-embedded-content\" data-secret=\"hquAcymEEV\"><p><a href=\"https:\/\/www.radiopiu.net\/wordpress\/erbe-e-piante-curative\/\">ERBE E PIANTE CURATIVE<\/a><\/p><\/blockquote>\n<p><iframe loading=\"lazy\" class=\"wp-embedded-content\" sandbox=\"allow-scripts\" security=\"restricted\" style=\"position: absolute; clip: rect(1px, 1px, 1px, 1px);\" title=\"&#8220;ERBE E PIANTE CURATIVE&#8221; &#8212; Radio Pi\u00f9\" src=\"https:\/\/www.radiopiu.net\/wordpress\/erbe-e-piante-curative\/embed\/#?secret=hquAcymEEV\" data-secret=\"hquAcymEEV\" width=\"600\" height=\"338\" frameborder=\"0\" marginwidth=\"0\" marginheight=\"0\" scrolling=\"no\"><\/iframe><\/p>\n<p>&nbsp;<\/p>\n<p>&nbsp;<\/p>\n<div class=\"im_message_wrap clearfix\">\n<div class=\"im_content_message_wrap im_message_out\">\n<p>&nbsp;<\/p>\n<\/div>\n<\/div>\n<hr \/>\n<div dir=\"auto\"><\/div>\n<h2><\/h2>\n<h2><span style=\"color: #ff0000;\">ALLA RADIO<\/span><\/h2>\n<blockquote><p><strong>CONOSCIAMO I CORI DELLA PROVINCIA,\u00a0 CORO VAL BIOIS DIRETTO DA ATTILIO COSTA<\/strong><\/p><\/blockquote>\n<blockquote><div style=\"width: 640px;\" class=\"wp-video\"><video class=\"wp-video-shortcode\" id=\"video-201353-2\" width=\"640\" height=\"360\" preload=\"metadata\" controls=\"controls\"><source type=\"video\/mp4\" src=\"https:\/\/www.radiopiu.net\/wordpress\/wp-content\/uploads\/2021\/03\/CORO-VAL-BIOIS.mp4?_=2\" \/><a href=\"https:\/\/www.radiopiu.net\/wordpress\/wp-content\/uploads\/2021\/03\/CORO-VAL-BIOIS.mp4\">https:\/\/www.radiopiu.net\/wordpress\/wp-content\/uploads\/2021\/03\/CORO-VAL-BIOIS.mp4<\/a><\/video><\/div><\/blockquote>\n<h1>LA RACCOLTA COMPLETA<\/h1>\n<blockquote class=\"wp-embedded-content\" data-secret=\"wTCouYjJTK\"><p><a href=\"https:\/\/www.radiopiu.net\/wordpress\/valbiois\/\">CONOSCIAMO I CORI DEL BELLUNESE  DECIMA PUNTATA, IL CORO VAL BIOIS DI ATTILIO COSTA<\/a><\/p><\/blockquote>\n<p><iframe loading=\"lazy\" class=\"wp-embedded-content\" sandbox=\"allow-scripts\" security=\"restricted\" style=\"position: absolute; clip: rect(1px, 1px, 1px, 1px);\" title=\"&#8220;CONOSCIAMO I CORI DEL BELLUNESE  DECIMA PUNTATA, IL CORO VAL BIOIS DI ATTILIO COSTA&#8221; &#8212; Radio Pi\u00f9\" src=\"https:\/\/www.radiopiu.net\/wordpress\/valbiois\/embed\/#?secret=wTCouYjJTK\" data-secret=\"wTCouYjJTK\" width=\"600\" height=\"338\" frameborder=\"0\" marginwidth=\"0\" marginheight=\"0\" scrolling=\"no\"><\/iframe><\/p>\n<p>&nbsp;<\/p>\n<p>&nbsp;<\/p>\n<hr \/>\n<h2><span style=\"color: #808000;\">\u00a0<\/span><\/h2>\n<h2><span style=\"color: #808000;\">DUE MINUTI UN LIBRO\u00a0 TUTTI I GIORNI ALLA RADIO ALLE 9.30 E ALLE 18. QUINTA STAGIONE\u00a0<\/span><\/h2>\n<blockquote class=\"wp-embedded-content\" data-secret=\"EJP5tj0Wgo\"><p><a href=\"https:\/\/www.radiopiu.net\/wordpress\/ultima-notte-a-manhattan\/\">ULTIMA NOTTE A MANHATTAN<\/a><\/p><\/blockquote>\n<p><iframe loading=\"lazy\" class=\"wp-embedded-content\" sandbox=\"allow-scripts\" security=\"restricted\" style=\"position: absolute; clip: rect(1px, 1px, 1px, 1px);\" title=\"&#8220;ULTIMA NOTTE A MANHATTAN&#8221; &#8212; Radio Pi\u00f9\" src=\"https:\/\/www.radiopiu.net\/wordpress\/ultima-notte-a-manhattan\/embed\/#?secret=EJP5tj0Wgo\" data-secret=\"EJP5tj0Wgo\" width=\"600\" height=\"338\" frameborder=\"0\" marginwidth=\"0\" marginheight=\"0\" scrolling=\"no\"><\/iframe><\/p>\n<h3><span style=\"color: #808000;\">\u00a0<\/span>LA RACCOLTA COMPLETA<\/h3>\n<blockquote class=\"wp-embedded-content\" data-secret=\"VwH0gnto3U\"><p><a href=\"https:\/\/www.radiopiu.net\/wordpress\/due-minuti-un-libro\/\">Due minuti un libro<\/a><\/p><\/blockquote>\n<p><iframe loading=\"lazy\" class=\"wp-embedded-content\" sandbox=\"allow-scripts\" security=\"restricted\" style=\"position: absolute; clip: rect(1px, 1px, 1px, 1px);\" title=\"&#8220;Due minuti un libro&#8221; &#8212; Radio Pi\u00f9\" src=\"https:\/\/www.radiopiu.net\/wordpress\/due-minuti-un-libro\/embed\/#?secret=VwH0gnto3U\" data-secret=\"VwH0gnto3U\" width=\"600\" height=\"338\" frameborder=\"0\" marginwidth=\"0\" marginheight=\"0\" scrolling=\"no\"><\/iframe><\/p>\n<p>&nbsp;<\/p>\n<p>&nbsp;<\/p>\n<p>&nbsp;<\/p>\n<hr \/>\n<blockquote>\n<h3><\/h3>\n<h3>IO NE HO VISTE COSE CHE VOI NON POTRESTE IMMAGINARVI<\/h3>\n<\/blockquote>\n<p><a href=\"https:\/\/www.radiopiu.net\/wordpress\/giornale-radiopiu-02-aprile-2021-direttore-mirko-mezzacasa\/e7f836c2-cfc0-4047-8cc5-501abea703c2\/\" rel=\"attachment wp-att-200877\"><img loading=\"lazy\" decoding=\"async\" class=\"wp-image-200877 alignleft\" src=\"https:\/\/www.radiopiu.net\/wordpress\/wp-content\/uploads\/2021\/04\/e7f836c2-cfc0-4047-8cc5-501abea703c2-274x300.jpg\" alt=\"\" width=\"86\" height=\"94\" srcset=\"https:\/\/www.radiopiu.net\/wordpress\/wp-content\/uploads\/2021\/04\/e7f836c2-cfc0-4047-8cc5-501abea703c2-274x300.jpg 274w, https:\/\/www.radiopiu.net\/wordpress\/wp-content\/uploads\/2021\/04\/e7f836c2-cfc0-4047-8cc5-501abea703c2.jpg 734w\" sizes=\"auto, (max-width: 86px) 100vw, 86px\" \/><\/a>Un programma di Claudio Pra, dal lunedi al venerdi \u00a0alle 8.45 ed in replica alle 19.45.<\/p>\n<p>&nbsp;<\/p>\n<p><strong>PUNTATA 10<\/strong><\/p>\n<p>&nbsp;<\/p>\n<audio class=\"wp-audio-shortcode\" id=\"audio-201353-12\" preload=\"none\" style=\"width: 100%;\" controls=\"controls\"><source type=\"audio\/mpeg\" src=\"https:\/\/www.radiopiu.net\/wordpress\/wp-content\/uploads\/2021\/04\/10-puntata.mp3?_=12\" \/><a href=\"https:\/\/www.radiopiu.net\/wordpress\/wp-content\/uploads\/2021\/04\/10-puntata.mp3\">https:\/\/www.radiopiu.net\/wordpress\/wp-content\/uploads\/2021\/04\/10-puntata.mp3<\/a><\/audio>\n<h2><span style=\"color: #000000;\"><strong>LA RACCOLTA COMPLETA<\/strong><\/span><\/h2>\n<p>https:\/\/www.radiopiu.net\/wordpress\/programma2\/<\/p>\n<p>&nbsp;<\/p>\n<p>&nbsp;<\/p>\n<hr \/>\n<p>&nbsp;<\/p>\n<p>&nbsp;<\/p>\n<h1><span style=\"color: #ff0000;\"><strong>IN VIVO VERSO 2020-21<\/strong><\/span><\/h1>\n<blockquote><p><span style=\"color: #ff0000;\"><strong>IN ONDA DAL LUNEDI AL VENERDI ALLE 7.10, 10.10, 18.50\u00a0 \u00a0<\/strong><\/span><\/p><\/blockquote>\n<blockquote class=\"wp-embedded-content\" data-secret=\"H7PuSE6tFt\"><p><a href=\"https:\/\/www.radiopiu.net\/wordpress\/canon-in-d-major-di-carlo-molinari\/\">CANON IN D MAJOR di CARLO MOLINARI<\/a><\/p><\/blockquote>\n<p><iframe loading=\"lazy\" class=\"wp-embedded-content\" sandbox=\"allow-scripts\" security=\"restricted\" style=\"position: absolute; clip: rect(1px, 1px, 1px, 1px);\" title=\"&#8220;CANON IN D MAJOR di CARLO MOLINARI&#8221; &#8212; Radio Pi\u00f9\" src=\"https:\/\/www.radiopiu.net\/wordpress\/canon-in-d-major-di-carlo-molinari\/embed\/#?secret=H7PuSE6tFt\" data-secret=\"H7PuSE6tFt\" width=\"600\" height=\"338\" frameborder=\"0\" marginwidth=\"0\" marginheight=\"0\" scrolling=\"no\"><\/iframe><\/p>\n<p><strong>LA RACCOLTA COMPLETA<\/strong><\/p>\n<blockquote class=\"wp-embedded-content\" data-secret=\"OEO1ZogBvS\"><p><a href=\"https:\/\/www.radiopiu.net\/wordpress\/in-vivo-verso\/\">In Vivo Verso<\/a><\/p><\/blockquote>\n<p><iframe loading=\"lazy\" class=\"wp-embedded-content\" sandbox=\"allow-scripts\" security=\"restricted\" style=\"position: absolute; clip: rect(1px, 1px, 1px, 1px);\" title=\"&#8220;In Vivo Verso&#8221; &#8212; Radio Pi\u00f9\" src=\"https:\/\/www.radiopiu.net\/wordpress\/in-vivo-verso\/embed\/#?secret=OEO1ZogBvS\" data-secret=\"OEO1ZogBvS\" width=\"600\" height=\"338\" frameborder=\"0\" marginwidth=\"0\" marginheight=\"0\" scrolling=\"no\"><\/iframe><\/p>\n<hr \/>\n<p>&nbsp;<\/p>\n<p>&nbsp;<\/p>\n<h2><span style=\"color: #ff0000;\"><a href=\"https:\/\/www.radiopiu.net\/wordpress\/giornale-radiopiu-05-gennaio-2021-direttore-mirko-mezzacasa\/133200401_100838761953611_1258544160541445132_o-2\/\" rel=\"attachment wp-att-183078\"><img loading=\"lazy\" decoding=\"async\" class=\" wp-image-183078 alignleft\" src=\"https:\/\/www.radiopiu.net\/wordpress\/wp-content\/uploads\/2021\/01\/133200401_100838761953611_1258544160541445132_o-1-300x157.jpg\" alt=\"\" width=\"192\" height=\"101\" srcset=\"https:\/\/www.radiopiu.net\/wordpress\/wp-content\/uploads\/2021\/01\/133200401_100838761953611_1258544160541445132_o-1-300x157.jpg 300w, https:\/\/www.radiopiu.net\/wordpress\/wp-content\/uploads\/2021\/01\/133200401_100838761953611_1258544160541445132_o-1.jpg 526w\" sizes=\"auto, (max-width: 192px) 100vw, 192px\" \/><\/a>GOCCE DI FILOSOFIA, CON CHIARA CAU, CON LISA DE LUCA. <\/span><\/h2>\n<h2><span style=\"color: #ff0000;\">TUTTI I GIORNI DAL LUNEDI AL VENERDI ALLE 6.55 E ALLE 18.55<\/span><\/h2>\n<p><strong>PUNTATA 66<\/strong><\/p>\n<audio class=\"wp-audio-shortcode\" id=\"audio-201353-13\" preload=\"none\" style=\"width: 100%;\" controls=\"controls\"><source type=\"audio\/mpeg\" src=\"https:\/\/www.radiopiu.net\/wordpress\/wp-content\/uploads\/2021\/04\/FI1.mp3?_=13\" \/><a href=\"https:\/\/www.radiopiu.net\/wordpress\/wp-content\/uploads\/2021\/04\/FI1.mp3\">https:\/\/www.radiopiu.net\/wordpress\/wp-content\/uploads\/2021\/04\/FI1.mp3<\/a><\/audio>\n<h3>LA RACCOLTA COMPLETA<\/h3>\n<blockquote class=\"wp-embedded-content\" data-secret=\"QjnNK2sKfM\"><p><a href=\"https:\/\/www.radiopiu.net\/wordpress\/gocce-filosofia\/\">Gocce di filosofia<\/a><\/p><\/blockquote>\n<p><iframe loading=\"lazy\" class=\"wp-embedded-content\" sandbox=\"allow-scripts\" security=\"restricted\" style=\"position: absolute; clip: rect(1px, 1px, 1px, 1px);\" title=\"&#8220;Gocce di filosofia&#8221; &#8212; Radio Pi\u00f9\" src=\"https:\/\/www.radiopiu.net\/wordpress\/gocce-filosofia\/embed\/#?secret=QjnNK2sKfM\" data-secret=\"QjnNK2sKfM\" width=\"600\" height=\"338\" frameborder=\"0\" marginwidth=\"0\" marginheight=\"0\" scrolling=\"no\"><\/iframe><\/p>\n<p>&nbsp;<\/p>\n<hr \/>\n<p>&nbsp;<\/p>\n<p>&nbsp;<\/p>\n<blockquote>\n<h3><a href=\"https:\/\/www.radiopiu.net\/wordpress\/almanacco-ladino-puntata-5-2020\/sn\/\" rel=\"attachment wp-att-180931\"><img loading=\"lazy\" decoding=\"async\" class=\"wp-image-180931 alignleft\" src=\"https:\/\/www.radiopiu.net\/wordpress\/wp-content\/uploads\/2020\/12\/sn-300x194.jpg\" alt=\"\" width=\"181\" height=\"117\" srcset=\"https:\/\/www.radiopiu.net\/wordpress\/wp-content\/uploads\/2020\/12\/sn-300x194.jpg 300w, https:\/\/www.radiopiu.net\/wordpress\/wp-content\/uploads\/2020\/12\/sn.jpg 626w\" sizes=\"auto, (max-width: 181px) 100vw, 181px\" \/><\/a>L&#8217;ALMANACCO LADINO CON L&#8217;ISTITUT CESA DE JAN QUINDICINALE APPUNTAMENTO. LA DOMENICA ALLE 9 IL LUNEDI ALLE 8.35 IL MARTEDI ALLE 12.35 IL MERCOLEDI ALLE 18.35. SECONDA STAGIONE.<\/h3>\n<\/blockquote>\n<p>&nbsp;<\/p>\n<p><strong>RACCOLTA COMPLETA\u00a0<\/strong><\/p>\n<blockquote class=\"wp-embedded-content\" data-secret=\"sjaYGfSIEJ\"><p><a href=\"https:\/\/www.radiopiu.net\/wordpress\/almanacco-ladino\/\">Almanacco Ladino<\/a><\/p><\/blockquote>\n<p><iframe loading=\"lazy\" class=\"wp-embedded-content\" sandbox=\"allow-scripts\" security=\"restricted\" style=\"position: absolute; clip: rect(1px, 1px, 1px, 1px);\" title=\"&#8220;Almanacco Ladino&#8221; &#8212; Radio Pi\u00f9\" src=\"https:\/\/www.radiopiu.net\/wordpress\/almanacco-ladino\/embed\/#?secret=sjaYGfSIEJ\" data-secret=\"sjaYGfSIEJ\" width=\"600\" height=\"338\" frameborder=\"0\" marginwidth=\"0\" marginheight=\"0\" scrolling=\"no\"><\/iframe><\/p>\n<h2><\/h2>\n<hr \/>\n<div dir=\"auto\">\n<div>\n<h2><span style=\"color: #800080;\"><strong>LA RASSEGNA STAMPA DA L&#8217;AMICO DEL POPOLO\u00a0<\/strong><\/span><\/h2>\n<h3 class=\"kvgmc6g5 cxmmr5t8 oygrvhab hcukyx3x c1et5uql\"><span style=\"color: #0000ff;\"> INFORMAZIONE il canale su TELEGRAM informazione di prima mano e in tempo reale. iscriviti ed aiutaci a farlo conoscere\u00a0<\/span><\/h3>\n<p><a href=\"https:\/\/www.radiopiu.net\/wordpress\/la-rassegna-stampa-da-lamico-del-popolo-03-aprile-2021\/giorgio-fornasier\/\" rel=\"attachment wp-att-201145\"><img loading=\"lazy\" decoding=\"async\" class=\"size-medium wp-image-201145 alignleft\" src=\"https:\/\/www.radiopiu.net\/wordpress\/wp-content\/uploads\/2021\/04\/GIORGIO-FORNASIER-300x300.png\" alt=\"\" width=\"300\" height=\"300\" srcset=\"https:\/\/www.radiopiu.net\/wordpress\/wp-content\/uploads\/2021\/04\/GIORGIO-FORNASIER-300x300.png 300w, https:\/\/www.radiopiu.net\/wordpress\/wp-content\/uploads\/2021\/04\/GIORGIO-FORNASIER-150x150.png 150w, https:\/\/www.radiopiu.net\/wordpress\/wp-content\/uploads\/2021\/04\/GIORGIO-FORNASIER-768x768.png 768w, https:\/\/www.radiopiu.net\/wordpress\/wp-content\/uploads\/2021\/04\/GIORGIO-FORNASIER.png 800w\" sizes=\"auto, (max-width: 300px) 100vw, 300px\" \/><\/a><strong>di Gianni Santomaso<\/strong><\/p>\n<p>OSPITE: Giorgio Fornasier<\/p>\n<audio class=\"wp-audio-shortcode\" id=\"audio-201353-14\" preload=\"none\" style=\"width: 100%;\" controls=\"controls\"><source type=\"audio\/mpeg\" src=\"https:\/\/www.radiopiu.net\/wordpress\/wp-content\/uploads\/2021\/04\/RASSEGNA-GIANNI.mp3?_=14\" \/><a href=\"https:\/\/www.radiopiu.net\/wordpress\/wp-content\/uploads\/2021\/04\/RASSEGNA-GIANNI.mp3\">https:\/\/www.radiopiu.net\/wordpress\/wp-content\/uploads\/2021\/04\/RASSEGNA-GIANNI.mp3<\/a><\/audio>\n<p>&nbsp;<\/p>\n<p><strong>LA RACCOLTA COMPLETA<\/strong><\/p>\n<blockquote class=\"wp-embedded-content\" data-secret=\"Zq06sKl4i5\"><p><a href=\"https:\/\/www.radiopiu.net\/wordpress\/rassegna-stampa-di-gianni-santomaso\/\">Rassegna stampa da l&#8217;amico del popolo &#8211; di Gianni Santomaso<\/a><\/p><\/blockquote>\n<p><iframe loading=\"lazy\" class=\"wp-embedded-content\" sandbox=\"allow-scripts\" security=\"restricted\" style=\"position: absolute; clip: rect(1px, 1px, 1px, 1px);\" title=\"&#8220;Rassegna stampa da l&#8217;amico del popolo &#8211; di Gianni Santomaso&#8221; &#8212; Radio Pi\u00f9\" src=\"https:\/\/www.radiopiu.net\/wordpress\/rassegna-stampa-di-gianni-santomaso\/embed\/#?secret=Zq06sKl4i5\" data-secret=\"Zq06sKl4i5\" width=\"600\" height=\"338\" frameborder=\"0\" marginwidth=\"0\" marginheight=\"0\" scrolling=\"no\"><\/iframe><\/p>\n<p>&nbsp;<\/p>\n<\/div>\n<\/div>\n<div dir=\"auto\">\n<hr \/>\n<p>&nbsp;<\/p>\n<blockquote>\n<h3>SALUTE E SOCIETA&#8217; IL LUNEDI ALLE 13.10 E ALLE 20.10, LA DOMENICA ALLE 10.30 A CURA DEL DOTTOR MARCO CARACCIOLO. QUINTA STAGIONE<\/h3>\n<\/blockquote>\n<p><strong><a href=\"https:\/\/www.radiopiu.net\/wordpress\/giornale-radiopiu-06-aprile-2021-direttore-mirko-mezzacasa\/97fbdb37-325b-4b99-bea8-766aab667fc3\/\" rel=\"attachment wp-att-201410\"><img loading=\"lazy\" decoding=\"async\" class=\"size-medium wp-image-201410 alignleft\" src=\"https:\/\/www.radiopiu.net\/wordpress\/wp-content\/uploads\/2021\/04\/97fbdb37-325b-4b99-bea8-766aab667fc3-300x169.jpg\" alt=\"\" width=\"300\" height=\"169\" srcset=\"https:\/\/www.radiopiu.net\/wordpress\/wp-content\/uploads\/2021\/04\/97fbdb37-325b-4b99-bea8-766aab667fc3-300x169.jpg 300w, https:\/\/www.radiopiu.net\/wordpress\/wp-content\/uploads\/2021\/04\/97fbdb37-325b-4b99-bea8-766aab667fc3-1024x576.jpg 1024w, https:\/\/www.radiopiu.net\/wordpress\/wp-content\/uploads\/2021\/04\/97fbdb37-325b-4b99-bea8-766aab667fc3-768x432.jpg 768w, https:\/\/www.radiopiu.net\/wordpress\/wp-content\/uploads\/2021\/04\/97fbdb37-325b-4b99-bea8-766aab667fc3.jpg 1280w\" sizes=\"auto, (max-width: 300px) 100vw, 300px\" \/><\/a>LA PUNTATA DELLA SETTIMANA<\/strong><\/p>\n<p>L\u2019asma \u00e8 una malattia caratterizzata da infiammazione cronica delle vie aeree e definita da una storia di sintomi respiratori quali sibili, mancanza di respiro, costrizione toracica e tosse che variano nel tempo e di intensit\u00e0, insieme ad una variabile limitazione del flusso espiratorio. Per i piccoli pazienti asmatici il trattamento farmacologico ha obiettivi ambiziosi: ridurre il numero di riacutizzazioni e i sintomi nel corso della giornata o della notte, tanto da permettere di svolgere le normali attivit\u00e0 quotidiane e l\u2019attivit\u00e0 sportiva. Gian Luigi Marseglia, presidente Siaip (Societ\u00e0 italiana di Allergologia e immunologia pediatrica Giorgio Piacentini, professore ordinario di Pediatria all\u2019uUniversit\u00e0 di Verona Mariangela Tosca, responsabile del Centro di Allergologia dell\u2019Istituto Gaslini di Genova<\/p>\n<audio class=\"wp-audio-shortcode\" id=\"audio-201353-15\" preload=\"none\" style=\"width: 100%;\" controls=\"controls\"><source type=\"audio\/mpeg\" src=\"https:\/\/www.radiopiu.net\/wordpress\/wp-content\/uploads\/2021\/04\/SALUTE.mp3?_=15\" \/><a href=\"https:\/\/www.radiopiu.net\/wordpress\/wp-content\/uploads\/2021\/04\/SALUTE.mp3\">https:\/\/www.radiopiu.net\/wordpress\/wp-content\/uploads\/2021\/04\/SALUTE.mp3<\/a><\/audio>\n<h3><strong>LA RACCOLTA COMPLETA\u00a0<\/strong><\/h3>\n<\/div>\n<blockquote class=\"wp-embedded-content\" data-secret=\"MCOkEdhSJS\"><p><a href=\"https:\/\/www.radiopiu.net\/wordpress\/saluteesocieta\/\">Salute e Societ\u00e0<\/a><\/p><\/blockquote>\n<p><iframe loading=\"lazy\" class=\"wp-embedded-content\" sandbox=\"allow-scripts\" security=\"restricted\" style=\"position: absolute; clip: rect(1px, 1px, 1px, 1px);\" title=\"&#8220;Salute e Societ\u00e0&#8221; &#8212; Radio Pi\u00f9\" src=\"https:\/\/www.radiopiu.net\/wordpress\/saluteesocieta\/embed\/#?secret=MCOkEdhSJS\" data-secret=\"MCOkEdhSJS\" width=\"600\" height=\"338\" frameborder=\"0\" marginwidth=\"0\" marginheight=\"0\" scrolling=\"no\"><\/iframe><\/p>\n<hr \/>\n<p>&nbsp;<\/p>\n<blockquote>\n<h3 class=\"kvgmc6g5 cxmmr5t8 oygrvhab hcukyx3x c1et5uql\"><span style=\"color: #0000ff;\">INFORMAZIONE il canale su TELEGRAM informazione di prima mano e in tempo reale. iscriviti ed aiutaci a farlo conoscere\u00a0<\/span><\/h3>\n<\/blockquote>\n<h2><img loading=\"lazy\" decoding=\"async\" class=\"alignleft\" src=\"https:\/\/www.radiopiu.net\/wordpress\/wp-content\/uploads\/2021\/03\/narr.jpg\" width=\"158\" height=\"105\" \/>007 IN CONDOTTA CON LA PROF. MARIA ROSA SALMAZO IL LUNEDI ALLE 10,30 E ALLE 19.00 LA DOMENICA ALLE 8 DEL MATTINO. NONA STAGIONE<\/h2>\n<p><span style=\"color: #ff0000;\"><strong>PUNTATA DEL 29 MARZO 2021<\/strong><\/span><\/p>\n<audio class=\"wp-audio-shortcode\" id=\"audio-201353-16\" preload=\"none\" style=\"width: 100%;\" controls=\"controls\"><source type=\"audio\/mpeg\" src=\"https:\/\/www.radiopiu.net\/wordpress\/wp-content\/uploads\/2020\/10\/007-28-marzo.mp3?_=16\" \/><a href=\"https:\/\/www.radiopiu.net\/wordpress\/wp-content\/uploads\/2020\/10\/007-28-marzo.mp3\">https:\/\/www.radiopiu.net\/wordpress\/wp-content\/uploads\/2020\/10\/007-28-marzo.mp3<\/a><\/audio>\n<h2>LA RACCOLTA COMPLETA<\/h2>\n<blockquote class=\"wp-embedded-content\" data-secret=\"L4dknm8QQv\"><p><a href=\"https:\/\/www.radiopiu.net\/wordpress\/007incondotta-9\/\">007 in condotta<\/a><\/p><\/blockquote>\n<p><iframe loading=\"lazy\" class=\"wp-embedded-content\" sandbox=\"allow-scripts\" security=\"restricted\" style=\"position: absolute; clip: rect(1px, 1px, 1px, 1px);\" title=\"&#8220;007 in condotta&#8221; &#8212; Radio Pi\u00f9\" src=\"https:\/\/www.radiopiu.net\/wordpress\/007incondotta-9\/embed\/#?secret=L4dknm8QQv\" data-secret=\"L4dknm8QQv\" width=\"600\" height=\"338\" frameborder=\"0\" marginwidth=\"0\" marginheight=\"0\" scrolling=\"no\"><\/iframe><\/p>\n<blockquote><p>&nbsp;<\/p>\n<p>&nbsp;<\/p><\/blockquote>\n<hr \/>\n<p>&nbsp;<\/p>\n<p>&nbsp;<\/p>\n<div>\n<h2><span style=\"color: #33cccc;\">I RACCONTI DI PAOLO SOPPELSA il lunedi alle 9.30 e 18.30<\/span><\/h2>\n<p><strong>STORIE DI VITA ANNI &#8217;80<\/strong><\/p>\n<p><strong>LA VISITA AL&#8217; OSPEDAL DE AGORT<\/strong><\/p>\n<p><em><strong>AUDIO<\/strong><\/em><\/p>\n<audio class=\"wp-audio-shortcode\" id=\"audio-201353-17\" preload=\"none\" style=\"width: 100%;\" controls=\"controls\"><source type=\"audio\/mpeg\" src=\"https:\/\/www.radiopiu.net\/wordpress\/wp-content\/uploads\/2021\/04\/PAOLO-SOPPELSA-VISITA-ALOSPEDAL-DE-AGORT.mp3?_=17\" \/><a href=\"https:\/\/www.radiopiu.net\/wordpress\/wp-content\/uploads\/2021\/04\/PAOLO-SOPPELSA-VISITA-ALOSPEDAL-DE-AGORT.mp3\">https:\/\/www.radiopiu.net\/wordpress\/wp-content\/uploads\/2021\/04\/PAOLO-SOPPELSA-VISITA-ALOSPEDAL-DE-AGORT.mp3<\/a><\/audio>\n<p>&nbsp;<\/p>\n<p><a href=\"https:\/\/www.radiopiu.net\/wordpress\/i-racconti-di-paolo-soppelsa-sessantanovesima-puntata\/1d7bace3-8f42-4a97-90b6-643d3cf212f1\/\" rel=\"attachment wp-att-201276\"><img loading=\"lazy\" decoding=\"async\" class=\"size-medium wp-image-201276 alignleft\" src=\"https:\/\/www.radiopiu.net\/wordpress\/wp-content\/uploads\/2021\/04\/1d7bace3-8f42-4a97-90b6-643d3cf212f1-300x225.jpg\" alt=\"\" width=\"300\" height=\"225\" srcset=\"https:\/\/www.radiopiu.net\/wordpress\/wp-content\/uploads\/2021\/04\/1d7bace3-8f42-4a97-90b6-643d3cf212f1-300x225.jpg 300w, https:\/\/www.radiopiu.net\/wordpress\/wp-content\/uploads\/2021\/04\/1d7bace3-8f42-4a97-90b6-643d3cf212f1-1024x768.jpg 1024w, https:\/\/www.radiopiu.net\/wordpress\/wp-content\/uploads\/2021\/04\/1d7bace3-8f42-4a97-90b6-643d3cf212f1-768x576.jpg 768w, https:\/\/www.radiopiu.net\/wordpress\/wp-content\/uploads\/2021\/04\/1d7bace3-8f42-4a97-90b6-643d3cf212f1.jpg 1080w\" sizes=\"auto, (max-width: 300px) 100vw, 300px\" \/><\/a>Le potevi scorgere immobili accanto al palo della fermata della corriera quelle sagome scure semi-assiderate. Stoiche nel sacrificio che si andava compiendo mentre la notte lentamente lasciava la vallata. La timida penombra di quell&#8217;alba d&#8217;inverno rivelava fiati e capelli che andavano congelando. Bruciavano le falangi arrossate dal gelo e si irrigidivano i palt\u00f2 scuri che tentavano invano di proteggere quei poveri corpi straziati da un freddo che tagliava la pelle e pizzicava i polmoni. E rischiarava il cielo e fumavano i camini mentre il sole era ancora un miraggio nascosto dietro la Grande Montagna carica di silenzi e di neve. Poi, nel turbinare del &#8220;gonf&#8221;, ecco i fiochi fari della corriera che rischiaravano la strada. Una lenta frenata, la porta che si apre e due scalini da salire. Lo sguardo assonnato dell&#8217;autista e poi il sedersi in silenzio sul sedile in simil-pelle viola. Il ripartire lento della corriera, gli scossoni passando sulle &#8220;rodere&#8221; ghiacciate. La notte che andava sfumando lasciando spazio ad un nuovo e freddo giorno. Ed ancora ghiaccio e neve. E pensieri. Poco pi\u00f9 di quarto d&#8217;ora di viaggio e la corriera celeste giungeva al capolinea. Agordo era ancora immersa nella penombra del mattino mentre le due figure attraversavano l&#8217;incrocio della Comunit\u00e0 Montana. Poi era un camminare svelto lungo la salita che conduceva all&#8217;Ospedale Civile. La nonna vestita con il soprabito nero odorante di nafltalina e borsetta, anch&#8217;essa nera, sottobraccio. Il nipote agghindato da quasi festa, con una &#8220;sportola&#8221; per mano. La soglia del nosocomio di vallata era varcata nel momento solenne in cui il sole illuminava la cima dell&#8217;Agner. Visi seri e contriti salivano le scale tentando di sfuggire gli sguardi inquisitori di medici infermieri suore e barrellieri. Era un tin-tin sospetto, proveniente da una delle &#8220;sportole&#8221; che teneva in mano l&#8217;angelico nipote, a destare l&#8217;attenzione del personale ospedaliero. E cos\u00ec il mite ragazzino, vestito con maglione marrone, dolcevita rossa e pantaloni di velluto a coste, doveva ricorrere a tutta la sua presunta innocenza di bimbo per sfuggire al controllo della Superiora. La cigolante porta di alluminio del reparto si apriva con tre quarti d&#8217;ora di anticipo sull&#8217;orario di visita, la caposala sbuffava guardando il soffitto e nonna e nipote proseguivano con finto sguardo triste fino alla stanza del congiunto. Erano ricoveri di poco conto: una bronchite, un piccolo intervento chirurgico, quasi sempre &#8221; &#8216;n giro de esami&#8221;. Spesso, l&#8217;anziano ricoverato veniva svegliato di soprassalto con uno scossone e poi iniziava un dialogo con un parlare sottovoce che l&#8217;avrebbero sentito fino in Piazza Libert\u00e0. &#8220;&#8230;t&#8217;hai port\u00e0 el pigiama net, leva su che te cambie\u2026&#8221;. Cos\u00ec, di malavoglia, il congiunto si alzava, e mentre si cambiava, doveva subire l&#8217;interrogatorio incalzante della consorte. &#8220;&#8230;&#8217;tali fat le lastre\u2026talo dit che el dotor\u2026tali fat le ponture?&#8230;&#8221;. Poi l&#8217;attenzione si spostava brevemente verso il nipote e la &#8220;sportola&#8221; che, compostanente, teneva ancora in mano. Con grande delicatezza, per evitare un altro tin-tin che avrebbe fatto inevitabilmente intervenire una solerte infermiera, veniva estratta la bottiglia di bianco che immediatamente finiva nascosta nel borsone dei vestiti. In quel preciso istante terminava il compito del ragazzino, che da l\u00ec in avanti sarebbe stato solamente muto spettatore per un&#8217;altra mezz&#8217;oretta abbondante. Nel frattempo altri parenti entravano nella stanza per far visita e portare conforto agli altri degenti. Ed era confusione di parlare sottovoce, di &#8220;&#8230;pap\u00e0 fate la barba par piazer\u2026&#8221; Cos\u00ec in tutte le stanze era un ronzare di rasoi elettrici con le lame incandescenti che tagliavano barbe di tre giorni. Mentre le altre mogli interrogavano i mariti, serissime figlie si spostavano ai piedi del letto e, con fasulla competenza, prendevano in mano la cartella clinica. Leggevano e scuotevano il capo dicendo sottovoce, stavolta a basso volume &#8220;&#8230;ma pap\u00e0\u2026vard\u00e0 la presion qua\u2026bisogna descore col dotor\u2026&#8221;. Poi l&#8217;estenuante interrogatorio andava sfumando ed era il momento di prepararsi a lasciare il congiunto al suo destino &#8220;&#8230;prima che pase la visita\u2026&#8221;. Cos\u00ec, fra un &#8220;&#8230;me racomande\u2026&#8221; ed un &#8220;&#8230;se vedon i prosimi d\u00ec\u2026&#8221;, degente nonna e nipote si incamminavano lungo il corridoio del reparto, accompagnati dallo sferragliare dei carrelli delle medicine e dall&#8217;inconfondibile odore di Alfa e Nazionali senza filtro fumate pi\u00f9 o meno di nascosto.<br \/>\nPoi, poco prima che la porta di alluminio si riaprisse, l&#8217;attenzione ritornava brevemente sul nipote che, fino a quel momento, era rimasto in perfetto silenzio. &#8220;&#8230;fa &#8216;l bravo &#8216;co ta nona, e pasa &#8216;ncora a me cat\u00e0\u2026&#8221;. Ora Agordo risplendeva al sole del mattino, con la neve che abbagliava gli occhi di nonna e nipote che nel frattempo riprendevano la via che portava in stazione. La corriera 154 azzurrina era gi\u00e0 in moto, Mario consegnava i biglietti, premeva il tasto di chiusura delle porte e partiva in direzione di Taibon. &#8220;&#8230;nona, cande elo che tornon a cat\u00e0 &#8216;l nono?&#8230;&#8221; &#8220;&#8230;no tornon p\u00ec in Agort, drio doman el ven a c\u00e8sa\u2026&#8221;.<\/p>\n<p><span style=\"color: #0000ff;\">INFORMAZIONE il canale su TELEGRAM informazione di prima mano e in tempo reale. iscriviti ed aiutaci a farlo conoscere\u00a0<\/span><\/p>\n<h2><span style=\"color: #33cccc;\"><strong>RACCOLTA COMPLETA<\/strong><\/span><\/h2>\n<blockquote class=\"wp-embedded-content\" data-secret=\"KqcpfCdYJG\"><p><a href=\"https:\/\/www.radiopiu.net\/wordpress\/i-racconti-di-paolo-soppelsa\/\">I racconti di Paolo Soppelsa<\/a><\/p><\/blockquote>\n<p><iframe loading=\"lazy\" class=\"wp-embedded-content\" sandbox=\"allow-scripts\" security=\"restricted\" style=\"position: absolute; clip: rect(1px, 1px, 1px, 1px);\" title=\"&#8220;I racconti di Paolo Soppelsa&#8221; &#8212; Radio Pi\u00f9\" src=\"https:\/\/www.radiopiu.net\/wordpress\/i-racconti-di-paolo-soppelsa\/embed\/#?secret=KqcpfCdYJG\" data-secret=\"KqcpfCdYJG\" width=\"600\" height=\"338\" frameborder=\"0\" marginwidth=\"0\" marginheight=\"0\" scrolling=\"no\"><\/iframe><\/p>\n<\/div>\n<h2><span style=\"color: #ff0000;\">\u00a0\u00a0<\/span><\/h2>\n<hr \/>\n<div><\/div>\n<p>&nbsp;<\/p>\n<h2><strong><span style=\"color: #ff0000;\">\u00a0ALLA RADIO<\/span><\/strong><\/h2>\n<div data-offset-key=\"5n5nl-0-0\">\n<h3>Per ricevere gli aggiornamenti in tempo reale delle notizie pubblicate alla radio e sul sito di radio pi\u00f9 iscriviti al gruppo RADIO PIU INFORMAZIONE su Telegram.\u00a0\u00a0<a href=\"https:\/\/t.me\/radiopiu\">clicca qui<\/a><\/h3>\n<p>&nbsp;<\/p>\n<p><strong><a class=\"dt-pswp-item\" href=\"https:\/\/www.radiopiu.net\/wordpress\/wp-content\/uploads\/2020\/01\/logo-csa.jpg\" data-dt-img-description=\"\" data-large_image_width=\"1167\" data-large_image_height=\"574\"><img loading=\"lazy\" decoding=\"async\" class=\"wp-image-113364 alignleft\" src=\"https:\/\/www.radiopiu.net\/wordpress\/wp-content\/uploads\/2020\/01\/logo-csa-300x148.jpg\" alt=\"\" width=\"182\" height=\"90\" srcset=\"https:\/\/www.radiopiu.net\/wordpress\/wp-content\/uploads\/2020\/01\/logo-csa-300x148.jpg 300w, https:\/\/www.radiopiu.net\/wordpress\/wp-content\/uploads\/2020\/01\/logo-csa-1024x504.jpg 1024w, https:\/\/www.radiopiu.net\/wordpress\/wp-content\/uploads\/2020\/01\/logo-csa-768x378.jpg 768w, https:\/\/www.radiopiu.net\/wordpress\/wp-content\/uploads\/2020\/01\/logo-csa.jpg 1167w\" sizes=\"auto, (max-width: 182px) 100vw, 182px\" \/><\/a>AGORDO<\/strong> Appuntamento mensile (primo venerdi del mese) con lo speciale condotto da Claudio<\/p>\n<p>Fontanive, in studio Fabrizio Campedel e Paolo Chissal\u00e8.<\/p>\n<\/div>\n<p><strong>PUNTATA DI MARZO<\/strong><\/p>\n<audio class=\"wp-audio-shortcode\" id=\"audio-201353-18\" preload=\"none\" style=\"width: 100%;\" controls=\"controls\"><source type=\"audio\/mpeg\" src=\"https:\/\/www.radiopiu.net\/wordpress\/wp-content\/uploads\/2021\/03\/ca-sol-lux-marzo.mp3?_=18\" \/><a href=\"https:\/\/www.radiopiu.net\/wordpress\/wp-content\/uploads\/2021\/03\/ca-sol-lux-marzo.mp3\">https:\/\/www.radiopiu.net\/wordpress\/wp-content\/uploads\/2021\/03\/ca-sol-lux-marzo.mp3<\/a><\/audio>\n<blockquote>\n<h2>RACCOLTA COMPLETA<\/h2>\n<\/blockquote>\n<blockquote class=\"wp-embedded-content\" data-secret=\"5lXocebpTK\"><p><a href=\"https:\/\/www.radiopiu.net\/wordpress\/cassa-solidarieta-luxottica-puntata-del-16-ottobre-2020\/\">CASSA SOLIDARIET\u00c0 LUXOTTICA &#8211; PUNTATA DEL 20 NOVEMBRE 2020<\/a><\/p><\/blockquote>\n<p><iframe loading=\"lazy\" class=\"wp-embedded-content\" sandbox=\"allow-scripts\" security=\"restricted\" style=\"position: absolute; clip: rect(1px, 1px, 1px, 1px);\" title=\"&#8220;CASSA SOLIDARIET\u00c0 LUXOTTICA &#8211; PUNTATA DEL 20 NOVEMBRE 2020&#8221; &#8212; Radio Pi\u00f9\" src=\"https:\/\/www.radiopiu.net\/wordpress\/cassa-solidarieta-luxottica-puntata-del-16-ottobre-2020\/embed\/#?secret=5lXocebpTK\" data-secret=\"5lXocebpTK\" width=\"600\" height=\"338\" frameborder=\"0\" marginwidth=\"0\" marginheight=\"0\" scrolling=\"no\"><\/iframe><\/p>\n<div><\/div>\n<p>&nbsp;<\/p>\n<p>&nbsp;<\/p>\n<p>&nbsp;<\/p>\n<hr \/>\n<blockquote>\n<h3><a href=\"https:\/\/www.radiopiu.net\/wordpress\/giornale-radiopiu-06-febbraio-2019-direttore-mirko-mezzacasa\/logo_spi-cgil-800x445\/\" rel=\"attachment wp-att-75538\"><img loading=\"lazy\" decoding=\"async\" class=\"wp-image-75538 alignleft\" src=\"https:\/\/www.radiopiu.net\/wordpress\/wp-content\/uploads\/2019\/02\/Logo_Spi-CGIL-800x445-300x167.jpg\" alt=\"\" width=\"210\" height=\"117\" srcset=\"https:\/\/www.radiopiu.net\/wordpress\/wp-content\/uploads\/2019\/02\/Logo_Spi-CGIL-800x445-300x167.jpg 300w, https:\/\/www.radiopiu.net\/wordpress\/wp-content\/uploads\/2019\/02\/Logo_Spi-CGIL-800x445-768x427.jpg 768w, https:\/\/www.radiopiu.net\/wordpress\/wp-content\/uploads\/2019\/02\/Logo_Spi-CGIL-800x445.jpg 800w\" sizes=\"auto, (max-width: 210px) 100vw, 210px\" \/><\/a>ALLA RADIO, APPUNTAMENTO QUINDICINALE CON SPI-CGIL BELLUNO, IN STUDIO MARIA RITA GENTILIN<\/h3>\n<\/blockquote>\n<p><strong>di Claudio Fontanive\u00a0<\/strong><\/p>\n<p><span style=\"color: #ff0000;\"><strong>PUNTATA DEL 18 MARZO 2021<\/strong><\/span><\/p>\n<audio class=\"wp-audio-shortcode\" id=\"audio-201353-19\" preload=\"none\" style=\"width: 100%;\" controls=\"controls\"><source type=\"audio\/mpeg\" src=\"https:\/\/www.radiopiu.net\/wordpress\/wp-content\/uploads\/2021\/03\/spi-cigl-18-marzo.mp3?_=19\" \/><a href=\"https:\/\/www.radiopiu.net\/wordpress\/wp-content\/uploads\/2021\/03\/spi-cigl-18-marzo.mp3\">https:\/\/www.radiopiu.net\/wordpress\/wp-content\/uploads\/2021\/03\/spi-cigl-18-marzo.mp3<\/a><\/audio>\n<p>&nbsp;<\/p>\n<p>&nbsp;<\/p>\n<div dir=\"auto\">\n<div>\n<p>&nbsp;<\/p>\n<\/div>\n<\/div>\n<div dir=\"auto\">\n<hr \/>\n<p>&nbsp;<\/p>\n<div>\n<p class=\"photoswipe-wrapper\"><a class=\"dt-pswp-item pspw-wrap-ready\" href=\"https:\/\/i0.wp.com\/www.radiopiu.net\/wordpress\/wp-content\/uploads\/2018\/09\/viabilita.jpeg?ssl=1\" data-dt-img-description=\"\" data-large_image_width=\"800\" data-large_image_height=\"100\"><img loading=\"lazy\" decoding=\"async\" class=\"aligncenter wp-image-61954 size-full\" src=\"https:\/\/i0.wp.com\/www.radiopiu.net\/wordpress\/wp-content\/uploads\/2018\/09\/viabilita.jpeg?resize=800%2C100&amp;ssl=1\" sizes=\"auto, (max-width: 800px) 100vw, 800px\" srcset=\"https:\/\/i0.wp.com\/www.radiopiu.net\/wordpress\/wp-content\/uploads\/2018\/09\/viabilita.jpeg?w=800&amp;ssl=1 800w, https:\/\/i0.wp.com\/www.radiopiu.net\/wordpress\/wp-content\/uploads\/2018\/09\/viabilita.jpeg?resize=300%2C38&amp;ssl=1 300w, https:\/\/i0.wp.com\/www.radiopiu.net\/wordpress\/wp-content\/uploads\/2018\/09\/viabilita.jpeg?resize=768%2C96&amp;ssl=1 768w\" alt=\"\" width=\"800\" height=\"100\" \/><\/a><\/p>\n<\/div>\n<\/div>\n<p><strong>\u00a0\u00a0<\/strong><\/p>\n<p><strong>SR 203 AGORDINA<\/strong> dal 12 al 16 aprile in localit\u00e0 Peron di Sedico, senso unico alternato regolato da impianto semaforico per posa tubazione idrica<\/p>\n<p><strong>SP 347 DEL PASSO CEREDA E DURAN\u00a0<\/strong>in comune di Voltago, dal 6 al 16 aprile escluso sabato e domenica, senso unico alternato regolato da impianto semaforico per realizzazione tombinature<\/p>\n<p><strong>SP 1 SINISTRA PIAVE<\/strong> nei giorni 12 e 13 aprile senso unico alternato regolato da movieri dalle 7:30 alle 17:30 per lavori taglio alberi<\/p>\n<p><strong>SP 148 CADORNA\u00a0<\/strong>in comune di Fonzaso, interdizione totale al traffico dalle 7 alle 12 e dalle 13 alle 18 nei giorni 8 e 9 aprile. Dal 12 al 30 aprile senso unico alternato regolato da impianto semaforico e possibili interruzioni di massimo 30 minuti, compresi sabato, domenica e festivi per messa in sicurezza della strada<\/p>\n<p><strong>SP 473 DI CROCE D&#8217;AUNE<\/strong> fino al 30 aprile in comune di Pedavena, sabato e domenica esclusi, senso unico alternato regolato da semaforo o movieri dalle 8 alle 18 per taglio piante<\/p>\n<p><strong>SP 12 PEDEMONTANA<\/strong> dal 6 aprile al 7 maggio, sabato e domenica compresi, senso unico alternato regolato da semaforo in localit\u00e0 Salgarda in comune di Feltre per posa condotta smaltimento acque meteoriche<\/p>\n<p><strong>SP 1 BIS MADONNA DEL PAIVE<\/strong> Dal 6 al 13 aprile, esclusi sabato e domenica, dalle 8 alle 18 in localit\u00e0 Marziai di Quero Vas, senso unico alternato regolato da semaforo o movieri per posa cavidotto per conto di E-Distribuzione<\/p>\n<p><strong>SR 203 AGORDINA <\/strong>senso unico alternato regolato da\u00a0 movieri per tratti di 300 metri in localit\u00e0 La Stanga dal 12 al 30 aprile dalle 8 alle 12 e dalle 13 alle 18 per lavori di ripristino del manto d&#8217;usura<\/p>\n<p><strong>SP 10 DI ALANO\u00a0<\/strong> il 7 e 8 aprile senso unico alternato regolato da semaforo in localit\u00e0 Cuniol di Alano di Piave per adeguamento dli scarichi di dilavamento del piazzale ecocentro<\/p>\n<div dir=\"auto\">\n<p><strong>SP 473 CROCE<\/strong> <strong>D&#8217;AUNE<\/strong> Dalle 8 alle 18, dal 23 marzo al 30 aprile compresi sabato domenica e festivi, senso unico alternato regolato da impianto semaforico in comune di Sovramonte per sostituzione barriere di sicurezza<\/p>\n<p><strong>SR 48 DELLE DOLOMITI\u00a0<\/strong>Dal 22 marzo al 30 aprile, dalle 7 alle 18 esclusi sabato domenica e festivi, interruzioni alla viabilit\u00e0 della durata massima di 20 minuti e senso unico alternato regolato da impianto semaforico per messa in sicurezza del versante a monte della strada in comune di Livinallongo<\/p>\n<p><strong>SP 473 CROCE D&#8217;AUNE<\/strong> dal 18 marzo al 15 aprile interdizione totale al traffico in localit\u00e0 Pedavena per ristrutturazione fabbricato. Traffico deviato su Via Trento<\/p>\n<p><strong>SP 473 CROCE D&#8217;AUNE\u00a0<\/strong> dal 18 marzo al 16 aprile, in localit\u00e0 Sarzen, interdizione totale alla viabilit\u00e0 ad eccezione di domeniche e festivi infrasettimanali per lavori di posa canalizzazioni per conto di E-Distribuzione. Transito consentito solo a mezzi pubblici, scolastici e di soccorso<\/p>\n<p><strong>SP 26 DIGOMAN\u00a0<\/strong>dal 22 marzo al 3 aprile interdizione totale al traffico in comune di Rivamonte dalle 8 alle 17, domeniche escluse, per lavori di esbosco schianti Vaia. Negli altri orari senso unico alternato regolato da impianto semaforico.<\/p>\n<p><strong>203 AGORDINA LIVINALLONGO <\/strong>dal 15 marzo per un mese (inclusi festivi e prefestivi) senso unico in localit\u00e0 Ponte Pignazza<\/p>\n<p><strong>SP 251 DELLA VAL DI ZOLDO E CELLINA<\/strong> Istituzione di senso unico alternato regolato da semaforo nel comune di Val di Zoldo per messa in sicurezza della strada<\/p>\n<p><strong>SP 42 CAVALLERA<\/strong> fino a revoca, chiusura della strada nell&#8217;abitato di Perarolo per attivazione emergenza frana &#8220;Busa del Cristo&#8221;<\/p>\n<p><strong>S.P.2 DELLA VALLE DEL MIS\u00a0<\/strong>Interdizione totale al traffico fino a revoca dal km 14,920 (localit\u00e0 Gona Bassa) al km 20,650 (localit\u00e0 Titele) per cedimento della carreggiata<\/p>\n<p><strong>S.P. 5 DI LAMOSANO<\/strong>\u00a0Interdizione totale fino a revoca per presenza di materiale e alberi in strada.<\/p>\n<p><strong>SP 3 DELLA VAL IMPERINA<\/strong> fino a revoca, senso unico alternato regolato a vista in localit\u00e0 Gona di Conedera di Rivamonte per cedimento della carreggiata stradale<\/p>\n<\/div>\n<p><b>\u00a0<\/b><\/p>\n<p>&nbsp;<\/p>\n<div dir=\"auto\">\n<hr \/>\n<p>&nbsp;<\/p>\n<div>\n<p class=\"photoswipe-wrapper\"><a class=\"dt-pswp-item pspw-wrap-ready\" href=\"https:\/\/i0.wp.com\/www.radiopiu.net\/wordpress\/wp-content\/uploads\/2018\/09\/WhatsApp-Image-2018-09-20-at-16.04.06.jpeg?ssl=1\" data-dt-img-description=\"\" data-large_image_width=\"800\" data-large_image_height=\"100\"><img loading=\"lazy\" decoding=\"async\" class=\"aligncenter wp-image-61378 size-full jetpack-lazy-image jetpack-lazy-image--handled\" src=\"https:\/\/i0.wp.com\/www.radiopiu.net\/wordpress\/wp-content\/uploads\/2018\/09\/WhatsApp-Image-2018-09-20-at-16.04.06.jpeg?resize=800%2C100&amp;ssl=1\" sizes=\"auto, (max-width: 800px) 100vw, 800px\" srcset=\"https:\/\/i0.wp.com\/www.radiopiu.net\/wordpress\/wp-content\/uploads\/2018\/09\/WhatsApp-Image-2018-09-20-at-16.04.06.jpeg?w=800&amp;ssl=1 800w, https:\/\/i0.wp.com\/www.radiopiu.net\/wordpress\/wp-content\/uploads\/2018\/09\/WhatsApp-Image-2018-09-20-at-16.04.06.jpeg?resize=300%2C38&amp;ssl=1 300w, https:\/\/i0.wp.com\/www.radiopiu.net\/wordpress\/wp-content\/uploads\/2018\/09\/WhatsApp-Image-2018-09-20-at-16.04.06.jpeg?resize=768%2C96&amp;ssl=1 768w\" alt=\"\" width=\"800\" height=\"100\" data-lazy-loaded=\"1\" \/><\/a><\/p>\n<\/div>\n<p>&nbsp;<\/p>\n<p><center><b>Martedi 6<\/b><\/center><b>Tempo atteso: <\/b>Nella notte probabili brevi fenomeni, con tendenza a rapido miglioramento verso l&#8217;alba, ad iniziare dalle Dolomiti. Durante la giornata, alquanto fredda per la stagione e anche ventosa, il cielo sar\u00e0 sereno o poco nuvoloso sulle Dolomiti, mentre sulle Prealpi, dopo una mattinata soleggiata, si avr\u00e0 nel pomeriggio una nuvolosit\u00e0 variabile, con locali addensamenti e rischio di qualche breve fenomeno. In serata rasserenamento anche sulle Prealpi.<br \/>\n<b>Precipitazioni: <\/b>Nella notte probabilit\u00e0 medio-alta di brevi precipitazioni (70-80%), nevose fino a quote basse. Al mattino assenti (0-10%), nel pomeriggio ancora assenti sulle Dolomiti e limitato rischio di qualche rovescio (30-40%) sulle Prealpi, nevoso fino a quote basse.<br \/>\n<b>Temperature: <\/b>In sensibile diminuzione, con valori ben inferiori alle medie stagionali e con le minime raggiunte a fine giornata. Su Prealpi a 1500 m min -4\u00b0C max 0\u00b0C, a 2000 m min -8\u00b0C max -4\u00b0C. Su Dolomiti a 2000 m min -11\u00b0C max -7\u00b0C, a 3000 m min -19\u00b0C max -15\u00b0C.<br \/>\n<b>Venti: <\/b>Nelle valli a partire dall&#8217;alba e fino a met\u00e0 pomeriggio probabili raffiche di Foehn, anche forti; in quota moderati o tesi settentrionali, anche forti al mattino, in media 20-40 km\/h a 2000 m, 40-60 km\/h a 3000 m.<\/p>\n<hr \/>\n<p><center><b>Mercoledi 7<\/b><\/center><b>Tempo atteso: <\/b>Giornata fredda e in quota anche ventosa, con annuvolamenti medio-alti in mattinata e tempo pi\u00f9 soleggiato nel pomeriggio, ad eccezione delle Dolomiti settentrionali, dove si potranno avere addensamenti sulle zone di confine.<br \/>\n<b>Precipitazioni: <\/b>Assenti (0%) salvo possibili burrasche di neve in quota nel pomeriggio sulle Dolomiti settentrionali (20%)<br \/>\n<b>Temperature: <\/b>In ulteriore, lieve diminuzione, su valori 6-8\u00b0C inferiori alla norma in quota, mentre a fondovalle il sole e un residuo effetto Foehn potrebbero mitigare il freddo. Su Prealpi a 1500 m min -6\u00b0C max -2\u00b0C, a 2000 m min -9\u00b0C max -7\u00b0C. Su Dolomiti a 2000 m min -12\u00b0C max -8\u00b0C, a 3000 m min -20\u00b0C max -17\u00b0C.<br \/>\n<b>Venti: <\/b>Nelle valli in genere deboli o moderati con residui rinforzi di Foehn al mattino, in quota da nord-ovest, moderati o tesi al mattino, tesi\/forti nel pomeriggio, 20-35 km\/h a 2000 m, 35-65 km\/h a 3000 m.<\/p>\n<hr \/>\n<p><center><b>Giovedi 8<\/b><\/center>Giornata bella e ancora piuttosto fredda, ma con temperature in lieve aumento. Venti in quota al mattino moderati o tesi da nord-ovest, in attenuazione nel pomeriggio\/sera.<\/p>\n<hr \/>\n<p><center><b>Venerdi 9<\/b><\/center>Da soleggiato a parzialmente soleggiato per l&#8217;arrivo di nubi medio-alte da sud-ovest. Temperature in ulteriore, lieve aumento, ma ancora un po&#8217; sotto la norma. Venti in quota deboli o moderati da ovest. Previsore: B.R.<\/p>\n<\/div>\n<p>&nbsp;<\/p>\n<hr \/>\n<p>&nbsp;<\/p>\n<p>&nbsp;<\/p>\n<p>&nbsp;<\/p>\n<p>&nbsp;<\/p>\n","protected":false},"excerpt":{"rendered":"<p>PER RICEVERE QUESTO NOTIZIARIO DIRETTAMENTE SUL TUO CELLULARE ISCRIVITI AL CANALE TELEGRAM \u201cRADIO PIU\u00a0 INFORMAZIONE&#8221;\u00a0 &nbsp; &nbsp; 203 AGORDINA DOVE GLI UNGULATI SPADRONEGGIANO LA VALLE\u00a0 Dice bene l&#8217;Amico Andrea, &#8220;Anche questa volta \u00e8 andata bene&#8221; Messaggio inviato anche all&#8217;Ente Parco e a coloro che tirando su siepi a Candaten provano a convicerci che un giorno&hellip;<\/p>\n","protected":false},"author":4,"featured_media":201502,"comment_status":"closed","ping_status":"closed","sticky":false,"template":"","format":"standard","meta":{"_monsterinsights_skip_tracking":false,"_monsterinsights_sitenote_active":false,"_monsterinsights_sitenote_note":"","_monsterinsights_sitenote_category":0,"footnotes":""},"categories":[1,51,86,49],"tags":[],"class_list":["post-201353","post","type-post","status-publish","format-standard","has-post-thumbnail","hentry","category-senza-categoria","category-evidenza-top","category-gr","category-news-18","category-1","category-51","category-86","category-49","description-off"],"img_url":"https:\/\/www.radiopiu.net\/wordpress\/wp-content\/uploads\/2021\/04\/5b9e804d-f25b-4d90-9706-3fe726e2a790.jpg","_links":{"self":[{"href":"https:\/\/www.radiopiu.net\/wordpress\/wp-json\/wp\/v2\/posts\/201353","targetHints":{"allow":["GET"]}}],"collection":[{"href":"https:\/\/www.radiopiu.net\/wordpress\/wp-json\/wp\/v2\/posts"}],"about":[{"href":"https:\/\/www.radiopiu.net\/wordpress\/wp-json\/wp\/v2\/types\/post"}],"author":[{"embeddable":true,"href":"https:\/\/www.radiopiu.net\/wordpress\/wp-json\/wp\/v2\/users\/4"}],"replies":[{"embeddable":true,"href":"https:\/\/www.radiopiu.net\/wordpress\/wp-json\/wp\/v2\/comments?post=201353"}],"version-history":[{"count":0,"href":"https:\/\/www.radiopiu.net\/wordpress\/wp-json\/wp\/v2\/posts\/201353\/revisions"}],"wp:featuredmedia":[{"embeddable":true,"href":"https:\/\/www.radiopiu.net\/wordpress\/wp-json\/wp\/v2\/media\/201502"}],"wp:attachment":[{"href":"https:\/\/www.radiopiu.net\/wordpress\/wp-json\/wp\/v2\/media?parent=201353"}],"wp:term":[{"taxonomy":"category","embeddable":true,"href":"https:\/\/www.radiopiu.net\/wordpress\/wp-json\/wp\/v2\/categories?post=201353"},{"taxonomy":"post_tag","embeddable":true,"href":"https:\/\/www.radiopiu.net\/wordpress\/wp-json\/wp\/v2\/tags?post=201353"}],"curies":[{"name":"wp","href":"https:\/\/api.w.org\/{rel}","templated":true}]}}