{"id":201470,"date":"2021-04-05T23:59:08","date_gmt":"2021-04-05T21:59:08","guid":{"rendered":"https:\/\/www.radiopiu.net\/wordpress\/?p=201470"},"modified":"2021-04-06T05:59:00","modified_gmt":"2021-04-06T03:59:00","slug":"era-una-notte-che-pioveva-il-dvd-sulla-grande-guerra","status":"publish","type":"post","link":"https:\/\/www.radiopiu.net\/wordpress\/era-una-notte-che-pioveva-il-dvd-sulla-grande-guerra\/","title":{"rendered":"\u201cERA UNA NOTTE CHE PIOVEVA\u201d IL DVD SULLA GRANDE GUERRA"},"content":{"rendered":"<p><strong>di Renato Bona<\/strong><\/p>\n<p>L\u2019amico (di vecchia data) Antonino Arena, detto Nino\u201d, esperto e grande appassionato di fotografia, cultore di cose bellunesi anche se lui lo \u00e8 solo di adozione, mi ha segnalato l\u2019esistenza di un Dvd che, intitolato \u201cEra una notte che pioveva\u2026\u201d, contiene una serie di canti degli alpini riferiti alla Grande Guerra 1915-18, interpretati dal Coro Conegliano diretto da Diego Tomasi, prodotto nel 2008 da Studio 2000 Hertz sas di Ponte nelle Alpi. Oltre al Dvd, c\u2019\u00e8 una monografia sulla storia delle penne nere, curata dal generale di corpo d\u2019armata Italico Cauteruccio che fu, tra l\u2019altro, dal 1986 al 1988, comandante della brigata \u201cCadore\u201d di stanza a Belluno (era stata costituita il 1. luglio del 1953 e inquadrava il 7. Reggimento alpini gi\u00e0 della divisione \u201cPusteria\u201d ed il 6. Reggimento da montagna gi\u00e0 della divisione \u201cAlpi Graie\u201d &#8211; ndr.). L\u2019iniziativa \u00e8 stata sostenuta dall\u2019Ana, l\u2019Associazione nazionale Alpini, dalla Provincia di Treviso e dal Comune di Conegliano. Il Coro Conegliano a novant\u2019anni dalla vittoria nella Grande Guerra, ha voluto con immagini e canti \u201crendere omaggio ad un mito: il mito degli Alpini\u201d! Operazione sicuramente riuscita. Questi i brani in ordine di apparizione: \u201cMonte Canino\u201d, arm. Mingozzi; \u201cMonte Nero\u201d, arm. G. Dalla Testa, \u201cBombardano Cortina\u201d, arm. L. Pigarelli; \u201cEra sera\u201d, arm. A. Mascagni; \u201cEra una notte che pioveva\u201d, arm. M. Cauriol; \u201cMonte Pasubio\u201d, di Bepi De Marzi; \u201cDove sei stato mio bell\u2019Alpino\u201d, arm. A. Pedrotti; \u201cLa cima del Montello\u201d, arm. Paolo Bon; \u201cLa canzone del Piave\u201d, di E. A. Mario; \u201cIl testamento del capitano\u201d, arm. L. Pigarelli. Ideatore dell\u2019iniziativa, Leopoldo Miorin ricorda nel libretto che accompagna il Dvd che \u201cQuando ho proposto agli amici del Coro Conegliano di fare un Dvd sui canti degli Alpini per ricordare il 90. della vittoria nella Grande Guerra, ho trovato da subito nel Maestro e nei coristi un terreno fertile per intraprendere la sfida\u2026 La mia idea era di completare questo Dvd con uno scritto sulla storia delle truppe di montagna, e il Gen. Italico Cauteruccio, alpino e grande esperto di storia militare, ha fatto in modo che questo progetto potesse realizzarsi. Italico ha, da vero e disinteressato amico, accettato di aiutarci e ha colto subito la filosofia del lavoro da fare: una monografia semplice, pulita, tecnica, che in breve ripercorresse la storia degli Alpini di Perrucchetti a Kabul. Lavorare con lui \u00e8 stato un piacere e quest\u2019opera, monografia e Dvd, arricchisce in modo diverso l\u2019enorme bibliografia esistente sullo stesso tema. Un grazie quindi al Generale e un grazie al Coro Conegliano. Un grazie particolare al Col. Lorenzo Cadeddu, Antonio Daminato, Carlotta Tinarelli e Marzia Corocher\u201d. La pubblicazione si apre con una premessa in cui si sottolinea fra l\u2019altro che \u201cGli Alpini sono stati chiamati con la coscrizione obbligatoria, a servire, in guerra e in pace, nella specialit\u00e0 pi\u00f9 difficile, pi\u00f9 faticosa, pi\u00f9 rischiosa delle Forze Armate, quella che in guerra ha fatto versare il maggior tributo di sangue, che li ha obbligati a scalare montagne, carici di pesi, ad accudire salmerie, a patire il freddo, a pestare la neve\u2026 Secondo la logica dei tempi nostri, avrebbero dovuto ripudiare quella sofferta esperienza, disprezzare e buttare via quel cappello che portano invece tanto orgogliosamente, disertare quei raduni che al contrario sono vere adunate oceaniche di centinaia di migliaia di uomini che s\u2019incontrano liberamente e con gioia\u2026 fieri della loro appartenenza agli Alpini. Seguono i capitoli\u201dOrigini\u201d, \u201cLe caratteristiche\u201d, \u201cLa vita di montagna\u201d, \u201cEvoluzione dell\u2019ordinamento\u201d, \u201cIl primo impiego in guerra\u201d, \u201cLa Grande Guerra\u201d, \u201cIl dopoguerra e la campagna di Etiopia\u201d, \u201cLa seconda guerra mondiale\u201d, \u201cIl secondo dopoguerra\u201d, \u201cLe successive ristrutturazioni organiche\u201d, \u201cLa fine della leva obbligatoria\u201d. Qui di seguito il prestigioso curriculum del generale Italico Cauteruccio: goriziano e di famiglia con tradizioni militari, ha frequentato l\u2019Accademia militare di Modena e le Scuole di Applicazione d\u2019Arma di Torino; dopo il quadriennio di formazione ed i corsi della Scuola alpina e della Scuola di paracadutismo, \u00e8 stato assegnato al 7. Reggimento alpini della Brigata Cadore. Ha svolto i periodi di comando di plotone e di compagnia al bgt. \u201cBelluno\u201d e alla Mortai reggimentale del 7. E poi di comando di battaglione al \u201cMorbegno\u201d della brigata \u201cOrobica\u201d della quale \u00e8 stato anche vice comandante. Frequentata la Scuola di guerra \u00e8 divenuto ufficiale di Stato maggiore e come tale ha prestato servizio a Roma e in seguito alla brigata \u201cJulia\u201d e al comando del 4. Corpo d\u2019armato alpino come capo di stato maggiore. Da generale ha frequentato il Centro alti studi della Difesa per essere poi nominato comandante della \u201cCadore\u201d, poi vice comandante del Corpo d\u2019armata alpino e infine Comandante militare di Trieste. Ha i brevetti di paracadutista militare italiano e statunitense, \u00e8 laureato in scienze strategiche e, come studioso di storia militare, ha prodotto numerose pubblicazioni e partecipato a convegni e conferenze sulle tematiche storiche delle Forze armate. Risiede a Treviso ed \u00e8 iscritto alla locale Sezione dell\u2019Associazione nazionale alpini.<\/p>\n\n\t\t\t<style type='text\/css'>\n\t\t\t\t#gallery-1 {\n\t\t\t\t\tmargin: auto;\n\t\t\t\t}\n\t\t\t\t#gallery-1 .gallery-item {\n\t\t\t\t\tfloat: left;\n\t\t\t\t\tmargin-top: 10px;\n\t\t\t\t\ttext-align: center;\n\t\t\t\t\twidth: 16%;\n\t\t\t\t}\n\t\t\t\t#gallery-1 img {\n\t\t\t\t\tborder: 2px solid #cfcfcf;\n\t\t\t\t}\n\t\t\t\t#gallery-1 .gallery-caption {\n\t\t\t\t\tmargin-left: 0;\n\t\t\t\t}\n\t\t\t\t\/* see gallery_shortcode() in wp-includes\/media.php *\/\n\t\t\t<\/style>\n\t\t<div id='gallery-1' class='dt-gallery-container gallery galleryid-201470 gallery-columns-6 gallery-size-thumbnail'><dl class='gallery-item'>\n\t\t\t\t<dt class='gallery-icon portrait'>\n\t\t\t\t\t<a class=\"rollover rollover-zoom dt-pswp-item\" title=\"169558892_271570947850659_4164603357123765529_n\" data-dt-img-description=\"\" data-large_image_width=\"1577\" data-large_image_height=\"2560\"href='https:\/\/www.radiopiu.net\/wordpress\/wp-content\/uploads\/2021\/04\/169558892_271570947850659_4164603357123765529_n-scaled.jpg'><img loading=\"lazy\" decoding=\"async\" width=\"150\" height=\"150\" src=\"https:\/\/www.radiopiu.net\/wordpress\/wp-content\/uploads\/2021\/04\/169558892_271570947850659_4164603357123765529_n-150x150.jpg\" class=\"attachment-thumbnail size-thumbnail\" alt=\"\" \/><\/a>\n\t\t\t\t<\/dt><\/dl><dl class='gallery-item'>\n\t\t\t\t<dt class='gallery-icon portrait'>\n\t\t\t\t\t<a class=\"rollover rollover-zoom dt-pswp-item\" title=\"169305910_278916957046287_5409061303655970670_n\" data-dt-img-description=\"\" data-large_image_width=\"1846\" data-large_image_height=\"2560\"href='https:\/\/www.radiopiu.net\/wordpress\/wp-content\/uploads\/2021\/04\/169305910_278916957046287_5409061303655970670_n-scaled.jpg'><img loading=\"lazy\" decoding=\"async\" width=\"150\" height=\"150\" src=\"https:\/\/www.radiopiu.net\/wordpress\/wp-content\/uploads\/2021\/04\/169305910_278916957046287_5409061303655970670_n-150x150.jpg\" class=\"attachment-thumbnail size-thumbnail\" alt=\"\" \/><\/a>\n\t\t\t\t<\/dt><\/dl><dl class='gallery-item'>\n\t\t\t\t<dt class='gallery-icon landscape'>\n\t\t\t\t\t<a class=\"rollover rollover-zoom dt-pswp-item\" title=\"169819300_280755616946578_8376750781977265943_n\" data-dt-img-description=\"\" data-large_image_width=\"540\" data-large_image_height=\"540\"href='https:\/\/www.radiopiu.net\/wordpress\/wp-content\/uploads\/2021\/04\/169819300_280755616946578_8376750781977265943_n.jpg'><img loading=\"lazy\" decoding=\"async\" width=\"150\" height=\"150\" src=\"https:\/\/www.radiopiu.net\/wordpress\/wp-content\/uploads\/2021\/04\/169819300_280755616946578_8376750781977265943_n-150x150.jpg\" class=\"attachment-thumbnail size-thumbnail\" alt=\"\" srcset=\"https:\/\/www.radiopiu.net\/wordpress\/wp-content\/uploads\/2021\/04\/169819300_280755616946578_8376750781977265943_n-150x150.jpg 150w, https:\/\/www.radiopiu.net\/wordpress\/wp-content\/uploads\/2021\/04\/169819300_280755616946578_8376750781977265943_n-300x300.jpg 300w, https:\/\/www.radiopiu.net\/wordpress\/wp-content\/uploads\/2021\/04\/169819300_280755616946578_8376750781977265943_n.jpg 540w\" sizes=\"auto, (max-width: 150px) 100vw, 150px\" \/><\/a>\n\t\t\t\t<\/dt><\/dl><dl class='gallery-item'>\n\t\t\t\t<dt class='gallery-icon portrait'>\n\t\t\t\t\t<a class=\"rollover rollover-zoom dt-pswp-item\" title=\"168684670_2823462347916321_3556330729003455013_n\" data-dt-img-description=\"\" data-large_image_width=\"1568\" data-large_image_height=\"1931\"href='https:\/\/www.radiopiu.net\/wordpress\/wp-content\/uploads\/2021\/04\/168684670_2823462347916321_3556330729003455013_n.jpg'><img loading=\"lazy\" decoding=\"async\" width=\"150\" height=\"150\" src=\"https:\/\/www.radiopiu.net\/wordpress\/wp-content\/uploads\/2021\/04\/168684670_2823462347916321_3556330729003455013_n-150x150.jpg\" class=\"attachment-thumbnail size-thumbnail\" alt=\"\" \/><\/a>\n\t\t\t\t<\/dt><\/dl><dl class='gallery-item'>\n\t\t\t\t<dt class='gallery-icon portrait'>\n\t\t\t\t\t<a class=\"rollover rollover-zoom dt-pswp-item\" title=\"169252076_372817497171619_3076584417263218349_n\" data-dt-img-description=\"\" data-large_image_width=\"1672\" data-large_image_height=\"2560\"href='https:\/\/www.radiopiu.net\/wordpress\/wp-content\/uploads\/2021\/04\/169252076_372817497171619_3076584417263218349_n-scaled.jpg'><img loading=\"lazy\" decoding=\"async\" width=\"150\" height=\"150\" src=\"https:\/\/www.radiopiu.net\/wordpress\/wp-content\/uploads\/2021\/04\/169252076_372817497171619_3076584417263218349_n-150x150.jpg\" class=\"attachment-thumbnail size-thumbnail\" alt=\"\" \/><\/a>\n\t\t\t\t<\/dt><\/dl><dl class='gallery-item'>\n\t\t\t\t<dt class='gallery-icon landscape'>\n\t\t\t\t\t<a class=\"rollover rollover-zoom dt-pswp-item\" title=\"169130809_3833783660050081_8527930188100539246_n\" data-dt-img-description=\"\" data-large_image_width=\"309\" data-large_image_height=\"293\"href='https:\/\/www.radiopiu.net\/wordpress\/wp-content\/uploads\/2021\/04\/169130809_3833783660050081_8527930188100539246_n.jpg'><img loading=\"lazy\" decoding=\"async\" width=\"150\" height=\"150\" src=\"https:\/\/www.radiopiu.net\/wordpress\/wp-content\/uploads\/2021\/04\/169130809_3833783660050081_8527930188100539246_n-150x150.jpg\" class=\"attachment-thumbnail size-thumbnail\" alt=\"\" \/><\/a>\n\t\t\t\t<\/dt><\/dl><br style=\"clear: both\" \/><dl class='gallery-item'>\n\t\t\t\t<dt class='gallery-icon portrait'>\n\t\t\t\t\t<a class=\"rollover rollover-zoom dt-pswp-item\" title=\"169310150_439100287390207_5718133776109968403_n\" data-dt-img-description=\"\" data-large_image_width=\"1960\" data-large_image_height=\"2318\"href='https:\/\/www.radiopiu.net\/wordpress\/wp-content\/uploads\/2021\/04\/169310150_439100287390207_5718133776109968403_n.jpg'><img loading=\"lazy\" decoding=\"async\" width=\"150\" height=\"150\" src=\"https:\/\/www.radiopiu.net\/wordpress\/wp-content\/uploads\/2021\/04\/169310150_439100287390207_5718133776109968403_n-150x150.jpg\" class=\"attachment-thumbnail size-thumbnail\" alt=\"\" \/><\/a>\n\t\t\t\t<\/dt><\/dl><dl class='gallery-item'>\n\t\t\t\t<dt class='gallery-icon landscape'>\n\t\t\t\t\t<a class=\"rollover rollover-zoom dt-pswp-item\" title=\"168964787_446694156435723_38181707948324819_n\" data-dt-img-description=\"\" data-large_image_width=\"2560\" data-large_image_height=\"1050\"href='https:\/\/www.radiopiu.net\/wordpress\/wp-content\/uploads\/2021\/04\/168964787_446694156435723_38181707948324819_n-scaled.jpg'><img loading=\"lazy\" decoding=\"async\" width=\"150\" height=\"150\" src=\"https:\/\/www.radiopiu.net\/wordpress\/wp-content\/uploads\/2021\/04\/168964787_446694156435723_38181707948324819_n-150x150.jpg\" class=\"attachment-thumbnail size-thumbnail\" alt=\"\" \/><\/a>\n\t\t\t\t<\/dt><\/dl><dl class='gallery-item'>\n\t\t\t\t<dt class='gallery-icon portrait'>\n\t\t\t\t\t<a class=\"rollover rollover-zoom dt-pswp-item\" title=\"169235388_467282911375515_2455698546494269600_n\" data-dt-img-description=\"\" data-large_image_width=\"2499\" data-large_image_height=\"2535\"href='https:\/\/www.radiopiu.net\/wordpress\/wp-content\/uploads\/2021\/04\/169235388_467282911375515_2455698546494269600_n.jpg'><img loading=\"lazy\" decoding=\"async\" width=\"150\" height=\"150\" src=\"https:\/\/www.radiopiu.net\/wordpress\/wp-content\/uploads\/2021\/04\/169235388_467282911375515_2455698546494269600_n-150x150.jpg\" class=\"attachment-thumbnail size-thumbnail\" alt=\"\" \/><\/a>\n\t\t\t\t<\/dt><\/dl><dl class='gallery-item'>\n\t\t\t\t<dt class='gallery-icon portrait'>\n\t\t\t\t\t<a class=\"rollover rollover-zoom dt-pswp-item\" title=\"169469160_495029268196135_7446228130596037912_n\" data-dt-img-description=\"\" data-large_image_width=\"1602\" data-large_image_height=\"2560\"href='https:\/\/www.radiopiu.net\/wordpress\/wp-content\/uploads\/2021\/04\/169469160_495029268196135_7446228130596037912_n-scaled.jpg'><img loading=\"lazy\" decoding=\"async\" width=\"150\" height=\"150\" src=\"https:\/\/www.radiopiu.net\/wordpress\/wp-content\/uploads\/2021\/04\/169469160_495029268196135_7446228130596037912_n-150x150.jpg\" class=\"attachment-thumbnail size-thumbnail\" alt=\"\" \/><\/a>\n\t\t\t\t<\/dt><\/dl><dl class='gallery-item'>\n\t\t\t\t<dt class='gallery-icon portrait'>\n\t\t\t\t\t<a class=\"rollover rollover-zoom dt-pswp-item\" title=\"169347659_554876088832989_3610097698014311026_n\" data-dt-img-description=\"\" data-large_image_width=\"1821\" data-large_image_height=\"2560\"href='https:\/\/www.radiopiu.net\/wordpress\/wp-content\/uploads\/2021\/04\/169347659_554876088832989_3610097698014311026_n-scaled.jpg'><img loading=\"lazy\" decoding=\"async\" width=\"150\" height=\"150\" src=\"https:\/\/www.radiopiu.net\/wordpress\/wp-content\/uploads\/2021\/04\/169347659_554876088832989_3610097698014311026_n-150x150.jpg\" class=\"attachment-thumbnail size-thumbnail\" alt=\"\" \/><\/a>\n\t\t\t\t<\/dt><\/dl><dl class='gallery-item'>\n\t\t\t\t<dt class='gallery-icon portrait'>\n\t\t\t\t\t<a class=\"rollover rollover-zoom dt-pswp-item\" title=\"169177961_503402427707030_8580184196020711326_n\" data-dt-img-description=\"\" data-large_image_width=\"1980\" data-large_image_height=\"2560\"href='https:\/\/www.radiopiu.net\/wordpress\/wp-content\/uploads\/2021\/04\/169177961_503402427707030_8580184196020711326_n-scaled.jpg'><img loading=\"lazy\" decoding=\"async\" width=\"150\" height=\"150\" src=\"https:\/\/www.radiopiu.net\/wordpress\/wp-content\/uploads\/2021\/04\/169177961_503402427707030_8580184196020711326_n-150x150.jpg\" class=\"attachment-thumbnail size-thumbnail\" alt=\"\" \/><\/a>\n\t\t\t\t<\/dt><\/dl><br style=\"clear: both\" \/>\n\t\t\t<\/div>\n\n<p>NELLE FOTO (riproduzioni dal libretto \u201cGli Alpini\u201d che accompagna il Dvd ): la copertina del Dvd; il disco ottico con i canti degli Alpini; il retrocopertina; il logo dell\u2019Ana di Conegliano; Diego Tomasi direttore del Coro Conegliano; il generale Italico Cauteruccio, autore della pubblicazione con la storia degli Alpini; immagine che figura nella copertina del libretto; ultima di copertina; Alpini che salgono alla Grand Koke Val Susa (fot. Allegra); cordata di penne nere; uomini del battaglione Morbegno; Alpini del battaglione Pieve di Cadore.<\/p>\n","protected":false},"excerpt":{"rendered":"<p>di Renato Bona L\u2019amico (di vecchia data) Antonino Arena, detto Nino\u201d, esperto e grande appassionato di fotografia, cultore di cose bellunesi anche se lui lo \u00e8 solo di adozione, mi ha segnalato l\u2019esistenza di un Dvd che, intitolato \u201cEra una notte che pioveva\u2026\u201d, contiene una serie di canti degli alpini riferiti alla Grande Guerra 1915-18,&hellip;<\/p>\n","protected":false},"author":4,"featured_media":201481,"comment_status":"closed","ping_status":"closed","sticky":false,"template":"","format":"standard","meta":{"_monsterinsights_skip_tracking":false,"_monsterinsights_sitenote_active":false,"_monsterinsights_sitenote_note":"","_monsterinsights_sitenote_category":0,"footnotes":""},"categories":[104,49],"tags":[],"class_list":["post-201470","post","type-post","status-publish","format-standard","has-post-thumbnail","hentry","category-evidenza_3","category-news-18","category-104","category-49","description-off"],"img_url":"https:\/\/www.radiopiu.net\/wordpress\/wp-content\/uploads\/2021\/04\/169347659_554876088832989_3610097698014311026_n-scaled.jpg","_links":{"self":[{"href":"https:\/\/www.radiopiu.net\/wordpress\/wp-json\/wp\/v2\/posts\/201470","targetHints":{"allow":["GET"]}}],"collection":[{"href":"https:\/\/www.radiopiu.net\/wordpress\/wp-json\/wp\/v2\/posts"}],"about":[{"href":"https:\/\/www.radiopiu.net\/wordpress\/wp-json\/wp\/v2\/types\/post"}],"author":[{"embeddable":true,"href":"https:\/\/www.radiopiu.net\/wordpress\/wp-json\/wp\/v2\/users\/4"}],"replies":[{"embeddable":true,"href":"https:\/\/www.radiopiu.net\/wordpress\/wp-json\/wp\/v2\/comments?post=201470"}],"version-history":[{"count":0,"href":"https:\/\/www.radiopiu.net\/wordpress\/wp-json\/wp\/v2\/posts\/201470\/revisions"}],"wp:featuredmedia":[{"embeddable":true,"href":"https:\/\/www.radiopiu.net\/wordpress\/wp-json\/wp\/v2\/media\/201481"}],"wp:attachment":[{"href":"https:\/\/www.radiopiu.net\/wordpress\/wp-json\/wp\/v2\/media?parent=201470"}],"wp:term":[{"taxonomy":"category","embeddable":true,"href":"https:\/\/www.radiopiu.net\/wordpress\/wp-json\/wp\/v2\/categories?post=201470"},{"taxonomy":"post_tag","embeddable":true,"href":"https:\/\/www.radiopiu.net\/wordpress\/wp-json\/wp\/v2\/tags?post=201470"}],"curies":[{"name":"wp","href":"https:\/\/api.w.org\/{rel}","templated":true}]}}