{"id":201513,"date":"2021-04-06T05:49:53","date_gmt":"2021-04-06T03:49:53","guid":{"rendered":"https:\/\/www.radiopiu.net\/wordpress\/?p=201513"},"modified":"2021-04-07T06:13:17","modified_gmt":"2021-04-07T04:13:17","slug":"manifestazione-in-piazza-s","status":"publish","type":"post","link":"https:\/\/www.radiopiu.net\/wordpress\/manifestazione-in-piazza-s\/","title":{"rendered":"MANIFESTAZIONE IN PIAZZA, SCATTANO LE CONTRAVVENZIONI"},"content":{"rendered":"<div class=\"im_history_message_wrap\">\n<div class=\"im_message_outer_wrap hasselect\" data-msg-id=\"18206\">\n<div class=\"im_message_wrap clearfix\">\n<div class=\"im_content_message_wrap im_message_in\">\n<div class=\"im_message_body\">\n<div>\n<blockquote>\n<div dir=\"auto\">\n<div dir=\"auto\"><\/div>\n<div dir=\"auto\"><strong>QUELLE RISATE IN PIAZZA, OLTRAGGIOSE E DA GRANDI MALEDUCATI E SAPIENTI DELL&#8217;ULTIM&#8217;ORA. MA VOI VI FARESTE CURARE DALL&#8217;UOMO DEL MEGAFONO?<\/strong><\/div>\n<\/div>\n<div dir=\"auto\">\n<blockquote>\n<div dir=\"auto\"><em><img decoding=\"async\" src=\"https:\/\/www.radiopiu.net\/wordpress\/wp-content\/uploads\/2021\/04\/d5d6c025-1f13-4310-8a9a-c0f5d5a665ce.jpg\" \/>Tre ragazzi multati perch\u00e9 passeggiavano sul Serva, pagheranno i genitori. A proposito di genitori, quanti erano in piazza dei Martiri ieri?\u00a0 Erano tra le 400\u00a0 persone ammassate una sull&#8217;altra senza mascherina? Invettive contro chi \u00e8 in prima linea contro il virus, offese alla stampa, ai giornalisti, quelli che da un anno e pi\u00f9 in trincea stanno seguendo senza sosta l&#8217;andamento dell&#8217;epidemia. Ma l&#8217;uomo dal megafono facile e dal blog delle illogicit\u00e0 continua imperterrito ad inventare trasformandosi nello scienziato da premio Nobel&#8230; e tutti a battergli le mani, con cori da stadio. Ogni occasione \u00e8 buona per scendere in piazza e sfogare le proprie frustrazioni. Al facilone\u00a0 del megafono delle invenzioni: tedioso, piatto, insistente, ossessivo,\u00a0 o se preferite al\u00a0 blogger improvvisamente diventano il &#8220;guru&#8221; dell&#8217;informazione , una volta terminati i corsi alla &#8220;radio elettra&#8221;\u00a0 vorremmo suggerirgli di farsi un giro in pneumologia a Belluno, o al Pronto Soccorso covid19 tra le lacrime di quei figli e nipoti che non possono nemmeno stringere\u00a0 la mano alla madre da tre giorni in agonia, o salutare il pap\u00e0 ricoverato nell&#8217;altra ala dell&#8217;ospedale,\u00a0 ma evidentemente stare in piazza a ridere, scherzare, offendere e insultare le divise \u00e8 molto pi\u00f9 facile, cos\u00ec come sparare invettive da una tastiera.\u00a0 Ma non lo dimenticheremo. Di certo se qualcuno dopo la manifestazione e ben infetto varcher\u00e0 le porte dell&#8217;ospedale non trover\u00e0 l&#8217;infermiere col megafono o fotocopie da sventolare per sputtanare il professionista di turno, ma solo aiuto, umanit\u00e0 e voglia di spendersi per gli altri.<\/em><\/div>\n<\/blockquote>\n<p>&nbsp;<\/p>\n<\/div>\n<\/blockquote>\n<div dir=\"auto\"><\/div>\n<div dir=\"auto\"><strong>BELLUNO<\/strong> Altro che i quattro amici al Bar&#8230; ai giardini di Piazza dei Martiri c&#8217;era\u00a0 pi\u00f9 folla dell&#8217;ultimo concerto prima del covid. Tanti, vicini-vicini sotto al palco della manifestazione. Chiamasi assembramento e non sono mancati i partecipanti privi di mascherina. In serata primo bilancio dai Carabinieri:\u00a0 26 sanzioni di cui dieci a bellunesi, 15\u00a0 veneti e 1 fuori regione. Almeno 500 i partecipanti alla manifestazione &#8220;No paura day&#8221;. Prima dell&#8217;inizio la Polizia ha identificato e multato altre quaranta\u00a0 persone (400 euro). Hanno parlato: la sociologa Manuela Zorzi, l&#8217;avvocato Stefania Pomaro e il giornalista Matteo Gracis.<\/div>\n<div dir=\"auto\">\n<div dir=\"auto\">\n<div id=\"adv-Bottom\">\n<div id=\"div-gpt-ad-Bottom\" data-google-query-id=\"CPK6-vLT5-8CFVKK_Qcd02EKEg\"><\/div>\n<\/div>\n<\/div>\n<\/div>\n<\/div>\n<div dir=\"auto\">\n<div id=\"adv-Bottom\">\n<div id=\"div-gpt-ad-Bottom\" data-google-query-id=\"CPK6-vLT5-8CFVKK_Qcd02EKEg\"><\/div>\n<\/div>\n<\/div>\n<div dir=\"auto\">\n\n\t\t\t<style type='text\/css'>\n\t\t\t\t#gallery-1 {\n\t\t\t\t\tmargin: auto;\n\t\t\t\t}\n\t\t\t\t#gallery-1 .gallery-item {\n\t\t\t\t\tfloat: left;\n\t\t\t\t\tmargin-top: 10px;\n\t\t\t\t\ttext-align: center;\n\t\t\t\t\twidth: 33%;\n\t\t\t\t}\n\t\t\t\t#gallery-1 img {\n\t\t\t\t\tborder: 2px solid #cfcfcf;\n\t\t\t\t}\n\t\t\t\t#gallery-1 .gallery-caption {\n\t\t\t\t\tmargin-left: 0;\n\t\t\t\t}\n\t\t\t\t\/* see gallery_shortcode() in wp-includes\/media.php *\/\n\t\t\t<\/style>\n\t\t<div id='gallery-1' class='dt-gallery-container gallery galleryid-201513 gallery-columns-3 gallery-size-thumbnail'><dl class='gallery-item'>\n\t\t\t\t<dt class='gallery-icon landscape'>\n\t\t\t\t\t<a class=\"rollover rollover-zoom dt-pswp-item\" title=\"c0f25756-26d4-457a-b115-a1f4d9ab236e\" data-dt-img-description=\"\" data-large_image_width=\"1024\" data-large_image_height=\"576\"href='https:\/\/www.radiopiu.net\/wordpress\/wp-content\/uploads\/2021\/04\/c0f25756-26d4-457a-b115-a1f4d9ab236e.jpg'><img loading=\"lazy\" decoding=\"async\" width=\"150\" height=\"150\" src=\"https:\/\/www.radiopiu.net\/wordpress\/wp-content\/uploads\/2021\/04\/c0f25756-26d4-457a-b115-a1f4d9ab236e-150x150.jpg\" class=\"attachment-thumbnail size-thumbnail\" alt=\"\" \/><\/a>\n\t\t\t\t<\/dt><\/dl><dl class='gallery-item'>\n\t\t\t\t<dt class='gallery-icon landscape'>\n\t\t\t\t\t<a class=\"rollover rollover-zoom dt-pswp-item\" title=\"68f5d12e-8658-44a9-96cb-25d78dc82a81\" data-dt-img-description=\"\" data-large_image_width=\"1024\" data-large_image_height=\"564\"href='https:\/\/www.radiopiu.net\/wordpress\/wp-content\/uploads\/2021\/04\/68f5d12e-8658-44a9-96cb-25d78dc82a81.jpg'><img loading=\"lazy\" decoding=\"async\" width=\"150\" height=\"150\" src=\"https:\/\/www.radiopiu.net\/wordpress\/wp-content\/uploads\/2021\/04\/68f5d12e-8658-44a9-96cb-25d78dc82a81-150x150.jpg\" class=\"attachment-thumbnail size-thumbnail\" alt=\"\" \/><\/a>\n\t\t\t\t<\/dt><\/dl><dl class='gallery-item'>\n\t\t\t\t<dt class='gallery-icon landscape'>\n\t\t\t\t\t<a class=\"rollover rollover-zoom dt-pswp-item\" title=\"d5d6c025-1f13-4310-8a9a-c0f5d5a665ce\" data-dt-img-description=\"\" data-large_image_width=\"1024\" data-large_image_height=\"577\"href='https:\/\/www.radiopiu.net\/wordpress\/wp-content\/uploads\/2021\/04\/d5d6c025-1f13-4310-8a9a-c0f5d5a665ce.jpg'><img loading=\"lazy\" decoding=\"async\" width=\"150\" height=\"150\" src=\"https:\/\/www.radiopiu.net\/wordpress\/wp-content\/uploads\/2021\/04\/d5d6c025-1f13-4310-8a9a-c0f5d5a665ce-150x150.jpg\" class=\"attachment-thumbnail size-thumbnail\" alt=\"\" \/><\/a>\n\t\t\t\t<\/dt><\/dl><br style=\"clear: both\" \/>\n\t\t\t<\/div>\n\n<\/div>\n<\/div>\n<\/div>\n<\/div>\n<\/div>\n<\/div>\n","protected":false},"excerpt":{"rendered":"<p>QUELLE RISATE IN PIAZZA, OLTRAGGIOSE E DA GRANDI MALEDUCATI E SAPIENTI DELL&#8217;ULTIM&#8217;ORA. MA VOI VI FARESTE CURARE DALL&#8217;UOMO DEL MEGAFONO? Tre ragazzi multati perch\u00e9 passeggiavano sul Serva, pagheranno i genitori. A proposito di genitori, quanti erano in piazza dei Martiri ieri?\u00a0 Erano tra le 400\u00a0 persone ammassate una sull&#8217;altra senza mascherina? Invettive contro chi \u00e8&hellip;<\/p>\n","protected":false},"author":4,"featured_media":201517,"comment_status":"closed","ping_status":"closed","sticky":false,"template":"","format":"standard","meta":{"_monsterinsights_skip_tracking":false,"_monsterinsights_sitenote_active":false,"_monsterinsights_sitenote_note":"","_monsterinsights_sitenote_category":0,"footnotes":""},"categories":[49],"tags":[],"class_list":["post-201513","post","type-post","status-publish","format-standard","has-post-thumbnail","hentry","category-news-18","category-49","description-off"],"img_url":"https:\/\/www.radiopiu.net\/wordpress\/wp-content\/uploads\/2021\/04\/d5d6c025-1f13-4310-8a9a-c0f5d5a665ce.jpg","_links":{"self":[{"href":"https:\/\/www.radiopiu.net\/wordpress\/wp-json\/wp\/v2\/posts\/201513","targetHints":{"allow":["GET"]}}],"collection":[{"href":"https:\/\/www.radiopiu.net\/wordpress\/wp-json\/wp\/v2\/posts"}],"about":[{"href":"https:\/\/www.radiopiu.net\/wordpress\/wp-json\/wp\/v2\/types\/post"}],"author":[{"embeddable":true,"href":"https:\/\/www.radiopiu.net\/wordpress\/wp-json\/wp\/v2\/users\/4"}],"replies":[{"embeddable":true,"href":"https:\/\/www.radiopiu.net\/wordpress\/wp-json\/wp\/v2\/comments?post=201513"}],"version-history":[{"count":0,"href":"https:\/\/www.radiopiu.net\/wordpress\/wp-json\/wp\/v2\/posts\/201513\/revisions"}],"wp:featuredmedia":[{"embeddable":true,"href":"https:\/\/www.radiopiu.net\/wordpress\/wp-json\/wp\/v2\/media\/201517"}],"wp:attachment":[{"href":"https:\/\/www.radiopiu.net\/wordpress\/wp-json\/wp\/v2\/media?parent=201513"}],"wp:term":[{"taxonomy":"category","embeddable":true,"href":"https:\/\/www.radiopiu.net\/wordpress\/wp-json\/wp\/v2\/categories?post=201513"},{"taxonomy":"post_tag","embeddable":true,"href":"https:\/\/www.radiopiu.net\/wordpress\/wp-json\/wp\/v2\/tags?post=201513"}],"curies":[{"name":"wp","href":"https:\/\/api.w.org\/{rel}","templated":true}]}}