{"id":201604,"date":"2021-04-06T14:45:11","date_gmt":"2021-04-06T12:45:11","guid":{"rendered":"https:\/\/www.radiopiu.net\/wordpress\/?p=201604"},"modified":"2021-04-06T18:03:22","modified_gmt":"2021-04-06T16:03:22","slug":"cara-dolce-noris-buon-cammino-tra-verdi-pascoli","status":"publish","type":"post","link":"https:\/\/www.radiopiu.net\/wordpress\/cara-dolce-noris-buon-cammino-tra-verdi-pascoli\/","title":{"rendered":"CARA DOLCE NORIS, BUON CAMMINO TRA VERDI PASCOLI"},"content":{"rendered":"<blockquote><p><img loading=\"lazy\" decoding=\"async\" class=\"alignleft\" src=\"https:\/\/www.radiopiu.net\/wordpress\/wp-content\/uploads\/2020\/10\/13eb2e6e-4f39-45d7-aeb2-a41dfc7cbad6.jpg\" width=\"129\" height=\"212\" \/><strong>BELLUNO<\/strong> La dolce Noris Moro (Honoria Garcia) ci ha lasciato con un sorriso, dedicato al marito Antonio, ai figli Brunella, Stefano, ai nipoti Simone, Caterina, Maddalena, Giulia. Ha lottato finch\u00e8 le forze glielo hanno concesso tra preghiere di speranza e riflessioni sull&#8217;essenza delle vita. Caro Antonio, questa volta \u00e8 un arbitro superiore che ha fischiato la fine della partita, ma di quelle importanti, la pi\u00f9 importante e per riviverla non serve la moviola, perch\u00e9 quella partita della vita ti rimane impressa nel cuore, nell&#8217;anima. Noris ci ha lasciato con il ricordo dei sui profumi, del suo profumo, della sua cultura e tradizione sinonimo di sensibilit\u00e0 e umanit\u00e0. Sar\u00e0 bello ricordarti Noris, con la certezza che i<a href=\"https:\/\/www.radiopiu.net\/wordpress\/?attachment_id=201376\" rel=\"attachment wp-att-201376\"><img loading=\"lazy\" decoding=\"async\" class=\"size-medium wp-image-201376 alignright\" src=\"https:\/\/www.radiopiu.net\/wordpress\/wp-content\/uploads\/2021\/04\/2-bianca-soligo-foto-1-300x202.jpg\" alt=\"\" width=\"300\" height=\"202\" srcset=\"https:\/\/www.radiopiu.net\/wordpress\/wp-content\/uploads\/2021\/04\/2-bianca-soligo-foto-1-300x202.jpg 300w, https:\/\/www.radiopiu.net\/wordpress\/wp-content\/uploads\/2021\/04\/2-bianca-soligo-foto-1-1024x690.jpg 1024w, https:\/\/www.radiopiu.net\/wordpress\/wp-content\/uploads\/2021\/04\/2-bianca-soligo-foto-1-768x517.jpg 768w, https:\/\/www.radiopiu.net\/wordpress\/wp-content\/uploads\/2021\/04\/2-bianca-soligo-foto-1-1536x1035.jpg 1536w, https:\/\/www.radiopiu.net\/wordpress\/wp-content\/uploads\/2021\/04\/2-bianca-soligo-foto-1.jpg 2010w\" sizes=\"auto, (max-width: 300px) 100vw, 300px\" \/><\/a> germogli del tuo passaggio matureranno ben curati da coloro che oggi ti piangono, ma con la consapevolezza che quando il ricordo si far\u00e0 pi\u00f9 dolce, la tua figura sar\u00e0 sempre presente. Ciao moglie, madre, nonna e suocera esemplare che i verdi pascoli accolgano i tuoi passi. Quando ti ho visto per la prima volta quel sorriso mi ha catturato, bont\u00e0, sensibilit\u00e0, amore per la famiglia. Quanto bene Noris, si scherzava sulla &#8220;suocera&#8221; ma averne di presenze cos\u00ec importanti nella vita. Quel tuo modo di esprimerti, quell&#8217;accento spagnolo-guatemalteco che ti ha reso ancora pi\u00f9 coccola. Mancherai Noris&#8230; finche&#8217; la bellezza dei ricordi non calmer\u00e0 gli urli di dolore che oggi sentiamo dentro. <em>\u00a0Buen viaje mi querido amigo, olvidarte ser\u00e1 imposible por el resto de mi existencia. Gracias por los brotes que dejaste en la tierra, por los regalos de tu amor con Toni que seguir\u00e1 viviendo conmigo, con nosotros, en tu inmenso recuerdo &#8230;.<\/em><em>Buen viaje mi dulce amigo.<\/em><\/p><\/blockquote>\n<p>A Brunella un forte abbraccio da tutti noi della radio, che possa lenire il dolore dell&#8217;inaspettata sentenza. Noris, un arrivederci da noi, Andrea con Fabia, Rosa, Elisabetta, Carmela, Franco, Omar,\u00a0 Martina e Noah: tanto per dirti che non sei passata da queste parti per nulla, l&#8217;impronta \u00e8 rimasta come un solco nella terra, soprattutto la famiglia alla quale hai dedicato l&#8217;intera tua esistenza.<\/p>\n<p>mirko<\/p>\n<p>&nbsp;<\/p>\n<blockquote>\n<h3><em><a class=\"dt-pswp-item\" href=\"http:\/\/www.radiopiu.net\/wordpress\/wp-content\/uploads\/2019\/08\/girl-932400_1280.jpg\" data-dt-img-description=\"\" data-large_image_width=\"1280\" data-large_image_height=\"960\"><img loading=\"lazy\" decoding=\"async\" class=\" wp-image-96460 alignleft\" src=\"http:\/\/www.radiopiu.net\/wordpress\/wp-content\/uploads\/2019\/08\/girl-932400_1280-300x225.jpg\" alt=\"\" width=\"191\" height=\"143\" srcset=\"https:\/\/www.radiopiu.net\/wordpress\/wp-content\/uploads\/2019\/08\/girl-932400_1280-300x225.jpg 300w, https:\/\/www.radiopiu.net\/wordpress\/wp-content\/uploads\/2019\/08\/girl-932400_1280-768x576.jpg 768w, https:\/\/www.radiopiu.net\/wordpress\/wp-content\/uploads\/2019\/08\/girl-932400_1280-1024x768.jpg 1024w, https:\/\/www.radiopiu.net\/wordpress\/wp-content\/uploads\/2019\/08\/girl-932400_1280.jpg 1280w\" sizes=\"auto, (max-width: 191px) 100vw, 191px\" \/><\/a><\/em><\/h3>\n<h3><\/h3>\n<h3><em>di Silvana Scanferla &#8220;Sulle ali del vento&#8221;<\/em><\/h3>\n<\/blockquote>\n<p>&nbsp;<\/p>\n<audio class=\"wp-audio-shortcode\" id=\"audio-201604-1\" preload=\"none\" style=\"width: 100%;\" controls=\"controls\"><source type=\"audio\/mpeg\" src=\"http:\/\/www.radiopiu.net\/wordpress\/wp-content\/uploads\/2019\/08\/A-SILVANA.mp3?_=1\" \/><a href=\"http:\/\/www.radiopiu.net\/wordpress\/wp-content\/uploads\/2019\/08\/A-SILVANA.mp3\">http:\/\/www.radiopiu.net\/wordpress\/wp-content\/uploads\/2019\/08\/A-SILVANA.mp3<\/a><\/audio>\n<p>&nbsp;<\/p>\n<p>&nbsp;<\/p>\n<p>&nbsp;<\/p>\n<p>&nbsp;<\/p>\n","protected":false},"excerpt":{"rendered":"<p>BELLUNO La dolce Noris Moro (Honoria Garcia) ci ha lasciato con un sorriso, dedicato al marito Antonio, ai figli Brunella, Stefano, ai nipoti Simone, Caterina, Maddalena, Giulia. Ha lottato finch\u00e8 le forze glielo hanno concesso tra preghiere di speranza e riflessioni sull&#8217;essenza delle vita. Caro Antonio, questa volta \u00e8 un arbitro superiore che ha fischiato&hellip;<\/p>\n","protected":false},"author":4,"featured_media":201636,"comment_status":"closed","ping_status":"closed","sticky":false,"template":"","format":"standard","meta":{"_monsterinsights_skip_tracking":false,"_monsterinsights_sitenote_active":false,"_monsterinsights_sitenote_note":"","_monsterinsights_sitenote_category":0,"footnotes":""},"categories":[51,49],"tags":[],"class_list":["post-201604","post","type-post","status-publish","format-standard","has-post-thumbnail","hentry","category-evidenza-top","category-news-18","category-51","category-49","description-off"],"img_url":"https:\/\/www.radiopiu.net\/wordpress\/wp-content\/uploads\/2021\/04\/Schermata-2021-04-06-alle-11.44.56.png","_links":{"self":[{"href":"https:\/\/www.radiopiu.net\/wordpress\/wp-json\/wp\/v2\/posts\/201604","targetHints":{"allow":["GET"]}}],"collection":[{"href":"https:\/\/www.radiopiu.net\/wordpress\/wp-json\/wp\/v2\/posts"}],"about":[{"href":"https:\/\/www.radiopiu.net\/wordpress\/wp-json\/wp\/v2\/types\/post"}],"author":[{"embeddable":true,"href":"https:\/\/www.radiopiu.net\/wordpress\/wp-json\/wp\/v2\/users\/4"}],"replies":[{"embeddable":true,"href":"https:\/\/www.radiopiu.net\/wordpress\/wp-json\/wp\/v2\/comments?post=201604"}],"version-history":[{"count":0,"href":"https:\/\/www.radiopiu.net\/wordpress\/wp-json\/wp\/v2\/posts\/201604\/revisions"}],"wp:featuredmedia":[{"embeddable":true,"href":"https:\/\/www.radiopiu.net\/wordpress\/wp-json\/wp\/v2\/media\/201636"}],"wp:attachment":[{"href":"https:\/\/www.radiopiu.net\/wordpress\/wp-json\/wp\/v2\/media?parent=201604"}],"wp:term":[{"taxonomy":"category","embeddable":true,"href":"https:\/\/www.radiopiu.net\/wordpress\/wp-json\/wp\/v2\/categories?post=201604"},{"taxonomy":"post_tag","embeddable":true,"href":"https:\/\/www.radiopiu.net\/wordpress\/wp-json\/wp\/v2\/tags?post=201604"}],"curies":[{"name":"wp","href":"https:\/\/api.w.org\/{rel}","templated":true}]}}