{"id":201637,"date":"2021-04-06T23:59:18","date_gmt":"2021-04-06T21:59:18","guid":{"rendered":"https:\/\/www.radiopiu.net\/wordpress\/?p=201637"},"modified":"2021-04-07T06:14:58","modified_gmt":"2021-04-07T04:14:58","slug":"club-unesco-agordino-finestra-su-riva","status":"publish","type":"post","link":"https:\/\/www.radiopiu.net\/wordpress\/club-unesco-agordino-finestra-su-riva\/","title":{"rendered":"CLUB UNESCO AGORDINO: \u201cFINESTRA SU RIVA\u201d"},"content":{"rendered":"<p><strong>di Renato Bona<\/strong><\/p>\n<p>Nell\u2019ottobre del 2013, per i tipi della tipografia Castaldi di Agordo, il Club Unesco Agordino guidato da Giuliano Laveder dava alle stampe (e \u201cGiuli\u201d non mancava di farmene avere una copia), col patrocinio della Federazione italiana dei club e centri Unesco membro della Federazione mondiale, il prestigioso volume fotografico \u201cUna finestra su Riva\u201d dal formato insolito ma di elevato contenuto sia per quanto concerne le immagini che la duplice presentazione (dell\u2019amico comune, il giornalista Sergio Tazzer, tra l\u2019altro originario del posto) e di Marialuisa Stringa, presidentessa emerita della Federazione italiana Club Unesco e componente dell\u2019esecutivo di quella mondiale, ed il saluto di Adriano Ritacco, presidente della Federazione italiana dei Club e Centri Unesco). Dello stesso Laveder, di Rita Mottes, Emilia Sommariva e Caterina Tazzer l\u2019introduzione in cui si legge che \u201cIl Club Unesco di Rivamonte Agordino da quasi 20 anni \u00e8 impegnato a salvaguardare le origini, le tradizioni e la storia del proprio territorio con diverse iniziative che spaziano dall\u2019allestimento di mostre all\u2019organizzazione di corsi per apprendere gli antichi mestieri, dalla realizzazione di pubblicazioni alla rievocazione di antichi riti come quello dell\u2019Om Salv\u00e0rech, dall\u2019organizzazione di incontri e tavole rotonde al recupero di opere di valenza storica\u201d. E\u2019 dunque nato dall\u2019amore per il proprio territorio e la salvaguardia delle proprie tradizioni il libro di fotografie \u201cin cui poter fermare momenti di quotidianit\u00e0 e scorci di angoli dal sapore antico\u201d. La parola d\u2019ordine \u00e8 stata per non dimenticare, non scordare volti ed espressioni impressi su carta fotografica ormai ingiallita, che raccontano il passato e che spesso si perdono in qualche cassetto per poi sbiadire per sempre oppure ricordi che vanno affievolendosi nella memoria dei pi\u00f9 anziani. Dopo la precisazione che \u201cil periodo storico coperto da tale racconto \u00e8 quello del secolo scorso con qualche escursione negli ultimi anni del 1800 avendo come filo conduttore le frazioni e le localit\u00e0 che \u201ccome dei piccoli tasselli di un puzzle, costituiscono o costituivano il comune di Rivamonte\u201d che nel 1938 contava ben 38 frazioni o localit\u00e0, di alcune delle quali non \u00e8 stato possibile reperire documentazione fotografica, senza trascurare la localit\u00e0 N\u00f3f \u201cdove abitava una famiglia che era registrata sotto la frazione Castei, Laveder, Mottes, Sommariva e Tazzer concludevano esprimendo l\u2019auspicio che la pubblicazione \u201cpossa anche essere uno stimolo per andare a riscoprire alcuni di questi angoli con occhi curiosi e vedere Rivamonte sotto una luce nuova\u201d. Ed eccolo, l\u2019elenco di frazioni e localit\u00e0 rivamontesi: Angoletta, Canop, Casera, Castei, Conca, Foca, Frele, Gona di Conedera, Gona di Zenich, Lonie, Mali, Miniere, Miotte, Molino, Montas, Mottes, Nampor, Paluc, Panci, Pedandola, Ponte Alto, Rosson, Roste, Saret, Schena, Scoli, Secele, Sech, Zep, Solai, Spia, Tagliata San Martino, Teli, Todesch (Sentel), Tos, Valchesina, Villagrande, Zenich. Per evidenti ragioni di spazio, in questa occasione ci limitiamo a proporre le immagini delle prime due in ordine alfabetico: Angoletta e Canop, ma prima richiamiamo una sottolineatura dei quattro che hanno firmato la presentazione: \u201cIl lavoro di ricerca sul campo ha richiesto molto tempo, sia nella raccolta del materiale fotografico, ma soprattutto nella raccolta delle informazioni che vanno ad accompagnare le immagini: datazioni storiche, nomi, cognomi e soprannomi di casato. Tale lavoro non \u00e8 stato semplice e spesso ci si \u00e8 affidati alla memoria orale, ai ricordi dei diretti protagonisti o dei loro familiari\u2026 Il lettore sar\u00e0 invitato ad essere partecipe in prima persona, segnalando eventuali notizie utili per una eventuale prossima edizione\u201d. Apriamola dunque la \u201cfinestra\u201d, con la prima immagine riferita ad ANGOLETTA. Anni \u201950: davanti a sinistra Maria e Renato Cont, Roberto Pollazzon, dietro, da sinistra. Elena Maria Sommariva, Pietro e Margherita Cont, ragazza \u201cforesta\u201d, Giglia e Ida Cont, Rita Sommariva. La popolazione della frazione a met\u00e0 anni \u201940 era di 85 persone e 24 famiglie. 1964: da sinistra; Luciano e Marinella Xaiz, Pierluigi Renon, Rosamabile Schena e, dietro, Marco Valentinuzzi. Anni \u201960: sfalcio prati sopra il Cristo R\u00f2s, cos\u00ec chiamato dal colore della vernice del legno; il Club Unesco ha provveduto al ripristino di questo crocifisso negli anni \u201990. Anni \u201930: da sinistra: Amabile Rosson Giorgetto e Maria Schena. Anni \u201930: da sinistra: Teresa Sommariva, Maria Schena, Antonio Sommariva e Iolanda Schena, dietro: Arcangela Gnech. Peculiarit\u00e0 della frazione \u00e8 data dalle ancora esistenti costruzioni a volta. Si racconta che all\u2019Anconetta si fosse rifugiata una contessa proveniente dall\u2019estero e che il \u201cquadro della nobilt\u00e0\u201d fosse custodito a Cesio-Busche. Ancora Angoletta: Sergio Cont del Gi\u00f2pi (1925-1990). Anni \u201930: da sinistra: Antonio e Teresa Sommariva. Anni \u201960: famiglia Sommariva, da sinistra in piedi: Rita, Elena, Maria, Antonio, Luigi, Angelo, Amabile e Maria Teresa; seduti: Arcangelo Gnech e Giacomo Sommariva (Pac\u00e9t). Anni \u201950: da sinistra Mario Cont (Scar\u00f9to), il farmacista Angelo Taio (Chip) e Renato Cont (Batit). CANOP. Anni \u201960: veduta del campanile di via Roma: \u201cCon l\u2019inizio dell\u2019anno decimo dell\u2019era fascista il capo del governo ordina che tutti i centri urbani dei comuni devono avere una via dedicata al nome di \u201cRoma\u201d; cos\u00ec il comune di Rivamonte deliber\u00f2 nel 1931 che la via S. Antonio-Rosson (bivio ufficio postale di allora) prendesse tale nome\u2026 Anni 40: a sinistra casa dei Faoro con osteria del Tali\u00e0n, dove si poteva giocare a biliardo e dove venivano organizzati pranzi di matrimonio; il locale \u00e8 stato chiuso all\u2019inizio degli anni \u201950; sino agli anni \u201940 questa osteria si trova a Rosson. Fine anni \u201920, da sinistra: nonna con le gemelle Bortolina e Pierin Gnech e la madre Maria Gnech (Maluthi). Bortolina ha svolto la professione di insegnante per molti anni alle scuole elementari dei Tos, mentre la sorella Pierin\u00e9ta faceva la sarta. 1953: sullo sfondo la casa della Mal\u00f9thi, da sinistra, dietro: Angela e Gemma Faoro, Rosetta Angoletta (madre di Bianca Faoro). 1960: campo di bocce del bar trattoria \u2018da Abele\u201d: da sinistra Bianca Faoro e il bambino Angelo Catalano, Maria Laveder, Abele Faoro, moglie del segretario comunale Catalano e Rosetta Angoletta (moglie di Abele). Nelle vicinanze si trovava il negozio di Olivo Conedera, chiuso all\u2019inizio degli anni \u201960, dove si poteva acquistare un po\u2019 di tutto; quando il materiale era voluminoso spesso il trasporto veniva fatto a spalla, con la gerla. Il negozio veniva rifornito utilizzando il trasporto pubblico: la corriera delle 13,00. Molti ricordano Olivo quando andava a prendere i generi alimentari alla fermata del pullman con il suo carretto. Il negozio stato poi affittato ad Andrea Da Ronch, finch\u00e9 non ha aperto il proprio negozio nella sua abitazione. Anni \u201950: i fratelli Marietta e Andrea Fadig\u00e0. Nella frazione nel 1944 abitavano 18 famiglie (63 persone). Anni \u201950: Strada dei Canop con i numerosi alberi da frutto, la signora seduta sulla Lambretta del maestro Sar\u00e9t \u00e8 Maria Schena. Lungo la stessa strada si trovava il negozio di generi alimentari di Andrea Da Ronch, che venne chiuso nel 1988-89. Marzo 1957: matrimonio di Costanza Conedera e Ferdinando De Pasqual. I due giovani davanti sono Pietro Conedera a sinistra e Dario Santel a destra. Un tempo gli sposi si recavano in chiesa a piedi e a celebrazione conclusa era consuetudine offrire dei confetti non solo all\u2019uscita dalla chiesa ma anche a coloro che posizionavano davanti alle loro abitazioni una seggiolina con sopra un bel fazzoletto e magari un piattino, dove i novelli sposi lasciavano in dono i confetti. 1968: Bar trattoria \u201cda Abele\u201d, da sinistra: Bianca Faoro, la figlia Tullia Zanin, e Abele Faoro. Fine anni \u201950: a sinistra Pierluigi Xaiz e a destra Giuseppe Rosson. 1957: sullo sfondo la casa dei Bigoi; in prima fila da sinistra le cresimande Giuseppina e Amalia Pedandola quindi Cesarina Xaiz, in seconda fila, da sinistra: le madrine Maria Schena (Lisi), Iole Gnech e Bruna Xaiz.<\/p>\n\n\t\t\t<style type='text\/css'>\n\t\t\t\t#gallery-1 {\n\t\t\t\t\tmargin: auto;\n\t\t\t\t}\n\t\t\t\t#gallery-1 .gallery-item {\n\t\t\t\t\tfloat: left;\n\t\t\t\t\tmargin-top: 10px;\n\t\t\t\t\ttext-align: center;\n\t\t\t\t\twidth: 20%;\n\t\t\t\t}\n\t\t\t\t#gallery-1 img {\n\t\t\t\t\tborder: 2px solid #cfcfcf;\n\t\t\t\t}\n\t\t\t\t#gallery-1 .gallery-caption {\n\t\t\t\t\tmargin-left: 0;\n\t\t\t\t}\n\t\t\t\t\/* see gallery_shortcode() in wp-includes\/media.php *\/\n\t\t\t<\/style>\n\t\t<div id='gallery-1' class='dt-gallery-container gallery galleryid-201637 gallery-columns-5 gallery-size-thumbnail'><dl class='gallery-item'>\n\t\t\t\t<dt class='gallery-icon landscape'>\n\t\t\t\t\t<a class=\"rollover rollover-zoom dt-pswp-item\" title=\"169944516_1379967032348467_6866537657289229441_n\" data-dt-img-description=\"\" data-large_image_width=\"2560\" data-large_image_height=\"1646\"href='https:\/\/www.radiopiu.net\/wordpress\/wp-content\/uploads\/2021\/04\/169944516_1379967032348467_6866537657289229441_n-scaled.jpg'><img loading=\"lazy\" decoding=\"async\" width=\"150\" height=\"150\" src=\"https:\/\/www.radiopiu.net\/wordpress\/wp-content\/uploads\/2021\/04\/169944516_1379967032348467_6866537657289229441_n-150x150.jpg\" class=\"attachment-thumbnail size-thumbnail\" alt=\"\" \/><\/a>\n\t\t\t\t<\/dt><\/dl><dl class='gallery-item'>\n\t\t\t\t<dt class='gallery-icon portrait'>\n\t\t\t\t\t<a class=\"rollover rollover-zoom dt-pswp-item\" title=\"169848276_147016193927086_3747658495087852831_n\" data-dt-img-description=\"\" data-large_image_width=\"2057\" data-large_image_height=\"2560\"href='https:\/\/www.radiopiu.net\/wordpress\/wp-content\/uploads\/2021\/04\/169848276_147016193927086_3747658495087852831_n-scaled.jpg'><img loading=\"lazy\" decoding=\"async\" width=\"150\" height=\"150\" src=\"https:\/\/www.radiopiu.net\/wordpress\/wp-content\/uploads\/2021\/04\/169848276_147016193927086_3747658495087852831_n-150x150.jpg\" class=\"attachment-thumbnail size-thumbnail\" alt=\"\" \/><\/a>\n\t\t\t\t<\/dt><\/dl><dl class='gallery-item'>\n\t\t\t\t<dt class='gallery-icon landscape'>\n\t\t\t\t\t<a class=\"rollover rollover-zoom dt-pswp-item\" title=\"169880698_180115277285041_7772803567547799598_n\" data-dt-img-description=\"\" data-large_image_width=\"2560\" data-large_image_height=\"1961\"href='https:\/\/www.radiopiu.net\/wordpress\/wp-content\/uploads\/2021\/04\/169880698_180115277285041_7772803567547799598_n-scaled.jpg'><img loading=\"lazy\" decoding=\"async\" width=\"150\" height=\"150\" src=\"https:\/\/www.radiopiu.net\/wordpress\/wp-content\/uploads\/2021\/04\/169880698_180115277285041_7772803567547799598_n-150x150.jpg\" class=\"attachment-thumbnail size-thumbnail\" alt=\"\" \/><\/a>\n\t\t\t\t<\/dt><\/dl><dl class='gallery-item'>\n\t\t\t\t<dt class='gallery-icon landscape'>\n\t\t\t\t\t<a class=\"rollover rollover-zoom dt-pswp-item\" title=\"169150821_236673464866794_6135179981280905630_n\" data-dt-img-description=\"\" data-large_image_width=\"2560\" data-large_image_height=\"1572\"href='https:\/\/www.radiopiu.net\/wordpress\/wp-content\/uploads\/2021\/04\/169150821_236673464866794_6135179981280905630_n-scaled.jpg'><img loading=\"lazy\" decoding=\"async\" width=\"150\" height=\"150\" src=\"https:\/\/www.radiopiu.net\/wordpress\/wp-content\/uploads\/2021\/04\/169150821_236673464866794_6135179981280905630_n-150x150.jpg\" class=\"attachment-thumbnail size-thumbnail\" alt=\"\" \/><\/a>\n\t\t\t\t<\/dt><\/dl><dl class='gallery-item'>\n\t\t\t\t<dt class='gallery-icon landscape'>\n\t\t\t\t\t<a class=\"rollover rollover-zoom dt-pswp-item\" title=\"170424709_364037021522631_2544767948221535276_n\" data-dt-img-description=\"\" data-large_image_width=\"2560\" data-large_image_height=\"1990\"href='https:\/\/www.radiopiu.net\/wordpress\/wp-content\/uploads\/2021\/04\/170424709_364037021522631_2544767948221535276_n-scaled.jpg'><img loading=\"lazy\" decoding=\"async\" width=\"150\" height=\"150\" src=\"https:\/\/www.radiopiu.net\/wordpress\/wp-content\/uploads\/2021\/04\/170424709_364037021522631_2544767948221535276_n-150x150.jpg\" class=\"attachment-thumbnail size-thumbnail\" alt=\"\" \/><\/a>\n\t\t\t\t<\/dt><\/dl><br style=\"clear: both\" \/><dl class='gallery-item'>\n\t\t\t\t<dt class='gallery-icon portrait'>\n\t\t\t\t\t<a class=\"rollover rollover-zoom dt-pswp-item\" title=\"170492438_4032242140169856_7485666799750020026_n\" data-dt-img-description=\"\" data-large_image_width=\"2331\" data-large_image_height=\"2560\"href='https:\/\/www.radiopiu.net\/wordpress\/wp-content\/uploads\/2021\/04\/170492438_4032242140169856_7485666799750020026_n-scaled.jpg'><img loading=\"lazy\" decoding=\"async\" width=\"150\" height=\"150\" src=\"https:\/\/www.radiopiu.net\/wordpress\/wp-content\/uploads\/2021\/04\/170492438_4032242140169856_7485666799750020026_n-150x150.jpg\" class=\"attachment-thumbnail size-thumbnail\" alt=\"\" \/><\/a>\n\t\t\t\t<\/dt><\/dl><dl class='gallery-item'>\n\t\t\t\t<dt class='gallery-icon landscape'>\n\t\t\t\t\t<a class=\"rollover rollover-zoom dt-pswp-item\" title=\"170043097_4141503502579043_2017704209004827181_n\" data-dt-img-description=\"\" data-large_image_width=\"2560\" data-large_image_height=\"2095\"href='https:\/\/www.radiopiu.net\/wordpress\/wp-content\/uploads\/2021\/04\/170043097_4141503502579043_2017704209004827181_n-scaled.jpg'><img loading=\"lazy\" decoding=\"async\" width=\"150\" height=\"150\" src=\"https:\/\/www.radiopiu.net\/wordpress\/wp-content\/uploads\/2021\/04\/170043097_4141503502579043_2017704209004827181_n-150x150.jpg\" class=\"attachment-thumbnail size-thumbnail\" alt=\"\" \/><\/a>\n\t\t\t\t<\/dt><\/dl><dl class='gallery-item'>\n\t\t\t\t<dt class='gallery-icon landscape'>\n\t\t\t\t\t<a class=\"rollover rollover-zoom dt-pswp-item\" title=\"170127003_458723078707000_3770854766399725697_n\" data-dt-img-description=\"\" data-large_image_width=\"2560\" data-large_image_height=\"1507\"href='https:\/\/www.radiopiu.net\/wordpress\/wp-content\/uploads\/2021\/04\/170127003_458723078707000_3770854766399725697_n-scaled.jpg'><img loading=\"lazy\" decoding=\"async\" width=\"150\" height=\"150\" src=\"https:\/\/www.radiopiu.net\/wordpress\/wp-content\/uploads\/2021\/04\/170127003_458723078707000_3770854766399725697_n-150x150.jpg\" class=\"attachment-thumbnail size-thumbnail\" alt=\"\" \/><\/a>\n\t\t\t\t<\/dt><\/dl><dl class='gallery-item'>\n\t\t\t\t<dt class='gallery-icon landscape'>\n\t\t\t\t\t<a class=\"rollover rollover-zoom dt-pswp-item\" title=\"169994829_520169116013885_1103671389189137829_n\" data-dt-img-description=\"\" data-large_image_width=\"2560\" data-large_image_height=\"1184\"href='https:\/\/www.radiopiu.net\/wordpress\/wp-content\/uploads\/2021\/04\/169994829_520169116013885_1103671389189137829_n-scaled.jpg'><img loading=\"lazy\" decoding=\"async\" width=\"150\" height=\"150\" src=\"https:\/\/www.radiopiu.net\/wordpress\/wp-content\/uploads\/2021\/04\/169994829_520169116013885_1103671389189137829_n-150x150.jpg\" class=\"attachment-thumbnail size-thumbnail\" alt=\"\" \/><\/a>\n\t\t\t\t<\/dt><\/dl><dl class='gallery-item'>\n\t\t\t\t<dt class='gallery-icon landscape'>\n\t\t\t\t\t<a class=\"rollover rollover-zoom dt-pswp-item\" title=\"169145504_739970610042556_1170120293681462766_n\" data-dt-img-description=\"\" data-large_image_width=\"2560\" data-large_image_height=\"1685\"href='https:\/\/www.radiopiu.net\/wordpress\/wp-content\/uploads\/2021\/04\/169145504_739970610042556_1170120293681462766_n-scaled.jpg'><img loading=\"lazy\" decoding=\"async\" width=\"150\" height=\"150\" src=\"https:\/\/www.radiopiu.net\/wordpress\/wp-content\/uploads\/2021\/04\/169145504_739970610042556_1170120293681462766_n-150x150.jpg\" class=\"attachment-thumbnail size-thumbnail\" alt=\"\" \/><\/a>\n\t\t\t\t<\/dt><\/dl><br style=\"clear: both\" \/><dl class='gallery-item'>\n\t\t\t\t<dt class='gallery-icon portrait'>\n\t\t\t\t\t<a class=\"rollover rollover-zoom dt-pswp-item\" title=\"168968272_750668995810642_886111473961898921_n\" data-dt-img-description=\"\" data-large_image_width=\"2342\" data-large_image_height=\"2560\"href='https:\/\/www.radiopiu.net\/wordpress\/wp-content\/uploads\/2021\/04\/168968272_750668995810642_886111473961898921_n-scaled.jpg'><img loading=\"lazy\" decoding=\"async\" width=\"150\" height=\"150\" src=\"https:\/\/www.radiopiu.net\/wordpress\/wp-content\/uploads\/2021\/04\/168968272_750668995810642_886111473961898921_n-150x150.jpg\" class=\"attachment-thumbnail size-thumbnail\" alt=\"\" \/><\/a>\n\t\t\t\t<\/dt><\/dl><dl class='gallery-item'>\n\t\t\t\t<dt class='gallery-icon landscape'>\n\t\t\t\t\t<a class=\"rollover rollover-zoom dt-pswp-item\" title=\"169979833_772638836960967_3648906755880030722_n\" data-dt-img-description=\"\" data-large_image_width=\"2560\" data-large_image_height=\"1616\"href='https:\/\/www.radiopiu.net\/wordpress\/wp-content\/uploads\/2021\/04\/169979833_772638836960967_3648906755880030722_n-scaled.jpg'><img loading=\"lazy\" decoding=\"async\" width=\"150\" height=\"150\" src=\"https:\/\/www.radiopiu.net\/wordpress\/wp-content\/uploads\/2021\/04\/169979833_772638836960967_3648906755880030722_n-150x150.jpg\" class=\"attachment-thumbnail size-thumbnail\" alt=\"\" \/><\/a>\n\t\t\t\t<\/dt><\/dl><dl class='gallery-item'>\n\t\t\t\t<dt class='gallery-icon landscape'>\n\t\t\t\t\t<a class=\"rollover rollover-zoom dt-pswp-item\" title=\"169639628_851426808770976_4058004834788364137_n\" data-dt-img-description=\"\" data-large_image_width=\"2560\" data-large_image_height=\"1811\"href='https:\/\/www.radiopiu.net\/wordpress\/wp-content\/uploads\/2021\/04\/169639628_851426808770976_4058004834788364137_n-scaled.jpg'><img loading=\"lazy\" decoding=\"async\" width=\"150\" height=\"150\" src=\"https:\/\/www.radiopiu.net\/wordpress\/wp-content\/uploads\/2021\/04\/169639628_851426808770976_4058004834788364137_n-150x150.jpg\" class=\"attachment-thumbnail size-thumbnail\" alt=\"\" \/><\/a>\n\t\t\t\t<\/dt><\/dl><dl class='gallery-item'>\n\t\t\t\t<dt class='gallery-icon portrait'>\n\t\t\t\t\t<a class=\"rollover rollover-zoom dt-pswp-item\" title=\"169917497_941752606637090_7667080677877759047_n\" data-dt-img-description=\"\" data-large_image_width=\"1696\" data-large_image_height=\"2560\"href='https:\/\/www.radiopiu.net\/wordpress\/wp-content\/uploads\/2021\/04\/169917497_941752606637090_7667080677877759047_n-scaled.jpg'><img loading=\"lazy\" decoding=\"async\" width=\"150\" height=\"150\" src=\"https:\/\/www.radiopiu.net\/wordpress\/wp-content\/uploads\/2021\/04\/169917497_941752606637090_7667080677877759047_n-150x150.jpg\" class=\"attachment-thumbnail size-thumbnail\" alt=\"\" \/><\/a>\n\t\t\t\t<\/dt><\/dl><dl class='gallery-item'>\n\t\t\t\t<dt class='gallery-icon landscape'>\n\t\t\t\t\t<a class=\"rollover rollover-zoom dt-pswp-item\" title=\"169800596_477614259951609_6855378010345811750_n\" data-dt-img-description=\"\" data-large_image_width=\"2560\" data-large_image_height=\"1886\"href='https:\/\/www.radiopiu.net\/wordpress\/wp-content\/uploads\/2021\/04\/169800596_477614259951609_6855378010345811750_n-scaled.jpg'><img loading=\"lazy\" decoding=\"async\" width=\"150\" height=\"150\" src=\"https:\/\/www.radiopiu.net\/wordpress\/wp-content\/uploads\/2021\/04\/169800596_477614259951609_6855378010345811750_n-150x150.jpg\" class=\"attachment-thumbnail size-thumbnail\" alt=\"\" \/><\/a>\n\t\t\t\t<\/dt><\/dl><br style=\"clear: both\" \/>\n\t\t\t<\/div>\n\n<p>&nbsp;<\/p>\n","protected":false},"excerpt":{"rendered":"<p>di Renato Bona Nell\u2019ottobre del 2013, per i tipi della tipografia Castaldi di Agordo, il Club Unesco Agordino guidato da Giuliano Laveder dava alle stampe (e \u201cGiuli\u201d non mancava di farmene avere una copia), col patrocinio della Federazione italiana dei club e centri Unesco membro della Federazione mondiale, il prestigioso volume fotografico \u201cUna finestra su&hellip;<\/p>\n","protected":false},"author":4,"featured_media":201649,"comment_status":"closed","ping_status":"closed","sticky":false,"template":"","format":"standard","meta":{"_monsterinsights_skip_tracking":false,"_monsterinsights_sitenote_active":false,"_monsterinsights_sitenote_note":"","_monsterinsights_sitenote_category":0,"footnotes":""},"categories":[1,49],"tags":[],"class_list":["post-201637","post","type-post","status-publish","format-standard","has-post-thumbnail","hentry","category-senza-categoria","category-news-18","category-1","category-49","description-off"],"img_url":"https:\/\/www.radiopiu.net\/wordpress\/wp-content\/uploads\/2021\/04\/169880698_180115277285041_7772803567547799598_n-scaled.jpg","_links":{"self":[{"href":"https:\/\/www.radiopiu.net\/wordpress\/wp-json\/wp\/v2\/posts\/201637","targetHints":{"allow":["GET"]}}],"collection":[{"href":"https:\/\/www.radiopiu.net\/wordpress\/wp-json\/wp\/v2\/posts"}],"about":[{"href":"https:\/\/www.radiopiu.net\/wordpress\/wp-json\/wp\/v2\/types\/post"}],"author":[{"embeddable":true,"href":"https:\/\/www.radiopiu.net\/wordpress\/wp-json\/wp\/v2\/users\/4"}],"replies":[{"embeddable":true,"href":"https:\/\/www.radiopiu.net\/wordpress\/wp-json\/wp\/v2\/comments?post=201637"}],"version-history":[{"count":0,"href":"https:\/\/www.radiopiu.net\/wordpress\/wp-json\/wp\/v2\/posts\/201637\/revisions"}],"wp:featuredmedia":[{"embeddable":true,"href":"https:\/\/www.radiopiu.net\/wordpress\/wp-json\/wp\/v2\/media\/201649"}],"wp:attachment":[{"href":"https:\/\/www.radiopiu.net\/wordpress\/wp-json\/wp\/v2\/media?parent=201637"}],"wp:term":[{"taxonomy":"category","embeddable":true,"href":"https:\/\/www.radiopiu.net\/wordpress\/wp-json\/wp\/v2\/categories?post=201637"},{"taxonomy":"post_tag","embeddable":true,"href":"https:\/\/www.radiopiu.net\/wordpress\/wp-json\/wp\/v2\/tags?post=201637"}],"curies":[{"name":"wp","href":"https:\/\/api.w.org\/{rel}","templated":true}]}}