{"id":201664,"date":"2021-04-07T05:58:56","date_gmt":"2021-04-07T03:58:56","guid":{"rendered":"https:\/\/www.radiopiu.net\/wordpress\/?p=201664"},"modified":"2021-04-07T06:08:35","modified_gmt":"2021-04-07T04:08:35","slug":"luxottica-premia-il-merito-dei-figli-dei-dipendenti-premiati-155-studenti","status":"publish","type":"post","link":"https:\/\/www.radiopiu.net\/wordpress\/luxottica-premia-il-merito-dei-figli-dei-dipendenti-premiati-155-studenti\/","title":{"rendered":"LUXOTTICA PREMIA IL MERITO DEI FIGLI DEI DIPENDENTI. PREMIATI 155 STUDENTI"},"content":{"rendered":"<p><strong><a href=\"https:\/\/www.radiopiu.net\/wordpress\/luxottica-a-settembre-parte-la-flessibilita-allo-stabilimento-di-agordo\/luxottica-2020\/\" rel=\"attachment wp-att-157799\"><img loading=\"lazy\" decoding=\"async\" class=\"size-medium wp-image-157799 alignleft\" src=\"https:\/\/www.radiopiu.net\/wordpress\/wp-content\/uploads\/2020\/08\/LUXOTTICA-2020-300x225.jpg\" alt=\"\" width=\"300\" height=\"225\" srcset=\"https:\/\/www.radiopiu.net\/wordpress\/wp-content\/uploads\/2020\/08\/LUXOTTICA-2020-300x225.jpg 300w, https:\/\/www.radiopiu.net\/wordpress\/wp-content\/uploads\/2020\/08\/LUXOTTICA-2020-1024x768.jpg 1024w, https:\/\/www.radiopiu.net\/wordpress\/wp-content\/uploads\/2020\/08\/LUXOTTICA-2020-768x576.jpg 768w, https:\/\/www.radiopiu.net\/wordpress\/wp-content\/uploads\/2020\/08\/LUXOTTICA-2020-1536x1152.jpg 1536w, https:\/\/www.radiopiu.net\/wordpress\/wp-content\/uploads\/2020\/08\/LUXOTTICA-2020-640x480.jpg 640w, https:\/\/www.radiopiu.net\/wordpress\/wp-content\/uploads\/2020\/08\/LUXOTTICA-2020.jpg 2048w\" sizes=\"auto, (max-width: 300px) 100vw, 300px\" \/><\/a>AGORDO<\/strong> Anche in un anno difficile come il 2020, segnato dalla didattica a distanza, Luxottica ha deciso di valorizzare i percorsi scolastici e accademici degli studenti che si sono contraddistinti per gli ottimi risultati, mantenendo fede alla ormai decennale tradizione delle borse di studio che il programma Welfare aziendale riserva a figli dei dipendenti e dipendenti stessi. Quest\u2019anno sono stati premiati 155 studenti, con 57 premi per la terza media, 54 per la maturit\u00e0, 21 per la laurea triennale e 23 per la laurea specialistica o a ciclo unico, per un totale di 240 mila euro. Percorsi scolastici, accademici e professionali, e presta particolare attenzione ai ragazzi che si sono distinti per i loro risultati. Ad oggi pi\u00f9 di 2.500 sono stati gli studenti meritevoli, premiati nel corso delle diverse edizioni. Per tutelare la sicurezza di tutti, non \u00e8 stato possibile organizzare la consueta cerimonia di premiazione in azienda. Nonostante questo, l\u2019azienda ha chiesto ai premiati di condividere una piccola riflessione sull\u2019impegno nello studio, sulle sfide dell\u2019ultimo anno e sulle possibili evoluzioni dei nostri stili di vita nel futuro, quando l\u2019emergenza attuale sar\u00e0 superata. Alcune delle loro risposte saranno condivise sui canali social di Luxottica, dando cos\u00ec voce a giovani talenti che con la loro passione e determinazione sono simbolo di speranza e ottimismo per il futuro.<\/p>\n<p><strong>PENSIERI DEGLI STUDENTI CHE VERRANNO POSTATI SUI SOCIAL<\/strong><\/p>\n<p><strong>Gaia, 3\u00b0 media:<\/strong> &#8220;Porsi degli obiettivi \u00e8 la base motivazionale dello studio quotidiano, ma quello che pi\u00f9 mi stimola \u00e8 la volont\u00e0, attraverso il costante apprendimento, di determinare il mio futuro. Sogno di diventare medico e tutti i giorni sono convinta di fare un piccolo passo in quella direzione&#8221; <strong>Zoe, 5\u00b0 superiore:<\/strong> &#8220;Abbiamo riscoperto nuovi valori dimenticati come l\u2019amicizia e la famiglia, siamo riusciti ad unirci anche essendo lontani. Credo che questo senso di unione e fratellanza sia da mantenere saldo anche nel futuro per far s\u00ec che il mondo sia un luogo migliore e pi\u00f9 sicuro&#8221; <strong>Christian, laurea triennale:<\/strong> &#8220;Molte novit\u00e0 introdotte durante il corso della pandemia troveranno ancora spazio. Penso alla didattica digitale integrata che permetter\u00e0 al sistema scolastico e universitario di essere pi\u00f9 digitalizzato e inclusivo e in ambito professionale allo smart working che ha permesso maggiore elasticit\u00e0 in termini di produzione&#8221; <strong>Alessandra, laurea ciclo unico:<\/strong> &#8220;L\u2019amore per ci\u00f2 che faccio e il sostegno delle persone che mi stanno vicino sono stati, e sono tutt\u2019ora, il carburante che mi ha permesso di concludere il mio corso di studi e che mi permette ogni giorno di affrontare nuove sfide&#8221;<\/p>\n","protected":false},"excerpt":{"rendered":"<p>AGORDO Anche in un anno difficile come il 2020, segnato dalla didattica a distanza, Luxottica ha deciso di valorizzare i percorsi scolastici e accademici degli studenti che si sono contraddistinti per gli ottimi risultati, mantenendo fede alla ormai decennale tradizione delle borse di studio che il programma Welfare aziendale riserva a figli dei dipendenti e&hellip;<\/p>\n","protected":false},"author":4,"featured_media":157799,"comment_status":"closed","ping_status":"closed","sticky":false,"template":"","format":"standard","meta":{"_monsterinsights_skip_tracking":false,"_monsterinsights_sitenote_active":false,"_monsterinsights_sitenote_note":"","_monsterinsights_sitenote_category":0,"footnotes":""},"categories":[51,49],"tags":[],"class_list":["post-201664","post","type-post","status-publish","format-standard","has-post-thumbnail","hentry","category-evidenza-top","category-news-18","category-51","category-49","description-off"],"img_url":"https:\/\/www.radiopiu.net\/wordpress\/wp-content\/uploads\/2020\/08\/LUXOTTICA-2020.jpg","_links":{"self":[{"href":"https:\/\/www.radiopiu.net\/wordpress\/wp-json\/wp\/v2\/posts\/201664","targetHints":{"allow":["GET"]}}],"collection":[{"href":"https:\/\/www.radiopiu.net\/wordpress\/wp-json\/wp\/v2\/posts"}],"about":[{"href":"https:\/\/www.radiopiu.net\/wordpress\/wp-json\/wp\/v2\/types\/post"}],"author":[{"embeddable":true,"href":"https:\/\/www.radiopiu.net\/wordpress\/wp-json\/wp\/v2\/users\/4"}],"replies":[{"embeddable":true,"href":"https:\/\/www.radiopiu.net\/wordpress\/wp-json\/wp\/v2\/comments?post=201664"}],"version-history":[{"count":0,"href":"https:\/\/www.radiopiu.net\/wordpress\/wp-json\/wp\/v2\/posts\/201664\/revisions"}],"wp:featuredmedia":[{"embeddable":true,"href":"https:\/\/www.radiopiu.net\/wordpress\/wp-json\/wp\/v2\/media\/157799"}],"wp:attachment":[{"href":"https:\/\/www.radiopiu.net\/wordpress\/wp-json\/wp\/v2\/media?parent=201664"}],"wp:term":[{"taxonomy":"category","embeddable":true,"href":"https:\/\/www.radiopiu.net\/wordpress\/wp-json\/wp\/v2\/categories?post=201664"},{"taxonomy":"post_tag","embeddable":true,"href":"https:\/\/www.radiopiu.net\/wordpress\/wp-json\/wp\/v2\/tags?post=201664"}],"curies":[{"name":"wp","href":"https:\/\/api.w.org\/{rel}","templated":true}]}}