{"id":201828,"date":"2021-04-07T13:30:19","date_gmt":"2021-04-07T11:30:19","guid":{"rendered":"https:\/\/www.radiopiu.net\/wordpress\/?p=201828"},"modified":"2021-04-07T13:30:20","modified_gmt":"2021-04-07T11:30:20","slug":"due-giornate-500-ultra-settantenni-vaccinati-con-la-prima-dose","status":"publish","type":"post","link":"https:\/\/www.radiopiu.net\/wordpress\/due-giornate-500-ultra-settantenni-vaccinati-con-la-prima-dose\/","title":{"rendered":"DUE GIORNATE, 500 ULTRA SETTANTENNI VACCINATI CON LA PRIMA DOSE"},"content":{"rendered":"<p><strong><a href=\"https:\/\/www.radiopiu.net\/wordpress\/due-giornate-500-ultra-settantenni-vaccinati-con-la-prima-dose\/vaccini_a_ponte_1\/\" rel=\"attachment wp-att-201830\"><img loading=\"lazy\" decoding=\"async\" class=\" wp-image-201830 alignleft\" src=\"https:\/\/www.radiopiu.net\/wordpress\/wp-content\/uploads\/2021\/04\/Vaccini_a_Ponte_1-300x225.jpg\" alt=\"\" width=\"183\" height=\"138\" srcset=\"https:\/\/www.radiopiu.net\/wordpress\/wp-content\/uploads\/2021\/04\/Vaccini_a_Ponte_1-300x225.jpg 300w, https:\/\/www.radiopiu.net\/wordpress\/wp-content\/uploads\/2021\/04\/Vaccini_a_Ponte_1-768x576.jpg 768w, https:\/\/www.radiopiu.net\/wordpress\/wp-content\/uploads\/2021\/04\/Vaccini_a_Ponte_1.jpg 1024w\" sizes=\"auto, (max-width: 183px) 100vw, 183px\" \/><\/a>PONTE NELLE ALPI<\/strong> Sono 500 i cittadini di Ponte nelle Alpi che hanno aderito alle due giornate di vaccinazioni dedicate alle persone tra i 70 e i 79 anni.\u00a0 Tutto come da programma, comunicato con lettera recapitata nelle case da parte dell\u2019amministrazione comunale, che ha collaborato attivamente con il gruppo di medici resisi disponibili alle procedure vaccinali. Due medici hanno provveduto a inoculare il siero anti-Covid e a monitorare i primi minuti post-vaccino. In questo modo non si sono formate code e non ci sono stati tempi d\u2019attesa<em>. <\/em>Alle persone vaccinate \u00e8 gi\u00e0 stato consegnato il foglietto promemoria della seconda dose, il 17 giugno, sempre con le stesse modalit\u00e0, presso la palestra delle scuole elementari.\u00a0 <em>\u00abI riscontri che abbiamo avuto sono estremamente rilevanti &#8211; commenta il sindaco Paolo Vendramini -. Il meccanismo ha funzionato e i nostri concittadini hanno dimostrato soddisfazione per questo servizio. Ringrazio i medici di Ponte nelle Alpi che hanno messo a disposizione il loro tempo, il loro impegno e la loro professionalit\u00e0 per organizzare e coordinare queste giornate. E tutti coloro che hanno collaborato, dalla Protezione civile comunale alla Polizia municipale&#8221;.<\/em><\/p>\n","protected":false},"excerpt":{"rendered":"<p>PONTE NELLE ALPI Sono 500 i cittadini di Ponte nelle Alpi che hanno aderito alle due giornate di vaccinazioni dedicate alle persone tra i 70 e i 79 anni.\u00a0 Tutto come da programma, comunicato con lettera recapitata nelle case da parte dell\u2019amministrazione comunale, che ha collaborato attivamente con il gruppo di medici resisi disponibili alle&hellip;<\/p>\n","protected":false},"author":4,"featured_media":201829,"comment_status":"closed","ping_status":"closed","sticky":false,"template":"","format":"standard","meta":{"_monsterinsights_skip_tracking":false,"_monsterinsights_sitenote_active":false,"_monsterinsights_sitenote_note":"","_monsterinsights_sitenote_category":0,"footnotes":""},"categories":[49],"tags":[],"class_list":["post-201828","post","type-post","status-publish","format-standard","has-post-thumbnail","hentry","category-news-18","category-49","description-off"],"img_url":"https:\/\/www.radiopiu.net\/wordpress\/wp-content\/uploads\/2021\/04\/Vaccini_a_Ponte_2.jpg","_links":{"self":[{"href":"https:\/\/www.radiopiu.net\/wordpress\/wp-json\/wp\/v2\/posts\/201828","targetHints":{"allow":["GET"]}}],"collection":[{"href":"https:\/\/www.radiopiu.net\/wordpress\/wp-json\/wp\/v2\/posts"}],"about":[{"href":"https:\/\/www.radiopiu.net\/wordpress\/wp-json\/wp\/v2\/types\/post"}],"author":[{"embeddable":true,"href":"https:\/\/www.radiopiu.net\/wordpress\/wp-json\/wp\/v2\/users\/4"}],"replies":[{"embeddable":true,"href":"https:\/\/www.radiopiu.net\/wordpress\/wp-json\/wp\/v2\/comments?post=201828"}],"version-history":[{"count":0,"href":"https:\/\/www.radiopiu.net\/wordpress\/wp-json\/wp\/v2\/posts\/201828\/revisions"}],"wp:featuredmedia":[{"embeddable":true,"href":"https:\/\/www.radiopiu.net\/wordpress\/wp-json\/wp\/v2\/media\/201829"}],"wp:attachment":[{"href":"https:\/\/www.radiopiu.net\/wordpress\/wp-json\/wp\/v2\/media?parent=201828"}],"wp:term":[{"taxonomy":"category","embeddable":true,"href":"https:\/\/www.radiopiu.net\/wordpress\/wp-json\/wp\/v2\/categories?post=201828"},{"taxonomy":"post_tag","embeddable":true,"href":"https:\/\/www.radiopiu.net\/wordpress\/wp-json\/wp\/v2\/tags?post=201828"}],"curies":[{"name":"wp","href":"https:\/\/api.w.org\/{rel}","templated":true}]}}