{"id":201922,"date":"2021-04-09T06:00:44","date_gmt":"2021-04-09T04:00:44","guid":{"rendered":"https:\/\/www.radiopiu.net\/wordpress\/?p=201922"},"modified":"2021-04-09T14:17:21","modified_gmt":"2021-04-09T12:17:21","slug":"giornale-radiopiu-09-aprile-2021-direttore-mirko-mezzacasa","status":"publish","type":"post","link":"https:\/\/www.radiopiu.net\/wordpress\/giornale-radiopiu-09-aprile-2021-direttore-mirko-mezzacasa\/","title":{"rendered":"GIORNALE RADIOPIU 09 APRILE 2021 DIRETTORE MIRKO MEZZACASA"},"content":{"rendered":"<h3><a href=\"https:\/\/www.radiopiu.net\/wordpress\/giornale-radiopiu-24-gennaio-2021-direttore-mirko-mezzacasa\/141433770_171616291414874_2957460898102012198_n\/\" rel=\"attachment wp-att-186566\"><img loading=\"lazy\" decoding=\"async\" class=\"wp-image-186566 alignleft\" src=\"https:\/\/www.radiopiu.net\/wordpress\/wp-content\/uploads\/2021\/01\/141433770_171616291414874_2957460898102012198_n-300x300.jpg\" alt=\"\" width=\"144\" height=\"144\" srcset=\"https:\/\/www.radiopiu.net\/wordpress\/wp-content\/uploads\/2021\/01\/141433770_171616291414874_2957460898102012198_n-300x300.jpg 300w, https:\/\/www.radiopiu.net\/wordpress\/wp-content\/uploads\/2021\/01\/141433770_171616291414874_2957460898102012198_n-150x150.jpg 150w, https:\/\/www.radiopiu.net\/wordpress\/wp-content\/uploads\/2021\/01\/141433770_171616291414874_2957460898102012198_n-768x768.jpg 768w, https:\/\/www.radiopiu.net\/wordpress\/wp-content\/uploads\/2021\/01\/141433770_171616291414874_2957460898102012198_n.jpg 800w\" sizes=\"auto, (max-width: 144px) 100vw, 144px\" \/><\/a><\/h3>\n<h3><\/h3>\n<h3>PER<strong> RICEVERE QUESTO NOTIZIARIO DIRETTAMENTE SUL TUO CELLULARE ISCRIVITI AL CANALE TELEGRAM <\/strong><strong>\u201cRADIO PIU\u00a0 INFORMAZIONE&#8221;\u00a0<\/strong><\/h3>\n<h3><\/h3>\n<p>&nbsp;<\/p>\n<p>&nbsp;<\/p>\n<div dir=\"auto\">\n<hr \/>\n<\/div>\n<h2 dir=\"auto\"><a href=\"https:\/\/www.radiopiu.net\/wordpress\/giornale-radiopiu-07-aprile-2021-direttore-mirko-mezzacasa\/youtube\/\" rel=\"attachment wp-att-201738\"><img loading=\"lazy\" decoding=\"async\" class=\"wp-image-201738 alignleft\" src=\"https:\/\/www.radiopiu.net\/wordpress\/wp-content\/uploads\/2021\/04\/YOUTUBE-300x300.png\" alt=\"\" width=\"143\" height=\"143\" srcset=\"https:\/\/www.radiopiu.net\/wordpress\/wp-content\/uploads\/2021\/04\/YOUTUBE-300x300.png 300w, https:\/\/www.radiopiu.net\/wordpress\/wp-content\/uploads\/2021\/04\/YOUTUBE-1024x1024.png 1024w, https:\/\/www.radiopiu.net\/wordpress\/wp-content\/uploads\/2021\/04\/YOUTUBE-150x150.png 150w, https:\/\/www.radiopiu.net\/wordpress\/wp-content\/uploads\/2021\/04\/YOUTUBE-768x768.png 768w, https:\/\/www.radiopiu.net\/wordpress\/wp-content\/uploads\/2021\/04\/YOUTUBE.png 1200w\" sizes=\"auto, (max-width: 143px) 100vw, 143px\" \/><\/a><\/h2>\n<h2 dir=\"auto\"><\/h2>\n<h2 dir=\"auto\">RADIO PIU&#8217; ANCHE SU YOUTUBE. ISCRIVITI AL CANALE PER SEGUIRE LE DIRETTE E GUARDARE I VIDEO DI RADIO PIU&#8217;<\/h2>\n<h2 dir=\"auto\"><a href=\"https:\/\/www.youtube.com\/channel\/UC_sv6_pySrogmrRK354wWOw\">CLICCA QUI<\/a> E PREMI SUL PULSANTE &#8220;ISCRIVITI&#8221;<\/h2>\n<div dir=\"auto\"><\/div>\n<div dir=\"auto\"><\/div>\n<div dir=\"auto\"><\/div>\n<hr \/>\n<p>&nbsp;<\/p>\n<p><em><a href=\"https:\/\/www.radiopiu.net\/wordpress\/giornale-radiopiu-24-gennaio-2021-direttore-mirko-mezzacasa\/79216601_126817312416448_708980208774483089_n\/\" rel=\"attachment wp-att-186567\"><img loading=\"lazy\" decoding=\"async\" class=\"size-medium wp-image-186567 alignleft\" src=\"https:\/\/www.radiopiu.net\/wordpress\/wp-content\/uploads\/2021\/01\/79216601_126817312416448_708980208774483089_n-300x114.jpg\" alt=\"\" width=\"300\" height=\"114\" srcset=\"https:\/\/www.radiopiu.net\/wordpress\/wp-content\/uploads\/2021\/01\/79216601_126817312416448_708980208774483089_n-300x114.jpg 300w, https:\/\/www.radiopiu.net\/wordpress\/wp-content\/uploads\/2021\/01\/79216601_126817312416448_708980208774483089_n-768x292.jpg 768w, https:\/\/www.radiopiu.net\/wordpress\/wp-content\/uploads\/2021\/01\/79216601_126817312416448_708980208774483089_n.jpg 820w\" sizes=\"auto, (max-width: 300px) 100vw, 300px\" \/><\/a> <\/em><\/p>\n<p><em><span style=\"color: #ff0000;\">\u00a0<\/span><\/em><em><span style=\"color: #ff0000;\">LA NUOVA APP PER IOS-IPHONE di Nicola Vettorello <\/span><\/em><a href=\"https:\/\/apps.apple.com\/it\/app\/radio-pi%C3%B9-emittente-agordina\/id1515939845\">https:\/\/apps.apple.com\/it\/app\/radio-pi%C3%B9-emittente-agordina\/id1515939845<\/a><\/p>\n<p><em style=\"color: #ff0000;\">ATTENZIONE: LA NUOVA APP RADIO\u00a0 PER ANDROID di Nicola Vettorello<\/em><\/p>\n<p><a href=\"https:\/\/play.google.com\/store\/apps\/details?id=net.radiopiu.iniko\" target=\"_blank\" rel=\"noopener noreferrer\">https:\/\/play.google.com\/store\/apps\/details?id=net.radiopiu.iniko<\/a><\/p>\n<p>&nbsp;<\/p>\n<p>&nbsp;<\/p>\n<hr \/>\n<p>&nbsp;<\/p>\n<blockquote>\n<h3>VENETO IN ARANCIONE<\/h3>\n<\/blockquote>\n<p><strong>VENEZIA<\/strong><em> Il Veneto in zona arancione. Di seguito il vademecum sulla zona arancione.<\/em><\/p>\n<h3><a href=\"https:\/\/www.radiopiu.net\/wordpress\/giornale-radiopiu-03-aprile-2021-direttore-mirko-mezzacasa\/b3f36804-16e9-4406-b10b-f7963a753f82\/\" rel=\"attachment wp-att-201000\"><img loading=\"lazy\" decoding=\"async\" class=\"aligncenter wp-image-201000 size-full\" src=\"https:\/\/www.radiopiu.net\/wordpress\/wp-content\/uploads\/2021\/04\/b3f36804-16e9-4406-b10b-f7963a753f82.jpg\" alt=\"\" width=\"1024\" height=\"616\" srcset=\"https:\/\/www.radiopiu.net\/wordpress\/wp-content\/uploads\/2021\/04\/b3f36804-16e9-4406-b10b-f7963a753f82.jpg 1024w, https:\/\/www.radiopiu.net\/wordpress\/wp-content\/uploads\/2021\/04\/b3f36804-16e9-4406-b10b-f7963a753f82-300x180.jpg 300w, https:\/\/www.radiopiu.net\/wordpress\/wp-content\/uploads\/2021\/04\/b3f36804-16e9-4406-b10b-f7963a753f82-768x462.jpg 768w\" sizes=\"auto, (max-width: 1024px) 100vw, 1024px\" \/><\/a><\/h3>\n<p>&nbsp;<\/p>\n<p><strong>PER GLI SPOSTAMENTI FUORI COMUNE (SOTTO I 5000 ABITANTI) OBBLIGO DI AUTOCERTIFICAZIONE CHE PUOI <a href=\"https:\/\/www.radiopiu.net\/wordpress\/veneto-in-rosso-il-bianco-sardegna-lontano-lo-dice-lincide-rt\/dpcm-autocertificazione-gennaio-2021\/\">SCARICARE QUI<\/a><\/strong><\/p>\n<p>&nbsp;<\/p>\n<p>&nbsp;<\/p>\n<hr \/>\n<p>&nbsp;<\/p>\n<p align=\"CENTER\"><span style=\"color: #000000;\"><span style=\"font-family: Arial, serif;\"><b>DAL 16 AL 25 APRILE CHIUSURA STATALE A GRAVAZZE <\/b><\/span><\/span><b style=\"font-family: Arial, serif; color: #000000;\">PER LA REALIZZAZIONE DEL SOTTOPASSO CICLABILE<\/b><\/p>\n<p align=\"JUSTIFY\"><span style=\"color: #000000;\"><span style=\"font-family: Arial, serif;\">&#8211; per chi da Feltre va a Belluno o Sedico deviazione a Busche sulla sinistra Piave che dovr\u00e0 essere percorsa anche da chi va da Belluno a Feltre; <\/span><\/span><span style=\"color: #000000;\"><span style=\"font-family: Arial, serif;\">&#8211; per coloro che dai Comuni di Cesiomaggiore, San Gregorio e Santa Giustina si devono recare ad Agordo, Sedico e Belluno la deviazione sar\u00e0 all\u2019incrocio di Meano verso Ponte Mas, cos\u00ec come nel senso inverso.<\/span><\/span><\/p>\n<p>&nbsp;<\/p>\n<p><strong>SP 3 VAL IMPERINA <\/strong>Fino al 30 aprile (sabato e domenica esclusi) interdizione alla viabilit\u00e0 per lavori di esbosco schianti a fasce orari. Chiusure: dalle 8 alle 9.45; dalle 10 alle 12; dalle 13.45 alle 15.50; dalle 16.10 alle 17.30. Nei periodi non interessati dalla chiusura senso unico alternato con movieri.<img loading=\"lazy\" decoding=\"async\" class=\"wp-image-198719 alignleft\" src=\"https:\/\/www.radiopiu.net\/wordpress\/wp-content\/uploads\/2021\/03\/d1cefc45-a8f4-432d-b66b-ba03ea140813-300x142.jpg\" alt=\"\" width=\"188\" height=\"89\" srcset=\"https:\/\/www.radiopiu.net\/wordpress\/wp-content\/uploads\/2021\/03\/d1cefc45-a8f4-432d-b66b-ba03ea140813-300x142.jpg 300w, https:\/\/www.radiopiu.net\/wordpress\/wp-content\/uploads\/2021\/03\/d1cefc45-a8f4-432d-b66b-ba03ea140813-1024x485.jpg 1024w, https:\/\/www.radiopiu.net\/wordpress\/wp-content\/uploads\/2021\/03\/d1cefc45-a8f4-432d-b66b-ba03ea140813-768x364.jpg 768w, https:\/\/www.radiopiu.net\/wordpress\/wp-content\/uploads\/2021\/03\/d1cefc45-a8f4-432d-b66b-ba03ea140813-1536x728.jpg 1536w, https:\/\/www.radiopiu.net\/wordpress\/wp-content\/uploads\/2021\/03\/d1cefc45-a8f4-432d-b66b-ba03ea140813.jpg 1599w\" sizes=\"auto, (max-width: 188px) 100vw, 188px\" \/><\/p>\n<p><strong>SP 2 VALLE DEL MIS<\/strong> Dal 25 marzo al 9 aprile (sabato e domenica compresi) senso unico alternato al km 23.460 in prossimit\u00e0 di Gosaldo<\/p>\n<p><strong>PROVINCIALE 10 DI ALANO, LOC. LE SORGENTI<\/strong> interruzione totale alla viabilit\u00e0 fino al 19 maggio, dalle 8 alle 12 e dalle 13 alle 18, esclusi sabato e domenica<\/p>\n<p>&nbsp;<\/p>\n<hr \/>\n<p>&nbsp;<\/p>\n<blockquote>\n<h3>INTERRUZIONI PROGRAMMATE PER LAVORI<\/h3>\n<\/blockquote>\n<p><strong><a href=\"https:\/\/www.radiopiu.net\/wordpress\/giornale-radio-piu-edizione-del-23-dicembre-2017-direttore-mirko-mezzacasa\/enel-tecnico-in-stazione-elettrica\/\" rel=\"attachment wp-att-40340\"><img loading=\"lazy\" decoding=\"async\" class=\"wp-image-40340 alignleft\" src=\"https:\/\/www.radiopiu.net\/wordpress\/wp-content\/uploads\/2017\/12\/Enel-Tecnico-in-stazione-elettrica-300x201.jpg\" alt=\"\" width=\"118\" height=\"79\" \/><\/a><\/strong><\/p>\n<p><strong>\u00a0<\/strong><\/p>\n<p><strong>AGORDO domani<\/strong>\u00a0dalle 8 alle 14<\/p>\n<p>&nbsp;<\/p>\n<p>&nbsp;<\/p>\n<p>&nbsp;<\/p>\n<hr \/>\n<p>&nbsp;<\/p>\n<blockquote>\n<h3><strong><span style=\"color: #ff9900;\">UN ALTRO GIORNO DI VERDETTI DALLA CABINA DI REGIA ANCHE PER IL VENETO, CON INDICE DI CONTAGIO A 0,96 E INCIDENZA A 160,3 (soglia d&#8217;allarme 250) ALMENO IL COLORE ARANCIONE E&#8217; CERTO, RIMANE PERO&#8217; L&#8217;INCERTEZZA TERAPIE INTENSIVE PERCHE&#8217; E&#8217; STATA RAGGIUNTA LA SOGLIA DEL 30%<\/span><\/strong><\/h3>\n<\/blockquote>\n<p>In Veneto il vaccino Astrazeneca verr\u00e0 inoculato solo agli over 60, rimangono infatti dubbi e timori dopo le raccomandazioni Ema <em>&#8220;che quando \u00e8 brutto tempo non esce di casa&#8221;<\/em> ha detto Zaia con sarcasmo perch\u00e9 l&#8217;agenzia europea non da indicazioni univoche ma &#8220;raccomandazioni&#8221; di utilizzare il vaccino per gli over 60. Vaccini per i disabili, sar\u00e0 vaccinato anche l&#8217;accompagnatore e sar\u00e0 sufficiente una sola prenotazione.\u00a0 I NUMERI \u00a0ieri\u00a0 nel Veneto\u00a0 941 nuovi casi,\u00a0 32 decessi,\u00a0 44.878 tamponi,\u00a0 incidenza di positivi\u00a0 2,76%. Il totale degli infetti dall&#8217;inizio dell&#8217;epidemia 392.553,\u00a0 vittime\u00a0 10.881.\u00a0 Abbassamento della pressione sugli ospedali, 1.927 ricoverati (-30) e 314 in terapia intensiva (-5)<\/p>\n<p>In provincia servono almeno 2000 vaccini al giorno, \u00e8 stato detto ieri dal direttore della Ulss1 Maria Grazia Carraro. I Carabinieri si sono organizzati per portare il vaccino a domicilio delle persone anziane, il comandante Francesco Rastelli &#8220;Vogliamo portare il nostro contributo&#8221;.<\/p>\n<p><strong>AGGIORNAMENTO CASI COVID NELL&#8217;AGORDINO del 9 aprile<\/strong>: Rocca Pietore 9 positivi, 7 isolamento. Agordo 14-17, Falcade 10-8. Canale d&#8217;Agordo 5-3, Taibon 14-14.\u00a0 Livinallongo 7-8. Alleghe 29-23. Selva di Cadore 6-4 San Tomaso 1-0 Gosaldo 1-1<\/p>\n<blockquote>\n<h3>DUE DECESSI COVID NELLE ULTIME 24 ORE IN ULSS 1 DOLOMITI, 43 I NUOVI POSITIVI IN PROVINCIA<\/h3>\n<\/blockquote>\n<p><strong>BELLUNO <\/strong>Nelle ultime\u00a0 24 ore\u00a0 sono decedute due persone covid positive: un uomo di 86 anni ricoverato in Pneumologia a Feltre e un uomo di anni 64 ricoverato in Rianimazione a Belluno. Sono 43 le nuove positivit\u00e0 registrate, 1010 le persone attualmente positive in provincia.<\/p>\n<p><strong>Ricoveri<\/strong><\/p>\n<p><em>(dato alle ore 17.00 fonte: Azienda Zero)<\/em><\/p>\n<p>Le persone attualmente POSITIVE ricoverate negli ospedali dell\u2019Ulss Dolomiti sono:<\/p>\n<table>\n<tbody>\n<tr>\n<td width=\"217\"><strong>\u00a0<\/strong><\/td>\n<td width=\"217\"><strong>Area NON CRITICA<\/strong><\/td>\n<td width=\"217\"><strong>Terapia Intensiva<\/strong><\/td>\n<\/tr>\n<tr>\n<td width=\"217\"><strong>Ospedale di Belluno <\/strong><\/td>\n<td width=\"217\">35<\/td>\n<td width=\"217\">9<\/td>\n<\/tr>\n<tr>\n<td width=\"217\"><strong>Ospedale di Feltre<\/strong><\/td>\n<td width=\"217\">21<\/td>\n<td width=\"217\">4<\/td>\n<\/tr>\n<\/tbody>\n<\/table>\n<p>&nbsp;<\/p>\n<p>Le persone attualmente POSITIVE ricoverate in Ospedale di Comunit\u00e0 sono:<\/p>\n<table>\n<tbody>\n<tr>\n<td width=\"326\"><strong>\u00a0<\/strong><\/td>\n<td width=\"326\"><strong>pazienti attualmente positivi<\/strong><\/td>\n<\/tr>\n<tr>\n<td width=\"326\"><strong>Ospedale di Comunit\u00e0 di BELLUNO<\/strong><\/td>\n<td width=\"326\">14<\/td>\n<\/tr>\n<tr>\n<td width=\"326\"><strong>Ospedale di Comunit\u00e0 di FELTRE<\/strong><\/td>\n<td width=\"326\">9<\/td>\n<\/tr>\n<\/tbody>\n<\/table>\n<p>&nbsp;<\/p>\n<p>&nbsp;<\/p>\n<hr \/>\n<p>&nbsp;<\/p>\n<blockquote>\n<h3>L&#8217;ULSS 1 DOLOMITI METTE A DISPOSIZIONE UN NUMERO PER COLORO CHE HANNO SMARRITO IL PROMEMORIA DEL RICHIAMO AL VACCINO<\/h3>\n<\/blockquote>\n<p><strong>BELLUNO <\/strong>Per coloro che hanno smarrito il promemoria dell\u2019appuntamento per la somministrazione della seconda dose di vaccino anti covid, \u00e8 possibile contattare il numero 0437 184 99 00 dal luned\u00ec al venerd\u00ec dalle 8.30 alle 16.00 e il sabato dalle 8.30 alle 12.30 per conoscere la data programmata.<\/p>\n<blockquote>\n<h3>CERTIFICAZIONE ESENZIONI PER REDDITO<\/h3>\n<\/blockquote>\n<p><strong>BELLUNO<\/strong> Le certificazioni delle esenzioni per reddito scadenti al 31\/03\/2021 (7R2-7R4-7R5) saranno disponibili nel portale <a href=\"https:\/\/slute.regione.veneto.it\/\">https:\/\/salute.regione.veneto.it<\/a>. L&#8217;assistito potr\u00e0 autonomamente stampare il certificato. L&#8217;esenzione 7R3 per disoccupazione verr\u00e0 prodotta a seguito di autocertificazione con le seguenti modalit\u00e0: Inviando una mail all&#8217;indirizzo <a href=\"mailto:esenzioni@aulss1.veneto.it\">esenzioni@aulss1.veneto.it<\/a> con allegato documento d&#8217;identit\u00e0 del richiedente. Previo appuntamento agli sportelli chiamando i seguenti numeri: Distretto Belluno 0437\/516757 dalle 08.00 alle 12.00 dal luned\u00ec al venerd\u00ec; Distretto Feltre 0439\/883680 dalle 08.00 alle 11.00 dal luned\u00ec al venerd\u00ec.<\/p>\n<p>&nbsp;<\/p>\n<p>&nbsp;<\/p>\n<hr \/>\n<p>&nbsp;<\/p>\n<p>&nbsp;<\/p>\n<blockquote>\n<h2>ESPERTO ECURSIONISTA MUORE CADENDO SUGLI SPALTI DI TORO<\/h2>\n<\/blockquote>\n<p><strong><a class=\"dt-pswp-item\" href=\"https:\/\/www.radiopiu.net\/wordpress\/wp-content\/uploads\/2021\/04\/17310011_423906817952500_1212482191316851669_o.jpg\" data-dt-img-description=\"\" data-large_image_width=\"640\" data-large_image_height=\"1136\"><img loading=\"lazy\" decoding=\"async\" class=\"size-medium wp-image-201979 alignleft\" src=\"https:\/\/www.radiopiu.net\/wordpress\/wp-content\/uploads\/2021\/04\/17310011_423906817952500_1212482191316851669_o-169x300.jpg\" alt=\"\" width=\"169\" height=\"300\" srcset=\"https:\/\/www.radiopiu.net\/wordpress\/wp-content\/uploads\/2021\/04\/17310011_423906817952500_1212482191316851669_o-169x300.jpg 169w, https:\/\/www.radiopiu.net\/wordpress\/wp-content\/uploads\/2021\/04\/17310011_423906817952500_1212482191316851669_o-577x1024.jpg 577w, https:\/\/www.radiopiu.net\/wordpress\/wp-content\/uploads\/2021\/04\/17310011_423906817952500_1212482191316851669_o.jpg 640w\" sizes=\"auto, (max-width: 169px) 100vw, 169px\" \/><\/a><\/strong><\/p>\n<p>&nbsp;<\/p>\n<p><strong>DOMEGGE<\/strong> Ferruccio Svaluto\u00a0 Moreolo, 62 anni di Pieve di Cadore, soccorritore effettivo alla stazione Soccorso Alpino del Centro Cadore, ha perso vita sugli Spalti di Toro durante un&#8217;escursione. Era partito da casa mercoledi, in serata il via alle ricerche riprese ieri mattina\u00a0 con il Sagf (Guardia di Finanza) di Auronzo, Carabinieri di Cortina, Soccorso alpino Centro Cadore. I sanitari hanno constatato il decesso per politrauma da caduta.<\/p>\n<blockquote><p><em>Ferruccio Svaluto Moreolo era provetto alpinista, guida alpina, grande appassionato delle sue montagne, basta scorrere la sua pagina facebook per scoprire foto di &#8220;crode&#8221;, premi ad alpinisti, sviscerato amore per la montagna, senza il minimo dubbio. \u00a0Nel 2017 aveva ricevuto il\u00a0 premio ideato dal Cai nella manifestazione della Provincia \u201cPelmo d\u2019oro\u201d categoria \u201calpinismo in attivit\u00e0&#8221;<\/em><\/p>\n<p>&nbsp;<\/p><\/blockquote>\n<p><span style=\"color: #ff0000;\">DALLA REDAZIONE DI RADIO CLUB 103, BARBARA PAOLAZZI<\/span><\/p>\n<audio class=\"wp-audio-shortcode\" id=\"audio-201922-1\" preload=\"none\" style=\"width: 100%;\" controls=\"controls\"><source type=\"audio\/mpeg\" src=\"https:\/\/www.radiopiu.net\/wordpress\/wp-content\/uploads\/2021\/04\/barbara.mp3?_=1\" \/><a href=\"https:\/\/www.radiopiu.net\/wordpress\/wp-content\/uploads\/2021\/04\/barbara.mp3\">https:\/\/www.radiopiu.net\/wordpress\/wp-content\/uploads\/2021\/04\/barbara.mp3<\/a><\/audio>\n<p>&nbsp;<\/p>\n<blockquote>\n<div dir=\"auto\"><em><strong>LA NOTA DI DOLORE DEL SOCCORSO ALPINO di BELLUNO<\/strong><\/em><\/div>\n<div dir=\"auto\"><em>Ferruccio, guida alpina, presidente del Gruppo rocciatori Ragni di Pieve di Cadore, fa parte della famiglia del Soccorso alpino dal 1989, \u00e8 stato tecnico di elisoccorso per 25 anni e tecnico di centrale operativa fino all&#8217;anno scorso. Ci stringiamo al dolore dei suoi familiari e della figlia Irene e ci uniamo alle loro lacrime.<\/em><\/div>\n<\/blockquote>\n<p><strong>Gruppo Rocciatori Ragni Pieve di Cadore<\/strong> Ciao Ferruccio. Sei stato un volto storico per il nostro Gruppo Rocciatori Ragni. Continua a scalare le tue amate montagne. Un grande saluto al nostro Presidente.<\/p>\n<p><strong>DAL SOCCORSO ALPINO DEL VENETO <\/strong>Ci stringiamo al dolore dei suoi familiari e della figlia Irene e ci uniamo alle loro lacrime.<\/p>\n<div class=\"o9v6fnle cxmmr5t8 oygrvhab hcukyx3x c1et5uql ii04i59q\">\n<div dir=\"auto\"><\/div>\n<\/div>\n<p>&nbsp;<\/p>\n<p>&nbsp;<\/p>\n<hr \/>\n<p>&nbsp;<\/p>\n<blockquote>\n<h3>DON GIUSEPPE BORTOLAS, GIA&#8217; PARROCCO DI CENCENIGHE E SAN TOMASO, NON C&#8217;E&#8217; PIU&#8217;&#8230;<\/h3>\n<\/blockquote>\n<p><strong><a href=\"https:\/\/www.radiopiu.net\/wordpress\/don-giuseppe-bortolas-gia-parrocco-di-cencenighe-e-san-tomaso-colpito-da-malore\/don-bortolas\/\" rel=\"attachment wp-att-202071\"><img loading=\"lazy\" decoding=\"async\" class=\"size-medium wp-image-202071 alignleft\" src=\"https:\/\/www.radiopiu.net\/wordpress\/wp-content\/uploads\/2021\/04\/DON-Bortolas-251x300.jpg\" alt=\"\" width=\"251\" height=\"300\" srcset=\"https:\/\/www.radiopiu.net\/wordpress\/wp-content\/uploads\/2021\/04\/DON-Bortolas-251x300.jpg 251w, https:\/\/www.radiopiu.net\/wordpress\/wp-content\/uploads\/2021\/04\/DON-Bortolas-768x919.jpg 768w, https:\/\/www.radiopiu.net\/wordpress\/wp-content\/uploads\/2021\/04\/DON-Bortolas.jpg 839w\" sizes=\"auto, (max-width: 251px) 100vw, 251px\" \/><\/a>BELLUNO <\/strong>Alle ore 8.53 di oggi, venerd\u00ec 9 aprile, don Giuseppe Bortolas ci ha lasciati. Era stato <a href=\"http:\/\/www.chiesabellunofeltre.it\/in-preghiera-per-don-giuseppe-bortolas\/\">ritrovato incosciente<\/a>\u00a0dal Vescovo nella serata di mercoled\u00ec scorso; era stato ricoverato a Pieve di Cadore e poi a Belluno.<\/p>\n<div class=\"entry-content-post\">\n<p>Era nato a Cesiomaggiore il giorno 11 settembre 1953, figlio di Bruno e Susanna Paniz. Dopo gli anni di formazione nei seminari diocesani, era stato ordinato prete nella chiesa della sua parrocchia il 28 giugno 1980.<\/p>\n<p>Visse la sua prima esperienza di ministero come vicario parrocchiale nella parrocchia di Pedavena, dal 1980 al 1985; poi a Cesiomaggiore dal 1985 al 1986. Fu parroco di Pez dal 1986 al 1989, periodo nel quale fu anche consulente ecclesiastico del Centro Sportivo Italiano di Feltre (1987-1989). Dal 1989 al 1993 collabor\u00f2 nella parrocchia di Boscariz a Feltre e poi nelle parrocchie di Zermen e Zorzoi. Nel 2006 divenne parroco in solido insieme a don Francesco Cassol nelle parrocchie di Longarone, Igne e Ospitale. Dal 2011 al 2014 fu parroco di Cencenighe e San Tomaso. Fu poi cooperatore ad Auronzo e Costalta (2014-2017). Per due anni (2017-2019) oper\u00f2 nella parrocchia di Visome. Dal 2019 era parroco di Venas, Cibiana e Valle di Cadore.<\/p>\n<p>Uomo molto pratico, solo apparentemente burbero, ha certamente saputo farsi ben volere e apprezzare laddove \u00e8 stato. Lascia un vuoto nel presbiterio e nelle sue parrocchie, a cui la diocesi si stringe in un abbraccio di solidariet\u00e0. Giunga anche alle sorelle il cordoglio di tutta la comunit\u00e0.<\/p>\n<p>Appena possibile, si dar\u00e0 notizia dei funerali<\/p>\n<\/div>\n<p><em><strong>(fonte e foto da <a href=\"http:\/\/www.chiesabellunofeltre.it\/\">www.chiesabellunofeltre.it<\/a>)<\/strong><\/em><\/p>\n<p>&nbsp;<\/p>\n<blockquote><p><strong><em><a href=\"https:\/\/www.radiopiu.net\/wordpress\/don-giuseppe-bortolas-gia-parrocco-di-cencenighe-e-san-tomaso-colpito-da-malore\/pp-55\/\" rel=\"attachment wp-att-202090\"><img loading=\"lazy\" decoding=\"async\" class=\"wp-image-202090 alignright\" src=\"https:\/\/www.radiopiu.net\/wordpress\/wp-content\/uploads\/2021\/04\/pp-2-300x300.jpg\" alt=\"\" width=\"103\" height=\"103\" srcset=\"https:\/\/www.radiopiu.net\/wordpress\/wp-content\/uploads\/2021\/04\/pp-2-300x300.jpg 300w, https:\/\/www.radiopiu.net\/wordpress\/wp-content\/uploads\/2021\/04\/pp-2-150x150.jpg 150w, https:\/\/www.radiopiu.net\/wordpress\/wp-content\/uploads\/2021\/04\/pp-2.jpg 333w\" sizes=\"auto, (max-width: 103px) 100vw, 103px\" \/><\/a><\/em>DON FABIANO DEL FAVERO, PARROCO DELLE PARROCCHIE DEL POI (COMUNI\u00a0 DI RIVAMONTE, VOLTAGO, GOSALDO)<\/strong><\/p><\/blockquote>\n<audio class=\"wp-audio-shortcode\" id=\"audio-201922-2\" preload=\"none\" style=\"width: 100%;\" controls=\"controls\"><source type=\"audio\/mpeg\" src=\"https:\/\/www.radiopiu.net\/wordpress\/wp-content\/uploads\/2021\/04\/GR-930.mp3?_=2\" \/><a href=\"https:\/\/www.radiopiu.net\/wordpress\/wp-content\/uploads\/2021\/04\/GR-930.mp3\">https:\/\/www.radiopiu.net\/wordpress\/wp-content\/uploads\/2021\/04\/GR-930.mp3<\/a><\/audio>\n<p>&nbsp;<\/p>\n<blockquote>\n<h3><a href=\"https:\/\/www.radiopiu.net\/wordpress\/don-giuseppe-bortolas\/pp-57\/\" rel=\"attachment wp-att-202206\"><img loading=\"lazy\" decoding=\"async\" class=\"wp-image-202206 alignleft\" src=\"https:\/\/www.radiopiu.net\/wordpress\/wp-content\/uploads\/2021\/04\/pp-4-300x300.jpg\" alt=\"\" width=\"137\" height=\"137\" srcset=\"https:\/\/www.radiopiu.net\/wordpress\/wp-content\/uploads\/2021\/04\/pp-4-300x300.jpg 300w, https:\/\/www.radiopiu.net\/wordpress\/wp-content\/uploads\/2021\/04\/pp-4-150x150.jpg 150w, https:\/\/www.radiopiu.net\/wordpress\/wp-content\/uploads\/2021\/04\/pp-4.jpg 640w\" sizes=\"auto, (max-width: 137px) 100vw, 137px\" \/><\/a><\/h3>\n<h3><\/h3>\n<h3><\/h3>\n<h3>IL RICORDO DI MONSIGNOR GIORGIO LISE, GIA&#8217; ARCIDIACONO DI AGORDO<\/h3>\n<audio class=\"wp-audio-shortcode\" id=\"audio-201922-3\" preload=\"none\" style=\"width: 100%;\" controls=\"controls\"><source type=\"audio\/mpeg\" src=\"https:\/\/www.radiopiu.net\/wordpress\/wp-content\/uploads\/2021\/04\/don-giorgio-2.mp3?_=3\" \/><a href=\"https:\/\/www.radiopiu.net\/wordpress\/wp-content\/uploads\/2021\/04\/don-giorgio-2.mp3\">https:\/\/www.radiopiu.net\/wordpress\/wp-content\/uploads\/2021\/04\/don-giorgio-2.mp3<\/a><\/audio>\n<p>&nbsp;<\/p><\/blockquote>\n<p>&nbsp;<\/p>\n<hr \/>\n<p>&nbsp;<\/p>\n<p>&nbsp;<\/p>\n<blockquote>\n<h3><a href=\"https:\/\/www.radiopiu.net\/wordpress\/giornale-radiopiu-09-aprile-2021-direttore-mirko-mezzacasa\/14301248-805a-4249-8c52-b12fd31a9bae\/\" rel=\"attachment wp-att-202143\"><img loading=\"lazy\" decoding=\"async\" class=\"wp-image-202143 alignleft\" src=\"https:\/\/www.radiopiu.net\/wordpress\/wp-content\/uploads\/2021\/04\/14301248-805a-4249-8c52-b12fd31a9bae-169x300.jpg\" alt=\"\" width=\"95\" height=\"169\" srcset=\"https:\/\/www.radiopiu.net\/wordpress\/wp-content\/uploads\/2021\/04\/14301248-805a-4249-8c52-b12fd31a9bae-169x300.jpg 169w, https:\/\/www.radiopiu.net\/wordpress\/wp-content\/uploads\/2021\/04\/14301248-805a-4249-8c52-b12fd31a9bae-576x1024.jpg 576w, https:\/\/www.radiopiu.net\/wordpress\/wp-content\/uploads\/2021\/04\/14301248-805a-4249-8c52-b12fd31a9bae-768x1365.jpg 768w, https:\/\/www.radiopiu.net\/wordpress\/wp-content\/uploads\/2021\/04\/14301248-805a-4249-8c52-b12fd31a9bae-864x1536.jpg 864w, https:\/\/www.radiopiu.net\/wordpress\/wp-content\/uploads\/2021\/04\/14301248-805a-4249-8c52-b12fd31a9bae.jpg 1125w\" sizes=\"auto, (max-width: 95px) 100vw, 95px\" \/><\/a>L&#8217;ADDIO A MICHELE , IL VOLONTARIO DEL CALCIO DEI GIOVANI<\/h3>\n<\/blockquote>\n<p><strong>BELLUNO<\/strong> All&#8217;ospedale di Belluno dopo oltre un mese di degenza \u00e8 mancato Michele Arrigo, 64 anni, agente per la telefonia, da 20 anni impegnato nelle societ\u00e0 calcistiche del Limana e della Ztll soprattutto nel settore giovanile. I funerali si svolgeranno domani alle 10,30 nella chiesa di Limana.\u00a0 Lascia la moglie Nadia, i tre figli Daniele, Francesco e Gabriele, i due amati nipotini. A Limana la famiglia Arrigo ha vissuto per decenni, e da dove qualche tempo fa se ne \u00e8 andata per trasferirsi a Belluno. Purtroppo i\u00a0 danni creati al suo fisico dal virus covid non gli hanno dato scampo.<\/p>\n<p>&nbsp;<\/p>\n<p>&nbsp;<\/p>\n<hr \/>\n<p>&nbsp;<\/p>\n<p>&nbsp;<\/p>\n<blockquote>\n<h3>L\u2019ASSOCIAZIONE BELLUNESI NEL MONDO RICORDA ULDERICO BERNARDI<\/h3>\n<\/blockquote>\n<p><strong><a href=\"https:\/\/www.radiopiu.net\/wordpress\/giornale-radiopiu-09-aprile-2021-direttore-mirko-mezzacasa\/ulderico_bernardi\/\" rel=\"attachment wp-att-202084\"><img loading=\"lazy\" decoding=\"async\" class=\"size-medium wp-image-202084 alignleft\" src=\"https:\/\/www.radiopiu.net\/wordpress\/wp-content\/uploads\/2021\/04\/ulderico_bernardi-300x169.jpg\" alt=\"\" width=\"300\" height=\"169\" srcset=\"https:\/\/www.radiopiu.net\/wordpress\/wp-content\/uploads\/2021\/04\/ulderico_bernardi-300x169.jpg 300w, https:\/\/www.radiopiu.net\/wordpress\/wp-content\/uploads\/2021\/04\/ulderico_bernardi.jpg 600w\" sizes=\"auto, (max-width: 300px) 100vw, 300px\" \/><\/a>BELLUNO <\/strong>Il Veneto perde una sua colonna portante. \u00c8 morto mercoled\u00ec, all\u2019ospedale di Treviso, Ulderico Bernardi, 84 anni. Sociologo, scrittore, studioso dei flussi migratori che a cavallo tra il XIX e il XX secolo portarono milioni di italiani a cercar fortuna e lavoro Oltralpe e oltre oceano. \u00c8 stato professore ordinario di sociologia dei processi culturali e comunicativi all\u2019universit\u00e0 Ca\u2019 Foscari di Venezia, dove ha insegnato anche Sociologia del turismo. Ha tenuto corsi in diverse universit\u00e0 europee e nelle Americhe. E proprio per il suo studio con l\u2019emigrazione veneta l\u2019Associazione Bellunesi nel Mondo aveva instaurato un forte legame, sia direttamente, sia attraverso l\u2019Utrim (Unione Triveneta degli Italiani nel Mondo) e l\u2019Unaie (Unione Nazionale Associazioni Immigrati ed Immigrati). E proprio con quest\u2019ultima realt\u00e0 associativa, nel 2016, aveva portato una sua lezione sull\u2019emigrazione. In sede Abm sono giunti numerosi messaggi di cordoglio, da tutto il mondo. Lo stesso presidente Oscar De Bona, colpito profondamente per la sua scomparsa, lo vuole ricordare cos\u00ec: \u00ab<em>Se ne \u00e8 andato un grande uomo, uno studioso, un professore universitario, ma sopratutto un vero amico. Ho avuto modo di conoscerlo trent\u2019anni fa, quando sono diventato presidente della Consulta del Veneti nel mondo e Ulderico era uno dei \u201csaggi\u201d designato dal mondo della cultura veneta. Quanti incontri con lui, come consulente, quando ero presidente della Provincia di Belluno. Il Veneto, con la sua scomparsa, \u00e8 di certo pi\u00f9 povero<\/em>\u00bb. La Biblioteca dell\u2019emigrazione \u201cDino Buzzati\u201d (presente nella sede dell\u2019Associazione Bellunesi nel Mondo, <em>ndr<\/em>) ha tutti i volumi che Ulderico Bernardi ha scritto in merito all\u2019emigrazione veneta e italiana. Anche la rivista \u201cBellunesi nel mondo\u201d ha avuto l\u2019onore di pubblicare diversi suoi articoli nel corso degli anni. \u00ab<em>\u00c8 stato protagonista della ricerca di questo popolo &#8211; conclude De Bona &#8211; costretto ha lasciare la sua terra, il Veneto, oltre centocinquanta anni fa. Ciao Ulderico. Riposa in pace e grazie per tutto quello che hai dato, anche ai bellunesi<\/em>\u00bb.<\/p>\n<p>&nbsp;<\/p>\n<p>&nbsp;<\/p>\n<hr \/>\n<blockquote>\n<h3>IL GRAZIE ALLA A.D.I.M.E.D di AGORDO<\/h3>\n<\/blockquote>\n<p>&nbsp;<\/p>\n<p><strong><a class=\"dt-pswp-item\" href=\"https:\/\/www.radiopiu.net\/wordpress\/wp-content\/uploads\/2021\/04\/fced01ea-f30e-470a-9dbd-5bac7a918f49.jpg\" data-dt-img-description=\"\" data-large_image_width=\"950\" data-large_image_height=\"1330\"><img loading=\"lazy\" decoding=\"async\" class=\"size-medium wp-image-202172 alignleft\" src=\"https:\/\/www.radiopiu.net\/wordpress\/wp-content\/uploads\/2021\/04\/fced01ea-f30e-470a-9dbd-5bac7a918f49-214x300.jpg\" alt=\"\" width=\"214\" height=\"300\" srcset=\"https:\/\/www.radiopiu.net\/wordpress\/wp-content\/uploads\/2021\/04\/fced01ea-f30e-470a-9dbd-5bac7a918f49-214x300.jpg 214w, https:\/\/www.radiopiu.net\/wordpress\/wp-content\/uploads\/2021\/04\/fced01ea-f30e-470a-9dbd-5bac7a918f49-731x1024.jpg 731w, https:\/\/www.radiopiu.net\/wordpress\/wp-content\/uploads\/2021\/04\/fced01ea-f30e-470a-9dbd-5bac7a918f49-768x1075.jpg 768w, https:\/\/www.radiopiu.net\/wordpress\/wp-content\/uploads\/2021\/04\/fced01ea-f30e-470a-9dbd-5bac7a918f49.jpg 950w\" sizes=\"auto, (max-width: 214px) 100vw, 214px\" \/><\/a>AGORDO<\/strong> A nome di tutti i familiari di Ernesta\u00a0 Andriollo, mancata pochi giorni fa il nostro grazie\u00a0all&#8217;assistenza domiciliare A.D.I.M.E.D. di Agordo. Visto il periodo di pandemia sapevamo che se Ernesta\u00a0 fosse andata in ospedale non l&#8217;avremmo mai pi\u00f9 rivista, perci\u00f2 abbiamo deciso di accudirla in casa in modo che potesse stare con la sua famiglia fino alla fine dei suoi giorni. Tutto questo \u00e8 stato possibile\u00a0 grazie alla dottoressa Corazzin e alle infermiere Giulia, Selena e Alessia. Ci sono ancora dei servizi veramente validi che offrono un grande aiuto alle persone. Ci \u00e8 sembrato giusto rendere pubblico questo pensiero perch\u00e9 siamo sempre pronti a spendere parole e tempo per criticare e mai per apprezzare.<\/p>\n<p><strong>I familiari di\u00a0 Ernesta Andriollo<\/strong><\/p>\n<p>&nbsp;<\/p>\n<blockquote><p>*<strong>L&#8217;<\/strong><b>Assistenza Domiciliare Integrata Medica<\/b>\u00a0(<b>ADIMED<\/b>) \u00e8 l&#8217;insieme delle attivit\u00e0 sanitarie e socio-sanitarie svolte al domicilio del paziente, di qualsiasi et\u00e0, da un insieme\u00a0<b>integrato<\/b>\u00a0e coordinato di pi\u00f9 figure professionali (personale infermieristico, personale\u00a0<b>medico<\/b>, fisioterapisti, assistenti sociali etc).<\/p><\/blockquote>\n<p>&nbsp;<\/p>\n<p>&nbsp;<\/p>\n<p>&nbsp;<\/p>\n<hr \/>\n<blockquote>\n<h3>FORCELLA ANTELAO: GRAVE SCIALPINISTA CADUTO PER ALCUNE DECINE DI METRI<\/h3>\n<\/blockquote>\n<p><strong><a href=\"https:\/\/www.radiopiu.net\/wordpress\/forcella-antelao-grave-scialpinista-caduto-per-alcune-decine-di-metri\/salt_20210408_150556_485\/\" rel=\"attachment wp-att-202087\"><img loading=\"lazy\" decoding=\"async\" class=\" wp-image-202087 alignleft\" src=\"https:\/\/www.radiopiu.net\/wordpress\/wp-content\/uploads\/2021\/04\/salt_20210408_150556_485-225x300.jpg\" alt=\"\" width=\"133\" height=\"177\" srcset=\"https:\/\/www.radiopiu.net\/wordpress\/wp-content\/uploads\/2021\/04\/salt_20210408_150556_485-225x300.jpg 225w, https:\/\/www.radiopiu.net\/wordpress\/wp-content\/uploads\/2021\/04\/salt_20210408_150556_485-768x1024.jpg 768w, https:\/\/www.radiopiu.net\/wordpress\/wp-content\/uploads\/2021\/04\/salt_20210408_150556_485-1152x1536.jpg 1152w, https:\/\/www.radiopiu.net\/wordpress\/wp-content\/uploads\/2021\/04\/salt_20210408_150556_485-1536x2048.jpg 1536w, https:\/\/www.radiopiu.net\/wordpress\/wp-content\/uploads\/2021\/04\/salt_20210408_150556_485.jpg 1773w\" sizes=\"auto, (max-width: 133px) 100vw, 133px\" \/><\/a>CALALZO DI CADORE<\/strong>\u00a0 Nel primo pomeriggio l&#8217;elicottero del Suem di Pieve di Cadore \u00e8 decollato in direzione della Val d&#8217;Oten, per uno scialpinista scivolato sulla neve dura e caduto per alcune decine di metri, mentre con altri due sciatori stava scendeno da Forcella Antelao. Risalito alle coordinate del luogo dell&#8217;incidente, dopo l&#8217;allarme lanciato da uno dei compagni sceso in cerca di copertura telefonica, l&#8217;equipaggio ha individuato l&#8217;infortunato e l&#8217;amico restato con lui a 1.950 metri di quota. Calati con un verricello di una trentina di metri, medico, infermiere e tecnico di elisoccorso hanno prestato le prime cure all&#8217;uomo, A.F., 39 anni, di Mestre (VE), per il grave politrauma riportato. Una volta imbarellato, lo sciatore \u00e8 stato recuperato e trasportato all&#8217;ospedale di Treviso.<\/p>\n<p>&nbsp;<\/p>\n<p><strong>FALCADE<\/strong> Infortunio ad un braccio e una frattura per uno sci alpinista bellunese di 55 anni scivolato nei pressi di Casera Focobon E&#8217; stato recuperato dall&#8217;elicottero dell&#8217; Aiut Alpin Dolomites e ricoverato all&#8217;ospedale di Cavalese.<\/p>\n<p>&nbsp;<\/p>\n<hr \/>\n<p>&nbsp;<\/p>\n<blockquote>\n<h3>IL SINDACO CHIUDE LA SCUOLA DELL&#8217;INFANZIA DI ARABBA<\/h3>\n<\/blockquote>\n<p>&nbsp;<\/p>\n<p><strong><img loading=\"lazy\" decoding=\"async\" class=\"alignleft\" src=\"https:\/\/www.radiopiu.net\/wordpress\/wp-content\/uploads\/2021\/03\/arabba-con-in-fondo-il.jpg\" width=\"194\" height=\"146\" \/>LIVINALLONGO<\/strong> L&#8217;asilo di Arabba \u00e8 chiuso dalle 13.30 di ieri\u00a0 e fino al 12 aprile. La motivazione \u00e8 da ricercarsi in un guasto all&#8217;impianto termico a servizio dell&#8217;edificio. Necessita l&#8217;intervento di sostituzione di apparati non di immediata disponibilit\u00e0<em> &#8220;I tempi di fornitura\u00a0 &#8211; spiega il sindaco Leandro Grones &#8211; fanno presumere che l&#8217;impianto possa essere riparato, ma non prima del 12 aprile.\u00a0 In considerazioni delle basse temperature del periodo si provvede alla chiusura\u00a0 della scuola con ordinanza contingibile ed urgente&#8221;<\/em><\/p>\n<h3><\/h3>\n<p>&nbsp;<\/p>\n<p>&nbsp;<\/p>\n<hr \/>\n<p>&nbsp;<\/p>\n<blockquote>\n<h3>INCENDIO A CHIES D&#8217;ALPAGO. A FUOCO STERPAGLIA E SOTTOBOSCO, INCENDIO DOMATO DAI VIGILI DEL FUOCO<\/h3>\n<\/blockquote>\n<p><strong>CHIES D&#8217;ALPAGO<\/strong> Erano circa le 13 di ieri quando i Vigili del Fuoco sono intervenuti a Chies D\u2019Alpago nei pressi di via Mont per un incendio sterpaglia e sottobosco vicino alle abitazioni. I pompieri accorsi con i volontari di Pieve D\u2019Alpago, Longarone e con i permanenti di Belluno con un modulo antincendio, un\u2019autopompa, un\u2019autobotte e 4 fuoristrada e 13 operatori, hanno spento le fiamme, che hanno interessato circa 1000 metri quadrati di superficie. Sul posto anche il personale del Servizio Antincendio Boschivo Regionale, che ha provveduto alla bonifica dell\u2019incendio. Le cause delle fiamme al vaglio dei Vigili del Fuoco e dei Carabinieri Forestali.<\/p>\n\n\t\t\t<style type='text\/css'>\n\t\t\t\t#gallery-1 {\n\t\t\t\t\tmargin: auto;\n\t\t\t\t}\n\t\t\t\t#gallery-1 .gallery-item {\n\t\t\t\t\tfloat: left;\n\t\t\t\t\tmargin-top: 10px;\n\t\t\t\t\ttext-align: center;\n\t\t\t\t\twidth: 50%;\n\t\t\t\t}\n\t\t\t\t#gallery-1 img {\n\t\t\t\t\tborder: 2px solid #cfcfcf;\n\t\t\t\t}\n\t\t\t\t#gallery-1 .gallery-caption {\n\t\t\t\t\tmargin-left: 0;\n\t\t\t\t}\n\t\t\t\t\/* see gallery_shortcode() in wp-includes\/media.php *\/\n\t\t\t<\/style>\n\t\t<div id='gallery-1' class='dt-gallery-container gallery galleryid-201922 gallery-columns-2 gallery-size-medium'><dl class='gallery-item'>\n\t\t\t\t<dt class='gallery-icon landscape'>\n\t\t\t\t\t<a class=\"rollover rollover-zoom dt-pswp-item\" title=\"eee7d267-4a3d-4038-a394-08ddc2633c84\" data-dt-img-description=\"\" data-large_image_width=\"1280\" data-large_image_height=\"843\"href='https:\/\/www.radiopiu.net\/wordpress\/wp-content\/uploads\/2021\/04\/eee7d267-4a3d-4038-a394-08ddc2633c84.jpg'><img loading=\"lazy\" decoding=\"async\" width=\"300\" height=\"198\" src=\"https:\/\/www.radiopiu.net\/wordpress\/wp-content\/uploads\/2021\/04\/eee7d267-4a3d-4038-a394-08ddc2633c84-300x198.jpg\" class=\"attachment-medium size-medium\" alt=\"\" srcset=\"https:\/\/www.radiopiu.net\/wordpress\/wp-content\/uploads\/2021\/04\/eee7d267-4a3d-4038-a394-08ddc2633c84-300x198.jpg 300w, https:\/\/www.radiopiu.net\/wordpress\/wp-content\/uploads\/2021\/04\/eee7d267-4a3d-4038-a394-08ddc2633c84-1024x674.jpg 1024w, https:\/\/www.radiopiu.net\/wordpress\/wp-content\/uploads\/2021\/04\/eee7d267-4a3d-4038-a394-08ddc2633c84-768x506.jpg 768w, https:\/\/www.radiopiu.net\/wordpress\/wp-content\/uploads\/2021\/04\/eee7d267-4a3d-4038-a394-08ddc2633c84.jpg 1280w\" sizes=\"auto, (max-width: 300px) 100vw, 300px\" \/><\/a>\n\t\t\t\t<\/dt><\/dl><dl class='gallery-item'>\n\t\t\t\t<dt class='gallery-icon landscape'>\n\t\t\t\t\t<a class=\"rollover rollover-zoom dt-pswp-item\" title=\"3f305adc-9e69-43f3-aded-d397cd53e41a\" data-dt-img-description=\"\" data-large_image_width=\"1280\" data-large_image_height=\"861\"href='https:\/\/www.radiopiu.net\/wordpress\/wp-content\/uploads\/2021\/04\/3f305adc-9e69-43f3-aded-d397cd53e41a.jpg'><img loading=\"lazy\" decoding=\"async\" width=\"300\" height=\"202\" src=\"https:\/\/www.radiopiu.net\/wordpress\/wp-content\/uploads\/2021\/04\/3f305adc-9e69-43f3-aded-d397cd53e41a-300x202.jpg\" class=\"attachment-medium size-medium\" alt=\"\" srcset=\"https:\/\/www.radiopiu.net\/wordpress\/wp-content\/uploads\/2021\/04\/3f305adc-9e69-43f3-aded-d397cd53e41a-300x202.jpg 300w, https:\/\/www.radiopiu.net\/wordpress\/wp-content\/uploads\/2021\/04\/3f305adc-9e69-43f3-aded-d397cd53e41a-1024x689.jpg 1024w, https:\/\/www.radiopiu.net\/wordpress\/wp-content\/uploads\/2021\/04\/3f305adc-9e69-43f3-aded-d397cd53e41a-768x517.jpg 768w, https:\/\/www.radiopiu.net\/wordpress\/wp-content\/uploads\/2021\/04\/3f305adc-9e69-43f3-aded-d397cd53e41a.jpg 1280w\" sizes=\"auto, (max-width: 300px) 100vw, 300px\" \/><\/a>\n\t\t\t\t<\/dt><\/dl><br style=\"clear: both\" \/><dl class='gallery-item'>\n\t\t\t\t<dt class='gallery-icon landscape'>\n\t\t\t\t\t<a class=\"rollover rollover-zoom dt-pswp-item\" title=\"67fa5a62-efbd-4976-83b2-7b6eed8ecd04\" data-dt-img-description=\"\" data-large_image_width=\"1280\" data-large_image_height=\"849\"href='https:\/\/www.radiopiu.net\/wordpress\/wp-content\/uploads\/2021\/04\/67fa5a62-efbd-4976-83b2-7b6eed8ecd04.jpg'><img loading=\"lazy\" decoding=\"async\" width=\"300\" height=\"199\" src=\"https:\/\/www.radiopiu.net\/wordpress\/wp-content\/uploads\/2021\/04\/67fa5a62-efbd-4976-83b2-7b6eed8ecd04-300x199.jpg\" class=\"attachment-medium size-medium\" alt=\"\" srcset=\"https:\/\/www.radiopiu.net\/wordpress\/wp-content\/uploads\/2021\/04\/67fa5a62-efbd-4976-83b2-7b6eed8ecd04-300x199.jpg 300w, https:\/\/www.radiopiu.net\/wordpress\/wp-content\/uploads\/2021\/04\/67fa5a62-efbd-4976-83b2-7b6eed8ecd04-1024x679.jpg 1024w, https:\/\/www.radiopiu.net\/wordpress\/wp-content\/uploads\/2021\/04\/67fa5a62-efbd-4976-83b2-7b6eed8ecd04-768x509.jpg 768w, https:\/\/www.radiopiu.net\/wordpress\/wp-content\/uploads\/2021\/04\/67fa5a62-efbd-4976-83b2-7b6eed8ecd04.jpg 1280w\" sizes=\"auto, (max-width: 300px) 100vw, 300px\" \/><\/a>\n\t\t\t\t<\/dt><\/dl><dl class='gallery-item'>\n\t\t\t\t<dt class='gallery-icon landscape'>\n\t\t\t\t\t<a class=\"rollover rollover-zoom dt-pswp-item\" title=\"f302bc93-f359-4189-83b5-188e7b8aa99b\" data-dt-img-description=\"\" data-large_image_width=\"1280\" data-large_image_height=\"843\"href='https:\/\/www.radiopiu.net\/wordpress\/wp-content\/uploads\/2021\/04\/f302bc93-f359-4189-83b5-188e7b8aa99b.jpg'><img loading=\"lazy\" decoding=\"async\" width=\"300\" height=\"198\" src=\"https:\/\/www.radiopiu.net\/wordpress\/wp-content\/uploads\/2021\/04\/f302bc93-f359-4189-83b5-188e7b8aa99b-300x198.jpg\" class=\"attachment-medium size-medium\" alt=\"\" srcset=\"https:\/\/www.radiopiu.net\/wordpress\/wp-content\/uploads\/2021\/04\/f302bc93-f359-4189-83b5-188e7b8aa99b-300x198.jpg 300w, https:\/\/www.radiopiu.net\/wordpress\/wp-content\/uploads\/2021\/04\/f302bc93-f359-4189-83b5-188e7b8aa99b-1024x674.jpg 1024w, https:\/\/www.radiopiu.net\/wordpress\/wp-content\/uploads\/2021\/04\/f302bc93-f359-4189-83b5-188e7b8aa99b-768x506.jpg 768w, https:\/\/www.radiopiu.net\/wordpress\/wp-content\/uploads\/2021\/04\/f302bc93-f359-4189-83b5-188e7b8aa99b.jpg 1280w\" sizes=\"auto, (max-width: 300px) 100vw, 300px\" \/><\/a>\n\t\t\t\t<\/dt><\/dl><br style=\"clear: both\" \/>\n\t\t\t<\/div>\n\n<p>&nbsp;<\/p>\n<hr \/>\n<p>&nbsp;<\/p>\n<blockquote>\n<h3>VACCINI. CARABINIERI A FIANCO DELL\u2019ULSS 1 DOLOMITI PER FAVORIRE L\u2019ACCESSO ALLA RETE DEGLI ANZIANI ISOLATI.<\/h3>\n<\/blockquote>\n<p><img loading=\"lazy\" decoding=\"async\" class=\"alignleft\" src=\"https:\/\/www.radiopiu.net\/wordpress\/wp-content\/uploads\/2021\/04\/de848a63-0810-4b9a-8216-9b6d47bb8dfb.jpg\" width=\"317\" height=\"146\" \/><\/p>\n<p>&nbsp;<\/p>\n<p><strong>BELLUNO<\/strong> Un progetto di \u00a0collaborazione\u00a0 nel Bellunese vede insieme il Comando dell\u2019Arma dei Carabinieri e l\u2019Ulss 1 Dolomiti, diretta dalla dottoressa Maria Grazia Carraro. Il primo metter\u00e0 a disposizione la rete di stazioni sul territorio ed il proprio personale per sostenere l\u2019accesso alla rete \u2013 mirato alle operazioni per sottoporsi a vaccinazione &#8211; della popolazione ultrasettantenne delle zone montane isolate.<\/p>\n<p>&nbsp;<\/p>\n<p>&nbsp;<\/p>\n<p><strong>di Moreno Gioli<\/strong><\/p>\n<audio class=\"wp-audio-shortcode\" id=\"audio-201922-4\" preload=\"none\" style=\"width: 100%;\" controls=\"controls\"><source type=\"audio\/mpeg\" src=\"https:\/\/www.radiopiu.net\/wordpress\/wp-content\/uploads\/2021\/04\/GIOLI-CARABINIERI.mp3?_=4\" \/><a href=\"https:\/\/www.radiopiu.net\/wordpress\/wp-content\/uploads\/2021\/04\/GIOLI-CARABINIERI.mp3\">https:\/\/www.radiopiu.net\/wordpress\/wp-content\/uploads\/2021\/04\/GIOLI-CARABINIERI.mp3<\/a><\/audio>\n<p>&nbsp;<\/p>\n<div style=\"width: 640px;\" class=\"wp-video\"><video class=\"wp-video-shortcode\" id=\"video-201922-1\" width=\"640\" height=\"352\" preload=\"metadata\" controls=\"controls\"><source type=\"video\/mp4\" src=\"https:\/\/www.radiopiu.net\/wordpress\/wp-content\/uploads\/2021\/04\/VID-20210407-WA0021.mp4?_=1\" \/><a href=\"https:\/\/www.radiopiu.net\/wordpress\/wp-content\/uploads\/2021\/04\/VID-20210407-WA0021.mp4\">https:\/\/www.radiopiu.net\/wordpress\/wp-content\/uploads\/2021\/04\/VID-20210407-WA0021.mp4<\/a><\/video><\/div>\n<blockquote>\n<h3>IL COMANDANTE PROVINCIALE DEI CARABINIERI COLONELLO FRANCESCO RASTELLI<\/h3>\n<\/blockquote>\n<audio class=\"wp-audio-shortcode\" id=\"audio-201922-5\" preload=\"none\" style=\"width: 100%;\" controls=\"controls\"><source type=\"audio\/mpeg\" src=\"https:\/\/www.radiopiu.net\/wordpress\/wp-content\/uploads\/2021\/04\/RASTELLI.mp3?_=5\" \/><a href=\"https:\/\/www.radiopiu.net\/wordpress\/wp-content\/uploads\/2021\/04\/RASTELLI.mp3\">https:\/\/www.radiopiu.net\/wordpress\/wp-content\/uploads\/2021\/04\/RASTELLI.mp3<\/a><\/audio>\n<p>&nbsp;<\/p>\n<blockquote>\n<h3>IL DIRETTORE DELLA ULSS1 MARIA GRAZIA CARRARO<\/h3>\n<\/blockquote>\n<audio class=\"wp-audio-shortcode\" id=\"audio-201922-6\" preload=\"none\" style=\"width: 100%;\" controls=\"controls\"><source type=\"audio\/mpeg\" src=\"https:\/\/www.radiopiu.net\/wordpress\/wp-content\/uploads\/2021\/04\/CARRARO.mp3?_=6\" \/><a href=\"https:\/\/www.radiopiu.net\/wordpress\/wp-content\/uploads\/2021\/04\/CARRARO.mp3\">https:\/\/www.radiopiu.net\/wordpress\/wp-content\/uploads\/2021\/04\/CARRARO.mp3<\/a><\/audio>\n<p>&nbsp;<\/p>\n<p><strong><img loading=\"lazy\" decoding=\"async\" class=\"alignleft\" src=\"https:\/\/www.radiopiu.net\/wordpress\/wp-content\/uploads\/2015\/08\/carabinieri-2.jpg\" width=\"252\" height=\"148\" \/>VENEZIA <\/strong><em>\u201cI Carabinieri confermano una volta di pi\u00f9 la loro vocazione ad essere sempre al fianco dei cittadini nelle difficolt\u00e0. Nelle zone disagiate delle nostre \u2018terre alte\u2019, infatti, anche accedere tramite web alla prenotazione della vaccinazione pu\u00f2 non essere semplice\u00a0 \u00a0L\u2019Arma e la Sanit\u00e0 veneta condividono il valore del servizio al prossimo, dell\u2019efficienza, della professionalit\u00e0 e della solidariet\u00e0. L\u2019esperienza messa in campo a Belluno lo dimostra\u201d <\/em>Il Presidente della regione del Veneto, Luca Zaia, esprime il suo plauso per il progetto<\/p>\n<p>&nbsp;<\/p>\n<a href=\"https:\/\/www.radiopiu.net\/wordpress\/wp-content\/uploads\/2021\/04\/UN-CLICK-DI-SOLIDARIETa.pdf\" class=\"pdfemb-viewer\" style=\"\" data-width=\"max\" data-height=\"max\" data-toolbar=\"top\" data-toolbar-fixed=\"on\">UN CLICK DI SOLIDARIET\u00e0<\/a>\n<blockquote>\n<h3><\/h3>\n<\/blockquote>\n<p><strong><a href=\"https:\/\/www.radiopiu.net\/wordpress\/giornale-radiopiu-13-febbraio-2021-direttore-mirko-mezzacasa\/dinca-5\/\" rel=\"attachment wp-att-190918\"><img loading=\"lazy\" decoding=\"async\" class=\"wp-image-190918 alignleft\" src=\"https:\/\/www.radiopiu.net\/wordpress\/wp-content\/uploads\/2021\/02\/dinca-300x300.jpg\" alt=\"\" width=\"153\" height=\"153\" srcset=\"https:\/\/www.radiopiu.net\/wordpress\/wp-content\/uploads\/2021\/02\/dinca-300x300.jpg 300w, https:\/\/www.radiopiu.net\/wordpress\/wp-content\/uploads\/2021\/02\/dinca-1024x1024.jpg 1024w, https:\/\/www.radiopiu.net\/wordpress\/wp-content\/uploads\/2021\/02\/dinca-150x150.jpg 150w, https:\/\/www.radiopiu.net\/wordpress\/wp-content\/uploads\/2021\/02\/dinca-768x767.jpg 768w, https:\/\/www.radiopiu.net\/wordpress\/wp-content\/uploads\/2021\/02\/dinca.jpg 1080w\" sizes=\"auto, (max-width: 153px) 100vw, 153px\" \/><\/a>ROMA<\/strong> \u201c<em>Ringrazio l\u2019Arma dei Carabinieri per il continuo sostegno nei confronti dei cittadini: l\u2019iniziativa \u2018Un click di solidariet\u00e0\u2019 permetter\u00e0 di aiutare i nostri anziani e le persone in maggiore difficolt\u00e0, agevolandoli nella prenotazione del vaccino e render\u00e0 ancora pi\u00f9 efficace l\u2019attivit\u00e0 di immunizzazione nella provincia di Belluno. Il mio ringraziamento va anche al personale sanitario impegnato nelle operazioni di vaccinazione sul nostro territorio: tutte le azioni di sinergia messe in campo, ci consentiranno di vincere la battaglia con il Covid e di ritornare alla normalit\u00e0<\/em>\u201d. Lo dichiara in una nota Federico D\u2019Inc\u00e0, Ministro per i rapporti con il Parlamento, in merito al progetto &#8220;Un click di solidariet\u00e0&#8221; a favore delle persone anziane e bisognose di aiuto nella provincia di Belluno.<\/p>\n<p>&nbsp;<\/p>\n<p>&nbsp;<\/p>\n<hr \/>\n<p>&nbsp;<\/p>\n<blockquote>\n<h3>RINNOVO DEL CONTRATTO MULTISERVIZI, L&#8217;INCONTRO CON I SINDACATI<\/h3>\n<\/blockquote>\n<p><img loading=\"lazy\" decoding=\"async\" class=\"alignleft\" src=\"https:\/\/www.radiopiu.net\/wordpress\/wp-content\/uploads\/2021\/04\/la-velox-impresa-pulizie-condominiali.jpg\" width=\"122\" height=\"92\" \/><\/p>\n<p>&nbsp;<\/p>\n<p><strong>BELLUNO<\/strong><\/p>\n<p><strong>di Moreno Gioli<\/strong><\/p>\n<audio class=\"wp-audio-shortcode\" id=\"audio-201922-7\" preload=\"none\" style=\"width: 100%;\" controls=\"controls\"><source type=\"audio\/mpeg\" src=\"https:\/\/www.radiopiu.net\/wordpress\/wp-content\/uploads\/2021\/04\/GIOLI-MULTISERVIZI.mp3?_=7\" \/><a href=\"https:\/\/www.radiopiu.net\/wordpress\/wp-content\/uploads\/2021\/04\/GIOLI-MULTISERVIZI.mp3\">https:\/\/www.radiopiu.net\/wordpress\/wp-content\/uploads\/2021\/04\/GIOLI-MULTISERVIZI.mp3<\/a><\/audio>\n<p>&nbsp;<\/p>\n<p><strong><a href=\"https:\/\/www.radiopiu.net\/wordpress\/rinnovo-del-contratto-multiservizi-lincontro-con-i-sindacati\/21666_111835762333506_487984366_n\/\" rel=\"attachment wp-att-202063\"><img loading=\"lazy\" decoding=\"async\" class=\"wp-image-202063 alignleft\" src=\"https:\/\/www.radiopiu.net\/wordpress\/wp-content\/uploads\/2021\/04\/21666_111835762333506_487984366_n-225x300.jpg\" alt=\"\" width=\"126\" height=\"167\" srcset=\"https:\/\/www.radiopiu.net\/wordpress\/wp-content\/uploads\/2021\/04\/21666_111835762333506_487984366_n-225x300.jpg 225w, https:\/\/www.radiopiu.net\/wordpress\/wp-content\/uploads\/2021\/04\/21666_111835762333506_487984366_n.jpg 539w\" sizes=\"auto, (max-width: 126px) 100vw, 126px\" \/><\/a><\/strong><\/p>\n<p>&nbsp;<\/p>\n<p>&nbsp;<\/p>\n<p>&nbsp;<\/p>\n<p><strong>FULVIA BORTOLUZZI, CGIL <\/strong><em>&#8220;Gli straordinari sono opportunit\u00e0 non indifferenti non si pu\u00f2 ridurre a recupero di tempo&#8221;<\/em><\/p>\n<audio class=\"wp-audio-shortcode\" id=\"audio-201922-8\" preload=\"none\" style=\"width: 100%;\" controls=\"controls\"><source type=\"audio\/mpeg\" src=\"https:\/\/www.radiopiu.net\/wordpress\/wp-content\/uploads\/2021\/04\/FULVIA-BORTOLUZZI-CGIL.mp3?_=8\" \/><a href=\"https:\/\/www.radiopiu.net\/wordpress\/wp-content\/uploads\/2021\/04\/FULVIA-BORTOLUZZI-CGIL.mp3\">https:\/\/www.radiopiu.net\/wordpress\/wp-content\/uploads\/2021\/04\/FULVIA-BORTOLUZZI-CGIL.mp3<\/a><\/audio>\n<p>&nbsp;<\/p>\n<p><strong>STEFANO CALVI, FISASCAT <\/strong><em>&#8220;Criticit\u00e0 nelle grandi industrie e strutture ospedaliere&#8221;<\/em><\/p>\n<audio class=\"wp-audio-shortcode\" id=\"audio-201922-9\" preload=\"none\" style=\"width: 100%;\" controls=\"controls\"><source type=\"audio\/mpeg\" src=\"https:\/\/www.radiopiu.net\/wordpress\/wp-content\/uploads\/2021\/04\/STEFANO-CALVI-FISASCAT.mp3?_=9\" \/><a href=\"https:\/\/www.radiopiu.net\/wordpress\/wp-content\/uploads\/2021\/04\/STEFANO-CALVI-FISASCAT.mp3\">https:\/\/www.radiopiu.net\/wordpress\/wp-content\/uploads\/2021\/04\/STEFANO-CALVI-FISASCAT.mp3<\/a><\/audio>\n<p>&nbsp;<\/p>\n<p>&nbsp;<\/p>\n<hr \/>\n<p>&nbsp;<\/p>\n<blockquote>\n<h2><a href=\"https:\/\/www.radiopiu.net\/wordpress\/con-linizio-della-scuola-piu-sicurezza-sulle-strade-di-cencenighe\/autovelox-1\/\" rel=\"attachment wp-att-159887\"><img loading=\"lazy\" decoding=\"async\" class=\"size-medium wp-image-159887 alignleft\" src=\"https:\/\/www.radiopiu.net\/wordpress\/wp-content\/uploads\/2020\/09\/autovelox-1-300x171.jpg\" alt=\"\" width=\"300\" height=\"171\" srcset=\"https:\/\/www.radiopiu.net\/wordpress\/wp-content\/uploads\/2020\/09\/autovelox-1-300x171.jpg 300w, https:\/\/www.radiopiu.net\/wordpress\/wp-content\/uploads\/2020\/09\/autovelox-1-1024x584.jpg 1024w, https:\/\/www.radiopiu.net\/wordpress\/wp-content\/uploads\/2020\/09\/autovelox-1-768x438.jpg 768w, https:\/\/www.radiopiu.net\/wordpress\/wp-content\/uploads\/2020\/09\/autovelox-1-640x365.jpg 640w, https:\/\/www.radiopiu.net\/wordpress\/wp-content\/uploads\/2020\/09\/autovelox-1.jpg 1217w\" sizes=\"auto, (max-width: 300px) 100vw, 300px\" \/><\/a>AUTOVELOX, PREVISIONI PER 72MILA EURO IN UN ANNO<\/h2>\n<\/blockquote>\n<p><strong>LIMANA<\/strong><\/p>\n<p><strong>di DAMIANO TORMEN\u00a0<\/strong><\/p>\n<audio class=\"wp-audio-shortcode\" id=\"audio-201922-10\" preload=\"none\" style=\"width: 100%;\" controls=\"controls\"><source type=\"audio\/mpeg\" src=\"https:\/\/www.radiopiu.net\/wordpress\/wp-content\/uploads\/2021\/04\/damiano-1.mp3?_=10\" \/><a href=\"https:\/\/www.radiopiu.net\/wordpress\/wp-content\/uploads\/2021\/04\/damiano-1.mp3\">https:\/\/www.radiopiu.net\/wordpress\/wp-content\/uploads\/2021\/04\/damiano-1.mp3<\/a><\/audio>\n<p>&nbsp;<\/p>\n<hr \/>\n<p>&nbsp;<\/p>\n<p>&nbsp;<\/p>\n<blockquote>\n<h3>REDDITO DI EMERGENZA, DOMANDE NON OLTRE IL 30 APRILE<\/h3>\n<\/blockquote>\n<p>Reddito di emergenza per l\u2019anno in corso: c\u2019\u00e8 tempo fino al 30 aprile per presentare domanda. La misura di sostegno al reddito istituita l\u2019anno scorso dal Decreto Rilancio \u00e8 stata confermata dal recente Decreto Sostegni. Il \u201cRem\u201d sar\u00e0 riconosciuto ai nuclei familiari in condizioni di difficolt\u00e0, in conseguenza dell\u2019emergenza Covid, Da mercoled\u00ec 7 aprile \u00e8 possibile presentare la domanda.\u00a0 Il contributo previsto dal reddito di emergenza verr\u00e0 erogato in tre quote da 400 euro.\u00a0 Il lavoratore disoccupato &#8211; novit\u00e0 2021 &#8211; ha diritto al reddito di emergenza se tra il 1\u00b0 luglio 2020 e il 28 febbraio 2021 ha terminato il periodo di Naspi o Dis-coll; ha un Isee inferiore a 30mila euro.<\/p>\n<p>&nbsp;<\/p>\n<p>&nbsp;<\/p>\n<hr \/>\n<p>&nbsp;<\/p>\n<p>&nbsp;<\/p>\n<blockquote>\n<h3>UN PIANO CHE NON SODDISFA IL SIULP (sindacato italiano unitario lavoratori polizia)<\/h3>\n<p><em>L&#8217;appello alle Istituzioni e rappresentanti della politica a sostenere le rivendicazioni del sindacato, per la sicurezza del territorio a garanzia di chi vi abita<\/em><\/p><\/blockquote>\n<p><strong><img decoding=\"async\" class=\"alignleft\" src=\"https:\/\/www.radiopiu.net\/wordpress\/wp-content\/uploads\/2019\/02\/SIULP.jpg\" \/>BELLUNO<\/strong> Il Ministero dell\u2019interno ha reso noto la prima fase del piano potenziamenti per il biennio 2021\/2022. Il Sindacato bellunese di Polizia Siulp\u00a0 ritiene il piano insoddisfacente, su un totale di 955 allievi agenti, 4 saranno assegnati alla Questura di Belluno (gia\u2019 destinataria con il piano di potenziamento del biennio 2019\/2020 di 25 agenti) mentre nessun operatore sar\u00e0 \u2019 destinato agli uffici della specialit\u00e0\u2019, polizia stradale in primis, i quali, ancora una volta, sono stati esclusi da progetti di ripianamento degli organici. Una condizione, quella della Polizia Stradale, ben nota al dipartimento vista la incessante opera di sensibilizzazione compiuta dalla segreteria Siulp attraverso la redazione di puntali note esplicative, da ultimo la lettera consegnata all\u2019allora capo della polizia, direttore generale di pubblica sicurezza, prefetto Franco Gabrielli, lo scorso luglio in occasione della sua visita a Belluno.\u00a0 Le carenze si attestano mediamente al 33% (ma con punte \u00a0del 41%) sono destinate, anche per Postale e Polfer, a crescere ancora vista l\u2019et\u00e0\u00a0 media abbondantemente superiore ai ciquant\u2019anni e prossima, per molti operatori, al limite ordinamentale previsto dalla legge. A nulla \u00e9 servita, in termini di compensazione e di ridistribuzione di risorse a livello provinciale, la chiusura della Polfer di Calalzo. <em>&#8220;Il Siulp bellunese &#8211; spiega il segretario provinciale del sindacato, Albino Rossa-\u00a0 si \u00e8 attivato attraverso un\u2019ulteriore iniziativa che coinvolge, oltre alle istituzione locali, nelle figure del Prefetto e del Questore, quali autorit\u00e0 provinciali di pubblica sicurezza, anche i Parlamentari bellunesi, che oggi si pregiano della titolarit\u00e0 di un dicastero, che hanno gi\u00e0\u00a0 manifestato ampia disponibilit\u00e0. Sono stati coinvolti i rappresentanti politici sia delle forze di maggioranza, sia dell\u2019opposizione perch\u00e9 \u00a0i valori della sicurezza e tutela dell\u2019ordine pubblico siano patrimonio comune, che non hanno colore partitico&#8221;.\u00a0<\/em><\/p>\n<p>&nbsp;<\/p>\n<p>&nbsp;<\/p>\n<hr \/>\n<p>&nbsp;<\/p>\n<blockquote>\n<h3>AUMENTO PERSONALE POLIZIA NON RINVIABILE<\/h3>\n<\/blockquote>\n<p><strong><a href=\"https:\/\/www.radiopiu.net\/wordpress\/speciale-feltre-fondi-di-confine-e-biblioteche-dal-gr-pomeriggio-di-radio-piu\/roger_de_menech_daticamera\/\" rel=\"attachment wp-att-49599\"><img loading=\"lazy\" decoding=\"async\" class=\"size-full wp-image-49599 alignleft\" src=\"https:\/\/www.radiopiu.net\/wordpress\/wp-content\/uploads\/2018\/05\/Roger_De_Menech_daticamera.jpg\" alt=\"\" width=\"165\" height=\"228\" \/><\/a>ROMA <\/strong><span class=\"s1\">\u00ab<em>L\u2019aumento del personale assegnato agli uffici specializzati della Polizia dello Stato nel Bellunese non pu\u00f2 pi\u00f9 essere rimandato<\/em>\u00bb. Lo rileva il deputato Roger De Menech che ha parlato con i rappresentanti provinciali del Siulp. Il sindacato di Polizia da anni chiede la sostituzione dei ripetuti pensionamenti e il ripianamento degli organici di Polizia Stradale e Polizia Ferroviaria il cui fabbisogno \u00e8 di circa un terzo del personale. <\/span><span class=\"s1\">\u00ab<em>I dirigenti della Polizia di Stato e il ministero dell\u2019Interno devono riconoscere, come tutti, la specialit\u00e0 della montagna e di un territorio cos\u00ec vasto come quello della provincia di Belluno<\/em>\u00bb, afferma De Menech. \u00ab<em>Ricordarsi delle esigenze di chi lavora e garantisce la sicurezza 365 giorni l\u2019anno solo quando ci sono i grandi eventi non \u00e8 pi\u00f9 appropriato. Oltre alla dignit\u00e0 di chi lavora, le carenze di organico sono tanto gravi da mettere a repentaglio i servizi di controllo e sicurezza di tutti<\/em>\u00bb. <\/span><span class=\"s1\">Nei prossimi giorni il deputato proporr\u00e0 agli altri rappresentanti del territorio un approfondimento sulla situazione del personale di Polizia in montagna e coinvolger\u00e0 il ministro competente.<\/span><\/p>\n<p>&nbsp;<\/p>\n<p>&nbsp;<\/p>\n<hr \/>\n<p>&nbsp;<\/p>\n<blockquote>\n<h3>VIA SOTTOCASTELLO NON UNA PASSEGGIATA, MA UN PERCORSO AD OSTACOLI E ADDAMIANO INTERROGA<\/h3>\n<\/blockquote>\n<blockquote><p><em>La tutela di una citt\u00e0 e l\u2019amore per essa si estrinseca anche e soprattutto in tempestivi interventi di lotta al degrado con una forte azione di diligente, costante cura dei beni mobili e immobili collettivi nonch\u00e9 con una profonda opera di educazione civica sia in chiave preventiva che repressiva,<\/em><\/p><\/blockquote>\n<p><strong><a href=\"https:\/\/www.radiopiu.net\/wordpress\/via-sottocastello-non-una-passeggiata-ma-un-percorso-ad-ostacoli-e-addamiano-interroga\/20210328_171029-1\/\" rel=\"attachment wp-att-202041\"><img loading=\"lazy\" decoding=\"async\" class=\" wp-image-202041 alignleft\" src=\"https:\/\/www.radiopiu.net\/wordpress\/wp-content\/uploads\/2021\/04\/20210328_171029-1-300x300.jpg\" alt=\"\" width=\"179\" height=\"179\" srcset=\"https:\/\/www.radiopiu.net\/wordpress\/wp-content\/uploads\/2021\/04\/20210328_171029-1-300x300.jpg 300w, https:\/\/www.radiopiu.net\/wordpress\/wp-content\/uploads\/2021\/04\/20210328_171029-1-1024x1024.jpg 1024w, https:\/\/www.radiopiu.net\/wordpress\/wp-content\/uploads\/2021\/04\/20210328_171029-1-150x150.jpg 150w, https:\/\/www.radiopiu.net\/wordpress\/wp-content\/uploads\/2021\/04\/20210328_171029-1-768x768.jpg 768w, https:\/\/www.radiopiu.net\/wordpress\/wp-content\/uploads\/2021\/04\/20210328_171029-1-1536x1536.jpg 1536w, https:\/\/www.radiopiu.net\/wordpress\/wp-content\/uploads\/2021\/04\/20210328_171029-1-2048x2048.jpg 2048w\" sizes=\"auto, (max-width: 179px) 100vw, 179px\" \/><\/a>BELLUNO<\/strong> Il consigliere comunale Raffaele Addamiano (Lista Obiettivo Belluno Fratelli d&#8217;Italia) al tavolo del sindaco e del consiglio comunale porta non solo un&#8217;interrogazione che prevede risposta tanto scritta che orale, ma anche un corredo fotografico in cui versa la storica via, teatro di frequenti comportamenti incivili: schiamazzi, molestie a persone, urine ed escrementi di cani non rimossi, imbrattamenti di muri di abitazioni, abbandono di bottiglie, di lattine, di mozziconi di sigaretta e di mascherine anti-contagio. Una via, quella tanto cara all&#8217;indimenticato Loris Tormen, da lungo tempo\u00a0 ammalorata in pi\u00f9 parti con un piano di calpestio rovinato e crepato, con i muri dipinti da maldestri writers e con una vegetazione assai poco curata. Eppure quella via \u00e8 un sentiero turistico di grande pregio culturale e paesaggistico per chi visita Belluno e il suo centro e fino a Borgo Piave che in quanto a quartiere pi\u00f9 bello fa invidia a tutti gli altri,\u00a0 purtroppo recentemente agli onori dei post- social per atti di vandalismo. Per questo motivo Addamiano chiede al sindaco o all&#8217;assessore competente: <em>&#8220;Quali siano, se previsti, gli interventi che l\u2019Amministrazione del Capoluogo intenda porre in essere per riqualificare dal punto di vista estetico, urbanistico e civile in senso lato l\u2019arteria de qua, rendendola finalmente fruibile, pure sotto il profilo turistico, ai Bellunesi e ai visitatori del medesimo Capoluogo, non dimenticando, all\u2019uopo, il contermine storico quartiere di Borgo Piave&#8221;.<\/em><\/p>\n<p>&nbsp;<\/p>\n<p>&nbsp;<\/p>\n<hr \/>\n<p>&nbsp;<\/p>\n<blockquote class=\"wp-embedded-content\" data-secret=\"5VC0NryZlo\"><p><a href=\"https:\/\/www.radiopiu.net\/wordpress\/aggapr08\/\">CORONAVIRUS: AGGIORNAMENTO NAZIONALE 08 APRILE  2021<\/a><\/p><\/blockquote>\n<p><iframe loading=\"lazy\" class=\"wp-embedded-content\" sandbox=\"allow-scripts\" security=\"restricted\" style=\"position: absolute; clip: rect(1px, 1px, 1px, 1px);\" title=\"&#8220;CORONAVIRUS: AGGIORNAMENTO NAZIONALE 08 APRILE  2021&#8221; &#8212; Radio Pi\u00f9\" src=\"https:\/\/www.radiopiu.net\/wordpress\/aggapr08\/embed\/#?secret=5VC0NryZlo\" data-secret=\"5VC0NryZlo\" width=\"600\" height=\"338\" frameborder=\"0\" marginwidth=\"0\" marginheight=\"0\" scrolling=\"no\"><\/iframe><\/p>\n<p>&nbsp;<\/p>\n<hr \/>\n<p>&nbsp;<\/p>\n<blockquote class=\"wp-embedded-content\" data-secret=\"rdSSOXm77i\"><p><a href=\"https:\/\/www.radiopiu.net\/wordpress\/nelle-ultime-24-ore-i-negativizzati-2389-doppiano-i-nuovi-positivi-941-in-veneto-ricoveri-in-calo-32-decessi-a-belluno-sono-43-le-nuove-positivita\/\">NELLE ULTIME 24 ORE I NEGATIVIZZATI (2389) DOPPIANO I NUOVI POSITIVI (941) IN VENETO. RICOVERI IN CALO, 32 DECESSI. A BELLUNO SONO 43 LE NUOVE POSITIVITA&#8217;<\/a><\/p><\/blockquote>\n<p><iframe loading=\"lazy\" class=\"wp-embedded-content\" sandbox=\"allow-scripts\" security=\"restricted\" style=\"position: absolute; clip: rect(1px, 1px, 1px, 1px);\" title=\"&#8220;NELLE ULTIME 24 ORE I NEGATIVIZZATI (2389) DOPPIANO I NUOVI POSITIVI (941) IN VENETO. RICOVERI IN CALO, 32 DECESSI. A BELLUNO SONO 43 LE NUOVE POSITIVITA&#8217;&#8221; &#8212; Radio Pi\u00f9\" src=\"https:\/\/www.radiopiu.net\/wordpress\/nelle-ultime-24-ore-i-negativizzati-2389-doppiano-i-nuovi-positivi-941-in-veneto-ricoveri-in-calo-32-decessi-a-belluno-sono-43-le-nuove-positivita\/embed\/#?secret=rdSSOXm77i\" data-secret=\"rdSSOXm77i\" width=\"600\" height=\"338\" frameborder=\"0\" marginwidth=\"0\" marginheight=\"0\" scrolling=\"no\"><\/iframe><\/p>\n<p>&nbsp;<\/p>\n<hr \/>\n<p>&nbsp;<\/p>\n<blockquote>\n<h3>I GRAFICI DI TIZIANO DE COL<\/h3>\n<\/blockquote>\n\n\t\t\t<style type='text\/css'>\n\t\t\t\t#gallery-2 {\n\t\t\t\t\tmargin: auto;\n\t\t\t\t}\n\t\t\t\t#gallery-2 .gallery-item {\n\t\t\t\t\tfloat: left;\n\t\t\t\t\tmargin-top: 10px;\n\t\t\t\t\ttext-align: center;\n\t\t\t\t\twidth: 20%;\n\t\t\t\t}\n\t\t\t\t#gallery-2 img {\n\t\t\t\t\tborder: 2px solid #cfcfcf;\n\t\t\t\t}\n\t\t\t\t#gallery-2 .gallery-caption {\n\t\t\t\t\tmargin-left: 0;\n\t\t\t\t}\n\t\t\t\t\/* see gallery_shortcode() in wp-includes\/media.php *\/\n\t\t\t<\/style>\n\t\t<div id='gallery-2' class='dt-gallery-container gallery galleryid-201922 gallery-columns-5 gallery-size-thumbnail'><dl class='gallery-item'>\n\t\t\t\t<dt class='gallery-icon landscape'>\n\t\t\t\t\t<a class=\"rollover rollover-zoom dt-pswp-item\" title=\"8f748057-671f-41da-a144-bee26be1faf0\" data-dt-img-description=\"\" data-large_image_width=\"611\" data-large_image_height=\"352\"href='https:\/\/www.radiopiu.net\/wordpress\/wp-content\/uploads\/2021\/04\/8f748057-671f-41da-a144-bee26be1faf0.jpg'><img loading=\"lazy\" decoding=\"async\" width=\"150\" height=\"150\" src=\"https:\/\/www.radiopiu.net\/wordpress\/wp-content\/uploads\/2021\/04\/8f748057-671f-41da-a144-bee26be1faf0-150x150.jpg\" class=\"attachment-thumbnail size-thumbnail\" alt=\"\" \/><\/a>\n\t\t\t\t<\/dt><\/dl><dl class='gallery-item'>\n\t\t\t\t<dt class='gallery-icon landscape'>\n\t\t\t\t\t<a class=\"rollover rollover-zoom dt-pswp-item\" title=\"201d10e0-f2af-44b1-a0ab-27fcec08b0a4\" data-dt-img-description=\"\" data-large_image_width=\"610\" data-large_image_height=\"355\"href='https:\/\/www.radiopiu.net\/wordpress\/wp-content\/uploads\/2021\/04\/201d10e0-f2af-44b1-a0ab-27fcec08b0a4.jpg'><img loading=\"lazy\" decoding=\"async\" width=\"150\" height=\"150\" src=\"https:\/\/www.radiopiu.net\/wordpress\/wp-content\/uploads\/2021\/04\/201d10e0-f2af-44b1-a0ab-27fcec08b0a4-150x150.jpg\" class=\"attachment-thumbnail size-thumbnail\" alt=\"\" \/><\/a>\n\t\t\t\t<\/dt><\/dl><dl class='gallery-item'>\n\t\t\t\t<dt class='gallery-icon landscape'>\n\t\t\t\t\t<a class=\"rollover rollover-zoom dt-pswp-item\" title=\"e9312cc0-5522-4d41-92f0-40036571bbbb\" data-dt-img-description=\"\" data-large_image_width=\"614\" data-large_image_height=\"354\"href='https:\/\/www.radiopiu.net\/wordpress\/wp-content\/uploads\/2021\/04\/e9312cc0-5522-4d41-92f0-40036571bbbb.jpg'><img loading=\"lazy\" decoding=\"async\" width=\"150\" height=\"150\" src=\"https:\/\/www.radiopiu.net\/wordpress\/wp-content\/uploads\/2021\/04\/e9312cc0-5522-4d41-92f0-40036571bbbb-150x150.jpg\" class=\"attachment-thumbnail size-thumbnail\" alt=\"\" \/><\/a>\n\t\t\t\t<\/dt><\/dl><dl class='gallery-item'>\n\t\t\t\t<dt class='gallery-icon landscape'>\n\t\t\t\t\t<a class=\"rollover rollover-zoom dt-pswp-item\" title=\"31ee7f76-7ddd-430c-af55-8c90975cfcd8\" data-dt-img-description=\"\" data-large_image_width=\"610\" data-large_image_height=\"357\"href='https:\/\/www.radiopiu.net\/wordpress\/wp-content\/uploads\/2021\/04\/31ee7f76-7ddd-430c-af55-8c90975cfcd8.jpg'><img loading=\"lazy\" decoding=\"async\" width=\"150\" height=\"150\" src=\"https:\/\/www.radiopiu.net\/wordpress\/wp-content\/uploads\/2021\/04\/31ee7f76-7ddd-430c-af55-8c90975cfcd8-150x150.jpg\" class=\"attachment-thumbnail size-thumbnail\" alt=\"\" \/><\/a>\n\t\t\t\t<\/dt><\/dl><dl class='gallery-item'>\n\t\t\t\t<dt class='gallery-icon landscape'>\n\t\t\t\t\t<a class=\"rollover rollover-zoom dt-pswp-item\" title=\"d5bbbf33-9a82-45ea-89f1-47f994acce1e\" data-dt-img-description=\"\" data-large_image_width=\"610\" data-large_image_height=\"352\"href='https:\/\/www.radiopiu.net\/wordpress\/wp-content\/uploads\/2021\/04\/d5bbbf33-9a82-45ea-89f1-47f994acce1e.jpg'><img loading=\"lazy\" decoding=\"async\" width=\"150\" height=\"150\" src=\"https:\/\/www.radiopiu.net\/wordpress\/wp-content\/uploads\/2021\/04\/d5bbbf33-9a82-45ea-89f1-47f994acce1e-150x150.jpg\" class=\"attachment-thumbnail size-thumbnail\" alt=\"\" \/><\/a>\n\t\t\t\t<\/dt><\/dl><br style=\"clear: both\" \/>\n\t\t\t<\/div>\n\n<p>&nbsp;<\/p>\n<p>&nbsp;<\/p>\n<hr \/>\n<p>&nbsp;<\/p>\n<blockquote>\n<h3>IN CALO I RICOVERI, MA NON I PAZIENTI IN TERAPIA INTENSIVA. IN VENETO ASTRAZENECA VIETATO SOTTO I 60 ANNI<\/h3>\n<\/blockquote>\n<blockquote>\n<h3>LEGGI LA CONFERENZA STAMPA DI LUCA ZAIA aggiornamento in tempo reale<\/h3>\n<p>Tredici pazienti di quelli ricoverati in queste ore finiranno in terapia intensiva, per statistica il 10-15% finisce in terapia intensiva. Finche&#8217; non caleranno i ricoveri non caler\u00e0 n\u00e8 il numero dei pazienti in terapia intensiva e dei decessi. <strong>VACCINI<\/strong> 34681 nelle ultime 24 ore, 77% copertura over 80, ben 7171 cicli completi. A disposizione stamattina ci sono 199mila vaccini che saranno &#8220;divorati&#8221;. Ci vorrebbero pi\u00f9 vaccini. <strong>EMA<\/strong> Quando c&#8217;\u00e8 brutto tempo evita di uscire di casa, ha detto che decidano gli Stati Membri. Poi ne viene fuori la raccomandazione di utilizzare il vaccino sopra i 60 anni. E sotto? Il Veneto ha deciso di non fare pi\u00f9 Astrazeneca sotto i 60 anni. <strong>OVER 70\u00a0<\/strong> Quando avremo risolto questo blocco con i vaccini avremo risolto gran parte dei nostri problemi. <strong>LA CIRCOLARE<\/strong> La dottoressa Russo ha gi\u00e0 inoltrato la documentazione: il vaccino funziona da una grande risposta anticorpale, in casa mia hanno fatto Astrazeneca i miei genitori dove la prenotazione era possibile. <strong>OPERATORI SANITARI<\/strong> Meno di 10mila i sanitari veneti non ancora vaccianti. &#8220;Il decreto che prevede l&#8217;obbligatoriet\u00e0 ha convinto molti a sottoporsi al vaccino&#8221;.<\/p><\/blockquote>\n<p><strong>DOTTOR TONILO<\/strong><\/p>\n<p><strong>SISTEMA PRENOTAZIONI\u00a0<\/strong> 115mila prenotazione fatte dallo scorso 1 aprile, entro sera arriveremo a 130mila. Il sistema regge almeno 3 prenotazioni al secondo. Ci sono stati giorni con picchi elevati, 6-7mila prenotazioni all&#8217;ora e il sistema non ha mai avuto alcun problema. Il dato \u00e8 significativo di come funziona, ci sono stati problemi in alcuni casi per la categoria dei disabili o pazienti fragili.\u00a0 Stiamo prevedendo anche il vaccino per l&#8217;accompagnatore che non servir\u00e0 perfezioni la sua prenotazione.\u00a0 I conviventi,\u00a0 genitori e fratelli, degli estremamente vulnerabili sotto i 16 anni hanno diritto alla vaccinazione in Veneto circa 400000<\/p>\n<p><strong>INGEGNER GIOBELLI<\/strong><\/p>\n<p>Dal fine settimana qualora il codice fiscale del paziente non venga riconosciuto \u00e8 possibile &#8220;forzare&#8221; il sistema e rilasciare un&#8217;auto-dichiarazione,\u00a0 poi porter\u00e0 la documentazione che lo attesta al momento della somministrazione<\/p>\n<p>&nbsp;<\/p>\n<p><a href=\"https:\/\/www.facebook.com\/zaiaufficiale\/videos\/448254869723933\">https:\/\/www.facebook.com\/zaiaufficiale\/videos\/448254869723933<\/a><\/p>\n<a href=\"https:\/\/www.radiopiu.net\/wordpress\/wp-content\/uploads\/2021\/04\/Vaccinazioni-SARS_PDF-20210408_STAMPA.pdf\" class=\"pdfemb-viewer\" style=\"\" data-width=\"max\" data-height=\"max\" data-toolbar=\"top\" data-toolbar-fixed=\"on\">Vaccinazioni-SARS_PDF-20210408_STAMPA<\/a>\n<p>&nbsp;<\/p>\n<hr \/>\n<p>&nbsp;<\/p>\n<blockquote>\n<h3>L&#8217;AGGIORNAMENTO SULLE VACCINAZIONI IN VENETO<\/h3>\n<\/blockquote>\n\n\t\t\t<style type='text\/css'>\n\t\t\t\t#gallery-3 {\n\t\t\t\t\tmargin: auto;\n\t\t\t\t}\n\t\t\t\t#gallery-3 .gallery-item {\n\t\t\t\t\tfloat: left;\n\t\t\t\t\tmargin-top: 10px;\n\t\t\t\t\ttext-align: center;\n\t\t\t\t\twidth: 33%;\n\t\t\t\t}\n\t\t\t\t#gallery-3 img {\n\t\t\t\t\tborder: 2px solid #cfcfcf;\n\t\t\t\t}\n\t\t\t\t#gallery-3 .gallery-caption {\n\t\t\t\t\tmargin-left: 0;\n\t\t\t\t}\n\t\t\t\t\/* see gallery_shortcode() in wp-includes\/media.php *\/\n\t\t\t<\/style>\n\t\t<div id='gallery-3' class='dt-gallery-container gallery galleryid-201922 gallery-columns-3 gallery-size-medium'><dl class='gallery-item'>\n\t\t\t\t<dt class='gallery-icon portrait'>\n\t\t\t\t\t<a class=\"rollover rollover-zoom dt-pswp-item\" title=\"48d3064e-a1a3-49ff-9508-85823dd726cf\" data-dt-img-description=\"\" data-large_image_width=\"614\" data-large_image_height=\"960\"href='https:\/\/www.radiopiu.net\/wordpress\/wp-content\/uploads\/2021\/04\/48d3064e-a1a3-49ff-9508-85823dd726cf.jpg'><img loading=\"lazy\" decoding=\"async\" width=\"192\" height=\"300\" src=\"https:\/\/www.radiopiu.net\/wordpress\/wp-content\/uploads\/2021\/04\/48d3064e-a1a3-49ff-9508-85823dd726cf-192x300.jpg\" class=\"attachment-medium size-medium\" alt=\"\" srcset=\"https:\/\/www.radiopiu.net\/wordpress\/wp-content\/uploads\/2021\/04\/48d3064e-a1a3-49ff-9508-85823dd726cf-192x300.jpg 192w, https:\/\/www.radiopiu.net\/wordpress\/wp-content\/uploads\/2021\/04\/48d3064e-a1a3-49ff-9508-85823dd726cf.jpg 614w\" sizes=\"auto, (max-width: 192px) 100vw, 192px\" \/><\/a>\n\t\t\t\t<\/dt><\/dl><dl class='gallery-item'>\n\t\t\t\t<dt class='gallery-icon portrait'>\n\t\t\t\t\t<a class=\"rollover rollover-zoom dt-pswp-item\" title=\"d55ba1d9-b6ac-488e-85b5-864b700710bb\" data-dt-img-description=\"\" data-large_image_width=\"614\" data-large_image_height=\"960\"href='https:\/\/www.radiopiu.net\/wordpress\/wp-content\/uploads\/2021\/04\/d55ba1d9-b6ac-488e-85b5-864b700710bb.jpg'><img loading=\"lazy\" decoding=\"async\" width=\"192\" height=\"300\" src=\"https:\/\/www.radiopiu.net\/wordpress\/wp-content\/uploads\/2021\/04\/d55ba1d9-b6ac-488e-85b5-864b700710bb-192x300.jpg\" class=\"attachment-medium size-medium\" alt=\"\" srcset=\"https:\/\/www.radiopiu.net\/wordpress\/wp-content\/uploads\/2021\/04\/d55ba1d9-b6ac-488e-85b5-864b700710bb-192x300.jpg 192w, https:\/\/www.radiopiu.net\/wordpress\/wp-content\/uploads\/2021\/04\/d55ba1d9-b6ac-488e-85b5-864b700710bb.jpg 614w\" sizes=\"auto, (max-width: 192px) 100vw, 192px\" \/><\/a>\n\t\t\t\t<\/dt><\/dl><dl class='gallery-item'>\n\t\t\t\t<dt class='gallery-icon portrait'>\n\t\t\t\t\t<a class=\"rollover rollover-zoom dt-pswp-item\" title=\"c3de9d18-ce96-4c9f-a164-0784504d6d86\" data-dt-img-description=\"\" data-large_image_width=\"620\" data-large_image_height=\"960\"href='https:\/\/www.radiopiu.net\/wordpress\/wp-content\/uploads\/2021\/04\/c3de9d18-ce96-4c9f-a164-0784504d6d86.jpg'><img loading=\"lazy\" decoding=\"async\" width=\"194\" height=\"300\" src=\"https:\/\/www.radiopiu.net\/wordpress\/wp-content\/uploads\/2021\/04\/c3de9d18-ce96-4c9f-a164-0784504d6d86-194x300.jpg\" class=\"attachment-medium size-medium\" alt=\"\" srcset=\"https:\/\/www.radiopiu.net\/wordpress\/wp-content\/uploads\/2021\/04\/c3de9d18-ce96-4c9f-a164-0784504d6d86-194x300.jpg 194w, https:\/\/www.radiopiu.net\/wordpress\/wp-content\/uploads\/2021\/04\/c3de9d18-ce96-4c9f-a164-0784504d6d86.jpg 620w\" sizes=\"auto, (max-width: 194px) 100vw, 194px\" \/><\/a>\n\t\t\t\t<\/dt><\/dl><br style=\"clear: both\" \/>\n\t\t\t<\/div>\n\n<p>&nbsp;<\/p>\n<p>&nbsp;<\/p>\n<p>&nbsp;<\/p>\n<p>&nbsp;<\/p>\n<hr \/>\n<p>&nbsp;<\/p>\n<blockquote>\n<h3>RIAPERTURA SCUOLA, DONAZZAN: &#8220;SOLUZIONI PER TRASPORTI E ORGANICI PER RIPARTIRE COL PIEDE GIUSTO A SETTEMBRE\u201d<\/h3>\n<\/blockquote>\n<p><strong><a href=\"https:\/\/www.radiopiu.net\/wordpress\/giornale-radiopiu-09-marzo-2021-direttore-mirko-mezzacasa\/elena-donazzan\/\" rel=\"attachment wp-att-195881\"><img loading=\"lazy\" decoding=\"async\" class=\"size-medium wp-image-195881 alignleft\" src=\"https:\/\/www.radiopiu.net\/wordpress\/wp-content\/uploads\/2021\/03\/ELENA-DONAZZAN-300x272.png\" alt=\"\" width=\"300\" height=\"272\" srcset=\"https:\/\/www.radiopiu.net\/wordpress\/wp-content\/uploads\/2021\/03\/ELENA-DONAZZAN-300x272.png 300w, https:\/\/www.radiopiu.net\/wordpress\/wp-content\/uploads\/2021\/03\/ELENA-DONAZZAN-1024x927.png 1024w, https:\/\/www.radiopiu.net\/wordpress\/wp-content\/uploads\/2021\/03\/ELENA-DONAZZAN-768x695.png 768w, https:\/\/www.radiopiu.net\/wordpress\/wp-content\/uploads\/2021\/03\/ELENA-DONAZZAN.png 1266w\" sizes=\"auto, (max-width: 300px) 100vw, 300px\" \/><\/a>VENEZIA <\/strong>\u201c<em>\u00c8 necessario iniziare gi\u00e0 ora ragionare su come riaprire le scuole con l\u2019inizio del prossimo anno scolastico per non ritrovarci a vivere nelle stesse condizioni dello scorso settembre. I nodi chiave sono quelli dei trasporti e della carenza di organico. Senza dare risposte su questi due versanti impensabile ripartire col piede giusto<\/em>\u201d. Lo ha affermato oggi Elena Donazzan, Assessore regionale all\u2019istruzione, intervenendo all\u2019audizione rappresentanti Conferenza delle Regioni e delle Province autonome in seno alla VII Commissione Istruzione pubblica, beni culturali del Senato in merito al tema della riapertura delle scuole. \u201c<em>La proposta \u00e8 quella di ragionare sulla riapertura delle scuole per il prossimo anno scolastico fin da ora \u2013 ha indicato Donazzan \u2013 non possiamo ritrovarci come l\u2019anno scorso, col ministro Azzolina, ad avere incertezze sugli organici fino a novembre. Stiamo parlando di territori molto difformi ai quali dobbiamo dare risposte puntuali, dando meno pressione possibile alle scuole stesse. Lo vediamo anche in questi giorni. In Veneto abbiamo riaperto la scuola fino alla terza media, mentre abbiamo tenuto una posizione di massima cautela per le scuole superiori, riaperte al 50 cento<\/em>\u201d.<\/p>\n<p>&nbsp;<\/p>\n<p>&nbsp;<\/p>\n<hr \/>\n<p>&nbsp;<\/p>\n<blockquote>\n<h3 class=\"p1\"><span class=\"s1\">EMENDAMENTO DELLE REGIONI PER MIGLIORARE QUALIT\u00c0 DELL\u2019ARIA. <\/span><span class=\"s1\">BOTTACIN: \u201cRISPONDERE ALLA SENTENZA EUROPEA, MA SOPRATTUTTO GARANTIRE ECCELLENTI STANDARD DI VITA E SALUTE AI CITTADINI\u201d<\/span><\/h3>\n<\/blockquote>\n<p><strong><a href=\"https:\/\/www.radiopiu.net\/wordpress\/giornale-radiopiu-09-aprile-2021-direttore-mirko-mezzacasa\/bottacin-64\/\" rel=\"attachment wp-att-202078\"><img loading=\"lazy\" decoding=\"async\" class=\"size-medium wp-image-202078 alignleft\" src=\"https:\/\/www.radiopiu.net\/wordpress\/wp-content\/uploads\/2021\/04\/BOTTACIN-232x300.jpg\" alt=\"\" width=\"232\" height=\"300\" srcset=\"https:\/\/www.radiopiu.net\/wordpress\/wp-content\/uploads\/2021\/04\/BOTTACIN-232x300.jpg 232w, https:\/\/www.radiopiu.net\/wordpress\/wp-content\/uploads\/2021\/04\/BOTTACIN-791x1024.jpg 791w, https:\/\/www.radiopiu.net\/wordpress\/wp-content\/uploads\/2021\/04\/BOTTACIN-768x994.jpg 768w, https:\/\/www.radiopiu.net\/wordpress\/wp-content\/uploads\/2021\/04\/BOTTACIN.jpg 1080w\" sizes=\"auto, (max-width: 232px) 100vw, 232px\" \/><\/a>VENEZIA <\/strong>Nell\u2019autunno scorso la Corte di Giustizia ha accertato che lo Stato italiano \u00e8 venuto meno agli obblighi imposti per avere superato i valori limite giornaliero e annuale fissati per le polveri sottili (PM10) e per non avere adottato misure appropriate a garantire il rispetto di tali valori limite. La sentenza determina in particolare l\u2019obbligo per lo Stato di adottare urgenti provvedimenti per ottemperare agli obblighi previsti. \u201c<em>E fondamentale intervenire con adeguate misure da parte dello Stato italiano \u2013 spiega l\u2019assessore all\u2019Ambiente Gianpaolo Bottacin \u2013 che possano portare al rispetto del valore limite giornaliero di PM10. Come Regione Veneto, in sinergia con le altre regioni del Bacino Padano, area notoriamente pi\u00f9 sensibile al tema a causa della particolare conformazione del territorio, da tempo lavoriamo con progettualit\u00e0 condivise e anche di recente abbiamo avviato delibere comuni attraverso cui adottare politiche sinergiche per rispondere alla problematica<\/em>\u201d. Tutte le amministrazioni dello Stato infatti sono tenute al rispetto della normativa comunitaria ponendo rimedio alle violazioni, diversamente il rischio sarebbero sanzioni con altissimi oneri a carico degli enti pubblici. \u201c<em>In tal senso il Veneto, che da tempo e ben prima della condanna europea all\u2019Italia, sostiene questa buona battaglia e continua con proprie azioni ad hoc, come il bando sulla rottamazione delle vecchie auto, con cui da anni finanziamo l\u2019acquisto di nuove auto a basso inquinamento, che \u2013 anticipa l\u2019assessore \u2013 sar\u00e0 riproposto anche nel 2021 con una dotazione iniziale di ben 5 milioni di euro. Una delle tante azioni volte a incentivare la riduzione della smog, limitando nel contempo il pi\u00f9 possibile le restrizioni<\/em>\u201d.<\/p>\n<p>&nbsp;<\/p>\n<p>&nbsp;<\/p>\n<hr \/>\n<p>&nbsp;<\/p>\n<p>&nbsp;<\/p>\n<blockquote>\n<h3>PD: &#8220;VACCINAZIONI PER DISABILI, IMPOSSIBILE PRENOTARE PER UNA FALLA NEL SISTEMA&#8221;<\/h3>\n<\/blockquote>\n<p><strong><a href=\"https:\/\/www.radiopiu.net\/wordpress\/giornale-radiopiu-29-07-direttore-mirko-mezzacasa\/images_universita_pd_logo\/\" rel=\"attachment wp-att-22000\"><img loading=\"lazy\" decoding=\"async\" class=\"size-medium wp-image-22000 alignleft\" src=\"https:\/\/www.radiopiu.net\/wordpress\/wp-content\/uploads\/2016\/07\/images_Universita_pd_logo-300x212.jpg\" alt=\"\" width=\"300\" height=\"212\" \/><\/a>VENEZIA<\/strong> \u201cContinuiamo a ricevere segnalazioni di disabili che non riescono a prenotarsi per il vaccino e diventano vittime di rimpalli di responsabilit\u00e0. Queste persone non possono essere lasciate in balia della disorganizzazione del sistema\u201d. Anna Maria Bigon, vicepresidente della commissione Sanit\u00e0 e consigliera regionale del Partito Democratico, torna sul problema dell\u2019impossibilit\u00e0 delle prenotazioni online per il mancato riconoscimento del codice fiscale. \u201cSecondo quanto appreso nel punto stampa quotidiano, per almeno un\u2019altra settimana rester\u00e0 questo disservizio, in attesa che siano apportate correzioni nel portale, con la possibilit\u00e0 di \u2018forzare\u2019 il sistema qualora il codice fiscale non venga ancora riconosciuto. Ma non si poteva agire prima? Si tratta di persone gi\u00e0 in difficolt\u00e0 e fragili, che dovevano essere messe in sicurezza da tempo e invece non sanno a chi rivolgersi&#8221;.<\/p>\n<p>&nbsp;<\/p>\n<p>&nbsp;<\/p>\n<p>&nbsp;<\/p>\n<hr \/>\n<p>\u200b<\/p>\n<blockquote>\n<h3>PIANO DI RIPRESA E RESILIENZA, DRAGHI INCONTRA REGIONI ED ENTI LOCALI<\/h3>\n<\/blockquote>\n<p><strong><a href=\"https:\/\/www.radiopiu.net\/wordpress\/giornale-radiopiu-06-novembre-2020-direttore-mirko-mezzacasa\/logouncem_no_scritta-wdtr\/\" rel=\"attachment wp-att-170846\"><img loading=\"lazy\" decoding=\"async\" class=\"size-medium wp-image-170846 alignleft\" src=\"https:\/\/www.radiopiu.net\/wordpress\/wp-content\/uploads\/2020\/11\/logoUNCEM_no_scritta-wdtr-300x300.jpg\" alt=\"\" width=\"300\" height=\"300\" srcset=\"https:\/\/www.radiopiu.net\/wordpress\/wp-content\/uploads\/2020\/11\/logoUNCEM_no_scritta-wdtr-300x300.jpg 300w, https:\/\/www.radiopiu.net\/wordpress\/wp-content\/uploads\/2020\/11\/logoUNCEM_no_scritta-wdtr-150x150.jpg 150w, https:\/\/www.radiopiu.net\/wordpress\/wp-content\/uploads\/2020\/11\/logoUNCEM_no_scritta-wdtr.jpg 640w\" sizes=\"auto, (max-width: 300px) 100vw, 300px\" \/><\/a>ROMA<\/strong> &#8220;<em>\u00c8 stato molto importante l&#8217;incontro, il primo, del Presidente Draghi con Regioni, Anci, Upi, Uncem, sul Piano di Ripresa e Resilienza, che entro aprile dovr\u00e0 essere inviato a Bruxelles. Importanti le parole del Presidente sulla necessit\u00e0 di un accordo istituzionale e di una riflessione collettiva per coordinare la spesa, lavorando insieme tra livelli, facendo riprendere la credibilit\u00e0 italiana nella capacit\u00e0 di investire. Ho apprezzato l&#8217;impegno del Presidente sulla ricostruzione post-sisma, sulla rigenerazione energetica degli edifici, sul ripensamento dei servizi pubblici e sulla prevenzione del dissesto idrogeologico. Insistiamo come Uncem sul superamento delle sperequazioni territoriali, tra aree urbane e zone montane, con un nuovo patto che fa bene alla coesione del Paese. I piccoli Comuni non fanno &#8216;elenchi della spesa&#8217; e cos\u00ec non ha fatto mai Uncem. Ma insistiamo affinch\u00e9 gli Enti locali, piccoli e grandi, lavorino di pi\u00f9 e meglio insieme per investire positivamente e celermente le risorse disponibili, del Next Generation EU e della nuova programazione comunitaria. Draghi ha ragione quando dice che deve cambiare tutto il contesto politico, istituzionale, contabile e anche giudiziario. Per accelerare investimenti e anche per poter tradurre in realt\u00e0 una serie di progetti che, ricordo, sono gi\u00e0 stati finanziati dallo Stato, con le ultime leggi di bilancio, agli Enti locali. Il superamento dei divari tra varie aree del Paese, il Presidente del Consiglio ha detto chiaramente che \u00e8 una priorit\u00e0. Nessuno, al nord come al sud, nei territori alpini e appenninici, deve sentirsi emarginato e con lo Stato lontano. Uncem d\u00e0 la massima disponibilit\u00e0 al Presidente e a tutto il Governo, oltre che al Parlamento, a lavorare nelle prossime settimane, e dopo, sul Piano di Ripresa e Resilienza<\/em>&#8220;. Lo afferma Marco Bussone, Presidente nazionale Uncem.<\/p>\n<p>&nbsp;<\/p>\n<p>&nbsp;<\/p>\n<p>&nbsp;<\/p>\n<p>&nbsp;<\/p>\n<hr \/>\n<p>&nbsp;<\/p>\n<blockquote>\n<h2>NON PIOVE MA FA UN FREDDO&#8230; INVERNALE CON 21 GRADI SOTTO ZERO IN MARMOLADA<\/h2>\n<\/blockquote>\n<div class=\"gmail_default\"><em><b><img loading=\"lazy\" decoding=\"async\" class=\"alignleft\" src=\"https:\/\/www.radiopiu.net\/wordpress\/wp-content\/uploads\/2020\/12\/ghiaccio-freddo-brina.jpg\" width=\"199\" height=\"133\" \/>Arpav\u00a0 segnala le temperature minime registrate ieri\u00a0 in alcune localit\u00e0 del Veneto<span class=\"gmail_default\">. <\/span><\/b><\/em><em><span class=\"gmail_default\"><u>Fra i paesi\/citt\u00e0 i valori pi\u00f9 significativi, in relazione all&#8217;altitudine, sono stati misurati a:\u00a0 <\/u><\/span><\/em>Arabba <b>&#8211;<span class=\"gmail_default\">8.7<\/span>\u00b0C <\/b>Castana (Valle del Posina-VI) <b>-5.8\u00b0C <\/b>Belluno <b>&#8211;<span class=\"gmail_default\">5.4<\/span>\u00b0C <\/b>R<span class=\"gmail_default\">ovigo (Sant&#8217;Apollinare)<b> -3.8\u00b0C\u00a0 <\/b><\/span><u><span class=\"gmail_default\">Si segnalano inoltre le temperature minime nelle localit\u00e0 normalmenrte pi\u00f9 fredde:\u00a0 <\/span><\/u><span class=\"gmail_default\">Val Visdende<\/span>\u00a0(BL-1240 m)<span class=\"gmail_default\"> <b>-12.2\u00b0<\/b><\/span><strong>C <\/strong><span class=\"gmail_default\">Passo Cimabanche<\/span>\u00a0(BL-1530 m)\u00a0<span class=\"gmail_default\"><b>-14.2\u00b0C <\/b><\/span>Passo Pordoi (BL-2154 m) <b>-12.2\u00b0C <\/b><span class=\"gmail_default\">Marmolada<\/span>\u00a0(BL-3256 m)<span class=\"gmail_default\"> <b>-20.9\u00b0C <\/b><\/span><span class=\"gmail_default\">Pian Cansiglio<\/span>\u00a0(BL-<span class=\"gmail_default\"> 1003 m<\/span>)<span class=\"gmail_default\"> <b>-14.4\u00b0C <\/b><\/span><span class=\"gmail_default\">Piana di Marcesina<\/span>\u00a0(VI-1310 m)<span class=\"gmail_default\"> <b>-13.9\u00b0C <\/b><\/span><span class=\"gmail_default\">Dolina Campoluzzo<\/span>\u00a0(VI-1768 m)<span class=\"gmail_default\"> <b>-18.5\u00b0C<\/b><\/span><\/div>\n<div class=\"gmail_quote\">\n<div dir=\"ltr\">\n<div class=\"gmail_quote\">\n<div dir=\"ltr\">\n<div class=\"gmail_quote\">\n<div dir=\"ltr\">\n<div class=\"gmail_quote\">\n<div dir=\"ltr\">\n<div class=\"gmail_quote\">\n<div dir=\"ltr\">\n<div class=\"gmail_quote\">\n<div dir=\"ltr\">\n<div class=\"gmail_quote\">\n<div dir=\"ltr\">\n<div class=\"gmail_quote\">\n<div dir=\"ltr\">\n<div class=\"gmail_quote\">\n<div dir=\"ltr\">\n<div class=\"gmail_quote\">\n<div dir=\"ltr\">\n<p><i>Questo dato va considerato come semplice curiosit\u00e0<span class=\"gmail_default\">, perch\u00e8 dovuto ad un particolare microclima<\/span> (registrato sul fondo di una conca, in una sperduta zona di montagna)\u00a0<\/i><\/p>\n<p><em><strong>Record (temperature minime assolute) negli ultimi 35 anni nelle localit\u00e0 considerate\u00a0<\/strong><\/em><em>Pian Cansiglio -29.5\u00b0C (1 marzo 2005) <\/em><em>Val Visdende -26.4\u00b0C (1 marzo 2005) <\/em><em>Passo Cimabanche -30\u00b0C (7 gennaio 1985) <\/em><em>Passo Pordoi -26.2\u00b0C (6 gennaio 1985) <\/em><em>Marmolada -30.4\u00b0C (30 gennaio 1999)\u00a0<\/em><em>Piana di Marcesina -32.0\u00b0C (1 marzo 2005) <\/em><em>Dolina Campoluzzo -44.1\u00b0C (26 febbraio 2018)<\/em><\/p>\n<\/div>\n<\/div>\n<\/div>\n<\/div>\n<\/div>\n<\/div>\n<\/div>\n<\/div>\n<\/div>\n<\/div>\n<\/div>\n<\/div>\n<\/div>\n<\/div>\n<\/div>\n<\/div>\n<\/div>\n<\/div>\n<\/div>\n<\/div>\n<blockquote>\n<h3><\/h3>\n<h3><\/h3>\n<\/blockquote>\n<hr \/>\n<p>&nbsp;<\/p>\n<blockquote>\n<h3>DAL 16 AL 25 APRILE CHIUSURA STATALE 50 A GRAVAZZE PER LA REALIZZAZIONE DEL SOTTOPASSO CICLABILE<\/h3>\n<\/blockquote>\n<p><strong><a href=\"https:\/\/www.radiopiu.net\/wordpress\/giornale-radio-piu-15-06-direttore-mirko-mezzacasa\/lavori_in_corso_cartelli04111111111111\/\" rel=\"attachment wp-att-20520\"><img loading=\"lazy\" decoding=\"async\" class=\"size-medium wp-image-20520 alignleft\" src=\"https:\/\/www.radiopiu.net\/wordpress\/wp-content\/uploads\/2016\/06\/lavori_in_corso_cartelli04111111111111-300x237.jpg\" alt=\"\" width=\"300\" height=\"237\" \/><\/a>SANTA GIUSTINA <\/strong>Inizieranno il 16 aprile i lavori per la realizzazione di un sottopasso ciclabile in localit\u00e0 Gravazze, all\u2019interno dell\u2019importante opera inserita come variante Belluno-Feltre-Primolano nell\u2019itinerario di interesse nazionale \u201cCiclovia Lunga Via delle Dolomiti\u201d e riferito al Piano Regionale di mobilit\u00e0 ciclistica. L\u2019opera \u00e8 mirata a togliere i ciclisti dalla Strada Statale, consentendo una viabilit\u00e0 alternativa in tutta sicurezza che assumer\u00e0 anche valenza paesaggistica, culturale e turistica. Il tratto tra la rotatoria in localit\u00e0 Gravazze e il ponte di Bribano \u00e8 un punto nevralgico di questo fondamentale progetto, pertanto si rende necessaria, durante l\u2019esecuzione dei lavori, la chiusura della Statale 50 prevista dalle ore 9.00 del 16 alle ore 24.00 del 25 aprile. Il traffico sar\u00e0 deviato tramite relativa cartellonistica in questo modo: per chi da Feltre va a Belluno o Sedico deviazione a Busche sulla sinistra Piave che dovr\u00e0 essere percorsa anche da chi va da Belluno a Feltre; per coloro che dai Comuni di Cesiomaggiore, San Gregorio e Santa Giustina si devono recare ad Agordo, Sedico e Belluno la deviazione sar\u00e0 all\u2019incrocio di Meano verso Ponte Mas, cos\u00ec come nel senso inverso. Se non vi saranno intoppi, il disagio legato alla maggiorazione dei tempi di percorrenza durer\u00e0 soltanto una settimana; eventuali variazioni e la data di apertura saranno comunicate tempestivamente tramite i mezzi di informazione ed i canali istituzionali del Comune di Santa Giustina.<\/p>\n<blockquote><p>Per la durata dei lavori in localit\u00e0 Gravazze anche le tratte Dolomitibus da Feltre e S.Giustina verso la Luxottica di Agordo subiranno le necessarie deviazioni. I nuovi orari\/percorsi temporanei per le suddette tratte verranno comunicati nel corso dei prossimi giorni.<\/p><\/blockquote>\n<p>&nbsp;<\/p>\n<p>&nbsp;<\/p>\n<hr \/>\n<p>&nbsp;<\/p>\n<blockquote>\n<h3>STASERA IL CONSIGLIO COMUNALE A CENCENIGHE in diretta sui canali facebook, youtube, telegram di RADIO PIU<\/h3>\n<\/blockquote>\n<p><strong>CENCENIGHE<\/strong> Il sindaco di Cencenighe Mauro Soppelsa ha convocato i consiglieri comunali per stasera alle 20:30. Presso la sede del Municipio si discuteranno 11 punti all&#8217;ordine del giorno tra cui l&#8217;approvazione del DUP, l&#8217;imposta IMU per il 2021, una variante al PAT, la disciplina silvo-pastorale e due variazioni di salvaguardia a Chenet e Villagrande.<\/p>\n<p><strong>\u00a0DI GIANNI SANTOMASO<\/strong><\/p>\n<audio class=\"wp-audio-shortcode\" id=\"audio-201922-11\" preload=\"none\" style=\"width: 100%;\" controls=\"controls\"><source type=\"audio\/mpeg\" src=\"https:\/\/www.radiopiu.net\/wordpress\/wp-content\/uploads\/2021\/04\/GIANNI-CONSIGLIO-COMUNALE-CENCENIGHE.mp3?_=11\" \/><a href=\"https:\/\/www.radiopiu.net\/wordpress\/wp-content\/uploads\/2021\/04\/GIANNI-CONSIGLIO-COMUNALE-CENCENIGHE.mp3\">https:\/\/www.radiopiu.net\/wordpress\/wp-content\/uploads\/2021\/04\/GIANNI-CONSIGLIO-COMUNALE-CENCENIGHE.mp3<\/a><\/audio>\n<p>&nbsp;<\/p>\n<p>&nbsp;<\/p>\n<p>&nbsp;<\/p>\n<hr \/>\n<p>&nbsp;<\/p>\n<blockquote>\n<h3>ANCHE A FELTRE UN SERVIZIO DEDICATO ALLA PRENOTAZIONE DEL VACCINO ALLE PERSONE MAGGIORMENTE FRAGILI<\/h3>\n<\/blockquote>\n<p><strong><a href=\"https:\/\/www.radiopiu.net\/wordpress\/giornale-radiopiu-15-marzo-2021-direttore-mirko-mezzacasa\/vaccino-2\/\" rel=\"attachment wp-att-196946\"><img loading=\"lazy\" decoding=\"async\" class=\"size-medium wp-image-196946 alignleft\" src=\"https:\/\/www.radiopiu.net\/wordpress\/wp-content\/uploads\/2021\/03\/VACCINO-300x169.jpg\" alt=\"\" width=\"300\" height=\"169\" srcset=\"https:\/\/www.radiopiu.net\/wordpress\/wp-content\/uploads\/2021\/03\/VACCINO-300x169.jpg 300w, https:\/\/www.radiopiu.net\/wordpress\/wp-content\/uploads\/2021\/03\/VACCINO-1024x576.jpg 1024w, https:\/\/www.radiopiu.net\/wordpress\/wp-content\/uploads\/2021\/03\/VACCINO-768x432.jpg 768w, https:\/\/www.radiopiu.net\/wordpress\/wp-content\/uploads\/2021\/03\/VACCINO.jpg 1280w\" sizes=\"auto, (max-width: 300px) 100vw, 300px\" \/><\/a>FELTRE\u00a0<\/strong>Con l&#8217;apertura del portale regionale dedicato alla prenotazione del vaccino, il Comune di Feltre ha pensato di aprire uno sportello per aiutare le persone maggiormente fragili. Per chi non e\u0300 in grado di prenotare in autonomia (persone anziane, con disabilita\u0300 ed in generale persone maggiormente fragili e impossibilitate a provvedere da sole o che non abbiano i supporti informatici necessari o la connessione internet ), il Comune di Feltre mette a disposizione il numero 0439 885360 e un operatore prenotera\u0300 il vaccino per loro conto. Il numero e\u0300 attivo: dal lunedi\u0300 al venerdi\u0300 dalle 9 alle 13 martedi\u0300 dalle 14,30 alle 16,00 e giovedi\u0300 dalle 16,00 alle 18,00. Al momento della telefonata e\u0300 indispensabile fornire il proprio codice fiscale. La ricevuta della prenotazione va poi ritirata presso lo sportello Ufficio Relazioni col Pubblico, al Piano terra del Municipio, entrata dell&#8217;anagrafe.<\/p>\n<p>&nbsp;<\/p>\n<p>&nbsp;<\/p>\n<p>&nbsp;<\/p>\n<hr \/>\n<p>&nbsp;<\/p>\n<p><em><a href=\"https:\/\/www.radiopiu.net\/wordpress\/giornale-radio-piu-22-11-direttore-mirko-mezzacasa\/bandi-e-concorsi\/\" rel=\"attachment wp-att-25479\"><img loading=\"lazy\" decoding=\"async\" class=\"wp-image-25479 alignleft\" src=\"https:\/\/www.radiopiu.net\/wordpress\/wp-content\/uploads\/2016\/11\/bandi-e-concorsi.jpg\" alt=\"\" width=\"139\" height=\"132\" \/><\/a>E\u2019 stato pubblicato\u00a0 sul sito www.aulss1.veneto.it \u2013 sezione bandi- un avviso per il conferimento urgente dei seguenti incarichi provvisori di medico di assistenza primaria \u00a0un incarico provvisorio di medico di assistenza primaria presso il Comune di Cortina D\u2019ampezzo; \u00a0un incarico provvisorio di medico di assistenza primaria presso il Comune di Borgo Valbelluna \u2013 loc. Mel;\u00a0&#8211; un incarico provvisorio di medico di assistenza primaria presso il Comune di Lamon;\u00a0&#8211; un incarico provvisorio di medico di assistenza primaria presso i Comuni di Santa Giustina\/Cesiomaggiore. Per ulteriori informazioni gli interessati potranno rivolgersi alla Direzione Amministrativa Territoriale di Belluno (tel. 0437\/516968-6752).<\/em><\/p>\n<p>&nbsp;<\/p>\n<p>&nbsp;<\/p>\n<p>&nbsp;<\/p>\n<hr \/>\n<p>&nbsp;<\/p>\n<blockquote>\n<h3>PROSEGUE IL PROGETTO \u201cTERZA OPPORTUNIT\u00c0\u201d DEL COMITATO D&#8217;INTESA<\/h3>\n<\/blockquote>\n<p><a href=\"https:\/\/www.radiopiu.net\/wordpress\/giornale-radiopiu-09-aprile-2021-direttore-mirko-mezzacasa\/terza-sciarpa-imm-1\/\" rel=\"attachment wp-att-202060\"><img loading=\"lazy\" decoding=\"async\" class=\"wp-image-202060 alignleft\" src=\"https:\/\/www.radiopiu.net\/wordpress\/wp-content\/uploads\/2021\/04\/terza-sciarpa-imm-1-300x169.jpg\" alt=\"\" width=\"179\" height=\"102\" srcset=\"https:\/\/www.radiopiu.net\/wordpress\/wp-content\/uploads\/2021\/04\/terza-sciarpa-imm-1-300x169.jpg 300w, https:\/\/www.radiopiu.net\/wordpress\/wp-content\/uploads\/2021\/04\/terza-sciarpa-imm-1-1024x576.jpg 1024w, https:\/\/www.radiopiu.net\/wordpress\/wp-content\/uploads\/2021\/04\/terza-sciarpa-imm-1-768x432.jpg 768w, https:\/\/www.radiopiu.net\/wordpress\/wp-content\/uploads\/2021\/04\/terza-sciarpa-imm-1.jpg 1080w\" sizes=\"auto, (max-width: 179px) 100vw, 179px\" \/><\/a><strong> \u200bBELLUNO<\/strong> \u200bSono in corso di svolgimento il laboratorio per realizzare in modo artigianale i giochi di una volta, denominato \u201cTerzo gioco\u201d come anche le attivit\u00e0 per la coltivazione di prodotti ortofrutticoli (Terzo orto), entrambi presso la sede della societ\u00e0 cooperativa sociale Dumia di Feltre. Proseguono le attivit\u00e0 di \u201cTerzo libro\u201d, club di lettura a cura del Centro Documentazione del Csv Belluno Treviso, ed \u00e8 appena decollato il laboratorio di digitalizzazione di documenti, denominato \u201cTerzo Documento\u201d, presso la sede del Comitato d\u2019Intesa di Belluno. Ancora in attesa, invece, il laboratorio \u201cTerza App\u201d, laboratorio di informatica per avvicinare gli anziani al mondo digitale e alle nuove tecnologie, che partir\u00e0 non appena le restrizioni lo consentiranno. In generale, comunque, il progetto finanziato dalla Regione Veneto, nell\u2019ambito del bando \u201cPromozione e valorizzazione dell\u2019Invecchiamento attivo &#8211; anno 2019\u201d sta ottenendo interessanti risultati con il coinvolgimento dei partecipanti e risultati concreti.<\/p>\n<p>&nbsp;<\/p>\n<p>&nbsp;<\/p>\n<hr \/>\n<p>&nbsp;<\/p>\n<blockquote>\n<h3>ANGELO FRESCURA DI RIZZIOS FU L\u2019IDEATORE FONDATORE E FINANZIATORE DELLA PRIMA FABBRICA DI OCCHIALI IN CADORE (CALALZO)<\/h3>\n<\/blockquote>\n<div class=\"l60d2q6s d1544ag0 sj5x9vvc tw6a2znq l9j0dhe7 ni8dbmo4 stjgntxs qlfml3jp inkptoze e72ty7fz qttc61fc jm1wdb64 qv66sw1b ljqsnud1 g6srhlxm odn2s2vf\">\n<div dir=\"auto\"><strong>di RENATO BONA<\/strong><\/div>\n<div dir=\"auto\"><\/div>\n<div class=\"oo9gr5id\" dir=\"auto\">\u00a0Il capitolo diciassettesimo del libro \u201cDallo smeraldo di Nerone agli occhiali del Cadore\u201d realizzato dal dott. Enrico De Lotto nel 1956 (stampa tipografi Benetta di Belluno) a cura della Camera di commercio in occasione della \u201cMostra dell\u2019occhiale attraverso i secoli\u201d che si tenne nel palazzo della Magnifica comunit\u00e0 di Cadore a Pieve, durante la settima edizione dei Giochi Olimpici Invernali di Cortina, \u00e8 &#8211; come tutti gli altri! &#8211; una autentica pagina di storia. Intitolato \u201cAngelo Frescura con la collaborazione di due ingegnosi cadorini, Giovanni Lozza e Leone Frescura, fond\u00f2 la prima fabbrica di occhiali nel 1877 a Calalzo di Cadore\u201d, si apre con una premessa in cui l\u2019autore illustra le due ragioni per le quali \u2018mi accingo a scrivere la storia delle occhialeria del Cadore\u2019: per completare il mio studio relativo all\u2019origine ed evoluzione dell\u2019occhiale; per porre in giusta luce l\u2019opera ed i sacrifici di un gruppo di uomini che hanno fondato le prime fabbriche di occhiali, tra queste valli dolomitiche, e di coloro che seppero far tesoro degli insegnamenti dei padri portando l\u2019industria degli occhiali ad un grado di notevole sviluppo, assumendo oggi una grande importanza nel quadro dell\u2019economia nazionale\u201d. Spetta, secondo De Lotto, ad un pugno di pionieri che dal nulla seppero fondare i primi nuclei per la lavorazione degli occhiali e delle lenti con mezzi modesti e con macchinari molte volte ideati e costruiti da loro stessi, il merito della creazione di questo complesso industriale che onora il Cadore e l\u2019Italia, e cita Attilio (noto scrittore, giornalista e romanziere, il figlio di Angelo Frescura (questi all\u2019et\u00e0 di 15 anni cominci\u00f2 a battere le strade del Veneto assieme ai suoi fratelli Leone, Giovanni e Giuseppe, per vendere poche lire di merce, minutaglie e pettini di fabbricazione domestica) il quale ebbe modo di ricordare che dopo aver girato il mondo e accumulato qualche soldo, il padre \u201csi ferm\u00f2 dapprima a Modena e poi per non servire l\u2019Austria, soggiorn\u00f2 per un breve periodo in Piemonte\u201d. Nel 1868 Angelo Frescura si ferm\u00f2 a Padova dove tenne banco di vendita prima in piazza e poi apr\u00ec una botteguccia di materiale ottico e chincaglie, aprendo le porte alla propria ed all\u2019altrui fortuna. Considerato che quasi tutti gli articoli di ottica, compresi gli occhiali, venivano importati dall\u2019estero, Frescura pens\u00f2 che \u201cqualche cosa si poteva fare per disincagliarsi da questa servit\u00f9 umiliante per una regione che aveva visto nascere e fiorire per secoli l\u2019industria degli occhiali\u201d. Il nostro &#8211; uomo intelligente, intraprendente e pratico &#8211; matur\u00f2 dunque l\u2019idea &#8211; \u00e8 sempre De Lotto a ricordarlo &#8211; di fondare una fabbrica di occhiali in Cadore. Svincolandosi dall\u2019estero, il Frescura voleva apportare non solo un vantaggio al suo negozio, ma anche al suo paese, a Rizzios, a Calalzo, al Cadore. Pertanto nel 1877 appront\u00f2 il materiale necessario per il funzionamento della fabbrica. Nel 1878, e forse prima, si accord\u00f2 col fratello Leone e con Giovanni Lozza, che egli molto stimava per galantuomo e per la sua fama di lavoratore di ingegno, per impiantare una fabbrica di occhiali. Confid\u00f2 in questa occasione al Lozza che era sua intenzione aprire una bottega a Treviso, per la sorella Veronica, ed una a Vicenza per il fratello Leone e similmente avrebbe voluto fare a Verona, a Venezia e via dicendo, a premio dei parenti e dei collaboratori pi\u00f9 fedeli. Frescura svolse il suo programma in pieno. Fond\u00f2 la fabbrica di occhiali ed apr\u00ec negozi di ottica, come previsto, in vari centri del Veneto: a Padova (in via S. Apollonia), a Vicenza dove si trasfer\u00ec Leone (questo negozio fu ceduto nel 1929 a De Carlo di Calalzo), a Verona (gestito da Attilio ed Isabella Frescura) ed a Treviso (in piazza). Giuseppe ed Antonio aprirono negozio a Feltre. L\u2019esempio dei Frescura fu naturalmente seguito da altri cadorini che aprirono negozi d\u2019ottica in varie parti d\u2019Italia, favorendo la vendita dei prodotti cadorini, apportando un notevole contributo allo sviluppo delle industrie appena avviate e dall\u2019incerto avvenire\u201d. Ancora De Lotto: \u201cInteressante famiglia dunque quella dei Frescura di Rizzios che non si distinse solamente nel campo del commercio e della fabbricazione degli occhiali. Cugino di Angelo fu quel colonnello Frescura, dottissimo ufficiale dell\u2019Esercito, che partecip\u00f2 alla guerra dell\u2019indipendenza e che fu per molti anni apprezzato insegnante alla scuola di Modena e che Pietro Sbarbaro proclamava nei suoi giornali essere allora uno dei pochi uomini degni di ricoprire in Italia l\u2019ufficio altissimo di Ministro della guerra\u2026 Ma tra i Frescura troviamo anche quel Francesco intagliatore e scultore, premiato a molte esposizioni, segnalatosi e specializzatosi nella confezione artistica degli stampi per burro, che fino alla sua morte forn\u00ec a quasi tutte le latterie d\u2019Italia. Le opere di Attilio Frescura, figlio di Angelo, sono state pubblicate da Cappelli, Agnelli e Mondadori e sono assai note\u2026 Tanti altri i nomi illustri del ceppo dei Frescura, come quel professor Pietro di Grea, insegnante di vasta cultura, padre di Giuseppe, caduto a fianco della sua batteria da montagna sul Grappa. Progenie di artisti, di patrioti, di studiosi, di industriali\u201d. E a proposito di industria: il capitolo successivo del prezioso volume \u00e8 dedicato allo spostamento dalle \u201cPiazze\u201d al Molin\u00e0 della prima fabbrica di occhiali cadorina. Dove si pu\u00f2 leggere che: \u201c\u2026 Il Frescura scelse il luogo per la fabbrica in localit\u00e0 \u2018Le Piazze\u2019 negli \u2018edifizi\u2019 (o \u2018opifizi\u2019) sul Molin\u00e0 di propriet\u00e0 di Francesco Giacomelli, un tempo usati oltre che come mulini, per la fabbricazione dell\u2019olio di noci dai Giacomelli e dai Toffoli. La localit\u00e0 prescelta era vicino a Rizzios, sulle rive del torrente, dal quale poteva trarre l\u2019energia motrice idraulica per le macchine. Nel vecchio mulino, adattato alla meglio, con pochi operai tra i quali il fratello Leone e Giovanni Lozza, inizi\u00f2 il lavoro di molatura e montaggio di lenti di fabbricazione estera su occhiali cerchiati metallici pure di provenienza estera. Il 10 marzo1878 Angelo Frescura stipul\u00f2 il contratto con gli operai Giovanni Leone ed il fratello Francesco Leone in termini semplici ma chiari. Questo contratto \u00e8 veramente l\u2019atto di nascita delle occhialerie cadorine anche se l\u2019atto ufficiale \u00e8 del 15 marzo 1878\u2026 In questa prima fabbrica dove non vi era niente di grandioso Giovanni Lozza fu il primo, schietto, collaboratore e socio. Un aneddoto: il 7 settembre 1881 la prima regina d\u2019Italia Margherita di Savoia trascorse alcuni giorni in Cadore e in occasione di un solenne incontro con le autorit\u00e0 locali le venne presentato, a nome dei soci della fabbrica \u201cdelle Piazze\u201d un astuccio contenente un paio di occhiali \u201cfum\u00e9e\u201d con montatura in oro finemente ed elegantemente cesellata. Il dono fu molto gradito. L\u2019episodio venne citato da Jacopo Rossi nella prima pagina della Gazzetta di Venezia del 10 settembre 1881. Due anni pi\u00f9 tardi, il 21 ottobre 1883 Frescura e Lozza (era tramontata nel 1882 l\u2019ipotesi di allargare la fabbrica \u201cdelle Piazze\u201d dopo la rovinosa alluvione che oltre a portarsi via il materiale gi\u00e0 approntato per i lavori, min\u00f2 le fondamenta dell\u2019opificio) acquistavano da Da Col e Tabacchi un molino da grano nella localit\u00e0 Molin\u00e0, sotto il ponte omonimo, primo nucleo di quel complesso grandioso, oggi conosciuto in tutto il mondo, che va sotto il nome di Safilo\u201d.<\/div>\n<div dir=\"auto\"><\/div>\n<div dir=\"auto\">\n\n\t\t\t<style type='text\/css'>\n\t\t\t\t#gallery-4 {\n\t\t\t\t\tmargin: auto;\n\t\t\t\t}\n\t\t\t\t#gallery-4 .gallery-item {\n\t\t\t\t\tfloat: left;\n\t\t\t\t\tmargin-top: 10px;\n\t\t\t\t\ttext-align: center;\n\t\t\t\t\twidth: 20%;\n\t\t\t\t}\n\t\t\t\t#gallery-4 img {\n\t\t\t\t\tborder: 2px solid #cfcfcf;\n\t\t\t\t}\n\t\t\t\t#gallery-4 .gallery-caption {\n\t\t\t\t\tmargin-left: 0;\n\t\t\t\t}\n\t\t\t\t\/* see gallery_shortcode() in wp-includes\/media.php *\/\n\t\t\t<\/style>\n\t\t<div id='gallery-4' class='dt-gallery-container gallery galleryid-201922 gallery-columns-5 gallery-size-thumbnail'><dl class='gallery-item'>\n\t\t\t\t<dt class='gallery-icon portrait'>\n\t\t\t\t\t<a class=\"rollover rollover-zoom dt-pswp-item\" title=\"170710358_1013986439008118_5752130200243398191_n\" data-dt-img-description=\"\" data-large_image_width=\"153\" data-large_image_height=\"225\"href='https:\/\/www.radiopiu.net\/wordpress\/wp-content\/uploads\/2021\/04\/170710358_1013986439008118_5752130200243398191_n.jpg'><img loading=\"lazy\" decoding=\"async\" width=\"150\" height=\"150\" src=\"https:\/\/www.radiopiu.net\/wordpress\/wp-content\/uploads\/2021\/04\/170710358_1013986439008118_5752130200243398191_n-150x150.jpg\" class=\"attachment-thumbnail size-thumbnail\" alt=\"\" \/><\/a>\n\t\t\t\t<\/dt><\/dl><dl class='gallery-item'>\n\t\t\t\t<dt class='gallery-icon portrait'>\n\t\t\t\t\t<a class=\"rollover rollover-zoom dt-pswp-item\" title=\"170652918_1395039184176364_5344021533314621926_n\" data-dt-img-description=\"\" data-large_image_width=\"156\" data-large_image_height=\"280\"href='https:\/\/www.radiopiu.net\/wordpress\/wp-content\/uploads\/2021\/04\/170652918_1395039184176364_5344021533314621926_n.jpg'><img loading=\"lazy\" decoding=\"async\" width=\"150\" height=\"150\" src=\"https:\/\/www.radiopiu.net\/wordpress\/wp-content\/uploads\/2021\/04\/170652918_1395039184176364_5344021533314621926_n-150x150.jpg\" class=\"attachment-thumbnail size-thumbnail\" alt=\"\" \/><\/a>\n\t\t\t\t<\/dt><\/dl><dl class='gallery-item'>\n\t\t\t\t<dt class='gallery-icon landscape'>\n\t\t\t\t\t<a class=\"rollover rollover-zoom dt-pswp-item\" title=\"171154815_162143255769548_8089748498240301928_n\" data-dt-img-description=\"\" data-large_image_width=\"370\" data-large_image_height=\"199\"href='https:\/\/www.radiopiu.net\/wordpress\/wp-content\/uploads\/2021\/04\/171154815_162143255769548_8089748498240301928_n.jpg'><img loading=\"lazy\" decoding=\"async\" width=\"150\" height=\"150\" src=\"https:\/\/www.radiopiu.net\/wordpress\/wp-content\/uploads\/2021\/04\/171154815_162143255769548_8089748498240301928_n-150x150.jpg\" class=\"attachment-thumbnail size-thumbnail\" alt=\"\" \/><\/a>\n\t\t\t\t<\/dt><\/dl><dl class='gallery-item'>\n\t\t\t\t<dt class='gallery-icon landscape'>\n\t\t\t\t\t<a class=\"rollover rollover-zoom dt-pswp-item\" title=\"170956840_1668789783456539_7624304684466910152_n\" data-dt-img-description=\"\" data-large_image_width=\"369\" data-large_image_height=\"206\"href='https:\/\/www.radiopiu.net\/wordpress\/wp-content\/uploads\/2021\/04\/170956840_1668789783456539_7624304684466910152_n.jpg'><img loading=\"lazy\" decoding=\"async\" width=\"150\" height=\"150\" src=\"https:\/\/www.radiopiu.net\/wordpress\/wp-content\/uploads\/2021\/04\/170956840_1668789783456539_7624304684466910152_n-150x150.jpg\" class=\"attachment-thumbnail size-thumbnail\" alt=\"\" \/><\/a>\n\t\t\t\t<\/dt><\/dl><dl class='gallery-item'>\n\t\t\t\t<dt class='gallery-icon landscape'>\n\t\t\t\t\t<a class=\"rollover rollover-zoom dt-pswp-item\" title=\"169856078_1825109514337158_5661759562428791821_n\" data-dt-img-description=\"\" data-large_image_width=\"334\" data-large_image_height=\"206\"href='https:\/\/www.radiopiu.net\/wordpress\/wp-content\/uploads\/2021\/04\/169856078_1825109514337158_5661759562428791821_n.jpg'><img loading=\"lazy\" decoding=\"async\" width=\"150\" height=\"150\" src=\"https:\/\/www.radiopiu.net\/wordpress\/wp-content\/uploads\/2021\/04\/169856078_1825109514337158_5661759562428791821_n-150x150.jpg\" class=\"attachment-thumbnail size-thumbnail\" alt=\"\" \/><\/a>\n\t\t\t\t<\/dt><\/dl><br style=\"clear: both\" \/><dl class='gallery-item'>\n\t\t\t\t<dt class='gallery-icon landscape'>\n\t\t\t\t\t<a class=\"rollover rollover-zoom dt-pswp-item\" title=\"170615324_290300672538852_5136314976033404907_n\" data-dt-img-description=\"\" data-large_image_width=\"320\" data-large_image_height=\"201\"href='https:\/\/www.radiopiu.net\/wordpress\/wp-content\/uploads\/2021\/04\/170615324_290300672538852_5136314976033404907_n.jpg'><img loading=\"lazy\" decoding=\"async\" width=\"150\" height=\"150\" src=\"https:\/\/www.radiopiu.net\/wordpress\/wp-content\/uploads\/2021\/04\/170615324_290300672538852_5136314976033404907_n-150x150.jpg\" class=\"attachment-thumbnail size-thumbnail\" alt=\"\" \/><\/a>\n\t\t\t\t<\/dt><\/dl><dl class='gallery-item'>\n\t\t\t\t<dt class='gallery-icon portrait'>\n\t\t\t\t\t<a class=\"rollover rollover-zoom dt-pswp-item\" title=\"170918328_236173544966155_3060642039463594151_n\" data-dt-img-description=\"\" data-large_image_width=\"160\" data-large_image_height=\"199\"href='https:\/\/www.radiopiu.net\/wordpress\/wp-content\/uploads\/2021\/04\/170918328_236173544966155_3060642039463594151_n.jpg'><img loading=\"lazy\" decoding=\"async\" width=\"150\" height=\"150\" src=\"https:\/\/www.radiopiu.net\/wordpress\/wp-content\/uploads\/2021\/04\/170918328_236173544966155_3060642039463594151_n-150x150.jpg\" class=\"attachment-thumbnail size-thumbnail\" alt=\"\" \/><\/a>\n\t\t\t\t<\/dt><\/dl><dl class='gallery-item'>\n\t\t\t\t<dt class='gallery-icon portrait'>\n\t\t\t\t\t<a class=\"rollover rollover-zoom dt-pswp-item\" title=\"170665911_285740869774255_179201001482847679_n\" data-dt-img-description=\"\" data-large_image_width=\"149\" data-large_image_height=\"225\"href='https:\/\/www.radiopiu.net\/wordpress\/wp-content\/uploads\/2021\/04\/170665911_285740869774255_179201001482847679_n.jpg'><img loading=\"lazy\" decoding=\"async\" width=\"149\" height=\"150\" src=\"https:\/\/www.radiopiu.net\/wordpress\/wp-content\/uploads\/2021\/04\/170665911_285740869774255_179201001482847679_n-149x150.jpg\" class=\"attachment-thumbnail size-thumbnail\" alt=\"\" \/><\/a>\n\t\t\t\t<\/dt><\/dl><dl class='gallery-item'>\n\t\t\t\t<dt class='gallery-icon portrait'>\n\t\t\t\t\t<a class=\"rollover rollover-zoom dt-pswp-item\" title=\"170751819_287415043002353_8164461822323004792_n\" data-dt-img-description=\"\" data-large_image_width=\"160\" data-large_image_height=\"223\"href='https:\/\/www.radiopiu.net\/wordpress\/wp-content\/uploads\/2021\/04\/170751819_287415043002353_8164461822323004792_n.jpg'><img loading=\"lazy\" decoding=\"async\" width=\"150\" height=\"150\" src=\"https:\/\/www.radiopiu.net\/wordpress\/wp-content\/uploads\/2021\/04\/170751819_287415043002353_8164461822323004792_n-150x150.jpg\" class=\"attachment-thumbnail size-thumbnail\" alt=\"\" \/><\/a>\n\t\t\t\t<\/dt><\/dl><dl class='gallery-item'>\n\t\t\t\t<dt class='gallery-icon portrait'>\n\t\t\t\t\t<a class=\"rollover rollover-zoom dt-pswp-item\" title=\"170753612_200815238184715_8544318936176196627_n\" data-dt-img-description=\"\" data-large_image_width=\"149\" data-large_image_height=\"225\"href='https:\/\/www.radiopiu.net\/wordpress\/wp-content\/uploads\/2021\/04\/170753612_200815238184715_8544318936176196627_n.jpg'><img loading=\"lazy\" decoding=\"async\" width=\"149\" height=\"150\" src=\"https:\/\/www.radiopiu.net\/wordpress\/wp-content\/uploads\/2021\/04\/170753612_200815238184715_8544318936176196627_n-149x150.jpg\" class=\"attachment-thumbnail size-thumbnail\" alt=\"\" \/><\/a>\n\t\t\t\t<\/dt><\/dl><br style=\"clear: both\" \/><dl class='gallery-item'>\n\t\t\t\t<dt class='gallery-icon portrait'>\n\t\t\t\t\t<a class=\"rollover rollover-zoom dt-pswp-item\" title=\"170623746_292133632477767_4832949536379410664_n\" data-dt-img-description=\"\" data-large_image_width=\"160\" data-large_image_height=\"225\"href='https:\/\/www.radiopiu.net\/wordpress\/wp-content\/uploads\/2021\/04\/170623746_292133632477767_4832949536379410664_n.jpg'><img loading=\"lazy\" decoding=\"async\" width=\"150\" height=\"150\" src=\"https:\/\/www.radiopiu.net\/wordpress\/wp-content\/uploads\/2021\/04\/170623746_292133632477767_4832949536379410664_n-150x150.jpg\" class=\"attachment-thumbnail size-thumbnail\" alt=\"\" \/><\/a>\n\t\t\t\t<\/dt><\/dl><dl class='gallery-item'>\n\t\t\t\t<dt class='gallery-icon portrait'>\n\t\t\t\t\t<a class=\"rollover rollover-zoom dt-pswp-item\" title=\"171238178_834597677127021_5780540970482036554_n\" data-dt-img-description=\"\" data-large_image_width=\"150\" data-large_image_height=\"225\"href='https:\/\/www.radiopiu.net\/wordpress\/wp-content\/uploads\/2021\/04\/171238178_834597677127021_5780540970482036554_n.jpg'><img loading=\"lazy\" decoding=\"async\" width=\"150\" height=\"150\" src=\"https:\/\/www.radiopiu.net\/wordpress\/wp-content\/uploads\/2021\/04\/171238178_834597677127021_5780540970482036554_n-150x150.jpg\" class=\"attachment-thumbnail size-thumbnail\" alt=\"\" \/><\/a>\n\t\t\t\t<\/dt><\/dl><dl class='gallery-item'>\n\t\t\t\t<dt class='gallery-icon landscape'>\n\t\t\t\t\t<a class=\"rollover rollover-zoom dt-pswp-item\" title=\"170433587_352648532832607_3571789817798673651_n\" data-dt-img-description=\"\" data-large_image_width=\"390\" data-large_image_height=\"206\"href='https:\/\/www.radiopiu.net\/wordpress\/wp-content\/uploads\/2021\/04\/170433587_352648532832607_3571789817798673651_n.jpg'><img loading=\"lazy\" decoding=\"async\" width=\"150\" height=\"150\" src=\"https:\/\/www.radiopiu.net\/wordpress\/wp-content\/uploads\/2021\/04\/170433587_352648532832607_3571789817798673651_n-150x150.jpg\" class=\"attachment-thumbnail size-thumbnail\" alt=\"\" \/><\/a>\n\t\t\t\t<\/dt><\/dl><dl class='gallery-item'>\n\t\t\t\t<dt class='gallery-icon landscape'>\n\t\t\t\t\t<a class=\"rollover rollover-zoom dt-pswp-item\" title=\"170678737_453186069096127_8317185259311067187_n\" data-dt-img-description=\"\" data-large_image_width=\"296\" data-large_image_height=\"199\"href='https:\/\/www.radiopiu.net\/wordpress\/wp-content\/uploads\/2021\/04\/170678737_453186069096127_8317185259311067187_n.jpg'><img loading=\"lazy\" decoding=\"async\" width=\"150\" height=\"150\" src=\"https:\/\/www.radiopiu.net\/wordpress\/wp-content\/uploads\/2021\/04\/170678737_453186069096127_8317185259311067187_n-150x150.jpg\" class=\"attachment-thumbnail size-thumbnail\" alt=\"\" \/><\/a>\n\t\t\t\t<\/dt><\/dl><dl class='gallery-item'>\n\t\t\t\t<dt class='gallery-icon portrait'>\n\t\t\t\t\t<a class=\"rollover rollover-zoom dt-pswp-item\" title=\"170541537_734645657204335_6490641060665061990_n\" data-dt-img-description=\"\" data-large_image_width=\"160\" data-large_image_height=\"222\"href='https:\/\/www.radiopiu.net\/wordpress\/wp-content\/uploads\/2021\/04\/170541537_734645657204335_6490641060665061990_n.jpg'><img loading=\"lazy\" decoding=\"async\" width=\"150\" height=\"150\" src=\"https:\/\/www.radiopiu.net\/wordpress\/wp-content\/uploads\/2021\/04\/170541537_734645657204335_6490641060665061990_n-150x150.jpg\" class=\"attachment-thumbnail size-thumbnail\" alt=\"\" \/><\/a>\n\t\t\t\t<\/dt><\/dl><br style=\"clear: both\" \/>\n\t\t\t<\/div>\n\n<\/div>\n<div dir=\"auto\"><\/div>\n<div class=\"oo9gr5id\" dir=\"auto\">NELLE FOTO (riproduzioni dal libro di Enrico De Lotto): l\u2019atto ufficiale di nascita della prima occhialeria cadorina; la prima fabbrica di occhiali in Cadore, in localit\u00e0 Le Piazze di Calalzo; Angelo Frescura, nato a Rizzios il 9 maggio 1841 e mancato a Padova nel 1886, ideatore, fondatore e finanziatore del primo opificio; suo fratello Leone (nato pure a Rizzios 18 marzo 1846 e morto a Vicenza nel 1914); il socio-cofondatore Giovanni Lozza (1840-1915); foto-ricordo dei quattro fratelli Frescura: in alto Giuseppe e Leone, seduti Giovanni Antonio ed Angelo (foto Riva); il Ponte sul Molin\u00e0 come era nel 1869, sotto il manufatto sorse la fabbrica; stringinaso in acciaio nichelato, forma americana; verso il 1877 le montature comuni erano di acciaio con anelli ovali o rotondi, aste semplici o articolate; montatura in oro con asta a riccio e naso a forma di K; il saluto a stampa donato dai soci della prima occhialeria del Cadore con un paio di occhiali con montatura in oro alla regina Margherita di Savoia in vacanza in Cadore; la cronaca della consegna degli occhiali alla Regina sulla Gazzetta di Venezia; l\u2019occhialeria cadorina ha iniziato l\u2019attivit\u00e0 producendo il tipo di occhiali usati anche da Camillo Benso conte di Cavour, tra i maggiori artefici del Risorgimento italiano; scorcio della vecchia fabbrica del Molin\u00e0 con in primo piano Osvaldo Frescura, nonno dei proprietari della Foca di Grea (foto Ferrari); immagine della nuova fabbrica del Molin\u00e0.<\/div>\n<div dir=\"auto\"><\/div>\n<\/div>\n<div class=\"ay7djpcl k4urcfbm nred35xi\"><\/div>\n<div>\n<hr \/>\n<\/div>\n<div><\/div>\n<div><\/div>\n<blockquote>\n<h2><img decoding=\"async\" src=\"https:\/\/www.radiopiu.net\/wordpress\/wp-content\/uploads\/2021\/02\/quattro-pagine-agordine.png\" \/><\/h2>\n<h2><\/h2>\n<h2>IL NONNO RACCONTA, di GIOVANNI GOIGOUX &#8211; 1972<\/h2>\n<\/blockquote>\n<p><strong>REDAZIONE\u00a0<\/strong> Da quattro pagine agordine, il periodico degli anni 70 dell&#8217;allora Democrazia Cristiana, l&#8217;articolo di Giovanni Goigoux<\/p>\n<p>&nbsp;<\/p>\n<p><a href=\"https:\/\/www.radiopiu.net\/wordpress\/il-nonno-racconta-di-giovanni-goigoux-1972\/il-nonno-racconta\/\" rel=\"attachment wp-att-202157\"><img loading=\"lazy\" decoding=\"async\" class=\"alignnone wp-image-202157 size-full\" src=\"https:\/\/www.radiopiu.net\/wordpress\/wp-content\/uploads\/2021\/04\/il-nonno-racconta.png\" alt=\"\" width=\"549\" height=\"900\" srcset=\"https:\/\/www.radiopiu.net\/wordpress\/wp-content\/uploads\/2021\/04\/il-nonno-racconta.png 549w, https:\/\/www.radiopiu.net\/wordpress\/wp-content\/uploads\/2021\/04\/il-nonno-racconta-183x300.png 183w\" sizes=\"auto, (max-width: 549px) 100vw, 549px\" \/><\/a><\/p>\n<p>&nbsp;<\/p>\n<div><\/div>\n<p>&nbsp;<\/p>\n<p>&nbsp;<\/p>\n<hr \/>\n<p>&nbsp;<\/p>\n<p>&nbsp;<\/p>\n<h2><span style=\"color: #ff0000;\">IERI ALLA RADIO\u00a0<\/span><\/h2>\n<p><iframe loading=\"lazy\" title=\"EPCENTER TECNOLOGIA PER LE RSA_SECONDA PARTE\" width=\"1200\" height=\"675\" src=\"https:\/\/www.youtube.com\/embed\/YfVTUOkcmCY?start=2&#038;feature=oembed\" frameborder=\"0\" allow=\"accelerometer; autoplay; clipboard-write; encrypted-media; gyroscope; picture-in-picture\" allowfullscreen><\/iframe><\/p>\n<p>&nbsp;<\/p>\n<h1 style=\"text-align: center;\"><span style=\"color: #0000ff;\"><strong><a style=\"color: #0000ff;\" href=\"https:\/\/hermescomms.pontiradiopr.it\/radio-piu-intervista-francesco-zillio-di-epcenter-nostro-nuovo-partner\/\">NOVITA&#8217; EPCENTER CLICCA QUI<\/a><\/strong><\/span><\/h1>\n<h3><strong>LA RACCOLTA COMPLETA\u00a0<\/strong><\/h3>\n<blockquote class=\"wp-embedded-content\" data-secret=\"vrWKYmfMFe\"><p><a href=\"https:\/\/www.radiopiu.net\/wordpress\/ep-center-video-gallery\/\">EP CENTER video gallery<\/a><\/p><\/blockquote>\n<p><iframe loading=\"lazy\" class=\"wp-embedded-content\" sandbox=\"allow-scripts\" security=\"restricted\" style=\"position: absolute; clip: rect(1px, 1px, 1px, 1px);\" title=\"&#8220;EP CENTER video gallery&#8221; &#8212; Radio Pi\u00f9\" src=\"https:\/\/www.radiopiu.net\/wordpress\/ep-center-video-gallery\/embed\/#?secret=vrWKYmfMFe\" data-secret=\"vrWKYmfMFe\" width=\"600\" height=\"338\" frameborder=\"0\" marginwidth=\"0\" marginheight=\"0\" scrolling=\"no\"><\/iframe><\/p>\n<div>\u200b<\/div>\n<p>\u200b<\/p>\n<p>&nbsp;<\/p>\n<hr \/>\n<p>&nbsp;<\/p>\n<h2><span style=\"color: #ff0000;\">dalla nuova generazione&#8230; cultura e tradizione<\/span><\/h2>\n<blockquote>\n<h3><em>PIAZA LADINA ALLA RADIO<\/em><\/h3>\n<\/blockquote>\n<p><strong>LA\u00a0 SESTA PUNTATA\u00a0 \u00a0&#8220;Bilinguismo&#8221;<\/strong><\/p>\n<audio class=\"wp-audio-shortcode\" id=\"audio-201922-12\" preload=\"none\" style=\"width: 100%;\" controls=\"controls\"><source type=\"audio\/mpeg\" src=\"https:\/\/www.radiopiu.net\/wordpress\/wp-content\/uploads\/2021\/04\/Pontada-6-Bilinguismo.mp3?_=12\" \/><a href=\"https:\/\/www.radiopiu.net\/wordpress\/wp-content\/uploads\/2021\/04\/Pontada-6-Bilinguismo.mp3\">https:\/\/www.radiopiu.net\/wordpress\/wp-content\/uploads\/2021\/04\/Pontada-6-Bilinguismo.mp3<\/a><\/audio>\n<p>&nbsp;<\/p>\n<blockquote>\n<h2>LA RACCOLTA COMPLETA<\/h2>\n<\/blockquote>\n<blockquote class=\"wp-embedded-content\" data-secret=\"aVQ9ftgKC7\"><p><a href=\"https:\/\/www.radiopiu.net\/wordpress\/agora-agordina-la-nosta-piaza\/\">AGORA&#8217; AGORDINA&#8230; LA NOSTA PIAZA LADINA.  pagina in aggiornamento continuo<\/a><\/p><\/blockquote>\n<p><iframe loading=\"lazy\" class=\"wp-embedded-content\" sandbox=\"allow-scripts\" security=\"restricted\" style=\"position: absolute; clip: rect(1px, 1px, 1px, 1px);\" title=\"&#8220;AGORA&#8217; AGORDINA&#8230; LA NOSTA PIAZA LADINA.  pagina in aggiornamento continuo&#8221; &#8212; Radio Pi\u00f9\" src=\"https:\/\/www.radiopiu.net\/wordpress\/agora-agordina-la-nosta-piaza\/embed\/#?secret=aVQ9ftgKC7\" data-secret=\"aVQ9ftgKC7\" width=\"600\" height=\"338\" frameborder=\"0\" marginwidth=\"0\" marginheight=\"0\" scrolling=\"no\"><\/iframe><\/p>\n<p>&nbsp;<\/p>\n<p>&nbsp;<\/p>\n<p>&nbsp;<\/p>\n<hr \/>\n<div class=\"b654a4as d2edcug0\">\n<div class=\"j83agx80 btwxx1t3 lhclo0ds hop8lmos nkwizq5d scwd0bx6 roh60bw9\">\n<div class=\"rq0escxv hkbzh7o3 jwdofwj8 n8tt0mok r8blr3vg hyh9befq\">\n<div class=\"do00u71z l9j0dhe7 k4urcfbm\">\n<div>\n<h2><span style=\"color: #000080;\"><a class=\"dt-pswp-item\" href=\"https:\/\/www.radiopiu.net\/wordpress\/wp-content\/uploads\/2020\/10\/pp.jpg\" data-dt-img-description=\"\" data-large_image_width=\"640\" data-large_image_height=\"640\"><img loading=\"lazy\" decoding=\"async\" class=\"wp-image-163678 alignleft\" src=\"https:\/\/www.radiopiu.net\/wordpress\/wp-content\/uploads\/2020\/10\/pp-300x300.jpg\" alt=\"\" width=\"106\" height=\"106\" srcset=\"https:\/\/www.radiopiu.net\/wordpress\/wp-content\/uploads\/2020\/10\/pp-300x300.jpg 300w, https:\/\/www.radiopiu.net\/wordpress\/wp-content\/uploads\/2020\/10\/pp-150x150.jpg 150w, https:\/\/www.radiopiu.net\/wordpress\/wp-content\/uploads\/2020\/10\/pp-125x125.jpg 125w, https:\/\/www.radiopiu.net\/wordpress\/wp-content\/uploads\/2020\/10\/pp-200x200.jpg 200w, https:\/\/www.radiopiu.net\/wordpress\/wp-content\/uploads\/2020\/10\/pp-80x80.jpg 80w, https:\/\/www.radiopiu.net\/wordpress\/wp-content\/uploads\/2020\/10\/pp-480x480.jpg 480w, https:\/\/www.radiopiu.net\/wordpress\/wp-content\/uploads\/2020\/10\/pp.jpg 640w\" sizes=\"auto, (max-width: 106px) 100vw, 106px\" \/><\/a><\/span><\/h2>\n<h2><span style=\"color: #000080;\">DON CESARE, IL PENSIERO DEL GIORNO. ALLA RADIO ALLE 7 DEL MATTINO E ALLE 19.30 DELLA SERA.\u00a0\u00a0<\/span><\/h2>\n<p>&nbsp;<\/p>\n<\/div>\n<\/div>\n<\/div>\n<\/div>\n<\/div>\n<p>&nbsp;<\/p>\n<p>&nbsp;<\/p>\n<div class=\"b654a4as d2edcug0\">\n<div class=\"j83agx80 btwxx1t3 lhclo0ds hop8lmos nkwizq5d scwd0bx6 roh60bw9\">\n<div class=\"rq0escxv hkbzh7o3 jwdofwj8 n8tt0mok r8blr3vg hyh9befq\">\n<div class=\"do00u71z l9j0dhe7 k4urcfbm\">\n<audio class=\"wp-audio-shortcode\" id=\"audio-201922-13\" preload=\"none\" style=\"width: 100%;\" controls=\"controls\"><source type=\"audio\/mpeg\" src=\"https:\/\/www.radiopiu.net\/wordpress\/wp-content\/uploads\/2021\/04\/cesare-1.mp3?_=13\" \/><a href=\"https:\/\/www.radiopiu.net\/wordpress\/wp-content\/uploads\/2021\/04\/cesare-1.mp3\">https:\/\/www.radiopiu.net\/wordpress\/wp-content\/uploads\/2021\/04\/cesare-1.mp3<\/a><\/audio>\n<\/div>\n<\/div>\n<\/div>\n<p>&nbsp;<\/p>\n<hr \/>\n<p>&nbsp;<\/p>\n<p>&nbsp;<\/p>\n<h2><span style=\"color: #ff0000;\">ALLA RADIO<\/span><\/h2>\n<h2><span style=\"color: #008000;\">ERBE E PIANTE CURATIVE&#8230;IL\u00a0 PROGRAMMA DI PAOLA LANCIATO<\/span><\/h2>\n<p><strong><a href=\"https:\/\/www.radiopiu.net\/wordpress\/erbe-e-piante-curative-il-mandorlo\/almond-tree-3308361_1280\/\" rel=\"attachment wp-att-200195\"><img loading=\"lazy\" decoding=\"async\" class=\" wp-image-200195 alignleft\" src=\"https:\/\/www.radiopiu.net\/wordpress\/wp-content\/uploads\/2021\/03\/almond-tree-3308361_1280-300x200.jpg\" alt=\"\" width=\"176\" height=\"117\" srcset=\"https:\/\/www.radiopiu.net\/wordpress\/wp-content\/uploads\/2021\/03\/almond-tree-3308361_1280-300x200.jpg 300w, https:\/\/www.radiopiu.net\/wordpress\/wp-content\/uploads\/2021\/03\/almond-tree-3308361_1280-1024x682.jpg 1024w, https:\/\/www.radiopiu.net\/wordpress\/wp-content\/uploads\/2021\/03\/almond-tree-3308361_1280-768x512.jpg 768w, https:\/\/www.radiopiu.net\/wordpress\/wp-content\/uploads\/2021\/03\/almond-tree-3308361_1280.jpg 1280w\" sizes=\"auto, (max-width: 176px) 100vw, 176px\" \/><\/a>PUNTATA 10, L&#8217;ARANCIO<\/strong><\/p>\n<p><strong>LA RACCOLTA COMPLETA<\/strong><\/p>\n<\/div>\n<p>&nbsp;<\/p>\n<p>&nbsp;<\/p>\n<p>&nbsp;<\/p>\n<div class=\"b654a4as d2edcug0\">\n<audio class=\"wp-audio-shortcode\" id=\"audio-201922-14\" preload=\"none\" style=\"width: 100%;\" controls=\"controls\"><source type=\"audio\/mpeg\" src=\"https:\/\/www.radiopiu.net\/wordpress\/wp-content\/uploads\/2021\/04\/9-LArancio-M.mp3?_=14\" \/><a href=\"https:\/\/www.radiopiu.net\/wordpress\/wp-content\/uploads\/2021\/04\/9-LArancio-M.mp3\">https:\/\/www.radiopiu.net\/wordpress\/wp-content\/uploads\/2021\/04\/9-LArancio-M.mp3<\/a><\/audio>\n<p>&nbsp;<\/p>\n<\/div>\n<p>&nbsp;<\/p>\n<hr \/>\n<p>&nbsp;<\/p>\n<blockquote>\n<h2><a href=\"https:\/\/www.radiopiu.net\/wordpress\/speciale-solidarieta-veneto\/solidarieta-veneto-3\/\" rel=\"attachment wp-att-134366\"><img loading=\"lazy\" decoding=\"async\" class=\"wp-image-134366 alignleft\" src=\"https:\/\/www.radiopiu.net\/wordpress\/wp-content\/uploads\/2020\/05\/solidariet\u00e0-veneto-300x210.jpg\" alt=\"\" width=\"102\" height=\"71\" srcset=\"https:\/\/www.radiopiu.net\/wordpress\/wp-content\/uploads\/2020\/05\/solidariet\u00e0-veneto-300x210.jpg 300w, https:\/\/www.radiopiu.net\/wordpress\/wp-content\/uploads\/2020\/05\/solidariet\u00e0-veneto-1024x717.jpg 1024w, https:\/\/www.radiopiu.net\/wordpress\/wp-content\/uploads\/2020\/05\/solidariet\u00e0-veneto-768x538.jpg 768w, https:\/\/www.radiopiu.net\/wordpress\/wp-content\/uploads\/2020\/05\/solidariet\u00e0-veneto.jpg 1373w\" sizes=\"auto, (max-width: 102px) 100vw, 102px\" \/><\/a>SOLIDARIETA&#8217; VENETO FONDO PENSIONE, IN ONDA IL PRIMO VENERDI DEL MESE ALLE 10.30 E ALLE 19.00 QUINTA STAGIONE<\/h2>\n<\/blockquote>\n<p><strong>AUDIO APRILE 2021<\/strong><\/p>\n<audio class=\"wp-audio-shortcode\" id=\"audio-201922-15\" preload=\"none\" style=\"width: 100%;\" controls=\"controls\"><source type=\"audio\/mpeg\" src=\"https:\/\/www.radiopiu.net\/wordpress\/wp-content\/uploads\/2021\/04\/solidarieta-veneto-aprile-2021.mp3?_=15\" \/><a href=\"https:\/\/www.radiopiu.net\/wordpress\/wp-content\/uploads\/2021\/04\/solidarieta-veneto-aprile-2021.mp3\">https:\/\/www.radiopiu.net\/wordpress\/wp-content\/uploads\/2021\/04\/solidarieta-veneto-aprile-2021.mp3<\/a><\/audio>\n<p>&nbsp;<\/p>\n<blockquote>\n<h2>RACCOLTA COMPLETA<\/h2>\n<\/blockquote>\n<blockquote class=\"wp-embedded-content\" data-secret=\"jf4EtVvdeg\"><p><a href=\"https:\/\/www.radiopiu.net\/wordpress\/solidarieta-veneto\/\">Solidariet\u00e0 Veneto<\/a><\/p><\/blockquote>\n<p><iframe loading=\"lazy\" class=\"wp-embedded-content\" sandbox=\"allow-scripts\" security=\"restricted\" style=\"position: absolute; clip: rect(1px, 1px, 1px, 1px);\" title=\"&#8220;Solidariet\u00e0 Veneto&#8221; &#8212; Radio Pi\u00f9\" src=\"https:\/\/www.radiopiu.net\/wordpress\/solidarieta-veneto\/embed\/#?secret=jf4EtVvdeg\" data-secret=\"jf4EtVvdeg\" width=\"600\" height=\"338\" frameborder=\"0\" marginwidth=\"0\" marginheight=\"0\" scrolling=\"no\"><\/iframe><\/p>\n<p>&nbsp;<\/p>\n<p>&nbsp;<\/p>\n<hr \/>\n<p>&nbsp;<\/p>\n<p>&nbsp;<\/p>\n<blockquote>\n<h2>FANTASTICHE DOLOMITI, NUOVA STAGIONE. APPUNTAMENTO QUINDICINALE IL GIOVEDI ALLE 10.30 E 19.00<\/h2>\n<\/blockquote>\n<h2><span style=\"color: #ff0000;\">PUNTATA NUMERO 12\u00a0 del\u00a0 31marzo2021<\/span><\/h2>\n<p><strong><a href=\"https:\/\/www.radiopiu.net\/wordpress\/raccolta-completa\/121869645_648442942701436_4748562330148520081_n-2\/\" rel=\"attachment wp-att-196402\"><img loading=\"lazy\" decoding=\"async\" class=\"wp-image-196402 alignleft\" src=\"https:\/\/www.radiopiu.net\/wordpress\/wp-content\/uploads\/2021\/02\/121869645_648442942701436_4748562330148520081_n-1-300x169.jpg\" alt=\"\" width=\"160\" height=\"90\" srcset=\"https:\/\/www.radiopiu.net\/wordpress\/wp-content\/uploads\/2021\/02\/121869645_648442942701436_4748562330148520081_n-1-300x169.jpg 300w, https:\/\/www.radiopiu.net\/wordpress\/wp-content\/uploads\/2021\/02\/121869645_648442942701436_4748562330148520081_n-1-1024x576.jpg 1024w, https:\/\/www.radiopiu.net\/wordpress\/wp-content\/uploads\/2021\/02\/121869645_648442942701436_4748562330148520081_n-1-768x432.jpg 768w, https:\/\/www.radiopiu.net\/wordpress\/wp-content\/uploads\/2021\/02\/121869645_648442942701436_4748562330148520081_n-1-1536x864.jpg 1536w, https:\/\/www.radiopiu.net\/wordpress\/wp-content\/uploads\/2021\/02\/121869645_648442942701436_4748562330148520081_n-1.jpg 1707w\" sizes=\"auto, (max-width: 160px) 100vw, 160px\" \/><\/a>OSPITE IL PRESIDENTE CLAUDIO CANOVA, due giovani veterinari Michele e Maria investono nell&#8217;attivit\u00e0 sostenibile, l&#8217;allevamento delle trote a Piz di Sospirolo<\/strong><\/p>\n<p>&nbsp;<\/p>\n<audio class=\"wp-audio-shortcode\" id=\"audio-201922-16\" preload=\"none\" style=\"width: 100%;\" controls=\"controls\"><source type=\"audio\/mpeg\" src=\"https:\/\/www.radiopiu.net\/wordpress\/wp-content\/uploads\/2021\/03\/fantastiche-dolomiti-31-marzo-2021.mp3?_=16\" \/><a href=\"https:\/\/www.radiopiu.net\/wordpress\/wp-content\/uploads\/2021\/03\/fantastiche-dolomiti-31-marzo-2021.mp3\">https:\/\/www.radiopiu.net\/wordpress\/wp-content\/uploads\/2021\/03\/fantastiche-dolomiti-31-marzo-2021.mp3<\/a><\/audio>\n<h3>LA RACCOLTA COMPLETA<\/h3>\n<p>https:\/\/www.radiopiu.net\/wordpress\/raccolta-completa\/<\/p>\n<p>&nbsp;<\/p>\n<p>&nbsp;<\/p>\n<hr \/>\n<p>&nbsp;<\/p>\n<p>&nbsp;<\/p>\n<div>\n<h2><span style=\"color: #ff0000;\">ALLA RADIO<\/span><\/h2>\n<\/div>\n<div>\n<h2><strong>LE\u00a0 PUNTATE di Luisa Alchini di Leggermente Bellunesi, la domenica alle 11, <span style=\"color: #0000ff;\">IL MARTEDI IN PRIMA EDIZIONE\u00a0<\/span> alle 10.30 e alle 19.00<\/strong><\/h2>\n<\/div>\n<p><strong><span style=\"color: #000000;\">RACCOLTA COMPLETA<\/span><\/strong><\/p>\n<div>\n<blockquote class=\"wp-embedded-content\" data-secret=\"F2hJCEdxmB\"><p><a href=\"https:\/\/www.radiopiu.net\/wordpress\/leggermente-20\/\">LEGGERmente&#8230;Bellunesi<\/a><\/p><\/blockquote>\n<p><iframe loading=\"lazy\" class=\"wp-embedded-content\" sandbox=\"allow-scripts\" security=\"restricted\" style=\"position: absolute; clip: rect(1px, 1px, 1px, 1px);\" title=\"&#8220;LEGGERmente&#8230;Bellunesi&#8221; &#8212; Radio Pi\u00f9\" src=\"https:\/\/www.radiopiu.net\/wordpress\/leggermente-20\/embed\/#?secret=F2hJCEdxmB\" data-secret=\"F2hJCEdxmB\" width=\"600\" height=\"338\" frameborder=\"0\" marginwidth=\"0\" marginheight=\"0\" scrolling=\"no\"><\/iframe><\/p>\n<\/div>\n<p>&nbsp;<\/p>\n<p>&nbsp;<\/p>\n<p>&nbsp;<\/p>\n<hr \/>\n<h2><span style=\"color: #808000;\">\u00a0<\/span><\/h2>\n<h2><span style=\"color: #808000;\">DUE MINUTI UN LIBRO\u00a0 TUTTI I GIORNI ALLA RADIO ALLE 9.30 E ALLE 18. QUINTA STAGIONE\u00a0\u00a0<\/span><\/h2>\n<blockquote class=\"wp-embedded-content\" data-secret=\"1RUxSmLyH8\"><p><a href=\"https:\/\/www.radiopiu.net\/wordpress\/nella-luce-di-unalba-piu-fredda\/\">NELLA LUCE DI UN&#8217;ALBA PIU&#8217; FREDDA<\/a><\/p><\/blockquote>\n<p><iframe loading=\"lazy\" class=\"wp-embedded-content\" sandbox=\"allow-scripts\" security=\"restricted\" style=\"position: absolute; clip: rect(1px, 1px, 1px, 1px);\" title=\"&#8220;NELLA LUCE DI UN&#8217;ALBA PIU&#8217; FREDDA&#8221; &#8212; Radio Pi\u00f9\" src=\"https:\/\/www.radiopiu.net\/wordpress\/nella-luce-di-unalba-piu-fredda\/embed\/#?secret=1RUxSmLyH8\" data-secret=\"1RUxSmLyH8\" width=\"600\" height=\"338\" frameborder=\"0\" marginwidth=\"0\" marginheight=\"0\" scrolling=\"no\"><\/iframe><\/p>\n<h3><span style=\"color: #808000;\">\u00a0<\/span>LA RACCOLTA COMPLETA<\/h3>\n<blockquote class=\"wp-embedded-content\" data-secret=\"y79H7QaGfh\"><p><a href=\"https:\/\/www.radiopiu.net\/wordpress\/due-minuti-un-libro\/\">Due minuti un libro<\/a><\/p><\/blockquote>\n<p><iframe loading=\"lazy\" class=\"wp-embedded-content\" sandbox=\"allow-scripts\" security=\"restricted\" style=\"position: absolute; clip: rect(1px, 1px, 1px, 1px);\" title=\"&#8220;Due minuti un libro&#8221; &#8212; Radio Pi\u00f9\" src=\"https:\/\/www.radiopiu.net\/wordpress\/due-minuti-un-libro\/embed\/#?secret=y79H7QaGfh\" data-secret=\"y79H7QaGfh\" width=\"600\" height=\"338\" frameborder=\"0\" marginwidth=\"0\" marginheight=\"0\" scrolling=\"no\"><\/iframe><\/p>\n<p>&nbsp;<\/p>\n<p>&nbsp;<\/p>\n<p>&nbsp;<\/p>\n<hr \/>\n<blockquote>\n<h3><\/h3>\n<h3>IO NE HO VISTE COSE CHE VOI NON POTRESTE IMMAGINARVI<\/h3>\n<\/blockquote>\n<p>Un programma di Claudio Pra, dal lunedi al venerdi \u00a0alle 8.45 ed in replica alle 19.45.<\/p>\n<p>&nbsp;<\/p>\n<p><strong><a href=\"https:\/\/www.radiopiu.net\/wordpress\/giornale-radiopiu-08-aprile-2021-direttore-mirko-mezzacasa\/784e2815-9c80-416e-966f-7a40abc142fa\/\" rel=\"attachment wp-att-201955\"><img loading=\"lazy\" decoding=\"async\" class=\"wp-image-201955 alignleft\" src=\"https:\/\/www.radiopiu.net\/wordpress\/wp-content\/uploads\/2021\/04\/784e2815-9c80-416e-966f-7a40abc142fa-300x177.jpg\" alt=\"\" width=\"147\" height=\"87\" srcset=\"https:\/\/www.radiopiu.net\/wordpress\/wp-content\/uploads\/2021\/04\/784e2815-9c80-416e-966f-7a40abc142fa-300x177.jpg 300w, https:\/\/www.radiopiu.net\/wordpress\/wp-content\/uploads\/2021\/04\/784e2815-9c80-416e-966f-7a40abc142fa-1024x605.jpg 1024w, https:\/\/www.radiopiu.net\/wordpress\/wp-content\/uploads\/2021\/04\/784e2815-9c80-416e-966f-7a40abc142fa-768x454.jpg 768w, https:\/\/www.radiopiu.net\/wordpress\/wp-content\/uploads\/2021\/04\/784e2815-9c80-416e-966f-7a40abc142fa-1536x908.jpg 1536w, https:\/\/www.radiopiu.net\/wordpress\/wp-content\/uploads\/2021\/04\/784e2815-9c80-416e-966f-7a40abc142fa.jpg 1600w\" sizes=\"auto, (max-width: 147px) 100vw, 147px\" \/><\/a>PUNTATA 14 I fantasmo del cielo<br \/>\n<\/strong><\/p>\n<p>&nbsp;<\/p>\n<p>&nbsp;<\/p>\n<p>&nbsp;<\/p>\n<audio class=\"wp-audio-shortcode\" id=\"audio-201922-17\" preload=\"none\" style=\"width: 100%;\" controls=\"controls\"><source type=\"audio\/mpeg\" src=\"https:\/\/www.radiopiu.net\/wordpress\/wp-content\/uploads\/2021\/04\/14-puntata-1.mp3?_=17\" \/><a href=\"https:\/\/www.radiopiu.net\/wordpress\/wp-content\/uploads\/2021\/04\/14-puntata-1.mp3\">https:\/\/www.radiopiu.net\/wordpress\/wp-content\/uploads\/2021\/04\/14-puntata-1.mp3<\/a><\/audio>\n<h2><span style=\"color: #000000;\"><strong>LA RACCOLTA COMPLETA<\/strong><\/span><\/h2>\n<p>https:\/\/www.radiopiu.net\/wordpress\/programma2\/<\/p>\n<p>&nbsp;<\/p>\n<p>&nbsp;<\/p>\n<hr \/>\n<p>&nbsp;<\/p>\n<p>&nbsp;<\/p>\n<h1><span style=\"color: #ff0000;\"><strong>IN VIVO VERSO 2020-21<\/strong><\/span><\/h1>\n<blockquote><p><span style=\"color: #ff0000;\"><strong>IN ONDA DAL LUNEDI AL VENERDI ALLE 7.10, 10.10, 18.50\u00a0 \u00a0<\/strong><\/span><\/p><\/blockquote>\n<blockquote class=\"wp-embedded-content\" data-secret=\"CfalB362Rz\"><p><a href=\"https:\/\/www.radiopiu.net\/wordpress\/le-fusa-al-tramonto-di-cinzia-tanzini\/\">LE FUSA AL TRAMONTO di CINZIA TANZINI<\/a><\/p><\/blockquote>\n<p><iframe loading=\"lazy\" class=\"wp-embedded-content\" sandbox=\"allow-scripts\" security=\"restricted\" style=\"position: absolute; clip: rect(1px, 1px, 1px, 1px);\" title=\"&#8220;LE FUSA AL TRAMONTO di CINZIA TANZINI&#8221; &#8212; Radio Pi\u00f9\" src=\"https:\/\/www.radiopiu.net\/wordpress\/le-fusa-al-tramonto-di-cinzia-tanzini\/embed\/#?secret=CfalB362Rz\" data-secret=\"CfalB362Rz\" width=\"600\" height=\"338\" frameborder=\"0\" marginwidth=\"0\" marginheight=\"0\" scrolling=\"no\"><\/iframe><\/p>\n<p><strong>LA RACCOLTA COMPLETA<\/strong><\/p>\n<blockquote class=\"wp-embedded-content\" data-secret=\"CfRR1jzJNh\"><p><a href=\"https:\/\/www.radiopiu.net\/wordpress\/in-vivo-verso\/\">In Vivo Verso<\/a><\/p><\/blockquote>\n<p><iframe loading=\"lazy\" class=\"wp-embedded-content\" sandbox=\"allow-scripts\" security=\"restricted\" style=\"position: absolute; clip: rect(1px, 1px, 1px, 1px);\" title=\"&#8220;In Vivo Verso&#8221; &#8212; Radio Pi\u00f9\" src=\"https:\/\/www.radiopiu.net\/wordpress\/in-vivo-verso\/embed\/#?secret=CfRR1jzJNh\" data-secret=\"CfRR1jzJNh\" width=\"600\" height=\"338\" frameborder=\"0\" marginwidth=\"0\" marginheight=\"0\" scrolling=\"no\"><\/iframe><\/p>\n<hr \/>\n<p>&nbsp;<\/p>\n<p>&nbsp;<\/p>\n<h2><span style=\"color: #ff0000;\"><a href=\"https:\/\/www.radiopiu.net\/wordpress\/giornale-radiopiu-05-gennaio-2021-direttore-mirko-mezzacasa\/133200401_100838761953611_1258544160541445132_o-2\/\" rel=\"attachment wp-att-183078\"><img loading=\"lazy\" decoding=\"async\" class=\" wp-image-183078 alignleft\" src=\"https:\/\/www.radiopiu.net\/wordpress\/wp-content\/uploads\/2021\/01\/133200401_100838761953611_1258544160541445132_o-1-300x157.jpg\" alt=\"\" width=\"192\" height=\"101\" srcset=\"https:\/\/www.radiopiu.net\/wordpress\/wp-content\/uploads\/2021\/01\/133200401_100838761953611_1258544160541445132_o-1-300x157.jpg 300w, https:\/\/www.radiopiu.net\/wordpress\/wp-content\/uploads\/2021\/01\/133200401_100838761953611_1258544160541445132_o-1.jpg 526w\" sizes=\"auto, (max-width: 192px) 100vw, 192px\" \/><\/a>GOCCE DI FILOSOFIA, CON CHIARA CAU, CON LISA DE LUCA. <\/span><\/h2>\n<h2><span style=\"color: #ff0000;\">TUTTI I GIORNI DAL LUNEDI AL VENERDI ALLE 6.55 E ALLE 18.55<\/span><\/h2>\n<p><strong>PUNTATA 69<\/strong><\/p>\n<audio class=\"wp-audio-shortcode\" id=\"audio-201922-18\" preload=\"none\" style=\"width: 100%;\" controls=\"controls\"><source type=\"audio\/mpeg\" src=\"https:\/\/www.radiopiu.net\/wordpress\/wp-content\/uploads\/2021\/04\/FI4.mp3?_=18\" \/><a href=\"https:\/\/www.radiopiu.net\/wordpress\/wp-content\/uploads\/2021\/04\/FI4.mp3\">https:\/\/www.radiopiu.net\/wordpress\/wp-content\/uploads\/2021\/04\/FI4.mp3<\/a><\/audio>\n<p>&nbsp;<\/p>\n<h3>LA RACCOLTA COMPLETA<\/h3>\n<blockquote class=\"wp-embedded-content\" data-secret=\"NP4i0kyaPK\"><p><a href=\"https:\/\/www.radiopiu.net\/wordpress\/gocce-filosofia\/\">Gocce di filosofia<\/a><\/p><\/blockquote>\n<p><iframe loading=\"lazy\" class=\"wp-embedded-content\" sandbox=\"allow-scripts\" security=\"restricted\" style=\"position: absolute; clip: rect(1px, 1px, 1px, 1px);\" title=\"&#8220;Gocce di filosofia&#8221; &#8212; Radio Pi\u00f9\" src=\"https:\/\/www.radiopiu.net\/wordpress\/gocce-filosofia\/embed\/#?secret=NP4i0kyaPK\" data-secret=\"NP4i0kyaPK\" width=\"600\" height=\"338\" frameborder=\"0\" marginwidth=\"0\" marginheight=\"0\" scrolling=\"no\"><\/iframe><\/p>\n<p>&nbsp;<\/p>\n<hr \/>\n<p>&nbsp;<\/p>\n<p>&nbsp;<\/p>\n<blockquote>\n<h3><a href=\"https:\/\/www.radiopiu.net\/wordpress\/almanacco-ladino-puntata-5-2020\/sn\/\" rel=\"attachment wp-att-180931\"><img loading=\"lazy\" decoding=\"async\" class=\"wp-image-180931 alignleft\" src=\"https:\/\/www.radiopiu.net\/wordpress\/wp-content\/uploads\/2020\/12\/sn-300x194.jpg\" alt=\"\" width=\"181\" height=\"117\" srcset=\"https:\/\/www.radiopiu.net\/wordpress\/wp-content\/uploads\/2020\/12\/sn-300x194.jpg 300w, https:\/\/www.radiopiu.net\/wordpress\/wp-content\/uploads\/2020\/12\/sn.jpg 626w\" sizes=\"auto, (max-width: 181px) 100vw, 181px\" \/><\/a>L&#8217;ALMANACCO LADINO CON L&#8217;ISTITUT CESA DE JAN QUINDICINALE APPUNTAMENTO. LA DOMENICA ALLE 9 IL LUNEDI ALLE 8.35 IL MARTEDI ALLE 12.35 IL MERCOLEDI ALLE 18.35. SECONDA STAGIONE.<\/h3>\n<\/blockquote>\n<p>&nbsp;<\/p>\n<p><strong>RACCOLTA COMPLETA\u00a0<\/strong><\/p>\n<blockquote class=\"wp-embedded-content\" data-secret=\"QZSZKvalFo\"><p><a href=\"https:\/\/www.radiopiu.net\/wordpress\/almanacco-ladino\/\">Almanacco Ladino<\/a><\/p><\/blockquote>\n<p><iframe loading=\"lazy\" class=\"wp-embedded-content\" sandbox=\"allow-scripts\" security=\"restricted\" style=\"position: absolute; clip: rect(1px, 1px, 1px, 1px);\" title=\"&#8220;Almanacco Ladino&#8221; &#8212; Radio Pi\u00f9\" src=\"https:\/\/www.radiopiu.net\/wordpress\/almanacco-ladino\/embed\/#?secret=QZSZKvalFo\" data-secret=\"QZSZKvalFo\" width=\"600\" height=\"338\" frameborder=\"0\" marginwidth=\"0\" marginheight=\"0\" scrolling=\"no\"><\/iframe><\/p>\n<h2><\/h2>\n<hr \/>\n<div dir=\"auto\">\n<div>\n<h2><span style=\"color: #800080;\"><strong>LA RASSEGNA STAMPA DA L&#8217;AMICO DEL POPOLO\u00a0<\/strong><\/span><\/h2>\n<h3 class=\"kvgmc6g5 cxmmr5t8 oygrvhab hcukyx3x c1et5uql\"><span style=\"color: #0000ff;\"> INFORMAZIONE il canale su TELEGRAM informazione di prima mano e in tempo reale. iscriviti ed aiutaci a farlo conoscere\u00a0<\/span><\/h3>\n<p><a href=\"https:\/\/www.radiopiu.net\/wordpress\/la-rassegna-stampa-da-lamico-del-popolo-03-aprile-2021\/giorgio-fornasier\/\" rel=\"attachment wp-att-201145\"><img loading=\"lazy\" decoding=\"async\" class=\" wp-image-201145 alignleft\" src=\"https:\/\/www.radiopiu.net\/wordpress\/wp-content\/uploads\/2021\/04\/GIORGIO-FORNASIER-300x300.png\" alt=\"\" width=\"107\" height=\"107\" srcset=\"https:\/\/www.radiopiu.net\/wordpress\/wp-content\/uploads\/2021\/04\/GIORGIO-FORNASIER-300x300.png 300w, https:\/\/www.radiopiu.net\/wordpress\/wp-content\/uploads\/2021\/04\/GIORGIO-FORNASIER-150x150.png 150w, https:\/\/www.radiopiu.net\/wordpress\/wp-content\/uploads\/2021\/04\/GIORGIO-FORNASIER-768x768.png 768w, https:\/\/www.radiopiu.net\/wordpress\/wp-content\/uploads\/2021\/04\/GIORGIO-FORNASIER.png 800w\" sizes=\"auto, (max-width: 107px) 100vw, 107px\" \/><\/a><strong>di Gianni Santomaso<\/strong><\/p>\n<p>OSPITE: Giorgio Fornasier<\/p>\n<audio class=\"wp-audio-shortcode\" id=\"audio-201922-19\" preload=\"none\" style=\"width: 100%;\" controls=\"controls\"><source type=\"audio\/mpeg\" src=\"https:\/\/www.radiopiu.net\/wordpress\/wp-content\/uploads\/2021\/04\/RASSEGNA-GIANNI.mp3?_=19\" \/><a href=\"https:\/\/www.radiopiu.net\/wordpress\/wp-content\/uploads\/2021\/04\/RASSEGNA-GIANNI.mp3\">https:\/\/www.radiopiu.net\/wordpress\/wp-content\/uploads\/2021\/04\/RASSEGNA-GIANNI.mp3<\/a><\/audio>\n<p>&nbsp;<\/p>\n<p><strong>LA RACCOLTA COMPLETA<\/strong><\/p>\n<blockquote class=\"wp-embedded-content\" data-secret=\"xfQB2u27qY\"><p><a href=\"https:\/\/www.radiopiu.net\/wordpress\/rassegna-stampa-di-gianni-santomaso\/\">Rassegna stampa da l&#8217;amico del popolo &#8211; di Gianni Santomaso<\/a><\/p><\/blockquote>\n<p><iframe loading=\"lazy\" class=\"wp-embedded-content\" sandbox=\"allow-scripts\" security=\"restricted\" style=\"position: absolute; clip: rect(1px, 1px, 1px, 1px);\" title=\"&#8220;Rassegna stampa da l&#8217;amico del popolo &#8211; di Gianni Santomaso&#8221; &#8212; Radio Pi\u00f9\" src=\"https:\/\/www.radiopiu.net\/wordpress\/rassegna-stampa-di-gianni-santomaso\/embed\/#?secret=xfQB2u27qY\" data-secret=\"xfQB2u27qY\" width=\"600\" height=\"338\" frameborder=\"0\" marginwidth=\"0\" marginheight=\"0\" scrolling=\"no\"><\/iframe><\/p>\n<p>&nbsp;<\/p>\n<\/div>\n<\/div>\n<div dir=\"auto\">\n<hr \/>\n<p>&nbsp;<\/p>\n<blockquote>\n<h3>SALUTE E SOCIETA&#8217; IL LUNEDI ALLE 13.10 E ALLE 20.10, LA DOMENICA ALLE 10.30 A CURA DEL DOTTOR MARCO CARACCIOLO. QUINTA STAGIONE<\/h3>\n<\/blockquote>\n<p><strong><a href=\"https:\/\/www.radiopiu.net\/wordpress\/giornale-radiopiu-06-aprile-2021-direttore-mirko-mezzacasa\/97fbdb37-325b-4b99-bea8-766aab667fc3\/\" rel=\"attachment wp-att-201410\"><img loading=\"lazy\" decoding=\"async\" class=\"size-medium wp-image-201410 alignleft\" src=\"https:\/\/www.radiopiu.net\/wordpress\/wp-content\/uploads\/2021\/04\/97fbdb37-325b-4b99-bea8-766aab667fc3-300x169.jpg\" alt=\"\" width=\"300\" height=\"169\" srcset=\"https:\/\/www.radiopiu.net\/wordpress\/wp-content\/uploads\/2021\/04\/97fbdb37-325b-4b99-bea8-766aab667fc3-300x169.jpg 300w, https:\/\/www.radiopiu.net\/wordpress\/wp-content\/uploads\/2021\/04\/97fbdb37-325b-4b99-bea8-766aab667fc3-1024x576.jpg 1024w, https:\/\/www.radiopiu.net\/wordpress\/wp-content\/uploads\/2021\/04\/97fbdb37-325b-4b99-bea8-766aab667fc3-768x432.jpg 768w, https:\/\/www.radiopiu.net\/wordpress\/wp-content\/uploads\/2021\/04\/97fbdb37-325b-4b99-bea8-766aab667fc3.jpg 1280w\" sizes=\"auto, (max-width: 300px) 100vw, 300px\" \/><\/a>LA PUNTATA DELLA SETTIMANA<\/strong><\/p>\n<p>L\u2019asma \u00e8 una malattia caratterizzata da infiammazione cronica delle vie aeree e definita da una storia di sintomi respiratori quali sibili, mancanza di respiro, costrizione toracica e tosse che variano nel tempo e di intensit\u00e0, insieme ad una variabile limitazione del flusso espiratorio. Per i piccoli pazienti asmatici il trattamento farmacologico ha obiettivi ambiziosi: ridurre il numero di riacutizzazioni e i sintomi nel corso della giornata o della notte, tanto da permettere di svolgere le normali attivit\u00e0 quotidiane e l\u2019attivit\u00e0 sportiva. Gian Luigi Marseglia, presidente Siaip (Societ\u00e0 italiana di Allergologia e immunologia pediatrica Giorgio Piacentini, professore ordinario di Pediatria all\u2019uUniversit\u00e0 di Verona Mariangela Tosca, responsabile del Centro di Allergologia dell\u2019Istituto Gaslini di Genova<\/p>\n<audio class=\"wp-audio-shortcode\" id=\"audio-201922-20\" preload=\"none\" style=\"width: 100%;\" controls=\"controls\"><source type=\"audio\/mpeg\" src=\"https:\/\/www.radiopiu.net\/wordpress\/wp-content\/uploads\/2021\/04\/SALUTE.mp3?_=20\" \/><a href=\"https:\/\/www.radiopiu.net\/wordpress\/wp-content\/uploads\/2021\/04\/SALUTE.mp3\">https:\/\/www.radiopiu.net\/wordpress\/wp-content\/uploads\/2021\/04\/SALUTE.mp3<\/a><\/audio>\n<h3><strong>LA RACCOLTA COMPLETA\u00a0<\/strong><\/h3>\n<\/div>\n<blockquote class=\"wp-embedded-content\" data-secret=\"zVqbMrH2gG\"><p><a href=\"https:\/\/www.radiopiu.net\/wordpress\/saluteesocieta\/\">Salute e Societ\u00e0<\/a><\/p><\/blockquote>\n<p><iframe loading=\"lazy\" class=\"wp-embedded-content\" sandbox=\"allow-scripts\" security=\"restricted\" style=\"position: absolute; clip: rect(1px, 1px, 1px, 1px);\" title=\"&#8220;Salute e Societ\u00e0&#8221; &#8212; Radio Pi\u00f9\" src=\"https:\/\/www.radiopiu.net\/wordpress\/saluteesocieta\/embed\/#?secret=zVqbMrH2gG\" data-secret=\"zVqbMrH2gG\" width=\"600\" height=\"338\" frameborder=\"0\" marginwidth=\"0\" marginheight=\"0\" scrolling=\"no\"><\/iframe><\/p>\n<hr \/>\n<p>&nbsp;<\/p>\n<blockquote>\n<h3 class=\"kvgmc6g5 cxmmr5t8 oygrvhab hcukyx3x c1et5uql\"><span style=\"color: #0000ff;\">INFORMAZIONE il canale su TELEGRAM informazione di prima mano e in tempo reale. iscriviti ed aiutaci a farlo conoscere\u00a0<\/span><\/h3>\n<\/blockquote>\n<h2><img loading=\"lazy\" decoding=\"async\" class=\"alignleft\" src=\"https:\/\/www.radiopiu.net\/wordpress\/wp-content\/uploads\/2021\/03\/narr.jpg\" width=\"158\" height=\"105\" \/>007 IN CONDOTTA CON LA PROF. MARIA ROSA SALMAZO IL LUNEDI ALLE 10,30 E ALLE 19.00 LA DOMENICA ALLE 8 DEL MATTINO. NONA STAGIONE<\/h2>\n<p><span style=\"color: #ff0000;\"><strong>PUNTATA DEL 29 MARZO 2021<\/strong><\/span><\/p>\n<audio class=\"wp-audio-shortcode\" id=\"audio-201922-21\" preload=\"none\" style=\"width: 100%;\" controls=\"controls\"><source type=\"audio\/mpeg\" src=\"https:\/\/www.radiopiu.net\/wordpress\/wp-content\/uploads\/2020\/10\/007-28-marzo.mp3?_=21\" \/><a href=\"https:\/\/www.radiopiu.net\/wordpress\/wp-content\/uploads\/2020\/10\/007-28-marzo.mp3\">https:\/\/www.radiopiu.net\/wordpress\/wp-content\/uploads\/2020\/10\/007-28-marzo.mp3<\/a><\/audio>\n<h2>LA RACCOLTA COMPLETA<\/h2>\n<blockquote class=\"wp-embedded-content\" data-secret=\"iHArXdTvJS\"><p><a href=\"https:\/\/www.radiopiu.net\/wordpress\/007incondotta-9\/\">007 in condotta<\/a><\/p><\/blockquote>\n<p><iframe loading=\"lazy\" class=\"wp-embedded-content\" sandbox=\"allow-scripts\" security=\"restricted\" style=\"position: absolute; clip: rect(1px, 1px, 1px, 1px);\" title=\"&#8220;007 in condotta&#8221; &#8212; Radio Pi\u00f9\" src=\"https:\/\/www.radiopiu.net\/wordpress\/007incondotta-9\/embed\/#?secret=iHArXdTvJS\" data-secret=\"iHArXdTvJS\" width=\"600\" height=\"338\" frameborder=\"0\" marginwidth=\"0\" marginheight=\"0\" scrolling=\"no\"><\/iframe><\/p>\n<blockquote><p>&nbsp;<\/p>\n<p>&nbsp;<\/p><\/blockquote>\n<hr \/>\n<p>&nbsp;<\/p>\n<p>&nbsp;<\/p>\n<div>\n<h2><span style=\"color: #33cccc;\">I RACCONTI DI PAOLO SOPPELSA il lunedi alle 9.30 e 18.30<\/span><\/h2>\n<blockquote class=\"wp-embedded-content\" data-secret=\"w2NFEZIk1M\"><p><a href=\"https:\/\/www.radiopiu.net\/wordpress\/i-racconti-di-paolo-soppelsa-sessantanovesima-puntata\/\">I RACCONTI DI PAOLO SOPPELSA SESSANTANOVESIMA PUNTATA<\/a><\/p><\/blockquote>\n<p><iframe loading=\"lazy\" class=\"wp-embedded-content\" sandbox=\"allow-scripts\" security=\"restricted\" style=\"position: absolute; clip: rect(1px, 1px, 1px, 1px);\" title=\"&#8220;I RACCONTI DI PAOLO SOPPELSA SESSANTANOVESIMA PUNTATA&#8221; &#8212; Radio Pi\u00f9\" src=\"https:\/\/www.radiopiu.net\/wordpress\/i-racconti-di-paolo-soppelsa-sessantanovesima-puntata\/embed\/#?secret=w2NFEZIk1M\" data-secret=\"w2NFEZIk1M\" width=\"600\" height=\"338\" frameborder=\"0\" marginwidth=\"0\" marginheight=\"0\" scrolling=\"no\"><\/iframe><\/p>\n<p><span style=\"color: #0000ff;\">INFORMAZIONE il canale su TELEGRAM informazione di prima mano e in tempo reale. iscriviti ed aiutaci a farlo conoscere\u00a0<\/span><\/p>\n<h2><span style=\"color: #33cccc;\"><strong>RACCOLTA COMPLETA<\/strong><\/span><\/h2>\n<blockquote class=\"wp-embedded-content\" data-secret=\"hynXfAh5H4\"><p><a href=\"https:\/\/www.radiopiu.net\/wordpress\/i-racconti-di-paolo-soppelsa\/\">I racconti di Paolo Soppelsa<\/a><\/p><\/blockquote>\n<p><iframe loading=\"lazy\" class=\"wp-embedded-content\" sandbox=\"allow-scripts\" security=\"restricted\" style=\"position: absolute; clip: rect(1px, 1px, 1px, 1px);\" title=\"&#8220;I racconti di Paolo Soppelsa&#8221; &#8212; Radio Pi\u00f9\" src=\"https:\/\/www.radiopiu.net\/wordpress\/i-racconti-di-paolo-soppelsa\/embed\/#?secret=hynXfAh5H4\" data-secret=\"hynXfAh5H4\" width=\"600\" height=\"338\" frameborder=\"0\" marginwidth=\"0\" marginheight=\"0\" scrolling=\"no\"><\/iframe><\/p>\n<\/div>\n<h2><span style=\"color: #ff0000;\">\u00a0\u00a0<\/span><\/h2>\n<hr \/>\n<div><\/div>\n<p>&nbsp;<\/p>\n<h2><strong><span style=\"color: #ff0000;\">\u00a0ALLA RADIO<\/span><\/strong><\/h2>\n<div data-offset-key=\"5n5nl-0-0\">\n<h3>Per ricevere gli aggiornamenti in tempo reale delle notizie pubblicate alla radio e sul sito di radio pi\u00f9 iscriviti al gruppo RADIO PIU INFORMAZIONE su Telegram.\u00a0\u00a0<a href=\"https:\/\/t.me\/radiopiu\">clicca qui<\/a><\/h3>\n<p>&nbsp;<\/p>\n<p><strong><a class=\"dt-pswp-item\" href=\"https:\/\/www.radiopiu.net\/wordpress\/wp-content\/uploads\/2020\/01\/logo-csa.jpg\" data-dt-img-description=\"\" data-large_image_width=\"1167\" data-large_image_height=\"574\"><img loading=\"lazy\" decoding=\"async\" class=\"wp-image-113364 alignleft\" src=\"https:\/\/www.radiopiu.net\/wordpress\/wp-content\/uploads\/2020\/01\/logo-csa-300x148.jpg\" alt=\"\" width=\"182\" height=\"90\" srcset=\"https:\/\/www.radiopiu.net\/wordpress\/wp-content\/uploads\/2020\/01\/logo-csa-300x148.jpg 300w, https:\/\/www.radiopiu.net\/wordpress\/wp-content\/uploads\/2020\/01\/logo-csa-1024x504.jpg 1024w, https:\/\/www.radiopiu.net\/wordpress\/wp-content\/uploads\/2020\/01\/logo-csa-768x378.jpg 768w, https:\/\/www.radiopiu.net\/wordpress\/wp-content\/uploads\/2020\/01\/logo-csa.jpg 1167w\" sizes=\"auto, (max-width: 182px) 100vw, 182px\" \/><\/a>AGORDO<\/strong> Appuntamento mensile (primo venerdi del mese) con lo speciale condotto da Claudio<\/p>\n<p>Fontanive, in studio Fabrizio Campedel e Paolo Chissal\u00e8.<\/p>\n<\/div>\n<p><strong>PUNTATA DI MARZO<\/strong><\/p>\n<audio class=\"wp-audio-shortcode\" id=\"audio-201922-22\" preload=\"none\" style=\"width: 100%;\" controls=\"controls\"><source type=\"audio\/mpeg\" src=\"https:\/\/www.radiopiu.net\/wordpress\/wp-content\/uploads\/2021\/03\/ca-sol-lux-marzo.mp3?_=22\" \/><a href=\"https:\/\/www.radiopiu.net\/wordpress\/wp-content\/uploads\/2021\/03\/ca-sol-lux-marzo.mp3\">https:\/\/www.radiopiu.net\/wordpress\/wp-content\/uploads\/2021\/03\/ca-sol-lux-marzo.mp3<\/a><\/audio>\n<blockquote>\n<h2>RACCOLTA COMPLETA<\/h2>\n<\/blockquote>\n<blockquote class=\"wp-embedded-content\" data-secret=\"kELfuBG47R\"><p><a href=\"https:\/\/www.radiopiu.net\/wordpress\/cassa-solidarieta-luxottica-puntata-del-16-ottobre-2020\/\">CASSA SOLIDARIET\u00c0 LUXOTTICA &#8211; PUNTATA DEL 20 NOVEMBRE 2020<\/a><\/p><\/blockquote>\n<p><iframe loading=\"lazy\" class=\"wp-embedded-content\" sandbox=\"allow-scripts\" security=\"restricted\" style=\"position: absolute; clip: rect(1px, 1px, 1px, 1px);\" title=\"&#8220;CASSA SOLIDARIET\u00c0 LUXOTTICA &#8211; PUNTATA DEL 20 NOVEMBRE 2020&#8221; &#8212; Radio Pi\u00f9\" src=\"https:\/\/www.radiopiu.net\/wordpress\/cassa-solidarieta-luxottica-puntata-del-16-ottobre-2020\/embed\/#?secret=kELfuBG47R\" data-secret=\"kELfuBG47R\" width=\"600\" height=\"338\" frameborder=\"0\" marginwidth=\"0\" marginheight=\"0\" scrolling=\"no\"><\/iframe><\/p>\n<div><\/div>\n<p>&nbsp;<\/p>\n<p>&nbsp;<\/p>\n<p>&nbsp;<\/p>\n<hr \/>\n<blockquote>\n<h3><a href=\"https:\/\/www.radiopiu.net\/wordpress\/giornale-radiopiu-06-febbraio-2019-direttore-mirko-mezzacasa\/logo_spi-cgil-800x445\/\" rel=\"attachment wp-att-75538\"><img loading=\"lazy\" decoding=\"async\" class=\"wp-image-75538 alignleft\" src=\"https:\/\/www.radiopiu.net\/wordpress\/wp-content\/uploads\/2019\/02\/Logo_Spi-CGIL-800x445-300x167.jpg\" alt=\"\" width=\"210\" height=\"117\" srcset=\"https:\/\/www.radiopiu.net\/wordpress\/wp-content\/uploads\/2019\/02\/Logo_Spi-CGIL-800x445-300x167.jpg 300w, https:\/\/www.radiopiu.net\/wordpress\/wp-content\/uploads\/2019\/02\/Logo_Spi-CGIL-800x445-768x427.jpg 768w, https:\/\/www.radiopiu.net\/wordpress\/wp-content\/uploads\/2019\/02\/Logo_Spi-CGIL-800x445.jpg 800w\" sizes=\"auto, (max-width: 210px) 100vw, 210px\" \/><\/a>ALLA RADIO, APPUNTAMENTO QUINDICINALE CON SPI-CGIL BELLUNO, IN STUDIO MARIA RITA GENTILIN<\/h3>\n<\/blockquote>\n<p><strong>di Claudio Fontanive\u00a0<\/strong><\/p>\n<p><span style=\"color: #ff0000;\"><strong>PUNTATA DEL 18 MARZO 2021<\/strong><\/span><\/p>\n<audio class=\"wp-audio-shortcode\" id=\"audio-201922-23\" preload=\"none\" style=\"width: 100%;\" controls=\"controls\"><source type=\"audio\/mpeg\" src=\"https:\/\/www.radiopiu.net\/wordpress\/wp-content\/uploads\/2021\/03\/spi-cigl-18-marzo.mp3?_=23\" \/><a href=\"https:\/\/www.radiopiu.net\/wordpress\/wp-content\/uploads\/2021\/03\/spi-cigl-18-marzo.mp3\">https:\/\/www.radiopiu.net\/wordpress\/wp-content\/uploads\/2021\/03\/spi-cigl-18-marzo.mp3<\/a><\/audio>\n<p>&nbsp;<\/p>\n<p>&nbsp;<\/p>\n<div dir=\"auto\">\n<div>\n<p>&nbsp;<\/p>\n<\/div>\n<\/div>\n<div dir=\"auto\">\n<hr \/>\n<p>&nbsp;<\/p>\n<div>\n<p class=\"photoswipe-wrapper\"><a class=\"dt-pswp-item pspw-wrap-ready\" href=\"https:\/\/i0.wp.com\/www.radiopiu.net\/wordpress\/wp-content\/uploads\/2018\/09\/viabilita.jpeg?ssl=1\" data-dt-img-description=\"\" data-large_image_width=\"800\" data-large_image_height=\"100\"><img loading=\"lazy\" decoding=\"async\" class=\"aligncenter wp-image-61954 size-full\" src=\"https:\/\/i0.wp.com\/www.radiopiu.net\/wordpress\/wp-content\/uploads\/2018\/09\/viabilita.jpeg?resize=800%2C100&amp;ssl=1\" sizes=\"auto, (max-width: 800px) 100vw, 800px\" srcset=\"https:\/\/i0.wp.com\/www.radiopiu.net\/wordpress\/wp-content\/uploads\/2018\/09\/viabilita.jpeg?w=800&amp;ssl=1 800w, https:\/\/i0.wp.com\/www.radiopiu.net\/wordpress\/wp-content\/uploads\/2018\/09\/viabilita.jpeg?resize=300%2C38&amp;ssl=1 300w, https:\/\/i0.wp.com\/www.radiopiu.net\/wordpress\/wp-content\/uploads\/2018\/09\/viabilita.jpeg?resize=768%2C96&amp;ssl=1 768w\" alt=\"\" width=\"800\" height=\"100\" \/><\/a><\/p>\n<\/div>\n<\/div>\n<p><strong>\u00a0\u00a0<\/strong><\/p>\n<p><strong>SR 203 AGORDINA<\/strong> LISTOLADE Fino al 23 aprile senso unico semaforico, festivi e pre festivi esclusi<\/p>\n<p><strong>SP 3 VALLE IMPERINA GONA DI CONEDERA<\/strong>\u00a0 fino al 28 aprile Senso unico con semaforo, compresi sabato e domenica<\/p>\n<p><strong>SP 346 SAN PELLEGRINO<\/strong> CANALE D&#8217;AGORDO-VALLADA: senso unico fino al 15 maggio compresi festivi e prefestivi<\/p>\n<p class=\"p1\"><strong>SP 10 DI ALANO<\/strong> LOC. LE SORGENTI interruzione totale alla viabilit\u00e0 fino al 19 maggio, dalle 8 alle 12 e dalle 13 alle 18, esclusi sabato e domenica<\/p>\n<p class=\"p1\"><strong>SR 203 AGORDINA<\/strong> LOCALITA BATTAIA -COLLE SANTA LUCIA fino al 15 maggio (festivi e prefestivi compresi) senso unico alternato<\/p>\n<p><strong>SR 203 AGORDINA<\/strong> dal 12 al 16 aprile in localit\u00e0 Peron di Sedico, senso unico alternato regolato da impianto semaforico per posa tubazione idrica<\/p>\n<p><strong>SP 347 DEL PASSO CEREDA E DURAN\u00a0<\/strong>in comune di Voltago, dal 6 al 16 aprile escluso sabato e domenica, senso unico alternato regolato da impianto semaforico per realizzazione tombinature<\/p>\n<p><strong>SP 1 SINISTRA PIAVE<\/strong> nei giorni 12 e 13 aprile senso unico alternato regolato da movieri dalle 7:30 alle 17:30 per lavori taglio alberi<\/p>\n<p><strong>SP 148 CADORNA\u00a0<\/strong>in comune di Fonzaso, interdizione totale al traffico dalle 7 alle 12 e dalle 13 alle 18 nei giorni 8 e 9 aprile. Dal 12 al 30 aprile senso unico alternato regolato da impianto semaforico e possibili interruzioni di massimo 30 minuti, compresi sabato, domenica e festivi per messa in sicurezza della strada<\/p>\n<p><strong>SP 473 DI CROCE D&#8217;AUNE<\/strong> fino al 30 aprile in comune di Pedavena, sabato e domenica esclusi, senso unico alternato regolato da semaforo o movieri dalle 8 alle 18 per taglio piante<\/p>\n<p><strong>SP 12 PEDEMONTANA<\/strong> dal 6 aprile al 7 maggio, sabato e domenica compresi, senso unico alternato regolato da semaforo in localit\u00e0 Salgarda in comune di Feltre per posa condotta smaltimento acque meteoriche<\/p>\n<p><strong>SP 1 BIS MADONNA DEL PAIVE<\/strong> Dal 6 al 13 aprile, esclusi sabato e domenica, dalle 8 alle 18 in localit\u00e0 Marziai di Quero Vas, senso unico alternato regolato da semaforo o movieri per posa cavidotto per conto di E-Distribuzione<\/p>\n<p><strong>SR 203 AGORDINA <\/strong>senso unico alternato regolato da\u00a0 movieri per tratti di 300 metri in localit\u00e0 La Stanga dal 12 al 30 aprile dalle 8 alle 12 e dalle 13 alle 18 per lavori di ripristino del manto d&#8217;usura<\/p>\n<p><strong>SP 473 CROCE<\/strong> <strong>D&#8217;AUNE<\/strong> Dalle 8 alle 18, dal 23 marzo al 30 aprile compresi sabato domenica e festivi, senso unico alternato regolato da impianto semaforico in comune di Sovramonte per sostituzione barriere di sicurezza<\/p>\n<div dir=\"auto\">\n<p><strong>SR 48 DELLE DOLOMITI\u00a0<\/strong>Dal 22 marzo al 30 aprile, dalle 7 alle 18 esclusi sabato domenica e festivi, interruzioni alla viabilit\u00e0 della durata massima di 20 minuti e senso unico alternato regolato da impianto semaforico per messa in sicurezza del versante a monte della strada in comune di Livinallongo<\/p>\n<p><strong>SP 473 CROCE D&#8217;AUNE<\/strong> dal 18 marzo al 15 aprile interdizione totale al traffico in localit\u00e0 Pedavena per ristrutturazione fabbricato. Traffico deviato su Via Trento<\/p>\n<p><strong>SP 473 CROCE D&#8217;AUNE\u00a0<\/strong> dal 18 marzo al 16 aprile, in localit\u00e0 Sarzen, interdizione totale alla viabilit\u00e0 ad eccezione di domeniche e festivi infrasettimanali per lavori di posa canalizzazioni per conto di E-Distribuzione. Transito consentito solo a mezzi pubblici, scolastici e di soccorso<\/p>\n<p><strong>203 AGORDINA LIVINALLONGO <\/strong>dal 15 marzo per un mese (inclusi festivi e prefestivi) senso unico in localit\u00e0 Ponte Pignazza<\/p>\n<p><strong>SP 251 DELLA VAL DI ZOLDO E CELLINA<\/strong> Istituzione di senso unico alternato regolato da semaforo nel comune di Val di Zoldo per messa in sicurezza della strada<\/p>\n<p><strong>SP 42 CAVALLERA<\/strong> fino a revoca, chiusura della strada nell&#8217;abitato di Perarolo per attivazione emergenza frana &#8220;Busa del Cristo&#8221;<\/p>\n<p><strong>S.P.2 DELLA VALLE DEL MIS\u00a0<\/strong>Interdizione totale al traffico fino a revoca dal km 14,920 (localit\u00e0 Gona Bassa) al km 20,650 (localit\u00e0 Titele) per cedimento della carreggiata<\/p>\n<p><strong>S.P. 5 DI LAMOSANO<\/strong>\u00a0Interdizione totale fino a revoca per presenza di materiale e alberi in strada.<\/p>\n<p><strong>SP 3 DELLA VAL IMPERINA<\/strong> fino a revoca, senso unico alternato regolato a vista in localit\u00e0 Gona di Conedera di Rivamonte per cedimento della carreggiata stradale<\/p>\n<\/div>\n<p><b>\u00a0<\/b><\/p>\n<p>&nbsp;<\/p>\n<div dir=\"auto\">\n<hr \/>\n<p>&nbsp;<\/p>\n<div>\n<p class=\"photoswipe-wrapper\"><a class=\"dt-pswp-item pspw-wrap-ready\" href=\"https:\/\/i0.wp.com\/www.radiopiu.net\/wordpress\/wp-content\/uploads\/2018\/09\/WhatsApp-Image-2018-09-20-at-16.04.06.jpeg?ssl=1\" data-dt-img-description=\"\" data-large_image_width=\"800\" data-large_image_height=\"100\"><img loading=\"lazy\" decoding=\"async\" class=\"aligncenter wp-image-61378 size-full jetpack-lazy-image jetpack-lazy-image--handled\" src=\"https:\/\/i0.wp.com\/www.radiopiu.net\/wordpress\/wp-content\/uploads\/2018\/09\/WhatsApp-Image-2018-09-20-at-16.04.06.jpeg?resize=800%2C100&amp;ssl=1\" sizes=\"auto, (max-width: 800px) 100vw, 800px\" srcset=\"https:\/\/i0.wp.com\/www.radiopiu.net\/wordpress\/wp-content\/uploads\/2018\/09\/WhatsApp-Image-2018-09-20-at-16.04.06.jpeg?w=800&amp;ssl=1 800w, https:\/\/i0.wp.com\/www.radiopiu.net\/wordpress\/wp-content\/uploads\/2018\/09\/WhatsApp-Image-2018-09-20-at-16.04.06.jpeg?resize=300%2C38&amp;ssl=1 300w, https:\/\/i0.wp.com\/www.radiopiu.net\/wordpress\/wp-content\/uploads\/2018\/09\/WhatsApp-Image-2018-09-20-at-16.04.06.jpeg?resize=768%2C96&amp;ssl=1 768w\" alt=\"\" width=\"800\" height=\"100\" data-lazy-loaded=\"1\" \/><\/a><\/p>\n<\/div>\n<p>&nbsp;<\/p>\n<\/div>\n<p><center><b>Venerdi 9<\/b><\/center><b>Tempo atteso: <\/b>Cielo sereno tra la notte e l&#8217;inizio della giornata, da met\u00e0 mattinata in poi sopraggiungere di nubi alte in grado di velare il sole, anche di mascherarlo completamente per estesa copertura stratiforme qualche cumulo tra le ore centrali e parte del pomeriggio. In seguito attenuazione della nuvolosit\u00e0 e ricomparsa di tratti di sereno, assieme al formarsi di nubi basse verso sera. Nonostante il deficit di sole il contesto termico diurno sar\u00e0 pi\u00f9 mite di gioved\u00ec.<br \/>\n<b>Precipitazioni: <\/b>Assenti (0%)<br \/>\n<b>Temperature: <\/b>In generale lieve aumento, ma le gelate notturne saranno ancora diffuse e non si potr\u00e0 escludere un po&#8217; d&#8217;inversione termica in alcune valli. Sono previste punte di 11\/13\u00b0C nei fondovalle prealpini e di 5\/8\u00b0C a 1000\/1200 m. Su Prealpi a 1500 m min -3\u00b0C max 1\u00b0C, a 2000 m min -5\u00b0C max -3\u00b0C. Su Dolomiti a 2000 m min -6\u00b0C max -1\u00b0C, a 3000 m min -10\u00b0C max -6\u00b0C.<br \/>\n<b>Venti: <\/b>Nelle valli perlopi\u00f9 deboli a regime di brezza, localmente moderati per temporanei rinforzi nei consueti settori maggiormente ventilati; in quota deboli\/moderati da ovest al mattino e da sud-ovest al pomeriggio, a 5-15 km\/h a 2000 m e 15-25 km\/h a 3000 m.<\/p>\n<hr \/>\n<p><center><b>Sabato 10<\/b><\/center><b>Tempo atteso: <\/b>Al mattino residui squarci di sereno in un cielo sempre pi\u00f9 nuvoloso, localmente coperto per nubi basse stratiformi. Al pomeriggio ulteriore intensificazione della nuvolosit\u00e0 con lieve peggioramento del tempo ad iniziare dalle Prealpi occidentali, in estensione a tutta la montagna veneta entro la sera. Atmosfera assai pi\u00f9 umida e minore escursione termica rispetto ai giorni precedenti.<br \/>\n<b>Precipitazioni: <\/b>Al mattino assenti (0%), al pomeriggio crescente probabilit\u00e0 fino a alta (70-80%) sulle Prealpi alla sera per precipitazioni perlopi\u00f9 deboli. La probabilit\u00e0 sar\u00e0 minore sulle Dolomiti (50-60%) per modesti o modestissimi fenomeni sparsi. Il limite della neve sar\u00e0 sui 1400\/1500 m. Sono previsti apporti di 2\/5 mm, localmente fino a 10 mm sulle Prealpi occidentali, con altrettanti cm di neve sopra i 1800 m.<br \/>\n<b>Temperature: <\/b>In generale lieve aumento rispetto a venerd\u00ec, salvo stazionariet\u00e0 delle massime nelle valli per deficit di sole. Su Prealpi a 1500 m min 1\u00b0C max 3\u00b0C, a 2000 m min -3\u00b0C max -1\u00b0C. Su Dolomiti a 2000 m min -4\u00b0C max 0\u00b0C, a 3000 m min -9\u00b0C max -5\u00b0C.<br \/>\n<b>Venti: <\/b>Nelle valli deboli di direzione variabile; in quota deboli\/moderati da sud-ovest al mattino in rinforzo fino a tesi sulle cime pi\u00f9 alte nel corso del pomeriggio, a 5-15 km\/h a 2000 m e 15-35 km\/h a 3000 m.<\/p>\n<hr \/>\n<p><center><b>Domenica 11<\/b><\/center>Cielo da molto nuvoloso a coperto con nuovo graduale peggioramento a partire dalle Prealpi occidentali, in estensione a tutta la montagna veneta entro la tarda mattinata. le precipitazioni saranno perlopi\u00f9 deboli sulle Dolomiti, a tratti moderate su alcuni settori prealpini. il limite della neve osciller\u00e0 tra 1500\/1800 m. Temperature senza notevoli variazioni, salvo leggero rialzo delle minime. In quota venti tesi dai quadranti meridionali, anche forti sulle vette pi\u00f9 alte; deboli di direzione variabile nelle valli.<\/p>\n<hr \/>\n<p><center><b>Lunedi 12<\/b><\/center>Tempo perturbato con cielo coperto e precipitazioni diffuse di moderata intensit\u00e0, spesso persistenti. Temperature in lieve aumento rispetto a domenica per richiamo sciroccale, di conseguenza il limite neve s&#8217;innalzer\u00e0 leggermente fino sui 1700\/1900 m. Venti moderati tesi da sud-ovest in quota, deboli di direzione variabile nelle valli, salvo locali rinforzi nei settori esposti ai quadranti meridionali. Previsore: R.L.Th.<\/p>\n<p>&nbsp;<\/p>\n<hr \/>\n<p>&nbsp;<\/p>\n<p><a href=\"https:\/\/www.radiopiu.net\/wordpress\/giornale-radiopiu-15-settembre-2018-direttore-mirko-mezzacasa\/sport-7\/\" rel=\"attachment wp-att-60761\"><img loading=\"lazy\" decoding=\"async\" class=\"alignnone wp-image-60761 size-full\" src=\"https:\/\/www.radiopiu.net\/wordpress\/wp-content\/uploads\/2018\/09\/sport.jpg\" alt=\"\" width=\"800\" height=\"100\" srcset=\"https:\/\/www.radiopiu.net\/wordpress\/wp-content\/uploads\/2018\/09\/sport.jpg 800w, https:\/\/www.radiopiu.net\/wordpress\/wp-content\/uploads\/2018\/09\/sport-300x38.jpg 300w, https:\/\/www.radiopiu.net\/wordpress\/wp-content\/uploads\/2018\/09\/sport-768x96.jpg 768w\" sizes=\"auto, (max-width: 800px) 100vw, 800px\" \/><\/a><\/p>\n<p>&nbsp;<\/p>\n<h2 class=\"null\">HOCKEY<\/h2>\n<blockquote>\n<h3 class=\"null\"><a href=\"https:\/\/www.radiopiu.net\/wordpress\/giornale-radiopiu-09-aprile-2021-direttore-mirko-mezzacasa\/e28f47ed-a5f2-4af1-959c-d6e171be1c20\/\" rel=\"attachment wp-att-202142\"><img loading=\"lazy\" decoding=\"async\" class=\" wp-image-202142 alignleft\" src=\"https:\/\/www.radiopiu.net\/wordpress\/wp-content\/uploads\/2021\/04\/e28f47ed-a5f2-4af1-959c-d6e171be1c20-300x224.jpg\" alt=\"\" width=\"250\" height=\"187\" srcset=\"https:\/\/www.radiopiu.net\/wordpress\/wp-content\/uploads\/2021\/04\/e28f47ed-a5f2-4af1-959c-d6e171be1c20-300x224.jpg 300w, https:\/\/www.radiopiu.net\/wordpress\/wp-content\/uploads\/2021\/04\/e28f47ed-a5f2-4af1-959c-d6e171be1c20-1024x764.jpg 1024w, https:\/\/www.radiopiu.net\/wordpress\/wp-content\/uploads\/2021\/04\/e28f47ed-a5f2-4af1-959c-d6e171be1c20-768x573.jpg 768w, https:\/\/www.radiopiu.net\/wordpress\/wp-content\/uploads\/2021\/04\/e28f47ed-a5f2-4af1-959c-d6e171be1c20.jpg 1080w\" sizes=\"auto, (max-width: 250px) 100vw, 250px\" \/><\/a>Italian Hockey League, il Caldaro non si ferma e vince il primo round per 2:1 in trasferta a Merano<\/h3>\n<\/blockquote>\n<p>Il Merano chiude in vantaggio il primo tempo ma poi rimonta dei Lucci che ribaltano il punteggio nella seconda frazione. Gli ospiti si difendono nel terzo periodo e fanno gi\u00e0 saltare il fattore campo per una finale subito scoppiettante.\u00a0 Non c\u2019\u00e8 niente da fare, questa Italian Hockey League non \u00e8 fatta per rispettare i pronostici. Il Caldaro espugna la MeranArena e si prende il primo vantaggio nella serie finale. Era da oltre 13 mesi che il Merano non cadeva in casa in Italian Hockey League, ma questi Lucci una volta di pi\u00f9 hanno dimostrato di non temere nessuno e di avere mille armi a disposizione. Il 2 a 1 finale comunque fa capire quanto questa serie possa essere equilibrata e decisa dai dettagli, dunque nulla \u00e8 ancora perduto per i bianconeri. Chiaro che ora per\u00f2 al Caldaro \u201cbaster\u00e0\u201d vincere le due partite in casa per bissare il titolo del 2018\/19.<\/p>\n","protected":false},"excerpt":{"rendered":"<p>PER RICEVERE QUESTO NOTIZIARIO DIRETTAMENTE SUL TUO CELLULARE ISCRIVITI AL CANALE TELEGRAM \u201cRADIO PIU\u00a0 INFORMAZIONE&#8221;\u00a0 &nbsp; &nbsp; RADIO PIU&#8217; ANCHE SU YOUTUBE. ISCRIVITI AL CANALE PER SEGUIRE LE DIRETTE E GUARDARE I VIDEO DI RADIO PIU&#8217; CLICCA QUI E PREMI SUL PULSANTE &#8220;ISCRIVITI&#8221; &nbsp; \u00a0LA NUOVA APP PER IOS-IPHONE di Nicola Vettorello https:\/\/apps.apple.com\/it\/app\/radio-pi%C3%B9-emittente-agordina\/id1515939845 ATTENZIONE: LA&hellip;<\/p>\n","protected":false},"author":4,"featured_media":202147,"comment_status":"closed","ping_status":"closed","sticky":false,"template":"","format":"standard","meta":{"_monsterinsights_skip_tracking":false,"_monsterinsights_sitenote_active":false,"_monsterinsights_sitenote_note":"","_monsterinsights_sitenote_category":0,"footnotes":""},"categories":[1,51,86,49],"tags":[],"class_list":["post-201922","post","type-post","status-publish","format-standard","has-post-thumbnail","hentry","category-senza-categoria","category-evidenza-top","category-gr","category-news-18","category-1","category-51","category-86","category-49","description-off"],"img_url":"https:\/\/www.radiopiu.net\/wordpress\/wp-content\/uploads\/2021\/04\/170526139_1562865663909028_1301832834466712105_n.jpg","_links":{"self":[{"href":"https:\/\/www.radiopiu.net\/wordpress\/wp-json\/wp\/v2\/posts\/201922","targetHints":{"allow":["GET"]}}],"collection":[{"href":"https:\/\/www.radiopiu.net\/wordpress\/wp-json\/wp\/v2\/posts"}],"about":[{"href":"https:\/\/www.radiopiu.net\/wordpress\/wp-json\/wp\/v2\/types\/post"}],"author":[{"embeddable":true,"href":"https:\/\/www.radiopiu.net\/wordpress\/wp-json\/wp\/v2\/users\/4"}],"replies":[{"embeddable":true,"href":"https:\/\/www.radiopiu.net\/wordpress\/wp-json\/wp\/v2\/comments?post=201922"}],"version-history":[{"count":0,"href":"https:\/\/www.radiopiu.net\/wordpress\/wp-json\/wp\/v2\/posts\/201922\/revisions"}],"wp:featuredmedia":[{"embeddable":true,"href":"https:\/\/www.radiopiu.net\/wordpress\/wp-json\/wp\/v2\/media\/202147"}],"wp:attachment":[{"href":"https:\/\/www.radiopiu.net\/wordpress\/wp-json\/wp\/v2\/media?parent=201922"}],"wp:term":[{"taxonomy":"category","embeddable":true,"href":"https:\/\/www.radiopiu.net\/wordpress\/wp-json\/wp\/v2\/categories?post=201922"},{"taxonomy":"post_tag","embeddable":true,"href":"https:\/\/www.radiopiu.net\/wordpress\/wp-json\/wp\/v2\/tags?post=201922"}],"curies":[{"name":"wp","href":"https:\/\/api.w.org\/{rel}","templated":true}]}}