{"id":202061,"date":"2021-04-09T01:40:23","date_gmt":"2021-04-08T23:40:23","guid":{"rendered":"https:\/\/www.radiopiu.net\/wordpress\/?p=202061"},"modified":"2021-04-09T06:13:06","modified_gmt":"2021-04-09T04:13:06","slug":"rinnovo-del-contratto-multiservizi-lincontro-con-i-sindacati","status":"publish","type":"post","link":"https:\/\/www.radiopiu.net\/wordpress\/rinnovo-del-contratto-multiservizi-lincontro-con-i-sindacati\/","title":{"rendered":"RINNOVO DEL CONTRATTO MULTISERVIZI, L&#8217;INCONTRO CON I SINDACATI"},"content":{"rendered":"<p><strong>BELLUNO<\/strong><\/p>\n<p><strong>di Moreno Gioli<\/strong><\/p>\n<audio class=\"wp-audio-shortcode\" id=\"audio-202061-1\" preload=\"none\" style=\"width: 100%;\" controls=\"controls\"><source type=\"audio\/mpeg\" src=\"https:\/\/www.radiopiu.net\/wordpress\/wp-content\/uploads\/2021\/04\/GIOLI-MULTISERVIZI.mp3?_=1\" \/><a href=\"https:\/\/www.radiopiu.net\/wordpress\/wp-content\/uploads\/2021\/04\/GIOLI-MULTISERVIZI.mp3\">https:\/\/www.radiopiu.net\/wordpress\/wp-content\/uploads\/2021\/04\/GIOLI-MULTISERVIZI.mp3<\/a><\/audio>\n<p>&nbsp;<\/p>\n<p><strong><a href=\"https:\/\/www.radiopiu.net\/wordpress\/rinnovo-del-contratto-multiservizi-lincontro-con-i-sindacati\/21666_111835762333506_487984366_n\/\" rel=\"attachment wp-att-202063\"><img loading=\"lazy\" decoding=\"async\" class=\"wp-image-202063 alignleft\" src=\"https:\/\/www.radiopiu.net\/wordpress\/wp-content\/uploads\/2021\/04\/21666_111835762333506_487984366_n-225x300.jpg\" alt=\"\" width=\"126\" height=\"167\" srcset=\"https:\/\/www.radiopiu.net\/wordpress\/wp-content\/uploads\/2021\/04\/21666_111835762333506_487984366_n-225x300.jpg 225w, https:\/\/www.radiopiu.net\/wordpress\/wp-content\/uploads\/2021\/04\/21666_111835762333506_487984366_n.jpg 539w\" sizes=\"auto, (max-width: 126px) 100vw, 126px\" \/><\/a><\/strong><\/p>\n<p>&nbsp;<\/p>\n<p>&nbsp;<\/p>\n<p>&nbsp;<\/p>\n<p><strong>FULVIA BORTOLUZZI, CGIL <\/strong><em>&#8220;Gli straordinari sono opportunit\u00e0 non indifferenti non si pu\u00f2 ridurre a recupero di tempo&#8221;<\/em><\/p>\n<audio class=\"wp-audio-shortcode\" id=\"audio-202061-2\" preload=\"none\" style=\"width: 100%;\" controls=\"controls\"><source type=\"audio\/mpeg\" src=\"https:\/\/www.radiopiu.net\/wordpress\/wp-content\/uploads\/2021\/04\/FULVIA-BORTOLUZZI-CGIL.mp3?_=2\" \/><a href=\"https:\/\/www.radiopiu.net\/wordpress\/wp-content\/uploads\/2021\/04\/FULVIA-BORTOLUZZI-CGIL.mp3\">https:\/\/www.radiopiu.net\/wordpress\/wp-content\/uploads\/2021\/04\/FULVIA-BORTOLUZZI-CGIL.mp3<\/a><\/audio>\n<p>&nbsp;<\/p>\n<p><strong>STEFANO CALVI, FISASCAT <\/strong><em>&#8220;Criticit\u00e0 nelle grandi industrie e strutture ospedaliere&#8221;<\/em><\/p>\n<audio class=\"wp-audio-shortcode\" id=\"audio-202061-3\" preload=\"none\" style=\"width: 100%;\" controls=\"controls\"><source type=\"audio\/mpeg\" src=\"https:\/\/www.radiopiu.net\/wordpress\/wp-content\/uploads\/2021\/04\/STEFANO-CALVI-FISASCAT.mp3?_=3\" \/><a href=\"https:\/\/www.radiopiu.net\/wordpress\/wp-content\/uploads\/2021\/04\/STEFANO-CALVI-FISASCAT.mp3\">https:\/\/www.radiopiu.net\/wordpress\/wp-content\/uploads\/2021\/04\/STEFANO-CALVI-FISASCAT.mp3<\/a><\/audio>\n<p>&nbsp;<\/p>\n<p>&nbsp;<\/p>\n<p>&nbsp;<\/p>\n","protected":false},"excerpt":{"rendered":"<p>BELLUNO di Moreno Gioli &nbsp; &nbsp; &nbsp; &nbsp; FULVIA BORTOLUZZI, CGIL &#8220;Gli straordinari sono opportunit\u00e0 non indifferenti non si pu\u00f2 ridurre a recupero di tempo&#8221; &nbsp; STEFANO CALVI, FISASCAT &#8220;Criticit\u00e0 nelle grandi industrie e strutture ospedaliere&#8221; &nbsp; &nbsp; &nbsp;<\/p>\n","protected":false},"author":4,"featured_media":202062,"comment_status":"closed","ping_status":"closed","sticky":false,"template":"","format":"standard","meta":{"_monsterinsights_skip_tracking":false,"_monsterinsights_sitenote_active":false,"_monsterinsights_sitenote_note":"","_monsterinsights_sitenote_category":0,"footnotes":""},"categories":[51,104,49],"tags":[],"class_list":["post-202061","post","type-post","status-publish","format-standard","has-post-thumbnail","hentry","category-evidenza-top","category-evidenza_3","category-news-18","category-51","category-104","category-49","description-off"],"img_url":"https:\/\/www.radiopiu.net\/wordpress\/wp-content\/uploads\/2021\/04\/la-velox-impresa-pulizie-condominiali.jpg","_links":{"self":[{"href":"https:\/\/www.radiopiu.net\/wordpress\/wp-json\/wp\/v2\/posts\/202061","targetHints":{"allow":["GET"]}}],"collection":[{"href":"https:\/\/www.radiopiu.net\/wordpress\/wp-json\/wp\/v2\/posts"}],"about":[{"href":"https:\/\/www.radiopiu.net\/wordpress\/wp-json\/wp\/v2\/types\/post"}],"author":[{"embeddable":true,"href":"https:\/\/www.radiopiu.net\/wordpress\/wp-json\/wp\/v2\/users\/4"}],"replies":[{"embeddable":true,"href":"https:\/\/www.radiopiu.net\/wordpress\/wp-json\/wp\/v2\/comments?post=202061"}],"version-history":[{"count":0,"href":"https:\/\/www.radiopiu.net\/wordpress\/wp-json\/wp\/v2\/posts\/202061\/revisions"}],"wp:featuredmedia":[{"embeddable":true,"href":"https:\/\/www.radiopiu.net\/wordpress\/wp-json\/wp\/v2\/media\/202062"}],"wp:attachment":[{"href":"https:\/\/www.radiopiu.net\/wordpress\/wp-json\/wp\/v2\/media?parent=202061"}],"wp:term":[{"taxonomy":"category","embeddable":true,"href":"https:\/\/www.radiopiu.net\/wordpress\/wp-json\/wp\/v2\/categories?post=202061"},{"taxonomy":"post_tag","embeddable":true,"href":"https:\/\/www.radiopiu.net\/wordpress\/wp-json\/wp\/v2\/tags?post=202061"}],"curies":[{"name":"wp","href":"https:\/\/api.w.org\/{rel}","templated":true}]}}