{"id":202129,"date":"2021-04-10T06:00:14","date_gmt":"2021-04-10T04:00:14","guid":{"rendered":"https:\/\/www.radiopiu.net\/wordpress\/?p=202129"},"modified":"2021-04-10T12:42:57","modified_gmt":"2021-04-10T10:42:57","slug":"giornale-radiopiu-10-aprile-2021-direttore-mirko-mezzacasa","status":"publish","type":"post","link":"https:\/\/www.radiopiu.net\/wordpress\/giornale-radiopiu-10-aprile-2021-direttore-mirko-mezzacasa\/","title":{"rendered":"GIORNALE RADIOPIU 10 APRILE 2021 DIRETTORE MIRKO MEZZACASA"},"content":{"rendered":"<h3><a href=\"https:\/\/www.radiopiu.net\/wordpress\/giornale-radiopiu-24-gennaio-2021-direttore-mirko-mezzacasa\/141433770_171616291414874_2957460898102012198_n\/\" rel=\"attachment wp-att-186566\"><img loading=\"lazy\" decoding=\"async\" class=\"wp-image-186566 alignleft\" src=\"https:\/\/www.radiopiu.net\/wordpress\/wp-content\/uploads\/2021\/01\/141433770_171616291414874_2957460898102012198_n-300x300.jpg\" alt=\"\" width=\"144\" height=\"144\" srcset=\"https:\/\/www.radiopiu.net\/wordpress\/wp-content\/uploads\/2021\/01\/141433770_171616291414874_2957460898102012198_n-300x300.jpg 300w, https:\/\/www.radiopiu.net\/wordpress\/wp-content\/uploads\/2021\/01\/141433770_171616291414874_2957460898102012198_n-150x150.jpg 150w, https:\/\/www.radiopiu.net\/wordpress\/wp-content\/uploads\/2021\/01\/141433770_171616291414874_2957460898102012198_n-768x768.jpg 768w, https:\/\/www.radiopiu.net\/wordpress\/wp-content\/uploads\/2021\/01\/141433770_171616291414874_2957460898102012198_n.jpg 800w\" sizes=\"auto, (max-width: 144px) 100vw, 144px\" \/><\/a><\/h3>\n<h3><\/h3>\n<h3><\/h3>\n<h3>PER<strong> RICEVERE QUESTO NOTIZIARIO DIRETTAMENTE SUL TUO CELLULARE ISCRIVITI AL CANALE TELEGRAM <\/strong><strong>\u201cRADIO PIU\u00a0 INFORMAZIONE&#8221;\u00a0<\/strong><\/h3>\n<h3><\/h3>\n<p>&nbsp;<\/p>\n<p>&nbsp;<\/p>\n<div dir=\"auto\">\n<hr \/>\n<\/div>\n<h2 dir=\"auto\"><a href=\"https:\/\/www.radiopiu.net\/wordpress\/giornale-radiopiu-07-aprile-2021-direttore-mirko-mezzacasa\/youtube\/\" rel=\"attachment wp-att-201738\"><img loading=\"lazy\" decoding=\"async\" class=\"wp-image-201738 alignleft\" src=\"https:\/\/www.radiopiu.net\/wordpress\/wp-content\/uploads\/2021\/04\/YOUTUBE-300x300.png\" alt=\"\" width=\"143\" height=\"143\" srcset=\"https:\/\/www.radiopiu.net\/wordpress\/wp-content\/uploads\/2021\/04\/YOUTUBE-300x300.png 300w, https:\/\/www.radiopiu.net\/wordpress\/wp-content\/uploads\/2021\/04\/YOUTUBE-1024x1024.png 1024w, https:\/\/www.radiopiu.net\/wordpress\/wp-content\/uploads\/2021\/04\/YOUTUBE-150x150.png 150w, https:\/\/www.radiopiu.net\/wordpress\/wp-content\/uploads\/2021\/04\/YOUTUBE-768x768.png 768w, https:\/\/www.radiopiu.net\/wordpress\/wp-content\/uploads\/2021\/04\/YOUTUBE.png 1200w\" sizes=\"auto, (max-width: 143px) 100vw, 143px\" \/><\/a><\/h2>\n<h2 dir=\"auto\"><\/h2>\n<h2 dir=\"auto\">RADIO PIU&#8217; ANCHE SU YOUTUBE. ISCRIVITI AL CANALE PER SEGUIRE LE DIRETTE E GUARDARE I VIDEO DI RADIO PIU&#8217;<\/h2>\n<h2 dir=\"auto\"><a href=\"https:\/\/www.youtube.com\/channel\/UC_sv6_pySrogmrRK354wWOw\">CLICCA QUI<\/a> E PREMI SUL PULSANTE &#8220;ISCRIVITI&#8221;<\/h2>\n<div dir=\"auto\"><\/div>\n<div dir=\"auto\"><\/div>\n<div dir=\"auto\"><\/div>\n<hr \/>\n<p>&nbsp;<\/p>\n<p><em><a href=\"https:\/\/www.radiopiu.net\/wordpress\/giornale-radiopiu-24-gennaio-2021-direttore-mirko-mezzacasa\/79216601_126817312416448_708980208774483089_n\/\" rel=\"attachment wp-att-186567\"><img loading=\"lazy\" decoding=\"async\" class=\"size-medium wp-image-186567 alignleft\" src=\"https:\/\/www.radiopiu.net\/wordpress\/wp-content\/uploads\/2021\/01\/79216601_126817312416448_708980208774483089_n-300x114.jpg\" alt=\"\" width=\"300\" height=\"114\" srcset=\"https:\/\/www.radiopiu.net\/wordpress\/wp-content\/uploads\/2021\/01\/79216601_126817312416448_708980208774483089_n-300x114.jpg 300w, https:\/\/www.radiopiu.net\/wordpress\/wp-content\/uploads\/2021\/01\/79216601_126817312416448_708980208774483089_n-768x292.jpg 768w, https:\/\/www.radiopiu.net\/wordpress\/wp-content\/uploads\/2021\/01\/79216601_126817312416448_708980208774483089_n.jpg 820w\" sizes=\"auto, (max-width: 300px) 100vw, 300px\" \/><\/a> <\/em><\/p>\n<p><em><span style=\"color: #ff0000;\">\u00a0<\/span><\/em><em><span style=\"color: #ff0000;\">LA NUOVA APP PER IOS-IPHONE di Nicola Vettorello <\/span><\/em><a href=\"https:\/\/apps.apple.com\/it\/app\/radio-pi%C3%B9-emittente-agordina\/id1515939845\">https:\/\/apps.apple.com\/it\/app\/radio-pi%C3%B9-emittente-agordina\/id1515939845<\/a><\/p>\n<p><em style=\"color: #ff0000;\">ATTENZIONE: LA NUOVA APP RADIO\u00a0 PER ANDROID di Nicola Vettorello<\/em><\/p>\n<p><a href=\"https:\/\/play.google.com\/store\/apps\/details?id=net.radiopiu.iniko\" target=\"_blank\" rel=\"noopener noreferrer\">https:\/\/play.google.com\/store\/apps\/details?id=net.radiopiu.iniko<\/a><\/p>\n<p>&nbsp;<\/p>\n<p>&nbsp;<\/p>\n<hr \/>\n<p>&nbsp;<\/p>\n<blockquote>\n<h1><a href=\"https:\/\/www.radiopiu.net\/wordpress\/acc-consegna-i-compressori-gesto-simbolico-dai-grandi-significati\/78ebdc32-6394-49a6-8282-40a4a229b080\/\" rel=\"attachment wp-att-197660\"><img loading=\"lazy\" decoding=\"async\" class=\"wp-image-197660 alignleft\" src=\"https:\/\/www.radiopiu.net\/wordpress\/wp-content\/uploads\/2021\/03\/78ebdc32-6394-49a6-8282-40a4a229b080-300x225.jpg\" alt=\"\" width=\"104\" height=\"78\" srcset=\"https:\/\/www.radiopiu.net\/wordpress\/wp-content\/uploads\/2021\/03\/78ebdc32-6394-49a6-8282-40a4a229b080-300x225.jpg 300w, https:\/\/www.radiopiu.net\/wordpress\/wp-content\/uploads\/2021\/03\/78ebdc32-6394-49a6-8282-40a4a229b080-1024x768.jpg 1024w, https:\/\/www.radiopiu.net\/wordpress\/wp-content\/uploads\/2021\/03\/78ebdc32-6394-49a6-8282-40a4a229b080-768x576.jpg 768w, https:\/\/www.radiopiu.net\/wordpress\/wp-content\/uploads\/2021\/03\/78ebdc32-6394-49a6-8282-40a4a229b080-1536x1152.jpg 1536w, https:\/\/www.radiopiu.net\/wordpress\/wp-content\/uploads\/2021\/03\/78ebdc32-6394-49a6-8282-40a4a229b080.jpg 2048w\" sizes=\"auto, (max-width: 104px) 100vw, 104px\" \/><\/a>CRISI ACC<\/h1>\n<\/blockquote>\n<p><strong>BORGO VALBELLUNA<\/strong> Da luned\u00ec mattina\u00a0 alle 9 presidio permanente sotto la Prefettura di Belluno a sostegno della richiesta di convocazione del tavolo Italcomp in attesa dell&#8217;esito dell&#8217;incontro tra i Governatori di Veneto e Piemonte e il Mise<\/p>\n<p>&nbsp;<\/p>\n<p>&nbsp;<\/p>\n<hr \/>\n<h2 style=\"text-align: left;\">SULLA PAGINA DI ZAIA L&#8217;OMAGGIO AL TEAM PREVENZIONE BELLUNESE<\/h2>\n<p>&#8220;<em>A questi ragazzi, che hanno messo a disposizione le proprie giornate, la propria professionalit\u00e0 e (c&#8217;\u00e8 da dirlo) una buona dose di pazienza e dedizione, un grazie di cuore a nome di tutti i bellunesi e i veneti<\/em>&#8221;<\/p>\n<p><a href=\"https:\/\/www.radiopiu.net\/wordpress\/giornale-radiopiu-10-aprile-2021-direttore-mirko-mezzacasa\/170680400_1751143431754231_6719018436802203474_n\/\" rel=\"attachment wp-att-202443\"><img loading=\"lazy\" decoding=\"async\" class=\"alignnone wp-image-202443 size-full\" src=\"https:\/\/www.radiopiu.net\/wordpress\/wp-content\/uploads\/2021\/04\/170680400_1751143431754231_6719018436802203474_n.jpg\" alt=\"\" width=\"1600\" height=\"1600\" srcset=\"https:\/\/www.radiopiu.net\/wordpress\/wp-content\/uploads\/2021\/04\/170680400_1751143431754231_6719018436802203474_n.jpg 1600w, https:\/\/www.radiopiu.net\/wordpress\/wp-content\/uploads\/2021\/04\/170680400_1751143431754231_6719018436802203474_n-300x300.jpg 300w, https:\/\/www.radiopiu.net\/wordpress\/wp-content\/uploads\/2021\/04\/170680400_1751143431754231_6719018436802203474_n-1024x1024.jpg 1024w, https:\/\/www.radiopiu.net\/wordpress\/wp-content\/uploads\/2021\/04\/170680400_1751143431754231_6719018436802203474_n-150x150.jpg 150w, https:\/\/www.radiopiu.net\/wordpress\/wp-content\/uploads\/2021\/04\/170680400_1751143431754231_6719018436802203474_n-768x768.jpg 768w, https:\/\/www.radiopiu.net\/wordpress\/wp-content\/uploads\/2021\/04\/170680400_1751143431754231_6719018436802203474_n-1536x1536.jpg 1536w\" sizes=\"auto, (max-width: 1600px) 100vw, 1600px\" \/><\/a><\/p>\n<p>&nbsp;<\/p>\n<p>&nbsp;<\/p>\n<hr \/>\n<p>&nbsp;<\/p>\n<blockquote>\n<h3>VENETO IN ARANCIONE<\/h3>\n<\/blockquote>\n<p><strong>VENEZIA<\/strong><em> Il Veneto in zona arancione. Di seguito il vademecum sulla zona arancione.<\/em><\/p>\n<h3><a href=\"https:\/\/www.radiopiu.net\/wordpress\/giornale-radiopiu-03-aprile-2021-direttore-mirko-mezzacasa\/b3f36804-16e9-4406-b10b-f7963a753f82\/\" rel=\"attachment wp-att-201000\"><img loading=\"lazy\" decoding=\"async\" class=\"aligncenter wp-image-201000 size-full\" src=\"https:\/\/www.radiopiu.net\/wordpress\/wp-content\/uploads\/2021\/04\/b3f36804-16e9-4406-b10b-f7963a753f82.jpg\" alt=\"\" width=\"1024\" height=\"616\" srcset=\"https:\/\/www.radiopiu.net\/wordpress\/wp-content\/uploads\/2021\/04\/b3f36804-16e9-4406-b10b-f7963a753f82.jpg 1024w, https:\/\/www.radiopiu.net\/wordpress\/wp-content\/uploads\/2021\/04\/b3f36804-16e9-4406-b10b-f7963a753f82-300x180.jpg 300w, https:\/\/www.radiopiu.net\/wordpress\/wp-content\/uploads\/2021\/04\/b3f36804-16e9-4406-b10b-f7963a753f82-768x462.jpg 768w\" sizes=\"auto, (max-width: 1024px) 100vw, 1024px\" \/><\/a><\/h3>\n<p>&nbsp;<\/p>\n<p><strong>PER GLI SPOSTAMENTI FUORI COMUNE (SOTTO I 5000 ABITANTI) OBBLIGO DI AUTOCERTIFICAZIONE CHE PUOI <a href=\"https:\/\/www.radiopiu.net\/wordpress\/veneto-in-rosso-il-bianco-sardegna-lontano-lo-dice-lincide-rt\/dpcm-autocertificazione-gennaio-2021\/\">SCARICARE QUI<\/a><\/strong><\/p>\n<p>&nbsp;<\/p>\n<p>&nbsp;<\/p>\n<hr \/>\n<p>&nbsp;<\/p>\n<blockquote>\n<h3>ACQUA INQUINATA A LIVINALLONGO DEL COL DI LANA e ROCCA PIETORE<\/h3>\n<\/blockquote>\n<p>&nbsp;<\/p>\n<p><strong><img loading=\"lazy\" decoding=\"async\" class=\"alignleft\" src=\"https:\/\/www.radiopiu.net\/wordpress\/wp-content\/uploads\/2018\/08\/ACQUA.jpeg\" width=\"96\" height=\"58\" \/>LIVINALLONGO-ROCCA PIETORE\u00a0<\/strong> Gestione Servizi Pubblici informa che a LIVINALLONGO DEL COL DI LANA nelle LOCALITA&#8217; SALESEI DI SOPRA, SALESEI DI SOTTO, PIAN DI SALESEI, SALESEI, SOTTOCREPA e FOPPA, ed a ROCCA PIETORE \u00a0nelle LOCALITA&#8217; VAL, DAGAI, DAVARE, LE COSTE, RONCH e SOPRACORDEVOLE l&#8217;acqua erogata dall&#8217;acquedotto non \u00e8 potabile e pu\u00f2 essere usata per scopi alimentari SOLO PREVIA bollitura. GSP ha, comunque, gi\u00e0 adottato le necessarie misure per la disinfezione dell&#8217;acqua presente nei serbatoi e nella rete idrica con l&#8217;aggiunta di cloro.<\/p>\n<p>&nbsp;<\/p>\n<hr \/>\n<p>&nbsp;<\/p>\n<p>&nbsp;<\/p>\n<blockquote>\n<h3>MOTORIZZAZIONE CIVILE, TEMPORANEA SOSPENSIONE DEI SERVIZI<\/h3>\n<\/blockquote>\n<p><strong>BELLUNO<\/strong> Vista l\u2019attuale situazione del personale della Motorizzazione di Bellun non \u00e8 possibile la ripresa dell\u2019attivit\u00e0 esterna dell\u2019Ufficio almeno fino a tutta la giornata di gioved\u00ec 15 aprile.\u00a0 Gli sportelli rimarranno pertanto chiusi al pubblico e agli operatori professionali; le sedute di esami di teoria, esami di guida e operazioni tecniche sono annullate. Lo svolgimento delle sedute operative programmate nelle giornate di venerd\u00ec 16 e sabato 17 aprile sar\u00e0 subordinato all\u2019esito degli accertamenti sanitari e a quanto sar\u00e0 deciso e comunicato dalla locale AULSS1.<\/p>\n<p>&nbsp;<\/p>\n<p>&nbsp;<\/p>\n<hr \/>\n<p>&nbsp;<\/p>\n<h3><span style=\"color: #ff99cc;\">IL 24 MAGGIO\u00a0<\/span><\/h3>\n<h3><em>104\u00b0 Giro d&#8217;Italia, 16^ tappa lunedi 24 maggio (Sacile-Cortina d&#8217;Ampezzo)<\/em><\/h3>\n<p><strong>AGORDO<span style=\"color: #ff99cc;\"> Il 24 maggio l&#8217;esercito di ciclisti &#8220;marcier\u00e0&#8221; anche ad Agordo e nell&#8217;Agordino per raggiungere Cortina. Ieri il sindaco di Agordo Roberto Chissal\u00e8 ha firmato il nulla osta (per RCS che organizza la gara in rosa) per lo svolgimento ed il transito della manifestazione sul territorio<\/span><\/strong><\/p>\n<p>&nbsp;<\/p>\n<hr \/>\n<p>&nbsp;<\/p>\n<p><strong>SP 2 VALLE DEL MIS<\/strong> Dal 25 marzo al 9 aprile (sabato e domenica compresi) senso unico alternato al km 23.460 in prossimit\u00e0 di Gosaldo<\/p>\n<p><strong>PROVINCIALE 10 DI ALANO, LOC. LE SORGENTI<\/strong> interruzione totale alla viabilit\u00e0 fino al 19 maggio, dalle 8 alle 12 e dalle 13 alle 18, esclusi sabato e domenica<\/p>\n<p>&nbsp;<\/p>\n<hr \/>\n<p>&nbsp;<\/p>\n<blockquote>\n<h3>CONTAGIO IN CADUTA, UN ULTRA OTTANTENNE SU TRE E&#8217; STATO VACCINATO<\/h3>\n<\/blockquote>\n<p>Toto riaperture, la scommessa per il ritorno alla normalit\u00e0 di bar, ristoranti, teatri e cinema: la data \u00e8 il 19 aprile, gi\u00e0 ora i numeri per il Veneto sono da zona gialla, ieri giorni di valutazioni \u00e8 arrivata come previsto la conferma per l&#8217;arancione come per il resto d&#8217;Italia eccetto le quattro regioni in rosso, Valle d&#8217;Aosta, Campania, Sardegna e Puglia. Per maggio potrebbe scomparire anche il coprifuoco. I numeri delle ultime 24 ore: \u00a032 morti (10.913), nuovi casi 993\u00a0 (393.546 dall&#8217;inizio), 1.874 ricoverati in area non critica (-53) e 310 in Terapia intensiva (-4). Incidenza dei positivi sul totale dei tamponi 2,74% (una settimana fa era intorno al 7%) attualmente positivi\u00a0 32.259 (7000 in meno in sette giorni). Si abbassa l&#8217;et\u00e0 media dei pazienti in ospedale. In arrivo i ristori per quasi mille lavoratori stagionali, fondi per impiantisti e maestri. Nelle scuole bellunesi gi\u00e0 tre casi di positivit\u00e0.<\/p>\n<blockquote>\n<h2>IL CONTAGIO NELL&#8217;AGORDINO, I SINDACI INFORMANO<\/h2>\n<p>Le due prime notizie arrivano da <strong>Rivamonte e San Tomaso,<\/strong> Nino Deon comunica i zero casi di positivit\u00e0, ma il Comune non \u00e8 ancora covid free contando una persona in quarantena. Moreno De Val ricorda invece le zero persone in isolamento e un unico positivo. Decisamente migliorata la situazione in territorio Fodom, Leandro Grones sindaco di <strong>Livinallongo<\/strong> <em>&#8220;in una settimana i casi di positivit\u00e0 sono passati da 16 a 7 (-9) a da 26 a 8 (-18) le persone in quarantena.La curva dei contagi \u00e8 quindi in costante calo, ma dobbiamo comunque rispettare i comportamenti che ormai conosciamo bene; indossiamo la mascherina, igienizziamo frequentemente le mani, manteniamo il distanziamento interpersonale evitando gli incontri non strettamente necessari, prestiamo particolare attenzione con le persone anziane o con patologie&#8221;.\u00a0<\/em><strong>Agordo<\/strong>: 13 positivi, 18 quarantena, <strong>Alleghe<\/strong> 24-24, <strong>Gosaldo<\/strong> 1-1, <strong>Canale d&#8217;Agordo<\/strong> 3-3, <strong>Selva di Cadore<\/strong> 4-4, <strong>Colle Santa Lucia<\/strong> 6-8 <strong>Falcade<\/strong> 10-11<strong> Taibon<\/strong> 14-14<strong> Rocca Pietore<\/strong> 9-4<\/p><\/blockquote>\n<p>&nbsp;<\/p>\n<blockquote>\n<h3>NELL&#8217;ULTIMA GIORNATA UN DECESSO COVID IN ULSS 1 DOLOMITI, 32 LE NUOVE POSITIVITA&#8217;<\/h3>\n<\/blockquote>\n<p><strong>BELLUNO <\/strong>Nelle ultime\u00a0 24 ore\u00a0 \u00e8 deceduta una donna covid positiva di anni 84 ricoverata\u00a0 a Belluno. Nell&#8217;ultima giornata si sono registrate 32 nuove positivit\u00e0, sono 980 gli attualmente positivi in provincia.<\/p>\n<p><strong>Ricoveri <\/strong><\/p>\n<p><em>(dato alle ore 17.00 fonte: Azienda Zero)<\/em><\/p>\n<p>Le persone attualmente POSITIVE ricoverate negli ospedali dell\u2019Ulss Dolomiti sono:<\/p>\n<table>\n<tbody>\n<tr>\n<td width=\"217\"><strong>\u00a0<\/strong><\/td>\n<td width=\"217\"><strong>Area NON CRITICA<\/strong><\/td>\n<td width=\"217\"><strong>Terapia Intensiva<\/strong><\/td>\n<\/tr>\n<tr>\n<td width=\"217\"><strong>Ospedale di Belluno <\/strong><\/td>\n<td width=\"217\">34<\/td>\n<td width=\"217\">8<\/td>\n<\/tr>\n<tr>\n<td width=\"217\"><strong>Ospedale di Feltre<\/strong><\/td>\n<td width=\"217\">20<\/td>\n<td width=\"217\">5<\/td>\n<\/tr>\n<\/tbody>\n<\/table>\n<p>&nbsp;<\/p>\n<p>Le persone attualmente POSITIVE ricoverate in Ospedale di Comunit\u00e0 sono:<\/p>\n<table>\n<tbody>\n<tr>\n<td width=\"326\"><strong>\u00a0<\/strong><\/td>\n<td width=\"326\"><strong>pazienti attualmente positivi<\/strong><\/td>\n<\/tr>\n<tr>\n<td width=\"326\"><strong>Ospedale di Comunit\u00e0 di BELLUNO<\/strong><\/td>\n<td width=\"326\">15<\/td>\n<\/tr>\n<tr>\n<td width=\"326\"><strong>Ospedale di Comunit\u00e0 di FELTRE<\/strong><\/td>\n<td width=\"326\">12<\/td>\n<\/tr>\n<\/tbody>\n<\/table>\n<p>&nbsp;<\/p>\n<p>&nbsp;<\/p>\n<hr \/>\n<p>&nbsp;<\/p>\n<blockquote>\n<h2>IN CARCERE PERCHE&#8217; RITENUTO RESPONSABILE DEL REATO DI SPACCIO, ALTRI SETTE INDAGATI<\/h2>\n<\/blockquote>\n<p align=\"JUSTIFY\"><strong><a href=\"https:\/\/www.radiopiu.net\/wordpress\/in-carcere-perche-ritenuto-responsabile-del-reato-di-spaccio-altri-sette-indagati\/bar-1\/\" rel=\"attachment wp-att-202226\"><img loading=\"lazy\" decoding=\"async\" class=\"size-medium wp-image-202226 alignleft\" src=\"https:\/\/www.radiopiu.net\/wordpress\/wp-content\/uploads\/2021\/04\/BAR-1-300x200.jpg\" alt=\"\" width=\"300\" height=\"200\" srcset=\"https:\/\/www.radiopiu.net\/wordpress\/wp-content\/uploads\/2021\/04\/BAR-1-300x200.jpg 300w, https:\/\/www.radiopiu.net\/wordpress\/wp-content\/uploads\/2021\/04\/BAR-1-1024x683.jpg 1024w, https:\/\/www.radiopiu.net\/wordpress\/wp-content\/uploads\/2021\/04\/BAR-1-768x512.jpg 768w, https:\/\/www.radiopiu.net\/wordpress\/wp-content\/uploads\/2021\/04\/BAR-1-1536x1024.jpg 1536w, https:\/\/www.radiopiu.net\/wordpress\/wp-content\/uploads\/2021\/04\/BAR-1-2048x1365.jpg 2048w\" sizes=\"auto, (max-width: 300px) 100vw, 300px\" \/><\/a>BELLUNO<\/strong> Roberto Dal Borgo gestore del Bar Sport \u00e8 stato arrestato, g<span style=\"font-family: Times New Roman, serif;\"><span style=\"font-size: medium;\">li uomini della Questura di Belluno hanno eseguito l\u2019ordinanza cautelare di custodia in carcere a Baldenich, emessa dal GIP presso il Tribunale di Belluno su richiesta della <\/span><\/span><span style=\"font-family: Times New Roman, serif;\"><span style=\"font-size: medium;\">Procura della Repubblica<\/span><\/span><span style=\"font-family: Times New Roman, serif;\"><span style=\"font-size: medium;\">. <\/span><\/span><span style=\"font-size: medium; font-family: 'Times New Roman', serif;\">Dal Borgo \u00e8 ritenuto responsabile, in concorso con altri 7 indagati, dei reati di spaccio di cocaina, violazione di domicilio, lesioni personali aggravate e calunnia. <\/span><span style=\"font-family: Times New Roman, serif;\"><span style=\"font-size: medium;\">L\u2019indagine, condotta dalla Squadra Mobile con il coordinamento della Procura e iniziata nell\u2019estate del 2020, ha permesso di delineare come l\u2019indagato, da diversi anni, in maniera professionale ed organizzata, avesse creato presso l\u2019esercizio commerciale da lui gestito, un punto di riferimento per l\u2019acquisto di cocaina al dettaglio per consumatori provenienti dall\u2019intera Provincia. <\/span><\/span><span style=\"font-size: medium; font-family: 'Times New Roman', serif;\">L\u2019indagine \u00e8 iniziata acquisendo informazioni su quali potessero essere i canali di rifornimento di Dal Borgo dato che il numero di clienti che riusciva a soddisfare giornalmente, facevano presumere notevoli quantitativi smerciati. <\/span><span style=\"font-family: Times New Roman, serif;\"><span style=\"font-size: medium;\">Da subito individuato un soggetto di origine sudamericana, Jimenez Juan Manuel, 36 anni, proveniente da Montevarchi (AR). Venivano riscostruiti gli spostamenti dell\u2019uomo sul territorio nazionale, scoprendo che, nonostante lui non avesse alcun tipo di legami lavorativi o affettivi in Provincia di Belluno, in diverse occasioni dall\u2019inizio dell\u2019estate 2020 si era recato fino a Sois permanendovi per poco tempo e ripartendo subito verso la Toscana. L\u2019attento monitoraggio dell\u2019uomo ha permesso di riscontrare effettivamente che si trattava di un corriere di cocaina, dato che 28 settembre viene arrestato con al seguito 289g di cocaina, nascosta all\u2019interno di un seggiolino da auto per bambini, con ogni probabilit\u00e0 destinata al bar di Sois. <\/span><\/span><span style=\"font-size: medium; font-family: 'Times New Roman', serif;\">Accertato questo primo canale di rifornimento, gli sforzi degli uomini della \u201cSezione Antidroga\u201d della Mobile si sono concentrati su Celislami Gentian, albanese residente a Belluno di 43 anni, altro soggetto che le investigazioni avevano delineato come approvvigionatore e custode dello stupefacente per conto di Dal Borgo. <\/span><span style=\"font-family: Times New Roman, serif;\"><span style=\"font-size: medium;\">Anche in questo caso, le ipotesi investigative si sono rivelate corrette, in quanto a seguito di mirato controllo di polizia su strada prima e di una perquisizione domiciliare poi, Celislami \u00e8 stato arrestato il 3 febbraio scorso perch\u00e9 trovato con al seguito complessivamente 660g di cocaina, tra dosi gi\u00e0 confezionate per la vendita al dettaglio e un mattoncino ancora da frazionare. <\/span><\/span><span style=\"font-family: Times New Roman, serif;\"><span style=\"font-size: medium;\">Da ultimo, scoperto un nuovo canale sempre proveniente da Belluno, la Squadra Mobile ha effettuato un ultimo arresto sul terzo fornitore il 25 febbraio scorso, trovandolo <a href=\"https:\/\/www.radiopiu.net\/wordpress\/in-carcere-perche-ritenuto-responsabile-del-reato-di-spaccio-altri-sette-indagati\/droga-1\/\" rel=\"attachment wp-att-202225\"><img loading=\"lazy\" decoding=\"async\" class=\"size-medium wp-image-202225 alignright\" src=\"https:\/\/www.radiopiu.net\/wordpress\/wp-content\/uploads\/2021\/04\/Droga-1-300x191.jpg\" alt=\"\" width=\"300\" height=\"191\" srcset=\"https:\/\/www.radiopiu.net\/wordpress\/wp-content\/uploads\/2021\/04\/Droga-1-300x191.jpg 300w, https:\/\/www.radiopiu.net\/wordpress\/wp-content\/uploads\/2021\/04\/Droga-1-1024x651.jpg 1024w, https:\/\/www.radiopiu.net\/wordpress\/wp-content\/uploads\/2021\/04\/Droga-1-768x488.jpg 768w, https:\/\/www.radiopiu.net\/wordpress\/wp-content\/uploads\/2021\/04\/Droga-1-1536x976.jpg 1536w, https:\/\/www.radiopiu.net\/wordpress\/wp-content\/uploads\/2021\/04\/Droga-1-2048x1301.jpg 2048w\" sizes=\"auto, (max-width: 300px) 100vw, 300px\" \/><\/a>poco lontano dal \u201cBar Sport\u201d con 108g di cocaina.\u00a0 Gli <\/span><\/span><span style=\"font-size: medium; font-family: 'Times New Roman', serif;\">\u00a0inquirenti hanno ricostruito il flusso di cocaina in entrata ed uscita dal \u201cBar Sport\u201d ed il conseguente volume d\u2019affari, tenuto conto che una dose di cocaina da circa un grammo veniva venduta dai 70 ai 100\u20ac cadauna, corrispondente per difetto a 200\/300 mila euro annui. <\/span><span style=\"font-family: Times New Roman, serif;\"><span style=\"font-size: medium;\">Oltre a ci\u00f2 \u00e8 stato ricostruito anche un episodio di calunnia che il Dal Borgo aveva architettato contro un testimone, nel sospetto che potessero esserci indagini a suo carico: il 23 dicembre scorso infatti Roberto contattava il 113, asserendo che tale soggetto aveva posizionato 5 dosi di cocaina da 1 grammo all\u2019interno del suo bar con il fine di metterlo nei guai con la Polizia. La droga veniva effettivamente rinvenuta e sequestrata dalla Volante intervenuta, ma le indagini esperite hanno saputo chiarire come il teste fosse estraneo a tale episodio, orchestrato appositamente da Dal Borgo con palesi fini di inquinamento probatorio. <\/span><\/span><span style=\"font-family: Times New Roman, serif;\"><span style=\"font-size: medium;\">Tali importanti risultanze hanno determinato la Procura della Repubblica di Belluno a richiedere una misura cautelare restrittiva a carico di Roberto Dal Borgo, che \u00e8 stata accolta ed emessa dal GIP. Nella mattinata di ieri infatti gli uomini della Squadra Mobile con l\u2019ausilio anche del personale degli altri Uffici della Questura, DIGOS, Volanti, Polizia Amministrativa, Ufficio di Gabinetto e Ufficio Tecnico Logistico, hanno dato esecuzione al provvedimento restrittivo a carico dell\u2019indagato principale e ad altre 7 perquisizioni in vari aree della Provincia, presso le dimore di tutti gli stretti collaboratori ed i maggiori acquirenti di Dal Borgo.<\/span><\/span><\/p>\n<blockquote>\n<p align=\"JUSTIFY\"><em><span style=\"font-family: Times New Roman, serif;\"><span style=\"font-size: medium;\">Dal Borgo\u00a0 \u00e8 stato anche arrestato in flagranza di reato per detenzione a fini di spaccio e<\/span><\/span><span style=\"font-family: Times New Roman, serif;\"><span style=\"font-size: medium;\"> al termine delle operazioni di perquisizione il \u201cBar Sport\u201d \u00e8 stato sottoposto a chiusura per 15 giorni con un provvedimento del Questore di Belluno\u00a0 in quanto, al di l\u00e0 delle indagini giudiziarie, l\u2019esercizio commerciale rappresentava da tempo un punto di riferimento per il ritrovo di pregiudicati, un luogo in cui in pi\u00f9 occasioni si sono consumate liti tra gli avventori, e da dove con ogni probabilit\u00e0 hanno preso il via diverse azioni delittuose.<\/span><\/span><\/em><\/p>\n<\/blockquote>\n<p align=\"JUSTIFY\"><span style=\"font-family: Times New Roman, serif;\"><span style=\"font-size: medium;\"> <a href=\"https:\/\/www.radiopiu.net\/wordpress\/in-carcere-perche-ritenuto-responsabile-del-reato-di-spaccio-altri-sette-indagati\/droga-1\/\" rel=\"attachment wp-att-202225\"><img loading=\"lazy\" decoding=\"async\" class=\"size-medium wp-image-202225 alignleft\" src=\"https:\/\/www.radiopiu.net\/wordpress\/wp-content\/uploads\/2021\/04\/Droga-1-300x191.jpg\" alt=\"\" width=\"300\" height=\"191\" srcset=\"https:\/\/www.radiopiu.net\/wordpress\/wp-content\/uploads\/2021\/04\/Droga-1-300x191.jpg 300w, https:\/\/www.radiopiu.net\/wordpress\/wp-content\/uploads\/2021\/04\/Droga-1-1024x651.jpg 1024w, https:\/\/www.radiopiu.net\/wordpress\/wp-content\/uploads\/2021\/04\/Droga-1-768x488.jpg 768w, https:\/\/www.radiopiu.net\/wordpress\/wp-content\/uploads\/2021\/04\/Droga-1-1536x976.jpg 1536w, https:\/\/www.radiopiu.net\/wordpress\/wp-content\/uploads\/2021\/04\/Droga-1-2048x1301.jpg 2048w\" sizes=\"auto, (max-width: 300px) 100vw, 300px\" \/><\/a>Anche Jimnez \u00e8 stato nuovamente perquisito dai poliziotti del Commissariato di PS \u201cMontevarchi\u201d. Ad un coindagato \u00e8 stata sequestrata un importante somma di contante nascosta dentro un materasso, mentre un altro perquisendo non indagato, \u00e8 stato deferito in stato di libert\u00e0 per la detenzione di 40g di hashish e un barattolo di funghi allucinogeni. <\/span><\/span><span style=\"font-family: Times New Roman, serif;\"><span style=\"font-size: medium;\">Dato che l\u2019attivit\u00e0 investigativa faceva presupporre che, nonostante il taglio dei 3 canali di rifornimento, Dal Borgo si fosse nuovamente provvisto abbondantemente di cocaina, gli agenti della Mobile, con un diversivo, sono riusciti a penetrare nel locale prima che l\u2019indagato si sbarazzasse del narcotico. <\/span><\/span><span style=\"font-family: Times New Roman, serif;\"><span style=\"font-size: medium;\">Nonostante tale accorgimento, il Dal Borgo, insospettito dalla circostanza, si chiudeva a chiave dall\u2019interno dentro l\u2019ufficio del bar. I poliziotti sono stati pertanto costretti ad abbattere la porta per scovare l\u2019uomo, azione che si \u00e8 dimostrata opportuna dato che lo stesso \u00e8 stato sorpreso mentre cercava di incendiare<\/span><\/span><span style=\"font-family: Times New Roman, serif;\"><span style=\"font-size: medium;\"> pezzi di stupefacente rivelatisi poi complessivamente 592g di cocaina e 297g di hashish. Per questo ulteriore ingente sequestro.<\/span><\/span><\/p>\n<hr \/>\n<p>&nbsp;<\/p>\n<p>&nbsp;<\/p>\n<p>&nbsp;<\/p>\n<blockquote>\n<h2>DON GIUSEPPE RIPOSA IN PACE<\/h2>\n<\/blockquote>\n<p><strong><a href=\"https:\/\/www.radiopiu.net\/wordpress\/don-giuseppe-bortolas-gia-parrocco-di-cencenighe-e-san-tomaso-colpito-da-malore\/don-bortolas\/\" rel=\"attachment wp-att-202071\"><img loading=\"lazy\" decoding=\"async\" class=\"size-medium wp-image-202071 alignleft\" src=\"https:\/\/www.radiopiu.net\/wordpress\/wp-content\/uploads\/2021\/04\/DON-Bortolas-251x300.jpg\" alt=\"\" width=\"251\" height=\"300\" srcset=\"https:\/\/www.radiopiu.net\/wordpress\/wp-content\/uploads\/2021\/04\/DON-Bortolas-251x300.jpg 251w, https:\/\/www.radiopiu.net\/wordpress\/wp-content\/uploads\/2021\/04\/DON-Bortolas-768x919.jpg 768w, https:\/\/www.radiopiu.net\/wordpress\/wp-content\/uploads\/2021\/04\/DON-Bortolas.jpg 839w\" sizes=\"auto, (max-width: 251px) 100vw, 251px\" \/><\/a>BELLUNO <\/strong>Alle ore 8.53 di ieri, don Giuseppe Bortolas ci ha lasciati. Era stato ritrovato incosciente dal Vescovo nella serata di mercoled\u00ec scorso; era stato ricoverato a Pieve di Cadore e poi a Belluno. Era nato a Cesiomaggiore il giorno 11 settembre 1953, figlio di Bruno e Susanna Paniz. Dopo gli anni di formazione nei seminari diocesani, era stato ordinato prete nella chiesa della sua parrocchia il 28 giugno 1980. Visse la sua prima esperienza di ministero come vicario parrocchiale nella parrocchia di Pedavena, dal 1980 al 1985; poi a Cesiomaggiore dal 1985 al 1986. Fu parroco di Pez dal 1986 al 1989, periodo nel quale fu anche consulente ecclesiastico del Centro Sportivo Italiano di Feltre (1987-1989). Dal 1989 al 1993 collabor\u00f2 nella parrocchia di Boscariz a Feltre e poi nelle parrocchie di Zermen e Zorzoi. Nel 2006 divenne parroco in solido insieme a don Francesco Cassol nelle parrocchie di Longarone, Igne e Ospitale. Dal 2011 al 2014 fu parroco di Cencenighe e San Tomaso. Fu poi cooperatore ad Auronzo e Costalta (2014-2017). Per due anni (2017-2019) oper\u00f2 nella parrocchia di Visome. Dal 2019 era parroco di Venas, Cibiana e Valle di Cadore. Uomo molto pratico, solo apparentemente burbero, ha certamente saputo farsi ben volere e apprezzare laddove \u00e8 stato. Lascia un vuoto nel presbiterio e nelle sue parrocchie, a cui la diocesi si stringe in un abbraccio di solidariet\u00e0. Giunga anche alle sorelle il cordoglio di tutta la comunit\u00e0.<\/p>\n<div class=\"entry-content-post\">\n<p>Appena possibile, si dar\u00e0 notizia dei funerali<\/p>\n<\/div>\n<p><em><strong>(fonte e foto da <a href=\"http:\/\/www.chiesabellunofeltre.it\/\">www.chiesabellunofeltre.it<\/a>)<\/strong><\/em><\/p>\n<p>&nbsp;<\/p>\n<blockquote><p><strong><em><a href=\"https:\/\/www.radiopiu.net\/wordpress\/don-giuseppe-bortolas-gia-parrocco-di-cencenighe-e-san-tomaso-colpito-da-malore\/pp-55\/\" rel=\"attachment wp-att-202090\"><img loading=\"lazy\" decoding=\"async\" class=\"wp-image-202090 alignright\" src=\"https:\/\/www.radiopiu.net\/wordpress\/wp-content\/uploads\/2021\/04\/pp-2-300x300.jpg\" alt=\"\" width=\"103\" height=\"103\" srcset=\"https:\/\/www.radiopiu.net\/wordpress\/wp-content\/uploads\/2021\/04\/pp-2-300x300.jpg 300w, https:\/\/www.radiopiu.net\/wordpress\/wp-content\/uploads\/2021\/04\/pp-2-150x150.jpg 150w, https:\/\/www.radiopiu.net\/wordpress\/wp-content\/uploads\/2021\/04\/pp-2.jpg 333w\" sizes=\"auto, (max-width: 103px) 100vw, 103px\" \/><\/a><\/em>DON FABIANO DEL FAVERO, PARROCO DELLE PARROCCHIE DEL POI (COMUNI\u00a0 DI RIVAMONTE, VOLTAGO, GOSALDO)<\/strong><\/p><\/blockquote>\n<audio class=\"wp-audio-shortcode\" id=\"audio-202129-1\" preload=\"none\" style=\"width: 100%;\" controls=\"controls\"><source type=\"audio\/mpeg\" src=\"https:\/\/www.radiopiu.net\/wordpress\/wp-content\/uploads\/2021\/04\/GR-930.mp3?_=1\" \/><a href=\"https:\/\/www.radiopiu.net\/wordpress\/wp-content\/uploads\/2021\/04\/GR-930.mp3\">https:\/\/www.radiopiu.net\/wordpress\/wp-content\/uploads\/2021\/04\/GR-930.mp3<\/a><\/audio>\n<h3><a href=\"https:\/\/www.radiopiu.net\/wordpress\/don-giuseppe-bortolas\/pp-57\/\" rel=\"attachment wp-att-202206\"><img loading=\"lazy\" decoding=\"async\" class=\"wp-image-202206 alignleft\" src=\"https:\/\/www.radiopiu.net\/wordpress\/wp-content\/uploads\/2021\/04\/pp-4-300x300.jpg\" alt=\"\" width=\"137\" height=\"137\" srcset=\"https:\/\/www.radiopiu.net\/wordpress\/wp-content\/uploads\/2021\/04\/pp-4-300x300.jpg 300w, https:\/\/www.radiopiu.net\/wordpress\/wp-content\/uploads\/2021\/04\/pp-4-150x150.jpg 150w, https:\/\/www.radiopiu.net\/wordpress\/wp-content\/uploads\/2021\/04\/pp-4.jpg 640w\" sizes=\"auto, (max-width: 137px) 100vw, 137px\" \/><\/a><\/h3>\n<h3><\/h3>\n<h3><\/h3>\n<h3>IL RICORDO DI MONSIGNOR GIORGIO LISE, GIA&#8217; ARCIDIACONO DI AGORDO<\/h3>\n<audio class=\"wp-audio-shortcode\" id=\"audio-202129-2\" preload=\"none\" style=\"width: 100%;\" controls=\"controls\"><source type=\"audio\/mpeg\" src=\"https:\/\/www.radiopiu.net\/wordpress\/wp-content\/uploads\/2021\/04\/don-giorgio-2.mp3?_=2\" \/><a href=\"https:\/\/www.radiopiu.net\/wordpress\/wp-content\/uploads\/2021\/04\/don-giorgio-2.mp3\">https:\/\/www.radiopiu.net\/wordpress\/wp-content\/uploads\/2021\/04\/don-giorgio-2.mp3<\/a><\/audio>\n<p>&nbsp;<\/p>\n<p>&nbsp;<\/p>\n<hr \/>\n<p>&nbsp;<\/p>\n<blockquote>\n<h3><a href=\"https:\/\/www.radiopiu.net\/wordpress\/mercatino-e-mercatino-delle-pulci-per-i-vostri-annunci-radiopiuradiopiu-it\/gdf-2\/\" rel=\"attachment wp-att-149906\"><img loading=\"lazy\" decoding=\"async\" class=\"wp-image-149906 alignleft\" src=\"https:\/\/www.radiopiu.net\/wordpress\/wp-content\/uploads\/2020\/07\/gdf-227x300.jpg\" alt=\"\" width=\"100\" height=\"132\" srcset=\"https:\/\/www.radiopiu.net\/wordpress\/wp-content\/uploads\/2020\/07\/gdf-227x300.jpg 227w, https:\/\/www.radiopiu.net\/wordpress\/wp-content\/uploads\/2020\/07\/gdf-775x1024.jpg 775w, https:\/\/www.radiopiu.net\/wordpress\/wp-content\/uploads\/2020\/07\/gdf-768x1015.jpg 768w, https:\/\/www.radiopiu.net\/wordpress\/wp-content\/uploads\/2020\/07\/gdf-1162x1536.jpg 1162w, https:\/\/www.radiopiu.net\/wordpress\/wp-content\/uploads\/2020\/07\/gdf-1550x2048.jpg 1550w, https:\/\/www.radiopiu.net\/wordpress\/wp-content\/uploads\/2020\/07\/gdf-scaled.jpg 1937w\" sizes=\"auto, (max-width: 100px) 100vw, 100px\" \/><\/a>LA FINANZA HA CHIUSO L&#8217;ACERO ROSSO<\/h3>\n<\/blockquote>\n<p><strong>VODO DI CADORE<\/strong> La Guardia di finanza ha messo i &#8220;sigilli&#8221; al ristorante Acero Rosso che luned\u00ec scorso aveva annunciato la propria riapertura al pubblico con il post su Facebook intitolato \u00abIo apro, diritto al lavoro\u00bb. Conseguenza dell&#8217;iniziativa: chiusura per i prossimi cinque giorni e\u00a0 sanzione amministrativa di 400 euro, questo l&#8217;importo per la prima infrazione. Ieri il\u00a0 ristorante non stava svolgendo la funzione di mensa per i dipendenti.<\/p>\n<p>&nbsp;<\/p>\n<hr \/>\n<p>&nbsp;<\/p>\n<p>&nbsp;<\/p>\n<blockquote>\n<h3>ANZIANO IN OSPEDALE PER UNA CADUTA<\/h3>\n<\/blockquote>\n<p><strong>BELLUNO<\/strong> \u00a0Un anziano ieri mattina stava\u00a0 salendo dal parco Maraga verso via Feltre, \u00e8 caduto di schiena e ha battuto la testa, riportando un forte trauma cranico. \u00c8 stato un passante ad allertare i soccorsi e a far intervenire. L&#8217;uomo \u00e8 stato portato al Pronto soccorso per gli\u00a0 accertamenti.<\/p>\n<p>&nbsp;<\/p>\n<hr \/>\n<p>&nbsp;<\/p>\n<blockquote>\n<h3><a href=\"https:\/\/www.radiopiu.net\/wordpress\/giornale-radiopiu-09-aprile-2021-direttore-mirko-mezzacasa\/170526139_1562865663909028_1301832834466712105_n\/\" rel=\"attachment wp-att-202147\"><img loading=\"lazy\" decoding=\"async\" class=\"wp-image-202147 alignleft\" src=\"https:\/\/www.radiopiu.net\/wordpress\/wp-content\/uploads\/2021\/04\/170526139_1562865663909028_1301832834466712105_n-233x300.jpg\" alt=\"\" width=\"123\" height=\"158\" srcset=\"https:\/\/www.radiopiu.net\/wordpress\/wp-content\/uploads\/2021\/04\/170526139_1562865663909028_1301832834466712105_n-233x300.jpg 233w, https:\/\/www.radiopiu.net\/wordpress\/wp-content\/uploads\/2021\/04\/170526139_1562865663909028_1301832834466712105_n.jpg 526w\" sizes=\"auto, (max-width: 123px) 100vw, 123px\" \/><\/a>IL SALUTO DI UNA COMUNITA&#8217; E DELLA FAMIGLIA DEL SOCCORSO ALPINO A FERRUCCIO<\/h3>\n<\/blockquote>\n<p><strong>DOMEGGE<\/strong> Don Simone Ballis, questa mattina alle 10 nella chiesa parrocchiale celebrer\u00e0 i funerali di Ferruccio Svaluto Moreolo. Le testimonianze d&#8217;affetto e vicinanza si susseguono senza un attimo di pausa.\u00a0 Ai funerali parteciperanno tutte le organizzazioni che operano quotidianamente in montagna, le stesse per le quali Ferruccio ha speso una vita. Alex Barattin capo delegazione Cnsas <em>&#8220;Porteremo Ferruccio sempre con noi come abbiamo fatto in passato con i tanti amici che ci hanno lasciato troppo presto<\/em><\/p>\n<p>&nbsp;<\/p>\n<hr \/>\n<p>&nbsp;<\/p>\n<p><strong><a href=\"https:\/\/www.radiopiu.net\/wordpress\/incendio-boschivo-a-pozzale-di-pieve-di-cadore\/171003915_10158112471057544_1607283916039538483_n\/\" rel=\"attachment wp-att-202340\"><img loading=\"lazy\" decoding=\"async\" class=\" wp-image-202340 alignleft\" src=\"https:\/\/www.radiopiu.net\/wordpress\/wp-content\/uploads\/2021\/04\/171003915_10158112471057544_1607283916039538483_n-300x249.jpg\" alt=\"\" width=\"90\" height=\"75\" srcset=\"https:\/\/www.radiopiu.net\/wordpress\/wp-content\/uploads\/2021\/04\/171003915_10158112471057544_1607283916039538483_n-300x249.jpg 300w, https:\/\/www.radiopiu.net\/wordpress\/wp-content\/uploads\/2021\/04\/171003915_10158112471057544_1607283916039538483_n-1024x848.jpg 1024w, https:\/\/www.radiopiu.net\/wordpress\/wp-content\/uploads\/2021\/04\/171003915_10158112471057544_1607283916039538483_n-768x636.jpg 768w, https:\/\/www.radiopiu.net\/wordpress\/wp-content\/uploads\/2021\/04\/171003915_10158112471057544_1607283916039538483_n.jpg 1440w\" sizes=\"auto, (max-width: 90px) 100vw, 90px\" \/><\/a>PIEVE DI CADORE <\/strong>Incendio boschivo a Pozzale, in Comune di Pieve di Cadore. D ieri sul posto le squadre AIB forestali della Regione Veneto e il gruppo di Protezione Civile Antelao. In arrivo anche l&#8217;elicottero regionale dedicato. Sotto il coordinamento del DOS (direttore operazioni spegnimento) della Regione Veneto stanno operando forestali regionali e volontari della Protezione Civile Antelao. Presenti a supporto anche i Vigili del Fuoco. L&#8217;elicottero regionale ha gi\u00e0 effettuato una decina di lanci con vasca predisposta in via Col Contras a Pozzale. Visto l&#8217;estensione del fronte e il forte vento, attivato anche un Canadair della Protezione Civile nazionale<\/p>\n<p>AGGIORNAMENTI IN TEMPO REALE, VIDEO E FOTO -ASSESSORATO PROTEZIONE CIVILE REGIONALE, GIANPAOLO BOTTACIN<\/p>\n<blockquote class=\"wp-embedded-content\" data-secret=\"IEwEx5G2UK\"><p><a href=\"https:\/\/www.radiopiu.net\/wordpress\/incendio-boschivo-a-pozzale-di-pieve-di-cadore\/\">INCENDIO BOSCHIVO A POZZALE DI PIEVE DI CADORE<\/a><\/p><\/blockquote>\n<p><iframe loading=\"lazy\" class=\"wp-embedded-content\" sandbox=\"allow-scripts\" security=\"restricted\" style=\"position: absolute; clip: rect(1px, 1px, 1px, 1px);\" title=\"&#8220;INCENDIO BOSCHIVO A POZZALE DI PIEVE DI CADORE&#8221; &#8212; Radio Pi\u00f9\" src=\"https:\/\/www.radiopiu.net\/wordpress\/incendio-boschivo-a-pozzale-di-pieve-di-cadore\/embed\/#?secret=IEwEx5G2UK\" data-secret=\"IEwEx5G2UK\" width=\"600\" height=\"338\" frameborder=\"0\" marginwidth=\"0\" marginheight=\"0\" scrolling=\"no\"><\/iframe><\/p>\n<p>&nbsp;<\/p>\n<hr \/>\n<p>&nbsp;<\/p>\n<blockquote>\n<h3>INIZIANO LUNEDI&#8217; I LAVORI SULLA SP3 DI RIVAMONTE<\/h3>\n<\/blockquote>\n<p><strong><a href=\"https:\/\/www.radiopiu.net\/wordpress\/iniziano-lunedi-i-lavori-sulla-sp3-di-rivamonte\/poco-oltre-il-secondo-tornante-salendo-da-agordo-rivamonte-2-2\/\" rel=\"attachment wp-att-202431\"><img loading=\"lazy\" decoding=\"async\" class=\"size-medium wp-image-202431 alignleft\" src=\"https:\/\/www.radiopiu.net\/wordpress\/wp-content\/uploads\/2021\/04\/Poco-oltre-il-secondo-tornante-salendo-da-Agordo-Rivamonte-2-300x169.jpg\" alt=\"\" width=\"300\" height=\"169\" srcset=\"https:\/\/www.radiopiu.net\/wordpress\/wp-content\/uploads\/2021\/04\/Poco-oltre-il-secondo-tornante-salendo-da-Agordo-Rivamonte-2-300x169.jpg 300w, https:\/\/www.radiopiu.net\/wordpress\/wp-content\/uploads\/2021\/04\/Poco-oltre-il-secondo-tornante-salendo-da-Agordo-Rivamonte-2-1024x577.jpg 1024w, https:\/\/www.radiopiu.net\/wordpress\/wp-content\/uploads\/2021\/04\/Poco-oltre-il-secondo-tornante-salendo-da-Agordo-Rivamonte-2-768x433.jpg 768w, https:\/\/www.radiopiu.net\/wordpress\/wp-content\/uploads\/2021\/04\/Poco-oltre-il-secondo-tornante-salendo-da-Agordo-Rivamonte-2-1536x866.jpg 1536w, https:\/\/www.radiopiu.net\/wordpress\/wp-content\/uploads\/2021\/04\/Poco-oltre-il-secondo-tornante-salendo-da-Agordo-Rivamonte-2.jpg 2048w\" sizes=\"auto, (max-width: 300px) 100vw, 300px\" \/><\/a>RIVAMONTE<\/strong><\/p>\n<p>di Gianni Santomaso<\/p>\n<audio class=\"wp-audio-shortcode\" id=\"audio-202129-3\" preload=\"none\" style=\"width: 100%;\" controls=\"controls\"><source type=\"audio\/mpeg\" src=\"https:\/\/www.radiopiu.net\/wordpress\/wp-content\/uploads\/2021\/04\/GIANNI-INIZIO-LAVORI-SP3.mp3?_=3\" \/><a href=\"https:\/\/www.radiopiu.net\/wordpress\/wp-content\/uploads\/2021\/04\/GIANNI-INIZIO-LAVORI-SP3.mp3\">https:\/\/www.radiopiu.net\/wordpress\/wp-content\/uploads\/2021\/04\/GIANNI-INIZIO-LAVORI-SP3.mp3<\/a><\/audio>\n<p>&nbsp;<\/p>\n<hr \/>\n<p>&nbsp;<\/p>\n<blockquote>\n<h2>DAVANTI ALLA PREFETTURA LA PROTESTA DEI LAVORATORI ESCLUSI DAL DECRETO SOSTEGNI<\/h2>\n<\/blockquote>\n<blockquote><p><em><strong><img loading=\"lazy\" decoding=\"async\" class=\"alignleft\" src=\"https:\/\/www.radiopiu.net\/wordpress\/wp-content\/uploads\/2019\/09\/belluno-prefe-4.jpg\" width=\"212\" height=\"142\" \/><\/strong>Al presidio\u00a0 oggi di fronte alla Prefettura di Belluno i numeri saranno contingentati, nel rispetto delle normative anti-Covid. A dar voce agli operai agricoli saranno i segretari territoriali\u00a0 Sebastiano Grosselle (Cgil) e\u00a0 Corrado De Salvador (Cisl).<\/em><\/p><\/blockquote>\n<p><strong>BELLUNO<\/strong> Nel Decreto Sostegni\u00a0 i lavoratori stagionali dell\u2019agricoltura sono stati esclusi da ogni tipo di ristoro. Le lavoratrici e i lavoratori agricoli, quelli che lavorano negli agriturismi e nel settore del florovivaismo e che hanno perso numerose giornate di lavoro a causa della pandemia secondo i sindacati, sono stati nuovamente discriminati. Per questo oggi alle 10 saranno in presidio davanti alla Prefettura di Belluno cos\u00ec come in tutte le province d\u2019Italia. Sono 1.900 i lavoratori stagionali del settore impiegati in provincia di Belluno,\u00a0 i lavoratori degli agriturismi e del settore del florovivaismo che nel 2020 non hanno potuto lavorare e nemmeno raggiungere i requisiti utili per accedere alla disoccupazione agricola e non hanno ricevuto alcun tipo di ammortizzatore. Ma ci sono anche gli stagionali impiegati nella coltivazione e nella raccolta di frutta e verdura, indicati per tanti mesi come essenziali perch\u00e8 hanno assicurato cibo fresco sulle nostre tavole durante il periodo del lockdown. Per questi motivi Fai, Flai e Uila chiedono alcune misure indispensabili a tutelare lavoratrici e lavoratori, quali il conteggio per l\u2019anno 2020 delle stesse giornate di lavoro del 2019; l\u2019introduzione del bonus per gli stagionali dell\u2019agricoltura e la sua compatibilit\u00e0 con il reddito di emergenza; l\u2019estensione della Naspi ai dipendenti a tempo indeterminato di imprese cooperative e dei loro consorzi.<\/p>\n<p>&nbsp;<\/p>\n<p>&nbsp;<\/p>\n<hr \/>\n<p>&nbsp;<\/p>\n<blockquote>\n<h2>OPERATORI SANITARI NON VACCINATI &#8220;VA ABBASTANZA BENE&#8221; DICE IL DIRETTORE GENERALE MARIA GRAZIA CARRARO<\/h2>\n<\/blockquote>\n<p>&nbsp;<\/p>\n<p><strong><img loading=\"lazy\" decoding=\"async\" class=\"alignleft\" src=\"https:\/\/www.radiopiu.net\/wordpress\/wp-content\/uploads\/2021\/04\/d2c7f721-51e4-4d86-b8a3-ba943ad65c48.jpg\" width=\"247\" height=\"139\" \/>BELLUNO <\/strong>Ieri mattina\u00a0video conferenza con i vertici dell&#8217;Ulss1. I nuovi casi sono sotto controllo, diminuisce l&#8217;incidenza, ecco la bella notizia.<\/p>\n<p><strong>di Moreno Gioli<\/strong><\/p>\n<audio class=\"wp-audio-shortcode\" id=\"audio-202129-4\" preload=\"none\" style=\"width: 100%;\" controls=\"controls\"><source type=\"audio\/mpeg\" src=\"https:\/\/www.radiopiu.net\/wordpress\/wp-content\/uploads\/2021\/04\/GIOLI.mp3?_=4\" \/><a href=\"https:\/\/www.radiopiu.net\/wordpress\/wp-content\/uploads\/2021\/04\/GIOLI.mp3\">https:\/\/www.radiopiu.net\/wordpress\/wp-content\/uploads\/2021\/04\/GIOLI.mp3<\/a><\/audio>\n<p>&nbsp;<\/p>\n<p><strong>A PROPOSITO DEGLI OPERATORI DELLA SANITA&#8217; &#8230; IL Direttore Maria Grazia Carraro\u00a0<\/strong><\/p>\n<audio class=\"wp-audio-shortcode\" id=\"audio-202129-5\" preload=\"none\" style=\"width: 100%;\" controls=\"controls\"><source type=\"audio\/mpeg\" src=\"https:\/\/www.radiopiu.net\/wordpress\/wp-content\/uploads\/2021\/04\/CARRARO-VACCINI.mp3?_=5\" \/><a href=\"https:\/\/www.radiopiu.net\/wordpress\/wp-content\/uploads\/2021\/04\/CARRARO-VACCINI.mp3\">https:\/\/www.radiopiu.net\/wordpress\/wp-content\/uploads\/2021\/04\/CARRARO-VACCINI.mp3<\/a><\/audio>\n<p>&nbsp;<\/p>\n<p><strong>COSA E&#8217; SUCCESSO? Ne parla il <b>\u00a0dottor<\/b>\u00a0Davide<b>\u00a0Mazzon,<\/b> dal 2001 direttore di Anestesia e Rianimazione dell\u2019Ospedale di Belluno<\/strong><\/p>\n<audio class=\"wp-audio-shortcode\" id=\"audio-202129-6\" preload=\"none\" style=\"width: 100%;\" controls=\"controls\"><source type=\"audio\/mpeg\" src=\"https:\/\/www.radiopiu.net\/wordpress\/wp-content\/uploads\/2021\/04\/MAZZON.mp3?_=6\" \/><a href=\"https:\/\/www.radiopiu.net\/wordpress\/wp-content\/uploads\/2021\/04\/MAZZON.mp3\">https:\/\/www.radiopiu.net\/wordpress\/wp-content\/uploads\/2021\/04\/MAZZON.mp3<\/a><\/audio>\n<p><strong>RIPARTENZA NELLA SCUOLA Il dottor Sandro Cinquetti<\/strong><\/p>\n<audio class=\"wp-audio-shortcode\" id=\"audio-202129-7\" preload=\"none\" style=\"width: 100%;\" controls=\"controls\"><source type=\"audio\/mpeg\" src=\"https:\/\/www.radiopiu.net\/wordpress\/wp-content\/uploads\/2021\/04\/cinquetti.mp3?_=7\" \/><a href=\"https:\/\/www.radiopiu.net\/wordpress\/wp-content\/uploads\/2021\/04\/cinquetti.mp3\">https:\/\/www.radiopiu.net\/wordpress\/wp-content\/uploads\/2021\/04\/cinquetti.mp3<\/a><\/audio>\n<p>&nbsp;<\/p>\n<p>&nbsp;<\/p>\n<hr \/>\n<p>&nbsp;<\/p>\n<blockquote>\n<h3>EMERGENZA COVID19, LA SITUAZIONE NELLE SCUOLE DELLA PROVINCIA NEI GIORNI DELLA RIPRESA IN PRESENZA<\/h3>\n<\/blockquote>\n<p>&nbsp;<\/p>\n<p><strong><img loading=\"lazy\" decoding=\"async\" class=\"alignleft\" src=\"https:\/\/www.radiopiu.net\/wordpress\/wp-content\/uploads\/2021\/04\/kids-160168__340.jpg\" width=\"219\" height=\"147\" \/>BELLUNO<\/strong>\u00a0<span style=\"color: #222222;\"> <span style=\"font-size: medium;\">Il Team scuole del Dipartimento di Prevenzione fa il punto settimanale sulla situazione dei contagi nelle scuole della provincia. <\/span><\/span><span style=\"color: #222222;\"><span style=\"font-size: medium;\">Dal 14 settembre 2020 ad oggi sono state p<\/span><\/span><span style=\"color: #222222;\"><span style=\"font-size: medium;\"><span lang=\"en-US\">rese in carico 703<\/span><\/span><\/span> <span style=\"color: #222222;\"><span style=\"font-size: medium;\"><span lang=\"en-US\">classi. <\/span><\/span><\/span><span style=\"color: #00000a;\"><span style=\"font-family: Arial, Helvetica, sans-serif;\"><span style=\"font-size: medium;\"><span lang=\"it-IT\">In base alle linee guida regionali per la gestione dei casi scolastici, in caso di rilevazione di un caso positivo frequentante la scuola, sar\u00e0 effettuato un tampone di screening ai contatti scolastici entro 72 ore. Se tutti i test risultano negativi, la classe viene posta in monitoraggio con mantenimento della frequenza e sar\u00e0 programmato il test di screeening a 14 giorni. <\/span><\/span><\/span><\/span><span style=\"color: #222222;\"><span style=\"font-family: Arial, Helvetica, sans-serif;\"><span style=\"font-size: medium;\"><span lang=\"it-IT\">Coloro che<\/span><\/span><\/span><\/span><span style=\"color: #222222;\"><span style=\"font-family: Arial, Helvetica, sans-serif;\"><span style=\"font-size: medium;\"> non <\/span><\/span><\/span><span style=\"color: #222222;\"><span style=\"font-family: Arial, Helvetica, sans-serif;\"><span style=\"font-size: medium;\"><span lang=\"it-IT\">vogliono<\/span><\/span><\/span><\/span><span style=\"color: #222222;\"><span style=\"font-family: Arial, Helvetica, sans-serif;\"><span style=\"font-size: medium;\"> sottoporsi a tampone dovranno rispettare una quarantena di 21 giorni, la riammissione a scuola avverr\u00e0 al 22\u00b0 giorno in assenza di qualsiasi sintomo.<\/span><\/span><\/span><\/p>\n<p><span style=\"color: #222222;\"><span style=\"font-size: medium;\"><b>Classi attualmente in carico al Dipartimento (almeno un positivo): <\/b><\/span><\/span><\/p>\n<table border=\"1\" width=\"643\" frame=\"VOID\" rules=\"NONE\" cellspacing=\"0\" cellpadding=\"0\">\n<tbody>\n<tr valign=\"TOP\">\n<td bgcolor=\"#ff8000\" width=\"214\">\n<p class=\"titolo-tabella\"><span style=\"color: #ffffff;\"><span style=\"font-family: Liberation Sans, serif;\"><span style=\"font-size: medium;\"><b>Ordine e grado<\/b><\/span><\/span><\/span><\/p>\n<\/td>\n<td bgcolor=\"#faa61a\" width=\"214\">\n<p class=\"titolo-tabella\" align=\"CENTER\"><span style=\"color: #ffffff;\"><span style=\"font-family: Liberation Sans, serif;\"><span style=\"font-size: medium;\"><b>Numero classi<\/b><\/span><\/span><\/span><\/p>\n<\/td>\n<td bgcolor=\"#faa61a\" width=\"214\">\n<p class=\"titolo-tabella\" align=\"LEFT\"><span style=\"color: #ffffff;\"><span style=\"font-family: Liberation Sans, serif;\"><span style=\"font-size: medium;\"><b>Variazione rispetto alla settimana precedente<\/b><\/span><\/span><\/span><\/p>\n<\/td>\n<\/tr>\n<tr valign=\"TOP\">\n<td bgcolor=\"#ffff6d\" width=\"214\"><b>infanzia<\/b><\/td>\n<td width=\"214\">\n<p align=\"CENTER\"><span style=\"color: #00000a;\"><span style=\"font-size: small;\"><span lang=\"it-IT\">1<\/span><\/span><\/span><\/p>\n<\/td>\n<td width=\"214\">\n<p align=\"CENTER\"><span style=\"color: #00000a;\"><span style=\"font-size: small;\"><span lang=\"it-IT\">+1<\/span><\/span><\/span><\/p>\n<\/td>\n<\/tr>\n<tr valign=\"TOP\">\n<td bgcolor=\"#ffff6d\" width=\"214\"><b>primaria<\/b><\/td>\n<td width=\"214\">\n<p align=\"CENTER\"><span style=\"color: #00000a;\"><span style=\"font-size: small;\"><span lang=\"it-IT\">1<\/span><\/span><\/span><\/p>\n<\/td>\n<td width=\"214\">\n<p align=\"CENTER\">+1<\/p>\n<\/td>\n<\/tr>\n<tr valign=\"TOP\">\n<td bgcolor=\"#ffff6d\" width=\"214\"><b>Secondaria primo grado<\/b><\/td>\n<td width=\"214\">\n<p align=\"CENTER\"><span style=\"color: #00000a;\"><span style=\"font-size: small;\"><span lang=\"it-IT\">1<\/span><\/span><\/span><\/p>\n<\/td>\n<td width=\"214\">\n<p align=\"CENTER\"><span style=\"color: #00000a;\"><span style=\"font-size: small;\"><span lang=\"it-IT\">+1<\/span><\/span><\/span><\/p>\n<\/td>\n<\/tr>\n<tr valign=\"TOP\">\n<td bgcolor=\"#ffff6d\" width=\"214\"><b>Secondaria secondo grado<\/b><\/td>\n<td width=\"214\">\n<p align=\"CENTER\"><span style=\"color: #00000a;\"><span style=\"font-size: small;\"><span lang=\"it-IT\">0<\/span><\/span><\/span><\/p>\n<\/td>\n<td width=\"214\"><\/td>\n<\/tr>\n<tr valign=\"TOP\">\n<td bgcolor=\"#ffff6d\" width=\"214\"><b>TOTALE<\/b><\/td>\n<td width=\"214\">\n<p align=\"CENTER\"><span style=\"color: #00000a;\"><span style=\"font-size: small;\"><span lang=\"it-IT\"><b>3<\/b><\/span><\/span><\/span><\/p>\n<\/td>\n<td width=\"214\">\n<p align=\"CENTER\"><b>+3<\/b><\/p>\n<\/td>\n<\/tr>\n<\/tbody>\n<\/table>\n<p><span style=\"color: #222222;\"><span style=\"font-size: medium;\">Di cui, <\/span><\/span><span style=\"color: #222222;\"><span style=\"font-size: medium;\"><b>classi attualmente in isolamento:<\/b><\/span><\/span><\/p>\n<table border=\"1\" width=\"643\" frame=\"VOID\" rules=\"NONE\" cellspacing=\"0\" cellpadding=\"0\">\n<tbody>\n<tr valign=\"TOP\">\n<td bgcolor=\"#ff3838\" width=\"214\">\n<p class=\"titolo-tabella\"><span style=\"color: #ffffff;\"><span style=\"font-family: Liberation Sans, serif;\"><span style=\"font-size: medium;\"><b>Ordine e grado<\/b><\/span><\/span><\/span><\/p>\n<\/td>\n<td bgcolor=\"#ff3838\" width=\"214\">\n<p class=\"titolo-tabella\" align=\"CENTER\"><span style=\"color: #ffffff;\"><span style=\"font-family: Liberation Sans, serif;\"><span style=\"font-size: medium;\"><b>Numero classi<\/b><\/span><\/span><\/span><\/p>\n<\/td>\n<td bgcolor=\"#ff3838\" width=\"214\">\n<p class=\"titolo-tabella\" align=\"LEFT\"><span style=\"color: #ffffff;\"><span style=\"font-family: Liberation Sans, serif;\"><span style=\"font-size: medium;\"><b>Variazione rispetto alla settimana precedente<\/b><\/span><\/span><\/span><\/p>\n<\/td>\n<\/tr>\n<tr valign=\"TOP\">\n<td bgcolor=\"#ffd8ce\" width=\"214\"><b>infanzia<\/b><\/td>\n<td width=\"214\">\n<p align=\"CENTER\"><span style=\"color: #00000a;\"><span style=\"font-size: small;\"><span lang=\"it-IT\">1<\/span><\/span><\/span><\/p>\n<\/td>\n<td width=\"214\">\n<p align=\"CENTER\"><span style=\"color: #00000a;\"><span style=\"font-size: small;\"><span lang=\"it-IT\">+1<\/span><\/span><\/span><\/p>\n<\/td>\n<\/tr>\n<tr valign=\"TOP\">\n<td bgcolor=\"#ffd8ce\" width=\"214\"><b>primaria<\/b><\/td>\n<td width=\"214\">\n<p align=\"CENTER\"><span style=\"color: #00000a;\"><span style=\"font-size: small;\"><span lang=\"it-IT\">0<\/span><\/span><\/span><\/p>\n<\/td>\n<td width=\"214\">\n<p align=\"CENTER\"><span style=\"color: #00000a;\"><span style=\"font-size: small;\"><span lang=\"it-IT\">0<\/span><\/span><\/span><\/p>\n<\/td>\n<\/tr>\n<tr valign=\"TOP\">\n<td bgcolor=\"#ffd8ce\" width=\"214\"><b>Secondaria primo grado<\/b><\/td>\n<td width=\"214\">\n<p align=\"CENTER\"><span style=\"color: #00000a;\"><span style=\"font-size: small;\"><span lang=\"it-IT\">0<\/span><\/span><\/span><\/p>\n<\/td>\n<td width=\"214\">\n<p align=\"CENTER\"><span style=\"color: #00000a;\"><span style=\"font-size: small;\"><span lang=\"it-IT\">0<\/span><\/span><\/span><\/p>\n<\/td>\n<\/tr>\n<tr valign=\"TOP\">\n<td bgcolor=\"#ffd8ce\" width=\"214\"><b>Secondaria secondo grado<\/b><\/td>\n<td width=\"214\">\n<p align=\"CENTER\"><span style=\"color: #00000a;\"><span style=\"font-size: small;\"><span lang=\"it-IT\">0<\/span><\/span><\/span><\/p>\n<\/td>\n<td width=\"214\">\n<p align=\"CENTER\"><span style=\"color: #00000a;\"><span style=\"font-size: small;\"><span lang=\"it-IT\">0<\/span><\/span><\/span><\/p>\n<\/td>\n<\/tr>\n<tr valign=\"TOP\">\n<td bgcolor=\"#ffd8ce\" width=\"214\"><b>TOTALE<\/b><\/td>\n<td width=\"214\">\n<p align=\"CENTER\"><span style=\"color: #00000a;\"><span style=\"font-size: small;\"><span lang=\"it-IT\"><b>1<\/b><\/span><\/span><\/span><\/p>\n<\/td>\n<td width=\"214\">\n<p align=\"CENTER\"><span style=\"color: #00000a;\"><span style=\"font-size: small;\"><span lang=\"it-IT\"><b>+1<\/b><\/span><\/span><\/span><\/p>\n<\/td>\n<\/tr>\n<\/tbody>\n<\/table>\n<p>&nbsp;<\/p>\n<p>&nbsp;<\/p>\n<p>&nbsp;<\/p>\n<p>&nbsp;<\/p>\n<hr \/>\n<p>&nbsp;<\/p>\n<h1>CONSIGLIO COMUNALE DI CENCENIGHE<\/h1>\n<blockquote><p><em>160MILA EURO DI ENTRATE IN MENO, I PROBLEMI CON LA SPESA CORRENTE. DALL&#8217;ALTRA GLI INVESTIMENTI SUL TERRITORIO E IL POST VAIA. LO SPOPOLAMENTO E LA DENATALITA&#8217;. PRESENTATO IL NUOVO PIANO PER LE STRADE SILVO PASTORALI<\/em><\/p><\/blockquote>\n<p>DIRETTA IN PIATTAFORMA FACEBOOK al termine del consiglio comunale l&#8217;intervista al sindaco di Cencenighe, Mauro Soppelsa.<\/p>\n<p>https:\/\/www.facebook.com\/marco.baghy.1\/videos\/224433879466448<\/p>\n<p>&nbsp;<\/p>\n<p>&nbsp;<\/p>\n<hr \/>\n<p>&nbsp;<\/p>\n<p>&nbsp;<\/p>\n<blockquote>\n<h3>L&#8217;OBBIETTIVO E&#8217; FESTEGGIARE I 40 ANNI DEL NOF FILO<\/h3>\n<\/blockquote>\n<p><strong><a href=\"https:\/\/www.radiopiu.net\/wordpress\/lobbiettivo-e-festeggiare-i-40-anni-del-nof-filo\/nof-filo\/\" rel=\"attachment wp-att-202389\"><img loading=\"lazy\" decoding=\"async\" class=\"size-medium wp-image-202389 alignleft\" src=\"https:\/\/www.radiopiu.net\/wordpress\/wp-content\/uploads\/2021\/04\/NOF-FILO-300x169.jpg\" alt=\"\" width=\"300\" height=\"169\" srcset=\"https:\/\/www.radiopiu.net\/wordpress\/wp-content\/uploads\/2021\/04\/NOF-FILO-300x169.jpg 300w, https:\/\/www.radiopiu.net\/wordpress\/wp-content\/uploads\/2021\/04\/NOF-FILO-1024x577.jpg 1024w, https:\/\/www.radiopiu.net\/wordpress\/wp-content\/uploads\/2021\/04\/NOF-FILO-768x432.jpg 768w, https:\/\/www.radiopiu.net\/wordpress\/wp-content\/uploads\/2021\/04\/NOF-FILO-1536x865.jpg 1536w, https:\/\/www.radiopiu.net\/wordpress\/wp-content\/uploads\/2021\/04\/NOF-FILO.jpg 1600w\" sizes=\"auto, (max-width: 300px) 100vw, 300px\" \/><\/a>CENCENIGHE<\/strong><\/p>\n<p>di Gianni Santomaso<\/p>\n<audio class=\"wp-audio-shortcode\" id=\"audio-202129-8\" preload=\"none\" style=\"width: 100%;\" controls=\"controls\"><source type=\"audio\/mpeg\" src=\"https:\/\/www.radiopiu.net\/wordpress\/wp-content\/uploads\/2021\/04\/GIANNI-NOF-FILO.mp3?_=8\" \/><a href=\"https:\/\/www.radiopiu.net\/wordpress\/wp-content\/uploads\/2021\/04\/GIANNI-NOF-FILO.mp3\">https:\/\/www.radiopiu.net\/wordpress\/wp-content\/uploads\/2021\/04\/GIANNI-NOF-FILO.mp3<\/a><\/audio>\n<p>&nbsp;<\/p>\n<hr \/>\n<p>&nbsp;<\/p>\n<p>&nbsp;<\/p>\n<p>&nbsp;<\/p>\n<hr \/>\n<blockquote>\n<h3>IL PRESSOSTATO E&#8217; ARRIVATO AD ARABBA, LUNEDI&#8217; TUTTI AL ASILO<\/h3>\n<\/blockquote>\n<p><strong><img loading=\"lazy\" decoding=\"async\" class=\"alignleft\" src=\"https:\/\/www.radiopiu.net\/wordpress\/wp-content\/uploads\/2021\/03\/arabba-con-in-fondo-il.jpg\" width=\"194\" height=\"146\" \/> <\/strong><\/p>\n<p><strong>\u00a0<\/strong><\/p>\n<p><strong>LIVINALLONGO <\/strong>Fortunatamente alla fine si \u00e8 rivelata una previsione pessimistica. Infatti il pressostato per riparare la caldaia della scuola dell\u2019infanzia di Arabba \u00e8 stato trovato. Nel pomeriggio i tecnici lo hanno sostituito e l\u2019impianto da riscaldamento funziona. Per questo motivo il sindaco ha revocato l\u2019ordinanza di chiusura della scuola che prevedeva lo stop dell\u2019attivit\u00e0 fino a marted\u00ec. Da luned\u00ec dunque tutti i bambini torneranno al asilo, al caldo.<\/p>\n<p>&nbsp;<\/p>\n<p>&nbsp;<\/p>\n<hr \/>\n<p>&nbsp;<\/p>\n<blockquote>\n<h3>CONTRIBUTO DI 700 EURO PER OGNI NATO NEL 2020 NEL COMUNE DI ROCCA PIETORE<\/h3>\n<\/blockquote>\n<p><strong><a href=\"https:\/\/www.radiopiu.net\/wordpress\/contributo-di-700-euro-per-ogni-nato-nel-2020-nel-comune-di-rocca-pietore\/mano-neonato-2\/\" rel=\"attachment wp-att-202353\"><img loading=\"lazy\" decoding=\"async\" class=\" wp-image-202353 alignleft\" src=\"https:\/\/www.radiopiu.net\/wordpress\/wp-content\/uploads\/2021\/04\/MANO-NEONATO-300x203.jpg\" alt=\"\" width=\"176\" height=\"119\" srcset=\"https:\/\/www.radiopiu.net\/wordpress\/wp-content\/uploads\/2021\/04\/MANO-NEONATO-300x203.jpg 300w, https:\/\/www.radiopiu.net\/wordpress\/wp-content\/uploads\/2021\/04\/MANO-NEONATO-1024x691.jpg 1024w, https:\/\/www.radiopiu.net\/wordpress\/wp-content\/uploads\/2021\/04\/MANO-NEONATO-768x518.jpg 768w, https:\/\/www.radiopiu.net\/wordpress\/wp-content\/uploads\/2021\/04\/MANO-NEONATO-1536x1037.jpg 1536w, https:\/\/www.radiopiu.net\/wordpress\/wp-content\/uploads\/2021\/04\/MANO-NEONATO.jpg 1920w\" sizes=\"auto, (max-width: 176px) 100vw, 176px\" \/><\/a>ROCCA PIETORE<\/strong> Con la delibera della giunta comunale di Rocca Pietore, ogni famiglia con un nuovo nato del 2020 ricever\u00e0 un contributo comunale pari a 700 euro. \u00c8 gi\u00e0 stato incaricato il responsabile per l&#8217;erogazione della somma.<\/p>\n<p><strong>IL SINDACO DI ROCCA PIETORE ANDREA DE BERNARDIN<\/strong><\/p>\n<audio class=\"wp-audio-shortcode\" id=\"audio-202129-9\" preload=\"none\" style=\"width: 100%;\" controls=\"controls\"><source type=\"audio\/mpeg\" src=\"https:\/\/www.radiopiu.net\/wordpress\/wp-content\/uploads\/2021\/04\/DE-BERNARDIN-NUOVI-NATI.mp3?_=9\" \/><a href=\"https:\/\/www.radiopiu.net\/wordpress\/wp-content\/uploads\/2021\/04\/DE-BERNARDIN-NUOVI-NATI.mp3\">https:\/\/www.radiopiu.net\/wordpress\/wp-content\/uploads\/2021\/04\/DE-BERNARDIN-NUOVI-NATI.mp3<\/a><\/audio>\n<p>&nbsp;<\/p>\n<hr \/>\n<p>&nbsp;<\/p>\n<blockquote>\n<h3>SUOR CARLA, DA FODOM A BRESSANONE, HA FESTEGGIATO 101 ANNI<\/h3>\n<\/blockquote>\n<p><strong><a href=\"https:\/\/www.radiopiu.net\/wordpress\/suor-carla-da-fodom-a-bressanone-ha-festeggiato-101-anni\/ccfoto-angelo-menolli-isarconews\/\" rel=\"attachment wp-att-202397\"><img loading=\"lazy\" decoding=\"async\" class=\"size-medium wp-image-202397 alignleft\" src=\"https:\/\/www.radiopiu.net\/wordpress\/wp-content\/uploads\/2021\/04\/ccfoto-angelo-menolli.isarconews-300x199.jpg\" alt=\"\" width=\"300\" height=\"199\" srcset=\"https:\/\/www.radiopiu.net\/wordpress\/wp-content\/uploads\/2021\/04\/ccfoto-angelo-menolli.isarconews-300x199.jpg 300w, https:\/\/www.radiopiu.net\/wordpress\/wp-content\/uploads\/2021\/04\/ccfoto-angelo-menolli.isarconews-768x509.jpg 768w, https:\/\/www.radiopiu.net\/wordpress\/wp-content\/uploads\/2021\/04\/ccfoto-angelo-menolli.isarconews.jpg 900w\" sizes=\"auto, (max-width: 300px) 100vw, 300px\" \/><\/a>LIVINALLONGO<\/strong><\/p>\n<p>di Gianni Santomaso<\/p>\n<p><strong><em>(foto brixen.it)<\/em><\/strong><\/p>\n<audio class=\"wp-audio-shortcode\" id=\"audio-202129-10\" preload=\"none\" style=\"width: 100%;\" controls=\"controls\"><source type=\"audio\/mpeg\" src=\"https:\/\/www.radiopiu.net\/wordpress\/wp-content\/uploads\/2021\/04\/GIANNI-SUOR-CARLA.mp3?_=10\" \/><a href=\"https:\/\/www.radiopiu.net\/wordpress\/wp-content\/uploads\/2021\/04\/GIANNI-SUOR-CARLA.mp3\">https:\/\/www.radiopiu.net\/wordpress\/wp-content\/uploads\/2021\/04\/GIANNI-SUOR-CARLA.mp3<\/a><\/audio>\n<p>&nbsp;<\/p>\n<hr \/>\n<p>&nbsp;<\/p>\n<blockquote>\n<h2>PER I RISPARMIATORI TRUFFATI PAGATI 100 MILIONI DI EURO<\/h2>\n<\/blockquote>\n<p><strong><img loading=\"lazy\" decoding=\"async\" class=\"alignleft\" src=\"https:\/\/www.radiopiu.net\/wordpress\/wp-content\/uploads\/2020\/06\/vista-frontale-dei-soldi-della-holding-della-persona_23-2148547912.jpg\" width=\"234\" height=\"175\" \/>ROMA<\/strong> I pagamenti erogati ai cittadini truffati dalle banche attraverso il Fir, Fondo indennizzo risparmiatori, superano i 100 milioni di euro: infatti su 29.765 pratiche, tra acconto del 40 per cento e indennizzo al 100%, sono stati finora pagati 105,7 milioni. Sono i numeri resi noti dal Ministro Federico D&#8217;Inc\u00e0,\u00a0 \u00a0<em>\u201cSto seguendo con molta attenzione questa tematica, molto sentita soprattutto nel nostro territorio &#8211; prosegue il Ministro D\u2019Inc\u00e0, che aggiunge -: nelle ultime settimane c\u2019\u00e8 stata una significativa accelerazione nell\u2019iter che porta all\u2019esame delle pratiche e ai bonifici nei confronti dei risparmiatori, con un attento controllo delle procedure e delle disposizioni previste. A breve si terranno ulteriori riunioni e, come mi \u00e8 stato comunicato, si prevede un forte incremento dei bonifici grazie a una fluidificazione del sistema dei pagamenti. L\u2019obiettivo \u00e8 quello di risarcire al pi\u00f9 presto i cittadini che hanno subito una grande ingiustizia\u201d.\u00a0<\/em>Per il Ministro una battaglia condotta con impegno nel corso del tempo dal Movimento 5 Stelle e ha previsto, nelle varie tappe, l\u2019istituzione del Fir, l\u2019arrivo dei primi bonifici a partire dallo scorso mese di ottobre e l\u2019avvio, nelle scorse settimane, dei rimborsi al 100 per cento come previsto dall\u2019ultima legge di Bilancio. <em>\u201cDa alcuni mesi sto ricevendo diverse testimonianze da parte dei cittadini che hanno ricevuto i risarcimenti e sar\u00e0 mia cura poterli incontrare personalmente appena la situazione epidemiologica ce lo consentir\u00e0. Continuiamo questo importante cammino mantenendo una costante attenzione a tutela dei risparmiatori che, specialmente in questo difficile periodo, possono guardare in avanti con maggiore ottimismo \u2013 conclude il Ministro per i Rapporti con il Parlamento\u201d.<\/em><\/p>\n<p>&nbsp;<\/p>\n<p>&nbsp;<\/p>\n<hr \/>\n<h3><\/h3>\n<blockquote>\n<h2><strong><a href=\"https:\/\/www.radiopiu.net\/wordpress\/elezioni-amministrative-quorum-al-40-scomputo-dellaire-contro-il-commissariamento-dei-comuni\/oscar_de_bona-586x1024\/\" rel=\"attachment wp-att-202294\"><img loading=\"lazy\" decoding=\"async\" class=\"size-medium wp-image-202294 alignright\" src=\"https:\/\/www.radiopiu.net\/wordpress\/wp-content\/uploads\/2021\/04\/oscar_de_bona-586x1024-1-172x300.jpg\" alt=\"\" width=\"172\" height=\"300\" srcset=\"https:\/\/www.radiopiu.net\/wordpress\/wp-content\/uploads\/2021\/04\/oscar_de_bona-586x1024-1-172x300.jpg 172w, https:\/\/www.radiopiu.net\/wordpress\/wp-content\/uploads\/2021\/04\/oscar_de_bona-586x1024-1.jpg 586w\" sizes=\"auto, (max-width: 172px) 100vw, 172px\" \/><\/a><\/strong>ELEZIONI AMMINISTRATIVE, QUORUM AL 40% SCOMPUTO DELL&#8217;AIRE. &#8220;A ROMA HANNO FATTO UN BEL LAVORO&#8221; DICE DEON<\/h2>\n<\/blockquote>\n<p><strong>ROMA<\/strong> Forse ci siamo anche a Roma hanno capito che nei piccoli Comuni funziona in modo diverso, soprattutto in montagna dove lo spopolamento \u00e8 sempre pi\u00f9 piaga ma anche l&#8217;emigrazione lascia i suoi segni come ad esempio nei giorni delle elezioni per il nuovo sindaco. Primo avversario per i Comuni mono lista il quorum al 50% dei votanti, ma soprattutto il &#8220;buco&#8221; dei non votanti perch\u00e9 impegnati all&#8217;estero. La novit\u00e0: al Senato sono stati approvati due emendamenti,\u00a0 il primo sul quorum, abbassando dal 50 al 40% dei votanti la soglia per la validit\u00e0 dell\u2019elezione nel caso in cui si presenti una sola lista. Il secondo provvedimento esclude gli iscritti all\u2019Aire (Anagrafe degli Italiani Residenti all\u2019estero) dal calcolo dei votanti, sempre ai fini del raggiungimento del quorum. I residenti all\u2019estero potranno sempre votare per il loro comune di origine, ma non saranno determinanti nella validit\u00e0 dell\u2019elezione.<\/p>\n<blockquote><p><em>\u00abL\u2019Associazione Bellunesi nel Mondo sostiene i due emendamenti al Decreto Elezioni &#8211; sono le parole del presidente Abm Oscar De Bona (foto) &#8211; un\u2019azione che avevamo proposto, come Associazione, ancora diversi anni fa, ascoltando la voce dei Sindaci bellunesi, che pi\u00f9 volte sono intervenuti in occasione dei nostri Direttivi evidenziando questa criticit\u00e0\u00bb. <\/em><em>I dati Aire inoltre parlano chiaro: sono in continuo aumento i bellunesi che fanno le valigie e di certo per loro non \u00e8 semplice rientrare nel proprio comune per votare alle Amministrative. <\/em><em>\u00abRingrazio tutti i senatori, di maggioranza e minoranza &#8211; conclude De Bona &#8211; che hanno votato a favore di questi due emendamenti. \u00c8 una risposta chiara ai piccoli comuni\u00bb.<\/em><\/p><\/blockquote>\n<p><strong><a href=\"https:\/\/www.radiopiu.net\/wordpress\/cencenighe-verso-il-commissariamento-speciale-elezioni\/giovanni-nino-deon\/\" rel=\"attachment wp-att-32109\"><img loading=\"lazy\" decoding=\"async\" class=\"wp-image-32109 alignleft\" src=\"https:\/\/www.radiopiu.net\/wordpress\/wp-content\/uploads\/2017\/05\/GIOVANNI-NINO-DEON-300x290.jpg\" alt=\"\" width=\"130\" height=\"126\" \/><\/a>IL COMMENTO DEL SINDACO DI RIVAMONTE GIOVANNI DINO DEON<\/strong><\/p>\n<audio class=\"wp-audio-shortcode\" id=\"audio-202129-11\" preload=\"none\" style=\"width: 100%;\" controls=\"controls\"><source type=\"audio\/mpeg\" src=\"https:\/\/www.radiopiu.net\/wordpress\/wp-content\/uploads\/2021\/04\/NINO-DEON-ELEZIONI.mp3?_=11\" \/><a href=\"https:\/\/www.radiopiu.net\/wordpress\/wp-content\/uploads\/2021\/04\/NINO-DEON-ELEZIONI.mp3\">https:\/\/www.radiopiu.net\/wordpress\/wp-content\/uploads\/2021\/04\/NINO-DEON-ELEZIONI.mp3<\/a><\/audio>\n<p>&nbsp;<\/p>\n<hr \/>\n<blockquote>\n<h3><\/h3>\n<h3>INDENNITA&#8217; ANCHE PER I LAVORATORI STAGIONALI, L&#8217;INPS INIZIA A PAGARE<\/h3>\n<\/blockquote>\n<p><strong><a href=\"https:\/\/www.radiopiu.net\/wordpress\/giornale-radiopiu-23-aprile-2020-direttore-mirko-mezzacasa\/federico-dinca-3\/\" rel=\"attachment wp-att-132319\"><img loading=\"lazy\" decoding=\"async\" class=\"wp-image-132319 alignleft\" src=\"https:\/\/www.radiopiu.net\/wordpress\/wp-content\/uploads\/2020\/04\/FEDERICO-DINCA-237x300.png\" alt=\"\" width=\"85\" height=\"108\" srcset=\"https:\/\/www.radiopiu.net\/wordpress\/wp-content\/uploads\/2020\/04\/FEDERICO-DINCA-237x300.png 237w, https:\/\/www.radiopiu.net\/wordpress\/wp-content\/uploads\/2020\/04\/FEDERICO-DINCA-808x1024.png 808w, https:\/\/www.radiopiu.net\/wordpress\/wp-content\/uploads\/2020\/04\/FEDERICO-DINCA-768x973.png 768w, https:\/\/www.radiopiu.net\/wordpress\/wp-content\/uploads\/2020\/04\/FEDERICO-DINCA.png 1018w\" sizes=\"auto, (max-width: 85px) 100vw, 85px\" \/><\/a>ROMA\u00a0<\/strong>\u201c22.769 lavoratori stagionali e precari del Veneto hanno finora ricevuto l\u2019indennit\u00e0 prevista dall\u2019ultimo Decreto Sostegni: un intervento rapido che permette di dare una boccata di ossigeno alle tante persone in difficolt\u00e0 a causa delle restrizioni ad alcuni settori imposte dalla pandemia. I bonifici sono stati effettuati dall\u2019Inps e prevedono, per ciascun soggetto, un importo di 2400 euro. Il sostegno \u00e8 riservato a lavoratori stagionali, in somministrazione e a tempo determinato nel settore del turismo e degli stabilimenti termali, gli intermittenti, gli autonomi occasionali, gli incaricati di vendite a domicilio e i lavoratori dello spettacolo.<em> &#8220;Come promesso ci stiamo muovendo velocemente per sorreggere l&#8217;economia del Paese e stiamo gi\u00e0 lavorando a nuovo scostamento di bilancio che possa dare, attraverso un nuovo decreto, ulteriori ristori a famiglie, imprese e lavoratori\u201d. <\/em>Lo ha\u00a0 comunicato\u00a0 in una nota Federico D\u2019Inc\u00e0, Ministro per i Rapporti con il Parlamento.<\/p>\n<p>&nbsp;<\/p>\n<p>&nbsp;<\/p>\n<hr \/>\n<blockquote>\n<h3><\/h3>\n<h3>169\u00b0 ANNIVERSARIO DI FONDAZIONE DELLA POLIZIA DI STATO<\/h3>\n<\/blockquote>\n<p><strong><img loading=\"lazy\" decoding=\"async\" class=\"alignleft\" src=\"https:\/\/www.radiopiu.net\/wordpress\/wp-content\/uploads\/2021\/04\/IMG-20210207-WA0009.jpg\" width=\"257\" height=\"193\" \/>BELLUNO<\/strong>\u00a0 Per il 169\u00b0 anniversario anche quest&#8217;anno la cerimonia nel capoluogo si svolger\u00e0 in assenza di pubblico e alla sola presenza del Prefetto, con la deposizione di una corona d\u2019alloro alla targa in ricordo dei caduti situata alla Caserma Raniero. Con l&#8217;occasione dalla Questura il bilancio dell&#8217;ultimo anno di attivit\u00e0 chiuso lo scorso 1 aprile. In ambito pandemia la Polizia di Stato ha coordinato gli oltre 50 servizi congiunti di controlli specifici che hanno visto la partecipazione, delle specialit\u00e0 Stradale, Ferroviaria e Postale, nonch\u00e8 dell\u2019Arma dei Carabinieri, della Guardia di Finanza e delle Polizie Locali. Sono stati controllate in provincia dalla Polizia di Stato 16046 persone, 9359 attivit\u00e0 commerciali e elevate 338 sanzioni.\u00a0 Al numero &#8220;113&#8221; sono pervenute 13059 chiamate di soccorso. La sezione volanti della Questura e il Commissariato di Cortina hanno effettuato 1.580 interventi, identificando 15926 persone e controllando 10116 veicoli. Oltre ai controlli specifici legati al Covid, non sono mancate le attivit\u00e0 di prevenzione dei furti in appartamento e con l\u2019ausilio del Reparto Prevenzione Crimine di Padova sono stati effettuati 150 servizi straordinari di controllo del territorio. Belluno pu\u00f2 tuttora definirsi una delle province pi\u00f9 sicure d&#8217;Italia e il trend in discesa del totale dei delitti commessi in provincia, passati da 5065 a 4.143, conferma questo dato. Calano drasticamente anche i furti denunciati che passano da 1178 a 777 e in particolare quelli in abitazione che passano da 316 a 260. Un leggero calo si evidenzia anche nei reati legati agli stupefacenti che passano da 48 a 43, mentre un incremento seppur lieve si registra nelle truffe e frodi informatiche che salgono a 1171 dai 1128 dello stesso periodo dell\u2019anno precedente. Alcuni numeri: avvisi Orali 7 Fogli di via obbligatori 26 Ammonimenti 13 Denunce per maltrattamenti in famiglia e stalking 25 Attivit\u00e0 di verifiche antimafia 180.\u00a0 Sono stati effettuati 30 accessi ai cantieri aperti in occasione dei Mondiali di sci di Cortina 2021, nell\u2019ambito dei quali sono stati identificate 128 persone e controllati 133 mezzi d\u2019opera.\u00a0 La Polizia Stradale di Belluno (Sezione capoluogo e Distaccamenti di Valle di Cadore e Feltre) ha garantito 3032 pattuglie di vigilanza stradale, rilevando complessivamente 275 incidenti, di cui 8 con conseguenze mortali. Sono state contestate complessivamente 3074 infrazioni al Codice della Strada, tra le quali: 1874per guida in stato di ebbrezza; 515 patenti ritirate. La Polizia Ferroviaria\u00a0 ha effettuato 640 servizi vigilanza agli scali ferroviari, 87 servizi di pattugliamento delle linee ferroviarie e 32 scorte a treni. L&#8217;attivit\u00e0 della Sezione Polizia Postale nel settore informatico \u00e8 stata indirizzata principalmente a contrastare i reati inerenti all&#8217;e-commerce, sono stati effettuati 325 controlli agli uffici postali e 23 indagini atte all&#8217;individuazione di truffe su siti web.<\/p>\n\n\t\t\t<style type='text\/css'>\n\t\t\t\t#gallery-1 {\n\t\t\t\t\tmargin: auto;\n\t\t\t\t}\n\t\t\t\t#gallery-1 .gallery-item {\n\t\t\t\t\tfloat: left;\n\t\t\t\t\tmargin-top: 10px;\n\t\t\t\t\ttext-align: center;\n\t\t\t\t\twidth: 25%;\n\t\t\t\t}\n\t\t\t\t#gallery-1 img {\n\t\t\t\t\tborder: 2px solid #cfcfcf;\n\t\t\t\t}\n\t\t\t\t#gallery-1 .gallery-caption {\n\t\t\t\t\tmargin-left: 0;\n\t\t\t\t}\n\t\t\t\t\/* see gallery_shortcode() in wp-includes\/media.php *\/\n\t\t\t<\/style>\n\t\t<div id='gallery-1' class='dt-gallery-container gallery galleryid-202129 gallery-columns-4 gallery-size-thumbnail'><dl class='gallery-item'>\n\t\t\t\t<dt class='gallery-icon landscape'>\n\t\t\t\t\t<a class=\"rollover rollover-zoom dt-pswp-item\" title=\"polizia\" data-dt-img-description=\"\" data-large_image_width=\"1024\" data-large_image_height=\"682\"href='https:\/\/www.radiopiu.net\/wordpress\/wp-content\/uploads\/2021\/04\/IMG-20210208-WA0046.jpg'><img loading=\"lazy\" decoding=\"async\" width=\"150\" height=\"150\" src=\"https:\/\/www.radiopiu.net\/wordpress\/wp-content\/uploads\/2021\/04\/IMG-20210208-WA0046-150x150.jpg\" class=\"attachment-thumbnail size-thumbnail\" alt=\"\" \/><\/a>\n\t\t\t\t<\/dt><\/dl><dl class='gallery-item'>\n\t\t\t\t<dt class='gallery-icon landscape'>\n\t\t\t\t\t<a class=\"rollover rollover-zoom dt-pswp-item\" title=\"polizia\" data-dt-img-description=\"\" data-large_image_width=\"1632\" data-large_image_height=\"1224\"href='https:\/\/www.radiopiu.net\/wordpress\/wp-content\/uploads\/2021\/04\/IMG_5221-rotated.jpg'><img loading=\"lazy\" decoding=\"async\" width=\"150\" height=\"150\" src=\"https:\/\/www.radiopiu.net\/wordpress\/wp-content\/uploads\/2021\/04\/IMG_5221-150x150.jpg\" class=\"attachment-thumbnail size-thumbnail\" alt=\"\" \/><\/a>\n\t\t\t\t<\/dt><\/dl><dl class='gallery-item'>\n\t\t\t\t<dt class='gallery-icon landscape'>\n\t\t\t\t\t<a class=\"rollover rollover-zoom dt-pswp-item\" title=\"polizia\" data-dt-img-description=\"\" data-large_image_width=\"1632\" data-large_image_height=\"1224\"href='https:\/\/www.radiopiu.net\/wordpress\/wp-content\/uploads\/2021\/04\/IMG_1172.jpg'><img loading=\"lazy\" decoding=\"async\" width=\"150\" height=\"150\" src=\"https:\/\/www.radiopiu.net\/wordpress\/wp-content\/uploads\/2021\/04\/IMG_1172-150x150.jpg\" class=\"attachment-thumbnail size-thumbnail\" alt=\"\" \/><\/a>\n\t\t\t\t<\/dt><\/dl><dl class='gallery-item'>\n\t\t\t\t<dt class='gallery-icon portrait'>\n\t\t\t\t\t<a class=\"rollover rollover-zoom dt-pswp-item\" title=\"polizia\" data-dt-img-description=\"\" data-large_image_width=\"1224\" data-large_image_height=\"1632\"href='https:\/\/www.radiopiu.net\/wordpress\/wp-content\/uploads\/2021\/04\/IMG_20210205_190042.jpg'><img loading=\"lazy\" decoding=\"async\" width=\"150\" height=\"150\" src=\"https:\/\/www.radiopiu.net\/wordpress\/wp-content\/uploads\/2021\/04\/IMG_20210205_190042-150x150.jpg\" class=\"attachment-thumbnail size-thumbnail\" alt=\"\" \/><\/a>\n\t\t\t\t<\/dt><\/dl><br style=\"clear: both\" \/><dl class='gallery-item'>\n\t\t\t\t<dt class='gallery-icon landscape'>\n\t\t\t\t\t<a class=\"rollover rollover-zoom dt-pswp-item\" title=\"polizia\" data-dt-img-description=\"\" data-large_image_width=\"1732\" data-large_image_height=\"1154\"href='https:\/\/www.radiopiu.net\/wordpress\/wp-content\/uploads\/2021\/04\/RIN_5142.jpg'><img loading=\"lazy\" decoding=\"async\" width=\"150\" height=\"150\" src=\"https:\/\/www.radiopiu.net\/wordpress\/wp-content\/uploads\/2021\/04\/RIN_5142-150x150.jpg\" class=\"attachment-thumbnail size-thumbnail\" alt=\"\" \/><\/a>\n\t\t\t\t<\/dt><\/dl><dl class='gallery-item'>\n\t\t\t\t<dt class='gallery-icon landscape'>\n\t\t\t\t\t<a class=\"rollover rollover-zoom dt-pswp-item\" title=\"polizia\" data-dt-img-description=\"\" data-large_image_width=\"1732\" data-large_image_height=\"1154\"href='https:\/\/www.radiopiu.net\/wordpress\/wp-content\/uploads\/2021\/04\/RIN_5246.jpg'><img loading=\"lazy\" decoding=\"async\" width=\"150\" height=\"150\" src=\"https:\/\/www.radiopiu.net\/wordpress\/wp-content\/uploads\/2021\/04\/RIN_5246-150x150.jpg\" class=\"attachment-thumbnail size-thumbnail\" alt=\"\" \/><\/a>\n\t\t\t\t<\/dt><\/dl><dl class='gallery-item'>\n\t\t\t\t<dt class='gallery-icon landscape'>\n\t\t\t\t\t<a class=\"rollover rollover-zoom dt-pswp-item\" title=\"polizia\" data-dt-img-description=\"\" data-large_image_width=\"2080\" data-large_image_height=\"961\"href='https:\/\/www.radiopiu.net\/wordpress\/wp-content\/uploads\/2021\/04\/20210205_121923.jpg'><img loading=\"lazy\" decoding=\"async\" width=\"150\" height=\"150\" src=\"https:\/\/www.radiopiu.net\/wordpress\/wp-content\/uploads\/2021\/04\/20210205_121923-150x150.jpg\" class=\"attachment-thumbnail size-thumbnail\" alt=\"\" \/><\/a>\n\t\t\t\t<\/dt><\/dl><dl class='gallery-item'>\n\t\t\t\t<dt class='gallery-icon landscape'>\n\t\t\t\t\t<a class=\"rollover rollover-zoom dt-pswp-item\" title=\"polizia\" data-dt-img-description=\"\" data-large_image_width=\"2080\" data-large_image_height=\"961\"href='https:\/\/www.radiopiu.net\/wordpress\/wp-content\/uploads\/2021\/04\/20210220_152328.jpg'><img loading=\"lazy\" decoding=\"async\" width=\"150\" height=\"150\" src=\"https:\/\/www.radiopiu.net\/wordpress\/wp-content\/uploads\/2021\/04\/20210220_152328-150x150.jpg\" class=\"attachment-thumbnail size-thumbnail\" alt=\"\" \/><\/a>\n\t\t\t\t<\/dt><\/dl><br style=\"clear: both\" \/>\n\t\t\t<\/div>\n\n<p>&nbsp;<\/p>\n<p>&nbsp;<\/p>\n<p>&nbsp;<\/p>\n<hr \/>\n<p>&nbsp;<\/p>\n<blockquote class=\"wp-embedded-content\" data-secret=\"VsW9cuStFK\"><p><a href=\"https:\/\/www.radiopiu.net\/wordpress\/aggapr09\/\">CORONAVIRUS: AGGIORNAMENTO NAZIONALE 09 APRILE  2021<\/a><\/p><\/blockquote>\n<p><iframe loading=\"lazy\" class=\"wp-embedded-content\" sandbox=\"allow-scripts\" security=\"restricted\" style=\"position: absolute; clip: rect(1px, 1px, 1px, 1px);\" title=\"&#8220;CORONAVIRUS: AGGIORNAMENTO NAZIONALE 09 APRILE  2021&#8221; &#8212; Radio Pi\u00f9\" src=\"https:\/\/www.radiopiu.net\/wordpress\/aggapr09\/embed\/#?secret=VsW9cuStFK\" data-secret=\"VsW9cuStFK\" width=\"600\" height=\"338\" frameborder=\"0\" marginwidth=\"0\" marginheight=\"0\" scrolling=\"no\"><\/iframe><\/p>\n<p>&nbsp;<\/p>\n<hr \/>\n<p>&nbsp;<\/p>\n<blockquote class=\"wp-embedded-content\" data-secret=\"DHnZY5uFsE\"><p><a href=\"https:\/\/www.radiopiu.net\/wordpress\/in-24-ore-993-nuove-positivita-in-veneto-calano-i-ricoveri-ma-i-decessi-sono-32-a-belluno-32-nuovi-positivi\/\">IN 24 ORE 993 NUOVE POSITIVITA&#8217; IN VENETO. CALANO I RICOVERI MA I DECESSI SONO 32. A BELLUNO 32 NUOVI POSITIVI<\/a><\/p><\/blockquote>\n<p><iframe loading=\"lazy\" class=\"wp-embedded-content\" sandbox=\"allow-scripts\" security=\"restricted\" style=\"position: absolute; clip: rect(1px, 1px, 1px, 1px);\" title=\"&#8220;IN 24 ORE 993 NUOVE POSITIVITA&#8217; IN VENETO. CALANO I RICOVERI MA I DECESSI SONO 32. A BELLUNO 32 NUOVI POSITIVI&#8221; &#8212; Radio Pi\u00f9\" src=\"https:\/\/www.radiopiu.net\/wordpress\/in-24-ore-993-nuove-positivita-in-veneto-calano-i-ricoveri-ma-i-decessi-sono-32-a-belluno-32-nuovi-positivi\/embed\/#?secret=DHnZY5uFsE\" data-secret=\"DHnZY5uFsE\" width=\"600\" height=\"338\" frameborder=\"0\" marginwidth=\"0\" marginheight=\"0\" scrolling=\"no\"><\/iframe><\/p>\n<p>&nbsp;<\/p>\n<p>&nbsp;<\/p>\n<hr \/>\n<p>&nbsp;<\/p>\n<blockquote>\n<h3>I GRAFICI DI TIZIANO DE COL<\/h3>\n<\/blockquote>\n\n\t\t\t<style type='text\/css'>\n\t\t\t\t#gallery-2 {\n\t\t\t\t\tmargin: auto;\n\t\t\t\t}\n\t\t\t\t#gallery-2 .gallery-item {\n\t\t\t\t\tfloat: left;\n\t\t\t\t\tmargin-top: 10px;\n\t\t\t\t\ttext-align: center;\n\t\t\t\t\twidth: 20%;\n\t\t\t\t}\n\t\t\t\t#gallery-2 img {\n\t\t\t\t\tborder: 2px solid #cfcfcf;\n\t\t\t\t}\n\t\t\t\t#gallery-2 .gallery-caption {\n\t\t\t\t\tmargin-left: 0;\n\t\t\t\t}\n\t\t\t\t\/* see gallery_shortcode() in wp-includes\/media.php *\/\n\t\t\t<\/style>\n\t\t<div id='gallery-2' class='dt-gallery-container gallery galleryid-202129 gallery-columns-5 gallery-size-medium'><dl class='gallery-item'>\n\t\t\t\t<dt class='gallery-icon landscape'>\n\t\t\t\t\t<a class=\"rollover rollover-zoom dt-pswp-item\" title=\"51696866-b7bf-406b-b83d-d91eba835665\" data-dt-img-description=\"\" data-large_image_width=\"601\" data-large_image_height=\"353\"href='https:\/\/www.radiopiu.net\/wordpress\/wp-content\/uploads\/2021\/04\/51696866-b7bf-406b-b83d-d91eba835665.jpg'><img loading=\"lazy\" decoding=\"async\" width=\"300\" height=\"176\" src=\"https:\/\/www.radiopiu.net\/wordpress\/wp-content\/uploads\/2021\/04\/51696866-b7bf-406b-b83d-d91eba835665-300x176.jpg\" class=\"attachment-medium size-medium\" alt=\"\" srcset=\"https:\/\/www.radiopiu.net\/wordpress\/wp-content\/uploads\/2021\/04\/51696866-b7bf-406b-b83d-d91eba835665-300x176.jpg 300w, https:\/\/www.radiopiu.net\/wordpress\/wp-content\/uploads\/2021\/04\/51696866-b7bf-406b-b83d-d91eba835665.jpg 601w\" sizes=\"auto, (max-width: 300px) 100vw, 300px\" \/><\/a>\n\t\t\t\t<\/dt><\/dl><dl class='gallery-item'>\n\t\t\t\t<dt class='gallery-icon landscape'>\n\t\t\t\t\t<a class=\"rollover rollover-zoom dt-pswp-item\" title=\"9ad55050-3466-4f21-8d87-3e7594004e5c\" data-dt-img-description=\"\" data-large_image_width=\"614\" data-large_image_height=\"355\"href='https:\/\/www.radiopiu.net\/wordpress\/wp-content\/uploads\/2021\/04\/9ad55050-3466-4f21-8d87-3e7594004e5c.jpg'><img loading=\"lazy\" decoding=\"async\" width=\"300\" height=\"173\" src=\"https:\/\/www.radiopiu.net\/wordpress\/wp-content\/uploads\/2021\/04\/9ad55050-3466-4f21-8d87-3e7594004e5c-300x173.jpg\" class=\"attachment-medium size-medium\" alt=\"\" srcset=\"https:\/\/www.radiopiu.net\/wordpress\/wp-content\/uploads\/2021\/04\/9ad55050-3466-4f21-8d87-3e7594004e5c-300x173.jpg 300w, https:\/\/www.radiopiu.net\/wordpress\/wp-content\/uploads\/2021\/04\/9ad55050-3466-4f21-8d87-3e7594004e5c.jpg 614w\" sizes=\"auto, (max-width: 300px) 100vw, 300px\" \/><\/a>\n\t\t\t\t<\/dt><\/dl><dl class='gallery-item'>\n\t\t\t\t<dt class='gallery-icon landscape'>\n\t\t\t\t\t<a class=\"rollover rollover-zoom dt-pswp-item\" title=\"9e7a2e99-ded4-4a75-8c5f-d3855133ff41\" data-dt-img-description=\"\" data-large_image_width=\"608\" data-large_image_height=\"353\"href='https:\/\/www.radiopiu.net\/wordpress\/wp-content\/uploads\/2021\/04\/9e7a2e99-ded4-4a75-8c5f-d3855133ff41.jpg'><img loading=\"lazy\" decoding=\"async\" width=\"300\" height=\"174\" src=\"https:\/\/www.radiopiu.net\/wordpress\/wp-content\/uploads\/2021\/04\/9e7a2e99-ded4-4a75-8c5f-d3855133ff41-300x174.jpg\" class=\"attachment-medium size-medium\" alt=\"\" srcset=\"https:\/\/www.radiopiu.net\/wordpress\/wp-content\/uploads\/2021\/04\/9e7a2e99-ded4-4a75-8c5f-d3855133ff41-300x174.jpg 300w, https:\/\/www.radiopiu.net\/wordpress\/wp-content\/uploads\/2021\/04\/9e7a2e99-ded4-4a75-8c5f-d3855133ff41.jpg 608w\" sizes=\"auto, (max-width: 300px) 100vw, 300px\" \/><\/a>\n\t\t\t\t<\/dt><\/dl><dl class='gallery-item'>\n\t\t\t\t<dt class='gallery-icon landscape'>\n\t\t\t\t\t<a class=\"rollover rollover-zoom dt-pswp-item\" title=\"4cc4faed-849d-42b0-82da-60e60a2e6878\" data-dt-img-description=\"\" data-large_image_width=\"612\" data-large_image_height=\"359\"href='https:\/\/www.radiopiu.net\/wordpress\/wp-content\/uploads\/2021\/04\/4cc4faed-849d-42b0-82da-60e60a2e6878.jpg'><img loading=\"lazy\" decoding=\"async\" width=\"300\" height=\"176\" src=\"https:\/\/www.radiopiu.net\/wordpress\/wp-content\/uploads\/2021\/04\/4cc4faed-849d-42b0-82da-60e60a2e6878-300x176.jpg\" class=\"attachment-medium size-medium\" alt=\"\" srcset=\"https:\/\/www.radiopiu.net\/wordpress\/wp-content\/uploads\/2021\/04\/4cc4faed-849d-42b0-82da-60e60a2e6878-300x176.jpg 300w, https:\/\/www.radiopiu.net\/wordpress\/wp-content\/uploads\/2021\/04\/4cc4faed-849d-42b0-82da-60e60a2e6878.jpg 612w\" sizes=\"auto, (max-width: 300px) 100vw, 300px\" \/><\/a>\n\t\t\t\t<\/dt><\/dl><dl class='gallery-item'>\n\t\t\t\t<dt class='gallery-icon landscape'>\n\t\t\t\t\t<a class=\"rollover rollover-zoom dt-pswp-item\" title=\"0bc0d8f0-abe9-4c6c-9064-af9fa8af65c3\" data-dt-img-description=\"\" data-large_image_width=\"596\" data-large_image_height=\"356\"href='https:\/\/www.radiopiu.net\/wordpress\/wp-content\/uploads\/2021\/04\/0bc0d8f0-abe9-4c6c-9064-af9fa8af65c3.jpg'><img loading=\"lazy\" decoding=\"async\" width=\"300\" height=\"179\" src=\"https:\/\/www.radiopiu.net\/wordpress\/wp-content\/uploads\/2021\/04\/0bc0d8f0-abe9-4c6c-9064-af9fa8af65c3-300x179.jpg\" class=\"attachment-medium size-medium\" alt=\"\" srcset=\"https:\/\/www.radiopiu.net\/wordpress\/wp-content\/uploads\/2021\/04\/0bc0d8f0-abe9-4c6c-9064-af9fa8af65c3-300x179.jpg 300w, https:\/\/www.radiopiu.net\/wordpress\/wp-content\/uploads\/2021\/04\/0bc0d8f0-abe9-4c6c-9064-af9fa8af65c3.jpg 596w\" sizes=\"auto, (max-width: 300px) 100vw, 300px\" \/><\/a>\n\t\t\t\t<\/dt><\/dl><br style=\"clear: both\" \/>\n\t\t\t<\/div>\n\n<p>&nbsp;<\/p>\n<hr \/>\n<p>&nbsp;<\/p>\n<blockquote>\n<h3><strong><span style=\"color: #ff0000;\">Rt e INDICE DI CONTAGIO SOTTO SOGLIA<\/span><\/strong><\/h3>\n<\/blockquote>\n<blockquote>\n<h2>LEGGI LA CONFERENZA DI LUCA ZAIA<\/h2>\n<p><em>\u00a0noi non abbiamo fatto vaccinazioni anomale,\u00a0 negli &#8220;altro&#8221; ci sono ad esempio alcuni detenuti delle carceri,\u00a0 accompagnatori caregiver, assistenza domiciliare dei Comuni. Non si vaccinano persone fuori dai target, se questo accade sono responsabilit\u00e0 individuali<\/em><\/p>\n<p>I dati da alcuni giorni sono positivi, speriamo continui. Calano i ricoveri in ospedale. Stanno finendo i vaccini perche&#8217; siamo molto bravi. La colpa non \u00e8 del Governo ma dell&#8217;Europa. Noi possiamo arrivare a fare anche 50mila vaccini al giorno se si renderanno disponibili,tutti hanno diritto ad essere vaccinati e non abbiamo avuto grandi abbandoni. Se non vogliono AstraZeneca dalle altre parti, noi ce lo prendiamo, \u00e8 un vaccino che d\u00e0 copertura molto elevata e la percentuale di probabilit\u00e0 di avere conseguenze \u00e8 bassa. Forse ad attraversare sulle strisce pedonali rischi di pi\u00f9. Sotto i 60 anni in questa fase AstraZeneca lo faranno solo i richiami. Prossima settimana arrivano: 13mila vaccini AstraZeneca, ben poca cosa. Non avendo vaccini stiamo facendo esercitazioni a livello dilettantistico ma siamo pronti a partire, anche di notte. In arrivo: 126mila Pfizer, 14mila Jonhson&amp;Joonshon\u00a0 &#8220;nozze\u00a0 con i fichi secchi&#8221; <strong>IERI RIUNIONE CON DRAGHI SEVERO CON CHI SALTA LA FILA, IN VENETO?<\/strong> Ha ragione a lamentarsi ma deve essere chiaro, abbiamo avuto tre fasi vaccinali, la prima 27 dicembre il Governo indica i sanitari &#8211; tutti &#8211; quindi non come sostenevamo noi i maggiori esposti, tutti anche i manutentori in ospedale tutti hanno la stessa dignit\u00e0, poi case di riposo e operatori. Seconda fase noi abbiamo aperto le scuole a febbraio i colleghi hanno spinto per l&#8217;apertura e la vaccinazione del personale della scuola, quindi forze di Polizia e categorie essenziali che vuole dire tutto o niente. Per questo sono stati vaccinati ventenni (Oss ad esempio). Poi arriva Draghi e si apre la terza fase ovvero ragionare per classi di et\u00e0 come ha sempre proposto l&#8217;assessore Manuela Lanzarin, dai pi\u00f9 anziani (dove \u00e8 pi\u00f9 pericoloso il virus) in gi\u00f9. TENDONE QUATAR? Non per la vaccinazioni, piuttosto l&#8217;ex Pagnossin, per intenderci , valutiamo \u00a0strutture di grandi dimensioni, capannoni vuoti. <strong>ZAIA AL POSTO DI BONACCINI ALLA PRESIDENZA DELLE REGIONI?<\/strong> sono il primo sostenitore di Massimiliano Fedriga e non sono minimamente interessato a questa carica. Bonaccini ha fatto un gran lavoro e lo ringrazio. <strong>RIAPERTURE<\/strong> Dal 30 aprile al posto delle restrizioni\u00a0 ci sar\u00e0\u00a0 un lavoro di convivenza con il virus. Si devono abbandonare i 21 parametri, sono anacronistici ormai. Da rivedere le linee guida nell&#8217;ottica di una\u00a0 semplificazione.<strong> RECOVERY FUND<\/strong> Alle legittime istanze del Sud ho portato le legittime istanze del Nord.\u00a0 Per fare presto ho detto a Draghi che bisogna ve utilizzare le Regioni come bracci operativi e servono semplificazioni burocratiche.\u00a0 Il recovery non deve essere usato per fare assistenzialismo. Bisogna rilanciare il Pil, altrimenti andiamo a finir male, perch\u00e9 il Pil vuol dire occupazione. Le nostre imprese si aspettano solo di poter spiccare il volo\u00a0 e servono risorse per chi con la leva del lavoro decuplica i vantaggi tradotti in posti di lavoro. <strong>PEDIATRI<\/strong> Vaccineranno per ora i genitori degli under 16 fragili, si sono resi disponibili a fare questo.<\/p><\/blockquote>\n<p>.<\/p>\n<p><a href=\"https:\/\/www.facebook.com\/ReteVeneta\/videos\/2731915963695695\">https:\/\/www.facebook.com\/ReteVeneta\/videos\/2731915963695695<\/a><\/p>\n<p>&nbsp;<\/p>\n<blockquote>\n<h3>LE PERSONE VACCINATE IN VENETO PER LA CATEGORIA &#8220;ALTRO&#8221;<\/h3>\n<\/blockquote>\n<a href=\"https:\/\/www.radiopiu.net\/wordpress\/wp-content\/uploads\/2021\/04\/VENETO_categoria-ALTRO_agg.-09.04.2021.pdf\" class=\"pdfemb-viewer\" style=\"\" data-width=\"max\" data-height=\"max\" data-toolbar=\"top\" data-toolbar-fixed=\"on\">VENETO_categoria ALTRO_agg. 09.04.2021<\/a>\n<p>&nbsp;<\/p>\n<p>&nbsp;<\/p>\n<hr \/>\n<p>&nbsp;<\/p>\n<blockquote>\n<h3>OGGI IL RECUPERO DELLE VACCINAZIONI OVER 80 A FELTRE<\/h3>\n<\/blockquote>\n<p><strong><a href=\"https:\/\/www.radiopiu.net\/wordpress\/vaccinazioni-a-ponte-nelle-alpi-il-6-e-7-aprile-convocate-600-persone-tra-70-e-79-anni\/vaccino_anti_covid\/\" rel=\"attachment wp-att-200891\"><img loading=\"lazy\" decoding=\"async\" class=\" wp-image-200891 alignleft\" src=\"https:\/\/www.radiopiu.net\/wordpress\/wp-content\/uploads\/2021\/04\/Vaccino_anti_Covid-300x167.jpg\" alt=\"\" width=\"234\" height=\"130\" srcset=\"https:\/\/www.radiopiu.net\/wordpress\/wp-content\/uploads\/2021\/04\/Vaccino_anti_Covid-300x167.jpg 300w, https:\/\/www.radiopiu.net\/wordpress\/wp-content\/uploads\/2021\/04\/Vaccino_anti_Covid-768x428.jpg 768w, https:\/\/www.radiopiu.net\/wordpress\/wp-content\/uploads\/2021\/04\/Vaccino_anti_Covid.jpg 943w\" sizes=\"auto, (max-width: 234px) 100vw, 234px\" \/><\/a>FELTRE <\/strong>Nel pomeriggio di ieri, a causa di un disguido organizzativo, il drive in vaccinale di Feltre \u00e8 rimasto sprovvisto di vaccino Pfizer. Alcune persone sono state quindi rinviate per poi essere in parte recuperate in serata, in seguito a un trasferimento straordinario di vaccino Moderna.\u00a0 Le persone con pi\u00f9 di 80 anni (circa 20) che non hanno potuto recuperare nel tardo pomeriggio la vaccinazione, potranno accedere al drive in di Feltre (ex Marangoni) oggi dalle 10 alle 16 per eseguire il vaccino Moderna.<\/p>\n<p>&nbsp;<\/p>\n<p>&nbsp;<\/p>\n<hr \/>\n<p>&nbsp;<\/p>\n<p>&nbsp;<\/p>\n<blockquote>\n<h3>DRIVE IN TAMPONI FELTRE: DA LUNED\u00cc 12 APRILE PUNTO TAMPONI AD ANZ\u00d9<\/h3>\n<\/blockquote>\n<p><strong><a href=\"https:\/\/www.radiopiu.net\/wordpress\/tampone-drive-in-a-feltre-per-chi-rientra-da-spagna-croazia-grecia-o-malta\/tampone\/\" rel=\"attachment wp-att-155278\"><img loading=\"lazy\" decoding=\"async\" class=\"size-medium wp-image-155278 alignleft\" src=\"https:\/\/www.radiopiu.net\/wordpress\/wp-content\/uploads\/2020\/08\/TAMPONE-300x200.jpg\" alt=\"\" width=\"300\" height=\"200\" srcset=\"https:\/\/www.radiopiu.net\/wordpress\/wp-content\/uploads\/2020\/08\/TAMPONE-300x200.jpg 300w, https:\/\/www.radiopiu.net\/wordpress\/wp-content\/uploads\/2020\/08\/TAMPONE-1024x683.jpg 1024w, https:\/\/www.radiopiu.net\/wordpress\/wp-content\/uploads\/2020\/08\/TAMPONE-768x512.jpg 768w, https:\/\/www.radiopiu.net\/wordpress\/wp-content\/uploads\/2020\/08\/TAMPONE-1536x1024.jpg 1536w, https:\/\/www.radiopiu.net\/wordpress\/wp-content\/uploads\/2020\/08\/TAMPONE.jpg 1920w\" sizes=\"auto, (max-width: 300px) 100vw, 300px\" \/><\/a>BELLUNO<\/strong> Da luned\u00ec 12 aprile 2021 il punto tamponi di FELTRE \u00e8 spostato ad ANZ\u00d9 \u2013 vicino al campo sportivo \u2013 Viale Santi Vittore e Corona,13 e sar\u00e0 attivo dal luned\u00ec al sabato dalle 8.30 alle 12.30. All\u2019ex Marangoni (localit\u00e0 Peschiera) rimane attivo il punto per le vaccinazioni che sar\u00e0 gestito in collaborazione con il team della Difesa. Da inizio novembre 2020 alla scorsa settimana \u00e8 stato operativo nell\u2019area dell\u2019ex Marangoni per l\u2019esecuzione dei tamponi il team Interforze della Difesa che dalla prossima settimana, invece, sar\u00e0 attivo a supporto delle sedute vaccinali. Si coglie l\u2019occasione per ringraziare la Polizia Locale di Feltre, le Volontarie della Croce Rossa Italiana, la Protezione Civile e l\u2019ANA di Feltre per il costante e continuo supporto assicurato in questi mesi per il buon funzionamento del punto tamponi di Feltre.<\/p>\n<p>&nbsp;<\/p>\n<p>&nbsp;<\/p>\n<hr \/>\n<p>&nbsp;<\/p>\n<p>&nbsp;<\/p>\n<blockquote>\n<h3>LA PRIMAVERA APRE AI NUOVI CANTIERI DI CESIOMAGGIORE E FELTRE<\/h3>\n<\/blockquote>\n<p><strong><a href=\"https:\/\/www.radiopiu.net\/wordpress\/la-primavera-apre-ai-nuovi-cantieri-di-cesiomaggiore-e-feltre\/2800b683-ebd8-4a28-82f8-43b3f9a023d2\/\" rel=\"attachment wp-att-202282\"><img loading=\"lazy\" decoding=\"async\" class=\" wp-image-202282 alignleft\" src=\"https:\/\/www.radiopiu.net\/wordpress\/wp-content\/uploads\/2021\/04\/2800b683-ebd8-4a28-82f8-43b3f9a023d2-225x300.jpg\" alt=\"\" width=\"142\" height=\"188\" srcset=\"https:\/\/www.radiopiu.net\/wordpress\/wp-content\/uploads\/2021\/04\/2800b683-ebd8-4a28-82f8-43b3f9a023d2-225x300.jpg 225w, https:\/\/www.radiopiu.net\/wordpress\/wp-content\/uploads\/2021\/04\/2800b683-ebd8-4a28-82f8-43b3f9a023d2-768x1024.jpg 768w, https:\/\/www.radiopiu.net\/wordpress\/wp-content\/uploads\/2021\/04\/2800b683-ebd8-4a28-82f8-43b3f9a023d2-1152x1536.jpg 1152w, https:\/\/www.radiopiu.net\/wordpress\/wp-content\/uploads\/2021\/04\/2800b683-ebd8-4a28-82f8-43b3f9a023d2.jpg 1536w\" sizes=\"auto, (max-width: 142px) 100vw, 142px\" \/><\/a>FELTRE<\/strong>\u00a0 L&#8217;assessore al Dissesto Idrogeologico Gianpaolo Bottacin oggi ha visitato diversi cantieri sul torrente Caorame, sul fiume Sonna e sul l torrente Ligont. <em>&#8220;Cantieri che, come nel caso di quelli in Val Canzoi a Cesio &#8211; spiega l&#8217;assessore -, hanno il duplice scopo di garantire la sicurezza idraulica del territorio ma anche preservare nella sua bellezza un&#8217;area di fondamentale importanza turistica&#8221;.<\/em> Due gli interventi\u00a0 per consolidamenti arginali e di frane di cui uno in pieno svolgimento, del valore di 1,2 milioni di euro, lo sta seguendo il Comune come soggetto attuatore all&#8217;interno del piano Vaia, e un&#8217;altro gi\u00e0 completato dagli uffici del Genio Civile di Belluno e utile anche per la viabilit\u00e0 comunale per 840mila euro. A Feltre Bottacin ha invece fatto tappa ai lavori di difesa spondale e ripristino funzionale di un tratto d&#8217;argine del fiume Sonna in localit\u00e0 Canal:<em> &#8220;Lavori, per un importo di circa 543mila, allo scopo di proteggere dall\u2019azione erosiva un tratto della strada di collegamento per la frazione di Canal e ripristinare la funzionalit\u00e0 di un tratto arginale, posto in prossimit\u00e0 dell&#8217;abitato, interessato da puntuali fenomeni di sifonamento&#8221;.<\/em><br \/>\nNell\u2019ambito dell\u2019intervento si \u00e8 reso necessario provvedere alla rimozione del ponte pedonale posto in prossimit\u00e0 del depuratore sul fiume Sonna, gli elementi dell\u2019impalcato collassato in alveo a seguito degli eventi alluvionali costituiscono una riduzione della sezione utile al deflusso. &#8220;Sul torrente Ligont, a ridosso del ponte di via Cattarossi e nel sottostante tratto canalizzato che arriva a costeggiare l&#8217;ospedale di Feltre &#8211; conclude Bottacin &#8211; sono state realizzate dai Servizi Forestali della Regione delle scogliere per eliminare alcune importanti erosioni spondali (150mila euro), punto efficace durante l&#8217;alluvione del dicembre 2020, il ponte di via Cattarossi \u00e8 infatti rimasto sgombro da detriti e l&#8217;acqua \u00e8 defluita regolarmente restando dentro l&#8217;alveo.<\/p>\n<p>&nbsp;<\/p>\n<p><strong>GIANPAOLO BOTTACIN<\/strong><\/p>\n<div style=\"width: 640px;\" class=\"wp-video\"><video class=\"wp-video-shortcode\" id=\"video-202129-1\" width=\"640\" height=\"352\" preload=\"metadata\" controls=\"controls\"><source type=\"video\/mp4\" src=\"https:\/\/www.radiopiu.net\/wordpress\/wp-content\/uploads\/2021\/04\/WhatsApp-Video-2021-04-09-at-13.19.07.mp4?_=1\" \/><a href=\"https:\/\/www.radiopiu.net\/wordpress\/wp-content\/uploads\/2021\/04\/WhatsApp-Video-2021-04-09-at-13.19.07.mp4\">https:\/\/www.radiopiu.net\/wordpress\/wp-content\/uploads\/2021\/04\/WhatsApp-Video-2021-04-09-at-13.19.07.mp4<\/a><\/video><\/div>\n<p>&nbsp;<\/p>\n<p>&nbsp;<\/p>\n<p>&nbsp;<\/p>\n<hr \/>\n<p>&nbsp;<\/p>\n<p>&nbsp;<\/p>\n<blockquote>\n<h2>CONCLUSI I LAVORI A SCALON DI QUERO-VAS, LE INNOVATIVE BRIGLIE DELLA PROVINCIA<\/h2>\n<\/blockquote>\n<blockquote><p><em><span style=\"font-size: 14pt;\">Bortoluzzi: \u00abUn intervento da 220mila euro per mettere in sicurezza gli abitati oltre che la viabilit\u00e0 provinciale\u00bb<\/span><\/em><\/p>\n<p><span style=\"font-size: 13pt;\"><strong>BELLUNO<\/strong> Un innovativo sistema di briglie metalliche ha risolto il problema della frana a Scalon, intervento disposto dalla Provincia concluso nei giorni scorsi. Gli eventi meteo di inizio dicembre 2020, hanno provocato una colata detritica di vaste proporzioni. Ghiaia e fango erano scesi dal versante in localit\u00e0 Miuzzi, fino ad arrivare nei pressi dell\u2019abitato di Scalon e interessare la strada provinciale 1 bis \u201cMadonna del Piave\u201d.<\/span><br \/>\n<span style=\"font-size: 13pt;\">Il progetto: realizzazione di un canale di scarico dell\u2019acqua, dal salto di roccia del versante fino al Piave, con una prima parte a cielo aperto e la seconda attraverso una tubazione sotto la strada provinciale, \u00e8 stata realizzata una vasca di dissipazione dell\u2019energia dell\u2019acqua, con un sistema di innovative briglie metalliche.<\/span><\/p><\/blockquote>\n<p><strong>AI MICROFONI DI RADIO PIU IL CONSIGLIERE MASSIMO BORTOLUZZI<\/strong><\/p>\n<audio class=\"wp-audio-shortcode\" id=\"audio-202129-12\" preload=\"none\" style=\"width: 100%;\" controls=\"controls\"><source type=\"audio\/mpeg\" src=\"https:\/\/www.radiopiu.net\/wordpress\/wp-content\/uploads\/2021\/04\/borto.mp3?_=12\" \/><a href=\"https:\/\/www.radiopiu.net\/wordpress\/wp-content\/uploads\/2021\/04\/borto.mp3\">https:\/\/www.radiopiu.net\/wordpress\/wp-content\/uploads\/2021\/04\/borto.mp3<\/a><\/audio>\n<p>&nbsp;<\/p>\n\n\t\t\t<style type='text\/css'>\n\t\t\t\t#gallery-3 {\n\t\t\t\t\tmargin: auto;\n\t\t\t\t}\n\t\t\t\t#gallery-3 .gallery-item {\n\t\t\t\t\tfloat: left;\n\t\t\t\t\tmargin-top: 10px;\n\t\t\t\t\ttext-align: center;\n\t\t\t\t\twidth: 20%;\n\t\t\t\t}\n\t\t\t\t#gallery-3 img {\n\t\t\t\t\tborder: 2px solid #cfcfcf;\n\t\t\t\t}\n\t\t\t\t#gallery-3 .gallery-caption {\n\t\t\t\t\tmargin-left: 0;\n\t\t\t\t}\n\t\t\t\t\/* see gallery_shortcode() in wp-includes\/media.php *\/\n\t\t\t<\/style>\n\t\t<div id='gallery-3' class='dt-gallery-container gallery galleryid-202129 gallery-columns-5 gallery-size-thumbnail'><dl class='gallery-item'>\n\t\t\t\t<dt class='gallery-icon portrait'>\n\t\t\t\t\t<a class=\"rollover rollover-zoom dt-pswp-item\" title=\"PHOTO-2021-04-06-22-32-19-1\" data-dt-img-description=\"\" data-large_image_width=\"1536\" data-large_image_height=\"2048\"href='https:\/\/www.radiopiu.net\/wordpress\/wp-content\/uploads\/2021\/04\/PHOTO-2021-04-06-22-32-19-1.jpg'><img loading=\"lazy\" decoding=\"async\" width=\"150\" height=\"150\" src=\"https:\/\/www.radiopiu.net\/wordpress\/wp-content\/uploads\/2021\/04\/PHOTO-2021-04-06-22-32-19-1-150x150.jpg\" class=\"attachment-thumbnail size-thumbnail\" alt=\"\" \/><\/a>\n\t\t\t\t<\/dt><\/dl><dl class='gallery-item'>\n\t\t\t\t<dt class='gallery-icon landscape'>\n\t\t\t\t\t<a class=\"rollover rollover-zoom dt-pswp-item\" title=\"PHOTO-2021-04-06-22-32-19\" data-dt-img-description=\"\" data-large_image_width=\"2048\" data-large_image_height=\"1536\"href='https:\/\/www.radiopiu.net\/wordpress\/wp-content\/uploads\/2021\/04\/PHOTO-2021-04-06-22-32-19.jpg'><img loading=\"lazy\" decoding=\"async\" width=\"150\" height=\"150\" src=\"https:\/\/www.radiopiu.net\/wordpress\/wp-content\/uploads\/2021\/04\/PHOTO-2021-04-06-22-32-19-150x150.jpg\" class=\"attachment-thumbnail size-thumbnail\" alt=\"\" \/><\/a>\n\t\t\t\t<\/dt><\/dl><dl class='gallery-item'>\n\t\t\t\t<dt class='gallery-icon landscape'>\n\t\t\t\t\t<a class=\"rollover rollover-zoom dt-pswp-item\" title=\"PHOTO-2021-04-06-22-32-18-1\" data-dt-img-description=\"\" data-large_image_width=\"2048\" data-large_image_height=\"1536\"href='https:\/\/www.radiopiu.net\/wordpress\/wp-content\/uploads\/2021\/04\/PHOTO-2021-04-06-22-32-18-1.jpg'><img loading=\"lazy\" decoding=\"async\" width=\"150\" height=\"150\" src=\"https:\/\/www.radiopiu.net\/wordpress\/wp-content\/uploads\/2021\/04\/PHOTO-2021-04-06-22-32-18-1-150x150.jpg\" class=\"attachment-thumbnail size-thumbnail\" alt=\"\" \/><\/a>\n\t\t\t\t<\/dt><\/dl><dl class='gallery-item'>\n\t\t\t\t<dt class='gallery-icon portrait'>\n\t\t\t\t\t<a class=\"rollover rollover-zoom dt-pswp-item\" title=\"PHOTO-2021-04-06-22-32-18\" data-dt-img-description=\"\" data-large_image_width=\"1536\" data-large_image_height=\"2048\"href='https:\/\/www.radiopiu.net\/wordpress\/wp-content\/uploads\/2021\/04\/PHOTO-2021-04-06-22-32-18.jpg'><img loading=\"lazy\" decoding=\"async\" width=\"150\" height=\"150\" src=\"https:\/\/www.radiopiu.net\/wordpress\/wp-content\/uploads\/2021\/04\/PHOTO-2021-04-06-22-32-18-150x150.jpg\" class=\"attachment-thumbnail size-thumbnail\" alt=\"\" \/><\/a>\n\t\t\t\t<\/dt><\/dl><dl class='gallery-item'>\n\t\t\t\t<dt class='gallery-icon landscape'>\n\t\t\t\t\t<a class=\"rollover rollover-zoom dt-pswp-item\" title=\"PHOTO-2021-04-06-22-32-20\" data-dt-img-description=\"\" data-large_image_width=\"2048\" data-large_image_height=\"1536\"href='https:\/\/www.radiopiu.net\/wordpress\/wp-content\/uploads\/2021\/04\/PHOTO-2021-04-06-22-32-20.jpg'><img loading=\"lazy\" decoding=\"async\" width=\"150\" height=\"150\" src=\"https:\/\/www.radiopiu.net\/wordpress\/wp-content\/uploads\/2021\/04\/PHOTO-2021-04-06-22-32-20-150x150.jpg\" class=\"attachment-thumbnail size-thumbnail\" alt=\"\" \/><\/a>\n\t\t\t\t<\/dt><\/dl><br style=\"clear: both\" \/>\n\t\t\t<\/div>\n\n<p>&nbsp;<\/p>\n<p>&nbsp;<\/p>\n<p>&nbsp;<\/p>\n<hr \/>\n<blockquote>\n<h3><img loading=\"lazy\" decoding=\"async\" class=\"alignleft\" src=\"https:\/\/www.radiopiu.net\/wordpress\/wp-content\/uploads\/2021\/04\/Ecocentro-Feltre.jpg\" width=\"183\" height=\"137\" \/>RIMODULAZIONE DEGLI ORARI PER L&#8217;ECOCENTRO E POTENZIAMENTO DEI SERVIZI DI PULIZIA DEL CENTRO<\/h3>\n<\/blockquote>\n<p align=\"JUSTIFY\"><span style=\"font-size: large;\"><strong>FELTRE<\/strong> Cambiano gli orari dell&#8217;ecocentro\u00a0 in zona Peschiera, Da luned\u00ec 19 aprile l&#8217;accesso mattutino all&#8217;ecocentro sar\u00e0 anticipato alle ore 07 (in precedenza l&#8217;apertura avveniva dalle 08,30). Questi i nuovi orari: luned\u00ec \u2013 marted\u00ec \u2013 gioved\u00ec e venerd\u00ec dalle 07 alle 12.00; mercoled\u00ec dalle 12.30 alle 17.30; sabato dalle 08.30 alle 12.00. Parallelamente, sempre da luned\u00ec 19 aprile, varier\u00e0 anche l\u2019orario dell\u2019Ecosportello situato presso i Magazzini Comunali di via Vignigole, che sar\u00e0 accessibile il luned\u00ec dalle 10 alle 12 e dalle 15 alle 16 e il gioved\u00ec dalle 10 alle 12. Novit\u00e0 in arrivo anche per quanto concerne la pulizia del centro citt\u00e0 ed in particolare lo svuotamento dei cestini dislocati soprattutto lungo l\u2019area pedonale. Gi\u00e0 da domenica 11 aprile \u00e8 infatti previsto un servizio supplementare di svuotamento e raccolta che sar\u00e0 effettuato nei giorni di domenica tra le ore 6 e le ore 8.<\/span><\/p>\n<p align=\"JUSTIFY\"><strong>L&#8217;ASSESSORE ADIS ZATTA<\/strong><\/p>\n<audio class=\"wp-audio-shortcode\" id=\"audio-202129-13\" preload=\"none\" style=\"width: 100%;\" controls=\"controls\"><source type=\"audio\/mpeg\" src=\"https:\/\/www.radiopiu.net\/wordpress\/wp-content\/uploads\/2021\/04\/zatta-da-feltre.mp3?_=13\" \/><a href=\"https:\/\/www.radiopiu.net\/wordpress\/wp-content\/uploads\/2021\/04\/zatta-da-feltre.mp3\">https:\/\/www.radiopiu.net\/wordpress\/wp-content\/uploads\/2021\/04\/zatta-da-feltre.mp3<\/a><\/audio>\n<p>&nbsp;<\/p>\n<p>&nbsp;<\/p>\n<hr \/>\n<p>&nbsp;<\/p>\n<blockquote>\n<h3>A BELLUNO UN INCOMPRESO ARTISTA DEL VERDE URBANO<\/h3>\n<\/blockquote>\n<p><strong>di Anacleto Boranga<\/strong><\/p>\n<blockquote><p><span style=\"font-family: Calibri, serif;\">Dostoevski :\u201dLa bellezza salver\u00e0 il mondo\u201d Possiamo richiamare questa frase a proposito delle mirabili architetture arboree realizzate da un autentico artista del verde urbano bellunese. Peccato che queste opere non siano riconosciute e addirittura non ammesse dalle normative comunali (Regolamento di esecuzione del Piano Regolatore) e nemmeno da quelle ministeriali ( DM 10 marzo 2020). Ma l\u2019incompreso protagonista dei capolavori, per fortuna, non lo sa e continua ad operare per la gioia dei nostri occhi.<\/span><\/p><\/blockquote>\n\n\t\t\t<style type='text\/css'>\n\t\t\t\t#gallery-4 {\n\t\t\t\t\tmargin: auto;\n\t\t\t\t}\n\t\t\t\t#gallery-4 .gallery-item {\n\t\t\t\t\tfloat: left;\n\t\t\t\t\tmargin-top: 10px;\n\t\t\t\t\ttext-align: center;\n\t\t\t\t\twidth: 25%;\n\t\t\t\t}\n\t\t\t\t#gallery-4 img {\n\t\t\t\t\tborder: 2px solid #cfcfcf;\n\t\t\t\t}\n\t\t\t\t#gallery-4 .gallery-caption {\n\t\t\t\t\tmargin-left: 0;\n\t\t\t\t}\n\t\t\t\t\/* see gallery_shortcode() in wp-includes\/media.php *\/\n\t\t\t<\/style>\n\t\t<div id='gallery-4' class='dt-gallery-container gallery galleryid-202129 gallery-columns-4 gallery-size-thumbnail'><dl class='gallery-item'>\n\t\t\t\t<dt class='gallery-icon landscape'>\n\t\t\t\t\t<a class=\"rollover rollover-zoom dt-pswp-item\" title=\"1\" data-dt-img-description=\"\" data-large_image_width=\"1092\" data-large_image_height=\"819\"href='https:\/\/www.radiopiu.net\/wordpress\/wp-content\/uploads\/2021\/04\/1.jpg'><img loading=\"lazy\" decoding=\"async\" width=\"150\" height=\"150\" src=\"https:\/\/www.radiopiu.net\/wordpress\/wp-content\/uploads\/2021\/04\/1-150x150.jpg\" class=\"attachment-thumbnail size-thumbnail\" alt=\"\" \/><\/a>\n\t\t\t\t<\/dt><\/dl><dl class='gallery-item'>\n\t\t\t\t<dt class='gallery-icon landscape'>\n\t\t\t\t\t<a class=\"rollover rollover-zoom dt-pswp-item\" title=\"3\" data-dt-img-description=\"\" data-large_image_width=\"1060\" data-large_image_height=\"795\"href='https:\/\/www.radiopiu.net\/wordpress\/wp-content\/uploads\/2021\/04\/3.jpg'><img loading=\"lazy\" decoding=\"async\" width=\"150\" height=\"150\" src=\"https:\/\/www.radiopiu.net\/wordpress\/wp-content\/uploads\/2021\/04\/3-150x150.jpg\" class=\"attachment-thumbnail size-thumbnail\" alt=\"\" \/><\/a>\n\t\t\t\t<\/dt><\/dl><dl class='gallery-item'>\n\t\t\t\t<dt class='gallery-icon portrait'>\n\t\t\t\t\t<a class=\"rollover rollover-zoom dt-pswp-item\" title=\"5\" data-dt-img-description=\"\" data-large_image_width=\"1044\" data-large_image_height=\"1392\"href='https:\/\/www.radiopiu.net\/wordpress\/wp-content\/uploads\/2021\/04\/5.jpg'><img loading=\"lazy\" decoding=\"async\" width=\"150\" height=\"150\" src=\"https:\/\/www.radiopiu.net\/wordpress\/wp-content\/uploads\/2021\/04\/5-150x150.jpg\" class=\"attachment-thumbnail size-thumbnail\" alt=\"\" \/><\/a>\n\t\t\t\t<\/dt><\/dl><dl class='gallery-item'>\n\t\t\t\t<dt class='gallery-icon landscape'>\n\t\t\t\t\t<a class=\"rollover rollover-zoom dt-pswp-item\" title=\"4\" data-dt-img-description=\"\" data-large_image_width=\"1092\" data-large_image_height=\"819\"href='https:\/\/www.radiopiu.net\/wordpress\/wp-content\/uploads\/2021\/04\/4.jpg'><img loading=\"lazy\" decoding=\"async\" width=\"150\" height=\"150\" src=\"https:\/\/www.radiopiu.net\/wordpress\/wp-content\/uploads\/2021\/04\/4-150x150.jpg\" class=\"attachment-thumbnail size-thumbnail\" alt=\"\" \/><\/a>\n\t\t\t\t<\/dt><\/dl><br style=\"clear: both\" \/><dl class='gallery-item'>\n\t\t\t\t<dt class='gallery-icon landscape'>\n\t\t\t\t\t<a class=\"rollover rollover-zoom dt-pswp-item\" title=\"2\" data-dt-img-description=\"\" data-large_image_width=\"1048\" data-large_image_height=\"786\"href='https:\/\/www.radiopiu.net\/wordpress\/wp-content\/uploads\/2021\/04\/2.jpg'><img loading=\"lazy\" decoding=\"async\" width=\"150\" height=\"150\" src=\"https:\/\/www.radiopiu.net\/wordpress\/wp-content\/uploads\/2021\/04\/2-150x150.jpg\" class=\"attachment-thumbnail size-thumbnail\" alt=\"\" \/><\/a>\n\t\t\t\t<\/dt><\/dl><dl class='gallery-item'>\n\t\t\t\t<dt class='gallery-icon landscape'>\n\t\t\t\t\t<a class=\"rollover rollover-zoom dt-pswp-item\" title=\"7\" data-dt-img-description=\"\" data-large_image_width=\"960\" data-large_image_height=\"720\"href='https:\/\/www.radiopiu.net\/wordpress\/wp-content\/uploads\/2021\/04\/7.jpg'><img loading=\"lazy\" decoding=\"async\" width=\"150\" height=\"150\" src=\"https:\/\/www.radiopiu.net\/wordpress\/wp-content\/uploads\/2021\/04\/7-150x150.jpg\" class=\"attachment-thumbnail size-thumbnail\" alt=\"\" \/><\/a>\n\t\t\t\t<\/dt><\/dl><dl class='gallery-item'>\n\t\t\t\t<dt class='gallery-icon landscape'>\n\t\t\t\t\t<a class=\"rollover rollover-zoom dt-pswp-item\" title=\"6\" data-dt-img-description=\"\" data-large_image_width=\"1092\" data-large_image_height=\"819\"href='https:\/\/www.radiopiu.net\/wordpress\/wp-content\/uploads\/2021\/04\/6.jpg'><img loading=\"lazy\" decoding=\"async\" width=\"150\" height=\"150\" src=\"https:\/\/www.radiopiu.net\/wordpress\/wp-content\/uploads\/2021\/04\/6-150x150.jpg\" class=\"attachment-thumbnail size-thumbnail\" alt=\"\" \/><\/a>\n\t\t\t\t<\/dt><\/dl>\n\t\t\t\t<br style='clear: both' \/>\n\t\t\t<\/div>\n\n<p>&nbsp;<\/p>\n<p>&nbsp;<\/p>\n<p>&nbsp;<\/p>\n<hr \/>\n<p>&nbsp;<\/p>\n<p>&nbsp;<\/p>\n<blockquote>\n<h2>LA CASSA RURALE DOLOMITI VICINA AI VIGILI DEL FUOCO VOLONTARI<\/h2>\n<p><img loading=\"lazy\" decoding=\"async\" class=\"aligncenter\" src=\"https:\/\/www.radiopiu.net\/wordpress\/wp-content\/uploads\/2021\/04\/bc4606bb-d82d-45a1-b3f1-2cc6981c12ed.jpg\" width=\"423\" height=\"317\" \/><\/p><\/blockquote>\n<p>&nbsp;<\/p>\n<p><strong><a href=\"https:\/\/www.radiopiu.net\/wordpress\/la-cassa-rurale-dolomiti-vicina-ai-vigili-del-fuoco-volontari\/65a2ece5-e46c-4158-b0bf-fa2785ba56ac\/\" rel=\"attachment wp-att-202276\"><img loading=\"lazy\" decoding=\"async\" class=\" wp-image-202276 alignleft\" src=\"https:\/\/www.radiopiu.net\/wordpress\/wp-content\/uploads\/2021\/04\/65a2ece5-e46c-4158-b0bf-fa2785ba56ac-300x225.jpg\" alt=\"\" width=\"182\" height=\"137\" srcset=\"https:\/\/www.radiopiu.net\/wordpress\/wp-content\/uploads\/2021\/04\/65a2ece5-e46c-4158-b0bf-fa2785ba56ac-300x225.jpg 300w, https:\/\/www.radiopiu.net\/wordpress\/wp-content\/uploads\/2021\/04\/65a2ece5-e46c-4158-b0bf-fa2785ba56ac-1024x768.jpg 1024w, https:\/\/www.radiopiu.net\/wordpress\/wp-content\/uploads\/2021\/04\/65a2ece5-e46c-4158-b0bf-fa2785ba56ac-768x576.jpg 768w, https:\/\/www.radiopiu.net\/wordpress\/wp-content\/uploads\/2021\/04\/65a2ece5-e46c-4158-b0bf-fa2785ba56ac-1536x1152.jpg 1536w, https:\/\/www.radiopiu.net\/wordpress\/wp-content\/uploads\/2021\/04\/65a2ece5-e46c-4158-b0bf-fa2785ba56ac.jpg 2016w\" sizes=\"auto, (max-width: 182px) 100vw, 182px\" \/><\/a><\/strong><\/p>\n<p><strong>AGORDO<\/strong> I vigili del fuoco volontari Agordo sono una gran bella squadra e la loro importanza sul territorio \u00e8 nota. L&#8217;Istituto di Credito con filiale anche ad Agordo vuole essere vicina ai pompieri volontari con una donazione importante, come ricorda il coordinatore Claudio Tancon che non manca di lanciare un importante appello rivolto ai giovani <em>&#8220;fatevi avanti che questo \u00e8 un mondo bellissimo&#8221;<\/em><\/p>\n<p>&nbsp;<\/p>\n<audio class=\"wp-audio-shortcode\" id=\"audio-202129-14\" preload=\"none\" style=\"width: 100%;\" controls=\"controls\"><source type=\"audio\/mpeg\" src=\"https:\/\/www.radiopiu.net\/wordpress\/wp-content\/uploads\/2021\/04\/claudio-tancon.mp3?_=14\" \/><a href=\"https:\/\/www.radiopiu.net\/wordpress\/wp-content\/uploads\/2021\/04\/claudio-tancon.mp3\">https:\/\/www.radiopiu.net\/wordpress\/wp-content\/uploads\/2021\/04\/claudio-tancon.mp3<\/a><\/audio>\n<p>&nbsp;<\/p>\n<p><strong>DAL CORRIERE DELLE ALPI\u00a0 DI GIANNI SANTOMASO<\/strong><\/p>\n<audio class=\"wp-audio-shortcode\" id=\"audio-202129-15\" preload=\"none\" style=\"width: 100%;\" controls=\"controls\"><source type=\"audio\/mpeg\" src=\"https:\/\/www.radiopiu.net\/wordpress\/wp-content\/uploads\/2021\/04\/GIANNI-DONO-VIGILI-FUOCO-AGORDO.mp3?_=15\" \/><a href=\"https:\/\/www.radiopiu.net\/wordpress\/wp-content\/uploads\/2021\/04\/GIANNI-DONO-VIGILI-FUOCO-AGORDO.mp3\">https:\/\/www.radiopiu.net\/wordpress\/wp-content\/uploads\/2021\/04\/GIANNI-DONO-VIGILI-FUOCO-AGORDO.mp3<\/a><\/audio>\n<p>&nbsp;<\/p>\n<hr \/>\n<p>&nbsp;<\/p>\n<p>&nbsp;<\/p>\n<blockquote>\n<h3>ALBERI DI NATALE DESTINATI ALLA DISCARICA SARANNO PIANTATI AD AGORDO<\/h3>\n<\/blockquote>\n<p><strong><img loading=\"lazy\" decoding=\"async\" class=\"alignleft\" src=\"https:\/\/www.radiopiu.net\/wordpress\/wp-content\/uploads\/2021\/02\/Attorno-alla-fontana-del-Broi-di-Agordo-4.jpeg\" width=\"269\" height=\"202\" \/>AGORDO<\/strong> Nel mese di gennaio, il circolo di Europa Verde di Noale ha lanciato nei social un appello per recuperare gli alberi di Natale che, a fine festivit\u00e0, sarebbero stati destinati alla discarica. Moltissimi sono i cittadini che hanno raccolto il nostro invito e che ci hanno donato i loro abeti.\u00a0 Sabato dalle\u00a0 9.30 saranno portati\u00a0 ad Agordo e piantumati in accordo col Comune di Agordo. Il progetto\u00a0 &#8220;Adottiamo gli alberi di Natale\u201d \u00e8 stato appoggiato, oltre che da numerosi commercianti noalesi, anche dalla cooperativa \u201cll Germoglio&#8221; di Salzano, che ha donato gli abeti usati per addobbare le piazze di Noale.\u00a0 Alla fine sono stati raccolti circa sessanta alberi in vaso. L&#8217;iniziativa \u00e8 nata perch\u00e8 Europa Verde \u00e8 convinta che gli alberi siano protagonisti strategici contro i cambiamenti climatici per le loro note caratteristiche e utili per una riforestazione dei nostri territori cos\u00ec tanto antropizzati.\u00a0 Un dono\u00a0 ad un&#8217;area colpita dalla tempesta Vaia. Il Comune di Agordo ha accolto con entusiasmo la\u00a0 proposta rendendo disponibile un&#8217;area a suo tempo colpita dal Vaia ed ora bonificata dagli alberi caduti e pronta per accogliere nuove piantumazioni. Domani ad Agordo sar\u00e0 presente\u00a0 per il Comune di Agordo il consigliere Davide Conedera che ha seguito dall&#8217;inizio il progetto per\u00a0 l&#8217;individuazione dell&#8217;area pi\u00f9 idonea, per i Verdi della provincia di Belluno, ci sar\u00e0 il portavoce Luigino Tonus.<\/p>\n<p>foto Nico Tancon<\/p>\n<p><strong>DAL CORRIERE DELLE ALPI\u00a0 DI GIANNI SANTOMASO<\/strong><\/p>\n<audio class=\"wp-audio-shortcode\" id=\"audio-202129-16\" preload=\"none\" style=\"width: 100%;\" controls=\"controls\"><source type=\"audio\/mpeg\" src=\"https:\/\/www.radiopiu.net\/wordpress\/wp-content\/uploads\/2021\/04\/GIANNI-ALBERI-AGORDO.mp3?_=16\" \/><a href=\"https:\/\/www.radiopiu.net\/wordpress\/wp-content\/uploads\/2021\/04\/GIANNI-ALBERI-AGORDO.mp3\">https:\/\/www.radiopiu.net\/wordpress\/wp-content\/uploads\/2021\/04\/GIANNI-ALBERI-AGORDO.mp3<\/a><\/audio>\n<p>&nbsp;<\/p>\n<hr \/>\n<h2><\/h2>\n<p>&nbsp;<\/p>\n<blockquote>\n<h2>GIORNATA NAZIONALE PER LA DONAZIONE E IL TRAPIANTO DI ORGANI<\/h2>\n<\/blockquote>\n<p>&nbsp;<\/p>\n<p><strong>BELLUNO<\/strong> Anche la sezione Aido (donatori di organi) di Belluno celebra domenica\u00a0 la giornata nazionale per la donazione e il trapianto di organi con una serata in videoconferenza, nella quale l\u2019associazione bellunese ospiter\u00e0 alcuni degli attori principali di questa catena virtuosa che \u00e8 la donazione di organi. L\u2019appuntamento \u00e8 alle 20 in diretta su Facebook e Youtube con il presidente della Provincia Roberto Padrin, la direttrice generale dell\u2019Ulss 1 Dolomiti Maria Grazia Carraro, alcuni infermieri del coordinamento locale Trapianti di Belluno, ma anche Claudio Basso e Alan De Slucca per portare la loro testimonianza di trapiantati di organo (rispettivamente polmoni e rene e fegato e rene, per dare ancor pi\u00f9 forza al messaggio di questa giornata. Marted\u00ec 13 aprile alle 20.15 nuovo incontro via Zoom dal titolo &#8220;La virtuosa catena del dono&#8221; inserito nel programma del corso Aido Belluno per nuovi volontari, aperto anche a chi fa gi\u00e0 parte dell\u2019associazione ma vuole rinfrescare un po\u2019 di conoscenze sul tema.\u00a0 Venerd\u00ec 30 aprile nuovo appuntamento, con una serata dedicata alla storia di Aido e dei trapianti, oltre che alla scoperta della prevenzione alle malattie che portano a un trapianto. La partecipazione al corso \u00e8 libera ma la prenotazione \u00e8 obbligatoria via mail a belluno.provincia@aido.it. Venerd\u00ec 16 aprile alle 21 si terr\u00e0 l\u2019assemblea della sezione pluricomunale di Aido Valbelluna, da poco rifondata, per parlare delle attivit\u00e0 svolte nel 2020, tracciare e approvare il bilancio consuntivo del 2020 e il preventivo 2021, con la presentazione e la discussione del documento e delle indicazioni per le attivit\u00e0 in previsione quest\u2019anno. Anche in questo caso va prenotata la propria partecipazione a belluno.provincia@aido.it.<\/p>\n\n\t\t\t<style type='text\/css'>\n\t\t\t\t#gallery-5 {\n\t\t\t\t\tmargin: auto;\n\t\t\t\t}\n\t\t\t\t#gallery-5 .gallery-item {\n\t\t\t\t\tfloat: left;\n\t\t\t\t\tmargin-top: 10px;\n\t\t\t\t\ttext-align: center;\n\t\t\t\t\twidth: 33%;\n\t\t\t\t}\n\t\t\t\t#gallery-5 img {\n\t\t\t\t\tborder: 2px solid #cfcfcf;\n\t\t\t\t}\n\t\t\t\t#gallery-5 .gallery-caption {\n\t\t\t\t\tmargin-left: 0;\n\t\t\t\t}\n\t\t\t\t\/* see gallery_shortcode() in wp-includes\/media.php *\/\n\t\t\t<\/style>\n\t\t<div id='gallery-5' class='dt-gallery-container gallery galleryid-202129 gallery-columns-3 gallery-size-thumbnail'><dl class='gallery-item'>\n\t\t\t\t<dt class='gallery-icon landscape'>\n\t\t\t\t\t<a class=\"rollover rollover-zoom dt-pswp-item\" title=\"3. Banchetto Aido Limana sindaca De Zanet presidente Nabari\" data-dt-img-description=\"\" data-large_image_width=\"852\" data-large_image_height=\"564\"href='https:\/\/www.radiopiu.net\/wordpress\/wp-content\/uploads\/2021\/04\/3.-Banchetto-Aido-Limana-sindaca-De-Zanet-presidente-Nabari.jpg'><img loading=\"lazy\" decoding=\"async\" width=\"150\" height=\"150\" src=\"https:\/\/www.radiopiu.net\/wordpress\/wp-content\/uploads\/2021\/04\/3.-Banchetto-Aido-Limana-sindaca-De-Zanet-presidente-Nabari-150x150.jpg\" class=\"attachment-thumbnail size-thumbnail\" alt=\"\" \/><\/a>\n\t\t\t\t<\/dt><\/dl><dl class='gallery-item'>\n\t\t\t\t<dt class='gallery-icon landscape'>\n\t\t\t\t\t<a class=\"rollover rollover-zoom dt-pswp-item\" title=\"3. Banchetto Aido pasqua\" data-dt-img-description=\"\" data-large_image_width=\"719\" data-large_image_height=\"471\"href='https:\/\/www.radiopiu.net\/wordpress\/wp-content\/uploads\/2021\/04\/3.-Banchetto-Aido-pasqua.jpg'><img loading=\"lazy\" decoding=\"async\" width=\"150\" height=\"150\" src=\"https:\/\/www.radiopiu.net\/wordpress\/wp-content\/uploads\/2021\/04\/3.-Banchetto-Aido-pasqua-150x150.jpg\" class=\"attachment-thumbnail size-thumbnail\" alt=\"\" \/><\/a>\n\t\t\t\t<\/dt><\/dl><dl class='gallery-item'>\n\t\t\t\t<dt class='gallery-icon landscape'>\n\t\t\t\t\t<a class=\"rollover rollover-zoom dt-pswp-item\" title=\"3 Alan De Slucca\" data-dt-img-description=\"\" data-large_image_width=\"283\" data-large_image_height=\"282\"href='https:\/\/www.radiopiu.net\/wordpress\/wp-content\/uploads\/2021\/04\/3-Alan-De-Slucca.jpg'><img loading=\"lazy\" decoding=\"async\" width=\"150\" height=\"150\" src=\"https:\/\/www.radiopiu.net\/wordpress\/wp-content\/uploads\/2021\/04\/3-Alan-De-Slucca-150x150.jpg\" class=\"attachment-thumbnail size-thumbnail\" alt=\"\" srcset=\"https:\/\/www.radiopiu.net\/wordpress\/wp-content\/uploads\/2021\/04\/3-Alan-De-Slucca-150x150.jpg 150w, https:\/\/www.radiopiu.net\/wordpress\/wp-content\/uploads\/2021\/04\/3-Alan-De-Slucca.jpg 283w\" sizes=\"auto, (max-width: 150px) 100vw, 150px\" \/><\/a>\n\t\t\t\t<\/dt><\/dl><br style=\"clear: both\" \/>\n\t\t\t<\/div>\n\n<p>&nbsp;<\/p>\n<p>&nbsp;<\/p>\n<hr \/>\n<p>&nbsp;<\/p>\n<blockquote>\n<h2><span lang=\"it-IT\"><b>IL LIONS CLUB FELTRE CASTELLO DI ALBOIONO DONA\u00a0<\/b><\/span><span style=\"color: #000000;\"><span style=\"font-family: Helvetica, serif;\"><span style=\"font-size: small;\"><span lang=\"it-IT\"><b>TELEVISORI, VIDEOTELEFONI E DPI PER GLI ANZIANI DELLE RSA DEL TERRITORIO<\/b><\/span><\/span><\/span><\/span><\/h2>\n<\/blockquote>\n<p lang=\"it-IT\" align=\"LEFT\"><span style=\"color: #000000;\"><span style=\"font-family: Helvetica, serif;\"><span style=\"font-size: small;\"><span lang=\"it-IT\">La consegna <\/span><span style=\"font-family: Arial Unicode MS, serif;\"><span lang=\"it-IT\">\u00e8 <\/span><\/span><span lang=\"it-IT\">avvenuta nelle settimane scorse. Ad accompagnare la presidente i soci Milva Tremea, Federica Stien presidente di Circoscrizione e Sergio Cugnach. <\/span><\/span><\/span><\/span><span style=\"color: #000000;\"><span style=\"font-family: Helvetica, serif;\"><span style=\"font-size: small;\"><span lang=\"it-IT\">Ad accogliere i lions nella parte esterna la struttura la direttrice Vania Lotto, alcuni operatori ed ospiti, tutti particolarmente felici ed entusiasti per la donazione ricevuta e attesa.<\/span><\/span><\/span><\/span><\/p>\n\n\t\t\t<style type='text\/css'>\n\t\t\t\t#gallery-6 {\n\t\t\t\t\tmargin: auto;\n\t\t\t\t}\n\t\t\t\t#gallery-6 .gallery-item {\n\t\t\t\t\tfloat: left;\n\t\t\t\t\tmargin-top: 10px;\n\t\t\t\t\ttext-align: center;\n\t\t\t\t\twidth: 33%;\n\t\t\t\t}\n\t\t\t\t#gallery-6 img {\n\t\t\t\t\tborder: 2px solid #cfcfcf;\n\t\t\t\t}\n\t\t\t\t#gallery-6 .gallery-caption {\n\t\t\t\t\tmargin-left: 0;\n\t\t\t\t}\n\t\t\t\t\/* see gallery_shortcode() in wp-includes\/media.php *\/\n\t\t\t<\/style>\n\t\t<div id='gallery-6' class='dt-gallery-container gallery galleryid-202129 gallery-columns-3 gallery-size-thumbnail'><dl class='gallery-item'>\n\t\t\t\t<dt class='gallery-icon landscape'>\n\t\t\t\t\t<a class=\"rollover rollover-zoom dt-pswp-item\" title=\"CONSEGNA TELEVISIONI ALLA CASA DI RIPOSO DI LENTIAI\" data-dt-img-description=\"\" data-large_image_width=\"1176\" data-large_image_height=\"881\"href='https:\/\/www.radiopiu.net\/wordpress\/wp-content\/uploads\/2021\/04\/CONSEGNA-TELEVISIONI-ALLA-CASA-DI-RIPOSO-DI-LENTIAI.jpg'><img loading=\"lazy\" decoding=\"async\" width=\"150\" height=\"150\" src=\"https:\/\/www.radiopiu.net\/wordpress\/wp-content\/uploads\/2021\/04\/CONSEGNA-TELEVISIONI-ALLA-CASA-DI-RIPOSO-DI-LENTIAI-150x150.jpg\" class=\"attachment-thumbnail size-thumbnail\" alt=\"\" \/><\/a>\n\t\t\t\t<\/dt><\/dl><dl class='gallery-item'>\n\t\t\t\t<dt class='gallery-icon landscape'>\n\t\t\t\t\t<a class=\"rollover rollover-zoom dt-pswp-item\" title=\"I &#039;&#039;NONNY&#039;&#039; PER LA CASA RIPOSO PADRE KOLBE DI PEDAVENA\" data-dt-img-description=\"\" data-large_image_width=\"1600\" data-large_image_height=\"1200\"href='https:\/\/www.radiopiu.net\/wordpress\/wp-content\/uploads\/2021\/04\/I-NONNY-PER-LA-CASA-RIPOSO-PADRE-KOLBE-DI-PEDAVENA.jpg'><img loading=\"lazy\" decoding=\"async\" width=\"150\" height=\"150\" src=\"https:\/\/www.radiopiu.net\/wordpress\/wp-content\/uploads\/2021\/04\/I-NONNY-PER-LA-CASA-RIPOSO-PADRE-KOLBE-DI-PEDAVENA-150x150.jpg\" class=\"attachment-thumbnail size-thumbnail\" alt=\"\" \/><\/a>\n\t\t\t\t<\/dt><\/dl><dl class='gallery-item'>\n\t\t\t\t<dt class='gallery-icon landscape'>\n\t\t\t\t\t<a class=\"rollover rollover-zoom dt-pswp-item\" title=\"CONSEGNA MONITOR TV E DPI CASA RIPOSO PADRE KOLBE PEDAVENA\" data-dt-img-description=\"\" data-large_image_width=\"1600\" data-large_image_height=\"1200\"href='https:\/\/www.radiopiu.net\/wordpress\/wp-content\/uploads\/2021\/04\/CONSEGNA-MONITOR-TV-E-DPI-CASA-RIPOSO-PADRE-KOLBE-PEDAVENA.jpg'><img loading=\"lazy\" decoding=\"async\" width=\"150\" height=\"150\" src=\"https:\/\/www.radiopiu.net\/wordpress\/wp-content\/uploads\/2021\/04\/CONSEGNA-MONITOR-TV-E-DPI-CASA-RIPOSO-PADRE-KOLBE-PEDAVENA-150x150.jpg\" class=\"attachment-thumbnail size-thumbnail\" alt=\"\" \/><\/a>\n\t\t\t\t<\/dt><\/dl><br style=\"clear: both\" \/>\n\t\t\t<\/div>\n\n<p>&nbsp;<\/p>\n<hr \/>\n<p>&nbsp;<\/p>\n<p>&nbsp;<\/p>\n<blockquote>\n<h3>DAL 16 AL 25 APRILE CHIUSURA STATALE 50 A GRAVAZZE PER LA REALIZZAZIONE DEL SOTTOPASSO CICLABILE<\/h3>\n<\/blockquote>\n<p><strong><a href=\"https:\/\/www.radiopiu.net\/wordpress\/giornale-radio-piu-15-06-direttore-mirko-mezzacasa\/lavori_in_corso_cartelli04111111111111\/\" rel=\"attachment wp-att-20520\"><img loading=\"lazy\" decoding=\"async\" class=\"size-medium wp-image-20520 alignleft\" src=\"https:\/\/www.radiopiu.net\/wordpress\/wp-content\/uploads\/2016\/06\/lavori_in_corso_cartelli04111111111111-300x237.jpg\" sizes=\"auto, (max-width: 300px) 100vw, 300px\" srcset=\"https:\/\/www.radiopiu.net\/wordpress\/wp-content\/uploads\/2016\/06\/lavori_in_corso_cartelli04111111111111-300x237.jpg 300w, https:\/\/www.radiopiu.net\/wordpress\/wp-content\/uploads\/2016\/06\/lavori_in_corso_cartelli04111111111111.jpg 425w\" alt=\"\" width=\"300\" height=\"237\" \/><\/a>SANTA GIUSTINA\u00a0<\/strong>Inizieranno il 16 aprile i lavori per la realizzazione di un sottopasso ciclabile in localit\u00e0 Gravazze, all\u2019interno dell\u2019importante opera inserita come variante Belluno-Feltre-Primolano nell\u2019itinerario di interesse nazionale \u201cCiclovia Lunga Via delle Dolomiti\u201d e riferito al Piano Regionale di mobilit\u00e0 ciclistica. L\u2019opera \u00e8 mirata a togliere i ciclisti dalla Strada Statale, consentendo una viabilit\u00e0 alternativa in tutta sicurezza che assumer\u00e0 anche valenza paesaggistica, culturale e turistica. Il tratto tra la rotatoria in localit\u00e0 Gravazze e il ponte di Bribano \u00e8 un punto nevralgico di questo fondamentale progetto, pertanto si rende necessaria, durante l\u2019esecuzione dei lavori, la chiusura della Statale 50 prevista dalle ore 9.00 del 16 alle ore 24.00 del 25 aprile. Il traffico sar\u00e0 deviato tramite relativa cartellonistica in questo modo: per chi da Feltre va a Belluno o Sedico deviazione a Busche sulla sinistra Piave che dovr\u00e0 essere percorsa anche da chi va da Belluno a Feltre; per coloro che dai Comuni di Cesiomaggiore, San Gregorio e Santa Giustina si devono recare ad Agordo, Sedico e Belluno la deviazione sar\u00e0 all\u2019incrocio di Meano verso Ponte Mas, cos\u00ec come nel senso inverso. Se non vi saranno intoppi, il disagio legato alla maggiorazione dei tempi di percorrenza durer\u00e0 soltanto una settimana; eventuali variazioni e la data di apertura saranno comunicate tempestivamente tramite i mezzi di informazione ed i canali istituzionali del Comune di Santa Giustina.<\/p>\n<blockquote><p>Per la durata dei lavori in localit\u00e0 Gravazze anche le tratte Dolomitibus da Feltre e S.Giustina verso la Luxottica di Agordo subiranno le necessarie deviazioni. I nuovi orari\/percorsi temporanei per le suddette tratte verranno comunicati nel corso dei prossimi giorni.<\/p><\/blockquote>\n<p>&nbsp;<\/p>\n<p>&nbsp;<\/p>\n<hr \/>\n<p>&nbsp;<\/p>\n<blockquote>\n<h3>L&#8217;ULSS 1 DOLOMITI METTE A DISPOSIZIONE UN NUMERO PER COLORO CHE HANNO SMARRITO IL PROMEMORIA DEL RICHIAMO AL VACCINO<\/h3>\n<\/blockquote>\n<p><strong>BELLUNO <\/strong>Per coloro che hanno smarrito il promemoria dell\u2019appuntamento per la somministrazione della seconda dose di vaccino anti covid, \u00e8 possibile contattare il numero 0437 184 99 00 dal luned\u00ec al venerd\u00ec dalle 8.30 alle 16.00 e il sabato dalle 8.30 alle 12.30 per conoscere la data programmata.<\/p>\n<blockquote>\n<h3>CERTIFICAZIONE ESENZIONI PER REDDITO<\/h3>\n<\/blockquote>\n<p><strong>BELLUNO<\/strong> Le certificazioni delle esenzioni per reddito scadenti al 31\/03\/2021 (7R2-7R4-7R5) saranno disponibili nel portale <a href=\"https:\/\/slute.regione.veneto.it\/\">https:\/\/salute.regione.veneto.it<\/a>. L&#8217;assistito potr\u00e0 autonomamente stampare il certificato. L&#8217;esenzione 7R3 per disoccupazione verr\u00e0 prodotta a seguito di autocertificazione con le seguenti modalit\u00e0: Inviando una mail all&#8217;indirizzo <a href=\"mailto:esenzioni@aulss1.veneto.it\">esenzioni@aulss1.veneto.it<\/a> con allegato documento d&#8217;identit\u00e0 del richiedente. Previo appuntamento agli sportelli chiamando i seguenti numeri: Distretto Belluno 0437\/516757 dalle 08.00 alle 12.00 dal luned\u00ec al venerd\u00ec; Distretto Feltre 0439\/883680 dalle 08.00 alle 11.00 dal luned\u00ec al venerd\u00ec.<\/p>\n<p>&nbsp;<\/p>\n<p>&nbsp;<\/p>\n<p>&nbsp;<\/p>\n<hr \/>\n<p>&nbsp;<\/p>\n<p>&nbsp;<\/p>\n<blockquote>\n<h3>POSTE ITALIANE: LAVORI NELL\u2019UFFICIO POSTALE DI PEDAVENA<\/h3>\n<\/blockquote>\n<p><strong><a href=\"https:\/\/www.radiopiu.net\/wordpress\/giornale-radiopiu-30-maggio-2020-direttore-mirko-mezzacasa\/poste-italiane-3\/\" rel=\"attachment wp-att-141305\"><img loading=\"lazy\" decoding=\"async\" class=\"size-medium wp-image-141305 alignleft\" src=\"https:\/\/www.radiopiu.net\/wordpress\/wp-content\/uploads\/2020\/05\/POSTE-ITALIANE-300x61.png\" alt=\"\" width=\"300\" height=\"61\" srcset=\"https:\/\/www.radiopiu.net\/wordpress\/wp-content\/uploads\/2020\/05\/POSTE-ITALIANE-300x61.png 300w, https:\/\/www.radiopiu.net\/wordpress\/wp-content\/uploads\/2020\/05\/POSTE-ITALIANE.png 436w\" sizes=\"auto, (max-width: 300px) 100vw, 300px\" \/><\/a>BELLUNO <\/strong>Poste Italiane comunica che da luned\u00ec 12 a luned\u00ec 19 aprile l\u2019ufficio postale di Pedavena (viale Vittorio Veneto 70) rimarr\u00e0 chiuso per consentire lavori di ristrutturazione. Per tutti i servizi i cittadini potranno rivolgersi agli uffici postali di Feltre (via Ortolani), aperto dal luned\u00ec al venerd\u00ec dalle 8.20 alle 19.05 ed il sabato mattino fino alle 12.35; oppure a quello di Villabruna, aperto dal luned\u00ec al venerd\u00ec dalle 8.20 alle 13.35 ed il sabato dalle 8.20 alle 12.35. I due uffici postali sono dotati di sportelli automatici Postamat, per prelevare contante, pagare bollette, ricariche telefoniche ed altre operazioni. Durante la chiusura, sar\u00e0 disponibile presso l\u2019Ufficio Postale di Villabruna uno sportello dedicato per la consegna di pacchi, corrispondenza e operazioni radicate all\u2019ufficio di Pedavena. L\u2019ufficio postale di Pedavena riaprir\u00e0 marted\u00ec 20 aprile.<\/p>\n<p>&nbsp;<\/p>\n<p>&nbsp;<\/p>\n<p>&nbsp;<\/p>\n<hr \/>\n<p>&nbsp;<\/p>\n<p>&nbsp;<\/p>\n<blockquote>\n<h3>REDDITO DI EMERGENZA, DOMANDE NON OLTRE IL 30 APRILE<\/h3>\n<\/blockquote>\n<p>Reddito di emergenza per l\u2019anno in corso: c\u2019\u00e8 tempo fino al 30 aprile per presentare domanda. La misura di sostegno al reddito istituita l\u2019anno scorso dal Decreto Rilancio \u00e8 stata confermata dal recente Decreto Sostegni. Il \u201cRem\u201d sar\u00e0 riconosciuto ai nuclei familiari in condizioni di difficolt\u00e0, in conseguenza dell\u2019emergenza Covid, Da mercoled\u00ec 7 aprile \u00e8 possibile presentare la domanda.\u00a0 Il contributo previsto dal reddito di emergenza verr\u00e0 erogato in tre quote da 400 euro.\u00a0 Il lavoratore disoccupato &#8211; novit\u00e0 2021 &#8211; ha diritto al reddito di emergenza se tra il 1\u00b0 luglio 2020 e il 28 febbraio 2021 ha terminato il periodo di Naspi o Dis-coll; ha un Isee inferiore a 30mila euro.<\/p>\n<p>&nbsp;<\/p>\n<p>&nbsp;<\/p>\n<p>&nbsp;<\/p>\n<hr \/>\n<p>&nbsp;<\/p>\n<blockquote>\n<h3>ANCHE A FELTRE UN SERVIZIO DEDICATO ALLA PRENOTAZIONE DEL VACCINO ALLE PERSONE MAGGIORMENTE FRAGILI<\/h3>\n<\/blockquote>\n<p><strong><a href=\"https:\/\/www.radiopiu.net\/wordpress\/giornale-radiopiu-15-marzo-2021-direttore-mirko-mezzacasa\/vaccino-2\/\" rel=\"attachment wp-att-196946\"><img loading=\"lazy\" decoding=\"async\" class=\"size-medium wp-image-196946 alignleft\" src=\"https:\/\/www.radiopiu.net\/wordpress\/wp-content\/uploads\/2021\/03\/VACCINO-300x169.jpg\" alt=\"\" width=\"300\" height=\"169\" srcset=\"https:\/\/www.radiopiu.net\/wordpress\/wp-content\/uploads\/2021\/03\/VACCINO-300x169.jpg 300w, https:\/\/www.radiopiu.net\/wordpress\/wp-content\/uploads\/2021\/03\/VACCINO-1024x576.jpg 1024w, https:\/\/www.radiopiu.net\/wordpress\/wp-content\/uploads\/2021\/03\/VACCINO-768x432.jpg 768w, https:\/\/www.radiopiu.net\/wordpress\/wp-content\/uploads\/2021\/03\/VACCINO.jpg 1280w\" sizes=\"auto, (max-width: 300px) 100vw, 300px\" \/><\/a>FELTRE\u00a0<\/strong>Con l&#8217;apertura del portale regionale dedicato alla prenotazione del vaccino, il Comune di Feltre ha pensato di aprire uno sportello per aiutare le persone maggiormente fragili. Per chi non e\u0300 in grado di prenotare in autonomia (persone anziane, con disabilita\u0300 ed in generale persone maggiormente fragili e impossibilitate a provvedere da sole o che non abbiano i supporti informatici necessari o la connessione internet ), il Comune di Feltre mette a disposizione il numero 0439 885360 e un operatore prenotera\u0300 il vaccino per loro conto. Il numero e\u0300 attivo: dal lunedi\u0300 al venerdi\u0300 dalle 9 alle 13 martedi\u0300 dalle 14,30 alle 16,00 e giovedi\u0300 dalle 16,00 alle 18,00. Al momento della telefonata e\u0300 indispensabile fornire il proprio codice fiscale. La ricevuta della prenotazione va poi ritirata presso lo sportello Ufficio Relazioni col Pubblico, al Piano terra del Municipio, entrata dell&#8217;anagrafe.<\/p>\n<p>&nbsp;<\/p>\n<p>&nbsp;<\/p>\n<p>&nbsp;<\/p>\n<p>&nbsp;<\/p>\n<hr \/>\n<p>&nbsp;<\/p>\n<blockquote>\n<h3>NELL&#8217;AGORDINO IL DOLOMITI FILM MAKING<\/h3>\n<\/blockquote>\n<p><a href=\"https:\/\/www.radiopiu.net\/wordpress\/nellagordino-il-dolomiti-film-making\/loghi-siae-x-dolomiti-fm0\/\" rel=\"attachment wp-att-202246\"><img loading=\"lazy\" decoding=\"async\" class=\"size-medium wp-image-202246 alignleft\" src=\"https:\/\/www.radiopiu.net\/wordpress\/wp-content\/uploads\/2021\/04\/loghi-siae-x-dolomiti-fm0-300x39.jpg\" alt=\"\" width=\"300\" height=\"39\" srcset=\"https:\/\/www.radiopiu.net\/wordpress\/wp-content\/uploads\/2021\/04\/loghi-siae-x-dolomiti-fm0-300x39.jpg 300w, https:\/\/www.radiopiu.net\/wordpress\/wp-content\/uploads\/2021\/04\/loghi-siae-x-dolomiti-fm0-1024x134.jpg 1024w, https:\/\/www.radiopiu.net\/wordpress\/wp-content\/uploads\/2021\/04\/loghi-siae-x-dolomiti-fm0-768x100.jpg 768w, https:\/\/www.radiopiu.net\/wordpress\/wp-content\/uploads\/2021\/04\/loghi-siae-x-dolomiti-fm0.jpg 1500w\" sizes=\"auto, (max-width: 300px) 100vw, 300px\" \/><\/a><\/p>\n<p>l progetto Dolomiti Filmmaking \u00e8 una residenza artistica di cinema gratuita rivolta a giovani\u00a0 under 35. \u00a0Il progetto \u00e8 vincitore del Bando SIAE \u201cPer chi crea\u201d \u2013 Residenze artistiche \u2013 sez. Cinema. Gli artisti coinvolti (scrittori, filmmaker, sceneggiatori e registi) potranno perfezionare le loro conoscenze sulla scrittura audiovisiva. Inoltre impareranno a progettare e \u00a0a\u00a0 resentare un audiovisivo grazie al supporto di professionisti <img loading=\"lazy\" decoding=\"async\" class=\"alignright\" src=\"https:\/\/www.radiopiu.net\/wordpress\/wp-content\/uploads\/2021\/04\/163310336_3553583728101978_4407755538990109681_n.jpg\" width=\"194\" height=\"129\" \/>del settore.\u00a0 \u00a0\u00a0Ai migliori 2 progetti selezionati tra quelli presentati al pitch finale, verr\u00e0 assegnato un\u00a0buono per il noleggio di materiale tecnico \u00a0offerto dal rent\u00a0noleggiovideocamere.it\u00a0dal valore rispettivamente di \u20ac 1.000 per il secondo classificato e di \u20ac 2.000 per il primo classificato.<br \/>\nLa residenza \u00e8 organizzata in 2 moduli di 7 giorni l\u2019uno: \u00a03-9\u00a0 maggio e 24-30 maggio.\u00a0 La formazione si svolger\u00e0 in Agordino oppure on line in caso di permanenza dello stato di emergenza dovuto alla diffusione del covid . \u00a0La selezione \u00e8 aperta a filmmaker, sceneggiatori e registi UNDER 35 per un massimo di 8 partecipanti.<\/p>\n<p>fonte https:\/\/www.facebook.com\/realizzailtuocorto.it<\/p>\n<p><strong>ULTERIORI INFORMAZIONI <span style=\"color: #0000ff;\"><a style=\"color: #0000ff;\" href=\"http:\/\/realizzailtuocorto.it\/dolomitifilmmaking\/?fbclid=IwAR2QLQiF6OxRX8OZaLeXlDRy5Z1ZnYUd8ezjZaMeyTRz8ZNTWMd8_1BvegY\">CLICCA QUI\u00a0<\/a><\/span><\/strong><\/p>\n<p>&nbsp;<\/p>\n<p>&nbsp;<\/p>\n<hr \/>\n<p>&nbsp;<\/p>\n<p><em><a href=\"https:\/\/www.radiopiu.net\/wordpress\/giornale-radio-piu-22-11-direttore-mirko-mezzacasa\/bandi-e-concorsi\/\" rel=\"attachment wp-att-25479\"><img loading=\"lazy\" decoding=\"async\" class=\"wp-image-25479 alignleft\" src=\"https:\/\/www.radiopiu.net\/wordpress\/wp-content\/uploads\/2016\/11\/bandi-e-concorsi.jpg\" alt=\"\" width=\"139\" height=\"132\" \/><\/a>E\u2019 stato pubblicato\u00a0 sul sito www.aulss1.veneto.it \u2013 sezione bandi- un avviso per il conferimento urgente dei seguenti incarichi provvisori di medico di assistenza primaria \u00a0un incarico provvisorio di medico di assistenza primaria presso il Comune di Cortina D\u2019ampezzo; \u00a0un incarico provvisorio di medico di assistenza primaria presso il Comune di Borgo Valbelluna \u2013 loc. Mel;\u00a0&#8211; un incarico provvisorio di medico di assistenza primaria presso il Comune di Lamon;\u00a0&#8211; un incarico provvisorio di medico di assistenza primaria presso i Comuni di Santa Giustina\/Cesiomaggiore. Per ulteriori informazioni gli interessati potranno rivolgersi alla Direzione Amministrativa Territoriale di Belluno (tel. 0437\/516968-6752).<\/em><\/p>\n<p>&nbsp;<\/p>\n<p>&nbsp;<\/p>\n<p>&nbsp;<\/p>\n<hr \/>\n<p>&nbsp;<\/p>\n<p>&nbsp;<\/p>\n<blockquote>\n<h3>PROSEGUE IL PROGETTO \u201cTERZA OPPORTUNIT\u00c0\u201d DEL COMITATO D&#8217;INTESA<\/h3>\n<\/blockquote>\n<p><a href=\"https:\/\/www.radiopiu.net\/wordpress\/giornale-radiopiu-09-aprile-2021-direttore-mirko-mezzacasa\/terza-sciarpa-imm-1\/\" rel=\"attachment wp-att-202060\"><img loading=\"lazy\" decoding=\"async\" class=\"wp-image-202060 alignleft\" src=\"https:\/\/www.radiopiu.net\/wordpress\/wp-content\/uploads\/2021\/04\/terza-sciarpa-imm-1-300x169.jpg\" alt=\"\" width=\"179\" height=\"102\" srcset=\"https:\/\/www.radiopiu.net\/wordpress\/wp-content\/uploads\/2021\/04\/terza-sciarpa-imm-1-300x169.jpg 300w, https:\/\/www.radiopiu.net\/wordpress\/wp-content\/uploads\/2021\/04\/terza-sciarpa-imm-1-1024x576.jpg 1024w, https:\/\/www.radiopiu.net\/wordpress\/wp-content\/uploads\/2021\/04\/terza-sciarpa-imm-1-768x432.jpg 768w, https:\/\/www.radiopiu.net\/wordpress\/wp-content\/uploads\/2021\/04\/terza-sciarpa-imm-1.jpg 1080w\" sizes=\"auto, (max-width: 179px) 100vw, 179px\" \/><\/a><strong> \u200bBELLUNO<\/strong> \u200bSono in corso di svolgimento il laboratorio per realizzare in modo artigianale i giochi di una volta, denominato \u201cTerzo gioco\u201d come anche le attivit\u00e0 per la coltivazione di prodotti ortofrutticoli (Terzo orto), entrambi presso la sede della societ\u00e0 cooperativa sociale Dumia di Feltre. Proseguono le attivit\u00e0 di \u201cTerzo libro\u201d, club di lettura a cura del Centro Documentazione del Csv Belluno Treviso, ed \u00e8 appena decollato il laboratorio di digitalizzazione di documenti, denominato \u201cTerzo Documento\u201d, presso la sede del Comitato d\u2019Intesa di Belluno. Ancora in attesa, invece, il laboratorio \u201cTerza App\u201d, laboratorio di informatica per avvicinare gli anziani al mondo digitale e alle nuove tecnologie, che partir\u00e0 non appena le restrizioni lo consentiranno. In generale, comunque, il progetto finanziato dalla Regione Veneto, nell\u2019ambito del bando \u201cPromozione e valorizzazione dell\u2019Invecchiamento attivo &#8211; anno 2019\u201d sta ottenendo interessanti risultati con il coinvolgimento dei partecipanti e risultati concreti.<\/p>\n<p>&nbsp;<\/p>\n<p>&nbsp;<\/p>\n<hr \/>\n<p>&nbsp;<\/p>\n<blockquote>\n<h3>CURIOSANDO PER LA CITT\u00c0 DI BELLUNO FRAMMENTI D\u2019ARTE LOCALE DEL PASSATO<\/h3>\n<\/blockquote>\n<p><strong>di Renato Bona<\/strong><\/p>\n<p>\u00c8 dedicato alla moglie Carmela il nuovo libro (fa seguito a: \u201cDuecentosettanta fontane per i bellunesi &#8211; 1987\u201d, Capitelli e immagini sacre a Belluno &#8211; 1989\u201d, \u201cMeridiane e orologi a Belluno &#8211; 1993\u201d, \u201cCamini o comignoli a Belluno &#8211; 2000\u201d, \u201cArchi e porte a Belluno &#8211; 2004\u201d, \u201cCancelli in ferro a Belluno &#8211; 2009\u201d, \u201cBelluno &#8211; Uno sguardo a centoquindici chiese &#8211; 2012\u201d, \u201cBelluno &#8211; Reliquie di Santi &#8211; Storie e leggende &#8211; 2017), \u201cBelluno &#8211; Gabinetti Storia Notizie e Curiosit\u00e0 &#8211; 2019\u201d, \u201cBelluno &#8211; Vita di Ges\u00f9 e della Madonna in immagini nelle opere d\u2019arte bellunesi &#8211; 2020\u201d) che Vincenzo Caputo, appassionato ricercatore e cultore di cose locali, ha editato in proprio nel marzo di quest\u2019anno per i tipi della Tipografia Sommavilla\u201d. Si tratta di un\u2019autentica chicca &#8211; come sintetizza e anticipa il titolo: \u201cCuriosando per la citt\u00e0 di Belluno-Frammenti d\u2019arte locale del passato\u201d &#8211; che contiene anche analisi e considerazioni dell\u2019architetto Roberto Reolon, valente collaboratore del nostro anche per altri lavori. Hanno inoltre contribuito alla realizzazione: il figlio di Vincenzo e Carmela, Marco, Orsola Petrella e Carla De Poli la quale ultima ha realizzato pure la copertina. Lo scopo del nuovo libro &#8211; specifica Caputo &#8211; \u201c\u00e8 di cercare di porre all\u2019attenzione su alcuni beni artistici nei luoghi storici della citt\u00e0, affinch\u00e9 il loro ricordo si protragga nel tempo\u201d. Ovviamente, la ricerca non affronta tutti gli aspetti che caratterizzano i luoghi della citt\u00e0 ma offre solo alcuni spunti ritenuti sufficientemente significativi per il fine preposto cercando di fornire un contributo nella direzione di una sempre maggior attenzione da parte della collettivit\u00e0, proponendo un \u201cbreve ma suggestivo itinerario nella parte pi\u00f9 antica di Belluno e un fugace sguardo oltre le secolari porte, ai suoi borghi e attorno al \u2018Campedel\u2019 soffermandoci in particolare su alcuni aspetti dell\u2019arte nelle sue varie espressioni\u201d. In chiusura di introduzione l\u2019autore sostiene, giustamente, che \u201cValorizzare quanto realizzato all\u2019interno del nostro territorio significa non solo evidenziarne l\u2019importanza, ma anche far nostro quel valore artistico espresso in tanti secoli. Vivere in un ambiente storico, ricco d\u2019arte, obbliga infatti moralmente i cittadini a far s\u00ec che l\u2019eredit\u00e0 artistica avuta in consegna da chi ci ha preceduti, venga in pi\u00f9 modi salvaguardata con attenzione e non perisca nel degrado come analizzato anche dall\u2019architetto Roberto Reolon nella sua nota \u2018I segni del passato\u2019\u201d. Il libro di Vincenzo Caputo \u00e8 articolato nei seguenti capitoli: La Citt\u00e0; la Popolazione; Attivit\u00e0 lavorative nei Borghi della Citt\u00e0; Belluno: antichi paesi e localit\u00e0; Alcune scoperte; Brevi appunti sulle origini delle fucine per la lavorazione dei metalli;Lavori in bronzo: campane, statue, busti, bocchettoni delle fontane; Batacchi, maniglie, serrature, chiavistelli, bandelle; Lavori a stucco: decorazioni, pittura; Lavori in legno, sculture, intaglio; Lavori in pietra: statue, bassorilievi, altorilievi; Epilogo; I segni del passato; Nomenclatura degli ornamenti architettonici; Nomenclatura degli attrezzi dello scalpellino; Nomenclatura degli attrezzi del passato per l\u2019arte scultorea\u00b8 Falegname: nomenclatura, attrezzi; Fabbro: nomenclatura, attrezzi; Pittore, nomenclatura, attrezzi; Dizionario di alcuni termini artistici e architettonici dei soggetti trattati.<\/p>\n\n\t\t\t<style type='text\/css'>\n\t\t\t\t#gallery-7 {\n\t\t\t\t\tmargin: auto;\n\t\t\t\t}\n\t\t\t\t#gallery-7 .gallery-item {\n\t\t\t\t\tfloat: left;\n\t\t\t\t\tmargin-top: 10px;\n\t\t\t\t\ttext-align: center;\n\t\t\t\t\twidth: 20%;\n\t\t\t\t}\n\t\t\t\t#gallery-7 img {\n\t\t\t\t\tborder: 2px solid #cfcfcf;\n\t\t\t\t}\n\t\t\t\t#gallery-7 .gallery-caption {\n\t\t\t\t\tmargin-left: 0;\n\t\t\t\t}\n\t\t\t\t\/* see gallery_shortcode() in wp-includes\/media.php *\/\n\t\t\t<\/style>\n\t\t<div id='gallery-7' class='dt-gallery-container gallery galleryid-202129 gallery-columns-5 gallery-size-thumbnail'><dl class='gallery-item'>\n\t\t\t\t<dt class='gallery-icon landscape'>\n\t\t\t\t\t<a class=\"rollover rollover-zoom dt-pswp-item\" title=\"171297904_1142108742936403_9130549120160283767_n\" data-dt-img-description=\"\" data-large_image_width=\"2560\" data-large_image_height=\"1477\"href='https:\/\/www.radiopiu.net\/wordpress\/wp-content\/uploads\/2021\/04\/171297904_1142108742936403_9130549120160283767_n-scaled.jpg'><img loading=\"lazy\" decoding=\"async\" width=\"150\" height=\"150\" src=\"https:\/\/www.radiopiu.net\/wordpress\/wp-content\/uploads\/2021\/04\/171297904_1142108742936403_9130549120160283767_n-150x150.jpg\" class=\"attachment-thumbnail size-thumbnail\" alt=\"\" \/><\/a>\n\t\t\t\t<\/dt><\/dl><dl class='gallery-item'>\n\t\t\t\t<dt class='gallery-icon landscape'>\n\t\t\t\t\t<a class=\"rollover rollover-zoom dt-pswp-item\" title=\"171707739_1400740730279814_6735580968474798503_n\" data-dt-img-description=\"\" data-large_image_width=\"1404\" data-large_image_height=\"1233\"href='https:\/\/www.radiopiu.net\/wordpress\/wp-content\/uploads\/2021\/04\/171707739_1400740730279814_6735580968474798503_n.jpg'><img loading=\"lazy\" decoding=\"async\" width=\"150\" height=\"150\" src=\"https:\/\/www.radiopiu.net\/wordpress\/wp-content\/uploads\/2021\/04\/171707739_1400740730279814_6735580968474798503_n-150x150.jpg\" class=\"attachment-thumbnail size-thumbnail\" alt=\"\" \/><\/a>\n\t\t\t\t<\/dt><\/dl><dl class='gallery-item'>\n\t\t\t\t<dt class='gallery-icon portrait'>\n\t\t\t\t\t<a class=\"rollover rollover-zoom dt-pswp-item\" title=\"171158429_2118351874968056_8343674730323457781_n\" data-dt-img-description=\"\" data-large_image_width=\"1628\" data-large_image_height=\"2148\"href='https:\/\/www.radiopiu.net\/wordpress\/wp-content\/uploads\/2021\/04\/171158429_2118351874968056_8343674730323457781_n.jpg'><img loading=\"lazy\" decoding=\"async\" width=\"150\" height=\"150\" src=\"https:\/\/www.radiopiu.net\/wordpress\/wp-content\/uploads\/2021\/04\/171158429_2118351874968056_8343674730323457781_n-150x150.jpg\" class=\"attachment-thumbnail size-thumbnail\" alt=\"\" \/><\/a>\n\t\t\t\t<\/dt><\/dl><dl class='gallery-item'>\n\t\t\t\t<dt class='gallery-icon landscape'>\n\t\t\t\t\t<a class=\"rollover rollover-zoom dt-pswp-item\" title=\"171199696_264094108709456_2901031536346932920_n\" data-dt-img-description=\"\" data-large_image_width=\"2447\" data-large_image_height=\"1578\"href='https:\/\/www.radiopiu.net\/wordpress\/wp-content\/uploads\/2021\/04\/171199696_264094108709456_2901031536346932920_n.jpg'><img loading=\"lazy\" decoding=\"async\" width=\"150\" height=\"150\" src=\"https:\/\/www.radiopiu.net\/wordpress\/wp-content\/uploads\/2021\/04\/171199696_264094108709456_2901031536346932920_n-150x150.jpg\" class=\"attachment-thumbnail size-thumbnail\" alt=\"\" \/><\/a>\n\t\t\t\t<\/dt><\/dl><dl class='gallery-item'>\n\t\t\t\t<dt class='gallery-icon landscape'>\n\t\t\t\t\t<a class=\"rollover rollover-zoom dt-pswp-item\" title=\"171206876_2842053676050197_2268444048108666552_n\" data-dt-img-description=\"\" data-large_image_width=\"2095\" data-large_image_height=\"1362\"href='https:\/\/www.radiopiu.net\/wordpress\/wp-content\/uploads\/2021\/04\/171206876_2842053676050197_2268444048108666552_n.jpg'><img loading=\"lazy\" decoding=\"async\" width=\"150\" height=\"150\" src=\"https:\/\/www.radiopiu.net\/wordpress\/wp-content\/uploads\/2021\/04\/171206876_2842053676050197_2268444048108666552_n-150x150.jpg\" class=\"attachment-thumbnail size-thumbnail\" alt=\"\" \/><\/a>\n\t\t\t\t<\/dt><\/dl><br style=\"clear: both\" \/><dl class='gallery-item'>\n\t\t\t\t<dt class='gallery-icon landscape'>\n\t\t\t\t\t<a class=\"rollover rollover-zoom dt-pswp-item\" title=\"171544936_353006832809793_2802778882447145590_n\" data-dt-img-description=\"\" data-large_image_width=\"2560\" data-large_image_height=\"1515\"href='https:\/\/www.radiopiu.net\/wordpress\/wp-content\/uploads\/2021\/04\/171544936_353006832809793_2802778882447145590_n-scaled.jpg'><img loading=\"lazy\" decoding=\"async\" width=\"150\" height=\"150\" src=\"https:\/\/www.radiopiu.net\/wordpress\/wp-content\/uploads\/2021\/04\/171544936_353006832809793_2802778882447145590_n-150x150.jpg\" class=\"attachment-thumbnail size-thumbnail\" alt=\"\" \/><\/a>\n\t\t\t\t<\/dt><\/dl><dl class='gallery-item'>\n\t\t\t\t<dt class='gallery-icon portrait'>\n\t\t\t\t\t<a class=\"rollover rollover-zoom dt-pswp-item\" title=\"171439645_453258439311739_766481836076431967_n\" data-dt-img-description=\"\" data-large_image_width=\"1828\" data-large_image_height=\"2560\"href='https:\/\/www.radiopiu.net\/wordpress\/wp-content\/uploads\/2021\/04\/171439645_453258439311739_766481836076431967_n-scaled.jpg'><img loading=\"lazy\" decoding=\"async\" width=\"150\" height=\"150\" src=\"https:\/\/www.radiopiu.net\/wordpress\/wp-content\/uploads\/2021\/04\/171439645_453258439311739_766481836076431967_n-150x150.jpg\" class=\"attachment-thumbnail size-thumbnail\" alt=\"\" \/><\/a>\n\t\t\t\t<\/dt><\/dl><dl class='gallery-item'>\n\t\t\t\t<dt class='gallery-icon landscape'>\n\t\t\t\t\t<a class=\"rollover rollover-zoom dt-pswp-item\" title=\"171294045_467775064666883_5716302027692142146_n\" data-dt-img-description=\"\" data-large_image_width=\"2560\" data-large_image_height=\"1656\"href='https:\/\/www.radiopiu.net\/wordpress\/wp-content\/uploads\/2021\/04\/171294045_467775064666883_5716302027692142146_n-scaled.jpg'><img loading=\"lazy\" decoding=\"async\" width=\"150\" height=\"150\" src=\"https:\/\/www.radiopiu.net\/wordpress\/wp-content\/uploads\/2021\/04\/171294045_467775064666883_5716302027692142146_n-150x150.jpg\" class=\"attachment-thumbnail size-thumbnail\" alt=\"\" \/><\/a>\n\t\t\t\t<\/dt><\/dl><dl class='gallery-item'>\n\t\t\t\t<dt class='gallery-icon portrait'>\n\t\t\t\t\t<a class=\"rollover rollover-zoom dt-pswp-item\" title=\"171029403_487785695749932_4182137830249698803_n\" data-dt-img-description=\"\" data-large_image_width=\"1700\" data-large_image_height=\"2560\"href='https:\/\/www.radiopiu.net\/wordpress\/wp-content\/uploads\/2021\/04\/171029403_487785695749932_4182137830249698803_n-scaled.jpg'><img loading=\"lazy\" decoding=\"async\" width=\"150\" height=\"150\" src=\"https:\/\/www.radiopiu.net\/wordpress\/wp-content\/uploads\/2021\/04\/171029403_487785695749932_4182137830249698803_n-150x150.jpg\" class=\"attachment-thumbnail size-thumbnail\" alt=\"\" \/><\/a>\n\t\t\t\t<\/dt><\/dl><dl class='gallery-item'>\n\t\t\t\t<dt class='gallery-icon portrait'>\n\t\t\t\t\t<a class=\"rollover rollover-zoom dt-pswp-item\" title=\"171571044_493066768540563_3727976400598595071_n-1\" data-dt-img-description=\"\" data-large_image_width=\"1606\" data-large_image_height=\"2560\"href='https:\/\/www.radiopiu.net\/wordpress\/wp-content\/uploads\/2021\/04\/171571044_493066768540563_3727976400598595071_n-1-scaled.jpg'><img loading=\"lazy\" decoding=\"async\" width=\"150\" height=\"150\" src=\"https:\/\/www.radiopiu.net\/wordpress\/wp-content\/uploads\/2021\/04\/171571044_493066768540563_3727976400598595071_n-1-150x150.jpg\" class=\"attachment-thumbnail size-thumbnail\" alt=\"\" \/><\/a>\n\t\t\t\t<\/dt><\/dl><br style=\"clear: both\" \/><dl class='gallery-item'>\n\t\t\t\t<dt class='gallery-icon landscape'>\n\t\t\t\t\t<a class=\"rollover rollover-zoom dt-pswp-item\" title=\"171957477_498136987876775_4480387851736178073_n\" data-dt-img-description=\"\" data-large_image_width=\"2394\" data-large_image_height=\"1696\"href='https:\/\/www.radiopiu.net\/wordpress\/wp-content\/uploads\/2021\/04\/171957477_498136987876775_4480387851736178073_n.jpg'><img loading=\"lazy\" decoding=\"async\" width=\"150\" height=\"150\" src=\"https:\/\/www.radiopiu.net\/wordpress\/wp-content\/uploads\/2021\/04\/171957477_498136987876775_4480387851736178073_n-150x150.jpg\" class=\"attachment-thumbnail size-thumbnail\" alt=\"\" \/><\/a>\n\t\t\t\t<\/dt><\/dl><dl class='gallery-item'>\n\t\t\t\t<dt class='gallery-icon landscape'>\n\t\t\t\t\t<a class=\"rollover rollover-zoom dt-pswp-item\" title=\"170077853_5429983013741120_8732064155997550792_n\" data-dt-img-description=\"\" data-large_image_width=\"2560\" data-large_image_height=\"1768\"href='https:\/\/www.radiopiu.net\/wordpress\/wp-content\/uploads\/2021\/04\/170077853_5429983013741120_8732064155997550792_n-scaled.jpg'><img loading=\"lazy\" decoding=\"async\" width=\"150\" height=\"150\" src=\"https:\/\/www.radiopiu.net\/wordpress\/wp-content\/uploads\/2021\/04\/170077853_5429983013741120_8732064155997550792_n-150x150.jpg\" class=\"attachment-thumbnail size-thumbnail\" alt=\"\" \/><\/a>\n\t\t\t\t<\/dt><\/dl><dl class='gallery-item'>\n\t\t\t\t<dt class='gallery-icon landscape'>\n\t\t\t\t\t<a class=\"rollover rollover-zoom dt-pswp-item\" title=\"170933727_803522153910320_4863382950319213146_n\" data-dt-img-description=\"\" data-large_image_width=\"2560\" data-large_image_height=\"1803\"href='https:\/\/www.radiopiu.net\/wordpress\/wp-content\/uploads\/2021\/04\/170933727_803522153910320_4863382950319213146_n-scaled.jpg'><img loading=\"lazy\" decoding=\"async\" width=\"150\" height=\"150\" src=\"https:\/\/www.radiopiu.net\/wordpress\/wp-content\/uploads\/2021\/04\/170933727_803522153910320_4863382950319213146_n-150x150.jpg\" class=\"attachment-thumbnail size-thumbnail\" alt=\"\" \/><\/a>\n\t\t\t\t<\/dt><\/dl><dl class='gallery-item'>\n\t\t\t\t<dt class='gallery-icon landscape'>\n\t\t\t\t\t<a class=\"rollover rollover-zoom dt-pswp-item\" title=\"171505796_825062008356439_7338082159158489793_n\" data-dt-img-description=\"\" data-large_image_width=\"2279\" data-large_image_height=\"1356\"href='https:\/\/www.radiopiu.net\/wordpress\/wp-content\/uploads\/2021\/04\/171505796_825062008356439_7338082159158489793_n.jpg'><img loading=\"lazy\" decoding=\"async\" width=\"150\" height=\"150\" src=\"https:\/\/www.radiopiu.net\/wordpress\/wp-content\/uploads\/2021\/04\/171505796_825062008356439_7338082159158489793_n-150x150.jpg\" class=\"attachment-thumbnail size-thumbnail\" alt=\"\" \/><\/a>\n\t\t\t\t<\/dt><\/dl><dl class='gallery-item'>\n\t\t\t\t<dt class='gallery-icon portrait'>\n\t\t\t\t\t<a class=\"rollover rollover-zoom dt-pswp-item\" title=\"170880392_938843443594659_4508778571748516081_n\" data-dt-img-description=\"\" data-large_image_width=\"1382\" data-large_image_height=\"1849\"href='https:\/\/www.radiopiu.net\/wordpress\/wp-content\/uploads\/2021\/04\/170880392_938843443594659_4508778571748516081_n.jpg'><img loading=\"lazy\" decoding=\"async\" width=\"150\" height=\"150\" src=\"https:\/\/www.radiopiu.net\/wordpress\/wp-content\/uploads\/2021\/04\/170880392_938843443594659_4508778571748516081_n-150x150.jpg\" class=\"attachment-thumbnail size-thumbnail\" alt=\"\" \/><\/a>\n\t\t\t\t<\/dt><\/dl><br style=\"clear: both\" \/>\n\t\t\t<\/div>\n\n<p>NELLE FOTO (riproduzioni dal libro \u201cCuriosando per la citt\u00e0 di Belluno\u201d): la copertina della pubblicazione; l\u2019autore, Vincenzo Caputo, con la moglie Carmela; Belluno: nei vari periodi storici a cominciare dal celtico, la Citt\u00e0 fu chiamata Belodunum (altura luminosa o citt\u00e0 splendente, Bellunum, Civitas Belluni, Cividal di Belluno; Borgo Piave nel disegno di Roberto Reolon; forni fusori e officina delle operazioni di fucinatura; anno 1917: topi messi ad essiccare a Belluno durante l\u2019\u201can de la fam\u201d, l\u2019anno della fame (foto di Pietro De Cian della collezione Massenz-Baldini della Biblioteca civica bellunese; sopra l\u2019insegna della vecchia trattoria Taverna un grifo regge un secchiello; lampione a muro all\u2019ingresso del Torrione; la fontanella in ferro dei primi Novecento nella via Sottocastello; lavorazione artistica in ferro sul grande portone d\u2019accesso del Palazzo dei Vescovi, ora Auditorium; struttura rimaneggiata in ferro lavorato all\u2019entrata principale di Palazzo Piloni in Piazza Duomo; motivi floreali in ferro sovrastanti il portale d\u2019ingresso di Palazzo Pagani sede del Provveditorato agli studi; porta carraia dell\u2019ex garage Fiat nella via Caffi; balaustra in ferro di una vecchia casa in piazza San Lucano di Borgo Pra; motivo floreale in ferro battuto all\u2019entrata della corte dell\u2019albergo Cappello (1843) nella via Ricci.<\/p>\n<p>&nbsp;<\/p>\n<p>&nbsp;<\/p>\n<hr \/>\n<p>&nbsp;<\/p>\n<h1><span style=\"color: #ff0000;\">IERI ALLA RADIO<\/span><\/h1>\n<h2><strong><a href=\"https:\/\/www.radiopiu.net\/wordpress\/alessandro-chiocchetti-ed-elia-barp-i-fondisti-delle-fiamme-gialle\/chiocchetti-barp\/\" rel=\"attachment wp-att-202321\"><img loading=\"lazy\" decoding=\"async\" class=\" wp-image-202321 alignleft\" src=\"https:\/\/www.radiopiu.net\/wordpress\/wp-content\/uploads\/2021\/04\/CHIOCCHETTI-BARP-300x300.jpg\" alt=\"\" width=\"227\" height=\"227\" srcset=\"https:\/\/www.radiopiu.net\/wordpress\/wp-content\/uploads\/2021\/04\/CHIOCCHETTI-BARP-300x300.jpg 300w, https:\/\/www.radiopiu.net\/wordpress\/wp-content\/uploads\/2021\/04\/CHIOCCHETTI-BARP.jpg 1024w, https:\/\/www.radiopiu.net\/wordpress\/wp-content\/uploads\/2021\/04\/CHIOCCHETTI-BARP-150x150.jpg 150w, https:\/\/www.radiopiu.net\/wordpress\/wp-content\/uploads\/2021\/04\/CHIOCCHETTI-BARP-768x768.jpg 768w\" sizes=\"auto, (max-width: 227px) 100vw, 227px\" \/><\/a><span style=\"color: #008000;\">ALESSANDRO CHIOCCHETTI ED ELIA BARP, I FONDISTI DELLE FIAMME GIALLE<\/span><\/strong><\/h2>\n<p><strong>di Claudio Fontanive e William Da Roit<\/strong><\/p>\n<p>OSPITI: Alessandro Chiocchetti ed Elia Barp<\/p>\n<audio class=\"wp-audio-shortcode\" id=\"audio-202129-17\" preload=\"none\" style=\"width: 100%;\" controls=\"controls\"><source type=\"audio\/mpeg\" src=\"https:\/\/www.radiopiu.net\/wordpress\/wp-content\/uploads\/2021\/04\/barp-chiocchetti.mp3?_=17\" \/><a href=\"https:\/\/www.radiopiu.net\/wordpress\/wp-content\/uploads\/2021\/04\/barp-chiocchetti.mp3\">https:\/\/www.radiopiu.net\/wordpress\/wp-content\/uploads\/2021\/04\/barp-chiocchetti.mp3<\/a><\/audio>\n<p>&nbsp;<\/p>\n<hr \/>\n<p>&nbsp;<\/p>\n<blockquote>\n<h3><\/h3>\n<h3>IO NE HO VISTE COSE CHE VOI NON POTRESTE IMMAGINARVI<\/h3>\n<\/blockquote>\n<p>Un programma di Claudio Pra, dal lunedi al venerdi \u00a0alle 8.45 ed in replica alle 19.45.<\/p>\n<p>&nbsp;<\/p>\n<p><strong><a href=\"https:\/\/www.radiopiu.net\/wordpress\/programma2asaas\/52390a91-673e-40ba-ab9c-df12e9e19f8a\/\" rel=\"attachment wp-att-202155\"><img loading=\"lazy\" decoding=\"async\" class=\"wp-image-202155 alignleft\" src=\"https:\/\/www.radiopiu.net\/wordpress\/wp-content\/uploads\/2021\/04\/52390a91-673e-40ba-ab9c-df12e9e19f8a-300x168.jpg\" alt=\"\" width=\"143\" height=\"80\" srcset=\"https:\/\/www.radiopiu.net\/wordpress\/wp-content\/uploads\/2021\/04\/52390a91-673e-40ba-ab9c-df12e9e19f8a-300x168.jpg 300w, https:\/\/www.radiopiu.net\/wordpress\/wp-content\/uploads\/2021\/04\/52390a91-673e-40ba-ab9c-df12e9e19f8a-1024x575.jpg 1024w, https:\/\/www.radiopiu.net\/wordpress\/wp-content\/uploads\/2021\/04\/52390a91-673e-40ba-ab9c-df12e9e19f8a-768x431.jpg 768w, https:\/\/www.radiopiu.net\/wordpress\/wp-content\/uploads\/2021\/04\/52390a91-673e-40ba-ab9c-df12e9e19f8a-1536x862.jpg 1536w, https:\/\/www.radiopiu.net\/wordpress\/wp-content\/uploads\/2021\/04\/52390a91-673e-40ba-ab9c-df12e9e19f8a.jpg 1600w\" sizes=\"auto, (max-width: 143px) 100vw, 143px\" \/><\/a>PUNTATA 15 <span style=\"color: #000000;\"><span style=\"font-family: Calibri, serif;\"><span style=\"font-size: small;\"><span style=\"font-family: Times New Roman, serif;\"><span style=\"font-size: medium;\">Come&#8230;te non c\u2019\u00e8 nessuno<\/span><\/span><\/span><\/span><\/span><\/strong><\/p>\n<audio class=\"wp-audio-shortcode\" id=\"audio-202129-18\" preload=\"none\" style=\"width: 100%;\" controls=\"controls\"><source type=\"audio\/mpeg\" src=\"https:\/\/www.radiopiu.net\/wordpress\/wp-content\/uploads\/2021\/04\/15-puntata-1.mp3?_=18\" \/><a href=\"https:\/\/www.radiopiu.net\/wordpress\/wp-content\/uploads\/2021\/04\/15-puntata-1.mp3\">https:\/\/www.radiopiu.net\/wordpress\/wp-content\/uploads\/2021\/04\/15-puntata-1.mp3<\/a><\/audio>\n<h2><\/h2>\n<h2><span style=\"color: #000000;\"><strong>LA RACCOLTA COMPLETA<\/strong><\/span><\/h2>\n<p>https:\/\/www.radiopiu.net\/wordpress\/programma2\/<\/p>\n<p>&nbsp;<\/p>\n<p>&nbsp;<\/p>\n<p>&nbsp;<\/p>\n<hr \/>\n<h2><span style=\"color: #ff0000;\">\u00a0<\/span><\/h2>\n<h2><span style=\"color: #ff0000;\">IERI ALLA RADIO\u00a0<\/span><\/h2>\n<p><iframe loading=\"lazy\" title=\"EPCENTER TECNOLOGIA PER LE RSA_SECONDA PARTE\" width=\"1200\" height=\"675\" src=\"https:\/\/www.youtube.com\/embed\/YfVTUOkcmCY?start=2&#038;feature=oembed\" frameborder=\"0\" allow=\"accelerometer; autoplay; clipboard-write; encrypted-media; gyroscope; picture-in-picture\" allowfullscreen><\/iframe><\/p>\n<p>&nbsp;<\/p>\n<h1 style=\"text-align: center;\"><span style=\"color: #0000ff;\"><strong><a style=\"color: #0000ff;\" href=\"https:\/\/hermescomms.pontiradiopr.it\/radio-piu-intervista-francesco-zillio-di-epcenter-nostro-nuovo-partner\/\">NOVITA&#8217; EPCENTER CLICCA QUI<\/a><\/strong><\/span><\/h1>\n<h3><strong>LA RACCOLTA COMPLETA\u00a0<\/strong><\/h3>\n<blockquote class=\"wp-embedded-content\" data-secret=\"vMwyf5iPWy\"><p><a href=\"https:\/\/www.radiopiu.net\/wordpress\/ep-center-video-gallery\/\">EP CENTER video gallery<\/a><\/p><\/blockquote>\n<p><iframe loading=\"lazy\" class=\"wp-embedded-content\" sandbox=\"allow-scripts\" security=\"restricted\" style=\"position: absolute; clip: rect(1px, 1px, 1px, 1px);\" title=\"&#8220;EP CENTER video gallery&#8221; &#8212; Radio Pi\u00f9\" src=\"https:\/\/www.radiopiu.net\/wordpress\/ep-center-video-gallery\/embed\/#?secret=vMwyf5iPWy\" data-secret=\"vMwyf5iPWy\" width=\"600\" height=\"338\" frameborder=\"0\" marginwidth=\"0\" marginheight=\"0\" scrolling=\"no\"><\/iframe><\/p>\n<div>\u200b<\/div>\n<p>\u200b<\/p>\n<p>&nbsp;<\/p>\n<hr \/>\n<p>&nbsp;<\/p>\n<h2><span style=\"color: #ff0000;\">dalla nuova generazione&#8230; cultura e tradizione<\/span><\/h2>\n<blockquote>\n<h3><em>PIAZA LADINA ALLA RADIO<\/em><\/h3>\n<\/blockquote>\n<p><strong>LA\u00a0 SESTA PUNTATA\u00a0 \u00a0&#8220;Bilinguismo&#8221;<\/strong><\/p>\n<audio class=\"wp-audio-shortcode\" id=\"audio-202129-19\" preload=\"none\" style=\"width: 100%;\" controls=\"controls\"><source type=\"audio\/mpeg\" src=\"https:\/\/www.radiopiu.net\/wordpress\/wp-content\/uploads\/2021\/04\/Pontada-6-Bilinguismo.mp3?_=19\" \/><a href=\"https:\/\/www.radiopiu.net\/wordpress\/wp-content\/uploads\/2021\/04\/Pontada-6-Bilinguismo.mp3\">https:\/\/www.radiopiu.net\/wordpress\/wp-content\/uploads\/2021\/04\/Pontada-6-Bilinguismo.mp3<\/a><\/audio>\n<p>&nbsp;<\/p>\n<blockquote>\n<h2>LA RACCOLTA COMPLETA<\/h2>\n<\/blockquote>\n<blockquote class=\"wp-embedded-content\" data-secret=\"0MAXkYViGx\"><p><a href=\"https:\/\/www.radiopiu.net\/wordpress\/agora-agordina-la-nosta-piaza\/\">AGORA&#8217; AGORDINA&#8230; LA NOSTA PIAZA LADINA.  pagina in aggiornamento continuo<\/a><\/p><\/blockquote>\n<p><iframe loading=\"lazy\" class=\"wp-embedded-content\" sandbox=\"allow-scripts\" security=\"restricted\" style=\"position: absolute; clip: rect(1px, 1px, 1px, 1px);\" title=\"&#8220;AGORA&#8217; AGORDINA&#8230; LA NOSTA PIAZA LADINA.  pagina in aggiornamento continuo&#8221; &#8212; Radio Pi\u00f9\" src=\"https:\/\/www.radiopiu.net\/wordpress\/agora-agordina-la-nosta-piaza\/embed\/#?secret=0MAXkYViGx\" data-secret=\"0MAXkYViGx\" width=\"600\" height=\"338\" frameborder=\"0\" marginwidth=\"0\" marginheight=\"0\" scrolling=\"no\"><\/iframe><\/p>\n<p>&nbsp;<\/p>\n<p>&nbsp;<\/p>\n<p>&nbsp;<\/p>\n<hr \/>\n<div class=\"b654a4as d2edcug0\">\n<div class=\"j83agx80 btwxx1t3 lhclo0ds hop8lmos nkwizq5d scwd0bx6 roh60bw9\">\n<div class=\"rq0escxv hkbzh7o3 jwdofwj8 n8tt0mok r8blr3vg hyh9befq\">\n<div class=\"do00u71z l9j0dhe7 k4urcfbm\">\n<div>\n<h2><span style=\"color: #000080;\"><a class=\"dt-pswp-item\" href=\"https:\/\/www.radiopiu.net\/wordpress\/wp-content\/uploads\/2020\/10\/pp.jpg\" data-dt-img-description=\"\" data-large_image_width=\"640\" data-large_image_height=\"640\"><img loading=\"lazy\" decoding=\"async\" class=\"wp-image-163678 alignleft\" src=\"https:\/\/www.radiopiu.net\/wordpress\/wp-content\/uploads\/2020\/10\/pp-300x300.jpg\" alt=\"\" width=\"106\" height=\"106\" srcset=\"https:\/\/www.radiopiu.net\/wordpress\/wp-content\/uploads\/2020\/10\/pp-300x300.jpg 300w, https:\/\/www.radiopiu.net\/wordpress\/wp-content\/uploads\/2020\/10\/pp-150x150.jpg 150w, https:\/\/www.radiopiu.net\/wordpress\/wp-content\/uploads\/2020\/10\/pp-125x125.jpg 125w, https:\/\/www.radiopiu.net\/wordpress\/wp-content\/uploads\/2020\/10\/pp-200x200.jpg 200w, https:\/\/www.radiopiu.net\/wordpress\/wp-content\/uploads\/2020\/10\/pp-80x80.jpg 80w, https:\/\/www.radiopiu.net\/wordpress\/wp-content\/uploads\/2020\/10\/pp-480x480.jpg 480w, https:\/\/www.radiopiu.net\/wordpress\/wp-content\/uploads\/2020\/10\/pp.jpg 640w\" sizes=\"auto, (max-width: 106px) 100vw, 106px\" \/><\/a><\/span><\/h2>\n<h2><span style=\"color: #000080;\">DON CESARE, IL PENSIERO DEL GIORNO. ALLA RADIO ALLE 7 DEL MATTINO E ALLE 19.30 DELLA SERA.\u00a0\u00a0<\/span><\/h2>\n<p>&nbsp;<\/p>\n<\/div>\n<\/div>\n<\/div>\n<p>&nbsp;<\/p>\n<div class=\"rq0escxv hkbzh7o3 jwdofwj8 n8tt0mok r8blr3vg hyh9befq\">\n<div class=\"do00u71z l9j0dhe7 k4urcfbm\"><\/div>\n<\/div>\n<\/div>\n<audio class=\"wp-audio-shortcode\" id=\"audio-202129-20\" preload=\"none\" style=\"width: 100%;\" controls=\"controls\"><source type=\"audio\/mpeg\" src=\"https:\/\/www.radiopiu.net\/wordpress\/wp-content\/uploads\/2021\/04\/CESARE-6.mp3?_=20\" \/><a href=\"https:\/\/www.radiopiu.net\/wordpress\/wp-content\/uploads\/2021\/04\/CESARE-6.mp3\">https:\/\/www.radiopiu.net\/wordpress\/wp-content\/uploads\/2021\/04\/CESARE-6.mp3<\/a><\/audio>\n<hr \/>\n<p>&nbsp;<\/p>\n<p>&nbsp;<\/p>\n<h2><span style=\"color: #ff0000;\">ALLA RADIO<\/span><\/h2>\n<h2><span style=\"color: #008000;\">ERBE E PIANTE CURATIVE&#8230;IL\u00a0 PROGRAMMA DI PAOLA LANCIATO<\/span><\/h2>\n<p><strong><a href=\"https:\/\/www.radiopiu.net\/wordpress\/erbe-e-piante-curative-il-mandorlo\/almond-tree-3308361_1280\/\" rel=\"attachment wp-att-200195\"><img loading=\"lazy\" decoding=\"async\" class=\" wp-image-200195 alignleft\" src=\"https:\/\/www.radiopiu.net\/wordpress\/wp-content\/uploads\/2021\/03\/almond-tree-3308361_1280-300x200.jpg\" alt=\"\" width=\"176\" height=\"117\" srcset=\"https:\/\/www.radiopiu.net\/wordpress\/wp-content\/uploads\/2021\/03\/almond-tree-3308361_1280-300x200.jpg 300w, https:\/\/www.radiopiu.net\/wordpress\/wp-content\/uploads\/2021\/03\/almond-tree-3308361_1280-1024x682.jpg 1024w, https:\/\/www.radiopiu.net\/wordpress\/wp-content\/uploads\/2021\/03\/almond-tree-3308361_1280-768x512.jpg 768w, https:\/\/www.radiopiu.net\/wordpress\/wp-content\/uploads\/2021\/03\/almond-tree-3308361_1280.jpg 1280w\" sizes=\"auto, (max-width: 176px) 100vw, 176px\" \/><\/a>PUNTATA 10, L&#8217;ARANCIO<\/strong><\/p>\n<p><strong>LA RACCOLTA COMPLETA<\/strong><\/p>\n<\/div>\n<p>&nbsp;<\/p>\n<p>&nbsp;<\/p>\n<p>&nbsp;<\/p>\n<div class=\"b654a4as d2edcug0\">\n<audio class=\"wp-audio-shortcode\" id=\"audio-202129-21\" preload=\"none\" style=\"width: 100%;\" controls=\"controls\"><source type=\"audio\/mpeg\" src=\"https:\/\/www.radiopiu.net\/wordpress\/wp-content\/uploads\/2021\/04\/9-LArancio-M.mp3?_=21\" \/><a href=\"https:\/\/www.radiopiu.net\/wordpress\/wp-content\/uploads\/2021\/04\/9-LArancio-M.mp3\">https:\/\/www.radiopiu.net\/wordpress\/wp-content\/uploads\/2021\/04\/9-LArancio-M.mp3<\/a><\/audio>\n<p>&nbsp;<\/p>\n<\/div>\n<p>&nbsp;<\/p>\n<hr \/>\n<p>&nbsp;<\/p>\n<blockquote>\n<h2><a href=\"https:\/\/www.radiopiu.net\/wordpress\/speciale-solidarieta-veneto\/solidarieta-veneto-3\/\" rel=\"attachment wp-att-134366\"><img loading=\"lazy\" decoding=\"async\" class=\"wp-image-134366 alignleft\" src=\"https:\/\/www.radiopiu.net\/wordpress\/wp-content\/uploads\/2020\/05\/solidariet\u00e0-veneto-300x210.jpg\" alt=\"\" width=\"102\" height=\"71\" srcset=\"https:\/\/www.radiopiu.net\/wordpress\/wp-content\/uploads\/2020\/05\/solidariet\u00e0-veneto-300x210.jpg 300w, https:\/\/www.radiopiu.net\/wordpress\/wp-content\/uploads\/2020\/05\/solidariet\u00e0-veneto-1024x717.jpg 1024w, https:\/\/www.radiopiu.net\/wordpress\/wp-content\/uploads\/2020\/05\/solidariet\u00e0-veneto-768x538.jpg 768w, https:\/\/www.radiopiu.net\/wordpress\/wp-content\/uploads\/2020\/05\/solidariet\u00e0-veneto.jpg 1373w\" sizes=\"auto, (max-width: 102px) 100vw, 102px\" \/><\/a>SOLIDARIETA&#8217; VENETO FONDO PENSIONE, IN ONDA IL PRIMO VENERDI DEL MESE ALLE 10.30 E ALLE 19.00 QUINTA STAGIONE<\/h2>\n<\/blockquote>\n<p><strong>AUDIO APRILE 2021<\/strong><\/p>\n<audio class=\"wp-audio-shortcode\" id=\"audio-202129-22\" preload=\"none\" style=\"width: 100%;\" controls=\"controls\"><source type=\"audio\/mpeg\" src=\"https:\/\/www.radiopiu.net\/wordpress\/wp-content\/uploads\/2021\/04\/solidarieta-veneto-aprile-2021.mp3?_=22\" \/><a href=\"https:\/\/www.radiopiu.net\/wordpress\/wp-content\/uploads\/2021\/04\/solidarieta-veneto-aprile-2021.mp3\">https:\/\/www.radiopiu.net\/wordpress\/wp-content\/uploads\/2021\/04\/solidarieta-veneto-aprile-2021.mp3<\/a><\/audio>\n<p>&nbsp;<\/p>\n<blockquote>\n<h2>RACCOLTA COMPLETA<\/h2>\n<\/blockquote>\n<blockquote class=\"wp-embedded-content\" data-secret=\"5VoidNwK9u\"><p><a href=\"https:\/\/www.radiopiu.net\/wordpress\/solidarieta-veneto\/\">Solidariet\u00e0 Veneto<\/a><\/p><\/blockquote>\n<p><iframe loading=\"lazy\" class=\"wp-embedded-content\" sandbox=\"allow-scripts\" security=\"restricted\" style=\"position: absolute; clip: rect(1px, 1px, 1px, 1px);\" title=\"&#8220;Solidariet\u00e0 Veneto&#8221; &#8212; Radio Pi\u00f9\" src=\"https:\/\/www.radiopiu.net\/wordpress\/solidarieta-veneto\/embed\/#?secret=5VoidNwK9u\" data-secret=\"5VoidNwK9u\" width=\"600\" height=\"338\" frameborder=\"0\" marginwidth=\"0\" marginheight=\"0\" scrolling=\"no\"><\/iframe><\/p>\n<p>&nbsp;<\/p>\n<p>&nbsp;<\/p>\n<hr \/>\n<p>&nbsp;<\/p>\n<p>&nbsp;<\/p>\n<blockquote>\n<h2>FANTASTICHE DOLOMITI, NUOVA STAGIONE. APPUNTAMENTO QUINDICINALE IL GIOVEDI ALLE 10.30 E 19.00<\/h2>\n<\/blockquote>\n<h2><span style=\"color: #ff0000;\">PUNTATA NUMERO 12\u00a0 del\u00a0 31marzo2021<\/span><\/h2>\n<p><strong><a href=\"https:\/\/www.radiopiu.net\/wordpress\/raccolta-completa\/121869645_648442942701436_4748562330148520081_n-2\/\" rel=\"attachment wp-att-196402\"><img loading=\"lazy\" decoding=\"async\" class=\"wp-image-196402 alignleft\" src=\"https:\/\/www.radiopiu.net\/wordpress\/wp-content\/uploads\/2021\/02\/121869645_648442942701436_4748562330148520081_n-1-300x169.jpg\" alt=\"\" width=\"160\" height=\"90\" srcset=\"https:\/\/www.radiopiu.net\/wordpress\/wp-content\/uploads\/2021\/02\/121869645_648442942701436_4748562330148520081_n-1-300x169.jpg 300w, https:\/\/www.radiopiu.net\/wordpress\/wp-content\/uploads\/2021\/02\/121869645_648442942701436_4748562330148520081_n-1-1024x576.jpg 1024w, https:\/\/www.radiopiu.net\/wordpress\/wp-content\/uploads\/2021\/02\/121869645_648442942701436_4748562330148520081_n-1-768x432.jpg 768w, https:\/\/www.radiopiu.net\/wordpress\/wp-content\/uploads\/2021\/02\/121869645_648442942701436_4748562330148520081_n-1-1536x864.jpg 1536w, https:\/\/www.radiopiu.net\/wordpress\/wp-content\/uploads\/2021\/02\/121869645_648442942701436_4748562330148520081_n-1.jpg 1707w\" sizes=\"auto, (max-width: 160px) 100vw, 160px\" \/><\/a>OSPITE IL PRESIDENTE CLAUDIO CANOVA, due giovani veterinari Michele e Maria investono nell&#8217;attivit\u00e0 sostenibile, l&#8217;allevamento delle trote a Piz di Sospirolo<\/strong><\/p>\n<p>&nbsp;<\/p>\n<audio class=\"wp-audio-shortcode\" id=\"audio-202129-23\" preload=\"none\" style=\"width: 100%;\" controls=\"controls\"><source type=\"audio\/mpeg\" src=\"https:\/\/www.radiopiu.net\/wordpress\/wp-content\/uploads\/2021\/03\/fantastiche-dolomiti-31-marzo-2021.mp3?_=23\" \/><a href=\"https:\/\/www.radiopiu.net\/wordpress\/wp-content\/uploads\/2021\/03\/fantastiche-dolomiti-31-marzo-2021.mp3\">https:\/\/www.radiopiu.net\/wordpress\/wp-content\/uploads\/2021\/03\/fantastiche-dolomiti-31-marzo-2021.mp3<\/a><\/audio>\n<h3>LA RACCOLTA COMPLETA<\/h3>\n<p>https:\/\/www.radiopiu.net\/wordpress\/raccolta-completa\/<\/p>\n<p>&nbsp;<\/p>\n<p>&nbsp;<\/p>\n<hr \/>\n<p>&nbsp;<\/p>\n<p>&nbsp;<\/p>\n<div>\n<h2><span style=\"color: #ff0000;\">ALLA RADIO<\/span><\/h2>\n<\/div>\n<div>\n<h2><strong>LE\u00a0 PUNTATE di Luisa Alchini di Leggermente Bellunesi, la domenica alle 11, <span style=\"color: #0000ff;\">IL MARTEDI IN PRIMA EDIZIONE\u00a0<\/span> alle 10.30 e alle 19.00<\/strong><\/h2>\n<\/div>\n<p><strong><span style=\"color: #000000;\">RACCOLTA COMPLETA<\/span><\/strong><\/p>\n<div>\n<blockquote class=\"wp-embedded-content\" data-secret=\"dSjXph8ul9\"><p><a href=\"https:\/\/www.radiopiu.net\/wordpress\/leggermente-20\/\">LEGGERmente&#8230;Bellunesi<\/a><\/p><\/blockquote>\n<p><iframe loading=\"lazy\" class=\"wp-embedded-content\" sandbox=\"allow-scripts\" security=\"restricted\" style=\"position: absolute; clip: rect(1px, 1px, 1px, 1px);\" title=\"&#8220;LEGGERmente&#8230;Bellunesi&#8221; &#8212; Radio Pi\u00f9\" src=\"https:\/\/www.radiopiu.net\/wordpress\/leggermente-20\/embed\/#?secret=dSjXph8ul9\" data-secret=\"dSjXph8ul9\" width=\"600\" height=\"338\" frameborder=\"0\" marginwidth=\"0\" marginheight=\"0\" scrolling=\"no\"><\/iframe><\/p>\n<\/div>\n<p>&nbsp;<\/p>\n<p>&nbsp;<\/p>\n<p>&nbsp;<\/p>\n<hr \/>\n<h2><span style=\"color: #808000;\">\u00a0<\/span><\/h2>\n<h2><span style=\"color: #808000;\">DUE MINUTI UN LIBRO\u00a0 TUTTI I GIORNI ALLA RADIO ALLE 9.30 E ALLE 18. QUINTA STAGIONE\u00a0\u00a0<\/span><\/h2>\n<blockquote class=\"wp-embedded-content\" data-secret=\"BtTzpjcpW0\"><p><a href=\"https:\/\/www.radiopiu.net\/wordpress\/questo-giorno-che-incombe\/\">QUESTO GIORNO CHE INCOMBE<\/a><\/p><\/blockquote>\n<p><iframe loading=\"lazy\" class=\"wp-embedded-content\" sandbox=\"allow-scripts\" security=\"restricted\" style=\"position: absolute; clip: rect(1px, 1px, 1px, 1px);\" title=\"&#8220;QUESTO GIORNO CHE INCOMBE&#8221; &#8212; Radio Pi\u00f9\" src=\"https:\/\/www.radiopiu.net\/wordpress\/questo-giorno-che-incombe\/embed\/#?secret=BtTzpjcpW0\" data-secret=\"BtTzpjcpW0\" width=\"600\" height=\"338\" frameborder=\"0\" marginwidth=\"0\" marginheight=\"0\" scrolling=\"no\"><\/iframe><\/p>\n<h3><span style=\"color: #808000;\">\u00a0<\/span>LA RACCOLTA COMPLETA<\/h3>\n<blockquote class=\"wp-embedded-content\" data-secret=\"DjsalhHDJB\"><p><a href=\"https:\/\/www.radiopiu.net\/wordpress\/due-minuti-un-libro\/\">Due minuti un libro<\/a><\/p><\/blockquote>\n<p><iframe loading=\"lazy\" class=\"wp-embedded-content\" sandbox=\"allow-scripts\" security=\"restricted\" style=\"position: absolute; clip: rect(1px, 1px, 1px, 1px);\" title=\"&#8220;Due minuti un libro&#8221; &#8212; Radio Pi\u00f9\" src=\"https:\/\/www.radiopiu.net\/wordpress\/due-minuti-un-libro\/embed\/#?secret=DjsalhHDJB\" data-secret=\"DjsalhHDJB\" width=\"600\" height=\"338\" frameborder=\"0\" marginwidth=\"0\" marginheight=\"0\" scrolling=\"no\"><\/iframe><\/p>\n<p>&nbsp;<\/p>\n<p>&nbsp;<\/p>\n<p>&nbsp;<\/p>\n<p>&nbsp;<\/p>\n<hr \/>\n<p>&nbsp;<\/p>\n<p>&nbsp;<\/p>\n<h1><span style=\"color: #ff0000;\"><strong>IN VIVO VERSO 2020-21<\/strong><\/span><\/h1>\n<blockquote><p><span style=\"color: #ff0000;\"><strong>IN ONDA DAL LUNEDI AL VENERDI ALLE 7.10, 10.10, 18.50\u00a0 \u00a0<\/strong><\/span><\/p><\/blockquote>\n<blockquote class=\"wp-embedded-content\" data-secret=\"DpPtF2KB7h\"><p><a href=\"https:\/\/www.radiopiu.net\/wordpress\/salite-al-calvario-di-lorella-de-bon\/\">SALITE AL CALVARIO di LORELLA DE BON<\/a><\/p><\/blockquote>\n<p><iframe loading=\"lazy\" class=\"wp-embedded-content\" sandbox=\"allow-scripts\" security=\"restricted\" style=\"position: absolute; clip: rect(1px, 1px, 1px, 1px);\" title=\"&#8220;SALITE AL CALVARIO di LORELLA DE BON&#8221; &#8212; Radio Pi\u00f9\" src=\"https:\/\/www.radiopiu.net\/wordpress\/salite-al-calvario-di-lorella-de-bon\/embed\/#?secret=DpPtF2KB7h\" data-secret=\"DpPtF2KB7h\" width=\"600\" height=\"338\" frameborder=\"0\" marginwidth=\"0\" marginheight=\"0\" scrolling=\"no\"><\/iframe><\/p>\n<p><strong>LA RACCOLTA COMPLETA<\/strong><\/p>\n<blockquote class=\"wp-embedded-content\" data-secret=\"PUfaCXqBzt\"><p><a href=\"https:\/\/www.radiopiu.net\/wordpress\/in-vivo-verso\/\">In Vivo Verso<\/a><\/p><\/blockquote>\n<p><iframe loading=\"lazy\" class=\"wp-embedded-content\" sandbox=\"allow-scripts\" security=\"restricted\" style=\"position: absolute; clip: rect(1px, 1px, 1px, 1px);\" title=\"&#8220;In Vivo Verso&#8221; &#8212; Radio Pi\u00f9\" src=\"https:\/\/www.radiopiu.net\/wordpress\/in-vivo-verso\/embed\/#?secret=PUfaCXqBzt\" data-secret=\"PUfaCXqBzt\" width=\"600\" height=\"338\" frameborder=\"0\" marginwidth=\"0\" marginheight=\"0\" scrolling=\"no\"><\/iframe><\/p>\n<hr \/>\n<p>&nbsp;<\/p>\n<p>&nbsp;<\/p>\n<h2><span style=\"color: #ff0000;\"><a href=\"https:\/\/www.radiopiu.net\/wordpress\/giornale-radiopiu-05-gennaio-2021-direttore-mirko-mezzacasa\/133200401_100838761953611_1258544160541445132_o-2\/\" rel=\"attachment wp-att-183078\"><img loading=\"lazy\" decoding=\"async\" class=\" wp-image-183078 alignleft\" src=\"https:\/\/www.radiopiu.net\/wordpress\/wp-content\/uploads\/2021\/01\/133200401_100838761953611_1258544160541445132_o-1-300x157.jpg\" alt=\"\" width=\"192\" height=\"101\" srcset=\"https:\/\/www.radiopiu.net\/wordpress\/wp-content\/uploads\/2021\/01\/133200401_100838761953611_1258544160541445132_o-1-300x157.jpg 300w, https:\/\/www.radiopiu.net\/wordpress\/wp-content\/uploads\/2021\/01\/133200401_100838761953611_1258544160541445132_o-1.jpg 526w\" sizes=\"auto, (max-width: 192px) 100vw, 192px\" \/><\/a>GOCCE DI FILOSOFIA, CON CHIARA CAU, CON LISA DE LUCA. <\/span><\/h2>\n<h2><span style=\"color: #ff0000;\">TUTTI I GIORNI DAL LUNEDI AL VENERDI ALLE 6.55 E ALLE 18.55<\/span><\/h2>\n<p><strong>PUNTATA 70<\/strong><\/p>\n<audio class=\"wp-audio-shortcode\" id=\"audio-202129-24\" preload=\"none\" style=\"width: 100%;\" controls=\"controls\"><source type=\"audio\/mpeg\" src=\"https:\/\/www.radiopiu.net\/wordpress\/wp-content\/uploads\/2021\/04\/FI5.mp3?_=24\" \/><a href=\"https:\/\/www.radiopiu.net\/wordpress\/wp-content\/uploads\/2021\/04\/FI5.mp3\">https:\/\/www.radiopiu.net\/wordpress\/wp-content\/uploads\/2021\/04\/FI5.mp3<\/a><\/audio>\n<p>&nbsp;<\/p>\n<h3>LA RACCOLTA COMPLETA<\/h3>\n<blockquote class=\"wp-embedded-content\" data-secret=\"n7qwhZCOBR\"><p><a href=\"https:\/\/www.radiopiu.net\/wordpress\/gocce-filosofia\/\">Gocce di filosofia<\/a><\/p><\/blockquote>\n<p><iframe loading=\"lazy\" class=\"wp-embedded-content\" sandbox=\"allow-scripts\" security=\"restricted\" style=\"position: absolute; clip: rect(1px, 1px, 1px, 1px);\" title=\"&#8220;Gocce di filosofia&#8221; &#8212; Radio Pi\u00f9\" src=\"https:\/\/www.radiopiu.net\/wordpress\/gocce-filosofia\/embed\/#?secret=n7qwhZCOBR\" data-secret=\"n7qwhZCOBR\" width=\"600\" height=\"338\" frameborder=\"0\" marginwidth=\"0\" marginheight=\"0\" scrolling=\"no\"><\/iframe><\/p>\n<p>&nbsp;<\/p>\n<hr \/>\n<p>&nbsp;<\/p>\n<p>&nbsp;<\/p>\n<blockquote>\n<h3><a href=\"https:\/\/www.radiopiu.net\/wordpress\/almanacco-ladino-puntata-5-2020\/sn\/\" rel=\"attachment wp-att-180931\"><img loading=\"lazy\" decoding=\"async\" class=\"wp-image-180931 alignleft\" src=\"https:\/\/www.radiopiu.net\/wordpress\/wp-content\/uploads\/2020\/12\/sn-300x194.jpg\" alt=\"\" width=\"181\" height=\"117\" srcset=\"https:\/\/www.radiopiu.net\/wordpress\/wp-content\/uploads\/2020\/12\/sn-300x194.jpg 300w, https:\/\/www.radiopiu.net\/wordpress\/wp-content\/uploads\/2020\/12\/sn.jpg 626w\" sizes=\"auto, (max-width: 181px) 100vw, 181px\" \/><\/a>L&#8217;ALMANACCO LADINO CON L&#8217;ISTITUT CESA DE JAN QUINDICINALE APPUNTAMENTO. LA DOMENICA ALLE 9 IL LUNEDI ALLE 8.35 IL MARTEDI ALLE 12.35 IL MERCOLEDI ALLE 18.35. SECONDA STAGIONE.<\/h3>\n<\/blockquote>\n<p>&nbsp;<\/p>\n<p><strong>RACCOLTA COMPLETA\u00a0<\/strong><\/p>\n<blockquote class=\"wp-embedded-content\" data-secret=\"sgOvEYztOc\"><p><a href=\"https:\/\/www.radiopiu.net\/wordpress\/almanacco-ladino\/\">Almanacco Ladino<\/a><\/p><\/blockquote>\n<p><iframe loading=\"lazy\" class=\"wp-embedded-content\" sandbox=\"allow-scripts\" security=\"restricted\" style=\"position: absolute; clip: rect(1px, 1px, 1px, 1px);\" title=\"&#8220;Almanacco Ladino&#8221; &#8212; Radio Pi\u00f9\" src=\"https:\/\/www.radiopiu.net\/wordpress\/almanacco-ladino\/embed\/#?secret=sgOvEYztOc\" data-secret=\"sgOvEYztOc\" width=\"600\" height=\"338\" frameborder=\"0\" marginwidth=\"0\" marginheight=\"0\" scrolling=\"no\"><\/iframe><\/p>\n<h2><\/h2>\n<hr \/>\n<div dir=\"auto\">\n<div>\n<h2><span style=\"color: #800080;\"><strong>LA RASSEGNA STAMPA DA L&#8217;AMICO DEL POPOLO\u00a0<\/strong><\/span><\/h2>\n<h3 class=\"kvgmc6g5 cxmmr5t8 oygrvhab hcukyx3x c1et5uql\"><span style=\"color: #0000ff;\"> INFORMAZIONE il canale su TELEGRAM informazione di prima mano e in tempo reale. iscriviti ed aiutaci a farlo conoscere\u00a0<\/span><\/h3>\n<p><a href=\"https:\/\/www.radiopiu.net\/wordpress\/la-rassegna-stampa-da-lamico-del-popolo-03-aprile-2021\/giorgio-fornasier\/\" rel=\"attachment wp-att-201145\"><img loading=\"lazy\" decoding=\"async\" class=\" wp-image-201145 alignleft\" src=\"https:\/\/www.radiopiu.net\/wordpress\/wp-content\/uploads\/2021\/04\/GIORGIO-FORNASIER-300x300.png\" alt=\"\" width=\"107\" height=\"107\" srcset=\"https:\/\/www.radiopiu.net\/wordpress\/wp-content\/uploads\/2021\/04\/GIORGIO-FORNASIER-300x300.png 300w, https:\/\/www.radiopiu.net\/wordpress\/wp-content\/uploads\/2021\/04\/GIORGIO-FORNASIER-150x150.png 150w, https:\/\/www.radiopiu.net\/wordpress\/wp-content\/uploads\/2021\/04\/GIORGIO-FORNASIER-768x768.png 768w, https:\/\/www.radiopiu.net\/wordpress\/wp-content\/uploads\/2021\/04\/GIORGIO-FORNASIER.png 800w\" sizes=\"auto, (max-width: 107px) 100vw, 107px\" \/><\/a><strong>di Gianni Santomaso<\/strong><\/p>\n<p>OSPITE: Giorgio Fornasier<\/p>\n<audio class=\"wp-audio-shortcode\" id=\"audio-202129-25\" preload=\"none\" style=\"width: 100%;\" controls=\"controls\"><source type=\"audio\/mpeg\" src=\"https:\/\/www.radiopiu.net\/wordpress\/wp-content\/uploads\/2021\/04\/RASSEGNA-GIANNI.mp3?_=25\" \/><a href=\"https:\/\/www.radiopiu.net\/wordpress\/wp-content\/uploads\/2021\/04\/RASSEGNA-GIANNI.mp3\">https:\/\/www.radiopiu.net\/wordpress\/wp-content\/uploads\/2021\/04\/RASSEGNA-GIANNI.mp3<\/a><\/audio>\n<p>&nbsp;<\/p>\n<p><strong>LA RACCOLTA COMPLETA<\/strong><\/p>\n<blockquote class=\"wp-embedded-content\" data-secret=\"QLC14lUQe9\"><p><a href=\"https:\/\/www.radiopiu.net\/wordpress\/rassegna-stampa-di-gianni-santomaso\/\">Rassegna stampa da l&#8217;amico del popolo &#8211; di Gianni Santomaso<\/a><\/p><\/blockquote>\n<p><iframe loading=\"lazy\" class=\"wp-embedded-content\" sandbox=\"allow-scripts\" security=\"restricted\" style=\"position: absolute; clip: rect(1px, 1px, 1px, 1px);\" title=\"&#8220;Rassegna stampa da l&#8217;amico del popolo &#8211; di Gianni Santomaso&#8221; &#8212; Radio Pi\u00f9\" src=\"https:\/\/www.radiopiu.net\/wordpress\/rassegna-stampa-di-gianni-santomaso\/embed\/#?secret=QLC14lUQe9\" data-secret=\"QLC14lUQe9\" width=\"600\" height=\"338\" frameborder=\"0\" marginwidth=\"0\" marginheight=\"0\" scrolling=\"no\"><\/iframe><\/p>\n<p>&nbsp;<\/p>\n<\/div>\n<\/div>\n<div dir=\"auto\">\n<hr \/>\n<p>&nbsp;<\/p>\n<blockquote>\n<h3>SALUTE E SOCIETA&#8217; IL LUNEDI ALLE 13.10 E ALLE 20.10, LA DOMENICA ALLE 10.30 A CURA DEL DOTTOR MARCO CARACCIOLO. QUINTA STAGIONE<\/h3>\n<\/blockquote>\n<p><strong><a href=\"https:\/\/www.radiopiu.net\/wordpress\/giornale-radiopiu-06-aprile-2021-direttore-mirko-mezzacasa\/97fbdb37-325b-4b99-bea8-766aab667fc3\/\" rel=\"attachment wp-att-201410\"><img loading=\"lazy\" decoding=\"async\" class=\"size-medium wp-image-201410 alignleft\" src=\"https:\/\/www.radiopiu.net\/wordpress\/wp-content\/uploads\/2021\/04\/97fbdb37-325b-4b99-bea8-766aab667fc3-300x169.jpg\" alt=\"\" width=\"300\" height=\"169\" srcset=\"https:\/\/www.radiopiu.net\/wordpress\/wp-content\/uploads\/2021\/04\/97fbdb37-325b-4b99-bea8-766aab667fc3-300x169.jpg 300w, https:\/\/www.radiopiu.net\/wordpress\/wp-content\/uploads\/2021\/04\/97fbdb37-325b-4b99-bea8-766aab667fc3-1024x576.jpg 1024w, https:\/\/www.radiopiu.net\/wordpress\/wp-content\/uploads\/2021\/04\/97fbdb37-325b-4b99-bea8-766aab667fc3-768x432.jpg 768w, https:\/\/www.radiopiu.net\/wordpress\/wp-content\/uploads\/2021\/04\/97fbdb37-325b-4b99-bea8-766aab667fc3.jpg 1280w\" sizes=\"auto, (max-width: 300px) 100vw, 300px\" \/><\/a>LA PUNTATA DELLA SETTIMANA<\/strong><\/p>\n<p>L\u2019asma \u00e8 una malattia caratterizzata da infiammazione cronica delle vie aeree e definita da una storia di sintomi respiratori quali sibili, mancanza di respiro, costrizione toracica e tosse che variano nel tempo e di intensit\u00e0, insieme ad una variabile limitazione del flusso espiratorio. Per i piccoli pazienti asmatici il trattamento farmacologico ha obiettivi ambiziosi: ridurre il numero di riacutizzazioni e i sintomi nel corso della giornata o della notte, tanto da permettere di svolgere le normali attivit\u00e0 quotidiane e l\u2019attivit\u00e0 sportiva. Gian Luigi Marseglia, presidente Siaip (Societ\u00e0 italiana di Allergologia e immunologia pediatrica Giorgio Piacentini, professore ordinario di Pediatria all\u2019uUniversit\u00e0 di Verona Mariangela Tosca, responsabile del Centro di Allergologia dell\u2019Istituto Gaslini di Genova<\/p>\n<audio class=\"wp-audio-shortcode\" id=\"audio-202129-26\" preload=\"none\" style=\"width: 100%;\" controls=\"controls\"><source type=\"audio\/mpeg\" src=\"https:\/\/www.radiopiu.net\/wordpress\/wp-content\/uploads\/2021\/04\/SALUTE.mp3?_=26\" \/><a href=\"https:\/\/www.radiopiu.net\/wordpress\/wp-content\/uploads\/2021\/04\/SALUTE.mp3\">https:\/\/www.radiopiu.net\/wordpress\/wp-content\/uploads\/2021\/04\/SALUTE.mp3<\/a><\/audio>\n<h3><strong>LA RACCOLTA COMPLETA\u00a0<\/strong><\/h3>\n<\/div>\n<blockquote class=\"wp-embedded-content\" data-secret=\"5xUiOyI531\"><p><a href=\"https:\/\/www.radiopiu.net\/wordpress\/saluteesocieta\/\">Salute e Societ\u00e0<\/a><\/p><\/blockquote>\n<p><iframe loading=\"lazy\" class=\"wp-embedded-content\" sandbox=\"allow-scripts\" security=\"restricted\" style=\"position: absolute; clip: rect(1px, 1px, 1px, 1px);\" title=\"&#8220;Salute e Societ\u00e0&#8221; &#8212; Radio Pi\u00f9\" src=\"https:\/\/www.radiopiu.net\/wordpress\/saluteesocieta\/embed\/#?secret=5xUiOyI531\" data-secret=\"5xUiOyI531\" width=\"600\" height=\"338\" frameborder=\"0\" marginwidth=\"0\" marginheight=\"0\" scrolling=\"no\"><\/iframe><\/p>\n<hr \/>\n<p>&nbsp;<\/p>\n<blockquote>\n<h3 class=\"kvgmc6g5 cxmmr5t8 oygrvhab hcukyx3x c1et5uql\"><span style=\"color: #0000ff;\">INFORMAZIONE il canale su TELEGRAM informazione di prima mano e in tempo reale. iscriviti ed aiutaci a farlo conoscere\u00a0<\/span><\/h3>\n<\/blockquote>\n<h2><img loading=\"lazy\" decoding=\"async\" class=\"alignleft\" src=\"https:\/\/www.radiopiu.net\/wordpress\/wp-content\/uploads\/2021\/03\/narr.jpg\" width=\"158\" height=\"105\" \/>007 IN CONDOTTA CON LA PROF. MARIA ROSA SALMAZO IL LUNEDI ALLE 10,30 E ALLE 19.00 LA DOMENICA ALLE 8 DEL MATTINO. NONA STAGIONE<\/h2>\n<p><span style=\"color: #ff0000;\"><strong>PUNTATA DEL 29 MARZO 2021<\/strong><\/span><\/p>\n<audio class=\"wp-audio-shortcode\" id=\"audio-202129-27\" preload=\"none\" style=\"width: 100%;\" controls=\"controls\"><source type=\"audio\/mpeg\" src=\"https:\/\/www.radiopiu.net\/wordpress\/wp-content\/uploads\/2020\/10\/007-28-marzo.mp3?_=27\" \/><a href=\"https:\/\/www.radiopiu.net\/wordpress\/wp-content\/uploads\/2020\/10\/007-28-marzo.mp3\">https:\/\/www.radiopiu.net\/wordpress\/wp-content\/uploads\/2020\/10\/007-28-marzo.mp3<\/a><\/audio>\n<h2>LA RACCOLTA COMPLETA<\/h2>\n<blockquote class=\"wp-embedded-content\" data-secret=\"H25iwtkady\"><p><a href=\"https:\/\/www.radiopiu.net\/wordpress\/007incondotta-9\/\">007 in condotta<\/a><\/p><\/blockquote>\n<p><iframe loading=\"lazy\" class=\"wp-embedded-content\" sandbox=\"allow-scripts\" security=\"restricted\" style=\"position: absolute; clip: rect(1px, 1px, 1px, 1px);\" title=\"&#8220;007 in condotta&#8221; &#8212; Radio Pi\u00f9\" src=\"https:\/\/www.radiopiu.net\/wordpress\/007incondotta-9\/embed\/#?secret=H25iwtkady\" data-secret=\"H25iwtkady\" width=\"600\" height=\"338\" frameborder=\"0\" marginwidth=\"0\" marginheight=\"0\" scrolling=\"no\"><\/iframe><\/p>\n<blockquote><p>&nbsp;<\/p>\n<p>&nbsp;<\/p><\/blockquote>\n<hr \/>\n<p>&nbsp;<\/p>\n<p>&nbsp;<\/p>\n<div>\n<h2><span style=\"color: #33cccc;\">I RACCONTI DI PAOLO SOPPELSA il lunedi alle 9.30 e 18.30<\/span><\/h2>\n<blockquote class=\"wp-embedded-content\" data-secret=\"Qmi3ilNQSh\"><p><a href=\"https:\/\/www.radiopiu.net\/wordpress\/i-racconti-di-paolo-soppelsa-sessantanovesima-puntata\/\">I RACCONTI DI PAOLO SOPPELSA SESSANTANOVESIMA PUNTATA<\/a><\/p><\/blockquote>\n<p><iframe loading=\"lazy\" class=\"wp-embedded-content\" sandbox=\"allow-scripts\" security=\"restricted\" style=\"position: absolute; clip: rect(1px, 1px, 1px, 1px);\" title=\"&#8220;I RACCONTI DI PAOLO SOPPELSA SESSANTANOVESIMA PUNTATA&#8221; &#8212; Radio Pi\u00f9\" src=\"https:\/\/www.radiopiu.net\/wordpress\/i-racconti-di-paolo-soppelsa-sessantanovesima-puntata\/embed\/#?secret=Qmi3ilNQSh\" data-secret=\"Qmi3ilNQSh\" width=\"600\" height=\"338\" frameborder=\"0\" marginwidth=\"0\" marginheight=\"0\" scrolling=\"no\"><\/iframe><\/p>\n<p><span style=\"color: #0000ff;\">INFORMAZIONE il canale su TELEGRAM informazione di prima mano e in tempo reale. iscriviti ed aiutaci a farlo conoscere\u00a0<\/span><\/p>\n<h2><span style=\"color: #33cccc;\"><strong>RACCOLTA COMPLETA<\/strong><\/span><\/h2>\n<blockquote class=\"wp-embedded-content\" data-secret=\"WPYmhvwWbH\"><p><a href=\"https:\/\/www.radiopiu.net\/wordpress\/i-racconti-di-paolo-soppelsa\/\">I racconti di Paolo Soppelsa<\/a><\/p><\/blockquote>\n<p><iframe loading=\"lazy\" class=\"wp-embedded-content\" sandbox=\"allow-scripts\" security=\"restricted\" style=\"position: absolute; clip: rect(1px, 1px, 1px, 1px);\" title=\"&#8220;I racconti di Paolo Soppelsa&#8221; &#8212; Radio Pi\u00f9\" src=\"https:\/\/www.radiopiu.net\/wordpress\/i-racconti-di-paolo-soppelsa\/embed\/#?secret=WPYmhvwWbH\" data-secret=\"WPYmhvwWbH\" width=\"600\" height=\"338\" frameborder=\"0\" marginwidth=\"0\" marginheight=\"0\" scrolling=\"no\"><\/iframe><\/p>\n<\/div>\n<h2><span style=\"color: #ff0000;\">\u00a0\u00a0<\/span><\/h2>\n<hr \/>\n<div><\/div>\n<p>&nbsp;<\/p>\n<h2><strong><span style=\"color: #ff0000;\">\u00a0ALLA RADIO<\/span><\/strong><\/h2>\n<div data-offset-key=\"5n5nl-0-0\">\n<h3>Per ricevere gli aggiornamenti in tempo reale delle notizie pubblicate alla radio e sul sito di radio pi\u00f9 iscriviti al gruppo RADIO PIU INFORMAZIONE su Telegram.\u00a0\u00a0<a href=\"https:\/\/t.me\/radiopiu\">clicca qui<\/a><\/h3>\n<p>&nbsp;<\/p>\n<p><strong><a class=\"dt-pswp-item\" href=\"https:\/\/www.radiopiu.net\/wordpress\/wp-content\/uploads\/2020\/01\/logo-csa.jpg\" data-dt-img-description=\"\" data-large_image_width=\"1167\" data-large_image_height=\"574\"><img loading=\"lazy\" decoding=\"async\" class=\"wp-image-113364 alignleft\" src=\"https:\/\/www.radiopiu.net\/wordpress\/wp-content\/uploads\/2020\/01\/logo-csa-300x148.jpg\" alt=\"\" width=\"182\" height=\"90\" srcset=\"https:\/\/www.radiopiu.net\/wordpress\/wp-content\/uploads\/2020\/01\/logo-csa-300x148.jpg 300w, https:\/\/www.radiopiu.net\/wordpress\/wp-content\/uploads\/2020\/01\/logo-csa-1024x504.jpg 1024w, https:\/\/www.radiopiu.net\/wordpress\/wp-content\/uploads\/2020\/01\/logo-csa-768x378.jpg 768w, https:\/\/www.radiopiu.net\/wordpress\/wp-content\/uploads\/2020\/01\/logo-csa.jpg 1167w\" sizes=\"auto, (max-width: 182px) 100vw, 182px\" \/><\/a>AGORDO<\/strong> Appuntamento mensile (primo venerdi del mese) con lo speciale condotto da Claudio<\/p>\n<p>Fontanive, in studio Fabrizio Campedel e Paolo Chissal\u00e8.<\/p>\n<\/div>\n<p><strong>PUNTATA DI MARZO<\/strong><\/p>\n<audio class=\"wp-audio-shortcode\" id=\"audio-202129-28\" preload=\"none\" style=\"width: 100%;\" controls=\"controls\"><source type=\"audio\/mpeg\" src=\"https:\/\/www.radiopiu.net\/wordpress\/wp-content\/uploads\/2021\/03\/ca-sol-lux-marzo.mp3?_=28\" \/><a href=\"https:\/\/www.radiopiu.net\/wordpress\/wp-content\/uploads\/2021\/03\/ca-sol-lux-marzo.mp3\">https:\/\/www.radiopiu.net\/wordpress\/wp-content\/uploads\/2021\/03\/ca-sol-lux-marzo.mp3<\/a><\/audio>\n<blockquote>\n<h2>RACCOLTA COMPLETA<\/h2>\n<\/blockquote>\n<blockquote class=\"wp-embedded-content\" data-secret=\"1lwuDFG7k6\"><p><a href=\"https:\/\/www.radiopiu.net\/wordpress\/cassa-solidarieta-luxottica-puntata-del-16-ottobre-2020\/\">CASSA SOLIDARIET\u00c0 LUXOTTICA &#8211; PUNTATA DEL 20 NOVEMBRE 2020<\/a><\/p><\/blockquote>\n<p><iframe loading=\"lazy\" class=\"wp-embedded-content\" sandbox=\"allow-scripts\" security=\"restricted\" style=\"position: absolute; clip: rect(1px, 1px, 1px, 1px);\" title=\"&#8220;CASSA SOLIDARIET\u00c0 LUXOTTICA &#8211; PUNTATA DEL 20 NOVEMBRE 2020&#8221; &#8212; Radio Pi\u00f9\" src=\"https:\/\/www.radiopiu.net\/wordpress\/cassa-solidarieta-luxottica-puntata-del-16-ottobre-2020\/embed\/#?secret=1lwuDFG7k6\" data-secret=\"1lwuDFG7k6\" width=\"600\" height=\"338\" frameborder=\"0\" marginwidth=\"0\" marginheight=\"0\" scrolling=\"no\"><\/iframe><\/p>\n<div><\/div>\n<p>&nbsp;<\/p>\n<p>&nbsp;<\/p>\n<p>&nbsp;<\/p>\n<hr \/>\n<blockquote>\n<h3><a href=\"https:\/\/www.radiopiu.net\/wordpress\/giornale-radiopiu-06-febbraio-2019-direttore-mirko-mezzacasa\/logo_spi-cgil-800x445\/\" rel=\"attachment wp-att-75538\"><img loading=\"lazy\" decoding=\"async\" class=\"wp-image-75538 alignleft\" src=\"https:\/\/www.radiopiu.net\/wordpress\/wp-content\/uploads\/2019\/02\/Logo_Spi-CGIL-800x445-300x167.jpg\" alt=\"\" width=\"210\" height=\"117\" srcset=\"https:\/\/www.radiopiu.net\/wordpress\/wp-content\/uploads\/2019\/02\/Logo_Spi-CGIL-800x445-300x167.jpg 300w, https:\/\/www.radiopiu.net\/wordpress\/wp-content\/uploads\/2019\/02\/Logo_Spi-CGIL-800x445-768x427.jpg 768w, https:\/\/www.radiopiu.net\/wordpress\/wp-content\/uploads\/2019\/02\/Logo_Spi-CGIL-800x445.jpg 800w\" sizes=\"auto, (max-width: 210px) 100vw, 210px\" \/><\/a>ALLA RADIO, APPUNTAMENTO QUINDICINALE CON SPI-CGIL BELLUNO, IN STUDIO MARIA RITA GENTILIN<\/h3>\n<\/blockquote>\n<p><strong>di Claudio Fontanive\u00a0<\/strong><\/p>\n<p><span style=\"color: #ff0000;\"><strong>PUNTATA DEL 18 MARZO 2021<\/strong><\/span><\/p>\n<audio class=\"wp-audio-shortcode\" id=\"audio-202129-29\" preload=\"none\" style=\"width: 100%;\" controls=\"controls\"><source type=\"audio\/mpeg\" src=\"https:\/\/www.radiopiu.net\/wordpress\/wp-content\/uploads\/2021\/03\/spi-cigl-18-marzo.mp3?_=29\" \/><a href=\"https:\/\/www.radiopiu.net\/wordpress\/wp-content\/uploads\/2021\/03\/spi-cigl-18-marzo.mp3\">https:\/\/www.radiopiu.net\/wordpress\/wp-content\/uploads\/2021\/03\/spi-cigl-18-marzo.mp3<\/a><\/audio>\n<p>&nbsp;<\/p>\n<p>&nbsp;<\/p>\n<div dir=\"auto\">\n<div>\n<p>&nbsp;<\/p>\n<\/div>\n<\/div>\n<div dir=\"auto\">\n<hr \/>\n<p>&nbsp;<\/p>\n<div>\n<p class=\"photoswipe-wrapper\"><a class=\"dt-pswp-item pspw-wrap-ready\" href=\"https:\/\/i0.wp.com\/www.radiopiu.net\/wordpress\/wp-content\/uploads\/2018\/09\/viabilita.jpeg?ssl=1\" data-dt-img-description=\"\" data-large_image_width=\"800\" data-large_image_height=\"100\"><img loading=\"lazy\" decoding=\"async\" class=\"aligncenter wp-image-61954 size-full\" src=\"https:\/\/i0.wp.com\/www.radiopiu.net\/wordpress\/wp-content\/uploads\/2018\/09\/viabilita.jpeg?resize=800%2C100&amp;ssl=1\" sizes=\"auto, (max-width: 800px) 100vw, 800px\" srcset=\"https:\/\/i0.wp.com\/www.radiopiu.net\/wordpress\/wp-content\/uploads\/2018\/09\/viabilita.jpeg?w=800&amp;ssl=1 800w, https:\/\/i0.wp.com\/www.radiopiu.net\/wordpress\/wp-content\/uploads\/2018\/09\/viabilita.jpeg?resize=300%2C38&amp;ssl=1 300w, https:\/\/i0.wp.com\/www.radiopiu.net\/wordpress\/wp-content\/uploads\/2018\/09\/viabilita.jpeg?resize=768%2C96&amp;ssl=1 768w\" alt=\"\" width=\"800\" height=\"100\" \/><\/a><\/p>\n<\/div>\n<\/div>\n<p><strong>\u00a0\u00a0<\/strong><\/p>\n<p><strong>SR 203 AGORDINA<\/strong> LISTOLADE Fino al 23 aprile senso unico semaforico, festivi e pre festivi esclusi<\/p>\n<p><strong>SP 3 VALLE IMPERINA GONA DI CONEDERA<\/strong>\u00a0 fino al 28 aprile Senso unico con semaforo, compresi sabato e domenica<\/p>\n<p><strong>SP 346 SAN PELLEGRINO<\/strong> CANALE D&#8217;AGORDO-VALLADA: senso unico fino al 15 maggio compresi festivi e prefestivi<\/p>\n<p class=\"p1\"><strong>SP 10 DI ALANO<\/strong> LOC. LE SORGENTI interruzione totale alla viabilit\u00e0 fino al 19 maggio, dalle 8 alle 12 e dalle 13 alle 18, esclusi sabato e domenica<\/p>\n<p class=\"p1\"><strong>SR 203 AGORDINA<\/strong> LOCALITA BATTAIA -COLLE SANTA LUCIA fino al 15 maggio (festivi e prefestivi compresi) senso unico alternato<\/p>\n<p><strong>SR 203 AGORDINA<\/strong> dal 12 al 16 aprile in localit\u00e0 Peron di Sedico, senso unico alternato regolato da impianto semaforico per posa tubazione idrica<\/p>\n<p><strong>SP 347 DEL PASSO CEREDA E DURAN\u00a0<\/strong>in comune di Voltago, dal 6 al 16 aprile escluso sabato e domenica, senso unico alternato regolato da impianto semaforico per realizzazione tombinature<\/p>\n<p><strong>SP 1 SINISTRA PIAVE<\/strong> nei giorni 12 e 13 aprile senso unico alternato regolato da movieri dalle 7:30 alle 17:30 per lavori taglio alberi<\/p>\n<p><strong>SP 148 CADORNA\u00a0<\/strong>in comune di Fonzaso, Dal 12 al 30 aprile senso unico alternato regolato da impianto semaforico e possibili interruzioni di massimo 30 minuti, compresi sabato, domenica e festivi per messa in sicurezza della strada<\/p>\n<p><strong>SP 473 DI CROCE D&#8217;AUNE<\/strong> fino al 30 aprile in comune di Pedavena, sabato e domenica esclusi, senso unico alternato regolato da semaforo o movieri dalle 8 alle 18 per taglio piante<\/p>\n<p><strong>SP 12 PEDEMONTANA<\/strong> dal 6 aprile al 7 maggio, sabato e domenica compresi, senso unico alternato regolato da semaforo in localit\u00e0 Salgarda in comune di Feltre per posa condotta smaltimento acque meteoriche<\/p>\n<p><strong>SP 1 BIS MADONNA DEL PAIVE<\/strong> Dal 6 al 13 aprile, esclusi sabato e domenica, dalle 8 alle 18 in localit\u00e0 Marziai di Quero Vas, senso unico alternato regolato da semaforo o movieri per posa cavidotto per conto di E-Distribuzione<\/p>\n<p><strong>SR 203 AGORDINA <\/strong>senso unico alternato regolato da\u00a0 movieri per tratti di 300 metri in localit\u00e0 La Stanga dal 12 al 30 aprile dalle 8 alle 12 e dalle 13 alle 18 per lavori di ripristino del manto d&#8217;usura<\/p>\n<p><strong>SP 473 CROCE<\/strong> <strong>D&#8217;AUNE<\/strong> Dalle 8 alle 18, dal 23 marzo al 30 aprile compresi sabato domenica e festivi, senso unico alternato regolato da impianto semaforico in comune di Sovramonte per sostituzione barriere di sicurezza<\/p>\n<div dir=\"auto\">\n<p><strong>SR 48 DELLE DOLOMITI\u00a0<\/strong>Dal 22 marzo al 30 aprile, dalle 7 alle 18 esclusi sabato domenica e festivi, interruzioni alla viabilit\u00e0 della durata massima di 20 minuti e senso unico alternato regolato da impianto semaforico per messa in sicurezza del versante a monte della strada in comune di Livinallongo<\/p>\n<p><strong>SP 473 CROCE D&#8217;AUNE<\/strong> dal 18 marzo al 15 aprile interdizione totale al traffico in localit\u00e0 Pedavena per ristrutturazione fabbricato. Traffico deviato su Via Trento<\/p>\n<p><strong>SP 473 CROCE D&#8217;AUNE\u00a0<\/strong> dal 18 marzo al 16 aprile, in localit\u00e0 Sarzen, interdizione totale alla viabilit\u00e0 ad eccezione di domeniche e festivi infrasettimanali per lavori di posa canalizzazioni per conto di E-Distribuzione. Transito consentito solo a mezzi pubblici, scolastici e di soccorso<\/p>\n<p><strong>203 AGORDINA LIVINALLONGO <\/strong>dal 15 marzo per un mese (inclusi festivi e prefestivi) senso unico in localit\u00e0 Ponte Pignazza<\/p>\n<p><strong>SP 251 DELLA VAL DI ZOLDO E CELLINA<\/strong> Istituzione di senso unico alternato regolato da semaforo nel comune di Val di Zoldo per messa in sicurezza della strada<\/p>\n<p><strong>SP 42 CAVALLERA<\/strong> fino a revoca, chiusura della strada nell&#8217;abitato di Perarolo per attivazione emergenza frana &#8220;Busa del Cristo&#8221;<\/p>\n<p><strong>S.P.2 DELLA VALLE DEL MIS\u00a0<\/strong>Interdizione totale al traffico fino a revoca dal km 14,920 (localit\u00e0 Gona Bassa) al km 20,650 (localit\u00e0 Titele) per cedimento della carreggiata<\/p>\n<p><strong>S.P. 5 DI LAMOSANO<\/strong>\u00a0Interdizione totale fino a revoca per presenza di materiale e alberi in strada.<\/p>\n<p><strong>SP 3 DELLA VAL IMPERINA<\/strong> fino a revoca, senso unico alternato regolato a vista in localit\u00e0 Gona di Conedera di Rivamonte per cedimento della carreggiata stradale<\/p>\n<\/div>\n<p><b>\u00a0<\/b><\/p>\n<p>&nbsp;<\/p>\n<div dir=\"auto\">\n<hr \/>\n<p>&nbsp;<\/p>\n<div>\n<p class=\"photoswipe-wrapper\"><a class=\"dt-pswp-item pspw-wrap-ready\" href=\"https:\/\/i0.wp.com\/www.radiopiu.net\/wordpress\/wp-content\/uploads\/2018\/09\/WhatsApp-Image-2018-09-20-at-16.04.06.jpeg?ssl=1\" data-dt-img-description=\"\" data-large_image_width=\"800\" data-large_image_height=\"100\"><img loading=\"lazy\" decoding=\"async\" class=\"aligncenter wp-image-61378 size-full jetpack-lazy-image jetpack-lazy-image--handled\" src=\"https:\/\/i0.wp.com\/www.radiopiu.net\/wordpress\/wp-content\/uploads\/2018\/09\/WhatsApp-Image-2018-09-20-at-16.04.06.jpeg?resize=800%2C100&amp;ssl=1\" sizes=\"auto, (max-width: 800px) 100vw, 800px\" srcset=\"https:\/\/i0.wp.com\/www.radiopiu.net\/wordpress\/wp-content\/uploads\/2018\/09\/WhatsApp-Image-2018-09-20-at-16.04.06.jpeg?w=800&amp;ssl=1 800w, https:\/\/i0.wp.com\/www.radiopiu.net\/wordpress\/wp-content\/uploads\/2018\/09\/WhatsApp-Image-2018-09-20-at-16.04.06.jpeg?resize=300%2C38&amp;ssl=1 300w, https:\/\/i0.wp.com\/www.radiopiu.net\/wordpress\/wp-content\/uploads\/2018\/09\/WhatsApp-Image-2018-09-20-at-16.04.06.jpeg?resize=768%2C96&amp;ssl=1 768w\" alt=\"\" width=\"800\" height=\"100\" data-lazy-loaded=\"1\" \/><\/a><\/p>\n<\/div>\n<p>&nbsp;<\/p>\n<\/div>\n<p><b>Sabato 10<\/b> <b>Tempo atteso: <\/b>Al mattino residui squarci di sereno in un cielo sempre pi\u00f9 nuvoloso, localmente coperto per nubi basse stratiformi. Al pomeriggio ulteriore intensificazione della nuvolosit\u00e0 e lieve peggioramento del tempo ad iniziare dalle Prealpi occidentali, in estensione alle Dolomiti alla sera. Atmosfera pi\u00f9 umida e minore escursione termica giornaliera.<br \/>\n<b>Precipitazioni: <\/b>Al mattino assenti (0%), nel tardo pomeriggio\/sera lieve aumento della probabilit\u00e0 (40-60%) sulle Prealpi per deboli precipitazioni. La probabilit\u00e0 sar\u00e0 minore sulle Dolomiti (20-30%) per modestissimi fenomeni. Il limite della neve sar\u00e0 sui 1400\/1700 m. Sono previsti apporti di 1\/2 mm, localmente 5 mm sulle Prealpi occidentali con altrettanti cm di neve sopra i 1800 m.<br \/>\n<b>Temperature: <\/b>In generale lieve aumento rispetto a venerd\u00ec, salvo stazionariet\u00e0 delle massime nelle valli. Su Prealpi a 1500 m min 1\u00b0C max 4\u00b0C, a 2000 m min -3\u00b0C max -1\u00b0C. Su Dolomiti a 2000 m min -4\u00b0C max 0\u00b0C, a 3000 m min -9\u00b0C max -6\u00b0C.<br \/>\n<b>Venti: <\/b>Nelle valli deboli di direzione variabile; in quota deboli\/moderati da sud-ovest al mattino in rinforzo fino a tesi sulle cime pi\u00f9 alte nel corso del pomeriggio, a 5-15 km\/h a 2000 m e 15-35 km\/h a 3000 m.<\/p>\n<hr \/>\n<p><b>Domenica 11<\/b> <b>Tempo atteso: <\/b>Cielo da molto nuvoloso a coperto con peggioramento a partire dalle Prealpi occidentali, in estensione a tutta la montagna veneta entro la tarda mattinata. Al pomeriggio cielo coperto e tempo in parte perturbato, prima di un intervallo di variabilit\u00e0 alla sera. Atmosfera molto umida e debole escursione termica a tutte le quote.<br \/>\n<b>Precipitazioni: <\/b>Probabilit\u00e0 alta al mattino (70\/80%) e molto alta al pomeriggio\/sera (90\/100%) per precipitazioni a tratti diffuse di moderata intensit\u00e0. Il limite della neve sar\u00e0 sui 1300\/1400 m al mattino, poi in rialzo fino sui 1700\/1800 m alla sera per richiamo sciroccale, anche 2000 m sulle Prealpi. In 24 ore sono previsti cumuli di 10\/20 mm, localmente fino a 25\/35 mm nei settori prealpini pi\u00f9 esposti allo Stau da sud, con altrettanti cm di neve sopra i 1800\/2000 m.<br \/>\n<b>Temperature: <\/b>In quota pressoch\u00e9 stazionarie, salvo leggero rialzo delle minime. Nelle valli aumento delle minime e calo delle massime. Su Prealpi a 1500 m min 2\u00b0C max 3\u00b0C, a 2000 m min 0\u00b0C max 1\u00b0C. Su Dolomiti a 2000 m min -1\u00b0C max 0\u00b0C, a 3000 m min -6\u00b0C max -5\u00b0C.<br \/>\n<b>Venti: <\/b>Nelle valli deboli di direzione variabile, salvo locali rinforzi nei settori esposti ai quadranti meridionali; in quota tesi da sud, anche tesi\/forti sulle vette pi\u00f9 alte, a 10-15 km\/h a 2000 m e 25-40 km\/h a 3000 m.<\/p>\n<hr \/>\n<p><b>Lunedi 12<\/b>Tempo perturbato con cielo coperto e precipitazioni diffuse di moderata intensit\u00e0, spesso persistenti. Temperature in temporaneo aumento per richiamo sciroccale e in calo alla sera. Il limite neve s&#8217;innalzer\u00e0 ulteriormente fino sui 1800\/2000 m, prima di abbassarsi fino sui 1500 m alla sera sulle Dolomiti. Venti moderati tesi da sud-ovest in quota, deboli di direzione variabile nelle valli, salvo locali rinforzi nei settori esposti ai quadranti meridionali.<\/p>\n<hr \/>\n<p><b>Martedi 13<\/b>Maltempo fino al primo pomeriggio con piogge diffuse, anche a carattere di rovescio, e limite della neve in abbassamento fino sui 1000\/1300 m a fine episodio. Al pomeriggio attenuazione\/esaurimento dei fenomeni e nuvolosit\u00e0 meno intensa con prime schiarite. Temperature in calo con minime osservate alla sera. In quota venti meridionali fino al primo pomeriggio, poi in rotazione da nord nord-est, nelle valli deboli di direzione variabile. Previsore: R.L.Th.<\/p>\n<p>&nbsp;<\/p>\n<hr \/>\n<p>&nbsp;<\/p>\n<p><a href=\"https:\/\/www.radiopiu.net\/wordpress\/giornale-radiopiu-15-settembre-2018-direttore-mirko-mezzacasa\/sport-7\/\" rel=\"attachment wp-att-60761\"><img loading=\"lazy\" decoding=\"async\" class=\"aligncenter wp-image-60761 size-full\" src=\"https:\/\/www.radiopiu.net\/wordpress\/wp-content\/uploads\/2018\/09\/sport.jpg\" alt=\"\" width=\"800\" height=\"100\" srcset=\"https:\/\/www.radiopiu.net\/wordpress\/wp-content\/uploads\/2018\/09\/sport.jpg 800w, https:\/\/www.radiopiu.net\/wordpress\/wp-content\/uploads\/2018\/09\/sport-300x38.jpg 300w, https:\/\/www.radiopiu.net\/wordpress\/wp-content\/uploads\/2018\/09\/sport-768x96.jpg 768w\" sizes=\"auto, (max-width: 800px) 100vw, 800px\" \/><\/a><\/p>\n<p>&nbsp;<\/p>\n<blockquote>\n<h3>IL KERALPEN FEMMINILE DA DOMANI IN CAMPO PER LA \u201cNUOVA\u201d ECCELLENZA<\/h3>\n<\/blockquote>\n<p><strong><a href=\"https:\/\/www.radiopiu.net\/wordpress\/i-presidenti-delle-squadre-di-seconda-categoria-girone-r-sul-piede-di-guerra-chiedono-un-incontro-urgente-con-lnd-e-ulss\/calcio-2020-2\/\" rel=\"attachment wp-att-162226\"><img loading=\"lazy\" decoding=\"async\" class=\" wp-image-162226 alignleft\" src=\"https:\/\/www.radiopiu.net\/wordpress\/wp-content\/uploads\/2020\/09\/calcio-2020-300x169.jpg\" alt=\"\" width=\"218\" height=\"123\" srcset=\"https:\/\/www.radiopiu.net\/wordpress\/wp-content\/uploads\/2020\/09\/calcio-2020-300x169.jpg 300w, https:\/\/www.radiopiu.net\/wordpress\/wp-content\/uploads\/2020\/09\/calcio-2020-1024x576.jpg 1024w, https:\/\/www.radiopiu.net\/wordpress\/wp-content\/uploads\/2020\/09\/calcio-2020-768x432.jpg 768w, https:\/\/www.radiopiu.net\/wordpress\/wp-content\/uploads\/2020\/09\/calcio-2020-1536x864.jpg 1536w, https:\/\/www.radiopiu.net\/wordpress\/wp-content\/uploads\/2020\/09\/calcio-2020-640x360.jpg 640w, https:\/\/www.radiopiu.net\/wordpress\/wp-content\/uploads\/2020\/09\/calcio-2020.jpg 1920w\" sizes=\"auto, (max-width: 218px) 100vw, 218px\" \/><\/a>BELLUNO<\/strong> Ritornano in campo questo fine settimana le ragazze del Keralpen che, dopo lo stop forzato a causa del Covid, possono tornare a calcare i campi di calcio dell\u2019Eccellenza femminile. Si riparte da zero con 6 squadre iscritte al campionato che terminer\u00e0 20 giugno dopo 10 giornate giocate. Domani la partita che inaugura ufficialmente la nuova stagione. Le ragazze bellunesi giocheranno in casa contro il Vis Pesaro. Calcio d\u2019inizio alle 15:30 e match che verr\u00e0 giocato a porte chiuse.<\/p>\n<p>&nbsp;<\/p>\n<p>&nbsp;<\/p>\n<hr \/>\n<p>&nbsp;<\/p>\n<blockquote>\n<h3>CALDARO IN VANTAGGIO 1 A 0 SULLA SERIE FINALE CONTRO IL MERANO IN IHL. STASERA IN PROGRAMMA GARA 2<\/h3>\n<\/blockquote>\n<p class=\"null\"><a href=\"https:\/\/www.radiopiu.net\/wordpress\/il-merano-vince-gara-1-dei-quarti-di-finale-ma-lalleghe-torna-a-casa-a-testa-alta\/hockey-2744905_1920\/\" rel=\"attachment wp-att-197447\"><img loading=\"lazy\" decoding=\"async\" class=\"size-medium wp-image-197447 alignleft\" src=\"https:\/\/www.radiopiu.net\/wordpress\/wp-content\/uploads\/2021\/03\/hockey-2744905_1920-300x200.jpg\" alt=\"\" width=\"300\" height=\"200\" srcset=\"https:\/\/www.radiopiu.net\/wordpress\/wp-content\/uploads\/2021\/03\/hockey-2744905_1920-300x200.jpg 300w, https:\/\/www.radiopiu.net\/wordpress\/wp-content\/uploads\/2021\/03\/hockey-2744905_1920-1024x682.jpg 1024w, https:\/\/www.radiopiu.net\/wordpress\/wp-content\/uploads\/2021\/03\/hockey-2744905_1920-768x512.jpg 768w, https:\/\/www.radiopiu.net\/wordpress\/wp-content\/uploads\/2021\/03\/hockey-2744905_1920-1536x1023.jpg 1536w, https:\/\/www.radiopiu.net\/wordpress\/wp-content\/uploads\/2021\/03\/hockey-2744905_1920.jpg 1920w\" sizes=\"auto, (max-width: 300px) 100vw, 300px\" \/><\/a>Dopo il colpaccio del Caldaro in gara 1, torna in pista la finale di IHL con il secondo appuntamento. Stasera in casa dei Lucci, a partire dalle 19.30, ci sar\u00e0 un match che potrebbe gi\u00e0 essere determinante: il Merano infatti non pu\u00f2 pi\u00f9 permettersi passi falsi ma deve affrontare l\u2019appuntamento come una gara decisiva, perch\u00e9 andare sotto 2-0 potrebbe essere molto deleterio. Come dimostrato gioved\u00ec, \u00e8 impossibile fare un pronostico, anche perch\u00e9 la gara della MeranArena \u00e8 stata molto combattuta sino al termine. Lecito quindi attendersi altri 60 minuti di grande equilibrio e dove saranno i dettagli a fare la differenza. Dettagli che ad esempio possono riguardare le situazioni speciali: lo 0 su 3 combinato in superiorit\u00e0 numerica (0-1 Merano, 0-2 Caldaro) \u00e8 un dato destinato a cambiare, perch\u00e9 gi\u00e0 molte volte in questi playoff le due squadre hanno fatto vedere di saper sfruttare i rispettivi power play. Come sempre poi a fare la differenza ci saranno anche i portieri<\/p>\n","protected":false},"excerpt":{"rendered":"<p>PER RICEVERE QUESTO NOTIZIARIO DIRETTAMENTE SUL TUO CELLULARE ISCRIVITI AL CANALE TELEGRAM \u201cRADIO PIU\u00a0 INFORMAZIONE&#8221;\u00a0 &nbsp; &nbsp; RADIO PIU&#8217; ANCHE SU YOUTUBE. ISCRIVITI AL CANALE PER SEGUIRE LE DIRETTE E GUARDARE I VIDEO DI RADIO PIU&#8217; CLICCA QUI E PREMI SUL PULSANTE &#8220;ISCRIVITI&#8221; &nbsp; \u00a0LA NUOVA APP PER IOS-IPHONE di Nicola Vettorello https:\/\/apps.apple.com\/it\/app\/radio-pi%C3%B9-emittente-agordina\/id1515939845 ATTENZIONE: LA&hellip;<\/p>\n","protected":false},"author":4,"featured_media":202436,"comment_status":"closed","ping_status":"closed","sticky":false,"template":"","format":"standard","meta":{"_monsterinsights_skip_tracking":false,"_monsterinsights_sitenote_active":false,"_monsterinsights_sitenote_note":"","_monsterinsights_sitenote_category":0,"footnotes":""},"categories":[1,51,86,49],"tags":[],"class_list":["post-202129","post","type-post","status-publish","format-standard","has-post-thumbnail","hentry","category-senza-categoria","category-evidenza-top","category-gr","category-news-18","category-1","category-51","category-86","category-49","description-off"],"img_url":"https:\/\/www.radiopiu.net\/wordpress\/wp-content\/uploads\/2021\/04\/170852616_10158112912657544_4420106891940550239_n.jpg","_links":{"self":[{"href":"https:\/\/www.radiopiu.net\/wordpress\/wp-json\/wp\/v2\/posts\/202129","targetHints":{"allow":["GET"]}}],"collection":[{"href":"https:\/\/www.radiopiu.net\/wordpress\/wp-json\/wp\/v2\/posts"}],"about":[{"href":"https:\/\/www.radiopiu.net\/wordpress\/wp-json\/wp\/v2\/types\/post"}],"author":[{"embeddable":true,"href":"https:\/\/www.radiopiu.net\/wordpress\/wp-json\/wp\/v2\/users\/4"}],"replies":[{"embeddable":true,"href":"https:\/\/www.radiopiu.net\/wordpress\/wp-json\/wp\/v2\/comments?post=202129"}],"version-history":[{"count":0,"href":"https:\/\/www.radiopiu.net\/wordpress\/wp-json\/wp\/v2\/posts\/202129\/revisions"}],"wp:featuredmedia":[{"embeddable":true,"href":"https:\/\/www.radiopiu.net\/wordpress\/wp-json\/wp\/v2\/media\/202436"}],"wp:attachment":[{"href":"https:\/\/www.radiopiu.net\/wordpress\/wp-json\/wp\/v2\/media?parent=202129"}],"wp:term":[{"taxonomy":"category","embeddable":true,"href":"https:\/\/www.radiopiu.net\/wordpress\/wp-json\/wp\/v2\/categories?post=202129"},{"taxonomy":"post_tag","embeddable":true,"href":"https:\/\/www.radiopiu.net\/wordpress\/wp-json\/wp\/v2\/tags?post=202129"}],"curies":[{"name":"wp","href":"https:\/\/api.w.org\/{rel}","templated":true}]}}