{"id":202164,"date":"2021-04-09T07:07:14","date_gmt":"2021-04-09T05:07:14","guid":{"rendered":"https:\/\/www.radiopiu.net\/wordpress\/?p=202164"},"modified":"2021-04-09T07:52:53","modified_gmt":"2021-04-09T05:52:53","slug":"il-grazie-alla-a-d-i-m-e-d-di-agordo","status":"publish","type":"post","link":"https:\/\/www.radiopiu.net\/wordpress\/il-grazie-alla-a-d-i-m-e-d-di-agordo\/","title":{"rendered":"IL GRAZIE ALLA A.D.I.M.E.D di AGORDO"},"content":{"rendered":"<p><strong><a href=\"https:\/\/www.radiopiu.net\/wordpress\/il-grazie-alla-a-d-i-m-e-d-di-agordo\/fced01ea-f30e-470a-9dbd-5bac7a918f49\/\" rel=\"attachment wp-att-202172\"><img loading=\"lazy\" decoding=\"async\" class=\"size-medium wp-image-202172 alignleft\" src=\"https:\/\/www.radiopiu.net\/wordpress\/wp-content\/uploads\/2021\/04\/fced01ea-f30e-470a-9dbd-5bac7a918f49-214x300.jpg\" alt=\"\" width=\"214\" height=\"300\" srcset=\"https:\/\/www.radiopiu.net\/wordpress\/wp-content\/uploads\/2021\/04\/fced01ea-f30e-470a-9dbd-5bac7a918f49-214x300.jpg 214w, https:\/\/www.radiopiu.net\/wordpress\/wp-content\/uploads\/2021\/04\/fced01ea-f30e-470a-9dbd-5bac7a918f49-731x1024.jpg 731w, https:\/\/www.radiopiu.net\/wordpress\/wp-content\/uploads\/2021\/04\/fced01ea-f30e-470a-9dbd-5bac7a918f49-768x1075.jpg 768w, https:\/\/www.radiopiu.net\/wordpress\/wp-content\/uploads\/2021\/04\/fced01ea-f30e-470a-9dbd-5bac7a918f49.jpg 950w\" sizes=\"auto, (max-width: 214px) 100vw, 214px\" \/><\/a>AGORDO<\/strong> A nome di tutti i familiari di Ernesta\u00a0 Andriollo, mancata pochi giorni fa il nostro grazie\u00a0all&#8217;assistenza domiciliare A.D.I.M.E.D. di Agordo. Visto il periodo di pandemia sapevamo che se Ernesta\u00a0 fosse andata in ospedale non l&#8217;avremmo mai pi\u00f9 rivista, perci\u00f2 abbiamo deciso di accudirla in casa in modo che potesse stare con la sua famiglia fino alla fine dei suoi giorni. Tutto questo \u00e8 stato possibile\u00a0 grazie alla dottoressa Corazzin e alle infermiere Giulia, Selena e Alessia. Ci sono ancora dei servizi veramente validi che offrono un grande aiuto alle persone. Ci \u00e8 sembrato giusto rendere pubblico questo pensiero perch\u00e9 siamo sempre pronti a spendere parole e tempo per criticare e mai per apprezzare.<\/p>\n<p><strong>I familiari di\u00a0 Ernesta Andriollo<\/strong><\/p>\n<p>&nbsp;<\/p>\n<blockquote><p>*L&#8217;<b>Assistenza Domiciliare Integrata Medica<\/b>\u00a0(<b>ADIMED<\/b>) \u00e8 l&#8217;insieme delle attivit\u00e0 sanitarie e socio-sanitarie svolte al domicilio del paziente, di qualsiasi et\u00e0, da un insieme\u00a0<b>integrato<\/b>\u00a0e coordinato di pi\u00f9 figure professionali (personale infermieristico, personale\u00a0<b>medico<\/b>, fisioterapisti, assistenti sociali etc).<\/p><\/blockquote>\n","protected":false},"excerpt":{"rendered":"<p>AGORDO A nome di tutti i familiari di Ernesta\u00a0 Andriollo, mancata pochi giorni fa il nostro grazie\u00a0all&#8217;assistenza domiciliare A.D.I.M.E.D. di Agordo. Visto il periodo di pandemia sapevamo che se Ernesta\u00a0 fosse andata in ospedale non l&#8217;avremmo mai pi\u00f9 rivista, perci\u00f2 abbiamo deciso di accudirla in casa in modo che potesse stare con la sua famiglia&hellip;<\/p>\n","protected":false},"author":4,"featured_media":202165,"comment_status":"closed","ping_status":"closed","sticky":false,"template":"","format":"standard","meta":{"_monsterinsights_skip_tracking":false,"_monsterinsights_sitenote_active":false,"_monsterinsights_sitenote_note":"","_monsterinsights_sitenote_category":0,"footnotes":""},"categories":[49],"tags":[],"class_list":["post-202164","post","type-post","status-publish","format-standard","has-post-thumbnail","hentry","category-news-18","category-49","description-off"],"img_url":"https:\/\/www.radiopiu.net\/wordpress\/wp-content\/uploads\/2021\/04\/Cattura-27-8.jpg","_links":{"self":[{"href":"https:\/\/www.radiopiu.net\/wordpress\/wp-json\/wp\/v2\/posts\/202164","targetHints":{"allow":["GET"]}}],"collection":[{"href":"https:\/\/www.radiopiu.net\/wordpress\/wp-json\/wp\/v2\/posts"}],"about":[{"href":"https:\/\/www.radiopiu.net\/wordpress\/wp-json\/wp\/v2\/types\/post"}],"author":[{"embeddable":true,"href":"https:\/\/www.radiopiu.net\/wordpress\/wp-json\/wp\/v2\/users\/4"}],"replies":[{"embeddable":true,"href":"https:\/\/www.radiopiu.net\/wordpress\/wp-json\/wp\/v2\/comments?post=202164"}],"version-history":[{"count":0,"href":"https:\/\/www.radiopiu.net\/wordpress\/wp-json\/wp\/v2\/posts\/202164\/revisions"}],"wp:featuredmedia":[{"embeddable":true,"href":"https:\/\/www.radiopiu.net\/wordpress\/wp-json\/wp\/v2\/media\/202165"}],"wp:attachment":[{"href":"https:\/\/www.radiopiu.net\/wordpress\/wp-json\/wp\/v2\/media?parent=202164"}],"wp:term":[{"taxonomy":"category","embeddable":true,"href":"https:\/\/www.radiopiu.net\/wordpress\/wp-json\/wp\/v2\/categories?post=202164"},{"taxonomy":"post_tag","embeddable":true,"href":"https:\/\/www.radiopiu.net\/wordpress\/wp-json\/wp\/v2\/tags?post=202164"}],"curies":[{"name":"wp","href":"https:\/\/api.w.org\/{rel}","templated":true}]}}