{"id":202199,"date":"2021-04-09T11:31:39","date_gmt":"2021-04-09T09:31:39","guid":{"rendered":"https:\/\/www.radiopiu.net\/wordpress\/?p=202199"},"modified":"2021-04-09T14:51:28","modified_gmt":"2021-04-09T12:51:28","slug":"rimodulazione-degli-orari-per-lecocentro-e-potenziamento-dei-servizi-di-pulizia-del-centro","status":"publish","type":"post","link":"https:\/\/www.radiopiu.net\/wordpress\/rimodulazione-degli-orari-per-lecocentro-e-potenziamento-dei-servizi-di-pulizia-del-centro\/","title":{"rendered":"RIMODULAZIONE DEGLI ORARI PER L&#8217;ECOCENTRO E POTENZIAMENTO DEI SERVIZI DI PULIZIA DEL CENTRO"},"content":{"rendered":"<p align=\"JUSTIFY\"><span style=\"font-size: large;\"><strong><img loading=\"lazy\" decoding=\"async\" class=\"alignleft\" src=\"https:\/\/www.radiopiu.net\/wordpress\/wp-content\/uploads\/2021\/04\/Ecocentro-Feltre.jpg\" width=\"216\" height=\"162\" \/>FELTRE<\/strong> Cambiano gli orari dell&#8217;ecocentro\u00a0 in zona Peschiera, Da luned\u00ec 19 aprile l&#8217;accesso mattutino all&#8217;ecocentro sar\u00e0 anticipato alle ore 07 (in precedenza l&#8217;apertura avveniva dalle 08,30). Questi i nuovi orari: luned\u00ec \u2013 marted\u00ec \u2013 gioved\u00ec e venerd\u00ec dalle 07 alle 12.00; mercoled\u00ec dalle 12.30 alle 17.30; sabato dalle 08.30 alle 12.00. Parallelamente, sempre da luned\u00ec 19 aprile, varier\u00e0 anche l\u2019orario dell\u2019Ecosportello situato presso i Magazzini Comunali di via Vignigole, che sar\u00e0 accessibile il luned\u00ec dalle 10 alle 12 e dalle 15 alle 16 e il gioved\u00ec dalle 10 alle 12. Novit\u00e0 in arrivo anche per quanto concerne la pulizia del centro citt\u00e0 ed in particolare lo svuotamento dei cestini dislocati soprattutto lungo l\u2019area pedonale. Gi\u00e0 da domenica 11 aprile \u00e8 infatti previsto un servizio supplementare di svuotamento e raccolta che sar\u00e0 effettuato nei giorni di domenica tra le ore 6 e le ore 8.<\/span><\/p>\n<p align=\"JUSTIFY\"><strong>L&#8217;ASSESSORE ADIS ZATTA<\/strong><\/p>\n<audio class=\"wp-audio-shortcode\" id=\"audio-202199-1\" preload=\"none\" style=\"width: 100%;\" controls=\"controls\"><source type=\"audio\/mpeg\" src=\"https:\/\/www.radiopiu.net\/wordpress\/wp-content\/uploads\/2021\/04\/zatta-da-feltre.mp3?_=1\" \/><a href=\"https:\/\/www.radiopiu.net\/wordpress\/wp-content\/uploads\/2021\/04\/zatta-da-feltre.mp3\">https:\/\/www.radiopiu.net\/wordpress\/wp-content\/uploads\/2021\/04\/zatta-da-feltre.mp3<\/a><\/audio>\n<p>&nbsp;<\/p>\n","protected":false},"excerpt":{"rendered":"<p>FELTRE Cambiano gli orari dell&#8217;ecocentro\u00a0 in zona Peschiera, Da luned\u00ec 19 aprile l&#8217;accesso mattutino all&#8217;ecocentro sar\u00e0 anticipato alle ore 07 (in precedenza l&#8217;apertura avveniva dalle 08,30). Questi i nuovi orari: luned\u00ec \u2013 marted\u00ec \u2013 gioved\u00ec e venerd\u00ec dalle 07 alle 12.00; mercoled\u00ec dalle 12.30 alle 17.30; sabato dalle 08.30 alle 12.00. Parallelamente, sempre da luned\u00ec&hellip;<\/p>\n","protected":false},"author":4,"featured_media":202200,"comment_status":"closed","ping_status":"closed","sticky":false,"template":"","format":"standard","meta":{"_monsterinsights_skip_tracking":false,"_monsterinsights_sitenote_active":false,"_monsterinsights_sitenote_note":"","_monsterinsights_sitenote_category":0,"footnotes":""},"categories":[49],"tags":[],"class_list":["post-202199","post","type-post","status-publish","format-standard","has-post-thumbnail","hentry","category-news-18","category-49","description-off"],"img_url":"https:\/\/www.radiopiu.net\/wordpress\/wp-content\/uploads\/2021\/04\/Ecocentro-Feltre.jpg","_links":{"self":[{"href":"https:\/\/www.radiopiu.net\/wordpress\/wp-json\/wp\/v2\/posts\/202199","targetHints":{"allow":["GET"]}}],"collection":[{"href":"https:\/\/www.radiopiu.net\/wordpress\/wp-json\/wp\/v2\/posts"}],"about":[{"href":"https:\/\/www.radiopiu.net\/wordpress\/wp-json\/wp\/v2\/types\/post"}],"author":[{"embeddable":true,"href":"https:\/\/www.radiopiu.net\/wordpress\/wp-json\/wp\/v2\/users\/4"}],"replies":[{"embeddable":true,"href":"https:\/\/www.radiopiu.net\/wordpress\/wp-json\/wp\/v2\/comments?post=202199"}],"version-history":[{"count":0,"href":"https:\/\/www.radiopiu.net\/wordpress\/wp-json\/wp\/v2\/posts\/202199\/revisions"}],"wp:featuredmedia":[{"embeddable":true,"href":"https:\/\/www.radiopiu.net\/wordpress\/wp-json\/wp\/v2\/media\/202200"}],"wp:attachment":[{"href":"https:\/\/www.radiopiu.net\/wordpress\/wp-json\/wp\/v2\/media?parent=202199"}],"wp:term":[{"taxonomy":"category","embeddable":true,"href":"https:\/\/www.radiopiu.net\/wordpress\/wp-json\/wp\/v2\/categories?post=202199"},{"taxonomy":"post_tag","embeddable":true,"href":"https:\/\/www.radiopiu.net\/wordpress\/wp-json\/wp\/v2\/tags?post=202199"}],"curies":[{"name":"wp","href":"https:\/\/api.w.org\/{rel}","templated":true}]}}