{"id":202531,"date":"2021-04-10T16:25:40","date_gmt":"2021-04-10T14:25:40","guid":{"rendered":"https:\/\/www.radiopiu.net\/wordpress\/?p=202531"},"modified":"2021-04-11T07:48:30","modified_gmt":"2021-04-11T05:48:30","slug":"la-dimora-di-25-alberelli-di-natale-di-noale","status":"publish","type":"post","link":"https:\/\/www.radiopiu.net\/wordpress\/la-dimora-di-25-alberelli-di-natale-di-noale\/","title":{"rendered":"LA DIMORA DI 25 ALBERELLI DI NATALE DI NOALE"},"content":{"rendered":"<p><strong>AGORDO <\/strong>Nel mese di gennaio, il circolo di Europa Verde di Noale ha lanciato nei social un appello per recuperare gli alberi di Natale che, a fine festivit\u00e0, sarebbero stati destinati alla discarica. Moltissimi sono i cittadini che hanno raccolto il nostro invito e che ci hanno donato i loro abeti.\u00a0 Stamane sono stati portati\u00a0 ad Agordo e piantumati in accordo col Comune di Agordo. Il progetto\u00a0 \u201cAdottiamo gli alberi di Natale\u201d \u00e8 stato appoggiato, oltre che da numerosi commercianti noalesi, anche dalla cooperativa \u201cll Germoglio\u201d di Salzano, che ha donato gli abeti usati per addobbare le piazze di Noale.\u00a0 Alla fine sono stati raccolti circa sessanta alberi in vaso. L\u2019iniziativa \u00e8 nata perch\u00e8 Europa Verde \u00e8 convinta che gli alberi siano protagonisti strategici contro i cambiamenti climatici per le loro note caratteristiche e utili per una riforestazione dei nostri territori cos\u00ec tanto antropizzati.\u00a0 Un dono\u00a0 ad un\u2019area colpita dalla tempesta Vaia. Il Comune di Agordo ha accolto con entusiasmo la\u00a0 proposta rendendo disponibile un\u2019area a suo tempo colpita dal Vaia ed ora bonificata dagli alberi caduti e pronta per accogliere nuove piantumazioni. Ad Agordo presente\u00a0 per il Comune di Agordo il consigliere Davide Conedera che ha seguito dall\u2019inizio il progetto per\u00a0 l\u2019individuazione dell\u2019area pi\u00f9 idonea, per i Verdi della provincia di Belluno,\u00a0 il portavoce Luigino Tonus.<\/p>\n<p><strong>DAVIDE CONEDERA, CONSIGLIERE COMUNALE DI AGORDO, E IL SUO COMMENTO IN DIALETTO<\/strong><\/p>\n<audio class=\"wp-audio-shortcode\" id=\"audio-202531-1\" preload=\"none\" style=\"width: 100%;\" controls=\"controls\"><source type=\"audio\/mpeg\" src=\"https:\/\/www.radiopiu.net\/wordpress\/wp-content\/uploads\/2021\/04\/DAVIDE-CONEDERA-ALBERELLI.mp3?_=1\" \/><a href=\"https:\/\/www.radiopiu.net\/wordpress\/wp-content\/uploads\/2021\/04\/DAVIDE-CONEDERA-ALBERELLI.mp3\">https:\/\/www.radiopiu.net\/wordpress\/wp-content\/uploads\/2021\/04\/DAVIDE-CONEDERA-ALBERELLI.mp3<\/a><\/audio>\n<p>&nbsp;<\/p>\n<p><strong>GIORGIO SARTO, EUROPA VERDE DI NOALE<\/strong><\/p>\n<audio class=\"wp-audio-shortcode\" id=\"audio-202531-2\" preload=\"none\" style=\"width: 100%;\" controls=\"controls\"><source type=\"audio\/mpeg\" src=\"https:\/\/www.radiopiu.net\/wordpress\/wp-content\/uploads\/2021\/04\/GIORGIO-SARTO-EUROPA-VERDE.mp3?_=2\" \/><a href=\"https:\/\/www.radiopiu.net\/wordpress\/wp-content\/uploads\/2021\/04\/GIORGIO-SARTO-EUROPA-VERDE.mp3\">https:\/\/www.radiopiu.net\/wordpress\/wp-content\/uploads\/2021\/04\/GIORGIO-SARTO-EUROPA-VERDE.mp3<\/a><\/audio>\n<p>&nbsp;<\/p>\n\n\t\t\t<style type='text\/css'>\n\t\t\t\t#gallery-1 {\n\t\t\t\t\tmargin: auto;\n\t\t\t\t}\n\t\t\t\t#gallery-1 .gallery-item {\n\t\t\t\t\tfloat: left;\n\t\t\t\t\tmargin-top: 10px;\n\t\t\t\t\ttext-align: center;\n\t\t\t\t\twidth: 25%;\n\t\t\t\t}\n\t\t\t\t#gallery-1 img {\n\t\t\t\t\tborder: 2px solid #cfcfcf;\n\t\t\t\t}\n\t\t\t\t#gallery-1 .gallery-caption {\n\t\t\t\t\tmargin-left: 0;\n\t\t\t\t}\n\t\t\t\t\/* see gallery_shortcode() in wp-includes\/media.php *\/\n\t\t\t<\/style>\n\t\t<div id='gallery-1' class='dt-gallery-container gallery galleryid-202531 gallery-columns-4 gallery-size-thumbnail'><dl class='gallery-item'>\n\t\t\t\t<dt class='gallery-icon portrait'>\n\t\t\t\t\t<a class=\"rollover rollover-zoom dt-pswp-item\" title=\"2c8748c2-3eb4-4508-97b5-fae78273dad6\" data-dt-img-description=\"\" data-large_image_width=\"1536\" data-large_image_height=\"2048\"href='https:\/\/www.radiopiu.net\/wordpress\/wp-content\/uploads\/2021\/04\/2c8748c2-3eb4-4508-97b5-fae78273dad6.jpg'><img loading=\"lazy\" decoding=\"async\" width=\"150\" height=\"150\" src=\"https:\/\/www.radiopiu.net\/wordpress\/wp-content\/uploads\/2021\/04\/2c8748c2-3eb4-4508-97b5-fae78273dad6-150x150.jpg\" class=\"attachment-thumbnail size-thumbnail\" alt=\"\" \/><\/a>\n\t\t\t\t<\/dt><\/dl><dl class='gallery-item'>\n\t\t\t\t<dt class='gallery-icon portrait'>\n\t\t\t\t\t<a class=\"rollover rollover-zoom dt-pswp-item\" title=\"cc5d364a-a026-4330-875b-30d5ee313355\" data-dt-img-description=\"\" data-large_image_width=\"1200\" data-large_image_height=\"1600\"href='https:\/\/www.radiopiu.net\/wordpress\/wp-content\/uploads\/2021\/04\/cc5d364a-a026-4330-875b-30d5ee313355.jpg'><img loading=\"lazy\" decoding=\"async\" width=\"150\" height=\"150\" src=\"https:\/\/www.radiopiu.net\/wordpress\/wp-content\/uploads\/2021\/04\/cc5d364a-a026-4330-875b-30d5ee313355-150x150.jpg\" class=\"attachment-thumbnail size-thumbnail\" alt=\"\" \/><\/a>\n\t\t\t\t<\/dt><\/dl><dl class='gallery-item'>\n\t\t\t\t<dt class='gallery-icon landscape'>\n\t\t\t\t\t<a class=\"rollover rollover-zoom dt-pswp-item\" title=\"4c9fc1ff-2e94-4806-965a-25d40387bed6\" data-dt-img-description=\"\" data-large_image_width=\"1600\" data-large_image_height=\"1200\"href='https:\/\/www.radiopiu.net\/wordpress\/wp-content\/uploads\/2021\/04\/4c9fc1ff-2e94-4806-965a-25d40387bed6.jpg'><img loading=\"lazy\" decoding=\"async\" width=\"150\" height=\"150\" src=\"https:\/\/www.radiopiu.net\/wordpress\/wp-content\/uploads\/2021\/04\/4c9fc1ff-2e94-4806-965a-25d40387bed6-150x150.jpg\" class=\"attachment-thumbnail size-thumbnail\" alt=\"\" \/><\/a>\n\t\t\t\t<\/dt><\/dl><dl class='gallery-item'>\n\t\t\t\t<dt class='gallery-icon portrait'>\n\t\t\t\t\t<a class=\"rollover rollover-zoom dt-pswp-item\" title=\"9c7705df-340a-4bd7-ad5e-f7e5826dd27b\" data-dt-img-description=\"\" data-large_image_width=\"1200\" data-large_image_height=\"1600\"href='https:\/\/www.radiopiu.net\/wordpress\/wp-content\/uploads\/2021\/04\/9c7705df-340a-4bd7-ad5e-f7e5826dd27b.jpg'><img loading=\"lazy\" decoding=\"async\" width=\"150\" height=\"150\" src=\"https:\/\/www.radiopiu.net\/wordpress\/wp-content\/uploads\/2021\/04\/9c7705df-340a-4bd7-ad5e-f7e5826dd27b-150x150.jpg\" class=\"attachment-thumbnail size-thumbnail\" alt=\"\" \/><\/a>\n\t\t\t\t<\/dt><\/dl><br style=\"clear: both\" \/>\n\t\t\t<\/div>\n\n<p>&nbsp;<\/p>\n<p><strong>IL VIDEO<\/strong><\/p>\n<div style=\"width: 1200px;\" class=\"wp-video\"><video class=\"wp-video-shortcode\" id=\"video-202531-1\" width=\"1200\" height=\"675\" preload=\"metadata\" controls=\"controls\"><source type=\"video\/mp4\" src=\"https:\/\/www.radiopiu.net\/wordpress\/wp-content\/uploads\/2021\/04\/ALBERELLI-NOALE.mp4?_=1\" \/><a href=\"https:\/\/www.radiopiu.net\/wordpress\/wp-content\/uploads\/2021\/04\/ALBERELLI-NOALE.mp4\">https:\/\/www.radiopiu.net\/wordpress\/wp-content\/uploads\/2021\/04\/ALBERELLI-NOALE.mp4<\/a><\/video><\/div>\n","protected":false},"excerpt":{"rendered":"<p>AGORDO Nel mese di gennaio, il circolo di Europa Verde di Noale ha lanciato nei social un appello per recuperare gli alberi di Natale che, a fine festivit\u00e0, sarebbero stati destinati alla discarica. Moltissimi sono i cittadini che hanno raccolto il nostro invito e che ci hanno donato i loro abeti.\u00a0 Stamane sono stati portati\u00a0&hellip;<\/p>\n","protected":false},"author":4,"featured_media":202537,"comment_status":"closed","ping_status":"closed","sticky":false,"template":"","format":"standard","meta":{"_monsterinsights_skip_tracking":false,"_monsterinsights_sitenote_active":false,"_monsterinsights_sitenote_note":"","_monsterinsights_sitenote_category":0,"footnotes":""},"categories":[51,49],"tags":[],"class_list":["post-202531","post","type-post","status-publish","format-standard","has-post-thumbnail","hentry","category-evidenza-top","category-news-18","category-51","category-49","description-off"],"img_url":"https:\/\/www.radiopiu.net\/wordpress\/wp-content\/uploads\/2021\/04\/4c9fc1ff-2e94-4806-965a-25d40387bed6.jpg","_links":{"self":[{"href":"https:\/\/www.radiopiu.net\/wordpress\/wp-json\/wp\/v2\/posts\/202531","targetHints":{"allow":["GET"]}}],"collection":[{"href":"https:\/\/www.radiopiu.net\/wordpress\/wp-json\/wp\/v2\/posts"}],"about":[{"href":"https:\/\/www.radiopiu.net\/wordpress\/wp-json\/wp\/v2\/types\/post"}],"author":[{"embeddable":true,"href":"https:\/\/www.radiopiu.net\/wordpress\/wp-json\/wp\/v2\/users\/4"}],"replies":[{"embeddable":true,"href":"https:\/\/www.radiopiu.net\/wordpress\/wp-json\/wp\/v2\/comments?post=202531"}],"version-history":[{"count":0,"href":"https:\/\/www.radiopiu.net\/wordpress\/wp-json\/wp\/v2\/posts\/202531\/revisions"}],"wp:featuredmedia":[{"embeddable":true,"href":"https:\/\/www.radiopiu.net\/wordpress\/wp-json\/wp\/v2\/media\/202537"}],"wp:attachment":[{"href":"https:\/\/www.radiopiu.net\/wordpress\/wp-json\/wp\/v2\/media?parent=202531"}],"wp:term":[{"taxonomy":"category","embeddable":true,"href":"https:\/\/www.radiopiu.net\/wordpress\/wp-json\/wp\/v2\/categories?post=202531"},{"taxonomy":"post_tag","embeddable":true,"href":"https:\/\/www.radiopiu.net\/wordpress\/wp-json\/wp\/v2\/tags?post=202531"}],"curies":[{"name":"wp","href":"https:\/\/api.w.org\/{rel}","templated":true}]}}