{"id":202592,"date":"2021-04-10T19:13:15","date_gmt":"2021-04-10T17:13:15","guid":{"rendered":"https:\/\/www.radiopiu.net\/wordpress\/?p=202592"},"modified":"2021-04-10T19:13:15","modified_gmt":"2021-04-10T17:13:15","slug":"covid-in-ulss-1-dolomiti-un-decesso-e-47-nuove-positivita-nelle-ultime-24-ore","status":"publish","type":"post","link":"https:\/\/www.radiopiu.net\/wordpress\/covid-in-ulss-1-dolomiti-un-decesso-e-47-nuove-positivita-nelle-ultime-24-ore\/","title":{"rendered":"COVID IN ULSS 1 DOLOMITI: UN DECESSO E 47 NUOVE POSITIVITA&#8217; NELLE ULTIME 24 ORE"},"content":{"rendered":"<p><strong>BELLUNO<\/strong> Nelle ultime\u00a0 24 ore\u00a0 \u00e8 deceduta una donna covid positiva di anni 82 ricoverata\u00a0 a Belluno. Sono 47 le nuove positivit\u00e0 registrate in provincia di Belluno, 963 le persone attualmente positive.<\/p>\n<p><strong>Ricoveri <\/strong><\/p>\n<p><em>(dato alle ore 17.00 fonte: Azienda Zero)<\/em><\/p>\n<p>Le persone attualmente POSITIVE ricoverate negli ospedali dell\u2019Ulss Dolomiti sono:<\/p>\n<table>\n<tbody>\n<tr>\n<td width=\"217\"><strong>\u00a0<\/strong><\/td>\n<td width=\"217\"><strong>Area NON CRITICA<\/strong><\/td>\n<td width=\"217\"><strong>Terapia Intensiva<\/strong><\/td>\n<\/tr>\n<tr>\n<td width=\"217\"><strong>Ospedale di Belluno <\/strong><\/td>\n<td width=\"217\">34<\/td>\n<td width=\"217\">8<\/td>\n<\/tr>\n<tr>\n<td width=\"217\"><strong>Ospedale di Feltre<\/strong><\/td>\n<td width=\"217\">19<\/td>\n<td width=\"217\">5<\/td>\n<\/tr>\n<\/tbody>\n<\/table>\n<p>&nbsp;<\/p>\n<p>Le persone attualmente POSITIVE ricoverate in Ospedale di Comunit\u00e0 sono:<\/p>\n<table>\n<tbody>\n<tr>\n<td width=\"326\"><strong>\u00a0<\/strong><\/td>\n<td width=\"326\"><strong>pazienti attualmente positivi<\/strong><\/td>\n<\/tr>\n<tr>\n<td width=\"326\"><strong>Ospedale di Comunit\u00e0 di BELLUNO<\/strong><\/td>\n<td width=\"326\">13<\/td>\n<\/tr>\n<tr>\n<td width=\"326\"><strong>Ospedale di Comunit\u00e0 di FELTRE<\/strong><\/td>\n<td width=\"326\">13<\/td>\n<\/tr>\n<\/tbody>\n<\/table>\n<p>&nbsp;<\/p>\n<p>Da luned\u00ec 12 aprile 2021 il punto tamponi di FELTRE \u00e8 spostato ad ANZ\u00d9 \u2013 vicino al campo sportivo \u2013 Viale Santi Vittore e Corona,13\u00a0e sar\u00e0 attivo dal luned\u00ec al sabato dalle 8.30 alle 12.30<\/p>\n","protected":false},"excerpt":{"rendered":"<p>BELLUNO Nelle ultime\u00a0 24 ore\u00a0 \u00e8 deceduta una donna covid positiva di anni 82 ricoverata\u00a0 a Belluno. Sono 47 le nuove positivit\u00e0 registrate in provincia di Belluno, 963 le persone attualmente positive. Ricoveri (dato alle ore 17.00 fonte: Azienda Zero) Le persone attualmente POSITIVE ricoverate negli ospedali dell\u2019Ulss Dolomiti sono: \u00a0 Area NON CRITICA Terapia&hellip;<\/p>\n","protected":false},"author":4,"featured_media":121260,"comment_status":"closed","ping_status":"closed","sticky":false,"template":"","format":"standard","meta":{"_monsterinsights_skip_tracking":false,"_monsterinsights_sitenote_active":false,"_monsterinsights_sitenote_note":"","_monsterinsights_sitenote_category":0,"footnotes":""},"categories":[51,49],"tags":[],"class_list":["post-202592","post","type-post","status-publish","format-standard","has-post-thumbnail","hentry","category-evidenza-top","category-news-18","category-51","category-49","description-off"],"img_url":"https:\/\/www.radiopiu.net\/wordpress\/wp-content\/uploads\/2020\/03\/covid-ulss.jpg","_links":{"self":[{"href":"https:\/\/www.radiopiu.net\/wordpress\/wp-json\/wp\/v2\/posts\/202592","targetHints":{"allow":["GET"]}}],"collection":[{"href":"https:\/\/www.radiopiu.net\/wordpress\/wp-json\/wp\/v2\/posts"}],"about":[{"href":"https:\/\/www.radiopiu.net\/wordpress\/wp-json\/wp\/v2\/types\/post"}],"author":[{"embeddable":true,"href":"https:\/\/www.radiopiu.net\/wordpress\/wp-json\/wp\/v2\/users\/4"}],"replies":[{"embeddable":true,"href":"https:\/\/www.radiopiu.net\/wordpress\/wp-json\/wp\/v2\/comments?post=202592"}],"version-history":[{"count":0,"href":"https:\/\/www.radiopiu.net\/wordpress\/wp-json\/wp\/v2\/posts\/202592\/revisions"}],"wp:featuredmedia":[{"embeddable":true,"href":"https:\/\/www.radiopiu.net\/wordpress\/wp-json\/wp\/v2\/media\/121260"}],"wp:attachment":[{"href":"https:\/\/www.radiopiu.net\/wordpress\/wp-json\/wp\/v2\/media?parent=202592"}],"wp:term":[{"taxonomy":"category","embeddable":true,"href":"https:\/\/www.radiopiu.net\/wordpress\/wp-json\/wp\/v2\/categories?post=202592"},{"taxonomy":"post_tag","embeddable":true,"href":"https:\/\/www.radiopiu.net\/wordpress\/wp-json\/wp\/v2\/tags?post=202592"}],"curies":[{"name":"wp","href":"https:\/\/api.w.org\/{rel}","templated":true}]}}