{"id":202606,"date":"2021-04-12T06:00:33","date_gmt":"2021-04-12T04:00:33","guid":{"rendered":"https:\/\/www.radiopiu.net\/wordpress\/?p=202606"},"modified":"2021-04-12T08:31:37","modified_gmt":"2021-04-12T06:31:37","slug":"giornale-radiopiu-12-aprile-2021-direttore-mirko-mezzacasa","status":"publish","type":"post","link":"https:\/\/www.radiopiu.net\/wordpress\/giornale-radiopiu-12-aprile-2021-direttore-mirko-mezzacasa\/","title":{"rendered":"GIORNALE RADIOPIU 12 APRILE 2021 DIRETTORE MIRKO MEZZACASA"},"content":{"rendered":"<h3><a href=\"https:\/\/www.radiopiu.net\/wordpress\/giornale-radiopiu-24-gennaio-2021-direttore-mirko-mezzacasa\/141433770_171616291414874_2957460898102012198_n\/\" rel=\"attachment wp-att-186566\"><img loading=\"lazy\" decoding=\"async\" class=\"wp-image-186566 alignleft\" src=\"https:\/\/www.radiopiu.net\/wordpress\/wp-content\/uploads\/2021\/01\/141433770_171616291414874_2957460898102012198_n-300x300.jpg\" alt=\"\" width=\"144\" height=\"144\" srcset=\"https:\/\/www.radiopiu.net\/wordpress\/wp-content\/uploads\/2021\/01\/141433770_171616291414874_2957460898102012198_n-300x300.jpg 300w, https:\/\/www.radiopiu.net\/wordpress\/wp-content\/uploads\/2021\/01\/141433770_171616291414874_2957460898102012198_n-150x150.jpg 150w, https:\/\/www.radiopiu.net\/wordpress\/wp-content\/uploads\/2021\/01\/141433770_171616291414874_2957460898102012198_n-768x768.jpg 768w, https:\/\/www.radiopiu.net\/wordpress\/wp-content\/uploads\/2021\/01\/141433770_171616291414874_2957460898102012198_n.jpg 800w\" sizes=\"auto, (max-width: 144px) 100vw, 144px\" \/><\/a><\/h3>\n<h3><\/h3>\n<h3><\/h3>\n<h3>PER<strong> RICEVERE QUESTO NOTIZIARIO DIRETTAMENTE SUL TUO CELLULARE ISCRIVITI AL CANALE TELEGRAM <\/strong><strong>\u201cRADIO PIU\u00a0 INFORMAZIONE&#8221;\u00a0<\/strong><\/h3>\n<h3><\/h3>\n<p>&nbsp;<\/p>\n<p>&nbsp;<\/p>\n<div dir=\"auto\">\n<hr \/>\n<\/div>\n<h2 dir=\"auto\"><a href=\"https:\/\/www.radiopiu.net\/wordpress\/giornale-radiopiu-07-aprile-2021-direttore-mirko-mezzacasa\/youtube\/\" rel=\"attachment wp-att-201738\"><img loading=\"lazy\" decoding=\"async\" class=\"wp-image-201738 alignleft\" src=\"https:\/\/www.radiopiu.net\/wordpress\/wp-content\/uploads\/2021\/04\/YOUTUBE-300x300.png\" alt=\"\" width=\"143\" height=\"143\" srcset=\"https:\/\/www.radiopiu.net\/wordpress\/wp-content\/uploads\/2021\/04\/YOUTUBE-300x300.png 300w, https:\/\/www.radiopiu.net\/wordpress\/wp-content\/uploads\/2021\/04\/YOUTUBE-1024x1024.png 1024w, https:\/\/www.radiopiu.net\/wordpress\/wp-content\/uploads\/2021\/04\/YOUTUBE-150x150.png 150w, https:\/\/www.radiopiu.net\/wordpress\/wp-content\/uploads\/2021\/04\/YOUTUBE-768x768.png 768w, https:\/\/www.radiopiu.net\/wordpress\/wp-content\/uploads\/2021\/04\/YOUTUBE.png 1200w\" sizes=\"auto, (max-width: 143px) 100vw, 143px\" \/><\/a><\/h2>\n<h2 dir=\"auto\"><\/h2>\n<h2 dir=\"auto\">RADIO PIU&#8217; ANCHE SU YOUTUBE. ISCRIVITI AL CANALE PER SEGUIRE LE DIRETTE E GUARDARE I VIDEO DI RADIO PIU&#8217;<\/h2>\n<h2 dir=\"auto\"><a href=\"https:\/\/www.youtube.com\/channel\/UC_sv6_pySrogmrRK354wWOw\">CLICCA QUI<\/a> E PREMI SUL PULSANTE &#8220;ISCRIVITI&#8221;<\/h2>\n<div dir=\"auto\"><\/div>\n<div dir=\"auto\"><\/div>\n<div dir=\"auto\"><\/div>\n<hr \/>\n<p>&nbsp;<\/p>\n<p><em><a href=\"https:\/\/www.radiopiu.net\/wordpress\/giornale-radiopiu-24-gennaio-2021-direttore-mirko-mezzacasa\/79216601_126817312416448_708980208774483089_n\/\" rel=\"attachment wp-att-186567\"><img loading=\"lazy\" decoding=\"async\" class=\"size-medium wp-image-186567 alignleft\" src=\"https:\/\/www.radiopiu.net\/wordpress\/wp-content\/uploads\/2021\/01\/79216601_126817312416448_708980208774483089_n-300x114.jpg\" alt=\"\" width=\"300\" height=\"114\" srcset=\"https:\/\/www.radiopiu.net\/wordpress\/wp-content\/uploads\/2021\/01\/79216601_126817312416448_708980208774483089_n-300x114.jpg 300w, https:\/\/www.radiopiu.net\/wordpress\/wp-content\/uploads\/2021\/01\/79216601_126817312416448_708980208774483089_n-768x292.jpg 768w, https:\/\/www.radiopiu.net\/wordpress\/wp-content\/uploads\/2021\/01\/79216601_126817312416448_708980208774483089_n.jpg 820w\" sizes=\"auto, (max-width: 300px) 100vw, 300px\" \/><\/a> <\/em><\/p>\n<p><em><span style=\"color: #ff0000;\">\u00a0<\/span><\/em><em><span style=\"color: #ff0000;\">LA NUOVA APP PER IOS-IPHONE di Nicola Vettorello <\/span><\/em><a href=\"https:\/\/apps.apple.com\/it\/app\/radio-pi%C3%B9-emittente-agordina\/id1515939845\">https:\/\/apps.apple.com\/it\/app\/radio-pi%C3%B9-emittente-agordina\/id1515939845<\/a><\/p>\n<p><em style=\"color: #ff0000;\">ATTENZIONE: LA NUOVA APP RADIO\u00a0 PER ANDROID di Nicola Vettorello<\/em><\/p>\n<p><a href=\"https:\/\/play.google.com\/store\/apps\/details?id=net.radiopiu.iniko\" target=\"_blank\" rel=\"noopener noreferrer\">https:\/\/play.google.com\/store\/apps\/details?id=net.radiopiu.iniko<\/a><\/p>\n<p>&nbsp;<\/p>\n<p>&nbsp;<\/p>\n<hr \/>\n<p>&nbsp;<\/p>\n<blockquote>\n<h3>VENETO IN ARANCIONE<\/h3>\n<\/blockquote>\n<p><strong>VENEZIA<\/strong><em> Il Veneto in zona arancione. Di seguito il vademecum sulla zona arancione.<\/em><\/p>\n<h3><a href=\"https:\/\/www.radiopiu.net\/wordpress\/giornale-radiopiu-03-aprile-2021-direttore-mirko-mezzacasa\/b3f36804-16e9-4406-b10b-f7963a753f82\/\" rel=\"attachment wp-att-201000\"><img loading=\"lazy\" decoding=\"async\" class=\"aligncenter wp-image-201000 size-full\" src=\"https:\/\/www.radiopiu.net\/wordpress\/wp-content\/uploads\/2021\/04\/b3f36804-16e9-4406-b10b-f7963a753f82.jpg\" alt=\"\" width=\"1024\" height=\"616\" srcset=\"https:\/\/www.radiopiu.net\/wordpress\/wp-content\/uploads\/2021\/04\/b3f36804-16e9-4406-b10b-f7963a753f82.jpg 1024w, https:\/\/www.radiopiu.net\/wordpress\/wp-content\/uploads\/2021\/04\/b3f36804-16e9-4406-b10b-f7963a753f82-300x180.jpg 300w, https:\/\/www.radiopiu.net\/wordpress\/wp-content\/uploads\/2021\/04\/b3f36804-16e9-4406-b10b-f7963a753f82-768x462.jpg 768w\" sizes=\"auto, (max-width: 1024px) 100vw, 1024px\" \/><\/a><\/h3>\n<p>&nbsp;<\/p>\n<p><strong>PER GLI SPOSTAMENTI FUORI COMUNE (SOTTO I 5000 ABITANTI) OBBLIGO DI AUTOCERTIFICAZIONE CHE PUOI <a href=\"https:\/\/www.radiopiu.net\/wordpress\/veneto-in-rosso-il-bianco-sardegna-lontano-lo-dice-lincide-rt\/dpcm-autocertificazione-gennaio-2021\/\">SCARICARE QUI<\/a><\/strong><\/p>\n<p>&nbsp;<\/p>\n<hr \/>\n<p>&nbsp;<\/p>\n<p>&nbsp;<\/p>\n<blockquote>\n<h3>OGGI I COMPLIMENTI AI RAGAZZI DI LIMANA&#8230;.<\/h3>\n<\/blockquote>\n<p>Ottima iniziativa organizzata da ragazzi limanesi che hanno investito la giornata domenicale\u00a0 per ripulire parte della SP1, da La Cal a zona \u201cpanificio Baietta\u201d. Raccolti 30 Sacchi di immondizia tra VPL (20) carta (4) e secco (6) oltre che ad altri rifiuti ingombranti<\/p>\n\n\t\t\t<style type='text\/css'>\n\t\t\t\t#gallery-1 {\n\t\t\t\t\tmargin: auto;\n\t\t\t\t}\n\t\t\t\t#gallery-1 .gallery-item {\n\t\t\t\t\tfloat: left;\n\t\t\t\t\tmargin-top: 10px;\n\t\t\t\t\ttext-align: center;\n\t\t\t\t\twidth: 33%;\n\t\t\t\t}\n\t\t\t\t#gallery-1 img {\n\t\t\t\t\tborder: 2px solid #cfcfcf;\n\t\t\t\t}\n\t\t\t\t#gallery-1 .gallery-caption {\n\t\t\t\t\tmargin-left: 0;\n\t\t\t\t}\n\t\t\t\t\/* see gallery_shortcode() in wp-includes\/media.php *\/\n\t\t\t<\/style>\n\t\t<div id='gallery-1' class='dt-gallery-container gallery galleryid-202606 gallery-columns-3 gallery-size-thumbnail'><dl class='gallery-item'>\n\t\t\t\t<dt class='gallery-icon portrait'>\n\t\t\t\t\t<a class=\"rollover rollover-zoom dt-pswp-item\" title=\"171681948_164671658851076_363520292414844675_n\" data-dt-img-description=\"\" data-large_image_width=\"450\" data-large_image_height=\"600\"href='https:\/\/www.radiopiu.net\/wordpress\/wp-content\/uploads\/2021\/04\/171681948_164671658851076_363520292414844675_n.jpg'><img loading=\"lazy\" decoding=\"async\" width=\"150\" height=\"150\" src=\"https:\/\/www.radiopiu.net\/wordpress\/wp-content\/uploads\/2021\/04\/171681948_164671658851076_363520292414844675_n-150x150.jpg\" class=\"attachment-thumbnail size-thumbnail\" alt=\"\" \/><\/a>\n\t\t\t\t<\/dt><\/dl><dl class='gallery-item'>\n\t\t\t\t<dt class='gallery-icon portrait'>\n\t\t\t\t\t<a class=\"rollover rollover-zoom dt-pswp-item\" title=\"171555420_164671662184409_3507180578859277984_n\" data-dt-img-description=\"\" data-large_image_width=\"450\" data-large_image_height=\"600\"href='https:\/\/www.radiopiu.net\/wordpress\/wp-content\/uploads\/2021\/04\/171555420_164671662184409_3507180578859277984_n.jpg'><img loading=\"lazy\" decoding=\"async\" width=\"150\" height=\"150\" src=\"https:\/\/www.radiopiu.net\/wordpress\/wp-content\/uploads\/2021\/04\/171555420_164671662184409_3507180578859277984_n-150x150.jpg\" class=\"attachment-thumbnail size-thumbnail\" alt=\"\" \/><\/a>\n\t\t\t\t<\/dt><\/dl><dl class='gallery-item'>\n\t\t\t\t<dt class='gallery-icon portrait'>\n\t\t\t\t\t<a class=\"rollover rollover-zoom dt-pswp-item\" title=\"171638057_164671652184410_3456187700913813768_n\" data-dt-img-description=\"\" data-large_image_width=\"450\" data-large_image_height=\"600\"href='https:\/\/www.radiopiu.net\/wordpress\/wp-content\/uploads\/2021\/04\/171638057_164671652184410_3456187700913813768_n.jpg'><img loading=\"lazy\" decoding=\"async\" width=\"150\" height=\"150\" src=\"https:\/\/www.radiopiu.net\/wordpress\/wp-content\/uploads\/2021\/04\/171638057_164671652184410_3456187700913813768_n-150x150.jpg\" class=\"attachment-thumbnail size-thumbnail\" alt=\"\" \/><\/a>\n\t\t\t\t<\/dt><\/dl><br style=\"clear: both\" \/>\n\t\t\t<\/div>\n\n<p>&nbsp;<\/p>\n<hr \/>\n<p>&nbsp;<\/p>\n<p><strong>OGGI ALLE 15 I FUNERALI DI DON GIUSEPPE BORTOLAS A VALLE DI CADORE, CON UN MESSAGGIO DI SOLIDARIETA&#8217; UMANA A TUTTA LA DIOCESI DA CENCENIGHE E SAN TOMASO, DOVE DON GIUSEPPE E&#8217; STATO CONOSCIUTO, AMATO, APPREZZATO.\u00a0<\/strong><\/p>\n<p>&nbsp;<\/p>\n<hr \/>\n<blockquote>\n<div class=\"page-title-head hgroup\"><\/div>\n<p><strong>SP 3 VAL IMPERINA <\/strong>Fino al 30 aprile (sabato e domenica esclusi) interdizione alla viabilit\u00e0 per lavori di esbosco schianti a fasce orari. Chiusure: dalle 8 alle 9.45; dalle 10 alle 12; dalle 13.45 alle 15.50; dalle 16.10 alle 17.30. Nei periodi non interessati dalla chiusura senso unico alternato con movieri.<img loading=\"lazy\" decoding=\"async\" class=\"wp-image-198719 alignleft\" src=\"https:\/\/www.radiopiu.net\/wordpress\/wp-content\/uploads\/2021\/03\/d1cefc45-a8f4-432d-b66b-ba03ea140813-300x142.jpg\" alt=\"\" width=\"188\" height=\"89\" srcset=\"https:\/\/www.radiopiu.net\/wordpress\/wp-content\/uploads\/2021\/03\/d1cefc45-a8f4-432d-b66b-ba03ea140813-300x142.jpg 300w, https:\/\/www.radiopiu.net\/wordpress\/wp-content\/uploads\/2021\/03\/d1cefc45-a8f4-432d-b66b-ba03ea140813-1024x485.jpg 1024w, https:\/\/www.radiopiu.net\/wordpress\/wp-content\/uploads\/2021\/03\/d1cefc45-a8f4-432d-b66b-ba03ea140813-768x364.jpg 768w, https:\/\/www.radiopiu.net\/wordpress\/wp-content\/uploads\/2021\/03\/d1cefc45-a8f4-432d-b66b-ba03ea140813-1536x728.jpg 1536w, https:\/\/www.radiopiu.net\/wordpress\/wp-content\/uploads\/2021\/03\/d1cefc45-a8f4-432d-b66b-ba03ea140813.jpg 1599w\" sizes=\"auto, (max-width: 188px) 100vw, 188px\" \/><\/p>\n<p><strong>SP 2 VALLE DEL MIS<\/strong> Dal 25 marzo al 9 aprile (sabato e domenica compresi) senso unico alternato al km 23.460 in prossimit\u00e0 di Gosaldo<\/p>\n<p><strong>PROVINCIALE 10 DI ALANO, LOC. LE SORGENTI<\/strong> interruzione totale alla viabilit\u00e0 fino al 19 maggio, dalle 8 alle 12 e dalle 13 alle 18, esclusi sabato e domenica<\/p><\/blockquote>\n<p>&nbsp;<\/p>\n<hr \/>\n<blockquote>\n<blockquote>\n<h3><\/h3>\n<h3>DAL 16 AL 25 APRILE CHIUSURA STATALE 50 A GRAVAZZE PER LA REALIZZAZIONE DEL SOTTOPASSO CICLABILE<\/h3>\n<\/blockquote>\n<p><strong><a href=\"https:\/\/www.radiopiu.net\/wordpress\/giornale-radio-piu-15-06-direttore-mirko-mezzacasa\/lavori_in_corso_cartelli04111111111111\/\" rel=\"attachment wp-att-20520\"><img loading=\"lazy\" decoding=\"async\" class=\" wp-image-20520 alignleft\" src=\"https:\/\/www.radiopiu.net\/wordpress\/wp-content\/uploads\/2016\/06\/lavori_in_corso_cartelli04111111111111-300x237.jpg\" sizes=\"auto, (max-width: 300px) 100vw, 300px\" srcset=\"https:\/\/www.radiopiu.net\/wordpress\/wp-content\/uploads\/2016\/06\/lavori_in_corso_cartelli04111111111111-300x237.jpg 300w, https:\/\/www.radiopiu.net\/wordpress\/wp-content\/uploads\/2016\/06\/lavori_in_corso_cartelli04111111111111.jpg 425w\" alt=\"\" width=\"152\" height=\"120\" \/><\/a>SANTA GIUSTINA\u00a0<\/strong>Inizieranno il 16 aprile i lavori per la realizzazione di un sottopasso ciclabile in localit\u00e0 Gravazze, all\u2019interno dell\u2019importante opera inserita come variante Belluno-Feltre-Primolano, la chiusura della Statale 50 prevista dalle 9 del 16 alle 24 del 25 aprile con deviazioni ben segnalate. Per la durata dei lavori in localit\u00e0 Gravazze anche le tratte Dolomitibus da Feltre e S.Giustina verso la Luxottica di Agordo subiranno le necessarie deviazioni.<\/p>\n<p>&nbsp;<\/p>\n<hr \/>\n<p>&nbsp;<\/p>\n<p>&nbsp;<\/p>\n<h3><a href=\"https:\/\/www.radiopiu.net\/wordpress\/acqua-di-nuovo-potabile-a-gosaldo\/bicchiere-acqua\/\" rel=\"attachment wp-att-197762\"><img loading=\"lazy\" decoding=\"async\" class=\" wp-image-197762 alignleft\" src=\"https:\/\/www.radiopiu.net\/wordpress\/wp-content\/uploads\/2021\/03\/BICCHIERE-ACQUA-300x200.jpg\" alt=\"\" width=\"132\" height=\"88\" srcset=\"https:\/\/www.radiopiu.net\/wordpress\/wp-content\/uploads\/2021\/03\/BICCHIERE-ACQUA-300x200.jpg 300w, https:\/\/www.radiopiu.net\/wordpress\/wp-content\/uploads\/2021\/03\/BICCHIERE-ACQUA-1024x683.jpg 1024w, https:\/\/www.radiopiu.net\/wordpress\/wp-content\/uploads\/2021\/03\/BICCHIERE-ACQUA-768x512.jpg 768w, https:\/\/www.radiopiu.net\/wordpress\/wp-content\/uploads\/2021\/03\/BICCHIERE-ACQUA-1536x1024.jpg 1536w, https:\/\/www.radiopiu.net\/wordpress\/wp-content\/uploads\/2021\/03\/BICCHIERE-ACQUA.jpg 1920w\" sizes=\"auto, (max-width: 132px) 100vw, 132px\" \/><\/a>Gestione Servizi Pubblici informa che a COLLE SANTA LUCIA in localit\u00e0 RUCAVA&#8217;, l&#8217;acqua erogata dall&#8217;acquedotto \u00e8 di nuovo potabile e pu\u00f2 essere usata, quindi, per scopi alimentari.<\/h3>\n<p>Gestione Servizi Pubblici informa che, per lavori alla rete idrica comunale, oggi\u00a0 dalle 8 alle 17 verr\u00e0 sospesa l\u2019erogazione dell\u2019acqua a SELVA DI CADORE, nelle vie MONTE CERNERA e ZANUOL e nelle localit\u00e0 CERNADOI, BERNARD, MARIN e TRONCH. Il personale addetto operer\u00e0 per limitare il pi\u00f9 possibile i disagi alla popolazione.<\/p>\n<h3><strong><img loading=\"lazy\" decoding=\"async\" class=\"alignleft\" src=\"https:\/\/www.radiopiu.net\/wordpress\/wp-content\/uploads\/2018\/08\/ACQUA.jpeg\" width=\"96\" height=\"58\" \/>LIVINALLONGO-ROCCA PIETORE\u00a0<\/strong> Gestione Servizi Pubblici informa che a LIVINALLONGO DEL COL DI LANA nelle LOCALITA&#8217; SALESEI DI SOPRA, SALESEI DI SOTTO, PIAN DI SALESEI, SALESEI, SOTTOCREPA e FOPPA, ed a ROCCA PIETORE \u00a0nelle LOCALITA&#8217; VAL, DAGAI, DAVARE, LE COSTE, RONCH e SOPRACORDEVOLE l&#8217;acqua erogata dall&#8217;acquedotto non \u00e8 potabile e pu\u00f2 essere usata per scopi alimentari SOLO PREVIA bollitura.<\/h3>\n<\/blockquote>\n<p>&nbsp;<\/p>\n<hr \/>\n<p>&nbsp;<\/p>\n<p>&nbsp;<\/p>\n<blockquote>\n<h3>MOTORIZZAZIONE CIVILE, TEMPORANEA SOSPENSIONE DEI SERVIZI<\/h3>\n<\/blockquote>\n<p><strong>BELLUNO<\/strong> Vista l\u2019attuale situazione del personale della Motorizzazione di Belluno non \u00e8 possibile la ripresa dell\u2019attivit\u00e0 esterna dell\u2019Ufficio almeno fino a tutta la giornata di gioved\u00ec 15 aprile.\u00a0 Gli sportelli rimarranno pertanto chiusi al pubblico e agli operatori professionali; le sedute di esami di teoria, esami di guida e operazioni tecniche sono annullate. Lo svolgimento delle sedute operative programmate nelle giornate di venerd\u00ec 16 e sabato 17 aprile sar\u00e0 subordinato all\u2019esito degli accertamenti sanitari e a quanto sar\u00e0 deciso e comunicato dalla locale AULSS1.<\/p>\n<p>&nbsp;<\/p>\n<p>&nbsp;<\/p>\n<p>&nbsp;<\/p>\n<hr \/>\n<blockquote>\n<h3>La macchina dei vaccini si \u00e8 inchiodata in Veneto, le colpe tutte da imputare all&#8217;organizzazione nazional-europea, infatti i vaccini a Treviso sono finiti, stessa situazione sta per verificarsi a Venezia, Padova e Belluno. Se non arrivano le dosi promesse la campagna vaccinale subir\u00e0 un altro imbarazzante stop.<\/h3>\n<h3>COVID IN PROVINCIA: NESSUN DECESSO IN ULSS 1 DOLOMITI, 15 I NUOVI POSITIVI. MILLE OVER 80 HANNO RICEVUTO LA PRIMA DOSE DI VACCINO<\/h3>\n<\/blockquote>\n<p><strong>BELLUNO<\/strong> Nelle ultime\u00a0 24 ore\u00a0 non sono stati registrati decessi di persone covid positive negli ospedali dell\u2019Ulss Dolomiti. Sono 15 le nuove positivit\u00e0 registrate nell&#8217;ultima giornata, 937 persone attualmente positive in provincia.<\/p>\n<p><strong>Ricoveri<\/strong><\/p>\n<p><em>(dato alle ore 17.00 fonte: Azienda Zero)<\/em><\/p>\n<p>Le persone attualmente POSITIVE ricoverate negli ospedali dell\u2019Ulss Dolomiti sono:<\/p>\n<table>\n<tbody>\n<tr>\n<td width=\"217\"><strong>\u00a0<\/strong><\/td>\n<td width=\"217\"><strong>Area NON CRITICA<\/strong><\/td>\n<td width=\"217\"><strong>Terapia Intensiva<\/strong><\/td>\n<\/tr>\n<tr>\n<td width=\"217\"><strong>Ospedale di Belluno <\/strong><\/td>\n<td width=\"217\">35<\/td>\n<td width=\"217\">8<\/td>\n<\/tr>\n<tr>\n<td width=\"217\"><strong>Ospedale di Feltre<\/strong><\/td>\n<td width=\"217\">18<\/td>\n<td width=\"217\">5<\/td>\n<\/tr>\n<\/tbody>\n<\/table>\n<p>&nbsp;<\/p>\n<p>Le persone attualmente POSITIVE ricoverate in Ospedale di Comunit\u00e0 sono:<\/p>\n<table>\n<tbody>\n<tr>\n<td width=\"326\"><strong>\u00a0<\/strong><\/td>\n<td width=\"326\"><strong>pazienti attualmente positivi<\/strong><\/td>\n<\/tr>\n<tr>\n<td width=\"326\"><strong>Ospedale di Comunit\u00e0 di BELLUNO<\/strong><\/td>\n<td width=\"326\">13<\/td>\n<\/tr>\n<tr>\n<td width=\"326\"><strong>Ospedale di Comunit\u00e0 di FELTRE<\/strong><\/td>\n<td width=\"326\">13<\/td>\n<\/tr>\n<\/tbody>\n<\/table>\n<p>&nbsp;<\/p>\n<p>Conclusa la prima tornata di chiamata a vaccinazione di tutti gli over 80 del territorio provinciale. Nei drive in di Belluno, Feltre e Agordo hanno infatti ricevuto la prima dose di vaccino circa mille persone chiamate con lettera invito e non prima vaccinate nelle sedute anticipate. Ad Agordo sono state anche eseguite\u00a0 circa 200 seconde dosi. Alla somministrazione delle seconde dosi sar\u00e0 dedicata buona parte dell\u2019attivit\u00e0 vaccinale della settimana entrante. Pur in un contesto di carenza di vaccino disponibile per consistenti nuove offerte a favore di altre categorie prioritarie, l\u2019Ulss Dolomiti attiver\u00e0 alcuni spazi di prenotazione sempre a favore delle persone con pi\u00f9 di 80 anni, per alzare ulteriormente la copertura vaccinale di questa categoria. Pi\u00f9 in dettaglio, dalla tarda mattinata di oggi sar\u00e0 possibile prenotare online, dal sito <a href=\"http:\/\/www.aulss1.veneto.it\/\">www.aulss1.veneto.it<\/a>, prime dosi di vaccino anti covid per persone con pi\u00f9 di 80 anni, che saranno eseguite nel drive in di Feltre marted\u00ec, mercoled\u00ec e giovedi grazie al supporto del team della Difesa. A fianco di questa offerta vaccinale nei drive in, compatibilmente con le forniture in arrivo, sar\u00e0 potenziata la vaccinazione a domicilio sempre per le persone con pi\u00f9 di 80 anni con situazioni di scarsa mobilit\u00e0.<\/p>\n<p>&nbsp;<\/p>\n<hr \/>\n<p>&nbsp;<\/p>\n<blockquote>\n<h2>Aggiornamento sul progetto di acquisizione di GrandVision<\/h2>\n<\/blockquote>\n<p><strong><img loading=\"lazy\" decoding=\"async\" class=\"alignleft\" src=\"https:\/\/www.radiopiu.net\/wordpress\/wp-content\/uploads\/2021\/02\/ESSILORLUXOTTICA.png\" width=\"367\" height=\"207\" \/>Charenton-le-Pont, Francia<\/strong> \u2013 EssilorLuxottica conferma che il 9 aprile 2021 l&#8217;autorit\u00e0 antitrust cilena FNE (Fiscal\u00eda Nacional Econ\u00f3mica) ha autorizzato il progetto di acquisizione di GrandVision a fronte dell&#8217;impegno a cedere le attivit\u00e0 cilene di GrandVision gestite sotto l\u2019insegna Rotter Y Krauss. Le attivit\u00e0 cilene di GrandVision saranno vendute a HAL secondo i termini previsti dal Block Trade Agreement stipulato da HAL ed EssilorLuxottica il 30 luglio 2019. Tale cessione \u00e8 subordinata al closing dell\u2019acquisizione di GrandVision e si perfezioner\u00e0 contestualmente a quest\u2019ultimo. EssilorLuxottica ha inoltre preso atto della decisione della Corte d&#8217;Appello di Amsterdam, che il 6 aprile 2021 ha rigettato la richiesta di documentazione avanzata dalla Societ\u00e0 in particolare alla luce dell\u2019istanza di produzione documentale recentemente disposta nell\u2019ambito dei procedimenti arbitrali promossi da HAL e GrandVision. La Societ\u00e0 ha infatti avviato procedimenti giudiziari per ottenere tali informazioni da GrandVision al fine di valutare come quest\u2019ultima abbia gestito il business durante l\u2019emergenza COVID-19 e in che misura abbia violato le obbligazioni a proprio carico a sensi del Support Agreement sottoscritto tra le parti. La finalizzazione dell\u2019operazione di acquisizione di GrandVision \u00e8 ancora soggetta all\u2019approvazione da parte dell\u2019autorit\u00e0 antitrust della Turchia nonch\u00e9 all\u2019esito dei procedimenti arbitrali pendenti.<\/p>\n<p>&nbsp;<\/p>\n<hr \/>\n<blockquote>\n<h2><\/h2>\n<h2>GLI OSS DALLA TERZA &#8220;S&#8221;<\/h2>\n<\/blockquote>\n<p><strong>di Andrea Fiocco Funzione Pubblica Cgil di Belluno\u00a0<\/strong><\/p>\n<blockquote><p><em>Si fa sempre pi\u00f9 pressante la richiesta da parte delle RSA di avviare la formazione dei cosiddetti OSS Specializzati o con formazione complementare, gli OSS con terza \u201cS\u201d. E lo <a href=\"https:\/\/www.radiopiu.net\/wordpress\/tormen-e-fiocco-contro-regione-e-ulss1-de-bernardin-contro-la-tormen-e-il-gruppo-sanita\/andrea-fiocco\/\" rel=\"attachment wp-att-43617\"><img loading=\"lazy\" decoding=\"async\" class=\"wp-image-43617 alignright\" src=\"https:\/\/www.radiopiu.net\/wordpress\/wp-content\/uploads\/2018\/02\/ANDREA-FIOCCO-300x300.jpg\" alt=\"\" width=\"121\" height=\"121\" srcset=\"https:\/\/www.radiopiu.net\/wordpress\/wp-content\/uploads\/2018\/02\/ANDREA-FIOCCO-300x300.jpg 300w, https:\/\/www.radiopiu.net\/wordpress\/wp-content\/uploads\/2018\/02\/ANDREA-FIOCCO-150x150.jpg 150w, https:\/\/www.radiopiu.net\/wordpress\/wp-content\/uploads\/2018\/02\/ANDREA-FIOCCO-768x768.jpg 768w, https:\/\/www.radiopiu.net\/wordpress\/wp-content\/uploads\/2018\/02\/ANDREA-FIOCCO.jpg 960w\" sizes=\"auto, (max-width: 121px) 100vw, 121px\" \/><\/a>si capisce: la grave penuria di infermieri e di OSS, molti dei quali <strong><a href=\"https:\/\/www.radiopiu.net\/wordpress\/fp-cgil-chiude-siano-applicati-i-corretti-utilizzi-dei-dpi\/fp-cgil\/\" rel=\"attachment wp-att-122552\"><img loading=\"lazy\" decoding=\"async\" class=\"size-full wp-image-122552 alignleft\" src=\"https:\/\/www.radiopiu.net\/wordpress\/wp-content\/uploads\/2020\/03\/fp-cgil.png\" alt=\"\" width=\"175\" height=\"191\" \/><\/a><\/strong>reclutati in blocco dalla sanit\u00e0 pubblica, senza una adeguata programmazione nella formazione di nuove forze, sta diventando insostenibile.<\/em><\/p><\/blockquote>\n<p>&nbsp;<\/p>\n<p>&nbsp;<\/p>\n<p><strong>ANDREA FIOCCO, CGIL_FP<\/strong><\/p>\n<audio class=\"wp-audio-shortcode\" id=\"audio-202606-1\" preload=\"none\" style=\"width: 100%;\" controls=\"controls\"><source type=\"audio\/mpeg\" src=\"https:\/\/www.radiopiu.net\/wordpress\/wp-content\/uploads\/2021\/04\/oss-con-3-s-aprile.mp3?_=1\" \/><a href=\"https:\/\/www.radiopiu.net\/wordpress\/wp-content\/uploads\/2021\/04\/oss-con-3-s-aprile.mp3\">https:\/\/www.radiopiu.net\/wordpress\/wp-content\/uploads\/2021\/04\/oss-con-3-s-aprile.mp3<\/a><\/audio>\n<p>&nbsp;<\/p>\n<div style=\"width: 1200px;\" class=\"wp-video\"><video class=\"wp-video-shortcode\" id=\"video-202606-1\" width=\"1200\" height=\"675\" preload=\"metadata\" controls=\"controls\"><source type=\"video\/mp4\" src=\"https:\/\/www.radiopiu.net\/wordpress\/wp-content\/uploads\/2021\/04\/WhatsApp-Video-2021-04-12-at-07.20.33.mp4?_=1\" \/><a href=\"https:\/\/www.radiopiu.net\/wordpress\/wp-content\/uploads\/2021\/04\/WhatsApp-Video-2021-04-12-at-07.20.33.mp4\">https:\/\/www.radiopiu.net\/wordpress\/wp-content\/uploads\/2021\/04\/WhatsApp-Video-2021-04-12-at-07.20.33.mp4<\/a><\/video><\/div>\n<p>&nbsp;<\/p>\n<p>&nbsp;<\/p>\n<hr \/>\n<p>&nbsp;<\/p>\n<blockquote>\n<h3>IL PRESSOSTATO E&#8217; ARRIVATO AD ARABBA, OGGI\u00a0 TUTTI AL ASILO<\/h3>\n<\/blockquote>\n<p><strong><img loading=\"lazy\" decoding=\"async\" class=\"alignleft\" src=\"https:\/\/www.radiopiu.net\/wordpress\/wp-content\/uploads\/2021\/03\/arabba-con-in-fondo-il.jpg\" width=\"194\" height=\"146\" \/> <\/strong><\/p>\n<p><strong>\u00a0<\/strong><\/p>\n<p><strong>LIVINALLONGO <\/strong>Fortunatamente alla fine si \u00e8 rivelata una previsione pessimistica. Infatti il pressostato per riparare la caldaia della scuola dell\u2019infanzia di Arabba \u00e8 stato trovato. Nel pomeriggio di venerd\u00ec i tecnici lo hanno sostituito e l\u2019impianto da riscaldamento funziona. Per questo motivo il sindaco ha revocato l\u2019ordinanza di chiusura della scuola che prevedeva lo stop dell\u2019attivit\u00e0 fino a marted\u00ec. Da oggi dunque tutti i bambini torneranno al asilo, al caldo.<\/p>\n<p>&nbsp;<\/p>\n<p>&nbsp;<\/p>\n<hr \/>\n<p>&nbsp;<\/p>\n<blockquote>\n<h3>IN VENETO STATO DI ATTENZIONE IN PIANURA E ALLERTA VALANGHE GIALLA IN MONTAGNA<\/h3>\n<\/blockquote>\n<p><strong><a href=\"https:\/\/www.radiopiu.net\/wordpress\/giornale-radio-piu-direttore-mirko-mezzacasa-9-30-12-30-16-30-18-30-e-mezzanotte\/nubifragio-maltempo-allerta-allarme_dwn\/\" rel=\"attachment wp-att-7785\"><img loading=\"lazy\" decoding=\"async\" class=\"size-medium wp-image-7785 alignleft\" src=\"https:\/\/www.radiopiu.net\/wordpress\/wp-content\/uploads\/2015\/07\/nubifragio-maltempo-allerta-allarme_DWN-300x225.jpg\" alt=\"\" width=\"300\" height=\"225\" \/><\/a>VENEZIA <\/strong>La perturbazione che sta interessando il Veneto ha spinto il Centro Funzionale Decentrato della Protezione Civile della Regione a dichiarare lo Stato di Attenzione per Criticit\u00e0 Idrogeologica dalle ore 14.00 di oggi alle ore 14.00 di domani su alcuni bacini idrografici del Veneto, e l\u2019allerta gialla per pericolo valanghe su Dolomiti e Prealpi. Lo Stato di attenzione \u00e8 dichiarato sui bacini Piave-Pedemontano; Alto Brenta-Bacchiglione-Alpone; Basso Brenta-Bacchigione; Basso Piave-Sile-Bacino Scolante in laguna. Le previsioni indicano tra questa mattina e domani mattina tempo perturbato con precipitazioni estese e persistenti specie tra il pomeriggio-sera di oggi e le prime ore di domani quando saranno probabili anche rovesci o locali temporali.<\/p>\n<p>&nbsp;<\/p>\n<p>&nbsp;<\/p>\n<hr \/>\n<p>&nbsp;<\/p>\n<blockquote>\n<h3>LA CICLABILE A LE CAMPE, AL VIA UN NUOVO CANTIERE<\/h3>\n<\/blockquote>\n<p><em><strong>CICLABILE PONTE ALTO-MISSIAGA-LE CAMPE DA NORD A SUD<\/strong><\/em><\/p>\n<div style=\"width: 1200px;\" class=\"wp-video\"><video class=\"wp-video-shortcode\" id=\"video-202606-2\" width=\"1200\" height=\"675\" preload=\"metadata\" controls=\"controls\"><source type=\"video\/mp4\" src=\"https:\/\/www.radiopiu.net\/wordpress\/wp-content\/uploads\/2021\/04\/2021_04_10_13_56_21_Cache.mp4?_=2\" \/><a href=\"https:\/\/www.radiopiu.net\/wordpress\/wp-content\/uploads\/2021\/04\/2021_04_10_13_56_21_Cache.mp4\">https:\/\/www.radiopiu.net\/wordpress\/wp-content\/uploads\/2021\/04\/2021_04_10_13_56_21_Cache.mp4<\/a><\/video><\/div>\n<p>&nbsp;<\/p>\n<p><strong>LA VALLE<\/strong> <em>&#8220;E con la ciclabile a Le Campe&#8221;,<\/em> ci ha scritto di recente un nostro lettore a margine di un post a proposito del dopo Vaia. Siamo stati nei due cantieri, quello pi\u00f9 a nord ormai a lavori terminati e quello pi\u00f9 a sud dove dopo gli argini sul Cordevole stanno iniziando i lavori per il ripristino della ciclabile.<\/p>\n<p>&nbsp;<\/p>\n<p><strong>A NORD<\/strong> Il cantiere si \u00e8 rivelato non facile fin dall&#8217;inizio, nei giorni di Vaia il Cordevole si \u00e8 portato via argini e ciclabile, ma soprattutto ha messo a rischio la regionale 203 agordina, chiusa per alcuni giorni, poi riaperta solo per il traffico leggero. Lavori immediati, celeri gi\u00e0 portati a conclusione con possenti arginature sul Cordevole, ciclabile ripristinata e gi\u00e0 asfaltata e ben protetta dalle scarpate verso il Cordevole.<\/p>\n\n\t\t\t<style type='text\/css'>\n\t\t\t\t#gallery-2 {\n\t\t\t\t\tmargin: auto;\n\t\t\t\t}\n\t\t\t\t#gallery-2 .gallery-item {\n\t\t\t\t\tfloat: left;\n\t\t\t\t\tmargin-top: 10px;\n\t\t\t\t\ttext-align: center;\n\t\t\t\t\twidth: 33%;\n\t\t\t\t}\n\t\t\t\t#gallery-2 img {\n\t\t\t\t\tborder: 2px solid #cfcfcf;\n\t\t\t\t}\n\t\t\t\t#gallery-2 .gallery-caption {\n\t\t\t\t\tmargin-left: 0;\n\t\t\t\t}\n\t\t\t\t\/* see gallery_shortcode() in wp-includes\/media.php *\/\n\t\t\t<\/style>\n\t\t<div id='gallery-2' class='dt-gallery-container gallery galleryid-202606 gallery-columns-3 gallery-size-thumbnail'><dl class='gallery-item'>\n\t\t\t\t<dt class='gallery-icon landscape'>\n\t\t\t\t\t<a class=\"rollover rollover-zoom dt-pswp-item\" title=\"53a1b2c2-7892-49b8-bd0b-a2562e35cc58\" data-dt-img-description=\"\" data-large_image_width=\"2000\" data-large_image_height=\"1125\"href='https:\/\/www.radiopiu.net\/wordpress\/wp-content\/uploads\/2021\/04\/53a1b2c2-7892-49b8-bd0b-a2562e35cc58.jpg'><img loading=\"lazy\" decoding=\"async\" width=\"150\" height=\"150\" src=\"https:\/\/www.radiopiu.net\/wordpress\/wp-content\/uploads\/2021\/04\/53a1b2c2-7892-49b8-bd0b-a2562e35cc58-150x150.jpg\" class=\"attachment-thumbnail size-thumbnail\" alt=\"\" \/><\/a>\n\t\t\t\t<\/dt><\/dl><dl class='gallery-item'>\n\t\t\t\t<dt class='gallery-icon landscape'>\n\t\t\t\t\t<a class=\"rollover rollover-zoom dt-pswp-item\" title=\"7c91ba86-57cf-410e-bdd4-601e98d72566\" data-dt-img-description=\"\" data-large_image_width=\"2000\" data-large_image_height=\"1125\"href='https:\/\/www.radiopiu.net\/wordpress\/wp-content\/uploads\/2021\/04\/7c91ba86-57cf-410e-bdd4-601e98d72566.jpg'><img loading=\"lazy\" decoding=\"async\" width=\"150\" height=\"150\" src=\"https:\/\/www.radiopiu.net\/wordpress\/wp-content\/uploads\/2021\/04\/7c91ba86-57cf-410e-bdd4-601e98d72566-150x150.jpg\" class=\"attachment-thumbnail size-thumbnail\" alt=\"\" \/><\/a>\n\t\t\t\t<\/dt><\/dl><dl class='gallery-item'>\n\t\t\t\t<dt class='gallery-icon landscape'>\n\t\t\t\t\t<a class=\"rollover rollover-zoom dt-pswp-item\" title=\"8770626f-20aa-437d-86ae-dd80dcbde04a\" data-dt-img-description=\"\" data-large_image_width=\"2000\" data-large_image_height=\"1125\"href='https:\/\/www.radiopiu.net\/wordpress\/wp-content\/uploads\/2021\/04\/8770626f-20aa-437d-86ae-dd80dcbde04a.jpg'><img loading=\"lazy\" decoding=\"async\" width=\"150\" height=\"150\" src=\"https:\/\/www.radiopiu.net\/wordpress\/wp-content\/uploads\/2021\/04\/8770626f-20aa-437d-86ae-dd80dcbde04a-150x150.jpg\" class=\"attachment-thumbnail size-thumbnail\" alt=\"\" \/><\/a>\n\t\t\t\t<\/dt><\/dl><br style=\"clear: both\" \/>\n\t\t\t<\/div>\n\n<p>&nbsp;<\/p>\n<p><strong>A SUD<\/strong> Sotto all&#8217;area di servizio SR203 Gruppo Botol stanno per partire i lavori per il ripristino della ciclabile, anche qui danni notevoli con la ciclabile interrotta in alcuni punti.<\/p>\n<blockquote><p><em>Intervento\u00a0 di primaria importanza oltre che per il consolidamento della scogliera anche per il passaggio nel sottosuolo delle tubature fognarie consorziali che interessano\u00a0 la Conca Agordina fino al depuratore delle Campe.\u00a0 Il Comune di La Valle Agordina ha dato in appalto alla ditta bellunese Edil Costruzioni l&#8217;opera di consolidamento e rifacimento della scogliera sulla sinistra orografica del torrente Cordevole, progettazione\u00a0 Ingegner Loris Del Col. Lavori appaltati per\u00a0 250mila euro\u00a0 con un ribasso del 2,84%<\/em><\/p><\/blockquote>\n\n\t\t\t<style type='text\/css'>\n\t\t\t\t#gallery-3 {\n\t\t\t\t\tmargin: auto;\n\t\t\t\t}\n\t\t\t\t#gallery-3 .gallery-item {\n\t\t\t\t\tfloat: left;\n\t\t\t\t\tmargin-top: 10px;\n\t\t\t\t\ttext-align: center;\n\t\t\t\t\twidth: 33%;\n\t\t\t\t}\n\t\t\t\t#gallery-3 img {\n\t\t\t\t\tborder: 2px solid #cfcfcf;\n\t\t\t\t}\n\t\t\t\t#gallery-3 .gallery-caption {\n\t\t\t\t\tmargin-left: 0;\n\t\t\t\t}\n\t\t\t\t\/* see gallery_shortcode() in wp-includes\/media.php *\/\n\t\t\t<\/style>\n\t\t<div id='gallery-3' class='dt-gallery-container gallery galleryid-202606 gallery-columns-3 gallery-size-thumbnail'><dl class='gallery-item'>\n\t\t\t\t<dt class='gallery-icon landscape'>\n\t\t\t\t\t<a class=\"rollover rollover-zoom dt-pswp-item\" title=\"743f1035-3cdc-4a19-8f26-d2fd41718508\" data-dt-img-description=\"\" data-large_image_width=\"2000\" data-large_image_height=\"1125\"href='https:\/\/www.radiopiu.net\/wordpress\/wp-content\/uploads\/2021\/04\/743f1035-3cdc-4a19-8f26-d2fd41718508.jpg'><img loading=\"lazy\" decoding=\"async\" width=\"150\" height=\"150\" src=\"https:\/\/www.radiopiu.net\/wordpress\/wp-content\/uploads\/2021\/04\/743f1035-3cdc-4a19-8f26-d2fd41718508-150x150.jpg\" class=\"attachment-thumbnail size-thumbnail\" alt=\"\" \/><\/a>\n\t\t\t\t<\/dt><\/dl><dl class='gallery-item'>\n\t\t\t\t<dt class='gallery-icon landscape'>\n\t\t\t\t\t<a class=\"rollover rollover-zoom dt-pswp-item\" title=\"022095f4-0ff6-438e-8273-837e926dae3b\" data-dt-img-description=\"\" data-large_image_width=\"2000\" data-large_image_height=\"1125\"href='https:\/\/www.radiopiu.net\/wordpress\/wp-content\/uploads\/2021\/04\/022095f4-0ff6-438e-8273-837e926dae3b.jpg'><img loading=\"lazy\" decoding=\"async\" width=\"150\" height=\"150\" src=\"https:\/\/www.radiopiu.net\/wordpress\/wp-content\/uploads\/2021\/04\/022095f4-0ff6-438e-8273-837e926dae3b-150x150.jpg\" class=\"attachment-thumbnail size-thumbnail\" alt=\"\" \/><\/a>\n\t\t\t\t<\/dt><\/dl><dl class='gallery-item'>\n\t\t\t\t<dt class='gallery-icon landscape'>\n\t\t\t\t\t<a class=\"rollover rollover-zoom dt-pswp-item\" title=\"e18e1de5-24e5-423b-85ee-afd96cb812b3\" data-dt-img-description=\"\" data-large_image_width=\"2000\" data-large_image_height=\"1125\"href='https:\/\/www.radiopiu.net\/wordpress\/wp-content\/uploads\/2021\/04\/e18e1de5-24e5-423b-85ee-afd96cb812b3.jpg'><img loading=\"lazy\" decoding=\"async\" width=\"150\" height=\"150\" src=\"https:\/\/www.radiopiu.net\/wordpress\/wp-content\/uploads\/2021\/04\/e18e1de5-24e5-423b-85ee-afd96cb812b3-150x150.jpg\" class=\"attachment-thumbnail size-thumbnail\" alt=\"\" \/><\/a>\n\t\t\t\t<\/dt><\/dl><br style=\"clear: both\" \/>\n\t\t\t<\/div>\n\n<p>&nbsp;<\/p>\n<p><strong>IL PROBLEMA<\/strong> Il grande collo di bottiglia della ciclabile che si trascina da anni e non \u00e8 ancora stato risolto \u00e8 oltre la Missiaga. Qui il tratto di ciclabile \u00e8 in totale abbandono e finisce contro una rete metallica, per quel ricordo del privato che ha bloccato i lavori gi\u00e0 con l&#8217;amministrazione del sindaco Sisto Da Roit e che ha interessato anche l&#8217;Unione Montana Agordina. Oltre quella rete c&#8217;\u00e8 una galleria della ex ferrovia che sbuca dopo Ponte Alto in localit\u00e0 Polane vista laghetto e soprattutto Conca Agordina. L&#8217;auspicio: che con la fine dei lavori a sud e l&#8217;apertura della ciclabile in localit\u00e0 Le Campe venga finalmente risolto anche il passaggio per Agordo, di tempo ne \u00e8 trascorso fin troppo.<\/p>\n<p><strong>VIDEO A NORD, LE CAMPE-MISSIAGA-INTERRUZIONE PRIMA DELLA GALLERIA DELLA EX FERROVIA\u00a0<\/strong><\/p>\n<p><iframe loading=\"lazy\" title=\"20210410 132524\" width=\"1200\" height=\"675\" src=\"https:\/\/www.youtube.com\/embed\/RhPD2qXtSSg?feature=oembed\" frameborder=\"0\" allow=\"accelerometer; autoplay; clipboard-write; encrypted-media; gyroscope; picture-in-picture\" allowfullscreen><\/iframe><\/p>\n<p>&nbsp;<\/p>\n<p><strong>A SUD, RIFACIMENTO DEGLI SCOGLIERE A PROTEZIONE DELLA FRAZIONE LE CAMPE, INTERRUZIONE PISTA CICLABILE.<\/strong><\/p>\n<p><iframe loading=\"lazy\" title=\"20210410 130809\" width=\"1200\" height=\"675\" src=\"https:\/\/www.youtube.com\/embed\/7QBXBdjBl1M?feature=oembed\" frameborder=\"0\" allow=\"accelerometer; autoplay; clipboard-write; encrypted-media; gyroscope; picture-in-picture\" allowfullscreen><\/iframe><\/p>\n<p>&nbsp;<\/p>\n<hr \/>\n<p>&nbsp;<\/p>\n<blockquote>\n<h3>LA DIMORA DI 25 ALBERELLI DI NATALE DI NOALE<\/h3>\n<\/blockquote>\n<p><strong>AGORDO <\/strong>Nel mese di gennaio, il circolo di Europa Verde di Noale ha lanciato nei social un appello per recuperare gli alberi di Natale che, a fine festivit\u00e0, sarebbero stati destinati alla discarica. Moltissimi sono i cittadini che hanno raccolto\u00a0 l&#8217;invito e che hanno donato i loro abeti.\u00a0 Sabato sono stati portati\u00a0 ad Agordo e piantumati in accordo col Comune di Agordo. Il progetto\u00a0 \u201cAdottiamo gli alberi di Natale\u201d \u00e8 stato appoggiato, oltre che da numerosi commercianti noalesi, anche dalla cooperativa \u201cll Germoglio\u201d di Salzano, che ha donato gli abeti usati per addobbare le piazze di Noale.<\/p>\n<p><strong>DAVIDE CONEDERA, CONSIGLIERE COMUNALE DI AGORDO, E IL SUO COMMENTO IN DIALETTO<\/strong><\/p>\n<audio class=\"wp-audio-shortcode\" id=\"audio-202606-2\" preload=\"none\" style=\"width: 100%;\" controls=\"controls\"><source type=\"audio\/mpeg\" src=\"https:\/\/www.radiopiu.net\/wordpress\/wp-content\/uploads\/2021\/04\/DAVIDE-CONEDERA-ALBERELLI.mp3?_=2\" \/><a href=\"https:\/\/www.radiopiu.net\/wordpress\/wp-content\/uploads\/2021\/04\/DAVIDE-CONEDERA-ALBERELLI.mp3\">https:\/\/www.radiopiu.net\/wordpress\/wp-content\/uploads\/2021\/04\/DAVIDE-CONEDERA-ALBERELLI.mp3<\/a><\/audio>\n<p>&nbsp;<\/p>\n<p><strong>GIORGIO SARTO, EUROPA VERDE DI NOALE<\/strong><\/p>\n<audio class=\"wp-audio-shortcode\" id=\"audio-202606-3\" preload=\"none\" style=\"width: 100%;\" controls=\"controls\"><source type=\"audio\/mpeg\" src=\"https:\/\/www.radiopiu.net\/wordpress\/wp-content\/uploads\/2021\/04\/GIORGIO-SARTO-EUROPA-VERDE.mp3?_=3\" \/><a href=\"https:\/\/www.radiopiu.net\/wordpress\/wp-content\/uploads\/2021\/04\/GIORGIO-SARTO-EUROPA-VERDE.mp3\">https:\/\/www.radiopiu.net\/wordpress\/wp-content\/uploads\/2021\/04\/GIORGIO-SARTO-EUROPA-VERDE.mp3<\/a><\/audio>\n<p>&nbsp;<\/p>\n\n\t\t\t<style type='text\/css'>\n\t\t\t\t#gallery-4 {\n\t\t\t\t\tmargin: auto;\n\t\t\t\t}\n\t\t\t\t#gallery-4 .gallery-item {\n\t\t\t\t\tfloat: left;\n\t\t\t\t\tmargin-top: 10px;\n\t\t\t\t\ttext-align: center;\n\t\t\t\t\twidth: 25%;\n\t\t\t\t}\n\t\t\t\t#gallery-4 img {\n\t\t\t\t\tborder: 2px solid #cfcfcf;\n\t\t\t\t}\n\t\t\t\t#gallery-4 .gallery-caption {\n\t\t\t\t\tmargin-left: 0;\n\t\t\t\t}\n\t\t\t\t\/* see gallery_shortcode() in wp-includes\/media.php *\/\n\t\t\t<\/style>\n\t\t<div id='gallery-4' class='dt-gallery-container gallery galleryid-202606 gallery-columns-4 gallery-size-thumbnail'><dl class='gallery-item'>\n\t\t\t\t<dt class='gallery-icon portrait'>\n\t\t\t\t\t<a class=\"rollover rollover-zoom dt-pswp-item\" title=\"2c8748c2-3eb4-4508-97b5-fae78273dad6\" data-dt-img-description=\"\" data-large_image_width=\"1536\" data-large_image_height=\"2048\"href='https:\/\/www.radiopiu.net\/wordpress\/wp-content\/uploads\/2021\/04\/2c8748c2-3eb4-4508-97b5-fae78273dad6.jpg'><img loading=\"lazy\" decoding=\"async\" width=\"150\" height=\"150\" src=\"https:\/\/www.radiopiu.net\/wordpress\/wp-content\/uploads\/2021\/04\/2c8748c2-3eb4-4508-97b5-fae78273dad6-150x150.jpg\" class=\"attachment-thumbnail size-thumbnail\" alt=\"\" \/><\/a>\n\t\t\t\t<\/dt><\/dl><dl class='gallery-item'>\n\t\t\t\t<dt class='gallery-icon portrait'>\n\t\t\t\t\t<a class=\"rollover rollover-zoom dt-pswp-item\" title=\"cc5d364a-a026-4330-875b-30d5ee313355\" data-dt-img-description=\"\" data-large_image_width=\"1200\" data-large_image_height=\"1600\"href='https:\/\/www.radiopiu.net\/wordpress\/wp-content\/uploads\/2021\/04\/cc5d364a-a026-4330-875b-30d5ee313355.jpg'><img loading=\"lazy\" decoding=\"async\" width=\"150\" height=\"150\" src=\"https:\/\/www.radiopiu.net\/wordpress\/wp-content\/uploads\/2021\/04\/cc5d364a-a026-4330-875b-30d5ee313355-150x150.jpg\" class=\"attachment-thumbnail size-thumbnail\" alt=\"\" \/><\/a>\n\t\t\t\t<\/dt><\/dl><dl class='gallery-item'>\n\t\t\t\t<dt class='gallery-icon landscape'>\n\t\t\t\t\t<a class=\"rollover rollover-zoom dt-pswp-item\" title=\"4c9fc1ff-2e94-4806-965a-25d40387bed6\" data-dt-img-description=\"\" data-large_image_width=\"1600\" data-large_image_height=\"1200\"href='https:\/\/www.radiopiu.net\/wordpress\/wp-content\/uploads\/2021\/04\/4c9fc1ff-2e94-4806-965a-25d40387bed6.jpg'><img loading=\"lazy\" decoding=\"async\" width=\"150\" height=\"150\" src=\"https:\/\/www.radiopiu.net\/wordpress\/wp-content\/uploads\/2021\/04\/4c9fc1ff-2e94-4806-965a-25d40387bed6-150x150.jpg\" class=\"attachment-thumbnail size-thumbnail\" alt=\"\" \/><\/a>\n\t\t\t\t<\/dt><\/dl><dl class='gallery-item'>\n\t\t\t\t<dt class='gallery-icon portrait'>\n\t\t\t\t\t<a class=\"rollover rollover-zoom dt-pswp-item\" title=\"9c7705df-340a-4bd7-ad5e-f7e5826dd27b\" data-dt-img-description=\"\" data-large_image_width=\"1200\" data-large_image_height=\"1600\"href='https:\/\/www.radiopiu.net\/wordpress\/wp-content\/uploads\/2021\/04\/9c7705df-340a-4bd7-ad5e-f7e5826dd27b.jpg'><img loading=\"lazy\" decoding=\"async\" width=\"150\" height=\"150\" src=\"https:\/\/www.radiopiu.net\/wordpress\/wp-content\/uploads\/2021\/04\/9c7705df-340a-4bd7-ad5e-f7e5826dd27b-150x150.jpg\" class=\"attachment-thumbnail size-thumbnail\" alt=\"\" \/><\/a>\n\t\t\t\t<\/dt><\/dl><br style=\"clear: both\" \/>\n\t\t\t<\/div>\n\n<p>&nbsp;<\/p>\n<p><strong>IL VIDEO<\/strong><\/p>\n<div style=\"width: 1200px;\" class=\"wp-video\"><video class=\"wp-video-shortcode\" id=\"video-202606-3\" width=\"1200\" height=\"675\" preload=\"metadata\" controls=\"controls\"><source type=\"video\/mp4\" src=\"https:\/\/www.radiopiu.net\/wordpress\/wp-content\/uploads\/2021\/04\/ALBERELLI-NOALE.mp4?_=3\" \/><a href=\"https:\/\/www.radiopiu.net\/wordpress\/wp-content\/uploads\/2021\/04\/ALBERELLI-NOALE.mp4\">https:\/\/www.radiopiu.net\/wordpress\/wp-content\/uploads\/2021\/04\/ALBERELLI-NOALE.mp4<\/a><\/video><\/div>\n<p>&nbsp;<\/p>\n<p><strong>DI GIANNI SANTOMASO<\/strong><\/p>\n<audio class=\"wp-audio-shortcode\" id=\"audio-202606-4\" preload=\"none\" style=\"width: 100%;\" controls=\"controls\"><source type=\"audio\/mpeg\" src=\"https:\/\/www.radiopiu.net\/wordpress\/wp-content\/uploads\/2021\/04\/GIANNI-ALBERI.mp3?_=4\" \/><a href=\"https:\/\/www.radiopiu.net\/wordpress\/wp-content\/uploads\/2021\/04\/GIANNI-ALBERI.mp3\">https:\/\/www.radiopiu.net\/wordpress\/wp-content\/uploads\/2021\/04\/GIANNI-ALBERI.mp3<\/a><\/audio>\n<p>&nbsp;<\/p>\n<hr \/>\n<p>&nbsp;<\/p>\n<blockquote>\n<h2>UN AIUTO A DON FABIANO E ALLA PARROCCHIA PER L&#8217;OROLOGIO GUASTO<\/h2>\n<\/blockquote>\n<div class=\"kvgmc6g5 cxmmr5t8 oygrvhab hcukyx3x c1et5uql ii04i59q\">\n<div dir=\"auto\"><strong><a href=\"https:\/\/www.radiopiu.net\/wordpress\/un-aiuto-a-don-fabiano-e-alla-parrocchiaper-lorologio-guasto\/166749810_3623233604469452_8781985633545224277_n\/\" rel=\"attachment wp-att-202801\"><img loading=\"lazy\" decoding=\"async\" class=\"size-medium wp-image-202801 alignleft\" src=\"https:\/\/www.radiopiu.net\/wordpress\/wp-content\/uploads\/2021\/04\/166749810_3623233604469452_8781985633545224277_n-150x300.jpg\" alt=\"\" width=\"150\" height=\"300\" srcset=\"https:\/\/www.radiopiu.net\/wordpress\/wp-content\/uploads\/2021\/04\/166749810_3623233604469452_8781985633545224277_n-150x300.jpg 150w, https:\/\/www.radiopiu.net\/wordpress\/wp-content\/uploads\/2021\/04\/166749810_3623233604469452_8781985633545224277_n.jpg 296w\" sizes=\"auto, (max-width: 150px) 100vw, 150px\" \/><\/a>GOSALDO<\/strong> Un paese di mobilita per l&#8217;orologio del campanile, \u00e8 guasto, va riparato ma per la parrocchia \u00e8 una spesa imprevista. &#8220;Recentemente siamo venuti a conoscenza\u00a0 del problema &#8211; spiegano gli amici della piazza diGosaldo &#8211;\u00a0 e abbiamo deciso di aiutare\u00a0 Don Fabiano donando\u00a0 490 euro , che uniti al contributo elargito dall&#8217;amministrazione comunale, andranno a saldare il costo dell&#8217;intervento. La somma \u00e8 stata consegnata domenica\u00a0 al parroco.<\/div>\n<\/div>\n<p>&nbsp;<\/p>\n<p>&nbsp;<\/p>\n<p>&nbsp;<\/p>\n<p>&nbsp;<\/p>\n<p>&nbsp;<\/p>\n<p><span style=\"color: #ff0000;\"><strong>IL RINGRAZIAMENTO DI DON FABIANO DEL FAVERO, PARROCO DEL POI<\/strong><\/span><\/p>\n<audio class=\"wp-audio-shortcode\" id=\"audio-202606-5\" preload=\"none\" style=\"width: 100%;\" controls=\"controls\"><source type=\"audio\/mpeg\" src=\"https:\/\/www.radiopiu.net\/wordpress\/wp-content\/uploads\/2021\/04\/DON-FABIANO.mp3?_=5\" \/><a href=\"https:\/\/www.radiopiu.net\/wordpress\/wp-content\/uploads\/2021\/04\/DON-FABIANO.mp3\">https:\/\/www.radiopiu.net\/wordpress\/wp-content\/uploads\/2021\/04\/DON-FABIANO.mp3<\/a><\/audio>\n<p>&nbsp;<\/p>\n<hr \/>\n<p>&nbsp;<\/p>\n<blockquote class=\"wp-embedded-content\" data-secret=\"Ss2i82biqS\"><p><a href=\"https:\/\/www.radiopiu.net\/wordpress\/aggapr11\/\">CORONAVIRUS: AGGIORNAMENTO NAZIONALE 11 APRILE  2021<\/a><\/p><\/blockquote>\n<p><iframe loading=\"lazy\" class=\"wp-embedded-content\" sandbox=\"allow-scripts\" security=\"restricted\" style=\"position: absolute; clip: rect(1px, 1px, 1px, 1px);\" title=\"&#8220;CORONAVIRUS: AGGIORNAMENTO NAZIONALE 11 APRILE  2021&#8221; &#8212; Radio Pi\u00f9\" src=\"https:\/\/www.radiopiu.net\/wordpress\/aggapr11\/embed\/#?secret=Ss2i82biqS\" data-secret=\"Ss2i82biqS\" width=\"600\" height=\"338\" frameborder=\"0\" marginwidth=\"0\" marginheight=\"0\" scrolling=\"no\"><\/iframe><\/p>\n<p>&nbsp;<\/p>\n<hr \/>\n<p>&nbsp;<\/p>\n<blockquote class=\"wp-embedded-content\" data-secret=\"CeCieKfwvC\"><p><a href=\"https:\/\/www.radiopiu.net\/wordpress\/nelle-ultime-24-ore-sono-688-i-nuovi-positivi-in-veneto-i-decessi-sono-14-stabili-le-terapie-intensive-calano-i-ricoveri-in-area-non-critica-a-belluno-15-nuove-positivita\/\">NELLE ULTIME 24 ORE SONO 688 I NUOVI POSITIVI IN VENETO. I DECESSI SONO 14, STABILI LE TERAPIE INTENSIVE, CALANO I RICOVERI IN AREA NON CRITICA. A BELLUNO 15 NUOVE POSITIVITA&#8217;<\/a><\/p><\/blockquote>\n<p><iframe loading=\"lazy\" class=\"wp-embedded-content\" sandbox=\"allow-scripts\" security=\"restricted\" style=\"position: absolute; clip: rect(1px, 1px, 1px, 1px);\" title=\"&#8220;NELLE ULTIME 24 ORE SONO 688 I NUOVI POSITIVI IN VENETO. I DECESSI SONO 14, STABILI LE TERAPIE INTENSIVE, CALANO I RICOVERI IN AREA NON CRITICA. A BELLUNO 15 NUOVE POSITIVITA&#8217;&#8221; &#8212; Radio Pi\u00f9\" src=\"https:\/\/www.radiopiu.net\/wordpress\/nelle-ultime-24-ore-sono-688-i-nuovi-positivi-in-veneto-i-decessi-sono-14-stabili-le-terapie-intensive-calano-i-ricoveri-in-area-non-critica-a-belluno-15-nuove-positivita\/embed\/#?secret=CeCieKfwvC\" data-secret=\"CeCieKfwvC\" width=\"600\" height=\"338\" frameborder=\"0\" marginwidth=\"0\" marginheight=\"0\" scrolling=\"no\"><\/iframe><\/p>\n<p>&nbsp;<\/p>\n<hr \/>\n<p>&nbsp;<\/p>\n<blockquote>\n<h3>I GRAFICI DI TIZIANO DE COL<\/h3>\n<\/blockquote>\n\n\t\t\t<style type='text\/css'>\n\t\t\t\t#gallery-5 {\n\t\t\t\t\tmargin: auto;\n\t\t\t\t}\n\t\t\t\t#gallery-5 .gallery-item {\n\t\t\t\t\tfloat: left;\n\t\t\t\t\tmargin-top: 10px;\n\t\t\t\t\ttext-align: center;\n\t\t\t\t\twidth: 20%;\n\t\t\t\t}\n\t\t\t\t#gallery-5 img {\n\t\t\t\t\tborder: 2px solid #cfcfcf;\n\t\t\t\t}\n\t\t\t\t#gallery-5 .gallery-caption {\n\t\t\t\t\tmargin-left: 0;\n\t\t\t\t}\n\t\t\t\t\/* see gallery_shortcode() in wp-includes\/media.php *\/\n\t\t\t<\/style>\n\t\t<div id='gallery-5' class='dt-gallery-container gallery galleryid-202606 gallery-columns-5 gallery-size-medium'><dl class='gallery-item'>\n\t\t\t\t<dt class='gallery-icon landscape'>\n\t\t\t\t\t<a class=\"rollover rollover-zoom dt-pswp-item\" title=\"6dab851f-c81c-4ec2-9663-ae49902ac2a3\" data-dt-img-description=\"\" data-large_image_width=\"612\" data-large_image_height=\"352\"href='https:\/\/www.radiopiu.net\/wordpress\/wp-content\/uploads\/2021\/04\/6dab851f-c81c-4ec2-9663-ae49902ac2a3.jpg'><img loading=\"lazy\" decoding=\"async\" width=\"300\" height=\"173\" src=\"https:\/\/www.radiopiu.net\/wordpress\/wp-content\/uploads\/2021\/04\/6dab851f-c81c-4ec2-9663-ae49902ac2a3-300x173.jpg\" class=\"attachment-medium size-medium\" alt=\"\" srcset=\"https:\/\/www.radiopiu.net\/wordpress\/wp-content\/uploads\/2021\/04\/6dab851f-c81c-4ec2-9663-ae49902ac2a3-300x173.jpg 300w, https:\/\/www.radiopiu.net\/wordpress\/wp-content\/uploads\/2021\/04\/6dab851f-c81c-4ec2-9663-ae49902ac2a3.jpg 612w\" sizes=\"auto, (max-width: 300px) 100vw, 300px\" \/><\/a>\n\t\t\t\t<\/dt><\/dl><dl class='gallery-item'>\n\t\t\t\t<dt class='gallery-icon landscape'>\n\t\t\t\t\t<a class=\"rollover rollover-zoom dt-pswp-item\" title=\"320a7e29-788f-4d88-a8b3-2fe2c4c42239\" data-dt-img-description=\"\" data-large_image_width=\"598\" data-large_image_height=\"358\"href='https:\/\/www.radiopiu.net\/wordpress\/wp-content\/uploads\/2021\/04\/320a7e29-788f-4d88-a8b3-2fe2c4c42239.jpg'><img loading=\"lazy\" decoding=\"async\" width=\"300\" height=\"180\" src=\"https:\/\/www.radiopiu.net\/wordpress\/wp-content\/uploads\/2021\/04\/320a7e29-788f-4d88-a8b3-2fe2c4c42239-300x180.jpg\" class=\"attachment-medium size-medium\" alt=\"\" srcset=\"https:\/\/www.radiopiu.net\/wordpress\/wp-content\/uploads\/2021\/04\/320a7e29-788f-4d88-a8b3-2fe2c4c42239-300x180.jpg 300w, https:\/\/www.radiopiu.net\/wordpress\/wp-content\/uploads\/2021\/04\/320a7e29-788f-4d88-a8b3-2fe2c4c42239.jpg 598w\" sizes=\"auto, (max-width: 300px) 100vw, 300px\" \/><\/a>\n\t\t\t\t<\/dt><\/dl><dl class='gallery-item'>\n\t\t\t\t<dt class='gallery-icon landscape'>\n\t\t\t\t\t<a class=\"rollover rollover-zoom dt-pswp-item\" title=\"db73e62e-bd2e-4137-9c79-3db84183c5b2\" data-dt-img-description=\"\" data-large_image_width=\"612\" data-large_image_height=\"354\"href='https:\/\/www.radiopiu.net\/wordpress\/wp-content\/uploads\/2021\/04\/db73e62e-bd2e-4137-9c79-3db84183c5b2.jpg'><img loading=\"lazy\" decoding=\"async\" width=\"300\" height=\"174\" src=\"https:\/\/www.radiopiu.net\/wordpress\/wp-content\/uploads\/2021\/04\/db73e62e-bd2e-4137-9c79-3db84183c5b2-300x174.jpg\" class=\"attachment-medium size-medium\" alt=\"\" srcset=\"https:\/\/www.radiopiu.net\/wordpress\/wp-content\/uploads\/2021\/04\/db73e62e-bd2e-4137-9c79-3db84183c5b2-300x174.jpg 300w, https:\/\/www.radiopiu.net\/wordpress\/wp-content\/uploads\/2021\/04\/db73e62e-bd2e-4137-9c79-3db84183c5b2.jpg 612w\" sizes=\"auto, (max-width: 300px) 100vw, 300px\" \/><\/a>\n\t\t\t\t<\/dt><\/dl><dl class='gallery-item'>\n\t\t\t\t<dt class='gallery-icon landscape'>\n\t\t\t\t\t<a class=\"rollover rollover-zoom dt-pswp-item\" title=\"5cea752c-b911-42f8-8e3a-4ab244d87e9a\" data-dt-img-description=\"\" data-large_image_width=\"604\" data-large_image_height=\"353\"href='https:\/\/www.radiopiu.net\/wordpress\/wp-content\/uploads\/2021\/04\/5cea752c-b911-42f8-8e3a-4ab244d87e9a.jpg'><img loading=\"lazy\" decoding=\"async\" width=\"300\" height=\"175\" src=\"https:\/\/www.radiopiu.net\/wordpress\/wp-content\/uploads\/2021\/04\/5cea752c-b911-42f8-8e3a-4ab244d87e9a-300x175.jpg\" class=\"attachment-medium size-medium\" alt=\"\" srcset=\"https:\/\/www.radiopiu.net\/wordpress\/wp-content\/uploads\/2021\/04\/5cea752c-b911-42f8-8e3a-4ab244d87e9a-300x175.jpg 300w, https:\/\/www.radiopiu.net\/wordpress\/wp-content\/uploads\/2021\/04\/5cea752c-b911-42f8-8e3a-4ab244d87e9a.jpg 604w\" sizes=\"auto, (max-width: 300px) 100vw, 300px\" \/><\/a>\n\t\t\t\t<\/dt><\/dl><dl class='gallery-item'>\n\t\t\t\t<dt class='gallery-icon landscape'>\n\t\t\t\t\t<a class=\"rollover rollover-zoom dt-pswp-item\" title=\"d196b639-482f-4496-b374-72f08c6d993a\" data-dt-img-description=\"\" data-large_image_width=\"604\" data-large_image_height=\"356\"href='https:\/\/www.radiopiu.net\/wordpress\/wp-content\/uploads\/2021\/04\/d196b639-482f-4496-b374-72f08c6d993a.jpg'><img loading=\"lazy\" decoding=\"async\" width=\"300\" height=\"177\" src=\"https:\/\/www.radiopiu.net\/wordpress\/wp-content\/uploads\/2021\/04\/d196b639-482f-4496-b374-72f08c6d993a-300x177.jpg\" class=\"attachment-medium size-medium\" alt=\"\" srcset=\"https:\/\/www.radiopiu.net\/wordpress\/wp-content\/uploads\/2021\/04\/d196b639-482f-4496-b374-72f08c6d993a-300x177.jpg 300w, https:\/\/www.radiopiu.net\/wordpress\/wp-content\/uploads\/2021\/04\/d196b639-482f-4496-b374-72f08c6d993a.jpg 604w\" sizes=\"auto, (max-width: 300px) 100vw, 300px\" \/><\/a>\n\t\t\t\t<\/dt><\/dl><br style=\"clear: both\" \/>\n\t\t\t<\/div>\n\n<p>&nbsp;<\/p>\n<hr \/>\n<p>&nbsp;<\/p>\n<blockquote>\n<h3>LE VACCINAZIONI IN VENETO<\/h3>\n<\/blockquote>\n\n\t\t\t<style type='text\/css'>\n\t\t\t\t#gallery-6 {\n\t\t\t\t\tmargin: auto;\n\t\t\t\t}\n\t\t\t\t#gallery-6 .gallery-item {\n\t\t\t\t\tfloat: left;\n\t\t\t\t\tmargin-top: 10px;\n\t\t\t\t\ttext-align: center;\n\t\t\t\t\twidth: 33%;\n\t\t\t\t}\n\t\t\t\t#gallery-6 img {\n\t\t\t\t\tborder: 2px solid #cfcfcf;\n\t\t\t\t}\n\t\t\t\t#gallery-6 .gallery-caption {\n\t\t\t\t\tmargin-left: 0;\n\t\t\t\t}\n\t\t\t\t\/* see gallery_shortcode() in wp-includes\/media.php *\/\n\t\t\t<\/style>\n\t\t<div id='gallery-6' class='dt-gallery-container gallery galleryid-202606 gallery-columns-3 gallery-size-medium'><dl class='gallery-item'>\n\t\t\t\t<dt class='gallery-icon portrait'>\n\t\t\t\t\t<a class=\"rollover rollover-zoom dt-pswp-item\" title=\"1cba08a1-4302-43cb-8377-2a02fef547ef\" data-dt-img-description=\"\" data-large_image_width=\"1080\" data-large_image_height=\"1501\"href='https:\/\/www.radiopiu.net\/wordpress\/wp-content\/uploads\/2021\/04\/1cba08a1-4302-43cb-8377-2a02fef547ef.jpg'><img loading=\"lazy\" decoding=\"async\" width=\"216\" height=\"300\" src=\"https:\/\/www.radiopiu.net\/wordpress\/wp-content\/uploads\/2021\/04\/1cba08a1-4302-43cb-8377-2a02fef547ef-216x300.jpg\" class=\"attachment-medium size-medium\" alt=\"\" srcset=\"https:\/\/www.radiopiu.net\/wordpress\/wp-content\/uploads\/2021\/04\/1cba08a1-4302-43cb-8377-2a02fef547ef-216x300.jpg 216w, https:\/\/www.radiopiu.net\/wordpress\/wp-content\/uploads\/2021\/04\/1cba08a1-4302-43cb-8377-2a02fef547ef-737x1024.jpg 737w, https:\/\/www.radiopiu.net\/wordpress\/wp-content\/uploads\/2021\/04\/1cba08a1-4302-43cb-8377-2a02fef547ef-768x1067.jpg 768w, https:\/\/www.radiopiu.net\/wordpress\/wp-content\/uploads\/2021\/04\/1cba08a1-4302-43cb-8377-2a02fef547ef.jpg 1080w\" sizes=\"auto, (max-width: 216px) 100vw, 216px\" \/><\/a>\n\t\t\t\t<\/dt><\/dl><dl class='gallery-item'>\n\t\t\t\t<dt class='gallery-icon portrait'>\n\t\t\t\t\t<a class=\"rollover rollover-zoom dt-pswp-item\" title=\"b38c72e6-4548-405f-8391-88cda594f5b4\" data-dt-img-description=\"\" data-large_image_width=\"1080\" data-large_image_height=\"1485\"href='https:\/\/www.radiopiu.net\/wordpress\/wp-content\/uploads\/2021\/04\/b38c72e6-4548-405f-8391-88cda594f5b4.jpg'><img loading=\"lazy\" decoding=\"async\" width=\"218\" height=\"300\" src=\"https:\/\/www.radiopiu.net\/wordpress\/wp-content\/uploads\/2021\/04\/b38c72e6-4548-405f-8391-88cda594f5b4-218x300.jpg\" class=\"attachment-medium size-medium\" alt=\"\" srcset=\"https:\/\/www.radiopiu.net\/wordpress\/wp-content\/uploads\/2021\/04\/b38c72e6-4548-405f-8391-88cda594f5b4-218x300.jpg 218w, https:\/\/www.radiopiu.net\/wordpress\/wp-content\/uploads\/2021\/04\/b38c72e6-4548-405f-8391-88cda594f5b4-745x1024.jpg 745w, https:\/\/www.radiopiu.net\/wordpress\/wp-content\/uploads\/2021\/04\/b38c72e6-4548-405f-8391-88cda594f5b4-768x1056.jpg 768w, https:\/\/www.radiopiu.net\/wordpress\/wp-content\/uploads\/2021\/04\/b38c72e6-4548-405f-8391-88cda594f5b4.jpg 1080w\" sizes=\"auto, (max-width: 218px) 100vw, 218px\" \/><\/a>\n\t\t\t\t<\/dt><\/dl><dl class='gallery-item'>\n\t\t\t\t<dt class='gallery-icon portrait'>\n\t\t\t\t\t<a class=\"rollover rollover-zoom dt-pswp-item\" title=\"bb61fab9-5187-4a7a-942b-9fcb3c4e0072\" data-dt-img-description=\"\" data-large_image_width=\"1080\" data-large_image_height=\"1440\"href='https:\/\/www.radiopiu.net\/wordpress\/wp-content\/uploads\/2021\/04\/bb61fab9-5187-4a7a-942b-9fcb3c4e0072.jpg'><img loading=\"lazy\" decoding=\"async\" width=\"225\" height=\"300\" src=\"https:\/\/www.radiopiu.net\/wordpress\/wp-content\/uploads\/2021\/04\/bb61fab9-5187-4a7a-942b-9fcb3c4e0072-225x300.jpg\" class=\"attachment-medium size-medium\" alt=\"\" srcset=\"https:\/\/www.radiopiu.net\/wordpress\/wp-content\/uploads\/2021\/04\/bb61fab9-5187-4a7a-942b-9fcb3c4e0072-225x300.jpg 225w, https:\/\/www.radiopiu.net\/wordpress\/wp-content\/uploads\/2021\/04\/bb61fab9-5187-4a7a-942b-9fcb3c4e0072-768x1024.jpg 768w, https:\/\/www.radiopiu.net\/wordpress\/wp-content\/uploads\/2021\/04\/bb61fab9-5187-4a7a-942b-9fcb3c4e0072.jpg 1080w\" sizes=\"auto, (max-width: 225px) 100vw, 225px\" \/><\/a>\n\t\t\t\t<\/dt><\/dl><br style=\"clear: both\" \/>\n\t\t\t<\/div>\n\n<p>&nbsp;<\/p>\n<hr \/>\n<blockquote>\n<h1><a href=\"https:\/\/www.radiopiu.net\/wordpress\/acc-consegna-i-compressori-gesto-simbolico-dai-grandi-significati\/78ebdc32-6394-49a6-8282-40a4a229b080\/\" rel=\"attachment wp-att-197660\"><img loading=\"lazy\" decoding=\"async\" class=\"wp-image-197660 alignleft\" src=\"https:\/\/www.radiopiu.net\/wordpress\/wp-content\/uploads\/2021\/03\/78ebdc32-6394-49a6-8282-40a4a229b080-300x225.jpg\" alt=\"\" width=\"104\" height=\"78\" srcset=\"https:\/\/www.radiopiu.net\/wordpress\/wp-content\/uploads\/2021\/03\/78ebdc32-6394-49a6-8282-40a4a229b080-300x225.jpg 300w, https:\/\/www.radiopiu.net\/wordpress\/wp-content\/uploads\/2021\/03\/78ebdc32-6394-49a6-8282-40a4a229b080-1024x768.jpg 1024w, https:\/\/www.radiopiu.net\/wordpress\/wp-content\/uploads\/2021\/03\/78ebdc32-6394-49a6-8282-40a4a229b080-768x576.jpg 768w, https:\/\/www.radiopiu.net\/wordpress\/wp-content\/uploads\/2021\/03\/78ebdc32-6394-49a6-8282-40a4a229b080-1536x1152.jpg 1536w, https:\/\/www.radiopiu.net\/wordpress\/wp-content\/uploads\/2021\/03\/78ebdc32-6394-49a6-8282-40a4a229b080.jpg 2048w\" sizes=\"auto, (max-width: 104px) 100vw, 104px\" \/><\/a>CRISI ACC<\/h1>\n<p><strong>BORGO VALBELLUNA<\/strong> Da questa mattina alle 9 presidio permanente sotto la Prefettura di Belluno a sostegno della richiesta di convocazione del tavolo Italcomp in attesa dell&#8217;esito dell&#8217;incontro tra i Governatori di Veneto e Piemonte e il Mise<\/p><\/blockquote>\n<p>&nbsp;<\/p>\n<blockquote>\n<h3>ACC: L&#8217;APPELLO DEI SINDACATI PER IL PRESIDIO SOTTO LA PREFETTURA DI BELLUNO<\/h3>\n<\/blockquote>\n<p><strong><a href=\"https:\/\/www.radiopiu.net\/wordpress\/comunicato-unitario-delle-sigle-sindacali-per-le-misure-di-protezione-dei-lavoratori-nei-posti-di-lavoro\/sindacati\/\" rel=\"attachment wp-att-121809\"><img loading=\"lazy\" decoding=\"async\" class=\"size-medium wp-image-121809 alignleft\" src=\"https:\/\/www.radiopiu.net\/wordpress\/wp-content\/uploads\/2020\/03\/SINDACATI-300x300.jpg\" alt=\"\" width=\"300\" height=\"300\" srcset=\"https:\/\/www.radiopiu.net\/wordpress\/wp-content\/uploads\/2020\/03\/SINDACATI-300x300.jpg 300w, https:\/\/www.radiopiu.net\/wordpress\/wp-content\/uploads\/2020\/03\/SINDACATI-1024x1024.jpg 1024w, https:\/\/www.radiopiu.net\/wordpress\/wp-content\/uploads\/2020\/03\/SINDACATI-150x150.jpg 150w, https:\/\/www.radiopiu.net\/wordpress\/wp-content\/uploads\/2020\/03\/SINDACATI-768x768.jpg 768w, https:\/\/www.radiopiu.net\/wordpress\/wp-content\/uploads\/2020\/03\/SINDACATI-1536x1536.jpg 1536w, https:\/\/www.radiopiu.net\/wordpress\/wp-content\/uploads\/2020\/03\/SINDACATI.jpg 2048w\" sizes=\"auto, (max-width: 300px) 100vw, 300px\" \/><\/a>BELLUNO\u00a0<\/strong>CGIL, CISL e UIL, con un comunicato unitario, lanciano l&#8217;appello alla cittadinanza, ma non solo, di stare vicini alle lavoratrici e lavoratori della ACC di Mel. Da luned\u00ec il presidio permanente sotto alla Prefettura di Belluno con l&#8217;invito a chi ha a cuore il rilancio industriale e occupazione della provincia di passare in zona.<\/p>\n<blockquote><p><em><strong>L&#8217;APPELLO DEI SINDACATI<\/strong><\/em><\/p><\/blockquote>\n<div class=\"page\" title=\"Page 1\">\n<div class=\"layoutArea\">\n<div class=\"column\">\n<blockquote><p><em>Fim-Fiom-Uilm di Belluno unitamente alle R.S.U. e alle lavoratrici e i lavoratori dello stabilimento ACC Wanbao hanno deciso di tenere un presidio permanente sotto la Prefettura di Belluno in piazza Duomo a partire dalle ore 9.00 di lunedi 12 Aprile. Da oltre un anno lottiamo per garantire un futuro industriale ed occupazionale alla storica fabbrica di compressori di Borgo Valbelluna che da oltre 50 anni contribuisce in maniera significativa alla crescita economica e sociale della nostra provincia. Il governo e il ministero dello sviluppo economico hanno annunciato nei mesi scorsi la nascita del progetto Italcomp, polo Italiano del compressore per il rilancio di una storica produzione della quale il nostro paese e\u0300 stato leader Europeo e per opporsi allo strapotere dei produttori asiatici. Una autentica strategia di politica industriale a partecipazione pubblica utile ha riaffermare il ruolo strategico della industria manifatturiera essenziale per il rilancio del paese fuori da sterili localismi e nebbie pseudo-modern. Ora siamo ad uno snodo essenziale il governo deve decidere in tempi brevi pena la morte per asfissia finanziaria di Acc vero cuore pulsante del progetto Italcomp e della salvezza di oltre 700 posti di lavoro! Per tutto questo da lunedi\u0300 saremo in presidio permanente sotto la prefettura di Belluno per chiedere per l\u2019ennesima volta una rapida convocazione di un tavolo presso il ministero dello sviluppo economico per concordare tempi e modalita\u0300 dell\u2019avvio del progetto. Chiediamo quindi a tutti ( Partiti politici, associazioni, amministratori pubblici, cittadini) che hanno a cuore il rilancio industriale e occupazionale della nostra provincia di passare per il presidio saremo felici di accoglierli insieme alle lavoratrici e ai lavoratori di Acc per condividere la nostra lotta che e\u0300 di tutta la nostra comunita\u0300 provinciale!<\/em><\/p><\/blockquote>\n<p>&nbsp;<\/p>\n<p>&nbsp;<\/p>\n<hr \/>\n<p>&nbsp;<\/p>\n<blockquote>\n<h3 class=\"p1\"><span class=\"s1\">RINCARO MATERIE PRIME, IMPRESE ARTIGIANE IN DIFFICOLT\u00c0. COLPITI SOPRATTUTTO EDILIZIA, LEGNO-ARREDO E SISTEMA CASA<\/span><\/h3>\n<\/blockquote>\n<p class=\"p1\"><span class=\"s1\"><strong><a href=\"https:\/\/www.radiopiu.net\/wordpress\/la-presidente-di-confartigianato-claudia-scarzanella-parla-delle-sfide-territoriali-per-lanno-che-verra\/claudia-scarzanella-confartigianato\/\" rel=\"attachment wp-att-182277\"><img loading=\"lazy\" decoding=\"async\" class=\"size-medium wp-image-182277 alignleft\" src=\"https:\/\/www.radiopiu.net\/wordpress\/wp-content\/uploads\/2020\/12\/CLAUDIA-SCARZANELLA-CONFARTIGIANATO-300x236.png\" alt=\"\" width=\"300\" height=\"236\" srcset=\"https:\/\/www.radiopiu.net\/wordpress\/wp-content\/uploads\/2020\/12\/CLAUDIA-SCARZANELLA-CONFARTIGIANATO-300x236.png 300w, https:\/\/www.radiopiu.net\/wordpress\/wp-content\/uploads\/2020\/12\/CLAUDIA-SCARZANELLA-CONFARTIGIANATO-1024x804.png 1024w, https:\/\/www.radiopiu.net\/wordpress\/wp-content\/uploads\/2020\/12\/CLAUDIA-SCARZANELLA-CONFARTIGIANATO-768x603.png 768w, https:\/\/www.radiopiu.net\/wordpress\/wp-content\/uploads\/2020\/12\/CLAUDIA-SCARZANELLA-CONFARTIGIANATO.png 1042w\" sizes=\"auto, (max-width: 300px) 100vw, 300px\" \/><\/a>BELLUNO<\/strong> \u00ab<em>Le imprese artigiane del Bellunese sono in difficolt\u00e0 per il continuo aumento dei costi di materie prime, prodotti lavorati e semilavorati. Rischiamo prima di non poter lavorare per agganciare la ripresa post-Covid, e poi che l\u2019inflazione impedisca un reale ritorno alla normalit\u00e0 economica<\/em>\u00bb. Lancia l\u2019allarme Claudia Scarzanella, presidente di Confartigianato Belluno, raccogliendo il disagio di moltissimi imprenditori e artigiani bellunesi. Il problema del rincaro delle materie prime e dell\u2019allungamento dei tempi di consegna riguarda in particolare il sistema casa, l\u2019edilizia, la carpenteria metallica e il legno-arredo. Ma non c\u2019\u00e8 nessuna impresa che pu\u00f2 davvero chiamarsi fuori dalla questione, perch\u00e9 l\u2019aumento dei prezzi tocca sensibilmente anche il petrolio e i carburanti, con conseguenze che si allargano di conseguenza a tutto il mondo produttivo. <\/span><span class=\"s1\">Secondo l\u2019ultimo aggiornamento del Fondo Monetario Internazionale, a febbraio i metalli hanno visto crescere i prezzi complessivamente del 54% rispetto al 2020 (ferro +60%, rame e alluminio +20%, lamiere di acciaio +50%). Il prezzo del petrolio \u00e8 aumentato del 50%, quello delle plastiche, della gomma, e del legno del 10%.<\/span><\/p>\n<p>&nbsp;<\/p>\n<p>&nbsp;<\/p>\n<hr \/>\n<p>&nbsp;<\/p>\n<blockquote>\n<h3>PULIZIA DEL LAGO DI SANTA CROCE, LAVORI IN DIRITTURA D\u2019ARRIVO. GI\u00c0 NEI PROSSIMI GIORNI IL LIVELLO TORNER\u00c0 AD ALZARSI<\/h3>\n<\/blockquote>\n<p><strong>BELLUNO <\/strong><span class=\"s1\">Dopo alcune settimane di lavoro intenso, l\u2019operazione pulizia del lago di Santa Croce entra nella fase conclusiva. Il livello dell\u2019acqua \u00e8 stato tenuto pi\u00f9 basso del normale di 5-6 metri nell\u2019ultimo mese, in modo da consentire a uomini e mezzi di ripulire non solo le sponde, ma buona parte delle aree a ridosso delle rive. I lavori alla spiaggia di Farra sono praticamente conclusi e le operazioni si sono spostate nella zona del circolo velico, della Baia delle Sirene e del centro ittiogenico, dove ci sono ancora diversi tronchi e detriti da rimuovere. Ma gi\u00e0 dalla prossima settimana il livello torner\u00e0 ad alzarsi, in modo che il lago sia pronto ad affrontare la stagione turistica gi\u00e0 per fine maggio. \u00abO comunque non appena il quadro pandemico lo render\u00e0 possibile\u00bb spiega il consigliere provinciale Massimo Bortoluzzi, delegato alla difesa del suolo. <\/span><span class=\"s1\">\u00ab<em>In queste settimane abbiamo potuto portare avanti una pulizia preventiva che serve per la sicurezza dei canadair, come dimostra lo spegnimento dell\u2019incendio di Pozzale di Cadore. Senza la pulizia del lago, con tutti i tronchi spiaggiati che potevano tornare a galleggiare al centro del bacino in caso di innalzamento del livello, sarebbe stato complicato e pericoloso consentire ai canadair di utilizzare il corridoio di rifornimento. Corridoio che tra l\u2019altro \u00e8 stato controllato pi\u00f9 volte. Le condizioni di siccit\u00e0 di queste settimane dovrebbero vedere un netto miglioramento con il cambio meteorologico previsto. Ma poter disporre di un lago di rifornimento in totale sicurezza era e rimane una delle priorit\u00e0. L\u2019altra priorit\u00e0 \u00e8 legata al turismo e all\u2019importanza che il lago riveste per l\u2019economia locale. Proprio per questo abbiamo velocizzato le operazioni e d\u2019accordo con Enel gi\u00e0 la prossima settimana il livello dell\u2019acqua potr\u00e0 tornare ad alzarsi, fino a raggiungere la normalit\u00e0 nel giro di qualche settimana<\/em>\u00bb. <\/span><span class=\"s1\">La Provincia, una volta conclusa la pulizia \u201cdi primavera\u201d ha intenzione di programmare gi\u00e0 un intervento anche per l\u2019autunno. \u00ab<em>In questo modo potremo lavorare di nuovo sulle sponde, al termine della stagione turistica &#8211; conclude il consigliere Bortoluzzi -. Si tratta di prevenzione per evitare un nuovo accumulo di tronchi e detriti<\/em>\u00bb.<\/span><\/p>\n\n\t\t\t<style type='text\/css'>\n\t\t\t\t#gallery-7 {\n\t\t\t\t\tmargin: auto;\n\t\t\t\t}\n\t\t\t\t#gallery-7 .gallery-item {\n\t\t\t\t\tfloat: left;\n\t\t\t\t\tmargin-top: 10px;\n\t\t\t\t\ttext-align: center;\n\t\t\t\t\twidth: 33%;\n\t\t\t\t}\n\t\t\t\t#gallery-7 img {\n\t\t\t\t\tborder: 2px solid #cfcfcf;\n\t\t\t\t}\n\t\t\t\t#gallery-7 .gallery-caption {\n\t\t\t\t\tmargin-left: 0;\n\t\t\t\t}\n\t\t\t\t\/* see gallery_shortcode() in wp-includes\/media.php *\/\n\t\t\t<\/style>\n\t\t<div id='gallery-7' class='dt-gallery-container gallery galleryid-202606 gallery-columns-3 gallery-size-medium'><dl class='gallery-item'>\n\t\t\t\t<dt class='gallery-icon landscape'>\n\t\t\t\t\t<a class=\"rollover rollover-zoom dt-pswp-item\" title=\"901efb29-ced1-4e31-b16e-689c42a770c6\" data-dt-img-description=\"\" data-large_image_width=\"1599\" data-large_image_height=\"1003\"href='https:\/\/www.radiopiu.net\/wordpress\/wp-content\/uploads\/2021\/04\/901efb29-ced1-4e31-b16e-689c42a770c6.jpg'><img loading=\"lazy\" decoding=\"async\" width=\"300\" height=\"188\" src=\"https:\/\/www.radiopiu.net\/wordpress\/wp-content\/uploads\/2021\/04\/901efb29-ced1-4e31-b16e-689c42a770c6-300x188.jpg\" class=\"attachment-medium size-medium\" alt=\"\" srcset=\"https:\/\/www.radiopiu.net\/wordpress\/wp-content\/uploads\/2021\/04\/901efb29-ced1-4e31-b16e-689c42a770c6-300x188.jpg 300w, https:\/\/www.radiopiu.net\/wordpress\/wp-content\/uploads\/2021\/04\/901efb29-ced1-4e31-b16e-689c42a770c6-1024x642.jpg 1024w, https:\/\/www.radiopiu.net\/wordpress\/wp-content\/uploads\/2021\/04\/901efb29-ced1-4e31-b16e-689c42a770c6-768x482.jpg 768w, https:\/\/www.radiopiu.net\/wordpress\/wp-content\/uploads\/2021\/04\/901efb29-ced1-4e31-b16e-689c42a770c6-1536x963.jpg 1536w, https:\/\/www.radiopiu.net\/wordpress\/wp-content\/uploads\/2021\/04\/901efb29-ced1-4e31-b16e-689c42a770c6.jpg 1599w\" sizes=\"auto, (max-width: 300px) 100vw, 300px\" \/><\/a>\n\t\t\t\t<\/dt><\/dl><dl class='gallery-item'>\n\t\t\t\t<dt class='gallery-icon landscape'>\n\t\t\t\t\t<a class=\"rollover rollover-zoom dt-pswp-item\" title=\"PHOTO-2021-04-10-14-29-37\" data-dt-img-description=\"\" data-large_image_width=\"1600\" data-large_image_height=\"1200\"href='https:\/\/www.radiopiu.net\/wordpress\/wp-content\/uploads\/2021\/04\/PHOTO-2021-04-10-14-29-37.jpg'><img loading=\"lazy\" decoding=\"async\" width=\"300\" height=\"225\" src=\"https:\/\/www.radiopiu.net\/wordpress\/wp-content\/uploads\/2021\/04\/PHOTO-2021-04-10-14-29-37-300x225.jpg\" class=\"attachment-medium size-medium\" alt=\"\" srcset=\"https:\/\/www.radiopiu.net\/wordpress\/wp-content\/uploads\/2021\/04\/PHOTO-2021-04-10-14-29-37-300x225.jpg 300w, https:\/\/www.radiopiu.net\/wordpress\/wp-content\/uploads\/2021\/04\/PHOTO-2021-04-10-14-29-37-1024x768.jpg 1024w, https:\/\/www.radiopiu.net\/wordpress\/wp-content\/uploads\/2021\/04\/PHOTO-2021-04-10-14-29-37-768x576.jpg 768w, https:\/\/www.radiopiu.net\/wordpress\/wp-content\/uploads\/2021\/04\/PHOTO-2021-04-10-14-29-37-1536x1152.jpg 1536w, https:\/\/www.radiopiu.net\/wordpress\/wp-content\/uploads\/2021\/04\/PHOTO-2021-04-10-14-29-37.jpg 1600w\" sizes=\"auto, (max-width: 300px) 100vw, 300px\" \/><\/a>\n\t\t\t\t<\/dt><\/dl><dl class='gallery-item'>\n\t\t\t\t<dt class='gallery-icon landscape'>\n\t\t\t\t\t<a class=\"rollover rollover-zoom dt-pswp-item\" title=\"PHOTO-2021-04-10-14-29-39\" data-dt-img-description=\"\" data-large_image_width=\"1600\" data-large_image_height=\"1200\"href='https:\/\/www.radiopiu.net\/wordpress\/wp-content\/uploads\/2021\/04\/PHOTO-2021-04-10-14-29-39.jpg'><img loading=\"lazy\" decoding=\"async\" width=\"300\" height=\"225\" src=\"https:\/\/www.radiopiu.net\/wordpress\/wp-content\/uploads\/2021\/04\/PHOTO-2021-04-10-14-29-39-300x225.jpg\" class=\"attachment-medium size-medium\" alt=\"\" srcset=\"https:\/\/www.radiopiu.net\/wordpress\/wp-content\/uploads\/2021\/04\/PHOTO-2021-04-10-14-29-39-300x225.jpg 300w, https:\/\/www.radiopiu.net\/wordpress\/wp-content\/uploads\/2021\/04\/PHOTO-2021-04-10-14-29-39-1024x768.jpg 1024w, https:\/\/www.radiopiu.net\/wordpress\/wp-content\/uploads\/2021\/04\/PHOTO-2021-04-10-14-29-39-768x576.jpg 768w, https:\/\/www.radiopiu.net\/wordpress\/wp-content\/uploads\/2021\/04\/PHOTO-2021-04-10-14-29-39-1536x1152.jpg 1536w, https:\/\/www.radiopiu.net\/wordpress\/wp-content\/uploads\/2021\/04\/PHOTO-2021-04-10-14-29-39.jpg 1600w\" sizes=\"auto, (max-width: 300px) 100vw, 300px\" \/><\/a>\n\t\t\t\t<\/dt><\/dl><br style=\"clear: both\" \/><dl class='gallery-item'>\n\t\t\t\t<dt class='gallery-icon landscape'>\n\t\t\t\t\t<a class=\"rollover rollover-zoom dt-pswp-item\" title=\"PHOTO-2021-04-10-14-29-39[3]\" data-dt-img-description=\"\" data-large_image_width=\"1600\" data-large_image_height=\"1200\"href='https:\/\/www.radiopiu.net\/wordpress\/wp-content\/uploads\/2021\/04\/PHOTO-2021-04-10-14-29-393.jpg'><img loading=\"lazy\" decoding=\"async\" width=\"300\" height=\"225\" src=\"https:\/\/www.radiopiu.net\/wordpress\/wp-content\/uploads\/2021\/04\/PHOTO-2021-04-10-14-29-393-300x225.jpg\" class=\"attachment-medium size-medium\" alt=\"\" srcset=\"https:\/\/www.radiopiu.net\/wordpress\/wp-content\/uploads\/2021\/04\/PHOTO-2021-04-10-14-29-393-300x225.jpg 300w, https:\/\/www.radiopiu.net\/wordpress\/wp-content\/uploads\/2021\/04\/PHOTO-2021-04-10-14-29-393-1024x768.jpg 1024w, https:\/\/www.radiopiu.net\/wordpress\/wp-content\/uploads\/2021\/04\/PHOTO-2021-04-10-14-29-393-768x576.jpg 768w, https:\/\/www.radiopiu.net\/wordpress\/wp-content\/uploads\/2021\/04\/PHOTO-2021-04-10-14-29-393-1536x1152.jpg 1536w, https:\/\/www.radiopiu.net\/wordpress\/wp-content\/uploads\/2021\/04\/PHOTO-2021-04-10-14-29-393.jpg 1600w\" sizes=\"auto, (max-width: 300px) 100vw, 300px\" \/><\/a>\n\t\t\t\t<\/dt><\/dl><dl class='gallery-item'>\n\t\t\t\t<dt class='gallery-icon landscape'>\n\t\t\t\t\t<a class=\"rollover rollover-zoom dt-pswp-item\" title=\"PHOTO-2021-04-10-14-29-40\" data-dt-img-description=\"\" data-large_image_width=\"1600\" data-large_image_height=\"1200\"href='https:\/\/www.radiopiu.net\/wordpress\/wp-content\/uploads\/2021\/04\/PHOTO-2021-04-10-14-29-40.jpg'><img loading=\"lazy\" decoding=\"async\" width=\"300\" height=\"225\" src=\"https:\/\/www.radiopiu.net\/wordpress\/wp-content\/uploads\/2021\/04\/PHOTO-2021-04-10-14-29-40-300x225.jpg\" class=\"attachment-medium size-medium\" alt=\"\" srcset=\"https:\/\/www.radiopiu.net\/wordpress\/wp-content\/uploads\/2021\/04\/PHOTO-2021-04-10-14-29-40-300x225.jpg 300w, https:\/\/www.radiopiu.net\/wordpress\/wp-content\/uploads\/2021\/04\/PHOTO-2021-04-10-14-29-40-1024x768.jpg 1024w, https:\/\/www.radiopiu.net\/wordpress\/wp-content\/uploads\/2021\/04\/PHOTO-2021-04-10-14-29-40-768x576.jpg 768w, https:\/\/www.radiopiu.net\/wordpress\/wp-content\/uploads\/2021\/04\/PHOTO-2021-04-10-14-29-40-1536x1152.jpg 1536w, https:\/\/www.radiopiu.net\/wordpress\/wp-content\/uploads\/2021\/04\/PHOTO-2021-04-10-14-29-40.jpg 1600w\" sizes=\"auto, (max-width: 300px) 100vw, 300px\" \/><\/a>\n\t\t\t\t<\/dt><\/dl><dl class='gallery-item'>\n\t\t\t\t<dt class='gallery-icon landscape'>\n\t\t\t\t\t<a class=\"rollover rollover-zoom dt-pswp-item\" title=\"PHOTO-2021-04-10-14-30-23\" data-dt-img-description=\"\" data-large_image_width=\"1600\" data-large_image_height=\"1200\"href='https:\/\/www.radiopiu.net\/wordpress\/wp-content\/uploads\/2021\/04\/PHOTO-2021-04-10-14-30-23.jpg'><img loading=\"lazy\" decoding=\"async\" width=\"300\" height=\"225\" src=\"https:\/\/www.radiopiu.net\/wordpress\/wp-content\/uploads\/2021\/04\/PHOTO-2021-04-10-14-30-23-300x225.jpg\" class=\"attachment-medium size-medium\" alt=\"\" srcset=\"https:\/\/www.radiopiu.net\/wordpress\/wp-content\/uploads\/2021\/04\/PHOTO-2021-04-10-14-30-23-300x225.jpg 300w, https:\/\/www.radiopiu.net\/wordpress\/wp-content\/uploads\/2021\/04\/PHOTO-2021-04-10-14-30-23-1024x768.jpg 1024w, https:\/\/www.radiopiu.net\/wordpress\/wp-content\/uploads\/2021\/04\/PHOTO-2021-04-10-14-30-23-768x576.jpg 768w, https:\/\/www.radiopiu.net\/wordpress\/wp-content\/uploads\/2021\/04\/PHOTO-2021-04-10-14-30-23-1536x1152.jpg 1536w, https:\/\/www.radiopiu.net\/wordpress\/wp-content\/uploads\/2021\/04\/PHOTO-2021-04-10-14-30-23.jpg 1600w\" sizes=\"auto, (max-width: 300px) 100vw, 300px\" \/><\/a>\n\t\t\t\t<\/dt><\/dl><br style=\"clear: both\" \/>\n\t\t\t<\/div>\n\n<p>&nbsp;<\/p>\n<p>&nbsp;<\/p>\n<hr \/>\n<p>&nbsp;<\/p>\n<blockquote>\n<h3>VIA PELLEGRINI E VIA DOGLIONI. AL VIA MARTED\u00cc I LAVORI AI MARCIAPIEDI<\/h3>\n<\/blockquote>\n<p><strong><a href=\"https:\/\/www.radiopiu.net\/wordpress\/lambioi\/whatsapp-image-2020-06-14-at-12-43-39\/\" rel=\"attachment wp-att-144750\"><img loading=\"lazy\" decoding=\"async\" class=\"size-medium wp-image-144750 alignleft\" src=\"https:\/\/www.radiopiu.net\/wordpress\/wp-content\/uploads\/2020\/06\/WhatsApp-Image-2020-06-14-at-12.43.39-300x225.jpeg\" alt=\"\" width=\"300\" height=\"225\" srcset=\"https:\/\/www.radiopiu.net\/wordpress\/wp-content\/uploads\/2020\/06\/WhatsApp-Image-2020-06-14-at-12.43.39-300x225.jpeg 300w, https:\/\/www.radiopiu.net\/wordpress\/wp-content\/uploads\/2020\/06\/WhatsApp-Image-2020-06-14-at-12.43.39-768x576.jpeg 768w, https:\/\/www.radiopiu.net\/wordpress\/wp-content\/uploads\/2020\/06\/WhatsApp-Image-2020-06-14-at-12.43.39.jpeg 960w\" sizes=\"auto, (max-width: 300px) 100vw, 300px\" \/><\/a>BELLUNO <\/strong>\u00c8 prevista per domani la consegna dei lavori di rifacimento dei marciapiedi di Via Pellegrini e Via Doglioni; il tempo previsto per l&#8217;ultimazione dei lavori \u00e8 di 60 giorni. \u00a0L&#8217;intervento prevede la rimozione e successiva posa di oltre 800 metri di cordonate stradali (pi\u00f9 di 660 in Via Pellegrini, circa 150 in Via Doglioni), la realizzazione di scivoli di accesso ai marciapiedi, la \u201cposa di cavidotti e corda in rame elettrolitica\u201d a servizio dell&#8217;impianto di illuminazione pubblica, la messa in quota dei chiusini e l&#8217;asfaltatura del marciapiede. Per questo, almeno fino al 12 giugno e comunque fino al termine dei lavori, la viabilit\u00e0 nelle due vie sar\u00e0 cos\u00ec modificata: restringimento della carreggiata con istituzione del senso unico alternato regolato da semaforo e, in caso di traffico particolarmente intenso, da idoneo personale, nei tratti di strada interessati dai lavori a seconda dello stato di avanzamento del cantiere; istituzione del limite di velocit\u00e0 di 30 km\/h, nonch\u00e9 del divieto di sorpasso in corrispondenza dell\u2019area di cantiere; la chiusura e relativa interdizione al transito pedonale, nei tratti di marciapiede interessati dai lavori. Una volta ultimati questi interventi, il cantiere si sposter\u00e0 in Via Faverga, dove ad essere interessati dai lavori saranno circa 100 metri di marciapiede. L&#8217;importo complessivo delle tre opere \u00e8 di 146mila euro.<\/p>\n<p>&nbsp;<\/p>\n<p>&nbsp;<\/p>\n<hr \/>\n<p>&nbsp;<\/p>\n<blockquote>\n<h3>IL SAP DI BELLUNO A &#8220;UN PASSO DAL CIELO&#8221;<\/h3>\n<\/blockquote>\n<p><strong>BELLUNO <\/strong>Nella seconda puntata della popolare fiction trasmessa gioved\u00ec sera su Rai Uno, ambientata tra i nostri incantevoli paesaggi dolomitici, ha fatto capolino l&#8217;immagine del SAP. In alcune scene, infatti, campeggiavano in bella mostra i calendari del SAP Veneto, quattro numeri dell&#8217;apprezzata serie che da 18 anni il creativo Federico Vanin realizza per la segreteria regionale. Significativo il fatto che questi calendari, appesi nella stanza di una giovane aspirante poliziotta, siano serviti per rappresentare la passione per la professione. Un simpatico cameo, reso possibile dalla segreteria provinciale che si \u00e8 messa a disposizione nella troupe, per un SAP che anche nei contesti meno usuali si dimostra sempre all&#8217;altezza, a un passo dal cielo appunto.<\/p>\n\n\t\t\t<style type='text\/css'>\n\t\t\t\t#gallery-8 {\n\t\t\t\t\tmargin: auto;\n\t\t\t\t}\n\t\t\t\t#gallery-8 .gallery-item {\n\t\t\t\t\tfloat: left;\n\t\t\t\t\tmargin-top: 10px;\n\t\t\t\t\ttext-align: center;\n\t\t\t\t\twidth: 25%;\n\t\t\t\t}\n\t\t\t\t#gallery-8 img {\n\t\t\t\t\tborder: 2px solid #cfcfcf;\n\t\t\t\t}\n\t\t\t\t#gallery-8 .gallery-caption {\n\t\t\t\t\tmargin-left: 0;\n\t\t\t\t}\n\t\t\t\t\/* see gallery_shortcode() in wp-includes\/media.php *\/\n\t\t\t<\/style>\n\t\t<div id='gallery-8' class='dt-gallery-container gallery galleryid-202606 gallery-columns-4 gallery-size-medium'><dl class='gallery-item'>\n\t\t\t\t<dt class='gallery-icon landscape'>\n\t\t\t\t\t<a class=\"rollover rollover-zoom dt-pswp-item\" title=\"171816207_3997276297025820_3015534917689097490_n\" data-dt-img-description=\"\" data-large_image_width=\"1024\" data-large_image_height=\"513\"href='https:\/\/www.radiopiu.net\/wordpress\/wp-content\/uploads\/2021\/04\/171816207_3997276297025820_3015534917689097490_n.jpg'><img loading=\"lazy\" decoding=\"async\" width=\"300\" height=\"150\" src=\"https:\/\/www.radiopiu.net\/wordpress\/wp-content\/uploads\/2021\/04\/171816207_3997276297025820_3015534917689097490_n-300x150.jpg\" class=\"attachment-medium size-medium\" alt=\"\" srcset=\"https:\/\/www.radiopiu.net\/wordpress\/wp-content\/uploads\/2021\/04\/171816207_3997276297025820_3015534917689097490_n-300x150.jpg 300w, https:\/\/www.radiopiu.net\/wordpress\/wp-content\/uploads\/2021\/04\/171816207_3997276297025820_3015534917689097490_n-768x385.jpg 768w, https:\/\/www.radiopiu.net\/wordpress\/wp-content\/uploads\/2021\/04\/171816207_3997276297025820_3015534917689097490_n.jpg 1024w\" sizes=\"auto, (max-width: 300px) 100vw, 300px\" \/><\/a>\n\t\t\t\t<\/dt><\/dl><dl class='gallery-item'>\n\t\t\t\t<dt class='gallery-icon landscape'>\n\t\t\t\t\t<a class=\"rollover rollover-zoom dt-pswp-item\" title=\"171783617_3997276450359138_563752703791443255_n\" data-dt-img-description=\"\" data-large_image_width=\"1024\" data-large_image_height=\"514\"href='https:\/\/www.radiopiu.net\/wordpress\/wp-content\/uploads\/2021\/04\/171783617_3997276450359138_563752703791443255_n.jpg'><img loading=\"lazy\" decoding=\"async\" width=\"300\" height=\"151\" src=\"https:\/\/www.radiopiu.net\/wordpress\/wp-content\/uploads\/2021\/04\/171783617_3997276450359138_563752703791443255_n-300x151.jpg\" class=\"attachment-medium size-medium\" alt=\"\" srcset=\"https:\/\/www.radiopiu.net\/wordpress\/wp-content\/uploads\/2021\/04\/171783617_3997276450359138_563752703791443255_n-300x151.jpg 300w, https:\/\/www.radiopiu.net\/wordpress\/wp-content\/uploads\/2021\/04\/171783617_3997276450359138_563752703791443255_n-768x386.jpg 768w, https:\/\/www.radiopiu.net\/wordpress\/wp-content\/uploads\/2021\/04\/171783617_3997276450359138_563752703791443255_n.jpg 1024w\" sizes=\"auto, (max-width: 300px) 100vw, 300px\" \/><\/a>\n\t\t\t\t<\/dt><\/dl><dl class='gallery-item'>\n\t\t\t\t<dt class='gallery-icon landscape'>\n\t\t\t\t\t<a class=\"rollover rollover-zoom dt-pswp-item\" title=\"171760985_3997282367025213_2234043737498722185_n\" data-dt-img-description=\"\" data-large_image_width=\"1024\" data-large_image_height=\"513\"href='https:\/\/www.radiopiu.net\/wordpress\/wp-content\/uploads\/2021\/04\/171760985_3997282367025213_2234043737498722185_n.jpg'><img loading=\"lazy\" decoding=\"async\" width=\"300\" height=\"150\" src=\"https:\/\/www.radiopiu.net\/wordpress\/wp-content\/uploads\/2021\/04\/171760985_3997282367025213_2234043737498722185_n-300x150.jpg\" class=\"attachment-medium size-medium\" alt=\"\" srcset=\"https:\/\/www.radiopiu.net\/wordpress\/wp-content\/uploads\/2021\/04\/171760985_3997282367025213_2234043737498722185_n-300x150.jpg 300w, https:\/\/www.radiopiu.net\/wordpress\/wp-content\/uploads\/2021\/04\/171760985_3997282367025213_2234043737498722185_n-768x385.jpg 768w, https:\/\/www.radiopiu.net\/wordpress\/wp-content\/uploads\/2021\/04\/171760985_3997282367025213_2234043737498722185_n.jpg 1024w\" sizes=\"auto, (max-width: 300px) 100vw, 300px\" \/><\/a>\n\t\t\t\t<\/dt><\/dl><dl class='gallery-item'>\n\t\t\t\t<dt class='gallery-icon landscape'>\n\t\t\t\t\t<a class=\"rollover rollover-zoom dt-pswp-item\" title=\"172165506_3997282483691868_861574782084682222_n\" data-dt-img-description=\"\" data-large_image_width=\"1024\" data-large_image_height=\"514\"href='https:\/\/www.radiopiu.net\/wordpress\/wp-content\/uploads\/2021\/04\/172165506_3997282483691868_861574782084682222_n.jpg'><img loading=\"lazy\" decoding=\"async\" width=\"300\" height=\"151\" src=\"https:\/\/www.radiopiu.net\/wordpress\/wp-content\/uploads\/2021\/04\/172165506_3997282483691868_861574782084682222_n-300x151.jpg\" class=\"attachment-medium size-medium\" alt=\"\" srcset=\"https:\/\/www.radiopiu.net\/wordpress\/wp-content\/uploads\/2021\/04\/172165506_3997282483691868_861574782084682222_n-300x151.jpg 300w, https:\/\/www.radiopiu.net\/wordpress\/wp-content\/uploads\/2021\/04\/172165506_3997282483691868_861574782084682222_n-768x386.jpg 768w, https:\/\/www.radiopiu.net\/wordpress\/wp-content\/uploads\/2021\/04\/172165506_3997282483691868_861574782084682222_n.jpg 1024w\" sizes=\"auto, (max-width: 300px) 100vw, 300px\" \/><\/a>\n\t\t\t\t<\/dt><\/dl><br style=\"clear: both\" \/>\n\t\t\t<\/div>\n\n<p>&nbsp;<\/p>\n<hr \/>\n<p>&nbsp;<\/p>\n<blockquote>\n<h3>CAUSA COVID: QUASI UNA IMPRESA VENETA SU DUE E\u2019 A RISCHIO<\/h3>\n<\/blockquote>\n<p><strong><a href=\"https:\/\/www.radiopiu.net\/wordpress\/giornale-radio-piu-edizione-del-13-dicembre-2017-direttore-mirko-mezzacasa\/cgia-ok\/\" rel=\"attachment wp-att-39837\"><img loading=\"lazy\" decoding=\"async\" class=\"size-medium wp-image-39837 alignleft\" src=\"https:\/\/www.radiopiu.net\/wordpress\/wp-content\/uploads\/2017\/12\/CGIA-OK-300x161.png\" alt=\"\" width=\"300\" height=\"161\" \/><\/a>MESTRE <\/strong>Sebbene entrambi le percentuali siano leggermente al di sotto della media nazionale, a causa della crisi economica legata al Covid sono ad alto e medio-alto rischio operativo quasi il 50 per cento delle imprese venete; realt\u00e0 che danno lavoro a poco pi\u00f9 del 30 per cento degli addetti presenti nella nostra regione. La denuncia \u00e8 sollevata dall\u2019Ufficio studi della CGIA dopo aver letto i dati presentati nelle settimane scorse dall\u2019Istat. A livello territoriale il rischio tenuta investe, in particolar modo, tutto il litorale adriatico, che va da Bibione fino a Rosolina Mare, l\u2019Altopiano di Asiago e i comuni del Garda. Tutte realt\u00e0 che vivono quasi esclusivamente di turismo. L\u2019Ufficio studi della CGIA precisa che questo 50 per cento circa di aziende venete in seria difficolt\u00e0 ha manifestato\u00a0 forti perdite di fatturato, ha denunciato di non avere una strategia di risposta alla crisi e prevede seri rischi operativi.<\/p>\n<p><strong>Quali risposte ? Stop alle tasse e rimborsi pi\u00f9 pesanti<\/strong><\/p>\n<p>Per aiutare seriamente chi si trova in difficolt\u00e0, il Governo deve abbandonare \u00a0la politica dei micro aiuti attuata fino adesso, sostituendola con misure straordinarie in grado di mitigare gli effetti negativi che la crisi pandemica sta producendo. Vista l\u2019urgenza, secondo l\u2019Ufficio studi della CGIA \u00e8 necessario, ad esempio, \u201capplicare\u201d per l\u2019anno in corso il lockdown alle tasse erariali ed erogare rimborsi pi\u00f9 pesanti rispetto a quelli distribuiti fino ad ora. Gli artigiani mestrini stimano in altri 80 miliardi di euro le risorse che il Governo dovrebbe mettere in campo a livello nazionale entro la fine di luglio per salvare le attivit\u00e0 economiche colpite dalla crisi pandemica. Salvo l\u2019avvento di nuove varianti, grazie alle condizioni climatiche e alla campagna vaccinale, molto probabilmente in piena estate\u00a0 dovremmo essere quasi definitivamente tornati alla \u201cnormalit\u00e0\u201d, ovvero alla situazione pre Covid.<\/p>\n<p><strong>Il lockdown alle tasse costerebbe 28 miliardi<\/strong><\/p>\n<p>Per evitare che i sostegni che verranno erogati nei prossimi mesi alle imprese siano utilizzati da quest\u2019ultime per pagare imposte e contributi, \u00e8 necessario \u201cimporre\u201d il <em>lockdown <\/em>alle tasse erariali, consentendo alle partite Iva e alle piccole imprese di risparmiare\u00a0 quest\u2019anno attorno 28 miliardi di euro. Un importo di dimensioni importanti che, ovviamente, potrebbe essere ridimensionato consentendo l\u2019azzeramento del peso fiscale solo alle attivit\u00e0 con ricavi al di sotto di una certa soglia o sulla base della perdita di fatturato. Questo mancato gettito di 28 miliardi \u00e8 stato stimato ipotizzando di consentire a tutte le attivit\u00e0 economiche con un fatturato 2019 al di sotto del milione di euro di non versare per l\u2019anno in corso l\u2019Irpef, l\u2019Ires e l\u2019Imu sui capannoni. Queste aziende, che ammontano a circa 4,9 milioni di unit\u00e0 (pari all\u201989 per cento circa del totale nazionale), dovrebbero comunque versare le tasse locali, in modo tale da non arrecare problemi di liquidit\u00e0 ai Sindaci e ai Presidenti di regione. Alleggeriti dal peso di un fisco spesso ingiusto, per un anno vivrebbero con meno ansia, meno\u00a0 stress e pi\u00f9 serenit\u00e0. Non solo, ma con 28 miliardi risparmiati metteremo le basi per far ripartire l\u2019economia del Paese.<\/p>\n<p><strong>50 miliardi per rimborsi e la copertura dei costi fissi<\/strong><\/p>\n<p>Il Premier Draghi l\u2019ha dichiarato nelle settimane scorse: &#8220;Questo \u00e8 un anno in cui non si chiedono soldi, ma si danno&#8221;. Un\u2019affermazione condivisibile che l\u2019Ufficio studi della CGIA invita ad attuare in tempi ragionevolmente brevi. Oltre all\u2019azzeramento delle tasse, auspica che l\u2019esecutivo metta sul tavolo almeno altri 50 miliardi di euro entro luglio che consentano di rimborsare in misura maggiore le perdite subite dalle aziende e \u00a0permettano di compensare anche una buona parte dei costi fissi sostenuti. Modalit\u00e0, quest\u2019ultima, \u00a0che la Francia e la Germania hanno applicato da alcuni mesi, avendo recepito le nuove disposizioni introdotte\u00a0 dall\u2019UE in materia di aiuti di stato alle imprese. Costi, quelli fissi (come gli affitti, le assicurazioni, le utenze, etc.) che, nonostante l\u2019obbligo di chiusura e il conseguente azzeramento dei ricavi, le attivit\u00e0 economiche continuano purtroppo a sostenere.<\/p>\n<p>&nbsp;<\/p>\n<\/div>\n<\/div>\n<\/div>\n<p>&nbsp;<\/p>\n<hr \/>\n<p>&nbsp;<\/p>\n<blockquote>\n<h2>LOCKDOWN ALLE TASSE E RIMBORSI PIU\u2019 PESANTI PER ALTRI 80 MILIARDI DI EURO<\/h2>\n<\/blockquote>\n<p><a class=\"dt-pswp-item\" href=\"https:\/\/www.radiopiu.net\/wordpress\/wp-content\/uploads\/2021\/04\/Schermata-2021-04-10-alle-14.07.24.png\" data-dt-img-description=\"\" data-large_image_width=\"578\" data-large_image_height=\"488\"><img loading=\"lazy\" decoding=\"async\" class=\"alignleft size-medium wp-image-202525\" src=\"https:\/\/www.radiopiu.net\/wordpress\/wp-content\/uploads\/2021\/04\/Schermata-2021-04-10-alle-14.07.24-300x253.png\" alt=\"\" width=\"300\" height=\"253\" srcset=\"https:\/\/www.radiopiu.net\/wordpress\/wp-content\/uploads\/2021\/04\/Schermata-2021-04-10-alle-14.07.24-300x253.png 300w, https:\/\/www.radiopiu.net\/wordpress\/wp-content\/uploads\/2021\/04\/Schermata-2021-04-10-alle-14.07.24.png 578w\" sizes=\"auto, (max-width: 300px) 100vw, 300px\" \/><\/a>Per allentare la tensione sociale sempre pi\u00f9 diffusa in molte categorie del lavoro autonomo, il Governo deve abbandonare la politica dei micro aiuti attuata fino adesso, sostituendola con misure straordinarie in grado di mitigare gli effetti negativi che la crisi pandemica sta producendo. Vista l\u2019urgenza, secondo l\u2019Ufficio studi della CGIA \u00e8 necessario, ad esempio, \u201capplicare\u201d per l\u2019anno in corso il lockdown alle tasse erariali ed erogare rimborsi pi\u00f9 pesanti rispetto a quelli distribuiti fino ad ora. Gli artigiani mestrini stimano in altri 80 miliardi di euro le risorse che il Governo dovrebbe mettere in campo entro la fine di luglio per salvare le attivit\u00e0 economiche colpite dalla crisi pandemica. Salvo l\u2019avvento di nuove varianti, grazie alle condizioni climatiche e alla campagna vaccinale, molto probabilmente in piena estate dovremmo essere quasi definitivamente tornati alla \u201cnormalit\u00e0\u201d, ovvero alla situazione pre Covid.<\/p>\n<p><strong>Il lockdown alle tasse costerebbe 28 miliardi<\/strong><br \/>\nPer evitare che i sostegni che verranno erogati nei prossimi mesi alle imprese siano utilizzati da quest\u2019ultime per pagare imposte e contributi, \u00e8 necessario \u201cimporre\u201d il lockdown alle tasse erariali, consentendo alle partite Iva e alle piccole imprese di risparmiare quest\u2019anno attorno 28 miliardi di euro. Un importo di dimensioni importanti che, ovviamente, potrebbe essere ridimensionato consentendo l\u2019azzeramento del peso fiscale solo alle attivit\u00e0 con ricavi al di sotto di una certa soglia o sulla base della perdita di fatturato. Questo mancato gettito di 28 miliardi \u00e8 stato stimato ipotizzando di consentire a tutte le attivit\u00e0 economiche con un fatturato 2019 al di sotto del milione di euro di non versare per l\u2019anno in corso l\u2019Irpef, l\u2019Ires e l\u2019Imu sui capannoni. Queste aziende, che ammontano a circa 4,9 milioni di unit\u00e0 (pari all\u201989 per cento circa del totale nazionale), dovrebbero comunque versare le tasse locali, in modo tale da non arrecare problemi di liquidit\u00e0 ai Sindaci e ai Presidenti di regione. Alleggeriti dal peso di un fisco spesso ingiusto, per un anno vivrebbero con meno ansia, meno stress e pi\u00f9 serenit\u00e0. Non solo, ma con 28 miliardi risparmiati metteremo le basi per far ripartire l\u2019economia del Paese.<\/p>\n<p><strong>50 miliardi per rimborsi e la copertura dei costi fissi<\/strong><br \/>\nIl Premier Draghi l\u2019ha dichiarato nelle settimane scorse: &#8220;Questo \u00e8 un anno in cui non si chiedono soldi, ma si danno&#8221;. Un\u2019affermazione condivisibile che l\u2019Ufficio studi della CGIA invita ad attuare in tempi ragionevolmente brevi. Oltre all\u2019azzeramento delle tasse, auspica che l\u2019esecutivo metta sul tavolo almeno altri 50 miliardi di euro entro luglio che consentano di rimborsare in misura maggiore le perdite subite dalle aziende e permettano di compensare anche una buona parte dei costi fissi sostenuti. Modalit\u00e0, quest\u2019ultima, che la Francia e la Germania hanno applicato da alcuni mesi, avendo recepito le nuove disposizioni introdotte dall\u2019UE in materia di aiuti di stato alle imprese. Costi, quelli fissi (come gli affitti, le assicurazioni, le utenze, etc.) che, nonostante l\u2019obbligo di chiusura e il conseguente azzeramento dei ricavi, le attivit\u00e0 economiche continuano purtroppo a sostenere.<\/p>\n<p><strong>Altri 80 miliardi che si sommano ai 65 gi\u00e0 stanziati<\/strong><br \/>\nIn questo anno di Covid i governi Conte e Draghi hanno messo a disposizione delle imprese italiane 64,7 miliardi di euro di aiuti diretti. Soldi che in buona parte devono essere ancora erogati. L\u2019Ufficio studi della CGIA stima che fino a ora gli imprenditori italiani hanno beneficiato di 27 miliardi di euro, mentre le risorse ascrivibili alla legge di Bilancio 2021 e quelle riconducibili al \u201cdecreto Sostegni\u201d espleteranno i propri effetti principalmente nel corso di quest\u2019anno. Gli 80 miliardi aggiuntivi proposti in questa nota porterebbero l\u2019ammontare dei sostegni diretti alle imprese a una cifra che sfiorerebbe i 145 miliardi di euro. Un importo che inciderebbe meno dell\u20198 per cento sulla spesa pubblica sostenuta dall\u2019Italia nel biennio 2020-2021.<\/p>\n<p><strong>Il 60 per cento delle piccole imprese \u00e8 a rischio<\/strong><br \/>\nDall\u2019indagine Istat tenutasi verso la fine del 2020, il 62 per cento delle imprese intervistate ha dichiarato che prevedeva una diminuzione dei ricavi anche nei primi 6 mesi del 2021. La crisi, comunque, ha colpito soprattutto le piccole imprese. Quasi il 60 per cento delle realt\u00e0 imprenditoriali con meno di 50 addetti ha segnalato di essere a forte rischio: gli effetti di questa situazione sarebbero da ascrivere a problemi di liquidit\u00e0 (58,1 per cento) e alla caduta della domanda interna (34,1 per cento). Le difficolt\u00e0 delle piccole imprese sono presenti in tutti i settori produttivi, ma risultano relativamente pi\u00f9 diffuse nelle costruzioni, nel commercio, nella ristorazione, nell\u2019attivit\u00e0 di intrattenimento e nei servizi alla persona. La loro distribuzione sul territorio le vede concentrate in particolar modo in 11 regioni: sette sono collocate nel Sud, una nel Nord (provincia autonoma di Bolzano) e tre nel Centro Italia (Lazio, Umbria e Toscana).<\/p>\n<p><strong>Pi\u00f9 debito pubblico per salvare l\u2019economia<\/strong><br \/>\nI dati richiamati pi\u00f9 sopra non lasciano dubbi: se non aiutiamo i piccoli imprenditori, questi ultimi rischiano di chiudere definitivamente e con loro una buona parte dei dipendenti privati rischia di trovarsi per strada. Rammentiamo che nelle aziende con meno di 50 addetti lavora, al netto dei dipendenti pubblici e dei servizi finanziari, quasi il 65 per cento circa degli italiani. Se vogliamo aiutare economicamente le imprese non abbiamo alternativa: siamo costretti a \u201cinondarli\u201d con risorse che conseguentemente faranno crescere il nostro debito pubblico a livelli impressionanti (nel 2020 \u00e8 stato del 155 per cento del Pil). Grazie soprattutto all\u2019azione della BCE, l\u2019attuale situazione \u00e8 comunque molto diversa da quella vissuta durante la crisi del 2011-2012, dove molti operatori e istituzioni internazionali misero in discussione la solvibilit\u00e0 del nostro Paese. Come abbiamo segnalato pi\u00f9 sopra, attualmente il 65 per cento circa del nostro debito \u00e8 in capo a banche\/assicurazioni, famiglie e imprese italiane. Le famiglie, inoltre, tra risparmi finanziari e patrimonio immobiliare possono contare su quasi 10 mila miliardi di euro di risorse. Una cifra superiore a circa 4 volte il valore assoluto del nostro debito pubblico. Questi numeri ci confortano e ci dicono che se vogliamo mantenere in vita le piccole imprese dobbiamo allargare i cordoni della borsa. Scelta difficile da prendere ma obbligata. Nei prossimi decenni infatti il debito pubblico lo riporteremo a livelli accettabili solo tornando a crescere, solo se riusciremo a produrre Pil. Condizioni che si verificheranno se avremo ancora le piccole imprese in vita e in grado di produrre ricchezza ed occupazione.<\/p>\n<p>&nbsp;<\/p>\n<p>&nbsp;<\/p>\n<div class=\"page\" title=\"Page 1\">\n<div class=\"layoutArea\">\n<div class=\"column\">\n<hr \/>\n<p>&nbsp;<\/p>\n<blockquote>\n<h3>&#8220;IL POSTO TRA LE TUE BRACCIA&#8221; UN SOGNO DA STAMPARE<\/h3>\n<\/blockquote>\n<p><strong><img loading=\"lazy\" decoding=\"async\" class=\"alignleft\" src=\"https:\/\/www.radiopiu.net\/wordpress\/wp-content\/uploads\/2021\/04\/172580773_3916000188487977_2421686638079208960_n.jpg\" width=\"133\" height=\"165\" \/><a href=\"https:\/\/www.radiopiu.net\/wordpress\/il-posto-tra-le-tue-braccia-un-sogno-da-stampare\/autrice-spagnoli\/\" rel=\"attachment wp-att-202687\"><img loading=\"lazy\" decoding=\"async\" class=\"size-medium wp-image-202687 alignright\" src=\"https:\/\/www.radiopiu.net\/wordpress\/wp-content\/uploads\/2021\/04\/autrice-spagnoli-200x300.jpg\" alt=\"\" width=\"200\" height=\"300\" srcset=\"https:\/\/www.radiopiu.net\/wordpress\/wp-content\/uploads\/2021\/04\/autrice-spagnoli-200x300.jpg 200w, https:\/\/www.radiopiu.net\/wordpress\/wp-content\/uploads\/2021\/04\/autrice-spagnoli-683x1024.jpg 683w, https:\/\/www.radiopiu.net\/wordpress\/wp-content\/uploads\/2021\/04\/autrice-spagnoli-768x1152.jpg 768w, https:\/\/www.radiopiu.net\/wordpress\/wp-content\/uploads\/2021\/04\/autrice-spagnoli-1024x1536.jpg 1024w, https:\/\/www.radiopiu.net\/wordpress\/wp-content\/uploads\/2021\/04\/autrice-spagnoli-1365x2048.jpg 1365w, https:\/\/www.radiopiu.net\/wordpress\/wp-content\/uploads\/2021\/04\/autrice-spagnoli.jpg 1400w\" sizes=\"auto, (max-width: 200px) 100vw, 200px\" \/><\/a>CANALE D&#8217;AGORDO<\/strong> Laura \u00e8 una ragazza di Canale d&#8217;Agordo e sta cavalcando un sogno, e a\u00a0 19 anni non c&#8217;\u00e8 niente di pi\u00f9 bello. Laura Spagnoli ha messo su carta profumata d&#8217;inchiostro della tipografia, quello che lei ha gi\u00e0 visto della vita, pensieri che sono diventati versi, e come dice Laura <em>&#8220;la poesia \u00e8 in grado di toccare il cuore di chiunque&#8221;.\u00a0<\/em><strong> Il posto tra le tue braccia<\/strong> \u00e8 il titolo del libro che fa risuonare parole importanti nate tra boschi e valli. Adesso Laura ha iniziato un altro sogno, vedere il suo libro nelle librerie. Accadr\u00e0 nel momento in cui raggiunger\u00e0 le 200 copie vendute. (link <span style=\"color: #0000ff;\"><strong><a style=\"color: #0000ff;\" href=\"https:\/\/www.bookroad.it\/prod...\/il-posto-tra-le-tue-braccia\/\">CLICCA QUI. <\/a><\/strong><\/span>Quindi in bocca al lupo a Laura con la convinzione che non sar\u00e0 l&#8217;unico suo prezioso lavoro.<\/p>\n<p><strong>Laura Spagnoli <\/strong>\u00a0nasce a Brescia il 12 giugno 2001 e l\u2019anno seguente si trasferisce con la famiglia a Canale d\u2019Agordo,\u00a0 Diplomata a Falcade, presso l\u2019Istituto Tecnico Turistico &#8220;Follador De Rossi&#8221; nel 2020, si iscrive all\u2019universit\u00e0 per poi rivalutare, poco dopo, la sua scelta e decidere di dedicarsi interamente alla scrittura.<\/p>\n<p>&nbsp;<\/p>\n<p>&nbsp;<\/p>\n<p>&nbsp;<\/p>\n<hr \/>\n<p>&nbsp;<\/p>\n<blockquote>\n<h3>L&#8217;ULSS 1 DOLOMITI METTE A DISPOSIZIONE UN NUMERO PER COLORO CHE HANNO SMARRITO IL PROMEMORIA DEL RICHIAMO AL VACCINO<\/h3>\n<\/blockquote>\n<p><strong>BELLUNO <\/strong>Per coloro che hanno smarrito il promemoria dell\u2019appuntamento per la somministrazione della seconda dose di vaccino anti covid, \u00e8 possibile contattare il numero 0437 184 99 00 dal luned\u00ec al venerd\u00ec dalle 8.30 alle 16.00 e il sabato dalle 8.30 alle 12.30 per conoscere la data programmata.<\/p>\n<blockquote>\n<h3>CERTIFICAZIONE ESENZIONI PER REDDITO<\/h3>\n<\/blockquote>\n<p><strong>BELLUNO<\/strong> Le certificazioni delle esenzioni per reddito scadenti al 31\/03\/2021 (7R2-7R4-7R5) saranno disponibili nel portale <a href=\"https:\/\/slute.regione.veneto.it\/\">https:\/\/salute.regione.veneto.it<\/a>. L&#8217;assistito potr\u00e0 autonomamente stampare il certificato. L&#8217;esenzione 7R3 per disoccupazione verr\u00e0 prodotta a seguito di autocertificazione con le seguenti modalit\u00e0: Inviando una mail all&#8217;indirizzo <a href=\"mailto:esenzioni@aulss1.veneto.it\">esenzioni@aulss1.veneto.it<\/a> con allegato documento d&#8217;identit\u00e0 del richiedente. Previo appuntamento agli sportelli chiamando i seguenti numeri: Distretto Belluno 0437\/516757 dalle 08.00 alle 12.00 dal luned\u00ec al venerd\u00ec; Distretto Feltre 0439\/883680 dalle 08.00 alle 11.00 dal luned\u00ec al venerd\u00ec.<\/p>\n<p>&nbsp;<\/p>\n<p>&nbsp;<\/p>\n<p>&nbsp;<\/p>\n<hr \/>\n<p>&nbsp;<\/p>\n<p>&nbsp;<\/p>\n<blockquote>\n<h3>POSTE ITALIANE: LAVORI NELL\u2019UFFICIO POSTALE DI PEDAVENA<\/h3>\n<\/blockquote>\n<p><strong><a href=\"https:\/\/www.radiopiu.net\/wordpress\/giornale-radiopiu-30-maggio-2020-direttore-mirko-mezzacasa\/poste-italiane-3\/\" rel=\"attachment wp-att-141305\"><img loading=\"lazy\" decoding=\"async\" class=\"size-medium wp-image-141305 alignleft\" src=\"https:\/\/www.radiopiu.net\/wordpress\/wp-content\/uploads\/2020\/05\/POSTE-ITALIANE-300x61.png\" alt=\"\" width=\"300\" height=\"61\" srcset=\"https:\/\/www.radiopiu.net\/wordpress\/wp-content\/uploads\/2020\/05\/POSTE-ITALIANE-300x61.png 300w, https:\/\/www.radiopiu.net\/wordpress\/wp-content\/uploads\/2020\/05\/POSTE-ITALIANE.png 436w\" sizes=\"auto, (max-width: 300px) 100vw, 300px\" \/><\/a>BELLUNO <\/strong>Poste Italiane comunica che fino a luned\u00ec 19 aprile l\u2019ufficio postale di Pedavena (viale Vittorio Veneto 70) rimarr\u00e0 chiuso per consentire lavori di ristrutturazione. Per tutti i servizi i cittadini potranno rivolgersi agli uffici postali di Feltre (via Ortolani), aperto dal luned\u00ec al venerd\u00ec dalle 8.20 alle 19.05 ed il sabato mattino fino alle 12.35; oppure a quello di Villabruna, aperto dal luned\u00ec al venerd\u00ec dalle 8.20 alle 13.35 ed il sabato dalle 8.20 alle 12.35. I due uffici postali sono dotati di sportelli automatici Postamat, per prelevare contante, pagare bollette, ricariche telefoniche ed altre operazioni. Durante la chiusura, sar\u00e0 disponibile presso l\u2019Ufficio Postale di Villabruna uno sportello dedicato per la consegna di pacchi, corrispondenza e operazioni radicate all\u2019ufficio di Pedavena. L\u2019ufficio postale di Pedavena riaprir\u00e0 marted\u00ec 20 aprile.<\/p>\n<p>&nbsp;<\/p>\n<p>&nbsp;<\/p>\n<p>&nbsp;<\/p>\n<hr \/>\n<p>&nbsp;<\/p>\n<p>&nbsp;<\/p>\n<blockquote>\n<h3>REDDITO DI EMERGENZA, DOMANDE NON OLTRE IL 30 APRILE<\/h3>\n<\/blockquote>\n<p>Reddito di emergenza per l\u2019anno in corso: c\u2019\u00e8 tempo fino al 30 aprile per presentare domanda. La misura di sostegno al reddito istituita l\u2019anno scorso dal Decreto Rilancio \u00e8 stata confermata dal recente Decreto Sostegni. Il \u201cRem\u201d sar\u00e0 riconosciuto ai nuclei familiari in condizioni di difficolt\u00e0, in conseguenza dell\u2019emergenza Covid, Da mercoled\u00ec 7 aprile \u00e8 possibile presentare la domanda.\u00a0 Il contributo previsto dal reddito di emergenza verr\u00e0 erogato in tre quote da 400 euro.\u00a0 Il lavoratore disoccupato &#8211; novit\u00e0 2021 &#8211; ha diritto al reddito di emergenza se tra il 1\u00b0 luglio 2020 e il 28 febbraio 2021 ha terminato il periodo di Naspi o Dis-coll; ha un Isee inferiore a 30mila euro.<\/p>\n<p>&nbsp;<\/p>\n<p>&nbsp;<\/p>\n<p>&nbsp;<\/p>\n<hr \/>\n<\/div>\n<\/div>\n<\/div>\n<p>&nbsp;<\/p>\n<p>&nbsp;<\/p>\n<blockquote>\n<h3>L&#8217;INCONTRO ON LINE SUL LUPO<\/h3>\n<\/blockquote>\n<div class=\"page\" title=\"Page 1\">\n<div class=\"layoutArea\">\n<div class=\"column\">\n<blockquote><p><span lang=\"it-IT\"><strong>ALPAGO\u00a0<\/strong> \u201c<\/span><span lang=\"it-IT\">Lupo e ruralit\u00e0: civilt\u00e0 alpina sotto attacco<\/span><span lang=\"it-IT\">\u201d \u00e8 titolo dell&#8217;incontro on line <\/span><span lang=\"it-IT\">che si terr\u00e0 domani\u00a0 <\/span><span lang=\"it-IT\">alle 20<\/span><span lang=\"it-IT\">. All\u2019incontro<\/span><span lang=\"it-IT\"> interverranno come relatori anche il Sindaco di Chies d\u2019Alpago <\/span><span lang=\"it-IT\">Gianluca Dal Borgo<\/span><span lang=\"it-IT\"> e il Consigliere <\/span><span lang=\"it-IT\">della Provincia di Belluno<\/span><span lang=\"it-IT\"> con delega alla caccia e alla pesca <\/span><span lang=\"it-IT\">Franco De Bon<\/span><span lang=\"it-IT\">.<\/span><\/p><\/blockquote>\n<a href=\"https:\/\/www.radiopiu.net\/wordpress\/wp-content\/uploads\/2021\/04\/Conferenza_Locandina_Lupo-e-Ruralita-1.pdf\" class=\"pdfemb-viewer\" style=\"\" data-width=\"max\" data-height=\"max\" data-toolbar=\"top\" data-toolbar-fixed=\"on\">Conferenza_Locandina_Lupo e Ruralit\u00e0-1<\/a>\n<p>&nbsp;<\/p>\n<\/div>\n<div class=\"column\">\n<hr \/>\n<p>&nbsp;<\/p>\n<blockquote>\n<h3>NELL&#8217;AGORDINO IL DOLOMITI FILM MAKING<\/h3>\n<\/blockquote>\n<p><a href=\"https:\/\/www.radiopiu.net\/wordpress\/nellagordino-il-dolomiti-film-making\/loghi-siae-x-dolomiti-fm0\/\" rel=\"attachment wp-att-202246\"><img loading=\"lazy\" decoding=\"async\" class=\"size-medium wp-image-202246 alignleft\" src=\"https:\/\/www.radiopiu.net\/wordpress\/wp-content\/uploads\/2021\/04\/loghi-siae-x-dolomiti-fm0-300x39.jpg\" alt=\"\" width=\"300\" height=\"39\" srcset=\"https:\/\/www.radiopiu.net\/wordpress\/wp-content\/uploads\/2021\/04\/loghi-siae-x-dolomiti-fm0-300x39.jpg 300w, https:\/\/www.radiopiu.net\/wordpress\/wp-content\/uploads\/2021\/04\/loghi-siae-x-dolomiti-fm0-1024x134.jpg 1024w, https:\/\/www.radiopiu.net\/wordpress\/wp-content\/uploads\/2021\/04\/loghi-siae-x-dolomiti-fm0-768x100.jpg 768w, https:\/\/www.radiopiu.net\/wordpress\/wp-content\/uploads\/2021\/04\/loghi-siae-x-dolomiti-fm0.jpg 1500w\" sizes=\"auto, (max-width: 300px) 100vw, 300px\" \/><\/a><\/p>\n<p>l progetto Dolomiti Filmmaking \u00e8 una residenza artistica di cinema gratuita rivolta a giovani\u00a0 under 35. \u00a0Il progetto \u00e8 vincitore del Bando SIAE \u201cPer chi crea\u201d \u2013 Residenze artistiche \u2013 sez. Cinema. Gli artisti coinvolti (scrittori, filmmaker, sceneggiatori e registi) potranno perfezionare le loro conoscenze sulla scrittura audiovisiva. Inoltre impareranno a progettare e \u00a0a\u00a0 resentare un audiovisivo grazie al supporto di professionisti <img loading=\"lazy\" decoding=\"async\" class=\"alignright\" src=\"https:\/\/www.radiopiu.net\/wordpress\/wp-content\/uploads\/2021\/04\/163310336_3553583728101978_4407755538990109681_n.jpg\" width=\"194\" height=\"129\" \/>del settore.\u00a0 \u00a0\u00a0Ai migliori 2 progetti selezionati tra quelli presentati al pitch finale, verr\u00e0 assegnato un\u00a0buono per il noleggio di materiale tecnico \u00a0offerto dal rent\u00a0noleggiovideocamere.it\u00a0dal valore rispettivamente di \u20ac 1.000 per il secondo classificato e di \u20ac 2.000 per il primo classificato.<br \/>\nLa residenza \u00e8 organizzata in 2 moduli di 7 giorni l\u2019uno: \u00a03-9\u00a0 maggio e 24-30 maggio.\u00a0 La formazione si svolger\u00e0 in Agordino oppure on line in caso di permanenza dello stato di emergenza dovuto alla diffusione del covid . \u00a0La selezione \u00e8 aperta a filmmaker, sceneggiatori e registi UNDER 35 per un massimo di 8 partecipanti.<\/p>\n<p>fonte https:\/\/www.facebook.com\/realizzailtuocorto.it<\/p>\n<p><strong>ULTERIORI INFORMAZIONI <span style=\"color: #0000ff;\"><a style=\"color: #0000ff;\" href=\"http:\/\/realizzailtuocorto.it\/dolomitifilmmaking\/?fbclid=IwAR2QLQiF6OxRX8OZaLeXlDRy5Z1ZnYUd8ezjZaMeyTRz8ZNTWMd8_1BvegY\">CLICCA QUI\u00a0<\/a><\/span><\/strong><\/p>\n<p>&nbsp;<\/p>\n<p>&nbsp;<\/p>\n<hr \/>\n<p>&nbsp;<\/p>\n<p><em><a href=\"https:\/\/www.radiopiu.net\/wordpress\/giornale-radio-piu-22-11-direttore-mirko-mezzacasa\/bandi-e-concorsi\/\" rel=\"attachment wp-att-25479\"><img loading=\"lazy\" decoding=\"async\" class=\"wp-image-25479 alignleft\" src=\"https:\/\/www.radiopiu.net\/wordpress\/wp-content\/uploads\/2016\/11\/bandi-e-concorsi.jpg\" alt=\"\" width=\"139\" height=\"132\" \/><\/a>E\u2019 stato pubblicato\u00a0 sul sito www.aulss1.veneto.it \u2013 sezione bandi- un avviso per il conferimento urgente dei seguenti incarichi provvisori di medico di assistenza primaria \u00a0un incarico provvisorio di medico di assistenza primaria presso il Comune di Cortina D\u2019ampezzo; \u00a0un incarico provvisorio di medico di assistenza primaria presso il Comune di Borgo Valbelluna \u2013 loc. Mel;\u00a0&#8211; un incarico provvisorio di medico di assistenza primaria presso il Comune di Lamon;\u00a0&#8211; un incarico provvisorio di medico di assistenza primaria presso i Comuni di Santa Giustina\/Cesiomaggiore. Per ulteriori informazioni gli interessati potranno rivolgersi alla Direzione Amministrativa Territoriale di Belluno (tel. 0437\/516968-6752).<\/em><\/p>\n<p>&nbsp;<\/p>\n<p>&nbsp;<\/p>\n<p>&nbsp;<\/p>\n<hr \/>\n<p>&nbsp;<\/p>\n<p>&nbsp;<\/p>\n<blockquote>\n<h3>PROSEGUE IL PROGETTO \u201cTERZA OPPORTUNIT\u00c0\u201d DEL COMITATO D&#8217;INTESA<\/h3>\n<\/blockquote>\n<p><a href=\"https:\/\/www.radiopiu.net\/wordpress\/giornale-radiopiu-09-aprile-2021-direttore-mirko-mezzacasa\/terza-sciarpa-imm-1\/\" rel=\"attachment wp-att-202060\"><img loading=\"lazy\" decoding=\"async\" class=\"wp-image-202060 alignleft\" src=\"https:\/\/www.radiopiu.net\/wordpress\/wp-content\/uploads\/2021\/04\/terza-sciarpa-imm-1-300x169.jpg\" alt=\"\" width=\"179\" height=\"102\" srcset=\"https:\/\/www.radiopiu.net\/wordpress\/wp-content\/uploads\/2021\/04\/terza-sciarpa-imm-1-300x169.jpg 300w, https:\/\/www.radiopiu.net\/wordpress\/wp-content\/uploads\/2021\/04\/terza-sciarpa-imm-1-1024x576.jpg 1024w, https:\/\/www.radiopiu.net\/wordpress\/wp-content\/uploads\/2021\/04\/terza-sciarpa-imm-1-768x432.jpg 768w, https:\/\/www.radiopiu.net\/wordpress\/wp-content\/uploads\/2021\/04\/terza-sciarpa-imm-1.jpg 1080w\" sizes=\"auto, (max-width: 179px) 100vw, 179px\" \/><\/a><strong> \u200bBELLUNO<\/strong> \u200bSono in corso di svolgimento il laboratorio per realizzare in modo artigianale i giochi di una volta, denominato \u201cTerzo gioco\u201d come anche le attivit\u00e0 per la coltivazione di prodotti ortofrutticoli (Terzo orto), entrambi presso la sede della societ\u00e0 cooperativa sociale Dumia di Feltre. Proseguono le attivit\u00e0 di \u201cTerzo libro\u201d, club di lettura a cura del Centro Documentazione del Csv Belluno Treviso, ed \u00e8 appena decollato il laboratorio di digitalizzazione di documenti, denominato \u201cTerzo Documento\u201d, presso la sede del Comitato d\u2019Intesa di Belluno. Ancora in attesa, invece, il laboratorio \u201cTerza App\u201d, laboratorio di informatica per avvicinare gli anziani al mondo digitale e alle nuove tecnologie, che partir\u00e0 non appena le restrizioni lo consentiranno. In generale, comunque, il progetto finanziato dalla Regione Veneto, nell\u2019ambito del bando \u201cPromozione e valorizzazione dell\u2019Invecchiamento attivo &#8211; anno 2019\u201d sta ottenendo interessanti risultati con il coinvolgimento dei partecipanti e risultati concreti.<\/p>\n<p>&nbsp;<\/p>\n<p>&nbsp;<\/p>\n<hr \/>\n<p>&nbsp;<\/p>\n<blockquote>\n<h3>SCUOLE IN RETE: 3 INCONTRI<\/h3>\n<\/blockquote>\n<p><strong>BELLUNO <\/strong>Dopo, l&#8217;incontro con Nello Scavo di venerd\u00ec scorso, oggi r domani vi sono altre tre grandi opportunit\u00e0 di incontro per gli studenti bellunesi: Il quadro geopolitico oggi: si prepara il futuro analizzando il presente Incontro con Lucio Caracciolo (in collaborazione con APS Gianni Ballerio e gli Amici delle Scuole in Rete) Luned\u00ec 12 aprile 2021 dalle 11:10 alle 12:45 &#8211; vedi su <a href=\"https:\/\/www.studentibelluno.it\/le-scuole-in-rete\/802-caracciolo-21\">https:\/\/www.studentibelluno.it\/le-scuole-in-rete\/802-caracciolo-21<\/a> L&#8217;Italia e\u0300 sempre piu\u0300 selvatica. Ripensare un nuovo patto di alleanza con la Natura incontro con lo scrittore\u00a0Daniele Zovi\u00a0(in collaborazione con Italia Nostra sezione di Belluno e gli Amici delle Scuole in Rete) 13 aprile 2021 alle \u00a09 vedi su-\u00a0<a href=\"https:\/\/www.studentibelluno.it\/le-scuole-in-rete\/807-zovi-21\">https:\/\/www.studentibelluno.it\/le-scuole-in-rete\/807-zovi-21<\/a> \u201cIl ruolo degli intellettuali nella storia, nella societ\u00e0 e nella democrazia&#8221; Colloquio con il Prof. Massimo Cacciari &#8211; 13\/04\/2021 dalle 11:10 alle 12:45 &#8211;\u00a0(in collaborazione con Colophonarte e gli Amici delle Scuole in Rete) vedi su\u00a0<a href=\"https:\/\/www.studentibelluno.it\/le-scuole-in-rete\/808-cacciari-21\">https:\/\/www.studentibelluno.it\/le-scuole-in-rete\/808-cacciari-21<\/a><\/p>\n<p>&nbsp;<\/p>\n<p>&nbsp;<\/p>\n<hr \/>\n<\/div>\n<p>&nbsp;<\/p>\n<div class=\"column\">\n<blockquote>\n<h3>UN CONCORSO PER LA MEDAGLIA DEI 100 ANNI DELL\u2019A.N.A. DI FELTRE<\/h3>\n<\/blockquote>\n<p><strong><a href=\"https:\/\/www.radiopiu.net\/wordpress\/giornale-radiopiu-02-ottobre-2018-direttore-mirko-mezzacasa\/ana-alpini\/\" rel=\"attachment wp-att-62421\"><img loading=\"lazy\" decoding=\"async\" class=\" wp-image-62421 alignleft\" src=\"https:\/\/www.radiopiu.net\/wordpress\/wp-content\/uploads\/2018\/10\/ana-alpini.png\" alt=\"\" width=\"190\" height=\"190\" srcset=\"https:\/\/www.radiopiu.net\/wordpress\/wp-content\/uploads\/2018\/10\/ana-alpini.png 225w, https:\/\/www.radiopiu.net\/wordpress\/wp-content\/uploads\/2018\/10\/ana-alpini-150x150.png 150w\" sizes=\"auto, (max-width: 190px) 100vw, 190px\" \/><\/a>FELTRE <\/strong>Il 2022 sar\u00e0 l\u2019anno del Centenario della nascita della Sezione Alpini di Feltre e per questo \u00e8 gi\u00e0 in via di perfezionamento da parte delle Penne Nere feltrine, un ricco programma per solennizzare l\u2019importante ricorrenza. L\u2019evento sar\u00e0 celebrato anche attraverso il conio di una medaglia commemorativa<\/p>\n<\/div>\n<p>&nbsp;<\/p>\n<p>&nbsp;<\/p>\n<p>&nbsp;<\/p>\n<\/div>\n<\/div>\n<p>&nbsp;<\/p>\n<div class=\"page\" title=\"Page 1\">\n<div class=\"layoutArea\">\n<div class=\"column\">\n<hr \/>\n<p>&nbsp;<\/p>\n<blockquote>\n<h2>LA GUIDA STORICO ESCURSIONISTICA AI LUOGHI DELLA GRANDE GUERRA PER IL COL DI LANA E LA MARMOLADA<\/h2>\n<\/blockquote>\n<p><strong>di RENATO BONA<\/strong><\/p>\n<p><span class=\"tojvnm2t a6sixzi8 abs2jz4q a8s20v7p t1p8iaqh k5wvi7nf q3lfd5jv pk4s997a bipmatt0 cebpdrjk qowsmv63 owwhemhu dp1hu0rb dhp61c6y iyyx5f41\">Paolo Giacomel e l\u2019amico-collega di chi stende queste note, Mario Fornaro, sono gli autori della seconda delle \u201cGuide escursionistiche ai luoghi della Grande Guerra\u201d, quella che in provincia di Belluno \u00e8 dedicata al Col di Lana-Marmolada e per il coordinamento della Comunit\u00e0 montana Agordina \u00e8 stata realizzata nel settembre 2006 (stampa della bellunese Tipografia Piave) nell\u2019ambito del progetto cofinanziato dall\u2019Unione Europea mediante il \u201cFondo europeo di sviluppo regionale iniziativa comunitaria Interreg IIIA Italia-Austria 2000-20082 che contemplava interventi di recupero e valorizzazione nei territori del Parco della Memoria. In copertina: Trincee recuperate lungo il costone del Sief in comune di Livinallongo del Col di Lana; retrocopertina con militari austriaci e baraccamenti, camminamenti coperti, teleferiche ed altre opere italiane sul lato sud del Col di Lana (arch. Robert Strifler). Le fotografie sono state fornite da: Giovanni De Don\u00e0 e Walter Musizza, Antonella Fornari, Ivano Alfar\u00e8 Lovo, Jacopo Da Val, Archivio storico della Grande Guerra di Rovereto, Archivio Museo della Grande guerra in Marmolada, Fondazione Giovanni Angelini centro studi sulla montagna di Belluno, Archivio Alpago Novello, Tiziano De Col. Nella presentazione, l\u2019allora assessore alle politiche dell\u2019economia, dello sviluppo, della ricerca e dell\u2019innovazione e politiche sociali della Regione Veneto, avv. Fabio Gava, dopo aver premesso che \u201cIn uno degli scenari pi\u00f9 suggestivi delle Dolomiti: le valli ed i costoni che collegano il gruppo delle Tofane e del Lagazuoi, attraverso il Passo Falzarego, al Col di Lana ed al Gruppo della Marmolada, il Programma Interreg IIIA per questa ampia parte dello splendido territorio dolomitico bellunese, dove sono ancora presenti palpitanti testimonianze delle vicende belliche che hanno indelebilmente segnato l\u2019inizio del ventesimo secolo ha promosso interventi di recupero e valorizzazione di opere che da sole meritano la visita e la conoscenza da parte di chiunque ami la storia e la cultura europea, precisava che:\u201cIl lavoro, frutto di studio e di ricerca da parte di numerosi esperti della Grande Guerra, condiviso dal partner austriaco del Tiroler Landesarchiv di Innsbruck, che ha approfondito le implicazioni sociali di questi eventi ed ha partecipato ad alcune visite nell\u2019area dolomitica, rappresenta una significativa opportunit\u00e0 di valorizzazione di testimonianze che, per il Veneto, ed anche per il partner austriaco, costituiscono un tema prioritario per promuovere la pace e la reciproca conoscenza\u201d. Gava quindi concludeva cos\u00ec: \u201cCome auspicato dal Programma Interreg il confine italo-austriaco \u00e8 diventato con questo progetto luogo di contatto e di fruizione di importanti beni culturali, monito e memoria per le generazioni future che di questa area comune dovranno fare la loro nuova patria\u201d. Di seguito di pu\u00f2 leggere che le tracce di 29 lunghissimi mesi di lotta, sopravissute allo scorrere del tempo, aumentano la suggestione e la bellezza del paesaggio insegnando ad osservare, a conoscere, a imparare. Per la visita a questi siti si sono individuati percorsi di varia lunghezza e difficolt\u00e0,. Alcuni dei quali realizzabili nel pieno rispetto di persone con ridotte capacit\u00f2 motorie. Gli itinerari proposti sono stati scelti tenendo presenti alcune caratteristiche fondamentali, quali la loro rappresentativit\u00e0 del punto di vista storico, la facilit\u00e0 d\u2019accesso e la vicinanza con altri siti di interesse storico. Da qui l\u2019auspicio che questa nuova opportunit\u00e0 storico-culturale \u201cpossa trovare numerosi visitatori ed appassionati, che oltre ad amare la montagna per le sue bellezze naturalistiche, sappia leggere in questi luoghi il rapporto uomo.-natura che nella Grande Guerra ha lasciato una traccia del tutto particolare\u201d. \u201cLa memoria storica per riscoprire la Montagna, per non dimenticare, per conoscere gli uomini che vissero questa tragica, ma straordinaria avventura. A questo &#8211; puntualizzano i componenti del Coordinamento e del Comitato scientifico e tecnico &#8211; \u00e8 stato volto il lavoro che ora &#8211; come risultato delle proprie ricerche &#8211; offre la possibilit\u00e0, attraverso le guide ed i depliant di affrontare gli itinerari di facile accesso, e di \u2018toccare con mano\u2019 la vita al fronte, le difficolt\u00e0 di una vita vissuta ad oltre 2000 metri dai soldati degli eserciti contrapposti. E questo per ricordare che la guerra non \u00e8 mai un evento dimenticato e che &#8211; come dice il sottotenente medico Gino Frontali &#8211; \u2018\u2026 non \u00e8 una parentesi che possiamo affrettarci a chiudere per tornare al discorso di prima\u2026\u2019\u201d. Ed eccoli, di seguito, gli itinerari escursionistici del Col di Lana: dalla posizione \u201cEdelweis\u201d alla \u201cSella del Sief\u201d; dal \u201cPunto informativo presso la Sella del Sief alla Cima del Sief; da Cima Sief al Col di Lana; da Cima Lana ai Ciadini\u00e9i; dai Ciadini\u00e9i alla Sella del Sief sul Teriol Ladin, Variante per i 0l Col de la Roda, da Cima Lana alla Sella del Sief per il Costone di Castello e Teriol Ladin, dal Costone di Castello ad Agai e Palla per il Teriol Ladin; e le escursioni indicate per la Ma rmolada: Sentieri della Grande Guerra nell\u2019alta Val Cordevole, Malga Ciap\u00e8la-Ombretta di Marmolada-Ombrett\u00f2la, Digonera-Col Da Daut-Davedino, Digonera-Laste-Col Toront. Concludiamo riportando l\u2019elenco delle forze italiane operanti con le rispettive batterie da montagna: 18. Divisione (Val Cordevole e Val Biois, Ten. Gen. Vittorio Carpi); Btg. Alpini Val Cordevole (Passi Valles e San Pellegrino, 7. Regg. Cap. Silvio Magnaghi); 3. Regg. Bersaglieri (Val Biois, Col. Giuseppe Cant\u00f9), Btg. Alpini Belluno (Passo Fedaia e Monte Padon. 7. Regg. Mag. Eugenio Probati, in Val Pettorina); Btg. Alpi (in Val Cordevole, Mag. Gen. Teodorico Serra), composta dal 51. Regg. Fanteria (Col. Amos Del Mancino, ad Alleghe), 52. Regg. Fanteria (Col. Federico Trulla, tra Alleghe e Cencenighe); 33. Regg. Artiglieria da campagna (Col. Prospero Marro, in costituzione ad Agordo e pronto dal 28 maggio 1915); 17. Divisione (Val di Zoldo, Ten. Gen. Diomede Saveri); Btg. Alpini Val Chisone (3. Regg. Ten. Col. Giuseppe Ratti, a nord del Monte Pelmo tra Forcella Forada e la Rocchetta); Bgt Torino (Mag. Gen. Giuseppe Ferrari con l\u201981. Regg. Fanteria, Col. Achille Papa e l\u201982. Regg. Fanteria Col. Carlo Castellazzi); 13. Regg. Artiglieria da campagna (I Gruppo, Col. Augusto Semeria, in Val di Zoldo. Altri due Gruppi giunsero il 6 giugno 1915). <\/span><\/p>\n\n\t\t\t<style type='text\/css'>\n\t\t\t\t#gallery-9 {\n\t\t\t\t\tmargin: auto;\n\t\t\t\t}\n\t\t\t\t#gallery-9 .gallery-item {\n\t\t\t\t\tfloat: left;\n\t\t\t\t\tmargin-top: 10px;\n\t\t\t\t\ttext-align: center;\n\t\t\t\t\twidth: 12%;\n\t\t\t\t}\n\t\t\t\t#gallery-9 img {\n\t\t\t\t\tborder: 2px solid #cfcfcf;\n\t\t\t\t}\n\t\t\t\t#gallery-9 .gallery-caption {\n\t\t\t\t\tmargin-left: 0;\n\t\t\t\t}\n\t\t\t\t\/* see gallery_shortcode() in wp-includes\/media.php *\/\n\t\t\t<\/style>\n\t\t<div id='gallery-9' class='dt-gallery-container gallery galleryid-202606 gallery-columns-8 gallery-size-thumbnail'><dl class='gallery-item'>\n\t\t\t\t<dt class='gallery-icon landscape'>\n\t\t\t\t\t<a class=\"rollover rollover-zoom dt-pswp-item\" title=\"172160530_128680012503589_2263961268451120848_n\" data-dt-img-description=\"\" data-large_image_width=\"275\" data-large_image_height=\"206\"href='https:\/\/www.radiopiu.net\/wordpress\/wp-content\/uploads\/2021\/04\/172160530_128680012503589_2263961268451120848_n.jpg'><img loading=\"lazy\" decoding=\"async\" width=\"150\" height=\"150\" src=\"https:\/\/www.radiopiu.net\/wordpress\/wp-content\/uploads\/2021\/04\/172160530_128680012503589_2263961268451120848_n-150x150.jpg\" class=\"attachment-thumbnail size-thumbnail\" alt=\"\" \/><\/a>\n\t\t\t\t<\/dt><\/dl><dl class='gallery-item'>\n\t\t\t\t<dt class='gallery-icon portrait'>\n\t\t\t\t\t<a class=\"rollover rollover-zoom dt-pswp-item\" title=\"171726235_163913375511137_7260310297858839958_n\" data-dt-img-description=\"\" data-large_image_width=\"153\" data-large_image_height=\"225\"href='https:\/\/www.radiopiu.net\/wordpress\/wp-content\/uploads\/2021\/04\/171726235_163913375511137_7260310297858839958_n.jpg'><img loading=\"lazy\" decoding=\"async\" width=\"150\" height=\"150\" src=\"https:\/\/www.radiopiu.net\/wordpress\/wp-content\/uploads\/2021\/04\/171726235_163913375511137_7260310297858839958_n-150x150.jpg\" class=\"attachment-thumbnail size-thumbnail\" alt=\"\" \/><\/a>\n\t\t\t\t<\/dt><\/dl><dl class='gallery-item'>\n\t\t\t\t<dt class='gallery-icon portrait'>\n\t\t\t\t\t<a class=\"rollover rollover-zoom dt-pswp-item\" title=\"172935977_1705903839610497_8512401431850252068_n\" data-dt-img-description=\"\" data-large_image_width=\"158\" data-large_image_height=\"315\"href='https:\/\/www.radiopiu.net\/wordpress\/wp-content\/uploads\/2021\/04\/172935977_1705903839610497_8512401431850252068_n.jpg'><img loading=\"lazy\" decoding=\"async\" width=\"150\" height=\"150\" src=\"https:\/\/www.radiopiu.net\/wordpress\/wp-content\/uploads\/2021\/04\/172935977_1705903839610497_8512401431850252068_n-150x150.jpg\" class=\"attachment-thumbnail size-thumbnail\" alt=\"\" \/><\/a>\n\t\t\t\t<\/dt><\/dl><dl class='gallery-item'>\n\t\t\t\t<dt class='gallery-icon landscape'>\n\t\t\t\t\t<a class=\"rollover rollover-zoom dt-pswp-item\" title=\"172735261_195860948786632_8532574981675439819_n\" data-dt-img-description=\"\" data-large_image_width=\"333\" data-large_image_height=\"206\"href='https:\/\/www.radiopiu.net\/wordpress\/wp-content\/uploads\/2021\/04\/172735261_195860948786632_8532574981675439819_n.jpg'><img loading=\"lazy\" decoding=\"async\" width=\"150\" height=\"150\" src=\"https:\/\/www.radiopiu.net\/wordpress\/wp-content\/uploads\/2021\/04\/172735261_195860948786632_8532574981675439819_n-150x150.jpg\" class=\"attachment-thumbnail size-thumbnail\" alt=\"\" \/><\/a>\n\t\t\t\t<\/dt><\/dl><dl class='gallery-item'>\n\t\t\t\t<dt class='gallery-icon portrait'>\n\t\t\t\t\t<a class=\"rollover rollover-zoom dt-pswp-item\" title=\"171655372_197765108572930_342736768348721549_n\" data-dt-img-description=\"\" data-large_image_width=\"151\" data-large_image_height=\"225\"href='https:\/\/www.radiopiu.net\/wordpress\/wp-content\/uploads\/2021\/04\/171655372_197765108572930_342736768348721549_n.jpg'><img loading=\"lazy\" decoding=\"async\" width=\"150\" height=\"150\" src=\"https:\/\/www.radiopiu.net\/wordpress\/wp-content\/uploads\/2021\/04\/171655372_197765108572930_342736768348721549_n-150x150.jpg\" class=\"attachment-thumbnail size-thumbnail\" alt=\"\" \/><\/a>\n\t\t\t\t<\/dt><\/dl><dl class='gallery-item'>\n\t\t\t\t<dt class='gallery-icon portrait'>\n\t\t\t\t\t<a class=\"rollover rollover-zoom dt-pswp-item\" title=\"172578473_3348225675277042_8669162768117135590_n\" data-dt-img-description=\"\" data-large_image_width=\"150\" data-large_image_height=\"225\"href='https:\/\/www.radiopiu.net\/wordpress\/wp-content\/uploads\/2021\/04\/172578473_3348225675277042_8669162768117135590_n.jpg'><img loading=\"lazy\" decoding=\"async\" width=\"150\" height=\"150\" src=\"https:\/\/www.radiopiu.net\/wordpress\/wp-content\/uploads\/2021\/04\/172578473_3348225675277042_8669162768117135590_n-150x150.jpg\" class=\"attachment-thumbnail size-thumbnail\" alt=\"\" \/><\/a>\n\t\t\t\t<\/dt><\/dl><dl class='gallery-item'>\n\t\t\t\t<dt class='gallery-icon portrait'>\n\t\t\t\t\t<a class=\"rollover rollover-zoom dt-pswp-item\" title=\"172067908_739943449999332_4490308747607876577_n\" data-dt-img-description=\"\" data-large_image_width=\"154\" data-large_image_height=\"225\"href='https:\/\/www.radiopiu.net\/wordpress\/wp-content\/uploads\/2021\/04\/172067908_739943449999332_4490308747607876577_n.jpg'><img loading=\"lazy\" decoding=\"async\" width=\"150\" height=\"150\" src=\"https:\/\/www.radiopiu.net\/wordpress\/wp-content\/uploads\/2021\/04\/172067908_739943449999332_4490308747607876577_n-150x150.jpg\" class=\"attachment-thumbnail size-thumbnail\" alt=\"\" \/><\/a>\n\t\t\t\t<\/dt><\/dl><dl class='gallery-item'>\n\t\t\t\t<dt class='gallery-icon landscape'>\n\t\t\t\t\t<a class=\"rollover rollover-zoom dt-pswp-item\" title=\"171995239_446005856695558_3681174196052881169_n\" data-dt-img-description=\"\" data-large_image_width=\"315\" data-large_image_height=\"206\"href='https:\/\/www.radiopiu.net\/wordpress\/wp-content\/uploads\/2021\/04\/171995239_446005856695558_3681174196052881169_n.jpg'><img loading=\"lazy\" decoding=\"async\" width=\"150\" height=\"150\" src=\"https:\/\/www.radiopiu.net\/wordpress\/wp-content\/uploads\/2021\/04\/171995239_446005856695558_3681174196052881169_n-150x150.jpg\" class=\"attachment-thumbnail size-thumbnail\" alt=\"\" \/><\/a>\n\t\t\t\t<\/dt><\/dl><br style=\"clear: both\" \/><dl class='gallery-item'>\n\t\t\t\t<dt class='gallery-icon landscape'>\n\t\t\t\t\t<a class=\"rollover rollover-zoom dt-pswp-item\" title=\"172484484_281082173462946_1172436567305556516_n\" data-dt-img-description=\"\" data-large_image_width=\"314\" data-large_image_height=\"206\"href='https:\/\/www.radiopiu.net\/wordpress\/wp-content\/uploads\/2021\/04\/172484484_281082173462946_1172436567305556516_n.jpg'><img loading=\"lazy\" decoding=\"async\" width=\"150\" height=\"150\" src=\"https:\/\/www.radiopiu.net\/wordpress\/wp-content\/uploads\/2021\/04\/172484484_281082173462946_1172436567305556516_n-150x150.jpg\" class=\"attachment-thumbnail size-thumbnail\" alt=\"\" \/><\/a>\n\t\t\t\t<\/dt><\/dl><dl class='gallery-item'>\n\t\t\t\t<dt class='gallery-icon landscape'>\n\t\t\t\t\t<a class=\"rollover rollover-zoom dt-pswp-item\" title=\"172935976_506866817145860_5324870757441672380_n\" data-dt-img-description=\"\" data-large_image_width=\"350\" data-large_image_height=\"205\"href='https:\/\/www.radiopiu.net\/wordpress\/wp-content\/uploads\/2021\/04\/172935976_506866817145860_5324870757441672380_n.jpg'><img loading=\"lazy\" decoding=\"async\" width=\"150\" height=\"150\" src=\"https:\/\/www.radiopiu.net\/wordpress\/wp-content\/uploads\/2021\/04\/172935976_506866817145860_5324870757441672380_n-150x150.jpg\" class=\"attachment-thumbnail size-thumbnail\" alt=\"\" \/><\/a>\n\t\t\t\t<\/dt><\/dl><dl class='gallery-item'>\n\t\t\t\t<dt class='gallery-icon portrait'>\n\t\t\t\t\t<a class=\"rollover rollover-zoom dt-pswp-item\" title=\"172023852_207648007797305_5938670039088386920_n\" data-dt-img-description=\"\" data-large_image_width=\"154\" data-large_image_height=\"206\"href='https:\/\/www.radiopiu.net\/wordpress\/wp-content\/uploads\/2021\/04\/172023852_207648007797305_5938670039088386920_n.jpg'><img loading=\"lazy\" decoding=\"async\" width=\"150\" height=\"150\" src=\"https:\/\/www.radiopiu.net\/wordpress\/wp-content\/uploads\/2021\/04\/172023852_207648007797305_5938670039088386920_n-150x150.jpg\" class=\"attachment-thumbnail size-thumbnail\" alt=\"\" \/><\/a>\n\t\t\t\t<\/dt><\/dl><dl class='gallery-item'>\n\t\t\t\t<dt class='gallery-icon landscape'>\n\t\t\t\t\t<a class=\"rollover rollover-zoom dt-pswp-item\" title=\"172781072_478593166792391_5937626415845414705_n\" data-dt-img-description=\"\" data-large_image_width=\"308\" data-large_image_height=\"206\"href='https:\/\/www.radiopiu.net\/wordpress\/wp-content\/uploads\/2021\/04\/172781072_478593166792391_5937626415845414705_n.jpg'><img loading=\"lazy\" decoding=\"async\" width=\"150\" height=\"150\" src=\"https:\/\/www.radiopiu.net\/wordpress\/wp-content\/uploads\/2021\/04\/172781072_478593166792391_5937626415845414705_n-150x150.jpg\" class=\"attachment-thumbnail size-thumbnail\" alt=\"\" \/><\/a>\n\t\t\t\t<\/dt><\/dl><dl class='gallery-item'>\n\t\t\t\t<dt class='gallery-icon landscape'>\n\t\t\t\t\t<a class=\"rollover rollover-zoom dt-pswp-item\" title=\"171527388_464554794760011_8726139668659867603_n\" data-dt-img-description=\"\" data-large_image_width=\"443\" data-large_image_height=\"206\"href='https:\/\/www.radiopiu.net\/wordpress\/wp-content\/uploads\/2021\/04\/171527388_464554794760011_8726139668659867603_n.jpg'><img loading=\"lazy\" decoding=\"async\" width=\"150\" height=\"150\" src=\"https:\/\/www.radiopiu.net\/wordpress\/wp-content\/uploads\/2021\/04\/171527388_464554794760011_8726139668659867603_n-150x150.jpg\" class=\"attachment-thumbnail size-thumbnail\" alt=\"\" \/><\/a>\n\t\t\t\t<\/dt><\/dl><dl class='gallery-item'>\n\t\t\t\t<dt class='gallery-icon landscape'>\n\t\t\t\t\t<a class=\"rollover rollover-zoom dt-pswp-item\" title=\"171201675_453988285824073_512327273165766657_n\" data-dt-img-description=\"\" data-large_image_width=\"339\" data-large_image_height=\"206\"href='https:\/\/www.radiopiu.net\/wordpress\/wp-content\/uploads\/2021\/04\/171201675_453988285824073_512327273165766657_n.jpg'><img loading=\"lazy\" decoding=\"async\" width=\"150\" height=\"150\" src=\"https:\/\/www.radiopiu.net\/wordpress\/wp-content\/uploads\/2021\/04\/171201675_453988285824073_512327273165766657_n-150x150.jpg\" class=\"attachment-thumbnail size-thumbnail\" alt=\"\" \/><\/a>\n\t\t\t\t<\/dt><\/dl><dl class='gallery-item'>\n\t\t\t\t<dt class='gallery-icon landscape'>\n\t\t\t\t\t<a class=\"rollover rollover-zoom dt-pswp-item\" title=\"172836315_450711956184293_6650708947281716601_n\" data-dt-img-description=\"\" data-large_image_width=\"348\" data-large_image_height=\"206\"href='https:\/\/www.radiopiu.net\/wordpress\/wp-content\/uploads\/2021\/04\/172836315_450711956184293_6650708947281716601_n.jpg'><img loading=\"lazy\" decoding=\"async\" width=\"150\" height=\"150\" src=\"https:\/\/www.radiopiu.net\/wordpress\/wp-content\/uploads\/2021\/04\/172836315_450711956184293_6650708947281716601_n-150x150.jpg\" class=\"attachment-thumbnail size-thumbnail\" alt=\"\" \/><\/a>\n\t\t\t\t<\/dt><\/dl><dl class='gallery-item'>\n\t\t\t\t<dt class='gallery-icon portrait'>\n\t\t\t\t\t<a class=\"rollover rollover-zoom dt-pswp-item\" title=\"172129332_477848766963437_6235166455546957150_n\" data-dt-img-description=\"\" data-large_image_width=\"155\" data-large_image_height=\"240\"href='https:\/\/www.radiopiu.net\/wordpress\/wp-content\/uploads\/2021\/04\/172129332_477848766963437_6235166455546957150_n.jpg'><img loading=\"lazy\" decoding=\"async\" width=\"150\" height=\"150\" src=\"https:\/\/www.radiopiu.net\/wordpress\/wp-content\/uploads\/2021\/04\/172129332_477848766963437_6235166455546957150_n-150x150.jpg\" class=\"attachment-thumbnail size-thumbnail\" alt=\"\" \/><\/a>\n\t\t\t\t<\/dt><\/dl><br style=\"clear: both\" \/>\n\t\t\t<\/div>\n\n<p><span class=\"tojvnm2t a6sixzi8 abs2jz4q a8s20v7p t1p8iaqh k5wvi7nf q3lfd5jv pk4s997a bipmatt0 cebpdrjk qowsmv63 owwhemhu dp1hu0rb dhp61c6y iyyx5f41\">NELLE FOTO (riproduzioni dalla guida \u201cCol di Lana-Marmolada\u201d): la copertina della pubblicazione; sulla sinistra una parte del residuo cratere di mina con il cippo, in primo piano la chiesetta di Cima Lana; 1915: l\u2019Italia in guerra con l\u2019Austria; scaletta ed osservatorio in cima al Piccolo Settsass; Peppino Garibaldi al centro; fra Selva e Pra de Pontin, traino di un obice d 210; particolare della sezione di sinistra della batteria di obici da 210 a Pra de Pontin nell\u2019estate 1915; una colonna in sosta davanti all\u2019hotel \u201cMiniere\u201d di Agordo; Villagrande, oggi Colle Santa Lucia: una donna disseta un portatore di avvisi; il monumento sulla cima nord.-orientale del Col di Lana; prigionieri bosniaci e fanti del 59. Reggimento fanteria della Brigata Calabria; il fortilizio italiano di punta Serauta, zona sacra, visitabile d\u2019estate, a quota 3000; alpini al Passo Ombretta; rara foto d\u2019epoca dell\u2019interno della \u201cCitt\u00e0 di ghiaccio\u201d dentro un crepaccio profondo decine di metri; 1915: veduta di Caprile con i baraccamenti per la truppa nella zona di Saviner di Laste (Rocca Pietore, Belluno); cannone italiano da 149 in postazione.<\/span><\/p>\n<hr \/>\n<h2><span style=\"color: #800080;\"><strong>LA RASSEGNA STAMPA DA L&#8217;AMICO DEL POPOLO\u00a0<\/strong><\/span><\/h2>\n<h3 class=\"kvgmc6g5 cxmmr5t8 oygrvhab hcukyx3x c1et5uql\"><span style=\"color: #0000ff;\"> INFORMAZIONE il canale su TELEGRAM informazione di prima mano e in tempo reale. iscriviti ed aiutaci a farlo conoscere\u00a0<\/span><\/h3>\n<p>&nbsp;<\/p>\n<p>&nbsp;<\/p>\n<p><strong><a href=\"https:\/\/www.radiopiu.net\/wordpress\/il-sindaco-di-san-tomaso-difende-villeggianti-e-proprietari-di-seconde-case\/moreno-de-val-12\/\" rel=\"attachment wp-att-179073\"><img loading=\"lazy\" decoding=\"async\" class=\" wp-image-179073 alignleft\" src=\"https:\/\/www.radiopiu.net\/wordpress\/wp-content\/uploads\/2020\/12\/MORENO-DE-VAL.jpg\" alt=\"\" width=\"145\" height=\"138\" \/><\/a><\/strong><\/p>\n<p>&nbsp;<\/p>\n<p><strong>di Gianni Santomaso<\/strong><\/p>\n<p>OSPITE: Moreno De Val<\/p>\n<\/div>\n<\/div>\n<\/div>\n<p>&nbsp;<\/p>\n<p>&nbsp;<\/p>\n<audio class=\"wp-audio-shortcode\" id=\"audio-202606-6\" preload=\"none\" style=\"width: 100%;\" controls=\"controls\"><source type=\"audio\/mpeg\" src=\"https:\/\/www.radiopiu.net\/wordpress\/wp-content\/uploads\/2021\/04\/RASSEGNA-GIANNI-1.mp3?_=6\" \/><a href=\"https:\/\/www.radiopiu.net\/wordpress\/wp-content\/uploads\/2021\/04\/RASSEGNA-GIANNI-1.mp3\">https:\/\/www.radiopiu.net\/wordpress\/wp-content\/uploads\/2021\/04\/RASSEGNA-GIANNI-1.mp3<\/a><\/audio>\n<div class=\"page\" title=\"Page 1\">\n<div class=\"layoutArea\">\n<div class=\"column\">\n<p><strong>LA RACCOLTA COMPLETA<\/strong><\/p>\n<blockquote class=\"wp-embedded-content\" data-secret=\"loI1T2xtr6\"><p><a href=\"https:\/\/www.radiopiu.net\/wordpress\/rassegna-stampa-di-gianni-santomaso\/\">Rassegna stampa da l&#8217;amico del popolo &#8211; di Gianni Santomaso<\/a><\/p><\/blockquote>\n<p><iframe loading=\"lazy\" class=\"wp-embedded-content\" sandbox=\"allow-scripts\" security=\"restricted\" style=\"position: absolute; clip: rect(1px, 1px, 1px, 1px);\" title=\"&#8220;Rassegna stampa da l&#8217;amico del popolo &#8211; di Gianni Santomaso&#8221; &#8212; Radio Pi\u00f9\" src=\"https:\/\/www.radiopiu.net\/wordpress\/rassegna-stampa-di-gianni-santomaso\/embed\/#?secret=loI1T2xtr6\" data-secret=\"loI1T2xtr6\" width=\"600\" height=\"338\" frameborder=\"0\" marginwidth=\"0\" marginheight=\"0\" scrolling=\"no\"><\/iframe><\/p>\n<p>&nbsp;<\/p>\n<hr \/>\n<p>&nbsp;<\/p>\n<div class=\"b654a4as d2edcug0\">\n<div class=\"j83agx80 btwxx1t3 lhclo0ds hop8lmos nkwizq5d scwd0bx6 roh60bw9\">\n<div class=\"rq0escxv hkbzh7o3 jwdofwj8 n8tt0mok r8blr3vg hyh9befq\">\n<div class=\"do00u71z l9j0dhe7 k4urcfbm\">\n<div>\n<h2><span style=\"color: #000080;\"><a class=\"dt-pswp-item\" href=\"https:\/\/www.radiopiu.net\/wordpress\/wp-content\/uploads\/2020\/10\/pp.jpg\" data-dt-img-description=\"\" data-large_image_width=\"640\" data-large_image_height=\"640\"><img loading=\"lazy\" decoding=\"async\" class=\"wp-image-163678 alignleft\" src=\"https:\/\/www.radiopiu.net\/wordpress\/wp-content\/uploads\/2020\/10\/pp-300x300.jpg\" alt=\"\" width=\"106\" height=\"106\" srcset=\"https:\/\/www.radiopiu.net\/wordpress\/wp-content\/uploads\/2020\/10\/pp-300x300.jpg 300w, https:\/\/www.radiopiu.net\/wordpress\/wp-content\/uploads\/2020\/10\/pp-150x150.jpg 150w, https:\/\/www.radiopiu.net\/wordpress\/wp-content\/uploads\/2020\/10\/pp-125x125.jpg 125w, https:\/\/www.radiopiu.net\/wordpress\/wp-content\/uploads\/2020\/10\/pp-200x200.jpg 200w, https:\/\/www.radiopiu.net\/wordpress\/wp-content\/uploads\/2020\/10\/pp-80x80.jpg 80w, https:\/\/www.radiopiu.net\/wordpress\/wp-content\/uploads\/2020\/10\/pp-480x480.jpg 480w, https:\/\/www.radiopiu.net\/wordpress\/wp-content\/uploads\/2020\/10\/pp.jpg 640w\" sizes=\"auto, (max-width: 106px) 100vw, 106px\" \/><\/a><\/span><\/h2>\n<h2><span style=\"color: #000080;\">DON CESARE, IL PENSIERO DEL GIORNO. ALLA RADIO ALLE 7 DEL MATTINO E ALLE 19.30 DELLA SERA.\u00a0\u00a0<\/span><\/h2>\n<\/div>\n<\/div>\n<p>&nbsp;<\/p>\n<\/div>\n<\/div>\n<\/div>\n<p>&nbsp;<\/p>\n<div class=\"b654a4as d2edcug0\">\n<p>&nbsp;<\/p>\n<p>&nbsp;<\/p>\n<\/div>\n<hr \/>\n<p>&nbsp;<\/p>\n<blockquote>\n<h3>IO NE HO VISTE COSE CHE VOI NON POTRESTE IMMAGINARVI<\/h3>\n<\/blockquote>\n<p>Un programma di Claudio Pra, dal lunedi al venerdi \u00a0alle 8.45 ed in replica alle 19.45.<\/p>\n<p><strong><a href=\"https:\/\/www.radiopiu.net\/wordpress\/programma2asaas\/52390a91-673e-40ba-ab9c-df12e9e19f8a\/\" rel=\"attachment wp-att-202155\"><img loading=\"lazy\" decoding=\"async\" class=\"wp-image-202155 alignleft\" src=\"https:\/\/www.radiopiu.net\/wordpress\/wp-content\/uploads\/2021\/04\/52390a91-673e-40ba-ab9c-df12e9e19f8a-300x168.jpg\" alt=\"\" width=\"143\" height=\"80\" srcset=\"https:\/\/www.radiopiu.net\/wordpress\/wp-content\/uploads\/2021\/04\/52390a91-673e-40ba-ab9c-df12e9e19f8a-300x168.jpg 300w, https:\/\/www.radiopiu.net\/wordpress\/wp-content\/uploads\/2021\/04\/52390a91-673e-40ba-ab9c-df12e9e19f8a-1024x575.jpg 1024w, https:\/\/www.radiopiu.net\/wordpress\/wp-content\/uploads\/2021\/04\/52390a91-673e-40ba-ab9c-df12e9e19f8a-768x431.jpg 768w, https:\/\/www.radiopiu.net\/wordpress\/wp-content\/uploads\/2021\/04\/52390a91-673e-40ba-ab9c-df12e9e19f8a-1536x862.jpg 1536w, https:\/\/www.radiopiu.net\/wordpress\/wp-content\/uploads\/2021\/04\/52390a91-673e-40ba-ab9c-df12e9e19f8a.jpg 1600w\" sizes=\"auto, (max-width: 143px) 100vw, 143px\" \/><\/a><\/strong><\/p>\n<\/div>\n<\/div>\n<p>&nbsp;<\/p>\n<div class=\"layoutArea\">\n<div class=\"column\">\n<p><span style=\"color: #000000;\"><strong>LA RACCOLTA COMPLETA<\/strong><\/span><\/p>\n<p>https:\/\/www.radiopiu.net\/wordpress\/programma2\/<\/p>\n<p>&nbsp;<\/p>\n<p>&nbsp;<\/p>\n<hr \/>\n<p>&nbsp;<\/p>\n<p>&nbsp;<\/p>\n<h1 style=\"text-align: center;\"><span style=\"color: #0000ff;\"><strong><a style=\"color: #0000ff;\" href=\"https:\/\/hermescomms.pontiradiopr.it\/radio-piu-intervista-francesco-zillio-di-epcenter-nostro-nuovo-partner\/\">NOVITA&#8217; EPCENTER CLICCA QUI<\/a><\/strong><\/span><\/h1>\n<h3><strong>LA RACCOLTA COMPLETA\u00a0<\/strong><\/h3>\n<div>\u200b<\/div>\n<p>\u200b<\/p>\n<p>&nbsp;<\/p>\n<hr \/>\n<p>&nbsp;<\/p>\n<h2><span style=\"color: #ff0000;\">dalla nuova generazione&#8230; cultura e tradizione<\/span><\/h2>\n<blockquote>\n<h3><em>PIAZA LADINA ALLA RADIO<\/em><\/h3>\n<\/blockquote>\n<p><strong>LA\u00a0 SESTA PUNTATA\u00a0 \u00a0&#8220;Bilinguismo&#8221;<\/strong><\/p>\n<blockquote>\n<h2>LA RACCOLTA COMPLETA<\/h2>\n<\/blockquote>\n<p>&nbsp;<\/p>\n<p>&nbsp;<\/p>\n<div class=\"b654a4as d2edcug0\">\n<p>&nbsp;<\/p>\n<hr \/>\n<\/div>\n<blockquote>\n<div class=\"b654a4as d2edcug0\">\n<p>&nbsp;<\/p>\n<h2><span style=\"color: #ff0000;\">ALLA RADIO<\/span><\/h2>\n<h2><span style=\"color: #008000;\">ERBE E PIANTE CURATIVE&#8230;IL\u00a0 PROGRAMMA DI PAOLA LANCIATO<\/span><\/h2>\n<p><strong><a href=\"https:\/\/www.radiopiu.net\/wordpress\/erbe-e-piante-curative-il-mandorlo\/almond-tree-3308361_1280\/\" rel=\"attachment wp-att-200195\"><img loading=\"lazy\" decoding=\"async\" class=\" wp-image-200195 alignleft\" src=\"https:\/\/www.radiopiu.net\/wordpress\/wp-content\/uploads\/2021\/03\/almond-tree-3308361_1280-300x200.jpg\" alt=\"\" width=\"176\" height=\"117\" srcset=\"https:\/\/www.radiopiu.net\/wordpress\/wp-content\/uploads\/2021\/03\/almond-tree-3308361_1280-300x200.jpg 300w, https:\/\/www.radiopiu.net\/wordpress\/wp-content\/uploads\/2021\/03\/almond-tree-3308361_1280-1024x682.jpg 1024w, https:\/\/www.radiopiu.net\/wordpress\/wp-content\/uploads\/2021\/03\/almond-tree-3308361_1280-768x512.jpg 768w, https:\/\/www.radiopiu.net\/wordpress\/wp-content\/uploads\/2021\/03\/almond-tree-3308361_1280.jpg 1280w\" sizes=\"auto, (max-width: 176px) 100vw, 176px\" \/><\/a>PUNTATA 10, L&#8217;ARANCIO<\/strong><\/p>\n<p><strong>LA RACCOLTA COMPLETA<\/strong><\/p>\n<\/div>\n<p>&nbsp;<\/p>\n<p>&nbsp;<\/p>\n<p>&nbsp;<\/p>\n<div class=\"b654a4as d2edcug0\">\n<p>&nbsp;<\/p>\n<\/div>\n<p>&nbsp;<\/p>\n<hr \/>\n<p>&nbsp;<\/p>\n<blockquote>\n<h2><a href=\"https:\/\/www.radiopiu.net\/wordpress\/speciale-solidarieta-veneto\/solidarieta-veneto-3\/\" rel=\"attachment wp-att-134366\"><img loading=\"lazy\" decoding=\"async\" class=\"wp-image-134366 alignleft\" src=\"https:\/\/www.radiopiu.net\/wordpress\/wp-content\/uploads\/2020\/05\/solidariet\u00e0-veneto-300x210.jpg\" alt=\"\" width=\"102\" height=\"71\" srcset=\"https:\/\/www.radiopiu.net\/wordpress\/wp-content\/uploads\/2020\/05\/solidariet\u00e0-veneto-300x210.jpg 300w, https:\/\/www.radiopiu.net\/wordpress\/wp-content\/uploads\/2020\/05\/solidariet\u00e0-veneto-1024x717.jpg 1024w, https:\/\/www.radiopiu.net\/wordpress\/wp-content\/uploads\/2020\/05\/solidariet\u00e0-veneto-768x538.jpg 768w, https:\/\/www.radiopiu.net\/wordpress\/wp-content\/uploads\/2020\/05\/solidariet\u00e0-veneto.jpg 1373w\" sizes=\"auto, (max-width: 102px) 100vw, 102px\" \/><\/a>SOLIDARIETA&#8217; VENETO FONDO PENSIONE, IN ONDA IL PRIMO VENERDI DEL MESE ALLE 10.30 E ALLE 19.00 QUINTA STAGIONE<\/h2>\n<\/blockquote>\n<p><strong>AUDIO APRILE 2021<\/strong><\/p>\n<p>&nbsp;<\/p>\n<blockquote>\n<h2>RACCOLTA COMPLETA<\/h2>\n<\/blockquote>\n<blockquote class=\"wp-embedded-content\" data-secret=\"dnmSq0ppqI\"><p><a href=\"https:\/\/www.radiopiu.net\/wordpress\/solidarieta-veneto\/\">Solidariet\u00e0 Veneto<\/a><\/p><\/blockquote>\n<p><iframe loading=\"lazy\" class=\"wp-embedded-content\" sandbox=\"allow-scripts\" security=\"restricted\" style=\"position: absolute; clip: rect(1px, 1px, 1px, 1px);\" title=\"&#8220;Solidariet\u00e0 Veneto&#8221; &#8212; Radio Pi\u00f9\" src=\"https:\/\/www.radiopiu.net\/wordpress\/solidarieta-veneto\/embed\/#?secret=dnmSq0ppqI\" data-secret=\"dnmSq0ppqI\" width=\"600\" height=\"338\" frameborder=\"0\" marginwidth=\"0\" marginheight=\"0\" scrolling=\"no\"><\/iframe><\/p>\n<p>&nbsp;<\/p>\n<p>&nbsp;<\/p>\n<hr \/>\n<p>&nbsp;<\/p>\n<p>&nbsp;<\/p>\n<blockquote>\n<h2>FANTASTICHE DOLOMITI, NUOVA STAGIONE. APPUNTAMENTO QUINDICINALE IL GIOVEDI ALLE 10.30 E 19.00<\/h2>\n<\/blockquote>\n<h2><span style=\"color: #ff0000;\">PUNTATA NUMERO 12\u00a0 del\u00a0 31marzo2021<\/span><\/h2>\n<p><strong><a href=\"https:\/\/www.radiopiu.net\/wordpress\/raccolta-completa\/121869645_648442942701436_4748562330148520081_n-2\/\" rel=\"attachment wp-att-196402\"><img loading=\"lazy\" decoding=\"async\" class=\"wp-image-196402 alignleft\" src=\"https:\/\/www.radiopiu.net\/wordpress\/wp-content\/uploads\/2021\/02\/121869645_648442942701436_4748562330148520081_n-1-300x169.jpg\" alt=\"\" width=\"160\" height=\"90\" srcset=\"https:\/\/www.radiopiu.net\/wordpress\/wp-content\/uploads\/2021\/02\/121869645_648442942701436_4748562330148520081_n-1-300x169.jpg 300w, https:\/\/www.radiopiu.net\/wordpress\/wp-content\/uploads\/2021\/02\/121869645_648442942701436_4748562330148520081_n-1-1024x576.jpg 1024w, https:\/\/www.radiopiu.net\/wordpress\/wp-content\/uploads\/2021\/02\/121869645_648442942701436_4748562330148520081_n-1-768x432.jpg 768w, https:\/\/www.radiopiu.net\/wordpress\/wp-content\/uploads\/2021\/02\/121869645_648442942701436_4748562330148520081_n-1-1536x864.jpg 1536w, https:\/\/www.radiopiu.net\/wordpress\/wp-content\/uploads\/2021\/02\/121869645_648442942701436_4748562330148520081_n-1.jpg 1707w\" sizes=\"auto, (max-width: 160px) 100vw, 160px\" \/><\/a>OSPITE IL PRESIDENTE CLAUDIO CANOVA, due giovani veterinari Michele e Maria investono nell&#8217;attivit\u00e0 sostenibile, l&#8217;allevamento delle trote a Piz di Sospirolo<\/strong><\/p>\n<p>&nbsp;<\/p>\n<h3>LA RACCOLTA COMPLETA<\/h3>\n<p>https:\/\/www.radiopiu.net\/wordpress\/raccolta-completa\/<\/p>\n<p>&nbsp;<\/p>\n<p>&nbsp;<\/p>\n<hr \/>\n<p>&nbsp;<\/p>\n<p>&nbsp;<\/p>\n<div>\n<h2><span style=\"color: #ff0000;\">ALLA RADIO<\/span><\/h2>\n<\/div>\n<div>\n<h2><strong>LE\u00a0 PUNTATE di Luisa Alchini di Leggermente Bellunesi, la domenica alle 11, <span style=\"color: #0000ff;\">IL MARTEDI IN PRIMA EDIZIONE\u00a0<\/span> alle 10.30 e alle 19.00<\/strong><\/h2>\n<\/div>\n<p><strong><span style=\"color: #000000;\">RACCOLTA COMPLETA<\/span><\/strong><\/p>\n<p>&nbsp;<\/p>\n<p>&nbsp;<\/p>\n<p>&nbsp;<\/p>\n<hr \/>\n<h2><span style=\"color: #808000;\">DUE MINUTI UN LIBRO\u00a0 TUTTI I GIORNI ALLA RADIO ALLE 9.30 E ALLE 18. QUINTA STAGIONE\u00a0\u00a0<\/span><\/h2>\n<h3>LA RACCOLTA COMPLETA<\/h3>\n<p>&nbsp;<\/p>\n<p>&nbsp;<\/p>\n<p>&nbsp;<\/p>\n<p>&nbsp;<\/p>\n<hr \/>\n<p>&nbsp;<\/p>\n<p>&nbsp;<\/p>\n<h1><span style=\"color: #ff0000;\"><strong>IN VIVO VERSO 2020-21<\/strong><\/span><\/h1>\n<blockquote><p><span style=\"color: #ff0000;\"><strong>IN ONDA DAL LUNEDI AL VENERDI ALLE 7.10, 10.10, 18.50\u00a0 \u00a0<\/strong><\/span><\/p><\/blockquote>\n<p><strong>LA RACCOLTA COMPLETA<\/strong><\/p>\n<hr \/>\n<p>&nbsp;<\/p>\n<p>&nbsp;<\/p>\n<h2><span style=\"color: #ff0000;\"><a href=\"https:\/\/www.radiopiu.net\/wordpress\/giornale-radiopiu-05-gennaio-2021-direttore-mirko-mezzacasa\/133200401_100838761953611_1258544160541445132_o-2\/\" rel=\"attachment wp-att-183078\"><img loading=\"lazy\" decoding=\"async\" class=\" wp-image-183078 alignleft\" src=\"https:\/\/www.radiopiu.net\/wordpress\/wp-content\/uploads\/2021\/01\/133200401_100838761953611_1258544160541445132_o-1-300x157.jpg\" alt=\"\" width=\"192\" height=\"101\" srcset=\"https:\/\/www.radiopiu.net\/wordpress\/wp-content\/uploads\/2021\/01\/133200401_100838761953611_1258544160541445132_o-1-300x157.jpg 300w, https:\/\/www.radiopiu.net\/wordpress\/wp-content\/uploads\/2021\/01\/133200401_100838761953611_1258544160541445132_o-1.jpg 526w\" sizes=\"auto, (max-width: 192px) 100vw, 192px\" \/><\/a>GOCCE DI FILOSOFIA, CON CHIARA CAU, CON LISA DE LUCA. <\/span><\/h2>\n<h2><span style=\"color: #ff0000;\">TUTTI I GIORNI DAL LUNEDI AL VENERDI ALLE 6.55 E ALLE 18.55<\/span><\/h2>\n<p>&nbsp;<\/p>\n<h3>LA RACCOLTA COMPLETA<\/h3>\n<blockquote class=\"wp-embedded-content\" data-secret=\"s7MP8tjWZ4\"><p><a href=\"https:\/\/www.radiopiu.net\/wordpress\/gocce-filosofia\/\">Gocce di filosofia<\/a><\/p><\/blockquote>\n<p><iframe loading=\"lazy\" class=\"wp-embedded-content\" sandbox=\"allow-scripts\" security=\"restricted\" style=\"position: absolute; clip: rect(1px, 1px, 1px, 1px);\" title=\"&#8220;Gocce di filosofia&#8221; &#8212; Radio Pi\u00f9\" src=\"https:\/\/www.radiopiu.net\/wordpress\/gocce-filosofia\/embed\/#?secret=s7MP8tjWZ4\" data-secret=\"s7MP8tjWZ4\" width=\"600\" height=\"338\" frameborder=\"0\" marginwidth=\"0\" marginheight=\"0\" scrolling=\"no\"><\/iframe><\/p>\n<p>&nbsp;<\/p>\n<hr \/>\n<p>&nbsp;<\/p>\n<p>&nbsp;<\/p>\n<blockquote>\n<h3><a href=\"https:\/\/www.radiopiu.net\/wordpress\/almanacco-ladino-puntata-5-2020\/sn\/\" rel=\"attachment wp-att-180931\"><img loading=\"lazy\" decoding=\"async\" class=\"wp-image-180931 alignleft\" src=\"https:\/\/www.radiopiu.net\/wordpress\/wp-content\/uploads\/2020\/12\/sn-300x194.jpg\" alt=\"\" width=\"181\" height=\"117\" srcset=\"https:\/\/www.radiopiu.net\/wordpress\/wp-content\/uploads\/2020\/12\/sn-300x194.jpg 300w, https:\/\/www.radiopiu.net\/wordpress\/wp-content\/uploads\/2020\/12\/sn.jpg 626w\" sizes=\"auto, (max-width: 181px) 100vw, 181px\" \/><\/a>L&#8217;ALMANACCO LADINO CON L&#8217;ISTITUT CESA DE JAN QUINDICINALE APPUNTAMENTO. LA DOMENICA ALLE 9 IL LUNEDI ALLE 8.35 IL MARTEDI ALLE 12.35 IL MERCOLEDI ALLE 18.35. SECONDA STAGIONE.<\/h3>\n<\/blockquote>\n<p>&nbsp;<\/p>\n<p><strong>RACCOLTA COMPLETA\u00a0<\/strong><\/p>\n<blockquote class=\"wp-embedded-content\" data-secret=\"D1SIoyfcJL\"><p><a href=\"https:\/\/www.radiopiu.net\/wordpress\/almanacco-ladino\/\">Almanacco Ladino<\/a><\/p><\/blockquote>\n<p><iframe loading=\"lazy\" class=\"wp-embedded-content\" sandbox=\"allow-scripts\" security=\"restricted\" style=\"position: absolute; clip: rect(1px, 1px, 1px, 1px);\" title=\"&#8220;Almanacco Ladino&#8221; &#8212; Radio Pi\u00f9\" src=\"https:\/\/www.radiopiu.net\/wordpress\/almanacco-ladino\/embed\/#?secret=D1SIoyfcJL\" data-secret=\"D1SIoyfcJL\" width=\"600\" height=\"338\" frameborder=\"0\" marginwidth=\"0\" marginheight=\"0\" scrolling=\"no\"><\/iframe><\/p>\n<div dir=\"auto\">\n<hr \/>\n<p>&nbsp;<\/p>\n<blockquote>\n<h3>SALUTE E SOCIETA&#8217; IL LUNEDI ALLE 13.10 E ALLE 20.10, LA DOMENICA ALLE 10.30 A CURA DEL DOTTOR MARCO CARACCIOLO. QUINTA STAGIONE<\/h3>\n<\/blockquote>\n<p><strong><a href=\"https:\/\/www.radiopiu.net\/wordpress\/giornale-radiopiu-06-aprile-2021-direttore-mirko-mezzacasa\/97fbdb37-325b-4b99-bea8-766aab667fc3\/\" rel=\"attachment wp-att-201410\"><img loading=\"lazy\" decoding=\"async\" class=\"size-medium wp-image-201410 alignleft\" src=\"https:\/\/www.radiopiu.net\/wordpress\/wp-content\/uploads\/2021\/04\/97fbdb37-325b-4b99-bea8-766aab667fc3-300x169.jpg\" alt=\"\" width=\"300\" height=\"169\" srcset=\"https:\/\/www.radiopiu.net\/wordpress\/wp-content\/uploads\/2021\/04\/97fbdb37-325b-4b99-bea8-766aab667fc3-300x169.jpg 300w, https:\/\/www.radiopiu.net\/wordpress\/wp-content\/uploads\/2021\/04\/97fbdb37-325b-4b99-bea8-766aab667fc3-1024x576.jpg 1024w, https:\/\/www.radiopiu.net\/wordpress\/wp-content\/uploads\/2021\/04\/97fbdb37-325b-4b99-bea8-766aab667fc3-768x432.jpg 768w, https:\/\/www.radiopiu.net\/wordpress\/wp-content\/uploads\/2021\/04\/97fbdb37-325b-4b99-bea8-766aab667fc3.jpg 1280w\" sizes=\"auto, (max-width: 300px) 100vw, 300px\" \/><\/a>LA PUNTATA DELLA SETTIMANA<\/strong><\/p>\n<p>L\u2019asma \u00e8 una malattia caratterizzata da infiammazione cronica delle vie aeree e definita da una storia di sintomi respiratori quali sibili, mancanza di respiro, costrizione toracica e tosse che variano nel tempo e di intensit\u00e0, insieme ad una variabile limitazione del flusso espiratorio. Per i piccoli pazienti asmatici il trattamento farmacologico ha obiettivi ambiziosi: ridurre il numero di riacutizzazioni e i sintomi nel corso della giornata o della notte, tanto da permettere di svolgere le normali attivit\u00e0 quotidiane e l\u2019attivit\u00e0 sportiva. Gian Luigi Marseglia, presidente Siaip (Societ\u00e0 italiana di Allergologia e immunologia pediatrica Giorgio Piacentini, professore ordinario di Pediatria all\u2019uUniversit\u00e0 di Verona Mariangela Tosca, responsabile del Centro di Allergologia dell\u2019Istituto Gaslini di Genova<\/p>\n<h3><strong>LA RACCOLTA COMPLETA\u00a0<\/strong><\/h3>\n<\/div>\n<hr \/>\n<p>&nbsp;<\/p>\n<blockquote>\n<h3 class=\"kvgmc6g5 cxmmr5t8 oygrvhab hcukyx3x c1et5uql\"><span style=\"color: #0000ff;\">INFORMAZIONE il canale su TELEGRAM informazione di prima mano e in tempo reale. iscriviti ed aiutaci a farlo conoscere\u00a0<\/span><\/h3>\n<\/blockquote>\n<h2><img loading=\"lazy\" decoding=\"async\" class=\"alignleft\" src=\"https:\/\/www.radiopiu.net\/wordpress\/wp-content\/uploads\/2021\/03\/narr.jpg\" width=\"158\" height=\"105\" \/>007 IN CONDOTTA CON LA PROF. MARIA ROSA SALMAZO IL LUNEDI ALLE 10,30 E ALLE 19.00 LA DOMENICA ALLE 8 DEL MATTINO. NONA STAGIONE<\/h2>\n<p><span style=\"color: #ff0000;\"><strong>PUNTATA DEL 29 MARZO 2021<\/strong><\/span><\/p>\n<h2>LA RACCOLTA COMPLETA<\/h2>\n<blockquote><p>&nbsp;<\/p><\/blockquote>\n<p>&nbsp;<\/p><\/blockquote>\n<p>&nbsp;<\/p>\n<hr \/>\n<p>&nbsp;<\/p>\n<div>\n<h2><span style=\"color: #33cccc;\">I RACCONTI DI PAOLO SOPPELSA il lunedi alle 9.30 e 18.30<\/span><\/h2>\n<p><span style=\"color: #0000ff;\">INFORMAZIONE il canale su TELEGRAM informazione di prima mano e in tempo reale. iscriviti ed aiutaci a farlo conoscere\u00a0<\/span><\/p>\n<h2><span style=\"color: #33cccc;\"><strong>RACCOLTA COMPLETA<\/strong><\/span><\/h2>\n<\/div>\n<hr \/>\n<div><\/div>\n<p>&nbsp;<\/p>\n<h2><strong><span style=\"color: #ff0000;\">\u00a0ALLA RADIO<\/span><\/strong><\/h2>\n<div data-offset-key=\"5n5nl-0-0\">\n<h3>Per ricevere gli aggiornamenti in tempo reale delle notizie pubblicate alla radio e sul sito di radio pi\u00f9 iscriviti al gruppo RADIO PIU INFORMAZIONE su Telegram.\u00a0\u00a0<a href=\"https:\/\/t.me\/radiopiu\">clicca qui<\/a><\/h3>\n<p>&nbsp;<\/p>\n<p><strong><a class=\"dt-pswp-item\" href=\"https:\/\/www.radiopiu.net\/wordpress\/wp-content\/uploads\/2020\/01\/logo-csa.jpg\" data-dt-img-description=\"\" data-large_image_width=\"1167\" data-large_image_height=\"574\"><img loading=\"lazy\" decoding=\"async\" class=\"wp-image-113364 alignleft\" src=\"https:\/\/www.radiopiu.net\/wordpress\/wp-content\/uploads\/2020\/01\/logo-csa-300x148.jpg\" alt=\"\" width=\"182\" height=\"90\" srcset=\"https:\/\/www.radiopiu.net\/wordpress\/wp-content\/uploads\/2020\/01\/logo-csa-300x148.jpg 300w, https:\/\/www.radiopiu.net\/wordpress\/wp-content\/uploads\/2020\/01\/logo-csa-1024x504.jpg 1024w, https:\/\/www.radiopiu.net\/wordpress\/wp-content\/uploads\/2020\/01\/logo-csa-768x378.jpg 768w, https:\/\/www.radiopiu.net\/wordpress\/wp-content\/uploads\/2020\/01\/logo-csa.jpg 1167w\" sizes=\"auto, (max-width: 182px) 100vw, 182px\" \/><\/a>AGORDO<\/strong> Appuntamento mensile (primo venerdi del mese) con lo speciale condotto da Claudio<\/p>\n<p>Fontanive, in studio Fabrizio Campedel e Paolo Chissal\u00e8.<\/p>\n<\/div>\n<p><strong>PUNTATA DI MARZO<\/strong><\/p>\n<blockquote>\n<h2>RACCOLTA COMPLETA<\/h2>\n<\/blockquote>\n<blockquote class=\"wp-embedded-content\" data-secret=\"HbG2TzTPkq\"><p><a href=\"https:\/\/www.radiopiu.net\/wordpress\/cassa-solidarieta-luxottica-puntata-del-16-ottobre-2020\/\">CASSA SOLIDARIET\u00c0 LUXOTTICA &#8211; PUNTATA DEL 20 NOVEMBRE 2020<\/a><\/p><\/blockquote>\n<p><iframe loading=\"lazy\" class=\"wp-embedded-content\" sandbox=\"allow-scripts\" security=\"restricted\" style=\"position: absolute; clip: rect(1px, 1px, 1px, 1px);\" title=\"&#8220;CASSA SOLIDARIET\u00c0 LUXOTTICA &#8211; PUNTATA DEL 20 NOVEMBRE 2020&#8221; &#8212; Radio Pi\u00f9\" src=\"https:\/\/www.radiopiu.net\/wordpress\/cassa-solidarieta-luxottica-puntata-del-16-ottobre-2020\/embed\/#?secret=HbG2TzTPkq\" data-secret=\"HbG2TzTPkq\" width=\"600\" height=\"338\" frameborder=\"0\" marginwidth=\"0\" marginheight=\"0\" scrolling=\"no\"><\/iframe><\/p>\n<div><\/div>\n<p>&nbsp;<\/p>\n<p>&nbsp;<\/p>\n<p>&nbsp;<\/p>\n<hr \/>\n<blockquote>\n<h3><a href=\"https:\/\/www.radiopiu.net\/wordpress\/giornale-radiopiu-06-febbraio-2019-direttore-mirko-mezzacasa\/logo_spi-cgil-800x445\/\" rel=\"attachment wp-att-75538\"><img loading=\"lazy\" decoding=\"async\" class=\"wp-image-75538 alignleft\" src=\"https:\/\/www.radiopiu.net\/wordpress\/wp-content\/uploads\/2019\/02\/Logo_Spi-CGIL-800x445-300x167.jpg\" alt=\"\" width=\"210\" height=\"117\" srcset=\"https:\/\/www.radiopiu.net\/wordpress\/wp-content\/uploads\/2019\/02\/Logo_Spi-CGIL-800x445-300x167.jpg 300w, https:\/\/www.radiopiu.net\/wordpress\/wp-content\/uploads\/2019\/02\/Logo_Spi-CGIL-800x445-768x427.jpg 768w, https:\/\/www.radiopiu.net\/wordpress\/wp-content\/uploads\/2019\/02\/Logo_Spi-CGIL-800x445.jpg 800w\" sizes=\"auto, (max-width: 210px) 100vw, 210px\" \/><\/a>ALLA RADIO, APPUNTAMENTO QUINDICINALE CON SPI-CGIL BELLUNO, IN STUDIO MARIA RITA GENTILIN<\/h3>\n<\/blockquote>\n<p><strong>di Claudio Fontanive\u00a0<\/strong><\/p>\n<p><span style=\"color: #ff0000;\"><strong>PUNTATA DEL 18 MARZO 2021<\/strong><\/span><\/p>\n<p>&nbsp;<\/p>\n<p>&nbsp;<\/p>\n<div dir=\"auto\">\n<div>\n<p>&nbsp;<\/p>\n<\/div>\n<\/div>\n<div dir=\"auto\">\n<hr \/>\n<p>&nbsp;<\/p>\n<div>\n<p class=\"photoswipe-wrapper\"><a class=\"dt-pswp-item pspw-wrap-ready\" href=\"https:\/\/i0.wp.com\/www.radiopiu.net\/wordpress\/wp-content\/uploads\/2018\/09\/viabilita.jpeg?ssl=1\" data-dt-img-description=\"\" data-large_image_width=\"800\" data-large_image_height=\"100\"><img loading=\"lazy\" decoding=\"async\" class=\"aligncenter wp-image-61954 size-full\" src=\"https:\/\/i0.wp.com\/www.radiopiu.net\/wordpress\/wp-content\/uploads\/2018\/09\/viabilita.jpeg?resize=800%2C100&amp;ssl=1\" sizes=\"auto, (max-width: 800px) 100vw, 800px\" srcset=\"https:\/\/i0.wp.com\/www.radiopiu.net\/wordpress\/wp-content\/uploads\/2018\/09\/viabilita.jpeg?w=800&amp;ssl=1 800w, https:\/\/i0.wp.com\/www.radiopiu.net\/wordpress\/wp-content\/uploads\/2018\/09\/viabilita.jpeg?resize=300%2C38&amp;ssl=1 300w, https:\/\/i0.wp.com\/www.radiopiu.net\/wordpress\/wp-content\/uploads\/2018\/09\/viabilita.jpeg?resize=768%2C96&amp;ssl=1 768w\" alt=\"\" width=\"800\" height=\"100\" \/><\/a><\/p>\n<\/div>\n<\/div>\n<p><strong>SR 203 AGORDINA<\/strong> LISTOLADE Fino al 23 aprile senso unico semaforico, festivi e pre festivi esclusi<\/p>\n<p><strong>SP 3 VALLE IMPERINA GONA DI CONEDERA<\/strong>\u00a0 fino al 28 aprile Senso unico con semaforo, compresi sabato e domenica<\/p>\n<p><strong>SP 346 SAN PELLEGRINO<\/strong> CANALE D&#8217;AGORDO-VALLADA: senso unico fino al 15 maggio compresi festivi e prefestivi<\/p>\n<p class=\"p1\"><strong>SP 10 DI ALANO<\/strong> LOC. LE SORGENTI interruzione totale alla viabilit\u00e0 fino al 19 maggio, dalle 8 alle 12 e dalle 13 alle 18, esclusi sabato e domenica<\/p>\n<p class=\"p1\"><strong>SR 203 AGORDINA<\/strong> LOCALITA BATTAIA -COLLE SANTA LUCIA fino al 15 maggio (festivi e prefestivi compresi) senso unico alternato<\/p>\n<p><strong>SR 203 AGORDINA<\/strong> dal 12 al 16 aprile in localit\u00e0 Peron di Sedico, senso unico alternato regolato da impianto semaforico per posa tubazione idrica<\/p>\n<p><strong>SP 347 DEL PASSO CEREDA E DURAN\u00a0<\/strong>in comune di Voltago, dal 6 al 16 aprile escluso sabato e domenica, senso unico alternato regolato da impianto semaforico per realizzazione tombinature<\/p>\n<p><strong>SP 1 SINISTRA PIAVE<\/strong> nei giorni 12 e 13 aprile senso unico alternato regolato da movieri dalle 7:30 alle 17:30 per lavori taglio alberi<\/p>\n<p><strong>SP 148 CADORNA\u00a0<\/strong>in comune di Fonzaso, Dal 12 al 30 aprile senso unico alternato regolato da impianto semaforico e possibili interruzioni di massimo 30 minuti, compresi sabato, domenica e festivi per messa in sicurezza della strada<\/p>\n<p><strong>SP 473 DI CROCE D&#8217;AUNE<\/strong> fino al 30 aprile in comune di Pedavena, sabato e domenica esclusi, senso unico alternato regolato da semaforo o movieri dalle 8 alle 18 per taglio piante<\/p>\n<p><strong>SP 12 PEDEMONTANA<\/strong> dal 6 aprile al 7 maggio, sabato e domenica compresi, senso unico alternato regolato da semaforo in localit\u00e0 Salgarda in comune di Feltre per posa condotta smaltimento acque meteoriche<\/p>\n<p><strong>SP 1 BIS MADONNA DEL PAIVE<\/strong> Dal 6 al 13 aprile, esclusi sabato e domenica, dalle 8 alle 18 in localit\u00e0 Marziai di Quero Vas, senso unico alternato regolato da semaforo o movieri per posa cavidotto per conto di E-Distribuzione<\/p>\n<p><strong>SR 203 AGORDINA <\/strong>senso unico alternato regolato da\u00a0 movieri per tratti di 300 metri in localit\u00e0 La Stanga dal 12 al 30 aprile dalle 8 alle 12 e dalle 13 alle 18 per lavori di ripristino del manto d&#8217;usura<\/p>\n<p><strong>SP 473 CROCE<\/strong> <strong>D&#8217;AUNE<\/strong> Dalle 8 alle 18, dal 23 marzo al 30 aprile compresi sabato domenica e festivi, senso unico alternato regolato da impianto semaforico in comune di Sovramonte per sostituzione barriere di sicurezza<\/p>\n<div dir=\"auto\">\n<p><strong>SR 48 DELLE DOLOMITI\u00a0<\/strong>Dal 22 marzo al 30 aprile, dalle 7 alle 18 esclusi sabato domenica e festivi, interruzioni alla viabilit\u00e0 della durata massima di 20 minuti e senso unico alternato regolato da impianto semaforico per messa in sicurezza del versante a monte della strada in comune di Livinallongo<\/p>\n<p><strong>SP 473 CROCE D&#8217;AUNE<\/strong> dal 18 marzo al 15 aprile interdizione totale al traffico in localit\u00e0 Pedavena per ristrutturazione fabbricato. Traffico deviato su Via Trento<\/p>\n<p><strong>SP 473 CROCE D&#8217;AUNE\u00a0<\/strong> dal 18 marzo al 16 aprile, in localit\u00e0 Sarzen, interdizione totale alla viabilit\u00e0 ad eccezione di domeniche e festivi infrasettimanali per lavori di posa canalizzazioni per conto di E-Distribuzione. Transito consentito solo a mezzi pubblici, scolastici e di soccorso<\/p>\n<p><strong>203 AGORDINA LIVINALLONGO <\/strong>dal 15 marzo per un mese (inclusi festivi e prefestivi) senso unico in localit\u00e0 Ponte Pignazza<\/p>\n<p><strong>SP 251 DELLA VAL DI ZOLDO E CELLINA<\/strong> Istituzione di senso unico alternato regolato da semaforo nel comune di Val di Zoldo per messa in sicurezza della strada<\/p>\n<p><strong>SP 42 CAVALLERA<\/strong> fino a revoca, chiusura della strada nell&#8217;abitato di Perarolo per attivazione emergenza frana &#8220;Busa del Cristo&#8221;<\/p>\n<p><strong>S.P.2 DELLA VALLE DEL MIS\u00a0<\/strong>Interdizione totale al traffico fino a revoca dal km 14,920 (localit\u00e0 Gona Bassa) al km 20,650 (localit\u00e0 Titele) per cedimento della carreggiata<\/p>\n<p><strong>S.P. 5 DI LAMOSANO<\/strong>\u00a0Interdizione totale fino a revoca per presenza di materiale e alberi in strada.<\/p>\n<p><strong>SP 3 DELLA VAL IMPERINA<\/strong> fino a revoca, senso unico alternato regolato a vista in localit\u00e0 Gona di Conedera di Rivamonte per cedimento della carreggiata stradale<\/p>\n<\/div>\n<p>&nbsp;<\/p>\n<div dir=\"auto\">\n<hr \/>\n<p>&nbsp;<\/p>\n<div>\n<p class=\"photoswipe-wrapper\"><a class=\"dt-pswp-item pspw-wrap-ready\" href=\"https:\/\/i0.wp.com\/www.radiopiu.net\/wordpress\/wp-content\/uploads\/2018\/09\/WhatsApp-Image-2018-09-20-at-16.04.06.jpeg?ssl=1\" data-dt-img-description=\"\" data-large_image_width=\"800\" data-large_image_height=\"100\"><img loading=\"lazy\" decoding=\"async\" class=\"aligncenter wp-image-61378 size-full jetpack-lazy-image jetpack-lazy-image--handled\" src=\"https:\/\/i0.wp.com\/www.radiopiu.net\/wordpress\/wp-content\/uploads\/2018\/09\/WhatsApp-Image-2018-09-20-at-16.04.06.jpeg?resize=800%2C100&amp;ssl=1\" sizes=\"auto, (max-width: 800px) 100vw, 800px\" srcset=\"https:\/\/i0.wp.com\/www.radiopiu.net\/wordpress\/wp-content\/uploads\/2018\/09\/WhatsApp-Image-2018-09-20-at-16.04.06.jpeg?w=800&amp;ssl=1 800w, https:\/\/i0.wp.com\/www.radiopiu.net\/wordpress\/wp-content\/uploads\/2018\/09\/WhatsApp-Image-2018-09-20-at-16.04.06.jpeg?resize=300%2C38&amp;ssl=1 300w, https:\/\/i0.wp.com\/www.radiopiu.net\/wordpress\/wp-content\/uploads\/2018\/09\/WhatsApp-Image-2018-09-20-at-16.04.06.jpeg?resize=768%2C96&amp;ssl=1 768w\" alt=\"\" width=\"800\" height=\"100\" data-lazy-loaded=\"1\" \/><\/a><\/p>\n<\/div>\n<p>&nbsp;<\/p>\n<\/div>\n<p><center><b>Lunedi 12<\/b><\/center><b>Tempo atteso: <\/b>Dopo una pausa notturna, il tempo sar\u00e0 di nuovo perturbato con cielo coperto e precipitazioni diffuse. L&#8217;apice del maltempo sar\u00e0 alla sera in corrispondenza di una fase pi\u00f9 instabile per ingresso di aria fredda in quota. Atmosfera molto uggiosa e maggiore escursione termica giornaliera rispetto a domenica per contrasto termico tra lo scirocco del mattino e l&#8217;avvezione d&#8217;aria fredda in serata.<br \/>\n<b>Precipitazioni: <\/b>Probabilit\u00e0 molto alta (100%) sia al mattino che al pomeriggio. Il limite neve s&#8217;innalzer\u00e0 a inizio giornata toccando i 1700\/1800 n sulle Dolomiti e 1900\/2000 m sulle Prealpi, prima di abbassarsi un po&#8217; al pomeriggio e pi\u00f9 nettamente in serata, raggiungendo i 900\/1000 m sulle Dolomiti e 1100\/1300 m sulle Prealpi. I cumuli di pioggia\/neve tra domenica e luned\u00ec saranno significativi: 40\/60 mm, anche 70\/100 mm nei settori prealpini pi\u00f9 esposti allo Stau da sud-est, puntualmente fino 120\/130 mm sulle Prealpi vicentine e in Alpago, con altrettanti cm di neve sopra i 2000\/2200 m. Alle quote pi\u00f9 basse gli spessori saranno minori per contributo pioggia.<br \/>\n<b>Temperature: <\/b>Nella prima parte del giorno in temporaneo aumento per richiamo sciroccale, mentre le minime saranno in calo e si verificheranno alla sera per ingresso d&#8217;aria fredda. Su Prealpi a 1500 m min 0\u00b0C max 4\u00b0C, a 2000 m min -3\u00b0C max 1\u00b0C. Su Dolomiti a 2000 m min -6\u00b0C max 0\u00b0C, a 3000 m min -9\u00b0C max -5\u00b0C.<br \/>\n<b>Venti: <\/b>Nelle valli deboli di direzione variabile, salvo locali rinforzi nei settori esposti ai quadranti meridionali; in quota moderati\/tesi per scirocco a 1500\/2000 m e tesi da sud-ovest sopra i 2200\/2500 m, in attenuazione alla sera, a 15-30 km\/h a 2000 m e 25-45 km\/h a 3000 m.<\/p>\n<hr \/>\n<p><center><b>Martedi 13<\/b><\/center><b>Tempo atteso: <\/b>Maltempo notturno, specie sul Bellunese, mentre sar\u00e0 pi\u00f9 residuo sulle Prealpi occidentali. Al mattino esaurimento dei fenomeni con nuvolosit\u00e0 in attenuazione ma ancora estesa. Al pomeriggio riduzione della copertura nuvolosa e qualche chance di schiarite. Atmosfera pi\u00f9 fresca, anche invernale in alta quote.<br \/>\n<b>Precipitazioni: <\/b>Durante la notte alta probabilit\u00e0 (80\/90%), anche a carattere di rovescio. Limite della neve in abbassamento fino sui 700\/900 m sulle Dolomiti e 900\/1000 m sulle Prealpi. Nel corso della mattinata esaurimento dei fenomeni fino a risultare assenti per il resto del giorno (0%).<br \/>\n<b>Temperature: <\/b>In generale calo con minime osservate alla sera. Su Prealpi a 1500 m min -3\u00b0C max -1\u00b0C, a 2000 m min -7\u00b0C max -4\u00b0C. Su Dolomiti a 2000 m min -8\u00b0C max -6\u00b0C, a 3000 m min -15\u00b0C max -11\u00b0C.<br \/>\n<b>Venti: <\/b>Nelle valli deboli di direzione variabile, salvo rinforzi per episodi di Foehn; in quota meridionali nottetempo, poi moderati da nord nord-est a 2000 m moderati\/tesi a 3000 m, anche forti alla sera, a 15-25 km\/h a 2000 m e 25-60 km\/h a 3000 m.<\/p>\n<hr \/>\n<p><center><b>Mercoledi 14<\/b><\/center>Annuvolamenti notturni e miglioramento in mattinata con sole e cielo sereno, salvo locali stratocumuli, in rapido dissolvimento. Al pomeriggio riduzione del soleggiamento per attivit\u00e0 cumuliforme, contenuta sulle Dolomiti e pi\u00f9 intensa sulle Prealpi, dove si verificher\u00e0 qualche isolato piovasco, nevoso sopra i 1000\/1100 m. Temperature in calo, eccetto ripresa delle massime nelle valli pi\u00f9 assolate. In quota venti moderati\/tesi da nord nord-est; nelle valli deboli per brezze e qualche rinforzo per Foehn.<\/p>\n<hr \/>\n<p><center><b>Giovedi 15<\/b><\/center>Tempo maggiormente soleggiato con minore attivit\u00e0 cumuliforme pomeridiana. Temperature minime in ulteriore lieve calo con diffuse gelate notturne; massime in leggera ripresa. Venti deboli\/moderati da nord-est in quota, deboli\/moderati a regime di brezza nelle valli. Previsore: R.L.Th.<\/p>\n<p>&nbsp;<\/p>\n<hr \/>\n<p>&nbsp;<\/p>\n<p><a href=\"https:\/\/www.radiopiu.net\/wordpress\/giornale-radiopiu-15-settembre-2018-direttore-mirko-mezzacasa\/sport-7\/\" rel=\"attachment wp-att-60761\"><img loading=\"lazy\" decoding=\"async\" class=\"aligncenter wp-image-60761 size-full\" src=\"https:\/\/www.radiopiu.net\/wordpress\/wp-content\/uploads\/2018\/09\/sport.jpg\" alt=\"\" width=\"800\" height=\"100\" srcset=\"https:\/\/www.radiopiu.net\/wordpress\/wp-content\/uploads\/2018\/09\/sport.jpg 800w, https:\/\/www.radiopiu.net\/wordpress\/wp-content\/uploads\/2018\/09\/sport-300x38.jpg 300w, https:\/\/www.radiopiu.net\/wordpress\/wp-content\/uploads\/2018\/09\/sport-768x96.jpg 768w\" sizes=\"auto, (max-width: 800px) 100vw, 800px\" \/><\/a><\/p>\n<\/div>\n<\/div>\n<\/div>\n<p>&nbsp;<\/p>\n<p>&nbsp;<\/p>\n<h1 style=\"text-align: center;\">CALDARO, I CAMPIONI DELL IHL 20-21<\/h1>\n<table width=\"100%\">\n<tbody>\n<tr>\n<td>\n<table width=\"100%\">\n<tbody>\n<tr>\n<td>\n<h3>In un&#8217;emozionante\u00a0e combattuta\u00a0Gara 2, il Dobbiaco vince in rimonta nel terzo tempo per 3:2 a Torre Pellice e si aggiudica la IHL &#8211; Division I, stagione 2020\/21<\/h3>\n<\/td>\n<\/tr>\n<\/tbody>\n<\/table>\n<\/td>\n<\/tr>\n<\/tbody>\n<\/table>\n<table width=\"100%\">\n<tbody>\n<tr>\n<td>\n<table width=\"100%\">\n<tbody>\n<tr>\n<td>\n<h4><strong>Il Dobbiaco vince la IHL Division I<\/strong>, ma lo fa solo dopo una gara estremamente tirata contro dei Bulldogs di Torre Pellice che hanno dato davvero tutto. \u00a0I<strong>l goal decisivo degli Icebears arriva a meno di tre minuti dalla fine del terzo tempo quando la formazione altoatesina completa la rimonta con il capitano Patrick Rizzo per il 3:2 finale per gli ospiti.<\/strong><\/h4>\n<\/td>\n<\/tr>\n<\/tbody>\n<\/table>\n<\/td>\n<\/tr>\n<\/tbody>\n<\/table>\n<p><a href=\"https:\/\/www.radiopiu.net\/wordpress\/giornale-radiopiu-11-aprile-2021-direttore-mirko-mezzacasa\/3e922a0c-8cf6-488c-b4d3-8dc5014f6b80\/\" rel=\"attachment wp-att-202624\"><img loading=\"lazy\" decoding=\"async\" class=\"alignnone wp-image-202624 size-full\" src=\"https:\/\/www.radiopiu.net\/wordpress\/wp-content\/uploads\/2021\/04\/3e922a0c-8cf6-488c-b4d3-8dc5014f6b80.jpg\" alt=\"\" width=\"1024\" height=\"557\" srcset=\"https:\/\/www.radiopiu.net\/wordpress\/wp-content\/uploads\/2021\/04\/3e922a0c-8cf6-488c-b4d3-8dc5014f6b80.jpg 1024w, https:\/\/www.radiopiu.net\/wordpress\/wp-content\/uploads\/2021\/04\/3e922a0c-8cf6-488c-b4d3-8dc5014f6b80-300x163.jpg 300w, https:\/\/www.radiopiu.net\/wordpress\/wp-content\/uploads\/2021\/04\/3e922a0c-8cf6-488c-b4d3-8dc5014f6b80-768x418.jpg 768w\" sizes=\"auto, (max-width: 1024px) 100vw, 1024px\" \/><\/a><\/p>\n<p>&nbsp;<\/p>\n<p>&nbsp;<\/p>\n<hr \/>\n<div class=\"page\" title=\"Page 1\">\n<div class=\"layoutArea\">\n<div class=\"column\">\n<blockquote>\n<h3><\/h3>\n<h3>GIOVANILI ALLEGHE HOCKEY: UNDER 13 SI FERMA ALLE SEMIFINALI DI CAMPIONATO E UNDER 17 PERDE COL TORINO IN COPPA ITALIA<\/h3>\n<\/blockquote>\n<p><strong><a href=\"https:\/\/www.radiopiu.net\/wordpress\/il-calendario-ufficiale-dellitalian-hockey-league\/logo-alleghe-hockey\/\" rel=\"attachment wp-att-95699\"><img loading=\"lazy\" decoding=\"async\" class=\"size-medium wp-image-95699 alignright\" src=\"https:\/\/www.radiopiu.net\/wordpress\/wp-content\/uploads\/2019\/08\/logo-alleghe-hockey-300x281.png\" alt=\"\" width=\"300\" height=\"281\" srcset=\"https:\/\/www.radiopiu.net\/wordpress\/wp-content\/uploads\/2019\/08\/logo-alleghe-hockey-300x281.png 300w, https:\/\/www.radiopiu.net\/wordpress\/wp-content\/uploads\/2019\/08\/logo-alleghe-hockey.png 547w\" sizes=\"auto, (max-width: 300px) 100vw, 300px\" \/><\/a>UNDER 13<\/strong><\/p>\n<p><strong>PINEROLO &#8211; ALLEGHE\/ALTA BADIA 7-2<\/strong><\/p>\n<p>La stagione della squadra mista under 13 dell&#8217;Alleghe\/Alta Badia termina ad un passo dalla finale. Nel pomeriggio di sabato \u00e8 andata in scena la semifinale di campionato, partita secca contro il Pinerolo che ha vinto 7 a 2 ed \u00e8 approdato in finale contro l&#8217;Egna. Una stagione da incorniciare per l&#8217;Alleghe\/Alta Badia che si piazza tra le prime 4 squadre a livello nazionale nel campionato Under 13.<\/p>\n<p><strong>UNDER 17<\/strong><\/p>\n<p><strong>TORINO &#8211; ALLEGHE 7-5<\/strong><\/p>\n<p>L&#8217;Under 17 dell&#8217;Alleghe Hockey non riesce ad accedere alla finale di Coppa Italia. Al PalaTazzoli di Torino, il Real Torino vince la partita secca valida per le semifinali di coppa. Match partito a favore dei piemontesi che nella prima frazione hanno messo a segno 4 marcature. Nel secondo drittel le civette accorciano con Lacedelli ma i padroni di casa rispondono subito dopo. Terzo tempo tutto a favore degli agordini che nei primi 3 minuti vanno a segno 3 volte con una tripletta di Martini. Torino che risponde con altre due marcature e finale di partita con l&#8217;Alleghe che accorcia le distanze con Frescura.<\/p>\n<p>&nbsp;<\/p>\n<p>&nbsp;<\/p>\n<hr \/>\n<p>&nbsp;<\/p>\n<blockquote>\n<h3>DUE ARGENTI PER LO SKI COLLEGE AI TRICOLORI DI BOARDER CROSS<\/h3>\n<\/blockquote>\n<p><strong>COLERE (BERGAMO)\u00a0<\/strong>Anche gli ultimi scampoli di stagione vedono lo Ski College brillare. Merito dei ragazzi e delle ragazze della tavola che sabato, ai Campionati italiani di boardercross di Colere, in provincia di Bergamo, hanno conquistato due medaglie d\u2019argento. Entrambe sono arrivate nella categoria Aspiranti grazie ad Allyson Don\u00f2 e a Federico Podda.<strong><em> (dal sito skicollegeveneto.it)<\/em><\/strong><\/p>\n\n\t\t\t<style type='text\/css'>\n\t\t\t\t#gallery-10 {\n\t\t\t\t\tmargin: auto;\n\t\t\t\t}\n\t\t\t\t#gallery-10 .gallery-item {\n\t\t\t\t\tfloat: left;\n\t\t\t\t\tmargin-top: 10px;\n\t\t\t\t\ttext-align: center;\n\t\t\t\t\twidth: 20%;\n\t\t\t\t}\n\t\t\t\t#gallery-10 img {\n\t\t\t\t\tborder: 2px solid #cfcfcf;\n\t\t\t\t}\n\t\t\t\t#gallery-10 .gallery-caption {\n\t\t\t\t\tmargin-left: 0;\n\t\t\t\t}\n\t\t\t\t\/* see gallery_shortcode() in wp-includes\/media.php *\/\n\t\t\t<\/style>\n\t\t<div id='gallery-10' class='dt-gallery-container gallery galleryid-202606 gallery-columns-5 gallery-size-thumbnail'><dl class='gallery-item'>\n\t\t\t\t<dt class='gallery-icon portrait'>\n\t\t\t\t\t<a class=\"rollover rollover-zoom dt-pswp-item\" title=\"allyson-dono-2.-camp-ita-boadercross-colere-ASP-10.04.2021\" data-dt-img-description=\"\" data-large_image_width=\"1200\" data-large_image_height=\"1600\"href='https:\/\/www.radiopiu.net\/wordpress\/wp-content\/uploads\/2021\/04\/allyson-dono-2.-camp-ita-boadercross-colere-ASP-10.04.2021.jpg'><img loading=\"lazy\" decoding=\"async\" width=\"150\" height=\"150\" src=\"https:\/\/www.radiopiu.net\/wordpress\/wp-content\/uploads\/2021\/04\/allyson-dono-2.-camp-ita-boadercross-colere-ASP-10.04.2021-150x150.jpg\" class=\"attachment-thumbnail size-thumbnail\" alt=\"\" \/><\/a>\n\t\t\t\t<\/dt><\/dl><dl class='gallery-item'>\n\t\t\t\t<dt class='gallery-icon portrait'>\n\t\t\t\t\t<a class=\"rollover rollover-zoom dt-pswp-item\" title=\"federico-podda-2.-camp-ita-boadercross-colere-ASP-10.04.2021\" data-dt-img-description=\"\" data-large_image_width=\"1200\" data-large_image_height=\"1600\"href='https:\/\/www.radiopiu.net\/wordpress\/wp-content\/uploads\/2021\/04\/federico-podda-2.-camp-ita-boadercross-colere-ASP-10.04.2021.jpg'><img loading=\"lazy\" decoding=\"async\" width=\"150\" height=\"150\" src=\"https:\/\/www.radiopiu.net\/wordpress\/wp-content\/uploads\/2021\/04\/federico-podda-2.-camp-ita-boadercross-colere-ASP-10.04.2021-150x150.jpg\" class=\"attachment-thumbnail size-thumbnail\" alt=\"\" \/><\/a>\n\t\t\t\t<\/dt><\/dl><dl class='gallery-item'>\n\t\t\t\t<dt class='gallery-icon portrait'>\n\t\t\t\t\t<a class=\"rollover rollover-zoom dt-pswp-item\" title=\"ski-college-camp-ita-boadercross-colere-10.04.2021\" data-dt-img-description=\"\" data-large_image_width=\"1056\" data-large_image_height=\"1200\"href='https:\/\/www.radiopiu.net\/wordpress\/wp-content\/uploads\/2021\/04\/ski-college-camp-ita-boadercross-colere-10.04.2021.jpg'><img loading=\"lazy\" decoding=\"async\" width=\"150\" height=\"150\" src=\"https:\/\/www.radiopiu.net\/wordpress\/wp-content\/uploads\/2021\/04\/ski-college-camp-ita-boadercross-colere-10.04.2021-150x150.jpg\" class=\"attachment-thumbnail size-thumbnail\" alt=\"\" \/><\/a>\n\t\t\t\t<\/dt><\/dl><dl class='gallery-item'>\n\t\t\t\t<dt class='gallery-icon portrait'>\n\t\t\t\t\t<a class=\"rollover rollover-zoom dt-pswp-item\" title=\"podio-allyson-dono-2.-camp-ita-boadercross-colere-ASP-10.04.2021\" data-dt-img-description=\"\" data-large_image_width=\"1586\" data-large_image_height=\"1600\"href='https:\/\/www.radiopiu.net\/wordpress\/wp-content\/uploads\/2021\/04\/podio-allyson-dono-2.-camp-ita-boadercross-colere-ASP-10.04.2021.jpg'><img loading=\"lazy\" decoding=\"async\" width=\"150\" height=\"150\" src=\"https:\/\/www.radiopiu.net\/wordpress\/wp-content\/uploads\/2021\/04\/podio-allyson-dono-2.-camp-ita-boadercross-colere-ASP-10.04.2021-150x150.jpg\" class=\"attachment-thumbnail size-thumbnail\" alt=\"\" srcset=\"https:\/\/www.radiopiu.net\/wordpress\/wp-content\/uploads\/2021\/04\/podio-allyson-dono-2.-camp-ita-boadercross-colere-ASP-10.04.2021-150x150.jpg 150w, https:\/\/www.radiopiu.net\/wordpress\/wp-content\/uploads\/2021\/04\/podio-allyson-dono-2.-camp-ita-boadercross-colere-ASP-10.04.2021-1015x1024.jpg 1015w, https:\/\/www.radiopiu.net\/wordpress\/wp-content\/uploads\/2021\/04\/podio-allyson-dono-2.-camp-ita-boadercross-colere-ASP-10.04.2021-768x775.jpg 768w, https:\/\/www.radiopiu.net\/wordpress\/wp-content\/uploads\/2021\/04\/podio-allyson-dono-2.-camp-ita-boadercross-colere-ASP-10.04.2021-1523x1536.jpg 1523w, https:\/\/www.radiopiu.net\/wordpress\/wp-content\/uploads\/2021\/04\/podio-allyson-dono-2.-camp-ita-boadercross-colere-ASP-10.04.2021.jpg 1586w\" sizes=\"auto, (max-width: 150px) 100vw, 150px\" \/><\/a>\n\t\t\t\t<\/dt><\/dl><dl class='gallery-item'>\n\t\t\t\t<dt class='gallery-icon landscape'>\n\t\t\t\t\t<a class=\"rollover rollover-zoom dt-pswp-item\" title=\"podio-federico-podda-2.-camp-ita-boadercross-colere-ASP-10.04.2021\" data-dt-img-description=\"\" data-large_image_width=\"1189\" data-large_image_height=\"1155\"href='https:\/\/www.radiopiu.net\/wordpress\/wp-content\/uploads\/2021\/04\/podio-federico-podda-2.-camp-ita-boadercross-colere-ASP-10.04.2021.jpg'><img loading=\"lazy\" decoding=\"async\" width=\"150\" height=\"150\" src=\"https:\/\/www.radiopiu.net\/wordpress\/wp-content\/uploads\/2021\/04\/podio-federico-podda-2.-camp-ita-boadercross-colere-ASP-10.04.2021-150x150.jpg\" class=\"attachment-thumbnail size-thumbnail\" alt=\"\" \/><\/a>\n\t\t\t\t<\/dt><\/dl><br style=\"clear: both\" \/>\n\t\t\t<\/div>\n\n<p>&nbsp;<\/p>\n<hr \/>\n<p>&nbsp;<\/p>\n<blockquote>\n<h3>UN BUON 14\u00ba POSTO PER L&#8217;ATLETICA AGORDINA A VITTORIO VENETO<\/h3>\n<\/blockquote>\n<p><strong>VITTORIO VENETO <\/strong>Si sono corsi questo fine settimana i Campionati Regionali a staffetta. L&#8217;Atletica Agordina ha portato una staffetta nella categoria cadette dove Jennifer Roilo, Zaira De Col\u00f2 e Bettina Bortoli si sono ben comportate concludendo al 14\u00b0posto con il tempo finale di 11&#8217;58&#8243;36 in una gara sotto la pioggia.<\/p>\n\n\t\t\t<style type='text\/css'>\n\t\t\t\t#gallery-11 {\n\t\t\t\t\tmargin: auto;\n\t\t\t\t}\n\t\t\t\t#gallery-11 .gallery-item {\n\t\t\t\t\tfloat: left;\n\t\t\t\t\tmargin-top: 10px;\n\t\t\t\t\ttext-align: center;\n\t\t\t\t\twidth: 50%;\n\t\t\t\t}\n\t\t\t\t#gallery-11 img {\n\t\t\t\t\tborder: 2px solid #cfcfcf;\n\t\t\t\t}\n\t\t\t\t#gallery-11 .gallery-caption {\n\t\t\t\t\tmargin-left: 0;\n\t\t\t\t}\n\t\t\t\t\/* see gallery_shortcode() in wp-includes\/media.php *\/\n\t\t\t<\/style>\n\t\t<div id='gallery-11' class='dt-gallery-container gallery galleryid-202606 gallery-columns-2 gallery-size-medium'><dl class='gallery-item'>\n\t\t\t\t<dt class='gallery-icon landscape'>\n\t\t\t\t\t<a class=\"rollover rollover-zoom dt-pswp-item\" title=\"cb1ce0fb-41f3-490c-97ec-e581ae5d09eb\" data-dt-img-description=\"\" data-large_image_width=\"1600\" data-large_image_height=\"1200\"href='https:\/\/www.radiopiu.net\/wordpress\/wp-content\/uploads\/2021\/04\/cb1ce0fb-41f3-490c-97ec-e581ae5d09eb.jpg'><img loading=\"lazy\" decoding=\"async\" width=\"300\" height=\"225\" src=\"https:\/\/www.radiopiu.net\/wordpress\/wp-content\/uploads\/2021\/04\/cb1ce0fb-41f3-490c-97ec-e581ae5d09eb-300x225.jpg\" class=\"attachment-medium size-medium\" alt=\"\" srcset=\"https:\/\/www.radiopiu.net\/wordpress\/wp-content\/uploads\/2021\/04\/cb1ce0fb-41f3-490c-97ec-e581ae5d09eb-300x225.jpg 300w, https:\/\/www.radiopiu.net\/wordpress\/wp-content\/uploads\/2021\/04\/cb1ce0fb-41f3-490c-97ec-e581ae5d09eb-1024x768.jpg 1024w, https:\/\/www.radiopiu.net\/wordpress\/wp-content\/uploads\/2021\/04\/cb1ce0fb-41f3-490c-97ec-e581ae5d09eb-768x576.jpg 768w, https:\/\/www.radiopiu.net\/wordpress\/wp-content\/uploads\/2021\/04\/cb1ce0fb-41f3-490c-97ec-e581ae5d09eb-1536x1152.jpg 1536w, https:\/\/www.radiopiu.net\/wordpress\/wp-content\/uploads\/2021\/04\/cb1ce0fb-41f3-490c-97ec-e581ae5d09eb.jpg 1600w\" sizes=\"auto, (max-width: 300px) 100vw, 300px\" \/><\/a>\n\t\t\t\t<\/dt><\/dl><dl class='gallery-item'>\n\t\t\t\t<dt class='gallery-icon landscape'>\n\t\t\t\t\t<a class=\"rollover rollover-zoom dt-pswp-item\" title=\"e07b6afa-eacd-4bfc-9ccf-57962087877b\" data-dt-img-description=\"\" data-large_image_width=\"1600\" data-large_image_height=\"1200\"href='https:\/\/www.radiopiu.net\/wordpress\/wp-content\/uploads\/2021\/04\/e07b6afa-eacd-4bfc-9ccf-57962087877b.jpg'><img loading=\"lazy\" decoding=\"async\" width=\"300\" height=\"225\" src=\"https:\/\/www.radiopiu.net\/wordpress\/wp-content\/uploads\/2021\/04\/e07b6afa-eacd-4bfc-9ccf-57962087877b-300x225.jpg\" class=\"attachment-medium size-medium\" alt=\"\" srcset=\"https:\/\/www.radiopiu.net\/wordpress\/wp-content\/uploads\/2021\/04\/e07b6afa-eacd-4bfc-9ccf-57962087877b-300x225.jpg 300w, https:\/\/www.radiopiu.net\/wordpress\/wp-content\/uploads\/2021\/04\/e07b6afa-eacd-4bfc-9ccf-57962087877b-1024x768.jpg 1024w, https:\/\/www.radiopiu.net\/wordpress\/wp-content\/uploads\/2021\/04\/e07b6afa-eacd-4bfc-9ccf-57962087877b-768x576.jpg 768w, https:\/\/www.radiopiu.net\/wordpress\/wp-content\/uploads\/2021\/04\/e07b6afa-eacd-4bfc-9ccf-57962087877b-1536x1152.jpg 1536w, https:\/\/www.radiopiu.net\/wordpress\/wp-content\/uploads\/2021\/04\/e07b6afa-eacd-4bfc-9ccf-57962087877b.jpg 1600w\" sizes=\"auto, (max-width: 300px) 100vw, 300px\" \/><\/a>\n\t\t\t\t<\/dt><\/dl><br style=\"clear: both\" \/>\n\t\t\t<\/div>\n\n<p>&nbsp;<\/p>\n<hr \/>\n<p>&nbsp;<\/p>\n<blockquote>\n<h3>ANCORA UNA SCONFITTA PER L&#8217;UNDER 17 DEL VOLLEY CLUB AGORDINO<\/h3>\n<\/blockquote>\n<p><strong><a href=\"https:\/\/www.radiopiu.net\/wordpress\/ancora-una-sconfitta-per-lunder-17-del-volley-club-agordino\/volley-5\/\" rel=\"attachment wp-att-202603\"><img loading=\"lazy\" decoding=\"async\" class=\" wp-image-202603 alignleft\" src=\"https:\/\/www.radiopiu.net\/wordpress\/wp-content\/uploads\/2021\/04\/volley-300x200.jpg\" alt=\"\" width=\"198\" height=\"132\" srcset=\"https:\/\/www.radiopiu.net\/wordpress\/wp-content\/uploads\/2021\/04\/volley-300x200.jpg 300w, https:\/\/www.radiopiu.net\/wordpress\/wp-content\/uploads\/2021\/04\/volley-1024x683.jpg 1024w, https:\/\/www.radiopiu.net\/wordpress\/wp-content\/uploads\/2021\/04\/volley-768x512.jpg 768w, https:\/\/www.radiopiu.net\/wordpress\/wp-content\/uploads\/2021\/04\/volley-1536x1024.jpg 1536w, https:\/\/www.radiopiu.net\/wordpress\/wp-content\/uploads\/2021\/04\/volley.jpg 1920w\" sizes=\"auto, (max-width: 198px) 100vw, 198px\" \/><\/a>AGORDO <\/strong>Quarta sconfitta consecutiva su altrettante partite giocate della squadra Under 17 del Volley Club Agordino. Sembra non decollare la stagione della squadra agordina che rimane in fondo alla classifica con 0 punti. L&#8217;ennesima sconfitta \u00e8 arrivata al PalaRova di Agordo contro il Limana. La squadra della Valbelluna ha dettato legge rifilando un secco 3 a 0 alle ragazze di Agordo. 20-25, 21-25, 21-25 i parziali del 3 set. Prossima partita in programma per l&#8217;Under 17 del Volley Club Agordino domenica 18 aprile a Ponte Nelle Alpi contro l&#8217;Alpirod.<\/p>\n<\/div>\n<\/div>\n<\/div>\n","protected":false},"excerpt":{"rendered":"<p>PER RICEVERE QUESTO NOTIZIARIO DIRETTAMENTE SUL TUO CELLULARE ISCRIVITI AL CANALE TELEGRAM \u201cRADIO PIU\u00a0 INFORMAZIONE&#8221;\u00a0 &nbsp; &nbsp; RADIO PIU&#8217; ANCHE SU YOUTUBE. ISCRIVITI AL CANALE PER SEGUIRE LE DIRETTE E GUARDARE I VIDEO DI RADIO PIU&#8217; CLICCA QUI E PREMI SUL PULSANTE &#8220;ISCRIVITI&#8221; &nbsp; \u00a0LA NUOVA APP PER IOS-IPHONE di Nicola Vettorello https:\/\/apps.apple.com\/it\/app\/radio-pi%C3%B9-emittente-agordina\/id1515939845 ATTENZIONE: LA&hellip;<\/p>\n","protected":false},"author":4,"featured_media":202658,"comment_status":"closed","ping_status":"closed","sticky":false,"template":"","format":"standard","meta":{"_monsterinsights_skip_tracking":false,"_monsterinsights_sitenote_active":false,"_monsterinsights_sitenote_note":"","_monsterinsights_sitenote_category":0,"footnotes":""},"categories":[1,51,86,49],"tags":[],"class_list":["post-202606","post","type-post","status-publish","format-standard","has-post-thumbnail","hentry","category-senza-categoria","category-evidenza-top","category-gr","category-news-18","category-1","category-51","category-86","category-49","description-off"],"img_url":"https:\/\/www.radiopiu.net\/wordpress\/wp-content\/uploads\/2021\/04\/171816207_3997276297025820_3015534917689097490_n.jpg","_links":{"self":[{"href":"https:\/\/www.radiopiu.net\/wordpress\/wp-json\/wp\/v2\/posts\/202606","targetHints":{"allow":["GET"]}}],"collection":[{"href":"https:\/\/www.radiopiu.net\/wordpress\/wp-json\/wp\/v2\/posts"}],"about":[{"href":"https:\/\/www.radiopiu.net\/wordpress\/wp-json\/wp\/v2\/types\/post"}],"author":[{"embeddable":true,"href":"https:\/\/www.radiopiu.net\/wordpress\/wp-json\/wp\/v2\/users\/4"}],"replies":[{"embeddable":true,"href":"https:\/\/www.radiopiu.net\/wordpress\/wp-json\/wp\/v2\/comments?post=202606"}],"version-history":[{"count":0,"href":"https:\/\/www.radiopiu.net\/wordpress\/wp-json\/wp\/v2\/posts\/202606\/revisions"}],"wp:featuredmedia":[{"embeddable":true,"href":"https:\/\/www.radiopiu.net\/wordpress\/wp-json\/wp\/v2\/media\/202658"}],"wp:attachment":[{"href":"https:\/\/www.radiopiu.net\/wordpress\/wp-json\/wp\/v2\/media?parent=202606"}],"wp:term":[{"taxonomy":"category","embeddable":true,"href":"https:\/\/www.radiopiu.net\/wordpress\/wp-json\/wp\/v2\/categories?post=202606"},{"taxonomy":"post_tag","embeddable":true,"href":"https:\/\/www.radiopiu.net\/wordpress\/wp-json\/wp\/v2\/tags?post=202606"}],"curies":[{"name":"wp","href":"https:\/\/api.w.org\/{rel}","templated":true}]}}