{"id":202678,"date":"2021-04-11T23:59:58","date_gmt":"2021-04-11T21:59:58","guid":{"rendered":"https:\/\/www.radiopiu.net\/wordpress\/?p=202678"},"modified":"2021-04-11T15:21:47","modified_gmt":"2021-04-11T13:21:47","slug":"il-posto-tra-le-tue-braccia-un-sogno-da-stampare","status":"publish","type":"post","link":"https:\/\/www.radiopiu.net\/wordpress\/il-posto-tra-le-tue-braccia-un-sogno-da-stampare\/","title":{"rendered":"&#8220;IL POSTO TRA LE TUE BRACCIA&#8221; UN SOGNO DA STAMPARE"},"content":{"rendered":"<p><strong><img loading=\"lazy\" decoding=\"async\" class=\"alignleft\" src=\"https:\/\/www.radiopiu.net\/wordpress\/wp-content\/uploads\/2021\/04\/172580773_3916000188487977_2421686638079208960_n.jpg\" width=\"133\" height=\"165\" \/><a href=\"https:\/\/www.radiopiu.net\/wordpress\/?attachment_id=202687\" rel=\"attachment wp-att-202687\"><img loading=\"lazy\" decoding=\"async\" class=\"size-medium wp-image-202687 alignright\" src=\"https:\/\/www.radiopiu.net\/wordpress\/wp-content\/uploads\/2021\/04\/autrice-spagnoli-200x300.jpg\" alt=\"\" width=\"200\" height=\"300\" srcset=\"https:\/\/www.radiopiu.net\/wordpress\/wp-content\/uploads\/2021\/04\/autrice-spagnoli-200x300.jpg 200w, https:\/\/www.radiopiu.net\/wordpress\/wp-content\/uploads\/2021\/04\/autrice-spagnoli-683x1024.jpg 683w, https:\/\/www.radiopiu.net\/wordpress\/wp-content\/uploads\/2021\/04\/autrice-spagnoli-768x1152.jpg 768w, https:\/\/www.radiopiu.net\/wordpress\/wp-content\/uploads\/2021\/04\/autrice-spagnoli-1024x1536.jpg 1024w, https:\/\/www.radiopiu.net\/wordpress\/wp-content\/uploads\/2021\/04\/autrice-spagnoli-1365x2048.jpg 1365w, https:\/\/www.radiopiu.net\/wordpress\/wp-content\/uploads\/2021\/04\/autrice-spagnoli.jpg 1400w\" sizes=\"auto, (max-width: 200px) 100vw, 200px\" \/><\/a>CANALE D&#8217;AGORDO<\/strong> Laura \u00e8 una ragazza di Canale d&#8217;Agordo e sta cavalcando un sogno, e a\u00a0 19 anni non c&#8217;\u00e8 niente di pi\u00f9 bello. Laura Spagnoli ha messo su carta profumata d&#8217;inchiostro della tipografia, quello che lei ha gi\u00e0 visto della vita, pensieri che sono diventati versi, e come dice Laura <em>&#8220;la poesia \u00e8 in grado di toccare il cuore di chiunque&#8221;.\u00a0<\/em><strong> Il posto tra le tue braccia<\/strong> \u00e8 il titolo del libro che fa risuonare parole importanti nate tra boschi e valli. Adesso Laura ha iniziato un altro sogno, vedere il suo libro nelle librerie. Accadr\u00e0 nel momento in cui raggiunger\u00e0 le 200 copie vendute. (link <span style=\"color: #0000ff;\"><strong><a style=\"color: #0000ff;\" href=\"https:\/\/www.bookroad.it\/prod...\/il-posto-tra-le-tue-braccia\/\">CLICCA QUI. <\/a><\/strong><\/span>Quindi in bocca al lupo a Laura con la convinzione che non sar\u00e0 l&#8217;unico suo prezioso lavoro.<\/p>\n<p><strong>Laura Spagnoli <\/strong>\u00a0nasce a Brescia il 12 giugno 2001 e l\u2019anno seguente si trasferisce con la famiglia a Canale d\u2019Agordo,\u00a0 Diplomata a Falcade, presso l\u2019Istituto Tecnico Turistico &#8220;Follador De Rossi&#8221; nel 2020, si iscrive all\u2019universit\u00e0 per poi rivalutare, poco dopo, la sua scelta e decidere di dedicarsi interamente alla scrittura.<\/p>\n","protected":false},"excerpt":{"rendered":"<p>CANALE D&#8217;AGORDO Laura \u00e8 una ragazza di Canale d&#8217;Agordo e sta cavalcando un sogno, e a\u00a0 19 anni non c&#8217;\u00e8 niente di pi\u00f9 bello. Laura Spagnoli ha messo su carta profumata d&#8217;inchiostro della tipografia, quello che lei ha gi\u00e0 visto della vita, pensieri che sono diventati versi, e come dice Laura &#8220;la poesia \u00e8 in&hellip;<\/p>\n","protected":false},"author":4,"featured_media":202682,"comment_status":"closed","ping_status":"closed","sticky":false,"template":"","format":"standard","meta":{"_monsterinsights_skip_tracking":false,"_monsterinsights_sitenote_active":false,"_monsterinsights_sitenote_note":"","_monsterinsights_sitenote_category":0,"footnotes":""},"categories":[104,49],"tags":[],"class_list":["post-202678","post","type-post","status-publish","format-standard","has-post-thumbnail","hentry","category-evidenza_3","category-news-18","category-104","category-49","description-off"],"img_url":"https:\/\/www.radiopiu.net\/wordpress\/wp-content\/uploads\/2021\/04\/172580773_3916000188487977_2421686638079208960_n.jpg","_links":{"self":[{"href":"https:\/\/www.radiopiu.net\/wordpress\/wp-json\/wp\/v2\/posts\/202678","targetHints":{"allow":["GET"]}}],"collection":[{"href":"https:\/\/www.radiopiu.net\/wordpress\/wp-json\/wp\/v2\/posts"}],"about":[{"href":"https:\/\/www.radiopiu.net\/wordpress\/wp-json\/wp\/v2\/types\/post"}],"author":[{"embeddable":true,"href":"https:\/\/www.radiopiu.net\/wordpress\/wp-json\/wp\/v2\/users\/4"}],"replies":[{"embeddable":true,"href":"https:\/\/www.radiopiu.net\/wordpress\/wp-json\/wp\/v2\/comments?post=202678"}],"version-history":[{"count":0,"href":"https:\/\/www.radiopiu.net\/wordpress\/wp-json\/wp\/v2\/posts\/202678\/revisions"}],"wp:featuredmedia":[{"embeddable":true,"href":"https:\/\/www.radiopiu.net\/wordpress\/wp-json\/wp\/v2\/media\/202682"}],"wp:attachment":[{"href":"https:\/\/www.radiopiu.net\/wordpress\/wp-json\/wp\/v2\/media?parent=202678"}],"wp:term":[{"taxonomy":"category","embeddable":true,"href":"https:\/\/www.radiopiu.net\/wordpress\/wp-json\/wp\/v2\/categories?post=202678"},{"taxonomy":"post_tag","embeddable":true,"href":"https:\/\/www.radiopiu.net\/wordpress\/wp-json\/wp\/v2\/tags?post=202678"}],"curies":[{"name":"wp","href":"https:\/\/api.w.org\/{rel}","templated":true}]}}