{"id":202697,"date":"2021-04-12T05:59:31","date_gmt":"2021-04-12T03:59:31","guid":{"rendered":"https:\/\/www.radiopiu.net\/wordpress\/?p=202697"},"modified":"2021-04-12T08:52:16","modified_gmt":"2021-04-12T06:52:16","slug":"la-ciclabile-a-le-campe-al-via-un-nuovo-cantiere","status":"publish","type":"post","link":"https:\/\/www.radiopiu.net\/wordpress\/la-ciclabile-a-le-campe-al-via-un-nuovo-cantiere\/","title":{"rendered":"LA CICLABILE A LE CAMPE, AL VIA UN NUOVO CANTIERE"},"content":{"rendered":"<p><em><strong>CICLABILE PONTE ALTO-MISSIAGA-LE CAMPE DA NORD A SUD<\/strong><\/em><\/p>\n<div style=\"width: 1200px;\" class=\"wp-video\"><video class=\"wp-video-shortcode\" id=\"video-202697-1\" width=\"1200\" height=\"675\" preload=\"metadata\" controls=\"controls\"><source type=\"video\/mp4\" src=\"https:\/\/www.radiopiu.net\/wordpress\/wp-content\/uploads\/2021\/04\/2021_04_10_13_56_21_Cache.mp4?_=1\" \/><a href=\"https:\/\/www.radiopiu.net\/wordpress\/wp-content\/uploads\/2021\/04\/2021_04_10_13_56_21_Cache.mp4\">https:\/\/www.radiopiu.net\/wordpress\/wp-content\/uploads\/2021\/04\/2021_04_10_13_56_21_Cache.mp4<\/a><\/video><\/div>\n<p>&nbsp;<\/p>\n<p><strong>LA VALLE<\/strong> <em>&#8220;E con la ciclabile a Le Campe&#8221;,<\/em> ci ha scritto di recente un nostro lettore a margine di un post a proposito del dopo Vaia. Siamo stati nei due cantieri, quello pi\u00f9 a nord ormai a lavori terminati e quello pi\u00f9 a sud dove dopo gli argini sul Cordevole stanno iniziando i lavori per il ripristino della ciclabile.<\/p>\n<p>&nbsp;<\/p>\n<p><strong>A NORD<\/strong> Il cantiere si \u00e8 rivelato non facile fin dall&#8217;inizio, nei giorni di Vaia il Cordevole si \u00e8 portato via argini e ciclabile, ma soprattutto a messo a rischio la regionale 203 agordina, chiusa per alcuni giorni, poi riaperta solo per il traffico leggero. Lavori immediati, celeri gi\u00e0 portati a conclusione con possenti arginature sul Cordevole, ciclabile ripristinata e gi\u00e0 asfaltata e ben protetta dalle scarpate verso il Cordevole.<\/p>\n\n\t\t\t<style type='text\/css'>\n\t\t\t\t#gallery-1 {\n\t\t\t\t\tmargin: auto;\n\t\t\t\t}\n\t\t\t\t#gallery-1 .gallery-item {\n\t\t\t\t\tfloat: left;\n\t\t\t\t\tmargin-top: 10px;\n\t\t\t\t\ttext-align: center;\n\t\t\t\t\twidth: 33%;\n\t\t\t\t}\n\t\t\t\t#gallery-1 img {\n\t\t\t\t\tborder: 2px solid #cfcfcf;\n\t\t\t\t}\n\t\t\t\t#gallery-1 .gallery-caption {\n\t\t\t\t\tmargin-left: 0;\n\t\t\t\t}\n\t\t\t\t\/* see gallery_shortcode() in wp-includes\/media.php *\/\n\t\t\t<\/style>\n\t\t<div id='gallery-1' class='dt-gallery-container gallery galleryid-202697 gallery-columns-3 gallery-size-thumbnail'><dl class='gallery-item'>\n\t\t\t\t<dt class='gallery-icon landscape'>\n\t\t\t\t\t<a class=\"rollover rollover-zoom dt-pswp-item\" title=\"53a1b2c2-7892-49b8-bd0b-a2562e35cc58\" data-dt-img-description=\"\" data-large_image_width=\"2000\" data-large_image_height=\"1125\"href='https:\/\/www.radiopiu.net\/wordpress\/wp-content\/uploads\/2021\/04\/53a1b2c2-7892-49b8-bd0b-a2562e35cc58.jpg'><img loading=\"lazy\" decoding=\"async\" width=\"150\" height=\"150\" src=\"https:\/\/www.radiopiu.net\/wordpress\/wp-content\/uploads\/2021\/04\/53a1b2c2-7892-49b8-bd0b-a2562e35cc58-150x150.jpg\" class=\"attachment-thumbnail size-thumbnail\" alt=\"\" \/><\/a>\n\t\t\t\t<\/dt><\/dl><dl class='gallery-item'>\n\t\t\t\t<dt class='gallery-icon landscape'>\n\t\t\t\t\t<a class=\"rollover rollover-zoom dt-pswp-item\" title=\"7c91ba86-57cf-410e-bdd4-601e98d72566\" data-dt-img-description=\"\" data-large_image_width=\"2000\" data-large_image_height=\"1125\"href='https:\/\/www.radiopiu.net\/wordpress\/wp-content\/uploads\/2021\/04\/7c91ba86-57cf-410e-bdd4-601e98d72566.jpg'><img loading=\"lazy\" decoding=\"async\" width=\"150\" height=\"150\" src=\"https:\/\/www.radiopiu.net\/wordpress\/wp-content\/uploads\/2021\/04\/7c91ba86-57cf-410e-bdd4-601e98d72566-150x150.jpg\" class=\"attachment-thumbnail size-thumbnail\" alt=\"\" \/><\/a>\n\t\t\t\t<\/dt><\/dl><dl class='gallery-item'>\n\t\t\t\t<dt class='gallery-icon landscape'>\n\t\t\t\t\t<a class=\"rollover rollover-zoom dt-pswp-item\" title=\"8770626f-20aa-437d-86ae-dd80dcbde04a\" data-dt-img-description=\"\" data-large_image_width=\"2000\" data-large_image_height=\"1125\"href='https:\/\/www.radiopiu.net\/wordpress\/wp-content\/uploads\/2021\/04\/8770626f-20aa-437d-86ae-dd80dcbde04a.jpg'><img loading=\"lazy\" decoding=\"async\" width=\"150\" height=\"150\" src=\"https:\/\/www.radiopiu.net\/wordpress\/wp-content\/uploads\/2021\/04\/8770626f-20aa-437d-86ae-dd80dcbde04a-150x150.jpg\" class=\"attachment-thumbnail size-thumbnail\" alt=\"\" \/><\/a>\n\t\t\t\t<\/dt><\/dl><br style=\"clear: both\" \/>\n\t\t\t<\/div>\n\n<p>&nbsp;<\/p>\n<p><strong>A SUD<\/strong> Sotto all&#8217;area di servizio SR203 Gruppo Botol stanno per partire i lavori per il ripristino della ciclabile, anche qui danni notevoli con la ciclabile interrotta in alcuni punti.<\/p>\n<blockquote><p><em>Intervento\u00a0 di primaria importanza oltre che per il consolidamento della scogliera anche per il passaggio nel sottosuolo delle tubature fognarie consorziali che interessano\u00a0 la Conca Agordina fino al depuratore delle Campe.\u00a0 Il Comune di La Valle Agordina ha dato in appalto alla ditta bellunese Edil Costruzioni l&#8217;opera di consolidamento e rifacimento della scogliera sulla sinistra orografica del torrente Cordevole, progettazione\u00a0 Ingegner Loris Del Col. Lavori appaltati per\u00a0 250mila euro\u00a0 con un ribasso del 2,84%<\/em><\/p><\/blockquote>\n\n\t\t\t<style type='text\/css'>\n\t\t\t\t#gallery-2 {\n\t\t\t\t\tmargin: auto;\n\t\t\t\t}\n\t\t\t\t#gallery-2 .gallery-item {\n\t\t\t\t\tfloat: left;\n\t\t\t\t\tmargin-top: 10px;\n\t\t\t\t\ttext-align: center;\n\t\t\t\t\twidth: 33%;\n\t\t\t\t}\n\t\t\t\t#gallery-2 img {\n\t\t\t\t\tborder: 2px solid #cfcfcf;\n\t\t\t\t}\n\t\t\t\t#gallery-2 .gallery-caption {\n\t\t\t\t\tmargin-left: 0;\n\t\t\t\t}\n\t\t\t\t\/* see gallery_shortcode() in wp-includes\/media.php *\/\n\t\t\t<\/style>\n\t\t<div id='gallery-2' class='dt-gallery-container gallery galleryid-202697 gallery-columns-3 gallery-size-thumbnail'><dl class='gallery-item'>\n\t\t\t\t<dt class='gallery-icon landscape'>\n\t\t\t\t\t<a class=\"rollover rollover-zoom dt-pswp-item\" title=\"743f1035-3cdc-4a19-8f26-d2fd41718508\" data-dt-img-description=\"\" data-large_image_width=\"2000\" data-large_image_height=\"1125\"href='https:\/\/www.radiopiu.net\/wordpress\/wp-content\/uploads\/2021\/04\/743f1035-3cdc-4a19-8f26-d2fd41718508.jpg'><img loading=\"lazy\" decoding=\"async\" width=\"150\" height=\"150\" src=\"https:\/\/www.radiopiu.net\/wordpress\/wp-content\/uploads\/2021\/04\/743f1035-3cdc-4a19-8f26-d2fd41718508-150x150.jpg\" class=\"attachment-thumbnail size-thumbnail\" alt=\"\" \/><\/a>\n\t\t\t\t<\/dt><\/dl><dl class='gallery-item'>\n\t\t\t\t<dt class='gallery-icon landscape'>\n\t\t\t\t\t<a class=\"rollover rollover-zoom dt-pswp-item\" title=\"022095f4-0ff6-438e-8273-837e926dae3b\" data-dt-img-description=\"\" data-large_image_width=\"2000\" data-large_image_height=\"1125\"href='https:\/\/www.radiopiu.net\/wordpress\/wp-content\/uploads\/2021\/04\/022095f4-0ff6-438e-8273-837e926dae3b.jpg'><img loading=\"lazy\" decoding=\"async\" width=\"150\" height=\"150\" src=\"https:\/\/www.radiopiu.net\/wordpress\/wp-content\/uploads\/2021\/04\/022095f4-0ff6-438e-8273-837e926dae3b-150x150.jpg\" class=\"attachment-thumbnail size-thumbnail\" alt=\"\" \/><\/a>\n\t\t\t\t<\/dt><\/dl><dl class='gallery-item'>\n\t\t\t\t<dt class='gallery-icon landscape'>\n\t\t\t\t\t<a class=\"rollover rollover-zoom dt-pswp-item\" title=\"e18e1de5-24e5-423b-85ee-afd96cb812b3\" data-dt-img-description=\"\" data-large_image_width=\"2000\" data-large_image_height=\"1125\"href='https:\/\/www.radiopiu.net\/wordpress\/wp-content\/uploads\/2021\/04\/e18e1de5-24e5-423b-85ee-afd96cb812b3.jpg'><img loading=\"lazy\" decoding=\"async\" width=\"150\" height=\"150\" src=\"https:\/\/www.radiopiu.net\/wordpress\/wp-content\/uploads\/2021\/04\/e18e1de5-24e5-423b-85ee-afd96cb812b3-150x150.jpg\" class=\"attachment-thumbnail size-thumbnail\" alt=\"\" \/><\/a>\n\t\t\t\t<\/dt><\/dl><br style=\"clear: both\" \/>\n\t\t\t<\/div>\n\n<p>&nbsp;<\/p>\n<p><strong>IL PROBLEMA<\/strong> Il grande collo di bottiglia della ciclabile che si trascina da anni e non \u00e8 ancora stato risolto \u00e8 oltre la Missiaga. Qui il tratto di ciclabile \u00e8 in totale abbandono e finisce contro una rete metallica, per quel ricorso del privato che ha bloccato i lavori gi\u00e0 con l&#8217;amministrazione del sindaco Sisto Da Roit e che ha interessato anche l&#8217;Unione Montana Agordina. Oltre quella rete c&#8217;\u00e8 una galleria della ex ferrovia che sbuca dopo Ponte Alto in localit\u00e0 Polane vista laghetto e soprattutto Conca Agordina. L&#8217;auspicio: che con la fine dei lavori a sud e l&#8217;apertura della ciclabile in localit\u00e0 Le Campe venga finalmente risolto anche il passaggio per Agordo, di tempo ne \u00e8 trascorso fin troppo.<\/p>\n<p><strong>VIDEO A NORD, LE CAMPE-MISSIAGA-INTERRUZIONE PRIMA DELLA GALLERIA DELLA EX FERROVIA\u00a0<\/strong><\/p>\n<p><iframe loading=\"lazy\" title=\"20210410 132524\" width=\"1200\" height=\"675\" src=\"https:\/\/www.youtube.com\/embed\/RhPD2qXtSSg?feature=oembed\" frameborder=\"0\" allow=\"accelerometer; autoplay; clipboard-write; encrypted-media; gyroscope; picture-in-picture\" allowfullscreen><\/iframe><\/p>\n<p>&nbsp;<\/p>\n<p><strong>A SUD, RIFACIMENTO DEGLI SCOGLIERE A PROTEZIONE DELLA FRAZIONE LE CAMPE, INTERRUZIONE PISTA CICLABILE.<\/strong><\/p>\n<p><iframe loading=\"lazy\" title=\"20210410 130809\" width=\"1200\" height=\"675\" src=\"https:\/\/www.youtube.com\/embed\/7QBXBdjBl1M?feature=oembed\" frameborder=\"0\" allow=\"accelerometer; autoplay; clipboard-write; encrypted-media; gyroscope; picture-in-picture\" allowfullscreen><\/iframe><\/p>\n<p>&nbsp;<\/p>\n","protected":false},"excerpt":{"rendered":"<p>CICLABILE PONTE ALTO-MISSIAGA-LE CAMPE DA NORD A SUD &nbsp; LA VALLE &#8220;E con la ciclabile a Le Campe&#8221;, ci ha scritto di recente un nostro lettore a margine di un post a proposito del dopo Vaia. Siamo stati nei due cantieri, quello pi\u00f9 a nord ormai a lavori terminati e quello pi\u00f9 a sud dove&hellip;<\/p>\n","protected":false},"author":4,"featured_media":202703,"comment_status":"closed","ping_status":"closed","sticky":false,"template":"","format":"standard","meta":{"_monsterinsights_skip_tracking":false,"_monsterinsights_sitenote_active":false,"_monsterinsights_sitenote_note":"","_monsterinsights_sitenote_category":0,"footnotes":""},"categories":[51,49],"tags":[],"class_list":["post-202697","post","type-post","status-publish","format-standard","has-post-thumbnail","hentry","category-evidenza-top","category-news-18","category-51","category-49","description-off"],"img_url":"https:\/\/www.radiopiu.net\/wordpress\/wp-content\/uploads\/2021\/04\/7c91ba86-57cf-410e-bdd4-601e98d72566.jpg","_links":{"self":[{"href":"https:\/\/www.radiopiu.net\/wordpress\/wp-json\/wp\/v2\/posts\/202697","targetHints":{"allow":["GET"]}}],"collection":[{"href":"https:\/\/www.radiopiu.net\/wordpress\/wp-json\/wp\/v2\/posts"}],"about":[{"href":"https:\/\/www.radiopiu.net\/wordpress\/wp-json\/wp\/v2\/types\/post"}],"author":[{"embeddable":true,"href":"https:\/\/www.radiopiu.net\/wordpress\/wp-json\/wp\/v2\/users\/4"}],"replies":[{"embeddable":true,"href":"https:\/\/www.radiopiu.net\/wordpress\/wp-json\/wp\/v2\/comments?post=202697"}],"version-history":[{"count":0,"href":"https:\/\/www.radiopiu.net\/wordpress\/wp-json\/wp\/v2\/posts\/202697\/revisions"}],"wp:featuredmedia":[{"embeddable":true,"href":"https:\/\/www.radiopiu.net\/wordpress\/wp-json\/wp\/v2\/media\/202703"}],"wp:attachment":[{"href":"https:\/\/www.radiopiu.net\/wordpress\/wp-json\/wp\/v2\/media?parent=202697"}],"wp:term":[{"taxonomy":"category","embeddable":true,"href":"https:\/\/www.radiopiu.net\/wordpress\/wp-json\/wp\/v2\/categories?post=202697"},{"taxonomy":"post_tag","embeddable":true,"href":"https:\/\/www.radiopiu.net\/wordpress\/wp-json\/wp\/v2\/tags?post=202697"}],"curies":[{"name":"wp","href":"https:\/\/api.w.org\/{rel}","templated":true}]}}