{"id":202853,"date":"2021-04-12T07:39:58","date_gmt":"2021-04-12T05:39:58","guid":{"rendered":"https:\/\/www.radiopiu.net\/wordpress\/?p=202853"},"modified":"2021-04-12T07:40:17","modified_gmt":"2021-04-12T05:40:17","slug":"aggiornamento-sul-progetto-di-acquisizione-di-grandvision","status":"publish","type":"post","link":"https:\/\/www.radiopiu.net\/wordpress\/aggiornamento-sul-progetto-di-acquisizione-di-grandvision\/","title":{"rendered":"Aggiornamento sul progetto di acquisizione di GrandVision"},"content":{"rendered":"<p><strong><img loading=\"lazy\" decoding=\"async\" class=\"alignleft\" src=\"https:\/\/www.radiopiu.net\/wordpress\/wp-content\/uploads\/2021\/02\/ESSILORLUXOTTICA.png\" width=\"367\" height=\"207\" \/>Charenton-le-Pont, Francia<\/strong> \u2013 EssilorLuxottica conferma che il 9 aprile 2021 l&#8217;autorit\u00e0 antitrust cilena FNE (Fiscal\u00eda Nacional Econ\u00f3mica) ha autorizzato il progetto di acquisizione di GrandVision a fronte dell&#8217;impegno a cedere le attivit\u00e0 cilene di GrandVision gestite sotto l\u2019insegna Rotter Y Krauss. Le attivit\u00e0 cilene di GrandVision saranno vendute a HAL secondo i termini previsti dal Block Trade Agreement stipulato da HAL ed EssilorLuxottica il 30 luglio 2019. Tale cessione \u00e8 subordinata al closing dell\u2019acquisizione di GrandVision e si perfezioner\u00e0 contestualmente a quest\u2019ultimo. EssilorLuxottica ha inoltre preso atto della decisione della Corte d&#8217;Appello di Amsterdam, che il 6 aprile 2021 ha rigettato la richiesta di documentazione avanzata dalla Societ\u00e0 in particolare alla luce dell\u2019istanza di produzione documentale recentemente disposta nell\u2019ambito dei procedimenti arbitrali promossi da HAL e GrandVision. La Societ\u00e0 ha infatti avviato procedimenti giudiziari per ottenere tali informazioni da GrandVision al fine di valutare come quest\u2019ultima abbia gestito il business durante l\u2019emergenza COVID-19 e in che misura abbia violato le obbligazioni a proprio carico a sensi del Support Agreement sottoscritto tra le parti. La finalizzazione dell\u2019operazione di acquisizione di GrandVision \u00e8 ancora soggetta all\u2019approvazione da parte dell\u2019autorit\u00e0 antitrust della Turchia nonch\u00e9 all\u2019esito dei procedimenti arbitrali pendenti.<\/p>\n","protected":false},"excerpt":{"rendered":"<p>Charenton-le-Pont, Francia \u2013 EssilorLuxottica conferma che il 9 aprile 2021 l&#8217;autorit\u00e0 antitrust cilena FNE (Fiscal\u00eda Nacional Econ\u00f3mica) ha autorizzato il progetto di acquisizione di GrandVision a fronte dell&#8217;impegno a cedere le attivit\u00e0 cilene di GrandVision gestite sotto l\u2019insegna Rotter Y Krauss. Le attivit\u00e0 cilene di GrandVision saranno vendute a HAL secondo i termini previsti dal&hellip;<\/p>\n","protected":false},"author":4,"featured_media":193540,"comment_status":"closed","ping_status":"closed","sticky":false,"template":"","format":"standard","meta":{"_monsterinsights_skip_tracking":false,"_monsterinsights_sitenote_active":false,"_monsterinsights_sitenote_note":"","_monsterinsights_sitenote_category":0,"footnotes":""},"categories":[51,49],"tags":[],"class_list":["post-202853","post","type-post","status-publish","format-standard","has-post-thumbnail","hentry","category-evidenza-top","category-news-18","category-51","category-49","description-off"],"img_url":"https:\/\/www.radiopiu.net\/wordpress\/wp-content\/uploads\/2021\/02\/ESSILORLUXOTTICA.png","_links":{"self":[{"href":"https:\/\/www.radiopiu.net\/wordpress\/wp-json\/wp\/v2\/posts\/202853","targetHints":{"allow":["GET"]}}],"collection":[{"href":"https:\/\/www.radiopiu.net\/wordpress\/wp-json\/wp\/v2\/posts"}],"about":[{"href":"https:\/\/www.radiopiu.net\/wordpress\/wp-json\/wp\/v2\/types\/post"}],"author":[{"embeddable":true,"href":"https:\/\/www.radiopiu.net\/wordpress\/wp-json\/wp\/v2\/users\/4"}],"replies":[{"embeddable":true,"href":"https:\/\/www.radiopiu.net\/wordpress\/wp-json\/wp\/v2\/comments?post=202853"}],"version-history":[{"count":0,"href":"https:\/\/www.radiopiu.net\/wordpress\/wp-json\/wp\/v2\/posts\/202853\/revisions"}],"wp:featuredmedia":[{"embeddable":true,"href":"https:\/\/www.radiopiu.net\/wordpress\/wp-json\/wp\/v2\/media\/193540"}],"wp:attachment":[{"href":"https:\/\/www.radiopiu.net\/wordpress\/wp-json\/wp\/v2\/media?parent=202853"}],"wp:term":[{"taxonomy":"category","embeddable":true,"href":"https:\/\/www.radiopiu.net\/wordpress\/wp-json\/wp\/v2\/categories?post=202853"},{"taxonomy":"post_tag","embeddable":true,"href":"https:\/\/www.radiopiu.net\/wordpress\/wp-json\/wp\/v2\/tags?post=202853"}],"curies":[{"name":"wp","href":"https:\/\/api.w.org\/{rel}","templated":true}]}}