{"id":202867,"date":"2021-04-12T09:16:22","date_gmt":"2021-04-12T07:16:22","guid":{"rendered":"https:\/\/www.radiopiu.net\/wordpress\/?p=202867"},"modified":"2021-04-12T11:50:27","modified_gmt":"2021-04-12T09:50:27","slug":"auto-in-fiamme-a-seren-del-grappa","status":"publish","type":"post","link":"https:\/\/www.radiopiu.net\/wordpress\/auto-in-fiamme-a-seren-del-grappa\/","title":{"rendered":"AUTO IN FIAMME A SEREN DEL GRAPPA"},"content":{"rendered":"<p><strong>SEREN DEL GRAPPA<\/strong> Alle 7:30, i Vigili del Fuoco sono intervenuti lungo la SS 50 a Seren del Grappa per l\u2019incendio di un\u2019auto: nessuna persona \u00e8 rimasta ferita. Il conducente ha notato del fumo, si \u00e8 subito fermato ed \u00e8 sceso, mentre l\u2019auto prendeva fuoco. I pompieri arrivati da Feltre hanno subito spento le fiamme che hanno completamente bruciato l\u2019Opel Corsa. Le cause dell\u2019incendio di probabile natura elettromeccanica sono al vaglio della squadra intervenuta. Le operazioni dei Vigili del Fuoco di completo raffreddamento dell\u2019auto sono terminate dopo circa un\u2019ora.<\/p>\n\n\t\t\t<style type='text\/css'>\n\t\t\t\t#gallery-1 {\n\t\t\t\t\tmargin: auto;\n\t\t\t\t}\n\t\t\t\t#gallery-1 .gallery-item {\n\t\t\t\t\tfloat: left;\n\t\t\t\t\tmargin-top: 10px;\n\t\t\t\t\ttext-align: center;\n\t\t\t\t\twidth: 50%;\n\t\t\t\t}\n\t\t\t\t#gallery-1 img {\n\t\t\t\t\tborder: 2px solid #cfcfcf;\n\t\t\t\t}\n\t\t\t\t#gallery-1 .gallery-caption {\n\t\t\t\t\tmargin-left: 0;\n\t\t\t\t}\n\t\t\t\t\/* see gallery_shortcode() in wp-includes\/media.php *\/\n\t\t\t<\/style>\n\t\t<div id='gallery-1' class='dt-gallery-container gallery galleryid-202867 gallery-columns-2 gallery-size-medium'><dl class='gallery-item'>\n\t\t\t\t<dt class='gallery-icon landscape'>\n\t\t\t\t\t<a class=\"rollover rollover-zoom dt-pswp-item\" title=\"39c2cf33-9255-44ce-a313-b8f2520253c7\" data-dt-img-description=\"\" data-large_image_width=\"576\" data-large_image_height=\"393\"href='https:\/\/www.radiopiu.net\/wordpress\/wp-content\/uploads\/2021\/04\/39c2cf33-9255-44ce-a313-b8f2520253c7.jpg'><img loading=\"lazy\" decoding=\"async\" width=\"300\" height=\"205\" src=\"https:\/\/www.radiopiu.net\/wordpress\/wp-content\/uploads\/2021\/04\/39c2cf33-9255-44ce-a313-b8f2520253c7-300x205.jpg\" class=\"attachment-medium size-medium\" alt=\"\" srcset=\"https:\/\/www.radiopiu.net\/wordpress\/wp-content\/uploads\/2021\/04\/39c2cf33-9255-44ce-a313-b8f2520253c7-300x205.jpg 300w, https:\/\/www.radiopiu.net\/wordpress\/wp-content\/uploads\/2021\/04\/39c2cf33-9255-44ce-a313-b8f2520253c7.jpg 576w\" sizes=\"auto, (max-width: 300px) 100vw, 300px\" \/><\/a>\n\t\t\t\t<\/dt><\/dl><dl class='gallery-item'>\n\t\t\t\t<dt class='gallery-icon landscape'>\n\t\t\t\t\t<a class=\"rollover rollover-zoom dt-pswp-item\" title=\"7b7f9cc4-d78f-476b-a1b6-4968160daedb\" data-dt-img-description=\"\" data-large_image_width=\"576\" data-large_image_height=\"372\"href='https:\/\/www.radiopiu.net\/wordpress\/wp-content\/uploads\/2021\/04\/7b7f9cc4-d78f-476b-a1b6-4968160daedb.jpg'><img loading=\"lazy\" decoding=\"async\" width=\"300\" height=\"194\" src=\"https:\/\/www.radiopiu.net\/wordpress\/wp-content\/uploads\/2021\/04\/7b7f9cc4-d78f-476b-a1b6-4968160daedb-300x194.jpg\" class=\"attachment-medium size-medium\" alt=\"\" srcset=\"https:\/\/www.radiopiu.net\/wordpress\/wp-content\/uploads\/2021\/04\/7b7f9cc4-d78f-476b-a1b6-4968160daedb-300x194.jpg 300w, https:\/\/www.radiopiu.net\/wordpress\/wp-content\/uploads\/2021\/04\/7b7f9cc4-d78f-476b-a1b6-4968160daedb.jpg 576w\" sizes=\"auto, (max-width: 300px) 100vw, 300px\" \/><\/a>\n\t\t\t\t<\/dt><\/dl><br style=\"clear: both\" \/>\n\t\t\t<\/div>\n\n<div style=\"width: 1200px;\" class=\"wp-video\"><video class=\"wp-video-shortcode\" id=\"video-202867-1\" width=\"1200\" height=\"675\" preload=\"metadata\" controls=\"controls\"><source type=\"video\/mp4\" src=\"https:\/\/www.radiopiu.net\/wordpress\/wp-content\/uploads\/2021\/04\/auto-in-fiamme-seren.mp4?_=1\" \/><a href=\"https:\/\/www.radiopiu.net\/wordpress\/wp-content\/uploads\/2021\/04\/auto-in-fiamme-seren.mp4\">https:\/\/www.radiopiu.net\/wordpress\/wp-content\/uploads\/2021\/04\/auto-in-fiamme-seren.mp4<\/a><\/video><\/div>\n","protected":false},"excerpt":{"rendered":"<p>SEREN DEL GRAPPA Alle 7:30, i Vigili del Fuoco sono intervenuti lungo la SS 50 a Seren del Grappa per l\u2019incendio di un\u2019auto: nessuna persona \u00e8 rimasta ferita. Il conducente ha notato del fumo, si \u00e8 subito fermato ed \u00e8 sceso, mentre l\u2019auto prendeva fuoco. I pompieri arrivati da Feltre hanno subito spento le fiamme&hellip;<\/p>\n","protected":false},"author":4,"featured_media":202869,"comment_status":"closed","ping_status":"closed","sticky":false,"template":"","format":"standard","meta":{"_monsterinsights_skip_tracking":false,"_monsterinsights_sitenote_active":false,"_monsterinsights_sitenote_note":"","_monsterinsights_sitenote_category":0,"footnotes":""},"categories":[51,49],"tags":[],"class_list":["post-202867","post","type-post","status-publish","format-standard","has-post-thumbnail","hentry","category-evidenza-top","category-news-18","category-51","category-49","description-off"],"img_url":"https:\/\/www.radiopiu.net\/wordpress\/wp-content\/uploads\/2021\/04\/e561d7c8-be9b-4a92-bdee-4bb2d2e39e8a.jpg","_links":{"self":[{"href":"https:\/\/www.radiopiu.net\/wordpress\/wp-json\/wp\/v2\/posts\/202867","targetHints":{"allow":["GET"]}}],"collection":[{"href":"https:\/\/www.radiopiu.net\/wordpress\/wp-json\/wp\/v2\/posts"}],"about":[{"href":"https:\/\/www.radiopiu.net\/wordpress\/wp-json\/wp\/v2\/types\/post"}],"author":[{"embeddable":true,"href":"https:\/\/www.radiopiu.net\/wordpress\/wp-json\/wp\/v2\/users\/4"}],"replies":[{"embeddable":true,"href":"https:\/\/www.radiopiu.net\/wordpress\/wp-json\/wp\/v2\/comments?post=202867"}],"version-history":[{"count":0,"href":"https:\/\/www.radiopiu.net\/wordpress\/wp-json\/wp\/v2\/posts\/202867\/revisions"}],"wp:featuredmedia":[{"embeddable":true,"href":"https:\/\/www.radiopiu.net\/wordpress\/wp-json\/wp\/v2\/media\/202869"}],"wp:attachment":[{"href":"https:\/\/www.radiopiu.net\/wordpress\/wp-json\/wp\/v2\/media?parent=202867"}],"wp:term":[{"taxonomy":"category","embeddable":true,"href":"https:\/\/www.radiopiu.net\/wordpress\/wp-json\/wp\/v2\/categories?post=202867"},{"taxonomy":"post_tag","embeddable":true,"href":"https:\/\/www.radiopiu.net\/wordpress\/wp-json\/wp\/v2\/tags?post=202867"}],"curies":[{"name":"wp","href":"https:\/\/api.w.org\/{rel}","templated":true}]}}