{"id":203095,"date":"2021-04-14T05:46:34","date_gmt":"2021-04-14T03:46:34","guid":{"rendered":"https:\/\/www.radiopiu.net\/wordpress\/?p=203095"},"modified":"2021-04-14T05:54:10","modified_gmt":"2021-04-14T03:54:10","slug":"la-valle-agordina-strade-strette","status":"publish","type":"post","link":"https:\/\/www.radiopiu.net\/wordpress\/la-valle-agordina-strade-strette\/","title":{"rendered":"LA VALLE E STRADE STRETTE, &#8220;SCOPERTA L&#8217;ACQUA CALDA&#8221; RISPONDE IL SINDACO"},"content":{"rendered":"<blockquote>\n<h3><strong style=\"font-size: 14px;\">LA VALLE<\/strong><span style=\"font-size: 14px; font-weight: normal;\">\u00a0 Negli ultimi giorni sui social i residenti di Torsas lamentano problemi per le strette &#8220;burele&#8221;, soprattutto per le case danneggiate dai camion\u00a0 e chiedono pi\u00f9 attenzione, segnaletica pi\u00f9 chiara, soprattutto migliorie alla viabilit\u00e0 anche interna. Il sindaco Ezio Zuanel, visto che il Comune \u00e8 stato chiamato in causa risponde, con l&#8217;occasione focus anche sul ponte &#8220;del Felice&#8221; a Crostolin chiuso dallo scorso dicembre, i lavori stanno per iniziare. Con il primo cittadino si parla anche del ponte in centro al paese lungo la regionale del Duran e Cereda<\/span><\/h3>\n<\/blockquote>\n<p><strong>EZIO ZUANEL<\/strong><\/p>\n<audio class=\"wp-audio-shortcode\" id=\"audio-203095-1\" preload=\"none\" style=\"width: 100%;\" controls=\"controls\"><source type=\"audio\/mpeg\" src=\"https:\/\/www.radiopiu.net\/wordpress\/wp-content\/uploads\/2021\/04\/ezio-zuanel.mp3?_=1\" \/><a href=\"https:\/\/www.radiopiu.net\/wordpress\/wp-content\/uploads\/2021\/04\/ezio-zuanel.mp3\">https:\/\/www.radiopiu.net\/wordpress\/wp-content\/uploads\/2021\/04\/ezio-zuanel.mp3<\/a><\/audio>\n<p>&nbsp;<\/p>\n\n\t\t\t<style type='text\/css'>\n\t\t\t\t#gallery-1 {\n\t\t\t\t\tmargin: auto;\n\t\t\t\t}\n\t\t\t\t#gallery-1 .gallery-item {\n\t\t\t\t\tfloat: left;\n\t\t\t\t\tmargin-top: 10px;\n\t\t\t\t\ttext-align: center;\n\t\t\t\t\twidth: 33%;\n\t\t\t\t}\n\t\t\t\t#gallery-1 img {\n\t\t\t\t\tborder: 2px solid #cfcfcf;\n\t\t\t\t}\n\t\t\t\t#gallery-1 .gallery-caption {\n\t\t\t\t\tmargin-left: 0;\n\t\t\t\t}\n\t\t\t\t\/* see gallery_shortcode() in wp-includes\/media.php *\/\n\t\t\t<\/style>\n\t\t<div id='gallery-1' class='dt-gallery-container gallery galleryid-203095 gallery-columns-3 gallery-size-large'><dl class='gallery-item'>\n\t\t\t\t<dt class='gallery-icon portrait'>\n\t\t\t\t\t<a class=\"rollover rollover-zoom dt-pswp-item\" title=\"7cd6a14a-5aa0-4dbe-8bb6-130b828e8bfb\" data-dt-img-description=\"\" data-large_image_width=\"720\" data-large_image_height=\"960\"href='https:\/\/www.radiopiu.net\/wordpress\/wp-content\/uploads\/2021\/04\/7cd6a14a-5aa0-4dbe-8bb6-130b828e8bfb.jpg'><img loading=\"lazy\" decoding=\"async\" width=\"720\" height=\"960\" src=\"https:\/\/www.radiopiu.net\/wordpress\/wp-content\/uploads\/2021\/04\/7cd6a14a-5aa0-4dbe-8bb6-130b828e8bfb.jpg\" class=\"attachment-large size-large\" alt=\"\" srcset=\"https:\/\/www.radiopiu.net\/wordpress\/wp-content\/uploads\/2021\/04\/7cd6a14a-5aa0-4dbe-8bb6-130b828e8bfb.jpg 720w, https:\/\/www.radiopiu.net\/wordpress\/wp-content\/uploads\/2021\/04\/7cd6a14a-5aa0-4dbe-8bb6-130b828e8bfb-225x300.jpg 225w\" sizes=\"auto, (max-width: 720px) 100vw, 720px\" \/><\/a>\n\t\t\t\t<\/dt><\/dl><dl class='gallery-item'>\n\t\t\t\t<dt class='gallery-icon portrait'>\n\t\t\t\t\t<a class=\"rollover rollover-zoom dt-pswp-item\" title=\"20d023f0-9bcc-4826-998e-41691c555039\" data-dt-img-description=\"\" data-large_image_width=\"1200\" data-large_image_height=\"1600\"href='https:\/\/www.radiopiu.net\/wordpress\/wp-content\/uploads\/2021\/04\/20d023f0-9bcc-4826-998e-41691c555039.jpg'><img loading=\"lazy\" decoding=\"async\" width=\"768\" height=\"1024\" src=\"https:\/\/www.radiopiu.net\/wordpress\/wp-content\/uploads\/2021\/04\/20d023f0-9bcc-4826-998e-41691c555039-768x1024.jpg\" class=\"attachment-large size-large\" alt=\"\" srcset=\"https:\/\/www.radiopiu.net\/wordpress\/wp-content\/uploads\/2021\/04\/20d023f0-9bcc-4826-998e-41691c555039-768x1024.jpg 768w, https:\/\/www.radiopiu.net\/wordpress\/wp-content\/uploads\/2021\/04\/20d023f0-9bcc-4826-998e-41691c555039-225x300.jpg 225w, https:\/\/www.radiopiu.net\/wordpress\/wp-content\/uploads\/2021\/04\/20d023f0-9bcc-4826-998e-41691c555039-1152x1536.jpg 1152w, https:\/\/www.radiopiu.net\/wordpress\/wp-content\/uploads\/2021\/04\/20d023f0-9bcc-4826-998e-41691c555039.jpg 1200w\" sizes=\"auto, (max-width: 768px) 100vw, 768px\" \/><\/a>\n\t\t\t\t<\/dt><\/dl>\n\t\t\t\t<br style='clear: both' \/>\n\t\t\t<\/div>\n\n<p>&nbsp;<\/p>\n<p>&nbsp;<\/p>\n","protected":false},"excerpt":{"rendered":"<p>LA VALLE\u00a0 Negli ultimi giorni sui social i residenti di Torsas lamentano problemi per le strette &#8220;burele&#8221;, soprattutto per le case danneggiate dai camion\u00a0 e chiedono pi\u00f9 attenzione, segnaletica pi\u00f9 chiara, soprattutto migliorie alla viabilit\u00e0 anche interna. Il sindaco Ezio Zuanel, visto che il Comune \u00e8 stato chiamato in causa risponde, con l&#8217;occasione focus anche&hellip;<\/p>\n","protected":false},"author":4,"featured_media":83889,"comment_status":"closed","ping_status":"closed","sticky":false,"template":"","format":"standard","meta":{"_monsterinsights_skip_tracking":false,"_monsterinsights_sitenote_active":false,"_monsterinsights_sitenote_note":"","_monsterinsights_sitenote_category":0,"footnotes":""},"categories":[104,49],"tags":[],"class_list":["post-203095","post","type-post","status-publish","format-standard","has-post-thumbnail","hentry","category-evidenza_3","category-news-18","category-104","category-49","description-off"],"img_url":"https:\/\/www.radiopiu.net\/wordpress\/wp-content\/uploads\/2019\/04\/La-Valle_Ezio-Zuanel.jpg","_links":{"self":[{"href":"https:\/\/www.radiopiu.net\/wordpress\/wp-json\/wp\/v2\/posts\/203095","targetHints":{"allow":["GET"]}}],"collection":[{"href":"https:\/\/www.radiopiu.net\/wordpress\/wp-json\/wp\/v2\/posts"}],"about":[{"href":"https:\/\/www.radiopiu.net\/wordpress\/wp-json\/wp\/v2\/types\/post"}],"author":[{"embeddable":true,"href":"https:\/\/www.radiopiu.net\/wordpress\/wp-json\/wp\/v2\/users\/4"}],"replies":[{"embeddable":true,"href":"https:\/\/www.radiopiu.net\/wordpress\/wp-json\/wp\/v2\/comments?post=203095"}],"version-history":[{"count":0,"href":"https:\/\/www.radiopiu.net\/wordpress\/wp-json\/wp\/v2\/posts\/203095\/revisions"}],"wp:featuredmedia":[{"embeddable":true,"href":"https:\/\/www.radiopiu.net\/wordpress\/wp-json\/wp\/v2\/media\/83889"}],"wp:attachment":[{"href":"https:\/\/www.radiopiu.net\/wordpress\/wp-json\/wp\/v2\/media?parent=203095"}],"wp:term":[{"taxonomy":"category","embeddable":true,"href":"https:\/\/www.radiopiu.net\/wordpress\/wp-json\/wp\/v2\/categories?post=203095"},{"taxonomy":"post_tag","embeddable":true,"href":"https:\/\/www.radiopiu.net\/wordpress\/wp-json\/wp\/v2\/tags?post=203095"}],"curies":[{"name":"wp","href":"https:\/\/api.w.org\/{rel}","templated":true}]}}