{"id":203146,"date":"2021-04-13T12:25:19","date_gmt":"2021-04-13T10:25:19","guid":{"rendered":"https:\/\/www.radiopiu.net\/wordpress\/?p=203146"},"modified":"2021-04-13T15:16:44","modified_gmt":"2021-04-13T13:16:44","slug":"emergenza-covid-19-luca-zaia-in-conferenza-stampa-da-marghera","status":"publish","type":"post","link":"https:\/\/www.radiopiu.net\/wordpress\/emergenza-covid-19-luca-zaia-in-conferenza-stampa-da-marghera\/","title":{"rendered":"MANCANO I VACCINI, SONO STATE INOCULATE OLTRE 1 MILIONE 200 MILA  DI DOSI &#8211; DA VENEZIA LUCA ZAIA"},"content":{"rendered":"<p><strong>VENEZIA<\/strong>\u00a0Consueto appuntamento con la conferenza stampa di Luca Zaia dalla sede della Protezione Civile a Marghera.<\/p>\n<p><strong>I NUMERI\u00a0<\/strong><\/p>\n<p>TAMPONI MOLECOLARI 4.747307 TAMPONI RAPIDI 4.054960 TAMPONI IERI\u00a0 37951 POSITIVI IERI\u00a0 +883 INCIDENZA POSITIVI TAMPONI 3,47 % POSITIVI DA INIZIO EPIDEMIA 396677 POSITIVI ATTUALI 30559 (in discesa, pochi ingressi tante negativizzazioni)\u00a0 RICOVERI 2076 (-46) IN AREA NON CRITICA\u00a0 \u00a01791\u00a0 (-30) IN TERAPIA INTENSIVA 285 (-16) ALTRI PAZIENTI NON COVID in terapia intensiva 274\u00a0 DECESSI 10994\u00a0 (+42) DIMESSI 19559<\/p>\n<blockquote>\n<h2>LEGGI LA CONFERENZA STAMPA DI LUCA ZAIA, aggiornamento in tempo reale<\/h2>\n<p><em>Anche i sindaci dovrebbero aiutare i lavoratori della ristorazione, qualche metro in pi\u00f9 all&#8217;esterno, qualche tavolo in pi\u00f9, sono fiduciosi che capiscano. Il segnale del calo: pochi ingressi in ospedale e tante guarigioni. Vaccinazioni, domani la circolare\u00a0 \u00a0per le vaccinazioni agli accompagnatori degli over 70 e di altre categorie.<\/em><\/p><\/blockquote>\n<p><strong>INCONTRO CON I RISTORATORI<\/strong> Ho incontrato i rappresentanti della Appe Fipe di Padova che portano la tragedia di un settore, quello della ristorazione. Comparto massacrato dal covid, poi si sono aggiunte le continue normative, un saliscendi di regole. Con loro avevamo fatto la partita delle linee guida per la riapertura. Sono le prime che si sono messe in regola, la sanit\u00e0 la hanno ben impressa nelle loro regole. Sul fronte degli aiuto non hanno avuto quello che sarebbe stato opportuno, nella prima fase c&#8217;e&#8217; stata un distribuzione a pioggia, a tutti. Dobbiamo puntare al tema delle riapertura con gradualit\u00e0 e buon senso. Chiesta attenzione ai sindaci, una graduale riapertura non puo&#8217; prescindere dagli spazi all&#8217;aria aperta e qui servir\u00e0 un piccolo sforzo anche se conosciamo la difficolt\u00e0 di far quadrare i bilanci. Mi appello alla sensibilit\u00e0 dei sindaci per dare una mano ai ristoratori. <strong>CURVE<\/strong> Sono in calo da 4-5 giorni, si vede bene il calo, mai successa una ripartenza dopo una calo del genere. Nelle ultime ore sono comunque entrate in ospedale 74 persone. Quando parliamo di buona piega significa meno ammalati, meno decessi, meno stress per i sanitari. Affrontiamo il tema della possibili riaperture con dei dati che possono essere portati a contributo ma non \u00e8 cosi&#8217; in tutta Italia. <strong>VACCINAZIONI\u00a0<\/strong>Se non ci sono forze contrarie della natura questa settimana chiudiamo con gli over 80, compresi i 100mila costretti ad un letto di casa. Ultraottantenni oltre 358mila, 100mila sono a letto, ne restano da vaccinare 56mila, con la seconda dose gi\u00e0 vaccinati il 41%. Domani mattina alle 11 i direttore delle Ulss faranno un conferenza stampa per annunciare le scelte per chiudere gli ultra ottantenni con accessi dirette dopo precise informazioni. Sono 494mila gli ultra settantenni ne mancano 293mila, dalla prossima settimana toccher\u00e0 a loro, ma servono vaccini. Se avessimo vaccino entro met\u00e0 maggio sistemavano tutti gli ultra sessantenni. <strong>LA SCELTA DEL VACCINO e chi rifiuta astrazeneca<\/strong> I medici sono li per fare l&#8217;anamnesi non siamo certo noi che dobbiamo dire quale vaccino bisogna fare.<strong> CITTADINI INTROVABIL<\/strong>I In molti\u00a0 non rispondono alla chiamata per il vaccino poi ci sono gli iscritti nelle liste Aire (all&#8217;estero ma anagraficamente in Italia) soprattutto a Belluno. Faremo un&#8217;altra chiamata, anche con accessi diretti.<strong> PRIMA DOSE SENZA FOGLIETTO<\/strong> chi non ha avuto l&#8217;appuntamento per la seconda dose sar\u00e0 ricontattato dall&#8217;Ulss.\u00a0 il lotto della vaccinazione deve essere dato alla prima dose le Ulss si uniformino.<strong> FRAGILI E DISABILI<\/strong> vengono vaccinati \u00a0in contemporanea agli over 80 con Pfizer o Moderna. I centri che seguono specifiche malattie stanno ricostruendo quali pazienti siano titolati a ricevere il vaccino per l&#8217;Inps sono 130mila, molti mancano e stiamo incrociando i dati. <strong>TRAPIANTATI<\/strong> abbiamo dato indicazione di vaccinare\u00a0 nell&#8217;Ulss di competenza<\/p>\n<blockquote>\n<h3>ASSESSORE MANUELA LANZARIN<\/h3>\n<\/blockquote>\n<p><strong>PRENOTAZIONI<\/strong> due giorni di record con\u00a0 8903 e 9064 telefonate l&#8217;8 e 9 aprile. Ci sono state difficolt\u00e0 di comunicazione, faremo verifiche. Da affinare, ma \u00e8 molto complesso. Le chiamate arrivate da inizio aprile all&#8217;11 sono 70mila 813 <strong>FARMACIA<\/strong>\u00a0 Nessun novit\u00e0 fino alla prossima settimana, non c&#8217;\u00e8 la materia prima quindi sempre un problema legato alla fornitura di vaccini<\/p>\n<blockquote>\n<h3>DOTTOR MONGILLO, LE CATEGORIE DI VACCINATI<\/h3>\n<p><em>La categoria &#8220;altro&#8221; comprende estremamente vulnearbili e 70-79 anni. \u200bNel 97% dei casi le somministrazioni sono state fatte a soggetti identificabili: 375mila dosi somministrate, in Veneto: 185mila sono cittadini over 70 (tra 70 e 79 anni). L&#8217;altra voce che finisce in &#8220;altro&#8221; sono i soggetti vulnerabili e disabili con 82mimla vaccinazioni.\u00a0<\/em><\/p><\/blockquote>\n<p><strong>I NUMERI<\/strong> 375000\u00a0 dosi somministrate\u00a0 185000 cittadini tra 70 e 79 anni\u00a0 82000 soggetti vulnerabili, sono 38000 dosi\u00a0 somministrate da accertare. Ogni singola Ulss ha il riferimento numerico per fare le verifiche.<\/p>\n<blockquote><p>Il 3,2% del totale delle somministrazioni non rientra nelle categorie puntualmente identificabili. Nella categoria altro ci sono molte voci, obiettivi specificatamente compresi in questa fase della campagna. Alla voce altro: 375mila dosi somministrate, 185mila a carico di soggetti tra 70 e 79 anni, la pi\u00f9 imporante, correttamente classificata da noi ma non per portale nazionale. Altra voce di &#8220;altro&#8221; sono i soggetti vulnerabili e disabili, 82mila vaccinazioni. Se togliamo queste due grandi categorie ecco il ridimensionamento. Non sono categorie da noi inventate ma ben definite da un documento tecnico del Ministero che disciplina l&#8217;anagrafe nazionale dei vaccini. A livello centrale poi vengono aggregati in macro categorie. Siamo la Regione con la categoria &#8220;altro&#8221; pi\u00f9 elevata per le quote 70-79enni, fragili e vulnerabili. Poi ci sono gli operatori non sanitari della Rsa, anche loro classificati in &#8220;altro&#8221; a livello nazionale. Gli studenti di area sanitaria sono la voce &#8220;altro&#8221; sempre a livello nazionale cosi&#8217; i familiari dei pazienti ad alto rischio, oppure i farmacisti, protezione civile, vigili del fuoco, detenuti etc. Ecco la spiegazione di quello che finisce in categoria &#8220;altro&#8221;, poco pi\u00f9 del 3% sul totale che attualmente non \u00e8 classificato nelle categorie.<\/p><\/blockquote>\n<p><strong>PERCHE&#8217;\u00a0 IN ALTRO CI SONO ANZIANI E VULNERABILI?<\/strong> Nei nostri sistemi in Veneto sono correttamente classificati, ma non \u00e8 cosi&#8217; nel portale nazionale.<\/p>\n<p>&nbsp;<\/p>\n<p><a href=\"https:\/\/www.facebook.com\/zaiaufficiale\/videos\/282597060132797\">https:\/\/www.facebook.com\/zaiaufficiale\/videos\/282597060132797<\/a><\/p>\n<p>&nbsp;<\/p>\n<a href=\"https:\/\/www.radiopiu.net\/wordpress\/wp-content\/uploads\/2021\/04\/VENETO_categoria-ALTRO_agg.-12.04.2021_ore-22.00-1.pdf\" class=\"pdfemb-viewer\" style=\"\" data-width=\"max\" data-height=\"max\" data-toolbar=\"top\" data-toolbar-fixed=\"on\">VENETO_categoria ALTRO_agg. 12.04.2021_ore 22.00-1<\/a>\n","protected":false},"excerpt":{"rendered":"<p>VENEZIA\u00a0Consueto appuntamento con la conferenza stampa di Luca Zaia dalla sede della Protezione Civile a Marghera. I NUMERI\u00a0 TAMPONI MOLECOLARI 4.747307 TAMPONI RAPIDI 4.054960 TAMPONI IERI\u00a0 37951 POSITIVI IERI\u00a0 +883 INCIDENZA POSITIVI TAMPONI 3,47 % POSITIVI DA INIZIO EPIDEMIA 396677 POSITIVI ATTUALI 30559 (in discesa, pochi ingressi tante negativizzazioni)\u00a0 RICOVERI 2076 (-46) IN AREA NON&hellip;<\/p>\n","protected":false},"author":4,"featured_media":185492,"comment_status":"closed","ping_status":"closed","sticky":false,"template":"","format":"standard","meta":{"_monsterinsights_skip_tracking":false,"_monsterinsights_sitenote_active":false,"_monsterinsights_sitenote_note":"","_monsterinsights_sitenote_category":0,"footnotes":""},"categories":[51,49],"tags":[],"class_list":["post-203146","post","type-post","status-publish","format-standard","has-post-thumbnail","hentry","category-evidenza-top","category-news-18","category-51","category-49","description-off"],"img_url":"https:\/\/www.radiopiu.net\/wordpress\/wp-content\/uploads\/2021\/01\/8cc48272-9106-4c03-995c-e53cd9d80687.jpg","_links":{"self":[{"href":"https:\/\/www.radiopiu.net\/wordpress\/wp-json\/wp\/v2\/posts\/203146","targetHints":{"allow":["GET"]}}],"collection":[{"href":"https:\/\/www.radiopiu.net\/wordpress\/wp-json\/wp\/v2\/posts"}],"about":[{"href":"https:\/\/www.radiopiu.net\/wordpress\/wp-json\/wp\/v2\/types\/post"}],"author":[{"embeddable":true,"href":"https:\/\/www.radiopiu.net\/wordpress\/wp-json\/wp\/v2\/users\/4"}],"replies":[{"embeddable":true,"href":"https:\/\/www.radiopiu.net\/wordpress\/wp-json\/wp\/v2\/comments?post=203146"}],"version-history":[{"count":0,"href":"https:\/\/www.radiopiu.net\/wordpress\/wp-json\/wp\/v2\/posts\/203146\/revisions"}],"wp:featuredmedia":[{"embeddable":true,"href":"https:\/\/www.radiopiu.net\/wordpress\/wp-json\/wp\/v2\/media\/185492"}],"wp:attachment":[{"href":"https:\/\/www.radiopiu.net\/wordpress\/wp-json\/wp\/v2\/media?parent=203146"}],"wp:term":[{"taxonomy":"category","embeddable":true,"href":"https:\/\/www.radiopiu.net\/wordpress\/wp-json\/wp\/v2\/categories?post=203146"},{"taxonomy":"post_tag","embeddable":true,"href":"https:\/\/www.radiopiu.net\/wordpress\/wp-json\/wp\/v2\/tags?post=203146"}],"curies":[{"name":"wp","href":"https:\/\/api.w.org\/{rel}","templated":true}]}}