{"id":203308,"date":"2021-04-15T06:00:51","date_gmt":"2021-04-15T04:00:51","guid":{"rendered":"https:\/\/www.radiopiu.net\/wordpress\/?p=203308"},"modified":"2021-04-16T06:00:09","modified_gmt":"2021-04-16T04:00:09","slug":"giornale-radiopiu-15-aprile-2021-direttore-mirko-mezzacasa","status":"publish","type":"post","link":"https:\/\/www.radiopiu.net\/wordpress\/giornale-radiopiu-15-aprile-2021-direttore-mirko-mezzacasa\/","title":{"rendered":"GIORNALE RADIOPIU 15 APRILE 2021 DIRETTORE MIRKO MEZZACASA"},"content":{"rendered":"<h3>PER<strong> RICEVERE QUESTO NOTIZIARIO DIRETTAMENTE SUL TUO CELLULARE ISCRIVITI AL CANALE TELEGRAM <\/strong><strong>\u201cRADIO PIU\u00a0 INFORMAZIONE&#8221;\u00a0<\/strong><\/h3>\n<p>&nbsp;<\/p>\n<hr \/>\n<p>&nbsp;<\/p>\n<h3 style=\"text-align: left;\"><a href=\"https:\/\/www.radiopiu.net\/wordpress\/giornale-radiopiu-15-aprile-2021-direttore-mirko-mezzacasa\/88cd6b05-572f-4981-ad89-192687fee118\/\" rel=\"attachment wp-att-203548\"><img loading=\"lazy\" decoding=\"async\" class=\"size-medium wp-image-203548 alignleft\" src=\"https:\/\/www.radiopiu.net\/wordpress\/wp-content\/uploads\/2021\/04\/88cd6b05-572f-4981-ad89-192687fee118-300x224.jpg\" alt=\"\" width=\"300\" height=\"224\" srcset=\"https:\/\/www.radiopiu.net\/wordpress\/wp-content\/uploads\/2021\/04\/88cd6b05-572f-4981-ad89-192687fee118-300x224.jpg 300w, https:\/\/www.radiopiu.net\/wordpress\/wp-content\/uploads\/2021\/04\/88cd6b05-572f-4981-ad89-192687fee118.jpg 320w\" sizes=\"auto, (max-width: 300px) 100vw, 300px\" \/><\/a>COME UN ANNO FA&#8230; NEVICA FINO A BASSA QUOTA. STRADE IMBIANCATE DAL MEDIO ALL&#8217;ALTO AGORDINO MA ANCHE NELLA CONCA AD AGORDO<\/h3>\n<p>&nbsp;<\/p>\n<p>foto Emilio Bez, Falcade <em>&#8220;A Falcade la 346 al momento \u00e8 percorribile con gomme da neve \/ 4stagioni ma continua a nevicare&#8221;. <\/em><span style=\"color: #0000ff;\"><strong>Viabilita&#8217; Provincia di Belluno, su Telegram<\/strong><\/span><\/p>\n<p>&nbsp;<\/p>\n<p>&nbsp;<\/p>\n<p><a href=\"https:\/\/www.radiopiu.net\/wordpress\/giornale-radiopiu-15-aprile-2021-direttore-mirko-mezzacasa\/89d348c3-2f25-4da8-bae1-389ef9e7b8da\/\" rel=\"attachment wp-att-203587\"><img loading=\"lazy\" decoding=\"async\" class=\"alignnone size-medium wp-image-203587\" src=\"https:\/\/www.radiopiu.net\/wordpress\/wp-content\/uploads\/2021\/04\/89d348c3-2f25-4da8-bae1-389ef9e7b8da-300x169.jpg\" alt=\"\" width=\"300\" height=\"169\" srcset=\"https:\/\/www.radiopiu.net\/wordpress\/wp-content\/uploads\/2021\/04\/89d348c3-2f25-4da8-bae1-389ef9e7b8da-300x169.jpg 300w, https:\/\/www.radiopiu.net\/wordpress\/wp-content\/uploads\/2021\/04\/89d348c3-2f25-4da8-bae1-389ef9e7b8da-1024x576.jpg 1024w, https:\/\/www.radiopiu.net\/wordpress\/wp-content\/uploads\/2021\/04\/89d348c3-2f25-4da8-bae1-389ef9e7b8da-768x432.jpg 768w, https:\/\/www.radiopiu.net\/wordpress\/wp-content\/uploads\/2021\/04\/89d348c3-2f25-4da8-bae1-389ef9e7b8da-1536x864.jpg 1536w, https:\/\/www.radiopiu.net\/wordpress\/wp-content\/uploads\/2021\/04\/89d348c3-2f25-4da8-bae1-389ef9e7b8da.jpg 1600w\" sizes=\"auto, (max-width: 300px) 100vw, 300px\" \/><\/a> <strong>TAIBON RADIOPIU<\/strong><\/p>\n<p>&nbsp;<\/p>\n<blockquote>\n<h3>ALLEGHE SUL LAGO<\/h3>\n<\/blockquote>\n<div style=\"width: 640px;\" class=\"wp-video\"><video class=\"wp-video-shortcode\" id=\"video-203308-1\" width=\"640\" height=\"352\" preload=\"metadata\" controls=\"controls\"><source type=\"video\/mp4\" src=\"https:\/\/www.radiopiu.net\/wordpress\/wp-content\/uploads\/2021\/04\/WhatsApp-Video-2021-04-15-at-06.44.41.mp4?_=1\" \/><a href=\"https:\/\/www.radiopiu.net\/wordpress\/wp-content\/uploads\/2021\/04\/WhatsApp-Video-2021-04-15-at-06.44.41.mp4\">https:\/\/www.radiopiu.net\/wordpress\/wp-content\/uploads\/2021\/04\/WhatsApp-Video-2021-04-15-at-06.44.41.mp4<\/a><\/video><\/div>\n<p>&nbsp;<\/p>\n<p>&nbsp;<\/p>\n<p>&nbsp;<\/p>\n<hr \/>\n<p>&nbsp;<\/p>\n<h2 dir=\"auto\"><a href=\"https:\/\/www.radiopiu.net\/wordpress\/giornale-radiopiu-07-aprile-2021-direttore-mirko-mezzacasa\/youtube\/\" rel=\"attachment wp-att-201738\"><img loading=\"lazy\" decoding=\"async\" class=\"wp-image-201738 alignleft\" src=\"https:\/\/www.radiopiu.net\/wordpress\/wp-content\/uploads\/2021\/04\/YOUTUBE-300x300.png\" alt=\"\" width=\"143\" height=\"143\" srcset=\"https:\/\/www.radiopiu.net\/wordpress\/wp-content\/uploads\/2021\/04\/YOUTUBE-300x300.png 300w, https:\/\/www.radiopiu.net\/wordpress\/wp-content\/uploads\/2021\/04\/YOUTUBE-1024x1024.png 1024w, https:\/\/www.radiopiu.net\/wordpress\/wp-content\/uploads\/2021\/04\/YOUTUBE-150x150.png 150w, https:\/\/www.radiopiu.net\/wordpress\/wp-content\/uploads\/2021\/04\/YOUTUBE-768x768.png 768w, https:\/\/www.radiopiu.net\/wordpress\/wp-content\/uploads\/2021\/04\/YOUTUBE.png 1200w\" sizes=\"auto, (max-width: 143px) 100vw, 143px\" \/><\/a><\/h2>\n<h2 dir=\"auto\"><\/h2>\n<h2 dir=\"auto\">RADIO PIU&#8217; ANCHE SU YOUTUBE. ISCRIVITI AL CANALE PER SEGUIRE LE DIRETTE E GUARDARE I VIDEO DI RADIO PIU&#8217;<\/h2>\n<h2 dir=\"auto\"><a href=\"https:\/\/www.youtube.com\/channel\/UC_sv6_pySrogmrRK354wWOw\">CLICCA QUI<\/a> E PREMI SUL PULSANTE &#8220;ISCRIVITI&#8221;<\/h2>\n<div dir=\"auto\"><\/div>\n<div dir=\"auto\"><\/div>\n<div dir=\"auto\"><\/div>\n<hr \/>\n<p>&nbsp;<\/p>\n<p><em><a href=\"https:\/\/www.radiopiu.net\/wordpress\/giornale-radiopiu-24-gennaio-2021-direttore-mirko-mezzacasa\/79216601_126817312416448_708980208774483089_n\/\" rel=\"attachment wp-att-186567\"><img loading=\"lazy\" decoding=\"async\" class=\"size-medium wp-image-186567 alignleft\" src=\"https:\/\/www.radiopiu.net\/wordpress\/wp-content\/uploads\/2021\/01\/79216601_126817312416448_708980208774483089_n-300x114.jpg\" alt=\"\" width=\"300\" height=\"114\" srcset=\"https:\/\/www.radiopiu.net\/wordpress\/wp-content\/uploads\/2021\/01\/79216601_126817312416448_708980208774483089_n-300x114.jpg 300w, https:\/\/www.radiopiu.net\/wordpress\/wp-content\/uploads\/2021\/01\/79216601_126817312416448_708980208774483089_n-768x292.jpg 768w, https:\/\/www.radiopiu.net\/wordpress\/wp-content\/uploads\/2021\/01\/79216601_126817312416448_708980208774483089_n.jpg 820w\" sizes=\"auto, (max-width: 300px) 100vw, 300px\" \/><\/a> <\/em><\/p>\n<p><em><span style=\"color: #ff0000;\">\u00a0<\/span><\/em><em><span style=\"color: #ff0000;\">LA NUOVA APP PER IOS-IPHONE di Nicola Vettorello <\/span><\/em><a href=\"https:\/\/apps.apple.com\/it\/app\/radio-pi%C3%B9-emittente-agordina\/id1515939845\">https:\/\/apps.apple.com\/it\/app\/radio-pi%C3%B9-emittente-agordina\/id1515939845<\/a><\/p>\n<p><em style=\"color: #ff0000;\">ATTENZIONE: LA NUOVA APP RADIO\u00a0 PER ANDROID di Nicola Vettorello<\/em><\/p>\n<p><a href=\"https:\/\/play.google.com\/store\/apps\/details?id=net.radiopiu.iniko\" target=\"_blank\" rel=\"noopener noreferrer\">https:\/\/play.google.com\/store\/apps\/details?id=net.radiopiu.iniko<\/a><\/p>\n<p>&nbsp;<\/p>\n<p>&nbsp;<\/p>\n<hr \/>\n<p>&nbsp;<\/p>\n<blockquote>\n<h3>VENETO IN ARANCIONE<\/h3>\n<\/blockquote>\n<p><strong>VENEZIA<\/strong><em> Il Veneto in zona arancione. Di seguito il vademecum sulla zona arancione.<\/em><\/p>\n<h3><a href=\"https:\/\/www.radiopiu.net\/wordpress\/giornale-radiopiu-03-aprile-2021-direttore-mirko-mezzacasa\/b3f36804-16e9-4406-b10b-f7963a753f82\/\" rel=\"attachment wp-att-201000\"><img loading=\"lazy\" decoding=\"async\" class=\"aligncenter wp-image-201000 size-full\" src=\"https:\/\/www.radiopiu.net\/wordpress\/wp-content\/uploads\/2021\/04\/b3f36804-16e9-4406-b10b-f7963a753f82.jpg\" alt=\"\" width=\"1024\" height=\"616\" srcset=\"https:\/\/www.radiopiu.net\/wordpress\/wp-content\/uploads\/2021\/04\/b3f36804-16e9-4406-b10b-f7963a753f82.jpg 1024w, https:\/\/www.radiopiu.net\/wordpress\/wp-content\/uploads\/2021\/04\/b3f36804-16e9-4406-b10b-f7963a753f82-300x180.jpg 300w, https:\/\/www.radiopiu.net\/wordpress\/wp-content\/uploads\/2021\/04\/b3f36804-16e9-4406-b10b-f7963a753f82-768x462.jpg 768w\" sizes=\"auto, (max-width: 1024px) 100vw, 1024px\" \/><\/a><\/h3>\n<p>&nbsp;<\/p>\n<p><strong>PER GLI SPOSTAMENTI FUORI COMUNE (SOTTO I 5000 ABITANTI) OBBLIGO DI AUTOCERTIFICAZIONE CHE PUOI <a href=\"https:\/\/www.radiopiu.net\/wordpress\/veneto-in-rosso-il-bianco-sardegna-lontano-lo-dice-lincide-rt\/dpcm-autocertificazione-gennaio-2021\/\">SCARICARE QUI<\/a><\/strong><\/p>\n<p>&nbsp;<\/p>\n<p>&nbsp;<\/p>\n<hr \/>\n<p>&nbsp;<\/p>\n<div>\n<blockquote>\n<h3 class=\"page-title-head hgroup\">EX PROVINCIALE TAIBON-AGORDO, STRADA CHIUSA FINO AL 31 MAGGIO<\/h3>\n<\/blockquote>\n<p><strong>TAIBON<\/strong>\u00a0Cantiere aperto tra Taibon, Taier e Brugnach sulla strada di campagna, (ex Sp 34): fino al 31 maggio la strada rester\u00e0 chiusa da\u00a0 via Col di Lana (sabati, domeniche e festivi inclusi).<\/p>\n<p>&nbsp;<\/p>\n<p>&nbsp;<\/p>\n<hr \/>\n<p>&nbsp;<\/p>\n<\/div>\n<div class=\"page-title-head hgroup\"><\/div>\n<p><strong>SP 3 VAL IMPERINA <\/strong>Fino al 30 aprile (sabato e domenica esclusi) interdizione alla viabilit\u00e0 per lavori di esbosco schianti a fasce orari. Chiusure: dalle 8 alle 9.45; dalle 10 alle 12; dalle 13.45 alle 15.50; dalle 16.10 alle 17.30. Nei periodi non interessati dalla chiusura senso unico alternato con movieri.<img loading=\"lazy\" decoding=\"async\" class=\"wp-image-198719 alignleft\" src=\"https:\/\/www.radiopiu.net\/wordpress\/wp-content\/uploads\/2021\/03\/d1cefc45-a8f4-432d-b66b-ba03ea140813-300x142.jpg\" alt=\"\" width=\"188\" height=\"89\" srcset=\"https:\/\/www.radiopiu.net\/wordpress\/wp-content\/uploads\/2021\/03\/d1cefc45-a8f4-432d-b66b-ba03ea140813-300x142.jpg 300w, https:\/\/www.radiopiu.net\/wordpress\/wp-content\/uploads\/2021\/03\/d1cefc45-a8f4-432d-b66b-ba03ea140813-1024x485.jpg 1024w, https:\/\/www.radiopiu.net\/wordpress\/wp-content\/uploads\/2021\/03\/d1cefc45-a8f4-432d-b66b-ba03ea140813-768x364.jpg 768w, https:\/\/www.radiopiu.net\/wordpress\/wp-content\/uploads\/2021\/03\/d1cefc45-a8f4-432d-b66b-ba03ea140813-1536x728.jpg 1536w, https:\/\/www.radiopiu.net\/wordpress\/wp-content\/uploads\/2021\/03\/d1cefc45-a8f4-432d-b66b-ba03ea140813.jpg 1599w\" sizes=\"auto, (max-width: 188px) 100vw, 188px\" \/><\/p>\n<p><b>\u00a0<\/b><strong>PROVINCIALE 10 DI ALANO, LOC. LE SORGENTI<\/strong> interruzione totale alla viabilit\u00e0 fino al 19 maggio, dalle 8 alle 12 e dalle 13 alle 18, esclusi sabato e domenica<\/p>\n<p>&nbsp;<\/p>\n<p>&nbsp;<\/p>\n<hr \/>\n<h3><\/h3>\n<h3>DAL 16 AL 25 APRILE CHIUSURA STATALE 50 A GRAVAZZE PER LA REALIZZAZIONE DEL SOTTOPASSO CICLABILE<\/h3>\n<p><strong><a href=\"https:\/\/www.radiopiu.net\/wordpress\/giornale-radio-piu-15-06-direttore-mirko-mezzacasa\/lavori_in_corso_cartelli04111111111111\/\" rel=\"attachment wp-att-20520\"><img loading=\"lazy\" decoding=\"async\" class=\" wp-image-20520 alignleft\" src=\"https:\/\/www.radiopiu.net\/wordpress\/wp-content\/uploads\/2016\/06\/lavori_in_corso_cartelli04111111111111-300x237.jpg\" sizes=\"auto, (max-width: 300px) 100vw, 300px\" srcset=\"https:\/\/www.radiopiu.net\/wordpress\/wp-content\/uploads\/2016\/06\/lavori_in_corso_cartelli04111111111111-300x237.jpg 300w, https:\/\/www.radiopiu.net\/wordpress\/wp-content\/uploads\/2016\/06\/lavori_in_corso_cartelli04111111111111.jpg 425w\" alt=\"\" width=\"152\" height=\"120\" \/><\/a>SANTA GIUSTINA <\/strong>Partenze delle corriere anticipate dai 5 ai 15 minuti e revisione generale di tutti gli orari \u00e8 l&#8217;effetto dell&#8217;allungamento del percorso da Belluno a Sedico, Mas, Gron, Meano, Santa Giustina e viceversa. Dolomitibus ha rivisto le tabelle orarie delle linee in transito sulla Destra Piave alla luce della chiusura della strada statale 50 all&#8217;altezza della rotatoria delle Gravazze, tra Santa Giustina e Sedico, che stravolger\u00e0 la viabilit\u00e0 sull&#8217;asse Feltre-Belluno da domani mattina fino a domenica 25 a mezzanotte per permettere la realizzazione del sottopasso della pista ciclabile.<\/p>\n<p><em>\u00abNel cambiamento orario, si \u00e8 cercato di valutare tutte le relazioni di spostamento conosciute &#8211; spiega il consigliere provinciale delegato alla mobilit\u00e0, Dario Scopel -. Purtroppo, considerate le modalit\u00e0 dell\u2019interruzione e i tempi ristretti di attuazione, non si possono escludere disagi o disservizi per utenti abituali delle linee in Destra Piave. Nei prossimi giorni prevediamo anche un notevole incremento di traffico lungo il percorso alternativo, che con ogni probabilit\u00e0 sar\u00e0 utilizzato anche da altri utenti della rete stradale. Chiediamo un po\u2019 di pazienza\u00bb.<\/em><\/p>\n<p><strong>AGORDO<\/strong> In occasione dei lavori per la ciclabile di Gravazze che interesseranno la tratta Dolomitibus che parte da Felttre e arriva allo stabilimento Luxottica di Agordo, sono stati comunicati gli orari in vigore dal 16 al 25 aprile per i dipendenti che utilizzano il servizio urbano per recarsi al lavoro<\/p>\n<p><strong>GLI ORARI<\/strong><\/p>\n\n\t\t\t<style type='text\/css'>\n\t\t\t\t#gallery-1 {\n\t\t\t\t\tmargin: auto;\n\t\t\t\t}\n\t\t\t\t#gallery-1 .gallery-item {\n\t\t\t\t\tfloat: left;\n\t\t\t\t\tmargin-top: 10px;\n\t\t\t\t\ttext-align: center;\n\t\t\t\t\twidth: 33%;\n\t\t\t\t}\n\t\t\t\t#gallery-1 img {\n\t\t\t\t\tborder: 2px solid #cfcfcf;\n\t\t\t\t}\n\t\t\t\t#gallery-1 .gallery-caption {\n\t\t\t\t\tmargin-left: 0;\n\t\t\t\t}\n\t\t\t\t\/* see gallery_shortcode() in wp-includes\/media.php *\/\n\t\t\t<\/style>\n\t\t<div id='gallery-1' class='dt-gallery-container gallery galleryid-203308 gallery-columns-3 gallery-size-medium'><dl class='gallery-item'>\n\t\t\t\t<dt class='gallery-icon portrait'>\n\t\t\t\t\t<a class=\"rollover rollover-zoom dt-pswp-item\" title=\"2a2b5bcd-0c59-443b-baf0-ad95a2976e77\" data-dt-img-description=\"\" data-large_image_width=\"720\" data-large_image_height=\"962\"href='https:\/\/www.radiopiu.net\/wordpress\/wp-content\/uploads\/2021\/04\/2a2b5bcd-0c59-443b-baf0-ad95a2976e77.jpg'><img loading=\"lazy\" decoding=\"async\" width=\"225\" height=\"300\" src=\"https:\/\/www.radiopiu.net\/wordpress\/wp-content\/uploads\/2021\/04\/2a2b5bcd-0c59-443b-baf0-ad95a2976e77-225x300.jpg\" class=\"attachment-medium size-medium\" alt=\"\" srcset=\"https:\/\/www.radiopiu.net\/wordpress\/wp-content\/uploads\/2021\/04\/2a2b5bcd-0c59-443b-baf0-ad95a2976e77-225x300.jpg 225w, https:\/\/www.radiopiu.net\/wordpress\/wp-content\/uploads\/2021\/04\/2a2b5bcd-0c59-443b-baf0-ad95a2976e77.jpg 720w\" sizes=\"auto, (max-width: 225px) 100vw, 225px\" \/><\/a>\n\t\t\t\t<\/dt><\/dl><dl class='gallery-item'>\n\t\t\t\t<dt class='gallery-icon portrait'>\n\t\t\t\t\t<a class=\"rollover rollover-zoom dt-pswp-item\" title=\"3aeb2860-495f-4734-bbdc-5fceffd2378e\" data-dt-img-description=\"\" data-large_image_width=\"720\" data-large_image_height=\"941\"href='https:\/\/www.radiopiu.net\/wordpress\/wp-content\/uploads\/2021\/04\/3aeb2860-495f-4734-bbdc-5fceffd2378e.jpg'><img loading=\"lazy\" decoding=\"async\" width=\"230\" height=\"300\" src=\"https:\/\/www.radiopiu.net\/wordpress\/wp-content\/uploads\/2021\/04\/3aeb2860-495f-4734-bbdc-5fceffd2378e-230x300.jpg\" class=\"attachment-medium size-medium\" alt=\"\" srcset=\"https:\/\/www.radiopiu.net\/wordpress\/wp-content\/uploads\/2021\/04\/3aeb2860-495f-4734-bbdc-5fceffd2378e-230x300.jpg 230w, https:\/\/www.radiopiu.net\/wordpress\/wp-content\/uploads\/2021\/04\/3aeb2860-495f-4734-bbdc-5fceffd2378e.jpg 720w\" sizes=\"auto, (max-width: 230px) 100vw, 230px\" \/><\/a>\n\t\t\t\t<\/dt><\/dl><dl class='gallery-item'>\n\t\t\t\t<dt class='gallery-icon landscape'>\n\t\t\t\t\t<a class=\"rollover rollover-zoom dt-pswp-item\" title=\"8dd796ca-b239-4231-b06d-d2f47036906d\" data-dt-img-description=\"\" data-large_image_width=\"720\" data-large_image_height=\"588\"href='https:\/\/www.radiopiu.net\/wordpress\/wp-content\/uploads\/2021\/04\/8dd796ca-b239-4231-b06d-d2f47036906d.jpg'><img loading=\"lazy\" decoding=\"async\" width=\"300\" height=\"245\" src=\"https:\/\/www.radiopiu.net\/wordpress\/wp-content\/uploads\/2021\/04\/8dd796ca-b239-4231-b06d-d2f47036906d-300x245.jpg\" class=\"attachment-medium size-medium\" alt=\"\" srcset=\"https:\/\/www.radiopiu.net\/wordpress\/wp-content\/uploads\/2021\/04\/8dd796ca-b239-4231-b06d-d2f47036906d-300x245.jpg 300w, https:\/\/www.radiopiu.net\/wordpress\/wp-content\/uploads\/2021\/04\/8dd796ca-b239-4231-b06d-d2f47036906d.jpg 720w\" sizes=\"auto, (max-width: 300px) 100vw, 300px\" \/><\/a>\n\t\t\t\t<\/dt><\/dl><br style=\"clear: both\" \/>\n\t\t\t<\/div>\n\n<p>&nbsp;<\/p>\n<p>&nbsp;<\/p>\n<hr \/>\n<p>&nbsp;<\/p>\n<p>&nbsp;<\/p>\n<p><strong><img loading=\"lazy\" decoding=\"async\" class=\"alignleft\" src=\"https:\/\/www.radiopiu.net\/wordpress\/wp-content\/uploads\/2018\/08\/ACQUA.jpeg\" width=\"149\" height=\"90\" \/>LIVINALLONGO-ROCCA PIETORE\u00a0<\/strong> Gestione Servizi Pubblici informa che a LIVINALLONGO DEL COL DI LANA nelle LOCALITA&#8217; SALESEI DI SOPRA, SALESEI DI SOTTO, PIAN DI SALESEI, SALESEI, SOTTOCREPA e FOPPA, ed a ROCCA PIETORE \u00a0nelle LOCALITA&#8217; VAL, DAGAI, DAVARE, LE COSTE, RONCH e SOPRACORDEVOLE l&#8217;acqua erogata dall&#8217;acquedotto non \u00e8 potabile e pu\u00f2 essere usata per scopi alimentari SOLO PREVIA bollitura.<\/p>\n<p>&nbsp;<\/p>\n<p>&nbsp;<\/p>\n<hr \/>\n<p>&nbsp;<\/p>\n<blockquote>\n<h3><a href=\"https:\/\/www.radiopiu.net\/wordpress\/giornale-radio-piu-edizione-del-23-dicembre-2017-direttore-mirko-mezzacasa\/enel-tecnici-in-cabina\/\" rel=\"attachment wp-att-40338\"><img loading=\"lazy\" decoding=\"async\" class=\"wp-image-40338 alignleft\" src=\"https:\/\/www.radiopiu.net\/wordpress\/wp-content\/uploads\/2017\/12\/Enel-Tecnici-in-cabina-300x200.jpg\" alt=\"\" width=\"96\" height=\"64\" \/><\/a>INTERRUZIONI ENEL PROGRAMMATE<\/h3>\n<\/blockquote>\n<p><strong>SAN TOMASO<\/strong> Sabato 17 aprile dalle 8 alle 13 localit\u00e0 Fontanelle. <strong>CENCENIGHE<\/strong> Sabato 17 aprile dalle 8 alle 13 vie Villagrande, Roma, Martinazze, 20 Settembre, Chioipe e Balestier<\/p>\n<p>&nbsp;<\/p>\n<hr \/>\n<blockquote>\n<h3><\/h3>\n<p>&nbsp;<\/p>\n<p>&nbsp;<\/p>\n<p>&nbsp;<\/p>\n<h3>RICOVERI SOTTO IL PICCO, DECESSI IN CALO E ANCHE GLI\u00a0 ATTUALMENTE POSITIVI. IN VENETO SI COMINCIA A PENSARE ALLE RIAPERTURE, I VALORI SONO DA ZONA GIALLA<\/h3>\n<p><strong> IL CASO<\/strong><em> A Pordenone l&#8217;operatrice no-vax si contagia per un focolaio nella RSA tra i 7 infetti anche altri 3 operatori che rifiutano la vaccinazione. Hospice in emergenza pronto a far scattare provvedimenti immediati come il cambio forzato di mansione<\/em><\/p><\/blockquote>\n<p>Ieri in Veneto altri 1000 casi di positivit\u00e0 e altri 17 decessi. Scende a 28.643 il numero delle persone attualmente positive, cala ancora il numero dei ricoveri: sono 1.737 (-32) i posti letto occupati nei reparti di area medica degli ospedali, a cui aggiungere i 271 (-10) in quelli di Terapia intensiva. Campagna vaccini,\u00a0 sono state somministrate altre 13.881 dosi che portano a 1.297.820 (di cui 336.948 con richiamo). A iniziare la profilassi \u00e8 stato il 17.8% dei veneti, mentre il 6.9% l&#8217;ha completata. Sono 2000 i bellunesi con pi\u00f9 di 80 anni che non hanno ancora ricevuto il vaccino prima dose. L&#8217;Ulss 1 apre a nuove date con l&#8217;intento di completare la profilassi degli ultra ottantenni entro questa settimana.<\/p>\n<blockquote>\n<h3>IL CONTAGIO NELL&#8217;AGORDINO, AGGIORNAMENTO 15 APRILE 2021<\/h3>\n<\/blockquote>\n<p>Da <strong>Selva di Cadore<\/strong> il Commissario straordinario\u00a0 facenti funzioni del sindaco Paola De Palma: oggi\u00a0 \u00e8 rimasto un solo contatto stretto in quarantena. Si stannno portando a termine le vaccinazioni degli ultra80enni. <strong>Colle Santa Lucia<\/strong> 3 positivi 4 in isolamento.\u00a0 <strong>Taibon<\/strong> 12 (-3), <strong>La Valle<\/strong> 8 <strong>Vallada<\/strong> 4\u00a0 <strong>Alleghe<\/strong>\u00a0 18 positivi (-4),<strong>\u00a0Gosaldo<\/strong>\u00a0 0 positivi,1 isolamento. <strong>Agordo<\/strong> 7 positivi <strong>\u00a0Rocca Pietore <\/strong>2 (-7)\u00a0 <strong>Falcade<\/strong> 6 (-3)\u00a0 <strong>Canale d\u2019Agordo<\/strong> 2\u00a0\u00a0<strong>Cencenighe<\/strong> 3<\/p>\n<blockquote>\n<h3 style=\"padding-left: 40px;\">DI NUOVO DECESSI PER COVID, MUORE UN 84ENNE A FELTRE. 807 GLI ATTUALMENTE POSITIVI IN PROVINCIA, 8 PAZIENTI GRAVI<\/h3>\n<\/blockquote>\n<p><strong>BELLUNO <\/strong>Nelle ultime\u00a0 24 ore\u00a0 \u00e8 deceduto un uomo covid positivo di 85 anni ricoverata in Pneumologia Covid a Feltre. Sono 37 i casi di positivit\u00e0 riscontrati nelle 24 ore, 807 gli attualmente positivi.<\/p>\n<p><strong>Ricoveri<\/strong><\/p>\n<p><em>(dato alle ore 17.00 fonte: Azienda Zero)<\/em><\/p>\n<p>Le persone attualmente POSITIVE ricoverate negli ospedali dell\u2019Ulss Dolomiti sono:<\/p>\n<table>\n<tbody>\n<tr>\n<td width=\"217\"><strong>\u00a0<\/strong><\/td>\n<td width=\"217\"><strong>Area NON CRITICA<\/strong><\/td>\n<td width=\"217\"><strong>Terapia Intensiva<\/strong><\/td>\n<\/tr>\n<tr>\n<td width=\"217\"><strong>Ospedale di Belluno <\/strong><\/td>\n<td width=\"217\">29 +3<\/td>\n<td width=\"217\">3 -2<\/td>\n<\/tr>\n<tr>\n<td width=\"217\"><strong>Ospedale di Feltre<\/strong><\/td>\n<td width=\"217\">19\u00a0 +2<\/td>\n<td width=\"217\">5<\/td>\n<\/tr>\n<\/tbody>\n<\/table>\n<p>&nbsp;<\/p>\n<p>Le persone attualmente POSITIVE ricoverate in Ospedale di Comunit\u00e0 sono:<\/p>\n<table>\n<tbody>\n<tr>\n<td width=\"326\"><strong>\u00a0<\/strong><\/td>\n<td width=\"326\"><strong>pazienti attualmente positivi<\/strong><\/td>\n<\/tr>\n<tr>\n<td width=\"326\"><strong>Ospedale di Comunit\u00e0 di BELLUNO<\/strong><\/td>\n<td width=\"326\">9 (-4)<\/td>\n<\/tr>\n<tr>\n<td width=\"326\"><strong>Ospedale di Comunit\u00e0 di FELTRE<\/strong><\/td>\n<td width=\"326\">12 (-1)<\/td>\n<\/tr>\n<\/tbody>\n<\/table>\n<p>&nbsp;<\/p>\n<p>&nbsp;<\/p>\n<hr \/>\n<p align=\"CENTER\"><span style=\"color: #ff0000;\"><b>Vaccinazione persone over 80: prenotazioni online o accesso libero<\/b><\/span><\/p>\n<p align=\"LEFT\"><span style=\"font-family: Calibri, serif;\">Per sostenere la campagna vaccinale a favore delle persone di 80 e pi\u00f9 anni (nati nel 1941 o negli anni precedenti) l\u2019Ulss Dolomiti ha aperto ulteriori disponibilit\u00e0 prenotabili dal sito <\/span><span style=\"color: #000080;\"><span lang=\"it-IT\"><u><a href=\"http:\/\/www.aulss1.veneto.it\/\"><span style=\"font-family: Calibri, serif;\">www.aulss1.veneto.it<\/span><\/a><\/u><\/span><\/span><span style=\"font-family: Calibri, serif;\"> nei drive in di: <\/span><span style=\"font-family: Calibri, serif;\"><span style=\"font-size: medium;\">Sabato 17 aprile 2021 <\/span><\/span><span style=\"font-family: Calibri, serif;\">Feltre &#8211; ex Marangoni 10.00 -12.00 <\/span><span style=\"font-family: Calibri, serif;\">Belluno &#8211;\u00a0 Ospedale 14.00 -16.00 <\/span><span style=\"font-family: Calibri, serif;\">Agordo &#8211; Tamonich 16.00 -18.00 <\/span><span style=\"font-family: Calibri, serif;\"><span style=\"font-size: medium;\">Luned\u00ec 19 aprile 2021 <\/span><\/span><span style=\"font-family: Calibri, serif;\">Tai di Cadore -P.le Dolomiti 13.00 -15.00 <\/span><span style=\"font-family: Calibri, serif;\">Queste disponibilit\u00e0 si aggiungono ai posti prenotabili gi\u00e0 attivi. <\/span><span style=\"font-family: Calibri, serif;\">I cittadini con pi\u00f9 di 80 anni <\/span><span style=\"font-family: Calibri, serif;\">non in grado di effettuare la prenotazione online, per la quale possono essere supportati da Farmacie, Comuni, Carabinieri, <\/span><span style=\"font-family: Calibri, serif;\">potranno recarsi nei drive in vaccinali, negli stessi orari, anche con accesso libero (senza prenotazione), muniti di documento di identit\u00e0. Non <\/span><span style=\"font-family: Calibri, serif;\">\u00a0devono recarsi a tali sedute le persone gi\u00e0 vaccinate con la prima dose o le persone con meno di 80 anni.<\/span><\/p>\n<p>&nbsp;<\/p>\n<p>&nbsp;<\/p>\n<hr \/>\n<blockquote>\n<h3><\/h3>\n<h3>ALTRE 24 PERSONE SANZIONATE DOPO IL &#8220;NO PAURA DAY&#8221;<\/h3>\n<\/blockquote>\n<p><strong><a href=\"https:\/\/www.radiopiu.net\/wordpress\/oltre-24-persone-sanzionate-dopo-il-no-paura-day\/no-paura-day\/\" rel=\"attachment wp-att-203413\"><img loading=\"lazy\" decoding=\"async\" class=\" wp-image-203413 alignleft\" src=\"https:\/\/www.radiopiu.net\/wordpress\/wp-content\/uploads\/2021\/04\/NO-PAURA-DAY-300x169.jpg\" alt=\"\" width=\"193\" height=\"109\" srcset=\"https:\/\/www.radiopiu.net\/wordpress\/wp-content\/uploads\/2021\/04\/NO-PAURA-DAY-300x169.jpg 300w, https:\/\/www.radiopiu.net\/wordpress\/wp-content\/uploads\/2021\/04\/NO-PAURA-DAY-768x433.jpg 768w, https:\/\/www.radiopiu.net\/wordpress\/wp-content\/uploads\/2021\/04\/NO-PAURA-DAY.jpg 1024w\" sizes=\"auto, (max-width: 193px) 100vw, 193px\" \/><\/a>BELLUNO<\/strong> La visione successiva dei filmati effettuati dalla Polizia Scientifica ha consentito di identificare e sanzionare altre 24 persone che lunedi\u0300 5 aprile\u00a0 hanno preso parte alla manifestazione \u201cNo Paura Day\u201d senza indossare il previsto Dispositivo di Protezione Individuale. Le sanzioni si vanno ad aggiungere alle 40 gia\u0300 contestate durante l\u2019evento dalle Forze di Polizia presenti per il dispositivo di ordine pubblico. Dalla data odierna si procedera\u0300 alle notifiche delle contestazioni.<\/p>\n<p>&nbsp;<\/p>\n<hr \/>\n<p>&nbsp;<\/p>\n<p>&nbsp;<\/p>\n<h3>FUORI STRADA CONTRO LA RECINZIONE PRIVATA<\/h3>\n<p><strong>TRICHIANA<\/strong> Incidente in prossimit\u00e0 del centro commerciale, uscita di strada e schianto contro il cancello privato. Sul posto vigili del fuoco. Alle 15 in Via Cavassico Superiore Trichiana l\u2019auto una\u00a0 Golf guidata da F.F., 63 anni, di Trichianai \u00e8 finita rovesciata su un fianco dopo la perdita di controllo del conducente, rimasto ferito e portato in ospedale per accertamenti. I pompieri arrivati da Belluno con il personale di prima partenza, hanno messo in sicurezza il mezzo ed estratto l\u2019autista rimasto incastrato, il quale \u00e8 stato preso in cura dal personale sanitario del SUEM per essere trasferito in pronto soccorso. Sul posto le forze dell\u2019ordine per i rilievi del sinistro. Le operazioni di soccorso dei vigili del fuoco sono terminate dopo circa un\u2019ora.<\/p>\n<p>Un altro incidente ieri mattina a Lentiai, \u00a0C\u00eccoinvolti un furgone Jumper condotto da S. M., del 1987, di Feltre, e una Punto con alla guida il lentiaiese P.D.G. 78 anni. Il furgone stava viaggiando in direzione da Belluno verso Feltre quando \u00e8 entrato in collisione con l&#8217;utilitaria. Ferito in modo non grave il conducente della macchina<\/p>\n\n\t\t\t<style type='text\/css'>\n\t\t\t\t#gallery-2 {\n\t\t\t\t\tmargin: auto;\n\t\t\t\t}\n\t\t\t\t#gallery-2 .gallery-item {\n\t\t\t\t\tfloat: left;\n\t\t\t\t\tmargin-top: 10px;\n\t\t\t\t\ttext-align: center;\n\t\t\t\t\twidth: 33%;\n\t\t\t\t}\n\t\t\t\t#gallery-2 img {\n\t\t\t\t\tborder: 2px solid #cfcfcf;\n\t\t\t\t}\n\t\t\t\t#gallery-2 .gallery-caption {\n\t\t\t\t\tmargin-left: 0;\n\t\t\t\t}\n\t\t\t\t\/* see gallery_shortcode() in wp-includes\/media.php *\/\n\t\t\t<\/style>\n\t\t<div id='gallery-2' class='dt-gallery-container gallery galleryid-203308 gallery-columns-3 gallery-size-thumbnail'><dl class='gallery-item'>\n\t\t\t\t<dt class='gallery-icon landscape'>\n\t\t\t\t\t<a class=\"rollover rollover-zoom dt-pswp-item\" title=\"44718cfc-a7c0-494e-872d-3bff6f0639fe\" data-dt-img-description=\"\" data-large_image_width=\"960\" data-large_image_height=\"656\"href='https:\/\/www.radiopiu.net\/wordpress\/wp-content\/uploads\/2021\/04\/44718cfc-a7c0-494e-872d-3bff6f0639fe.jpg'><img loading=\"lazy\" decoding=\"async\" width=\"150\" height=\"150\" src=\"https:\/\/www.radiopiu.net\/wordpress\/wp-content\/uploads\/2021\/04\/44718cfc-a7c0-494e-872d-3bff6f0639fe-150x150.jpg\" class=\"attachment-thumbnail size-thumbnail\" alt=\"\" \/><\/a>\n\t\t\t\t<\/dt><\/dl><dl class='gallery-item'>\n\t\t\t\t<dt class='gallery-icon landscape'>\n\t\t\t\t\t<a class=\"rollover rollover-zoom dt-pswp-item\" title=\"a773b3cb-9b06-4a38-a2c8-9fd07f7e1459\" data-dt-img-description=\"\" data-large_image_width=\"960\" data-large_image_height=\"667\"href='https:\/\/www.radiopiu.net\/wordpress\/wp-content\/uploads\/2021\/04\/a773b3cb-9b06-4a38-a2c8-9fd07f7e1459.jpg'><img loading=\"lazy\" decoding=\"async\" width=\"150\" height=\"150\" src=\"https:\/\/www.radiopiu.net\/wordpress\/wp-content\/uploads\/2021\/04\/a773b3cb-9b06-4a38-a2c8-9fd07f7e1459-150x150.jpg\" class=\"attachment-thumbnail size-thumbnail\" alt=\"\" \/><\/a>\n\t\t\t\t<\/dt><\/dl><dl class='gallery-item'>\n\t\t\t\t<dt class='gallery-icon landscape'>\n\t\t\t\t\t<a class=\"rollover rollover-zoom dt-pswp-item\" title=\"a0fa6d19-d89c-4339-9c8c-c6f750b9ab42\" data-dt-img-description=\"\" data-large_image_width=\"960\" data-large_image_height=\"688\"href='https:\/\/www.radiopiu.net\/wordpress\/wp-content\/uploads\/2021\/04\/a0fa6d19-d89c-4339-9c8c-c6f750b9ab42.jpg'><img loading=\"lazy\" decoding=\"async\" width=\"150\" height=\"150\" src=\"https:\/\/www.radiopiu.net\/wordpress\/wp-content\/uploads\/2021\/04\/a0fa6d19-d89c-4339-9c8c-c6f750b9ab42-150x150.jpg\" class=\"attachment-thumbnail size-thumbnail\" alt=\"\" \/><\/a>\n\t\t\t\t<\/dt><\/dl><br style=\"clear: both\" \/>\n\t\t\t<\/div>\n\n<p>&nbsp;<\/p>\n<p>&nbsp;<\/p>\n<p>&nbsp;<\/p>\n<p>&nbsp;<\/p>\n<hr \/>\n<p>&nbsp;<\/p>\n<p>&nbsp;<\/p>\n<p>&nbsp;<\/p>\n<blockquote>\n<h3>SASSI IN STRADA POCO OLTRE RIO PIGNAZZA<\/h3>\n<\/blockquote>\n<p><strong>COLLE SANTA<\/strong> <strong>LUCIA<\/strong> Gli effetti del disgelo sono gli stessi, da anni, acqua in movimento, sassi che cadono verso il basso e spesso di fermano sul tratto stradale orizzontale, alla legge di gravit\u00e0 non si scappa. E&#8217; successo sulla strada che dal bivio di Rucav\u00e0 porta a Livinallongo del Col di Lana. Fortuna ha voluto che nessuno transitasse sotto la pioggia di sassi, quindi nessun ferito, nessun danno. Per rimettere in sicurezza la strada sono intervenuti anche i vigili del fuoco volontari di Colle Santa Lucia, sempre pronti h24.<\/p>\n\n\t\t\t<style type='text\/css'>\n\t\t\t\t#gallery-3 {\n\t\t\t\t\tmargin: auto;\n\t\t\t\t}\n\t\t\t\t#gallery-3 .gallery-item {\n\t\t\t\t\tfloat: left;\n\t\t\t\t\tmargin-top: 10px;\n\t\t\t\t\ttext-align: center;\n\t\t\t\t\twidth: 50%;\n\t\t\t\t}\n\t\t\t\t#gallery-3 img {\n\t\t\t\t\tborder: 2px solid #cfcfcf;\n\t\t\t\t}\n\t\t\t\t#gallery-3 .gallery-caption {\n\t\t\t\t\tmargin-left: 0;\n\t\t\t\t}\n\t\t\t\t\/* see gallery_shortcode() in wp-includes\/media.php *\/\n\t\t\t<\/style>\n\t\t<div id='gallery-3' class='dt-gallery-container gallery galleryid-203308 gallery-columns-2 gallery-size-medium'><dl class='gallery-item'>\n\t\t\t\t<dt class='gallery-icon landscape'>\n\t\t\t\t\t<a class=\"rollover\" href='https:\/\/www.radiopiu.net\/wordpress\/sassi-in-strada-poco-oltre-rio-pignazza\/173630910_956552354884368_1045667449178770217_n-2\/'><img loading=\"lazy\" decoding=\"async\" width=\"300\" height=\"200\" src=\"https:\/\/www.radiopiu.net\/wordpress\/wp-content\/uploads\/2021\/04\/173630910_956552354884368_1045667449178770217_n-1-300x200.jpg\" class=\"attachment-medium size-medium\" alt=\"\" srcset=\"https:\/\/www.radiopiu.net\/wordpress\/wp-content\/uploads\/2021\/04\/173630910_956552354884368_1045667449178770217_n-1-300x200.jpg 300w, https:\/\/www.radiopiu.net\/wordpress\/wp-content\/uploads\/2021\/04\/173630910_956552354884368_1045667449178770217_n-1-768x511.jpg 768w, https:\/\/www.radiopiu.net\/wordpress\/wp-content\/uploads\/2021\/04\/173630910_956552354884368_1045667449178770217_n-1.jpg 960w\" sizes=\"auto, (max-width: 300px) 100vw, 300px\" \/><\/a>\n\t\t\t\t<\/dt><\/dl><dl class='gallery-item'>\n\t\t\t\t<dt class='gallery-icon landscape'>\n\t\t\t\t\t<a class=\"rollover\" href='https:\/\/www.radiopiu.net\/wordpress\/sassi-in-strada-poco-oltre-rio-pignazza\/173150698_956552414884362_2506683174953825896_n-2\/'><img loading=\"lazy\" decoding=\"async\" width=\"300\" height=\"225\" src=\"https:\/\/www.radiopiu.net\/wordpress\/wp-content\/uploads\/2021\/04\/173150698_956552414884362_2506683174953825896_n-1-300x225.jpg\" class=\"attachment-medium size-medium\" alt=\"\" srcset=\"https:\/\/www.radiopiu.net\/wordpress\/wp-content\/uploads\/2021\/04\/173150698_956552414884362_2506683174953825896_n-1-300x225.jpg 300w, https:\/\/www.radiopiu.net\/wordpress\/wp-content\/uploads\/2021\/04\/173150698_956552414884362_2506683174953825896_n-1-768x576.jpg 768w, https:\/\/www.radiopiu.net\/wordpress\/wp-content\/uploads\/2021\/04\/173150698_956552414884362_2506683174953825896_n-1.jpg 960w\" sizes=\"auto, (max-width: 300px) 100vw, 300px\" \/><\/a>\n\t\t\t\t<\/dt><\/dl><br style=\"clear: both\" \/>\n\t\t\t<\/div>\n\n<p>&nbsp;<\/p>\n<hr \/>\n<p>&nbsp;<\/p>\n<p>&nbsp;<\/p>\n<p>&nbsp;<\/p>\n<blockquote>\n<h3>GIRELLI, PAGINA DI STORIA NELLO SPORT BELLUNESE<\/h3>\n<\/blockquote>\n<p>&nbsp;<\/p>\n<p><strong><a href=\"https:\/\/www.radiopiu.net\/wordpress\/girelli-pagina-di-storia-nello-sport-bellunese\/173193548_5468851259823856_7767405603142793952_n\/\" rel=\"attachment wp-att-203426\"><img loading=\"lazy\" decoding=\"async\" class=\"wp-image-203426 alignleft\" src=\"https:\/\/www.radiopiu.net\/wordpress\/wp-content\/uploads\/2021\/04\/173193548_5468851259823856_7767405603142793952_n-300x210.jpg\" alt=\"\" width=\"221\" height=\"155\" srcset=\"https:\/\/www.radiopiu.net\/wordpress\/wp-content\/uploads\/2021\/04\/173193548_5468851259823856_7767405603142793952_n-300x210.jpg 300w, https:\/\/www.radiopiu.net\/wordpress\/wp-content\/uploads\/2021\/04\/173193548_5468851259823856_7767405603142793952_n.jpg 720w\" sizes=\"auto, (max-width: 221px) 100vw, 221px\" \/><\/a>SANTA GIUSTINA<\/strong> Ci ha lasciato Gino Girelli, oggi ricordato da Orazio Zanin e <a href=\"https:\/\/www.radiopiu.net\/wordpress\/girelli-pagina-di-storia-nello-sport-bellunese\/th-82\/\" rel=\"attachment wp-att-203435\"><img loading=\"lazy\" decoding=\"async\" class=\" wp-image-203435 alignright\" src=\"https:\/\/www.radiopiu.net\/wordpress\/wp-content\/uploads\/2021\/04\/th-2.jpg\" alt=\"\" width=\"147\" height=\"216\" \/><\/a>dalla Plavis, societ\u00e0 che\u00a0 ha avuto molto in comune con Gino in particolare nei tornei prima Cassol e poi Plavis dove, la polisportiva per qualche anno ha affiancato la societ\u00e0 nella organizzazione del torneo ma anche per la collaborazione sempre attenta e presente nell&#8217; aiutare nell&#8217; allestimento del capannone . &#8220;Tra Gino e Ennio Dal Castel sempre grande sinergia nell&#8217; ottica collaborativa come era giusta che fosse &#8211; ricorda Orazio Zanin &#8211; si ritroveranno per parlare di Calcio .. Atletica , Pallavolo e biciclette Gino sara&#8217; sempre ricordato come un grande Presidente Dingio Can come diceva sempre .. Ciao Gino<\/p>\n<p>&nbsp;<\/p>\n<p>SUL VESES IN OCCASIONE DEL DISCOBOLO D&#8217;ORO LA STORIA DI GINO, Autore: Luciano Dal Molin Novembre 22, 2020 <span style=\"color: #0000ff;\"><strong><a style=\"color: #0000ff;\" href=\"https:\/\/ilveses.com\/gino-girelli\/\">CLICCA QUI<\/a><\/strong><\/span><\/p>\n<p>&nbsp;<\/p>\n<p>&nbsp;<\/p>\n<p>&nbsp;<\/p>\n<hr \/>\n<p>&nbsp;<\/p>\n<p>&nbsp;<\/p>\n<p>&nbsp;<\/p>\n<blockquote>\n<h3>ACC INCONTRO FONDAMENTALE VENETO-PIEMONTE, <em>&#8220;C&#8217;e&#8217; la volont\u00e0 di risolvere il problema dice Zaia in Conferenza stampa&#8221;<\/em><\/h3>\n<\/blockquote>\n<p><strong><img loading=\"lazy\" decoding=\"async\" class=\"alignleft\" src=\"https:\/\/www.radiopiu.net\/wordpress\/wp-content\/uploads\/2021\/03\/78ebdc32-6394-49a6-8282-40a4a229b080.jpg\" width=\"195\" height=\"146\" \/>VENEZIA<\/strong> In conferenza stampa si \u00e8 parlato di Acc alla luce dell&#8217;incontro con il Ministro Girgetti e al confronto\u00a0 tra Governatori di Veneto e Piemonte,\u00a0 Zaia e Cirio. Ecco l&#8217;intervento di Zaia pungolato dai giornalisti.<\/p>\n<audio class=\"wp-audio-shortcode\" id=\"audio-203308-1\" preload=\"none\" style=\"width: 100%;\" controls=\"controls\"><source type=\"audio\/mpeg\" src=\"https:\/\/www.radiopiu.net\/wordpress\/wp-content\/uploads\/2021\/04\/zaia-axx.mp3?_=1\" \/><a href=\"https:\/\/www.radiopiu.net\/wordpress\/wp-content\/uploads\/2021\/04\/zaia-axx.mp3\">https:\/\/www.radiopiu.net\/wordpress\/wp-content\/uploads\/2021\/04\/zaia-axx.mp3<\/a><\/audio>\n<p>&nbsp;<\/p>\n<blockquote>\n<h3><a href=\"https:\/\/www.radiopiu.net\/wordpress\/giornale-radiopiu-15-aprile-2021-direttore-mirko-mezzacasa\/172511434_127144959342428_1785775279122937850_n\/\" rel=\"attachment wp-att-203582\"><img loading=\"lazy\" decoding=\"async\" class=\"size-medium wp-image-203582 alignleft\" src=\"https:\/\/www.radiopiu.net\/wordpress\/wp-content\/uploads\/2021\/04\/172511434_127144959342428_1785775279122937850_n-300x200.jpg\" alt=\"\" width=\"300\" height=\"200\" srcset=\"https:\/\/www.radiopiu.net\/wordpress\/wp-content\/uploads\/2021\/04\/172511434_127144959342428_1785775279122937850_n-300x200.jpg 300w, https:\/\/www.radiopiu.net\/wordpress\/wp-content\/uploads\/2021\/04\/172511434_127144959342428_1785775279122937850_n.jpg 309w\" sizes=\"auto, (max-width: 300px) 100vw, 300px\" \/><\/a>IL VESCOVO DI BELLUNO E FELTRE SOLIDALE CON I LAVORATORI ACC<\/h3>\n<\/blockquote>\n<p><strong>BELLUNO<\/strong> Da tre giorni un presidio di lavoratori e sindacalisti \u00e8 presente in piazza, davanti alla Prefettura. Lo scopo tenere alta l&#8217;attenzione sul gravoso problema dell&#8217;Acc che da lavoro a centinaia di famiglie della Val Belluna e le vicende, anche legate ai finanziamenti delle banche sono ormai ben noti. Ieri \u00e8 arrivato a portare la sua solidariet\u00e0 il vescovo di Belluno e Feltre Renato Marangoni. (foto copertina Luca Zanfron)<\/p>\n\n\t\t\t<style type='text\/css'>\n\t\t\t\t#gallery-4 {\n\t\t\t\t\tmargin: auto;\n\t\t\t\t}\n\t\t\t\t#gallery-4 .gallery-item {\n\t\t\t\t\tfloat: left;\n\t\t\t\t\tmargin-top: 10px;\n\t\t\t\t\ttext-align: center;\n\t\t\t\t\twidth: 33%;\n\t\t\t\t}\n\t\t\t\t#gallery-4 img {\n\t\t\t\t\tborder: 2px solid #cfcfcf;\n\t\t\t\t}\n\t\t\t\t#gallery-4 .gallery-caption {\n\t\t\t\t\tmargin-left: 0;\n\t\t\t\t}\n\t\t\t\t\/* see gallery_shortcode() in wp-includes\/media.php *\/\n\t\t\t<\/style>\n\t\t<div id='gallery-4' class='dt-gallery-container gallery galleryid-203308 gallery-columns-3 gallery-size-thumbnail'><dl class='gallery-item'>\n\t\t\t\t<dt class='gallery-icon landscape'>\n\t\t\t\t\t<a class=\"rollover rollover-zoom dt-pswp-item\" title=\"068a7cbf-ca3f-49a7-9443-04ea520784f6\" data-dt-img-description=\"\" data-large_image_width=\"1599\" data-large_image_height=\"1200\"href='https:\/\/www.radiopiu.net\/wordpress\/wp-content\/uploads\/2021\/04\/068a7cbf-ca3f-49a7-9443-04ea520784f6.jpg'><img loading=\"lazy\" decoding=\"async\" width=\"150\" height=\"150\" src=\"https:\/\/www.radiopiu.net\/wordpress\/wp-content\/uploads\/2021\/04\/068a7cbf-ca3f-49a7-9443-04ea520784f6-150x150.jpg\" class=\"attachment-thumbnail size-thumbnail\" alt=\"\" \/><\/a>\n\t\t\t\t<\/dt><\/dl><dl class='gallery-item'>\n\t\t\t\t<dt class='gallery-icon landscape'>\n\t\t\t\t\t<a class=\"rollover rollover-zoom dt-pswp-item\" title=\"de4de2c6-3bd9-49a3-9cc3-ac673ef143ef\" data-dt-img-description=\"\" data-large_image_width=\"1599\" data-large_image_height=\"1200\"href='https:\/\/www.radiopiu.net\/wordpress\/wp-content\/uploads\/2021\/04\/de4de2c6-3bd9-49a3-9cc3-ac673ef143ef.jpg'><img loading=\"lazy\" decoding=\"async\" width=\"150\" height=\"150\" src=\"https:\/\/www.radiopiu.net\/wordpress\/wp-content\/uploads\/2021\/04\/de4de2c6-3bd9-49a3-9cc3-ac673ef143ef-150x150.jpg\" class=\"attachment-thumbnail size-thumbnail\" alt=\"\" \/><\/a>\n\t\t\t\t<\/dt><\/dl><dl class='gallery-item'>\n\t\t\t\t<dt class='gallery-icon landscape'>\n\t\t\t\t\t<a class=\"rollover rollover-zoom dt-pswp-item\" title=\"c81ea6a9-abac-4153-9199-55b2c2bb8f68\" data-dt-img-description=\"\" data-large_image_width=\"1599\" data-large_image_height=\"1200\"href='https:\/\/www.radiopiu.net\/wordpress\/wp-content\/uploads\/2021\/04\/c81ea6a9-abac-4153-9199-55b2c2bb8f68.jpg'><img loading=\"lazy\" decoding=\"async\" width=\"150\" height=\"150\" src=\"https:\/\/www.radiopiu.net\/wordpress\/wp-content\/uploads\/2021\/04\/c81ea6a9-abac-4153-9199-55b2c2bb8f68-150x150.jpg\" class=\"attachment-thumbnail size-thumbnail\" alt=\"\" \/><\/a>\n\t\t\t\t<\/dt><\/dl><br style=\"clear: both\" \/>\n\t\t\t<\/div>\n\n<p>&nbsp;<\/p>\n<p>&nbsp;<\/p>\n<p>&nbsp;<\/p>\n<hr \/>\n<blockquote>\n<h3><\/h3>\n<h3>GIA&#8217; IN PARTENZA IL PREFETTO SERGIO BRACCO, ARRIVA SAVASTANO<\/h3>\n<\/blockquote>\n<p><strong><img loading=\"lazy\" decoding=\"async\" class=\"alignleft\" src=\"https:\/\/www.radiopiu.net\/wordpress\/wp-content\/uploads\/2021\/04\/707112018174833_SAVASTANO.jpg\" width=\"181\" height=\"177\" \/>BELLUNO<\/strong><em> \u201cIl dottor Mariano Savastano sar\u00e0 il nuovo Prefetto di Belluno: a lui rivolgo i migliori auguri di buon lavoro e di una proficua collaborazione con le istituzioni della nostra<\/em> provincia&#8221;. L&#8217;annuncio del Ministro Federico D&#8217;Inc\u00e0 che ringrazia il prefetto uscente, dott. Sergio Bracco, per l\u2019eccellente lavoro svolto sul nostro territorio <em>Ha lavorato intensamente per i Mondiali di Sci di Cortina, una manifestazione unica e riuscita anche grazie all\u2019impegno per la sicurezza dell\u2019evento. Altrettanto importante la sua presenza sulla vertenza legata all\u2019ACC di Borgo Valbelluna. Un percorso di assoluto rilievo che lo porter\u00e0 a ricoprire il ruolo di Capo della Segreteria del Dipartimento della Pubblica Sicurezza. &#8220;<\/em><em>Sono sicuro che la collaborazione istituzionale con Bracco proseguir\u00e0 nel corso del tempo e rimarremo in stretto contatto anche in funzione delle tematiche riguardanti il bellunese. <\/em><em>Ringrazio il dott. Carlo De Rogatis, gi\u00e0 vice prefetto, che assumer\u00e0 l\u2019incarico di Prefetto di Ascoli Piceno: nei suoi anni trascorsi a Belluno, ha lavorato con dedizione al servizio dei cittadini e delle nostre comunit\u00e0, ricoprendo anche il ruolo di commissario in diversi Comuni del bellunese. De Rogatis ha sempre dimostrato sensibilit\u00e0 e attenzione in numerose occasioni di confronto su molteplici temi del territorio e lo ha fatto coinvolgendo i sindaci, gli Enti locali e i cittadini in ogni circostanza. I miei auguri a una persona di grande competenza\u201d <\/em>conclude D&#8217;Inc\u00e0<\/p>\n<blockquote><p><strong>MARIANO SAVASTANO <\/strong>Nato a Napoli nel 1964, \u00e8 sposato con un magistrato, Consigliere della Corte d\u2019Appello di Torino ed ha un figlio, studente di medicina. Laureato in giurisprudenza all\u2019Universit\u00e0 Federico II di Napoli, \u00e8 entrato in carriera prefettizia nel marzo 1991. \u00c8 stato Commissario straordinario\u00a0\u00a0in diversi Comuni, tra i quali Saluggia. \u00c8 stato anche Commissario straordinario per la Provincia di Lodi. INCARICHI CAPO DI GABINETTO presso Prefettura di Novara dal novembre 1999 al 10 maggio 2009; Promosso VICE PREFETTO con decorrenza 1\u00b0 gennaio 2007, \u00e8 stato Dirigente Area I alla Prefettura di Varese, dall\u201911 maggio 2009 al 12 dicembre 2010; \u00c8 stato Commissario Straordinario dei Comuni di Suno, Divignano, Nebbiuno ed Oleggio; componente del CO.RE.CO. e del Comitato Direttivo Provinciale della Croce Rossa Italiana di Novara.<\/p><\/blockquote>\n<p><strong>IL SALUTO DEL PRESIDENTE ROBERTO PADRIN<\/strong><\/p>\n<p><em>\u00abSalutiamo e ringraziamo il prefetto Sergio Bracco, per l\u2019impegno profuso nel nostro territorio. Nonostante il breve periodo trascorso a Belluno, abbiamo potuto apprezzare le sue doti e capacit\u00e0, dimostrate sia durante i giorni del maltempo di inizio anno sia per i Mondiali di Cortina. <\/em><em>Salutiamo anche il funzionario Carlo De Rogatis, ed esprimiamo il dispiacere per la sua partenza&#8221;.<\/em><\/p>\n<p><strong>AUDIO<\/strong><\/p>\n<audio class=\"wp-audio-shortcode\" id=\"audio-203308-2\" preload=\"none\" style=\"width: 100%;\" controls=\"controls\"><source type=\"audio\/mpeg\" src=\"https:\/\/www.radiopiu.net\/wordpress\/wp-content\/uploads\/2021\/04\/padrin-1.mp3?_=2\" \/><a href=\"https:\/\/www.radiopiu.net\/wordpress\/wp-content\/uploads\/2021\/04\/padrin-1.mp3\">https:\/\/www.radiopiu.net\/wordpress\/wp-content\/uploads\/2021\/04\/padrin-1.mp3<\/a><\/audio>\n<p><strong>POLLICE VERSO DA FRATELLI D&#8217;ITALIA, LUCA DE CARLO-MARCO OSNATO<\/strong><\/p>\n<p><em>\u201cSe da un lato, il cambio della guardia alla Prefettura di Belluno dopo nemmeno quattro mesi non dovrebbe stupire, visto lo spessore e l&#8217;esperienza del Prefetto Sergio Bracco, dall&#8217;altro non possiamo sottolineare come ancora una volta Belluno sia trattata come una piazzola di scambio dalle istituzioni. Non dimentichiamo infatti che anche il precedente Prefetto, la dottoressa Adriana Cogode, era rimasto in citt\u00e0 poco pi\u00f9 di un anno\u201d.<\/em><\/p>\n<p>&nbsp;<\/p>\n<p>&nbsp;<\/p>\n<hr \/>\n<blockquote>\n<h3><\/h3>\n<h3>SUSANNA DAN SI DIMETTE DA CONSIGLIERE COMUNALE<\/h3>\n<\/blockquote>\n<p><strong><img loading=\"lazy\" decoding=\"async\" class=\"alignleft\" src=\"https:\/\/www.radiopiu.net\/wordpress\/wp-content\/uploads\/2021\/04\/pp-5-300x300.jpg\" width=\"121\" height=\"121\" \/>FALCADE<\/strong> Il consigliere comunale Susanna Dan ha rassegnato le dimissioni, al suo posto non entrer\u00e0 nessuno per la maggioranza in consiglio comunale non essendoci altri consigliere &#8220;non eletti&#8221;. Delle dimissioni ne discuter\u00e0 mercoledi\u00a0 alle 20 il consiglio comunale convocato dal sindaco Michele Costa (diretta facebook, youtube e Telegram sui canali di Radio Pi\u00f9).\u00a0 Sono 11 i punti\u00a0 all&#8217;ordine del giorno:\u00a0 una variazione al bilancio, l&#8217;accordo tra Comune e Regione per la gestione delle attivit\u00e0 di informazione ed accoglienza turistica, la rinuncia da parte del comune dell&#8217;acquisto di un terreno in localit\u00e0 Pendici di Predazzo e due mutamenti temporanei di terreni a Tabiadon di Canes e in via Focobon.<\/p>\n<p><strong>di GIANNI SANTOMASO<\/strong><\/p>\n<audio class=\"wp-audio-shortcode\" id=\"audio-203308-3\" preload=\"none\" style=\"width: 100%;\" controls=\"controls\"><source type=\"audio\/mpeg\" src=\"https:\/\/www.radiopiu.net\/wordpress\/wp-content\/uploads\/2021\/04\/gianni-susi.mp3?_=3\" \/><a href=\"https:\/\/www.radiopiu.net\/wordpress\/wp-content\/uploads\/2021\/04\/gianni-susi.mp3\">https:\/\/www.radiopiu.net\/wordpress\/wp-content\/uploads\/2021\/04\/gianni-susi.mp3<\/a><\/audio>\n<p>&nbsp;<\/p>\n<p>&nbsp;<\/p>\n<p>&nbsp;<\/p>\n<hr \/>\n<h3><\/h3>\n<blockquote>\n<h3>CICLABILE SEDICO-CENCENIGHE, C&#8217;E&#8217; L&#8217;ACCORDO PER UN PROGETTO DA OLTRE 9 MILIONI DI EURO CON I FONDI DI CONFINE, SPERIAMO NON SIA &#8220;SFIGATA&#8221; COME NEI PRECEDENTI<\/h3>\n<\/blockquote>\n<p><strong>PREMESSA<\/strong><\/p>\n<p style=\"text-align: left;\"><img loading=\"lazy\" decoding=\"async\" class=\"alignleft\" src=\"https:\/\/www.radiopiu.net\/wordpress\/wp-content\/uploads\/2018\/03\/CICLABILE.jpg\" width=\"204\" height=\"114\" \/><strong>REDAZIONE<\/strong> Quando si pensa alla ciclabile nell&#8217;Agordino \u00e8 doveroso guardare al cielo e fare qualche scongiuro visti i precedenti. La ciclabile di Agordo \u00e8 bloccata dai tempi dell&#8217;amministrazione Da Roit per il ricorso di un privato (foto sotto). La ciclabile di Taibon (via Foch) \u00e8 bloccata dal mancato ponte sul Cordevole, da anni \u00e8 stato realizzato lo zoccolo di cemento che rischia pure di ammalorarsi (foto a sinistra). La ciclabile per l&#8217;Alto Agordino sia in Valle del Biois che in Valle del Cordevole \u00e8 stata danneggiata dalle frane\u00a0 e strappata via dalle furie dei torrenti, il tratto Cencenighe-Alleghe \u00e8 per ora un bel ricordo. C&#8217;\u00e8 poi la ciclabile della Valle di San Lucano anche questa pi\u00f9 volte &#8220;mangiucchiata&#8221; dal torrente Tegnas e da Vaia e oltre Col di Pra non si sale per lavori alla silvo pastorale e per gli schianti del 2018. Fortunatamente una ciclabile \u00e8 definibile tale, tra Bries di Agordo e la localit\u00e0 Polane, frequentatissima nei sui poco pi\u00f9 di 2 chilometri, ma c&#8217;\u00e8 anche un tratto di 100 metri in localit\u00e0 Le Campe\u00a0 accanto alla regionale 203 agordina al bivio per Noach, prima delle miniere di Valle Imperina, ormai definita con un sorriso la ciclabile pi\u00f9 corta del mondo e si contende il primato con la ciclabile di Listolade, altri 100 metri che buttano direttamente sulla regionale 203 agordina e verso la galleria, perch\u00e9 la vecchia 203 Cencenighe-Taibon \u00e8 oggetto di lavori di ripristino dopo i danni di vaia.<\/p>\n<blockquote>\n<h3>Progetto da 9,3 milioni di euro cofinanziato con il Fondo Comuni confinanti Luchetta: \u00abUn\u2019opera fondamentale per lo sviluppo del cicloturismo in Agordino\u00bb<\/h3>\n<p><strong>DI GIANNI SANTOMASO <\/strong>&#8220;La Regina in bicicletta sar\u00e0 percorribile nel 2024, ma prima c&#8217;e&#8217; il problema Le Campe-Agordo&#8221;<\/p>\n<audio class=\"wp-audio-shortcode\" id=\"audio-203308-4\" preload=\"none\" style=\"width: 100%;\" controls=\"controls\"><source type=\"audio\/mpeg\" src=\"https:\/\/www.radiopiu.net\/wordpress\/wp-content\/uploads\/2021\/04\/gianni-cicli-2.mp3?_=4\" \/><a href=\"https:\/\/www.radiopiu.net\/wordpress\/wp-content\/uploads\/2021\/04\/gianni-cicli-2.mp3\">https:\/\/www.radiopiu.net\/wordpress\/wp-content\/uploads\/2021\/04\/gianni-cicli-2.mp3<\/a><\/audio><\/blockquote>\n<p><strong><a href=\"https:\/\/www.radiopiu.net\/wordpress\/un-parcheggio-da-120-mila-euro-a-servizio-del-campo-di-calcio-ivano-dorigo-da-veneto-strade-un-bonus-di-40-mila-euro-per-gli-asfalti\/ciclabile-agordo\/\" rel=\"attachment wp-att-141277\"><img loading=\"lazy\" decoding=\"async\" class=\" wp-image-141277 alignleft\" src=\"https:\/\/www.radiopiu.net\/wordpress\/wp-content\/uploads\/2020\/05\/CICLABILE-AGORDO-300x164.jpg\" alt=\"\" width=\"216\" height=\"118\" srcset=\"https:\/\/www.radiopiu.net\/wordpress\/wp-content\/uploads\/2020\/05\/CICLABILE-AGORDO-300x164.jpg 300w, https:\/\/www.radiopiu.net\/wordpress\/wp-content\/uploads\/2020\/05\/CICLABILE-AGORDO.jpg 304w\" sizes=\"auto, (max-width: 216px) 100vw, 216px\" \/><\/a>BELLUNO<\/strong> La pista ciclabile del Cordevole ha ricevuto il via libera definitivo: firmato l\u2019accordo con il Fondo Comuni confinanti per far partire l\u2019ambizioso progetto di completamento della dorsale tra Valbelluna e Agordino. La nuova ciclabile infatti collegher\u00e0 Sedico a Cencenighe, lungo la valle del Cordevole, e servir\u00e0 a raccordare lo scambio treno-bici a partire dalla stazione di Bribano. <em>\u00abSi tratta di un\u2019opera fondamentale per lo sviluppo del cicloturismo in Agordino e per il turismo sulle Dolomiti bellunesi in generale &#8211; commenta il consigliere provinciale delegato alle infrastrutture, Fabio Luchetta -. Siamo convinti che una volta ultimata, nel giro di 3 anni, avremo un\u2019infrastruttura in grado di richiamare appassionati delle vacanze in bicicletta da tutta Europa, perch\u00e9 sar\u00e0 una ciclabile inserita in un ambiente di pregio\u00bb. <\/em>Il progetto prevede uno sviluppo di quasi 40 chilometri interamente ciclabili. Un primo tratto collegher\u00e0 Bribano al Peron, con attraversamento del Cordevole. Da qui la pista proceder\u00e0 lungo il torrente fino alle Campe, passando all\u2019interno del sito minerario della Valle Imperina, per poi installarsi sul tratto di ciclabile gi\u00e0 realizzata in attraversamento del Comune di Agordo. Il percorso proseguir\u00e0 poi fino a Listolade (Taibon) e da qui continuer\u00e0 fino a Cencenighe (localit\u00e0 Ghirlo). Il costo totale dell\u2019opera \u00e8 di circa 9,3 milioni di euro, di cui 9,1 milioni finanziati dal Fondo Comuni confinanti e il resto dai Comuni di Sedico (165mila euro) e di Sospirolo (70mila euro). Secondo il cronoprogramma, la ciclabile sar\u00e0 pronta entro il 2024. Soddisfatto dell\u2019approvazione anche il presidente del Comitato paritetico Fondo Comuni confinanti, Roger De Menech: \u00ab<em>Sono contento di vedere che un altro pezzo della pianificazione di area vasta va a buon fine. Le ciclabili, proprio perch\u00e9 collegano punti diversi del nostro splendido territorio, costituiscono il paradigma del modo di lavorare che vogliamo e dobbiamo adottare: vale a dire la sinergia e il gioco di squadra. Per rilanciare lo sviluppo della nostra provincia non possiamo fare altrimenti.<\/em><\/p>\n<p>&nbsp;<\/p>\n<p><strong>DI GIANNI SANTOMASO <\/strong>&#8220;Fabio Luchetta indica la data di fine lavori della Bribano-Cencenighe, lo dice nel giorno della firma dell&#8217;accordo con capofila l&#8217;Unione Montana Agordina&#8221;<\/p>\n<audio class=\"wp-audio-shortcode\" id=\"audio-203308-5\" preload=\"none\" style=\"width: 100%;\" controls=\"controls\"><source type=\"audio\/mpeg\" src=\"https:\/\/www.radiopiu.net\/wordpress\/wp-content\/uploads\/2021\/04\/gianni-ciclabile.mp3?_=5\" \/><a href=\"https:\/\/www.radiopiu.net\/wordpress\/wp-content\/uploads\/2021\/04\/gianni-ciclabile.mp3\">https:\/\/www.radiopiu.net\/wordpress\/wp-content\/uploads\/2021\/04\/gianni-ciclabile.mp3<\/a><\/audio>\n<p>&nbsp;<\/p>\n<p>&nbsp;<\/p>\n<p>&nbsp;<\/p>\n<hr \/>\n<p>&nbsp;<\/p>\n<blockquote>\n<h3>GLI EROI DI VAIA ED EVENTI SUCCESSIVI<\/h3>\n<\/blockquote>\n<blockquote>\n<h3><strong><a href=\"https:\/\/www.radiopiu.net\/wordpress\/gli-eroi-di-vaia-ed-eventi-successivi\/f7c6e37b-9761-403d-93b8-2508cbcbca9f-2\/\" rel=\"attachment wp-att-203362\"><img loading=\"lazy\" decoding=\"async\" class=\"size-medium wp-image-203362 alignleft\" src=\"https:\/\/www.radiopiu.net\/wordpress\/wp-content\/uploads\/2021\/04\/f7c6e37b-9761-403d-93b8-2508cbcbca9f-1-225x300.jpg\" alt=\"\" width=\"225\" height=\"300\" srcset=\"https:\/\/www.radiopiu.net\/wordpress\/wp-content\/uploads\/2021\/04\/f7c6e37b-9761-403d-93b8-2508cbcbca9f-1-225x300.jpg 225w, https:\/\/www.radiopiu.net\/wordpress\/wp-content\/uploads\/2021\/04\/f7c6e37b-9761-403d-93b8-2508cbcbca9f-1-768x1024.jpg 768w, https:\/\/www.radiopiu.net\/wordpress\/wp-content\/uploads\/2021\/04\/f7c6e37b-9761-403d-93b8-2508cbcbca9f-1-1152x1536.jpg 1152w, https:\/\/www.radiopiu.net\/wordpress\/wp-content\/uploads\/2021\/04\/f7c6e37b-9761-403d-93b8-2508cbcbca9f-1.jpg 1200w\" sizes=\"auto, (max-width: 225px) 100vw, 225px\" \/><\/a><\/strong><\/h3>\n<h3><\/h3>\n<h3><\/h3>\n<h3><\/h3>\n<p><strong>LIVINALLONGO<\/strong> Gli eroi di Vaia sono un albero tra i tanti che \u00e8 rimasto aggrappato alle crode con radici ben piantate, ma anche i tralicci che non si sono piegati a novanta gradi spinti dal vento o trascinati a valle da acque impetuose. Quindi questo traliccio \u00e8 un eroe. Una domanda per\u00f2 potrebbe sorgere spontanea<em> &#8220;Il traliccio rester\u00e0 in piedi? Per quanto rester\u00e0 in piedi? &#8220;.\u00a0<\/em>La foto \u00e8 stata scattata in localit\u00e0 Carpei, la linea elettrica \u00e8 la Colaz-Salesei.<\/p><\/blockquote>\n\n\t\t\t<style type='text\/css'>\n\t\t\t\t#gallery-5 {\n\t\t\t\t\tmargin: auto;\n\t\t\t\t}\n\t\t\t\t#gallery-5 .gallery-item {\n\t\t\t\t\tfloat: left;\n\t\t\t\t\tmargin-top: 10px;\n\t\t\t\t\ttext-align: center;\n\t\t\t\t\twidth: 50%;\n\t\t\t\t}\n\t\t\t\t#gallery-5 img {\n\t\t\t\t\tborder: 2px solid #cfcfcf;\n\t\t\t\t}\n\t\t\t\t#gallery-5 .gallery-caption {\n\t\t\t\t\tmargin-left: 0;\n\t\t\t\t}\n\t\t\t\t\/* see gallery_shortcode() in wp-includes\/media.php *\/\n\t\t\t<\/style>\n\t\t<div id='gallery-5' class='dt-gallery-container gallery galleryid-203308 gallery-columns-2 gallery-size-medium'><dl class='gallery-item'>\n\t\t\t\t<dt class='gallery-icon portrait'>\n\t\t\t\t\t<a class=\"rollover rollover-zoom dt-pswp-item\" title=\"7af43a22-2104-4441-88c1-708385cd57af\" data-dt-img-description=\"\" data-large_image_width=\"1200\" data-large_image_height=\"1600\"href='https:\/\/www.radiopiu.net\/wordpress\/wp-content\/uploads\/2021\/04\/7af43a22-2104-4441-88c1-708385cd57af-1.jpg'><img loading=\"lazy\" decoding=\"async\" width=\"225\" height=\"300\" src=\"https:\/\/www.radiopiu.net\/wordpress\/wp-content\/uploads\/2021\/04\/7af43a22-2104-4441-88c1-708385cd57af-1-225x300.jpg\" class=\"attachment-medium size-medium\" alt=\"\" srcset=\"https:\/\/www.radiopiu.net\/wordpress\/wp-content\/uploads\/2021\/04\/7af43a22-2104-4441-88c1-708385cd57af-1-225x300.jpg 225w, https:\/\/www.radiopiu.net\/wordpress\/wp-content\/uploads\/2021\/04\/7af43a22-2104-4441-88c1-708385cd57af-1-768x1024.jpg 768w, https:\/\/www.radiopiu.net\/wordpress\/wp-content\/uploads\/2021\/04\/7af43a22-2104-4441-88c1-708385cd57af-1-1152x1536.jpg 1152w, https:\/\/www.radiopiu.net\/wordpress\/wp-content\/uploads\/2021\/04\/7af43a22-2104-4441-88c1-708385cd57af-1.jpg 1200w\" sizes=\"auto, (max-width: 225px) 100vw, 225px\" \/><\/a>\n\t\t\t\t<\/dt><\/dl><dl class='gallery-item'>\n\t\t\t\t<dt class='gallery-icon portrait'>\n\t\t\t\t\t<a class=\"rollover rollover-zoom dt-pswp-item\" title=\"5c13e95c-1af7-480e-81bf-31dda171d9e5\" data-dt-img-description=\"\" data-large_image_width=\"1200\" data-large_image_height=\"1600\"href='https:\/\/www.radiopiu.net\/wordpress\/wp-content\/uploads\/2021\/04\/5c13e95c-1af7-480e-81bf-31dda171d9e5-1.jpg'><img loading=\"lazy\" decoding=\"async\" width=\"225\" height=\"300\" src=\"https:\/\/www.radiopiu.net\/wordpress\/wp-content\/uploads\/2021\/04\/5c13e95c-1af7-480e-81bf-31dda171d9e5-1-225x300.jpg\" class=\"attachment-medium size-medium\" alt=\"\" srcset=\"https:\/\/www.radiopiu.net\/wordpress\/wp-content\/uploads\/2021\/04\/5c13e95c-1af7-480e-81bf-31dda171d9e5-1-225x300.jpg 225w, https:\/\/www.radiopiu.net\/wordpress\/wp-content\/uploads\/2021\/04\/5c13e95c-1af7-480e-81bf-31dda171d9e5-1-768x1024.jpg 768w, https:\/\/www.radiopiu.net\/wordpress\/wp-content\/uploads\/2021\/04\/5c13e95c-1af7-480e-81bf-31dda171d9e5-1-1152x1536.jpg 1152w, https:\/\/www.radiopiu.net\/wordpress\/wp-content\/uploads\/2021\/04\/5c13e95c-1af7-480e-81bf-31dda171d9e5-1.jpg 1200w\" sizes=\"auto, (max-width: 225px) 100vw, 225px\" \/><\/a>\n\t\t\t\t<\/dt><\/dl><br style=\"clear: both\" \/>\n\t\t\t<\/div>\n\n<p>&nbsp;<\/p>\n<p>&nbsp;<\/p>\n<p>&nbsp;<\/p>\n<hr \/>\n<blockquote>\n<h3><\/h3>\n<h3>STRADA PER DIGONERA, STRADA PER L&#8217;ECOCENTRO NON AUTORIZZATO<\/h3>\n<\/blockquote>\n<p><strong>ROCCA PIETORE<\/strong> Strada Statale 563 per Salesei, la rotabile per le vette dolomitiche, i passi e l&#8217;ecocentro non autorizzato. Poco sotto la strada qualcuno ha pensato di arrecare ulteriore danno ad un ambiente gi\u00e0 provato dalla furia di Vaia, accanto ad alberi schiantati ecco i contenitori dei tronchetti. Qualcuno ha pensato di scaricarli lungo le scarpate, tanto qualcuno prima o poi interverr\u00e0.<\/p>\n\n\t\t\t<style type='text\/css'>\n\t\t\t\t#gallery-6 {\n\t\t\t\t\tmargin: auto;\n\t\t\t\t}\n\t\t\t\t#gallery-6 .gallery-item {\n\t\t\t\t\tfloat: left;\n\t\t\t\t\tmargin-top: 10px;\n\t\t\t\t\ttext-align: center;\n\t\t\t\t\twidth: 50%;\n\t\t\t\t}\n\t\t\t\t#gallery-6 img {\n\t\t\t\t\tborder: 2px solid #cfcfcf;\n\t\t\t\t}\n\t\t\t\t#gallery-6 .gallery-caption {\n\t\t\t\t\tmargin-left: 0;\n\t\t\t\t}\n\t\t\t\t\/* see gallery_shortcode() in wp-includes\/media.php *\/\n\t\t\t<\/style>\n\t\t<div id='gallery-6' class='dt-gallery-container gallery galleryid-203308 gallery-columns-2 gallery-size-full'><dl class='gallery-item'>\n\t\t\t\t<dt class='gallery-icon landscape'>\n\t\t\t\t\t<a class=\"rollover rollover-zoom dt-pswp-item\" title=\"a939e363-6aa7-4112-980a-0988e7eb5983\" data-dt-img-description=\"\" data-large_image_width=\"1600\" data-large_image_height=\"1200\"href='https:\/\/www.radiopiu.net\/wordpress\/wp-content\/uploads\/2021\/04\/a939e363-6aa7-4112-980a-0988e7eb5983.jpg'><img loading=\"lazy\" decoding=\"async\" width=\"1600\" height=\"1200\" src=\"https:\/\/www.radiopiu.net\/wordpress\/wp-content\/uploads\/2021\/04\/a939e363-6aa7-4112-980a-0988e7eb5983.jpg\" class=\"attachment-full size-full\" alt=\"\" srcset=\"https:\/\/www.radiopiu.net\/wordpress\/wp-content\/uploads\/2021\/04\/a939e363-6aa7-4112-980a-0988e7eb5983.jpg 1600w, https:\/\/www.radiopiu.net\/wordpress\/wp-content\/uploads\/2021\/04\/a939e363-6aa7-4112-980a-0988e7eb5983-300x225.jpg 300w, https:\/\/www.radiopiu.net\/wordpress\/wp-content\/uploads\/2021\/04\/a939e363-6aa7-4112-980a-0988e7eb5983-1024x768.jpg 1024w, https:\/\/www.radiopiu.net\/wordpress\/wp-content\/uploads\/2021\/04\/a939e363-6aa7-4112-980a-0988e7eb5983-768x576.jpg 768w, https:\/\/www.radiopiu.net\/wordpress\/wp-content\/uploads\/2021\/04\/a939e363-6aa7-4112-980a-0988e7eb5983-1536x1152.jpg 1536w\" sizes=\"auto, (max-width: 1600px) 100vw, 1600px\" \/><\/a>\n\t\t\t\t<\/dt><\/dl><dl class='gallery-item'>\n\t\t\t\t<dt class='gallery-icon landscape'>\n\t\t\t\t\t<a class=\"rollover rollover-zoom dt-pswp-item\" title=\"4f4b3c37-5b8d-44d5-b9dd-51b98e2934be\" data-dt-img-description=\"\" data-large_image_width=\"1600\" data-large_image_height=\"1200\"href='https:\/\/www.radiopiu.net\/wordpress\/wp-content\/uploads\/2021\/04\/4f4b3c37-5b8d-44d5-b9dd-51b98e2934be.jpg'><img loading=\"lazy\" decoding=\"async\" width=\"1600\" height=\"1200\" src=\"https:\/\/www.radiopiu.net\/wordpress\/wp-content\/uploads\/2021\/04\/4f4b3c37-5b8d-44d5-b9dd-51b98e2934be.jpg\" class=\"attachment-full size-full\" alt=\"\" srcset=\"https:\/\/www.radiopiu.net\/wordpress\/wp-content\/uploads\/2021\/04\/4f4b3c37-5b8d-44d5-b9dd-51b98e2934be.jpg 1600w, https:\/\/www.radiopiu.net\/wordpress\/wp-content\/uploads\/2021\/04\/4f4b3c37-5b8d-44d5-b9dd-51b98e2934be-300x225.jpg 300w, https:\/\/www.radiopiu.net\/wordpress\/wp-content\/uploads\/2021\/04\/4f4b3c37-5b8d-44d5-b9dd-51b98e2934be-1024x768.jpg 1024w, https:\/\/www.radiopiu.net\/wordpress\/wp-content\/uploads\/2021\/04\/4f4b3c37-5b8d-44d5-b9dd-51b98e2934be-768x576.jpg 768w, https:\/\/www.radiopiu.net\/wordpress\/wp-content\/uploads\/2021\/04\/4f4b3c37-5b8d-44d5-b9dd-51b98e2934be-1536x1152.jpg 1536w\" sizes=\"auto, (max-width: 1600px) 100vw, 1600px\" \/><\/a>\n\t\t\t\t<\/dt><\/dl><br style=\"clear: both\" \/>\n\t\t\t<\/div>\n\n<p>&nbsp;<\/p>\n<p>&nbsp;<\/p>\n<p>&nbsp;<\/p>\n<hr \/>\n<p>&nbsp;<\/p>\n<blockquote>\n<h3>COVID. ANDAMENTO OCCUPAZIONE OSPEDALIERA, ULTIMO AGGIORNAMENTO<\/h3>\n<\/blockquote>\n<blockquote>\n<h3>\u00a0le tabelle\u00a0 illustrano l\u2019andamento dell\u2019occupazione di posti letto Covid nel sistema sanitario della Regione Veneto.<\/h3>\n<\/blockquote>\n<h2>ANDAMENTO POSTI LETTO E TERAPIE INTENSIVE<\/h2>\n<p>&nbsp;<\/p>\n\n\t\t\t<style type='text\/css'>\n\t\t\t\t#gallery-7 {\n\t\t\t\t\tmargin: auto;\n\t\t\t\t}\n\t\t\t\t#gallery-7 .gallery-item {\n\t\t\t\t\tfloat: left;\n\t\t\t\t\tmargin-top: 10px;\n\t\t\t\t\ttext-align: center;\n\t\t\t\t\twidth: 50%;\n\t\t\t\t}\n\t\t\t\t#gallery-7 img {\n\t\t\t\t\tborder: 2px solid #cfcfcf;\n\t\t\t\t}\n\t\t\t\t#gallery-7 .gallery-caption {\n\t\t\t\t\tmargin-left: 0;\n\t\t\t\t}\n\t\t\t\t\/* see gallery_shortcode() in wp-includes\/media.php *\/\n\t\t\t<\/style>\n\t\t<div id='gallery-7' class='dt-gallery-container gallery galleryid-203308 gallery-columns-2 gallery-size-large'><dl class='gallery-item'>\n\t\t\t\t<dt class='gallery-icon landscape'>\n\t\t\t\t\t<a class=\"rollover rollover-zoom dt-pswp-item\" title=\"COVID ANDAMENTO POSTI LETTO\" data-dt-img-description=\"\" data-large_image_width=\"1024\" data-large_image_height=\"717\"href='https:\/\/www.radiopiu.net\/wordpress\/wp-content\/uploads\/2021\/04\/COVID-ANDAMENTO-POSTI-LETTO.jpg'><img loading=\"lazy\" decoding=\"async\" width=\"1024\" height=\"717\" src=\"https:\/\/www.radiopiu.net\/wordpress\/wp-content\/uploads\/2021\/04\/COVID-ANDAMENTO-POSTI-LETTO.jpg\" class=\"attachment-large size-large\" alt=\"\" srcset=\"https:\/\/www.radiopiu.net\/wordpress\/wp-content\/uploads\/2021\/04\/COVID-ANDAMENTO-POSTI-LETTO.jpg 1024w, https:\/\/www.radiopiu.net\/wordpress\/wp-content\/uploads\/2021\/04\/COVID-ANDAMENTO-POSTI-LETTO-300x210.jpg 300w, https:\/\/www.radiopiu.net\/wordpress\/wp-content\/uploads\/2021\/04\/COVID-ANDAMENTO-POSTI-LETTO-768x538.jpg 768w\" sizes=\"auto, (max-width: 1024px) 100vw, 1024px\" \/><\/a>\n\t\t\t\t<\/dt><\/dl><dl class='gallery-item'>\n\t\t\t\t<dt class='gallery-icon landscape'>\n\t\t\t\t\t<a class=\"rollover rollover-zoom dt-pswp-item\" title=\"COVID ANDAMENTO TERAPIE INTENSIVE\" data-dt-img-description=\"\" data-large_image_width=\"1125\" data-large_image_height=\"800\"href='https:\/\/www.radiopiu.net\/wordpress\/wp-content\/uploads\/2021\/04\/COVID-ANDAMENTO-TERAPIE-INTENSIVE.jpg'><img loading=\"lazy\" decoding=\"async\" width=\"1024\" height=\"728\" src=\"https:\/\/www.radiopiu.net\/wordpress\/wp-content\/uploads\/2021\/04\/COVID-ANDAMENTO-TERAPIE-INTENSIVE-1024x728.jpg\" class=\"attachment-large size-large\" alt=\"\" srcset=\"https:\/\/www.radiopiu.net\/wordpress\/wp-content\/uploads\/2021\/04\/COVID-ANDAMENTO-TERAPIE-INTENSIVE-1024x728.jpg 1024w, https:\/\/www.radiopiu.net\/wordpress\/wp-content\/uploads\/2021\/04\/COVID-ANDAMENTO-TERAPIE-INTENSIVE-300x213.jpg 300w, https:\/\/www.radiopiu.net\/wordpress\/wp-content\/uploads\/2021\/04\/COVID-ANDAMENTO-TERAPIE-INTENSIVE-768x546.jpg 768w, https:\/\/www.radiopiu.net\/wordpress\/wp-content\/uploads\/2021\/04\/COVID-ANDAMENTO-TERAPIE-INTENSIVE.jpg 1125w\" sizes=\"auto, (max-width: 1024px) 100vw, 1024px\" \/><\/a>\n\t\t\t\t<\/dt><\/dl><br style=\"clear: both\" \/>\n\t\t\t<\/div>\n\n<p>&nbsp;<\/p>\n<hr \/>\n<p>&nbsp;<\/p>\n<blockquote>\n<h3>IERI CONFERENZA STAMPA DALLA ULSS1 BELLUNO, SITUAZIONE EPIDEMIOLOGICA A CAMPAGNA VACCINAZIONE<\/h3>\n<\/blockquote>\n<p>&nbsp;<\/p>\n<p>https:\/\/www.facebook.com\/Mirkomezziano\/videos\/2942199186062848<\/p>\n<p>&nbsp;<\/p>\n<p>&nbsp;<\/p>\n<hr \/>\n<h3><\/h3>\n<blockquote class=\"wp-embedded-content\" data-secret=\"kBP5Eo0Rnj\"><p><a href=\"https:\/\/www.radiopiu.net\/wordpress\/aggapr14\/\">CORONAVIRUS: AGGIORNAMENTO NAZIONALE 14 APRILE  2021<\/a><\/p><\/blockquote>\n<p><iframe loading=\"lazy\" class=\"wp-embedded-content\" sandbox=\"allow-scripts\" security=\"restricted\" style=\"position: absolute; clip: rect(1px, 1px, 1px, 1px);\" title=\"&#8220;CORONAVIRUS: AGGIORNAMENTO NAZIONALE 14 APRILE  2021&#8221; &#8212; Radio Pi\u00f9\" src=\"https:\/\/www.radiopiu.net\/wordpress\/aggapr14\/embed\/#?secret=kBP5Eo0Rnj\" data-secret=\"kBP5Eo0Rnj\" width=\"600\" height=\"338\" frameborder=\"0\" marginwidth=\"0\" marginheight=\"0\" scrolling=\"no\"><\/iframe><\/p>\n<p>&nbsp;<\/p>\n<blockquote class=\"wp-embedded-content\" data-secret=\"3NvuuKxhSv\"><p><a href=\"https:\/\/www.radiopiu.net\/wordpress\/nelle-ultime-24-ore-ers\/\">UN ALTRO MIGLIAIO DI POSITIVI MA ANCHE DI GUARITI, 42 PAZIENTI IN MENO IN OSPEDALE,  17 I DECESSI<\/a><\/p><\/blockquote>\n<p><iframe loading=\"lazy\" class=\"wp-embedded-content\" sandbox=\"allow-scripts\" security=\"restricted\" style=\"position: absolute; clip: rect(1px, 1px, 1px, 1px);\" title=\"&#8220;UN ALTRO MIGLIAIO DI POSITIVI MA ANCHE DI GUARITI, 42 PAZIENTI IN MENO IN OSPEDALE,  17 I DECESSI&#8221; &#8212; Radio Pi\u00f9\" src=\"https:\/\/www.radiopiu.net\/wordpress\/nelle-ultime-24-ore-ers\/embed\/#?secret=3NvuuKxhSv\" data-secret=\"3NvuuKxhSv\" width=\"600\" height=\"338\" frameborder=\"0\" marginwidth=\"0\" marginheight=\"0\" scrolling=\"no\"><\/iframe><\/p>\n<p>&nbsp;<\/p>\n<p>&nbsp;<\/p>\n<p>&nbsp;<\/p>\n<p>&nbsp;<\/p>\n<p><strong>I GRAFICI DI TIZIANO DE COL\u00a0<\/strong><\/p>\n\n\t\t\t<style type='text\/css'>\n\t\t\t\t#gallery-8 {\n\t\t\t\t\tmargin: auto;\n\t\t\t\t}\n\t\t\t\t#gallery-8 .gallery-item {\n\t\t\t\t\tfloat: left;\n\t\t\t\t\tmargin-top: 10px;\n\t\t\t\t\ttext-align: center;\n\t\t\t\t\twidth: 20%;\n\t\t\t\t}\n\t\t\t\t#gallery-8 img {\n\t\t\t\t\tborder: 2px solid #cfcfcf;\n\t\t\t\t}\n\t\t\t\t#gallery-8 .gallery-caption {\n\t\t\t\t\tmargin-left: 0;\n\t\t\t\t}\n\t\t\t\t\/* see gallery_shortcode() in wp-includes\/media.php *\/\n\t\t\t<\/style>\n\t\t<div id='gallery-8' class='dt-gallery-container gallery galleryid-203308 gallery-columns-5 gallery-size-thumbnail'><dl class='gallery-item'>\n\t\t\t\t<dt class='gallery-icon landscape'>\n\t\t\t\t\t<a class=\"rollover rollover-zoom dt-pswp-item\" title=\"2baf7923-1d02-4121-ba3e-187c41689825\" data-dt-img-description=\"\" data-large_image_width=\"592\" data-large_image_height=\"349\"href='https:\/\/www.radiopiu.net\/wordpress\/wp-content\/uploads\/2021\/04\/2baf7923-1d02-4121-ba3e-187c41689825.jpg'><img loading=\"lazy\" decoding=\"async\" width=\"150\" height=\"150\" src=\"https:\/\/www.radiopiu.net\/wordpress\/wp-content\/uploads\/2021\/04\/2baf7923-1d02-4121-ba3e-187c41689825-150x150.jpg\" class=\"attachment-thumbnail size-thumbnail\" alt=\"\" \/><\/a>\n\t\t\t\t<\/dt><\/dl><dl class='gallery-item'>\n\t\t\t\t<dt class='gallery-icon landscape'>\n\t\t\t\t\t<a class=\"rollover rollover-zoom dt-pswp-item\" title=\"f4aebb66-cf0a-4a37-b0e1-633e389613a2\" data-dt-img-description=\"\" data-large_image_width=\"606\" data-large_image_height=\"354\"href='https:\/\/www.radiopiu.net\/wordpress\/wp-content\/uploads\/2021\/04\/f4aebb66-cf0a-4a37-b0e1-633e389613a2.jpg'><img loading=\"lazy\" decoding=\"async\" width=\"150\" height=\"150\" src=\"https:\/\/www.radiopiu.net\/wordpress\/wp-content\/uploads\/2021\/04\/f4aebb66-cf0a-4a37-b0e1-633e389613a2-150x150.jpg\" class=\"attachment-thumbnail size-thumbnail\" alt=\"\" \/><\/a>\n\t\t\t\t<\/dt><\/dl><dl class='gallery-item'>\n\t\t\t\t<dt class='gallery-icon landscape'>\n\t\t\t\t\t<a class=\"rollover rollover-zoom dt-pswp-item\" title=\"73e109e9-53cd-46cd-8763-25732d9ff60f\" data-dt-img-description=\"\" data-large_image_width=\"600\" data-large_image_height=\"352\"href='https:\/\/www.radiopiu.net\/wordpress\/wp-content\/uploads\/2021\/04\/73e109e9-53cd-46cd-8763-25732d9ff60f.jpg'><img loading=\"lazy\" decoding=\"async\" width=\"150\" height=\"150\" src=\"https:\/\/www.radiopiu.net\/wordpress\/wp-content\/uploads\/2021\/04\/73e109e9-53cd-46cd-8763-25732d9ff60f-150x150.jpg\" class=\"attachment-thumbnail size-thumbnail\" alt=\"\" \/><\/a>\n\t\t\t\t<\/dt><\/dl><dl class='gallery-item'>\n\t\t\t\t<dt class='gallery-icon landscape'>\n\t\t\t\t\t<a class=\"rollover rollover-zoom dt-pswp-item\" title=\"6ffb5cab-4f2a-4eb2-8235-8ad618a47574\" data-dt-img-description=\"\" data-large_image_width=\"610\" data-large_image_height=\"351\"href='https:\/\/www.radiopiu.net\/wordpress\/wp-content\/uploads\/2021\/04\/6ffb5cab-4f2a-4eb2-8235-8ad618a47574.jpg'><img loading=\"lazy\" decoding=\"async\" width=\"150\" height=\"150\" src=\"https:\/\/www.radiopiu.net\/wordpress\/wp-content\/uploads\/2021\/04\/6ffb5cab-4f2a-4eb2-8235-8ad618a47574-150x150.jpg\" class=\"attachment-thumbnail size-thumbnail\" alt=\"\" \/><\/a>\n\t\t\t\t<\/dt><\/dl><dl class='gallery-item'>\n\t\t\t\t<dt class='gallery-icon landscape'>\n\t\t\t\t\t<a class=\"rollover rollover-zoom dt-pswp-item\" title=\"74b9645e-5468-4250-bd02-a30a3d00b47d\" data-dt-img-description=\"\" data-large_image_width=\"594\" data-large_image_height=\"361\"href='https:\/\/www.radiopiu.net\/wordpress\/wp-content\/uploads\/2021\/04\/74b9645e-5468-4250-bd02-a30a3d00b47d.jpg'><img loading=\"lazy\" decoding=\"async\" width=\"150\" height=\"150\" src=\"https:\/\/www.radiopiu.net\/wordpress\/wp-content\/uploads\/2021\/04\/74b9645e-5468-4250-bd02-a30a3d00b47d-150x150.jpg\" class=\"attachment-thumbnail size-thumbnail\" alt=\"\" \/><\/a>\n\t\t\t\t<\/dt><\/dl><br style=\"clear: both\" \/>\n\t\t\t<\/div>\n\n<p>&nbsp;<\/p>\n<hr \/>\n<blockquote>\n<h3>CONFERMATI I DATI POSITIVI: IN CALO LE INFEZIONI E ANCHE I RICOVERI &#8211; ZAIA DA VENEZIA &#8220;IMBOCCATA LA STRADA GIUSTA&#8221;<\/h3>\n<\/blockquote>\n<blockquote><p><em>Numeri ancora impegnativi ma curve in decisa discesa su tutti fronti: infezioni e ricoveri. Se aspettiamo che il virus sparisca non apriamo pi\u00f9, dobbiamo conviverci con il covid 19 e ci vuole anche una po&#8217; di fortuna<\/em><\/p><\/blockquote>\n<p><strong>LA SITUAZIONE CONFERMA IL TREND POSITIVO<\/strong> La direzione \u00e8 presa a livello regionale, sia sul fronte ricoveri che terapia intensive, le curve sono in discesa. L&#8217;infezione nei numeri positivi sta scendendo, questo succede ormai da alcuni giorni pur con oltre 2000 persone in ospedale. Ci stiamo abituando ai cambiamenti essendo animali adattabili. L&#8217;infezione scende, i ricoveri scendono\u00a0 cos\u00ec come le terapia intensive che in questa ondata hanno avuto un comportamento anticiclico, le terapie intensive hanno galoppato mentre a dicembre la situazione era capovolta con l&#8217;area con critica fino a oltre 3000 ricoverati e terapia intensive a 440, cio\u00e8 la proporzione era a favore delle terapie intensive da 8 ricoverati (1 terapia intensiva)\u00a0 di dicembre a 5,5 ricoverati su terapia intensiva attuale. <strong>VERSO LA RIAPERTURA\u00a0<\/strong>11 giugno europei di calcio e la parttia\u00a0 Italia-Turchia con 20mila persone all&#8217;Olimpico (25% della capienza) immagino si vada verso una fase di convivenza. Prendiamo atto che l&#8217;11 giugno siamo aperti, vediamo cosa si puo&#8217; fare strada facendo. Ci sono quindi sessanta giorni da qui all&#8217;11 giugno, credo che con aprile qualche cosa cambier\u00e0. stiamo chiudendo con le regioni le linee guida per le riaperture.\u00a0<strong><span style=\"color: #ffcc00;\"> GIALLO VENETO<\/span> <\/strong>Noi abbiamo numeri da zona gialla questo lo si sa, siamo sotto i parametri di guardia anche per quanto riguarda la terapia intensiva (superato la scorsa settimana) e a rea non critica (mai superato). Saremo anche da zona gialla ma non negando l&#8217;evidenza il lavoro andr\u00e0 fatto di concerto tutti assieme. E&#8217; previsto il &#8220;tagliando&#8221; <strong>VACCINAZIONI\u00a0<\/strong>Chiudiamo con gli over 80 questa settimana, stamane i direttori hanno presentato in conferenza stampa le loro mosse nella campagna vaccinale. Ci saranno anche accessi agevolati per gli ultra ottantenni. Grazie ai sindaci che si sono messi a disposizione per informare gli ultra ottantenni:\u00a0 <strong>alcuni di loro\u00a0 pur interpellati non rispondono <\/strong>dispersi, non danno segni di vita, qualcuno invece dopo diversi sollecitazioni ha detto che non gli interessa il vaccino. Sui siti della Ulss1 inserendo il codice fiscale aprir\u00e0 corsie preferenziali per la vaccinazione degli over 80. <strong>OVER SETTANTA E ACCOMPAGNATORE\u00a0<\/strong> Per gli over 70 stiamo lavorando ad una modalit\u00e0 per il convivente accompagnatore, sono 495mila se anche il 50% viene accompagnato sono 250mila, fuori programma difficile da affrontare. L&#8217;over 70 che entra nel sito avr\u00e0 la possibilit\u00e0 di fare la doppia prenotazione per l&#8217;accompagnatore purch\u00e9 anch&#8217;egli over 70.\u00a0 Per quanto riguarda gli oncologici hanno invece diritto al vaccino tutti i conviventi. Avendo pochi vaccini non possiamo farlo senza la preventiva prenotazione per non rimandare indietro persone. <strong>CURVE<\/strong> Area non critica s&#8217;impenna nell&#8217;infezione di dicembre e poi c&#8217;\u00e8 una montagna pi\u00f9 piccola recente prima dell&#8217;inizio della discesa. Uguale per le terapie intensive. In area non critica abbiamo un&#8217;inversione di tendenza in tutte le Ulss anche a Verona che si \u00e8 sempre comportata in maniera atipica e pesante rispetto al resto del Veneto. <strong>MSC<\/strong> Conferma le crociere\u00a0 con l&#8217;arrivo delle due prime navi ed \u00e8 una buona notizia ci permette di pensare che il mondo non si \u00e8 fermato. Venezia \u00e8 deserta ma torner\u00e0 come prima pur con contingentamenti ma ci penser\u00e0 il sindaco. JOHNONS &amp; JOHNSON Non abbiamo avuto nessuna indicazione e confido che si sblocchi la situazione, si vaccina con una sola dose. Mi appello al presidente del Consiglio perch\u00e9 apra un fascicolo sui vaccini perch\u00e9 ci sono paesi in cui si sta vaccinando molto. <strong>PFIZERI<\/strong> Arrivate 126mila dosi sono gi\u00e0 in distribuzione. Sono poche \u00e8 riscaldamento a bordo campo &#8220;na merendina&#8221;<\/p>\n<p><strong><span style=\"color: #ff0000;\">Pedemontana in fuori sacco <\/span><\/strong><strong>S<\/strong><strong>TRADE, BASSANO OVEST-MONTEBELLUNA<\/strong> 35 chilometri, confermiamo l&#8217;apertura a maggio e cambieremo la vita a quei territori, da Bassano poi si arriva sulla Valdastico. Apriamo 35 chilometri non noccioline.<\/p>\n<p><a href=\"https:\/\/www.facebook.com\/zaiaufficiale\/videos\/808718143068040\">https:\/\/www.facebook.com\/zaiaufficiale\/videos\/808718143068040<\/a><\/p>\n<p>&nbsp;<\/p>\n<hr \/>\n<p>&nbsp;<\/p>\n<blockquote>\n<h3>LA STORIA, NONNA NETA VACCINATA A DOMICILIO<\/h3>\n<\/blockquote>\n<p><strong>CADORE<\/strong> Oggi \u201cNona Neta\u201d, 96 anni, prima donna cadorina a guidare, \u00e8 stata vaccinata a domicilio, da un medico del Dipartimento di Prevenzione dell\u2019Ulss Dolomiti. Classe 1924, Antonietta Da Pr\u00e0, meglio conosciuta come &#8220;Nona Neta&#8221; \u00e8 stata la prima donna del Cadore ad avere auto e patente.<br \/>\nQuesta mattina ha accolto con felicit\u00e0 il nostro medico che l\u2019ha vaccinata a casa, raccontando con fierezza la sua storia e mostrando la foto alla guida della sua Topolino. \u201cFinalmente la mia vita non \u00e8 pi\u00f9 in pericolo!\u201d ha esclamato dopo il vaccino. Quella di &#8220;Nona Neta&#8221; \u00e8 una delle tante storie di vita e di coraggio degli anziani delle nostre vallate raccolte dai medici durante la vaccinazione a domicilio, che \u00e8 anche occasione per ritrovare il tempo dell&#8217;ascolto e della gratitudine. Continua intanto l\u2019impegno dell\u2019Ulss Dolomiti per portare il vaccino a casa delle persone con pi\u00f9 di 80 anni impossibilitate a muoversi sia attraverso i medici del Dipartimento di Prevenzione e sia attraverso i Medici di Medicina Generale per mettere in sicurezza al pi\u00f9 presto i pi\u00f9 anziani.<\/p>\n\n\t\t\t<style type='text\/css'>\n\t\t\t\t#gallery-9 {\n\t\t\t\t\tmargin: auto;\n\t\t\t\t}\n\t\t\t\t#gallery-9 .gallery-item {\n\t\t\t\t\tfloat: left;\n\t\t\t\t\tmargin-top: 10px;\n\t\t\t\t\ttext-align: center;\n\t\t\t\t\twidth: 50%;\n\t\t\t\t}\n\t\t\t\t#gallery-9 img {\n\t\t\t\t\tborder: 2px solid #cfcfcf;\n\t\t\t\t}\n\t\t\t\t#gallery-9 .gallery-caption {\n\t\t\t\t\tmargin-left: 0;\n\t\t\t\t}\n\t\t\t\t\/* see gallery_shortcode() in wp-includes\/media.php *\/\n\t\t\t<\/style>\n\t\t<div id='gallery-9' class='dt-gallery-container gallery galleryid-203308 gallery-columns-2 gallery-size-thumbnail'><dl class='gallery-item'>\n\t\t\t\t<dt class='gallery-icon landscape'>\n\t\t\t\t\t<a class=\"rollover rollover-zoom dt-pswp-item\" title=\"IMG-20210414-WA0002\" data-dt-img-description=\"\" data-large_image_width=\"1600\" data-large_image_height=\"1033\"href='https:\/\/www.radiopiu.net\/wordpress\/wp-content\/uploads\/2021\/04\/IMG-20210414-WA0002.jpg'><img loading=\"lazy\" decoding=\"async\" width=\"150\" height=\"150\" src=\"https:\/\/www.radiopiu.net\/wordpress\/wp-content\/uploads\/2021\/04\/IMG-20210414-WA0002-150x150.jpg\" class=\"attachment-thumbnail size-thumbnail\" alt=\"\" \/><\/a>\n\t\t\t\t<\/dt><\/dl><dl class='gallery-item'>\n\t\t\t\t<dt class='gallery-icon portrait'>\n\t\t\t\t\t<a class=\"rollover rollover-zoom dt-pswp-item\" title=\"IMG-20210414-WA0009\" data-dt-img-description=\"\" data-large_image_width=\"900\" data-large_image_height=\"1600\"href='https:\/\/www.radiopiu.net\/wordpress\/wp-content\/uploads\/2021\/04\/IMG-20210414-WA0009.jpg'><img loading=\"lazy\" decoding=\"async\" width=\"150\" height=\"150\" src=\"https:\/\/www.radiopiu.net\/wordpress\/wp-content\/uploads\/2021\/04\/IMG-20210414-WA0009-150x150.jpg\" class=\"attachment-thumbnail size-thumbnail\" alt=\"\" \/><\/a>\n\t\t\t\t<\/dt><\/dl><br style=\"clear: both\" \/>\n\t\t\t<\/div>\n\n<p>Nella foto: Nona Neta e la sua Topolino e la dottoressa Cristina Reverzani<\/p>\n<p>fonte pagina facebook Ulss1<\/p>\n<p>&nbsp;<\/p>\n<hr \/>\n<h3><\/h3>\n<h3>P.A. RIPARTIZIONE E DISTRIBUZIONE DELLE RISORSE ECONOMICHE DECENTRATE<\/h3>\n<p><strong><a href=\"https:\/\/www.radiopiu.net\/wordpress\/alle-imprese-aiuti-anti-covid-per-quasi-65-miliardi\/soldi-3\/\" rel=\"attachment wp-att-199630\"><img loading=\"lazy\" decoding=\"async\" class=\"size-medium wp-image-199630 alignleft\" src=\"https:\/\/www.radiopiu.net\/wordpress\/wp-content\/uploads\/2021\/03\/soldi-300x200.jpeg\" alt=\"\" width=\"300\" height=\"200\" srcset=\"https:\/\/www.radiopiu.net\/wordpress\/wp-content\/uploads\/2021\/03\/soldi-300x200.jpeg 300w, https:\/\/www.radiopiu.net\/wordpress\/wp-content\/uploads\/2021\/03\/soldi.jpeg 626w\" sizes=\"auto, (max-width: 300px) 100vw, 300px\" \/><\/a>VENEZIA <\/strong>L\u2019Assessore regionale al Bilancio e Risorse Umane, Francesco Calzavara, ha incontrato in videoconferenza le principali rappresentanze sindacali del comparto Funzioni locali, al fine di condividere l\u2019ipotesi di nuovo contratto decentrato integrativo 2021 per il personale della Regione del Veneto. I punti discussi derivano dalla trattativa avviata, tra la delegazione trattante di parte pubblica e quella di parte sindacale, gi\u00e0 alla fine dello scorso anno contribuendo al raggiungimento di questo importante obbiettivo della condivisione del riparto delle risorse decentrate. Al centro del confronto l\u2019accordo sulle Progressioni orizzontali, che oggi valgono 6,8 milioni di euro sulla ripartizione totale del fondo, gi\u00e0 quantificato in complessivi 13.199.232,86 milioni di euro. La produttivit\u00e0 generale sar\u00e0 finanziata per 4 milioni, che potranno aumentare con le risorse variabili in via di definizione, cos\u00ec come viene confermato lo stanziamento di 120mila euro annui per l\u2019Indennit\u00e0 per Specifiche Responsabilit\u00e0.<\/p>\n<p>&nbsp;<\/p>\n<p>&nbsp;<\/p>\n<hr \/>\n<p>&nbsp;<\/p>\n<blockquote>\n<h3>FIPE CONFCOMMERCIO, DA ROMA A VENEZIA: DATECI UNA DATA PER RIAPRIRE<\/h3>\n<\/blockquote>\n<p><strong><a href=\"https:\/\/www.radiopiu.net\/wordpress\/giornale-radiopiu-15-aprile-2021-direttore-mirko-mezzacasa\/rosanna-roma-allassemblea-fipe\/\" rel=\"attachment wp-att-203381\"><img loading=\"lazy\" decoding=\"async\" class=\"size-medium wp-image-203381 alignleft\" src=\"https:\/\/www.radiopiu.net\/wordpress\/wp-content\/uploads\/2021\/04\/Rosanna-Roma-allAssemblea-FIPE-300x225.jpg\" alt=\"\" width=\"300\" height=\"225\" srcset=\"https:\/\/www.radiopiu.net\/wordpress\/wp-content\/uploads\/2021\/04\/Rosanna-Roma-allAssemblea-FIPE-300x225.jpg 300w, https:\/\/www.radiopiu.net\/wordpress\/wp-content\/uploads\/2021\/04\/Rosanna-Roma-allAssemblea-FIPE-1024x768.jpg 1024w, https:\/\/www.radiopiu.net\/wordpress\/wp-content\/uploads\/2021\/04\/Rosanna-Roma-allAssemblea-FIPE-768x576.jpg 768w, https:\/\/www.radiopiu.net\/wordpress\/wp-content\/uploads\/2021\/04\/Rosanna-Roma-allAssemblea-FIPE-1536x1153.jpg 1536w, https:\/\/www.radiopiu.net\/wordpress\/wp-content\/uploads\/2021\/04\/Rosanna-Roma-allAssemblea-FIPE.jpg 1599w\" sizes=\"auto, (max-width: 300px) 100vw, 300px\" \/><\/a>BELLUNO<\/strong> La FIPE, Federazione Italiana Pubblici esercizi di Confcommercio, ha voluto \u201cmanifestare\u201d in modo diverso ed istituzionale: celebrando la propria assemblea straordinaria a Roma in piazza San Silvestro. La presidente dell\u2019Associazione bellunese, Rosanna Roma ha voluto essere presente per rappresentare le forti istanze del nostro territorio: \u00ab<em>Pur nella compostezza e nel rispetto delle norme, il grido degli imprenditori \u00e8 stato lancinante e preciso: per avere un futuro \u00e8 necessario sopravvivere al presente. Ora che la scienza ha fatto, dopo mesi di studi e sperimentazioni, grandi passi avanti, abbiamo bisogno di avere una data precisa per poter riaprire. Abbiamo sempre collaborato a redigere protocolli e procedure per lavorare in sicurezza, accettando a volte compromessi estremamente penalizzanti pur di non lasciare dubbi sulla volont\u00e0 di camminare a fianco dello Stato. Ora per\u00f2 abbiamo bisogno di risposte precise. Ne abbiamo diritto, visto che anche con i ristori ci siamo sentiti traditi. Ogni giorno che passa pu\u00f2 determinare la condanna a morte per migliaia di imprese<\/em>\u00bb. Una delegazione della FIPE \u00e8 stata quindi ricevuta dal Ministro dello Sviluppo economico Giorgetti il quale ha dichiarato di voler portare il tema delle riaperture al tavolo del Governo. La manifestazione \u00e8 stata accompagnata da molte iniziative a livello locale: anche a Venezia la sezione regionale della FIPE ha incontrato il presidente Luca Zaia, il quale, nel consueto punto stampa quotidiano, ha riferito dell\u2019incontro e della volont\u00e0 di cercare tutte le soluzioni possibili per un progressivo ritorno alla normalit\u00e0, riconoscendo anche \u201cla devastazione economico finanziaria subita dal settore\u201d.<\/p>\n<p>&nbsp;<\/p>\n<p>&nbsp;<\/p>\n<hr \/>\n<p>&nbsp;<\/p>\n<blockquote>\n<h3>INIZIATI I LAVORI ALL&#8217;AGRARIO, SARA&#8217; UN EDIFICIO A ENERGIA QUASI ZERO<\/h3>\n<\/blockquote>\n<p><strong>FELTRE<\/strong> \u00a0L\u2019operazione avviata dalla Provincia rientra nel piano di attivit\u00e0 dell\u2019edilizia scolastica sul blocco palestra-laborator. Quello che oggi \u00e8 un edificio\u00a0 del 1960 e non pi\u00f9 funzionale\u00a0 diventer\u00e0 una struttura completamente rinnovata, a energia quasi zero. Nel bilancio energetico \u00e8 stata data una particolare attenzione allo studio delle potenziali fonti alternative, alla domanda di energia e alla possibilit\u00e0 di ridurla. Il riscaldamento sar\u00e0 coperto da una fonte di energia determinata mentre il fabbisogno di elettricit\u00e0 sar\u00e0 coperto in parte dal fotovoltaico. Grazie ad ampie vetrate e accorgimenti tecnici, nel periodo invernale saranno massimizzati gli apporti solari e saranno ridotte al minime le perdite energetiche.\u00a0 Il progetto prevede un atrio al primo piano pensato come <a href=\"https:\/\/www.radiopiu.net\/wordpress\/elezioni-provinciali-de-carlo-ottimo-risultato-per-bogana-e-fdi-subito-vertice-di-centrodestra-e-poi-incontro-con-il-presidente-padrin\/konica-minolta-digital-camera-30\/\" rel=\"attachment wp-att-117956\"><img loading=\"lazy\" decoding=\"async\" class=\" wp-image-117956 alignleft\" src=\"https:\/\/www.radiopiu.net\/wordpress\/wp-content\/uploads\/2020\/02\/Serenella_Bogana-201x300.jpg\" alt=\"\" width=\"126\" height=\"188\" srcset=\"https:\/\/www.radiopiu.net\/wordpress\/wp-content\/uploads\/2020\/02\/Serenella_Bogana-201x300.jpg 201w, https:\/\/www.radiopiu.net\/wordpress\/wp-content\/uploads\/2020\/02\/Serenella_Bogana.jpg 445w\" sizes=\"auto, (max-width: 126px) 100vw, 126px\" \/><\/a>luogo di socializzazione per gli studenti, con un\u2019ampia vetrata. Al piano superiore verranno realizzati 6 laboratori dedicati alle materie di indirizzo \u00e8 prevista anche una terrazza esterna. Al piano terra un locale break e spogliatoi.<\/p>\n<p><strong>IL CONSIGLIERE PROVINCIALE SERENELLA BOGANA<\/strong><\/p>\n<audio class=\"wp-audio-shortcode\" id=\"audio-203308-6\" preload=\"none\" style=\"width: 100%;\" controls=\"controls\"><source type=\"audio\/mpeg\" src=\"https:\/\/www.radiopiu.net\/wordpress\/wp-content\/uploads\/2021\/04\/padrin.mp3?_=6\" \/><a href=\"https:\/\/www.radiopiu.net\/wordpress\/wp-content\/uploads\/2021\/04\/padrin.mp3\">https:\/\/www.radiopiu.net\/wordpress\/wp-content\/uploads\/2021\/04\/padrin.mp3<\/a><\/audio>\n\n\t\t\t<style type='text\/css'>\n\t\t\t\t#gallery-10 {\n\t\t\t\t\tmargin: auto;\n\t\t\t\t}\n\t\t\t\t#gallery-10 .gallery-item {\n\t\t\t\t\tfloat: left;\n\t\t\t\t\tmargin-top: 10px;\n\t\t\t\t\ttext-align: center;\n\t\t\t\t\twidth: 33%;\n\t\t\t\t}\n\t\t\t\t#gallery-10 img {\n\t\t\t\t\tborder: 2px solid #cfcfcf;\n\t\t\t\t}\n\t\t\t\t#gallery-10 .gallery-caption {\n\t\t\t\t\tmargin-left: 0;\n\t\t\t\t}\n\t\t\t\t\/* see gallery_shortcode() in wp-includes\/media.php *\/\n\t\t\t<\/style>\n\t\t<div id='gallery-10' class='dt-gallery-container gallery galleryid-203308 gallery-columns-3 gallery-size-thumbnail'><dl class='gallery-item'>\n\t\t\t\t<dt class='gallery-icon landscape'>\n\t\t\t\t\t<a class=\"rollover rollover-zoom dt-pswp-item\" title=\"VLL_OVEST\" data-dt-img-description=\"\" data-large_image_width=\"2500\" data-large_image_height=\"1418\"href='https:\/\/www.radiopiu.net\/wordpress\/wp-content\/uploads\/2021\/04\/VLL_OVEST.jpg'><img loading=\"lazy\" decoding=\"async\" width=\"150\" height=\"150\" src=\"https:\/\/www.radiopiu.net\/wordpress\/wp-content\/uploads\/2021\/04\/VLL_OVEST-150x150.jpg\" class=\"attachment-thumbnail size-thumbnail\" alt=\"\" \/><\/a>\n\t\t\t\t<\/dt><\/dl><dl class='gallery-item'>\n\t\t\t\t<dt class='gallery-icon landscape'>\n\t\t\t\t\t<a class=\"rollover rollover-zoom dt-pswp-item\" title=\"VLL_ANGOLO\" data-dt-img-description=\"\" data-large_image_width=\"2500\" data-large_image_height=\"1403\"href='https:\/\/www.radiopiu.net\/wordpress\/wp-content\/uploads\/2021\/04\/VLL_ANGOLO.jpg'><img loading=\"lazy\" decoding=\"async\" width=\"150\" height=\"150\" src=\"https:\/\/www.radiopiu.net\/wordpress\/wp-content\/uploads\/2021\/04\/VLL_ANGOLO-150x150.jpg\" class=\"attachment-thumbnail size-thumbnail\" alt=\"\" \/><\/a>\n\t\t\t\t<\/dt><\/dl><dl class='gallery-item'>\n\t\t\t\t<dt class='gallery-icon landscape'>\n\t\t\t\t\t<a class=\"rollover rollover-zoom dt-pswp-item\" title=\"VLL- FRONT\" data-dt-img-description=\"\" data-large_image_width=\"2500\" data-large_image_height=\"1619\"href='https:\/\/www.radiopiu.net\/wordpress\/wp-content\/uploads\/2021\/04\/VLL-FRONT.jpg'><img loading=\"lazy\" decoding=\"async\" width=\"150\" height=\"150\" src=\"https:\/\/www.radiopiu.net\/wordpress\/wp-content\/uploads\/2021\/04\/VLL-FRONT-150x150.jpg\" class=\"attachment-thumbnail size-thumbnail\" alt=\"\" \/><\/a>\n\t\t\t\t<\/dt><\/dl><br style=\"clear: both\" \/>\n\t\t\t<\/div>\n\n<p>&nbsp;<\/p>\n<p>&nbsp;<\/p>\n<hr \/>\n<p>&nbsp;<\/p>\n<p>&nbsp;<\/p>\n<blockquote>\n<h3>LAVORI DI RIQUALIFICAZIONE ENERGETICA DELLA SCUOLA DELL&#8217;INFANZIA DI TOMO, APPROVATO IL PROGETTO DEFINITIVO-ESECUTIVO<\/h3>\n<\/blockquote>\n<p><strong><a href=\"https:\/\/www.radiopiu.net\/wordpress\/giornale-radiopiu-15-aprile-2021-direttore-mirko-mezzacasa\/scuola-dellinfanzia-di-tomo\/\" rel=\"attachment wp-att-203373\"><img loading=\"lazy\" decoding=\"async\" class=\"size-medium wp-image-203373 alignleft\" src=\"https:\/\/www.radiopiu.net\/wordpress\/wp-content\/uploads\/2021\/04\/Scuola-dellinfanzia-di-Tomo-300x169.jpg\" alt=\"\" width=\"300\" height=\"169\" srcset=\"https:\/\/www.radiopiu.net\/wordpress\/wp-content\/uploads\/2021\/04\/Scuola-dellinfanzia-di-Tomo-300x169.jpg 300w, https:\/\/www.radiopiu.net\/wordpress\/wp-content\/uploads\/2021\/04\/Scuola-dellinfanzia-di-Tomo-1024x576.jpg 1024w, https:\/\/www.radiopiu.net\/wordpress\/wp-content\/uploads\/2021\/04\/Scuola-dellinfanzia-di-Tomo-768x432.jpg 768w, https:\/\/www.radiopiu.net\/wordpress\/wp-content\/uploads\/2021\/04\/Scuola-dellinfanzia-di-Tomo-1536x864.jpg 1536w, https:\/\/www.radiopiu.net\/wordpress\/wp-content\/uploads\/2021\/04\/Scuola-dellinfanzia-di-Tomo.jpg 2048w\" sizes=\"auto, (max-width: 300px) 100vw, 300px\" \/><\/a>FELTRE <\/strong>I&#8217;intervento sulla scuola dell&#8217;infanzia di Tomo. I lavori consistono nella sostituzione totale dei serramenti esistenti con 36 nuovi serramenti in legno lamellare ad una o due ante e apertura a ribalta e comprende lo smontaggio e lo smaltimento dei vecchi materiali. \u201c<em>Dopo i lavori di messa in sicurezza e ripristino eseguiti negli scorsi anni a seguito della tempesta Vaia, che aveva gravemente danneggiato lo stabile, con questo ulteriore intervento andiamo a completare il programma di riqualificazione funzionale complessiva della scuola dell&#8217;infanzia di Tomo\u201d<\/em> commenta l&#8217;assessore ai Lavori Pubblici Adis Zatta. Il quadro economico prevede un impegno di spesa complessivo di 71 mila euro, dei quali 54 mila per i lavori e 17 mila per imposte e spese tecniche.<\/p>\n<p>&nbsp;<\/p>\n<hr \/>\n<p>&nbsp;<\/p>\n<h2><span style=\"color: #ff0000;\">SOLIDARIETA&#8217;<\/span><\/h2>\n<p><strong><a href=\"https:\/\/www.radiopiu.net\/wordpress\/giornale-radiopiu-15-aprile-2021-direttore-mirko-mezzacasa\/562034e2-4d94-431e-8da9-1a26d1da4f6a\/\" rel=\"attachment wp-att-203461\"><img loading=\"lazy\" decoding=\"async\" class=\"size-medium wp-image-203461 aligncenter\" src=\"https:\/\/www.radiopiu.net\/wordpress\/wp-content\/uploads\/2021\/04\/562034e2-4d94-431e-8da9-1a26d1da4f6a-300x197.jpg\" alt=\"\" width=\"300\" height=\"197\" srcset=\"https:\/\/www.radiopiu.net\/wordpress\/wp-content\/uploads\/2021\/04\/562034e2-4d94-431e-8da9-1a26d1da4f6a-300x197.jpg 300w, https:\/\/www.radiopiu.net\/wordpress\/wp-content\/uploads\/2021\/04\/562034e2-4d94-431e-8da9-1a26d1da4f6a-1024x672.jpg 1024w, https:\/\/www.radiopiu.net\/wordpress\/wp-content\/uploads\/2021\/04\/562034e2-4d94-431e-8da9-1a26d1da4f6a-768x504.jpg 768w, https:\/\/www.radiopiu.net\/wordpress\/wp-content\/uploads\/2021\/04\/562034e2-4d94-431e-8da9-1a26d1da4f6a-1536x1008.jpg 1536w, https:\/\/www.radiopiu.net\/wordpress\/wp-content\/uploads\/2021\/04\/562034e2-4d94-431e-8da9-1a26d1da4f6a.jpg 2048w\" sizes=\"auto, (max-width: 300px) 100vw, 300px\" \/><\/a>FELTRE\u00a0<\/strong> Sono stati consegnati 4 pacchi di\u00a0 generi alimentari di prima necessit\u00e0 al Comune di Feltre, donati dalla Coldiretti di Belluno:\u00a0 circa 200 chilogrammi di prodotti rigorosamente \u201cmade in Italy\u201d che rappresentano alcune tra le eccellenze dei prodotti agroalimentari nazionali. Gli alimenti verranno distribuiti nei prossimi giorni dagli operatori dell&#8217;Azienda Feltrina per i Servizi alla Persona a cittadini e nuclei familiari in difficolt\u00e0 economica a seguito dell\u2019emergenza sanitarie non solo. Analoga iniziativa era avvenuta durante il periodo natalizio.<\/p>\n<p>&nbsp;<\/p>\n<p>&nbsp;<\/p>\n<hr \/>\n<p>&nbsp;<\/p>\n<blockquote>\n<h3>L&#8217;ULSS 1 DOLOMITI METTE A DISPOSIZIONE UN NUMERO PER COLORO CHE HANNO SMARRITO IL PROMEMORIA DEL RICHIAMO AL VACCINO<\/h3>\n<\/blockquote>\n<p><strong>BELLUNO <\/strong>Per coloro che hanno smarrito il promemoria dell\u2019appuntamento per la somministrazione della seconda dose di vaccino anti covid, \u00e8 possibile contattare il numero 0437 184 99 00 dal luned\u00ec al venerd\u00ec dalle 8.30 alle 16.00 e il sabato dalle 8.30 alle 12.30 per conoscere la data programmata.<\/p>\n<blockquote>\n<h3>CERTIFICAZIONE ESENZIONI PER REDDITO<\/h3>\n<\/blockquote>\n<p><strong>BELLUNO<\/strong> Le certificazioni delle esenzioni per reddito scadenti al 31\/03\/2021 (7R2-7R4-7R5) saranno disponibili nel portale <a href=\"https:\/\/slute.regione.veneto.it\/\">https:\/\/salute.regione.veneto.it<\/a>. L&#8217;assistito potr\u00e0 autonomamente stampare il certificato. L&#8217;esenzione 7R3 per disoccupazione verr\u00e0 prodotta a seguito di autocertificazione con le seguenti modalit\u00e0: Inviando una mail all&#8217;indirizzo <a href=\"mailto:esenzioni@aulss1.veneto.it\">esenzioni@aulss1.veneto.it<\/a> con allegato documento d&#8217;identit\u00e0 del richiedente. Previo appuntamento agli sportelli chiamando i seguenti numeri: Distretto Belluno 0437\/516757 dalle 08.00 alle 12.00 dal luned\u00ec al venerd\u00ec; Distretto Feltre 0439\/883680 dalle 08.00 alle 11.00 dal luned\u00ec al venerd\u00ec.<\/p>\n<p>&nbsp;<\/p>\n<p>&nbsp;<\/p>\n<hr \/>\n<p>&nbsp;<\/p>\n<blockquote>\n<h3><\/h3>\n<p><strong>BELLUNO\u00a0<\/strong>Sabato\u00a0 alle 15 assemblea ordinaria dei soci dell\u2019Unione Italiana dei Ciechi e degli Ipovedenti ONLUS APS di Belluno. I lavori si svolgeranno in modalit\u00e0 online, tramite l\u2019utilizzo della Piattaforma Zoom. Verranno letti, discussi e approvati i seguenti documenti: relazione morale e bilancio consuntivo anno 2020 e verr\u00e0 presentato ai soci il progetto \u201cSportello Autonomia\u201d.<\/p><\/blockquote>\n<p>&nbsp;<\/p>\n<p>&nbsp;<\/p>\n<hr \/>\n<p>&nbsp;<\/p>\n<blockquote>\n<h3>REDDITO DI EMERGENZA, DOMANDE NON OLTRE IL 30 APRILE<\/h3>\n<\/blockquote>\n<p>Reddito di emergenza per l\u2019anno in corso: c\u2019\u00e8 tempo fino al 30 aprile per presentare domanda. La misura di sostegno al reddito istituita l\u2019anno scorso dal Decreto Rilancio \u00e8 stata confermata dal recente Decreto Sostegni. Il \u201cRem\u201d sar\u00e0 riconosciuto ai nuclei familiari in condizioni di difficolt\u00e0, in conseguenza dell\u2019emergenza Covid, Da mercoled\u00ec 7 aprile \u00e8 possibile presentare la domanda.\u00a0 Il contributo previsto dal reddito di emergenza verr\u00e0 erogato in tre quote da 400 euro.\u00a0 Il lavoratore disoccupato &#8211; novit\u00e0 2021 &#8211; ha diritto al reddito di emergenza se tra il 1\u00b0 luglio 2020 e il 28 febbraio 2021 ha terminato il periodo di Naspi o Dis-coll; ha un Isee inferiore a 30mila euro.<\/p>\n<p>&nbsp;<\/p>\n<hr \/>\n<h3><\/h3>\n<h3 align=\"CENTER\"><span style=\"font-family: Times New Roman, serif;\"><span style=\"font-size: medium;\">Fondo Ambiente Italiano &#8211; Delegazione di Belluno<\/span><\/span><\/h3>\n<h3 align=\"CENTER\"><span style=\"font-family: Times New Roman, serif;\"><span style=\"font-size: medium;\"><i><b>La Piave: storie di uomini, acqua e legno<\/b><\/i><\/span><\/span><\/h3>\n<p style=\"text-align: center;\" align=\"JUSTIFY\"><span style=\"font-family: Times New Roman, serif;\"><span style=\"font-size: medium;\"><b>20 aprile: visita on line al Museo della Pietra e degli Scalpellini di Castellavazzo<\/b><\/span><\/span><\/p>\n<p align=\"JUSTIFY\"><span style=\"font-family: Times New Roman, serif;\"><span style=\"font-size: medium;\">Quarto appuntamento del ciclo di visite guidate virtuali organizzate dal FAI di Belluno che ha per tema <\/span><\/span><span style=\"font-family: Times New Roman, serif;\"><span style=\"font-size: medium;\"><i>La Piave: storie di uomini, acqua e legno<\/i><\/span><\/span><span style=\"font-family: Times New Roman, serif;\"><span style=\"font-size: medium;\">. Dopo il Museo del cidolo e del legname di Perarolo di Cadore, dopo il Museo degli zattieri di Codissago e dopo la taverna degli zattieri nel palazzo Doglioni di Borgo Piave (\u201cBotegon\u201d), il percorso delle zattere lungo la Piave prosegue con un\u2019altra interessante tappa, il Museo della Pietra e degli Scalpellini di Castellavazzo. Il 20 aprile la delegazione bellunese del FAI far\u00e0 scoprire questo museo.\u00a0<\/span><\/span><span style=\"font-family: Times New Roman, serif;\"><span style=\"font-size: medium;\">L&#8217;incontro si svolger\u00e0 il 20 aprile alle 18.30 sulla piattaforma Zoom webinar ed \u00e8 aperto a tutti previa prenotazione <a href=\"https:\/\/faiprenotazioni.fondoambiente.it\/\">https:\/\/faiprenotazioni.fondoambiente.it\/<\/a>\u00a0<\/span><\/span><\/p>\n\n\t\t\t<style type='text\/css'>\n\t\t\t\t#gallery-11 {\n\t\t\t\t\tmargin: auto;\n\t\t\t\t}\n\t\t\t\t#gallery-11 .gallery-item {\n\t\t\t\t\tfloat: left;\n\t\t\t\t\tmargin-top: 10px;\n\t\t\t\t\ttext-align: center;\n\t\t\t\t\twidth: 33%;\n\t\t\t\t}\n\t\t\t\t#gallery-11 img {\n\t\t\t\t\tborder: 2px solid #cfcfcf;\n\t\t\t\t}\n\t\t\t\t#gallery-11 .gallery-caption {\n\t\t\t\t\tmargin-left: 0;\n\t\t\t\t}\n\t\t\t\t\/* see gallery_shortcode() in wp-includes\/media.php *\/\n\t\t\t<\/style>\n\t\t<div id='gallery-11' class='dt-gallery-container gallery galleryid-203308 gallery-columns-3 gallery-size-thumbnail'><dl class='gallery-item'>\n\t\t\t\t<dt class='gallery-icon landscape'>\n\t\t\t\t\t<a class=\"rollover rollover-zoom dt-pswp-item\" title=\"177302_230254993771780_1756487217_o\" data-dt-img-description=\"\" data-large_image_width=\"1054\" data-large_image_height=\"741\"href='https:\/\/www.radiopiu.net\/wordpress\/wp-content\/uploads\/2021\/04\/177302_230254993771780_1756487217_o.jpg'><img loading=\"lazy\" decoding=\"async\" width=\"150\" height=\"150\" src=\"https:\/\/www.radiopiu.net\/wordpress\/wp-content\/uploads\/2021\/04\/177302_230254993771780_1756487217_o-150x150.jpg\" class=\"attachment-thumbnail size-thumbnail\" alt=\"\" \/><\/a>\n\t\t\t\t<\/dt><\/dl><dl class='gallery-item'>\n\t\t\t\t<dt class='gallery-icon landscape'>\n\t\t\t\t\t<a class=\"rollover rollover-zoom dt-pswp-item\" title=\"s-l1600\" data-dt-img-description=\"\" data-large_image_width=\"1600\" data-large_image_height=\"1085\"href='https:\/\/www.radiopiu.net\/wordpress\/wp-content\/uploads\/2021\/04\/s-l1600.jpg'><img loading=\"lazy\" decoding=\"async\" width=\"150\" height=\"150\" src=\"https:\/\/www.radiopiu.net\/wordpress\/wp-content\/uploads\/2021\/04\/s-l1600-150x150.jpg\" class=\"attachment-thumbnail size-thumbnail\" alt=\"\" \/><\/a>\n\t\t\t\t<\/dt><\/dl><dl class='gallery-item'>\n\t\t\t\t<dt class='gallery-icon landscape'>\n\t\t\t\t\t<a class=\"rollover rollover-zoom dt-pswp-item\" title=\"s-l1600 (52)\" data-dt-img-description=\"\" data-large_image_width=\"1131\" data-large_image_height=\"738\"href='https:\/\/www.radiopiu.net\/wordpress\/wp-content\/uploads\/2021\/04\/s-l1600-52.jpg'><img loading=\"lazy\" decoding=\"async\" width=\"150\" height=\"150\" src=\"https:\/\/www.radiopiu.net\/wordpress\/wp-content\/uploads\/2021\/04\/s-l1600-52-150x150.jpg\" class=\"attachment-thumbnail size-thumbnail\" alt=\"\" \/><\/a>\n\t\t\t\t<\/dt><\/dl><br style=\"clear: both\" \/><dl class='gallery-item'>\n\t\t\t\t<dt class='gallery-icon landscape'>\n\t\t\t\t\t<a class=\"rollover rollover-zoom dt-pswp-item\" title=\"79506311_1753773021419962_1798159153064050688_n\" data-dt-img-description=\"\" data-large_image_width=\"2048\" data-large_image_height=\"1536\"href='https:\/\/www.radiopiu.net\/wordpress\/wp-content\/uploads\/2021\/04\/79506311_1753773021419962_1798159153064050688_n.jpg'><img loading=\"lazy\" decoding=\"async\" width=\"150\" height=\"150\" src=\"https:\/\/www.radiopiu.net\/wordpress\/wp-content\/uploads\/2021\/04\/79506311_1753773021419962_1798159153064050688_n-150x150.jpg\" class=\"attachment-thumbnail size-thumbnail\" alt=\"\" \/><\/a>\n\t\t\t\t<\/dt><\/dl><dl class='gallery-item'>\n\t\t\t\t<dt class='gallery-icon landscape'>\n\t\t\t\t\t<a class=\"rollover rollover-zoom dt-pswp-item\" title=\"893595_298402200290392_728629472_o\" data-dt-img-description=\"\" data-large_image_width=\"1024\" data-large_image_height=\"768\"href='https:\/\/www.radiopiu.net\/wordpress\/wp-content\/uploads\/2021\/04\/893595_298402200290392_728629472_o.jpg'><img loading=\"lazy\" decoding=\"async\" width=\"150\" height=\"150\" src=\"https:\/\/www.radiopiu.net\/wordpress\/wp-content\/uploads\/2021\/04\/893595_298402200290392_728629472_o-150x150.jpg\" class=\"attachment-thumbnail size-thumbnail\" alt=\"\" \/><\/a>\n\t\t\t\t<\/dt><\/dl><dl class='gallery-item'>\n\t\t\t\t<dt class='gallery-icon portrait'>\n\t\t\t\t\t<a class=\"rollover rollover-zoom dt-pswp-item\" title=\"28577502_1216773095119960_6785931023533211648_n\" data-dt-img-description=\"\" data-large_image_width=\"884\" data-large_image_height=\"885\"href='https:\/\/www.radiopiu.net\/wordpress\/wp-content\/uploads\/2021\/04\/28577502_1216773095119960_6785931023533211648_n.jpg'><img loading=\"lazy\" decoding=\"async\" width=\"150\" height=\"150\" src=\"https:\/\/www.radiopiu.net\/wordpress\/wp-content\/uploads\/2021\/04\/28577502_1216773095119960_6785931023533211648_n-150x150.jpg\" class=\"attachment-thumbnail size-thumbnail\" alt=\"\" srcset=\"https:\/\/www.radiopiu.net\/wordpress\/wp-content\/uploads\/2021\/04\/28577502_1216773095119960_6785931023533211648_n-150x150.jpg 150w, https:\/\/www.radiopiu.net\/wordpress\/wp-content\/uploads\/2021\/04\/28577502_1216773095119960_6785931023533211648_n-300x300.jpg 300w, https:\/\/www.radiopiu.net\/wordpress\/wp-content\/uploads\/2021\/04\/28577502_1216773095119960_6785931023533211648_n-768x769.jpg 768w, https:\/\/www.radiopiu.net\/wordpress\/wp-content\/uploads\/2021\/04\/28577502_1216773095119960_6785931023533211648_n.jpg 884w\" sizes=\"auto, (max-width: 150px) 100vw, 150px\" \/><\/a>\n\t\t\t\t<\/dt><\/dl><br style=\"clear: both\" \/>\n\t\t\t<\/div>\n\n<p>&nbsp;<\/p>\n<hr \/>\n<h2><span style=\"color: #ff0000;\">L&#8217;OPINIONE<\/span><\/h2>\n<p><strong>di Franco Piacentini<\/strong><\/p>\n<blockquote><p><strong>FELTRE<\/strong> Il drammatico virus Covid19, oltre a spezzare tante vite umane e provocare enormi sofferenze sociali, \u00e8 anche causa di aumento delle povert\u00e0. Molte persone e un elevato numero di nuclei familiari, nei mesi pandemici 2020 e in quelli del 2021, hanno vissuto, vivono e vivranno, forzate situazioni di: solitudine, abbandono, difficolt\u00e0 economiche, perdita di lavoro e riduzione di reddito. Angosciose condizioni, soggettive ed oggettive, che se in campo non ci fossero l\u2019altruismo e l\u2019abnegazione di centinaia di volontari, spingerebbero migliaia di persone nel baratro della disperazione. Le Associazioni di volontariato e di promozione sociale, egregiamente rappresentate da pi\u00f9 di quarant\u2019anni dal Comitato di Intesa, le Amministrazioni pubbliche locali, CGIL CISL UIL, il Terzo Settore, ACLI, CARITAS e le Associazioni imprenditoriali, in questi giorni caratterizzano proficuamente le Terre Alte Bellunesi con l\u2019energica riconferma della loro grandissima sensibilit\u00e0, dimostrata anche nel passato, nei confronti delle persone svantaggiate, fragili e povere. Fra le tantissime quotidiane iniziative di sussidiariet\u00e0 orizzontale, concreti esempi di cristallina fraternit\u00e0, senza nulla togliere anche a tutte le altre, hanno favorevolmente richiamato la mia attenzione le tre seguenti recenti azioni di solidariet\u00e0. 1. L\u2019 accordo provinciale Cgil Cisl Uil e Confindustria Belluno (anche altre categorie datoriali aderiranno) che pone le basi per il facoltativo versamento mensile di un euro, al Fondo Welfare, da parte dei lavoratori, collegato al devolvere delle aziende di liberi contributi economici, allo stesso fondo provinciale. 2. La continuit\u00e0, dopo la sua sperimentazione, del progetto umanitario, sempre nell\u2019ambito del Fondo Welfare, per l\u2019ospitalit\u00e0 protetta a donne vittime di violenza, realizzato dal Comitato di Intesa, dall\u2019istituzione Provincia di Belluno, dalla Prefettura, dalle Forze dell\u2019Ordine, da Federalberghi e dalla Azienda ULSS Dolomiti. 3. La collaborazione tra i volontari Ana e Auser di Pieve di Cadore, in stretta collaborazione con i volontari della Protezione Civile, per lo svolgimento delle vaccinazioni al drive-in locale. Tre significative e positive esperienze di solidariet\u00e0 da diffondere in tutto il Veneto. La Regione, le forze politiche, le rappresentanze sociali, le organizzazioni sindacali, le categorie economiche e le istituzioni pubbliche, se veramente vogliono convergere in costruttivi e condivisi programmi di welfare generativo, di contrasto alle povert\u00e0 e di aiuto ai cittadini pi\u00f9 deboli, prendano in considerazione, estendendole in tutta la regione, anche le tante qualificate azioni di volontariato delle Terre Alte Bellunesi.<\/p><\/blockquote>\n<p>&nbsp;<\/p>\n<hr \/>\n<p>&nbsp;<\/p>\n<blockquote>\n<h3>LIBRO DI VENDRAMINI: \u201cLA RIVOLTA DEI CONTADINI BELLUNESI NEL 1800\u201d<\/h3>\n<\/blockquote>\n<h2>di RENATO BONA<\/h2>\n<p><span class=\"tojvnm2t a6sixzi8 abs2jz4q a8s20v7p t1p8iaqh k5wvi7nf q3lfd5jv pk4s997a bipmatt0 cebpdrjk qowsmv63 owwhemhu dp1hu0rb dhp61c6y iyyx5f41\">Due grandi della cultura e storia bellunese (e non solo), entrambi scomparsi: Ferruccio Vendramini ed Augusto Murer, insieme per \u201cLa rivolta dei contadini bellunesi del 1800\u201d, pregevolissimo libro edito nel dicembre 1972 dalla Libreria Moderna Walter Pilotto di Feltre (Tipo Lito-Offset Agordina di Agordo). I testi, frutto di una accurata ricerca di Vendramini, sono impreziositi da 5 disegni (uno riprodotto anche nella copertina del volume) che illustrano le fasi della \u201cstorica\u201d rivolta contadina. In prefazione, a firma di Francesco Franchi, la ricostruzione di una ragione: \u201cSe non mantener\u00e0 ci\u00f2 che promise, ancor venir\u00e0\u201d, giuramento dei rivoltosi in data 17 marzo 1800. Poi Franchi scriveva, fra l\u2019altro: \u201c\u2026Risulta evidente che quest\u2019opera si propone cone strumento critico e quindi politico, implicato dunque in una precisa scelta morale, per analizzare non tanto eventi passati quanto i dati attuali di una societ\u00e0 locale che pu\u00f2 tuttora individuare molti presupposti della sua iniqua disorganizzazione in un passato ricco di insegnamenti e di evidenze storiche\u201d. Ed aggiungeva: \u201c\u2026La classse agricola bellunese ha sofferto tutti i danni derivanti dall\u2019espropriazione collettiva senza avere nessuno dei vantaggi della appropriazione individuale: ed \u00e8 anche in certo modo effetto della sconfitta di quella rivolta contadina che voleva, in ultima analisi, compiere una razionalizzazione delle strutture produttive di cui i proprietari si dimostravano incapaci, e che avrebbe favorito tutta la societ\u00e0 nel suo complesso, compresi i feudatari\u201d, per concludere: \u201cLa parola che i contadini si diedero dopo la rivolta, lasciando la citt\u00e0 che avevano occupato, di tornare ancora se il rispetto promesso dai nobili ai diritti del popolo non fosse stato mantenuto, \u00e8 ancora valida: agli eredi ideali di quegli oppressi il compito di attuarla, e stavolta fino alle sue estreme e vittoriose conseguenze, contro gli eredi politici ed economici di quegli oppressori. Perch\u00e9 il popolo del lavoro, anche tra queste montagne, viene da lontano e va lontano\u201d. Dettagliando nei capitoli \u201cLa restaurazione austriaca\u201d, \u201cMotivi della rivolta\u201d, \u201cPrima giornata\u201d, \u201cSeconda giornata\u201d, \u201cTerza giornata\u201d, \u201cQuarta giornata\u201d, \u201cQuinta giornata\u201d, \u201cLe richieste dei rivoltosi\u201d, \u201cL\u2019arresto dei capi\u201d, \u201cLa fine della rivolta\u201d, l\u2019introduzione evidenzia che \u201cL\u2019importanza della rivolta dei territori bellunesi (marzo 1800) non sta solo nel gran numero di persone, che, provenienti dai vari distretti, invasero la citt\u00e0, ma anche e soprattutto nel modo in cui si svolsero i fatti e nel significato umano, politico e sociale dell\u2019intera vicenda\u201d e precisa che: \u201cIl documento principale che riguarda la rivolta \u00e8 un manoscritto conservato nella Biblioteca civica di Belluno con il numero 924: \u2018Processo storico relativo all\u2019ingresso dei contadini nella citt\u00e0 di Belluno\u2019. La firma di chi lo compose manualmente \u00e8 quella di Domenico Fantuzzi. E\u2019 una inchiesta preliminare sugli avvenimenti condotta probabilmente dal giudice Brocchi, il quale, membro del tribunale revisorio di Venezia, venne a Belluno per le indagini. Le pagine finali con le note delle spese per gli alimenti requisiti dai rivoltosi, portano la data del 17 ottobre1800. Dunque l\u2019intera inchiesta si concluse dopo sette mesi dagli avvenimenti. La parte pi\u00f9 importante del manoscritto \u00e8 la prima, che fa la cronistoria delle giornate di marzo e riporta la corrispondenza epistolare tra gli insorti e i Consoli della citt\u00e0\u2026\u201d. Infine il commento di un articolista che puntualizzava: \u201c\u2026 L\u2019Andriolo, il Bertoldi e il De Mio Antonio Bianca, perch\u00e9 autori principali dell\u2019insurrezione furono liberati soltanto il 15 gennaio 1801, cio\u00e8 il giorno prima che gli austriaci partissero da Treviso, per far luogo alle truppe di Napoleone. Dovettero pertanto la loro salvezza all\u2019invasore francese nel Veneto\u201d. Quali erano le richieste dei rivoltosi, articolate in 14 capitoli?\u201d: \u201cche non venghi estratta da questo Territorio e Distretto abbracciato da questa Citt\u00e0, biada n\u00e8 in poca, n\u00e8 in molta quantit\u00e0 e di nessun genere dal giorno della pubblicazione del presente, senza la firma di destinata persona per unico oggetto della sussistenza del popolo, riservati per\u00f2 li casi di R.I. Commissione\u201d; \u201cche a comodo universale della popolazione nel termine pi\u00f9 ristretto sia eretto, ed aperto un pubblico fontico in questa Citt\u00e0 e dalla stessa provveduto con obbligo del Territorio per le condotte previo pagamento\u201d; \u201cche rapporto alla vendita del sorgo Turco di questa Citt\u00e0 e Territorio sia per sei mesi dalla esibizione di questa capitolazione fissato, ed inalterabile il prezzo di L 26 per sacco, ed in ragion di sacco\u201d; \u201cli commestibili seguenti non possano essere venduti oltre il tassato prezzo segnato dalla presente tariffa: li vitelli vivi alla libbra L 7, formaggio d\u2019armenta stagionato 14, formaggio di pecora 18, buttiro 1, la puina secca 6, il capo di latte, alla mezza, 2, il latte 1, li uccelli l\u2019uno 6, le rane l\u2019una 6, li tordi 2, li ovi per cadauno 6, la gallina 1, il pesce poi, genere di fortuna, ed altri generi, che abbracciati non sono nel catalogo presente saranno con la proporzionata equit\u00e0 venduti\u201d; \u201csiccome cerca questo Territorio una generale composizione con la Citt\u00e0 stessa e sopra l\u2019argomento del dazio del bestiame, non volendo offender in nessun conto la pendenza esistente al Regio Imperial Governo, dalla Citt\u00e0 medesima col mezzo di formale rinuncia, resti abolito in ogni sua parte il dazio stesso\u201d che li Territoriali possano vendere in ogni tempo il suo vino nazionale\u201d; \u201cche nessun Nobile di questa Citt\u00e0 possa levar l\u2019incanto, nessuno de\u2019 dazi, n\u00e9 con la propria rappresentanza, n\u00e8 col mezzo di sostituta persona\u201d; \u201csopra il dazio vino per non indebolire il patrimonio di questa Citt\u00e0, sebbene ci opprime l\u2019imposta per le sue conseguenze, ci consentiamo che sia minorato per met\u00e0, cio\u00e8 a sole lire dieci per botte e non pi\u00f9, eccettuata per\u00f2 la Citt\u00e0, e senza alcun altro aggravio, pagata la segnata di L 10 al Daziario, che a tal oggetto sar\u00e0 destinato, resti libera la vendita a comodo di tutti\u201d; \u201cche li esattori per contro gravezze, ed altri dazi della Citt\u00e0 stessa dopo il periodo d\u2019anni dieci in avvenire non possano pi\u00f9 molestarci per li supposti debiti territoriali\u201d; \u201cli pagamenti che si pretendono da\u2019 Nobili scrivani per li mancamenti in condur legna e grassina alla Piazza, e portar commestibili alla vendita, come questo rende a solo profitto de\u2019 Scrivani medesimi, e bene spesso accordano il preteso pagamento, e dispensano li villici dall\u2019obbligo non necessario, questo dovr\u00e0 intendersi per sempre annullato\u201d; \u201cche restino in potere delle rispettive Comunit\u00e0 le pesche e barche di ragione di questa Citt\u00e0, e restino libere\u201d; \u201cche per il pagamento degli atti notarili, civili, ed onorari, sia osservata la tariffa dell\u2019epoca 1796\u201d: \u201cle revisioni che dall\u2019Officio di sanit\u00e0 vengono praticate sopra cadaveri queste non abbiano ad esigere che a norma de\u2019 statuti sul proposito\u201d; infine: \u201criatter\u00e0 il Territorio con li metodi ordinari le pubbliche strade senza per\u00f2 avere alcun aggravio n\u00e9 spesa di sorte alcuna per la visita delle medesime\u201d. <\/span><\/p>\n\n\t\t\t<style type='text\/css'>\n\t\t\t\t#gallery-12 {\n\t\t\t\t\tmargin: auto;\n\t\t\t\t}\n\t\t\t\t#gallery-12 .gallery-item {\n\t\t\t\t\tfloat: left;\n\t\t\t\t\tmargin-top: 10px;\n\t\t\t\t\ttext-align: center;\n\t\t\t\t\twidth: 33%;\n\t\t\t\t}\n\t\t\t\t#gallery-12 img {\n\t\t\t\t\tborder: 2px solid #cfcfcf;\n\t\t\t\t}\n\t\t\t\t#gallery-12 .gallery-caption {\n\t\t\t\t\tmargin-left: 0;\n\t\t\t\t}\n\t\t\t\t\/* see gallery_shortcode() in wp-includes\/media.php *\/\n\t\t\t<\/style>\n\t\t<div id='gallery-12' class='dt-gallery-container gallery galleryid-203308 gallery-columns-3 gallery-size-thumbnail'><dl class='gallery-item'>\n\t\t\t\t<dt class='gallery-icon portrait'>\n\t\t\t\t\t<a class=\"rollover\" href='https:\/\/www.radiopiu.net\/wordpress\/libro-di-vendramini-la-rivolta-dei-contadini-bellunesi-nel-1800\/173725540_880137545875334_4627038524335756095_n\/'><img loading=\"lazy\" decoding=\"async\" width=\"150\" height=\"150\" src=\"https:\/\/www.radiopiu.net\/wordpress\/wp-content\/uploads\/2021\/04\/173725540_880137545875334_4627038524335756095_n-150x150.jpg\" class=\"attachment-thumbnail size-thumbnail\" alt=\"\" \/><\/a>\n\t\t\t\t<\/dt><\/dl><dl class='gallery-item'>\n\t\t\t\t<dt class='gallery-icon landscape'>\n\t\t\t\t\t<a class=\"rollover\" href='https:\/\/www.radiopiu.net\/wordpress\/libro-di-vendramini-la-rivolta-dei-contadini-bellunesi-nel-1800\/173512051_292177762285759_2234324829820017198_n\/'><img loading=\"lazy\" decoding=\"async\" width=\"150\" height=\"150\" src=\"https:\/\/www.radiopiu.net\/wordpress\/wp-content\/uploads\/2021\/04\/173512051_292177762285759_2234324829820017198_n-150x150.jpg\" class=\"attachment-thumbnail size-thumbnail\" alt=\"\" \/><\/a>\n\t\t\t\t<\/dt><\/dl><dl class='gallery-item'>\n\t\t\t\t<dt class='gallery-icon landscape'>\n\t\t\t\t\t<a class=\"rollover\" href='https:\/\/www.radiopiu.net\/wordpress\/libro-di-vendramini-la-rivolta-dei-contadini-bellunesi-nel-1800\/173699418_606182810781917_3401906448481837395_n\/'><img loading=\"lazy\" decoding=\"async\" width=\"150\" height=\"150\" src=\"https:\/\/www.radiopiu.net\/wordpress\/wp-content\/uploads\/2021\/04\/173699418_606182810781917_3401906448481837395_n-150x150.jpg\" class=\"attachment-thumbnail size-thumbnail\" alt=\"\" \/><\/a>\n\t\t\t\t<\/dt><\/dl><br style=\"clear: both\" \/><dl class='gallery-item'>\n\t\t\t\t<dt class='gallery-icon portrait'>\n\t\t\t\t\t<a class=\"rollover\" href='https:\/\/www.radiopiu.net\/wordpress\/libro-di-vendramini-la-rivolta-dei-contadini-bellunesi-nel-1800\/173566477_1155133254960318_2842101617050107010_n\/'><img loading=\"lazy\" decoding=\"async\" width=\"150\" height=\"150\" src=\"https:\/\/www.radiopiu.net\/wordpress\/wp-content\/uploads\/2021\/04\/173566477_1155133254960318_2842101617050107010_n-150x150.jpg\" class=\"attachment-thumbnail size-thumbnail\" alt=\"\" \/><\/a>\n\t\t\t\t<\/dt><\/dl><dl class='gallery-item'>\n\t\t\t\t<dt class='gallery-icon portrait'>\n\t\t\t\t\t<a class=\"rollover\" href='https:\/\/www.radiopiu.net\/wordpress\/libro-di-vendramini-la-rivolta-dei-contadini-bellunesi-nel-1800\/173711746_451805952773051_3632536635810653182_n\/'><img loading=\"lazy\" decoding=\"async\" width=\"150\" height=\"150\" src=\"https:\/\/www.radiopiu.net\/wordpress\/wp-content\/uploads\/2021\/04\/173711746_451805952773051_3632536635810653182_n-150x150.jpg\" class=\"attachment-thumbnail size-thumbnail\" alt=\"\" \/><\/a>\n\t\t\t\t<\/dt><\/dl><dl class='gallery-item'>\n\t\t\t\t<dt class='gallery-icon portrait'>\n\t\t\t\t\t<a class=\"rollover\" href='https:\/\/www.radiopiu.net\/wordpress\/libro-di-vendramini-la-rivolta-dei-contadini-bellunesi-nel-1800\/173770915_461695751748978_7491987411256737670_n\/'><img loading=\"lazy\" decoding=\"async\" width=\"150\" height=\"150\" src=\"https:\/\/www.radiopiu.net\/wordpress\/wp-content\/uploads\/2021\/04\/173770915_461695751748978_7491987411256737670_n-150x150.jpg\" class=\"attachment-thumbnail size-thumbnail\" alt=\"\" \/><\/a>\n\t\t\t\t<\/dt><\/dl><br style=\"clear: both\" \/><dl class='gallery-item'>\n\t\t\t\t<dt class='gallery-icon portrait'>\n\t\t\t\t\t<a class=\"rollover\" href='https:\/\/www.radiopiu.net\/wordpress\/libro-di-vendramini-la-rivolta-dei-contadini-bellunesi-nel-1800\/173810282_503168447481931_5673536222574626573_n\/'><img loading=\"lazy\" decoding=\"async\" width=\"150\" height=\"150\" src=\"https:\/\/www.radiopiu.net\/wordpress\/wp-content\/uploads\/2021\/04\/173810282_503168447481931_5673536222574626573_n-150x150.jpg\" class=\"attachment-thumbnail size-thumbnail\" alt=\"\" \/><\/a>\n\t\t\t\t<\/dt><\/dl><dl class='gallery-item'>\n\t\t\t\t<dt class='gallery-icon portrait'>\n\t\t\t\t\t<a class=\"rollover\" href='https:\/\/www.radiopiu.net\/wordpress\/libro-di-vendramini-la-rivolta-dei-contadini-bellunesi-nel-1800\/173604174_790510808272479_5396439786381962481_n\/'><img loading=\"lazy\" decoding=\"async\" width=\"150\" height=\"150\" src=\"https:\/\/www.radiopiu.net\/wordpress\/wp-content\/uploads\/2021\/04\/173604174_790510808272479_5396439786381962481_n-150x150.jpg\" class=\"attachment-thumbnail size-thumbnail\" alt=\"\" \/><\/a>\n\t\t\t\t<\/dt><\/dl>\n\t\t\t\t<br style='clear: both' \/>\n\t\t\t<\/div>\n\n<p>&nbsp;<\/p>\n<p><span class=\"tojvnm2t a6sixzi8 abs2jz4q a8s20v7p t1p8iaqh k5wvi7nf q3lfd5jv pk4s997a bipmatt0 cebpdrjk qowsmv63 owwhemhu dp1hu0rb dhp61c6y iyyx5f41\">NELLE FOTO (archivio Renato Bona e riproduzioni dal libro \u201cLa rivolta dei contadini bellunesi nel 1800\u201d): la copertina della pubblicazione; l\u2019autore, lo storico Ferruccio Vendramini; il maestro Augusto Murer, autore dei cinque disegni che impreziosiscono il volume; riunione dei contadini nelle cave; ingresso dei rivoltosi a Belluno; punizione dei facinorosi; i rivoltosi in carcere; morte dell\u2019\u201cUserta\u201d (lucertola): si tratterebbe di Desiderio Manfroi, mortalmente ferito in uno scontro a fuoco con truppe austriache; ad Agordo la tradizione popolare lo ricorda come un brigante, o contrabbandiere o \u201cbravo\u201d della potente famiglia Crotta, in citt\u00e0 c\u2019\u00e8 ancora un viottolo col nome di Userta perch\u00e9 vi sorge l\u2019edificio dal quale il ribelle avrebbe sparato ai soldati.<\/span><\/p>\n<p>&nbsp;<\/p>\n<hr \/>\n<p>&nbsp;<\/p>\n<h1><span style=\"color: #ff0000;\">IERI ALLA RADIO<\/span><\/h1>\n<h2><strong><a href=\"https:\/\/www.radiopiu.net\/wordpress\/oscar-angeloni-ct-della-nazionale-svizzera-di-sci-alpinismo\/oscer-angeloni\/\" rel=\"attachment wp-att-126179\"><img loading=\"lazy\" decoding=\"async\" class=\"size-medium wp-image-126179 alignleft\" src=\"https:\/\/www.radiopiu.net\/wordpress\/wp-content\/uploads\/2020\/03\/OSCER-ANGELONI-300x300.png\" alt=\"\" width=\"300\" height=\"300\" srcset=\"https:\/\/www.radiopiu.net\/wordpress\/wp-content\/uploads\/2020\/03\/OSCER-ANGELONI-300x300.png 300w, https:\/\/www.radiopiu.net\/wordpress\/wp-content\/uploads\/2020\/03\/OSCER-ANGELONI-1024x1024.png 1024w, https:\/\/www.radiopiu.net\/wordpress\/wp-content\/uploads\/2020\/03\/OSCER-ANGELONI-150x150.png 150w, https:\/\/www.radiopiu.net\/wordpress\/wp-content\/uploads\/2020\/03\/OSCER-ANGELONI-768x768.png 768w, https:\/\/www.radiopiu.net\/wordpress\/wp-content\/uploads\/2020\/03\/OSCER-ANGELONI.png 1040w\" sizes=\"auto, (max-width: 300px) 100vw, 300px\" \/><\/a><span style=\"color: #3366ff;\">OSCAR ANGELONI E L&#8217;AVVENTURA CON LA NAZIONALE SVIZZERA DI SCIALPINISMO<\/span><\/strong><\/h2>\n<p><strong>di Claudio Fontanive e William Da Roit<\/strong><\/p>\n<p>OSPITE: Oscar Angeloni direttore sportivo dello ski team della Nazionale Svizzera di Scialpinismo<\/p>\n<audio class=\"wp-audio-shortcode\" id=\"audio-203308-7\" preload=\"none\" style=\"width: 100%;\" controls=\"controls\"><source type=\"audio\/mpeg\" src=\"https:\/\/www.radiopiu.net\/wordpress\/wp-content\/uploads\/2021\/04\/oscar-angeloni.mp3?_=7\" \/><a href=\"https:\/\/www.radiopiu.net\/wordpress\/wp-content\/uploads\/2021\/04\/oscar-angeloni.mp3\">https:\/\/www.radiopiu.net\/wordpress\/wp-content\/uploads\/2021\/04\/oscar-angeloni.mp3<\/a><\/audio>\n<p>&nbsp;<\/p>\n<hr \/>\n<p>&nbsp;<\/p>\n<p>&nbsp;<\/p>\n<p>&nbsp;<\/p>\n<h2><span style=\"color: #ff0000;\">dalla nuova generazione&#8230; cultura e tradizione<\/span><\/h2>\n<blockquote>\n<h3><em>PIAZA LADINA ALLA RADIO<\/em><\/h3>\n<\/blockquote>\n<p><strong>LA\u00a0 SETTIMA PUNTATA\u00a0 &#8220;Perche che ne serf scrive co na grafia sola&#8221; (14 Marzo 2021)<\/strong><\/p>\n<audio class=\"wp-audio-shortcode\" id=\"audio-203308-8\" preload=\"none\" style=\"width: 100%;\" controls=\"controls\"><source type=\"audio\/mpeg\" src=\"https:\/\/www.radiopiu.net\/wordpress\/wp-content\/uploads\/2021\/04\/Pontada-7-Perche-che-ne-serf-scrive-co-na-GRAFIA-sola-1.mp3?_=8\" \/><a href=\"https:\/\/www.radiopiu.net\/wordpress\/wp-content\/uploads\/2021\/04\/Pontada-7-Perche-che-ne-serf-scrive-co-na-GRAFIA-sola-1.mp3\">https:\/\/www.radiopiu.net\/wordpress\/wp-content\/uploads\/2021\/04\/Pontada-7-Perche-che-ne-serf-scrive-co-na-GRAFIA-sola-1.mp3<\/a><\/audio>\n<p>&nbsp;<\/p>\n<blockquote>\n<h2>LA RACCOLTA COMPLETA<\/h2>\n<\/blockquote>\n<blockquote class=\"wp-embedded-content\" data-secret=\"wo5lSj1C3t\"><p><a href=\"https:\/\/www.radiopiu.net\/wordpress\/agora-agordina-la-nosta-piaza\/\">AGORA&#8217; AGORDINA&#8230; LA NOSTA PIAZA LADINA.  pagina in aggiornamento continuo<\/a><\/p><\/blockquote>\n<p><iframe loading=\"lazy\" class=\"wp-embedded-content\" sandbox=\"allow-scripts\" security=\"restricted\" style=\"position: absolute; clip: rect(1px, 1px, 1px, 1px);\" title=\"&#8220;AGORA&#8217; AGORDINA&#8230; LA NOSTA PIAZA LADINA.  pagina in aggiornamento continuo&#8221; &#8212; Radio Pi\u00f9\" src=\"https:\/\/www.radiopiu.net\/wordpress\/agora-agordina-la-nosta-piaza\/embed\/#?secret=wo5lSj1C3t\" data-secret=\"wo5lSj1C3t\" width=\"600\" height=\"338\" frameborder=\"0\" marginwidth=\"0\" marginheight=\"0\" scrolling=\"no\"><\/iframe><\/p>\n<p>&nbsp;<\/p>\n<p>&nbsp;<\/p>\n<p>&nbsp;<\/p>\n<hr \/>\n<div class=\"b654a4as d2edcug0\">\n<div class=\"j83agx80 btwxx1t3 lhclo0ds hop8lmos nkwizq5d scwd0bx6 roh60bw9\">\n<div class=\"rq0escxv hkbzh7o3 jwdofwj8 n8tt0mok r8blr3vg hyh9befq\">\n<div class=\"do00u71z l9j0dhe7 k4urcfbm\">\n<div>\n<h2><span style=\"color: #000080;\"><a class=\"dt-pswp-item\" href=\"https:\/\/www.radiopiu.net\/wordpress\/wp-content\/uploads\/2020\/10\/pp.jpg\" data-dt-img-description=\"\" data-large_image_width=\"640\" data-large_image_height=\"640\"><img loading=\"lazy\" decoding=\"async\" class=\"wp-image-163678 alignleft\" src=\"https:\/\/www.radiopiu.net\/wordpress\/wp-content\/uploads\/2020\/10\/pp-300x300.jpg\" alt=\"\" width=\"106\" height=\"106\" srcset=\"https:\/\/www.radiopiu.net\/wordpress\/wp-content\/uploads\/2020\/10\/pp-300x300.jpg 300w, https:\/\/www.radiopiu.net\/wordpress\/wp-content\/uploads\/2020\/10\/pp-150x150.jpg 150w, https:\/\/www.radiopiu.net\/wordpress\/wp-content\/uploads\/2020\/10\/pp-125x125.jpg 125w, https:\/\/www.radiopiu.net\/wordpress\/wp-content\/uploads\/2020\/10\/pp-200x200.jpg 200w, https:\/\/www.radiopiu.net\/wordpress\/wp-content\/uploads\/2020\/10\/pp-80x80.jpg 80w, https:\/\/www.radiopiu.net\/wordpress\/wp-content\/uploads\/2020\/10\/pp-480x480.jpg 480w, https:\/\/www.radiopiu.net\/wordpress\/wp-content\/uploads\/2020\/10\/pp.jpg 640w\" sizes=\"auto, (max-width: 106px) 100vw, 106px\" \/><\/a><\/span><\/h2>\n<h2><span style=\"color: #000080;\">DON CESARE, IL PENSIERO DEL GIORNO. ALLA RADIO ALLE 7 DEL MATTINO E ALLE 19.30 DELLA SERA.\u00a0\u00a0<\/span><\/h2>\n<\/div>\n<\/div>\n<p>&nbsp;<\/p>\n<p>&nbsp;<\/p>\n<\/div>\n<\/div>\n<p>&nbsp;<\/p>\n<audio class=\"wp-audio-shortcode\" id=\"audio-203308-9\" preload=\"none\" style=\"width: 100%;\" controls=\"controls\"><source type=\"audio\/mpeg\" src=\"https:\/\/www.radiopiu.net\/wordpress\/wp-content\/uploads\/2021\/04\/CESARE-9.mp3?_=9\" \/><a href=\"https:\/\/www.radiopiu.net\/wordpress\/wp-content\/uploads\/2021\/04\/CESARE-9.mp3\">https:\/\/www.radiopiu.net\/wordpress\/wp-content\/uploads\/2021\/04\/CESARE-9.mp3<\/a><\/audio>\n<hr \/>\n<p>&nbsp;<\/p>\n<h2><span style=\"color: #ff0000;\">ALLA RADIO<\/span><\/h2>\n<h2><span style=\"color: #008000;\">ERBE E PIANTE CURATIVE&#8230;IL\u00a0 PROGRAMMA DI PAOLA LANCIATO<\/span><\/h2>\n<p><strong><a href=\"https:\/\/www.radiopiu.net\/wordpress\/giornale-radiopiu-14-aprile-2021-direttore-mirko-mezzacasa\/pianta-limone\/\" rel=\"attachment wp-att-203125\"><img loading=\"lazy\" decoding=\"async\" class=\" wp-image-203125 alignleft\" src=\"https:\/\/www.radiopiu.net\/wordpress\/wp-content\/uploads\/2021\/04\/PIANTA-LIMONE-300x200.jpg\" alt=\"\" width=\"167\" height=\"111\" srcset=\"https:\/\/www.radiopiu.net\/wordpress\/wp-content\/uploads\/2021\/04\/PIANTA-LIMONE-300x200.jpg 300w, https:\/\/www.radiopiu.net\/wordpress\/wp-content\/uploads\/2021\/04\/PIANTA-LIMONE-1024x683.jpg 1024w, https:\/\/www.radiopiu.net\/wordpress\/wp-content\/uploads\/2021\/04\/PIANTA-LIMONE-768x512.jpg 768w, https:\/\/www.radiopiu.net\/wordpress\/wp-content\/uploads\/2021\/04\/PIANTA-LIMONE-1536x1024.jpg 1536w, https:\/\/www.radiopiu.net\/wordpress\/wp-content\/uploads\/2021\/04\/PIANTA-LIMONE.jpg 1920w\" sizes=\"auto, (max-width: 167px) 100vw, 167px\" \/><\/a>PUNTATA 12, IL LIMONE<\/strong><\/p>\n<\/div>\n<audio class=\"wp-audio-shortcode\" id=\"audio-203308-10\" preload=\"none\" style=\"width: 100%;\" controls=\"controls\"><source type=\"audio\/mpeg\" src=\"https:\/\/www.radiopiu.net\/wordpress\/wp-content\/uploads\/2021\/04\/10-Il-limone-M-1.mp3?_=10\" \/><a href=\"https:\/\/www.radiopiu.net\/wordpress\/wp-content\/uploads\/2021\/04\/10-Il-limone-M-1.mp3\">https:\/\/www.radiopiu.net\/wordpress\/wp-content\/uploads\/2021\/04\/10-Il-limone-M-1.mp3<\/a><\/audio>\n<p>&nbsp;<\/p>\n<p>&nbsp;<\/p>\n<hr \/>\n<p>&nbsp;<\/p>\n<blockquote>\n<h2><a href=\"https:\/\/www.radiopiu.net\/wordpress\/speciale-solidarieta-veneto\/solidarieta-veneto-3\/\" rel=\"attachment wp-att-134366\"><img loading=\"lazy\" decoding=\"async\" class=\"wp-image-134366 alignleft\" src=\"https:\/\/www.radiopiu.net\/wordpress\/wp-content\/uploads\/2020\/05\/solidariet\u00e0-veneto-300x210.jpg\" alt=\"\" width=\"102\" height=\"71\" srcset=\"https:\/\/www.radiopiu.net\/wordpress\/wp-content\/uploads\/2020\/05\/solidariet\u00e0-veneto-300x210.jpg 300w, https:\/\/www.radiopiu.net\/wordpress\/wp-content\/uploads\/2020\/05\/solidariet\u00e0-veneto-1024x717.jpg 1024w, https:\/\/www.radiopiu.net\/wordpress\/wp-content\/uploads\/2020\/05\/solidariet\u00e0-veneto-768x538.jpg 768w, https:\/\/www.radiopiu.net\/wordpress\/wp-content\/uploads\/2020\/05\/solidariet\u00e0-veneto.jpg 1373w\" sizes=\"auto, (max-width: 102px) 100vw, 102px\" \/><\/a>SOLIDARIETA&#8217; VENETO FONDO PENSIONE, IN ONDA IL PRIMO VENERDI DEL MESE ALLE 10.30 E ALLE 19.00 QUINTA STAGIONE<\/h2>\n<\/blockquote>\n<p><strong>AUDIO APRILE 2021<\/strong><\/p>\n<audio class=\"wp-audio-shortcode\" id=\"audio-203308-11\" preload=\"none\" style=\"width: 100%;\" controls=\"controls\"><source type=\"audio\/mpeg\" src=\"https:\/\/www.radiopiu.net\/wordpress\/wp-content\/uploads\/2021\/04\/solidarieta-veneto-aprile-2021.mp3?_=11\" \/><a href=\"https:\/\/www.radiopiu.net\/wordpress\/wp-content\/uploads\/2021\/04\/solidarieta-veneto-aprile-2021.mp3\">https:\/\/www.radiopiu.net\/wordpress\/wp-content\/uploads\/2021\/04\/solidarieta-veneto-aprile-2021.mp3<\/a><\/audio>\n<p>&nbsp;<\/p>\n<blockquote>\n<h2>RACCOLTA COMPLETA<\/h2>\n<\/blockquote>\n<blockquote class=\"wp-embedded-content\" data-secret=\"kAWzCDWPjf\"><p><a href=\"https:\/\/www.radiopiu.net\/wordpress\/solidarieta-veneto\/\">Solidariet\u00e0 Veneto<\/a><\/p><\/blockquote>\n<p><iframe loading=\"lazy\" class=\"wp-embedded-content\" sandbox=\"allow-scripts\" security=\"restricted\" style=\"position: absolute; clip: rect(1px, 1px, 1px, 1px);\" title=\"&#8220;Solidariet\u00e0 Veneto&#8221; &#8212; Radio Pi\u00f9\" src=\"https:\/\/www.radiopiu.net\/wordpress\/solidarieta-veneto\/embed\/#?secret=kAWzCDWPjf\" data-secret=\"kAWzCDWPjf\" width=\"600\" height=\"338\" frameborder=\"0\" marginwidth=\"0\" marginheight=\"0\" scrolling=\"no\"><\/iframe><\/p>\n<p>&nbsp;<\/p>\n<p>&nbsp;<\/p>\n<hr \/>\n<p>&nbsp;<\/p>\n<p>&nbsp;<\/p>\n<blockquote>\n<h2>FANTASTICHE DOLOMITI, NUOVA STAGIONE. APPUNTAMENTO QUINDICINALE IL GIOVEDI ALLE 10.30 E 19.00<\/h2>\n<\/blockquote>\n<h2><span style=\"color: #ff0000;\">PUNTATA NUMERO 12\u00a0 del\u00a0 14 APRILE 2021<\/span><\/h2>\n<p><strong><a href=\"https:\/\/www.radiopiu.net\/wordpress\/raccolta-completa\/121869645_648442942701436_4748562330148520081_n-2\/\" rel=\"attachment wp-att-196402\"><img loading=\"lazy\" decoding=\"async\" class=\"wp-image-196402 alignleft\" src=\"https:\/\/www.radiopiu.net\/wordpress\/wp-content\/uploads\/2021\/02\/121869645_648442942701436_4748562330148520081_n-1-300x169.jpg\" alt=\"\" width=\"160\" height=\"90\" srcset=\"https:\/\/www.radiopiu.net\/wordpress\/wp-content\/uploads\/2021\/02\/121869645_648442942701436_4748562330148520081_n-1-300x169.jpg 300w, https:\/\/www.radiopiu.net\/wordpress\/wp-content\/uploads\/2021\/02\/121869645_648442942701436_4748562330148520081_n-1-1024x576.jpg 1024w, https:\/\/www.radiopiu.net\/wordpress\/wp-content\/uploads\/2021\/02\/121869645_648442942701436_4748562330148520081_n-1-768x432.jpg 768w, https:\/\/www.radiopiu.net\/wordpress\/wp-content\/uploads\/2021\/02\/121869645_648442942701436_4748562330148520081_n-1-1536x864.jpg 1536w, https:\/\/www.radiopiu.net\/wordpress\/wp-content\/uploads\/2021\/02\/121869645_648442942701436_4748562330148520081_n-1.jpg 1707w\" sizes=\"auto, (max-width: 160px) 100vw, 160px\" \/><\/a>OSPITE IL PRESIDENTE CLAUDIO CANOVA<\/strong><\/p>\n<audio class=\"wp-audio-shortcode\" id=\"audio-203308-12\" preload=\"none\" style=\"width: 100%;\" controls=\"controls\"><source type=\"audio\/mpeg\" src=\"https:\/\/www.radiopiu.net\/wordpress\/wp-content\/uploads\/2021\/04\/fantastiche-dolomiti-14-aprile.mp3?_=12\" \/><a href=\"https:\/\/www.radiopiu.net\/wordpress\/wp-content\/uploads\/2021\/04\/fantastiche-dolomiti-14-aprile.mp3\">https:\/\/www.radiopiu.net\/wordpress\/wp-content\/uploads\/2021\/04\/fantastiche-dolomiti-14-aprile.mp3<\/a><\/audio>\n<h3>LA RACCOLTA COMPLETA<\/h3>\n<p>https:\/\/www.radiopiu.net\/wordpress\/raccolta-completa\/<\/p>\n<p>&nbsp;<\/p>\n<p>&nbsp;<\/p>\n<hr \/>\n<p>&nbsp;<\/p>\n<p>&nbsp;<\/p>\n<div>\n<h2><span style=\"color: #ff0000;\">ALLA RADIO<\/span><\/h2>\n<\/div>\n<div>\n<h2><strong>LE\u00a0 PUNTATE di Luisa Alchini di Leggermente Bellunesi, la domenica alle 11, <span style=\"color: #0000ff;\">IL MARTEDI IN PRIMA EDIZIONE\u00a0<\/span> alle 10.30 e alle 19.00<\/strong><\/h2>\n<p><a href=\"https:\/\/www.radiopiu.net\/wordpress\/giornale-radiopiu-14-aprile-2021-direttore-mirko-mezzacasa\/172444558_1627363694118358_8359836994526347936_n-2\/\" rel=\"attachment wp-att-203127\"><img loading=\"lazy\" decoding=\"async\" class=\" wp-image-203127 alignleft\" src=\"https:\/\/www.radiopiu.net\/wordpress\/wp-content\/uploads\/2021\/04\/172444558_1627363694118358_8359836994526347936_n-1-195x300.jpg\" alt=\"\" width=\"105\" height=\"162\" srcset=\"https:\/\/www.radiopiu.net\/wordpress\/wp-content\/uploads\/2021\/04\/172444558_1627363694118358_8359836994526347936_n-1-195x300.jpg 195w, https:\/\/www.radiopiu.net\/wordpress\/wp-content\/uploads\/2021\/04\/172444558_1627363694118358_8359836994526347936_n-1-667x1024.jpg 667w, https:\/\/www.radiopiu.net\/wordpress\/wp-content\/uploads\/2021\/04\/172444558_1627363694118358_8359836994526347936_n-1-768x1179.jpg 768w, https:\/\/www.radiopiu.net\/wordpress\/wp-content\/uploads\/2021\/04\/172444558_1627363694118358_8359836994526347936_n-1.jpg 1000w\" sizes=\"auto, (max-width: 105px) 100vw, 105px\" \/><\/a>&#8220;Il loro destino stava in Brasile&#8221; a cura di Luisa Carniel per ABM il libro di marted\u00ec13 aprile: storie di emigrazione bellunese e..agordina<\/p>\n<\/div>\n<audio class=\"wp-audio-shortcode\" id=\"audio-203308-13\" preload=\"none\" style=\"width: 100%;\" controls=\"controls\"><source type=\"audio\/mpeg\" src=\"https:\/\/www.radiopiu.net\/wordpress\/wp-content\/uploads\/2021\/04\/25leggermenteluisacargnelabm.mp3?_=13\" \/><a href=\"https:\/\/www.radiopiu.net\/wordpress\/wp-content\/uploads\/2021\/04\/25leggermenteluisacargnelabm.mp3\">https:\/\/www.radiopiu.net\/wordpress\/wp-content\/uploads\/2021\/04\/25leggermenteluisacargnelabm.mp3<\/a><\/audio>\n<p>&nbsp;<\/p>\n<p><strong><span style=\"color: #000000;\">RACCOLTA COMPLETA<\/span><\/strong><\/p>\n<div>\n<blockquote class=\"wp-embedded-content\" data-secret=\"lE8dm0fHQg\"><p><a href=\"https:\/\/www.radiopiu.net\/wordpress\/leggermente-20\/\">LEGGERmente&#8230;Bellunesi<\/a><\/p><\/blockquote>\n<p><iframe loading=\"lazy\" class=\"wp-embedded-content\" sandbox=\"allow-scripts\" security=\"restricted\" style=\"position: absolute; clip: rect(1px, 1px, 1px, 1px);\" title=\"&#8220;LEGGERmente&#8230;Bellunesi&#8221; &#8212; Radio Pi\u00f9\" src=\"https:\/\/www.radiopiu.net\/wordpress\/leggermente-20\/embed\/#?secret=lE8dm0fHQg\" data-secret=\"lE8dm0fHQg\" width=\"600\" height=\"338\" frameborder=\"0\" marginwidth=\"0\" marginheight=\"0\" scrolling=\"no\"><\/iframe><\/p>\n<\/div>\n<h2><\/h2>\n<hr \/>\n<p>&nbsp;<\/p>\n<h2><span style=\"color: #800080;\"><strong>LA RASSEGNA STAMPA DA L&#8217;AMICO DEL POPOLO\u00a0<\/strong><\/span><\/h2>\n<h3 class=\"kvgmc6g5 cxmmr5t8 oygrvhab hcukyx3x c1et5uql\"><span style=\"color: #0000ff;\"> INFORMAZIONE il canale su TELEGRAM informazione di prima mano e in tempo reale. iscriviti ed aiutaci a farlo conoscere\u00a0<\/span><\/h3>\n<p><strong><a href=\"https:\/\/www.radiopiu.net\/wordpress\/il-sindaco-di-san-tomaso-difende-villeggianti-e-proprietari-di-seconde-case\/moreno-de-val-12\/\" rel=\"attachment wp-att-179073\"><img loading=\"lazy\" decoding=\"async\" class=\" wp-image-179073 alignleft\" src=\"https:\/\/www.radiopiu.net\/wordpress\/wp-content\/uploads\/2020\/12\/MORENO-DE-VAL.jpg\" alt=\"\" width=\"117\" height=\"111\" \/><\/a>di Gianni Santomaso<\/strong><\/p>\n<p>OSPITE: Moreno De Val<\/p>\n<audio class=\"wp-audio-shortcode\" id=\"audio-203308-14\" preload=\"none\" style=\"width: 100%;\" controls=\"controls\"><source type=\"audio\/mpeg\" src=\"https:\/\/www.radiopiu.net\/wordpress\/wp-content\/uploads\/2021\/04\/RASSEGNA-GIANNI-1.mp3?_=14\" \/><a href=\"https:\/\/www.radiopiu.net\/wordpress\/wp-content\/uploads\/2021\/04\/RASSEGNA-GIANNI-1.mp3\">https:\/\/www.radiopiu.net\/wordpress\/wp-content\/uploads\/2021\/04\/RASSEGNA-GIANNI-1.mp3<\/a><\/audio>\n<p>&nbsp;<\/p>\n<p><strong>LA RACCOLTA COMPLETA<\/strong><\/p>\n<blockquote class=\"wp-embedded-content\" data-secret=\"riR2T53GQz\"><p><a href=\"https:\/\/www.radiopiu.net\/wordpress\/rassegna-stampa-di-gianni-santomaso\/\">Rassegna stampa da l&#8217;amico del popolo &#8211; di Gianni Santomaso<\/a><\/p><\/blockquote>\n<p><iframe loading=\"lazy\" class=\"wp-embedded-content\" sandbox=\"allow-scripts\" security=\"restricted\" style=\"position: absolute; clip: rect(1px, 1px, 1px, 1px);\" title=\"&#8220;Rassegna stampa da l&#8217;amico del popolo &#8211; di Gianni Santomaso&#8221; &#8212; Radio Pi\u00f9\" src=\"https:\/\/www.radiopiu.net\/wordpress\/rassegna-stampa-di-gianni-santomaso\/embed\/#?secret=riR2T53GQz\" data-secret=\"riR2T53GQz\" width=\"600\" height=\"338\" frameborder=\"0\" marginwidth=\"0\" marginheight=\"0\" scrolling=\"no\"><\/iframe><\/p>\n<p>&nbsp;<\/p>\n<hr \/>\n<p>&nbsp;<\/p>\n<div>\n<h2><span style=\"color: #33cccc;\">I RACCONTI DI PAOLO SOPPELSA il lunedi alle 9.30 e 18.30<\/span><\/h2>\n<blockquote class=\"wp-embedded-content\" data-secret=\"2UQMaHGELk\"><p><a href=\"https:\/\/www.radiopiu.net\/wordpress\/i-racconti-di-paolo-soppelsa-settantesima-puntata\/\">I RACCONTI DI PAOLO SOPPELSA SETTANTESIMA PUNTATA<\/a><\/p><\/blockquote>\n<p><iframe loading=\"lazy\" class=\"wp-embedded-content\" sandbox=\"allow-scripts\" security=\"restricted\" style=\"position: absolute; clip: rect(1px, 1px, 1px, 1px);\" title=\"&#8220;I RACCONTI DI PAOLO SOPPELSA SETTANTESIMA PUNTATA&#8221; &#8212; Radio Pi\u00f9\" src=\"https:\/\/www.radiopiu.net\/wordpress\/i-racconti-di-paolo-soppelsa-settantesima-puntata\/embed\/#?secret=2UQMaHGELk\" data-secret=\"2UQMaHGELk\" width=\"600\" height=\"338\" frameborder=\"0\" marginwidth=\"0\" marginheight=\"0\" scrolling=\"no\"><\/iframe><\/p>\n<p><span style=\"color: #0000ff;\">INFORMAZIONE il canale su TELEGRAM informazione di prima mano e in tempo reale. iscriviti ed aiutaci a farlo conoscere\u00a0<\/span><\/p>\n<h2><span style=\"color: #33cccc;\"><strong>RACCOLTA COMPLETA<\/strong><\/span><\/h2>\n<blockquote class=\"wp-embedded-content\" data-secret=\"zrsnQWf6Y2\"><p><a href=\"https:\/\/www.radiopiu.net\/wordpress\/i-racconti-di-paolo-soppelsa\/\">I racconti di Paolo Soppelsa<\/a><\/p><\/blockquote>\n<p><iframe loading=\"lazy\" class=\"wp-embedded-content\" sandbox=\"allow-scripts\" security=\"restricted\" style=\"position: absolute; clip: rect(1px, 1px, 1px, 1px);\" title=\"&#8220;I racconti di Paolo Soppelsa&#8221; &#8212; Radio Pi\u00f9\" src=\"https:\/\/www.radiopiu.net\/wordpress\/i-racconti-di-paolo-soppelsa\/embed\/#?secret=zrsnQWf6Y2\" data-secret=\"zrsnQWf6Y2\" width=\"600\" height=\"338\" frameborder=\"0\" marginwidth=\"0\" marginheight=\"0\" scrolling=\"no\"><\/iframe><\/p>\n<\/div>\n<h2><span style=\"color: #ff0000;\">\u00a0\u00a0<\/span><\/h2>\n<hr \/>\n<div><\/div>\n<p>&nbsp;<\/p>\n<h2><strong><span style=\"color: #ff0000;\">\u00a0ALLA RADIO<\/span><\/strong><\/h2>\n<div data-offset-key=\"5n5nl-0-0\">\n<h3>Per ricevere gli aggiornamenti in tempo reale delle notizie pubblicate alla radio e sul sito di radio pi\u00f9 iscriviti al gruppo RADIO PIU INFORMAZIONE su Telegram.\u00a0\u00a0<a href=\"https:\/\/t.me\/radiopiu\">clicca qui<\/a><\/h3>\n<p>&nbsp;<\/p>\n<p><strong><a class=\"dt-pswp-item\" href=\"https:\/\/www.radiopiu.net\/wordpress\/wp-content\/uploads\/2020\/01\/logo-csa.jpg\" data-dt-img-description=\"\" data-large_image_width=\"1167\" data-large_image_height=\"574\"><img loading=\"lazy\" decoding=\"async\" class=\"wp-image-113364 alignleft\" src=\"https:\/\/www.radiopiu.net\/wordpress\/wp-content\/uploads\/2020\/01\/logo-csa-300x148.jpg\" alt=\"\" width=\"182\" height=\"90\" srcset=\"https:\/\/www.radiopiu.net\/wordpress\/wp-content\/uploads\/2020\/01\/logo-csa-300x148.jpg 300w, https:\/\/www.radiopiu.net\/wordpress\/wp-content\/uploads\/2020\/01\/logo-csa-1024x504.jpg 1024w, https:\/\/www.radiopiu.net\/wordpress\/wp-content\/uploads\/2020\/01\/logo-csa-768x378.jpg 768w, https:\/\/www.radiopiu.net\/wordpress\/wp-content\/uploads\/2020\/01\/logo-csa.jpg 1167w\" sizes=\"auto, (max-width: 182px) 100vw, 182px\" \/><\/a>AGORDO<\/strong> Appuntamento mensile (primo venerdi del mese) con lo speciale condotto da Claudio<\/p>\n<p>Fontanive, in studio Fabrizio Campedel e Paolo Chissal\u00e8.<\/p>\n<\/div>\n<p><strong>PUNTATA DI MARZO<\/strong><\/p>\n<audio class=\"wp-audio-shortcode\" id=\"audio-203308-15\" preload=\"none\" style=\"width: 100%;\" controls=\"controls\"><source type=\"audio\/mpeg\" src=\"https:\/\/www.radiopiu.net\/wordpress\/wp-content\/uploads\/2021\/03\/ca-sol-lux-marzo.mp3?_=15\" \/><a href=\"https:\/\/www.radiopiu.net\/wordpress\/wp-content\/uploads\/2021\/03\/ca-sol-lux-marzo.mp3\">https:\/\/www.radiopiu.net\/wordpress\/wp-content\/uploads\/2021\/03\/ca-sol-lux-marzo.mp3<\/a><\/audio>\n<blockquote>\n<h2>RACCOLTA COMPLETA<\/h2>\n<\/blockquote>\n<blockquote class=\"wp-embedded-content\" data-secret=\"SxeR3CYCym\"><p><a href=\"https:\/\/www.radiopiu.net\/wordpress\/cassa-solidarieta-luxottica-puntata-del-16-ottobre-2020\/\">CASSA SOLIDARIET\u00c0 LUXOTTICA &#8211; PUNTATA DEL 20 NOVEMBRE 2020<\/a><\/p><\/blockquote>\n<p><iframe loading=\"lazy\" class=\"wp-embedded-content\" sandbox=\"allow-scripts\" security=\"restricted\" style=\"position: absolute; clip: rect(1px, 1px, 1px, 1px);\" title=\"&#8220;CASSA SOLIDARIET\u00c0 LUXOTTICA &#8211; PUNTATA DEL 20 NOVEMBRE 2020&#8221; &#8212; Radio Pi\u00f9\" src=\"https:\/\/www.radiopiu.net\/wordpress\/cassa-solidarieta-luxottica-puntata-del-16-ottobre-2020\/embed\/#?secret=SxeR3CYCym\" data-secret=\"SxeR3CYCym\" width=\"600\" height=\"338\" frameborder=\"0\" marginwidth=\"0\" marginheight=\"0\" scrolling=\"no\"><\/iframe><\/p>\n<div><\/div>\n<p>&nbsp;<\/p>\n<p>&nbsp;<\/p>\n<p>&nbsp;<\/p>\n<hr \/>\n<blockquote>\n<h3><a href=\"https:\/\/www.radiopiu.net\/wordpress\/giornale-radiopiu-06-febbraio-2019-direttore-mirko-mezzacasa\/logo_spi-cgil-800x445\/\" rel=\"attachment wp-att-75538\"><img loading=\"lazy\" decoding=\"async\" class=\"wp-image-75538 alignleft\" src=\"https:\/\/www.radiopiu.net\/wordpress\/wp-content\/uploads\/2019\/02\/Logo_Spi-CGIL-800x445-300x167.jpg\" alt=\"\" width=\"210\" height=\"117\" srcset=\"https:\/\/www.radiopiu.net\/wordpress\/wp-content\/uploads\/2019\/02\/Logo_Spi-CGIL-800x445-300x167.jpg 300w, https:\/\/www.radiopiu.net\/wordpress\/wp-content\/uploads\/2019\/02\/Logo_Spi-CGIL-800x445-768x427.jpg 768w, https:\/\/www.radiopiu.net\/wordpress\/wp-content\/uploads\/2019\/02\/Logo_Spi-CGIL-800x445.jpg 800w\" sizes=\"auto, (max-width: 210px) 100vw, 210px\" \/><\/a>ALLA RADIO, APPUNTAMENTO QUINDICINALE CON SPI-CGIL BELLUNO, IN STUDIO MARIA RITA GENTILIN<\/h3>\n<\/blockquote>\n<p><strong>di Claudio Fontanive\u00a0<\/strong><\/p>\n<p><span style=\"color: #ff0000;\"><strong>PUNTATA DEL 18 MARZO 2021<\/strong><\/span><\/p>\n<audio class=\"wp-audio-shortcode\" id=\"audio-203308-16\" preload=\"none\" style=\"width: 100%;\" controls=\"controls\"><source type=\"audio\/mpeg\" src=\"https:\/\/www.radiopiu.net\/wordpress\/wp-content\/uploads\/2021\/03\/spi-cigl-18-marzo.mp3?_=16\" \/><a href=\"https:\/\/www.radiopiu.net\/wordpress\/wp-content\/uploads\/2021\/03\/spi-cigl-18-marzo.mp3\">https:\/\/www.radiopiu.net\/wordpress\/wp-content\/uploads\/2021\/03\/spi-cigl-18-marzo.mp3<\/a><\/audio>\n<p>&nbsp;<\/p>\n<p>&nbsp;<\/p>\n<hr \/>\n<blockquote>\n<h3><\/h3>\n<h3>IO NE HO VISTE COSE CHE VOI NON POTRESTE IMMAGINARVI<\/h3>\n<\/blockquote>\n<p>Un programma di Claudio Pra, dal lunedi al venerdi \u00a0alle 8.45 ed in replica alle 19.45.<\/p>\n<p>&nbsp;<\/p>\n<p><a href=\"https:\/\/www.radiopiu.net\/wordpress\/giornale-radiopiu-14-aprile-2021-direttore-mirko-mezzacasa\/6cf8afe6-a49a-4cc1-9449-091af2c8b69e\/\" rel=\"attachment wp-att-203317\"><img loading=\"lazy\" decoding=\"async\" class=\"wp-image-203317 alignleft\" src=\"https:\/\/www.radiopiu.net\/wordpress\/wp-content\/uploads\/2021\/04\/6cf8afe6-a49a-4cc1-9449-091af2c8b69e-300x169.jpg\" alt=\"\" width=\"137\" height=\"77\" srcset=\"https:\/\/www.radiopiu.net\/wordpress\/wp-content\/uploads\/2021\/04\/6cf8afe6-a49a-4cc1-9449-091af2c8b69e-300x169.jpg 300w, https:\/\/www.radiopiu.net\/wordpress\/wp-content\/uploads\/2021\/04\/6cf8afe6-a49a-4cc1-9449-091af2c8b69e-1024x576.jpg 1024w, https:\/\/www.radiopiu.net\/wordpress\/wp-content\/uploads\/2021\/04\/6cf8afe6-a49a-4cc1-9449-091af2c8b69e-768x432.jpg 768w, https:\/\/www.radiopiu.net\/wordpress\/wp-content\/uploads\/2021\/04\/6cf8afe6-a49a-4cc1-9449-091af2c8b69e-1536x864.jpg 1536w, https:\/\/www.radiopiu.net\/wordpress\/wp-content\/uploads\/2021\/04\/6cf8afe6-a49a-4cc1-9449-091af2c8b69e-2048x1152.jpg 2048w\" sizes=\"auto, (max-width: 137px) 100vw, 137px\" \/><\/a><strong>PUNTATA 18 La luna nel cuore<\/strong><\/p>\n<audio class=\"wp-audio-shortcode\" id=\"audio-203308-17\" preload=\"none\" style=\"width: 100%;\" controls=\"controls\"><source type=\"audio\/mpeg\" src=\"https:\/\/www.radiopiu.net\/wordpress\/wp-content\/uploads\/2021\/04\/18-claudio-mercoledi.mp3?_=17\" \/><a href=\"https:\/\/www.radiopiu.net\/wordpress\/wp-content\/uploads\/2021\/04\/18-claudio-mercoledi.mp3\">https:\/\/www.radiopiu.net\/wordpress\/wp-content\/uploads\/2021\/04\/18-claudio-mercoledi.mp3<\/a><\/audio>\n<p>&nbsp;<\/p>\n<h2><span style=\"color: #000000;\"><strong>LA RACCOLTA COMPLETA<\/strong><\/span><\/h2>\n<audio class=\"wp-audio-shortcode\" id=\"audio-203308-18\" preload=\"none\" style=\"width: 100%;\" controls=\"controls\"><source type=\"audio\/mpeg\" src=\"https:\/\/www.radiopiu.net\/wordpress\/wp-content\/uploads\/2021\/04\/18-claudio-mercoledi.mp3?_=18\" \/><a href=\"https:\/\/www.radiopiu.net\/wordpress\/wp-content\/uploads\/2021\/04\/18-claudio-mercoledi.mp3\">https:\/\/www.radiopiu.net\/wordpress\/wp-content\/uploads\/2021\/04\/18-claudio-mercoledi.mp3<\/a><\/audio>\n<p>https:\/\/www.radiopiu.net\/wordpress\/programma2\/<\/p>\n<p>&nbsp;<\/p>\n<hr \/>\n<p>&nbsp;<\/p>\n<h2><\/h2>\n<h2><span style=\"color: #808000;\">DUE MINUTI UN LIBRO\u00a0 TUTTI I GIORNI ALLA RADIO ALLE 9.30 E ALLE 18. QUINTA STAGIONE\u00a0 \u00a0<\/span><\/h2>\n<blockquote class=\"wp-embedded-content\" data-secret=\"S6j7j0UWx6\"><p><a href=\"https:\/\/www.radiopiu.net\/wordpress\/il-sogno-della-macchina-da-cucire\/\">IL SOGNO DELLA MACCHINA DA CUCIRE<\/a><\/p><\/blockquote>\n<p><iframe loading=\"lazy\" class=\"wp-embedded-content\" sandbox=\"allow-scripts\" security=\"restricted\" style=\"position: absolute; clip: rect(1px, 1px, 1px, 1px);\" title=\"&#8220;IL SOGNO DELLA MACCHINA DA CUCIRE&#8221; &#8212; Radio Pi\u00f9\" src=\"https:\/\/www.radiopiu.net\/wordpress\/il-sogno-della-macchina-da-cucire\/embed\/#?secret=S6j7j0UWx6\" data-secret=\"S6j7j0UWx6\" width=\"600\" height=\"338\" frameborder=\"0\" marginwidth=\"0\" marginheight=\"0\" scrolling=\"no\"><\/iframe><\/p>\n<h3><span style=\"color: #808000;\">\u00a0<\/span>LA RACCOLTA COMPLETA<\/h3>\n<blockquote class=\"wp-embedded-content\" data-secret=\"oARVepXYVy\"><p><a href=\"https:\/\/www.radiopiu.net\/wordpress\/due-minuti-un-libro\/\">Due minuti un libro<\/a><\/p><\/blockquote>\n<p><iframe loading=\"lazy\" class=\"wp-embedded-content\" sandbox=\"allow-scripts\" security=\"restricted\" style=\"position: absolute; clip: rect(1px, 1px, 1px, 1px);\" title=\"&#8220;Due minuti un libro&#8221; &#8212; Radio Pi\u00f9\" src=\"https:\/\/www.radiopiu.net\/wordpress\/due-minuti-un-libro\/embed\/#?secret=oARVepXYVy\" data-secret=\"oARVepXYVy\" width=\"600\" height=\"338\" frameborder=\"0\" marginwidth=\"0\" marginheight=\"0\" scrolling=\"no\"><\/iframe><\/p>\n<p>&nbsp;<\/p>\n<p>&nbsp;<\/p>\n<p>&nbsp;<\/p>\n<hr \/>\n<p>&nbsp;<\/p>\n<p>&nbsp;<\/p>\n<h1><span style=\"color: #ff0000;\"><strong>IN VIVO VERSO 2020-21<\/strong><\/span><\/h1>\n<blockquote><p><span style=\"color: #ff0000;\"><strong>IN ONDA DAL LUNEDI AL VENERDI ALLE 7.10, 10.10, 18.50\u00a0 \u00a0<\/strong><\/span><\/p><\/blockquote>\n<blockquote class=\"wp-embedded-content\" data-secret=\"qeMJmh6imL\"><p><a href=\"https:\/\/www.radiopiu.net\/wordpress\/mica-facile-l-azzurro-di-alessandra-servi\/\">MICA FACILE L&#8217; AZZURRO di ALESSANDRA SERVI<\/a><\/p><\/blockquote>\n<p><iframe loading=\"lazy\" class=\"wp-embedded-content\" sandbox=\"allow-scripts\" security=\"restricted\" style=\"position: absolute; clip: rect(1px, 1px, 1px, 1px);\" title=\"&#8220;MICA FACILE L&#8217; AZZURRO di ALESSANDRA SERVI&#8221; &#8212; Radio Pi\u00f9\" src=\"https:\/\/www.radiopiu.net\/wordpress\/mica-facile-l-azzurro-di-alessandra-servi\/embed\/#?secret=qeMJmh6imL\" data-secret=\"qeMJmh6imL\" width=\"600\" height=\"338\" frameborder=\"0\" marginwidth=\"0\" marginheight=\"0\" scrolling=\"no\"><\/iframe><\/p>\n<p><strong>LA RACCOLTA COMPLETA<\/strong><\/p>\n<blockquote class=\"wp-embedded-content\" data-secret=\"6DTe1HaOIN\"><p><a href=\"https:\/\/www.radiopiu.net\/wordpress\/in-vivo-verso\/\">In Vivo Verso<\/a><\/p><\/blockquote>\n<p><iframe loading=\"lazy\" class=\"wp-embedded-content\" sandbox=\"allow-scripts\" security=\"restricted\" style=\"position: absolute; clip: rect(1px, 1px, 1px, 1px);\" title=\"&#8220;In Vivo Verso&#8221; &#8212; Radio Pi\u00f9\" src=\"https:\/\/www.radiopiu.net\/wordpress\/in-vivo-verso\/embed\/#?secret=6DTe1HaOIN\" data-secret=\"6DTe1HaOIN\" width=\"600\" height=\"338\" frameborder=\"0\" marginwidth=\"0\" marginheight=\"0\" scrolling=\"no\"><\/iframe><\/p>\n<hr \/>\n<p>&nbsp;<\/p>\n<p>&nbsp;<\/p>\n<h2><span style=\"color: #ff0000;\"><a href=\"https:\/\/www.radiopiu.net\/wordpress\/giornale-radiopiu-05-gennaio-2021-direttore-mirko-mezzacasa\/133200401_100838761953611_1258544160541445132_o-2\/\" rel=\"attachment wp-att-183078\"><img loading=\"lazy\" decoding=\"async\" class=\" wp-image-183078 alignleft\" src=\"https:\/\/www.radiopiu.net\/wordpress\/wp-content\/uploads\/2021\/01\/133200401_100838761953611_1258544160541445132_o-1-300x157.jpg\" alt=\"\" width=\"192\" height=\"101\" srcset=\"https:\/\/www.radiopiu.net\/wordpress\/wp-content\/uploads\/2021\/01\/133200401_100838761953611_1258544160541445132_o-1-300x157.jpg 300w, https:\/\/www.radiopiu.net\/wordpress\/wp-content\/uploads\/2021\/01\/133200401_100838761953611_1258544160541445132_o-1.jpg 526w\" sizes=\"auto, (max-width: 192px) 100vw, 192px\" \/><\/a>GOCCE DI FILOSOFIA, CON CHIARA CAU, CON LISA DE LUCA. <\/span><\/h2>\n<h2><span style=\"color: #ff0000;\">TUTTI I GIORNI DAL LUNEDI AL VENERDI ALLE 6.55 E ALLE 18.55<\/span><\/h2>\n<p><strong>PUNTATA 73<\/strong><\/p>\n<audio class=\"wp-audio-shortcode\" id=\"audio-203308-19\" preload=\"none\" style=\"width: 100%;\" controls=\"controls\"><source type=\"audio\/mpeg\" src=\"https:\/\/www.radiopiu.net\/wordpress\/wp-content\/uploads\/2021\/04\/FI3-1.mp3?_=19\" \/><a href=\"https:\/\/www.radiopiu.net\/wordpress\/wp-content\/uploads\/2021\/04\/FI3-1.mp3\">https:\/\/www.radiopiu.net\/wordpress\/wp-content\/uploads\/2021\/04\/FI3-1.mp3<\/a><\/audio>\n<p>&nbsp;<\/p>\n<h3>LA RACCOLTA COMPLETA<\/h3>\n<blockquote class=\"wp-embedded-content\" data-secret=\"YoVXv18ocE\"><p><a href=\"https:\/\/www.radiopiu.net\/wordpress\/gocce-filosofia\/\">Gocce di filosofia<\/a><\/p><\/blockquote>\n<p><iframe loading=\"lazy\" class=\"wp-embedded-content\" sandbox=\"allow-scripts\" security=\"restricted\" style=\"position: absolute; clip: rect(1px, 1px, 1px, 1px);\" title=\"&#8220;Gocce di filosofia&#8221; &#8212; Radio Pi\u00f9\" src=\"https:\/\/www.radiopiu.net\/wordpress\/gocce-filosofia\/embed\/#?secret=YoVXv18ocE\" data-secret=\"YoVXv18ocE\" width=\"600\" height=\"338\" frameborder=\"0\" marginwidth=\"0\" marginheight=\"0\" scrolling=\"no\"><\/iframe><\/p>\n<p>&nbsp;<\/p>\n<hr \/>\n<p>&nbsp;<\/p>\n<p>&nbsp;<\/p>\n<blockquote>\n<h3><a href=\"https:\/\/www.radiopiu.net\/wordpress\/almanacco-ladino-puntata-5-2020\/sn\/\" rel=\"attachment wp-att-180931\"><img loading=\"lazy\" decoding=\"async\" class=\"wp-image-180931 alignleft\" src=\"https:\/\/www.radiopiu.net\/wordpress\/wp-content\/uploads\/2020\/12\/sn-300x194.jpg\" alt=\"\" width=\"181\" height=\"117\" srcset=\"https:\/\/www.radiopiu.net\/wordpress\/wp-content\/uploads\/2020\/12\/sn-300x194.jpg 300w, https:\/\/www.radiopiu.net\/wordpress\/wp-content\/uploads\/2020\/12\/sn.jpg 626w\" sizes=\"auto, (max-width: 181px) 100vw, 181px\" \/><\/a>L&#8217;ALMANACCO LADINO CON L&#8217;ISTITUT CESA DE JAN QUINDICINALE APPUNTAMENTO. LA DOMENICA ALLE 9 IL LUNEDI ALLE 8.35 IL MARTEDI ALLE 12.35 IL MERCOLEDI ALLE 18.35. SECONDA STAGIONE.<\/h3>\n<\/blockquote>\n<p><strong>PUNTATA DEL 12 APRILE 2021<\/strong><\/p>\n<audio class=\"wp-audio-shortcode\" id=\"audio-203308-20\" preload=\"none\" style=\"width: 100%;\" controls=\"controls\"><source type=\"audio\/mpeg\" src=\"https:\/\/www.radiopiu.net\/wordpress\/wp-content\/uploads\/2021\/04\/56\u00b0Almanacco_fodom.mp3?_=20\" \/><a href=\"https:\/\/www.radiopiu.net\/wordpress\/wp-content\/uploads\/2021\/04\/56\u00b0Almanacco_fodom.mp3\">https:\/\/www.radiopiu.net\/wordpress\/wp-content\/uploads\/2021\/04\/56\u00b0Almanacco_fodom.mp3<\/a><\/audio>\n<p><strong>RACCOLTA COMPLETA\u00a0<\/strong><\/p>\n<blockquote class=\"wp-embedded-content\" data-secret=\"oDbQQ4DqUi\"><p><a href=\"https:\/\/www.radiopiu.net\/wordpress\/almanacco-ladino\/\">Almanacco Ladino<\/a><\/p><\/blockquote>\n<p><iframe loading=\"lazy\" class=\"wp-embedded-content\" sandbox=\"allow-scripts\" security=\"restricted\" style=\"position: absolute; clip: rect(1px, 1px, 1px, 1px);\" title=\"&#8220;Almanacco Ladino&#8221; &#8212; Radio Pi\u00f9\" src=\"https:\/\/www.radiopiu.net\/wordpress\/almanacco-ladino\/embed\/#?secret=oDbQQ4DqUi\" data-secret=\"oDbQQ4DqUi\" width=\"600\" height=\"338\" frameborder=\"0\" marginwidth=\"0\" marginheight=\"0\" scrolling=\"no\"><\/iframe><\/p>\n<div dir=\"auto\">\n<hr \/>\n<p>&nbsp;<\/p>\n<blockquote>\n<h3>SALUTE E SOCIETA&#8217; IL LUNEDI ALLE 13.10 E ALLE 20.10, LA DOMENICA ALLE 10.30 A CURA DEL DOTTOR MARCO CARACCIOLO. QUINTA STAGIONE<\/h3>\n<\/blockquote>\n<p><strong>LA PUNTATA DELLA SETTIMANA del 12 aprile\u00a0<\/strong><\/p>\n<p><a href=\"https:\/\/www.radiopiu.net\/wordpress\/giornale-radiopiu-13-aprile-2021-direttore-mirko-mezzacasa\/5308b0a1-530d-4c8d-a493-2a80a955825d\/\" rel=\"attachment wp-att-202904\"><img loading=\"lazy\" decoding=\"async\" class=\"size-medium wp-image-202904 alignleft\" src=\"https:\/\/www.radiopiu.net\/wordpress\/wp-content\/uploads\/2021\/04\/5308b0a1-530d-4c8d-a493-2a80a955825d-300x169.png\" alt=\"\" width=\"300\" height=\"169\" srcset=\"https:\/\/www.radiopiu.net\/wordpress\/wp-content\/uploads\/2021\/04\/5308b0a1-530d-4c8d-a493-2a80a955825d-300x169.png 300w, https:\/\/www.radiopiu.net\/wordpress\/wp-content\/uploads\/2021\/04\/5308b0a1-530d-4c8d-a493-2a80a955825d-1024x576.png 1024w, https:\/\/www.radiopiu.net\/wordpress\/wp-content\/uploads\/2021\/04\/5308b0a1-530d-4c8d-a493-2a80a955825d-768x432.png 768w, https:\/\/www.radiopiu.net\/wordpress\/wp-content\/uploads\/2021\/04\/5308b0a1-530d-4c8d-a493-2a80a955825d.png 1280w\" sizes=\"auto, (max-width: 300px) 100vw, 300px\" \/><\/a>Da qualche mese stiamo assistendo a una importante presenza di varianti del virus SarsCov2 responsabile della malattia Covid-19. Come si curano questi pazienti? Si utilizzano gli stessi farmaci della forma virale originaria? Ne parliamo con la prof.ssa<br \/>\nDaniela Francisci, Direttore della Clinica di Malattie Infettive presso Azienda Ospedaliera \u201cS. Maria\u201d di Terni e Professore Associato di Malattie Infettive presso l\u2019Universit\u00e0 degli Studi di Perugia. Sono sempre di pi\u00f9 i pazienti che utilizzano l\u2019app \u201cIl mio medico in rete\u201d, progetto realizzato con il contributo non condizionato di Lusofarmaco e in grado di connettere nel modo pi\u00f9 semplice e veloce il paziente con il medico curante, facilitando le comunicazioni via chat e la condivisione dei dati sull\u2019andamento delle condizioni di salute del paziente. Ida Roversi, Managing director di Med Stage<\/p>\n<audio class=\"wp-audio-shortcode\" id=\"audio-203308-21\" preload=\"none\" style=\"width: 100%;\" controls=\"controls\"><source type=\"audio\/mpeg\" src=\"https:\/\/www.radiopiu.net\/wordpress\/wp-content\/uploads\/2021\/04\/SALUTE-1.mp3?_=21\" \/><a href=\"https:\/\/www.radiopiu.net\/wordpress\/wp-content\/uploads\/2021\/04\/SALUTE-1.mp3\">https:\/\/www.radiopiu.net\/wordpress\/wp-content\/uploads\/2021\/04\/SALUTE-1.mp3<\/a><\/audio>\n<h3><strong>LA RACCOLTA COMPLETA\u00a0<\/strong><\/h3>\n<\/div>\n<blockquote class=\"wp-embedded-content\" data-secret=\"kberXnksm4\"><p><a href=\"https:\/\/www.radiopiu.net\/wordpress\/saluteesocieta\/\">Salute e Societ\u00e0<\/a><\/p><\/blockquote>\n<p><iframe loading=\"lazy\" class=\"wp-embedded-content\" sandbox=\"allow-scripts\" security=\"restricted\" style=\"position: absolute; clip: rect(1px, 1px, 1px, 1px);\" title=\"&#8220;Salute e Societ\u00e0&#8221; &#8212; Radio Pi\u00f9\" src=\"https:\/\/www.radiopiu.net\/wordpress\/saluteesocieta\/embed\/#?secret=kberXnksm4\" data-secret=\"kberXnksm4\" width=\"600\" height=\"338\" frameborder=\"0\" marginwidth=\"0\" marginheight=\"0\" scrolling=\"no\"><\/iframe><\/p>\n<p>&nbsp;<\/p>\n<hr \/>\n<p>&nbsp;<\/p>\n<blockquote>\n<h3 class=\"kvgmc6g5 cxmmr5t8 oygrvhab hcukyx3x c1et5uql\"><span style=\"color: #0000ff;\">INFORMAZIONE il canale su TELEGRAM informazione di prima mano e in tempo reale. iscriviti ed aiutaci a farlo conoscere\u00a0<\/span><\/h3>\n<\/blockquote>\n<h2><img loading=\"lazy\" decoding=\"async\" class=\"alignleft\" src=\"https:\/\/www.radiopiu.net\/wordpress\/wp-content\/uploads\/2021\/03\/narr.jpg\" width=\"158\" height=\"105\" \/>007 IN CONDOTTA CON LA PROF. MARIA ROSA SALMAZO IL LUNEDI ALLE 10,30 E ALLE 19.00 LA DOMENICA ALLE 8 DEL MATTINO. NONA STAGIONE<\/h2>\n<p><span style=\"color: #ff0000;\"><strong>PUNTATA DEL 12 APRILE 2021<\/strong><\/span><\/p>\n<audio class=\"wp-audio-shortcode\" id=\"audio-203308-22\" preload=\"none\" style=\"width: 100%;\" controls=\"controls\"><source type=\"audio\/mpeg\" src=\"https:\/\/www.radiopiu.net\/wordpress\/wp-content\/uploads\/2021\/04\/007-condotta-11-aprile.mp3?_=22\" \/><a href=\"https:\/\/www.radiopiu.net\/wordpress\/wp-content\/uploads\/2021\/04\/007-condotta-11-aprile.mp3\">https:\/\/www.radiopiu.net\/wordpress\/wp-content\/uploads\/2021\/04\/007-condotta-11-aprile.mp3<\/a><\/audio>\n<p>&nbsp;<\/p>\n<h2>LA RACCOLTA COMPLETA<\/h2>\n<blockquote class=\"wp-embedded-content\" data-secret=\"P86FyJk8kt\"><p><a href=\"https:\/\/www.radiopiu.net\/wordpress\/007incondotta-9\/\">007 in condotta<\/a><\/p><\/blockquote>\n<p><iframe loading=\"lazy\" class=\"wp-embedded-content\" sandbox=\"allow-scripts\" security=\"restricted\" style=\"position: absolute; clip: rect(1px, 1px, 1px, 1px);\" title=\"&#8220;007 in condotta&#8221; &#8212; Radio Pi\u00f9\" src=\"https:\/\/www.radiopiu.net\/wordpress\/007incondotta-9\/embed\/#?secret=P86FyJk8kt\" data-secret=\"P86FyJk8kt\" width=\"600\" height=\"338\" frameborder=\"0\" marginwidth=\"0\" marginheight=\"0\" scrolling=\"no\"><\/iframe><\/p>\n<blockquote><p>&nbsp;<\/p><\/blockquote>\n<p>&nbsp;<\/p>\n<p>&nbsp;<\/p>\n<hr \/>\n<h2><span style=\"color: #ff0000;\">\u00a0<\/span><\/h2>\n<p><iframe loading=\"lazy\" title=\"EPCENTER TECNOLOGIA PER LE RSA_SECONDA PARTE\" width=\"1200\" height=\"675\" src=\"https:\/\/www.youtube.com\/embed\/YfVTUOkcmCY?start=2&#038;feature=oembed\" frameborder=\"0\" allow=\"accelerometer; autoplay; clipboard-write; encrypted-media; gyroscope; picture-in-picture\" allowfullscreen><\/iframe><\/p>\n<p>&nbsp;<\/p>\n<h1 style=\"text-align: center;\"><span style=\"color: #0000ff;\"><strong><a style=\"color: #0000ff;\" href=\"https:\/\/hermescomms.pontiradiopr.it\/radio-piu-intervista-francesco-zillio-di-epcenter-nostro-nuovo-partner\/\">NOVITA&#8217; EPCENTER CLICCA QUI<\/a><\/strong><\/span><\/h1>\n<h3><strong>LA RACCOLTA COMPLETA\u00a0<\/strong><\/h3>\n<blockquote class=\"wp-embedded-content\" data-secret=\"prp3Fl8RZo\"><p><a href=\"https:\/\/www.radiopiu.net\/wordpress\/ep-center-video-gallery\/\">EP CENTER video gallery<\/a><\/p><\/blockquote>\n<p><iframe loading=\"lazy\" class=\"wp-embedded-content\" sandbox=\"allow-scripts\" security=\"restricted\" style=\"position: absolute; clip: rect(1px, 1px, 1px, 1px);\" title=\"&#8220;EP CENTER video gallery&#8221; &#8212; Radio Pi\u00f9\" src=\"https:\/\/www.radiopiu.net\/wordpress\/ep-center-video-gallery\/embed\/#?secret=prp3Fl8RZo\" data-secret=\"prp3Fl8RZo\" width=\"600\" height=\"338\" frameborder=\"0\" marginwidth=\"0\" marginheight=\"0\" scrolling=\"no\"><\/iframe><\/p>\n<div>\u200b<\/div>\n<p>\u200b<\/p>\n<p>&nbsp;<\/p>\n<div dir=\"auto\">\n<div>\n<p>&nbsp;<\/p>\n<\/div>\n<\/div>\n<div dir=\"auto\">\n<hr \/>\n<p>&nbsp;<\/p>\n<div>\n<p class=\"photoswipe-wrapper\"><a class=\"dt-pswp-item pspw-wrap-ready\" href=\"https:\/\/i0.wp.com\/www.radiopiu.net\/wordpress\/wp-content\/uploads\/2018\/09\/viabilita.jpeg?ssl=1\" data-dt-img-description=\"\" data-large_image_width=\"800\" data-large_image_height=\"100\"><img loading=\"lazy\" decoding=\"async\" class=\"aligncenter wp-image-61954 size-full\" src=\"https:\/\/i0.wp.com\/www.radiopiu.net\/wordpress\/wp-content\/uploads\/2018\/09\/viabilita.jpeg?resize=800%2C100&amp;ssl=1\" sizes=\"auto, (max-width: 800px) 100vw, 800px\" srcset=\"https:\/\/i0.wp.com\/www.radiopiu.net\/wordpress\/wp-content\/uploads\/2018\/09\/viabilita.jpeg?w=800&amp;ssl=1 800w, https:\/\/i0.wp.com\/www.radiopiu.net\/wordpress\/wp-content\/uploads\/2018\/09\/viabilita.jpeg?resize=300%2C38&amp;ssl=1 300w, https:\/\/i0.wp.com\/www.radiopiu.net\/wordpress\/wp-content\/uploads\/2018\/09\/viabilita.jpeg?resize=768%2C96&amp;ssl=1 768w\" alt=\"\" width=\"800\" height=\"100\" \/><\/a><\/p>\n<\/div>\n<\/div>\n<p><strong>\u00a0\u00a0<\/strong><\/p>\n<p><strong>SP 1 BIS MADONNA DEL PIAVE<\/strong> Fino al 16 aprile senso unico alternato regolato da impianto semaforico in comune di Quero Vas per posa cavidotto E-Distribuzione<\/p>\n<p><strong>SP 10 DI ALANO<\/strong> nei giorni 15 e 16 aprile senso unico alternato regolato da impianto semaforico in localit\u00e0 Cuniol di Alano di Piave per adeguamento degli scarichi delle acque di dilavamento nel piazzale dell&#8217;ecocentro<\/p>\n<p><strong>SR 48 DELLE DOLOMITI <\/strong>In localit\u00e0 Salesei di Sopra dal 15 al 30 aprile senso unico dalle 8 alle 17.30 per esbosco.<\/p>\n<p><strong>SR 203 AGORDINA<\/strong> tra Colle Santa Lucia e Livinallongo dal 15 al 30 aprile senso unico per messa in sicurezza della strada<\/p>\n<p><strong>SR 48 DELLE DOLOMITI<\/strong>\u00a0 Venerdi a Passo Falzarego, dalle 10 alle 13.30 senso unico regolato da movieri per riprese televisive<\/p>\n<p><strong>SP 346 SAN PELLEGRINO<\/strong> In localit\u00e0 La Mora dal 13 aprile al 28 maggio senso unico alternato<\/p>\n<p><strong>SP 346 PASSO SAN PELLEGRINO<\/strong> fino al 28 maggio, compresi sabato domenica e festivi, senso unico alternato regolato da semaforo in localit\u00e0 La Mora di canale D&#8217;Agordo per messa in sicurezza della strada<\/p>\n<p><strong>SR 48 DELLE DOLOMITI\u00a0<\/strong>nel giorno 16 aprile dalle 10 alle 13:30 senso unico alternato regolato da moviere a Passo Falzarego per riprese televisive<\/p>\n<p><strong>SR 203 AGORDINA<\/strong> dal 15 al 30 aprile, sabato e domenica compresi, senso unico alternato regolato da semaforo tra Colle Santa Lucia e Livinallongo per messa in sicurezza della strada<\/p>\n<p><strong>SR 203 AGORDINA<\/strong> LISTOLADE Fino al 23 aprile senso unico semaforico, festivi e pre festivi esclusi<\/p>\n<p><strong>SP 3 VALLE IMPERINA GONA DI CONEDERA<\/strong>\u00a0 fino al 28 aprile Senso unico con semaforo, compresi sabato e domenica<\/p>\n<p><strong>SP 346 SAN PELLEGRINO<\/strong> CANALE D&#8217;AGORDO-VALLADA: senso unico fino al 15 maggio compresi festivi e prefestivi<\/p>\n<p class=\"p1\"><strong>SP 10 DI ALANO<\/strong> LOC. LE SORGENTI interruzione totale alla viabilit\u00e0 fino al 19 maggio, dalle 8 alle 12 e dalle 13 alle 18, esclusi sabato e domenica<\/p>\n<p class=\"p1\"><strong>SR 203 AGORDINA<\/strong> LOCALITA BATTAIA -COLLE SANTA LUCIA fino al 15 maggio (festivi e prefestivi compresi) senso unico alternato<\/p>\n<p><strong>SR 203 AGORDINA<\/strong> dal 12 al 16 aprile in localit\u00e0 Peron di Sedico, senso unico alternato regolato da impianto semaforico per posa tubazione idrica<\/p>\n<p><strong>SP 347 DEL PASSO CEREDA E DURAN\u00a0<\/strong>in comune di Voltago, dal 6 al 16 aprile escluso sabato e domenica, senso unico alternato regolato da impianto semaforico per realizzazione tombinature<\/p>\n<p><strong>SP 148 CADORNA\u00a0<\/strong>in comune di Fonzaso, Dal 12 al 30 aprile senso unico alternato regolato da impianto semaforico e possibili interruzioni di massimo 30 minuti, compresi sabato, domenica e festivi per messa in sicurezza della strada<\/p>\n<p><strong>SP 473 DI CROCE D&#8217;AUNE<\/strong> fino al 30 aprile in comune di Pedavena, sabato e domenica esclusi, senso unico alternato regolato da semaforo o movieri dalle 8 alle 18 per taglio piante<\/p>\n<p><strong>SP 12 PEDEMONTANA<\/strong> dal 6 aprile al 7 maggio, sabato e domenica compresi, senso unico alternato regolato da semaforo in localit\u00e0 Salgarda in comune di Feltre per posa condotta smaltimento acque meteoriche<\/p>\n<p><strong>SR 203 AGORDINA <\/strong>senso unico alternato regolato da\u00a0 movieri per tratti di 300 metri in localit\u00e0 La Stanga dal 12 al 30 aprile dalle 8 alle 12 e dalle 13 alle 18 per lavori di ripristino del manto d&#8217;usura<\/p>\n<p><strong>SP 473 CROCE<\/strong> <strong>D&#8217;AUNE<\/strong> Dalle 8 alle 18, dal 23 marzo al 30 aprile compresi sabato domenica e festivi, senso unico alternato regolato da impianto semaforico in comune di Sovramonte per sostituzione barriere di sicurezza<\/p>\n<div dir=\"auto\">\n<p><strong>SR 48 DELLE DOLOMITI\u00a0<\/strong>Dal 22 marzo al 30 aprile, dalle 7 alle 18 esclusi sabato domenica e festivi, interruzioni alla viabilit\u00e0 della durata massima di 20 minuti e senso unico alternato regolato da impianto semaforico per messa in sicurezza del versante a monte della strada in comune di Livinallongo<\/p>\n<p><strong>SP 473 CROCE D&#8217;AUNE<\/strong> dal 18 marzo al 15 aprile interdizione totale al traffico in localit\u00e0 Pedavena per ristrutturazione fabbricato. Traffico deviato su Via Trento<\/p>\n<p><strong>SP 473 CROCE D&#8217;AUNE\u00a0<\/strong> dal 18 marzo al 16 aprile, in localit\u00e0 Sarzen, interdizione totale alla viabilit\u00e0 ad eccezione di domeniche e festivi infrasettimanali per lavori di posa canalizzazioni per conto di E-Distribuzione. Transito consentito solo a mezzi pubblici, scolastici e di soccorso<\/p>\n<p><strong>203 AGORDINA LIVINALLONGO <\/strong>dal 15 marzo per un mese (inclusi festivi e prefestivi) senso unico in localit\u00e0 Ponte Pignazza<\/p>\n<p><strong>SP 251 DELLA VAL DI ZOLDO E CELLINA<\/strong> Istituzione di senso unico alternato regolato da semaforo nel comune di Val di Zoldo per messa in sicurezza della strada<\/p>\n<p><strong>SP 42 CAVALLERA<\/strong> fino a revoca, chiusura della strada nell&#8217;abitato di Perarolo per attivazione emergenza frana &#8220;Busa del Cristo&#8221;<\/p>\n<p><strong>S.P.2 DELLA VALLE DEL MIS\u00a0<\/strong>Interdizione totale al traffico fino a revoca dal km 14,920 (localit\u00e0 Gona Bassa) al km 20,650 (localit\u00e0 Titele) per cedimento della carreggiata<\/p>\n<p><strong>S.P. 5 DI LAMOSANO<\/strong>\u00a0Interdizione totale fino a revoca per presenza di materiale e alberi in strada.<\/p>\n<p><strong>SP 3 DELLA VAL IMPERINA<\/strong> fino a revoca, senso unico alternato regolato a vista in localit\u00e0 Gona di Conedera di Rivamonte per cedimento della carreggiata stradale<\/p>\n<\/div>\n<p><b>\u00a0<\/b><\/p>\n<p>&nbsp;<\/p>\n<div dir=\"auto\">\n<hr \/>\n<p>&nbsp;<\/p>\n<div>\n<p class=\"photoswipe-wrapper\"><a class=\"dt-pswp-item pspw-wrap-ready\" href=\"https:\/\/i0.wp.com\/www.radiopiu.net\/wordpress\/wp-content\/uploads\/2018\/09\/WhatsApp-Image-2018-09-20-at-16.04.06.jpeg?ssl=1\" data-dt-img-description=\"\" data-large_image_width=\"800\" data-large_image_height=\"100\"><img loading=\"lazy\" decoding=\"async\" class=\"aligncenter wp-image-61378 size-full jetpack-lazy-image jetpack-lazy-image--handled\" src=\"https:\/\/i0.wp.com\/www.radiopiu.net\/wordpress\/wp-content\/uploads\/2018\/09\/WhatsApp-Image-2018-09-20-at-16.04.06.jpeg?resize=800%2C100&amp;ssl=1\" sizes=\"auto, (max-width: 800px) 100vw, 800px\" srcset=\"https:\/\/i0.wp.com\/www.radiopiu.net\/wordpress\/wp-content\/uploads\/2018\/09\/WhatsApp-Image-2018-09-20-at-16.04.06.jpeg?w=800&amp;ssl=1 800w, https:\/\/i0.wp.com\/www.radiopiu.net\/wordpress\/wp-content\/uploads\/2018\/09\/WhatsApp-Image-2018-09-20-at-16.04.06.jpeg?resize=300%2C38&amp;ssl=1 300w, https:\/\/i0.wp.com\/www.radiopiu.net\/wordpress\/wp-content\/uploads\/2018\/09\/WhatsApp-Image-2018-09-20-at-16.04.06.jpeg?resize=768%2C96&amp;ssl=1 768w\" alt=\"\" width=\"800\" height=\"100\" data-lazy-loaded=\"1\" \/><\/a><\/p>\n<\/div>\n<p>&nbsp;<\/p>\n<\/div>\n<p><center><b>Giovedi 15<\/b><\/center><b>Tempo atteso: <\/b>Cielo molto nuvoloso\/coperto tra la notte e il primo pomeriggio, associato a debole pioggia o neve. Al pomeriggio attenuazione della nuvolosit\u00e0 con rasserenamenti a partire dalle Dolomiti, successivamente anche sulle Prealpi. Contesto termico invernale.<br \/>\n<b>Precipitazioni: <\/b>Tra parte della notte e il primo pomeriggio probabilit\u00e0 alta (70\/90%) di deboli precipitazioni sparse, nevose oltre i 600\/700 m nella notte e al mattino, attorno a 900\/1000 m. nelle ore centrali. Nella seconda parte della giornata generalmente assenti nei settori dolomitici, probabilit\u00e0 medio-bassa in quelli prealpini per fenomeni sempre pi\u00f9 sporadici e intermittenti (25\/50%) fino al completo esaurimento entro la sera. I quantitativi saranno mediamente di 5-10 mm sulle zone prealpine, un po&#8217; minori sulle Dolomiti, con altrettanti cm di neve sopra i 1000 m e un po&#8217; di pi\u00f9 in alta quota per neve soffice.<br \/>\n<b>Temperature: <\/b>Minime in lieve o contenuto aumento, massime senza notevoli variazioni o in lieve calo, specie sulle zone prealpine. Saranno ancora inferiori alle medie stagionali, con valori di stampo invernale. Su Prealpi a 1500 m min -6\u00b0C max 0\u00b0C, a 2000 m min -9\u00b0C max -2\u00b0C. Su Dolomiti a 2000 m min -10\u00b0C max -2\u00b0C, a 3000 m min -17\u00b0C max -14\u00b0C.<br \/>\n<b>Venti: <\/b>Nelle valli deboli di direzione variabile; in quota deboli\/moderati settentrionale al mattino e da sud-ovest al pomeriggio, a 5-15 km\/h sia a 2000 m che a 3000 m.<\/p>\n<hr \/>\n<p><center><b>Venerdi 16<\/b><\/center><b>Tempo atteso: <\/b>Soleggiato, specie sulle Dolomiti, per gran parte della giornata, con qualche annuvolamento pomeridiano sulle Prealpi per attivit\u00e0 cumuliforme.<br \/>\n<b>Precipitazioni: <\/b>Generalmente assenti, salvo una bassa probabilit\u00e0 (5-10%) di qualche locale precipitazione pomeridiana sulle zone prealpine, eventualmente nevosa oltre i 1100-1300 m.<br \/>\n<b>Temperature: <\/b>Minime in contenuta diminuzione specie nelle valli, massime in generale ripresa e ancora inferiori alla norma, specie le minime. Su Prealpi a 1500 m min -7\u00b0C max 3\u00b0C, a 2000 m min -10\u00b0C max 0\u00b0C. Su Dolomiti a 2000 m min -10\u00b0C max 0\u00b0C, a 3000 m min -16\u00b0C max -9\u00b0C.<br \/>\n<b>Venti: <\/b>Nelle valli deboli\/moderati per brezze, moderati da nord-est in quota, a 5-15 km\/h sia a 2000 m che a 3000 m.<\/p>\n<hr \/>\n<p><center><b>Sabato 17<\/b><\/center>Copertura alta e medio-alta stratiforme al mattino. Nel pomeriggio intensificazione della suddetta nuvolosit\u00e0 e probabile lieve peggioramento a partire dalle Prealpi, in estensione alle Dolomiti nella notte, con deboli precipitazioni e complessivamente molto scarse specie sulle Dolomite; limite neve intorno a 900\/1300 m. Temperature in rialzo, specie le minime nelle valli. Venti deboli\/moderati dai quadranti orientali in quota, deboli di direzione variabile nelle valli.<\/p>\n<hr \/>\n<p><center><b>Domenica 18<\/b><\/center>Cielo nuvoloso o molto nuvoloso con possibili precipitazioni sparse sulle zone prealpine nevose intorno ai 900-1300 m; precipitazioni generalmente assenti, invece, sulle zone dolomitiche. Temperature minime in ulteriore rialzo, massime stazionarie o in lieve calo. Venti ancora deboli\/moderati dai quadranti orientali in quota, deboli di direzione variabile nelle valli. Clima ancora piuttosto pi\u00f9 freddo rispetto alla norma. Previsore: M.Padoan<\/p>\n<p>&nbsp;<\/p>\n<hr \/>\n<p>&nbsp;<\/p>\n<p><a href=\"https:\/\/www.radiopiu.net\/wordpress\/giornale-radiopiu-15-settembre-2018-direttore-mirko-mezzacasa\/sport-7\/\" rel=\"attachment wp-att-60761\"><img loading=\"lazy\" decoding=\"async\" class=\"wp-image-60761 size-full aligncenter\" src=\"https:\/\/www.radiopiu.net\/wordpress\/wp-content\/uploads\/2018\/09\/sport.jpg\" alt=\"\" width=\"800\" height=\"100\" srcset=\"https:\/\/www.radiopiu.net\/wordpress\/wp-content\/uploads\/2018\/09\/sport.jpg 800w, https:\/\/www.radiopiu.net\/wordpress\/wp-content\/uploads\/2018\/09\/sport-300x38.jpg 300w, https:\/\/www.radiopiu.net\/wordpress\/wp-content\/uploads\/2018\/09\/sport-768x96.jpg 768w\" sizes=\"auto, (max-width: 800px) 100vw, 800px\" \/><\/a><\/p>\n<p>&nbsp;<\/p>\n<p>&nbsp;<\/p>\n<h2 class=\"null\">HOCKEY<\/h2>\n<h2 class=\"null\">Italian Hockey League. Si gioca la quarta gara di finale sul ghiaccio di Caldaro<\/h2>\n<p><a href=\"https:\/\/www.radiopiu.net\/wordpress\/giornale-radiopiu-15-aprile-2021-direttore-mirko-mezzacasa\/hockey-ghiaccio-2020-21-2\/\" rel=\"attachment wp-att-203528\"><img loading=\"lazy\" decoding=\"async\" class=\"wp-image-203528 alignleft\" src=\"https:\/\/www.radiopiu.net\/wordpress\/wp-content\/uploads\/2021\/04\/e9353984-a63f-436f-89b7-c6bd45fbe6aa-300x232.jpg\" alt=\"\" width=\"247\" height=\"191\" srcset=\"https:\/\/www.radiopiu.net\/wordpress\/wp-content\/uploads\/2021\/04\/e9353984-a63f-436f-89b7-c6bd45fbe6aa-300x232.jpg 300w, https:\/\/www.radiopiu.net\/wordpress\/wp-content\/uploads\/2021\/04\/e9353984-a63f-436f-89b7-c6bd45fbe6aa-1024x790.jpg 1024w, https:\/\/www.radiopiu.net\/wordpress\/wp-content\/uploads\/2021\/04\/e9353984-a63f-436f-89b7-c6bd45fbe6aa-768x593.jpg 768w, https:\/\/www.radiopiu.net\/wordpress\/wp-content\/uploads\/2021\/04\/e9353984-a63f-436f-89b7-c6bd45fbe6aa-1536x1186.jpg 1536w, https:\/\/www.radiopiu.net\/wordpress\/wp-content\/uploads\/2021\/04\/e9353984-a63f-436f-89b7-c6bd45fbe6aa-2048x1581.jpg 2048w\" sizes=\"auto, (max-width: 247px) 100vw, 247px\" \/><\/a><\/p>\n<p>Dopo un rocambolesco finale, in occasione di Gara 3 a Merano, il Caldaro si \u00e8 guadagnato il primo match-puck della finale<br \/>\nLa finale della Italian Hockey League prosegue la sua corsa, e promette di regalare ancora una volta tantissime emozioni. Dopo le prime tre partite il fattore pista \u00e8 sempre saltato, ogni gara \u00e8 stata decisa da un solo gol di scarto, e dopo la serata di marted\u00ec \u00e8 oggettivamente impossibile fare anche un minimo pronostico. Il Caldaro ospita Gara 4. Questa \u00e8 la prima opportunit\u00e0 per i Lucci di chiudere i conti e vincere ancora una volta la IHL dopo l\u2019edizione 2018\/19. Come si pu\u00f2 dare sfavorito il Merano per\u00f2? I bianconeri sono stati protagonisti di una rimonta incredibile in gara-3, per venire poi beffati quasi sul filo di lana dal tiro nel traffico di Florian Massar. Con le spalle al muro, Borgatello e soci non possono pi\u00f9 sbagliare.<\/p>\n<table width=\"100%\">\n<tbody>\n<tr>\n<td>foto Maximilian\u00a0\u00a0S\u00f6lva di fronte alla difesa del Merano con Thomas Tragust e Christian Borgatello (Max Pattis)<\/td>\n<\/tr>\n<\/tbody>\n<\/table>\n<p>&nbsp;<\/p>\n<p>&nbsp;<\/p>\n<blockquote>\n<h3>TRANSPELMO 2021 APRE LE ISCRIZIONI<\/h3>\n<\/blockquote>\n<p><strong><a href=\"https:\/\/www.radiopiu.net\/wordpress\/giornale-radiopiu-15-aprile-2021-direttore-mirko-mezzacasa\/fa3913bb-608a-457f-a07c-8452576b5997\/\" rel=\"attachment wp-att-203348\"><img loading=\"lazy\" decoding=\"async\" class=\"size-medium wp-image-203348 alignleft\" src=\"https:\/\/www.radiopiu.net\/wordpress\/wp-content\/uploads\/2021\/04\/fa3913bb-608a-457f-a07c-8452576b5997-300x111.jpg\" alt=\"\" width=\"300\" height=\"111\" srcset=\"https:\/\/www.radiopiu.net\/wordpress\/wp-content\/uploads\/2021\/04\/fa3913bb-608a-457f-a07c-8452576b5997-300x111.jpg 300w, https:\/\/www.radiopiu.net\/wordpress\/wp-content\/uploads\/2021\/04\/fa3913bb-608a-457f-a07c-8452576b5997-1024x378.jpg 1024w, https:\/\/www.radiopiu.net\/wordpress\/wp-content\/uploads\/2021\/04\/fa3913bb-608a-457f-a07c-8452576b5997-768x283.jpg 768w, https:\/\/www.radiopiu.net\/wordpress\/wp-content\/uploads\/2021\/04\/fa3913bb-608a-457f-a07c-8452576b5997-1536x567.jpg 1536w, https:\/\/www.radiopiu.net\/wordpress\/wp-content\/uploads\/2021\/04\/fa3913bb-608a-457f-a07c-8452576b5997.jpg 1700w\" sizes=\"auto, (max-width: 300px) 100vw, 300px\" \/><\/a>VAL DI ZOLDO <\/strong><span class=\"s1\">Prender\u00e0 il via venerd\u00ec 23 aprile, alle 19, la corsa di avvicinamento alla Transpelmo 2021. In quella data, infatti, si apriranno le adesioni all\u2019evento che si svolger\u00e0 domenica 5 settembre e che, \u00a0dopo un anno di stop a causa dell\u2019emergenza sanitaria, riporter\u00e0 gli appassionati di trail running sui sentieri attorno a una delle vette di maggior suggestione delle Dolomiti patrimonio dell&#8217;Unesco, vale a dire il Monte Pelmo. 18 chilometri e1300 metri di dislivello positivo, con partenza e arrivo a Palafav\u00e8ra<\/span><\/p>\n<p>&nbsp;<\/p>\n<p>&nbsp;<\/p>\n<hr \/>\n<p>&nbsp;<\/p>\n<blockquote>\n<h3>L&#8217;UNDER 19 DEL FASSA\/ALLEGHE FINISCE LA STAGIONE AI QUARTI CONTRO L&#8217;APPIANO<\/h3>\n<\/blockquote>\n<p><strong><a href=\"https:\/\/www.radiopiu.net\/wordpress\/il-merano-vince-gara-1-dei-quarti-di-finale-ma-lalleghe-torna-a-casa-a-testa-alta\/hockey-2744905_1920\/\" rel=\"attachment wp-att-197447\"><img loading=\"lazy\" decoding=\"async\" class=\" wp-image-197447 alignleft\" src=\"https:\/\/www.radiopiu.net\/wordpress\/wp-content\/uploads\/2021\/03\/hockey-2744905_1920-300x200.jpg\" alt=\"\" width=\"239\" height=\"159\" srcset=\"https:\/\/www.radiopiu.net\/wordpress\/wp-content\/uploads\/2021\/03\/hockey-2744905_1920-300x200.jpg 300w, https:\/\/www.radiopiu.net\/wordpress\/wp-content\/uploads\/2021\/03\/hockey-2744905_1920-1024x682.jpg 1024w, https:\/\/www.radiopiu.net\/wordpress\/wp-content\/uploads\/2021\/03\/hockey-2744905_1920-768x512.jpg 768w, https:\/\/www.radiopiu.net\/wordpress\/wp-content\/uploads\/2021\/03\/hockey-2744905_1920-1536x1023.jpg 1536w, https:\/\/www.radiopiu.net\/wordpress\/wp-content\/uploads\/2021\/03\/hockey-2744905_1920.jpg 1920w\" sizes=\"auto, (max-width: 239px) 100vw, 239px\" \/><\/a>APPIANO <\/strong>Termina ai quarti di finale l\u2019avventura dell\u2019under 19 del Fassa\/Alleghe. Niente da fare per la squadra mista che non riesce a tenere il passo dell\u2019Appiano nella gara secca valida per i playoff del campionato. 4 a 2 il risultato finale della partita giocata in terra altoatesina nel tardo pomeriggio di ieri. E pensare che il Fassa\/Alleghe era passato in vantaggio nella prima frazione di gara con il gol di Talmon. Nel secondo drittel l\u2019Appiano ingrana la marcia giusta pareggiando i conti e portandosi in vantaggio subito dopo. Rispondono i fassani\/alleghesi ad inizio terzo tempo con il pareggio a firma di Martini ma i padroni di casa chiudono la sfida a 9\u2019 dal termine quando mettono a segno due marcature in rapida successione.<\/p>\n<p>&nbsp;<\/p>\n<p>&nbsp;<\/p>\n<hr \/>\n<p>&nbsp;<\/p>\n<blockquote>\n<h3>HOCKEY: DAL 20 APRILE LA NAZIONALE IN RADUNO A BOLZANO<\/h3>\n<\/blockquote>\n<p><strong><a href=\"https:\/\/www.radiopiu.net\/wordpress\/giornale-radiopiu-15-aprile-2021-direttore-mirko-mezzacasa\/5e6a7969-2659-4d99-9281-5d7631d59186\/\" rel=\"attachment wp-att-203379\"><img loading=\"lazy\" decoding=\"async\" class=\"size-medium wp-image-203379 alignleft\" src=\"https:\/\/www.radiopiu.net\/wordpress\/wp-content\/uploads\/2021\/04\/5e6a7969-2659-4d99-9281-5d7631d59186-300x200.jpg\" alt=\"\" width=\"300\" height=\"200\" srcset=\"https:\/\/www.radiopiu.net\/wordpress\/wp-content\/uploads\/2021\/04\/5e6a7969-2659-4d99-9281-5d7631d59186-300x200.jpg 300w, https:\/\/www.radiopiu.net\/wordpress\/wp-content\/uploads\/2021\/04\/5e6a7969-2659-4d99-9281-5d7631d59186-1024x683.jpg 1024w, https:\/\/www.radiopiu.net\/wordpress\/wp-content\/uploads\/2021\/04\/5e6a7969-2659-4d99-9281-5d7631d59186-768x512.jpg 768w, https:\/\/www.radiopiu.net\/wordpress\/wp-content\/uploads\/2021\/04\/5e6a7969-2659-4d99-9281-5d7631d59186-1536x1024.jpg 1536w, https:\/\/www.radiopiu.net\/wordpress\/wp-content\/uploads\/2021\/04\/5e6a7969-2659-4d99-9281-5d7631d59186.jpg 1920w\" sizes=\"auto, (max-width: 300px) 100vw, 300px\" \/><\/a>MILANO <\/strong>Inizier\u00e0 marted\u00ec 20 aprile, dal Palaonda di Bolzano, il cammino dell\u2019Italiaverso i Mondiali Top Division di hockey su ghiaccio in programma a Riga(Lettonia) dal 21 maggio al 6 giugno. Il coaching staff azzurro ha diramato una prima lista dei convocati, che comprende anche una serie di giovani e giovanissimi prospetti, che verr\u00e0 successivamente rimpolpata con i giocatori ancora impegnati nei play-off. Lo stesso head coach Greg Ireland, che guida anche il Bolzano, inizialmente non sar\u00e0 presente al raduno azzurro, che verr\u00e0 dunque guidato dai suoi assistenti Giorgio De Bettin e Riku-Petteri Lehtonen.\u00a0La prima fase del raduno si concluder\u00e0 il 25 aprile, ma sono state nel frattempo definite le 5 amichevoli che vedranno gli azzurri affrontare nell\u2019ordine Francia, Svizzera e Austria.<\/p>\n<p>&nbsp;<\/p>\n<p>&nbsp;<\/p>\n<hr \/>\n<p>&nbsp;<\/p>\n<blockquote>\n<h3>AL VIA QUESTA SERA GLI INCONTRI ORGANIZZATI DAL CSI DI BELLUNO<\/h3>\n<\/blockquote>\n<p><strong><a href=\"https:\/\/www.radiopiu.net\/wordpress\/giornale-radiopiu-15-luglio-2020-direttore-mirko-mezzacasa\/download-886\/\" rel=\"attachment wp-att-149386\"><img loading=\"lazy\" decoding=\"async\" class=\" wp-image-149386 alignleft\" src=\"https:\/\/www.radiopiu.net\/wordpress\/wp-content\/uploads\/2020\/07\/download-2.png\" alt=\"\" width=\"83\" height=\"93\" \/><\/a>BELLUNO<\/strong> Stasera prenderanno il via gli incontri dell&#8217;iniziativa di formazione proposta dal CSI di Belluno <b>&#8220;<\/b>Oltre il podio. InFormAzione<b>&#8220;<\/b>. Il primo incontro sar\u00e0 dedicato al tema \u201cLo sportivo e l\u2019alimentazione&#8221;e sar\u00e0 tenuto dalla dottoressa Patrizia De Pol. L&#8217;inizio dell&#8217;incontro \u00e8 fissato per le 20.30. Questo il link cui collegarsi:\u00a0<strong><a href=\"https:\/\/meet.google.com\/xzo-shjj-grt\">https:\/\/meet.google.com\/xzo-shjj-grt<\/a><\/strong>. La partecipazione \u00e8 gratuita e limitata a 100 partecipanti e si suggerisce di collegarsi almeno 10\u2019 prima dell\u2019inizio<\/p>\n","protected":false},"excerpt":{"rendered":"<p>PER RICEVERE QUESTO NOTIZIARIO DIRETTAMENTE SUL TUO CELLULARE ISCRIVITI AL CANALE TELEGRAM \u201cRADIO PIU\u00a0 INFORMAZIONE&#8221;\u00a0 &nbsp; &nbsp; COME UN ANNO FA&#8230; NEVICA FINO A BASSA QUOTA. STRADE IMBIANCATE DAL MEDIO ALL&#8217;ALTO AGORDINO MA ANCHE NELLA CONCA AD AGORDO &nbsp; foto Emilio Bez, Falcade &#8220;A Falcade la 346 al momento \u00e8 percorribile con gomme da neve&hellip;<\/p>\n","protected":false},"author":4,"featured_media":203548,"comment_status":"closed","ping_status":"closed","sticky":false,"template":"","format":"standard","meta":{"_monsterinsights_skip_tracking":false,"_monsterinsights_sitenote_active":false,"_monsterinsights_sitenote_note":"","_monsterinsights_sitenote_category":0,"footnotes":""},"categories":[1,86,49],"tags":[],"class_list":["post-203308","post","type-post","status-publish","format-standard","has-post-thumbnail","hentry","category-senza-categoria","category-gr","category-news-18","category-1","category-86","category-49","description-off"],"img_url":"https:\/\/www.radiopiu.net\/wordpress\/wp-content\/uploads\/2021\/04\/88cd6b05-572f-4981-ad89-192687fee118.jpg","_links":{"self":[{"href":"https:\/\/www.radiopiu.net\/wordpress\/wp-json\/wp\/v2\/posts\/203308","targetHints":{"allow":["GET"]}}],"collection":[{"href":"https:\/\/www.radiopiu.net\/wordpress\/wp-json\/wp\/v2\/posts"}],"about":[{"href":"https:\/\/www.radiopiu.net\/wordpress\/wp-json\/wp\/v2\/types\/post"}],"author":[{"embeddable":true,"href":"https:\/\/www.radiopiu.net\/wordpress\/wp-json\/wp\/v2\/users\/4"}],"replies":[{"embeddable":true,"href":"https:\/\/www.radiopiu.net\/wordpress\/wp-json\/wp\/v2\/comments?post=203308"}],"version-history":[{"count":0,"href":"https:\/\/www.radiopiu.net\/wordpress\/wp-json\/wp\/v2\/posts\/203308\/revisions"}],"wp:featuredmedia":[{"embeddable":true,"href":"https:\/\/www.radiopiu.net\/wordpress\/wp-json\/wp\/v2\/media\/203548"}],"wp:attachment":[{"href":"https:\/\/www.radiopiu.net\/wordpress\/wp-json\/wp\/v2\/media?parent=203308"}],"wp:term":[{"taxonomy":"category","embeddable":true,"href":"https:\/\/www.radiopiu.net\/wordpress\/wp-json\/wp\/v2\/categories?post=203308"},{"taxonomy":"post_tag","embeddable":true,"href":"https:\/\/www.radiopiu.net\/wordpress\/wp-json\/wp\/v2\/tags?post=203308"}],"curies":[{"name":"wp","href":"https:\/\/api.w.org\/{rel}","templated":true}]}}