{"id":203333,"date":"2021-04-14T10:44:32","date_gmt":"2021-04-14T08:44:32","guid":{"rendered":"https:\/\/www.radiopiu.net\/wordpress\/?p=203333"},"modified":"2021-04-14T10:44:33","modified_gmt":"2021-04-14T08:44:33","slug":"gli-eroi-di-vaia-ed-eventi-successivi","status":"publish","type":"post","link":"https:\/\/www.radiopiu.net\/wordpress\/gli-eroi-di-vaia-ed-eventi-successivi\/","title":{"rendered":"GLI EROI DI VAIA ED EVENTI SUCCESSIVI"},"content":{"rendered":"<blockquote>\n<h3><strong><a href=\"https:\/\/www.radiopiu.net\/wordpress\/gli-eroi-di-vaia-ed-eventi-successivi\/f7c6e37b-9761-403d-93b8-2508cbcbca9f-2\/\" rel=\"attachment wp-att-203362\"><img loading=\"lazy\" decoding=\"async\" class=\"size-medium wp-image-203362 alignleft\" src=\"https:\/\/www.radiopiu.net\/wordpress\/wp-content\/uploads\/2021\/04\/f7c6e37b-9761-403d-93b8-2508cbcbca9f-1-225x300.jpg\" alt=\"\" width=\"225\" height=\"300\" srcset=\"https:\/\/www.radiopiu.net\/wordpress\/wp-content\/uploads\/2021\/04\/f7c6e37b-9761-403d-93b8-2508cbcbca9f-1-225x300.jpg 225w, https:\/\/www.radiopiu.net\/wordpress\/wp-content\/uploads\/2021\/04\/f7c6e37b-9761-403d-93b8-2508cbcbca9f-1-768x1024.jpg 768w, https:\/\/www.radiopiu.net\/wordpress\/wp-content\/uploads\/2021\/04\/f7c6e37b-9761-403d-93b8-2508cbcbca9f-1-1152x1536.jpg 1152w, https:\/\/www.radiopiu.net\/wordpress\/wp-content\/uploads\/2021\/04\/f7c6e37b-9761-403d-93b8-2508cbcbca9f-1.jpg 1200w\" sizes=\"auto, (max-width: 225px) 100vw, 225px\" \/><\/a><\/strong><\/h3>\n<h3><\/h3>\n<h3><\/h3>\n<h3><\/h3>\n<h3><strong>LIVINALLONGO<\/strong> Gli eroi di Vaia sono un albero tra i tanti che \u00e8 rimasto aggrappato alle crode con radici ben piantate, ma anche i tralicci che non si sono piegati a novanta gradi spinti dal vento o trascinati a valle da acque impetuose. Quindi questo traliccio \u00e8 un eroe. Una domanda per\u00f2 potrebbe sorgere spontanea<em> &#8220;Il traliccio rester\u00e0 in piedi? Per quanto rester\u00e0 in piedi? &#8220;.\u00a0<\/em>La foto \u00e8 stata scattata in localit\u00e0 Carpei, la linea elettrica \u00e8 la Colaz-Salesei.<\/h3>\n<\/blockquote>\n\n\t\t\t<style type='text\/css'>\n\t\t\t\t#gallery-1 {\n\t\t\t\t\tmargin: auto;\n\t\t\t\t}\n\t\t\t\t#gallery-1 .gallery-item {\n\t\t\t\t\tfloat: left;\n\t\t\t\t\tmargin-top: 10px;\n\t\t\t\t\ttext-align: center;\n\t\t\t\t\twidth: 50%;\n\t\t\t\t}\n\t\t\t\t#gallery-1 img {\n\t\t\t\t\tborder: 2px solid #cfcfcf;\n\t\t\t\t}\n\t\t\t\t#gallery-1 .gallery-caption {\n\t\t\t\t\tmargin-left: 0;\n\t\t\t\t}\n\t\t\t\t\/* see gallery_shortcode() in wp-includes\/media.php *\/\n\t\t\t<\/style>\n\t\t<div id='gallery-1' class='dt-gallery-container gallery galleryid-203333 gallery-columns-2 gallery-size-full'><dl class='gallery-item'>\n\t\t\t\t<dt class='gallery-icon portrait'>\n\t\t\t\t\t<a class=\"rollover rollover-zoom dt-pswp-item\" title=\"7af43a22-2104-4441-88c1-708385cd57af\" data-dt-img-description=\"\" data-large_image_width=\"1200\" data-large_image_height=\"1600\"href='https:\/\/www.radiopiu.net\/wordpress\/wp-content\/uploads\/2021\/04\/7af43a22-2104-4441-88c1-708385cd57af-1.jpg'><img loading=\"lazy\" decoding=\"async\" width=\"1200\" height=\"1600\" src=\"https:\/\/www.radiopiu.net\/wordpress\/wp-content\/uploads\/2021\/04\/7af43a22-2104-4441-88c1-708385cd57af-1.jpg\" class=\"attachment-full size-full\" alt=\"\" srcset=\"https:\/\/www.radiopiu.net\/wordpress\/wp-content\/uploads\/2021\/04\/7af43a22-2104-4441-88c1-708385cd57af-1.jpg 1200w, https:\/\/www.radiopiu.net\/wordpress\/wp-content\/uploads\/2021\/04\/7af43a22-2104-4441-88c1-708385cd57af-1-225x300.jpg 225w, https:\/\/www.radiopiu.net\/wordpress\/wp-content\/uploads\/2021\/04\/7af43a22-2104-4441-88c1-708385cd57af-1-768x1024.jpg 768w, https:\/\/www.radiopiu.net\/wordpress\/wp-content\/uploads\/2021\/04\/7af43a22-2104-4441-88c1-708385cd57af-1-1152x1536.jpg 1152w\" sizes=\"auto, (max-width: 1200px) 100vw, 1200px\" \/><\/a>\n\t\t\t\t<\/dt><\/dl><dl class='gallery-item'>\n\t\t\t\t<dt class='gallery-icon portrait'>\n\t\t\t\t\t<a class=\"rollover rollover-zoom dt-pswp-item\" title=\"5c13e95c-1af7-480e-81bf-31dda171d9e5\" data-dt-img-description=\"\" data-large_image_width=\"1200\" data-large_image_height=\"1600\"href='https:\/\/www.radiopiu.net\/wordpress\/wp-content\/uploads\/2021\/04\/5c13e95c-1af7-480e-81bf-31dda171d9e5-1.jpg'><img loading=\"lazy\" decoding=\"async\" width=\"1200\" height=\"1600\" src=\"https:\/\/www.radiopiu.net\/wordpress\/wp-content\/uploads\/2021\/04\/5c13e95c-1af7-480e-81bf-31dda171d9e5-1.jpg\" class=\"attachment-full size-full\" alt=\"\" srcset=\"https:\/\/www.radiopiu.net\/wordpress\/wp-content\/uploads\/2021\/04\/5c13e95c-1af7-480e-81bf-31dda171d9e5-1.jpg 1200w, https:\/\/www.radiopiu.net\/wordpress\/wp-content\/uploads\/2021\/04\/5c13e95c-1af7-480e-81bf-31dda171d9e5-1-225x300.jpg 225w, https:\/\/www.radiopiu.net\/wordpress\/wp-content\/uploads\/2021\/04\/5c13e95c-1af7-480e-81bf-31dda171d9e5-1-768x1024.jpg 768w, https:\/\/www.radiopiu.net\/wordpress\/wp-content\/uploads\/2021\/04\/5c13e95c-1af7-480e-81bf-31dda171d9e5-1-1152x1536.jpg 1152w\" sizes=\"auto, (max-width: 1200px) 100vw, 1200px\" \/><\/a>\n\t\t\t\t<\/dt><\/dl><br style=\"clear: both\" \/>\n\t\t\t<\/div>\n\n","protected":false},"excerpt":{"rendered":"<p>LIVINALLONGO Gli eroi di Vaia sono un albero tra i tanti che \u00e8 rimasto aggrappato alle crode con radici ben piantate, ma anche i tralicci che non si sono piegati a novanta gradi spinti dal vento o trascinati a valle da acque impetuose. Quindi questo traliccio \u00e8 un eroe. Una domanda per\u00f2 potrebbe sorgere spontanea&hellip;<\/p>\n","protected":false},"author":4,"featured_media":203362,"comment_status":"closed","ping_status":"closed","sticky":false,"template":"","format":"standard","meta":{"_monsterinsights_skip_tracking":false,"_monsterinsights_sitenote_active":false,"_monsterinsights_sitenote_note":"","_monsterinsights_sitenote_category":0,"footnotes":""},"categories":[51,49],"tags":[],"class_list":["post-203333","post","type-post","status-publish","format-standard","has-post-thumbnail","hentry","category-evidenza-top","category-news-18","category-51","category-49","description-off"],"img_url":"https:\/\/www.radiopiu.net\/wordpress\/wp-content\/uploads\/2021\/04\/f7c6e37b-9761-403d-93b8-2508cbcbca9f-1.jpg","_links":{"self":[{"href":"https:\/\/www.radiopiu.net\/wordpress\/wp-json\/wp\/v2\/posts\/203333","targetHints":{"allow":["GET"]}}],"collection":[{"href":"https:\/\/www.radiopiu.net\/wordpress\/wp-json\/wp\/v2\/posts"}],"about":[{"href":"https:\/\/www.radiopiu.net\/wordpress\/wp-json\/wp\/v2\/types\/post"}],"author":[{"embeddable":true,"href":"https:\/\/www.radiopiu.net\/wordpress\/wp-json\/wp\/v2\/users\/4"}],"replies":[{"embeddable":true,"href":"https:\/\/www.radiopiu.net\/wordpress\/wp-json\/wp\/v2\/comments?post=203333"}],"version-history":[{"count":0,"href":"https:\/\/www.radiopiu.net\/wordpress\/wp-json\/wp\/v2\/posts\/203333\/revisions"}],"wp:featuredmedia":[{"embeddable":true,"href":"https:\/\/www.radiopiu.net\/wordpress\/wp-json\/wp\/v2\/media\/203362"}],"wp:attachment":[{"href":"https:\/\/www.radiopiu.net\/wordpress\/wp-json\/wp\/v2\/media?parent=203333"}],"wp:term":[{"taxonomy":"category","embeddable":true,"href":"https:\/\/www.radiopiu.net\/wordpress\/wp-json\/wp\/v2\/categories?post=203333"},{"taxonomy":"post_tag","embeddable":true,"href":"https:\/\/www.radiopiu.net\/wordpress\/wp-json\/wp\/v2\/tags?post=203333"}],"curies":[{"name":"wp","href":"https:\/\/api.w.org\/{rel}","templated":true}]}}