{"id":203440,"date":"2021-04-14T13:45:44","date_gmt":"2021-04-14T11:45:44","guid":{"rendered":"https:\/\/www.radiopiu.net\/wordpress\/?p=203440"},"modified":"2021-04-14T17:09:36","modified_gmt":"2021-04-14T15:09:36","slug":"gia-in-partenza-il-prefetto-sergio-bracco-arriva-savastano","status":"publish","type":"post","link":"https:\/\/www.radiopiu.net\/wordpress\/gia-in-partenza-il-prefetto-sergio-bracco-arriva-savastano\/","title":{"rendered":"GIA&#8217; IN PARTENZA DOPO SOLI 105 GIORNI IL PREFETTO SERGIO BRACCO, ARRIVA SAVASTANO"},"content":{"rendered":"<p><strong><img loading=\"lazy\" decoding=\"async\" class=\"alignleft\" src=\"https:\/\/www.radiopiu.net\/wordpress\/wp-content\/uploads\/2021\/04\/707112018174833_SAVASTANO.jpg\" width=\"181\" height=\"177\" \/>BELLUNO<\/strong><em> \u201cIl dottor Mariano Savastano sar\u00e0 il nuovo Prefetto di Belluno: a lui rivolgo i migliori auguri di buon lavoro e di una proficua collaborazione con le istituzioni della nostra<\/em> provincia&#8221;. L&#8217;annuncio del Ministro Federico D&#8217;Inc\u00e0 che ringrazia il prefetto uscente, dott. Sergio Bracco, per l\u2019eccellente lavoro svolto sul nostro territorio <em>Ha lavorato intensamente per i Mondiali di Sci di Cortina, una manifestazione unica e riuscita anche grazie all\u2019impegno per la sicurezza dell\u2019evento. Altrettanto importante la sua presenza sulla vertenza legata all\u2019ACC di Borgo Valbelluna. Un percorso di assoluto rilievo che lo porter\u00e0 a ricoprire il ruolo di Capo della Segreteria del Dipartimento della Pubblica Sicurezza. &#8220;<\/em><em>Sono sicuro che la collaborazione istituzionale con Bracco proseguir\u00e0 nel corso del tempo e rimarremo in stretto contatto anche in funzione delle tematiche riguardanti il bellunese. <\/em><em>Ringrazio il dott. Carlo De Rogatis, gi\u00e0 vice prefetto, che assumer\u00e0 l\u2019incarico di Prefetto di Ascoli Piceno: nei suoi anni trascorsi a Belluno, ha lavorato con dedizione al servizio dei cittadini e delle nostre comunit\u00e0, ricoprendo anche il ruolo di commissario in diversi Comuni del bellunese. De Rogatis ha sempre dimostrato sensibilit\u00e0 e attenzione in numerose occasioni di confronto su molteplici temi del territorio e lo ha fatto coinvolgendo i sindaci, gli Enti locali e i cittadini in ogni circostanza. I miei auguri a una persona di grande competenza\u201d <\/em>conclude D&#8217;Inc\u00e0<\/p>\n<blockquote><p><strong>MARIANO SAVASTANO <\/strong>Nato a Napoli nel 1964, \u00e8 sposato con un magistrato, Consigliere della Corte d\u2019Appello di Torino ed ha un figlio. Laureato in giurisprudenza all\u2019Universit\u00e0 Federico II di Napoli, \u00e8 entrato in carriera prefettizia nel marzo 1991. \u00c8 stato Commissario straordinario\u00a0\u00a0in diversi Comuni, tra i quali Saluggia. \u00c8 stato anche Commissario straordinario per la Provincia di Lodi. INCARICHI CAPO DI GABINETTO presso Prefettura di Novara dal novembre 1999 al 10 maggio 2009; Promosso VICE PREFETTO con decorrenza 1\u00b0 gennaio 2007, \u00e8 stato Dirigente Area I alla Prefettura di Varese, dall\u201911 maggio 2009 al 12 dicembre 2010; \u00c8 stato Commissario Straordinario dei Comuni di Suno, Divignano, Nebbiuno ed Oleggio; componente del CO.RE.CO. e del Comitato Direttivo Provinciale della Croce Rossa Italiana di Novara.<\/p><\/blockquote>\n<p><strong>IL SALUTO DEL PRESIDENTE ROBERTO PADRIN<\/strong><\/p>\n<p><a href=\"https:\/\/www.radiopiu.net\/wordpress\/il-nuovo-step-della-fase-2-ci-veda-propositivi-e-uniti-la-provincia-puo-fare-da-collettore-di-tutte-le-esigenze-e-le-idee-che-emergono-dal-nostro-territorio\/padrin-64\/\" rel=\"attachment wp-att-138417\"><img loading=\"lazy\" decoding=\"async\" class=\"wp-image-138417 alignleft\" src=\"https:\/\/www.radiopiu.net\/wordpress\/wp-content\/uploads\/2020\/05\/PADRIN-1-300x225.jpg\" alt=\"\" width=\"193\" height=\"145\" srcset=\"https:\/\/www.radiopiu.net\/wordpress\/wp-content\/uploads\/2020\/05\/PADRIN-1-300x225.jpg 300w, https:\/\/www.radiopiu.net\/wordpress\/wp-content\/uploads\/2020\/05\/PADRIN-1-1024x768.jpg 1024w, https:\/\/www.radiopiu.net\/wordpress\/wp-content\/uploads\/2020\/05\/PADRIN-1-768x576.jpg 768w, https:\/\/www.radiopiu.net\/wordpress\/wp-content\/uploads\/2020\/05\/PADRIN-1-1536x1152.jpg 1536w, https:\/\/www.radiopiu.net\/wordpress\/wp-content\/uploads\/2020\/05\/PADRIN-1-2048x1536.jpg 2048w\" sizes=\"auto, (max-width: 193px) 100vw, 193px\" \/><\/a><em>\u00abSalutiamo e ringraziamo il prefetto Sergio Bracco, per l\u2019impegno profuso nel nostro territorio. Nonostante il breve periodo trascorso a Belluno, abbiamo potuto apprezzare le sue doti e capacit\u00e0, dimostrate sia durante i giorni del maltempo di inizio anno sia per i Mondiali di Cortina. Il dottor Bracco si \u00e8 subito inserito all\u2019interno della nostra comunit\u00e0, garantendo disponibilit\u00e0 e professionalit\u00e0. Dispiace perdere una figura di cos\u00ec alto spessore, a cui auguriamo buon lavoro. Come auguriamo buon lavoro al prefetto che lo sostituir\u00e0, a cui fin da subito diamo il benvenuto a Belluno.<\/em><br \/>\n<em>Salutiamo anche il funzionario Carlo De Rogatis, ed esprimiamo il dispiacere per la sua partenza, dopo anni in cui ha lavorato attivamente per il nostro territorio; lo dico anche da sindaco di Longarone, visto che ho potuto vedere il suo ruolo di commissario dopo la fusione. Mi congratulo davvero di cuore con lui per il nuovo incarico e per aver raggiunto un\u2019ulteriore tappa di carriera professionale. A Belluno ha lavorato sempre dietro le quinte, ora invece lo attendono impegni di primo piano, che rappresentano il giusto traguardo delle sue competenze e capacit\u00e0\u00bb.<\/em><\/p>\n<p><strong>POLLICE VERSO DA FRATELLI D&#8217;ITALIA<\/strong><\/p>\n<p><em>\u201cSe da un lato, il cambio della guardia alla Prefettura di Belluno dopo nemmeno quattro mesi non dovrebbe stupire, visto lo spessore e l&#8217;esperienza del Prefetto Sergio Bracco, dall&#8217;altro non possiamo sottolineare come ancora una volta Belluno sia trattata come una piazzola di scambio dalle istituzioni. Non dimentichiamo infatti che anche il precedente Prefetto, la dottoressa Adriana Cogode, era rimasto in citt\u00e0 poco pi\u00f9 di un anno\u201d:<\/em> Luca De Carlo e Marco Osnato, rispettivamente senatore e deputato di Fratelli d&#8217;Italia, commentano cos\u00ec l&#8217;annuncio della partenza di Sergio Bracco per Roma, dopo essere entrato in carica appena lo scorso 30 dicembre.<\/p>\n","protected":false},"excerpt":{"rendered":"<p>BELLUNO \u201cIl dottor Mariano Savastano sar\u00e0 il nuovo Prefetto di Belluno: a lui rivolgo i migliori auguri di buon lavoro e di una proficua collaborazione con le istituzioni della nostra provincia&#8221;. L&#8217;annuncio del Ministro Federico D&#8217;Inc\u00e0 che ringrazia il prefetto uscente, dott. Sergio Bracco, per l\u2019eccellente lavoro svolto sul nostro territorio Ha lavorato intensamente per&hellip;<\/p>\n","protected":false},"author":4,"featured_media":203441,"comment_status":"closed","ping_status":"closed","sticky":false,"template":"","format":"standard","meta":{"_monsterinsights_skip_tracking":false,"_monsterinsights_sitenote_active":false,"_monsterinsights_sitenote_note":"","_monsterinsights_sitenote_category":0,"footnotes":""},"categories":[49],"tags":[],"class_list":["post-203440","post","type-post","status-publish","format-standard","has-post-thumbnail","hentry","category-news-18","category-49","description-off"],"img_url":"https:\/\/www.radiopiu.net\/wordpress\/wp-content\/uploads\/2021\/04\/707112018174833_SAVASTANO.jpg","_links":{"self":[{"href":"https:\/\/www.radiopiu.net\/wordpress\/wp-json\/wp\/v2\/posts\/203440","targetHints":{"allow":["GET"]}}],"collection":[{"href":"https:\/\/www.radiopiu.net\/wordpress\/wp-json\/wp\/v2\/posts"}],"about":[{"href":"https:\/\/www.radiopiu.net\/wordpress\/wp-json\/wp\/v2\/types\/post"}],"author":[{"embeddable":true,"href":"https:\/\/www.radiopiu.net\/wordpress\/wp-json\/wp\/v2\/users\/4"}],"replies":[{"embeddable":true,"href":"https:\/\/www.radiopiu.net\/wordpress\/wp-json\/wp\/v2\/comments?post=203440"}],"version-history":[{"count":0,"href":"https:\/\/www.radiopiu.net\/wordpress\/wp-json\/wp\/v2\/posts\/203440\/revisions"}],"wp:featuredmedia":[{"embeddable":true,"href":"https:\/\/www.radiopiu.net\/wordpress\/wp-json\/wp\/v2\/media\/203441"}],"wp:attachment":[{"href":"https:\/\/www.radiopiu.net\/wordpress\/wp-json\/wp\/v2\/media?parent=203440"}],"wp:term":[{"taxonomy":"category","embeddable":true,"href":"https:\/\/www.radiopiu.net\/wordpress\/wp-json\/wp\/v2\/categories?post=203440"},{"taxonomy":"post_tag","embeddable":true,"href":"https:\/\/www.radiopiu.net\/wordpress\/wp-json\/wp\/v2\/tags?post=203440"}],"curies":[{"name":"wp","href":"https:\/\/api.w.org\/{rel}","templated":true}]}}