{"id":203449,"date":"2021-04-14T15:06:22","date_gmt":"2021-04-14T13:06:22","guid":{"rendered":"https:\/\/www.radiopiu.net\/wordpress\/?p=203449"},"modified":"2021-04-14T16:16:43","modified_gmt":"2021-04-14T14:16:43","slug":"iniziati-i-lavori-allagrario-sara-un-edificio-a-energia-quasi-zero","status":"publish","type":"post","link":"https:\/\/www.radiopiu.net\/wordpress\/iniziati-i-lavori-allagrario-sara-un-edificio-a-energia-quasi-zero\/","title":{"rendered":"INIZIATI I LAVORI ALL&#8217;AGRARIO, SARA&#8217; UN EDIFICIO A ENERGIA QUASI ZERO"},"content":{"rendered":"<p><strong>FELTRE<\/strong> \u00a0L\u2019operazione avviata dalla Provincia rientra nel piano di attivit\u00e0 dell\u2019edilizia scolastica sul blocco palestra-laborator. Quello che oggi \u00e8 un edificio\u00a0 del 1960 e non pi\u00f9 funzionale\u00a0 diventer\u00e0 una struttura completamente rinnovata, a energia quasi zero. Nel bilancio energetico \u00e8 stata data una particolare attenzione allo studio delle potenziali fonti alternative, alla domanda di energia e alla possibilit\u00e0 di ridurla. Il riscaldamento sar\u00e0 coperto da una fonte di energia determinata mentre il fabbisogno di elettricit\u00e0 sar\u00e0 coperto in parte dal fotovoltaico. Grazie ad ampie vetrate e accorgimenti tecnici, nel periodo invernale saranno massimizzati gli apporti solari e saranno ridotte al minime le perdite energetiche.\u00a0 Il progetto prevede un atrio al primo piano pensato come <a href=\"https:\/\/www.radiopiu.net\/wordpress\/elezioni-provinciali-de-carlo-ottimo-risultato-per-bogana-e-fdi-subito-vertice-di-centrodestra-e-poi-incontro-con-il-presidente-padrin\/konica-minolta-digital-camera-30\/\" rel=\"attachment wp-att-117956\"><img loading=\"lazy\" decoding=\"async\" class=\" wp-image-117956 alignleft\" src=\"https:\/\/www.radiopiu.net\/wordpress\/wp-content\/uploads\/2020\/02\/Serenella_Bogana-201x300.jpg\" alt=\"\" width=\"126\" height=\"188\" srcset=\"https:\/\/www.radiopiu.net\/wordpress\/wp-content\/uploads\/2020\/02\/Serenella_Bogana-201x300.jpg 201w, https:\/\/www.radiopiu.net\/wordpress\/wp-content\/uploads\/2020\/02\/Serenella_Bogana.jpg 445w\" sizes=\"auto, (max-width: 126px) 100vw, 126px\" \/><\/a>luogo di socializzazione per gli studenti, con un\u2019ampia vetrata. Al piano superiore verranno realizzati 6 laboratori dedicati alle materie di indirizzo \u00e8 prevista anche una terrazza esterna. Al piano terra un locale break e spogliatoi.<\/p>\n<p><strong>IL CONSIGLIERE PROVINCIALE SERENELLA BOGANA<\/strong><\/p>\n<audio class=\"wp-audio-shortcode\" id=\"audio-203449-1\" preload=\"none\" style=\"width: 100%;\" controls=\"controls\"><source type=\"audio\/mpeg\" src=\"https:\/\/www.radiopiu.net\/wordpress\/wp-content\/uploads\/2021\/04\/padrin.mp3?_=1\" \/><a href=\"https:\/\/www.radiopiu.net\/wordpress\/wp-content\/uploads\/2021\/04\/padrin.mp3\">https:\/\/www.radiopiu.net\/wordpress\/wp-content\/uploads\/2021\/04\/padrin.mp3<\/a><\/audio>\n\n\t\t\t<style type='text\/css'>\n\t\t\t\t#gallery-1 {\n\t\t\t\t\tmargin: auto;\n\t\t\t\t}\n\t\t\t\t#gallery-1 .gallery-item {\n\t\t\t\t\tfloat: left;\n\t\t\t\t\tmargin-top: 10px;\n\t\t\t\t\ttext-align: center;\n\t\t\t\t\twidth: 33%;\n\t\t\t\t}\n\t\t\t\t#gallery-1 img {\n\t\t\t\t\tborder: 2px solid #cfcfcf;\n\t\t\t\t}\n\t\t\t\t#gallery-1 .gallery-caption {\n\t\t\t\t\tmargin-left: 0;\n\t\t\t\t}\n\t\t\t\t\/* see gallery_shortcode() in wp-includes\/media.php *\/\n\t\t\t<\/style>\n\t\t<div id='gallery-1' class='dt-gallery-container gallery galleryid-203449 gallery-columns-3 gallery-size-thumbnail'><dl class='gallery-item'>\n\t\t\t\t<dt class='gallery-icon landscape'>\n\t\t\t\t\t<a class=\"rollover rollover-zoom dt-pswp-item\" title=\"VLL_OVEST\" data-dt-img-description=\"\" data-large_image_width=\"2500\" data-large_image_height=\"1418\"href='https:\/\/www.radiopiu.net\/wordpress\/wp-content\/uploads\/2021\/04\/VLL_OVEST.jpg'><img loading=\"lazy\" decoding=\"async\" width=\"150\" height=\"150\" src=\"https:\/\/www.radiopiu.net\/wordpress\/wp-content\/uploads\/2021\/04\/VLL_OVEST-150x150.jpg\" class=\"attachment-thumbnail size-thumbnail\" alt=\"\" \/><\/a>\n\t\t\t\t<\/dt><\/dl><dl class='gallery-item'>\n\t\t\t\t<dt class='gallery-icon landscape'>\n\t\t\t\t\t<a class=\"rollover rollover-zoom dt-pswp-item\" title=\"VLL_ANGOLO\" data-dt-img-description=\"\" data-large_image_width=\"2500\" data-large_image_height=\"1403\"href='https:\/\/www.radiopiu.net\/wordpress\/wp-content\/uploads\/2021\/04\/VLL_ANGOLO.jpg'><img loading=\"lazy\" decoding=\"async\" width=\"150\" height=\"150\" src=\"https:\/\/www.radiopiu.net\/wordpress\/wp-content\/uploads\/2021\/04\/VLL_ANGOLO-150x150.jpg\" class=\"attachment-thumbnail size-thumbnail\" alt=\"\" \/><\/a>\n\t\t\t\t<\/dt><\/dl><dl class='gallery-item'>\n\t\t\t\t<dt class='gallery-icon landscape'>\n\t\t\t\t\t<a class=\"rollover rollover-zoom dt-pswp-item\" title=\"VLL- FRONT\" data-dt-img-description=\"\" data-large_image_width=\"2500\" data-large_image_height=\"1619\"href='https:\/\/www.radiopiu.net\/wordpress\/wp-content\/uploads\/2021\/04\/VLL-FRONT.jpg'><img loading=\"lazy\" decoding=\"async\" width=\"150\" height=\"150\" src=\"https:\/\/www.radiopiu.net\/wordpress\/wp-content\/uploads\/2021\/04\/VLL-FRONT-150x150.jpg\" class=\"attachment-thumbnail size-thumbnail\" alt=\"\" \/><\/a>\n\t\t\t\t<\/dt><\/dl><br style=\"clear: both\" \/>\n\t\t\t<\/div>\n\n<p>&nbsp;<\/p>\n","protected":false},"excerpt":{"rendered":"<p>FELTRE \u00a0L\u2019operazione avviata dalla Provincia rientra nel piano di attivit\u00e0 dell\u2019edilizia scolastica sul blocco palestra-laborator. Quello che oggi \u00e8 un edificio\u00a0 del 1960 e non pi\u00f9 funzionale\u00a0 diventer\u00e0 una struttura completamente rinnovata, a energia quasi zero. Nel bilancio energetico \u00e8 stata data una particolare attenzione allo studio delle potenziali fonti alternative, alla domanda di energia&hellip;<\/p>\n","protected":false},"author":4,"featured_media":203451,"comment_status":"closed","ping_status":"closed","sticky":false,"template":"","format":"standard","meta":{"_monsterinsights_skip_tracking":false,"_monsterinsights_sitenote_active":false,"_monsterinsights_sitenote_note":"","_monsterinsights_sitenote_category":0,"footnotes":""},"categories":[49],"tags":[],"class_list":["post-203449","post","type-post","status-publish","format-standard","has-post-thumbnail","hentry","category-news-18","category-49","description-off"],"img_url":"https:\/\/www.radiopiu.net\/wordpress\/wp-content\/uploads\/2021\/04\/VLL_ANGOLO.jpg","_links":{"self":[{"href":"https:\/\/www.radiopiu.net\/wordpress\/wp-json\/wp\/v2\/posts\/203449","targetHints":{"allow":["GET"]}}],"collection":[{"href":"https:\/\/www.radiopiu.net\/wordpress\/wp-json\/wp\/v2\/posts"}],"about":[{"href":"https:\/\/www.radiopiu.net\/wordpress\/wp-json\/wp\/v2\/types\/post"}],"author":[{"embeddable":true,"href":"https:\/\/www.radiopiu.net\/wordpress\/wp-json\/wp\/v2\/users\/4"}],"replies":[{"embeddable":true,"href":"https:\/\/www.radiopiu.net\/wordpress\/wp-json\/wp\/v2\/comments?post=203449"}],"version-history":[{"count":0,"href":"https:\/\/www.radiopiu.net\/wordpress\/wp-json\/wp\/v2\/posts\/203449\/revisions"}],"wp:featuredmedia":[{"embeddable":true,"href":"https:\/\/www.radiopiu.net\/wordpress\/wp-json\/wp\/v2\/media\/203451"}],"wp:attachment":[{"href":"https:\/\/www.radiopiu.net\/wordpress\/wp-json\/wp\/v2\/media?parent=203449"}],"wp:term":[{"taxonomy":"category","embeddable":true,"href":"https:\/\/www.radiopiu.net\/wordpress\/wp-json\/wp\/v2\/categories?post=203449"},{"taxonomy":"post_tag","embeddable":true,"href":"https:\/\/www.radiopiu.net\/wordpress\/wp-json\/wp\/v2\/tags?post=203449"}],"curies":[{"name":"wp","href":"https:\/\/api.w.org\/{rel}","templated":true}]}}