{"id":203462,"date":"2022-02-02T05:28:10","date_gmt":"2022-02-02T04:28:10","guid":{"rendered":"https:\/\/www.radiopiu.net\/wordpress\/?p=203462"},"modified":"2022-02-02T05:41:18","modified_gmt":"2022-02-02T04:41:18","slug":"ponteaaaa","status":"publish","type":"post","link":"https:\/\/www.radiopiu.net\/wordpress\/ponteaaaa\/","title":{"rendered":"CICLABILE PER &#8216;AGORDINO: PRESTO  IL PONTE SUL CORDEVOLE TRA TAIBON E AGORDO"},"content":{"rendered":"<p>&nbsp;<\/p>\n<p><strong><img loading=\"lazy\" decoding=\"async\" class=\"alignleft\" src=\"https:\/\/www.radiopiu.net\/wordpress\/wp-content\/uploads\/2018\/03\/CICLABILE.jpg\" width=\"204\" height=\"114\" \/>AGORDO<\/strong> Ci siamo e dovrebbe finire in modo migliore rispetto ad un anno fa quando scrivevamo pi\u00f9 o meno le stesse cose. Purtroppo la pandemia, gli aumenti delle materie prime, varie ed eventuali hanno portato ad ulteriori ritardi. IerI sera in consiglio dell&#8217;Unione Montana l&#8217;importante novit\u00e0: a breve sar\u00e0 posizionato l&#8217;atteso ponte sul Cordevole tra Taibon via Foch e Agordo Bries.<\/p>\n<p><strong>IL PRESIDENTE DELL&#8217;UNIONE MONTANA AGORDINA MICHELE COSTA<\/strong><\/p>\n<audio class=\"wp-audio-shortcode\" id=\"audio-203462-1\" preload=\"none\" style=\"width: 100%;\" controls=\"controls\"><source type=\"audio\/mpeg\" src=\"https:\/\/www.radiopiu.net\/wordpress\/wp-content\/uploads\/2021\/04\/costsa.mp3?_=1\" \/><a href=\"https:\/\/www.radiopiu.net\/wordpress\/wp-content\/uploads\/2021\/04\/costsa.mp3\">https:\/\/www.radiopiu.net\/wordpress\/wp-content\/uploads\/2021\/04\/costsa.mp3<\/a><\/audio>\n<p>&nbsp;<\/p>\n<p><strong>LE DOMANDE E I DUBBI DEL SINDACO DI AGORDO ROBERTO CHISSALE&#8217;<\/strong><\/p>\n<audio class=\"wp-audio-shortcode\" id=\"audio-203462-2\" preload=\"none\" style=\"width: 100%;\" controls=\"controls\"><source type=\"audio\/mpeg\" src=\"https:\/\/www.radiopiu.net\/wordpress\/wp-content\/uploads\/2021\/04\/chissale.mp3?_=2\" \/><a href=\"https:\/\/www.radiopiu.net\/wordpress\/wp-content\/uploads\/2021\/04\/chissale.mp3\">https:\/\/www.radiopiu.net\/wordpress\/wp-content\/uploads\/2021\/04\/chissale.mp3<\/a><\/audio>\n<p>&nbsp;<\/p>\n<p>&nbsp;<\/p>\n<p>&nbsp;<\/p>\n<p>&nbsp;<\/p>\n<hr \/>\n<blockquote>\n<h3>ARCHIVIO RADIO PIU<\/h3>\n<p><strong>NOTIZIARI 2021<\/strong><\/p><\/blockquote>\n<p style=\"text-align: left;\"><strong>REDAZIONE<\/strong> Quando si pensa alla ciclabile nell&#8217;Agordino \u00e8 doveroso guardare al cielo e fare qualche scongiuro visti i precedenti. La ciclabile di Agordo \u00e8 bloccata dai tempi dell&#8217;amministrazione Da Roit per il ricorso di un privato. La ciclabile di Taibon (via Foch) \u00e8 bloccata dal mancato ponte sul Cordevole, da anni \u00e8 stato realizzato lo zoccolo di cemento che rischia pure di ammalorarsi (foto a sinistra). La ciclabile per l&#8217;Alto Agordino sia in Valle del Biois che in Valle del Cordevole \u00e8 stata danneggiata dalle frane\u00a0 e strappata via dalle furie dei torrenti, il tratto Cencenighe-Alleghe \u00e8 per ora un bel ricordo. C&#8217;\u00e8 poi la ciclabile della Valle di San Lucano anche questa pi\u00f9 volte &#8220;mangiucchiata&#8221; dal torrente Tegnas e da Vaia e oltre Col di Pra non si sale per lavori alla silvo pastorale e per gli schianti del 2018. Fortunatamente una ciclabile \u00e8 definibile tale, tra Bries di Agordo e la localit\u00e0 Polane, frequentatissima nei sui poco pi\u00f9 di 2 chilometri, ma c&#8217;\u00e8 anche un tratto di 100 metri in localit\u00e0 Le Campe\u00a0 accanto alla regionale 203 agordina al bivio per Noach, prima delle miniere di Valle Imperina, ormai definita con un sorriso la ciclabile pi\u00f9 corta del mondo e si contende il primato con la ciclabile di Listolade, altri 100 metri che buttano direttamente sulla regionale 203 agordina e verso la galleria, perch\u00e9 la vecchia 203 Cencenighe-Taibon \u00e8 oggetto di lavori di ripristino dopo i danni di vaia.<\/p>\n<blockquote>\n<h3>Progetto da 9,3 milioni di euro cofinanziato con il Fondo Comuni confinanti Luchetta: \u00abUn\u2019opera fondamentale per lo sviluppo del cicloturismo in Agordino\u00bb<\/h3>\n<p><strong>DI GIANNI SANTOMASO <\/strong>&#8220;La Regina in bicicletta sar\u00e0 percorribile nel 2024, ma prima c&#8217;e&#8217; il problema Le Campe-Agordo&#8221;<\/p>\n<audio class=\"wp-audio-shortcode\" id=\"audio-203462-3\" preload=\"none\" style=\"width: 100%;\" controls=\"controls\"><source type=\"audio\/mpeg\" src=\"https:\/\/www.radiopiu.net\/wordpress\/wp-content\/uploads\/2021\/04\/gianni-cicli-2.mp3?_=3\" \/><a href=\"https:\/\/www.radiopiu.net\/wordpress\/wp-content\/uploads\/2021\/04\/gianni-cicli-2.mp3\">https:\/\/www.radiopiu.net\/wordpress\/wp-content\/uploads\/2021\/04\/gianni-cicli-2.mp3<\/a><\/audio><\/blockquote>\n<p><strong><a href=\"https:\/\/www.radiopiu.net\/wordpress\/un-parcheggio-da-120-mila-euro-a-servizio-del-campo-di-calcio-ivano-dorigo-da-veneto-strade-un-bonus-di-40-mila-euro-per-gli-asfalti\/ciclabile-agordo\/\" rel=\"attachment wp-att-141277\"><img loading=\"lazy\" decoding=\"async\" class=\" wp-image-141277 alignleft\" src=\"https:\/\/www.radiopiu.net\/wordpress\/wp-content\/uploads\/2020\/05\/CICLABILE-AGORDO-300x164.jpg\" alt=\"\" width=\"216\" height=\"118\" srcset=\"https:\/\/www.radiopiu.net\/wordpress\/wp-content\/uploads\/2020\/05\/CICLABILE-AGORDO-300x164.jpg 300w, https:\/\/www.radiopiu.net\/wordpress\/wp-content\/uploads\/2020\/05\/CICLABILE-AGORDO.jpg 304w\" sizes=\"auto, (max-width: 216px) 100vw, 216px\" \/><\/a>BELLUNO<\/strong> La pista ciclabile del Cordevole ha ricevuto il via libera definitivo: firmato l\u2019accordo con il Fondo Comuni confinanti per far partire l\u2019ambizioso progetto di completamento della dorsale tra Valbelluna e Agordino. La nuova ciclabile infatti collegher\u00e0 Sedico a Cencenighe, lungo la valle del Cordevole, e servir\u00e0 a raccordare lo scambio treno-bici a partire dalla stazione di Bribano. <em>\u00abSi tratta di un\u2019opera fondamentale per lo sviluppo del cicloturismo in Agordino e per il turismo sulle Dolomiti bellunesi in generale &#8211; commenta il consigliere provinciale delegato alle infrastrutture, Fabio Luchetta -. Siamo convinti che una volta ultimata, nel giro di 3 anni, avremo un\u2019infrastruttura in grado di richiamare appassionati delle vacanze in bicicletta da tutta Europa, perch\u00e9 sar\u00e0 una ciclabile inserita in un ambiente di pregio\u00bb. <\/em>Il progetto prevede uno sviluppo di quasi 40 chilometri interamente ciclabili. Un primo tratto collegher\u00e0 Bribano al Peron, con attraversamento del Cordevole. Da qui la pista proceder\u00e0 lungo il torrente fino alle Campe, passando all\u2019interno del sito minerario della Valle Imperina, per poi installarsi sul tratto di ciclabile gi\u00e0 realizzata in attraversamento del Comune di Agordo. Il percorso proseguir\u00e0 poi fino a Listolade (Taibon) e da qui continuer\u00e0 fino a Cencenighe (localit\u00e0 Ghirlo). Il costo totale dell\u2019opera \u00e8 di circa 9,3 milioni di euro, di cui 9,1 milioni finanziati dal Fondo Comuni confinanti e il resto dai Comuni di Sedico (165mila euro) e di Sospirolo (70mila euro). Secondo il cronoprogramma, la ciclabile sar\u00e0 pronta entro il 2024. Soddisfatto dell\u2019approvazione anche il presidente del Comitato paritetico Fondo Comuni confinanti, Roger De Menech: \u00ab<em>Sono contento di vedere che un altro pezzo della pianificazione di area vasta va a buon fine. Le ciclabili, proprio perch\u00e9 collegano punti diversi del nostro splendido territorio, costituiscono il paradigma del modo di lavorare che vogliamo e dobbiamo adottare: vale a dire la sinergia e il gioco di squadra. Per rilanciare lo sviluppo della nostra provincia non possiamo fare altrimenti.<\/em><\/p>\n<p>&nbsp;<\/p>\n<p><strong>DI GIANNI SANTOMASO <\/strong>&#8220;Fabio Luchetta indica la data di fine lavori della Bribano-Cencenighe, lo dice nel giorno della firma dell&#8217;accordo con capofila l&#8217;Unione Montana Agordina&#8221;<\/p>\n<audio class=\"wp-audio-shortcode\" id=\"audio-203462-4\" preload=\"none\" style=\"width: 100%;\" controls=\"controls\"><source type=\"audio\/mpeg\" src=\"https:\/\/www.radiopiu.net\/wordpress\/wp-content\/uploads\/2021\/04\/gianni-ciclabile.mp3?_=4\" \/><a href=\"https:\/\/www.radiopiu.net\/wordpress\/wp-content\/uploads\/2021\/04\/gianni-ciclabile.mp3\">https:\/\/www.radiopiu.net\/wordpress\/wp-content\/uploads\/2021\/04\/gianni-ciclabile.mp3<\/a><\/audio>\n<p>&nbsp;<\/p>\n<p>***<\/p>\n","protected":false},"excerpt":{"rendered":"<p>&nbsp; AGORDO Ci siamo e dovrebbe finire in modo migliore rispetto ad un anno fa quando scrivevamo pi\u00f9 o meno le stesse cose. Purtroppo la pandemia, gli aumenti delle materie prime, varie ed eventuali hanno portato ad ulteriori ritardi. IerI sera in consiglio dell&#8217;Unione Montana l&#8217;importante novit\u00e0: a breve sar\u00e0 posizionato l&#8217;atteso ponte sul Cordevole&hellip;<\/p>\n","protected":false},"author":4,"featured_media":44721,"comment_status":"closed","ping_status":"closed","sticky":false,"template":"","format":"standard","meta":{"_monsterinsights_skip_tracking":false,"_monsterinsights_sitenote_active":false,"_monsterinsights_sitenote_note":"","_monsterinsights_sitenote_category":0,"footnotes":""},"categories":[51,49],"tags":[],"class_list":["post-203462","post","type-post","status-publish","format-standard","has-post-thumbnail","hentry","category-evidenza-top","category-news-18","category-51","category-49","description-off"],"img_url":"https:\/\/www.radiopiu.net\/wordpress\/wp-content\/uploads\/2018\/03\/CICLABILE.jpg","_links":{"self":[{"href":"https:\/\/www.radiopiu.net\/wordpress\/wp-json\/wp\/v2\/posts\/203462","targetHints":{"allow":["GET"]}}],"collection":[{"href":"https:\/\/www.radiopiu.net\/wordpress\/wp-json\/wp\/v2\/posts"}],"about":[{"href":"https:\/\/www.radiopiu.net\/wordpress\/wp-json\/wp\/v2\/types\/post"}],"author":[{"embeddable":true,"href":"https:\/\/www.radiopiu.net\/wordpress\/wp-json\/wp\/v2\/users\/4"}],"replies":[{"embeddable":true,"href":"https:\/\/www.radiopiu.net\/wordpress\/wp-json\/wp\/v2\/comments?post=203462"}],"version-history":[{"count":0,"href":"https:\/\/www.radiopiu.net\/wordpress\/wp-json\/wp\/v2\/posts\/203462\/revisions"}],"wp:featuredmedia":[{"embeddable":true,"href":"https:\/\/www.radiopiu.net\/wordpress\/wp-json\/wp\/v2\/media\/44721"}],"wp:attachment":[{"href":"https:\/\/www.radiopiu.net\/wordpress\/wp-json\/wp\/v2\/media?parent=203462"}],"wp:term":[{"taxonomy":"category","embeddable":true,"href":"https:\/\/www.radiopiu.net\/wordpress\/wp-json\/wp\/v2\/categories?post=203462"},{"taxonomy":"post_tag","embeddable":true,"href":"https:\/\/www.radiopiu.net\/wordpress\/wp-json\/wp\/v2\/tags?post=203462"}],"curies":[{"name":"wp","href":"https:\/\/api.w.org\/{rel}","templated":true}]}}