{"id":203496,"date":"2021-04-15T03:59:57","date_gmt":"2021-04-15T01:59:57","guid":{"rendered":"https:\/\/www.radiopiu.net\/wordpress\/?p=203496"},"modified":"2021-04-15T06:19:55","modified_gmt":"2021-04-15T04:19:55","slug":"la-storia-nonna-neta-vaccinata-a-domicilio","status":"publish","type":"post","link":"https:\/\/www.radiopiu.net\/wordpress\/la-storia-nonna-neta-vaccinata-a-domicilio\/","title":{"rendered":"LA STORIA, NONNA NETA VACCINATA A DOMICILIO"},"content":{"rendered":"<p><strong>CADORE<\/strong> Oggi \u201cNona Neta\u201d, 96 anni, prima donna cadorina a guidare, \u00e8 stata vaccinata a domicilio, da un medico del Dipartimento di Prevenzione dell\u2019Ulss Dolomiti. Classe 1924, Antonietta Da Pr\u00e0, meglio conosciuta come &#8220;Nona Neta&#8221; \u00e8 stata la prima donna del Cadore ad avere auto e patente.<br \/>\nQuesta mattina ha accolto con felicit\u00e0 il nostro medico che l\u2019ha vaccinata a casa, raccontando con fierezza la sua storia e mostrando la foto alla guida della sua Topolino. \u201cFinalmente la mia vita non \u00e8 pi\u00f9 in pericolo!\u201d ha esclamato dopo il vaccino. Quella di &#8220;Nona Neta&#8221; \u00e8 una delle tante storie di vita e di coraggio degli anziani delle nostre vallate raccolte dai medici durante la vaccinazione a domicilio, che \u00e8 anche occasione per ritrovare il tempo dell&#8217;ascolto e della gratitudine. Continua intanto l\u2019impegno dell\u2019Ulss Dolomiti per portare il vaccino a casa delle persone con pi\u00f9 di 80 anni impossibilitate a muoversi sia attraverso i medici del Dipartimento di Prevenzione e sia attraverso i Medici di Medicina Generale per mettere in sicurezza al pi\u00f9 presto i pi\u00f9 anziani.<\/p>\n\n\t\t\t<style type='text\/css'>\n\t\t\t\t#gallery-1 {\n\t\t\t\t\tmargin: auto;\n\t\t\t\t}\n\t\t\t\t#gallery-1 .gallery-item {\n\t\t\t\t\tfloat: left;\n\t\t\t\t\tmargin-top: 10px;\n\t\t\t\t\ttext-align: center;\n\t\t\t\t\twidth: 50%;\n\t\t\t\t}\n\t\t\t\t#gallery-1 img {\n\t\t\t\t\tborder: 2px solid #cfcfcf;\n\t\t\t\t}\n\t\t\t\t#gallery-1 .gallery-caption {\n\t\t\t\t\tmargin-left: 0;\n\t\t\t\t}\n\t\t\t\t\/* see gallery_shortcode() in wp-includes\/media.php *\/\n\t\t\t<\/style>\n\t\t<div id='gallery-1' class='dt-gallery-container gallery galleryid-203496 gallery-columns-2 gallery-size-thumbnail'><dl class='gallery-item'>\n\t\t\t\t<dt class='gallery-icon landscape'>\n\t\t\t\t\t<a class=\"rollover rollover-zoom dt-pswp-item\" title=\"IMG-20210414-WA0002\" data-dt-img-description=\"\" data-large_image_width=\"1600\" data-large_image_height=\"1033\"href='https:\/\/www.radiopiu.net\/wordpress\/wp-content\/uploads\/2021\/04\/IMG-20210414-WA0002.jpg'><img loading=\"lazy\" decoding=\"async\" width=\"150\" height=\"150\" src=\"https:\/\/www.radiopiu.net\/wordpress\/wp-content\/uploads\/2021\/04\/IMG-20210414-WA0002-150x150.jpg\" class=\"attachment-thumbnail size-thumbnail\" alt=\"\" \/><\/a>\n\t\t\t\t<\/dt><\/dl><dl class='gallery-item'>\n\t\t\t\t<dt class='gallery-icon portrait'>\n\t\t\t\t\t<a class=\"rollover rollover-zoom dt-pswp-item\" title=\"IMG-20210414-WA0009\" data-dt-img-description=\"\" data-large_image_width=\"900\" data-large_image_height=\"1600\"href='https:\/\/www.radiopiu.net\/wordpress\/wp-content\/uploads\/2021\/04\/IMG-20210414-WA0009.jpg'><img loading=\"lazy\" decoding=\"async\" width=\"150\" height=\"150\" src=\"https:\/\/www.radiopiu.net\/wordpress\/wp-content\/uploads\/2021\/04\/IMG-20210414-WA0009-150x150.jpg\" class=\"attachment-thumbnail size-thumbnail\" alt=\"\" \/><\/a>\n\t\t\t\t<\/dt><\/dl><br style=\"clear: both\" \/>\n\t\t\t<\/div>\n\n<p>Nella foto: Nona Neta e la sua Topolino e la dottoressa Cristina Reverzani<\/p>\n<p>fonte pagina facebook Ulss1<\/p>\n","protected":false},"excerpt":{"rendered":"<p>CADORE Oggi \u201cNona Neta\u201d, 96 anni, prima donna cadorina a guidare, \u00e8 stata vaccinata a domicilio, da un medico del Dipartimento di Prevenzione dell\u2019Ulss Dolomiti. Classe 1924, Antonietta Da Pr\u00e0, meglio conosciuta come &#8220;Nona Neta&#8221; \u00e8 stata la prima donna del Cadore ad avere auto e patente. Questa mattina ha accolto con felicit\u00e0 il nostro&hellip;<\/p>\n","protected":false},"author":4,"featured_media":203497,"comment_status":"closed","ping_status":"closed","sticky":false,"template":"","format":"standard","meta":{"_monsterinsights_skip_tracking":false,"_monsterinsights_sitenote_active":false,"_monsterinsights_sitenote_note":"","_monsterinsights_sitenote_category":0,"footnotes":""},"categories":[1,104,49],"tags":[],"class_list":["post-203496","post","type-post","status-publish","format-standard","has-post-thumbnail","hentry","category-senza-categoria","category-evidenza_3","category-news-18","category-1","category-104","category-49","description-off"],"img_url":"https:\/\/www.radiopiu.net\/wordpress\/wp-content\/uploads\/2021\/04\/IMG-20210414-WA0002.jpg","_links":{"self":[{"href":"https:\/\/www.radiopiu.net\/wordpress\/wp-json\/wp\/v2\/posts\/203496","targetHints":{"allow":["GET"]}}],"collection":[{"href":"https:\/\/www.radiopiu.net\/wordpress\/wp-json\/wp\/v2\/posts"}],"about":[{"href":"https:\/\/www.radiopiu.net\/wordpress\/wp-json\/wp\/v2\/types\/post"}],"author":[{"embeddable":true,"href":"https:\/\/www.radiopiu.net\/wordpress\/wp-json\/wp\/v2\/users\/4"}],"replies":[{"embeddable":true,"href":"https:\/\/www.radiopiu.net\/wordpress\/wp-json\/wp\/v2\/comments?post=203496"}],"version-history":[{"count":0,"href":"https:\/\/www.radiopiu.net\/wordpress\/wp-json\/wp\/v2\/posts\/203496\/revisions"}],"wp:featuredmedia":[{"embeddable":true,"href":"https:\/\/www.radiopiu.net\/wordpress\/wp-json\/wp\/v2\/media\/203497"}],"wp:attachment":[{"href":"https:\/\/www.radiopiu.net\/wordpress\/wp-json\/wp\/v2\/media?parent=203496"}],"wp:term":[{"taxonomy":"category","embeddable":true,"href":"https:\/\/www.radiopiu.net\/wordpress\/wp-json\/wp\/v2\/categories?post=203496"},{"taxonomy":"post_tag","embeddable":true,"href":"https:\/\/www.radiopiu.net\/wordpress\/wp-json\/wp\/v2\/tags?post=203496"}],"curies":[{"name":"wp","href":"https:\/\/api.w.org\/{rel}","templated":true}]}}