{"id":203550,"date":"2021-04-14T23:58:01","date_gmt":"2021-04-14T21:58:01","guid":{"rendered":"https:\/\/www.radiopiu.net\/wordpress\/?p=203550"},"modified":"2021-04-15T06:20:44","modified_gmt":"2021-04-15T04:20:44","slug":"libro-di-vendramini-la-rivolta-dei-contadini-bellunesi-nel-1800","status":"publish","type":"post","link":"https:\/\/www.radiopiu.net\/wordpress\/libro-di-vendramini-la-rivolta-dei-contadini-bellunesi-nel-1800\/","title":{"rendered":"LIBRO DI VENDRAMINI: \u201cLA RIVOLTA DEI CONTADINI BELLUNESI NEL 1800\u201d"},"content":{"rendered":"<h2>di RENATO BONA<\/h2>\n<p><span class=\"tojvnm2t a6sixzi8 abs2jz4q a8s20v7p t1p8iaqh k5wvi7nf q3lfd5jv pk4s997a bipmatt0 cebpdrjk qowsmv63 owwhemhu dp1hu0rb dhp61c6y iyyx5f41\">Due grandi della cultura e storia bellunese (e non solo), entrambi scomparsi: Ferruccio Vendramini ed Augusto Murer, insieme per \u201cLa rivolta dei contadini bellunesi del 1800\u201d, pregevolissimo libro edito nel dicembre 1972 dalla Libreria Moderna Walter Pilotto di Feltre (Tipo Lito-Offset Agordina di Agordo). I testi, frutto di una accurata ricerca di Vendramini, sono impreziositi da 5 disegni (uno riprodotto anche nella copertina del volume) che illustrano le fasi della \u201cstorica\u201d rivolta contadina. In prefazione, a firma di Francesco Franchi, la ricostruzione di una ragione: \u201cSe non mantener\u00e0 ci\u00f2 che promise, ancor venir\u00e0\u201d, giuramento dei rivoltosi in data 17 marzo 1800. Poi Franchi scriveva, fra l\u2019altro: \u201c\u2026Risulta evidente che quest\u2019opera si propone cone strumento critico e quindi politico, implicato dunque in una precisa scelta morale, per analizzare non tanto eventi passati quanto i dati attuali di una societ\u00e0 locale che pu\u00f2 tuttora individuare molti presupposti della sua iniqua disorganizzazione in un passato ricco di insegnamenti e di evidenze storiche\u201d. Ed aggiungeva: \u201c\u2026La classse agricola bellunese ha sofferto tutti i danni derivanti dall\u2019espropriazione collettiva senza avere nessuno dei vantaggi della appropriazione individuale: ed \u00e8 anche in certo modo effetto della sconfitta di quella rivolta contadina che voleva, in ultima analisi, compiere una razionalizzazione delle strutture produttive di cui i proprietari si dimostravano incapaci, e che avrebbe favorito tutta la societ\u00e0 nel suo complesso, compresi i feudatari\u201d, per concludere: \u201cLa parola che i contadini si diedero dopo la rivolta, lasciando la citt\u00e0 che avevano occupato, di tornare ancora se il rispetto promesso dai nobili ai diritti del popolo non fosse stato mantenuto, \u00e8 ancora valida: agli eredi ideali di quegli oppressi il compito di attuarla, e stavolta fino alle sue estreme e vittoriose conseguenze, contro gli eredi politici ed economici di quegli oppressori. Perch\u00e9 il popolo del lavoro, anche tra queste montagne, viene da lontano e va lontano\u201d. Dettagliando nei capitoli \u201cLa restaurazione austriaca\u201d, \u201cMotivi della rivolta\u201d, \u201cPrima giornata\u201d, \u201cSeconda giornata\u201d, \u201cTerza giornata\u201d, \u201cQuarta giornata\u201d, \u201cQuinta giornata\u201d, \u201cLe richieste dei rivoltosi\u201d, \u201cL\u2019arresto dei capi\u201d, \u201cLa fine della rivolta\u201d, l\u2019introduzione evidenzia che \u201cL\u2019importanza della rivolta dei territori bellunesi (marzo 1800) non sta solo nel gran numero di persone, che, provenienti dai vari distretti, invasero la citt\u00e0, ma anche e soprattutto nel modo in cui si svolsero i fatti e nel significato umano, politico e sociale dell\u2019intera vicenda\u201d e precisa che: \u201cIl documento principale che riguarda la rivolta \u00e8 un manoscritto conservato nella Biblioteca civica di Belluno con il numero 924: \u2018Processo storico relativo all\u2019ingresso dei contadini nella citt\u00e0 di Belluno\u2019. La firma di chi lo compose manualmente \u00e8 quella di Domenico Fantuzzi. E\u2019 una inchiesta preliminare sugli avvenimenti condotta probabilmente dal giudice Brocchi, il quale, membro del tribunale revisorio di Venezia, venne a Belluno per le indagini. Le pagine finali con le note delle spese per gli alimenti requisiti dai rivoltosi, portano la data del 17 ottobre1800. Dunque l\u2019intera inchiesta si concluse dopo sette mesi dagli avvenimenti. La parte pi\u00f9 importante del manoscritto \u00e8 la prima, che fa la cronistoria delle giornate di marzo e riporta la corrispondenza epistolare tra gli insorti e i Consoli della citt\u00e0\u2026\u201d. Infine il commento di un articolista che puntualizzava: \u201c\u2026 L\u2019Andriolo, il Bertoldi e il De Mio Antonio Bianca, perch\u00e9 autori principali dell\u2019insurrezione furono liberati soltanto il 15 gennaio 1801, cio\u00e8 il giorno prima che gli austriaci partissero da Treviso, per far luogo alle truppe di Napoleone. Dovettero pertanto la loro salvezza all\u2019invasore francese nel Veneto\u201d. Quali erano le richieste dei rivoltosi, articolate in 14 capitoli?\u201d: \u201cche non venghi estratta da questo Territorio e Distretto abbracciato da questa Citt\u00e0, biada n\u00e8 in poca, n\u00e8 in molta quantit\u00e0 e di nessun genere dal giorno della pubblicazione del presente, senza la firma di destinata persona per unico oggetto della sussistenza del popolo, riservati per\u00f2 li casi di R.I. Commissione\u201d; \u201cche a comodo universale della popolazione nel termine pi\u00f9 ristretto sia eretto, ed aperto un pubblico fontico in questa Citt\u00e0 e dalla stessa provveduto con obbligo del Territorio per le condotte previo pagamento\u201d; \u201cche rapporto alla vendita del sorgo Turco di questa Citt\u00e0 e Territorio sia per sei mesi dalla esibizione di questa capitolazione fissato, ed inalterabile il prezzo di L 26 per sacco, ed in ragion di sacco\u201d; \u201cli commestibili seguenti non possano essere venduti oltre il tassato prezzo segnato dalla presente tariffa: li vitelli vivi alla libbra L 7, formaggio d\u2019armenta stagionato 14, formaggio di pecora 18, buttiro 1, la puina secca 6, il capo di latte, alla mezza, 2, il latte 1, li uccelli l\u2019uno 6, le rane l\u2019una 6, li tordi 2, li ovi per cadauno 6, la gallina 1, il pesce poi, genere di fortuna, ed altri generi, che abbracciati non sono nel catalogo presente saranno con la proporzionata equit\u00e0 venduti\u201d; \u201csiccome cerca questo Territorio una generale composizione con la Citt\u00e0 stessa e sopra l\u2019argomento del dazio del bestiame, non volendo offender in nessun conto la pendenza esistente al Regio Imperial Governo, dalla Citt\u00e0 medesima col mezzo di formale rinuncia, resti abolito in ogni sua parte il dazio stesso\u201d che li Territoriali possano vendere in ogni tempo il suo vino nazionale\u201d; \u201cche nessun Nobile di questa Citt\u00e0 possa levar l\u2019incanto, nessuno de\u2019 dazi, n\u00e9 con la propria rappresentanza, n\u00e8 col mezzo di sostituta persona\u201d; \u201csopra il dazio vino per non indebolire il patrimonio di questa Citt\u00e0, sebbene ci opprime l\u2019imposta per le sue conseguenze, ci consentiamo che sia minorato per met\u00e0, cio\u00e8 a sole lire dieci per botte e non pi\u00f9, eccettuata per\u00f2 la Citt\u00e0, e senza alcun altro aggravio, pagata la segnata di L 10 al Daziario, che a tal oggetto sar\u00e0 destinato, resti libera la vendita a comodo di tutti\u201d; \u201cche li esattori per contro gravezze, ed altri dazi della Citt\u00e0 stessa dopo il periodo d\u2019anni dieci in avvenire non possano pi\u00f9 molestarci per li supposti debiti territoriali\u201d; \u201cli pagamenti che si pretendono da\u2019 Nobili scrivani per li mancamenti in condur legna e grassina alla Piazza, e portar commestibili alla vendita, come questo rende a solo profitto de\u2019 Scrivani medesimi, e bene spesso accordano il preteso pagamento, e dispensano li villici dall\u2019obbligo non necessario, questo dovr\u00e0 intendersi per sempre annullato\u201d; \u201cche restino in potere delle rispettive Comunit\u00e0 le pesche e barche di ragione di questa Citt\u00e0, e restino libere\u201d; \u201cche per il pagamento degli atti notarili, civili, ed onorari, sia osservata la tariffa dell\u2019epoca 1796\u201d: \u201cle revisioni che dall\u2019Officio di sanit\u00e0 vengono praticate sopra cadaveri queste non abbiano ad esigere che a norma de\u2019 statuti sul proposito\u201d; infine: \u201criatter\u00e0 il Territorio con li metodi ordinari le pubbliche strade senza per\u00f2 avere alcun aggravio n\u00e9 spesa di sorte alcuna per la visita delle medesime\u201d. <\/span><\/p>\n\n\t\t\t<style type='text\/css'>\n\t\t\t\t#gallery-1 {\n\t\t\t\t\tmargin: auto;\n\t\t\t\t}\n\t\t\t\t#gallery-1 .gallery-item {\n\t\t\t\t\tfloat: left;\n\t\t\t\t\tmargin-top: 10px;\n\t\t\t\t\ttext-align: center;\n\t\t\t\t\twidth: 33%;\n\t\t\t\t}\n\t\t\t\t#gallery-1 img {\n\t\t\t\t\tborder: 2px solid #cfcfcf;\n\t\t\t\t}\n\t\t\t\t#gallery-1 .gallery-caption {\n\t\t\t\t\tmargin-left: 0;\n\t\t\t\t}\n\t\t\t\t\/* see gallery_shortcode() in wp-includes\/media.php *\/\n\t\t\t<\/style>\n\t\t<div id='gallery-1' class='dt-gallery-container gallery galleryid-203550 gallery-columns-3 gallery-size-thumbnail'><dl class='gallery-item'>\n\t\t\t\t<dt class='gallery-icon portrait'>\n\t\t\t\t\t<a class=\"rollover\" href='https:\/\/www.radiopiu.net\/wordpress\/libro-di-vendramini-la-rivolta-dei-contadini-bellunesi-nel-1800\/173566477_1155133254960318_2842101617050107010_n\/'><img loading=\"lazy\" decoding=\"async\" width=\"150\" height=\"150\" src=\"https:\/\/www.radiopiu.net\/wordpress\/wp-content\/uploads\/2021\/04\/173566477_1155133254960318_2842101617050107010_n-150x150.jpg\" class=\"attachment-thumbnail size-thumbnail\" alt=\"\" \/><\/a>\n\t\t\t\t<\/dt><\/dl><dl class='gallery-item'>\n\t\t\t\t<dt class='gallery-icon landscape'>\n\t\t\t\t\t<a class=\"rollover\" href='https:\/\/www.radiopiu.net\/wordpress\/libro-di-vendramini-la-rivolta-dei-contadini-bellunesi-nel-1800\/173512051_292177762285759_2234324829820017198_n\/'><img loading=\"lazy\" decoding=\"async\" width=\"150\" height=\"150\" src=\"https:\/\/www.radiopiu.net\/wordpress\/wp-content\/uploads\/2021\/04\/173512051_292177762285759_2234324829820017198_n-150x150.jpg\" class=\"attachment-thumbnail size-thumbnail\" alt=\"\" \/><\/a>\n\t\t\t\t<\/dt><\/dl><dl class='gallery-item'>\n\t\t\t\t<dt class='gallery-icon portrait'>\n\t\t\t\t\t<a class=\"rollover\" href='https:\/\/www.radiopiu.net\/wordpress\/libro-di-vendramini-la-rivolta-dei-contadini-bellunesi-nel-1800\/173711746_451805952773051_3632536635810653182_n\/'><img loading=\"lazy\" decoding=\"async\" width=\"150\" height=\"150\" src=\"https:\/\/www.radiopiu.net\/wordpress\/wp-content\/uploads\/2021\/04\/173711746_451805952773051_3632536635810653182_n-150x150.jpg\" class=\"attachment-thumbnail size-thumbnail\" alt=\"\" \/><\/a>\n\t\t\t\t<\/dt><\/dl><br style=\"clear: both\" \/><dl class='gallery-item'>\n\t\t\t\t<dt class='gallery-icon portrait'>\n\t\t\t\t\t<a class=\"rollover\" href='https:\/\/www.radiopiu.net\/wordpress\/libro-di-vendramini-la-rivolta-dei-contadini-bellunesi-nel-1800\/173770915_461695751748978_7491987411256737670_n\/'><img loading=\"lazy\" decoding=\"async\" width=\"150\" height=\"150\" src=\"https:\/\/www.radiopiu.net\/wordpress\/wp-content\/uploads\/2021\/04\/173770915_461695751748978_7491987411256737670_n-150x150.jpg\" class=\"attachment-thumbnail size-thumbnail\" alt=\"\" \/><\/a>\n\t\t\t\t<\/dt><\/dl><dl class='gallery-item'>\n\t\t\t\t<dt class='gallery-icon portrait'>\n\t\t\t\t\t<a class=\"rollover\" href='https:\/\/www.radiopiu.net\/wordpress\/libro-di-vendramini-la-rivolta-dei-contadini-bellunesi-nel-1800\/173810282_503168447481931_5673536222574626573_n\/'><img loading=\"lazy\" decoding=\"async\" width=\"150\" height=\"150\" src=\"https:\/\/www.radiopiu.net\/wordpress\/wp-content\/uploads\/2021\/04\/173810282_503168447481931_5673536222574626573_n-150x150.jpg\" class=\"attachment-thumbnail size-thumbnail\" alt=\"\" \/><\/a>\n\t\t\t\t<\/dt><\/dl><dl class='gallery-item'>\n\t\t\t\t<dt class='gallery-icon landscape'>\n\t\t\t\t\t<a class=\"rollover\" href='https:\/\/www.radiopiu.net\/wordpress\/libro-di-vendramini-la-rivolta-dei-contadini-bellunesi-nel-1800\/173699418_606182810781917_3401906448481837395_n\/'><img loading=\"lazy\" decoding=\"async\" width=\"150\" height=\"150\" src=\"https:\/\/www.radiopiu.net\/wordpress\/wp-content\/uploads\/2021\/04\/173699418_606182810781917_3401906448481837395_n-150x150.jpg\" class=\"attachment-thumbnail size-thumbnail\" alt=\"\" \/><\/a>\n\t\t\t\t<\/dt><\/dl><br style=\"clear: both\" \/><dl class='gallery-item'>\n\t\t\t\t<dt class='gallery-icon portrait'>\n\t\t\t\t\t<a class=\"rollover\" href='https:\/\/www.radiopiu.net\/wordpress\/libro-di-vendramini-la-rivolta-dei-contadini-bellunesi-nel-1800\/173604174_790510808272479_5396439786381962481_n\/'><img loading=\"lazy\" decoding=\"async\" width=\"150\" height=\"150\" src=\"https:\/\/www.radiopiu.net\/wordpress\/wp-content\/uploads\/2021\/04\/173604174_790510808272479_5396439786381962481_n-150x150.jpg\" class=\"attachment-thumbnail size-thumbnail\" alt=\"\" \/><\/a>\n\t\t\t\t<\/dt><\/dl><dl class='gallery-item'>\n\t\t\t\t<dt class='gallery-icon portrait'>\n\t\t\t\t\t<a class=\"rollover\" href='https:\/\/www.radiopiu.net\/wordpress\/libro-di-vendramini-la-rivolta-dei-contadini-bellunesi-nel-1800\/173725540_880137545875334_4627038524335756095_n\/'><img loading=\"lazy\" decoding=\"async\" width=\"150\" height=\"150\" src=\"https:\/\/www.radiopiu.net\/wordpress\/wp-content\/uploads\/2021\/04\/173725540_880137545875334_4627038524335756095_n-150x150.jpg\" class=\"attachment-thumbnail size-thumbnail\" alt=\"\" \/><\/a>\n\t\t\t\t<\/dt><\/dl>\n\t\t\t\t<br style='clear: both' \/>\n\t\t\t<\/div>\n\n<p>&nbsp;<\/p>\n<p><span class=\"tojvnm2t a6sixzi8 abs2jz4q a8s20v7p t1p8iaqh k5wvi7nf q3lfd5jv pk4s997a bipmatt0 cebpdrjk qowsmv63 owwhemhu dp1hu0rb dhp61c6y iyyx5f41\">NELLE FOTO (archivio Renato Bona e riproduzioni dal libro \u201cLa rivolta dei contadini bellunesi nel 1800\u201d): la copertina della pubblicazione; l\u2019autore, lo storico Ferruccio Vendramini; il maestro Augusto Murer, autore dei cinque disegni che impreziosiscono il volume; riunione dei contadini nelle cave; ingresso dei rivoltosi a Belluno; punizione dei facinorosi; i rivoltosi in carcere; morte dell\u2019\u201cUserta\u201d (lucertola): si tratterebbe di Desiderio Manfroi, mortalmente ferito in uno scontro a fuoco con truppe austriache; ad Agordo la tradizione popolare lo ricorda come un brigante, o contrabbandiere o \u201cbravo\u201d della potente famiglia Crotta, in citt\u00e0 c\u2019\u00e8 ancora un viottolo col nome di Userta perch\u00e9 vi sorge l\u2019edificio dal quale il ribelle avrebbe sparato ai soldati.<\/span><\/p>\n","protected":false},"excerpt":{"rendered":"<p>di RENATO BONA Due grandi della cultura e storia bellunese (e non solo), entrambi scomparsi: Ferruccio Vendramini ed Augusto Murer, insieme per \u201cLa rivolta dei contadini bellunesi del 1800\u201d, pregevolissimo libro edito nel dicembre 1972 dalla Libreria Moderna Walter Pilotto di Feltre (Tipo Lito-Offset Agordina di Agordo). I testi, frutto di una accurata ricerca di&hellip;<\/p>\n","protected":false},"author":4,"featured_media":203553,"comment_status":"closed","ping_status":"closed","sticky":false,"template":"","format":"standard","meta":{"_monsterinsights_skip_tracking":false,"_monsterinsights_sitenote_active":false,"_monsterinsights_sitenote_note":"","_monsterinsights_sitenote_category":0,"footnotes":""},"categories":[104,49],"tags":[],"class_list":["post-203550","post","type-post","status-publish","format-standard","has-post-thumbnail","hentry","category-evidenza_3","category-news-18","category-104","category-49","description-off"],"img_url":"https:\/\/www.radiopiu.net\/wordpress\/wp-content\/uploads\/2021\/04\/173512051_292177762285759_2234324829820017198_n.jpg","_links":{"self":[{"href":"https:\/\/www.radiopiu.net\/wordpress\/wp-json\/wp\/v2\/posts\/203550","targetHints":{"allow":["GET"]}}],"collection":[{"href":"https:\/\/www.radiopiu.net\/wordpress\/wp-json\/wp\/v2\/posts"}],"about":[{"href":"https:\/\/www.radiopiu.net\/wordpress\/wp-json\/wp\/v2\/types\/post"}],"author":[{"embeddable":true,"href":"https:\/\/www.radiopiu.net\/wordpress\/wp-json\/wp\/v2\/users\/4"}],"replies":[{"embeddable":true,"href":"https:\/\/www.radiopiu.net\/wordpress\/wp-json\/wp\/v2\/comments?post=203550"}],"version-history":[{"count":0,"href":"https:\/\/www.radiopiu.net\/wordpress\/wp-json\/wp\/v2\/posts\/203550\/revisions"}],"wp:featuredmedia":[{"embeddable":true,"href":"https:\/\/www.radiopiu.net\/wordpress\/wp-json\/wp\/v2\/media\/203553"}],"wp:attachment":[{"href":"https:\/\/www.radiopiu.net\/wordpress\/wp-json\/wp\/v2\/media?parent=203550"}],"wp:term":[{"taxonomy":"category","embeddable":true,"href":"https:\/\/www.radiopiu.net\/wordpress\/wp-json\/wp\/v2\/categories?post=203550"},{"taxonomy":"post_tag","embeddable":true,"href":"https:\/\/www.radiopiu.net\/wordpress\/wp-json\/wp\/v2\/tags?post=203550"}],"curies":[{"name":"wp","href":"https:\/\/api.w.org\/{rel}","templated":true}]}}