{"id":203602,"date":"2021-04-15T10:08:03","date_gmt":"2021-04-15T08:08:03","guid":{"rendered":"https:\/\/www.radiopiu.net\/wordpress\/?p=203602"},"modified":"2021-04-15T10:08:03","modified_gmt":"2021-04-15T08:08:03","slug":"bollettino-neve-al-suolo-15-aprile-2021","status":"publish","type":"post","link":"https:\/\/www.radiopiu.net\/wordpress\/bollettino-neve-al-suolo-15-aprile-2021\/","title":{"rendered":"BOLLETTINO NEVE AL SUOLO &#8211; 15 APRILE 2021"},"content":{"rendered":"<p><strong>LIVINALLONGO<\/strong> La perturbazione che sta attraversando il Veneto ha portato altre nevicate. Malga Losch a Frassen\u00e8 \u00e8 la zona dove si sono registrati 25 cm di neve fresca, 15 cm a Cima Predazzo a Falcade e 14 cm a Frassen\u00e8. Ra Vales a Cortina rimane la zona dove durante la stagione invernale \u00e8 caduta pi\u00f9 neve con un cumulo totale di 265 cm.<\/p>\n<a href=\"https:\/\/www.radiopiu.net\/wordpress\/wp-content\/uploads\/2021\/04\/2021_04_15_Dolomiti-Neve-al-suolo.pdf\" class=\"pdfemb-viewer\" style=\"\" data-width=\"max\" data-height=\"max\" data-toolbar=\"top\" data-toolbar-fixed=\"on\">2021_04_15_Dolomiti Neve al suolo<\/a>\n","protected":false},"excerpt":{"rendered":"<p>LIVINALLONGO La perturbazione che sta attraversando il Veneto ha portato altre nevicate. Malga Losch a Frassen\u00e8 \u00e8 la zona dove si sono registrati 25 cm di neve fresca, 15 cm a Cima Predazzo a Falcade e 14 cm a Frassen\u00e8. Ra Vales a Cortina rimane la zona dove durante la stagione invernale \u00e8 caduta pi\u00f9&hellip;<\/p>\n","protected":false},"author":4,"featured_media":178011,"comment_status":"closed","ping_status":"closed","sticky":false,"template":"","format":"standard","meta":{"_monsterinsights_skip_tracking":false,"_monsterinsights_sitenote_active":false,"_monsterinsights_sitenote_note":"","_monsterinsights_sitenote_category":0,"footnotes":""},"categories":[49],"tags":[],"class_list":["post-203602","post","type-post","status-publish","format-standard","has-post-thumbnail","hentry","category-news-18","category-49","description-off"],"img_url":"https:\/\/www.radiopiu.net\/wordpress\/wp-content\/uploads\/2020\/12\/fiocco-neve.jpg","_links":{"self":[{"href":"https:\/\/www.radiopiu.net\/wordpress\/wp-json\/wp\/v2\/posts\/203602","targetHints":{"allow":["GET"]}}],"collection":[{"href":"https:\/\/www.radiopiu.net\/wordpress\/wp-json\/wp\/v2\/posts"}],"about":[{"href":"https:\/\/www.radiopiu.net\/wordpress\/wp-json\/wp\/v2\/types\/post"}],"author":[{"embeddable":true,"href":"https:\/\/www.radiopiu.net\/wordpress\/wp-json\/wp\/v2\/users\/4"}],"replies":[{"embeddable":true,"href":"https:\/\/www.radiopiu.net\/wordpress\/wp-json\/wp\/v2\/comments?post=203602"}],"version-history":[{"count":0,"href":"https:\/\/www.radiopiu.net\/wordpress\/wp-json\/wp\/v2\/posts\/203602\/revisions"}],"wp:featuredmedia":[{"embeddable":true,"href":"https:\/\/www.radiopiu.net\/wordpress\/wp-json\/wp\/v2\/media\/178011"}],"wp:attachment":[{"href":"https:\/\/www.radiopiu.net\/wordpress\/wp-json\/wp\/v2\/media?parent=203602"}],"wp:term":[{"taxonomy":"category","embeddable":true,"href":"https:\/\/www.radiopiu.net\/wordpress\/wp-json\/wp\/v2\/categories?post=203602"},{"taxonomy":"post_tag","embeddable":true,"href":"https:\/\/www.radiopiu.net\/wordpress\/wp-json\/wp\/v2\/tags?post=203602"}],"curies":[{"name":"wp","href":"https:\/\/api.w.org\/{rel}","templated":true}]}}