{"id":203616,"date":"2021-04-16T05:51:05","date_gmt":"2021-04-16T03:51:05","guid":{"rendered":"https:\/\/www.radiopiu.net\/wordpress\/?p=203616"},"modified":"2021-04-16T05:59:46","modified_gmt":"2021-04-16T03:59:46","slug":"la-conferenza-stampa-di-luca-zaia-in-diretta-da-marghera","status":"publish","type":"post","link":"https:\/\/www.radiopiu.net\/wordpress\/la-conferenza-stampa-di-luca-zaia-in-diretta-da-marghera\/","title":{"rendered":"SIAMO DA ZONA GIALLA, MA RIMARREMO IN ARANCIONE DICE L&#8217;ASSESSORE MANUELA LANZARIN"},"content":{"rendered":"<p>&nbsp;<\/p>\n<p><strong>VENEZIA<\/strong>\u00a0Consueto appuntamento con la conferenza stampa di Luca Zaia dalla sede della Protezione Civile a Marghera.<\/p>\n<p><strong>I NUMERI\u00a0 <\/strong>TAMPONI MOLECOLARI 4784639 (+18mila) TAMPONI RAPIDI 4091917 (+15mila) TAMPONI IERI 33.815 POSITIVI IERI\u00a0 + 1085\u00a0 INCIDENZA POSITIVI TAMPONI\u00a0 3,21% POSITIVI DA INIZIO EPIDEMIA 398843 POSITIVI ATTUALI 28332 RICOVERI\u00a0 1950 (-63) IN AREA NON CRITICA\u00a0 1684\u00a0 \u00a0(-52) IN TERAPIA INTENSIVA\u00a0 266 (-11) ALTRI PAZIENTI NON COVID in terapia intensiva 281 DECESSI 11041\u00a0 \u00a0(+23) DIMESSI 19349 (+119)<\/p>\n<p>&nbsp;<\/p>\n<h2>LEGGI LA CONFERENZA STAMPA DI MANUELA LANZARIN, aggiornamento in tempo reale<\/h2>\n<blockquote><p><em>Oggi Luca Zaia non c&#8217;\u00e8, giornata di video conferenze anche per <span style=\"font-size: 14px; font-weight: normal;\">\u00a0aggiornare e semplificare le linee guida per le riaperture: \u00a0con un&#8217;azione mirata le attivit\u00e0 potrebbero restare aperte alcune attivit\u00e0 anche in situazioni di rischio molto alto &#8211; ma \u00e8 tutto da chiarire, decidere, confermare.\u00a0 Le Regioni preparano le linee guida, l&#8217;ultima parola spetter\u00e0 al Governo e Cts. Le regioni sono allineate e concordi nel dire sentiamo il senso di responsabilit\u00e0 ma bisogna allentare con cautela e dovute misure. Le regioni si stanno confrontando per presentare una bozza delle linee guida per le riaperture, poi ci sar\u00e0 l&#8217;incontro con il Governo. Oggi incontro Stato-Regioni per alcuni provvedimenti ma non ci sar\u00e0 un confronto stato-regioni, piuttosto tra Fedriga, Speranza e gli altri Ministri.\u00a0<\/span><\/em><\/p><\/blockquote>\n<p><strong>CURVE IN DISCESA<\/strong> Il trend in calo continua a fa ben sperare sia con riferimento ai ricoveri ospedalieri che all&#8217;occupazione nei reparti di terapia intensiva.\u00a0 <strong>CAMPAGNA VACCINALE<\/strong>, ieri sono state vaccinate 16356 somministrazione con il totale dell&#8217;86% degli over 80 veneti vaccinati. E&#8217; arrivato il quantitativo di Pfizer atteso, oggi ne abbiamo oltre 172 mila dosi divisi tra Pfizer, Moderna e le 13mila dosi di Astrazeneca arrivate questa mattina. Non sono previste ulteriori consegne per questa settimana, nessuna notizia circa l&#8217;arrivo di Moderna per ora solo annunciato. J&amp;J era previsto l&#8217;arrivo ed \u00e8 arrivato sul territorio nazionale,\u00a0 ma al momento non viene distribuito tra le Regioni in attesa dei pareri dei scienziati. Nelle Ulss si lavora per chiudere la campagna vaccinale degli over 80, ne restano circa 50mila, fra i quali quelli da fare a domicilio (Usca e Medici di medicina generale), ma ci sono anche persone che rinunciano in maniera volontaria al vaccino. Le Ulss hanno anche previsto giornate ad accesso libero. <strong>UN GIALLO SOLO TEORICO\u00a0<\/strong> Domani la cabina di regia si esprimer\u00e0 sui parametri calcolati. I nostri numeri mentre aspettiamo la conferma del venerdi Rt a 0,81 incidenza 134 su 100 mila abitanti (soglia d&#8217;allarme 250) 26% di occupazione area non critica (limte 40%) e 27% terapia intensiva (limite 30%), numeri da scenario giallo, ma l&#8217;ultimo decreto arriva fino al 30 aprile con i due scenari arancione e rosso, quindi rimarremo arancioni.<\/p>\n<p><strong><img loading=\"lazy\" decoding=\"async\" class=\"alignleft\" src=\"https:\/\/www.radiopiu.net\/wordpress\/wp-content\/uploads\/2020\/05\/ristorante.jpg\" width=\"192\" height=\"128\" \/>RIAPERTURE<\/strong>\u00a0 Le regioni hanno\u00a0 avuto mandato per valutare le linee guida per palestre piscine, ristorazione, cinema, teatri. Questo permetter\u00e0 di anticipare le riaperture. Ora le Regioni le inviano al Ministero e Cts con l&#8217;auspicio che ci siano anche possibilit\u00e0 di riaperture prima delle previsioni. Non c&#8217;\u00e8 una data ma una premessa che prevede che le linee guida permettano le aperture anche in scenari ad alto rischio in base alla colorazione salvo un&#8217;attivit\u00e0 di screen per gli avventori anche con l&#8217;utilizzo dell&#8217;auto somministrazione.<strong>APRIRE NELLE ZONE AD ALTO RISCHIO NON SIGNIFICA CAUTELA<\/strong> <em>Tutti dicono di ragionare non pi\u00f9 con aperture e chiusure ma come mantenere aperte le attivit\u00e0 (non tutte probabilmente) anche quando ci sono scenari di un certo tipo. E&#8217; questa la linea anche a livello nazionale, valutare anche queste possibilit\u00e0. Prevediamo le aperture per ristoranti e bar anche per la cena non solo il pranzo, all&#8217;interno con finestre aperte e distanziamento. <\/em>dice l&#8217;assesore \u00a0Lanzarin.\u00a0\u00a0 Al lavoro anche il gruppo per la revisione dei parametri. <strong>RISTORANTI<\/strong> misurazione temperatura, prenotazione on line con registri da conservare 14 giorni, \u00a0il pi\u00f9 possibile all&#8217;aperto, se al chiuso finestre e porte aperte per l&#8217;areazione, distanza di un metro fra i tavoli, a due metri se lo scenario epidemiologico \u00e8 ad alto rischio. <strong>PALESTRE\/PISCINE <\/strong>distanza di 2 metri durante l&#8217;attivit\u00e0 fisica, 1 metro negli altri casi.<b> CINEMA <\/b> Per cinema e teatri distanza di 1 metro con mascherina, 2 metri senza mascherina (facoltativa) nessuna\u00a0 notizia nelle linee guida sulla capienza, non abbiamo messo limitazioni. <strong>NESSUNA DATA<\/strong> L&#8217;unica data\u00a0 \u00e8 quella dell&#8217;ultimo decreto del 30 aprile.\u00a0 <strong>CI SONO PRESIDENTI (FRIULI E TRENTO) CHE VOGLIONO ANTICIAPRE L&#8217;APERTURE CON ORDINANZA REGIONALE?<\/strong> <em>&#8220;Non \u00e8 ancora mai emersa.<\/em> Non risulta&#8221; ribatte l&#8217;assessore Manuela Lanzarin .<\/p>\n<p><strong>IL DOTTOR ROBERTO TONIOLO DIRETTORE AZIENDA ZERO<\/strong><\/p>\n<p><strong><img loading=\"lazy\" decoding=\"async\" class=\"alignleft\" src=\"https:\/\/www.radiopiu.net\/wordpress\/wp-content\/uploads\/2021\/04\/121dd010-1fac-45d1-883f-1b2d323c94c4.jpg\" width=\"162\" height=\"91\" \/>VENEZIA<\/strong> Roberto Toniolo \u00e8 Il Direttore Generale, nominato dal Presidente della Giunta regionale,\u00a0 legale rappresentante dell\u2019Azienda\u00a0 Zero. Oggi \u00e8 intervenuto circa il sequestro delle mascherine, una partita da 6 milioni di pezzi per il veneto arrivate luglio, utilizzate fino ad ottobre. Su 6 milioni 4 e pi\u00f9 milioni sono depositate presso i magazzini, in corso la verifica per quanto depositato nelle aziende sanitarie e Rsa e sono circa 300mila. Quindi 4 milioni e mezzo sono a deposito, consumate circa un milione e mezzo dallo scorso luglio, da allora si sono consumate 100mila mascherina al giorno.Sono fp2 ed Fp3. Non sono oggetto di sequestro mascherine acquistate da Azienda Zero,\u00a0 \u00e8 stato costituito un gruppo che ha definito materiali tecnici e verificato le documentazioni,\u00a0 quindi sono state indicate usabili per il &#8220;rischio medio&#8221;, in quelle situazioni di pericolo di contagio medio.<\/p>\n<p><strong>PORTALE E PRENOTAZIONI<\/strong> si pu\u00f2 prenotare e disdire con il codice la prenotazione.\u00a0 La persona deve prima eliminare la prenotazione fatta e poi\u00a0 rifare la prenotazione<\/p>\n<p>&nbsp;<\/p>\n<p><a href=\"https:\/\/www.facebook.com\/zaiaufficiale\/videos\/535084900990576\">https:\/\/www.facebook.com\/zaiaufficiale\/videos\/535084900990576<\/a><\/p>\n","protected":false},"excerpt":{"rendered":"<p>&nbsp; VENEZIA\u00a0Consueto appuntamento con la conferenza stampa di Luca Zaia dalla sede della Protezione Civile a Marghera. I NUMERI\u00a0 TAMPONI MOLECOLARI 4784639 (+18mila) TAMPONI RAPIDI 4091917 (+15mila) TAMPONI IERI 33.815 POSITIVI IERI\u00a0 + 1085\u00a0 INCIDENZA POSITIVI TAMPONI\u00a0 3,21% POSITIVI DA INIZIO EPIDEMIA 398843 POSITIVI ATTUALI 28332 RICOVERI\u00a0 1950 (-63) IN AREA NON CRITICA\u00a0 1684\u00a0 \u00a0(-52)&hellip;<\/p>\n","protected":false},"author":4,"featured_media":136601,"comment_status":"closed","ping_status":"closed","sticky":false,"template":"","format":"standard","meta":{"_monsterinsights_skip_tracking":false,"_monsterinsights_sitenote_active":false,"_monsterinsights_sitenote_note":"","_monsterinsights_sitenote_category":0,"footnotes":""},"categories":[51,49],"tags":[],"class_list":["post-203616","post","type-post","status-publish","format-standard","has-post-thumbnail","hentry","category-evidenza-top","category-news-18","category-51","category-49","description-off"],"img_url":"https:\/\/www.radiopiu.net\/wordpress\/wp-content\/uploads\/2020\/05\/LANZARIN.jpg","_links":{"self":[{"href":"https:\/\/www.radiopiu.net\/wordpress\/wp-json\/wp\/v2\/posts\/203616","targetHints":{"allow":["GET"]}}],"collection":[{"href":"https:\/\/www.radiopiu.net\/wordpress\/wp-json\/wp\/v2\/posts"}],"about":[{"href":"https:\/\/www.radiopiu.net\/wordpress\/wp-json\/wp\/v2\/types\/post"}],"author":[{"embeddable":true,"href":"https:\/\/www.radiopiu.net\/wordpress\/wp-json\/wp\/v2\/users\/4"}],"replies":[{"embeddable":true,"href":"https:\/\/www.radiopiu.net\/wordpress\/wp-json\/wp\/v2\/comments?post=203616"}],"version-history":[{"count":0,"href":"https:\/\/www.radiopiu.net\/wordpress\/wp-json\/wp\/v2\/posts\/203616\/revisions"}],"wp:featuredmedia":[{"embeddable":true,"href":"https:\/\/www.radiopiu.net\/wordpress\/wp-json\/wp\/v2\/media\/136601"}],"wp:attachment":[{"href":"https:\/\/www.radiopiu.net\/wordpress\/wp-json\/wp\/v2\/media?parent=203616"}],"wp:term":[{"taxonomy":"category","embeddable":true,"href":"https:\/\/www.radiopiu.net\/wordpress\/wp-json\/wp\/v2\/categories?post=203616"},{"taxonomy":"post_tag","embeddable":true,"href":"https:\/\/www.radiopiu.net\/wordpress\/wp-json\/wp\/v2\/tags?post=203616"}],"curies":[{"name":"wp","href":"https:\/\/api.w.org\/{rel}","templated":true}]}}