{"id":203693,"date":"2021-04-15T17:30:47","date_gmt":"2021-04-15T15:30:47","guid":{"rendered":"https:\/\/www.radiopiu.net\/wordpress\/?p=203693"},"modified":"2021-04-15T17:30:48","modified_gmt":"2021-04-15T15:30:48","slug":"inquinamento-stalle-ispra-proscioglie","status":"publish","type":"post","link":"https:\/\/www.radiopiu.net\/wordpress\/inquinamento-stalle-ispra-proscioglie\/","title":{"rendered":"INQUINAMENTO STALLE: ISPRA PROSCIOGLIE"},"content":{"rendered":"<p><strong><a href=\"https:\/\/www.radiopiu.net\/wordpress\/inquinamento-stalle-ispra-proscioglie\/horses-786239__340\/\" rel=\"attachment wp-att-203694\"><img loading=\"lazy\" decoding=\"async\" class=\"size-medium wp-image-203694 alignleft\" src=\"https:\/\/www.radiopiu.net\/wordpress\/wp-content\/uploads\/2021\/04\/horses-786239__340-300x200.jpg\" alt=\"\" width=\"300\" height=\"200\" srcset=\"https:\/\/www.radiopiu.net\/wordpress\/wp-content\/uploads\/2021\/04\/horses-786239__340-300x200.jpg 300w, https:\/\/www.radiopiu.net\/wordpress\/wp-content\/uploads\/2021\/04\/horses-786239__340.jpg 510w\" sizes=\"auto, (max-width: 300px) 100vw, 300px\" \/><\/a>ROMA<\/strong> <em>&#8220;Non sono gli allevamenti italiani il problema delle emissioni di gas, ma il traffico e la produzione industriale. Invece che colpire i virtuosi allevatori italiani, si colpiscano quelle nazioni che adottano metodi intensivi decisamente inquinanti\u201d. <\/em>il senatore Luca De Carlo, commenta cos\u00ec i dati diffusi dall&#8217;ente di ricerca nazionale in merito alle emissioni di gas serra a livello nazionale, che nel 2020 ha visto un calo di quasi il 10%. <em>\u201cPotremmo chiamarlo effetto-Covid: questo calo \u00e8 infatti dovuto soprattutto alle chiusure e al lockdown che hanno segnato lo scorso anno. Mentre le fabbriche e le scuole venivano chiuse, con relativo stop o calo di utilizzo per i mezzi di trasporto, gli allevamenti hanno continuato la loro attivit\u00e0\u201d, evidenzia De Carlo. \u201cSono poi gli stessi dati dell&#8217;ISPRA a confermare questa analisi: l&#8217;agricoltura \u201cpesa\u201d sulle emissioni appena il 7%, mentre l&#8217;industria il 44,7% e i trasporti il 24,5%\u201d. <\/em>De Carlo ribadisce quindi la sua difesa degli allevatori italiani: <em>\u201cOffrono prodotti di altissima qualit\u00e0 con un modello produttivo sempre pi\u00f9 green. Questo per\u00f2 accade in Italia e in molte nazioni europee: ci sono per\u00f2 realt\u00e0 nel mondo \u2013 penso alla Cina, all&#8217;India o agli Stati Uniti \u2013 dove il modello predominante \u00e8 quello intensivo, ed in quel caso la produzione di emissioni \u00e8 certamente pi\u00f9 rilevante. Ecco perch\u00e9 non bisogna continuare a penalizzare i nostri produttori, che sono gi\u00e0 impegnati nella massima ricerca della tutela ambientale, ed intervenire invece a livello internazionale per portare la produzione di questi paesi a modelli pi\u00f9 sostenibili\u201d.<\/em><\/p>\n","protected":false},"excerpt":{"rendered":"<p>ROMA &#8220;Non sono gli allevamenti italiani il problema delle emissioni di gas, ma il traffico e la produzione industriale. Invece che colpire i virtuosi allevatori italiani, si colpiscano quelle nazioni che adottano metodi intensivi decisamente inquinanti\u201d. il senatore Luca De Carlo, commenta cos\u00ec i dati diffusi dall&#8217;ente di ricerca nazionale in merito alle emissioni di&hellip;<\/p>\n","protected":false},"author":4,"featured_media":203694,"comment_status":"closed","ping_status":"closed","sticky":false,"template":"","format":"standard","meta":{"_monsterinsights_skip_tracking":false,"_monsterinsights_sitenote_active":false,"_monsterinsights_sitenote_note":"","_monsterinsights_sitenote_category":0,"footnotes":""},"categories":[49],"tags":[],"class_list":["post-203693","post","type-post","status-publish","format-standard","has-post-thumbnail","hentry","category-news-18","category-49","description-off"],"img_url":"https:\/\/www.radiopiu.net\/wordpress\/wp-content\/uploads\/2021\/04\/horses-786239__340.jpg","_links":{"self":[{"href":"https:\/\/www.radiopiu.net\/wordpress\/wp-json\/wp\/v2\/posts\/203693","targetHints":{"allow":["GET"]}}],"collection":[{"href":"https:\/\/www.radiopiu.net\/wordpress\/wp-json\/wp\/v2\/posts"}],"about":[{"href":"https:\/\/www.radiopiu.net\/wordpress\/wp-json\/wp\/v2\/types\/post"}],"author":[{"embeddable":true,"href":"https:\/\/www.radiopiu.net\/wordpress\/wp-json\/wp\/v2\/users\/4"}],"replies":[{"embeddable":true,"href":"https:\/\/www.radiopiu.net\/wordpress\/wp-json\/wp\/v2\/comments?post=203693"}],"version-history":[{"count":0,"href":"https:\/\/www.radiopiu.net\/wordpress\/wp-json\/wp\/v2\/posts\/203693\/revisions"}],"wp:featuredmedia":[{"embeddable":true,"href":"https:\/\/www.radiopiu.net\/wordpress\/wp-json\/wp\/v2\/media\/203694"}],"wp:attachment":[{"href":"https:\/\/www.radiopiu.net\/wordpress\/wp-json\/wp\/v2\/media?parent=203693"}],"wp:term":[{"taxonomy":"category","embeddable":true,"href":"https:\/\/www.radiopiu.net\/wordpress\/wp-json\/wp\/v2\/categories?post=203693"},{"taxonomy":"post_tag","embeddable":true,"href":"https:\/\/www.radiopiu.net\/wordpress\/wp-json\/wp\/v2\/tags?post=203693"}],"curies":[{"name":"wp","href":"https:\/\/api.w.org\/{rel}","templated":true}]}}