{"id":203753,"date":"2021-04-16T05:30:23","date_gmt":"2021-04-16T03:30:23","guid":{"rendered":"https:\/\/www.radiopiu.net\/wordpress\/?p=203753"},"modified":"2021-04-16T05:55:04","modified_gmt":"2021-04-16T03:55:04","slug":"fontana-ad-un-passo-dalla-24h-di-le-mans","status":"publish","type":"post","link":"https:\/\/www.radiopiu.net\/wordpress\/fontana-ad-un-passo-dalla-24h-di-le-mans\/","title":{"rendered":"FONTANA AD UN PASSO DALLA \u201c24H DI LE MANS\u201d"},"content":{"rendered":"<blockquote>\n<h3 class=\"null\"><\/h3>\n<\/blockquote>\n<h3 class=\"null\" style=\"text-align: left;\"><a href=\"https:\/\/www.radiopiu.net\/wordpress\/giornale-radiopiu-16-aprile-2021-direttore-mirko-mezzacasa\/3c3028c9-888c-4fbb-8845-aea5ad5a51d8\/\" rel=\"attachment wp-att-203754\"><img loading=\"lazy\" decoding=\"async\" class=\"size-medium wp-image-203754 alignleft\" src=\"https:\/\/www.radiopiu.net\/wordpress\/wp-content\/uploads\/2021\/04\/3c3028c9-888c-4fbb-8845-aea5ad5a51d8-300x180.jpg\" alt=\"\" width=\"300\" height=\"180\" srcset=\"https:\/\/www.radiopiu.net\/wordpress\/wp-content\/uploads\/2021\/04\/3c3028c9-888c-4fbb-8845-aea5ad5a51d8-300x180.jpg 300w, https:\/\/www.radiopiu.net\/wordpress\/wp-content\/uploads\/2021\/04\/3c3028c9-888c-4fbb-8845-aea5ad5a51d8-1024x614.jpg 1024w, https:\/\/www.radiopiu.net\/wordpress\/wp-content\/uploads\/2021\/04\/3c3028c9-888c-4fbb-8845-aea5ad5a51d8-768x461.jpg 768w, https:\/\/www.radiopiu.net\/wordpress\/wp-content\/uploads\/2021\/04\/3c3028c9-888c-4fbb-8845-aea5ad5a51d8.jpg 1200w\" sizes=\"auto, (max-width: 300px) 100vw, 300px\" \/><\/a><\/h3>\n<p><strong>BARCELLONA (SPAGNA).<\/strong> Un nuovo team per coronare il sogno della 24 ore di Le Mans. Riparte la stagione automobilistica che vede protagonista il pilota bellunese Andrea Fontana. Questa settimana al via il primo weekend di gare sulla pista di Barcellona con Fontana che ha ufficializzato la firma del contratto con un nuovo team. Il giovane pilota correr\u00e0 nella nella categoria regina delle Gran Turismo, la GTE (una volta chiamata GT2) dell\u2019European Le Mans Series con una macchina Ferrari 488 GTE della squadra inglese JMW Motorsport, una formazione storica che ha gi\u00e0 vinto la 24 ore pi\u00f9 famosa del mondo nel 2017. JMW Motorsport ha infatti una wild card per correre con una vettura a Le Mans, allo stesso tempo si pu\u00f2 accedere alla corsa nell anno successivo anche classificandosi nelle prime due posizioni del campionato che partir\u00e0 questo fine settimana. Il pilota bellunese nella passata stagione correva in una categoria inferiore, la LMP3, questo salto verso l\u2019alto \u00e8 dunque un\u2019occasione da non perdere.Una nuova esperienza nella massima espressione del Gran Turismo dove troviamo Ferrari, Porsche ed Aston Martin.Scenderanno in pista assieme anche ad altri prototipi di diverse categorie, per un totale di circa 45 macchine in pista. Si inizia dunque venerd\u00ec con le <a href=\"https:\/\/www.radiopiu.net\/wordpress\/giornale-radiopiu-16-aprile-2021-direttore-mirko-mezzacasa\/f424d1eb-097b-4188-872d-ebc0fe6ffb48\/\" rel=\"attachment wp-att-203755\"><img loading=\"lazy\" decoding=\"async\" class=\"size-medium wp-image-203755 alignright\" src=\"https:\/\/www.radiopiu.net\/wordpress\/wp-content\/uploads\/2021\/04\/f424d1eb-097b-4188-872d-ebc0fe6ffb48-300x144.png\" alt=\"\" width=\"300\" height=\"144\" srcset=\"https:\/\/www.radiopiu.net\/wordpress\/wp-content\/uploads\/2021\/04\/f424d1eb-097b-4188-872d-ebc0fe6ffb48-300x144.png 300w, https:\/\/www.radiopiu.net\/wordpress\/wp-content\/uploads\/2021\/04\/f424d1eb-097b-4188-872d-ebc0fe6ffb48-1024x492.png 1024w, https:\/\/www.radiopiu.net\/wordpress\/wp-content\/uploads\/2021\/04\/f424d1eb-097b-4188-872d-ebc0fe6ffb48-768x369.png 768w, https:\/\/www.radiopiu.net\/wordpress\/wp-content\/uploads\/2021\/04\/f424d1eb-097b-4188-872d-ebc0fe6ffb48-1536x738.png 1536w, https:\/\/www.radiopiu.net\/wordpress\/wp-content\/uploads\/2021\/04\/f424d1eb-097b-4188-872d-ebc0fe6ffb48-2048x983.png 2048w\" sizes=\"auto, (max-width: 300px) 100vw, 300px\" \/><\/a>prove libere a Barcellona, sabato spazio ad altre prove e alle qualifiche, domenica infine la gara di 4 ore totali, con partenza prevista per le 11. Fontana correr\u00e0 insieme ad altri 2 piloti, l&#8217;inglese Jody Fannin e l&#8217;americano Rodrigo Sales.<\/p>\n<blockquote><p><em>\u201cSono molto contento di questa possibilit\u00e0, ho deciso di accettare questa proposta per portare avanti il mio progetto di arrivare a correre la 24 ore di Le Mans entro il 2022.\u00a0 E&#8217; un\u2019opportunit\u00e0 inoltre per trovare nuovi sponsor, magari bellunesi, che credono in me e che possano coronare il sogno di accompagnarmi a Le Mans. Non ho mai gareggiato con questa macchina e per me \u00e8 tutto nuovo, la difficolt\u00e0 principale fino ad ora \u00e8 che la vettura non ha l\u2019ABS, ed \u00e8 molto pi\u00f9 areodinamica e veloce rispetto alle vetture GT che ho sempre guidato. A differenza degli altri Team noi non abbiamo fatto nessun test pre-stagionale e sicuramente\u00a0 questo non ci aiuta, dobbiamo prendere confidenza con la nuova mescola di gomme e quindi un nuovo setup, ma il Team lavora bene e sono positivo.\u00a0 L\u2019obbiettivo per domenica \u00e8 arrivare nei top 5 e fare esperienza.\u201d<\/em><\/p><\/blockquote>\n","protected":false},"excerpt":{"rendered":"<p>BARCELLONA (SPAGNA). Un nuovo team per coronare il sogno della 24 ore di Le Mans. Riparte la stagione automobilistica che vede protagonista il pilota bellunese Andrea Fontana. Questa settimana al via il primo weekend di gare sulla pista di Barcellona con Fontana che ha ufficializzato la firma del contratto con un nuovo team. Il giovane&hellip;<\/p>\n","protected":false},"author":4,"featured_media":203755,"comment_status":"closed","ping_status":"closed","sticky":false,"template":"","format":"standard","meta":{"_monsterinsights_skip_tracking":false,"_monsterinsights_sitenote_active":false,"_monsterinsights_sitenote_note":"","_monsterinsights_sitenote_category":0,"footnotes":""},"categories":[104,49],"tags":[],"class_list":["post-203753","post","type-post","status-publish","format-standard","has-post-thumbnail","hentry","category-evidenza_3","category-news-18","category-104","category-49","description-off"],"img_url":"https:\/\/www.radiopiu.net\/wordpress\/wp-content\/uploads\/2021\/04\/f424d1eb-097b-4188-872d-ebc0fe6ffb48.png","_links":{"self":[{"href":"https:\/\/www.radiopiu.net\/wordpress\/wp-json\/wp\/v2\/posts\/203753","targetHints":{"allow":["GET"]}}],"collection":[{"href":"https:\/\/www.radiopiu.net\/wordpress\/wp-json\/wp\/v2\/posts"}],"about":[{"href":"https:\/\/www.radiopiu.net\/wordpress\/wp-json\/wp\/v2\/types\/post"}],"author":[{"embeddable":true,"href":"https:\/\/www.radiopiu.net\/wordpress\/wp-json\/wp\/v2\/users\/4"}],"replies":[{"embeddable":true,"href":"https:\/\/www.radiopiu.net\/wordpress\/wp-json\/wp\/v2\/comments?post=203753"}],"version-history":[{"count":0,"href":"https:\/\/www.radiopiu.net\/wordpress\/wp-json\/wp\/v2\/posts\/203753\/revisions"}],"wp:featuredmedia":[{"embeddable":true,"href":"https:\/\/www.radiopiu.net\/wordpress\/wp-json\/wp\/v2\/media\/203755"}],"wp:attachment":[{"href":"https:\/\/www.radiopiu.net\/wordpress\/wp-json\/wp\/v2\/media?parent=203753"}],"wp:term":[{"taxonomy":"category","embeddable":true,"href":"https:\/\/www.radiopiu.net\/wordpress\/wp-json\/wp\/v2\/categories?post=203753"},{"taxonomy":"post_tag","embeddable":true,"href":"https:\/\/www.radiopiu.net\/wordpress\/wp-json\/wp\/v2\/tags?post=203753"}],"curies":[{"name":"wp","href":"https:\/\/api.w.org\/{rel}","templated":true}]}}