{"id":203790,"date":"2021-04-27T16:57:01","date_gmt":"2021-04-27T14:57:01","guid":{"rendered":"https:\/\/www.radiopiu.net\/wordpress\/?p=203790"},"modified":"2021-04-27T16:57:39","modified_gmt":"2021-04-27T14:57:39","slug":"due-concorsi-musicali-a-belluno-il-concorso-nazionale-musicale-citta-di-belluno-e-il-concorso-internazionale-di-canto-lirico","status":"publish","type":"post","link":"https:\/\/www.radiopiu.net\/wordpress\/due-concorsi-musicali-a-belluno-il-concorso-nazionale-musicale-citta-di-belluno-e-il-concorso-internazionale-di-canto-lirico\/","title":{"rendered":"DUE CONCORSI MUSICALI A BELLUNO. IL CONCORSO NAZIONALE MUSICALE CITTA&#8217; DI BELLUNO E IL CONCORSO INTERNAZIONALE DI CANTO LIRICO"},"content":{"rendered":"<p><strong><a href=\"https:\/\/www.radiopiu.net\/wordpress\/due-concorsi-musicali-a-belluno-il-concorso-nazionale-musicale-citta-di-belluno-e-il-concorso-internazionale-di-canto-lirico\/3t4a5586\/\" rel=\"attachment wp-att-203792\"><img loading=\"lazy\" decoding=\"async\" class=\"size-medium wp-image-203792 alignleft\" src=\"https:\/\/www.radiopiu.net\/wordpress\/wp-content\/uploads\/2021\/04\/3T4A5586-300x200.jpg\" alt=\"\" width=\"300\" height=\"200\" srcset=\"https:\/\/www.radiopiu.net\/wordpress\/wp-content\/uploads\/2021\/04\/3T4A5586-300x200.jpg 300w, https:\/\/www.radiopiu.net\/wordpress\/wp-content\/uploads\/2021\/04\/3T4A5586-1024x683.jpg 1024w, https:\/\/www.radiopiu.net\/wordpress\/wp-content\/uploads\/2021\/04\/3T4A5586-768x512.jpg 768w, https:\/\/www.radiopiu.net\/wordpress\/wp-content\/uploads\/2021\/04\/3T4A5586-1536x1024.jpg 1536w, https:\/\/www.radiopiu.net\/wordpress\/wp-content\/uploads\/2021\/04\/3T4A5586-2048x1365.jpg 2048w\" sizes=\"auto, (max-width: 300px) 100vw, 300px\" \/><\/a>BELLUNO <\/strong>E&#8217; ufficialmente aperto il bando per poter<span class=\"Apple-converted-space\">\u00a0 <\/span>iscriversi al \u201c 3 \u00b0Concorso Nazionale musicale citta&#8217; di Belluno\u201c<span class=\"Apple-converted-space\">\u00a0 <\/span>e al \u201c1\u00b0 Concorso Internazionale canto Lirico citta&#8217; di Belluno\u201d. <span class=\"s1\">L\u2019associazione di Promozione Sociale GOCCE DI SOLE, in collaborazione con il Comune di Belluno, la Fondazione Teatri delle Dolomiti, l\u2019 Associazione Martina Bonavera, il Club Inner Wheel di Belluno e il Comitato Provinciale AICS <\/span><span class=\"s2\">lo rendono<span class=\"Apple-converted-space\">\u00a0 <\/span>noto con immensa soddisfazione dopo l&#8217;annullamento delle audizioni e dei concerti che erano previsti lo scorso anno. <\/span>Il concorso<span class=\"Apple-converted-space\">\u00a0 <\/span>\u00e8 riservato ai giovani musicisti solisti o in formazione, tutti gli strumenti, canto classico e moderno, suddivisi per sezioni, fino ai 25 anni di et\u00e0, di nazionalit\u00e0 italiana. La sezione internazionale di Canto Lirico \u00e8 invece riservata a cantanti di qualunque nazionalit\u00e0 di et\u00e0 non superiore ai 35 anni. L\u2019intera manifestazione gode del patrocinio del Ministero per i beni e attivit\u00e0 culturali e per il turismo,<span class=\"Apple-converted-space\">\u00a0 <\/span>della Regione Veneto e della Provincia di Belluno. Forfait che nel 2020 aveva visto incrementare le iscrizioni rispetto agli anni precedenti. Ora si riparte con uno spirito nuovo, conferma la presidente Manuela Selvestrel che, a capo dei volontari del Comitato, annuncia con una punta di orgoglio di aver aggiunto, ad un gia&#8217; prestigioso Premio Musicale Nazionale ,la novita&#8217; di questo 2021: un Concorso Internazionale di Canto Lirico. Entrambi i premi portano il nome della citta&#8217; di Belluno che, nelle due sedi del Teatro Comunale e del Palazzo Fulcis (normativa anticovid permettendo), ospiteranno le esibizioni degli artisti provenienti da tutta Italia, e non solo, visto che il Concorso del Canto Lirico varca le frontiere nazionali. Le date sono distribuite in dieci giornate che spaziano dal 21 maggio al 6 giugno 2021 con inseriti cinque concerti a tema al Teatro Comunale. <span class=\"s1\">L\u2019associazione di Promozione Sociale GOCCE DI SOLE come sottolinea il Sindaco di Belluno Jacopo<span class=\"Apple-converted-space\">\u00a0 <\/span>Massaro &#8220;porta in citta&#8217; una manifestazione Musicale che e&#8217; strumento<span class=\"Apple-converted-space\">\u00a0 <\/span>trasversale di unione e condivisione in questi periodi di arida socializzazione&#8221;. <\/span>Eventi cosi importanti aggiunge<span class=\"Apple-converted-space\">\u00a0 <\/span>la Presidente, hanno bisogno, sia del nostro impegno di volontari ,che di un appoggio concreto delle istituzioni e non di meno della presenza della qualificata Giuria. Proprio tra i membri della giuria l\u2019edizione 2021 pu\u00f2 vantare alcune importanti collaborazioni; ad esempio, per quanto riguarda Il Concorso Internazionale di Canto Lirico, presidente di giuria sar\u00e0 il Maestro Alberto Triola, sovrintendente della Fondazione Arturo Toscanini, direttore artistico del Festival della Valle d\u2019Itria e direttore artistico dell\u2019Accademia del Belcanto \u201cRodolfo Celletti\u201d di Martina Franca, Paoleta Marrocu, soprano e vocal coach, e il baritono e Artist Manager dell&#8217;agenzia IGM Artist di Londra Mattia Campetti. Per il canto moderno<span class=\"Apple-converted-space\">\u00a0 <\/span>collaboreranno la cantante e vocal coach Silvia Smaniotto (vocal coach di trasmissioni come X Factor e Sanremo) e Simone Sproccati, in arte Heysimo, compositore, musicista<span class=\"Apple-converted-space\">\u00a0 <\/span>e collaboratore del famosissimo produttore discografico Michele Canova. Non meno qualificati gli altri membri della giuria: Il violista e direttore d\u2019orchestra Andrea Moro, il pianista e compositore Alessio Nelli, il violinista Brad Reep , il soprano Maria Luigia Borsi, il maestro Manolo Da Rold, l\u2019arpista Simonetta Perfetti, il cornista Loris Antiga, il maestro Stefano Da Ros, il tenore bellunese Domenico Menini, la clarinettista Mirta Tormen e altri sono in via di definizione &#8220;Abbiamo avuto gia&#8217; richieste di iscrizioni ancor prima di pubblicare il bando ufficiale &#8211; sottolinea<span class=\"Apple-converted-space\">\u00a0 <\/span>la Presidente Selvestrel &#8211; e questo ci inorgoglisce e allo stesso ci da la carica per poter seguire al meglio tutti gli artisti che verranno a Belluno , quest&#8217;anno vuol essere<span class=\"Apple-converted-space\">\u00a0 <\/span>un anno di svolta nel campo della Cultura e della sua valorizzazione e questi due concorsi ne sono il simbolo concreto&#8221;. Tutte le audizioni ed i concerti si svolgeranno con le indicazioni preventive anti covid 19<span class=\"Apple-converted-space\">\u00a0 <\/span>con l&#8217;annullamento purtroppo della sezione \u201cOrchestre\u201d. Tutte le informazioni per chi volesse iscriversi sono pubblicate sul sito<span class=\"Apple-converted-space\">\u00a0 \u00a0 <\/span><a href=\"https:\/\/www.concorsomusicalebelluno.eu\/\">https:\/\/www.concorsomusicalebelluno.eu\/<\/a> e per eventuali richieste contattate la mail<span class=\"Apple-converted-space\">\u00a0<\/span>info@concorsomusicalebelluno.eu<\/p>\n\n\t\t\t<style type='text\/css'>\n\t\t\t\t#gallery-1 {\n\t\t\t\t\tmargin: auto;\n\t\t\t\t}\n\t\t\t\t#gallery-1 .gallery-item {\n\t\t\t\t\tfloat: left;\n\t\t\t\t\tmargin-top: 10px;\n\t\t\t\t\ttext-align: center;\n\t\t\t\t\twidth: 25%;\n\t\t\t\t}\n\t\t\t\t#gallery-1 img {\n\t\t\t\t\tborder: 2px solid #cfcfcf;\n\t\t\t\t}\n\t\t\t\t#gallery-1 .gallery-caption {\n\t\t\t\t\tmargin-left: 0;\n\t\t\t\t}\n\t\t\t\t\/* see gallery_shortcode() in wp-includes\/media.php *\/\n\t\t\t<\/style>\n\t\t<div id='gallery-1' class='dt-gallery-container gallery galleryid-203790 gallery-columns-4 gallery-size-medium'><dl class='gallery-item'>\n\t\t\t\t<dt class='gallery-icon landscape'>\n\t\t\t\t\t<a class=\"rollover rollover-zoom dt-pswp-item\" title=\"IMG_4352\" data-dt-img-description=\"\" data-large_image_width=\"2560\" data-large_image_height=\"1707\"href='https:\/\/www.radiopiu.net\/wordpress\/wp-content\/uploads\/2021\/04\/IMG_4352-scaled.jpg'><img loading=\"lazy\" decoding=\"async\" width=\"300\" height=\"200\" src=\"https:\/\/www.radiopiu.net\/wordpress\/wp-content\/uploads\/2021\/04\/IMG_4352-300x200.jpg\" class=\"attachment-medium size-medium\" alt=\"\" srcset=\"https:\/\/www.radiopiu.net\/wordpress\/wp-content\/uploads\/2021\/04\/IMG_4352-300x200.jpg 300w, https:\/\/www.radiopiu.net\/wordpress\/wp-content\/uploads\/2021\/04\/IMG_4352-1024x683.jpg 1024w, https:\/\/www.radiopiu.net\/wordpress\/wp-content\/uploads\/2021\/04\/IMG_4352-768x512.jpg 768w, https:\/\/www.radiopiu.net\/wordpress\/wp-content\/uploads\/2021\/04\/IMG_4352-1536x1024.jpg 1536w, https:\/\/www.radiopiu.net\/wordpress\/wp-content\/uploads\/2021\/04\/IMG_4352-2048x1365.jpg 2048w\" sizes=\"auto, (max-width: 300px) 100vw, 300px\" \/><\/a>\n\t\t\t\t<\/dt><\/dl><dl class='gallery-item'>\n\t\t\t\t<dt class='gallery-icon landscape'>\n\t\t\t\t\t<a class=\"rollover rollover-zoom dt-pswp-item\" title=\"IMG_4374\" data-dt-img-description=\"\" data-large_image_width=\"2560\" data-large_image_height=\"1707\"href='https:\/\/www.radiopiu.net\/wordpress\/wp-content\/uploads\/2021\/04\/IMG_4374-scaled.jpg'><img loading=\"lazy\" decoding=\"async\" width=\"300\" height=\"200\" src=\"https:\/\/www.radiopiu.net\/wordpress\/wp-content\/uploads\/2021\/04\/IMG_4374-300x200.jpg\" class=\"attachment-medium size-medium\" alt=\"\" srcset=\"https:\/\/www.radiopiu.net\/wordpress\/wp-content\/uploads\/2021\/04\/IMG_4374-300x200.jpg 300w, https:\/\/www.radiopiu.net\/wordpress\/wp-content\/uploads\/2021\/04\/IMG_4374-1024x683.jpg 1024w, https:\/\/www.radiopiu.net\/wordpress\/wp-content\/uploads\/2021\/04\/IMG_4374-768x512.jpg 768w, https:\/\/www.radiopiu.net\/wordpress\/wp-content\/uploads\/2021\/04\/IMG_4374-1536x1024.jpg 1536w, https:\/\/www.radiopiu.net\/wordpress\/wp-content\/uploads\/2021\/04\/IMG_4374-2048x1365.jpg 2048w\" sizes=\"auto, (max-width: 300px) 100vw, 300px\" \/><\/a>\n\t\t\t\t<\/dt><\/dl><dl class='gallery-item'>\n\t\t\t\t<dt class='gallery-icon landscape'>\n\t\t\t\t\t<a class=\"rollover rollover-zoom dt-pswp-item\" title=\"IMG_4415\" data-dt-img-description=\"\" data-large_image_width=\"2560\" data-large_image_height=\"1707\"href='https:\/\/www.radiopiu.net\/wordpress\/wp-content\/uploads\/2021\/04\/IMG_4415-scaled.jpg'><img loading=\"lazy\" decoding=\"async\" width=\"300\" height=\"200\" src=\"https:\/\/www.radiopiu.net\/wordpress\/wp-content\/uploads\/2021\/04\/IMG_4415-300x200.jpg\" class=\"attachment-medium size-medium\" alt=\"\" srcset=\"https:\/\/www.radiopiu.net\/wordpress\/wp-content\/uploads\/2021\/04\/IMG_4415-300x200.jpg 300w, https:\/\/www.radiopiu.net\/wordpress\/wp-content\/uploads\/2021\/04\/IMG_4415-1024x683.jpg 1024w, https:\/\/www.radiopiu.net\/wordpress\/wp-content\/uploads\/2021\/04\/IMG_4415-768x512.jpg 768w, https:\/\/www.radiopiu.net\/wordpress\/wp-content\/uploads\/2021\/04\/IMG_4415-1536x1024.jpg 1536w, https:\/\/www.radiopiu.net\/wordpress\/wp-content\/uploads\/2021\/04\/IMG_4415-2048x1365.jpg 2048w\" sizes=\"auto, (max-width: 300px) 100vw, 300px\" \/><\/a>\n\t\t\t\t<\/dt><\/dl><dl class='gallery-item'>\n\t\t\t\t<dt class='gallery-icon landscape'>\n\t\t\t\t\t<a class=\"rollover rollover-zoom dt-pswp-item\" title=\"IMG_4485\" data-dt-img-description=\"\" data-large_image_width=\"2560\" data-large_image_height=\"1707\"href='https:\/\/www.radiopiu.net\/wordpress\/wp-content\/uploads\/2021\/04\/IMG_4485-scaled.jpg'><img loading=\"lazy\" decoding=\"async\" width=\"300\" height=\"200\" src=\"https:\/\/www.radiopiu.net\/wordpress\/wp-content\/uploads\/2021\/04\/IMG_4485-300x200.jpg\" class=\"attachment-medium size-medium\" alt=\"\" srcset=\"https:\/\/www.radiopiu.net\/wordpress\/wp-content\/uploads\/2021\/04\/IMG_4485-300x200.jpg 300w, https:\/\/www.radiopiu.net\/wordpress\/wp-content\/uploads\/2021\/04\/IMG_4485-1024x683.jpg 1024w, https:\/\/www.radiopiu.net\/wordpress\/wp-content\/uploads\/2021\/04\/IMG_4485-768x512.jpg 768w, https:\/\/www.radiopiu.net\/wordpress\/wp-content\/uploads\/2021\/04\/IMG_4485-1536x1024.jpg 1536w, https:\/\/www.radiopiu.net\/wordpress\/wp-content\/uploads\/2021\/04\/IMG_4485-2048x1365.jpg 2048w\" sizes=\"auto, (max-width: 300px) 100vw, 300px\" \/><\/a>\n\t\t\t\t<\/dt><\/dl><br style=\"clear: both\" \/>\n\t\t\t<\/div>\n\n<p><strong>(foto Luca Zanfron)<\/strong><\/p>\n","protected":false},"excerpt":{"rendered":"<p>BELLUNO E&#8217; ufficialmente aperto il bando per poter\u00a0 iscriversi al \u201c 3 \u00b0Concorso Nazionale musicale citta&#8217; di Belluno\u201c\u00a0 e al \u201c1\u00b0 Concorso Internazionale canto Lirico citta&#8217; di Belluno\u201d. L\u2019associazione di Promozione Sociale GOCCE DI SOLE, in collaborazione con il Comune di Belluno, la Fondazione Teatri delle Dolomiti, l\u2019 Associazione Martina Bonavera, il Club Inner Wheel&hellip;<\/p>\n","protected":false},"author":4,"featured_media":203792,"comment_status":"closed","ping_status":"closed","sticky":false,"template":"","format":"standard","meta":{"_monsterinsights_skip_tracking":false,"_monsterinsights_sitenote_active":false,"_monsterinsights_sitenote_note":"","_monsterinsights_sitenote_category":0,"footnotes":""},"categories":[104,49],"tags":[],"class_list":["post-203790","post","type-post","status-publish","format-standard","has-post-thumbnail","hentry","category-evidenza_3","category-news-18","category-104","category-49","description-off"],"img_url":"https:\/\/www.radiopiu.net\/wordpress\/wp-content\/uploads\/2021\/04\/3T4A5586-scaled.jpg","_links":{"self":[{"href":"https:\/\/www.radiopiu.net\/wordpress\/wp-json\/wp\/v2\/posts\/203790","targetHints":{"allow":["GET"]}}],"collection":[{"href":"https:\/\/www.radiopiu.net\/wordpress\/wp-json\/wp\/v2\/posts"}],"about":[{"href":"https:\/\/www.radiopiu.net\/wordpress\/wp-json\/wp\/v2\/types\/post"}],"author":[{"embeddable":true,"href":"https:\/\/www.radiopiu.net\/wordpress\/wp-json\/wp\/v2\/users\/4"}],"replies":[{"embeddable":true,"href":"https:\/\/www.radiopiu.net\/wordpress\/wp-json\/wp\/v2\/comments?post=203790"}],"version-history":[{"count":0,"href":"https:\/\/www.radiopiu.net\/wordpress\/wp-json\/wp\/v2\/posts\/203790\/revisions"}],"wp:featuredmedia":[{"embeddable":true,"href":"https:\/\/www.radiopiu.net\/wordpress\/wp-json\/wp\/v2\/media\/203792"}],"wp:attachment":[{"href":"https:\/\/www.radiopiu.net\/wordpress\/wp-json\/wp\/v2\/media?parent=203790"}],"wp:term":[{"taxonomy":"category","embeddable":true,"href":"https:\/\/www.radiopiu.net\/wordpress\/wp-json\/wp\/v2\/categories?post=203790"},{"taxonomy":"post_tag","embeddable":true,"href":"https:\/\/www.radiopiu.net\/wordpress\/wp-json\/wp\/v2\/tags?post=203790"}],"curies":[{"name":"wp","href":"https:\/\/api.w.org\/{rel}","templated":true}]}}