{"id":203800,"date":"2021-04-17T05:36:00","date_gmt":"2021-04-17T03:36:00","guid":{"rendered":"https:\/\/www.radiopiu.net\/wordpress\/?p=203800"},"modified":"2021-04-17T05:53:21","modified_gmt":"2021-04-17T03:53:21","slug":"da-lunedi-riaprono-gli-uffici-della-motorizzazione-di-belluno","status":"publish","type":"post","link":"https:\/\/www.radiopiu.net\/wordpress\/da-lunedi-riaprono-gli-uffici-della-motorizzazione-di-belluno\/","title":{"rendered":"DA LUNEDI&#8217; RIAPRONO GLI UFFICI DELLA MOTORIZZAZIONE DI BELLUNO"},"content":{"rendered":"<p><strong><a href=\"https:\/\/www.radiopiu.net\/wordpress\/giornale-radiopiu-14-aprile-2021-direttore-mirko-mezzacasa\/motorizzazione-civile-2\/\" rel=\"attachment wp-att-203235\"><img loading=\"lazy\" decoding=\"async\" class=\"size-medium wp-image-203235 alignleft\" src=\"https:\/\/www.radiopiu.net\/wordpress\/wp-content\/uploads\/2021\/04\/motorizzazione-civile-2-300x197.jpg\" alt=\"\" width=\"300\" height=\"197\" srcset=\"https:\/\/www.radiopiu.net\/wordpress\/wp-content\/uploads\/2021\/04\/motorizzazione-civile-2-300x197.jpg 300w, https:\/\/www.radiopiu.net\/wordpress\/wp-content\/uploads\/2021\/04\/motorizzazione-civile-2-768x505.jpg 768w, https:\/\/www.radiopiu.net\/wordpress\/wp-content\/uploads\/2021\/04\/motorizzazione-civile-2.jpg 960w\" sizes=\"auto, (max-width: 300px) 100vw, 300px\" \/><\/a>BELLUNO<\/strong> Dopo i disagi causati dall\u2019emergenza sanitaria, si comunica all\u2019utenza e agli operatori professionali che l\u2019Ufficio della Motorizzazione Civile di Belluno sara\u0300 nuovamente aperto al pubblico a partire dalla giornata di lunedi\u0300 19 aprile 2021 con i consueti orari: lunedi\u0300, marted\u00ec e mercoled\u00ec dalle 8:30 alle 12, gioved\u00ec dalle 8:30 alle 12 e dalle 15 alle 16:30. Venerd\u00ec chiuso. Le sedute di esami teorici e pratici per il conseguimento dell\u2019abilitazione alla guida dei veicoli, nonche\u0301 quelle relative a revisioni e collaudi dei veicoli stessi, che verranno effettuate presso la sede riprenderanno regolarmente da lunedi\u0300 19 aprile, secondo il calendario programmato. Riprendono dal pomeriggio della data odierna, come gia\u0300 comunicato ai diretti interessati, le sedute programmate presso operatori privati (autoscuole, officine).<\/p>\n","protected":false},"excerpt":{"rendered":"<p>BELLUNO Dopo i disagi causati dall\u2019emergenza sanitaria, si comunica all\u2019utenza e agli operatori professionali che l\u2019Ufficio della Motorizzazione Civile di Belluno sara\u0300 nuovamente aperto al pubblico a partire dalla giornata di lunedi\u0300 19 aprile 2021 con i consueti orari: lunedi\u0300, marted\u00ec e mercoled\u00ec dalle 8:30 alle 12, gioved\u00ec dalle 8:30 alle 12 e dalle 15&hellip;<\/p>\n","protected":false},"author":4,"featured_media":203235,"comment_status":"closed","ping_status":"closed","sticky":false,"template":"","format":"standard","meta":{"_monsterinsights_skip_tracking":false,"_monsterinsights_sitenote_active":false,"_monsterinsights_sitenote_note":"","_monsterinsights_sitenote_category":0,"footnotes":""},"categories":[51,49],"tags":[],"class_list":["post-203800","post","type-post","status-publish","format-standard","has-post-thumbnail","hentry","category-evidenza-top","category-news-18","category-51","category-49","description-off"],"img_url":"https:\/\/www.radiopiu.net\/wordpress\/wp-content\/uploads\/2021\/04\/motorizzazione-civile-2.jpg","_links":{"self":[{"href":"https:\/\/www.radiopiu.net\/wordpress\/wp-json\/wp\/v2\/posts\/203800","targetHints":{"allow":["GET"]}}],"collection":[{"href":"https:\/\/www.radiopiu.net\/wordpress\/wp-json\/wp\/v2\/posts"}],"about":[{"href":"https:\/\/www.radiopiu.net\/wordpress\/wp-json\/wp\/v2\/types\/post"}],"author":[{"embeddable":true,"href":"https:\/\/www.radiopiu.net\/wordpress\/wp-json\/wp\/v2\/users\/4"}],"replies":[{"embeddable":true,"href":"https:\/\/www.radiopiu.net\/wordpress\/wp-json\/wp\/v2\/comments?post=203800"}],"version-history":[{"count":0,"href":"https:\/\/www.radiopiu.net\/wordpress\/wp-json\/wp\/v2\/posts\/203800\/revisions"}],"wp:featuredmedia":[{"embeddable":true,"href":"https:\/\/www.radiopiu.net\/wordpress\/wp-json\/wp\/v2\/media\/203235"}],"wp:attachment":[{"href":"https:\/\/www.radiopiu.net\/wordpress\/wp-json\/wp\/v2\/media?parent=203800"}],"wp:term":[{"taxonomy":"category","embeddable":true,"href":"https:\/\/www.radiopiu.net\/wordpress\/wp-json\/wp\/v2\/categories?post=203800"},{"taxonomy":"post_tag","embeddable":true,"href":"https:\/\/www.radiopiu.net\/wordpress\/wp-json\/wp\/v2\/tags?post=203800"}],"curies":[{"name":"wp","href":"https:\/\/api.w.org\/{rel}","templated":true}]}}