{"id":203816,"date":"2021-04-16T12:25:37","date_gmt":"2021-04-16T10:25:37","guid":{"rendered":"https:\/\/www.radiopiu.net\/wordpress\/?p=203816"},"modified":"2021-04-16T13:25:22","modified_gmt":"2021-04-16T11:25:22","slug":"da-marghera-il-punto-sullemergenza-covid-19-del-presidente-del-veneto-luca-zaia","status":"publish","type":"post","link":"https:\/\/www.radiopiu.net\/wordpress\/da-marghera-il-punto-sullemergenza-covid-19-del-presidente-del-veneto-luca-zaia\/","title":{"rendered":"DA MARGHERA IL PUNTO SULL&#8217;EMERGENZA COVID-19 DEL PRESIDENTE DEL VENETO LUCA ZAIA"},"content":{"rendered":"<p><strong>VENEZIA<\/strong>\u00a0Consueto appuntamento con la conferenza stampa di Luca Zaia dalla sede della Protezione Civile a Marghera.<\/p>\n<p><strong>I NUMERI\u00a0<\/strong>Tamponi molecolari\u00a0 4802000, tamponi rapidi 4110000, positivi nelle 24 ore\u00a0 906. Attualmente positivi 27.479. Incidenza 2,54%. RICOVERI TOTALI 1870\u00a0 (-80), terapie intensive 261 (-5), in area non critica\u00a0 1.609 . Decessi 23.<\/p>\n<blockquote>\n<h2>LEGGI LA CONFERENZA STAMPA DI LUCA ZAIA, aggiornamento in tempo reale<\/h2>\n<p><em>I cambiamenti? Non prima del primo maggio la vedo dura cambiare l&#8217;attuale decreto con le\u00a0 relative colorazioni , il passaporto vaccinale con tutte le vaccinazioni&#8230;nel settore veterinario con gli animali funziona cosi&#8217;<\/em><\/p><\/blockquote>\n<p><strong>SITUAZIONE<\/strong> I numeri: 200mila persone sintomatiche e 200mila persone con sintomi, calano anche gli attualmente positivi\u00a0 i dati dei ricoveri (-80) sono incoraggianti,\u00a0 il trend \u00e8 in calo. Abbiamo un vantaggio, il fattore climatico: il coronavirus ha una sua stagionalit\u00e0, con la bella stagione, con l&#8217;innalzamento delle temperature la sua forza diminuisce. <strong>VACCINI<\/strong><b> \u00a0<\/b>il 5% degli over 80 non si vuole vaccinare, su 358.540 persone (da 80 a 101 anni)\u00a0 18mila\u00a0 non si vaccineranno. Nella fascia 70\u00a0 il\u00a0 60%\u00a0 \u00e8 stato vaccinato con la prima dose per un totale di 494.443. La prossima settimana fornir\u00f2 una tabella con la previsione per fasce di et\u00e0 dei vaccini, perch\u00e9 i cittadini sappiano quando avranno la possibilit\u00e0 di vaccinarsi, in quale mese almeno, fino ai 16-19 anni. Si tratta di 4milioni di persone <strong>RIAPERTURE<\/strong> Sono fiducioso che un accordo sar\u00e0 trovato e non certo con i 2 metri di distanza da tavolo a tavolo, cos\u00ec i ristoranti si chiudono. <strong>NUMERI DA ZONA GIALLA, NEL DECRETO C&#8217;E&#8217; IL PASSAGGIO DEL &#8220;TAGLIANDO&#8221;<\/strong> L&#8217;azione delle Regioni \u00e8 propedeutica a questo tagliando anche le dichiarazioni del Ministro vanno in questa direzione. C&#8217;\u00e8 un&#8217;emergenza economica da affrontare, che il Governo prenda una decisione sul tagliando. Il Decreto scade il 30 aprile, qualcosa di nuovo ci sar\u00e0 dal 1 maggio la vedo dura ripresentare l&#8217;attuale decreto con zone arancioni o rosse. Mi aspetto che le terapie intensiva scendano di pi\u00f9, ora non sta succedendo in maniera vorticosa. Rispetto all&#8217;algoritmo stiamo comunque scendendo, lo stiamo smentendo ma meglio essere prudenti. <strong>SFIDUCIA A SPERANZA<\/strong> Non entro nell&#8217;argomento, rispetto il Parlamento quindi se la vedano loro. <strong>IO E L&#8217;OMS<\/strong> siamo davanti a un ente regolatore che ad ombrello d\u00e0 le regole, a cose chiuse, credo che una ristrutturazione nell&#8217;Oms ci voglia. Circa le dichiarazioni del dottor Francesco Zambon di Vittorio Veneto che ha denunciato lo scandalo della censura e delle pressioni all&#8217;interno dell&#8217;Organizzazione Mondiale della Sanit\u00e0.\u00a0 Zaia chiosa <em>&#8220;Sinceramente non me lo aspettavo, vi dico la verit\u00e0&#8221;. <\/em><strong>POCHE PRESENZE ALL&#8217;HUB DI PADOVA<\/strong> \u00a0non si sono presentati i pazienti, per Zaia non \u00e8 correlato ai timori legati ad AstraZeneca (i rifiuti in tal senso non sono tanti) ma all&#8217;aver aperto con poco preavviso e con una modalit\u00e0 informatica non agevole per tutti. <strong>PASSAPORTO VACCINALE<\/strong> serve una normativa generale. Io sono per un\u00a0 passaporto, metterei l\u00ec il timbro, a meno di non fare un passaporto vaccinale con tutte le vaccinazioni fatte, sembra brutto dirlo ma negli animali in settore veterinario funziona cos\u00ec, faccio solo un esempio di organizzazione sanitaria. L&#8217;Europa del<br \/>\npolitically correct si \u00e8 indignata di fronte al passaporto vaccinale.<\/p>\n<p><a href=\"https:\/\/www.facebook.com\/zaiaufficiale\/videos\/1149724002117179\">https:\/\/www.facebook.com\/zaiaufficiale\/videos\/1149724002117179<\/a><\/p>\n","protected":false},"excerpt":{"rendered":"<p>VENEZIA\u00a0Consueto appuntamento con la conferenza stampa di Luca Zaia dalla sede della Protezione Civile a Marghera. I NUMERI\u00a0Tamponi molecolari\u00a0 4802000, tamponi rapidi 4110000, positivi nelle 24 ore\u00a0 906. Attualmente positivi 27.479. Incidenza 2,54%. RICOVERI TOTALI 1870\u00a0 (-80), terapie intensive 261 (-5), in area non critica\u00a0 1.609 . Decessi 23. LEGGI LA CONFERENZA STAMPA DI LUCA&hellip;<\/p>\n","protected":false},"author":4,"featured_media":175390,"comment_status":"closed","ping_status":"closed","sticky":false,"template":"","format":"standard","meta":{"_monsterinsights_skip_tracking":false,"_monsterinsights_sitenote_active":false,"_monsterinsights_sitenote_note":"","_monsterinsights_sitenote_category":0,"footnotes":""},"categories":[51,49],"tags":[],"class_list":["post-203816","post","type-post","status-publish","format-standard","has-post-thumbnail","hentry","category-evidenza-top","category-news-18","category-51","category-49","description-off"],"img_url":"https:\/\/www.radiopiu.net\/wordpress\/wp-content\/uploads\/2020\/11\/ZAIA-2.jpg","_links":{"self":[{"href":"https:\/\/www.radiopiu.net\/wordpress\/wp-json\/wp\/v2\/posts\/203816","targetHints":{"allow":["GET"]}}],"collection":[{"href":"https:\/\/www.radiopiu.net\/wordpress\/wp-json\/wp\/v2\/posts"}],"about":[{"href":"https:\/\/www.radiopiu.net\/wordpress\/wp-json\/wp\/v2\/types\/post"}],"author":[{"embeddable":true,"href":"https:\/\/www.radiopiu.net\/wordpress\/wp-json\/wp\/v2\/users\/4"}],"replies":[{"embeddable":true,"href":"https:\/\/www.radiopiu.net\/wordpress\/wp-json\/wp\/v2\/comments?post=203816"}],"version-history":[{"count":0,"href":"https:\/\/www.radiopiu.net\/wordpress\/wp-json\/wp\/v2\/posts\/203816\/revisions"}],"wp:featuredmedia":[{"embeddable":true,"href":"https:\/\/www.radiopiu.net\/wordpress\/wp-json\/wp\/v2\/media\/175390"}],"wp:attachment":[{"href":"https:\/\/www.radiopiu.net\/wordpress\/wp-json\/wp\/v2\/media?parent=203816"}],"wp:term":[{"taxonomy":"category","embeddable":true,"href":"https:\/\/www.radiopiu.net\/wordpress\/wp-json\/wp\/v2\/categories?post=203816"},{"taxonomy":"post_tag","embeddable":true,"href":"https:\/\/www.radiopiu.net\/wordpress\/wp-json\/wp\/v2\/tags?post=203816"}],"curies":[{"name":"wp","href":"https:\/\/api.w.org\/{rel}","templated":true}]}}