{"id":204046,"date":"2021-04-17T23:59:27","date_gmt":"2021-04-17T21:59:27","guid":{"rendered":"https:\/\/www.radiopiu.net\/wordpress\/?p=204046"},"modified":"2021-04-18T07:41:50","modified_gmt":"2021-04-18T05:41:50","slug":"calo-demografico-in-agordino-il-sindaco-di-rocca-pietore-fa-il-punto","status":"publish","type":"post","link":"https:\/\/www.radiopiu.net\/wordpress\/calo-demografico-in-agordino-il-sindaco-di-rocca-pietore-fa-il-punto\/","title":{"rendered":"CALO DEMOGRAFICO IN AGORDINO. IL SINDACO DI ROCCA PIETORE FA IL PUNTO"},"content":{"rendered":"<p><strong><a href=\"https:\/\/www.radiopiu.net\/wordpress\/al-lavoro-per-la-sicurezza-sul-territorio\/andrea-de-bernardin-10\/\" rel=\"attachment wp-att-195558\"><img loading=\"lazy\" decoding=\"async\" class=\"size-medium wp-image-195558 alignleft\" src=\"https:\/\/www.radiopiu.net\/wordpress\/wp-content\/uploads\/2021\/03\/ANDREA-DE-BERNARDIN-300x169.jpg\" alt=\"\" width=\"300\" height=\"169\" srcset=\"https:\/\/www.radiopiu.net\/wordpress\/wp-content\/uploads\/2021\/03\/ANDREA-DE-BERNARDIN-300x169.jpg 300w, https:\/\/www.radiopiu.net\/wordpress\/wp-content\/uploads\/2021\/03\/ANDREA-DE-BERNARDIN-768x432.jpg 768w, https:\/\/www.radiopiu.net\/wordpress\/wp-content\/uploads\/2021\/03\/ANDREA-DE-BERNARDIN.jpg 960w\" sizes=\"auto, (max-width: 300px) 100vw, 300px\" \/><\/a>ROCCA PIETORE <\/strong>Il sindaco di Rocca Pietore Andrea De Bernardin dice la sua sul calo demografico in Agordino. Un&#8217;analisi a 360 gradi del primo cittadino che prende in considerazione tanti punti di vista. &#8220;<em>Bisogna intervenire con serie politiche sovracomunali. Non bastano certo i 500\/700 euro ad ogni nuovo nato che il Comune di Rocca Pietore delibera da ormai 20 anni. E non basta nemmeno tenere le tasse comunali al minimo. Non basta forse nemmeno incentivare costi &#8220;sociali&#8221; delle case &#8211; dice De Bernardin &#8211; Il problema \u00e8 che molti giovani montanari non vogliono pi\u00f9 fare i montanari. Il problema \u00e8 la mancata politica nazionale rivolta alle famiglie cos\u00ec come \u00e8 portata avanti in altre nazioni vicine, mi viene in mente la Francia. Ma mi viene in mente anche la vicina Provincia di Bolzano, esempio da imitare. Anche se pure da loro iniziano ad accusare il medesimo problema nei Comuni meno turistici e pi\u00f9 scomodi<\/em>&#8221;<\/p>\n<p><strong>di Gianni Santomaso<\/strong><\/p>\n<audio class=\"wp-audio-shortcode\" id=\"audio-204046-1\" preload=\"none\" style=\"width: 100%;\" controls=\"controls\"><source type=\"audio\/mpeg\" src=\"https:\/\/www.radiopiu.net\/wordpress\/wp-content\/uploads\/2021\/04\/GIANNI-DE-BERNARDIN-CALO-DEMOGRAFICO.mp3?_=1\" \/><a href=\"https:\/\/www.radiopiu.net\/wordpress\/wp-content\/uploads\/2021\/04\/GIANNI-DE-BERNARDIN-CALO-DEMOGRAFICO.mp3\">https:\/\/www.radiopiu.net\/wordpress\/wp-content\/uploads\/2021\/04\/GIANNI-DE-BERNARDIN-CALO-DEMOGRAFICO.mp3<\/a><\/audio>\n<p>&nbsp;<\/p>\n<p><strong>IL SINDACO DI ROCCA PIETORE ANDREA DE BERNARDIN<\/strong><\/p>\n<audio class=\"wp-audio-shortcode\" id=\"audio-204046-2\" preload=\"none\" style=\"width: 100%;\" controls=\"controls\"><source type=\"audio\/mpeg\" src=\"https:\/\/www.radiopiu.net\/wordpress\/wp-content\/uploads\/2021\/04\/DE-BERNARDIN-CALO-DEMOGRAFICO.mp3?_=2\" \/><a href=\"https:\/\/www.radiopiu.net\/wordpress\/wp-content\/uploads\/2021\/04\/DE-BERNARDIN-CALO-DEMOGRAFICO.mp3\">https:\/\/www.radiopiu.net\/wordpress\/wp-content\/uploads\/2021\/04\/DE-BERNARDIN-CALO-DEMOGRAFICO.mp3<\/a><\/audio>\n<p>&nbsp;<\/p>\n<h1>DAL GR DI IERI<\/h1>\n<blockquote>\n<h3>CALO DEMOGRAFICO IN AGORDINO, PARLA SISTO DA ROIT<\/h3>\n<\/blockquote>\n<p><strong><a href=\"https:\/\/www.radiopiu.net\/wordpress\/giornale-radiopiu-23-dicembre-2020-direttore-mirko-mezzacasa\/sisto-27\/\" rel=\"attachment wp-att-181222\"><img loading=\"lazy\" decoding=\"async\" class=\"size-medium wp-image-181222 alignleft\" src=\"https:\/\/www.radiopiu.net\/wordpress\/wp-content\/uploads\/2020\/12\/SISTO-300x165.jpg\" alt=\"\" width=\"300\" height=\"165\" srcset=\"https:\/\/www.radiopiu.net\/wordpress\/wp-content\/uploads\/2020\/12\/SISTO-300x165.jpg 300w, https:\/\/www.radiopiu.net\/wordpress\/wp-content\/uploads\/2020\/12\/SISTO.jpg 620w\" sizes=\"auto, (max-width: 300px) 100vw, 300px\" \/><\/a>AGORDO<\/strong><\/p>\n<p>di Gianni Santomaso<\/p>\n<audio class=\"wp-audio-shortcode\" id=\"audio-204046-3\" preload=\"none\" style=\"width: 100%;\" controls=\"controls\"><source type=\"audio\/mpeg\" src=\"https:\/\/www.radiopiu.net\/wordpress\/wp-content\/uploads\/2021\/04\/GIANNI-SISTO.mp3?_=3\" \/><a href=\"https:\/\/www.radiopiu.net\/wordpress\/wp-content\/uploads\/2021\/04\/GIANNI-SISTO.mp3\">https:\/\/www.radiopiu.net\/wordpress\/wp-content\/uploads\/2021\/04\/GIANNI-SISTO.mp3<\/a><\/audio>\n<p>&nbsp;<\/p>\n","protected":false},"excerpt":{"rendered":"<p>ROCCA PIETORE Il sindaco di Rocca Pietore Andrea De Bernardin dice la sua sul calo demografico in Agordino. Un&#8217;analisi a 360 gradi del primo cittadino che prende in considerazione tanti punti di vista. &#8220;Bisogna intervenire con serie politiche sovracomunali. Non bastano certo i 500\/700 euro ad ogni nuovo nato che il Comune di Rocca Pietore&hellip;<\/p>\n","protected":false},"author":4,"featured_media":195558,"comment_status":"closed","ping_status":"closed","sticky":false,"template":"","format":"standard","meta":{"_monsterinsights_skip_tracking":false,"_monsterinsights_sitenote_active":false,"_monsterinsights_sitenote_note":"","_monsterinsights_sitenote_category":0,"footnotes":""},"categories":[51,49],"tags":[],"class_list":["post-204046","post","type-post","status-publish","format-standard","has-post-thumbnail","hentry","category-evidenza-top","category-news-18","category-51","category-49","description-off"],"img_url":"https:\/\/www.radiopiu.net\/wordpress\/wp-content\/uploads\/2021\/03\/ANDREA-DE-BERNARDIN.jpg","_links":{"self":[{"href":"https:\/\/www.radiopiu.net\/wordpress\/wp-json\/wp\/v2\/posts\/204046","targetHints":{"allow":["GET"]}}],"collection":[{"href":"https:\/\/www.radiopiu.net\/wordpress\/wp-json\/wp\/v2\/posts"}],"about":[{"href":"https:\/\/www.radiopiu.net\/wordpress\/wp-json\/wp\/v2\/types\/post"}],"author":[{"embeddable":true,"href":"https:\/\/www.radiopiu.net\/wordpress\/wp-json\/wp\/v2\/users\/4"}],"replies":[{"embeddable":true,"href":"https:\/\/www.radiopiu.net\/wordpress\/wp-json\/wp\/v2\/comments?post=204046"}],"version-history":[{"count":0,"href":"https:\/\/www.radiopiu.net\/wordpress\/wp-json\/wp\/v2\/posts\/204046\/revisions"}],"wp:featuredmedia":[{"embeddable":true,"href":"https:\/\/www.radiopiu.net\/wordpress\/wp-json\/wp\/v2\/media\/195558"}],"wp:attachment":[{"href":"https:\/\/www.radiopiu.net\/wordpress\/wp-json\/wp\/v2\/media?parent=204046"}],"wp:term":[{"taxonomy":"category","embeddable":true,"href":"https:\/\/www.radiopiu.net\/wordpress\/wp-json\/wp\/v2\/categories?post=204046"},{"taxonomy":"post_tag","embeddable":true,"href":"https:\/\/www.radiopiu.net\/wordpress\/wp-json\/wp\/v2\/tags?post=204046"}],"curies":[{"name":"wp","href":"https:\/\/api.w.org\/{rel}","templated":true}]}}