{"id":204100,"date":"2021-04-18T07:37:53","date_gmt":"2021-04-18T05:37:53","guid":{"rendered":"https:\/\/www.radiopiu.net\/wordpress\/?p=204100"},"modified":"2021-04-18T07:37:53","modified_gmt":"2021-04-18T05:37:53","slug":"e-i-voli-pindarici-dei-migliori-servono-a-ben-poco-se-non-a-gettar-scompiglio","status":"publish","type":"post","link":"https:\/\/www.radiopiu.net\/wordpress\/e-i-voli-pindarici-dei-migliori-servono-a-ben-poco-se-non-a-gettar-scompiglio\/","title":{"rendered":"E i voli pindarici dei &#8220;Migliori&#8221; servono a ben poco, se non a gettar scompiglio"},"content":{"rendered":"<h1><span style=\"color: #ff0000;\">L&#8217;OPINIONE<\/span><\/h1>\n<h3>di Tiziano De COl<\/h3>\n<blockquote>\n<h3><\/h3>\n<p><a href=\"https:\/\/www.radiopiu.net\/wordpress\/giornale-radiopiu-05-maggio-2018-direttore-mirko-mezzacasa\/de_col_tiziano\/\" rel=\"attachment wp-att-47565\"><img loading=\"lazy\" decoding=\"async\" class=\"size-full wp-image-47565 alignleft\" src=\"https:\/\/www.radiopiu.net\/wordpress\/wp-content\/uploads\/2018\/05\/De_Col_Tiziano.jpg\" alt=\"\" width=\"155\" height=\"200\" \/><\/a>Basta vedere la curva demografica dei vari comuni agordini su wikipedia per vedere che il problema parte da lontano, circa 40 anni fa. Qualche Comune ha reagito meglio perch\u00e8 aveva ancora spazio sufficiente per edificare e per dare spazio a costo ragionevole alle nuove coppie (Agordo prima e Taibon dopo), poi tutto si \u00e8 fermato anche l\u00ec ed \u00e8 iniziata la retromarcia. Per Livinallongo (e Colle) a mio avviso resiste in quanto la base culturale e storica \u00e8 diversa da altri Comuni Agordini e soprattutto \u00e8 a sufficiente distanza dal &#8220;centro di normalizzazione&#8221;. Si va anche via dall&#8217; Agordino anche perch\u00e8, o sei in Luxottica o hai ben poche altre opportunit\u00e0 di lavoro, soprattutto se sei una laureata o un laureato, non parliamo poi di possibilit\u00e0 di carriera &#8230;.. Anni fa , circa 20, il presidente dei produttori carne della Val Pusteria mi diceva che non riuscivano a contenere l&#8217;abbandono dei masi e delle terre pi\u00f9 in alto. Non bastavano i soldi (tanti) per trattenere i giovani in posti isolati. Il richiamo dell&#8217; URBE , della cittadina o della citt\u00e0 , dove si possono tessere relazioni sociali ed avere aspettative diverse era ed \u00e8 enorme. In tutto il Vecchio Continente si assiste , da decenni, a questa corsa verso l&#8217; URBE, per questi motivi. Ci sono degli interessantissimi studi a livello europeo che descrivono questo. In Agordino, ricordiamoci che il problema maggiore non \u00e8 lo spostamento delle persone a valle, ma \u00e8 la denatalit\u00e0, che poi era ci\u00f2 che stupiva Barca. A fronte di una acquisita relativa sicurezza economica non si fanno figli ( come invece fanno gli immigrati integrati nel nostro sistema) ma ritengo si sia arrivati a considerare i figli come dei &#8220;competitor&#8221; che sottraggono tempo e risorse all&#8217;ego dei genitori o peggio, di quelli o quelle che decidono di non avere figli per questi motivi, che, orgogliosamente, non ammetteranno mai. Poi \u00e8 arrivato il Covid ed ha scompigliato ulteriormente le carte, o meglio ha rovesciato la scacchiera. \u00a0Perch\u00e8 non iniziano con il considerare come anni di contributi, quantomeno figurativi, gli anni durante i quali le mamme decidono di abbandonare il lavoro per dedicarsi ai figli ? Quantomeno 5 anni a figlio ? Sarebbe, penso, un buon incentivo, non esaustivo, ma sicuramente un primo passo per delle persone (ormai poche) che hanno voluto o vogliono mettere al mondo una prole (anche con grandi sacrifici economici) che poi sar\u00e0 la continuazione delle nostre comunit\u00e0. E se sono fortunate, potrebbero fare le nonne per i loro nipoti, cosa oggi pressocch\u00e8 impossibile da farsi\u00a0 perch\u00e9 se sono state fuori dal ciclo produttivo per pi\u00f9 di 5 anni vedranno la pensione sicuramente dopo i 65 anni\u00a0 \u00a0La vecchia storia : &#8221; Tu lavora che lo Stato (o la collettivit\u00e0 ) pensa a tutto il resto, figli compresi &#8221; \u00e8 stata una bufala gigantesca. Allevare un figlio (se continua gli studi fino all&#8217;universit\u00e0) costa alla famiglia sui 100.000 Euro. Alla faccia dello stato sociale\u00a0 \u00a0Anche se si ha uno spiccato senso genitoriale, si \u00e8 portati a lasciar perdere .<\/p><\/blockquote>\n<p>&nbsp;<\/p>\n","protected":false},"excerpt":{"rendered":"<p>L&#8217;OPINIONE di Tiziano De COl Basta vedere la curva demografica dei vari comuni agordini su wikipedia per vedere che il problema parte da lontano, circa 40 anni fa. Qualche Comune ha reagito meglio perch\u00e8 aveva ancora spazio sufficiente per edificare e per dare spazio a costo ragionevole alle nuove coppie (Agordo prima e Taibon dopo),&hellip;<\/p>\n","protected":false},"author":4,"featured_media":203830,"comment_status":"closed","ping_status":"closed","sticky":false,"template":"","format":"standard","meta":{"_monsterinsights_skip_tracking":false,"_monsterinsights_sitenote_active":false,"_monsterinsights_sitenote_note":"","_monsterinsights_sitenote_category":0,"footnotes":""},"categories":[104,49],"tags":[],"class_list":["post-204100","post","type-post","status-publish","format-standard","has-post-thumbnail","hentry","category-evidenza_3","category-news-18","category-104","category-49","description-off"],"img_url":"https:\/\/www.radiopiu.net\/wordpress\/wp-content\/uploads\/2021\/04\/th-4.jpg","_links":{"self":[{"href":"https:\/\/www.radiopiu.net\/wordpress\/wp-json\/wp\/v2\/posts\/204100","targetHints":{"allow":["GET"]}}],"collection":[{"href":"https:\/\/www.radiopiu.net\/wordpress\/wp-json\/wp\/v2\/posts"}],"about":[{"href":"https:\/\/www.radiopiu.net\/wordpress\/wp-json\/wp\/v2\/types\/post"}],"author":[{"embeddable":true,"href":"https:\/\/www.radiopiu.net\/wordpress\/wp-json\/wp\/v2\/users\/4"}],"replies":[{"embeddable":true,"href":"https:\/\/www.radiopiu.net\/wordpress\/wp-json\/wp\/v2\/comments?post=204100"}],"version-history":[{"count":0,"href":"https:\/\/www.radiopiu.net\/wordpress\/wp-json\/wp\/v2\/posts\/204100\/revisions"}],"wp:featuredmedia":[{"embeddable":true,"href":"https:\/\/www.radiopiu.net\/wordpress\/wp-json\/wp\/v2\/media\/203830"}],"wp:attachment":[{"href":"https:\/\/www.radiopiu.net\/wordpress\/wp-json\/wp\/v2\/media?parent=204100"}],"wp:term":[{"taxonomy":"category","embeddable":true,"href":"https:\/\/www.radiopiu.net\/wordpress\/wp-json\/wp\/v2\/categories?post=204100"},{"taxonomy":"post_tag","embeddable":true,"href":"https:\/\/www.radiopiu.net\/wordpress\/wp-json\/wp\/v2\/tags?post=204100"}],"curies":[{"name":"wp","href":"https:\/\/api.w.org\/{rel}","templated":true}]}}