{"id":204109,"date":"2021-04-19T05:50:42","date_gmt":"2021-04-19T03:50:42","guid":{"rendered":"https:\/\/www.radiopiu.net\/wordpress\/?p=204109"},"modified":"2021-04-19T09:24:07","modified_gmt":"2021-04-19T07:24:07","slug":"giornale-radiopiu-19-aprile-2021-direttore-mirko-mezzacasa","status":"publish","type":"post","link":"https:\/\/www.radiopiu.net\/wordpress\/giornale-radiopiu-19-aprile-2021-direttore-mirko-mezzacasa\/","title":{"rendered":"GIORNALE RADIOPIU 19 APRILE 2021 DIRETTORE MIRKO MEZZACASA"},"content":{"rendered":"<h3>PER<strong> RICEVERE QUESTO NOTIZIARIO DIRETTAMENTE SUL TUO CELLULARE ISCRIVITI AL CANALE TELEGRAM <\/strong><strong>\u201cRADIO PIU\u00a0 INFORMAZIONE&#8221;\u00a0<\/strong><\/h3>\n<p>&nbsp;<\/p>\n<hr \/>\n<p>&nbsp;<\/p>\n<blockquote>\n<h2><span style=\"color: #ff0000;\">\u00a0RADIO PIU&#8217;&#8230; SEMPRE PIU&#8217; VOCE DAL TERRITORIO. GIOVEDI E SABATO LE DIRETTE ALLA RADIO E SUI CANALI SOCIAL,<\/span><\/h2>\n<h2><span style=\"color: #ff0000;\">GIOVEDI ALLE 20.30 IL TRENO NELL&#8217;AGORDINO. PRESENTAZIONE DEL PROGETTO, MOTIVAZIONI E SPERANZE PER UN FUTURO MIGLIORE.<\/span><\/h2>\n<h2><span style=\"color: #ff0000;\">SABATO ALLE 17.30 DIRETTA RADIO DALLA PISCINA COMPRENSORIALE DI AGORDO CON ATTIVAMENTE AGORDINO CON I PROTAGONISTI DELLA RIPARTENZA<\/span><\/h2>\n<h2><span style=\"color: #ff0000;\">RADIO PIU, UNA CORAZZATA DI NOTIZIE&#8230;. immagina non ci fosse.<\/span><\/h2>\n<\/blockquote>\n<h2><\/h2>\n<hr \/>\n<p>&nbsp;<\/p>\n<h2 dir=\"auto\"><a href=\"https:\/\/www.radiopiu.net\/wordpress\/giornale-radiopiu-07-aprile-2021-direttore-mirko-mezzacasa\/youtube\/\" rel=\"attachment wp-att-201738\"><img loading=\"lazy\" decoding=\"async\" class=\"wp-image-201738 alignleft\" src=\"https:\/\/www.radiopiu.net\/wordpress\/wp-content\/uploads\/2021\/04\/YOUTUBE-300x300.png\" alt=\"\" width=\"143\" height=\"143\" srcset=\"https:\/\/www.radiopiu.net\/wordpress\/wp-content\/uploads\/2021\/04\/YOUTUBE-300x300.png 300w, https:\/\/www.radiopiu.net\/wordpress\/wp-content\/uploads\/2021\/04\/YOUTUBE-1024x1024.png 1024w, https:\/\/www.radiopiu.net\/wordpress\/wp-content\/uploads\/2021\/04\/YOUTUBE-150x150.png 150w, https:\/\/www.radiopiu.net\/wordpress\/wp-content\/uploads\/2021\/04\/YOUTUBE-768x768.png 768w, https:\/\/www.radiopiu.net\/wordpress\/wp-content\/uploads\/2021\/04\/YOUTUBE.png 1200w\" sizes=\"auto, (max-width: 143px) 100vw, 143px\" \/><\/a><\/h2>\n<p>&nbsp;<\/p>\n<h2 dir=\"auto\">RADIO PIU&#8217; ANCHE SU YOUTUBE. ISCRIVITI AL CANALE PER SEGUIRE LE DIRETTE E GUARDARE I VIDEO DI RADIO PIU&#8217;<\/h2>\n<h2 dir=\"auto\"><a href=\"https:\/\/www.youtube.com\/channel\/UC_sv6_pySrogmrRK354wWOw\">CLICCA QUI<\/a> E PREMI SUL PULSANTE &#8220;ISCRIVITI&#8221;<\/h2>\n<div dir=\"auto\"><\/div>\n<div dir=\"auto\"><\/div>\n<div dir=\"auto\"><\/div>\n<hr \/>\n<p>&nbsp;<\/p>\n<p><em><a href=\"https:\/\/www.radiopiu.net\/wordpress\/giornale-radiopiu-24-gennaio-2021-direttore-mirko-mezzacasa\/79216601_126817312416448_708980208774483089_n\/\" rel=\"attachment wp-att-186567\"><img loading=\"lazy\" decoding=\"async\" class=\"size-medium wp-image-186567 alignleft\" src=\"https:\/\/www.radiopiu.net\/wordpress\/wp-content\/uploads\/2021\/01\/79216601_126817312416448_708980208774483089_n-300x114.jpg\" alt=\"\" width=\"300\" height=\"114\" srcset=\"https:\/\/www.radiopiu.net\/wordpress\/wp-content\/uploads\/2021\/01\/79216601_126817312416448_708980208774483089_n-300x114.jpg 300w, https:\/\/www.radiopiu.net\/wordpress\/wp-content\/uploads\/2021\/01\/79216601_126817312416448_708980208774483089_n-768x292.jpg 768w, https:\/\/www.radiopiu.net\/wordpress\/wp-content\/uploads\/2021\/01\/79216601_126817312416448_708980208774483089_n.jpg 820w\" sizes=\"auto, (max-width: 300px) 100vw, 300px\" \/><\/a> <\/em><\/p>\n<p><em><span style=\"color: #ff0000;\">\u00a0<\/span><\/em><em><span style=\"color: #ff0000;\">LA NUOVA APP PER IOS-IPHONE di Nicola Vettorello <\/span><\/em><a href=\"https:\/\/apps.apple.com\/it\/app\/radio-pi%C3%B9-emittente-agordina\/id1515939845\">https:\/\/apps.apple.com\/it\/app\/radio-pi%C3%B9-emittente-agordina\/id1515939845<\/a><\/p>\n<p><em style=\"color: #ff0000;\">ATTENZIONE: LA NUOVA APP RADIO\u00a0 PER ANDROID di Nicola Vettorello<\/em><\/p>\n<p><a href=\"https:\/\/play.google.com\/store\/apps\/details?id=net.radiopiu.iniko\" target=\"_blank\" rel=\"noopener noreferrer\">https:\/\/play.google.com\/store\/apps\/details?id=net.radiopiu.iniko<\/a><\/p>\n<p>&nbsp;<\/p>\n<p>&nbsp;<\/p>\n<hr \/>\n<p>&nbsp;<\/p>\n<blockquote>\n<h3>VENETO IN ARANCIONE<\/h3>\n<\/blockquote>\n<p><strong>VENEZIA<\/strong><em> Il Veneto in zona arancione. Di seguito il vademecum sulla zona arancione.<\/em><\/p>\n<h3><a href=\"https:\/\/www.radiopiu.net\/wordpress\/giornale-radiopiu-03-aprile-2021-direttore-mirko-mezzacasa\/b3f36804-16e9-4406-b10b-f7963a753f82\/\" rel=\"attachment wp-att-201000\"><img loading=\"lazy\" decoding=\"async\" class=\"aligncenter wp-image-201000 size-full\" src=\"https:\/\/www.radiopiu.net\/wordpress\/wp-content\/uploads\/2021\/04\/b3f36804-16e9-4406-b10b-f7963a753f82.jpg\" alt=\"\" width=\"1024\" height=\"616\" srcset=\"https:\/\/www.radiopiu.net\/wordpress\/wp-content\/uploads\/2021\/04\/b3f36804-16e9-4406-b10b-f7963a753f82.jpg 1024w, https:\/\/www.radiopiu.net\/wordpress\/wp-content\/uploads\/2021\/04\/b3f36804-16e9-4406-b10b-f7963a753f82-300x180.jpg 300w, https:\/\/www.radiopiu.net\/wordpress\/wp-content\/uploads\/2021\/04\/b3f36804-16e9-4406-b10b-f7963a753f82-768x462.jpg 768w\" sizes=\"auto, (max-width: 1024px) 100vw, 1024px\" \/><\/a><\/h3>\n<p>&nbsp;<\/p>\n<p><strong>PER GLI SPOSTAMENTI FUORI COMUNE (SOTTO I 5000 ABITANTI) OBBLIGO DI AUTOCERTIFICAZIONE CHE PUOI <a href=\"https:\/\/www.radiopiu.net\/wordpress\/veneto-in-rosso-il-bianco-sardegna-lontano-lo-dice-lincide-rt\/dpcm-autocertificazione-gennaio-2021\/\">SCARICARE QUI<\/a><\/strong><\/p>\n<p>&nbsp;<\/p>\n<p>&nbsp;<\/p>\n<hr \/>\n<p>&nbsp;<\/p>\n<div>\n<blockquote>\n<h3 class=\"page-title-head hgroup\">EX PROVINCIALE TAIBON-AGORDO, STRADA CHIUSA FINO AL 31 MAGGIO<\/h3>\n<\/blockquote>\n<p><strong>TAIBON<\/strong>\u00a0Cantiere aperto tra Taibon, Taier e Brugnach sulla strada di campagna, (ex Sp 34): fino al 31 maggio la strada rester\u00e0 chiusa da\u00a0 via Col di Lana (sabati, domeniche e festivi inclusi).<\/p>\n<p>&nbsp;<\/p>\n<p>&nbsp;<\/p>\n<hr \/>\n<p>&nbsp;<\/p>\n<\/div>\n<div class=\"page-title-head hgroup\"><\/div>\n<p><strong>SP 3 VAL IMPERINA <\/strong>Fino al 30 aprile (sabato e domenica esclusi) interdizione alla viabilit\u00e0 per lavori di esbosco schianti a fasce orari. Chiusure: dalle 8 alle 9.45; dalle 10 alle 12; dalle 13.45 alle 15.50; dalle 16.10 alle 17.30. Nei periodi non interessati dalla chiusura senso unico alternato con movieri.<img loading=\"lazy\" decoding=\"async\" class=\"wp-image-198719 alignleft\" src=\"https:\/\/www.radiopiu.net\/wordpress\/wp-content\/uploads\/2021\/03\/d1cefc45-a8f4-432d-b66b-ba03ea140813-300x142.jpg\" alt=\"\" width=\"188\" height=\"89\" srcset=\"https:\/\/www.radiopiu.net\/wordpress\/wp-content\/uploads\/2021\/03\/d1cefc45-a8f4-432d-b66b-ba03ea140813-300x142.jpg 300w, https:\/\/www.radiopiu.net\/wordpress\/wp-content\/uploads\/2021\/03\/d1cefc45-a8f4-432d-b66b-ba03ea140813-1024x485.jpg 1024w, https:\/\/www.radiopiu.net\/wordpress\/wp-content\/uploads\/2021\/03\/d1cefc45-a8f4-432d-b66b-ba03ea140813-768x364.jpg 768w, https:\/\/www.radiopiu.net\/wordpress\/wp-content\/uploads\/2021\/03\/d1cefc45-a8f4-432d-b66b-ba03ea140813-1536x728.jpg 1536w, https:\/\/www.radiopiu.net\/wordpress\/wp-content\/uploads\/2021\/03\/d1cefc45-a8f4-432d-b66b-ba03ea140813.jpg 1599w\" sizes=\"auto, (max-width: 188px) 100vw, 188px\" \/><\/p>\n<p><b>\u00a0<\/b><strong>PROVINCIALE 10 DI ALANO, LOC. LE SORGENTI<\/strong> interruzione totale alla viabilit\u00e0 fino al 19 maggio, dalle 8 alle 12 e dalle 13 alle 18, esclusi sabato e domenica<\/p>\n<p>&nbsp;<\/p>\n<p>&nbsp;<\/p>\n<hr \/>\n<h3><\/h3>\n<h3>CHIUSA LA\u00a0 STATALE 50 A GRAVAZZE PER LA REALIZZAZIONE DEL SOTTOPASSO CICLABILE<\/h3>\n<p><strong><a href=\"https:\/\/www.radiopiu.net\/wordpress\/giornale-radio-piu-15-06-direttore-mirko-mezzacasa\/lavori_in_corso_cartelli04111111111111\/\" rel=\"attachment wp-att-20520\"><img loading=\"lazy\" decoding=\"async\" class=\" wp-image-20520 alignleft\" src=\"https:\/\/www.radiopiu.net\/wordpress\/wp-content\/uploads\/2016\/06\/lavori_in_corso_cartelli04111111111111-300x237.jpg\" sizes=\"auto, (max-width: 300px) 100vw, 300px\" srcset=\"https:\/\/www.radiopiu.net\/wordpress\/wp-content\/uploads\/2016\/06\/lavori_in_corso_cartelli04111111111111-300x237.jpg 300w, https:\/\/www.radiopiu.net\/wordpress\/wp-content\/uploads\/2016\/06\/lavori_in_corso_cartelli04111111111111.jpg 425w\" alt=\"\" width=\"152\" height=\"120\" \/><\/a>SANTA GIUSTINA<\/strong> la chiusura della Statale 50 fino 25 aprile con deviazioni ben segnalate. Per la durata dei lavori in localit\u00e0 Gravazze anche le tratte Dolomitibus da Feltre e S.Giustina verso la Luxottica di Agordo subiranno le necessarie deviazioni.<\/p>\n<p>&nbsp;<\/p>\n<p><strong>AGORDO<\/strong> In occasione dei lavori per la ciclabile di Gravazze che interesseranno la tratta Dolomitibus che parte da Felttre e arriva allo stabilimento Luxottica di Agordo, sono stati comunicati gli orari in vigore dal 16 al 25 aprile per i dipendenti che utilizzano il servizio urbano per recarsi al lavoro<\/p>\n<p><strong>GLI ORARI<\/strong><\/p>\n\n\t\t\t<style type='text\/css'>\n\t\t\t\t#gallery-1 {\n\t\t\t\t\tmargin: auto;\n\t\t\t\t}\n\t\t\t\t#gallery-1 .gallery-item {\n\t\t\t\t\tfloat: left;\n\t\t\t\t\tmargin-top: 10px;\n\t\t\t\t\ttext-align: center;\n\t\t\t\t\twidth: 33%;\n\t\t\t\t}\n\t\t\t\t#gallery-1 img {\n\t\t\t\t\tborder: 2px solid #cfcfcf;\n\t\t\t\t}\n\t\t\t\t#gallery-1 .gallery-caption {\n\t\t\t\t\tmargin-left: 0;\n\t\t\t\t}\n\t\t\t\t\/* see gallery_shortcode() in wp-includes\/media.php *\/\n\t\t\t<\/style>\n\t\t<div id='gallery-1' class='dt-gallery-container gallery galleryid-204109 gallery-columns-3 gallery-size-medium'><dl class='gallery-item'>\n\t\t\t\t<dt class='gallery-icon portrait'>\n\t\t\t\t\t<a class=\"rollover rollover-zoom dt-pswp-item\" title=\"2a2b5bcd-0c59-443b-baf0-ad95a2976e77\" data-dt-img-description=\"\" data-large_image_width=\"720\" data-large_image_height=\"962\"href='https:\/\/www.radiopiu.net\/wordpress\/wp-content\/uploads\/2021\/04\/2a2b5bcd-0c59-443b-baf0-ad95a2976e77.jpg'><img loading=\"lazy\" decoding=\"async\" width=\"225\" height=\"300\" src=\"https:\/\/www.radiopiu.net\/wordpress\/wp-content\/uploads\/2021\/04\/2a2b5bcd-0c59-443b-baf0-ad95a2976e77-225x300.jpg\" class=\"attachment-medium size-medium\" alt=\"\" srcset=\"https:\/\/www.radiopiu.net\/wordpress\/wp-content\/uploads\/2021\/04\/2a2b5bcd-0c59-443b-baf0-ad95a2976e77-225x300.jpg 225w, https:\/\/www.radiopiu.net\/wordpress\/wp-content\/uploads\/2021\/04\/2a2b5bcd-0c59-443b-baf0-ad95a2976e77.jpg 720w\" sizes=\"auto, (max-width: 225px) 100vw, 225px\" \/><\/a>\n\t\t\t\t<\/dt><\/dl><dl class='gallery-item'>\n\t\t\t\t<dt class='gallery-icon portrait'>\n\t\t\t\t\t<a class=\"rollover rollover-zoom dt-pswp-item\" title=\"3aeb2860-495f-4734-bbdc-5fceffd2378e\" data-dt-img-description=\"\" data-large_image_width=\"720\" data-large_image_height=\"941\"href='https:\/\/www.radiopiu.net\/wordpress\/wp-content\/uploads\/2021\/04\/3aeb2860-495f-4734-bbdc-5fceffd2378e.jpg'><img loading=\"lazy\" decoding=\"async\" width=\"230\" height=\"300\" src=\"https:\/\/www.radiopiu.net\/wordpress\/wp-content\/uploads\/2021\/04\/3aeb2860-495f-4734-bbdc-5fceffd2378e-230x300.jpg\" class=\"attachment-medium size-medium\" alt=\"\" srcset=\"https:\/\/www.radiopiu.net\/wordpress\/wp-content\/uploads\/2021\/04\/3aeb2860-495f-4734-bbdc-5fceffd2378e-230x300.jpg 230w, https:\/\/www.radiopiu.net\/wordpress\/wp-content\/uploads\/2021\/04\/3aeb2860-495f-4734-bbdc-5fceffd2378e.jpg 720w\" sizes=\"auto, (max-width: 230px) 100vw, 230px\" \/><\/a>\n\t\t\t\t<\/dt><\/dl><dl class='gallery-item'>\n\t\t\t\t<dt class='gallery-icon landscape'>\n\t\t\t\t\t<a class=\"rollover rollover-zoom dt-pswp-item\" title=\"8dd796ca-b239-4231-b06d-d2f47036906d\" data-dt-img-description=\"\" data-large_image_width=\"720\" data-large_image_height=\"588\"href='https:\/\/www.radiopiu.net\/wordpress\/wp-content\/uploads\/2021\/04\/8dd796ca-b239-4231-b06d-d2f47036906d.jpg'><img loading=\"lazy\" decoding=\"async\" width=\"300\" height=\"245\" src=\"https:\/\/www.radiopiu.net\/wordpress\/wp-content\/uploads\/2021\/04\/8dd796ca-b239-4231-b06d-d2f47036906d-300x245.jpg\" class=\"attachment-medium size-medium\" alt=\"\" srcset=\"https:\/\/www.radiopiu.net\/wordpress\/wp-content\/uploads\/2021\/04\/8dd796ca-b239-4231-b06d-d2f47036906d-300x245.jpg 300w, https:\/\/www.radiopiu.net\/wordpress\/wp-content\/uploads\/2021\/04\/8dd796ca-b239-4231-b06d-d2f47036906d.jpg 720w\" sizes=\"auto, (max-width: 300px) 100vw, 300px\" \/><\/a>\n\t\t\t\t<\/dt><\/dl><br style=\"clear: both\" \/>\n\t\t\t<\/div>\n\n<p>&nbsp;<\/p>\n<p>&nbsp;<\/p>\n<hr \/>\n<p>&nbsp;<\/p>\n<blockquote>\n<h3>SENSO UNICO ALTERNATO A SOVERZENE PER TRE SETTIMANE<\/h3>\n<\/blockquote>\n<p><strong>SOVERZENE<\/strong> Per tre settimane verr\u00e0 istituito senso unico alternato regolato\u00a0 da\u00a0 impianto\u00a0 semaforico sulla\u00a0 strada\u00a0 Soverzene &#8211; Provagna\u00a0 in\u00a0 Comune\u00a0 di\u00a0 Soverzene,\u00a0 dalla\u00a0 localit\u00e0\u00a0 Cima\u00a0 Campo fino\u00a0 al\u00a0 bivio\u00a0 con\u00a0 gli\u00a0 impianti\u00a0 sportivi,\u00a0 al\u00a0 fine\u00a0 di\u00a0 consentire\u00a0 all\u2019Impresa Tollot di allestire\u00a0 un cantiere stradale per la messa in sicurezza della strada stessa.<\/p>\n<p>&nbsp;<\/p>\n<p>&nbsp;<\/p>\n<hr \/>\n<p>&nbsp;<\/p>\n<p><strong><a href=\"https:\/\/www.radiopiu.net\/wordpress\/acqua-di-nuovo-potabile-a-gosaldo\/bicchiere-acqua\/\" rel=\"attachment wp-att-197762\"><img loading=\"lazy\" decoding=\"async\" class=\" wp-image-197762 alignleft\" src=\"https:\/\/www.radiopiu.net\/wordpress\/wp-content\/uploads\/2021\/03\/BICCHIERE-ACQUA-300x200.jpg\" alt=\"\" width=\"159\" height=\"106\" srcset=\"https:\/\/www.radiopiu.net\/wordpress\/wp-content\/uploads\/2021\/03\/BICCHIERE-ACQUA-300x200.jpg 300w, https:\/\/www.radiopiu.net\/wordpress\/wp-content\/uploads\/2021\/03\/BICCHIERE-ACQUA-1024x683.jpg 1024w, https:\/\/www.radiopiu.net\/wordpress\/wp-content\/uploads\/2021\/03\/BICCHIERE-ACQUA-768x512.jpg 768w, https:\/\/www.radiopiu.net\/wordpress\/wp-content\/uploads\/2021\/03\/BICCHIERE-ACQUA-1536x1024.jpg 1536w, https:\/\/www.radiopiu.net\/wordpress\/wp-content\/uploads\/2021\/03\/BICCHIERE-ACQUA.jpg 1920w\" sizes=\"auto, (max-width: 159px) 100vw, 159px\" \/><\/a>LIVINALLONGO\u00a0 nelle localit\u00e0 SALESEI DI SOPRA, SALESEI DI SOTTO,PIAN DI SALESEI, SALESEI, SOTTOCREPA e FOPPA, l&#8217;acqua erogata dall&#8217;acquedotto \u00e8 di nuovo potabile e pu\u00f2 essere usata, quindi, per scopi alimentari.<\/strong><\/p>\n<p><strong>Gestione Servizi Pubblici informa che anche a ROCCA PIETORE in localit\u00e0 SOPRACORDEVOLE, l&#8217;acqua erogata dall&#8217;acquedotto \u00e8 di nuovo potabile e pu\u00f2 essere usata, quindi, per scopi alimentari.<br \/>\n<\/strong><\/p>\n<p>&nbsp;<\/p>\n<p>&nbsp;<\/p>\n<hr \/>\n<p>&nbsp;<\/p>\n<h3><a href=\"https:\/\/www.radiopiu.net\/wordpress\/giornale-radio-piu-edizione-del-23-dicembre-2017-direttore-mirko-mezzacasa\/enel-tecnici-in-cabina\/\" rel=\"attachment wp-att-40338\"><img loading=\"lazy\" decoding=\"async\" class=\"wp-image-40338 alignleft\" src=\"https:\/\/www.radiopiu.net\/wordpress\/wp-content\/uploads\/2017\/12\/Enel-Tecnici-in-cabina-300x200.jpg\" alt=\"\" width=\"96\" height=\"64\" \/><\/a>INTERRUZIONI ENEL PROGRAMMATE<\/h3>\n<p><strong>RIVAMONTE<\/strong> venerd\u00ec 23 aprile dalle 8 alle 13 in Via Valchesina<\/p>\n<p>&nbsp;<\/p>\n<p>&nbsp;<\/p>\n<hr \/>\n<p>&nbsp;<\/p>\n<blockquote>\n<h3>FINALMENTE IL CROLLO DEI CASI DEI POSITIVI, MA IL NUMERO DEI RICOVERI E&#8217; SEMPRE MOLTO ALTO<\/h3>\n<\/blockquote>\n<p>Anche il Veneto \u00e8 ormai vicino alla zona gialla, \u00e8 iniziato il conto alla rovescia di qui al 26 aprile, intanto negli ultimi 40 giorni il Veneto conta 58.183 nuovi contagi, 11.104 vittime da inizio pandemia, 26444 gli attualmente positivi.<\/p>\n<p>Vaccinazioni:\u00a0 \u00a0nella Usl 1 Dolomiti 64.591 dosi inoculate: sabato ne sono state effettuate 826. Nel resto del Veneto sono un milione 290mila le dosi somministrate, di cui quasi un milione il totale delle prime dosi (916.833 per la precisione). Circa 373.646 il totale dei cicli completati che sono pari al 7,7 per cento della popolazione veneta.<\/p>\n<p>&nbsp;<\/p>\n<blockquote>\n<h3>COVID IN PROVINCIA: MUORE UN UOMO DI 69 ANNI A BELLUNO, 26 I NUOVI POSITIVI IN PROVINCIA<\/h3>\n<\/blockquote>\n<p><strong>BELLUNO<\/strong> Nelle ultime\u00a0 24 ore\u00a0 \u00e8 deceduto un uomo di 69 anni covid positivo ricoverato in Pneumologia\u00a0 a Belluno. Le nuove positivit\u00e0 registrate in provincia di Belluno sono 26, 756 le persone attualmente positive.<\/p>\n<p><strong>Ricoveri<\/strong><\/p>\n<p><em>(dato alle ore 17.00 fonte: Azienda Zero)<\/em><\/p>\n<p>Le persone attualmente POSITIVE ricoverate negli ospedali dell\u2019Ulss Dolomiti sono:<\/p>\n<table>\n<tbody>\n<tr>\n<td width=\"217\"><strong>\u00a0<\/strong><\/td>\n<td width=\"217\"><strong>Area NON CRITICA<\/strong><\/td>\n<td width=\"217\"><strong>Terapia Intensiva<\/strong><\/td>\n<\/tr>\n<tr>\n<td width=\"217\"><strong>Ospedale di Belluno <\/strong><\/td>\n<td width=\"217\">21<\/td>\n<td width=\"217\">4<\/td>\n<\/tr>\n<tr>\n<td width=\"217\"><strong>Ospedale di Feltre<\/strong><\/td>\n<td width=\"217\">16<\/td>\n<td width=\"217\">5<\/td>\n<\/tr>\n<\/tbody>\n<\/table>\n<p>&nbsp;<\/p>\n<p>Le persone attualmente POSITIVE ricoverate in Ospedale di Comunit\u00e0 sono:<\/p>\n<table>\n<tbody>\n<tr>\n<td width=\"326\"><strong>\u00a0<\/strong><\/td>\n<td width=\"326\"><strong>pazienti attualmente positivi<\/strong><\/td>\n<\/tr>\n<tr>\n<td width=\"326\"><strong>Ospedale di Comunit\u00e0 di BELLUNO<\/strong><\/td>\n<td width=\"326\">10<\/td>\n<\/tr>\n<tr>\n<td width=\"326\"><strong>Ospedale di Comunit\u00e0 di FELTRE<\/strong><\/td>\n<td width=\"326\">9<\/td>\n<\/tr>\n<\/tbody>\n<\/table>\n<p>&nbsp;<\/p>\n<hr \/>\n<p>&nbsp;<\/p>\n<blockquote>\n<h3>\u00a0STRONCATO DA INFARTO A DUE PASSI DA CASA<\/h3>\n<\/blockquote>\n<p><strong>ARSIE&#8217;<\/strong> Purtroppo le immediate manovre rianimatorie non sono servite a riportare in vita Giovanni Mores ex dipendente Enel in pensione, di Mellame via della Fevera. Aveva da poco festeggiato con i famigliari il 74esimo compleanno. Sabato era era uscito\u00a0 per prendere della legna quando ha accusato il malore. Lascia la moglie Natalia Del Marco e la figlia Patrizia<\/p>\n<p>&nbsp;<\/p>\n<hr \/>\n<blockquote>\n<h3><\/h3>\n<h3>INTERVENTO DEL SOCCORSO ALPINO A CASERA CANPOI PER UNA DONNA CHE SI E&#8217; SENTITA MALE<\/h3>\n<\/blockquote>\n<p><strong><a href=\"https:\/\/www.radiopiu.net\/wordpress\/torna-la-festa-del-volontariato-cadorino-sabato-1-settembre\/soccorsoalpino\/\" rel=\"attachment wp-att-59164\"><img loading=\"lazy\" decoding=\"async\" class=\" wp-image-59164 alignleft\" src=\"https:\/\/www.radiopiu.net\/wordpress\/wp-content\/uploads\/2018\/08\/soccorsoalpino-300x300.jpg\" alt=\"\" width=\"118\" height=\"118\" srcset=\"https:\/\/www.radiopiu.net\/wordpress\/wp-content\/uploads\/2018\/08\/soccorsoalpino-300x300.jpg 300w, https:\/\/www.radiopiu.net\/wordpress\/wp-content\/uploads\/2018\/08\/soccorsoalpino-150x150.jpg 150w, https:\/\/www.radiopiu.net\/wordpress\/wp-content\/uploads\/2018\/08\/soccorsoalpino-768x768.jpg 768w, https:\/\/www.radiopiu.net\/wordpress\/wp-content\/uploads\/2018\/08\/soccorsoalpino-1024x1024.jpg 1024w, https:\/\/www.radiopiu.net\/wordpress\/wp-content\/uploads\/2018\/08\/soccorsoalpino.jpg 1200w\" sizes=\"auto, (max-width: 118px) 100vw, 118px\" \/><\/a> <\/strong><\/p>\n<p><strong>\u00a0<\/strong><\/p>\n<p><strong>LONGARONE <\/strong>Ieri attorno alle 15.40 l&#8217;elicottero del Suem di Pieve di Cadore \u00e8 decollato in direzione di Casera Canpoi, dove una donna, che si trovava in compagnia di altre persone, si era sentita poco bene. Atterrata nelle vicinanze, dall&#8217;eliambulanza sono sbarcati equipe medica e tecnica di elisoccorso che hanno prestato le prime cure a T.F., 60 anni, residente a Longarone (BL), per poi trasportarla all&#8217;ospedale di Belluno per le verifiche del caso.<\/p>\n<p>&nbsp;<\/p>\n<p>&nbsp;<\/p>\n<hr \/>\n<p>&nbsp;<\/p>\n<blockquote>\n<h3>CALO DEMOGRAFICO IN AGORDINO. IL SINDACO DI ROCCA PIETORE FA IL PUNTO<\/h3>\n<\/blockquote>\n<p><strong><a href=\"https:\/\/www.radiopiu.net\/wordpress\/al-lavoro-per-la-sicurezza-sul-territorio\/andrea-de-bernardin-10\/\" rel=\"attachment wp-att-195558\"><img loading=\"lazy\" decoding=\"async\" class=\"size-medium wp-image-195558 alignleft\" src=\"https:\/\/www.radiopiu.net\/wordpress\/wp-content\/uploads\/2021\/03\/ANDREA-DE-BERNARDIN-300x169.jpg\" alt=\"\" width=\"300\" height=\"169\" srcset=\"https:\/\/www.radiopiu.net\/wordpress\/wp-content\/uploads\/2021\/03\/ANDREA-DE-BERNARDIN-300x169.jpg 300w, https:\/\/www.radiopiu.net\/wordpress\/wp-content\/uploads\/2021\/03\/ANDREA-DE-BERNARDIN-768x432.jpg 768w, https:\/\/www.radiopiu.net\/wordpress\/wp-content\/uploads\/2021\/03\/ANDREA-DE-BERNARDIN.jpg 960w\" sizes=\"auto, (max-width: 300px) 100vw, 300px\" \/><\/a>ROCCA PIETORE <\/strong>Il sindaco di Rocca Pietore Andrea De Bernardin dice la sua sul calo demografico in Agordino. Un&#8217;analisi a 360 gradi del primo cittadino che prende in considerazione tanti punti di vista. &#8220;<em>Bisogna intervenire con serie politiche sovracomunali. Non bastano certo i 500\/700 euro ad ogni nuovo nato che il Comune di Rocca Pietore delibera da ormai 20 anni. E non basta nemmeno tenere le tasse comunali al minimo. Non basta forse nemmeno incentivare costi &#8220;sociali&#8221; delle case &#8211; dice De Bernardin &#8211; Il problema \u00e8 che molti giovani montanari non vogliono pi\u00f9 fare i montanari. Il problema \u00e8 la mancata politica nazionale rivolta alle famiglie cos\u00ec come \u00e8 portata avanti in altre nazioni vicine, mi viene in mente la Francia. Ma mi viene in mente anche la vicina Provincia di Bolzano, esempio da imitare. Anche se pure da loro iniziano ad accusare il medesimo problema nei Comuni meno turistici e pi\u00f9 scomodi<\/em>&#8221;<\/p>\n<p><strong>di Gianni Santomaso<\/strong><\/p>\n<audio class=\"wp-audio-shortcode\" id=\"audio-204109-1\" preload=\"none\" style=\"width: 100%;\" controls=\"controls\"><source type=\"audio\/mpeg\" src=\"https:\/\/www.radiopiu.net\/wordpress\/wp-content\/uploads\/2021\/04\/GIANNI-DE-BERNARDIN-CALO-DEMOGRAFICO.mp3?_=1\" \/><a href=\"https:\/\/www.radiopiu.net\/wordpress\/wp-content\/uploads\/2021\/04\/GIANNI-DE-BERNARDIN-CALO-DEMOGRAFICO.mp3\">https:\/\/www.radiopiu.net\/wordpress\/wp-content\/uploads\/2021\/04\/GIANNI-DE-BERNARDIN-CALO-DEMOGRAFICO.mp3<\/a><\/audio>\n<p>&nbsp;<\/p>\n<p><strong>IL SINDACO DI ROCCA PIETORE ANDREA DE BERNARDIN<\/strong><\/p>\n<audio class=\"wp-audio-shortcode\" id=\"audio-204109-2\" preload=\"none\" style=\"width: 100%;\" controls=\"controls\"><source type=\"audio\/mpeg\" src=\"https:\/\/www.radiopiu.net\/wordpress\/wp-content\/uploads\/2021\/04\/DE-BERNARDIN-CALO-DEMOGRAFICO.mp3?_=2\" \/><a href=\"https:\/\/www.radiopiu.net\/wordpress\/wp-content\/uploads\/2021\/04\/DE-BERNARDIN-CALO-DEMOGRAFICO.mp3\">https:\/\/www.radiopiu.net\/wordpress\/wp-content\/uploads\/2021\/04\/DE-BERNARDIN-CALO-DEMOGRAFICO.mp3<\/a><\/audio>\n<p>&nbsp;<\/p>\n<p>&nbsp;<\/p>\n<hr \/>\n<p>&nbsp;<\/p>\n<blockquote>\n<h3>PER SILVIA CESTARO CONTRO LO SPOPOLAMENTO DELLA MONTAGNA BISOGNA RI-MAPPARE I PASCOLI IN QUOTA<\/h3>\n<\/blockquote>\n<p><strong><a href=\"https:\/\/www.radiopiu.net\/wordpress\/i-vigili-del-fuoco-volontari-di-selva-di-cadore-sanificano-le-strade\/silva-cestaro-2020\/\" rel=\"attachment wp-att-130287\"><img loading=\"lazy\" decoding=\"async\" class=\"size-medium wp-image-130287 alignleft\" src=\"https:\/\/www.radiopiu.net\/wordpress\/wp-content\/uploads\/2020\/04\/SILVA-CESTARO-2020-225x300.jpg\" alt=\"\" width=\"225\" height=\"300\" srcset=\"https:\/\/www.radiopiu.net\/wordpress\/wp-content\/uploads\/2020\/04\/SILVA-CESTARO-2020-225x300.jpg 225w, https:\/\/www.radiopiu.net\/wordpress\/wp-content\/uploads\/2020\/04\/SILVA-CESTARO-2020-768x1024.jpg 768w, https:\/\/www.radiopiu.net\/wordpress\/wp-content\/uploads\/2020\/04\/SILVA-CESTARO-2020-1152x1536.jpg 1152w, https:\/\/www.radiopiu.net\/wordpress\/wp-content\/uploads\/2020\/04\/SILVA-CESTARO-2020.jpg 1200w\" sizes=\"auto, (max-width: 225px) 100vw, 225px\" \/><\/a>VENEZIA<\/strong> Contro lo spopolamento, ri-mappare i pascoli in quota. \u00c8 la proposta, a favore degli allevatori delle terre alte, della consigliera regionale della Lega Silvia Cestaro. La mozione \u201cPratiche locali tradizionali (Plt): la giunta provveda alla loro individuazione\u201d verr\u00e0 discussa a Palazzo Ferro Fini marted\u00ec, durante la riunione del Consiglio regionale. \u201c<em>L&#8217;iniziativa \u2013 spiega Cestaro \u2013 serve a riconoscere alle aziende con pascoli in alta montagna il 50% delle aree pascolabili non individuabili dal voli leader di Avepa. E&#8217; importante per assicurare alla gente di montagna i giusti contributi a fronte di un lavoro essenziale per la cura e il mantenimento del nostro territorio e contro l&#8217;avanzare del bosco<\/em>\u201d. Funziona infatti cos\u00ec: agli allevatori viene riconosciuto un contributo per il servizio di cura del territorio sulla base dei pascoli mappati dai voli aerei. Ma questo tipo di rilevazione non tiene conto di tutti i prati presenti sotto chioma, in quelle aree coperte di alberi dove, per\u00f2, gli animali possono pascolare. Per pascolo, infatti, si considerano i prati con predominanza di erba o di erbacee da foraggio, ma in montagna ci sono vaste superfici dove oltre al prato ci sono alberi ma delle quali, finora, non si \u00e8 tenuto conto. \u201c<em>Le Regioni possono ri \u2013 mappare le zone con rilievo a vista \u2013 spiega la consigliera \u2013; ho sentito diversi allevatori e dicono sia un passaggio importante per permettere il mantenimento del nostro territorio, da qui la mia mozione. A Colle Santa Lucia un ragazzo molto giovane ha avviato un allevamento, sono notizie importanti, che ci fanno ben sperare per il futuro delle nostre terre alte. Questi giovani vanno incoraggiati e aiutati a restare<\/em>\u201d.<\/p>\n<p>&nbsp;<\/p>\n<hr \/>\n<p>&nbsp;<\/p>\n<blockquote>\n<h2>E i voli pindarici dei &#8220;Migliori&#8221; servono a ben poco, se non a gettar scompiglio<\/h2>\n<\/blockquote>\n<h1><\/h1>\n<h3>di Tiziano De COl<\/h3>\n<blockquote>\n<h3><\/h3>\n<p><a href=\"https:\/\/www.radiopiu.net\/wordpress\/giornale-radiopiu-05-maggio-2018-direttore-mirko-mezzacasa\/de_col_tiziano\/\" rel=\"attachment wp-att-47565\"><img loading=\"lazy\" decoding=\"async\" class=\"size-full wp-image-47565 alignleft\" src=\"https:\/\/www.radiopiu.net\/wordpress\/wp-content\/uploads\/2018\/05\/De_Col_Tiziano.jpg\" alt=\"\" width=\"155\" height=\"200\" \/><\/a>Basta vedere la curva demografica dei vari comuni agordini su wikipedia per vedere che il problema parte da lontano, circa 40 anni fa. Qualche Comune ha reagito meglio perch\u00e8 aveva ancora spazio sufficiente per edificare e per dare spazio a costo ragionevole alle nuove coppie (Agordo prima e Taibon dopo), poi tutto si \u00e8 fermato anche l\u00ec ed \u00e8 iniziata la retromarcia. Per Livinallongo (e Colle) a mio avviso resiste in quanto la base culturale e storica \u00e8 diversa da altri Comuni Agordini e soprattutto \u00e8 a sufficiente distanza dal &#8220;centro di normalizzazione&#8221;. Si va anche via dall&#8217; Agordino anche perch\u00e8, o sei in Luxottica o hai ben poche altre opportunit\u00e0 di lavoro, soprattutto se sei una laureata o un laureato, non parliamo poi di possibilit\u00e0 di carriera &#8230;.. Anni fa , circa 20, il presidente dei produttori carne della Val Pusteria mi diceva che non riuscivano a contenere l&#8217;abbandono dei masi e delle terre pi\u00f9 in alto. Non bastavano i soldi (tanti) per trattenere i giovani in posti isolati. Il richiamo dell&#8217; URBE , della cittadina o della citt\u00e0 , dove si possono tessere relazioni sociali ed avere aspettative diverse era ed \u00e8 enorme. In tutto il Vecchio Continente si assiste , da decenni, a questa corsa verso l&#8217; URBE, per questi motivi. Ci sono degli interessantissimi studi a livello europeo che descrivono questo. In Agordino, ricordiamoci che il problema maggiore non \u00e8 lo spostamento delle persone a valle, ma \u00e8 la denatalit\u00e0, che poi era ci\u00f2 che stupiva Barca. A fronte di una acquisita relativa sicurezza economica non si fanno figli ( come invece fanno gli immigrati integrati nel nostro sistema) ma ritengo si sia arrivati a considerare i figli come dei &#8220;competitor&#8221; che sottraggono tempo e risorse all&#8217;ego dei genitori o peggio, di quelli o quelle che decidono di non avere figli per questi motivi, che, orgogliosamente, non ammetteranno mai. Poi \u00e8 arrivato il Covid ed ha scompigliato ulteriormente le carte, o meglio ha rovesciato la scacchiera. \u00a0Perch\u00e8 non iniziano con il considerare come anni di contributi, quantomeno figurativi, gli anni durante i quali le mamme decidono di abbandonare il lavoro per dedicarsi ai figli ? Quantomeno 5 anni a figlio ? Sarebbe, penso, un buon incentivo, non esaustivo, ma sicuramente un primo passo per delle persone (ormai poche) che hanno voluto o vogliono mettere al mondo una prole (anche con grandi sacrifici economici) che poi sar\u00e0 la continuazione delle nostre comunit\u00e0. E se sono fortunate, potrebbero fare le nonne per i loro nipoti, cosa oggi pressocch\u00e8 impossibile da farsi\u00a0 perch\u00e9 se sono state fuori dal ciclo produttivo per pi\u00f9 di 5 anni vedranno la pensione sicuramente dopo i 65 anni\u00a0 \u00a0La vecchia storia : &#8221; Tu lavora che lo Stato (o la collettivit\u00e0 ) pensa a tutto il resto, figli compresi &#8221; \u00e8 stata una bufala gigantesca. Allevare un figlio (se continua gli studi fino all&#8217;universit\u00e0) costa alla famiglia sui 100.000 Euro. Alla faccia dello stato sociale\u00a0 \u00a0Anche se si ha uno spiccato senso genitoriale, si \u00e8 portati a lasciar perdere .<\/p><\/blockquote>\n<p>&nbsp;<\/p>\n<p>&nbsp;<\/p>\n<p>&nbsp;<\/p>\n<hr \/>\n<p>&nbsp;<\/p>\n<p>&nbsp;<\/p>\n<blockquote>\n<h3>BONIFICATA A DIGONERA LA DISCARICA ABUSIVA<\/h3>\n<\/blockquote>\n<p><strong>ROCCA PIETORE<\/strong> Dopo la segnalazione di Radio Pi\u00f9 sulla discarica abusiva a Digonera, in mattinata di sabato la zona \u00e8 stata ripulita dalle cassette di legno lanciate gi\u00f9 per la scarpata.<\/p>\n<p><strong>IL SINDACO DI ROCCA PIETORE ANDREA DE BERNARDIN<\/strong><\/p>\n<audio class=\"wp-audio-shortcode\" id=\"audio-204109-3\" preload=\"none\" style=\"width: 100%;\" controls=\"controls\"><source type=\"audio\/mpeg\" src=\"https:\/\/www.radiopiu.net\/wordpress\/wp-content\/uploads\/2021\/04\/DE-BERNARDIN-DISCARICA-ABUSIVA.mp3?_=3\" \/><a href=\"https:\/\/www.radiopiu.net\/wordpress\/wp-content\/uploads\/2021\/04\/DE-BERNARDIN-DISCARICA-ABUSIVA.mp3\">https:\/\/www.radiopiu.net\/wordpress\/wp-content\/uploads\/2021\/04\/DE-BERNARDIN-DISCARICA-ABUSIVA.mp3<\/a><\/audio>\n<p>&nbsp;<\/p>\n\n\t\t\t<style type='text\/css'>\n\t\t\t\t#gallery-2 {\n\t\t\t\t\tmargin: auto;\n\t\t\t\t}\n\t\t\t\t#gallery-2 .gallery-item {\n\t\t\t\t\tfloat: left;\n\t\t\t\t\tmargin-top: 10px;\n\t\t\t\t\ttext-align: center;\n\t\t\t\t\twidth: 25%;\n\t\t\t\t}\n\t\t\t\t#gallery-2 img {\n\t\t\t\t\tborder: 2px solid #cfcfcf;\n\t\t\t\t}\n\t\t\t\t#gallery-2 .gallery-caption {\n\t\t\t\t\tmargin-left: 0;\n\t\t\t\t}\n\t\t\t\t\/* see gallery_shortcode() in wp-includes\/media.php *\/\n\t\t\t<\/style>\n\t\t<div id='gallery-2' class='dt-gallery-container gallery galleryid-204109 gallery-columns-4 gallery-size-medium'><dl class='gallery-item'>\n\t\t\t\t<dt class='gallery-icon portrait'>\n\t\t\t\t\t<a class=\"rollover rollover-zoom dt-pswp-item\" title=\"c1b0d4ab-dd03-4335-ad6f-d97df4d4cf7d\" data-dt-img-description=\"\" data-large_image_width=\"768\" data-large_image_height=\"1024\"href='https:\/\/www.radiopiu.net\/wordpress\/wp-content\/uploads\/2021\/04\/c1b0d4ab-dd03-4335-ad6f-d97df4d4cf7d.jpg'><img loading=\"lazy\" decoding=\"async\" width=\"225\" height=\"300\" src=\"https:\/\/www.radiopiu.net\/wordpress\/wp-content\/uploads\/2021\/04\/c1b0d4ab-dd03-4335-ad6f-d97df4d4cf7d-225x300.jpg\" class=\"attachment-medium size-medium\" alt=\"\" srcset=\"https:\/\/www.radiopiu.net\/wordpress\/wp-content\/uploads\/2021\/04\/c1b0d4ab-dd03-4335-ad6f-d97df4d4cf7d-225x300.jpg 225w, https:\/\/www.radiopiu.net\/wordpress\/wp-content\/uploads\/2021\/04\/c1b0d4ab-dd03-4335-ad6f-d97df4d4cf7d.jpg 768w\" sizes=\"auto, (max-width: 225px) 100vw, 225px\" \/><\/a>\n\t\t\t\t<\/dt><\/dl><dl class='gallery-item'>\n\t\t\t\t<dt class='gallery-icon portrait'>\n\t\t\t\t\t<a class=\"rollover rollover-zoom dt-pswp-item\" title=\"19d39517-6b8c-476b-b3e9-7b56e17b4649\" data-dt-img-description=\"\" data-large_image_width=\"768\" data-large_image_height=\"1024\"href='https:\/\/www.radiopiu.net\/wordpress\/wp-content\/uploads\/2021\/04\/19d39517-6b8c-476b-b3e9-7b56e17b4649.jpg'><img loading=\"lazy\" decoding=\"async\" width=\"225\" height=\"300\" src=\"https:\/\/www.radiopiu.net\/wordpress\/wp-content\/uploads\/2021\/04\/19d39517-6b8c-476b-b3e9-7b56e17b4649-225x300.jpg\" class=\"attachment-medium size-medium\" alt=\"\" srcset=\"https:\/\/www.radiopiu.net\/wordpress\/wp-content\/uploads\/2021\/04\/19d39517-6b8c-476b-b3e9-7b56e17b4649-225x300.jpg 225w, https:\/\/www.radiopiu.net\/wordpress\/wp-content\/uploads\/2021\/04\/19d39517-6b8c-476b-b3e9-7b56e17b4649.jpg 768w\" sizes=\"auto, (max-width: 225px) 100vw, 225px\" \/><\/a>\n\t\t\t\t<\/dt><\/dl><dl class='gallery-item'>\n\t\t\t\t<dt class='gallery-icon portrait'>\n\t\t\t\t\t<a class=\"rollover rollover-zoom dt-pswp-item\" title=\"648a91b0-1ac1-4cb9-9436-9337866af507\" data-dt-img-description=\"\" data-large_image_width=\"768\" data-large_image_height=\"1024\"href='https:\/\/www.radiopiu.net\/wordpress\/wp-content\/uploads\/2021\/04\/648a91b0-1ac1-4cb9-9436-9337866af507.jpg'><img loading=\"lazy\" decoding=\"async\" width=\"225\" height=\"300\" src=\"https:\/\/www.radiopiu.net\/wordpress\/wp-content\/uploads\/2021\/04\/648a91b0-1ac1-4cb9-9436-9337866af507-225x300.jpg\" class=\"attachment-medium size-medium\" alt=\"\" srcset=\"https:\/\/www.radiopiu.net\/wordpress\/wp-content\/uploads\/2021\/04\/648a91b0-1ac1-4cb9-9436-9337866af507-225x300.jpg 225w, https:\/\/www.radiopiu.net\/wordpress\/wp-content\/uploads\/2021\/04\/648a91b0-1ac1-4cb9-9436-9337866af507.jpg 768w\" sizes=\"auto, (max-width: 225px) 100vw, 225px\" \/><\/a>\n\t\t\t\t<\/dt><\/dl><dl class='gallery-item'>\n\t\t\t\t<dt class='gallery-icon portrait'>\n\t\t\t\t\t<a class=\"rollover rollover-zoom dt-pswp-item\" title=\"049ff96c-cd81-4c8b-b43e-c03a75125839\" data-dt-img-description=\"\" data-large_image_width=\"768\" data-large_image_height=\"1024\"href='https:\/\/www.radiopiu.net\/wordpress\/wp-content\/uploads\/2021\/04\/049ff96c-cd81-4c8b-b43e-c03a75125839.jpg'><img loading=\"lazy\" decoding=\"async\" width=\"225\" height=\"300\" src=\"https:\/\/www.radiopiu.net\/wordpress\/wp-content\/uploads\/2021\/04\/049ff96c-cd81-4c8b-b43e-c03a75125839-225x300.jpg\" class=\"attachment-medium size-medium\" alt=\"\" srcset=\"https:\/\/www.radiopiu.net\/wordpress\/wp-content\/uploads\/2021\/04\/049ff96c-cd81-4c8b-b43e-c03a75125839-225x300.jpg 225w, https:\/\/www.radiopiu.net\/wordpress\/wp-content\/uploads\/2021\/04\/049ff96c-cd81-4c8b-b43e-c03a75125839.jpg 768w\" sizes=\"auto, (max-width: 225px) 100vw, 225px\" \/><\/a>\n\t\t\t\t<\/dt><\/dl><br style=\"clear: both\" \/><dl class='gallery-item'>\n\t\t\t\t<dt class='gallery-icon landscape'>\n\t\t\t\t\t<a class=\"rollover rollover-zoom dt-pswp-item\" title=\"1fbae0a8-86da-47b0-a3a9-84891ab2641c\" data-dt-img-description=\"\" data-large_image_width=\"1599\" data-large_image_height=\"1200\"href='https:\/\/www.radiopiu.net\/wordpress\/wp-content\/uploads\/2021\/04\/1fbae0a8-86da-47b0-a3a9-84891ab2641c.jpg'><img loading=\"lazy\" decoding=\"async\" width=\"300\" height=\"225\" src=\"https:\/\/www.radiopiu.net\/wordpress\/wp-content\/uploads\/2021\/04\/1fbae0a8-86da-47b0-a3a9-84891ab2641c-300x225.jpg\" class=\"attachment-medium size-medium\" alt=\"\" srcset=\"https:\/\/www.radiopiu.net\/wordpress\/wp-content\/uploads\/2021\/04\/1fbae0a8-86da-47b0-a3a9-84891ab2641c-300x225.jpg 300w, https:\/\/www.radiopiu.net\/wordpress\/wp-content\/uploads\/2021\/04\/1fbae0a8-86da-47b0-a3a9-84891ab2641c-1024x768.jpg 1024w, https:\/\/www.radiopiu.net\/wordpress\/wp-content\/uploads\/2021\/04\/1fbae0a8-86da-47b0-a3a9-84891ab2641c-768x576.jpg 768w, https:\/\/www.radiopiu.net\/wordpress\/wp-content\/uploads\/2021\/04\/1fbae0a8-86da-47b0-a3a9-84891ab2641c-1536x1153.jpg 1536w, https:\/\/www.radiopiu.net\/wordpress\/wp-content\/uploads\/2021\/04\/1fbae0a8-86da-47b0-a3a9-84891ab2641c.jpg 1599w\" sizes=\"auto, (max-width: 300px) 100vw, 300px\" \/><\/a>\n\t\t\t\t<\/dt><\/dl><dl class='gallery-item'>\n\t\t\t\t<dt class='gallery-icon portrait'>\n\t\t\t\t\t<a class=\"rollover rollover-zoom dt-pswp-item\" title=\"fd8e058e-0a3a-425a-a830-0045c0efb102\" data-dt-img-description=\"\" data-large_image_width=\"768\" data-large_image_height=\"1024\"href='https:\/\/www.radiopiu.net\/wordpress\/wp-content\/uploads\/2021\/04\/fd8e058e-0a3a-425a-a830-0045c0efb102.jpg'><img loading=\"lazy\" decoding=\"async\" width=\"225\" height=\"300\" src=\"https:\/\/www.radiopiu.net\/wordpress\/wp-content\/uploads\/2021\/04\/fd8e058e-0a3a-425a-a830-0045c0efb102-225x300.jpg\" class=\"attachment-medium size-medium\" alt=\"\" srcset=\"https:\/\/www.radiopiu.net\/wordpress\/wp-content\/uploads\/2021\/04\/fd8e058e-0a3a-425a-a830-0045c0efb102-225x300.jpg 225w, https:\/\/www.radiopiu.net\/wordpress\/wp-content\/uploads\/2021\/04\/fd8e058e-0a3a-425a-a830-0045c0efb102.jpg 768w\" sizes=\"auto, (max-width: 225px) 100vw, 225px\" \/><\/a>\n\t\t\t\t<\/dt><\/dl><dl class='gallery-item'>\n\t\t\t\t<dt class='gallery-icon landscape'>\n\t\t\t\t\t<a class=\"rollover rollover-zoom dt-pswp-item\" title=\"210a9eb0-20be-4a2d-8309-6ab9cffd5c06\" data-dt-img-description=\"\" data-large_image_width=\"1599\" data-large_image_height=\"1200\"href='https:\/\/www.radiopiu.net\/wordpress\/wp-content\/uploads\/2021\/04\/210a9eb0-20be-4a2d-8309-6ab9cffd5c06.jpg'><img loading=\"lazy\" decoding=\"async\" width=\"300\" height=\"225\" src=\"https:\/\/www.radiopiu.net\/wordpress\/wp-content\/uploads\/2021\/04\/210a9eb0-20be-4a2d-8309-6ab9cffd5c06-300x225.jpg\" class=\"attachment-medium size-medium\" alt=\"\" srcset=\"https:\/\/www.radiopiu.net\/wordpress\/wp-content\/uploads\/2021\/04\/210a9eb0-20be-4a2d-8309-6ab9cffd5c06-300x225.jpg 300w, https:\/\/www.radiopiu.net\/wordpress\/wp-content\/uploads\/2021\/04\/210a9eb0-20be-4a2d-8309-6ab9cffd5c06-1024x768.jpg 1024w, https:\/\/www.radiopiu.net\/wordpress\/wp-content\/uploads\/2021\/04\/210a9eb0-20be-4a2d-8309-6ab9cffd5c06-768x576.jpg 768w, https:\/\/www.radiopiu.net\/wordpress\/wp-content\/uploads\/2021\/04\/210a9eb0-20be-4a2d-8309-6ab9cffd5c06-1536x1153.jpg 1536w, https:\/\/www.radiopiu.net\/wordpress\/wp-content\/uploads\/2021\/04\/210a9eb0-20be-4a2d-8309-6ab9cffd5c06.jpg 1599w\" sizes=\"auto, (max-width: 300px) 100vw, 300px\" \/><\/a>\n\t\t\t\t<\/dt><\/dl><dl class='gallery-item'>\n\t\t\t\t<dt class='gallery-icon portrait'>\n\t\t\t\t\t<a class=\"rollover rollover-zoom dt-pswp-item\" title=\"a38346ff-b7c9-4521-94b6-3ae14678bcb8\" data-dt-img-description=\"\" data-large_image_width=\"768\" data-large_image_height=\"1024\"href='https:\/\/www.radiopiu.net\/wordpress\/wp-content\/uploads\/2021\/04\/a38346ff-b7c9-4521-94b6-3ae14678bcb8.jpg'><img loading=\"lazy\" decoding=\"async\" width=\"225\" height=\"300\" src=\"https:\/\/www.radiopiu.net\/wordpress\/wp-content\/uploads\/2021\/04\/a38346ff-b7c9-4521-94b6-3ae14678bcb8-225x300.jpg\" class=\"attachment-medium size-medium\" alt=\"\" srcset=\"https:\/\/www.radiopiu.net\/wordpress\/wp-content\/uploads\/2021\/04\/a38346ff-b7c9-4521-94b6-3ae14678bcb8-225x300.jpg 225w, https:\/\/www.radiopiu.net\/wordpress\/wp-content\/uploads\/2021\/04\/a38346ff-b7c9-4521-94b6-3ae14678bcb8.jpg 768w\" sizes=\"auto, (max-width: 225px) 100vw, 225px\" \/><\/a>\n\t\t\t\t<\/dt><\/dl><br style=\"clear: both\" \/>\n\t\t\t<\/div>\n\n<p>&nbsp;<\/p>\n<blockquote>\n<h3>LA NOTIZIA DEL 14 APRILE 2021<\/h3>\n<\/blockquote>\n<p><strong>\u00a0ROCCA PIETORE<\/strong> Strada Statale 563 per Salesei, la rotabile per le vette dolomitiche, i passi e l&#8217;ecocentro non autorizzato. Poco sotto la strada qualcuno ha pensato di arrecare ulteriore danno ad un ambiente gi\u00e0 provato dalla furia di Vaia, accanto ad alberi schiantati ecco i contenitori dei tronchetti. Qualcuno ha pensato di scaricarli lungo le scarpate, tanto qualcuno prima o poi interverr\u00e0.<\/p>\n\n\t\t\t<style type='text\/css'>\n\t\t\t\t#gallery-3 {\n\t\t\t\t\tmargin: auto;\n\t\t\t\t}\n\t\t\t\t#gallery-3 .gallery-item {\n\t\t\t\t\tfloat: left;\n\t\t\t\t\tmargin-top: 10px;\n\t\t\t\t\ttext-align: center;\n\t\t\t\t\twidth: 50%;\n\t\t\t\t}\n\t\t\t\t#gallery-3 img {\n\t\t\t\t\tborder: 2px solid #cfcfcf;\n\t\t\t\t}\n\t\t\t\t#gallery-3 .gallery-caption {\n\t\t\t\t\tmargin-left: 0;\n\t\t\t\t}\n\t\t\t\t\/* see gallery_shortcode() in wp-includes\/media.php *\/\n\t\t\t<\/style>\n\t\t<div id='gallery-3' class='dt-gallery-container gallery galleryid-204109 gallery-columns-2 gallery-size-full'><dl class='gallery-item'>\n\t\t\t\t<dt class='gallery-icon landscape'>\n\t\t\t\t\t<a class=\"rollover rollover-zoom dt-pswp-item\" title=\"a939e363-6aa7-4112-980a-0988e7eb5983\" data-dt-img-description=\"\" data-large_image_width=\"1600\" data-large_image_height=\"1200\"href='https:\/\/www.radiopiu.net\/wordpress\/wp-content\/uploads\/2021\/04\/a939e363-6aa7-4112-980a-0988e7eb5983.jpg'><img loading=\"lazy\" decoding=\"async\" width=\"1600\" height=\"1200\" src=\"https:\/\/www.radiopiu.net\/wordpress\/wp-content\/uploads\/2021\/04\/a939e363-6aa7-4112-980a-0988e7eb5983.jpg\" class=\"attachment-full size-full\" alt=\"\" srcset=\"https:\/\/www.radiopiu.net\/wordpress\/wp-content\/uploads\/2021\/04\/a939e363-6aa7-4112-980a-0988e7eb5983.jpg 1600w, https:\/\/www.radiopiu.net\/wordpress\/wp-content\/uploads\/2021\/04\/a939e363-6aa7-4112-980a-0988e7eb5983-300x225.jpg 300w, https:\/\/www.radiopiu.net\/wordpress\/wp-content\/uploads\/2021\/04\/a939e363-6aa7-4112-980a-0988e7eb5983-1024x768.jpg 1024w, https:\/\/www.radiopiu.net\/wordpress\/wp-content\/uploads\/2021\/04\/a939e363-6aa7-4112-980a-0988e7eb5983-768x576.jpg 768w, https:\/\/www.radiopiu.net\/wordpress\/wp-content\/uploads\/2021\/04\/a939e363-6aa7-4112-980a-0988e7eb5983-1536x1152.jpg 1536w\" sizes=\"auto, (max-width: 1600px) 100vw, 1600px\" \/><\/a>\n\t\t\t\t<\/dt><\/dl><dl class='gallery-item'>\n\t\t\t\t<dt class='gallery-icon landscape'>\n\t\t\t\t\t<a class=\"rollover rollover-zoom dt-pswp-item\" title=\"4f4b3c37-5b8d-44d5-b9dd-51b98e2934be\" data-dt-img-description=\"\" data-large_image_width=\"1600\" data-large_image_height=\"1200\"href='https:\/\/www.radiopiu.net\/wordpress\/wp-content\/uploads\/2021\/04\/4f4b3c37-5b8d-44d5-b9dd-51b98e2934be.jpg'><img loading=\"lazy\" decoding=\"async\" width=\"1600\" height=\"1200\" src=\"https:\/\/www.radiopiu.net\/wordpress\/wp-content\/uploads\/2021\/04\/4f4b3c37-5b8d-44d5-b9dd-51b98e2934be.jpg\" class=\"attachment-full size-full\" alt=\"\" srcset=\"https:\/\/www.radiopiu.net\/wordpress\/wp-content\/uploads\/2021\/04\/4f4b3c37-5b8d-44d5-b9dd-51b98e2934be.jpg 1600w, https:\/\/www.radiopiu.net\/wordpress\/wp-content\/uploads\/2021\/04\/4f4b3c37-5b8d-44d5-b9dd-51b98e2934be-300x225.jpg 300w, https:\/\/www.radiopiu.net\/wordpress\/wp-content\/uploads\/2021\/04\/4f4b3c37-5b8d-44d5-b9dd-51b98e2934be-1024x768.jpg 1024w, https:\/\/www.radiopiu.net\/wordpress\/wp-content\/uploads\/2021\/04\/4f4b3c37-5b8d-44d5-b9dd-51b98e2934be-768x576.jpg 768w, https:\/\/www.radiopiu.net\/wordpress\/wp-content\/uploads\/2021\/04\/4f4b3c37-5b8d-44d5-b9dd-51b98e2934be-1536x1152.jpg 1536w\" sizes=\"auto, (max-width: 1600px) 100vw, 1600px\" \/><\/a>\n\t\t\t\t<\/dt><\/dl><br style=\"clear: both\" \/>\n\t\t\t<\/div>\n\n<p>&nbsp;<\/p>\n<hr \/>\n<p>&nbsp;<\/p>\n<p>&nbsp;<\/p>\n<blockquote>\n<h2><span style=\"color: #800080;\"><strong>DA ELVIRA POLI DI AGORDO\u00a0 NEL 1920 PRIMA INGEGNERE DONNA AGORDINA ALL&#8217;UNIVERSITA&#8217; DI PADOVA. NEL SUO RICORDO AI MICROFONI DI RADIO PIU&#8217; TRE INGEGNERE\u00a0 AGORDINE IN ROSA<\/strong><\/span><\/h2>\n<\/blockquote>\n<p><strong><a href=\"https:\/\/www.radiopiu.net\/wordpress\/la-rassegna-stampa-da-lamico-del-popolo-17-aprile-2021\/hard-hat-4274431_1920\/\" rel=\"attachment wp-att-204002\"><img loading=\"lazy\" decoding=\"async\" class=\"size-medium wp-image-204002 alignleft\" src=\"https:\/\/www.radiopiu.net\/wordpress\/wp-content\/uploads\/2021\/04\/hard-hat-4274431_1920-300x169.jpg\" alt=\"\" width=\"300\" height=\"169\" srcset=\"https:\/\/www.radiopiu.net\/wordpress\/wp-content\/uploads\/2021\/04\/hard-hat-4274431_1920-300x169.jpg 300w, https:\/\/www.radiopiu.net\/wordpress\/wp-content\/uploads\/2021\/04\/hard-hat-4274431_1920-1024x576.jpg 1024w, https:\/\/www.radiopiu.net\/wordpress\/wp-content\/uploads\/2021\/04\/hard-hat-4274431_1920-768x432.jpg 768w, https:\/\/www.radiopiu.net\/wordpress\/wp-content\/uploads\/2021\/04\/hard-hat-4274431_1920-1536x864.jpg 1536w, https:\/\/www.radiopiu.net\/wordpress\/wp-content\/uploads\/2021\/04\/hard-hat-4274431_1920.jpg 1920w\" sizes=\"auto, (max-width: 300px) 100vw, 300px\" \/><\/a>di Gianni Santomaso<\/strong><\/p>\n<p><strong>OSPITI: Francesca Case, Silvia Del Din e Alice Ganz<\/strong><\/p>\n<audio class=\"wp-audio-shortcode\" id=\"audio-204109-4\" preload=\"none\" style=\"width: 100%;\" controls=\"controls\"><source type=\"audio\/mpeg\" src=\"https:\/\/www.radiopiu.net\/wordpress\/wp-content\/uploads\/2021\/04\/RASSEGNA-GIANNI-2.mp3?_=4\" \/><a href=\"https:\/\/www.radiopiu.net\/wordpress\/wp-content\/uploads\/2021\/04\/RASSEGNA-GIANNI-2.mp3\">https:\/\/www.radiopiu.net\/wordpress\/wp-content\/uploads\/2021\/04\/RASSEGNA-GIANNI-2.mp3<\/a><\/audio>\n<p>&nbsp;<\/p>\n<p>&nbsp;<\/p>\n<p>&nbsp;<\/p>\n<hr \/>\n<blockquote>\n<h3>GIORNATA DI PULIZIE NEI BOSCHI DI BELLUNO PER L&#8217;ASSOCIAZIONE PLASTIC FREE<\/h3>\n<\/blockquote>\n<p><strong>BELLUNO<\/strong> Coinvolgere e sensibilizzare le persone per cercare di togliere quanti pi\u00f9 rifiuti possibile in natura. \u00c8 questo l&#8217;obbiettivo dell&#8217;associazione &#8220;Plastic Free&#8221; di Belluno che nella giornata di ieri si \u00e8 data da fare nel capoluogo di provincia per ripulire le zone verdi dai rifiuti. L&#8217;operazione \u00e8 andata in scena tra il Piave e Veneggia dove una trentina di volontari si sono ritrovati di buon mattino per iniziare la pulizia della zona. Il risultato una catasta di spazzatura di ogni genere. L&#8217;associazione &#8220;Plastic Free&#8221; sta crescendo con tanti volontari in ogni parte della provincia. Per scoprire &#8220;Plastic Free Belluno&#8221; basta accedere alla pagina Facebook del gruppo (<a href=\"https:\/\/www.facebook.com\/groups\/plasticfreebelluno\">CLICCA QUI<\/a>)<\/p>\n<p><strong>LUIGI MACCIONI DI PLASTIC FREE BELLUNO<\/strong><\/p>\n<audio class=\"wp-audio-shortcode\" id=\"audio-204109-5\" preload=\"none\" style=\"width: 100%;\" controls=\"controls\"><source type=\"audio\/mpeg\" src=\"https:\/\/www.radiopiu.net\/wordpress\/wp-content\/uploads\/2021\/04\/LUIGI-MACCIONI-PLASTIC-FREE.mp3?_=5\" \/><a href=\"https:\/\/www.radiopiu.net\/wordpress\/wp-content\/uploads\/2021\/04\/LUIGI-MACCIONI-PLASTIC-FREE.mp3\">https:\/\/www.radiopiu.net\/wordpress\/wp-content\/uploads\/2021\/04\/LUIGI-MACCIONI-PLASTIC-FREE.mp3<\/a><\/audio>\n<p>&nbsp;<\/p>\n\n\t\t\t<style type='text\/css'>\n\t\t\t\t#gallery-4 {\n\t\t\t\t\tmargin: auto;\n\t\t\t\t}\n\t\t\t\t#gallery-4 .gallery-item {\n\t\t\t\t\tfloat: left;\n\t\t\t\t\tmargin-top: 10px;\n\t\t\t\t\ttext-align: center;\n\t\t\t\t\twidth: 50%;\n\t\t\t\t}\n\t\t\t\t#gallery-4 img {\n\t\t\t\t\tborder: 2px solid #cfcfcf;\n\t\t\t\t}\n\t\t\t\t#gallery-4 .gallery-caption {\n\t\t\t\t\tmargin-left: 0;\n\t\t\t\t}\n\t\t\t\t\/* see gallery_shortcode() in wp-includes\/media.php *\/\n\t\t\t<\/style>\n\t\t<div id='gallery-4' class='dt-gallery-container gallery galleryid-204109 gallery-columns-2 gallery-size-medium'><dl class='gallery-item'>\n\t\t\t\t<dt class='gallery-icon landscape'>\n\t\t\t\t\t<a class=\"rollover rollover-zoom dt-pswp-item\" title=\"16a8eb3f-09d5-4260-b4b2-7afca4d9a54c\" data-dt-img-description=\"\" data-large_image_width=\"2000\" data-large_image_height=\"1125\"href='https:\/\/www.radiopiu.net\/wordpress\/wp-content\/uploads\/2021\/04\/16a8eb3f-09d5-4260-b4b2-7afca4d9a54c.jpg'><img loading=\"lazy\" decoding=\"async\" width=\"300\" height=\"169\" src=\"https:\/\/www.radiopiu.net\/wordpress\/wp-content\/uploads\/2021\/04\/16a8eb3f-09d5-4260-b4b2-7afca4d9a54c-300x169.jpg\" class=\"attachment-medium size-medium\" alt=\"\" srcset=\"https:\/\/www.radiopiu.net\/wordpress\/wp-content\/uploads\/2021\/04\/16a8eb3f-09d5-4260-b4b2-7afca4d9a54c-300x169.jpg 300w, https:\/\/www.radiopiu.net\/wordpress\/wp-content\/uploads\/2021\/04\/16a8eb3f-09d5-4260-b4b2-7afca4d9a54c-1024x576.jpg 1024w, https:\/\/www.radiopiu.net\/wordpress\/wp-content\/uploads\/2021\/04\/16a8eb3f-09d5-4260-b4b2-7afca4d9a54c-768x432.jpg 768w, https:\/\/www.radiopiu.net\/wordpress\/wp-content\/uploads\/2021\/04\/16a8eb3f-09d5-4260-b4b2-7afca4d9a54c-1536x864.jpg 1536w, https:\/\/www.radiopiu.net\/wordpress\/wp-content\/uploads\/2021\/04\/16a8eb3f-09d5-4260-b4b2-7afca4d9a54c.jpg 2000w\" sizes=\"auto, (max-width: 300px) 100vw, 300px\" \/><\/a>\n\t\t\t\t<\/dt><\/dl><dl class='gallery-item'>\n\t\t\t\t<dt class='gallery-icon landscape'>\n\t\t\t\t\t<a class=\"rollover rollover-zoom dt-pswp-item\" title=\"dc900cd0-3bf8-4714-bd79-0489e8c203eb\" data-dt-img-description=\"\" data-large_image_width=\"2000\" data-large_image_height=\"1125\"href='https:\/\/www.radiopiu.net\/wordpress\/wp-content\/uploads\/2021\/04\/dc900cd0-3bf8-4714-bd79-0489e8c203eb.jpg'><img loading=\"lazy\" decoding=\"async\" width=\"300\" height=\"169\" src=\"https:\/\/www.radiopiu.net\/wordpress\/wp-content\/uploads\/2021\/04\/dc900cd0-3bf8-4714-bd79-0489e8c203eb-300x169.jpg\" class=\"attachment-medium size-medium\" alt=\"\" srcset=\"https:\/\/www.radiopiu.net\/wordpress\/wp-content\/uploads\/2021\/04\/dc900cd0-3bf8-4714-bd79-0489e8c203eb-300x169.jpg 300w, https:\/\/www.radiopiu.net\/wordpress\/wp-content\/uploads\/2021\/04\/dc900cd0-3bf8-4714-bd79-0489e8c203eb-1024x576.jpg 1024w, https:\/\/www.radiopiu.net\/wordpress\/wp-content\/uploads\/2021\/04\/dc900cd0-3bf8-4714-bd79-0489e8c203eb-768x432.jpg 768w, https:\/\/www.radiopiu.net\/wordpress\/wp-content\/uploads\/2021\/04\/dc900cd0-3bf8-4714-bd79-0489e8c203eb-1536x864.jpg 1536w, https:\/\/www.radiopiu.net\/wordpress\/wp-content\/uploads\/2021\/04\/dc900cd0-3bf8-4714-bd79-0489e8c203eb.jpg 2000w\" sizes=\"auto, (max-width: 300px) 100vw, 300px\" \/><\/a>\n\t\t\t\t<\/dt><\/dl><br style=\"clear: both\" \/><dl class='gallery-item'>\n\t\t\t\t<dt class='gallery-icon landscape'>\n\t\t\t\t\t<a class=\"rollover rollover-zoom dt-pswp-item\" title=\"a85372ce-beee-4052-b380-201b67fc68d1\" data-dt-img-description=\"\" data-large_image_width=\"2000\" data-large_image_height=\"1125\"href='https:\/\/www.radiopiu.net\/wordpress\/wp-content\/uploads\/2021\/04\/a85372ce-beee-4052-b380-201b67fc68d1.jpg'><img loading=\"lazy\" decoding=\"async\" width=\"300\" height=\"169\" src=\"https:\/\/www.radiopiu.net\/wordpress\/wp-content\/uploads\/2021\/04\/a85372ce-beee-4052-b380-201b67fc68d1-300x169.jpg\" class=\"attachment-medium size-medium\" alt=\"\" srcset=\"https:\/\/www.radiopiu.net\/wordpress\/wp-content\/uploads\/2021\/04\/a85372ce-beee-4052-b380-201b67fc68d1-300x169.jpg 300w, https:\/\/www.radiopiu.net\/wordpress\/wp-content\/uploads\/2021\/04\/a85372ce-beee-4052-b380-201b67fc68d1-1024x576.jpg 1024w, https:\/\/www.radiopiu.net\/wordpress\/wp-content\/uploads\/2021\/04\/a85372ce-beee-4052-b380-201b67fc68d1-768x432.jpg 768w, https:\/\/www.radiopiu.net\/wordpress\/wp-content\/uploads\/2021\/04\/a85372ce-beee-4052-b380-201b67fc68d1-1536x864.jpg 1536w, https:\/\/www.radiopiu.net\/wordpress\/wp-content\/uploads\/2021\/04\/a85372ce-beee-4052-b380-201b67fc68d1.jpg 2000w\" sizes=\"auto, (max-width: 300px) 100vw, 300px\" \/><\/a>\n\t\t\t\t<\/dt><\/dl><dl class='gallery-item'>\n\t\t\t\t<dt class='gallery-icon landscape'>\n\t\t\t\t\t<a class=\"rollover rollover-zoom dt-pswp-item\" title=\"ea40ea1e-9bba-4445-894a-bef7ab2aff94\" data-dt-img-description=\"\" data-large_image_width=\"2000\" data-large_image_height=\"1125\"href='https:\/\/www.radiopiu.net\/wordpress\/wp-content\/uploads\/2021\/04\/ea40ea1e-9bba-4445-894a-bef7ab2aff94.jpg'><img loading=\"lazy\" decoding=\"async\" width=\"300\" height=\"169\" src=\"https:\/\/www.radiopiu.net\/wordpress\/wp-content\/uploads\/2021\/04\/ea40ea1e-9bba-4445-894a-bef7ab2aff94-300x169.jpg\" class=\"attachment-medium size-medium\" alt=\"\" srcset=\"https:\/\/www.radiopiu.net\/wordpress\/wp-content\/uploads\/2021\/04\/ea40ea1e-9bba-4445-894a-bef7ab2aff94-300x169.jpg 300w, https:\/\/www.radiopiu.net\/wordpress\/wp-content\/uploads\/2021\/04\/ea40ea1e-9bba-4445-894a-bef7ab2aff94-1024x576.jpg 1024w, https:\/\/www.radiopiu.net\/wordpress\/wp-content\/uploads\/2021\/04\/ea40ea1e-9bba-4445-894a-bef7ab2aff94-768x432.jpg 768w, https:\/\/www.radiopiu.net\/wordpress\/wp-content\/uploads\/2021\/04\/ea40ea1e-9bba-4445-894a-bef7ab2aff94-1536x864.jpg 1536w, https:\/\/www.radiopiu.net\/wordpress\/wp-content\/uploads\/2021\/04\/ea40ea1e-9bba-4445-894a-bef7ab2aff94.jpg 2000w\" sizes=\"auto, (max-width: 300px) 100vw, 300px\" \/><\/a>\n\t\t\t\t<\/dt><\/dl><br style=\"clear: both\" \/>\n\t\t\t<\/div>\n\n<p>&nbsp;<\/p>\n<hr \/>\n<p>&nbsp;<\/p>\n<blockquote>\n<h3>ECOVOLONTARI FELTRE, SEMPRE PIU&#8217; VICINI AL TERRITORIO E CHI VI ABITA<\/h3>\n<\/blockquote>\n<p><strong>FELTRE<\/strong> Sabato mattina gli ecovolontari di Feltre si sono radunati per l&#8217;ennesima importante giornata di pulizia del territorio. La popolazione sta apprezzando molto lo sforzo dei volontari, non manca di segnalare situazioni pi\u00f9 o meno note e la forza-lavoro non manca nell&#8217;appellarsi a chi possa regalare qualche ora, nei giorni feriali, oppure nel fine settimana, le porte alla Ecovolontari di Feltre sono sempre aperte (facebook Ecovolontari Um Feltre <span style=\"color: #0000ff;\"><strong><a style=\"color: #0000ff;\" href=\"https:\/\/www.facebook.com\/ecovolontari.umfeltre\">CLICCA QUI<\/a><\/strong><span style=\"color: #000000;\">)<\/span><\/span><\/p>\n<p>&nbsp;<\/p>\n<blockquote><p><strong><em>SE PROPRIO ALTRO NON SI RIESCE A FARE&#8230; SI METTA ALMENO UN BAGNO <\/em><\/strong>Tornando a sabato mattina dalle 8.30 alle 12.30 senza sosta, i volontari hanno ripulito la zona dalla rotatoria del centro Le Torri verso il macello trovando una situazione effettivamente da &#8220;macello&#8221;. Lo testimoniano le fotografie, indiscutibili. Ma una parte per decoro e rispetto del lettori non \u00e8 stata fotografata, una zona all&#8217;apparenza diventata discarica di cartoni, vengono usati per coprire i bisogno di chi ha scambiato il parcheggio per un gabinetto a cielo aperto. SIcuramente l&#8217;amministrazione comunale ne \u00e8 a conoscenza, dopo le testimonianze degli ecovolontari ne ha un&#8217;ulteriore certezza\u00a0 e potrebbe arrivare al punto di non tollerarlo ulteriormente.<\/p><\/blockquote>\n\n\t\t\t<style type='text\/css'>\n\t\t\t\t#gallery-5 {\n\t\t\t\t\tmargin: auto;\n\t\t\t\t}\n\t\t\t\t#gallery-5 .gallery-item {\n\t\t\t\t\tfloat: left;\n\t\t\t\t\tmargin-top: 10px;\n\t\t\t\t\ttext-align: center;\n\t\t\t\t\twidth: 20%;\n\t\t\t\t}\n\t\t\t\t#gallery-5 img {\n\t\t\t\t\tborder: 2px solid #cfcfcf;\n\t\t\t\t}\n\t\t\t\t#gallery-5 .gallery-caption {\n\t\t\t\t\tmargin-left: 0;\n\t\t\t\t}\n\t\t\t\t\/* see gallery_shortcode() in wp-includes\/media.php *\/\n\t\t\t<\/style>\n\t\t<div id='gallery-5' class='dt-gallery-container gallery galleryid-204109 gallery-columns-5 gallery-size-medium'><dl class='gallery-item'>\n\t\t\t\t<dt class='gallery-icon portrait'>\n\t\t\t\t\t<a class=\"rollover rollover-zoom dt-pswp-item\" title=\"a3362203-ab54-40a1-a627-cdb8a07ea248\" data-dt-img-description=\"\" data-large_image_width=\"240\" data-large_image_height=\"320\"href='https:\/\/www.radiopiu.net\/wordpress\/wp-content\/uploads\/2021\/04\/a3362203-ab54-40a1-a627-cdb8a07ea248.jpg'><img loading=\"lazy\" decoding=\"async\" width=\"225\" height=\"300\" src=\"https:\/\/www.radiopiu.net\/wordpress\/wp-content\/uploads\/2021\/04\/a3362203-ab54-40a1-a627-cdb8a07ea248-225x300.jpg\" class=\"attachment-medium size-medium\" alt=\"\" srcset=\"https:\/\/www.radiopiu.net\/wordpress\/wp-content\/uploads\/2021\/04\/a3362203-ab54-40a1-a627-cdb8a07ea248-225x300.jpg 225w, https:\/\/www.radiopiu.net\/wordpress\/wp-content\/uploads\/2021\/04\/a3362203-ab54-40a1-a627-cdb8a07ea248.jpg 240w\" sizes=\"auto, (max-width: 225px) 100vw, 225px\" \/><\/a>\n\t\t\t\t<\/dt><\/dl><dl class='gallery-item'>\n\t\t\t\t<dt class='gallery-icon portrait'>\n\t\t\t\t\t<a class=\"rollover rollover-zoom dt-pswp-item\" title=\"70aa0bed-3626-4088-a7a9-a4ba60435dd2\" data-dt-img-description=\"\" data-large_image_width=\"240\" data-large_image_height=\"320\"href='https:\/\/www.radiopiu.net\/wordpress\/wp-content\/uploads\/2021\/04\/70aa0bed-3626-4088-a7a9-a4ba60435dd2.jpg'><img loading=\"lazy\" decoding=\"async\" width=\"225\" height=\"300\" src=\"https:\/\/www.radiopiu.net\/wordpress\/wp-content\/uploads\/2021\/04\/70aa0bed-3626-4088-a7a9-a4ba60435dd2-225x300.jpg\" class=\"attachment-medium size-medium\" alt=\"\" srcset=\"https:\/\/www.radiopiu.net\/wordpress\/wp-content\/uploads\/2021\/04\/70aa0bed-3626-4088-a7a9-a4ba60435dd2-225x300.jpg 225w, https:\/\/www.radiopiu.net\/wordpress\/wp-content\/uploads\/2021\/04\/70aa0bed-3626-4088-a7a9-a4ba60435dd2.jpg 240w\" sizes=\"auto, (max-width: 225px) 100vw, 225px\" \/><\/a>\n\t\t\t\t<\/dt><\/dl><dl class='gallery-item'>\n\t\t\t\t<dt class='gallery-icon portrait'>\n\t\t\t\t\t<a class=\"rollover rollover-zoom dt-pswp-item\" title=\"cc044d5d-a44c-4b28-a0f4-c56931eea4ad\" data-dt-img-description=\"\" data-large_image_width=\"240\" data-large_image_height=\"320\"href='https:\/\/www.radiopiu.net\/wordpress\/wp-content\/uploads\/2021\/04\/cc044d5d-a44c-4b28-a0f4-c56931eea4ad.jpg'><img loading=\"lazy\" decoding=\"async\" width=\"225\" height=\"300\" src=\"https:\/\/www.radiopiu.net\/wordpress\/wp-content\/uploads\/2021\/04\/cc044d5d-a44c-4b28-a0f4-c56931eea4ad-225x300.jpg\" class=\"attachment-medium size-medium\" alt=\"\" srcset=\"https:\/\/www.radiopiu.net\/wordpress\/wp-content\/uploads\/2021\/04\/cc044d5d-a44c-4b28-a0f4-c56931eea4ad-225x300.jpg 225w, https:\/\/www.radiopiu.net\/wordpress\/wp-content\/uploads\/2021\/04\/cc044d5d-a44c-4b28-a0f4-c56931eea4ad.jpg 240w\" sizes=\"auto, (max-width: 225px) 100vw, 225px\" \/><\/a>\n\t\t\t\t<\/dt><\/dl><dl class='gallery-item'>\n\t\t\t\t<dt class='gallery-icon portrait'>\n\t\t\t\t\t<a class=\"rollover rollover-zoom dt-pswp-item\" title=\"9f9f58d1-9581-4dd8-b2b0-f9bf07ef2ef5\" data-dt-img-description=\"\" data-large_image_width=\"240\" data-large_image_height=\"320\"href='https:\/\/www.radiopiu.net\/wordpress\/wp-content\/uploads\/2021\/04\/9f9f58d1-9581-4dd8-b2b0-f9bf07ef2ef5.jpg'><img loading=\"lazy\" decoding=\"async\" width=\"225\" height=\"300\" src=\"https:\/\/www.radiopiu.net\/wordpress\/wp-content\/uploads\/2021\/04\/9f9f58d1-9581-4dd8-b2b0-f9bf07ef2ef5-225x300.jpg\" class=\"attachment-medium size-medium\" alt=\"\" srcset=\"https:\/\/www.radiopiu.net\/wordpress\/wp-content\/uploads\/2021\/04\/9f9f58d1-9581-4dd8-b2b0-f9bf07ef2ef5-225x300.jpg 225w, https:\/\/www.radiopiu.net\/wordpress\/wp-content\/uploads\/2021\/04\/9f9f58d1-9581-4dd8-b2b0-f9bf07ef2ef5.jpg 240w\" sizes=\"auto, (max-width: 225px) 100vw, 225px\" \/><\/a>\n\t\t\t\t<\/dt><\/dl><dl class='gallery-item'>\n\t\t\t\t<dt class='gallery-icon portrait'>\n\t\t\t\t\t<a class=\"rollover rollover-zoom dt-pswp-item\" title=\"fde7d844-d352-4356-b38a-6ef011ed9384\" data-dt-img-description=\"\" data-large_image_width=\"240\" data-large_image_height=\"320\"href='https:\/\/www.radiopiu.net\/wordpress\/wp-content\/uploads\/2021\/04\/fde7d844-d352-4356-b38a-6ef011ed9384.jpg'><img loading=\"lazy\" decoding=\"async\" width=\"225\" height=\"300\" src=\"https:\/\/www.radiopiu.net\/wordpress\/wp-content\/uploads\/2021\/04\/fde7d844-d352-4356-b38a-6ef011ed9384-225x300.jpg\" class=\"attachment-medium size-medium\" alt=\"\" srcset=\"https:\/\/www.radiopiu.net\/wordpress\/wp-content\/uploads\/2021\/04\/fde7d844-d352-4356-b38a-6ef011ed9384-225x300.jpg 225w, https:\/\/www.radiopiu.net\/wordpress\/wp-content\/uploads\/2021\/04\/fde7d844-d352-4356-b38a-6ef011ed9384.jpg 240w\" sizes=\"auto, (max-width: 225px) 100vw, 225px\" \/><\/a>\n\t\t\t\t<\/dt><\/dl><br style=\"clear: both\" \/><dl class='gallery-item'>\n\t\t\t\t<dt class='gallery-icon portrait'>\n\t\t\t\t\t<a class=\"rollover rollover-zoom dt-pswp-item\" title=\"ef9b4809-736e-4053-b342-88f68692f193\" data-dt-img-description=\"\" data-large_image_width=\"240\" data-large_image_height=\"320\"href='https:\/\/www.radiopiu.net\/wordpress\/wp-content\/uploads\/2021\/04\/ef9b4809-736e-4053-b342-88f68692f193.jpg'><img loading=\"lazy\" decoding=\"async\" width=\"225\" height=\"300\" src=\"https:\/\/www.radiopiu.net\/wordpress\/wp-content\/uploads\/2021\/04\/ef9b4809-736e-4053-b342-88f68692f193-225x300.jpg\" class=\"attachment-medium size-medium\" alt=\"\" srcset=\"https:\/\/www.radiopiu.net\/wordpress\/wp-content\/uploads\/2021\/04\/ef9b4809-736e-4053-b342-88f68692f193-225x300.jpg 225w, https:\/\/www.radiopiu.net\/wordpress\/wp-content\/uploads\/2021\/04\/ef9b4809-736e-4053-b342-88f68692f193.jpg 240w\" sizes=\"auto, (max-width: 225px) 100vw, 225px\" \/><\/a>\n\t\t\t\t<\/dt><\/dl><dl class='gallery-item'>\n\t\t\t\t<dt class='gallery-icon portrait'>\n\t\t\t\t\t<a class=\"rollover rollover-zoom dt-pswp-item\" title=\"f63ba58d-a9fb-413c-b54b-7569aa1dc9d2\" data-dt-img-description=\"\" data-large_image_width=\"240\" data-large_image_height=\"320\"href='https:\/\/www.radiopiu.net\/wordpress\/wp-content\/uploads\/2021\/04\/f63ba58d-a9fb-413c-b54b-7569aa1dc9d2.jpg'><img loading=\"lazy\" decoding=\"async\" width=\"225\" height=\"300\" src=\"https:\/\/www.radiopiu.net\/wordpress\/wp-content\/uploads\/2021\/04\/f63ba58d-a9fb-413c-b54b-7569aa1dc9d2-225x300.jpg\" class=\"attachment-medium size-medium\" alt=\"\" srcset=\"https:\/\/www.radiopiu.net\/wordpress\/wp-content\/uploads\/2021\/04\/f63ba58d-a9fb-413c-b54b-7569aa1dc9d2-225x300.jpg 225w, https:\/\/www.radiopiu.net\/wordpress\/wp-content\/uploads\/2021\/04\/f63ba58d-a9fb-413c-b54b-7569aa1dc9d2.jpg 240w\" sizes=\"auto, (max-width: 225px) 100vw, 225px\" \/><\/a>\n\t\t\t\t<\/dt><\/dl><dl class='gallery-item'>\n\t\t\t\t<dt class='gallery-icon portrait'>\n\t\t\t\t\t<a class=\"rollover rollover-zoom dt-pswp-item\" title=\"8996bfdc-34f7-49fd-baf0-1a92170c645b\" data-dt-img-description=\"\" data-large_image_width=\"240\" data-large_image_height=\"320\"href='https:\/\/www.radiopiu.net\/wordpress\/wp-content\/uploads\/2021\/04\/8996bfdc-34f7-49fd-baf0-1a92170c645b.jpg'><img loading=\"lazy\" decoding=\"async\" width=\"225\" height=\"300\" src=\"https:\/\/www.radiopiu.net\/wordpress\/wp-content\/uploads\/2021\/04\/8996bfdc-34f7-49fd-baf0-1a92170c645b-225x300.jpg\" class=\"attachment-medium size-medium\" alt=\"\" srcset=\"https:\/\/www.radiopiu.net\/wordpress\/wp-content\/uploads\/2021\/04\/8996bfdc-34f7-49fd-baf0-1a92170c645b-225x300.jpg 225w, https:\/\/www.radiopiu.net\/wordpress\/wp-content\/uploads\/2021\/04\/8996bfdc-34f7-49fd-baf0-1a92170c645b.jpg 240w\" sizes=\"auto, (max-width: 225px) 100vw, 225px\" \/><\/a>\n\t\t\t\t<\/dt><\/dl><dl class='gallery-item'>\n\t\t\t\t<dt class='gallery-icon portrait'>\n\t\t\t\t\t<a class=\"rollover rollover-zoom dt-pswp-item\" title=\"f69df8a2-9890-4824-8e56-f44c3d0f33c6\" data-dt-img-description=\"\" data-large_image_width=\"240\" data-large_image_height=\"320\"href='https:\/\/www.radiopiu.net\/wordpress\/wp-content\/uploads\/2021\/04\/f69df8a2-9890-4824-8e56-f44c3d0f33c6.jpg'><img loading=\"lazy\" decoding=\"async\" width=\"225\" height=\"300\" src=\"https:\/\/www.radiopiu.net\/wordpress\/wp-content\/uploads\/2021\/04\/f69df8a2-9890-4824-8e56-f44c3d0f33c6-225x300.jpg\" class=\"attachment-medium size-medium\" alt=\"\" srcset=\"https:\/\/www.radiopiu.net\/wordpress\/wp-content\/uploads\/2021\/04\/f69df8a2-9890-4824-8e56-f44c3d0f33c6-225x300.jpg 225w, https:\/\/www.radiopiu.net\/wordpress\/wp-content\/uploads\/2021\/04\/f69df8a2-9890-4824-8e56-f44c3d0f33c6.jpg 240w\" sizes=\"auto, (max-width: 225px) 100vw, 225px\" \/><\/a>\n\t\t\t\t<\/dt><\/dl><dl class='gallery-item'>\n\t\t\t\t<dt class='gallery-icon portrait'>\n\t\t\t\t\t<a class=\"rollover rollover-zoom dt-pswp-item\" title=\"b28e196c-3daa-4953-8917-843b852910e9\" data-dt-img-description=\"\" data-large_image_width=\"240\" data-large_image_height=\"320\"href='https:\/\/www.radiopiu.net\/wordpress\/wp-content\/uploads\/2021\/04\/b28e196c-3daa-4953-8917-843b852910e9.jpg'><img loading=\"lazy\" decoding=\"async\" width=\"225\" height=\"300\" src=\"https:\/\/www.radiopiu.net\/wordpress\/wp-content\/uploads\/2021\/04\/b28e196c-3daa-4953-8917-843b852910e9-225x300.jpg\" class=\"attachment-medium size-medium\" alt=\"\" srcset=\"https:\/\/www.radiopiu.net\/wordpress\/wp-content\/uploads\/2021\/04\/b28e196c-3daa-4953-8917-843b852910e9-225x300.jpg 225w, https:\/\/www.radiopiu.net\/wordpress\/wp-content\/uploads\/2021\/04\/b28e196c-3daa-4953-8917-843b852910e9.jpg 240w\" sizes=\"auto, (max-width: 225px) 100vw, 225px\" \/><\/a>\n\t\t\t\t<\/dt><\/dl><br style=\"clear: both\" \/>\n\t\t\t<\/div>\n\n<p>&nbsp;<\/p>\n<hr \/>\n<p>&nbsp;<\/p>\n<blockquote>\n<h3>LA CROCIATA DI LENTIAI CONTRO GLI ECO-SPORCHI E MALEDUCATI<\/h3>\n<\/blockquote>\n<p><strong>LENTIAI <\/strong>Domenica di grandi pulizie a Lentiai, il Gruppo Natura cI ha dato dentro\u00a0 per tre ore senza risparmiarsi, il classico\u00a0 olio di gomito spinto per 70 volontari che hanno accumulato\u00a0 un numero inquantificabile di rifiuti, di tutti i tipi, anche i pi\u00f9 impensabili. Quindi un&#8217;infinit\u00e0 di copertoni di camion e ruspe, sanitari, due motorini e ci sono ancora rifiuti interrati. L&#8217;iniziativa patrocinata dal Comune di Borgo Valbelluna \u00e8 stata coordinata dal gruppo Natura di Lentiai con la collaborazione di: Auser Feltre, Ecovolontari feltrini, Fiab Feltre in bici, comitati frazionali di Bardies, Ronchena Cesana, Nordik Walking con Valeria, Gruppo Volontari di Anna Zuccolotto, Volontari Gruppo Grest di Lentiai. A fine giornata i complimenti del sindaco Stefano Cesa, dell&#8217;assessore Simone Deola e del presidente della Provincia Roberto Padrin,<\/p>\n<blockquote><p>Significativo il commento di una volontaria tra i tanti\u00a0 <em>&#8220;Abbiamo trovato un disastro. Un furgone strapieno di tutto e di pi\u00f9. Cos\u00ec si comporta la gente\u00a0 &#8220;civile&#8221;, incivile sulle piccole cose ma pronta a grandi critiche, i tempi di covid insegnano&#8221;<\/em><\/p><\/blockquote>\n\n\t\t\t<style type='text\/css'>\n\t\t\t\t#gallery-6 {\n\t\t\t\t\tmargin: auto;\n\t\t\t\t}\n\t\t\t\t#gallery-6 .gallery-item {\n\t\t\t\t\tfloat: left;\n\t\t\t\t\tmargin-top: 10px;\n\t\t\t\t\ttext-align: center;\n\t\t\t\t\twidth: 33%;\n\t\t\t\t}\n\t\t\t\t#gallery-6 img {\n\t\t\t\t\tborder: 2px solid #cfcfcf;\n\t\t\t\t}\n\t\t\t\t#gallery-6 .gallery-caption {\n\t\t\t\t\tmargin-left: 0;\n\t\t\t\t}\n\t\t\t\t\/* see gallery_shortcode() in wp-includes\/media.php *\/\n\t\t\t<\/style>\n\t\t<div id='gallery-6' class='dt-gallery-container gallery galleryid-204109 gallery-columns-3 gallery-size-medium'><dl class='gallery-item'>\n\t\t\t\t<dt class='gallery-icon portrait'>\n\t\t\t\t\t<a class=\"rollover rollover-zoom dt-pswp-item\" title=\"f751c6c3-2fe8-42bb-81fc-131d13b8cb8f\" data-dt-img-description=\"\" data-large_image_width=\"240\" data-large_image_height=\"320\"href='https:\/\/www.radiopiu.net\/wordpress\/wp-content\/uploads\/2021\/04\/f751c6c3-2fe8-42bb-81fc-131d13b8cb8f.jpg'><img loading=\"lazy\" decoding=\"async\" width=\"225\" height=\"300\" src=\"https:\/\/www.radiopiu.net\/wordpress\/wp-content\/uploads\/2021\/04\/f751c6c3-2fe8-42bb-81fc-131d13b8cb8f-225x300.jpg\" class=\"attachment-medium size-medium\" alt=\"\" srcset=\"https:\/\/www.radiopiu.net\/wordpress\/wp-content\/uploads\/2021\/04\/f751c6c3-2fe8-42bb-81fc-131d13b8cb8f-225x300.jpg 225w, https:\/\/www.radiopiu.net\/wordpress\/wp-content\/uploads\/2021\/04\/f751c6c3-2fe8-42bb-81fc-131d13b8cb8f.jpg 240w\" sizes=\"auto, (max-width: 225px) 100vw, 225px\" \/><\/a>\n\t\t\t\t<\/dt><\/dl><dl class='gallery-item'>\n\t\t\t\t<dt class='gallery-icon portrait'>\n\t\t\t\t\t<a class=\"rollover rollover-zoom dt-pswp-item\" title=\"a1e1932d-8857-4d62-b0f5-1dfbcb3b08dd\" data-dt-img-description=\"\" data-large_image_width=\"240\" data-large_image_height=\"320\"href='https:\/\/www.radiopiu.net\/wordpress\/wp-content\/uploads\/2021\/04\/a1e1932d-8857-4d62-b0f5-1dfbcb3b08dd.jpg'><img loading=\"lazy\" decoding=\"async\" width=\"225\" height=\"300\" src=\"https:\/\/www.radiopiu.net\/wordpress\/wp-content\/uploads\/2021\/04\/a1e1932d-8857-4d62-b0f5-1dfbcb3b08dd-225x300.jpg\" class=\"attachment-medium size-medium\" alt=\"\" srcset=\"https:\/\/www.radiopiu.net\/wordpress\/wp-content\/uploads\/2021\/04\/a1e1932d-8857-4d62-b0f5-1dfbcb3b08dd-225x300.jpg 225w, https:\/\/www.radiopiu.net\/wordpress\/wp-content\/uploads\/2021\/04\/a1e1932d-8857-4d62-b0f5-1dfbcb3b08dd.jpg 240w\" sizes=\"auto, (max-width: 225px) 100vw, 225px\" \/><\/a>\n\t\t\t\t<\/dt><\/dl><dl class='gallery-item'>\n\t\t\t\t<dt class='gallery-icon portrait'>\n\t\t\t\t\t<a class=\"rollover rollover-zoom dt-pswp-item\" title=\"d186a0ec-408c-4afa-ada1-37c2f298e7a8\" data-dt-img-description=\"\" data-large_image_width=\"240\" data-large_image_height=\"320\"href='https:\/\/www.radiopiu.net\/wordpress\/wp-content\/uploads\/2021\/04\/d186a0ec-408c-4afa-ada1-37c2f298e7a8.jpg'><img loading=\"lazy\" decoding=\"async\" width=\"225\" height=\"300\" src=\"https:\/\/www.radiopiu.net\/wordpress\/wp-content\/uploads\/2021\/04\/d186a0ec-408c-4afa-ada1-37c2f298e7a8-225x300.jpg\" class=\"attachment-medium size-medium\" alt=\"\" srcset=\"https:\/\/www.radiopiu.net\/wordpress\/wp-content\/uploads\/2021\/04\/d186a0ec-408c-4afa-ada1-37c2f298e7a8-225x300.jpg 225w, https:\/\/www.radiopiu.net\/wordpress\/wp-content\/uploads\/2021\/04\/d186a0ec-408c-4afa-ada1-37c2f298e7a8.jpg 240w\" sizes=\"auto, (max-width: 225px) 100vw, 225px\" \/><\/a>\n\t\t\t\t<\/dt><\/dl><br style=\"clear: both\" \/>\n\t\t\t<\/div>\n\n<p>&nbsp;<\/p>\n<hr \/>\n<p>&nbsp;<\/p>\n<blockquote>\n<h3>MONTAGNA VENETA: CESSA LO STATO DI ATTENZIONE PER RISCHIO VALANGHE<\/h3>\n<\/blockquote>\n<p><strong>VENEZIA <\/strong>Considerata la situazione nivometeorologica sul territorio regionale, come da bollettino Dolomiti Neve e Valanghe emesso dal Servizio Neve e Valanghe di ARPAV, il Centro Funzionale Decentrato della Protezione Civile ha dichiarato\u00a0 la \u201ccessata fase operativa di attenzione\u201d per rischio valanghe e il ritorno alla normalit\u00e0 per il territorio antropizzato della montagna veneta.<\/p>\n<p>&nbsp;<\/p>\n<p>&nbsp;<\/p>\n<hr \/>\n<p>&nbsp;<\/p>\n<blockquote>\n<h3>UN&#8217;AGORDINA AD AVANTI UN ALTRO<\/h3>\n<\/blockquote>\n<p><strong><a href=\"https:\/\/www.radiopiu.net\/wordpress\/unagordina-ad-avanti-un-altro\/schermata-2021-04-18-alle-19-49-18\/\" rel=\"attachment wp-att-204235\"><img loading=\"lazy\" decoding=\"async\" class=\"size-medium wp-image-204235 alignleft\" src=\"https:\/\/www.radiopiu.net\/wordpress\/wp-content\/uploads\/2021\/04\/Schermata-2021-04-18-alle-19.49.18-300x175.png\" alt=\"\" width=\"300\" height=\"175\" srcset=\"https:\/\/www.radiopiu.net\/wordpress\/wp-content\/uploads\/2021\/04\/Schermata-2021-04-18-alle-19.49.18-300x175.png 300w, https:\/\/www.radiopiu.net\/wordpress\/wp-content\/uploads\/2021\/04\/Schermata-2021-04-18-alle-19.49.18-1024x596.png 1024w, https:\/\/www.radiopiu.net\/wordpress\/wp-content\/uploads\/2021\/04\/Schermata-2021-04-18-alle-19.49.18-768x447.png 768w, https:\/\/www.radiopiu.net\/wordpress\/wp-content\/uploads\/2021\/04\/Schermata-2021-04-18-alle-19.49.18.png 1076w\" sizes=\"auto, (max-width: 300px) 100vw, 300px\" \/><\/a>AGORDO\u00a0<\/strong>Fa sempre specie sentire il nome di Agordo in televisione, specialmente quando meno te l&#8217;aspetti. Ieri sera la sorpresa ad ora di cena per coloro che, davanti al proprio piatto, stavano guardando &#8220;Avanti Un Altro&#8221; su Canale 5, il programma condotto da Paolo Bonolis e Luca Laurenti. Il programma era iniziato da poco quando al grido di Bonolis &#8220;Avanti Un Altro&#8221; si presenta un&#8217;agordina doc. Pi\u00f9 precisamente di Agordo e lei \u00e8 Teresa Delazer. Tutta emozionata si \u00e8 seduta e, dopo la presentazione di rito, ha giocato con i due conduttori. Teresa indovina le 3 domande e va alla pesca del &#8220;pidicozzo&#8221; pescando 75 mila euro e diventando il primo campione di giornata. La fortuna non \u00e8 stata dalla sua parte per\u00f2, perch\u00e8 il concorrente successivo, pescando la &#8220;Bona Sorte&#8221;, ha indovinato la domanda scalzando Teresa dal trono dei vincitori. &#8220;La puntata \u00e8 stata registrata questo inverno &#8211; dice Teresa &#8211; tra l&#8217;altro eravamo ancora nel 2020. Sono state registrate molte puntate anche perch\u00e8 non sapevano quando doveva tornare in onda il programma. Tra l&#8217;altro in quel periodo le regioni arancioni erano poche e anche le persone che potevano spostarsi a Roma per partecipare. Io ho fatto il casting online e il giorno dopo mi hanno fatto partire. Partita al volo e in un giorno ho fatto tutto. Ero la seconda ad entrare in gioco. Mi sono emozionata a mille &#8211; continua Teresa &#8211; anche perch\u00e8 loro sono i miei miti da sempre. Ho risposto alle 3 domande correttamente, anche se ammetto che non le sapevo. Ho pescato il pidicozzo con 75 mila euro, mi sono seduta sul trono del vincitore ma il concorrente dopo mi ha scalzato indovinando la domanda della bona sorte, \u00e8 stato bravissimo. Mi \u00e8 piaciuto il siparietto di Luca Laurenti prima che mi sedessi per le domande. \u00c8 stata una bella esperienza, ho riso tanto e mi sono divertita&#8221;.<\/p>\n<div style=\"width: 720px;\" class=\"wp-video\"><video class=\"wp-video-shortcode\" id=\"video-204109-1\" width=\"720\" height=\"480\" preload=\"metadata\" controls=\"controls\"><source type=\"video\/mp4\" src=\"https:\/\/www.radiopiu.net\/wordpress\/wp-content\/uploads\/2021\/04\/TERESA-AVANTI-UN-ALTRO.mp4?_=1\" \/><a href=\"https:\/\/www.radiopiu.net\/wordpress\/wp-content\/uploads\/2021\/04\/TERESA-AVANTI-UN-ALTRO.mp4\">https:\/\/www.radiopiu.net\/wordpress\/wp-content\/uploads\/2021\/04\/TERESA-AVANTI-UN-ALTRO.mp4<\/a><\/video><\/div>\n<p>&nbsp;<\/p>\n<hr \/>\n<p>&nbsp;<\/p>\n<blockquote>\n<h3>LA TABELLA DELLA SITUAZIONE ATTUALE IN VENETO<\/h3>\n<\/blockquote>\n<p><strong>Dal canale Telegram <a href=\"https:\/\/t.me\/BollettiniCoronaVirus\">BOLLETTINI CORONAVIRUS<\/a><\/strong><\/p>\n<p><a href=\"https:\/\/www.radiopiu.net\/wordpress\/giornale-radiopiu-19-aprile-2021-direttore-mirko-mezzacasa\/58a11c13-8abf-46d1-83be-a3a8d235d10d\/\" rel=\"attachment wp-att-204211\"><img loading=\"lazy\" decoding=\"async\" class=\"aligncenter wp-image-204211 size-full\" src=\"https:\/\/www.radiopiu.net\/wordpress\/wp-content\/uploads\/2021\/04\/58a11c13-8abf-46d1-83be-a3a8d235d10d.jpg\" alt=\"\" width=\"1024\" height=\"753\" srcset=\"https:\/\/www.radiopiu.net\/wordpress\/wp-content\/uploads\/2021\/04\/58a11c13-8abf-46d1-83be-a3a8d235d10d.jpg 1024w, https:\/\/www.radiopiu.net\/wordpress\/wp-content\/uploads\/2021\/04\/58a11c13-8abf-46d1-83be-a3a8d235d10d-300x221.jpg 300w, https:\/\/www.radiopiu.net\/wordpress\/wp-content\/uploads\/2021\/04\/58a11c13-8abf-46d1-83be-a3a8d235d10d-768x565.jpg 768w\" sizes=\"auto, (max-width: 1024px) 100vw, 1024px\" \/><\/a><\/p>\n<p>&nbsp;<\/p>\n<hr \/>\n<p>&nbsp;<\/p>\n<blockquote class=\"wp-embedded-content\" data-secret=\"zwS2gBNvpF\"><p><a href=\"https:\/\/www.radiopiu.net\/wordpress\/aggapr18\/\">CORONAVIRUS: AGGIORNAMENTO NAZIONALE 18 APRILE  2021<\/a><\/p><\/blockquote>\n<p><iframe loading=\"lazy\" class=\"wp-embedded-content\" sandbox=\"allow-scripts\" security=\"restricted\" style=\"position: absolute; clip: rect(1px, 1px, 1px, 1px);\" title=\"&#8220;CORONAVIRUS: AGGIORNAMENTO NAZIONALE 18 APRILE  2021&#8221; &#8212; Radio Pi\u00f9\" src=\"https:\/\/www.radiopiu.net\/wordpress\/aggapr18\/embed\/#?secret=zwS2gBNvpF\" data-secret=\"zwS2gBNvpF\" width=\"600\" height=\"338\" frameborder=\"0\" marginwidth=\"0\" marginheight=\"0\" scrolling=\"no\"><\/iframe><\/p>\n<p>&nbsp;<\/p>\n<hr \/>\n<p>&nbsp;<\/p>\n<blockquote class=\"wp-embedded-content\" data-secret=\"L6CifAed60\"><p><a href=\"https:\/\/www.radiopiu.net\/wordpress\/in-24-ore-680-nuovi-positivi-in-veneto-ricoveri-in-calo-ma-non-le-terapie-intensive-12-deessi-a-belluno-26-nuovi-positivi\/\">IN 24 ORE 680 NUOVI POSITIVI IN VENETO. RICOVERI IN CALO MA NON LE TERAPIE INTENSIVE, 12 DEESSI. A BELLUNO 26 NUOVI POSITIVI<\/a><\/p><\/blockquote>\n<p><iframe loading=\"lazy\" class=\"wp-embedded-content\" sandbox=\"allow-scripts\" security=\"restricted\" style=\"position: absolute; clip: rect(1px, 1px, 1px, 1px);\" title=\"&#8220;IN 24 ORE 680 NUOVI POSITIVI IN VENETO. RICOVERI IN CALO MA NON LE TERAPIE INTENSIVE, 12 DEESSI. A BELLUNO 26 NUOVI POSITIVI&#8221; &#8212; Radio Pi\u00f9\" src=\"https:\/\/www.radiopiu.net\/wordpress\/in-24-ore-680-nuovi-positivi-in-veneto-ricoveri-in-calo-ma-non-le-terapie-intensive-12-deessi-a-belluno-26-nuovi-positivi\/embed\/#?secret=L6CifAed60\" data-secret=\"L6CifAed60\" width=\"600\" height=\"338\" frameborder=\"0\" marginwidth=\"0\" marginheight=\"0\" scrolling=\"no\"><\/iframe><\/p>\n<p>&nbsp;<\/p>\n<hr \/>\n<p>&nbsp;<\/p>\n<blockquote>\n<h3>I GRAFICI DI TIZIANO DE COL<\/h3>\n<\/blockquote>\n\n\t\t\t<style type='text\/css'>\n\t\t\t\t#gallery-7 {\n\t\t\t\t\tmargin: auto;\n\t\t\t\t}\n\t\t\t\t#gallery-7 .gallery-item {\n\t\t\t\t\tfloat: left;\n\t\t\t\t\tmargin-top: 10px;\n\t\t\t\t\ttext-align: center;\n\t\t\t\t\twidth: 50%;\n\t\t\t\t}\n\t\t\t\t#gallery-7 img {\n\t\t\t\t\tborder: 2px solid #cfcfcf;\n\t\t\t\t}\n\t\t\t\t#gallery-7 .gallery-caption {\n\t\t\t\t\tmargin-left: 0;\n\t\t\t\t}\n\t\t\t\t\/* see gallery_shortcode() in wp-includes\/media.php *\/\n\t\t\t<\/style>\n\t\t<div id='gallery-7' class='dt-gallery-container gallery galleryid-204109 gallery-columns-2 gallery-size-medium'><dl class='gallery-item'>\n\t\t\t\t<dt class='gallery-icon landscape'>\n\t\t\t\t\t<a class=\"rollover rollover-zoom dt-pswp-item\" title=\"cada0fa2-09d4-4893-a359-769416f95604\" data-dt-img-description=\"\" data-large_image_width=\"599\" data-large_image_height=\"359\"href='https:\/\/www.radiopiu.net\/wordpress\/wp-content\/uploads\/2021\/04\/cada0fa2-09d4-4893-a359-769416f95604.jpg'><img loading=\"lazy\" decoding=\"async\" width=\"300\" height=\"180\" src=\"https:\/\/www.radiopiu.net\/wordpress\/wp-content\/uploads\/2021\/04\/cada0fa2-09d4-4893-a359-769416f95604-300x180.jpg\" class=\"attachment-medium size-medium\" alt=\"\" srcset=\"https:\/\/www.radiopiu.net\/wordpress\/wp-content\/uploads\/2021\/04\/cada0fa2-09d4-4893-a359-769416f95604-300x180.jpg 300w, https:\/\/www.radiopiu.net\/wordpress\/wp-content\/uploads\/2021\/04\/cada0fa2-09d4-4893-a359-769416f95604.jpg 599w\" sizes=\"auto, (max-width: 300px) 100vw, 300px\" \/><\/a>\n\t\t\t\t<\/dt><\/dl><dl class='gallery-item'>\n\t\t\t\t<dt class='gallery-icon landscape'>\n\t\t\t\t\t<a class=\"rollover rollover-zoom dt-pswp-item\" title=\"55302aaa-2def-456f-bb31-e3aa4e9ad5d0\" data-dt-img-description=\"\" data-large_image_width=\"598\" data-large_image_height=\"360\"href='https:\/\/www.radiopiu.net\/wordpress\/wp-content\/uploads\/2021\/04\/55302aaa-2def-456f-bb31-e3aa4e9ad5d0.jpg'><img loading=\"lazy\" decoding=\"async\" width=\"300\" height=\"181\" src=\"https:\/\/www.radiopiu.net\/wordpress\/wp-content\/uploads\/2021\/04\/55302aaa-2def-456f-bb31-e3aa4e9ad5d0-300x181.jpg\" class=\"attachment-medium size-medium\" alt=\"\" srcset=\"https:\/\/www.radiopiu.net\/wordpress\/wp-content\/uploads\/2021\/04\/55302aaa-2def-456f-bb31-e3aa4e9ad5d0-300x181.jpg 300w, https:\/\/www.radiopiu.net\/wordpress\/wp-content\/uploads\/2021\/04\/55302aaa-2def-456f-bb31-e3aa4e9ad5d0.jpg 598w\" sizes=\"auto, (max-width: 300px) 100vw, 300px\" \/><\/a>\n\t\t\t\t<\/dt><\/dl><br style=\"clear: both\" \/><dl class='gallery-item'>\n\t\t\t\t<dt class='gallery-icon landscape'>\n\t\t\t\t\t<a class=\"rollover rollover-zoom dt-pswp-item\" title=\"c6c85ca5-ca35-42fc-a902-f08fb812e91b\" data-dt-img-description=\"\" data-large_image_width=\"604\" data-large_image_height=\"356\"href='https:\/\/www.radiopiu.net\/wordpress\/wp-content\/uploads\/2021\/04\/c6c85ca5-ca35-42fc-a902-f08fb812e91b.jpg'><img loading=\"lazy\" decoding=\"async\" width=\"300\" height=\"177\" src=\"https:\/\/www.radiopiu.net\/wordpress\/wp-content\/uploads\/2021\/04\/c6c85ca5-ca35-42fc-a902-f08fb812e91b-300x177.jpg\" class=\"attachment-medium size-medium\" alt=\"\" srcset=\"https:\/\/www.radiopiu.net\/wordpress\/wp-content\/uploads\/2021\/04\/c6c85ca5-ca35-42fc-a902-f08fb812e91b-300x177.jpg 300w, https:\/\/www.radiopiu.net\/wordpress\/wp-content\/uploads\/2021\/04\/c6c85ca5-ca35-42fc-a902-f08fb812e91b.jpg 604w\" sizes=\"auto, (max-width: 300px) 100vw, 300px\" \/><\/a>\n\t\t\t\t<\/dt><\/dl><dl class='gallery-item'>\n\t\t\t\t<dt class='gallery-icon landscape'>\n\t\t\t\t\t<a class=\"rollover rollover-zoom dt-pswp-item\" title=\"317a477f-353a-4e17-87b8-c782fa911d6c\" data-dt-img-description=\"\" data-large_image_width=\"610\" data-large_image_height=\"355\"href='https:\/\/www.radiopiu.net\/wordpress\/wp-content\/uploads\/2021\/04\/317a477f-353a-4e17-87b8-c782fa911d6c.jpg'><img loading=\"lazy\" decoding=\"async\" width=\"300\" height=\"175\" src=\"https:\/\/www.radiopiu.net\/wordpress\/wp-content\/uploads\/2021\/04\/317a477f-353a-4e17-87b8-c782fa911d6c-300x175.jpg\" class=\"attachment-medium size-medium\" alt=\"\" srcset=\"https:\/\/www.radiopiu.net\/wordpress\/wp-content\/uploads\/2021\/04\/317a477f-353a-4e17-87b8-c782fa911d6c-300x175.jpg 300w, https:\/\/www.radiopiu.net\/wordpress\/wp-content\/uploads\/2021\/04\/317a477f-353a-4e17-87b8-c782fa911d6c.jpg 610w\" sizes=\"auto, (max-width: 300px) 100vw, 300px\" \/><\/a>\n\t\t\t\t<\/dt><\/dl><br style=\"clear: both\" \/><dl class='gallery-item'>\n\t\t\t\t<dt class='gallery-icon landscape'>\n\t\t\t\t\t<a class=\"rollover rollover-zoom dt-pswp-item\" title=\"d13d3c2b-9c1d-4369-93be-b901a642328d\" data-dt-img-description=\"\" data-large_image_width=\"606\" data-large_image_height=\"352\"href='https:\/\/www.radiopiu.net\/wordpress\/wp-content\/uploads\/2021\/04\/d13d3c2b-9c1d-4369-93be-b901a642328d.jpg'><img loading=\"lazy\" decoding=\"async\" width=\"300\" height=\"174\" src=\"https:\/\/www.radiopiu.net\/wordpress\/wp-content\/uploads\/2021\/04\/d13d3c2b-9c1d-4369-93be-b901a642328d-300x174.jpg\" class=\"attachment-medium size-medium\" alt=\"\" srcset=\"https:\/\/www.radiopiu.net\/wordpress\/wp-content\/uploads\/2021\/04\/d13d3c2b-9c1d-4369-93be-b901a642328d-300x174.jpg 300w, https:\/\/www.radiopiu.net\/wordpress\/wp-content\/uploads\/2021\/04\/d13d3c2b-9c1d-4369-93be-b901a642328d.jpg 606w\" sizes=\"auto, (max-width: 300px) 100vw, 300px\" \/><\/a>\n\t\t\t\t<\/dt><\/dl>\n\t\t\t\t<br style='clear: both' \/>\n\t\t\t<\/div>\n\n<p>&nbsp;<\/p>\n<p>&nbsp;<\/p>\n<hr \/>\n<p>&nbsp;<\/p>\n<blockquote>\n<h3 class=\"p1\"><span class=\"s1\">SOPRALLUOGO SUL LAGO DI CENTRO CADORE, LA PROVINCIA STUDIA UN INTERVENTO DI PULIZIA SIMILE A QUELLO AVVIATO A SANTA CROCE<\/span><\/h3>\n<\/blockquote>\n<p class=\"p1\"><span class=\"s1\"><strong>BELLUNO <\/strong>La Provincia di Belluno sta studiando un intervento di pulizia del lago di Centro Cadore, simile a quello avviato qualche settimana fa a Santa Croce (in Alpago) e in fase di conclusione in questi giorni. Gioved\u00ec mattina il consigliere delegato alla Protezione Civile Massimo Bortoluzzi \u00e8 stato in sopralluogo a Pieve di Cadore per controllare la situazione, su richiesta dell\u2019amministrazione comunale.<\/span><\/p>\n\n\t\t\t<style type='text\/css'>\n\t\t\t\t#gallery-8 {\n\t\t\t\t\tmargin: auto;\n\t\t\t\t}\n\t\t\t\t#gallery-8 .gallery-item {\n\t\t\t\t\tfloat: left;\n\t\t\t\t\tmargin-top: 10px;\n\t\t\t\t\ttext-align: center;\n\t\t\t\t\twidth: 25%;\n\t\t\t\t}\n\t\t\t\t#gallery-8 img {\n\t\t\t\t\tborder: 2px solid #cfcfcf;\n\t\t\t\t}\n\t\t\t\t#gallery-8 .gallery-caption {\n\t\t\t\t\tmargin-left: 0;\n\t\t\t\t}\n\t\t\t\t\/* see gallery_shortcode() in wp-includes\/media.php *\/\n\t\t\t<\/style>\n\t\t<div id='gallery-8' class='dt-gallery-container gallery galleryid-204109 gallery-columns-4 gallery-size-medium'><dl class='gallery-item'>\n\t\t\t\t<dt class='gallery-icon landscape'>\n\t\t\t\t\t<a class=\"rollover rollover-zoom dt-pswp-item\" title=\"IMG_9464\" data-dt-img-description=\"\" data-large_image_width=\"2016\" data-large_image_height=\"1512\"href='https:\/\/www.radiopiu.net\/wordpress\/wp-content\/uploads\/2021\/04\/IMG_9464.jpg'><img loading=\"lazy\" decoding=\"async\" width=\"300\" height=\"225\" src=\"https:\/\/www.radiopiu.net\/wordpress\/wp-content\/uploads\/2021\/04\/IMG_9464-300x225.jpg\" class=\"attachment-medium size-medium\" alt=\"\" srcset=\"https:\/\/www.radiopiu.net\/wordpress\/wp-content\/uploads\/2021\/04\/IMG_9464-300x225.jpg 300w, https:\/\/www.radiopiu.net\/wordpress\/wp-content\/uploads\/2021\/04\/IMG_9464-1024x768.jpg 1024w, https:\/\/www.radiopiu.net\/wordpress\/wp-content\/uploads\/2021\/04\/IMG_9464-768x576.jpg 768w, https:\/\/www.radiopiu.net\/wordpress\/wp-content\/uploads\/2021\/04\/IMG_9464-1536x1152.jpg 1536w, https:\/\/www.radiopiu.net\/wordpress\/wp-content\/uploads\/2021\/04\/IMG_9464.jpg 2016w\" sizes=\"auto, (max-width: 300px) 100vw, 300px\" \/><\/a>\n\t\t\t\t<\/dt><\/dl><dl class='gallery-item'>\n\t\t\t\t<dt class='gallery-icon landscape'>\n\t\t\t\t\t<a class=\"rollover rollover-zoom dt-pswp-item\" title=\"IMG_9469\" data-dt-img-description=\"\" data-large_image_width=\"2016\" data-large_image_height=\"1512\"href='https:\/\/www.radiopiu.net\/wordpress\/wp-content\/uploads\/2021\/04\/IMG_9469.jpg'><img loading=\"lazy\" decoding=\"async\" width=\"300\" height=\"225\" src=\"https:\/\/www.radiopiu.net\/wordpress\/wp-content\/uploads\/2021\/04\/IMG_9469-300x225.jpg\" class=\"attachment-medium size-medium\" alt=\"\" srcset=\"https:\/\/www.radiopiu.net\/wordpress\/wp-content\/uploads\/2021\/04\/IMG_9469-300x225.jpg 300w, https:\/\/www.radiopiu.net\/wordpress\/wp-content\/uploads\/2021\/04\/IMG_9469-1024x768.jpg 1024w, https:\/\/www.radiopiu.net\/wordpress\/wp-content\/uploads\/2021\/04\/IMG_9469-768x576.jpg 768w, https:\/\/www.radiopiu.net\/wordpress\/wp-content\/uploads\/2021\/04\/IMG_9469-1536x1152.jpg 1536w, https:\/\/www.radiopiu.net\/wordpress\/wp-content\/uploads\/2021\/04\/IMG_9469.jpg 2016w\" sizes=\"auto, (max-width: 300px) 100vw, 300px\" \/><\/a>\n\t\t\t\t<\/dt><\/dl><dl class='gallery-item'>\n\t\t\t\t<dt class='gallery-icon landscape'>\n\t\t\t\t\t<a class=\"rollover rollover-zoom dt-pswp-item\" title=\"IMG_9472\" data-dt-img-description=\"\" data-large_image_width=\"2016\" data-large_image_height=\"1512\"href='https:\/\/www.radiopiu.net\/wordpress\/wp-content\/uploads\/2021\/04\/IMG_9472.jpg'><img loading=\"lazy\" decoding=\"async\" width=\"300\" height=\"225\" src=\"https:\/\/www.radiopiu.net\/wordpress\/wp-content\/uploads\/2021\/04\/IMG_9472-300x225.jpg\" class=\"attachment-medium size-medium\" alt=\"\" srcset=\"https:\/\/www.radiopiu.net\/wordpress\/wp-content\/uploads\/2021\/04\/IMG_9472-300x225.jpg 300w, https:\/\/www.radiopiu.net\/wordpress\/wp-content\/uploads\/2021\/04\/IMG_9472-1024x768.jpg 1024w, https:\/\/www.radiopiu.net\/wordpress\/wp-content\/uploads\/2021\/04\/IMG_9472-768x576.jpg 768w, https:\/\/www.radiopiu.net\/wordpress\/wp-content\/uploads\/2021\/04\/IMG_9472-1536x1152.jpg 1536w, https:\/\/www.radiopiu.net\/wordpress\/wp-content\/uploads\/2021\/04\/IMG_9472.jpg 2016w\" sizes=\"auto, (max-width: 300px) 100vw, 300px\" \/><\/a>\n\t\t\t\t<\/dt><\/dl><dl class='gallery-item'>\n\t\t\t\t<dt class='gallery-icon landscape'>\n\t\t\t\t\t<a class=\"rollover rollover-zoom dt-pswp-item\" title=\"IMG_9474\" data-dt-img-description=\"\" data-large_image_width=\"2016\" data-large_image_height=\"1512\"href='https:\/\/www.radiopiu.net\/wordpress\/wp-content\/uploads\/2021\/04\/IMG_9474.jpg'><img loading=\"lazy\" decoding=\"async\" width=\"300\" height=\"225\" src=\"https:\/\/www.radiopiu.net\/wordpress\/wp-content\/uploads\/2021\/04\/IMG_9474-300x225.jpg\" class=\"attachment-medium size-medium\" alt=\"\" srcset=\"https:\/\/www.radiopiu.net\/wordpress\/wp-content\/uploads\/2021\/04\/IMG_9474-300x225.jpg 300w, https:\/\/www.radiopiu.net\/wordpress\/wp-content\/uploads\/2021\/04\/IMG_9474-1024x768.jpg 1024w, https:\/\/www.radiopiu.net\/wordpress\/wp-content\/uploads\/2021\/04\/IMG_9474-768x576.jpg 768w, https:\/\/www.radiopiu.net\/wordpress\/wp-content\/uploads\/2021\/04\/IMG_9474-1536x1152.jpg 1536w, https:\/\/www.radiopiu.net\/wordpress\/wp-content\/uploads\/2021\/04\/IMG_9474.jpg 2016w\" sizes=\"auto, (max-width: 300px) 100vw, 300px\" \/><\/a>\n\t\t\t\t<\/dt><\/dl><br style=\"clear: both\" \/>\n\t\t\t<\/div>\n\n<p>&nbsp;<\/p>\n<p>&nbsp;<\/p>\n<hr \/>\n<p>&nbsp;<\/p>\n<blockquote>\n<h3>SETTIMANA DELLA DONNA 19-25 APRILE 2021:I CONSIGLI DELLA PREVENZIONE PER LA SALUTE DELLA DONNA<\/h3>\n<\/blockquote>\n<p><strong><a href=\"https:\/\/www.radiopiu.net\/wordpress\/settimana-della-donna-19-25-aprile-2021i-consigli-della-prevenzione-per-la-salute-della-donna\/schermata-2021-04-18-alle-17-25-35\/\" rel=\"attachment wp-att-204192\"><img loading=\"lazy\" decoding=\"async\" class=\"size-medium wp-image-204192 alignleft\" src=\"https:\/\/www.radiopiu.net\/wordpress\/wp-content\/uploads\/2021\/04\/Schermata-2021-04-18-alle-17.25.35-300x104.png\" alt=\"\" width=\"300\" height=\"104\" srcset=\"https:\/\/www.radiopiu.net\/wordpress\/wp-content\/uploads\/2021\/04\/Schermata-2021-04-18-alle-17.25.35-300x104.png 300w, https:\/\/www.radiopiu.net\/wordpress\/wp-content\/uploads\/2021\/04\/Schermata-2021-04-18-alle-17.25.35-1024x354.png 1024w, https:\/\/www.radiopiu.net\/wordpress\/wp-content\/uploads\/2021\/04\/Schermata-2021-04-18-alle-17.25.35-768x265.png 768w, https:\/\/www.radiopiu.net\/wordpress\/wp-content\/uploads\/2021\/04\/Schermata-2021-04-18-alle-17.25.35.png 1244w\" sizes=\"auto, (max-width: 300px) 100vw, 300px\" \/><\/a>BELLUNO\u00a0 <\/strong>Nell\u2019ambito della settimana per la salute della donna, indetta a livello nazionale dall\u2019Osservatorio ONDA, oltre alle iniziative in calendario, il Servizio Promozione alla Salute dell\u2019Ulss Dolomiti diffonde alcuni consigli su come prendersi cura della propria salute.<\/p>\n<p><strong>IL VIDEO DELLA ULSS 1 DOLOMITI<\/strong><\/p>\n<p>https:\/\/www.facebook.com\/watch\/?v=504590733879029<\/p>\n<p>&nbsp;<\/p>\n<hr \/>\n<p>&nbsp;<\/p>\n<blockquote>\n<h3>SUSANNA DAN SI DIMETTE DA CONSIGLIERE COMUNALE<\/h3>\n<\/blockquote>\n<p><strong><img loading=\"lazy\" decoding=\"async\" class=\"alignleft\" src=\"https:\/\/www.radiopiu.net\/wordpress\/wp-content\/uploads\/2021\/04\/pp-5-300x300.jpg\" width=\"121\" height=\"121\" \/>FALCADE<\/strong> Il consigliere comunale Susanna Dan ha rassegnato le dimissioni, al suo posto non entrer\u00e0 nessuno per la maggioranza in consiglio comunale non essendoci altri consigliere &#8220;non eletti&#8221;. Delle dimissioni ne discuter\u00e0 mercoledi\u00a0 alle 20 il consiglio comunale convocato dal sindaco Michele Costa (diretta facebook, youtube e Telegram sui canali di Radio Pi\u00f9).\u00a0 Sono 11 i punti\u00a0 all&#8217;ordine del giorno:\u00a0 una variazione al bilancio, l&#8217;accordo tra Comune e Regione per la gestione delle attivit\u00e0 di informazione ed accoglienza turistica, la rinuncia da parte del comune dell&#8217;acquisto di un terreno in localit\u00e0 Pendici di Predazzo e due mutamenti temporanei di terreni a Tabiadon di Canes e in via Focobon.<\/p>\n<p>&nbsp;<\/p>\n<p>&nbsp;<\/p>\n<hr \/>\n<p>&nbsp;<\/p>\n<blockquote>\n<h3>L&#8217;ULSS 1 DOLOMITI METTE A DISPOSIZIONE UN NUMERO PER COLORO CHE HANNO SMARRITO IL PROMEMORIA DEL RICHIAMO AL VACCINO<\/h3>\n<\/blockquote>\n<p><strong>BELLUNO <\/strong>Per coloro che hanno smarrito il promemoria dell\u2019appuntamento per la somministrazione della seconda dose di vaccino anti covid, \u00e8 possibile contattare il numero 0437 184 99 00 dal luned\u00ec al venerd\u00ec dalle 8.30 alle 16.00 e il sabato dalle 8.30 alle 12.30 per conoscere la data programmata.<\/p>\n<blockquote>\n<h3>CERTIFICAZIONE ESENZIONI PER REDDITO<\/h3>\n<\/blockquote>\n<p><strong>BELLUNO<\/strong> Le certificazioni delle esenzioni per reddito scadenti al 31\/03\/2021 (7R2-7R4-7R5) saranno disponibili nel portale <a href=\"https:\/\/slute.regione.veneto.it\/\">https:\/\/salute.regione.veneto.it<\/a>. L&#8217;assistito potr\u00e0 autonomamente stampare il certificato. L&#8217;esenzione 7R3 per disoccupazione verr\u00e0 prodotta a seguito di autocertificazione con le seguenti modalit\u00e0: Inviando una mail all&#8217;indirizzo <a href=\"mailto:esenzioni@aulss1.veneto.it\">esenzioni@aulss1.veneto.it<\/a> con allegato documento d&#8217;identit\u00e0 del richiedente. Previo appuntamento agli sportelli chiamando i seguenti numeri: Distretto Belluno 0437\/516757 dalle 08.00 alle 12.00 dal luned\u00ec al venerd\u00ec; Distretto Feltre 0439\/883680 dalle 08.00 alle 11.00 dal luned\u00ec al venerd\u00ec.<\/p>\n<p>&nbsp;<\/p>\n<p>&nbsp;<\/p>\n<hr \/>\n<p>&nbsp;<\/p>\n<blockquote>\n<h3>PER IL SECONDO ANNO RINVIATA A TEMPI MIGLIORI LA 4 PAS IN DOI<\/h3>\n<\/blockquote>\n<blockquote><p><strong><em><img decoding=\"async\" src=\"https:\/\/www.radiopiu.net\/wordpress\/wp-content\/uploads\/2021\/04\/62f75bdf-b7a9-46ac-a80f-2147f2117f76.jpg\" \/>Il messaggio degli organizzatori:<\/em><\/strong><\/p><\/blockquote>\n<p><strong>AGORDO<\/strong>\u00a0 Vista l\u2019attuale situazione e le restrizioni che perdureranno nei prossimi mesi, anche quest\u2019anno dobbiamo rinunciare alla 4 pas in doi. Vogliamo comunque coinvolgervi con delle sorprese sul nostro percorso. Presto tante novit\u00e0! Appuntamento al 2022 con tanta voglia di stare assieme!<\/p>\n<p>&nbsp;<\/p>\n<hr \/>\n<h3><strong>\u00a0<\/strong><\/h3>\n<h3><strong>GIRO D&#8217;ITALIA 2021 <span style=\"color: #ff99cc;\">Anche il Comune di Rocca Pietore si prepara ad accogliere i ciclisti della corsa rosa. Nel frattempo dal Municipio la prima ordinanza: lunedi 24 maggio in occasione del\u00a0 Giro d&#8217;italia sar\u00e0 sospeso il traffico lungo la provinciale 641 e tutti gli incroci con congruo anticipo.<\/span><\/strong><\/h3>\n<p><strong>LA TAPPA CHE TOCCA L&#8217;AGORDINO<\/strong><\/p>\n<a href=\"https:\/\/www.radiopiu.net\/wordpress\/wp-content\/uploads\/2021\/04\/giro-italia-sacile-cortina.pdf\" class=\"pdfemb-viewer\" style=\"\" data-width=\"max\" data-height=\"max\" data-toolbar=\"top\" data-toolbar-fixed=\"on\">giro italia sacile cortina<\/a>\n<p>&nbsp;<\/p>\n<p>&nbsp;<\/p>\n<hr \/>\n<p>&nbsp;<\/p>\n<blockquote>\n<h3>REDDITO DI EMERGENZA, DOMANDE NON OLTRE IL 30 APRILE<\/h3>\n<\/blockquote>\n<p>Reddito di emergenza per l\u2019anno in corso: c\u2019\u00e8 tempo fino al 30 aprile per presentare domanda. La misura di sostegno al reddito istituita l\u2019anno scorso dal Decreto Rilancio \u00e8 stata confermata dal recente Decreto Sostegni. Il \u201cRem\u201d sar\u00e0 riconosciuto ai nuclei familiari in condizioni di difficolt\u00e0, in conseguenza dell\u2019emergenza Covid, Da mercoled\u00ec 7 aprile \u00e8 possibile presentare la domanda.\u00a0 Il contributo previsto dal reddito di emergenza verr\u00e0 erogato in tre quote da 400 euro.\u00a0 Il lavoratore disoccupato &#8211; novit\u00e0 2021 &#8211; ha diritto al reddito di emergenza se tra il 1\u00b0 luglio 2020 e il 28 febbraio 2021 ha terminato il periodo di Naspi o Dis-coll; ha un Isee inferiore a 30mila euro.<\/p>\n<p>&nbsp;<\/p>\n<p>&nbsp;<\/p>\n<hr \/>\n<p>&nbsp;<\/p>\n<p>&nbsp;<\/p>\n<blockquote>\n<h3>CONCESSIONE LEGNA AD USO COMBUSTIBILE 2021<\/h3>\n<\/blockquote>\n<p><strong>ROCCA PIETORE<\/strong> E&#8217; possibile prenotare gi\u00e0 da ora la parte di legna ad uso combustibile per il 2021.\u00a0 Concessione a titolo gratuito di legname gi\u00e0 sommariamente accatastato su appositi piazzali che saranno individuati in base alle richieste. Per averne diritto \u00e8 sufficiente portare la richiesta nella cassetta all&#8217;esterno del municipio entro e non oltre il 14 maggio. L&#8217;assegnazione avverr\u00e0 mediante estrazione e il legnatico dovr\u00e0 essere spostato entro due mesi dall&#8217;assegnazione.<\/p>\n<p>&nbsp;<\/p>\n<p>&nbsp;<\/p>\n<hr \/>\n<p>&nbsp;<\/p>\n<blockquote>\n<h3>APERTE LE ISCRIZIONI AL CORSO DI TECNICO DELLA COMMERCIALIZZAZIONE DEI PRODOTTI ALIMENTARI<\/h3>\n<\/blockquote>\n<p><strong>LONGARONE <\/strong>L\u2019intervento della durata di 150 ore si pone l&#8217;obiettivo di formare una figura che sia in grado di presidiare il processo di vendita di prodotti alimentari e di bevande sia presso punti vendita, sia in modalit\u00e0 online.\u00a0 \u00a0La selezione si svolger\u00e0 il giorno 30\/04\/2021 dalle ore 9.00. Info: <a href=\"mailto:paola.arnoffi@enaip.veneto.it\">paola.arnoffi@enaip.veneto.it<\/a> &#8211; 0439300237<\/p>\n<p>&nbsp;<\/p>\n<p>&nbsp;<\/p>\n<hr \/>\n<p>&nbsp;<\/p>\n<blockquote>\n<h3>LA PRESSIONE FISCALE E\u2019 SALITA AL 43,1%<\/h3>\n<\/blockquote>\n<p><a class=\"dt-pswp-item\" href=\"https:\/\/www.radiopiu.net\/wordpress\/wp-content\/uploads\/2021\/04\/Schermata-2021-04-17-alle-16.54.35.png\" data-dt-img-description=\"\" data-large_image_width=\"516\" data-large_image_height=\"296\"><img loading=\"lazy\" decoding=\"async\" class=\"alignleft size-medium wp-image-204043\" src=\"https:\/\/www.radiopiu.net\/wordpress\/wp-content\/uploads\/2021\/04\/Schermata-2021-04-17-alle-16.54.35-300x172.png\" alt=\"\" width=\"300\" height=\"172\" srcset=\"https:\/\/www.radiopiu.net\/wordpress\/wp-content\/uploads\/2021\/04\/Schermata-2021-04-17-alle-16.54.35-300x172.png 300w, https:\/\/www.radiopiu.net\/wordpress\/wp-content\/uploads\/2021\/04\/Schermata-2021-04-17-alle-16.54.35.png 516w\" sizes=\"auto, (max-width: 300px) 100vw, 300px\" \/><\/a>Nel 2020, annus horribilis dell\u2019economia italiana, la pressione fiscale \u00e8 salita attestandosi al 43,1 per cento1; la stessa soglia che avevamo toccato nel 2014, a soli 0,3 punti percentuali dal record storico che abbiamo registrato nel 2013. Pressione fiscale, ricorda l\u2019Ufficio studi della CGIA, che \u00e8 data dal rapporto tra le entrate fiscali e quelle contributive sul Pil (vedi Graf. 1).<\/p>\n<p>Ovviamente, l\u2019incremento di 0,7 punti percentuali rispetto al 2019 \u00e8 ascrivibile in massima parte al crollo del Pil che l\u2019anno scorso \u00e8 sceso dell\u20198,9 per cento. Sebbene sia stata pi\u00f9 contenuta di quella registrata da quest\u2019ultimo, anche le entrate fiscali e contributive hanno comunque subito una forte contrazione del gettito (-6,3 per centro). In termini assoluti il fisco, l\u2019Inps e le casse previdenziali hanno riscosso 711 miliardi di euro, 48,3 miliardi in meno di quanto registrato nel 2019.<\/p>\n<p>Nonostante queste precisazioni, fa sapere l\u2019Ufficio studi della CGIA, \u00e8 evidente che il carico fiscale complessivo che grava sulle famiglie e sulle imprese costituisce un grosso problema. Lo era prima della pandemia, figuriamoci adesso, con moltissime aziende a rischio chiusura e con tantissime persone scivolate verso la soglia di povert\u00e0.<\/p>\n<p><strong>Zero tasse per un anno: alleggerimento da 30 miliardi<\/strong><br \/>\nAnche per queste ragioni gli artigiani mestrini tornano a ribadire che l\u2019erogazione dei nuovi sostegni alle micro e piccole imprese che il Governo Draghi sta mettendo a punto in questi giorni deve essere accompagnata da un azzeramento del carico fiscale per l\u2019anno in corso. Altrimenti, rischiamo che una volta incassati, questi rimborsi vengano subito restituiti allo Stato sotto forma di imposte, tasse e contributi. Una partita di giro gi\u00e0 verificatasi l\u2019anno scorso che per molti imprenditori ha rappresentato una vera e propria beffa. Questo taglio generalizzato di tasse e imposte erariali per tutto l\u2019anno in corso costerebbe al fisco tra i 28\/30 miliardi di euro. Una stima che \u00e8 stata calcolata ipotizzando di consentire a tutte le attivit\u00e0 economiche con un fatturato 2019 al di sotto del milione di euro di non versare per l\u2019anno in corso l\u2019Irpef, l\u2019Ires e l\u2019Imu sui capannoni. Queste aziende, che ammontano a circa 4,9 milioni di unit\u00e0 (pari all\u201989 per cento circa del totale nazionale), dovrebbero comunque versare le tasse locali, in modo tale da non arrecare problemi di liquidit\u00e0 ai Sindaci e ai Presidenti di regione. Alleggeriti dal peso di un fisco spesso ingiusto, per un anno vivrebbero con meno ansia, meno stress e pi\u00f9 serenit\u00e0. Non solo, ma con 28\/30 miliardi risparmiati metteremo le basi per far ripartire l\u2019economia del Paese.<\/p>\n<p><strong>Entro luglio altri 50 miliardi di contributi a fondo perduto<\/strong><br \/>\nOltre all\u2019azzeramento delle tasse, l\u2019Ufficio studi della CGIA auspica che l\u2019esecutivo metta sul tavolo almeno altri 50 miliardi di euro entro il prossimo mese di luglio che consentano di rimborsare in misura maggiore di quanto \u00e8 stato fatto sino a ora le perdite subite dalle aziende e permettano agli imprenditori di compensare anche una buona parte dei costi fissi sostenuti. Modalit\u00e0, quest\u2019ultima, che la Francia e la Germania hanno applicato da alcuni mesi, avendo recepito le nuove disposizioni introdotte dall\u2019UE in materia di aiuti di stato alle imprese. Costi, quelli fissi (come gli affitti, le assicurazioni, le utenze, etc.) che, nonostante l\u2019obbligo di chiusura e il conseguente azzeramento dei ricavi, le attivit\u00e0 economiche continuano purtroppo a sostenere. Questo sforzo cos\u00ec importante deve essere fatto entro l\u2019estate, periodo in cui, grazie agli effetti della campagna vaccinale e alle condizioni climatiche, dovremmo esserci lasciati alle spalle la pandemia ed essere tornati ad una situazione di \u201cnormalit\u00e0\u201d. Dalle indiscrezioni apparse in questi giorni, sembra che il decreto \u201cSostegni bis\u201d in fase di approvazione preveda la compensazione dei costi fissi, anche se in misura molto contenuta e del tutto insufficiente a rispondere alle istanze delle attivit\u00e0 economiche.<\/p>\n<p><strong><a class=\"dt-pswp-item\" href=\"https:\/\/www.radiopiu.net\/wordpress\/wp-content\/uploads\/2021\/04\/Schermata-2021-04-17-alle-16.55.43.png\" data-dt-img-description=\"\" data-large_image_width=\"704\" data-large_image_height=\"930\"><img loading=\"lazy\" decoding=\"async\" class=\"alignleft size-medium wp-image-204042\" src=\"https:\/\/www.radiopiu.net\/wordpress\/wp-content\/uploads\/2021\/04\/Schermata-2021-04-17-alle-16.55.43-227x300.png\" alt=\"\" width=\"227\" height=\"300\" srcset=\"https:\/\/www.radiopiu.net\/wordpress\/wp-content\/uploads\/2021\/04\/Schermata-2021-04-17-alle-16.55.43-227x300.png 227w, https:\/\/www.radiopiu.net\/wordpress\/wp-content\/uploads\/2021\/04\/Schermata-2021-04-17-alle-16.55.43.png 704w\" sizes=\"auto, (max-width: 227px) 100vw, 227px\" \/><\/a>La crisi ha colpito soprattutto l\u2019economia del Sud<\/strong><br \/>\nSecondo l\u2019indagine Istat realizzata verso la fine dell\u2019anno scorso, dall\u2019incrocio dei dati relativi al numero di imprese che hanno denunciato di essere a rischio operativo Alto e Medio Alto con il corrispondente numero di addetti interessati, \u00e8 possibile mappare il rischio operativo del nostro sistema economico. Dal risultato di questa operazione \u00e8 emerso che il Mezzogiorno \u00e8 la ripartizione geografica pi\u00f9 colpita dalla pandemia: cinque regioni sono ad Alto rischio combinato (Abruzzo, Campania, Basilicata, Calabria e Sardegna), altre 2, invece, sono a Medio Alto rischio (Puglia e Sicilia). Nel Sud solo il Molise si trova in una situazione di rischio combinato Medio-Basso. Al Centro, invece, preoccupa la situazione dell\u2019Umbria (Alto-Rischio), del Lazio e della Toscana (Medio-Alto Rischio). Al Nord, infine, preoccupa la situazione emersa in Valle d\u2019Aosta e nella provincia autonoma di Bolzano che ricadono nell\u2019area a Medio-Alto rischio combinato. Rispetto a tutte le principali regioni settentrionali, il Veneto presenta un livello di vulnerabilit\u00e0 superiore; tale situazione \u00e8 riconducibile alla sua forte vocazione turistica e alla crisi registrata, in particolar modo, del settore delle pelli e del tessile\/abbigliamento.<\/p>\n<p>Pi\u00f9 in generale, segnala l\u2019Istat, la fragilit\u00e0 di un territorio \u00e8 ascrivibile sia al grado di diffusione dei settori maggiormente colpiti dalla crisi sia dal livello di specializzazione dell\u2019economia locale in tali attivit\u00e0. In particolare, soffrono pi\u00f9 degli altri il tessile, l\u2019abbigliamento e la lavorazione della pelle, settori duramente provati in questo ultimo anno dalla forte contrazione registrata dalla domanda interna e da quella internazionale. Altrettanto drammatica \u00e8 la situazione dei comparti che ruotano attorno al turismo (alberghi, tour operator, agenzie di viaggio, trasporto pubblico locale, etc.), il commercio al dettaglio, gli ambulanti, bar e ristorazione, le attivit\u00e0 culturali (musei, cinema e teatri), quelle sportive (piscine, palestre) e quelle legate al tempo libero (parchi divertimenti, spettacoli viaggianti, discoteche, etc.) che pi\u00f9 degli altri hanno subito gli effetti negativi dei provvedimenti di chiusura e di distanziamento fisico imposti dal Governo.<\/p>\n<p>&nbsp;<\/p>\n<p>&nbsp;<\/p>\n<hr \/>\n<p>&nbsp;<\/p>\n<blockquote>\n<h3>MARIANO RUMOR, ORIGINI DI LAMOSANO FU MINISTRO, PRESIDENTE DEL CONSIGLIO E SEGRETARIO DEL PARTITO DELLA D.C.<\/h3>\n<\/blockquote>\n<p><strong>di Renato Bona<\/strong><\/p>\n<p>Mariano Rumor, autentico personaggio della politica a livello nazionale per la Democrazia Cristiana, era discendente di alpagoti e precisamente della famiglia di Gerolamo, sposato il 29 aprile 17874 con Caterina di Antonio Romor (s\u00ec, con la o e non la u &#8211; ndr.) che era nato a Lamosano di Chies il 6 settembre 1720 e mor\u00ec a Vicenza, dove era emigrato con la famiglia, il 3 gennaio del 1796. Lo ha messo nero su bianco il compianto maestro Mario De Nale nel suo libro dedicato ai \u201cPersonaggi illustri dell\u2019Alpago e Ponte nelle Alpi\u201d edito con la bellunese tipografia Piave nell\u2019agosto del 1978 (in copertina \u201cLa Madonna col Bambino\u201d di Placido Fabris; referenze fotografiche della Fondazione Cini, del Museo Correr e del Museo di Ca\u2019 Pesaro, foto Zanfron, De Santi, De Nale), in occasione del centenario del grande Placido Fabris, a cura del Centro sociale di educazione permanente di Tambre e dall\u2019Associazione emigranti bellunesi, col contributo della Regione Veneto e della Cassa di Risparmio di Verona, Vicenza e Belluno. Laureato in lettere col massimo dei voti, tesi su Giuseppe Giacosa, il vicentino Rumor (nato il 16 giugno 1915 da Giuseppe, proprietario di una tipografia, e da Tina Nardi, di famiglia liberale) laureato in lettere a Padova nel 1939, fu presidente dei giovani di Azione cattolica e partecip\u00f2 alla Resistenza nel periodo 1943-45. Dopo la guerra fui tra i fondatori delle Associazioni cristiane lavoratori italiani, le Acli, ed entr\u00f2 nella Democrazia cristiana di cui divenne &#8211; come ricorda Wikipedia &#8211; uno dei principali leader veneti, molto vicini al presidente del consiglio Alcide De Gasperi. Nel 1946 venne eletto all\u2019Assemblea Costituente e due anni dopo deputato (riconfermato nelle legislature successive). Nel 1951 sottosegretario al ministero del Lavoro e relatore della prima legge su Ina-Casa; nel 1959 \u00e8 ministro dell\u2019Agricoltura e successivamente dell\u2019Interno e poi degli Esteri. Nel 1963, nominato ministro dell\u2019Interno, dovette affrontare uno degli eventi pi\u00f9 tragici della storia repubblicana italiana: la catastrofe del Vajont del 9 ottobre 1963 con duemila vittime ed immani rovine; fra l\u2019altro, accompagn\u00f2 il presidente del consiglio Giovanni Leone sui luoghi della sciagura. Nel periodo 1964-68 fu segretario nazionale della Democrazia cristiana. Presidente del consiglio per ben cinque volte tra il 1968 ed il 1974, presidente dell\u2019Accademia olimpica di Vicenza e dell\u2019Associazione mondiale dei partiti democratici cristiani. Nel 1973 fu l&#8217;obiettivo di un tentativo di omicidio, progettato dall\u2019anarchico Gianfranco Bertoli. Mor\u00ec a Vicenza il 22 gennaio 1990. Altri personaggi della famiglia Rumor anche se, come Mariano, non nati in Alpago, sono citati nel libro in quanto, come viene precisato: \u201cmeritevoli e sicuramente affezionati alla terra dei loro avi alla cui conoscenza furono sempre interessati\u201d. GIACOMO RUMOR SENIOR. Nacque a Vicenza nel 1858 e mor\u00ec nella stessa citt\u00e0 nel 1930. Dopo gli studi apr\u00ec e gest\u00ec due negozi e in seguito divenne fotografo, artigiano e tipografo, impegnato in modo particolare in quest\u2019ultima attivit\u00e0 fino a realizzare &#8211; come scrive De Nale &#8211; una grossa tipografia che \u00e8 ancor oggi una delle pi\u00f9 qualificate della citt\u00e0 nel campo del lavoro editoriale fine e delle pubblicazioni periodiche. Partecip\u00f2 alla vita pubblica come capo del Movimento delle societ\u00e0 cattoliche operaie e delle Societ\u00e0 di mutuo soccorso, da quando la partecipazione alle elezioni politiche era vietata ai cattolici, fino a fondare moltissime organizzazioni solidaristiche, tra cui la Banca Cattolica Vicentina, divenuta poi la Banca Cattolica del Veneto e le societ\u00e0 di Mutuo soccorso e degli artigiani, che precedettero le assicurazioni sociali nell\u2019organizzazione dei lavoratori nel tempo che vedeva la Chiesa occuparsi delle questione sociale con l\u2019enciclica di Leone XII \u201cRerum Novarum\u201d. Fu presidente della Camera di commercio e per 30 anni consigliere sia di Comune che di Provincia di Vicenza. SEBASTIANO RUMOR. Fratello di Giacomo, nacque a Vicenza nel 1862 e mor\u00ec a Gerusalemme nel 1929. Da bibliotecario della Civica Biblioteca Vicentina divenne noto bibliografo e illustratore delle memorie della citt\u00e0 e provincia, mediante decime di pubblicazioni che andava poi raccogliendo in volumi come: \u201cBibliografia vicentina\u201d, \u201cGli scrittori vicentini del 1600 e 1700\u201d e \u201cStoria di Monte Berico\u201d. GIUSEPPE RUMOR, di Giacomo. Nato nel 1885, mancato nel 1954. Fu consigliere provinciale e presidente della Scuola di cultura cattolica per 40 anni. GIACOMO RUMOR JUNIOR. Nato a Vicenza nel 1906. Presidente del Circolo studenti universitari cattolici della citt\u00e0, partecip\u00f2 alla Resistenza e fu membro del Corpo di liberazione nazionale. Avvocato, per 18 anni fu presidente della Camera di commercio vicentina, promotore dell\u2019autostrada Brescia-Verona-Vicenza della quale divenne vice presidente. Accademico olimpico fu anche consigliere della Cassa di Risparmio di Vicenza e autore di diverse pubblicazioni in materia di economia.<\/p>\n\n\t\t\t<style type='text\/css'>\n\t\t\t\t#gallery-9 {\n\t\t\t\t\tmargin: auto;\n\t\t\t\t}\n\t\t\t\t#gallery-9 .gallery-item {\n\t\t\t\t\tfloat: left;\n\t\t\t\t\tmargin-top: 10px;\n\t\t\t\t\ttext-align: center;\n\t\t\t\t\twidth: 20%;\n\t\t\t\t}\n\t\t\t\t#gallery-9 img {\n\t\t\t\t\tborder: 2px solid #cfcfcf;\n\t\t\t\t}\n\t\t\t\t#gallery-9 .gallery-caption {\n\t\t\t\t\tmargin-left: 0;\n\t\t\t\t}\n\t\t\t\t\/* see gallery_shortcode() in wp-includes\/media.php *\/\n\t\t\t<\/style>\n\t\t<div id='gallery-9' class='dt-gallery-container gallery galleryid-204109 gallery-columns-5 gallery-size-thumbnail'><dl class='gallery-item'>\n\t\t\t\t<dt class='gallery-icon portrait'>\n\t\t\t\t\t<a class=\"rollover rollover-zoom dt-pswp-item\" title=\"175657561_272971447816667_2538850458475799949_n\" data-dt-img-description=\"\" data-large_image_width=\"183\" data-large_image_height=\"186\"href='https:\/\/www.radiopiu.net\/wordpress\/wp-content\/uploads\/2021\/04\/175657561_272971447816667_2538850458475799949_n.jpg'><img loading=\"lazy\" decoding=\"async\" width=\"150\" height=\"150\" src=\"https:\/\/www.radiopiu.net\/wordpress\/wp-content\/uploads\/2021\/04\/175657561_272971447816667_2538850458475799949_n-150x150.jpg\" class=\"attachment-thumbnail size-thumbnail\" alt=\"\" \/><\/a>\n\t\t\t\t<\/dt><\/dl><dl class='gallery-item'>\n\t\t\t\t<dt class='gallery-icon landscape'>\n\t\t\t\t\t<a class=\"rollover rollover-zoom dt-pswp-item\" title=\"175822384_307473970977443_7618286997230945092_n\" data-dt-img-description=\"\" data-large_image_width=\"512\" data-large_image_height=\"384\"href='https:\/\/www.radiopiu.net\/wordpress\/wp-content\/uploads\/2021\/04\/175822384_307473970977443_7618286997230945092_n.jpg'><img loading=\"lazy\" decoding=\"async\" width=\"150\" height=\"150\" src=\"https:\/\/www.radiopiu.net\/wordpress\/wp-content\/uploads\/2021\/04\/175822384_307473970977443_7618286997230945092_n-150x150.jpg\" class=\"attachment-thumbnail size-thumbnail\" alt=\"\" \/><\/a>\n\t\t\t\t<\/dt><\/dl><dl class='gallery-item'>\n\t\t\t\t<dt class='gallery-icon landscape'>\n\t\t\t\t\t<a class=\"rollover rollover-zoom dt-pswp-item\" title=\"175483076_366508771299636_1878639437436916003_n\" data-dt-img-description=\"\" data-large_image_width=\"400\" data-large_image_height=\"283\"href='https:\/\/www.radiopiu.net\/wordpress\/wp-content\/uploads\/2021\/04\/175483076_366508771299636_1878639437436916003_n.jpg'><img loading=\"lazy\" decoding=\"async\" width=\"150\" height=\"150\" src=\"https:\/\/www.radiopiu.net\/wordpress\/wp-content\/uploads\/2021\/04\/175483076_366508771299636_1878639437436916003_n-150x150.jpg\" class=\"attachment-thumbnail size-thumbnail\" alt=\"\" \/><\/a>\n\t\t\t\t<\/dt><\/dl><dl class='gallery-item'>\n\t\t\t\t<dt class='gallery-icon portrait'>\n\t\t\t\t\t<a class=\"rollover rollover-zoom dt-pswp-item\" title=\"174854623_3966761443389863_3622758284894935469_n\" data-dt-img-description=\"\" data-large_image_width=\"111\" data-large_image_height=\"160\"href='https:\/\/www.radiopiu.net\/wordpress\/wp-content\/uploads\/2021\/04\/174854623_3966761443389863_3622758284894935469_n.jpg'><img loading=\"lazy\" decoding=\"async\" width=\"111\" height=\"150\" src=\"https:\/\/www.radiopiu.net\/wordpress\/wp-content\/uploads\/2021\/04\/174854623_3966761443389863_3622758284894935469_n-111x150.jpg\" class=\"attachment-thumbnail size-thumbnail\" alt=\"\" \/><\/a>\n\t\t\t\t<\/dt><\/dl><dl class='gallery-item'>\n\t\t\t\t<dt class='gallery-icon landscape'>\n\t\t\t\t\t<a class=\"rollover rollover-zoom dt-pswp-item\" title=\"175553421_460482935179193_2385900398778990543_n\" data-dt-img-description=\"\" data-large_image_width=\"2531\" data-large_image_height=\"1818\"href='https:\/\/www.radiopiu.net\/wordpress\/wp-content\/uploads\/2021\/04\/175553421_460482935179193_2385900398778990543_n.jpg'><img loading=\"lazy\" decoding=\"async\" width=\"150\" height=\"150\" src=\"https:\/\/www.radiopiu.net\/wordpress\/wp-content\/uploads\/2021\/04\/175553421_460482935179193_2385900398778990543_n-150x150.jpg\" class=\"attachment-thumbnail size-thumbnail\" alt=\"\" \/><\/a>\n\t\t\t\t<\/dt><\/dl><br style=\"clear: both\" \/><dl class='gallery-item'>\n\t\t\t\t<dt class='gallery-icon landscape'>\n\t\t\t\t\t<a class=\"rollover rollover-zoom dt-pswp-item\" title=\"175540601_461955751738597_6361682344522447809_n\" data-dt-img-description=\"\" data-large_image_width=\"759\" data-large_image_height=\"565\"href='https:\/\/www.radiopiu.net\/wordpress\/wp-content\/uploads\/2021\/04\/175540601_461955751738597_6361682344522447809_n.jpg'><img loading=\"lazy\" decoding=\"async\" width=\"150\" height=\"150\" src=\"https:\/\/www.radiopiu.net\/wordpress\/wp-content\/uploads\/2021\/04\/175540601_461955751738597_6361682344522447809_n-150x150.jpg\" class=\"attachment-thumbnail size-thumbnail\" alt=\"\" \/><\/a>\n\t\t\t\t<\/dt><\/dl><dl class='gallery-item'>\n\t\t\t\t<dt class='gallery-icon portrait'>\n\t\t\t\t\t<a class=\"rollover rollover-zoom dt-pswp-item\" title=\"175365721_462224338364864_459847781670594557_n\" data-dt-img-description=\"\" data-large_image_width=\"666\" data-large_image_height=\"938\"href='https:\/\/www.radiopiu.net\/wordpress\/wp-content\/uploads\/2021\/04\/175365721_462224338364864_459847781670594557_n.jpg'><img loading=\"lazy\" decoding=\"async\" width=\"150\" height=\"150\" src=\"https:\/\/www.radiopiu.net\/wordpress\/wp-content\/uploads\/2021\/04\/175365721_462224338364864_459847781670594557_n-150x150.jpg\" class=\"attachment-thumbnail size-thumbnail\" alt=\"\" \/><\/a>\n\t\t\t\t<\/dt><\/dl><dl class='gallery-item'>\n\t\t\t\t<dt class='gallery-icon landscape'>\n\t\t\t\t\t<a class=\"rollover rollover-zoom dt-pswp-item\" title=\"175758977_498300311550051_1307897995010791843_n\" data-dt-img-description=\"\" data-large_image_width=\"512\" data-large_image_height=\"256\"href='https:\/\/www.radiopiu.net\/wordpress\/wp-content\/uploads\/2021\/04\/175758977_498300311550051_1307897995010791843_n.jpg'><img loading=\"lazy\" decoding=\"async\" width=\"150\" height=\"150\" src=\"https:\/\/www.radiopiu.net\/wordpress\/wp-content\/uploads\/2021\/04\/175758977_498300311550051_1307897995010791843_n-150x150.jpg\" class=\"attachment-thumbnail size-thumbnail\" alt=\"\" \/><\/a>\n\t\t\t\t<\/dt><\/dl><dl class='gallery-item'>\n\t\t\t\t<dt class='gallery-icon landscape'>\n\t\t\t\t\t<a class=\"rollover rollover-zoom dt-pswp-item\" title=\"175501494_785842095379582_7701110113560392198_n\" data-dt-img-description=\"\" data-large_image_width=\"1070\" data-large_image_height=\"872\"href='https:\/\/www.radiopiu.net\/wordpress\/wp-content\/uploads\/2021\/04\/175501494_785842095379582_7701110113560392198_n.jpg'><img loading=\"lazy\" decoding=\"async\" width=\"150\" height=\"150\" src=\"https:\/\/www.radiopiu.net\/wordpress\/wp-content\/uploads\/2021\/04\/175501494_785842095379582_7701110113560392198_n-150x150.jpg\" class=\"attachment-thumbnail size-thumbnail\" alt=\"\" \/><\/a>\n\t\t\t\t<\/dt><\/dl><dl class='gallery-item'>\n\t\t\t\t<dt class='gallery-icon portrait'>\n\t\t\t\t\t<a class=\"rollover rollover-zoom dt-pswp-item\" title=\"175589871_835785197020866_5789605809928379783_n\" data-dt-img-description=\"\" data-large_image_width=\"749\" data-large_image_height=\"1012\"href='https:\/\/www.radiopiu.net\/wordpress\/wp-content\/uploads\/2021\/04\/175589871_835785197020866_5789605809928379783_n.jpg'><img loading=\"lazy\" decoding=\"async\" width=\"150\" height=\"150\" src=\"https:\/\/www.radiopiu.net\/wordpress\/wp-content\/uploads\/2021\/04\/175589871_835785197020866_5789605809928379783_n-150x150.jpg\" class=\"attachment-thumbnail size-thumbnail\" alt=\"\" \/><\/a>\n\t\t\t\t<\/dt><\/dl><br style=\"clear: both\" \/>\n\t\t\t<\/div>\n\n<p>&nbsp;<\/p>\n<p>NELLE FOTO (PicClick, Wikipedia, Gilberto Padovan editore, Corriere del Veneto): panoramica di Lamosano di Chies; Mariano Romor: i suoi avi erano dell\u2019Alpago; l\u2019allora ministro dell\u2019Interno, Rumor, al centro, con il presidente del consiglio Giovanni Leone in visita alla zona disastrata del Vajont; lapide dell\u2019Azione Cattolica vicentina che a Tonezza del Cimone ne ricorda la figura e l\u2019opera; Giacomo Rumor senior; la grande tipografia che ha fondato; la prima insegna della Banca cattolica vicentina che lo vide tra i soci fondatori; suo fratello Sebastiano, noto bibliografo; una delle sue opere pi\u00f9 famose: Bibliografia storica della citt\u00e0 e della provincia di Vicenza\u201d; Giacomo Romor Junior: avvocato ed esperto di economia.<\/p>\n<p>&nbsp;<\/p>\n<p>&nbsp;<\/p>\n<hr \/>\n<p>&nbsp;<\/p>\n<blockquote>\n<h3>IO NE HO VISTE COSE CHE VOI NON POTRESTE IMMAGINARVI<\/h3>\n<\/blockquote>\n<p>Un programma di Claudio Pra, dal lunedi al venerdi \u00a0alle 8.45 ed in replica alle 19.45.<\/p>\n<h2><span style=\"color: #000000;\"><strong>LA RACCOLTA COMPLETA<\/strong><\/span><\/h2>\n<audio class=\"wp-audio-shortcode\" id=\"audio-204109-6\" preload=\"none\" style=\"width: 100%;\" controls=\"controls\"><source type=\"audio\/mpeg\" src=\"https:\/\/www.radiopiu.net\/wordpress\/wp-content\/uploads\/2021\/04\/18-claudio-mercoledi.mp3?_=6\" \/><a href=\"https:\/\/www.radiopiu.net\/wordpress\/wp-content\/uploads\/2021\/04\/18-claudio-mercoledi.mp3\">https:\/\/www.radiopiu.net\/wordpress\/wp-content\/uploads\/2021\/04\/18-claudio-mercoledi.mp3<\/a><\/audio>\n<p>https:\/\/www.radiopiu.net\/wordpress\/programma2\/<\/p>\n<p>&nbsp;<\/p>\n<hr \/>\n<p>&nbsp;<\/p>\n<h2><\/h2>\n<h2><span style=\"color: #808000;\">DUE MINUTI UN LIBRO\u00a0 TUTTI I GIORNI ALLA RADIO ALLE 9.30 E ALLE 18. QUINTA STAGIONE\u00a0 \u00a0<\/span><\/h2>\n<h3><span style=\"color: #808000;\">\u00a0<\/span>LA RACCOLTA COMPLETA<\/h3>\n<blockquote class=\"wp-embedded-content\" data-secret=\"VGxOEZpAiq\"><p><a href=\"https:\/\/www.radiopiu.net\/wordpress\/due-minuti-un-libro\/\">Due minuti un libro<\/a><\/p><\/blockquote>\n<p><iframe loading=\"lazy\" class=\"wp-embedded-content\" sandbox=\"allow-scripts\" security=\"restricted\" style=\"position: absolute; clip: rect(1px, 1px, 1px, 1px);\" title=\"&#8220;Due minuti un libro&#8221; &#8212; Radio Pi\u00f9\" src=\"https:\/\/www.radiopiu.net\/wordpress\/due-minuti-un-libro\/embed\/#?secret=VGxOEZpAiq\" data-secret=\"VGxOEZpAiq\" width=\"600\" height=\"338\" frameborder=\"0\" marginwidth=\"0\" marginheight=\"0\" scrolling=\"no\"><\/iframe><\/p>\n<p>&nbsp;<\/p>\n<p>&nbsp;<\/p>\n<p>&nbsp;<\/p>\n<hr \/>\n<p>&nbsp;<\/p>\n<p>&nbsp;<\/p>\n<h1><span style=\"color: #ff0000;\"><strong>IN VIVO VERSO 2020-21<\/strong><\/span><\/h1>\n<blockquote><p><span style=\"color: #ff0000;\"><strong>IN ONDA DAL LUNEDI AL VENERDI ALLE 7.10, 10.10, 18.50\u00a0 \u00a0<\/strong><\/span><\/p><\/blockquote>\n<p><strong>LA RACCOLTA COMPLETA<\/strong><\/p>\n<blockquote class=\"wp-embedded-content\" data-secret=\"C5BopJo00V\"><p><a href=\"https:\/\/www.radiopiu.net\/wordpress\/in-vivo-verso\/\">In Vivo Verso<\/a><\/p><\/blockquote>\n<p><iframe loading=\"lazy\" class=\"wp-embedded-content\" sandbox=\"allow-scripts\" security=\"restricted\" style=\"position: absolute; clip: rect(1px, 1px, 1px, 1px);\" title=\"&#8220;In Vivo Verso&#8221; &#8212; Radio Pi\u00f9\" src=\"https:\/\/www.radiopiu.net\/wordpress\/in-vivo-verso\/embed\/#?secret=C5BopJo00V\" data-secret=\"C5BopJo00V\" width=\"600\" height=\"338\" frameborder=\"0\" marginwidth=\"0\" marginheight=\"0\" scrolling=\"no\"><\/iframe><\/p>\n<hr \/>\n<p>&nbsp;<\/p>\n<p>&nbsp;<\/p>\n<h2><span style=\"color: #ff0000;\"><a href=\"https:\/\/www.radiopiu.net\/wordpress\/giornale-radiopiu-05-gennaio-2021-direttore-mirko-mezzacasa\/133200401_100838761953611_1258544160541445132_o-2\/\" rel=\"attachment wp-att-183078\"><img loading=\"lazy\" decoding=\"async\" class=\" wp-image-183078 alignleft\" src=\"https:\/\/www.radiopiu.net\/wordpress\/wp-content\/uploads\/2021\/01\/133200401_100838761953611_1258544160541445132_o-1-300x157.jpg\" alt=\"\" width=\"192\" height=\"101\" srcset=\"https:\/\/www.radiopiu.net\/wordpress\/wp-content\/uploads\/2021\/01\/133200401_100838761953611_1258544160541445132_o-1-300x157.jpg 300w, https:\/\/www.radiopiu.net\/wordpress\/wp-content\/uploads\/2021\/01\/133200401_100838761953611_1258544160541445132_o-1.jpg 526w\" sizes=\"auto, (max-width: 192px) 100vw, 192px\" \/><\/a>GOCCE DI FILOSOFIA, CON CHIARA CAU, CON LISA DE LUCA. <\/span><\/h2>\n<h2><span style=\"color: #ff0000;\">TUTTI I GIORNI DAL LUNEDI AL VENERDI ALLE 6.55 E ALLE 18.55<\/span><\/h2>\n<h3>LA RACCOLTA COMPLETA<\/h3>\n<blockquote class=\"wp-embedded-content\" data-secret=\"4oj9OiYBZ7\"><p><a href=\"https:\/\/www.radiopiu.net\/wordpress\/gocce-filosofia\/\">Gocce di filosofia<\/a><\/p><\/blockquote>\n<p><iframe loading=\"lazy\" class=\"wp-embedded-content\" sandbox=\"allow-scripts\" security=\"restricted\" style=\"position: absolute; clip: rect(1px, 1px, 1px, 1px);\" title=\"&#8220;Gocce di filosofia&#8221; &#8212; Radio Pi\u00f9\" src=\"https:\/\/www.radiopiu.net\/wordpress\/gocce-filosofia\/embed\/#?secret=4oj9OiYBZ7\" data-secret=\"4oj9OiYBZ7\" width=\"600\" height=\"338\" frameborder=\"0\" marginwidth=\"0\" marginheight=\"0\" scrolling=\"no\"><\/iframe><\/p>\n<p>&nbsp;<\/p>\n<hr \/>\n<p>&nbsp;<\/p>\n<p>&nbsp;<\/p>\n<blockquote>\n<h3><a href=\"https:\/\/www.radiopiu.net\/wordpress\/almanacco-ladino-puntata-5-2020\/sn\/\" rel=\"attachment wp-att-180931\"><img loading=\"lazy\" decoding=\"async\" class=\"wp-image-180931 alignleft\" src=\"https:\/\/www.radiopiu.net\/wordpress\/wp-content\/uploads\/2020\/12\/sn-300x194.jpg\" alt=\"\" width=\"181\" height=\"117\" srcset=\"https:\/\/www.radiopiu.net\/wordpress\/wp-content\/uploads\/2020\/12\/sn-300x194.jpg 300w, https:\/\/www.radiopiu.net\/wordpress\/wp-content\/uploads\/2020\/12\/sn.jpg 626w\" sizes=\"auto, (max-width: 181px) 100vw, 181px\" \/><\/a>L&#8217;ALMANACCO LADINO CON L&#8217;ISTITUT CESA DE JAN QUINDICINALE APPUNTAMENTO. LA DOMENICA ALLE 9 IL LUNEDI ALLE 8.35 IL MARTEDI ALLE 12.35 IL MERCOLEDI ALLE 18.35. SECONDA STAGIONE.<\/h3>\n<\/blockquote>\n<p><strong>RACCOLTA COMPLETA\u00a0<\/strong><\/p>\n<blockquote class=\"wp-embedded-content\" data-secret=\"TWNbV29bx3\"><p><a href=\"https:\/\/www.radiopiu.net\/wordpress\/almanacco-ladino\/\">Almanacco Ladino<\/a><\/p><\/blockquote>\n<p><iframe loading=\"lazy\" class=\"wp-embedded-content\" sandbox=\"allow-scripts\" security=\"restricted\" style=\"position: absolute; clip: rect(1px, 1px, 1px, 1px);\" title=\"&#8220;Almanacco Ladino&#8221; &#8212; Radio Pi\u00f9\" src=\"https:\/\/www.radiopiu.net\/wordpress\/almanacco-ladino\/embed\/#?secret=TWNbV29bx3\" data-secret=\"TWNbV29bx3\" width=\"600\" height=\"338\" frameborder=\"0\" marginwidth=\"0\" marginheight=\"0\" scrolling=\"no\"><\/iframe><\/p>\n<div dir=\"auto\">\n<hr \/>\n<p>&nbsp;<\/p>\n<blockquote>\n<h3>SALUTE E SOCIETA&#8217; IL LUNEDI ALLE 13.10 E ALLE 20.10, LA DOMENICA ALLE 10.30 A CURA DEL DOTTOR MARCO CARACCIOLO. QUINTA STAGIONE<\/h3>\n<\/blockquote>\n<p><strong>LA PUNTATA DELLA SETTIMANA del 12 aprile\u00a0<\/strong><\/p>\n<p><a href=\"https:\/\/www.radiopiu.net\/wordpress\/giornale-radiopiu-13-aprile-2021-direttore-mirko-mezzacasa\/5308b0a1-530d-4c8d-a493-2a80a955825d\/\" rel=\"attachment wp-att-202904\"><img loading=\"lazy\" decoding=\"async\" class=\"size-medium wp-image-202904 alignleft\" src=\"https:\/\/www.radiopiu.net\/wordpress\/wp-content\/uploads\/2021\/04\/5308b0a1-530d-4c8d-a493-2a80a955825d-300x169.png\" alt=\"\" width=\"300\" height=\"169\" srcset=\"https:\/\/www.radiopiu.net\/wordpress\/wp-content\/uploads\/2021\/04\/5308b0a1-530d-4c8d-a493-2a80a955825d-300x169.png 300w, https:\/\/www.radiopiu.net\/wordpress\/wp-content\/uploads\/2021\/04\/5308b0a1-530d-4c8d-a493-2a80a955825d-1024x576.png 1024w, https:\/\/www.radiopiu.net\/wordpress\/wp-content\/uploads\/2021\/04\/5308b0a1-530d-4c8d-a493-2a80a955825d-768x432.png 768w, https:\/\/www.radiopiu.net\/wordpress\/wp-content\/uploads\/2021\/04\/5308b0a1-530d-4c8d-a493-2a80a955825d.png 1280w\" sizes=\"auto, (max-width: 300px) 100vw, 300px\" \/><\/a>Da qualche mese stiamo assistendo a una importante presenza di varianti del virus SarsCov2 responsabile della malattia Covid-19. Come si curano questi pazienti? Si utilizzano gli stessi farmaci della forma virale originaria? Ne parliamo con la prof.ssa<br \/>\nDaniela Francisci, Direttore della Clinica di Malattie Infettive presso Azienda Ospedaliera \u201cS. Maria\u201d di Terni e Professore Associato di Malattie Infettive presso l\u2019Universit\u00e0 degli Studi di Perugia. Sono sempre di pi\u00f9 i pazienti che utilizzano l\u2019app \u201cIl mio medico in rete\u201d, progetto realizzato con il contributo non condizionato di Lusofarmaco e in grado di connettere nel modo pi\u00f9 semplice e veloce il paziente con il medico curante, facilitando le comunicazioni via chat e la condivisione dei dati sull\u2019andamento delle condizioni di salute del paziente. Ida Roversi, Managing director di Med Stage<\/p>\n<audio class=\"wp-audio-shortcode\" id=\"audio-204109-7\" preload=\"none\" style=\"width: 100%;\" controls=\"controls\"><source type=\"audio\/mpeg\" src=\"https:\/\/www.radiopiu.net\/wordpress\/wp-content\/uploads\/2021\/04\/SALUTE-1.mp3?_=7\" \/><a href=\"https:\/\/www.radiopiu.net\/wordpress\/wp-content\/uploads\/2021\/04\/SALUTE-1.mp3\">https:\/\/www.radiopiu.net\/wordpress\/wp-content\/uploads\/2021\/04\/SALUTE-1.mp3<\/a><\/audio>\n<h3><strong>LA RACCOLTA COMPLETA\u00a0<\/strong><\/h3>\n<\/div>\n<blockquote class=\"wp-embedded-content\" data-secret=\"ClfqXg29TU\"><p><a href=\"https:\/\/www.radiopiu.net\/wordpress\/saluteesocieta\/\">Salute e Societ\u00e0<\/a><\/p><\/blockquote>\n<p><iframe loading=\"lazy\" class=\"wp-embedded-content\" sandbox=\"allow-scripts\" security=\"restricted\" style=\"position: absolute; clip: rect(1px, 1px, 1px, 1px);\" title=\"&#8220;Salute e Societ\u00e0&#8221; &#8212; Radio Pi\u00f9\" src=\"https:\/\/www.radiopiu.net\/wordpress\/saluteesocieta\/embed\/#?secret=ClfqXg29TU\" data-secret=\"ClfqXg29TU\" width=\"600\" height=\"338\" frameborder=\"0\" marginwidth=\"0\" marginheight=\"0\" scrolling=\"no\"><\/iframe><\/p>\n<p>&nbsp;<\/p>\n<hr \/>\n<p>&nbsp;<\/p>\n<blockquote>\n<h3 class=\"kvgmc6g5 cxmmr5t8 oygrvhab hcukyx3x c1et5uql\"><span style=\"color: #0000ff;\">INFORMAZIONE il canale su TELEGRAM informazione di prima mano e in tempo reale. iscriviti ed aiutaci a farlo conoscere\u00a0<\/span><\/h3>\n<\/blockquote>\n<h2><img loading=\"lazy\" decoding=\"async\" class=\"alignleft\" src=\"https:\/\/www.radiopiu.net\/wordpress\/wp-content\/uploads\/2021\/03\/narr.jpg\" width=\"158\" height=\"105\" \/>007 IN CONDOTTA CON LA PROF. MARIA ROSA SALMAZO IL LUNEDI ALLE 10,30 E ALLE 19.00 LA DOMENICA ALLE 8 DEL MATTINO. NONA STAGIONE<\/h2>\n<p><span style=\"color: #ff0000;\"><strong>PUNTATA DEL 12 APRILE 2021<\/strong><\/span><\/p>\n<audio class=\"wp-audio-shortcode\" id=\"audio-204109-8\" preload=\"none\" style=\"width: 100%;\" controls=\"controls\"><source type=\"audio\/mpeg\" src=\"https:\/\/www.radiopiu.net\/wordpress\/wp-content\/uploads\/2021\/04\/007-condotta-11-aprile.mp3?_=8\" \/><a href=\"https:\/\/www.radiopiu.net\/wordpress\/wp-content\/uploads\/2021\/04\/007-condotta-11-aprile.mp3\">https:\/\/www.radiopiu.net\/wordpress\/wp-content\/uploads\/2021\/04\/007-condotta-11-aprile.mp3<\/a><\/audio>\n<p>&nbsp;<\/p>\n<h2>LA RACCOLTA COMPLETA<\/h2>\n<blockquote class=\"wp-embedded-content\" data-secret=\"qEErNixp8h\"><p><a href=\"https:\/\/www.radiopiu.net\/wordpress\/007incondotta-9\/\">007 in condotta<\/a><\/p><\/blockquote>\n<p><iframe loading=\"lazy\" class=\"wp-embedded-content\" sandbox=\"allow-scripts\" security=\"restricted\" style=\"position: absolute; clip: rect(1px, 1px, 1px, 1px);\" title=\"&#8220;007 in condotta&#8221; &#8212; Radio Pi\u00f9\" src=\"https:\/\/www.radiopiu.net\/wordpress\/007incondotta-9\/embed\/#?secret=qEErNixp8h\" data-secret=\"qEErNixp8h\" width=\"600\" height=\"338\" frameborder=\"0\" marginwidth=\"0\" marginheight=\"0\" scrolling=\"no\"><\/iframe><\/p>\n<blockquote><p>&nbsp;<\/p><\/blockquote>\n<h2><span style=\"color: #ff0000;\">dalla nuova generazione&#8230; cultura e tradizione<\/span><\/h2>\n<blockquote>\n<h3><em>PIAZA LADINA ALLA RADIO<\/em><\/h3>\n<\/blockquote>\n<p><strong>LA\u00a0 SETTIMA PUNTATA\u00a0 &#8220;Perche che ne serf scrive co na grafia sola&#8221; (14 Marzo 2021)<\/strong><\/p>\n<audio class=\"wp-audio-shortcode\" id=\"audio-204109-9\" preload=\"none\" style=\"width: 100%;\" controls=\"controls\"><source type=\"audio\/mpeg\" src=\"https:\/\/www.radiopiu.net\/wordpress\/wp-content\/uploads\/2021\/04\/Pontada-7-Perche-che-ne-serf-scrive-co-na-GRAFIA-sola-1.mp3?_=9\" \/><a href=\"https:\/\/www.radiopiu.net\/wordpress\/wp-content\/uploads\/2021\/04\/Pontada-7-Perche-che-ne-serf-scrive-co-na-GRAFIA-sola-1.mp3\">https:\/\/www.radiopiu.net\/wordpress\/wp-content\/uploads\/2021\/04\/Pontada-7-Perche-che-ne-serf-scrive-co-na-GRAFIA-sola-1.mp3<\/a><\/audio>\n<p>&nbsp;<\/p>\n<blockquote>\n<h2>LA RACCOLTA COMPLETA<\/h2>\n<\/blockquote>\n<blockquote class=\"wp-embedded-content\" data-secret=\"DnDkpA0PJH\"><p><a href=\"https:\/\/www.radiopiu.net\/wordpress\/agora-agordina-la-nosta-piaza\/\">AGORA&#8217; AGORDINA&#8230; LA NOSTA PIAZA LADINA.  pagina in aggiornamento continuo<\/a><\/p><\/blockquote>\n<p><iframe loading=\"lazy\" class=\"wp-embedded-content\" sandbox=\"allow-scripts\" security=\"restricted\" style=\"position: absolute; clip: rect(1px, 1px, 1px, 1px);\" title=\"&#8220;AGORA&#8217; AGORDINA&#8230; LA NOSTA PIAZA LADINA.  pagina in aggiornamento continuo&#8221; &#8212; Radio Pi\u00f9\" src=\"https:\/\/www.radiopiu.net\/wordpress\/agora-agordina-la-nosta-piaza\/embed\/#?secret=DnDkpA0PJH\" data-secret=\"DnDkpA0PJH\" width=\"600\" height=\"338\" frameborder=\"0\" marginwidth=\"0\" marginheight=\"0\" scrolling=\"no\"><\/iframe><\/p>\n<p>&nbsp;<\/p>\n<p>&nbsp;<\/p>\n<p>&nbsp;<\/p>\n<hr \/>\n<div class=\"b654a4as d2edcug0\">\n<div class=\"j83agx80 btwxx1t3 lhclo0ds hop8lmos nkwizq5d scwd0bx6 roh60bw9\">\n<div class=\"rq0escxv hkbzh7o3 jwdofwj8 n8tt0mok r8blr3vg hyh9befq\">\n<div class=\"do00u71z l9j0dhe7 k4urcfbm\">\n<div>\n<h2><span style=\"color: #000080;\"><a class=\"dt-pswp-item\" href=\"https:\/\/www.radiopiu.net\/wordpress\/wp-content\/uploads\/2020\/10\/pp.jpg\" data-dt-img-description=\"\" data-large_image_width=\"640\" data-large_image_height=\"640\"><img loading=\"lazy\" decoding=\"async\" class=\"wp-image-163678 alignleft\" src=\"https:\/\/www.radiopiu.net\/wordpress\/wp-content\/uploads\/2020\/10\/pp-300x300.jpg\" alt=\"\" width=\"106\" height=\"106\" srcset=\"https:\/\/www.radiopiu.net\/wordpress\/wp-content\/uploads\/2020\/10\/pp-300x300.jpg 300w, https:\/\/www.radiopiu.net\/wordpress\/wp-content\/uploads\/2020\/10\/pp-150x150.jpg 150w, https:\/\/www.radiopiu.net\/wordpress\/wp-content\/uploads\/2020\/10\/pp-125x125.jpg 125w, https:\/\/www.radiopiu.net\/wordpress\/wp-content\/uploads\/2020\/10\/pp-200x200.jpg 200w, https:\/\/www.radiopiu.net\/wordpress\/wp-content\/uploads\/2020\/10\/pp-80x80.jpg 80w, https:\/\/www.radiopiu.net\/wordpress\/wp-content\/uploads\/2020\/10\/pp-480x480.jpg 480w, https:\/\/www.radiopiu.net\/wordpress\/wp-content\/uploads\/2020\/10\/pp.jpg 640w\" sizes=\"auto, (max-width: 106px) 100vw, 106px\" \/><\/a><\/span><\/h2>\n<h2><span style=\"color: #000080;\">DON CESARE, IL PENSIERO DEL GIORNO. ALLA RADIO ALLE 7 DEL MATTINO E ALLE 19.30 DELLA SERA.\u00a0\u00a0<\/span><\/h2>\n<\/div>\n<\/div>\n<p>&nbsp;<\/p>\n<\/div>\n<p>&nbsp;<\/p>\n<audio class=\"wp-audio-shortcode\" id=\"audio-204109-10\" preload=\"none\" style=\"width: 100%;\" controls=\"controls\"><source type=\"audio\/mpeg\" src=\"https:\/\/www.radiopiu.net\/wordpress\/wp-content\/uploads\/2021\/04\/CESARE-12.mp3?_=10\" \/><a href=\"https:\/\/www.radiopiu.net\/wordpress\/wp-content\/uploads\/2021\/04\/CESARE-12.mp3\">https:\/\/www.radiopiu.net\/wordpress\/wp-content\/uploads\/2021\/04\/CESARE-12.mp3<\/a><\/audio>\n<\/div>\n<p>&nbsp;<\/p>\n<hr \/>\n<p>&nbsp;<\/p>\n<h2><span style=\"color: #ff0000;\">ALLA RADIO<\/span><\/h2>\n<h2><span style=\"color: #008000;\">ERBE E PIANTE CURATIVE&#8230;IL\u00a0 PROGRAMMA DI PAOLA LANCIATO<\/span><\/h2>\n<p><strong><a href=\"https:\/\/www.radiopiu.net\/wordpress\/giornale-radiopiu-14-aprile-2021-direttore-mirko-mezzacasa\/pianta-limone\/\" rel=\"attachment wp-att-203125\"><img loading=\"lazy\" decoding=\"async\" class=\" wp-image-203125 alignleft\" src=\"https:\/\/www.radiopiu.net\/wordpress\/wp-content\/uploads\/2021\/04\/PIANTA-LIMONE-300x200.jpg\" alt=\"\" width=\"167\" height=\"111\" srcset=\"https:\/\/www.radiopiu.net\/wordpress\/wp-content\/uploads\/2021\/04\/PIANTA-LIMONE-300x200.jpg 300w, https:\/\/www.radiopiu.net\/wordpress\/wp-content\/uploads\/2021\/04\/PIANTA-LIMONE-1024x683.jpg 1024w, https:\/\/www.radiopiu.net\/wordpress\/wp-content\/uploads\/2021\/04\/PIANTA-LIMONE-768x512.jpg 768w, https:\/\/www.radiopiu.net\/wordpress\/wp-content\/uploads\/2021\/04\/PIANTA-LIMONE-1536x1024.jpg 1536w, https:\/\/www.radiopiu.net\/wordpress\/wp-content\/uploads\/2021\/04\/PIANTA-LIMONE.jpg 1920w\" sizes=\"auto, (max-width: 167px) 100vw, 167px\" \/><\/a>PUNTATA 12, IL LIMONE<\/strong><\/p>\n<\/div>\n<audio class=\"wp-audio-shortcode\" id=\"audio-204109-11\" preload=\"none\" style=\"width: 100%;\" controls=\"controls\"><source type=\"audio\/mpeg\" src=\"https:\/\/www.radiopiu.net\/wordpress\/wp-content\/uploads\/2021\/04\/10-Il-limone-M-1.mp3?_=11\" \/><a href=\"https:\/\/www.radiopiu.net\/wordpress\/wp-content\/uploads\/2021\/04\/10-Il-limone-M-1.mp3\">https:\/\/www.radiopiu.net\/wordpress\/wp-content\/uploads\/2021\/04\/10-Il-limone-M-1.mp3<\/a><\/audio>\n<p>&nbsp;<\/p>\n<p>&nbsp;<\/p>\n<hr \/>\n<p>&nbsp;<\/p>\n<blockquote>\n<h2><a href=\"https:\/\/www.radiopiu.net\/wordpress\/speciale-solidarieta-veneto\/solidarieta-veneto-3\/\" rel=\"attachment wp-att-134366\"><img loading=\"lazy\" decoding=\"async\" class=\"wp-image-134366 alignleft\" src=\"https:\/\/www.radiopiu.net\/wordpress\/wp-content\/uploads\/2020\/05\/solidariet\u00e0-veneto-300x210.jpg\" alt=\"\" width=\"102\" height=\"71\" srcset=\"https:\/\/www.radiopiu.net\/wordpress\/wp-content\/uploads\/2020\/05\/solidariet\u00e0-veneto-300x210.jpg 300w, https:\/\/www.radiopiu.net\/wordpress\/wp-content\/uploads\/2020\/05\/solidariet\u00e0-veneto-1024x717.jpg 1024w, https:\/\/www.radiopiu.net\/wordpress\/wp-content\/uploads\/2020\/05\/solidariet\u00e0-veneto-768x538.jpg 768w, https:\/\/www.radiopiu.net\/wordpress\/wp-content\/uploads\/2020\/05\/solidariet\u00e0-veneto.jpg 1373w\" sizes=\"auto, (max-width: 102px) 100vw, 102px\" \/><\/a>SOLIDARIETA&#8217; VENETO FONDO PENSIONE, IN ONDA IL PRIMO VENERDI DEL MESE ALLE 10.30 E ALLE 19.00 QUINTA STAGIONE<\/h2>\n<\/blockquote>\n<p><strong>AUDIO APRILE 2021<\/strong><\/p>\n<audio class=\"wp-audio-shortcode\" id=\"audio-204109-12\" preload=\"none\" style=\"width: 100%;\" controls=\"controls\"><source type=\"audio\/mpeg\" src=\"https:\/\/www.radiopiu.net\/wordpress\/wp-content\/uploads\/2021\/04\/solidarieta-veneto-aprile-2021.mp3?_=12\" \/><a href=\"https:\/\/www.radiopiu.net\/wordpress\/wp-content\/uploads\/2021\/04\/solidarieta-veneto-aprile-2021.mp3\">https:\/\/www.radiopiu.net\/wordpress\/wp-content\/uploads\/2021\/04\/solidarieta-veneto-aprile-2021.mp3<\/a><\/audio>\n<p>&nbsp;<\/p>\n<blockquote>\n<h2>RACCOLTA COMPLETA<\/h2>\n<\/blockquote>\n<blockquote class=\"wp-embedded-content\" data-secret=\"yITkRfUoEH\"><p><a href=\"https:\/\/www.radiopiu.net\/wordpress\/solidarieta-veneto\/\">Solidariet\u00e0 Veneto<\/a><\/p><\/blockquote>\n<p><iframe loading=\"lazy\" class=\"wp-embedded-content\" sandbox=\"allow-scripts\" security=\"restricted\" style=\"position: absolute; clip: rect(1px, 1px, 1px, 1px);\" title=\"&#8220;Solidariet\u00e0 Veneto&#8221; &#8212; Radio Pi\u00f9\" src=\"https:\/\/www.radiopiu.net\/wordpress\/solidarieta-veneto\/embed\/#?secret=yITkRfUoEH\" data-secret=\"yITkRfUoEH\" width=\"600\" height=\"338\" frameborder=\"0\" marginwidth=\"0\" marginheight=\"0\" scrolling=\"no\"><\/iframe><\/p>\n<p>&nbsp;<\/p>\n<p>&nbsp;<\/p>\n<hr \/>\n<p>&nbsp;<\/p>\n<p>&nbsp;<\/p>\n<blockquote>\n<h2>FANTASTICHE DOLOMITI, NUOVA STAGIONE. APPUNTAMENTO QUINDICINALE IL GIOVEDI ALLE 10.30 E 19.00<\/h2>\n<\/blockquote>\n<h2><span style=\"color: #ff0000;\">PUNTATA NUMERO 12\u00a0 del\u00a0 14 APRILE 2021<\/span><\/h2>\n<p><strong><a href=\"https:\/\/www.radiopiu.net\/wordpress\/raccolta-completa\/121869645_648442942701436_4748562330148520081_n-2\/\" rel=\"attachment wp-att-196402\"><img loading=\"lazy\" decoding=\"async\" class=\"wp-image-196402 alignleft\" src=\"https:\/\/www.radiopiu.net\/wordpress\/wp-content\/uploads\/2021\/02\/121869645_648442942701436_4748562330148520081_n-1-300x169.jpg\" alt=\"\" width=\"160\" height=\"90\" srcset=\"https:\/\/www.radiopiu.net\/wordpress\/wp-content\/uploads\/2021\/02\/121869645_648442942701436_4748562330148520081_n-1-300x169.jpg 300w, https:\/\/www.radiopiu.net\/wordpress\/wp-content\/uploads\/2021\/02\/121869645_648442942701436_4748562330148520081_n-1-1024x576.jpg 1024w, https:\/\/www.radiopiu.net\/wordpress\/wp-content\/uploads\/2021\/02\/121869645_648442942701436_4748562330148520081_n-1-768x432.jpg 768w, https:\/\/www.radiopiu.net\/wordpress\/wp-content\/uploads\/2021\/02\/121869645_648442942701436_4748562330148520081_n-1-1536x864.jpg 1536w, https:\/\/www.radiopiu.net\/wordpress\/wp-content\/uploads\/2021\/02\/121869645_648442942701436_4748562330148520081_n-1.jpg 1707w\" sizes=\"auto, (max-width: 160px) 100vw, 160px\" \/><\/a>OSPITE IL PRESIDENTE CLAUDIO CANOVA<\/strong><\/p>\n<audio class=\"wp-audio-shortcode\" id=\"audio-204109-13\" preload=\"none\" style=\"width: 100%;\" controls=\"controls\"><source type=\"audio\/mpeg\" src=\"https:\/\/www.radiopiu.net\/wordpress\/wp-content\/uploads\/2021\/04\/fantastiche-dolomiti-14-aprile.mp3?_=13\" \/><a href=\"https:\/\/www.radiopiu.net\/wordpress\/wp-content\/uploads\/2021\/04\/fantastiche-dolomiti-14-aprile.mp3\">https:\/\/www.radiopiu.net\/wordpress\/wp-content\/uploads\/2021\/04\/fantastiche-dolomiti-14-aprile.mp3<\/a><\/audio>\n<h3>LA RACCOLTA COMPLETA<\/h3>\n<p>https:\/\/www.radiopiu.net\/wordpress\/raccolta-completa\/<\/p>\n<p>&nbsp;<\/p>\n<p>&nbsp;<\/p>\n<hr \/>\n<p>&nbsp;<\/p>\n<p>&nbsp;<\/p>\n<div>\n<h2><span style=\"color: #ff0000;\">ALLA RADIO<\/span><\/h2>\n<\/div>\n<div>\n<h2><strong>LE\u00a0 PUNTATE di Luisa Alchini di Leggermente Bellunesi, la domenica alle 11, <span style=\"color: #0000ff;\">IL MARTEDI IN PRIMA EDIZIONE\u00a0<\/span> alle 10.30 e alle 19.00<\/strong><\/h2>\n<\/div>\n<p><strong><span style=\"color: #000000;\">RACCOLTA COMPLETA<\/span><\/strong><\/p>\n<div>\n<blockquote class=\"wp-embedded-content\" data-secret=\"NbUAFXxvMQ\"><p><a href=\"https:\/\/www.radiopiu.net\/wordpress\/leggermente-20\/\">LEGGERmente&#8230;Bellunesi<\/a><\/p><\/blockquote>\n<p><iframe loading=\"lazy\" class=\"wp-embedded-content\" sandbox=\"allow-scripts\" security=\"restricted\" style=\"position: absolute; clip: rect(1px, 1px, 1px, 1px);\" title=\"&#8220;LEGGERmente&#8230;Bellunesi&#8221; &#8212; Radio Pi\u00f9\" src=\"https:\/\/www.radiopiu.net\/wordpress\/leggermente-20\/embed\/#?secret=NbUAFXxvMQ\" data-secret=\"NbUAFXxvMQ\" width=\"600\" height=\"338\" frameborder=\"0\" marginwidth=\"0\" marginheight=\"0\" scrolling=\"no\"><\/iframe><\/p>\n<\/div>\n<h2><\/h2>\n<hr \/>\n<p>&nbsp;<\/p>\n<p>&nbsp;<\/p>\n<p>&nbsp;<\/p>\n<blockquote class=\"wp-embedded-content\" data-secret=\"vaVhqtGCZ8\"><p><a href=\"https:\/\/www.radiopiu.net\/wordpress\/rassegna-stampa-di-gianni-santomaso\/\">Rassegna stampa da l&#8217;amico del popolo &#8211; di Gianni Santomaso<\/a><\/p><\/blockquote>\n<p><iframe loading=\"lazy\" class=\"wp-embedded-content\" sandbox=\"allow-scripts\" security=\"restricted\" style=\"position: absolute; clip: rect(1px, 1px, 1px, 1px);\" title=\"&#8220;Rassegna stampa da l&#8217;amico del popolo &#8211; di Gianni Santomaso&#8221; &#8212; Radio Pi\u00f9\" src=\"https:\/\/www.radiopiu.net\/wordpress\/rassegna-stampa-di-gianni-santomaso\/embed\/#?secret=vaVhqtGCZ8\" data-secret=\"vaVhqtGCZ8\" width=\"600\" height=\"338\" frameborder=\"0\" marginwidth=\"0\" marginheight=\"0\" scrolling=\"no\"><\/iframe><\/p>\n<p>&nbsp;<\/p>\n<hr \/>\n<p>&nbsp;<\/p>\n<div>\n<h2><span style=\"color: #33cccc;\">I RACCONTI DI PAOLO SOPPELSA il lunedi alle 9.30 e 18.30<\/span><\/h2>\n<blockquote class=\"wp-embedded-content\" data-secret=\"Ge6m1KifXS\"><p><a href=\"https:\/\/www.radiopiu.net\/wordpress\/i-racconti-di-paolo-soppelsa-settantesima-puntata\/\">I RACCONTI DI PAOLO SOPPELSA SETTANTESIMA PUNTATA<\/a><\/p><\/blockquote>\n<p><iframe loading=\"lazy\" class=\"wp-embedded-content\" sandbox=\"allow-scripts\" security=\"restricted\" style=\"position: absolute; clip: rect(1px, 1px, 1px, 1px);\" title=\"&#8220;I RACCONTI DI PAOLO SOPPELSA SETTANTESIMA PUNTATA&#8221; &#8212; Radio Pi\u00f9\" src=\"https:\/\/www.radiopiu.net\/wordpress\/i-racconti-di-paolo-soppelsa-settantesima-puntata\/embed\/#?secret=Ge6m1KifXS\" data-secret=\"Ge6m1KifXS\" width=\"600\" height=\"338\" frameborder=\"0\" marginwidth=\"0\" marginheight=\"0\" scrolling=\"no\"><\/iframe><\/p>\n<p><span style=\"color: #0000ff;\">INFORMAZIONE il canale su TELEGRAM informazione di prima mano e in tempo reale. iscriviti ed aiutaci a farlo conoscere\u00a0<\/span><\/p>\n<h2><span style=\"color: #33cccc;\"><strong>RACCOLTA COMPLETA<\/strong><\/span><\/h2>\n<blockquote class=\"wp-embedded-content\" data-secret=\"nOzYgYdEfy\"><p><a href=\"https:\/\/www.radiopiu.net\/wordpress\/i-racconti-di-paolo-soppelsa\/\">I racconti di Paolo Soppelsa<\/a><\/p><\/blockquote>\n<p><iframe loading=\"lazy\" class=\"wp-embedded-content\" sandbox=\"allow-scripts\" security=\"restricted\" style=\"position: absolute; clip: rect(1px, 1px, 1px, 1px);\" title=\"&#8220;I racconti di Paolo Soppelsa&#8221; &#8212; Radio Pi\u00f9\" src=\"https:\/\/www.radiopiu.net\/wordpress\/i-racconti-di-paolo-soppelsa\/embed\/#?secret=nOzYgYdEfy\" data-secret=\"nOzYgYdEfy\" width=\"600\" height=\"338\" frameborder=\"0\" marginwidth=\"0\" marginheight=\"0\" scrolling=\"no\"><\/iframe><\/p>\n<\/div>\n<h2><span style=\"color: #ff0000;\">\u00a0\u00a0<\/span><\/h2>\n<hr \/>\n<div><\/div>\n<p>&nbsp;<\/p>\n<h2><strong><span style=\"color: #ff0000;\">\u00a0ALLA RADIO<\/span><\/strong><\/h2>\n<div data-offset-key=\"5n5nl-0-0\">\n<h3>Per ricevere gli aggiornamenti in tempo reale delle notizie pubblicate alla radio e sul sito di radio pi\u00f9 iscriviti al gruppo RADIO PIU INFORMAZIONE su Telegram.\u00a0\u00a0<a href=\"https:\/\/t.me\/radiopiu\">clicca qui<\/a><\/h3>\n<p>&nbsp;<\/p>\n<p><strong><a class=\"dt-pswp-item\" href=\"https:\/\/www.radiopiu.net\/wordpress\/wp-content\/uploads\/2020\/01\/logo-csa.jpg\" data-dt-img-description=\"\" data-large_image_width=\"1167\" data-large_image_height=\"574\"><img loading=\"lazy\" decoding=\"async\" class=\"wp-image-113364 alignleft\" src=\"https:\/\/www.radiopiu.net\/wordpress\/wp-content\/uploads\/2020\/01\/logo-csa-300x148.jpg\" alt=\"\" width=\"182\" height=\"90\" srcset=\"https:\/\/www.radiopiu.net\/wordpress\/wp-content\/uploads\/2020\/01\/logo-csa-300x148.jpg 300w, https:\/\/www.radiopiu.net\/wordpress\/wp-content\/uploads\/2020\/01\/logo-csa-1024x504.jpg 1024w, https:\/\/www.radiopiu.net\/wordpress\/wp-content\/uploads\/2020\/01\/logo-csa-768x378.jpg 768w, https:\/\/www.radiopiu.net\/wordpress\/wp-content\/uploads\/2020\/01\/logo-csa.jpg 1167w\" sizes=\"auto, (max-width: 182px) 100vw, 182px\" \/><\/a>AGORDO<\/strong> Appuntamento mensile (primo venerdi del mese) con lo speciale condotto da Claudio<\/p>\n<p>Fontanive, in studio Fabrizio Campedel e Paolo Chissal\u00e8.<\/p>\n<\/div>\n<p><strong>PUNTATA DI APRILE<\/strong><\/p>\n<blockquote><audio class=\"wp-audio-shortcode\" id=\"audio-204109-14\" preload=\"none\" style=\"width: 100%;\" controls=\"controls\"><source type=\"audio\/mpeg\" src=\"https:\/\/www.radiopiu.net\/wordpress\/wp-content\/uploads\/2021\/04\/ca-sol-lux-aprile-2021.mp3?_=14\" \/><a href=\"https:\/\/www.radiopiu.net\/wordpress\/wp-content\/uploads\/2021\/04\/ca-sol-lux-aprile-2021.mp3\">https:\/\/www.radiopiu.net\/wordpress\/wp-content\/uploads\/2021\/04\/ca-sol-lux-aprile-2021.mp3<\/a><\/audio>\n<h2>RACCOLTA COMPLETA<\/h2>\n<\/blockquote>\n<blockquote class=\"wp-embedded-content\" data-secret=\"u4O4x5Vgnq\"><p><a href=\"https:\/\/www.radiopiu.net\/wordpress\/cassa-solidarieta-luxottica-puntata-del-16-ottobre-2020\/\">CASSA SOLIDARIET\u00c0 LUXOTTICA &#8211; PUNTATA DEL 20 NOVEMBRE 2020<\/a><\/p><\/blockquote>\n<p><iframe loading=\"lazy\" class=\"wp-embedded-content\" sandbox=\"allow-scripts\" security=\"restricted\" style=\"position: absolute; clip: rect(1px, 1px, 1px, 1px);\" title=\"&#8220;CASSA SOLIDARIET\u00c0 LUXOTTICA &#8211; PUNTATA DEL 20 NOVEMBRE 2020&#8221; &#8212; Radio Pi\u00f9\" src=\"https:\/\/www.radiopiu.net\/wordpress\/cassa-solidarieta-luxottica-puntata-del-16-ottobre-2020\/embed\/#?secret=u4O4x5Vgnq\" data-secret=\"u4O4x5Vgnq\" width=\"600\" height=\"338\" frameborder=\"0\" marginwidth=\"0\" marginheight=\"0\" scrolling=\"no\"><\/iframe><\/p>\n<div><\/div>\n<p>&nbsp;<\/p>\n<p>&nbsp;<\/p>\n<hr \/>\n<blockquote>\n<h3><\/h3>\n<\/blockquote>\n<blockquote>\n<h3><a href=\"https:\/\/www.radiopiu.net\/wordpress\/giornale-radiopiu-06-febbraio-2019-direttore-mirko-mezzacasa\/logo_spi-cgil-800x445\/\" rel=\"attachment wp-att-75538\"><img loading=\"lazy\" decoding=\"async\" class=\"wp-image-75538 alignleft\" src=\"https:\/\/www.radiopiu.net\/wordpress\/wp-content\/uploads\/2019\/02\/Logo_Spi-CGIL-800x445-300x167.jpg\" alt=\"\" width=\"210\" height=\"117\" srcset=\"https:\/\/www.radiopiu.net\/wordpress\/wp-content\/uploads\/2019\/02\/Logo_Spi-CGIL-800x445-300x167.jpg 300w, https:\/\/www.radiopiu.net\/wordpress\/wp-content\/uploads\/2019\/02\/Logo_Spi-CGIL-800x445-768x427.jpg 768w, https:\/\/www.radiopiu.net\/wordpress\/wp-content\/uploads\/2019\/02\/Logo_Spi-CGIL-800x445.jpg 800w\" sizes=\"auto, (max-width: 210px) 100vw, 210px\" \/><\/a>ALLA RADIO, APPUNTAMENTO QUINDICINALE CON SPI-CGIL BELLUNO, IN STUDIO MARIA RITA GENTILIN<\/h3>\n<\/blockquote>\n<p><strong>di Claudio Fontanive\u00a0<\/strong><\/p>\n<p><span style=\"color: #ff0000;\"><strong>PUNTATA DEL 15 APRILE 2021<\/strong><\/span><\/p>\n<audio class=\"wp-audio-shortcode\" id=\"audio-204109-15\" preload=\"none\" style=\"width: 100%;\" controls=\"controls\"><source type=\"audio\/mpeg\" src=\"https:\/\/www.radiopiu.net\/wordpress\/wp-content\/uploads\/2021\/04\/spi-cgil-15-aprile.mp3?_=15\" \/><a href=\"https:\/\/www.radiopiu.net\/wordpress\/wp-content\/uploads\/2021\/04\/spi-cgil-15-aprile.mp3\">https:\/\/www.radiopiu.net\/wordpress\/wp-content\/uploads\/2021\/04\/spi-cgil-15-aprile.mp3<\/a><\/audio>\n<p>&nbsp;<\/p>\n<hr \/>\n<h2><span style=\"color: #ff0000;\">\u00a0<\/span><\/h2>\n<p>https:\/\/www.youtube.com\/watch?v=YfVTUOkcmCY&#038;t=2s<\/p>\n<p>&nbsp;<\/p>\n<h1 style=\"text-align: center;\"><span style=\"color: #0000ff;\"><strong><a style=\"color: #0000ff;\" href=\"https:\/\/hermescomms.pontiradiopr.it\/radio-piu-intervista-francesco-zillio-di-epcenter-nostro-nuovo-partner\/\">NOVITA&#8217; EPCENTER CLICCA QUI<\/a><\/strong><\/span><\/h1>\n<h3><strong>LA RACCOLTA COMPLETA\u00a0<\/strong><\/h3>\n<blockquote class=\"wp-embedded-content\" data-secret=\"fafq1EeTMe\"><p><a href=\"https:\/\/www.radiopiu.net\/wordpress\/ep-center-video-gallery\/\">EP CENTER video gallery<\/a><\/p><\/blockquote>\n<p><iframe loading=\"lazy\" class=\"wp-embedded-content\" sandbox=\"allow-scripts\" security=\"restricted\" style=\"position: absolute; clip: rect(1px, 1px, 1px, 1px);\" title=\"&#8220;EP CENTER video gallery&#8221; &#8212; Radio Pi\u00f9\" src=\"https:\/\/www.radiopiu.net\/wordpress\/ep-center-video-gallery\/embed\/#?secret=fafq1EeTMe\" data-secret=\"fafq1EeTMe\" width=\"600\" height=\"338\" frameborder=\"0\" marginwidth=\"0\" marginheight=\"0\" scrolling=\"no\"><\/iframe><\/p>\n<div>\u200b<\/div>\n<div dir=\"auto\">\n<div>\n<hr \/>\n<p>&nbsp;<\/p>\n<\/div>\n<\/div>\n<div dir=\"auto\">\n<div>\n<p class=\"photoswipe-wrapper\"><a class=\"dt-pswp-item pspw-wrap-ready\" href=\"https:\/\/i0.wp.com\/www.radiopiu.net\/wordpress\/wp-content\/uploads\/2018\/09\/viabilita.jpeg?ssl=1\" data-dt-img-description=\"\" data-large_image_width=\"800\" data-large_image_height=\"100\"><img loading=\"lazy\" decoding=\"async\" class=\"aligncenter wp-image-61954 size-full\" src=\"https:\/\/i0.wp.com\/www.radiopiu.net\/wordpress\/wp-content\/uploads\/2018\/09\/viabilita.jpeg?resize=800%2C100&amp;ssl=1\" sizes=\"auto, (max-width: 800px) 100vw, 800px\" srcset=\"https:\/\/i0.wp.com\/www.radiopiu.net\/wordpress\/wp-content\/uploads\/2018\/09\/viabilita.jpeg?w=800&amp;ssl=1 800w, https:\/\/i0.wp.com\/www.radiopiu.net\/wordpress\/wp-content\/uploads\/2018\/09\/viabilita.jpeg?resize=300%2C38&amp;ssl=1 300w, https:\/\/i0.wp.com\/www.radiopiu.net\/wordpress\/wp-content\/uploads\/2018\/09\/viabilita.jpeg?resize=768%2C96&amp;ssl=1 768w\" alt=\"\" width=\"800\" height=\"100\" \/><\/a><\/p>\n<\/div>\n<\/div>\n<p><strong>\u00a0\u00a0<\/strong><\/p>\n<p><strong>SP 251 VAL DI ZOLDO E CELLINA<\/strong> dal 19 al 23 aprile, dalle 8 alle 18, tra Soffranco e Mezzocanale senso unico alternato regolato da semaforo o movieri con chiusure al traffico in entrambi i sensi di marcia della durata massima di 20 minuti per messa in sicurezza versante a monte della strada<\/p>\n<p><strong>SP 30 PANORAMICA DEL COMELICO<\/strong> dal 26 al 30 aprile interdizione totale al transito tra Costa e Costalissoi per collegamento acquedotto<\/p>\n<p><strong>SP 347 DEL PASSO CEREDA E DURAN<\/strong> dal 19 aprile al 30 maggio, compresi sabato domenica e festivi, senso unico alternato regolato da impianto semaforico in comune di Voltago Agordino per messa in sicurezza del piano viabile<\/p>\n<p><strong>SR 203 AGORDINA\u00a0<\/strong>dal 19 al 23 aprile senso unico alternato regolato da impianto semaforico in localit\u00e0 Peron di Sedico per scavo e posa tubazioni condotta idrica<\/p>\n<p><strong>SR 203 AGORDINA\u00a0<\/strong>dal 19 aprile al 21 maggio, esclusi sabato domenica e festivi, senso unico alternato regolato da impianto semaforico o movieri in localit\u00e0 Collaz di Livinallongo per realizzazione barriere paravalanghe<\/p>\n<p><strong>SR 48 DELLE DOLOMITI <\/strong>In localit\u00e0 Salesei di Sopra dal 15 al 30 aprile senso unico dalle 8 alle 17.30 per esbosco.<\/p>\n<p><strong>SR 203 AGORDINA<\/strong> tra Colle Santa Lucia e Livinallongo dal 15 al 30 aprile senso unico per messa in sicurezza della strada<\/p>\n<p><strong>SR 48 DELLE DOLOMITI<\/strong>\u00a0 Venerdi a Passo Falzarego, dalle 10 alle 13.30 senso unico regolato da movieri per riprese televisive<\/p>\n<p><strong>SP 346 SAN PELLEGRINO<\/strong> In localit\u00e0 La Mora dal 13 aprile al 28 maggio senso unico alternato<\/p>\n<p><strong>SP 346 PASSO SAN PELLEGRINO<\/strong> fino al 28 maggio, compresi sabato domenica e festivi, senso unico alternato regolato da semaforo in localit\u00e0 La Mora di canale D&#8217;Agordo per messa in sicurezza della strada<\/p>\n<p><strong>SR 203 AGORDINA<\/strong> dal 15 al 30 aprile, sabato e domenica compresi, senso unico alternato regolato da semaforo tra Colle Santa Lucia e Livinallongo per messa in sicurezza della strada<\/p>\n<p><strong>SR 203 AGORDINA<\/strong> LISTOLADE Fino al 23 aprile senso unico semaforico, festivi e pre festivi esclusi<\/p>\n<p><strong>SP 3 VALLE IMPERINA GONA DI CONEDERA<\/strong>\u00a0 fino al 28 aprile Senso unico con semaforo, compresi sabato e domenica<\/p>\n<p><strong>SP 346 SAN PELLEGRINO<\/strong> CANALE D&#8217;AGORDO-VALLADA: senso unico fino al 15 maggio compresi festivi e prefestivi<\/p>\n<p class=\"p1\"><strong>SP 10 DI ALANO<\/strong> LOC. LE SORGENTI interruzione totale alla viabilit\u00e0 fino al 19 maggio, dalle 8 alle 12 e dalle 13 alle 18, esclusi sabato e domenica<\/p>\n<p class=\"p1\"><strong>SR 203 AGORDINA<\/strong> LOCALITA BATTAIA -COLLE SANTA LUCIA fino al 15 maggio (festivi e prefestivi compresi) senso unico alternato<\/p>\n<p><strong>SP 148 CADORNA\u00a0<\/strong>in comune di Fonzaso, Dal 12 al 30 aprile senso unico alternato regolato da impianto semaforico e possibili interruzioni di massimo 30 minuti, compresi sabato, domenica e festivi per messa in sicurezza della strada<\/p>\n<p><strong>SP 473 DI CROCE D&#8217;AUNE<\/strong> fino al 30 aprile in comune di Pedavena, sabato e domenica esclusi, senso unico alternato regolato da semaforo o movieri dalle 8 alle 18 per taglio piante<\/p>\n<p><strong>SP 12 PEDEMONTANA<\/strong> dal 6 aprile al 7 maggio, sabato e domenica compresi, senso unico alternato regolato da semaforo in localit\u00e0 Salgarda in comune di Feltre per posa condotta smaltimento acque meteoriche<\/p>\n<p><strong>SR 203 AGORDINA <\/strong>senso unico alternato regolato da\u00a0 movieri per tratti di 300 metri in localit\u00e0 La Stanga dal 12 al 30 aprile dalle 8 alle 12 e dalle 13 alle 18 per lavori di ripristino del manto d&#8217;usura<\/p>\n<p><strong>SP 473 CROCE<\/strong> <strong>D&#8217;AUNE<\/strong> Dalle 8 alle 18, dal 23 marzo al 30 aprile compresi sabato domenica e festivi, senso unico alternato regolato da impianto semaforico in comune di Sovramonte per sostituzione barriere di sicurezza<\/p>\n<div dir=\"auto\">\n<p><strong>SR 48 DELLE DOLOMITI\u00a0<\/strong>Dal 22 marzo al 30 aprile, dalle 7 alle 18 esclusi sabato domenica e festivi, interruzioni alla viabilit\u00e0 della durata massima di 20 minuti e senso unico alternato regolato da impianto semaforico per messa in sicurezza del versante a monte della strada in comune di Livinallongo<\/p>\n<p><strong>SP 251 DELLA VAL DI ZOLDO E CELLINA<\/strong> Istituzione di senso unico alternato regolato da semaforo nel comune di Val di Zoldo per messa in sicurezza della strada<\/p>\n<p><strong>SP 42 CAVALLERA<\/strong> fino a revoca, chiusura della strada nell&#8217;abitato di Perarolo per attivazione emergenza frana &#8220;Busa del Cristo&#8221;<\/p>\n<p><strong>S.P.2 DELLA VALLE DEL MIS\u00a0<\/strong>Interdizione totale al traffico fino a revoca dal km 14,920 (localit\u00e0 Gona Bassa) al km 20,650 (localit\u00e0 Titele) per cedimento della carreggiata<\/p>\n<p><strong>S.P. 5 DI LAMOSANO<\/strong>\u00a0Interdizione totale fino a revoca per presenza di materiale e alberi in strada.<\/p>\n<p><strong>SP 3 DELLA VAL IMPERINA<\/strong> fino a revoca, senso unico alternato regolato a vista in localit\u00e0 Gona di Conedera di Rivamonte per cedimento della carreggiata stradale<\/p>\n<\/div>\n<p><b>\u00a0<\/b><\/p>\n<p>&nbsp;<\/p>\n<hr \/>\n<p>&nbsp;<\/p>\n<div dir=\"auto\">\n<div>\n<p class=\"photoswipe-wrapper\"><a class=\"dt-pswp-item pspw-wrap-ready\" href=\"https:\/\/i0.wp.com\/www.radiopiu.net\/wordpress\/wp-content\/uploads\/2018\/09\/WhatsApp-Image-2018-09-20-at-16.04.06.jpeg?ssl=1\" data-dt-img-description=\"\" data-large_image_width=\"800\" data-large_image_height=\"100\"><img loading=\"lazy\" decoding=\"async\" class=\"aligncenter wp-image-61378 size-full jetpack-lazy-image jetpack-lazy-image--handled\" src=\"https:\/\/i0.wp.com\/www.radiopiu.net\/wordpress\/wp-content\/uploads\/2018\/09\/WhatsApp-Image-2018-09-20-at-16.04.06.jpeg?resize=800%2C100&amp;ssl=1\" sizes=\"auto, (max-width: 800px) 100vw, 800px\" srcset=\"https:\/\/i0.wp.com\/www.radiopiu.net\/wordpress\/wp-content\/uploads\/2018\/09\/WhatsApp-Image-2018-09-20-at-16.04.06.jpeg?w=800&amp;ssl=1 800w, https:\/\/i0.wp.com\/www.radiopiu.net\/wordpress\/wp-content\/uploads\/2018\/09\/WhatsApp-Image-2018-09-20-at-16.04.06.jpeg?resize=300%2C38&amp;ssl=1 300w, https:\/\/i0.wp.com\/www.radiopiu.net\/wordpress\/wp-content\/uploads\/2018\/09\/WhatsApp-Image-2018-09-20-at-16.04.06.jpeg?resize=768%2C96&amp;ssl=1 768w\" alt=\"\" width=\"800\" height=\"100\" data-lazy-loaded=\"1\" \/><\/a><\/p>\n<\/div>\n<p>&nbsp;<\/p>\n<p><center><b>Lunedi 19<\/b><\/center><b>Tempo atteso: <\/b>Nella notte e al mattino estesa nuvolosit\u00e0 ma con basso rischio di fenomeni. In seguito tendenza a schiarite specie verso sera, tuttavia nel primo pomeriggio aumenter\u00e0 leggermente la possibilit\u00e0 di qualche fenomeno di instabilit\u00e0, soprattutto sulle Prealpi.<br \/>\n<b>Precipitazioni: <\/b>Nella notte e al mattino generalmente assenti (10%), salvo sulle Prealpi per qualche locale piovasco notturno e verso il mezzogiorno (20%). Nel primo pomeriggio rischio di locali piovaschi in leggero aumento, 20-30% su Dolomiti e 40% su Prealpi. In serata generalmente assenti (0-10%).<br \/>\n<b>Temperature: <\/b>Minime stazionarie, massime in aumento, ancora leggermente inferiori alle medie stagionali. Su Prealpi a 1500 m min 1\u00b0C max 3\u00b0C, a 2000 m min -5\u00b0C max -1\u00b0C. Su Dolomiti a 2000 m min -6\u00b0C max 1\u00b0C, a 3000 m min -12\u00b0C max -9\u00b0C.<br \/>\n<b>Venti: <\/b>Nelle valli deboli o moderati; in quota deboli\/moderati da nord nord-est, 5-20 km\/h sia a 2000 che a 3000 m.<\/p>\n<hr \/>\n<p><center><b>Martedi 20<\/b><\/center><b>Tempo atteso: <\/b>Al mattino cielo poco nuvoloso. Nel pomeriggio nuvolosit\u00e0 irregolare, con possibili locali addensamenti cumuliformi associati a qualche fenomeno d&#8217;instabilit\u00e0, specie sulle Prealpi bellunesi.<br \/>\n<b>Precipitazioni: <\/b>Al mattino assenti (0%), nel pomeriggio rischio di locali rovesci (30-50%), pi\u00f9 probabili sulle Prealpi bellunesi. In serata generalmente assenti (0-10%)<br \/>\n<b>Temperature: <\/b>In lieve aumento salvo rimanere stazionarie le minime a fondovalle. Su Prealpi a 1500 m min 1\u00b0C max 4\u00b0C, a 2000 m min -2\u00b0C max 1\u00b0C. Su Dolomiti a 2000 m min -4\u00b0C max 3\u00b0C, a 3000 m min -10\u00b0C max -8\u00b0C.<br \/>\n<b>Venti: <\/b>Nelle valli deboli o moderati per brezze; in quota deboli, al pi\u00f9 moderati settentrionali, 5-10 km\/h a 2000 m e 5-15 km\/h a 3000 m.<\/p>\n<hr \/>\n<p><center><b>Mercoledi 21<\/b><\/center>Irregolare aumento della nuvolosit\u00e0 gi\u00e0 in mattinata, con cielo poi in prevalenza nuvoloso, associato a probabili piovaschi o rovesci fin dalle ore centrali del giorno. Temperature massime in calo, su valori ancora leggermente inferiori alla norma. Venti in quota deboli o moderati da ovest sud-ovest.<\/p>\n<hr \/>\n<p><center><b>Giovedi 22<\/b><\/center>Cielo solo in parte soleggiato, con zone di sereno pi\u00f9 ampie al mattino ed annuvolamenti pi\u00f9 estesi nel pomeriggio, quando saranno ancora possibili dei rovesci, soprattutto sulle Dolomiti. Temperature massime in lieve aumento. Venti in quota deboli o moderati, in rotazione a nord-ovest. Previsore: B.R.<\/p>\n<\/div>\n<p>&nbsp;<\/p>\n<hr \/>\n<p>&nbsp;<\/p>\n<p><a href=\"https:\/\/www.radiopiu.net\/wordpress\/giornale-radiopiu-15-settembre-2018-direttore-mirko-mezzacasa\/sport-7\/\" rel=\"attachment wp-att-60761\"><img loading=\"lazy\" decoding=\"async\" class=\"wp-image-60761 size-full aligncenter\" src=\"https:\/\/www.radiopiu.net\/wordpress\/wp-content\/uploads\/2018\/09\/sport.jpg\" alt=\"\" width=\"800\" height=\"100\" srcset=\"https:\/\/www.radiopiu.net\/wordpress\/wp-content\/uploads\/2018\/09\/sport.jpg 800w, https:\/\/www.radiopiu.net\/wordpress\/wp-content\/uploads\/2018\/09\/sport-300x38.jpg 300w, https:\/\/www.radiopiu.net\/wordpress\/wp-content\/uploads\/2018\/09\/sport-768x96.jpg 768w\" sizes=\"auto, (max-width: 800px) 100vw, 800px\" \/><\/a><\/p>\n<h3><\/h3>\n<blockquote>\n<h3>UN PRIMO E UN SECONDO POSTO PER MARCO TORMEN NELLA PRIMA PROVA DEL CAMPIONATO ITALIANO KART<\/h3>\n<\/blockquote>\n<p><strong><a href=\"https:\/\/www.radiopiu.net\/wordpress\/marco-tormen-2021-3\/\"><img loading=\"lazy\" decoding=\"async\" class=\"size-medium wp-image-204117 alignleft\" src=\"https:\/\/www.radiopiu.net\/wordpress\/wp-content\/uploads\/2021\/04\/marco-tormen-2021-3-300x200.jpg\" alt=\"\" width=\"300\" height=\"200\" srcset=\"https:\/\/www.radiopiu.net\/wordpress\/wp-content\/uploads\/2021\/04\/marco-tormen-2021-3-300x200.jpg 300w, https:\/\/www.radiopiu.net\/wordpress\/wp-content\/uploads\/2021\/04\/marco-tormen-2021-3-1024x681.jpg 1024w, https:\/\/www.radiopiu.net\/wordpress\/wp-content\/uploads\/2021\/04\/marco-tormen-2021-3-768x511.jpg 768w, https:\/\/www.radiopiu.net\/wordpress\/wp-content\/uploads\/2021\/04\/marco-tormen-2021-3-1536x1022.jpg 1536w, https:\/\/www.radiopiu.net\/wordpress\/wp-content\/uploads\/2021\/04\/marco-tormen-2021-3.jpg 2048w\" sizes=\"auto, (max-width: 300px) 100vw, 300px\" \/><\/a>JESOLO (VE)<\/strong> Un primo e un secondo posto chiude il fine settimana di gare di Marco Tormen, il pilota di Voltago impegnato nel Campionato Italiano Kart con il Team Modena Kart. Nella mattinata Tormen, partito dalla seconda posizione in griglia, si \u00e8 subito messo all\u2019attacco di Palumbo. Primi 3 giri a ritmi blandi causa un incidente che ha coinvolto parecchi piloti alla prima curva. Alla bandiera verde scatta la lotta tra Marco e il suo diretto avversario. Tormen continua a premere alla ricerca della prima posizione che conquista a pochi giri dal termine quando Palumbo deve arrendersi a causa di un problema al kart. Il pilota agordino rimane in testa in solitaria fino alla fine rifilando un bel distacco agli avversari. In gara 2 il ragazzo di Voltago, partito dall&#8217;ottava posizione, ha subito guadagnato 4 posti mettendosi alle spalle dei primi 3. In 4 giri Marco ha superato i diretti avversari portandosi in testa e cominciando a creare un buon divario. Nel frattempo Palumbo, partito dalla quattordicesima posizione dopo il ritiro della mattinata, si \u00e8 portato alle spalle di Tormen e a 5 giri dal termine ha superato l&#8217;agordino che si \u00e8 dovuto accontentare della seconda posizione. Marco Tormen chiude la prima prova del Campionato Italiano in testa alla classifica generale con 62 punti. Il prossimo appuntamento in programma per il 4 maggio sulla pista di Adria in provincia di Rovigo.<\/p>\n<p><strong>AI MICROFONI DI RADIO PIU&#8217; MARCO TORMEN<\/strong><\/p>\n<audio class=\"wp-audio-shortcode\" id=\"audio-204109-16\" preload=\"none\" style=\"width: 100%;\" controls=\"controls\"><source type=\"audio\/mpeg\" src=\"https:\/\/www.radiopiu.net\/wordpress\/wp-content\/uploads\/2021\/04\/MARCO-TORMEN-JESOLO.mp3?_=16\" \/><a href=\"https:\/\/www.radiopiu.net\/wordpress\/wp-content\/uploads\/2021\/04\/MARCO-TORMEN-JESOLO.mp3\">https:\/\/www.radiopiu.net\/wordpress\/wp-content\/uploads\/2021\/04\/MARCO-TORMEN-JESOLO.mp3<\/a><\/audio>\n<p>&nbsp;<\/p>\n<hr \/>\n<p>&nbsp;<\/p>\n<blockquote>\n<h3>SETTIMO POSTO PER ANDREA FONTANA E COMPAGNI NELLA PRIMA GARA STAGIONALE GTE<\/h3>\n<\/blockquote>\n<p><strong><a href=\"https:\/\/www.radiopiu.net\/wordpress\/settimo-posto-per-andrea-fontana-e-compagni-nella-prima-gara-stagionale-gte\/8a19bbbc-55bf-4b0b-aa0c-22a314e131cd\/\" rel=\"attachment wp-att-204202\"><img loading=\"lazy\" decoding=\"async\" class=\" wp-image-204202 alignleft\" src=\"https:\/\/www.radiopiu.net\/wordpress\/wp-content\/uploads\/2021\/04\/8a19bbbc-55bf-4b0b-aa0c-22a314e131cd-225x300.jpg\" alt=\"\" width=\"216\" height=\"288\" srcset=\"https:\/\/www.radiopiu.net\/wordpress\/wp-content\/uploads\/2021\/04\/8a19bbbc-55bf-4b0b-aa0c-22a314e131cd-225x300.jpg 225w, https:\/\/www.radiopiu.net\/wordpress\/wp-content\/uploads\/2021\/04\/8a19bbbc-55bf-4b0b-aa0c-22a314e131cd-768x1024.jpg 768w, https:\/\/www.radiopiu.net\/wordpress\/wp-content\/uploads\/2021\/04\/8a19bbbc-55bf-4b0b-aa0c-22a314e131cd-1152x1536.jpg 1152w, https:\/\/www.radiopiu.net\/wordpress\/wp-content\/uploads\/2021\/04\/8a19bbbc-55bf-4b0b-aa0c-22a314e131cd.jpg 1200w\" sizes=\"auto, (max-width: 216px) 100vw, 216px\" \/><\/a>BARCELLONA (SPAGNA) <\/strong>Si deve accontentare del settimo posto il Team JMW dove milita il pilota bellunese Andrea Fontana. Nella gara di Barcellona la fortuna non \u00e8 stata dalla parte loro e tra una foratura e la mancanza di benzina a pochi metri dal traguardo la squadra \u00e8 arrivata settima nella prima tappa del GTE. &#8220;<em>\u00c8 stata una gara dura, il gentleman \u00e8 rimasto rallentato nel traffico nelle prime fasi di gara e poi a causa di un contatto con un prototipo \u00e8 andato in testacoda perdendo 20 secondi &#8211; dice Fontana &#8211; buono il mio stint dove nonostante un setup non ottimale che ci ha visto soffrire molto di sottosterz\u00f2 soprattutto nelle parti veloci, ero riuscito a rimontare fino al terzo posto quando poi una foratura mi ha costretto a rallentare il passo e rientrare 3 giri prima ai box per il cambio pilota. Purtroppo nell&#8217;ultimo stint di gara abbiamo dovuto correre in \u201cdifensiva\u201d per risparmiare la benzina di quei 2\/3 giri che non ho potuto fare, potevamo chiudere al 5\u00b0 posto ma nell&#8217;ultimo giro, a 200m dal traguardo, siamo rimasti senza benzina e la macchina ha rallentato costringendoci a terminare la gara al 7\u00b0 posto. Abbiamo dimostrato il nostro potenziale ed avevamo il passo per fare podio oggi, non siamo stati molto fortunati ma questo fa parte del gioco, torneremo ancora pi\u00f9 carichi ed affamati per la prossima gara al Red Bull Ring<\/em>&#8221;<\/p>\n<div style=\"width: 1200px;\" class=\"wp-video\"><video class=\"wp-video-shortcode\" id=\"video-204109-2\" width=\"1200\" height=\"675\" preload=\"metadata\" controls=\"controls\"><source type=\"video\/mp4\" src=\"https:\/\/www.radiopiu.net\/wordpress\/wp-content\/uploads\/2021\/04\/FONTANA-BARCELLONA.mp4?_=2\" \/><a href=\"https:\/\/www.radiopiu.net\/wordpress\/wp-content\/uploads\/2021\/04\/FONTANA-BARCELLONA.mp4\">https:\/\/www.radiopiu.net\/wordpress\/wp-content\/uploads\/2021\/04\/FONTANA-BARCELLONA.mp4<\/a><\/video><\/div>\n<p>&nbsp;<\/p>\n<hr \/>\n<p>&nbsp;<\/p>\n<blockquote>\n<h3>IL CALDARO VINCE LA IHL. IL PUNTO SULLA STAGIONE DI ROBERTO MIANA<\/h3>\n<\/blockquote>\n<p><a href=\"https:\/\/www.radiopiu.net\/wordpress\/il-caldaro-vince-litalian-hockey-league-2020-2021\/caldaro-campione\/\" rel=\"attachment wp-att-203733\"><img loading=\"lazy\" decoding=\"async\" class=\"size-medium wp-image-203733 alignleft\" src=\"https:\/\/www.radiopiu.net\/wordpress\/wp-content\/uploads\/2021\/04\/caldaro-campione-300x140.jpg\" alt=\"\" width=\"300\" height=\"140\" srcset=\"https:\/\/www.radiopiu.net\/wordpress\/wp-content\/uploads\/2021\/04\/caldaro-campione-300x140.jpg 300w, https:\/\/www.radiopiu.net\/wordpress\/wp-content\/uploads\/2021\/04\/caldaro-campione-1024x479.jpg 1024w, https:\/\/www.radiopiu.net\/wordpress\/wp-content\/uploads\/2021\/04\/caldaro-campione-768x359.jpg 768w, https:\/\/www.radiopiu.net\/wordpress\/wp-content\/uploads\/2021\/04\/caldaro-campione.jpg 1198w\" sizes=\"auto, (max-width: 300px) 100vw, 300px\" \/><\/a>\u00c9 terminata con la vittoria del Caldaro la stagione 2020\/21 della IHL. L&#8217;Alleghe si \u00e8 fermato ai quarti di finale contro l&#8217;altra finalista, il Merano. Roberto Miana tira le somme della stagione appena conclusa<\/p>\n<audio class=\"wp-audio-shortcode\" id=\"audio-204109-17\" preload=\"none\" style=\"width: 100%;\" controls=\"controls\"><source type=\"audio\/mpeg\" src=\"https:\/\/www.radiopiu.net\/wordpress\/wp-content\/uploads\/2021\/04\/ROBERTO-MIANA-HOCKEY.mp3?_=17\" \/><a href=\"https:\/\/www.radiopiu.net\/wordpress\/wp-content\/uploads\/2021\/04\/ROBERTO-MIANA-HOCKEY.mp3\">https:\/\/www.radiopiu.net\/wordpress\/wp-content\/uploads\/2021\/04\/ROBERTO-MIANA-HOCKEY.mp3<\/a><\/audio>\n<p>&nbsp;<\/p>\n<hr \/>\n<p>&nbsp;<\/p>\n<blockquote>\n<h3>ANCORA UN FINE SETTIMANA AMARO PER L&#8217;UNDER 15 DEL VOLLEY CLUB AGORDINO<\/h3>\n<\/blockquote>\n<p><strong><a href=\"https:\/\/www.radiopiu.net\/wordpress\/ancora-una-sconfitta-per-lunder-17-del-volley-club-agordino\/volley-5\/\" rel=\"attachment wp-att-202603\"><img loading=\"lazy\" decoding=\"async\" class=\" wp-image-202603 alignleft\" src=\"https:\/\/www.radiopiu.net\/wordpress\/wp-content\/uploads\/2021\/04\/volley-300x200.jpg\" alt=\"\" width=\"185\" height=\"123\" srcset=\"https:\/\/www.radiopiu.net\/wordpress\/wp-content\/uploads\/2021\/04\/volley-300x200.jpg 300w, https:\/\/www.radiopiu.net\/wordpress\/wp-content\/uploads\/2021\/04\/volley-1024x683.jpg 1024w, https:\/\/www.radiopiu.net\/wordpress\/wp-content\/uploads\/2021\/04\/volley-768x512.jpg 768w, https:\/\/www.radiopiu.net\/wordpress\/wp-content\/uploads\/2021\/04\/volley-1536x1024.jpg 1536w, https:\/\/www.radiopiu.net\/wordpress\/wp-content\/uploads\/2021\/04\/volley.jpg 1920w\" sizes=\"auto, (max-width: 185px) 100vw, 185px\" \/><\/a> <\/strong><\/p>\n<p><strong>\u00a0<\/strong><\/p>\n<p><strong>AGORDO<\/strong> Continua il periodo nero del Volley Club Agordino che sabato ha racimolato l&#8217;ennesima sconfitta con la squadra Under 15. Le ragazze agordine non sono riuscite a tenere il passo del Limana nella partita giocata in valbelluna. Un secco 3 a 0 delle limanesi che vincono con i parziali di 25-9, 25-13, 25-8. Rinviata invece la gara della Under 17 che si doveva giocare a Ponte Nelle Alpi.<\/p>\n","protected":false},"excerpt":{"rendered":"<p>PER RICEVERE QUESTO NOTIZIARIO DIRETTAMENTE SUL TUO CELLULARE ISCRIVITI AL CANALE TELEGRAM \u201cRADIO PIU\u00a0 INFORMAZIONE&#8221;\u00a0 &nbsp; &nbsp; \u00a0RADIO PIU&#8217;&#8230; SEMPRE PIU&#8217; VOCE DAL TERRITORIO. GIOVEDI E SABATO LE DIRETTE ALLA RADIO E SUI CANALI SOCIAL, GIOVEDI ALLE 20.30 IL TRENO NELL&#8217;AGORDINO. PRESENTAZIONE DEL PROGETTO, MOTIVAZIONI E SPERANZE PER UN FUTURO MIGLIORE. SABATO ALLE 17.30 DIRETTA&hellip;<\/p>\n","protected":false},"author":4,"featured_media":204185,"comment_status":"closed","ping_status":"closed","sticky":false,"template":"","format":"standard","meta":{"_monsterinsights_skip_tracking":false,"_monsterinsights_sitenote_active":false,"_monsterinsights_sitenote_note":"","_monsterinsights_sitenote_category":0,"footnotes":""},"categories":[1,51,86,49],"tags":[],"class_list":["post-204109","post","type-post","status-publish","format-standard","has-post-thumbnail","hentry","category-senza-categoria","category-evidenza-top","category-gr","category-news-18","category-1","category-51","category-86","category-49","description-off"],"img_url":"https:\/\/www.radiopiu.net\/wordpress\/wp-content\/uploads\/2021\/04\/e1887f91-1218-4421-b2ef-08e6658fdae3.jpg","_links":{"self":[{"href":"https:\/\/www.radiopiu.net\/wordpress\/wp-json\/wp\/v2\/posts\/204109","targetHints":{"allow":["GET"]}}],"collection":[{"href":"https:\/\/www.radiopiu.net\/wordpress\/wp-json\/wp\/v2\/posts"}],"about":[{"href":"https:\/\/www.radiopiu.net\/wordpress\/wp-json\/wp\/v2\/types\/post"}],"author":[{"embeddable":true,"href":"https:\/\/www.radiopiu.net\/wordpress\/wp-json\/wp\/v2\/users\/4"}],"replies":[{"embeddable":true,"href":"https:\/\/www.radiopiu.net\/wordpress\/wp-json\/wp\/v2\/comments?post=204109"}],"version-history":[{"count":0,"href":"https:\/\/www.radiopiu.net\/wordpress\/wp-json\/wp\/v2\/posts\/204109\/revisions"}],"wp:featuredmedia":[{"embeddable":true,"href":"https:\/\/www.radiopiu.net\/wordpress\/wp-json\/wp\/v2\/media\/204185"}],"wp:attachment":[{"href":"https:\/\/www.radiopiu.net\/wordpress\/wp-json\/wp\/v2\/media?parent=204109"}],"wp:term":[{"taxonomy":"category","embeddable":true,"href":"https:\/\/www.radiopiu.net\/wordpress\/wp-json\/wp\/v2\/categories?post=204109"},{"taxonomy":"post_tag","embeddable":true,"href":"https:\/\/www.radiopiu.net\/wordpress\/wp-json\/wp\/v2\/tags?post=204109"}],"curies":[{"name":"wp","href":"https:\/\/api.w.org\/{rel}","templated":true}]}}