{"id":204150,"date":"2021-04-18T23:59:52","date_gmt":"2021-04-18T21:59:52","guid":{"rendered":"https:\/\/www.radiopiu.net\/wordpress\/?p=204150"},"modified":"2021-04-19T06:00:13","modified_gmt":"2021-04-19T04:00:13","slug":"mariano-rumor-origini-di-lamosano-fu-ministro-presidente-del-consiglio-e-segretario-del-partito-della-d-c","status":"publish","type":"post","link":"https:\/\/www.radiopiu.net\/wordpress\/mariano-rumor-origini-di-lamosano-fu-ministro-presidente-del-consiglio-e-segretario-del-partito-della-d-c\/","title":{"rendered":"MARIANO RUMOR, ORIGINI DI LAMOSANO FU MINISTRO, PRESIDENTE DEL CONSIGLIO E SEGRETARIO DEL PARTITO DELLA D.C."},"content":{"rendered":"<p><strong>di Renato Bona<\/strong><\/p>\n<p>Mariano Rumor, autentico personaggio della politica a livello nazionale per la Democrazia Cristiana, era discendente di alpagoti e precisamente della famiglia di Gerolamo, sposato il 29 aprile 17874 con Caterina di Antonio Romor (s\u00ec, con la o e non la u &#8211; ndr.) che era nato a Lamosano di Chies il 6 settembre 1720 e mor\u00ec a Vicenza, dove era emigrato con la famiglia, il 3 gennaio del 1796. Lo ha messo nero su bianco il compianto maestro Mario De Nale nel suo libro dedicato ai \u201cPersonaggi illustri dell\u2019Alpago e Ponte nelle Alpi\u201d edito con la bellunese tipografia Piave nell\u2019agosto del 1978 (in copertina \u201cLa Madonna col Bambino\u201d di Placido Fabris; referenze fotografiche della Fondazione Cini, del Museo Correr e del Museo di Ca\u2019 Pesaro, foto Zanfron, De Santi, De Nale), in occasione del centenario del grande Placido Fabris, a cura del Centro sociale di educazione permanente di Tambre e dall\u2019Associazione emigranti bellunesi, col contributo della Regione Veneto e della Cassa di Risparmio di Verona, Vicenza e Belluno. Laureato in lettere col massimo dei voti, tesi su Giuseppe Giacosa, il vicentino Rumor (nato il 16 giugno 1915 da Giuseppe, proprietario di una tipografia, e da Tina Nardi, di famiglia liberale) laureato in lettere a Padova nel 1939, fu presidente dei giovani di Azione cattolica e partecip\u00f2 alla Resistenza nel periodo 1943-45. Dopo la guerra fui tra i fondatori delle Associazioni cristiane lavoratori italiani, le Acli, ed entr\u00f2 nella Democrazia cristiana di cui divenne &#8211; come ricorda Wikipedia &#8211; uno dei principali leader veneti, molto vicini al presidente del consiglio Alcide De Gasperi. Nel 1946 venne eletto all\u2019Assemblea Costituente e due anni dopo deputato (riconfermato nelle legislature successive). Nel 1951 sottosegretario al ministero del Lavoro e relatore della prima legge su Ina-Casa; nel 1959 \u00e8 ministro dell\u2019Agricoltura e successivamente dell\u2019Interno e poi degli Esteri. Nel 1963, nominato ministro dell\u2019Interno, dovette affrontare uno degli eventi pi\u00f9 tragici della storia repubblicana italiana: la catastrofe del Vajont del 9 ottobre 1963 con duemila vittime ed immani rovine; fra l\u2019altro, accompagn\u00f2 il presidente del consiglio Giovanni Leone sui luoghi della sciagura. Nel periodo 1964-68 fu segretario nazionale della Democrazia cristiana. Presidente del consiglio per ben cinque volte tra il 1968 ed il 1974, presidente dell\u2019Accademia olimpica di Vicenza e dell\u2019Associazione mondiale dei partiti democratici cristiani. Nel 1973 fu l&#8217;obiettivo di un tentativo di omicidio, progettato dall\u2019anarchico Gianfranco Bertoli. Mor\u00ec a Vicenza il 22 gennaio 1990. Altri personaggi della famiglia Rumor anche se, come Mariano, non nati in Alpago, sono citati nel libro in quanto, come viene precisato: \u201cmeritevoli e sicuramente affezionati alla terra dei loro avi alla cui conoscenza furono sempre interessati\u201d. GIACOMO RUMOR SENIOR. Nacque a Vicenza nel 1858 e mor\u00ec nella stessa citt\u00e0 nel 1930. Dopo gli studi apr\u00ec e gest\u00ec due negozi e in seguito divenne fotografo, artigiano e tipografo, impegnato in modo particolare in quest\u2019ultima attivit\u00e0 fino a realizzare &#8211; come scrive De Nale &#8211; una grossa tipografia che \u00e8 ancor oggi una delle pi\u00f9 qualificate della citt\u00e0 nel campo del lavoro editoriale fine e delle pubblicazioni periodiche. Partecip\u00f2 alla vita pubblica come capo del Movimento delle societ\u00e0 cattoliche operaie e delle Societ\u00e0 di mutuo soccorso, da quando la partecipazione alle elezioni politiche era vietata ai cattolici, fino a fondare moltissime organizzazioni solidaristiche, tra cui la Banca Cattolica Vicentina, divenuta poi la Banca Cattolica del Veneto e le societ\u00e0 di Mutuo soccorso e degli artigiani, che precedettero le assicurazioni sociali nell\u2019organizzazione dei lavoratori nel tempo che vedeva la Chiesa occuparsi delle questione sociale con l\u2019enciclica di Leone XII \u201cRerum Novarum\u201d. Fu presidente della Camera di commercio e per 30 anni consigliere sia di Comune che di Provincia di Vicenza. SEBASTIANO RUMOR. Fratello di Giacomo, nacque a Vicenza nel 1862 e mor\u00ec a Gerusalemme nel 1929. Da bibliotecario della Civica Biblioteca Vicentina divenne noto bibliografo e illustratore delle memorie della citt\u00e0 e provincia, mediante decime di pubblicazioni che andava poi raccogliendo in volumi come: \u201cBibliografia vicentina\u201d, \u201cGli scrittori vicentini del 1600 e 1700\u201d e \u201cStoria di Monte Berico\u201d. GIUSEPPE RUMOR, di Giacomo. Nato nel 1885, mancato nel 1954. Fu consigliere provinciale e presidente della Scuola di cultura cattolica per 40 anni. GIACOMO RUMOR JUNIOR. Nato a Vicenza nel 1906. Presidente del Circolo studenti universitari cattolici della citt\u00e0, partecip\u00f2 alla Resistenza e fu membro del Corpo di liberazione nazionale. Avvocato, per 18 anni fu presidente della Camera di commercio vicentina, promotore dell\u2019autostrada Brescia-Verona-Vicenza della quale divenne vice presidente. Accademico olimpico fu anche consigliere della Cassa di Risparmio di Vicenza e autore di diverse pubblicazioni in materia di economia.<\/p>\n\n\t\t\t<style type='text\/css'>\n\t\t\t\t#gallery-1 {\n\t\t\t\t\tmargin: auto;\n\t\t\t\t}\n\t\t\t\t#gallery-1 .gallery-item {\n\t\t\t\t\tfloat: left;\n\t\t\t\t\tmargin-top: 10px;\n\t\t\t\t\ttext-align: center;\n\t\t\t\t\twidth: 20%;\n\t\t\t\t}\n\t\t\t\t#gallery-1 img {\n\t\t\t\t\tborder: 2px solid #cfcfcf;\n\t\t\t\t}\n\t\t\t\t#gallery-1 .gallery-caption {\n\t\t\t\t\tmargin-left: 0;\n\t\t\t\t}\n\t\t\t\t\/* see gallery_shortcode() in wp-includes\/media.php *\/\n\t\t\t<\/style>\n\t\t<div id='gallery-1' class='dt-gallery-container gallery galleryid-204150 gallery-columns-5 gallery-size-thumbnail'><dl class='gallery-item'>\n\t\t\t\t<dt class='gallery-icon portrait'>\n\t\t\t\t\t<a class=\"rollover rollover-zoom dt-pswp-item\" title=\"175657561_272971447816667_2538850458475799949_n\" data-dt-img-description=\"\" data-large_image_width=\"183\" data-large_image_height=\"186\"href='https:\/\/www.radiopiu.net\/wordpress\/wp-content\/uploads\/2021\/04\/175657561_272971447816667_2538850458475799949_n.jpg'><img loading=\"lazy\" decoding=\"async\" width=\"150\" height=\"150\" src=\"https:\/\/www.radiopiu.net\/wordpress\/wp-content\/uploads\/2021\/04\/175657561_272971447816667_2538850458475799949_n-150x150.jpg\" class=\"attachment-thumbnail size-thumbnail\" alt=\"\" \/><\/a>\n\t\t\t\t<\/dt><\/dl><dl class='gallery-item'>\n\t\t\t\t<dt class='gallery-icon landscape'>\n\t\t\t\t\t<a class=\"rollover rollover-zoom dt-pswp-item\" title=\"175822384_307473970977443_7618286997230945092_n\" data-dt-img-description=\"\" data-large_image_width=\"512\" data-large_image_height=\"384\"href='https:\/\/www.radiopiu.net\/wordpress\/wp-content\/uploads\/2021\/04\/175822384_307473970977443_7618286997230945092_n.jpg'><img loading=\"lazy\" decoding=\"async\" width=\"150\" height=\"150\" src=\"https:\/\/www.radiopiu.net\/wordpress\/wp-content\/uploads\/2021\/04\/175822384_307473970977443_7618286997230945092_n-150x150.jpg\" class=\"attachment-thumbnail size-thumbnail\" alt=\"\" \/><\/a>\n\t\t\t\t<\/dt><\/dl><dl class='gallery-item'>\n\t\t\t\t<dt class='gallery-icon landscape'>\n\t\t\t\t\t<a class=\"rollover rollover-zoom dt-pswp-item\" title=\"175483076_366508771299636_1878639437436916003_n\" data-dt-img-description=\"\" data-large_image_width=\"400\" data-large_image_height=\"283\"href='https:\/\/www.radiopiu.net\/wordpress\/wp-content\/uploads\/2021\/04\/175483076_366508771299636_1878639437436916003_n.jpg'><img loading=\"lazy\" decoding=\"async\" width=\"150\" height=\"150\" src=\"https:\/\/www.radiopiu.net\/wordpress\/wp-content\/uploads\/2021\/04\/175483076_366508771299636_1878639437436916003_n-150x150.jpg\" class=\"attachment-thumbnail size-thumbnail\" alt=\"\" \/><\/a>\n\t\t\t\t<\/dt><\/dl><dl class='gallery-item'>\n\t\t\t\t<dt class='gallery-icon portrait'>\n\t\t\t\t\t<a class=\"rollover rollover-zoom dt-pswp-item\" title=\"174854623_3966761443389863_3622758284894935469_n\" data-dt-img-description=\"\" data-large_image_width=\"111\" data-large_image_height=\"160\"href='https:\/\/www.radiopiu.net\/wordpress\/wp-content\/uploads\/2021\/04\/174854623_3966761443389863_3622758284894935469_n.jpg'><img loading=\"lazy\" decoding=\"async\" width=\"111\" height=\"150\" src=\"https:\/\/www.radiopiu.net\/wordpress\/wp-content\/uploads\/2021\/04\/174854623_3966761443389863_3622758284894935469_n-111x150.jpg\" class=\"attachment-thumbnail size-thumbnail\" alt=\"\" \/><\/a>\n\t\t\t\t<\/dt><\/dl><dl class='gallery-item'>\n\t\t\t\t<dt class='gallery-icon landscape'>\n\t\t\t\t\t<a class=\"rollover rollover-zoom dt-pswp-item\" title=\"175553421_460482935179193_2385900398778990543_n\" data-dt-img-description=\"\" data-large_image_width=\"2531\" data-large_image_height=\"1818\"href='https:\/\/www.radiopiu.net\/wordpress\/wp-content\/uploads\/2021\/04\/175553421_460482935179193_2385900398778990543_n.jpg'><img loading=\"lazy\" decoding=\"async\" width=\"150\" height=\"150\" src=\"https:\/\/www.radiopiu.net\/wordpress\/wp-content\/uploads\/2021\/04\/175553421_460482935179193_2385900398778990543_n-150x150.jpg\" class=\"attachment-thumbnail size-thumbnail\" alt=\"\" \/><\/a>\n\t\t\t\t<\/dt><\/dl><br style=\"clear: both\" \/><dl class='gallery-item'>\n\t\t\t\t<dt class='gallery-icon landscape'>\n\t\t\t\t\t<a class=\"rollover rollover-zoom dt-pswp-item\" title=\"175540601_461955751738597_6361682344522447809_n\" data-dt-img-description=\"\" data-large_image_width=\"759\" data-large_image_height=\"565\"href='https:\/\/www.radiopiu.net\/wordpress\/wp-content\/uploads\/2021\/04\/175540601_461955751738597_6361682344522447809_n.jpg'><img loading=\"lazy\" decoding=\"async\" width=\"150\" height=\"150\" src=\"https:\/\/www.radiopiu.net\/wordpress\/wp-content\/uploads\/2021\/04\/175540601_461955751738597_6361682344522447809_n-150x150.jpg\" class=\"attachment-thumbnail size-thumbnail\" alt=\"\" \/><\/a>\n\t\t\t\t<\/dt><\/dl><dl class='gallery-item'>\n\t\t\t\t<dt class='gallery-icon portrait'>\n\t\t\t\t\t<a class=\"rollover rollover-zoom dt-pswp-item\" title=\"175365721_462224338364864_459847781670594557_n\" data-dt-img-description=\"\" data-large_image_width=\"666\" data-large_image_height=\"938\"href='https:\/\/www.radiopiu.net\/wordpress\/wp-content\/uploads\/2021\/04\/175365721_462224338364864_459847781670594557_n.jpg'><img loading=\"lazy\" decoding=\"async\" width=\"150\" height=\"150\" src=\"https:\/\/www.radiopiu.net\/wordpress\/wp-content\/uploads\/2021\/04\/175365721_462224338364864_459847781670594557_n-150x150.jpg\" class=\"attachment-thumbnail size-thumbnail\" alt=\"\" \/><\/a>\n\t\t\t\t<\/dt><\/dl><dl class='gallery-item'>\n\t\t\t\t<dt class='gallery-icon landscape'>\n\t\t\t\t\t<a class=\"rollover rollover-zoom dt-pswp-item\" title=\"175758977_498300311550051_1307897995010791843_n\" data-dt-img-description=\"\" data-large_image_width=\"512\" data-large_image_height=\"256\"href='https:\/\/www.radiopiu.net\/wordpress\/wp-content\/uploads\/2021\/04\/175758977_498300311550051_1307897995010791843_n.jpg'><img loading=\"lazy\" decoding=\"async\" width=\"150\" height=\"150\" src=\"https:\/\/www.radiopiu.net\/wordpress\/wp-content\/uploads\/2021\/04\/175758977_498300311550051_1307897995010791843_n-150x150.jpg\" class=\"attachment-thumbnail size-thumbnail\" alt=\"\" \/><\/a>\n\t\t\t\t<\/dt><\/dl><dl class='gallery-item'>\n\t\t\t\t<dt class='gallery-icon landscape'>\n\t\t\t\t\t<a class=\"rollover rollover-zoom dt-pswp-item\" title=\"175501494_785842095379582_7701110113560392198_n\" data-dt-img-description=\"\" data-large_image_width=\"1070\" data-large_image_height=\"872\"href='https:\/\/www.radiopiu.net\/wordpress\/wp-content\/uploads\/2021\/04\/175501494_785842095379582_7701110113560392198_n.jpg'><img loading=\"lazy\" decoding=\"async\" width=\"150\" height=\"150\" src=\"https:\/\/www.radiopiu.net\/wordpress\/wp-content\/uploads\/2021\/04\/175501494_785842095379582_7701110113560392198_n-150x150.jpg\" class=\"attachment-thumbnail size-thumbnail\" alt=\"\" \/><\/a>\n\t\t\t\t<\/dt><\/dl><dl class='gallery-item'>\n\t\t\t\t<dt class='gallery-icon portrait'>\n\t\t\t\t\t<a class=\"rollover rollover-zoom dt-pswp-item\" title=\"175589871_835785197020866_5789605809928379783_n\" data-dt-img-description=\"\" data-large_image_width=\"749\" data-large_image_height=\"1012\"href='https:\/\/www.radiopiu.net\/wordpress\/wp-content\/uploads\/2021\/04\/175589871_835785197020866_5789605809928379783_n.jpg'><img loading=\"lazy\" decoding=\"async\" width=\"150\" height=\"150\" src=\"https:\/\/www.radiopiu.net\/wordpress\/wp-content\/uploads\/2021\/04\/175589871_835785197020866_5789605809928379783_n-150x150.jpg\" class=\"attachment-thumbnail size-thumbnail\" alt=\"\" \/><\/a>\n\t\t\t\t<\/dt><\/dl><br style=\"clear: both\" \/>\n\t\t\t<\/div>\n\n<p>&nbsp;<\/p>\n<p>NELLE FOTO (PicClick, Wikipedia, Gilberto Padovan editore, Corriere del Veneto): panoramica di Lamosano di Chies; Mariano Romor: i suoi avi erano dell\u2019Alpago; l\u2019allora ministro dell\u2019Interno, Rumor, al centro, con il presidente del consiglio Giovanni Leone in visita alla zona disastrata del Vajont; lapide dell\u2019Azione Cattolica vicentina che a Tonezza del Cimone ne ricorda la figura e l\u2019opera; Giacomo Rumor senior; la grande tipografia che ha fondato; la prima insegna della Banca cattolica vicentina che lo vide tra i soci fondatori; suo fratello Sebastiano, noto bibliografo; una delle sue opere pi\u00f9 famose: Bibliografia storica della citt\u00e0 e della provincia di Vicenza\u201d; Giacomo Romor Junior: avvocato ed esperto di economia.<\/p>\n","protected":false},"excerpt":{"rendered":"<p>di Renato Bona Mariano Rumor, autentico personaggio della politica a livello nazionale per la Democrazia Cristiana, era discendente di alpagoti e precisamente della famiglia di Gerolamo, sposato il 29 aprile 17874 con Caterina di Antonio Romor (s\u00ec, con la o e non la u &#8211; ndr.) che era nato a Lamosano di Chies il 6&hellip;<\/p>\n","protected":false},"author":4,"featured_media":204157,"comment_status":"closed","ping_status":"closed","sticky":false,"template":"","format":"standard","meta":{"_monsterinsights_skip_tracking":false,"_monsterinsights_sitenote_active":false,"_monsterinsights_sitenote_note":"","_monsterinsights_sitenote_category":0,"footnotes":""},"categories":[51,49],"tags":[],"class_list":["post-204150","post","type-post","status-publish","format-standard","has-post-thumbnail","hentry","category-evidenza-top","category-news-18","category-51","category-49","description-off"],"img_url":"https:\/\/www.radiopiu.net\/wordpress\/wp-content\/uploads\/2021\/04\/175540601_461955751738597_6361682344522447809_n.jpg","_links":{"self":[{"href":"https:\/\/www.radiopiu.net\/wordpress\/wp-json\/wp\/v2\/posts\/204150","targetHints":{"allow":["GET"]}}],"collection":[{"href":"https:\/\/www.radiopiu.net\/wordpress\/wp-json\/wp\/v2\/posts"}],"about":[{"href":"https:\/\/www.radiopiu.net\/wordpress\/wp-json\/wp\/v2\/types\/post"}],"author":[{"embeddable":true,"href":"https:\/\/www.radiopiu.net\/wordpress\/wp-json\/wp\/v2\/users\/4"}],"replies":[{"embeddable":true,"href":"https:\/\/www.radiopiu.net\/wordpress\/wp-json\/wp\/v2\/comments?post=204150"}],"version-history":[{"count":0,"href":"https:\/\/www.radiopiu.net\/wordpress\/wp-json\/wp\/v2\/posts\/204150\/revisions"}],"wp:featuredmedia":[{"embeddable":true,"href":"https:\/\/www.radiopiu.net\/wordpress\/wp-json\/wp\/v2\/media\/204157"}],"wp:attachment":[{"href":"https:\/\/www.radiopiu.net\/wordpress\/wp-json\/wp\/v2\/media?parent=204150"}],"wp:term":[{"taxonomy":"category","embeddable":true,"href":"https:\/\/www.radiopiu.net\/wordpress\/wp-json\/wp\/v2\/categories?post=204150"},{"taxonomy":"post_tag","embeddable":true,"href":"https:\/\/www.radiopiu.net\/wordpress\/wp-json\/wp\/v2\/tags?post=204150"}],"curies":[{"name":"wp","href":"https:\/\/api.w.org\/{rel}","templated":true}]}}