{"id":204238,"date":"2021-04-20T06:00:16","date_gmt":"2021-04-20T04:00:16","guid":{"rendered":"https:\/\/www.radiopiu.net\/wordpress\/?p=204238"},"modified":"2021-04-20T09:22:43","modified_gmt":"2021-04-20T07:22:43","slug":"20-aprile-2021-direttore-mirko-mezzacasa","status":"publish","type":"post","link":"https:\/\/www.radiopiu.net\/wordpress\/20-aprile-2021-direttore-mirko-mezzacasa\/","title":{"rendered":"GIORNALE RADIOPIU 20 APRILE 2021 DIRETTORE MIRKO MEZZACASA"},"content":{"rendered":"<h3>PER<strong> RICEVERE QUESTO NOTIZIARIO DIRETTAMENTE SUL TUO CELLULARE ISCRIVITI AL CANALE TELEGRAM <\/strong><strong>\u201cRADIO PIU\u00a0 INFORMAZIONE&#8221;\u00a0<\/strong><\/h3>\n<p>&nbsp;<\/p>\n<hr \/>\n<p>&nbsp;<\/p>\n<p>&nbsp;<\/p>\n<p>&nbsp;<\/p>\n<p><strong>LA FOTO DEL GIORNO DI VALTER FARENZENA (facebook Sei di Agordo se&#8230;), CANTIERE SUL MONTE LARION, IN CORSO L&#8217;OPERA DI ESBOSCO GRAZIE A\u00a0 LUXOTTICA<\/strong><\/p>\n<p><a href=\"https:\/\/www.radiopiu.net\/wordpress\/giornale-radiopiu-20-aprile-2021-direttore-mirko-mezzacasa\/175341004_454868215571331_8447096920728948104_n\/\" rel=\"attachment wp-att-204502\"><img loading=\"lazy\" decoding=\"async\" class=\"alignnone wp-image-204502 size-full\" src=\"https:\/\/www.radiopiu.net\/wordpress\/wp-content\/uploads\/2021\/04\/175341004_454868215571331_8447096920728948104_n.jpg\" alt=\"\" width=\"960\" height=\"540\" srcset=\"https:\/\/www.radiopiu.net\/wordpress\/wp-content\/uploads\/2021\/04\/175341004_454868215571331_8447096920728948104_n.jpg 960w, https:\/\/www.radiopiu.net\/wordpress\/wp-content\/uploads\/2021\/04\/175341004_454868215571331_8447096920728948104_n-300x169.jpg 300w, https:\/\/www.radiopiu.net\/wordpress\/wp-content\/uploads\/2021\/04\/175341004_454868215571331_8447096920728948104_n-768x432.jpg 768w\" sizes=\"auto, (max-width: 960px) 100vw, 960px\" \/><\/a><\/p>\n<p>&nbsp;<\/p>\n<h3>LUXOTTICA SI PRENDE CURA DEI DANNI SUL MONTE LARION<\/h3>\n<p><strong>AGORDO<\/strong> Un progetto ambizioso: il piano di ripristino boschivo pi\u00f9 imponente mai immaginato dopo Vaia su un&#8217;area di 30 ettari in localit\u00e0 Larion-Baster. Zona\u00a0 impervia. Troppo oneroso e complesso pensare di curare quel pezzo di foresta schiantata per il comune. Ecco allora che Luxottica, in sordina, senza svelare di essere lo sponsor, ha preso a cuore l&#8217;intervento, si sono sondati i proprietari, e si \u00e8 tratteggiato il disegno di restituzione del bosco.<\/p>\n<h2><span style=\"color: #ff0000;\">IL SINDACO ROBERTO CHISSALE&#8217;<\/span><\/h2>\n<audio class=\"wp-audio-shortcode\" id=\"audio-204238-1\" preload=\"none\" style=\"width: 100%;\" controls=\"controls\"><source type=\"audio\/mpeg\" src=\"https:\/\/www.radiopiu.net\/wordpress\/wp-content\/uploads\/2020\/12\/roberto-chissale.mp3?_=1\" \/><a href=\"https:\/\/www.radiopiu.net\/wordpress\/wp-content\/uploads\/2020\/12\/roberto-chissale.mp3\">https:\/\/www.radiopiu.net\/wordpress\/wp-content\/uploads\/2020\/12\/roberto-chissale.mp3<\/a><\/audio>\n\n\t\t\t<style type='text\/css'>\n\t\t\t\t#gallery-1 {\n\t\t\t\t\tmargin: auto;\n\t\t\t\t}\n\t\t\t\t#gallery-1 .gallery-item {\n\t\t\t\t\tfloat: left;\n\t\t\t\t\tmargin-top: 10px;\n\t\t\t\t\ttext-align: center;\n\t\t\t\t\twidth: 33%;\n\t\t\t\t}\n\t\t\t\t#gallery-1 img {\n\t\t\t\t\tborder: 2px solid #cfcfcf;\n\t\t\t\t}\n\t\t\t\t#gallery-1 .gallery-caption {\n\t\t\t\t\tmargin-left: 0;\n\t\t\t\t}\n\t\t\t\t\/* see gallery_shortcode() in wp-includes\/media.php *\/\n\t\t\t<\/style>\n\t\t<div id='gallery-1' class='dt-gallery-container gallery galleryid-204238 gallery-columns-3 gallery-size-thumbnail'><dl class='gallery-item'>\n\t\t\t\t<dt class='gallery-icon landscape'>\n\t\t\t\t\t<a class=\"rollover rollover-zoom dt-pswp-item\" title=\"STLABS_ETIFOR_Wow_Nature_Agordo_9351-Edit\" data-dt-img-description=\"\" data-large_image_width=\"2560\" data-large_image_height=\"1707\"href='https:\/\/www.radiopiu.net\/wordpress\/wp-content\/uploads\/2020\/12\/STLABS_ETIFOR_Wow_Nature_Agordo_9351-Edit-scaled.jpg'><img loading=\"lazy\" decoding=\"async\" width=\"150\" height=\"150\" src=\"https:\/\/www.radiopiu.net\/wordpress\/wp-content\/uploads\/2020\/12\/STLABS_ETIFOR_Wow_Nature_Agordo_9351-Edit-150x150.jpg\" class=\"attachment-thumbnail size-thumbnail\" alt=\"\" \/><\/a>\n\t\t\t\t<\/dt><\/dl><dl class='gallery-item'>\n\t\t\t\t<dt class='gallery-icon landscape'>\n\t\t\t\t\t<a class=\"rollover rollover-zoom dt-pswp-item\" title=\"STLABS_ETIFOR_Wow_Nature_Agordo_0920\" data-dt-img-description=\"\" data-large_image_width=\"2560\" data-large_image_height=\"1919\"href='https:\/\/www.radiopiu.net\/wordpress\/wp-content\/uploads\/2020\/12\/STLABS_ETIFOR_Wow_Nature_Agordo_0920-scaled.jpg'><img loading=\"lazy\" decoding=\"async\" width=\"150\" height=\"150\" src=\"https:\/\/www.radiopiu.net\/wordpress\/wp-content\/uploads\/2020\/12\/STLABS_ETIFOR_Wow_Nature_Agordo_0920-150x150.jpg\" class=\"attachment-thumbnail size-thumbnail\" alt=\"\" \/><\/a>\n\t\t\t\t<\/dt><\/dl><dl class='gallery-item'>\n\t\t\t\t<dt class='gallery-icon landscape'>\n\t\t\t\t\t<a class=\"rollover rollover-zoom dt-pswp-item\" title=\"STLABS_ETIFOR_Wow_Nature_Agordo_0927\" data-dt-img-description=\"\" data-large_image_width=\"2560\" data-large_image_height=\"1919\"href='https:\/\/www.radiopiu.net\/wordpress\/wp-content\/uploads\/2020\/12\/STLABS_ETIFOR_Wow_Nature_Agordo_0927-scaled.jpg'><img loading=\"lazy\" decoding=\"async\" width=\"150\" height=\"150\" src=\"https:\/\/www.radiopiu.net\/wordpress\/wp-content\/uploads\/2020\/12\/STLABS_ETIFOR_Wow_Nature_Agordo_0927-150x150.jpg\" class=\"attachment-thumbnail size-thumbnail\" alt=\"\" \/><\/a>\n\t\t\t\t<\/dt><\/dl><br style=\"clear: both\" \/><dl class='gallery-item'>\n\t\t\t\t<dt class='gallery-icon landscape'>\n\t\t\t\t\t<a class=\"rollover rollover-zoom dt-pswp-item\" title=\"STLABS_ETIFOR_Wow_Nature_Agordo_9319\" data-dt-img-description=\"\" data-large_image_width=\"2560\" data-large_image_height=\"1707\"href='https:\/\/www.radiopiu.net\/wordpress\/wp-content\/uploads\/2020\/12\/STLABS_ETIFOR_Wow_Nature_Agordo_9319-scaled.jpg'><img loading=\"lazy\" decoding=\"async\" width=\"150\" height=\"150\" src=\"https:\/\/www.radiopiu.net\/wordpress\/wp-content\/uploads\/2020\/12\/STLABS_ETIFOR_Wow_Nature_Agordo_9319-150x150.jpg\" class=\"attachment-thumbnail size-thumbnail\" alt=\"\" \/><\/a>\n\t\t\t\t<\/dt><\/dl><dl class='gallery-item'>\n\t\t\t\t<dt class='gallery-icon landscape'>\n\t\t\t\t\t<a class=\"rollover rollover-zoom dt-pswp-item\" title=\"STLABS_ETIFOR_Wow_Nature_Agordo_9260\" data-dt-img-description=\"\" data-large_image_width=\"2560\" data-large_image_height=\"1707\"href='https:\/\/www.radiopiu.net\/wordpress\/wp-content\/uploads\/2020\/12\/STLABS_ETIFOR_Wow_Nature_Agordo_9260-scaled.jpg'><img loading=\"lazy\" decoding=\"async\" width=\"150\" height=\"150\" src=\"https:\/\/www.radiopiu.net\/wordpress\/wp-content\/uploads\/2020\/12\/STLABS_ETIFOR_Wow_Nature_Agordo_9260-150x150.jpg\" class=\"attachment-thumbnail size-thumbnail\" alt=\"\" \/><\/a>\n\t\t\t\t<\/dt><\/dl><dl class='gallery-item'>\n\t\t\t\t<dt class='gallery-icon landscape'>\n\t\t\t\t\t<a class=\"rollover rollover-zoom dt-pswp-item\" title=\"SFP_0476\" data-dt-img-description=\"\" data-large_image_width=\"2000\" data-large_image_height=\"1333\"href='https:\/\/www.radiopiu.net\/wordpress\/wp-content\/uploads\/2020\/12\/SFP_0476.jpg'><img loading=\"lazy\" decoding=\"async\" width=\"150\" height=\"150\" src=\"https:\/\/www.radiopiu.net\/wordpress\/wp-content\/uploads\/2020\/12\/SFP_0476-150x150.jpg\" class=\"attachment-thumbnail size-thumbnail\" alt=\"\" \/><\/a>\n\t\t\t\t<\/dt><\/dl><br style=\"clear: both\" \/><dl class='gallery-item'>\n\t\t\t\t<dt class='gallery-icon landscape'>\n\t\t\t\t\t<a class=\"rollover rollover-zoom dt-pswp-item\" title=\"7629ab70-6695-4f4e-b1fd-c3140795f579\" data-dt-img-description=\"\" data-large_image_width=\"2000\" data-large_image_height=\"934\"href='https:\/\/www.radiopiu.net\/wordpress\/wp-content\/uploads\/2021\/04\/7629ab70-6695-4f4e-b1fd-c3140795f579.jpg'><img loading=\"lazy\" decoding=\"async\" width=\"150\" height=\"150\" src=\"https:\/\/www.radiopiu.net\/wordpress\/wp-content\/uploads\/2021\/04\/7629ab70-6695-4f4e-b1fd-c3140795f579-150x150.jpg\" class=\"attachment-thumbnail size-thumbnail\" alt=\"\" \/><\/a>\n\t\t\t\t<\/dt><\/dl><dl class='gallery-item'>\n\t\t\t\t<dt class='gallery-icon landscape'>\n\t\t\t\t\t<a class=\"rollover rollover-zoom dt-pswp-item\" title=\"091a6b55-c767-40fa-88ca-48cb0a30a1c9\" data-dt-img-description=\"\" data-large_image_width=\"2000\" data-large_image_height=\"934\"href='https:\/\/www.radiopiu.net\/wordpress\/wp-content\/uploads\/2021\/04\/091a6b55-c767-40fa-88ca-48cb0a30a1c9.jpg'><img loading=\"lazy\" decoding=\"async\" width=\"150\" height=\"150\" src=\"https:\/\/www.radiopiu.net\/wordpress\/wp-content\/uploads\/2021\/04\/091a6b55-c767-40fa-88ca-48cb0a30a1c9-150x150.jpg\" class=\"attachment-thumbnail size-thumbnail\" alt=\"\" \/><\/a>\n\t\t\t\t<\/dt><\/dl><dl class='gallery-item'>\n\t\t\t\t<dt class='gallery-icon landscape'>\n\t\t\t\t\t<a class=\"rollover rollover-zoom dt-pswp-item\" title=\"e924b7f4-f9b5-446e-be29-ff256d400355\" data-dt-img-description=\"\" data-large_image_width=\"2000\" data-large_image_height=\"934\"href='https:\/\/www.radiopiu.net\/wordpress\/wp-content\/uploads\/2021\/04\/e924b7f4-f9b5-446e-be29-ff256d400355.jpg'><img loading=\"lazy\" decoding=\"async\" width=\"150\" height=\"150\" src=\"https:\/\/www.radiopiu.net\/wordpress\/wp-content\/uploads\/2021\/04\/e924b7f4-f9b5-446e-be29-ff256d400355-150x150.jpg\" class=\"attachment-thumbnail size-thumbnail\" alt=\"\" \/><\/a>\n\t\t\t\t<\/dt><\/dl><br style=\"clear: both\" \/><dl class='gallery-item'>\n\t\t\t\t<dt class='gallery-icon landscape'>\n\t\t\t\t\t<a class=\"rollover rollover-zoom dt-pswp-item\" title=\"d11100ae-03db-446e-b84d-c61889ce9b46\" data-dt-img-description=\"\" data-large_image_width=\"2000\" data-large_image_height=\"934\"href='https:\/\/www.radiopiu.net\/wordpress\/wp-content\/uploads\/2021\/04\/d11100ae-03db-446e-b84d-c61889ce9b46.jpg'><img loading=\"lazy\" decoding=\"async\" width=\"150\" height=\"150\" src=\"https:\/\/www.radiopiu.net\/wordpress\/wp-content\/uploads\/2021\/04\/d11100ae-03db-446e-b84d-c61889ce9b46-150x150.jpg\" class=\"attachment-thumbnail size-thumbnail\" alt=\"\" \/><\/a>\n\t\t\t\t<\/dt><\/dl><dl class='gallery-item'>\n\t\t\t\t<dt class='gallery-icon landscape'>\n\t\t\t\t\t<a class=\"rollover rollover-zoom dt-pswp-item\" title=\"c09a28cf-4356-4419-9d2f-cb33b38f4e80\" data-dt-img-description=\"\" data-large_image_width=\"2000\" data-large_image_height=\"934\"href='https:\/\/www.radiopiu.net\/wordpress\/wp-content\/uploads\/2021\/04\/c09a28cf-4356-4419-9d2f-cb33b38f4e80.jpg'><img loading=\"lazy\" decoding=\"async\" width=\"150\" height=\"150\" src=\"https:\/\/www.radiopiu.net\/wordpress\/wp-content\/uploads\/2021\/04\/c09a28cf-4356-4419-9d2f-cb33b38f4e80-150x150.jpg\" class=\"attachment-thumbnail size-thumbnail\" alt=\"\" \/><\/a>\n\t\t\t\t<\/dt><\/dl><dl class='gallery-item'>\n\t\t\t\t<dt class='gallery-icon landscape'>\n\t\t\t\t\t<a class=\"rollover rollover-zoom dt-pswp-item\" title=\"ab09979c-f751-4948-b28b-71b70b461531\" data-dt-img-description=\"\" data-large_image_width=\"2000\" data-large_image_height=\"934\"href='https:\/\/www.radiopiu.net\/wordpress\/wp-content\/uploads\/2021\/04\/ab09979c-f751-4948-b28b-71b70b461531.jpg'><img loading=\"lazy\" decoding=\"async\" width=\"150\" height=\"150\" src=\"https:\/\/www.radiopiu.net\/wordpress\/wp-content\/uploads\/2021\/04\/ab09979c-f751-4948-b28b-71b70b461531-150x150.jpg\" class=\"attachment-thumbnail size-thumbnail\" alt=\"\" \/><\/a>\n\t\t\t\t<\/dt><\/dl><br style=\"clear: both\" \/>\n\t\t\t<\/div>\n\n<hr \/>\n<p>&nbsp;<\/p>\n<blockquote>\n<h3>LA BELLA NOTIZIA, NEL FINE SETTIMANA COLLAUDO E APERTURA DELLA PASSERELLA AL PERON DI SEDICO<\/h3>\n<\/blockquote>\n<p><strong>SEDICO<\/strong> Sabato tutti in passerella, sembra proprio sia questa la data della riapertura &#8211; salvo imprevisti &#8211; a due anni da Vaia. Sta per essere restituita un&#8217;opera importante\u00a0 alle comunit\u00e0 che insistono nei due Comuni di Sedico (Peron) e Sospirolo (San Gottardo) con un grazie a Gianni Da Rold, la cui passione \u00e8 stata fondamentale nel recuperare il documento storico che &#8220;impone&#8221; la passerella come ieri, oggi e domani.<\/p>\n\n\t\t\t<style type='text\/css'>\n\t\t\t\t#gallery-2 {\n\t\t\t\t\tmargin: auto;\n\t\t\t\t}\n\t\t\t\t#gallery-2 .gallery-item {\n\t\t\t\t\tfloat: left;\n\t\t\t\t\tmargin-top: 10px;\n\t\t\t\t\ttext-align: center;\n\t\t\t\t\twidth: 33%;\n\t\t\t\t}\n\t\t\t\t#gallery-2 img {\n\t\t\t\t\tborder: 2px solid #cfcfcf;\n\t\t\t\t}\n\t\t\t\t#gallery-2 .gallery-caption {\n\t\t\t\t\tmargin-left: 0;\n\t\t\t\t}\n\t\t\t\t\/* see gallery_shortcode() in wp-includes\/media.php *\/\n\t\t\t<\/style>\n\t\t<div id='gallery-2' class='dt-gallery-container gallery galleryid-204238 gallery-columns-3 gallery-size-thumbnail'><dl class='gallery-item'>\n\t\t\t\t<dt class='gallery-icon landscape'>\n\t\t\t\t\t<a class=\"rollover rollover-zoom dt-pswp-item\" title=\"Immagine-37-300x300\" data-dt-img-description=\"\" data-large_image_width=\"300\" data-large_image_height=\"300\"href='https:\/\/www.radiopiu.net\/wordpress\/wp-content\/uploads\/2021\/04\/Immagine-37-300x300-1.png'><img loading=\"lazy\" decoding=\"async\" width=\"150\" height=\"150\" src=\"https:\/\/www.radiopiu.net\/wordpress\/wp-content\/uploads\/2021\/04\/Immagine-37-300x300-1-150x150.png\" class=\"attachment-thumbnail size-thumbnail\" alt=\"\" srcset=\"https:\/\/www.radiopiu.net\/wordpress\/wp-content\/uploads\/2021\/04\/Immagine-37-300x300-1-150x150.png 150w, https:\/\/www.radiopiu.net\/wordpress\/wp-content\/uploads\/2021\/04\/Immagine-37-300x300-1.png 300w\" sizes=\"auto, (max-width: 150px) 100vw, 150px\" \/><\/a>\n\t\t\t\t<\/dt><\/dl><dl class='gallery-item'>\n\t\t\t\t<dt class='gallery-icon landscape'>\n\t\t\t\t\t<a class=\"rollover rollover-zoom dt-pswp-item\" title=\"th\" data-dt-img-description=\"\" data-large_image_width=\"331\" data-large_image_height=\"186\"href='https:\/\/www.radiopiu.net\/wordpress\/wp-content\/uploads\/2021\/04\/th-5.jpg'><img loading=\"lazy\" decoding=\"async\" width=\"150\" height=\"150\" src=\"https:\/\/www.radiopiu.net\/wordpress\/wp-content\/uploads\/2021\/04\/th-5-150x150.jpg\" class=\"attachment-thumbnail size-thumbnail\" alt=\"\" \/><\/a>\n\t\t\t\t<\/dt><\/dl><dl class='gallery-item'>\n\t\t\t\t<dt class='gallery-icon landscape'>\n\t\t\t\t\t<a class=\"rollover rollover-zoom dt-pswp-item\" title=\"154848505_10224815873774542_4011513912157420386_n\" data-dt-img-description=\"\" data-large_image_width=\"600\" data-large_image_height=\"450\"href='https:\/\/www.radiopiu.net\/wordpress\/wp-content\/uploads\/2021\/04\/154848505_10224815873774542_4011513912157420386_n.jpg'><img loading=\"lazy\" decoding=\"async\" width=\"150\" height=\"150\" src=\"https:\/\/www.radiopiu.net\/wordpress\/wp-content\/uploads\/2021\/04\/154848505_10224815873774542_4011513912157420386_n-150x150.jpg\" class=\"attachment-thumbnail size-thumbnail\" alt=\"\" \/><\/a>\n\t\t\t\t<\/dt><\/dl><br style=\"clear: both\" \/>\n\t\t\t<\/div>\n\n<p>&nbsp;<\/p>\n<hr \/>\n<blockquote>\n<h2><\/h2>\n<h2><span style=\"color: #ff0000;\">\u00a0RADIO PIU&#8217;&#8230; SEMPRE PIU&#8217; VOCE DAL TERRITORIO. GIOVEDI E SABATO LE DIRETTE ALLA RADIO E SUI CANALI SOCIAL,<\/span><\/h2>\n<h2><span style=\"color: #0000ff;\">DOMANI ALLE 20\u00a0 IL CONSIGLIO COMUNALE DI FALCADE IN DIRETTA FACEBOOK, YOUTUBE TELEGRAM<\/span><\/h2>\n<h2><span style=\"color: #ff0000;\">GIOVEDI ALLE 20.30 IL TRENO NELL&#8217;AGORDINO. PRESENTAZIONE DEL PROGETTO, MOTIVAZIONI E SPERANZE PER UN FUTURO MIGLIORE.<\/span><\/h2>\n<h2><span style=\"color: #ff0000;\">SABATO ALLE 17.30 DIRETTA RADIO DALLA PISCINA COMPRENSORIALE DI AGORDO CON ATTIVAMENTE AGORDINO CON I PROTAGONISTI DELLA RIPARTENZA<\/span><\/h2>\n<h2><span style=\"color: #ff0000;\">RADIO PIU, UNA CORAZZATA DI NOTIZIE&#8230;. immagina non ci fosse.<\/span><\/h2>\n<\/blockquote>\n<h2><\/h2>\n<hr \/>\n<p>&nbsp;<\/p>\n<h2 dir=\"auto\"><a href=\"https:\/\/www.radiopiu.net\/wordpress\/giornale-radiopiu-07-aprile-2021-direttore-mirko-mezzacasa\/youtube\/\" rel=\"attachment wp-att-201738\"><img loading=\"lazy\" decoding=\"async\" class=\"wp-image-201738 alignleft\" src=\"https:\/\/www.radiopiu.net\/wordpress\/wp-content\/uploads\/2021\/04\/YOUTUBE-300x300.png\" alt=\"\" width=\"143\" height=\"143\" srcset=\"https:\/\/www.radiopiu.net\/wordpress\/wp-content\/uploads\/2021\/04\/YOUTUBE-300x300.png 300w, https:\/\/www.radiopiu.net\/wordpress\/wp-content\/uploads\/2021\/04\/YOUTUBE-1024x1024.png 1024w, https:\/\/www.radiopiu.net\/wordpress\/wp-content\/uploads\/2021\/04\/YOUTUBE-150x150.png 150w, https:\/\/www.radiopiu.net\/wordpress\/wp-content\/uploads\/2021\/04\/YOUTUBE-768x768.png 768w, https:\/\/www.radiopiu.net\/wordpress\/wp-content\/uploads\/2021\/04\/YOUTUBE.png 1200w\" sizes=\"auto, (max-width: 143px) 100vw, 143px\" \/><\/a><\/h2>\n<p>&nbsp;<\/p>\n<h2 dir=\"auto\">RADIO PIU&#8217; ANCHE SU YOUTUBE. ISCRIVITI AL CANALE PER SEGUIRE LE DIRETTE E GUARDARE I VIDEO DI RADIO PIU&#8217;<\/h2>\n<h2 dir=\"auto\"><a href=\"https:\/\/www.youtube.com\/channel\/UC_sv6_pySrogmrRK354wWOw\">CLICCA QUI<\/a> E PREMI SUL PULSANTE &#8220;ISCRIVITI&#8221;<\/h2>\n<div dir=\"auto\"><\/div>\n<div dir=\"auto\"><\/div>\n<div dir=\"auto\"><\/div>\n<hr \/>\n<p>&nbsp;<\/p>\n<p><em><a href=\"https:\/\/www.radiopiu.net\/wordpress\/giornale-radiopiu-24-gennaio-2021-direttore-mirko-mezzacasa\/79216601_126817312416448_708980208774483089_n\/\" rel=\"attachment wp-att-186567\"><img loading=\"lazy\" decoding=\"async\" class=\"size-medium wp-image-186567 alignleft\" src=\"https:\/\/www.radiopiu.net\/wordpress\/wp-content\/uploads\/2021\/01\/79216601_126817312416448_708980208774483089_n-300x114.jpg\" alt=\"\" width=\"300\" height=\"114\" srcset=\"https:\/\/www.radiopiu.net\/wordpress\/wp-content\/uploads\/2021\/01\/79216601_126817312416448_708980208774483089_n-300x114.jpg 300w, https:\/\/www.radiopiu.net\/wordpress\/wp-content\/uploads\/2021\/01\/79216601_126817312416448_708980208774483089_n-768x292.jpg 768w, https:\/\/www.radiopiu.net\/wordpress\/wp-content\/uploads\/2021\/01\/79216601_126817312416448_708980208774483089_n.jpg 820w\" sizes=\"auto, (max-width: 300px) 100vw, 300px\" \/><\/a> <\/em><\/p>\n<p><em><span style=\"color: #ff0000;\">\u00a0<\/span><\/em><em><span style=\"color: #ff0000;\">LA NUOVA APP PER IOS-IPHONE di Nicola Vettorello <\/span><\/em><a href=\"https:\/\/apps.apple.com\/it\/app\/radio-pi%C3%B9-emittente-agordina\/id1515939845\">https:\/\/apps.apple.com\/it\/app\/radio-pi%C3%B9-emittente-agordina\/id1515939845<\/a><\/p>\n<p><em style=\"color: #ff0000;\">ATTENZIONE: LA NUOVA APP RADIO\u00a0 PER ANDROID di Nicola Vettorello<\/em><\/p>\n<p><a href=\"https:\/\/play.google.com\/store\/apps\/details?id=net.radiopiu.iniko\" target=\"_blank\" rel=\"noopener noreferrer\">https:\/\/play.google.com\/store\/apps\/details?id=net.radiopiu.iniko<\/a><\/p>\n<p>&nbsp;<\/p>\n<p>&nbsp;<\/p>\n<hr \/>\n<p>&nbsp;<\/p>\n<blockquote>\n<h3>VENETO IN ARANCIONE<\/h3>\n<\/blockquote>\n<p><strong>VENEZIA<\/strong><em> Il Veneto in zona arancione. Di seguito il vademecum sulla zona arancione.<\/em><\/p>\n<h3><a href=\"https:\/\/www.radiopiu.net\/wordpress\/giornale-radiopiu-03-aprile-2021-direttore-mirko-mezzacasa\/b3f36804-16e9-4406-b10b-f7963a753f82\/\" rel=\"attachment wp-att-201000\"><img loading=\"lazy\" decoding=\"async\" class=\"aligncenter wp-image-201000 size-full\" src=\"https:\/\/www.radiopiu.net\/wordpress\/wp-content\/uploads\/2021\/04\/b3f36804-16e9-4406-b10b-f7963a753f82.jpg\" alt=\"\" width=\"1024\" height=\"616\" srcset=\"https:\/\/www.radiopiu.net\/wordpress\/wp-content\/uploads\/2021\/04\/b3f36804-16e9-4406-b10b-f7963a753f82.jpg 1024w, https:\/\/www.radiopiu.net\/wordpress\/wp-content\/uploads\/2021\/04\/b3f36804-16e9-4406-b10b-f7963a753f82-300x180.jpg 300w, https:\/\/www.radiopiu.net\/wordpress\/wp-content\/uploads\/2021\/04\/b3f36804-16e9-4406-b10b-f7963a753f82-768x462.jpg 768w\" sizes=\"auto, (max-width: 1024px) 100vw, 1024px\" \/><\/a><\/h3>\n<p>&nbsp;<\/p>\n<p><strong>PER GLI SPOSTAMENTI FUORI COMUNE (SOTTO I 5000 ABITANTI) OBBLIGO DI AUTOCERTIFICAZIONE CHE PUOI <a href=\"https:\/\/www.radiopiu.net\/wordpress\/veneto-in-rosso-il-bianco-sardegna-lontano-lo-dice-lincide-rt\/dpcm-autocertificazione-gennaio-2021\/\">SCARICARE QUI<\/a><\/strong><\/p>\n<p>&nbsp;<\/p>\n<p>&nbsp;<\/p>\n<hr \/>\n<p>&nbsp;<\/p>\n<div>\n<blockquote>\n<h3 class=\"page-title-head hgroup\">EX PROVINCIALE TAIBON-AGORDO, STRADA CHIUSA FINO AL 31 MAGGIO<\/h3>\n<\/blockquote>\n<p><strong>TAIBON<\/strong>\u00a0Cantiere aperto tra Taibon, Taier e Brugnach sulla strada di campagna, (ex Sp 34): fino al 31 maggio la strada rester\u00e0 chiusa da\u00a0 via Col di Lana (sabati, domeniche e festivi inclusi).<\/p>\n<p>&nbsp;<\/p>\n<p>&nbsp;<\/p>\n<hr \/>\n<p>&nbsp;<\/p>\n<\/div>\n<div class=\"page-title-head hgroup\"><\/div>\n<p><strong>SP 3 VAL IMPERINA <\/strong>Fino al 30 aprile (sabato e domenica esclusi) interdizione alla viabilit\u00e0 per lavori di esbosco schianti a fasce orari. Chiusure: dalle 8 alle 9.45; dalle 10 alle 12; dalle 13.45 alle 15.50; dalle 16.10 alle 17.30. Nei periodi non interessati dalla chiusura senso unico alternato con movieri.<img loading=\"lazy\" decoding=\"async\" class=\"wp-image-198719 alignleft\" src=\"https:\/\/www.radiopiu.net\/wordpress\/wp-content\/uploads\/2021\/03\/d1cefc45-a8f4-432d-b66b-ba03ea140813-300x142.jpg\" alt=\"\" width=\"188\" height=\"89\" srcset=\"https:\/\/www.radiopiu.net\/wordpress\/wp-content\/uploads\/2021\/03\/d1cefc45-a8f4-432d-b66b-ba03ea140813-300x142.jpg 300w, https:\/\/www.radiopiu.net\/wordpress\/wp-content\/uploads\/2021\/03\/d1cefc45-a8f4-432d-b66b-ba03ea140813-1024x485.jpg 1024w, https:\/\/www.radiopiu.net\/wordpress\/wp-content\/uploads\/2021\/03\/d1cefc45-a8f4-432d-b66b-ba03ea140813-768x364.jpg 768w, https:\/\/www.radiopiu.net\/wordpress\/wp-content\/uploads\/2021\/03\/d1cefc45-a8f4-432d-b66b-ba03ea140813-1536x728.jpg 1536w, https:\/\/www.radiopiu.net\/wordpress\/wp-content\/uploads\/2021\/03\/d1cefc45-a8f4-432d-b66b-ba03ea140813.jpg 1599w\" sizes=\"auto, (max-width: 188px) 100vw, 188px\" \/><\/p>\n<p><b>\u00a0<\/b><strong>PROVINCIALE 10 DI ALANO, LOC. LE SORGENTI<\/strong> interruzione totale alla viabilit\u00e0 fino al 19 maggio, dalle 8 alle 12 e dalle 13 alle 18, esclusi sabato e domenica<\/p>\n<p><strong>PROVINCIALE 347 CEREDA-DURAN, LOCALIT\u00e0 VALLE DI CADORE PONTE SUL BOITE<\/strong> nei giorni 22 e 23 aprile interdizionale totale al traffico dalle 8-945; 10.15-12.15; 14-1545; 1615-1730<\/p>\n<p>&nbsp;<\/p>\n<hr \/>\n<h3><\/h3>\n<h3>CHIUSURA STATALE 50 A GRAVAZZE PER LA REALIZZAZIONE DEL SOTTOPASSO CICLABILE<\/h3>\n<p><strong><a href=\"https:\/\/www.radiopiu.net\/wordpress\/giornale-radio-piu-15-06-direttore-mirko-mezzacasa\/lavori_in_corso_cartelli04111111111111\/\" rel=\"attachment wp-att-20520\"><img loading=\"lazy\" decoding=\"async\" class=\" wp-image-20520 alignleft\" src=\"https:\/\/www.radiopiu.net\/wordpress\/wp-content\/uploads\/2016\/06\/lavori_in_corso_cartelli04111111111111-300x237.jpg\" sizes=\"auto, (max-width: 300px) 100vw, 300px\" srcset=\"https:\/\/www.radiopiu.net\/wordpress\/wp-content\/uploads\/2016\/06\/lavori_in_corso_cartelli04111111111111-300x237.jpg 300w, https:\/\/www.radiopiu.net\/wordpress\/wp-content\/uploads\/2016\/06\/lavori_in_corso_cartelli04111111111111.jpg 425w\" alt=\"\" width=\"152\" height=\"120\" \/><\/a>SANTA GIUSTINA<\/strong> chiusura della Statale 50\u00a0 fino al\u00a0 25 aprile con deviazioni ben segnalate. Per la durata dei lavori in localit\u00e0 Gravazze anche le tratte Dolomitibus da Feltre e S.Giustina verso la Luxottica di Agordo subiranno le necessarie deviazioni, \u00a0sono stati comunicati gli orari in vigore\u00a0 fino al 25 aprile<\/p>\n<p><strong>GLI ORARI<\/strong><\/p>\n\n\t\t\t<style type='text\/css'>\n\t\t\t\t#gallery-3 {\n\t\t\t\t\tmargin: auto;\n\t\t\t\t}\n\t\t\t\t#gallery-3 .gallery-item {\n\t\t\t\t\tfloat: left;\n\t\t\t\t\tmargin-top: 10px;\n\t\t\t\t\ttext-align: center;\n\t\t\t\t\twidth: 33%;\n\t\t\t\t}\n\t\t\t\t#gallery-3 img {\n\t\t\t\t\tborder: 2px solid #cfcfcf;\n\t\t\t\t}\n\t\t\t\t#gallery-3 .gallery-caption {\n\t\t\t\t\tmargin-left: 0;\n\t\t\t\t}\n\t\t\t\t\/* see gallery_shortcode() in wp-includes\/media.php *\/\n\t\t\t<\/style>\n\t\t<div id='gallery-3' class='dt-gallery-container gallery galleryid-204238 gallery-columns-3 gallery-size-medium'><dl class='gallery-item'>\n\t\t\t\t<dt class='gallery-icon portrait'>\n\t\t\t\t\t<a class=\"rollover rollover-zoom dt-pswp-item\" title=\"2a2b5bcd-0c59-443b-baf0-ad95a2976e77\" data-dt-img-description=\"\" data-large_image_width=\"720\" data-large_image_height=\"962\"href='https:\/\/www.radiopiu.net\/wordpress\/wp-content\/uploads\/2021\/04\/2a2b5bcd-0c59-443b-baf0-ad95a2976e77.jpg'><img loading=\"lazy\" decoding=\"async\" width=\"225\" height=\"300\" src=\"https:\/\/www.radiopiu.net\/wordpress\/wp-content\/uploads\/2021\/04\/2a2b5bcd-0c59-443b-baf0-ad95a2976e77-225x300.jpg\" class=\"attachment-medium size-medium\" alt=\"\" srcset=\"https:\/\/www.radiopiu.net\/wordpress\/wp-content\/uploads\/2021\/04\/2a2b5bcd-0c59-443b-baf0-ad95a2976e77-225x300.jpg 225w, https:\/\/www.radiopiu.net\/wordpress\/wp-content\/uploads\/2021\/04\/2a2b5bcd-0c59-443b-baf0-ad95a2976e77.jpg 720w\" sizes=\"auto, (max-width: 225px) 100vw, 225px\" \/><\/a>\n\t\t\t\t<\/dt><\/dl><dl class='gallery-item'>\n\t\t\t\t<dt class='gallery-icon portrait'>\n\t\t\t\t\t<a class=\"rollover rollover-zoom dt-pswp-item\" title=\"3aeb2860-495f-4734-bbdc-5fceffd2378e\" data-dt-img-description=\"\" data-large_image_width=\"720\" data-large_image_height=\"941\"href='https:\/\/www.radiopiu.net\/wordpress\/wp-content\/uploads\/2021\/04\/3aeb2860-495f-4734-bbdc-5fceffd2378e.jpg'><img loading=\"lazy\" decoding=\"async\" width=\"230\" height=\"300\" src=\"https:\/\/www.radiopiu.net\/wordpress\/wp-content\/uploads\/2021\/04\/3aeb2860-495f-4734-bbdc-5fceffd2378e-230x300.jpg\" class=\"attachment-medium size-medium\" alt=\"\" srcset=\"https:\/\/www.radiopiu.net\/wordpress\/wp-content\/uploads\/2021\/04\/3aeb2860-495f-4734-bbdc-5fceffd2378e-230x300.jpg 230w, https:\/\/www.radiopiu.net\/wordpress\/wp-content\/uploads\/2021\/04\/3aeb2860-495f-4734-bbdc-5fceffd2378e.jpg 720w\" sizes=\"auto, (max-width: 230px) 100vw, 230px\" \/><\/a>\n\t\t\t\t<\/dt><\/dl><dl class='gallery-item'>\n\t\t\t\t<dt class='gallery-icon landscape'>\n\t\t\t\t\t<a class=\"rollover rollover-zoom dt-pswp-item\" title=\"8dd796ca-b239-4231-b06d-d2f47036906d\" data-dt-img-description=\"\" data-large_image_width=\"720\" data-large_image_height=\"588\"href='https:\/\/www.radiopiu.net\/wordpress\/wp-content\/uploads\/2021\/04\/8dd796ca-b239-4231-b06d-d2f47036906d.jpg'><img loading=\"lazy\" decoding=\"async\" width=\"300\" height=\"245\" src=\"https:\/\/www.radiopiu.net\/wordpress\/wp-content\/uploads\/2021\/04\/8dd796ca-b239-4231-b06d-d2f47036906d-300x245.jpg\" class=\"attachment-medium size-medium\" alt=\"\" srcset=\"https:\/\/www.radiopiu.net\/wordpress\/wp-content\/uploads\/2021\/04\/8dd796ca-b239-4231-b06d-d2f47036906d-300x245.jpg 300w, https:\/\/www.radiopiu.net\/wordpress\/wp-content\/uploads\/2021\/04\/8dd796ca-b239-4231-b06d-d2f47036906d.jpg 720w\" sizes=\"auto, (max-width: 300px) 100vw, 300px\" \/><\/a>\n\t\t\t\t<\/dt><\/dl><br style=\"clear: both\" \/>\n\t\t\t<\/div>\n\n<p>&nbsp;<\/p>\n<p>&nbsp;<\/p>\n<hr \/>\n<p>&nbsp;<\/p>\n<blockquote>\n<h3>SENSO UNICO ALTERNATO A SOVERZENE PER TRE SETTIMANE<\/h3>\n<\/blockquote>\n<p><strong>SOVERZENE<\/strong> Per tre settimane verr\u00e0 istituito senso unico alternato regolato\u00a0 da\u00a0 impianto\u00a0 semaforico sulla\u00a0 strada\u00a0 Soverzene &#8211; Provagna\u00a0 in\u00a0 Comune\u00a0 di\u00a0 Soverzene,\u00a0 dalla\u00a0 localit\u00e0\u00a0 Cima\u00a0 Campo fino\u00a0 al\u00a0 bivio\u00a0 con\u00a0 gli\u00a0 impianti\u00a0 sportivi,\u00a0 al\u00a0 fine\u00a0 di\u00a0 consentire\u00a0 all\u2019Impresa Tollot di allestire\u00a0 un cantiere stradale per la messa in sicurezza della strada stessa.<\/p>\n<p>&nbsp;<\/p>\n<p>&nbsp;<\/p>\n<hr \/>\n<p>&nbsp;<\/p>\n<p><strong><a href=\"https:\/\/www.radiopiu.net\/wordpress\/acqua-di-nuovo-potabile-a-gosaldo\/bicchiere-acqua\/\" rel=\"attachment wp-att-197762\"><img loading=\"lazy\" decoding=\"async\" class=\" wp-image-197762 alignleft\" src=\"https:\/\/www.radiopiu.net\/wordpress\/wp-content\/uploads\/2021\/03\/BICCHIERE-ACQUA-300x200.jpg\" alt=\"\" width=\"159\" height=\"106\" srcset=\"https:\/\/www.radiopiu.net\/wordpress\/wp-content\/uploads\/2021\/03\/BICCHIERE-ACQUA-300x200.jpg 300w, https:\/\/www.radiopiu.net\/wordpress\/wp-content\/uploads\/2021\/03\/BICCHIERE-ACQUA-1024x683.jpg 1024w, https:\/\/www.radiopiu.net\/wordpress\/wp-content\/uploads\/2021\/03\/BICCHIERE-ACQUA-768x512.jpg 768w, https:\/\/www.radiopiu.net\/wordpress\/wp-content\/uploads\/2021\/03\/BICCHIERE-ACQUA-1536x1024.jpg 1536w, https:\/\/www.radiopiu.net\/wordpress\/wp-content\/uploads\/2021\/03\/BICCHIERE-ACQUA.jpg 1920w\" sizes=\"auto, (max-width: 159px) 100vw, 159px\" \/><\/a><\/strong><strong>Gestione Servizi Pubblici informa che anche a ROCCA PIETORE in localit\u00e0 SOPRACORDEVOLE, l&#8217;acqua erogata dall&#8217;acquedotto \u00e8 di nuovo potabile e pu\u00f2 essere usata, quindi, per scopi alimentari.<br \/>\n<\/strong><\/p>\n<p><strong>nelle LOCALITA\u2019 VAL, DAGAI, DAVARE, LE COSTE, RONCH\u00a0 l\u2019acqua erogata dall\u2019acquedotto non \u00e8 potabile e pu\u00f2 essere usata per scopi alimentari SOLO PREVIA bollitura.<\/strong><\/p>\n<p>&nbsp;<\/p>\n<p>&nbsp;<\/p>\n<p>&nbsp;<\/p>\n<hr \/>\n<p>&nbsp;<\/p>\n<h3><a href=\"https:\/\/www.radiopiu.net\/wordpress\/giornale-radio-piu-edizione-del-23-dicembre-2017-direttore-mirko-mezzacasa\/enel-tecnici-in-cabina\/\" rel=\"attachment wp-att-40338\"><img loading=\"lazy\" decoding=\"async\" class=\"wp-image-40338 alignleft\" src=\"https:\/\/www.radiopiu.net\/wordpress\/wp-content\/uploads\/2017\/12\/Enel-Tecnici-in-cabina-300x200.jpg\" alt=\"\" width=\"96\" height=\"64\" \/><\/a>INTERRUZIONI ENEL PROGRAMMATE<\/h3>\n<p><strong>RIVAMONTE<\/strong> venerd\u00ec 23 aprile dalle 8 alle 13 in Via Valchesina<\/p>\n<p>&nbsp;<\/p>\n<p>&nbsp;<\/p>\n<hr \/>\n<p>&nbsp;<\/p>\n<blockquote>\n<h3>FELTRE PIANGE IL VOLONTARIO DIEGO CECCATO<\/h3>\n<\/blockquote>\n<p><strong>FELTRE<\/strong> E&#8217; morto Diego Ceccato di Nemeggio, fondatore della locale societ\u00e0 sportiva ma anche impegnato nella vita della parrocchia e nel Centro Sportivo Italiana, nel 2010 ha ricevuto il Discobolo d&#8217;Oro. Lavorava nella ex metallurgia, oggi Hydro. E&#8217; stato consigliere comunale per 5 anni dal 2002. Lascia la sorella che vive a Bologna.<\/p>\n<p>&nbsp;<\/p>\n<hr \/>\n<blockquote>\n<h3><\/h3>\n<h3>ANZIANO RISCHIA DI RIMANERE INTRAPPOLATO E INTOSSICATO TRA LE MURA DI CASA<\/h3>\n<\/blockquote>\n<p><strong>BELLUNO<\/strong>\u00a0 Forse il cattivo funzionamento della canna fumaria \u00e8 alla base del principio d&#8217;incendio nell&#8217;abitazione di un anziano che \u00a0non voleva\u00a0 uscire dall&#8217;abitazione di Sopracroda. Per questo chi era con lui ha chiamato i soccorsi:\u00a0 vigili del fuoco, ambulanza e anche la Volante della polizia.\u00a0 Scongiurata la presenza delle fiamme, l&#8217;uomo \u00e8 poi stato accompagnato al Pronto soccorso per accertamenti.<\/p>\n<p>&nbsp;<\/p>\n<p>&nbsp;<\/p>\n<hr \/>\n<p>&nbsp;<\/p>\n<p>&nbsp;<\/p>\n<blockquote>\n<h3>QUEL MASSO CICLOPICO CHE MINACCIAVA LA VIABILITA&#8217; PER ORNELLA<\/h3>\n<\/blockquote>\n<p><strong>LIVINALLONGO<\/strong> \u00c8 stata messa in sicurezza la strada comunale Ornella &#8211; Col d&#8217;Ornella nel tratto a monte. Un masso di oltre 80 quintali aveva invaso la crareggiata trascinato a valle da una valanga assieme ad altri massi.<\/p>\n<p><strong>IL SINDACO DI LIVINALLONGO LEANDRO GRONES<\/strong><\/p>\n<audio class=\"wp-audio-shortcode\" id=\"audio-204238-2\" preload=\"none\" style=\"width: 100%;\" controls=\"controls\"><source type=\"audio\/mpeg\" src=\"https:\/\/www.radiopiu.net\/wordpress\/wp-content\/uploads\/2021\/04\/GRONES-SASSO-ORNELLA.mp3?_=2\" \/><a href=\"https:\/\/www.radiopiu.net\/wordpress\/wp-content\/uploads\/2021\/04\/GRONES-SASSO-ORNELLA.mp3\">https:\/\/www.radiopiu.net\/wordpress\/wp-content\/uploads\/2021\/04\/GRONES-SASSO-ORNELLA.mp3<\/a><\/audio>\n<p>&nbsp;<\/p>\n\n\t\t\t<style type='text\/css'>\n\t\t\t\t#gallery-4 {\n\t\t\t\t\tmargin: auto;\n\t\t\t\t}\n\t\t\t\t#gallery-4 .gallery-item {\n\t\t\t\t\tfloat: left;\n\t\t\t\t\tmargin-top: 10px;\n\t\t\t\t\ttext-align: center;\n\t\t\t\t\twidth: 50%;\n\t\t\t\t}\n\t\t\t\t#gallery-4 img {\n\t\t\t\t\tborder: 2px solid #cfcfcf;\n\t\t\t\t}\n\t\t\t\t#gallery-4 .gallery-caption {\n\t\t\t\t\tmargin-left: 0;\n\t\t\t\t}\n\t\t\t\t\/* see gallery_shortcode() in wp-includes\/media.php *\/\n\t\t\t<\/style>\n\t\t<div id='gallery-4' class='dt-gallery-container gallery galleryid-204238 gallery-columns-2 gallery-size-medium'><dl class='gallery-item'>\n\t\t\t\t<dt class='gallery-icon portrait'>\n\t\t\t\t\t<a class=\"rollover rollover-zoom dt-pswp-item\" title=\"7929753c-cee0-4574-b439-33b2a5370515\" data-dt-img-description=\"\" data-large_image_width=\"768\" data-large_image_height=\"1024\"href='https:\/\/www.radiopiu.net\/wordpress\/wp-content\/uploads\/2021\/04\/7929753c-cee0-4574-b439-33b2a5370515.jpg'><img loading=\"lazy\" decoding=\"async\" width=\"225\" height=\"300\" src=\"https:\/\/www.radiopiu.net\/wordpress\/wp-content\/uploads\/2021\/04\/7929753c-cee0-4574-b439-33b2a5370515-225x300.jpg\" class=\"attachment-medium size-medium\" alt=\"\" srcset=\"https:\/\/www.radiopiu.net\/wordpress\/wp-content\/uploads\/2021\/04\/7929753c-cee0-4574-b439-33b2a5370515-225x300.jpg 225w, https:\/\/www.radiopiu.net\/wordpress\/wp-content\/uploads\/2021\/04\/7929753c-cee0-4574-b439-33b2a5370515.jpg 768w\" sizes=\"auto, (max-width: 225px) 100vw, 225px\" \/><\/a>\n\t\t\t\t<\/dt><\/dl><dl class='gallery-item'>\n\t\t\t\t<dt class='gallery-icon portrait'>\n\t\t\t\t\t<a class=\"rollover rollover-zoom dt-pswp-item\" title=\"19bf8de1-7a9d-4900-895b-ade677d37e87\" data-dt-img-description=\"\" data-large_image_width=\"576\" data-large_image_height=\"1024\"href='https:\/\/www.radiopiu.net\/wordpress\/wp-content\/uploads\/2021\/04\/19bf8de1-7a9d-4900-895b-ade677d37e87.jpg'><img loading=\"lazy\" decoding=\"async\" width=\"169\" height=\"300\" src=\"https:\/\/www.radiopiu.net\/wordpress\/wp-content\/uploads\/2021\/04\/19bf8de1-7a9d-4900-895b-ade677d37e87-169x300.jpg\" class=\"attachment-medium size-medium\" alt=\"\" srcset=\"https:\/\/www.radiopiu.net\/wordpress\/wp-content\/uploads\/2021\/04\/19bf8de1-7a9d-4900-895b-ade677d37e87-169x300.jpg 169w, https:\/\/www.radiopiu.net\/wordpress\/wp-content\/uploads\/2021\/04\/19bf8de1-7a9d-4900-895b-ade677d37e87.jpg 576w\" sizes=\"auto, (max-width: 169px) 100vw, 169px\" \/><\/a>\n\t\t\t\t<\/dt><\/dl><br style=\"clear: both\" \/>\n\t\t\t<\/div>\n\n<p>&nbsp;<\/p>\n<hr \/>\n<p>&nbsp;<\/p>\n<p><a href=\"https:\/\/www.radiopiu.net\/wordpress\/giornale-radiopiu-20-aprile-2021-direttore-mirko-mezzacasa\/volti-assemblea-unindustria\/\" rel=\"attachment wp-att-204562\"><img loading=\"lazy\" decoding=\"async\" class=\" wp-image-204562\" src=\"https:\/\/www.radiopiu.net\/wordpress\/wp-content\/uploads\/2021\/04\/4600.0.91928928-300x232.jpg\" alt=\"\" width=\"175\" height=\"135\" srcset=\"https:\/\/www.radiopiu.net\/wordpress\/wp-content\/uploads\/2021\/04\/4600.0.91928928-300x232.jpg 300w, https:\/\/www.radiopiu.net\/wordpress\/wp-content\/uploads\/2021\/04\/4600.0.91928928-1024x793.jpg 1024w, https:\/\/www.radiopiu.net\/wordpress\/wp-content\/uploads\/2021\/04\/4600.0.91928928-768x595.jpg 768w, https:\/\/www.radiopiu.net\/wordpress\/wp-content\/uploads\/2021\/04\/4600.0.91928928.jpg 1417w\" sizes=\"auto, (max-width: 175px) 100vw, 175px\" \/><\/a><\/p>\n<p><strong><span style=\"color: #ff0000;\">L&#8217;ESEMPIO:\u00a0 DAL PRIMO CITTADINO E MEDICO DI BASE\u00a0 DAL COGNOME DI DIFFICILE PRONUNCIA<\/span><\/strong><\/p>\n<blockquote>\n<h4>GLI OTTANTENNI VENETI SONO STATI VACCINATI, A TREVISO ANCHE IL SINDACO SZUMSKI IN PIAZZA CON I NO VAX, NO MASK. TUTTI MULTATI E LE SANZIONI SONO CENTINAIA ANCHE SE C&#8217;E&#8217; CHI IN RETE\u00a0 INVITA A CONTINUARE LE PROTESTA E SOPRATTUTTO NON PAGARE LE MULTE PERCHE&#8217; DICE &#8220;IN QUESTO PAESE BASTA FARE RICORSO &#8220;&#8230;. STAREMO A VEDERE SE I CITTADINI RISPARMIERANNO, OPPURE SE GLI AVVOCATI INCASSERANNO&#8230;&#8221;<\/h4>\n<\/blockquote>\n<p><strong>In Italia:<\/strong> 8.864 nuovi contagi,\u00a0 146.728 tamponi tasso di positivit\u00e0 salito al 6%, ancora alto il numero delle vittime,\u00a0 316\u00a0 che portano il totale a 117.2433.244 in terapia intensiva\u00a0 67 pazienti in meno rispetto a sabato.<\/p>\n<p><strong>In Veneto<\/strong> 493 nuovi contagi, attualmente positivi 25705 (-722), deceduti 11125 (+18) ricoverati in area non critica\u00a0 1497 (-1)\u00a0 in terapia intensiva 266\u00a0\u00a0(+3)<\/p>\n<p><strong>In Provincia<\/strong> 25 nuovi contagi, attualmente positivi 731 (-25) deceduti 625 (+2)<\/p>\n<blockquote>\n<h3>NESSUN DECESSO COVID IN ULSS 1 DOLOMITI NELLE ULTIME 24 ORE, 25 I NUOVI POSITIVI. IL 92% DEGLI ULTRA OTTANTENNI E&#8217; VACCINATO<\/h3>\n<\/blockquote>\n<p><strong>BELLUNO <\/strong>Nelle ultime\u00a0 24 ore\u00a0 non sono stati registrati decessi. Le nuove positivit\u00e0 in provincia di Belluno sono 25, le persone attualmente positive sono 731.<\/p>\n<p><strong>Ricoveri \u00a0\u00a0\u00a0\u00a0\u00a0\u00a0\u00a0\u00a0\u00a0\u00a0\u00a0\u00a0\u00a0\u00a0\u00a0\u00a0\u00a0\u00a0\u00a0\u00a0\u00a0\u00a0\u00a0\u00a0\u00a0\u00a0\u00a0\u00a0\u00a0\u00a0\u00a0\u00a0\u00a0 <\/strong><\/p>\n<p><em>(dato alle ore 17.00 fonte: Azienda Zero)<\/em><\/p>\n<p>Le persone attualmente POSITIVE ricoverate negli ospedali dell\u2019Ulss Dolomiti sono:<\/p>\n<table>\n<tbody>\n<tr>\n<td width=\"217\"><strong>\u00a0<\/strong><\/td>\n<td width=\"217\"><strong>Area NON CRITICA<\/strong><\/td>\n<td width=\"217\"><strong>Terapia Intensiva<\/strong><\/td>\n<\/tr>\n<tr>\n<td width=\"217\"><strong>Ospedale di Belluno <\/strong><\/td>\n<td width=\"217\">16<\/td>\n<td width=\"217\">7<\/td>\n<\/tr>\n<tr>\n<td width=\"217\"><strong>Ospedale di Feltre<\/strong><\/td>\n<td width=\"217\">18<\/td>\n<td width=\"217\">4<\/td>\n<\/tr>\n<\/tbody>\n<\/table>\n<p>&nbsp;<\/p>\n<p>Le persone attualmente POSITIVE ricoverate in Ospedale di Comunit\u00e0 sono:<\/p>\n<table>\n<tbody>\n<tr>\n<td width=\"326\"><strong>\u00a0<\/strong><\/td>\n<td width=\"326\"><strong>pazienti attualmente positivi<\/strong><\/td>\n<\/tr>\n<tr>\n<td width=\"326\"><strong>Ospedale di Comunit\u00e0 di BELLUNO<\/strong><\/td>\n<td width=\"326\">10<\/td>\n<\/tr>\n<tr>\n<td width=\"326\"><strong>Ospedale di Comunit\u00e0 di FELTRE<\/strong><\/td>\n<td width=\"326\">8<\/td>\n<\/tr>\n<\/tbody>\n<\/table>\n<p><em>\u00a0<\/em><\/p>\n<p>Si \u00e8 conclusa nel pomeriggio di ieri l&#8217;ultima giornata di accesso libero per gli over 80 a Tai di Cadore, con numeri limitati di accessi.\u00a0 Continua la vaccinazione a domicilio per le persone di questa fascia d&#8217;et\u00e0 che non possono muoversi, con l&#8217;importante supporto dei Medici di Medicina Generale, che si ringraziano, per raggiungere in modo capillare tutti gli utenti.\u00a0 Ad oggi \u00e8 stato raggiunto circa il <strong>92%<\/strong> degli over 80 del territorio. L\u2019Ulss Dolomiti rivolge un nuovo appello alle persone con 80 e pi\u00f9 anni non ancora vaccinate: \u00e8 possibile trovare supporto nella prenotazione nelle Farmacie del territorio, nelle stazioni dei Carabinieri oppure rivolgendosi direttamente al proprio Medico di Medicina Generale. Completare la copertura di questa categoria, permetter\u00e0 di concentrarsi poi sulla fascia 70-79anni. Sono stati attivati nel portale ulteriori posti disponibili per la vaccinazione di: 79-78enni (classi di nascita 1942 -1943) estremamente vulnerabili (come da tabelle ministeriali) disabili gravi Legge 104 art. 3 comma 3. Ulteriori posti saranno attivati in base alle disponibilit\u00e0 di vaccino nei prossimi giorni.<\/p>\n<p>&nbsp;<\/p>\n<p>&nbsp;<\/p>\n<hr \/>\n<p>&nbsp;<\/p>\n<blockquote>\n<h3 style=\"text-align: left;\"><a href=\"https:\/\/www.radiopiu.net\/wordpress\/alleghe-rimane-il-comune-piu-contagiato-in-crescita-a-cortina-la-valle-alano-vigo-e-soverzene\/5048c42e-0717-474a-935d-ad9a6d0526b4\/\" rel=\"attachment wp-att-204474\"><img loading=\"lazy\" decoding=\"async\" class=\"size-medium wp-image-204474 alignleft\" src=\"https:\/\/www.radiopiu.net\/wordpress\/wp-content\/uploads\/2021\/04\/5048c42e-0717-474a-935d-ad9a6d0526b4-300x300.jpg\" alt=\"\" width=\"300\" height=\"300\" srcset=\"https:\/\/www.radiopiu.net\/wordpress\/wp-content\/uploads\/2021\/04\/5048c42e-0717-474a-935d-ad9a6d0526b4-300x300.jpg 300w, https:\/\/www.radiopiu.net\/wordpress\/wp-content\/uploads\/2021\/04\/5048c42e-0717-474a-935d-ad9a6d0526b4-150x150.jpg 150w, https:\/\/www.radiopiu.net\/wordpress\/wp-content\/uploads\/2021\/04\/5048c42e-0717-474a-935d-ad9a6d0526b4-768x770.jpg 768w, https:\/\/www.radiopiu.net\/wordpress\/wp-content\/uploads\/2021\/04\/5048c42e-0717-474a-935d-ad9a6d0526b4.jpg 1021w\" sizes=\"auto, (max-width: 300px) 100vw, 300px\" \/><\/a>ALLEGHE RIMANE IL COMUNE PIU&#8217; CONTAGIATO, RISPETTO A SETTE GIORNI FA IN CRESCITA A CORTINA, LA VALLE, ALANO, VIGO, BORCA E SOVERZENE<\/h3>\n<\/blockquote>\n<blockquote><p><em>26 Comuni negli ultimi sette giorni non hanno contato nuovi casi, quindi giorni fa erano solo 17: Lamon, Sovramonte, Sospirolo, San Gregorio nelle Alpi, Gosaldo, Rivamonte, Voltago, Canale d\u2019Agordo, Cencenighe, Vallada, San Tomaso, Colle Santa Lucia, Selva di Cadore, Livinallongo, Zopp\u00e8, Cibiana, Ospitale, Perarolo, Calalzo, Domegge, Lozzo, Auronzo, Danta, Comelico Superiore, San Nicol\u00f2 Comelico, Tambre.<\/em><\/p><\/blockquote>\n<p><strong>BELLUNO<\/strong> L&#8217;Ulss 1 Belluno aggiorna sull&#8217;andamento della pandemia nei Comuni della Provincia. Nella mappa del contagio primeggia <strong>Alleghe<\/strong> con oltre 500 contagi ogni 100 mila abitanti, da giorni comunque i contagi sono in diminuzione, dai 50 di gennaio ai 13 attuali (12 in sorveglianza attiva). Come gi\u00e0 aveva anticipato il sindaco di <strong>Cortina<\/strong> Gianpietro Ghedina aumenta il contagio sotto alla Tofana con 250 casi ogni 100 mila abitanti, stessa situazione a <strong>La Valle Agordina<\/strong>\u00a0 con 10 positivi e\u00a0 5 persone in\u00a0 isolamento, si tratta di tre focolai in altrettante realt\u00e0 famigliari, rispetto a ieri un positivo in meno, in paese il contagio poche settimane fa era quasi totalmente scomparso, stessa situazione cio\u00e8 contagi in ascesa a Vigo e Borca di Cadore, Soverzene e Alano di Piave. Secondo la cartina\u00a0 Ulss1 sono sempre pi\u00f9 numerosi i Comuni liberi dal virus, da due giorni anche a <strong>Gosaldo. <\/strong>\u00a0i contagi si contano sulle dita di una mano anche a Colle Santa Lucia, Selva di Cadore e in molti Comuni della parte alta della provincia dove per giorni l&#8217;epidemia ha battuto duro. Altri dati aggiornati ad oggi dall&#8217;Agordino: Falcade 7 positivi 2 isolamento, Rocca Pietore 3-7, Canale d&#8217;Agordo 2-2, Colle Santa Lucia 2-4, Selva di Cadore 0-1, Taibon 12-6<\/p>\n<p>&nbsp;<\/p>\n<blockquote>\n<h3>La\u00a0 curva epidemica relativa alla seconda e terza fase dello sviluppo pandemico. Appare evidente, in relazione alla cosidetta terza fase, la conrinuazione dell\u2019andamento discendente della curva stessa. Tamponi dall\u2019inizio dell\u2019epidemia 245 mila\u00a0 molecolari e 176 mila antigenici.<\/h3>\n<h3>Le curve relative ai ricoveri ospedalieri per grado di intensit\u00e0 assistenziale, oltre alla curva dei decessi.<\/h3>\n<\/blockquote>\n\n\t\t\t<style type='text\/css'>\n\t\t\t\t#gallery-5 {\n\t\t\t\t\tmargin: auto;\n\t\t\t\t}\n\t\t\t\t#gallery-5 .gallery-item {\n\t\t\t\t\tfloat: left;\n\t\t\t\t\tmargin-top: 10px;\n\t\t\t\t\ttext-align: center;\n\t\t\t\t\twidth: 50%;\n\t\t\t\t}\n\t\t\t\t#gallery-5 img {\n\t\t\t\t\tborder: 2px solid #cfcfcf;\n\t\t\t\t}\n\t\t\t\t#gallery-5 .gallery-caption {\n\t\t\t\t\tmargin-left: 0;\n\t\t\t\t}\n\t\t\t\t\/* see gallery_shortcode() in wp-includes\/media.php *\/\n\t\t\t<\/style>\n\t\t<div id='gallery-5' class='dt-gallery-container gallery galleryid-204238 gallery-columns-2 gallery-size-medium'><dl class='gallery-item'>\n\t\t\t\t<dt class='gallery-icon landscape'>\n\t\t\t\t\t<a class=\"rollover rollover-zoom dt-pswp-item\" title=\"a04defc1-ba59-4e45-b11d-d2a90a1e548d\" data-dt-img-description=\"\" data-large_image_width=\"1024\" data-large_image_height=\"465\"href='https:\/\/www.radiopiu.net\/wordpress\/wp-content\/uploads\/2021\/04\/a04defc1-ba59-4e45-b11d-d2a90a1e548d.jpg'><img loading=\"lazy\" decoding=\"async\" width=\"300\" height=\"136\" src=\"https:\/\/www.radiopiu.net\/wordpress\/wp-content\/uploads\/2021\/04\/a04defc1-ba59-4e45-b11d-d2a90a1e548d-300x136.jpg\" class=\"attachment-medium size-medium\" alt=\"\" srcset=\"https:\/\/www.radiopiu.net\/wordpress\/wp-content\/uploads\/2021\/04\/a04defc1-ba59-4e45-b11d-d2a90a1e548d-300x136.jpg 300w, https:\/\/www.radiopiu.net\/wordpress\/wp-content\/uploads\/2021\/04\/a04defc1-ba59-4e45-b11d-d2a90a1e548d-768x349.jpg 768w, https:\/\/www.radiopiu.net\/wordpress\/wp-content\/uploads\/2021\/04\/a04defc1-ba59-4e45-b11d-d2a90a1e548d.jpg 1024w\" sizes=\"auto, (max-width: 300px) 100vw, 300px\" \/><\/a>\n\t\t\t\t<\/dt><\/dl><dl class='gallery-item'>\n\t\t\t\t<dt class='gallery-icon landscape'>\n\t\t\t\t\t<a class=\"rollover rollover-zoom dt-pswp-item\" title=\"cf6ad392-e809-4f48-a3b8-e564ff42509e\" data-dt-img-description=\"\" data-large_image_width=\"1024\" data-large_image_height=\"528\"href='https:\/\/www.radiopiu.net\/wordpress\/wp-content\/uploads\/2021\/04\/cf6ad392-e809-4f48-a3b8-e564ff42509e.jpg'><img loading=\"lazy\" decoding=\"async\" width=\"300\" height=\"155\" src=\"https:\/\/www.radiopiu.net\/wordpress\/wp-content\/uploads\/2021\/04\/cf6ad392-e809-4f48-a3b8-e564ff42509e-300x155.jpg\" class=\"attachment-medium size-medium\" alt=\"\" srcset=\"https:\/\/www.radiopiu.net\/wordpress\/wp-content\/uploads\/2021\/04\/cf6ad392-e809-4f48-a3b8-e564ff42509e-300x155.jpg 300w, https:\/\/www.radiopiu.net\/wordpress\/wp-content\/uploads\/2021\/04\/cf6ad392-e809-4f48-a3b8-e564ff42509e-768x396.jpg 768w, https:\/\/www.radiopiu.net\/wordpress\/wp-content\/uploads\/2021\/04\/cf6ad392-e809-4f48-a3b8-e564ff42509e.jpg 1024w\" sizes=\"auto, (max-width: 300px) 100vw, 300px\" \/><\/a>\n\t\t\t\t<\/dt><\/dl><br style=\"clear: both\" \/><dl class='gallery-item'>\n\t\t\t\t<dt class='gallery-icon portrait'>\n\t\t\t\t\t<a class=\"rollover rollover-zoom dt-pswp-item\" title=\"f376a3ae-abb2-402d-8dff-76c2313b2a90\" data-dt-img-description=\"\" data-large_image_width=\"946\" data-large_image_height=\"1024\"href='https:\/\/www.radiopiu.net\/wordpress\/wp-content\/uploads\/2021\/04\/f376a3ae-abb2-402d-8dff-76c2313b2a90.jpg'><img loading=\"lazy\" decoding=\"async\" width=\"277\" height=\"300\" src=\"https:\/\/www.radiopiu.net\/wordpress\/wp-content\/uploads\/2021\/04\/f376a3ae-abb2-402d-8dff-76c2313b2a90-277x300.jpg\" class=\"attachment-medium size-medium\" alt=\"\" srcset=\"https:\/\/www.radiopiu.net\/wordpress\/wp-content\/uploads\/2021\/04\/f376a3ae-abb2-402d-8dff-76c2313b2a90-277x300.jpg 277w, https:\/\/www.radiopiu.net\/wordpress\/wp-content\/uploads\/2021\/04\/f376a3ae-abb2-402d-8dff-76c2313b2a90-768x831.jpg 768w, https:\/\/www.radiopiu.net\/wordpress\/wp-content\/uploads\/2021\/04\/f376a3ae-abb2-402d-8dff-76c2313b2a90.jpg 946w\" sizes=\"auto, (max-width: 277px) 100vw, 277px\" \/><\/a>\n\t\t\t\t<\/dt><\/dl>\n\t\t\t\t<br style='clear: both' \/>\n\t\t\t<\/div>\n\n<blockquote>\n<h3><\/h3>\n<\/blockquote>\n<p>&nbsp;<\/p>\n<p>&nbsp;<\/p>\n<hr \/>\n<blockquote>\n<h2><\/h2>\n<h2>MONOCLONALI: PER NON MORIRE DI COVID<\/h2>\n<\/blockquote>\n<p>Il Veneto \u00e8 in prima fila grazie alla dottoressa Evelina Tacconelli, punto di riferimento in Italia per i monoclonali.<\/p>\n<blockquote>\n<h3><em>&#8220;Ci aspettiamo che trattare con urgenza i pazienti riduca i ricoveri in ospedale. Non andate a letto la sera con il dubbio di aver infettato qualcuno mandandolo in ospedale, la mascherina va usata si pensi al rischio per chi \u00e8 accanto&#8230; se si vuole dormire con serenit\u00e0. Serve senso etico di comunit\u00e0&#8221;<\/em><\/h3>\n<\/blockquote>\n<p><strong>LA DOTTORESSA EVELINA TACCONELLI<\/strong> direttrice della sezione Malattie Infettive dell&#8217;azienda ospedaliera universitaria di Verona.<\/p>\n<p><img loading=\"lazy\" decoding=\"async\" class=\"alignleft\" src=\"https:\/\/www.radiopiu.net\/wordpress\/wp-content\/uploads\/2021\/04\/dott.ssa-Evelina-Tacconelli-2.jpg\" width=\"229\" height=\"129\" \/>Le stime ottimistiche fatte assieme si sono verificate come discusse. C&#8217;\u00e8 una riduzione di ricoveri ospedalieri, di pazienti che hanno bisogno della terapia intensiva. Interessante il dato della mortalit\u00e0 che comparando i periodi (2017-2019 con 2020-2021) per il mese di febbraio c&#8217;\u00e8 una riduzione. Le mortalit\u00e0 possono avere fluttuazioni, ma non \u00e8 aumentata come in altri mesi come dicembre e il dato \u00e8 importante. Tutto il lavoro fatto con farmaci, vaccinazioni, organizzazione, medici, significa che si va verso il miglioramento.<\/p>\n<blockquote>\n<h3><em>non abbiamo avuto alcun decesso e nella ricerca useremo i monoclonali consentiti da Aifa.<\/em><\/h3>\n<\/blockquote>\n<p><strong>ANTICORPI MONOCLONALI<\/strong> In Italia sono stati somministrate 2000 terapie per altrettanti pazienti, di questi 420 sono veneti. Siamo organizzati con le terapie in ciascuna Ulss. Verona delle 420 dosi ne ha fatte 120, abbiamo seguito quindi 120 pazienti equamente distribuiti maschi-femmine, con pi\u00f9 di 70 anni con almeno una patologia concomitante e severa. Se prendo 120 pazienti con questa caratteristiche senza anticorpo monoclonali mi aspetto che tra i 30 d i 35 finiscano in ospedale, 5-7 vanno incontro a decesso. Quindi il 27% dei ricoveri nelle grandi categoria di fragili con l&#8217;1% di mortalit\u00e0. Di 120 ne abbiamo ricoverati 14 (la met\u00e0 dei 35) uno senza ossigeno, nessun decesso. \u00a0I monoclonali devono essere somministrati il prima possibile, quando il paziente non ha ancora i propri anticorpi, e basta un tampone rapido per far scattare il trattamento. Aifa ci ha contattati e abbiamo saputo di aver vinto a livello nazionale il bando per lo studio dei monoconali. Siamo arrivati primi e ora possiamo farlo in tutto il Veneto <strong>STUDIO MANTICO<\/strong> 1260 pazienti inclusi\u00a0 quelli\u00a0 con pi\u00f9 di 50 anni\u00a0con diagnosi entro 4 giorni di infezione da\u00a0Covid\u00a0con almeno uno dei\u00a0sintomi\u00a0nelle liste riconosciute a livello internazionale, non devono aver bisogno di\u00a0ossigenoterapia. Trattereni i pazienti con sintomi, anche solo stanchezza, con tampone positivo, avr\u00e0 diritto ad entrare nello studio. Lavoreremo anche con una rete nazionale e i dati confluiranno tutti a Verona.<\/p>\n<p><em>&#8211; audio &#8211; &#8211;<\/em><\/p>\n<audio class=\"wp-audio-shortcode\" id=\"audio-204238-3\" preload=\"none\" style=\"width: 100%;\" controls=\"controls\"><source type=\"audio\/mpeg\" src=\"https:\/\/www.radiopiu.net\/wordpress\/wp-content\/uploads\/2021\/04\/TACCONELLI.mp3?_=3\" \/><a href=\"https:\/\/www.radiopiu.net\/wordpress\/wp-content\/uploads\/2021\/04\/TACCONELLI.mp3\">https:\/\/www.radiopiu.net\/wordpress\/wp-content\/uploads\/2021\/04\/TACCONELLI.mp3<\/a><\/audio>\n<p>&nbsp;<\/p>\n<p><strong>UNA QUARTA ONDATA?<\/strong> Credo sia difficile, c&#8217;e&#8217; la vaccinazione, il distanziamento sociale i nuovi farmaci.<strong> EFFETTO VARIANTI<\/strong> Non c&#8217;\u00e8 alcuna evidenza scientifica che i monoclonali apportino modifiche. Il discorso della varianti \u00e8 per\u00f2 un discorso aperto, l&#8217;impatto sulla mortalit\u00e0 non \u00e8 ancora chiarito, si sta studiando e investendo a livello Europeo, la regione Veneto \u00e8 in prima linea rivalutando tutti i dati per cercare di capire analizzando anche i campioni congelati se ci siano correlazioni tra quadro clinico e varianti ma \u00e8 tutto in definizione. <strong>SCUOLA IN PRESENZA AL 100%?<\/strong> \u00a0decisione che non pu\u00f2 essere valutata solo sulla base del rischio Covid, i ragazzi in dad prolungata hanno anche altri effetti collaterali dei quali soffrono, bulimia, anoressia, inoltre la dad non credo sia il modo migliore per creare una conoscenza solida. Se il personale della scuola \u00e8 nella maggior parte vaccinato, con il sistema delle scuole sentinella, sarei tendenzialmente favorevole al ritorno in presenza. Mi sembra pi\u00f9 utile riaprire che non riaprire.<\/p>\n<p>&nbsp;<\/p>\n<p>&nbsp;<\/p>\n<p>&nbsp;<\/p>\n<hr \/>\n<blockquote>\n<h3><\/h3>\n<h3>NO VAX IMPUNITI SENZA REGOLE, GLI ANARCHICI NEL VERGOGNOSO SFREGIO ALLA COMUNITA&#8217;<\/h3>\n<\/blockquote>\n<p>&nbsp;<\/p>\n<p><strong><img loading=\"lazy\" decoding=\"async\" class=\"alignleft\" src=\"https:\/\/www.radiopiu.net\/wordpress\/wp-content\/uploads\/2021\/04\/riot-6129239_960_720.jpg\" width=\"267\" height=\"178\" \/>VENEZIA<\/strong> E mentre la gran parte della popolazione segue le regole i gruppetti di no vax imperversano nelle\u00a0 citt\u00e0. Finch\u00e8 alitano, gridano, sputagghiano\u00a0 tra di loro e giocano d&#8217;azzardo al contagio <em>chiessenefrega<\/em>, ma quando infrangono le regole e mettono a rischio gli altri servono interventi precisi, non basta pi\u00f9 qualche contravvenzione nel mucchio, la comunit\u00e0 regolata lo pretende, come si chiudono i bar e si multano un pugno di avventori cosa di aspetta a chiudere con certi eventi di piazza da uomini del megafono?<\/p>\n<blockquote><p><em>\u201cAssistere ad assembramenti con centinaia e centinaia di persone senza la minima protezione sanitaria \u00e8 uno sfregio inaccettabile per chi ha rispettato e continua a rispettare le regole e per chi \u00e8 stato vittima del Covid. A maggior ragione in un momento in cui si comincia a intravedere la possibilit\u00e0 di uscire dal tunnel.\u00a0 Le iniziative no vax, da Vicenza al Trevigiano, sconcertano: si tratta di complottismi e di comportamenti totalmente irresponsabili che richiedono assoluta fermezza. Manifestare \u00e8 un diritto, ma non si pu\u00f2 farlo in barba a quelle regole che valgono per tutti gli altri cittadini\u201d.\u00a0A dirlo \u00e8 il capogruppo del PD Veneto Giacomo Possamai, commentando i raduni visti nel settimana a Vicenza e Conegliano con centinaia di persone assembrate e prive di mascherine.\u00a0\u201cDopo un anno di pandemia \u00e8 incredibile assistere ancora a scene simili. A questo si aggiungono le preoccupazioni per la non irrilevante platea degli over 80 che rimane fuori dalle vaccinazioni, con numeri che in buona parte sono legati al rifiuto della somministrazione\u201d.<\/em><\/p><\/blockquote>\n<p>Il Pd di Possamai rimane in attesa di\u00a0 una presa di posizione decisa anche da parte di Zaia visto che, tra l&#8217;altro, i manifestanti lo accusano di essere tra i manovratori di una surreale ed oscura dittatura sanitaria.<\/p>\n<blockquote><p><em>&#8220;Ora serve una condanna ferma da parte di tutte le istituzioni: se il Veneto \u00e8 \u2018terra fertile\u2019 per i no vax \u00e8 anche perch\u00e9 nel corso degli anni, cos\u00ec come negli ultimi mesi, si \u00e8 dato spazio a messaggi ambigui sulla libert\u00e0 vaccinale e non si \u00e8 fatto abbastanza sul fronte dell\u2019informazione e della sensibilizzazione. Non possiamo pi\u00f9 permettercelo, non possiamo dare ossigeno a una deriva dannosa che produce a macchia d\u2019olio una contrariet\u00e0 diffusa nei confronti dei vaccini. Un fenomeno per niente rassicurante in vista delle riaperture\u201d.<\/em><\/p>\n<p>&nbsp;<\/p><\/blockquote>\n<hr \/>\n<p>&nbsp;<\/p>\n<blockquote>\n<h3>ACC &#8211; LA TODDE HA DECISO DI&#8230; DEFINIRE<\/h3>\n<\/blockquote>\n<div class=\"kvgmc6g5 cxmmr5t8 oygrvhab hcukyx3x c1et5uql ii04i59q\">\n<div dir=\"auto\"><strong><img loading=\"lazy\" decoding=\"async\" class=\"alignleft\" src=\"https:\/\/www.radiopiu.net\/wordpress\/wp-content\/uploads\/2021\/04\/73475257_733960370401133_5179450720381829120_n-300x300.jpg\" width=\"133\" height=\"133\" \/>ROMA<\/strong> Dal Ministero dello Sviluppo Economico, anzi dalla pagina facebook di Alessandra Todde, ViceMinistra allo\u00a0 Sviluppo Economico si apprende: <em>&#8220;A seguito dell\u2019assegnazione delle deleghe, ho definito oggi il calendario delle vertenze che saranno convocate nelle prossime due settimane al Ministero dello Sviluppo Economico.<\/em><\/div>\n<\/div>\n<div class=\"o9v6fnle cxmmr5t8 oygrvhab hcukyx3x c1et5uql ii04i59q\">\n<div dir=\"auto\"><em>Gioved\u00ec 22 aprile il tavolo Dema, il 23 aprile Acc-Embraco, il 26 aprile Blutec e Sider Alloys, il 27 Treofan, il 28 Whirlpool, gioved\u00ec 29 Elica e Industria Italiana Autobus ed infine il 30 aprile L. Foundry.\u00a0<\/em><\/div>\n<\/div>\n<div dir=\"auto\"><\/div>\n<div dir=\"auto\"><\/div>\n<p>&nbsp;<\/p>\n<hr \/>\n<div dir=\"auto\"><\/div>\n<blockquote>\n<h3 dir=\"auto\">OGGI LA CALATA AL MISE PER CHIEDERE DI FAR RIPARTIRE IL PROGETTO ITALCOMP<\/h3>\n<\/blockquote>\n<div dir=\"auto\"><strong><a href=\"https:\/\/www.radiopiu.net\/wordpress\/giornale-radiopiu-21-settembre-2019-direttore-mirko-mezzacasa\/stabilimento-wanbao-di-mel-donazzan-dopo-il-primo-traguardo-di-oggi-chiederemo-rassicurazioni-sul-mantenimento-della-produzione\/\" rel=\"attachment wp-att-99385\"><img loading=\"lazy\" decoding=\"async\" class=\"size-medium wp-image-99385 alignleft\" src=\"https:\/\/www.radiopiu.net\/wordpress\/wp-content\/uploads\/2019\/09\/STABILIMENTO-WANBAO-DI-MEL.-DONAZZAN-\u201cDOPO-IL-PRIMO-TRAGUARDO-DI-OGGI-CHIEDEREMO-RASSICURAZIONI-SUL-MANTENIMENTO-DELLA-PRODUZIONE-300x225.jpg\" alt=\"\" width=\"300\" height=\"225\" srcset=\"https:\/\/www.radiopiu.net\/wordpress\/wp-content\/uploads\/2019\/09\/STABILIMENTO-WANBAO-DI-MEL.-DONAZZAN-\u201cDOPO-IL-PRIMO-TRAGUARDO-DI-OGGI-CHIEDEREMO-RASSICURAZIONI-SUL-MANTENIMENTO-DELLA-PRODUZIONE-300x225.jpg 300w, https:\/\/www.radiopiu.net\/wordpress\/wp-content\/uploads\/2019\/09\/STABILIMENTO-WANBAO-DI-MEL.-DONAZZAN-\u201cDOPO-IL-PRIMO-TRAGUARDO-DI-OGGI-CHIEDEREMO-RASSICURAZIONI-SUL-MANTENIMENTO-DELLA-PRODUZIONE-768x576.jpg 768w, https:\/\/www.radiopiu.net\/wordpress\/wp-content\/uploads\/2019\/09\/STABILIMENTO-WANBAO-DI-MEL.-DONAZZAN-\u201cDOPO-IL-PRIMO-TRAGUARDO-DI-OGGI-CHIEDEREMO-RASSICURAZIONI-SUL-MANTENIMENTO-DELLA-PRODUZIONE-1024x768.jpg 1024w, https:\/\/www.radiopiu.net\/wordpress\/wp-content\/uploads\/2019\/09\/STABILIMENTO-WANBAO-DI-MEL.-DONAZZAN-\u201cDOPO-IL-PRIMO-TRAGUARDO-DI-OGGI-CHIEDEREMO-RASSICURAZIONI-SUL-MANTENIMENTO-DELLA-PRODUZIONE.jpg 1600w\" sizes=\"auto, (max-width: 300px) 100vw, 300px\" \/><\/a>BORGO VALBELLUNA<\/strong> <em>\u201cil progetto deve ripartire, questa inerzia sta ammazzando due fabbriche, di due diversi territori \u2013 Mel nel bellunese e Riva di Chieri in provincia di Torino \u2013 e con esse i loro 800 lavoratori. <\/em>Lo dichiarano Barbara Tibaldi, segretaria nazionale Fiom e responsabile settore elettrodomestico e Claudia Ferri, coordinatrice nazionale Fiom settore elettrodomestico, anche loro come molti e non solo bellunesi e piemontesi offesi da un silenzio che\u00a0 danneggia ed \u00e8 ormai intollerabile. Per questo oggi manifestazione sotto al Mise con i lavoratori di Embraco e Acc Wanbao a chiedere un intervento immediato da parte del governo, per non far morire il progetto Italcomp e salvaguardare i lavoratori delle due fabbriche. Italcomp \u00e8 stato presentato in due Prefetture, a Belluno e a Torino, plaudito come un progetto ambizioso, di buona politica industriale e che stava passando dalla fase progettuale, dopo un lungo lavoro di confronto con le parti sociali, a quella di realizzazione. Oggi invece, dopo il cambio di governo, osserviamo soltanto un silenzio a cui non riusciamo a dare pi\u00f9 alcuna giustificazione.\u00a0 &#8220;<em>Se questo progetto \u00e8 potuto partire ed \u00e8 arrivato al punto in cui si trova \u00e8 grazie alla tenacia di tutti quei lavoratori che hanno tenuto in vita la fabbrica, credendo ostinatamente nella possibilit\u00e0 di tornare a produrre e lavorare, questa immobilit\u00e0 invece rischia di far saltare l&#8217;intero progetto, le due fabbriche e tutti i posti di lavoro, inaccettabile soprattutto in una fase in cui il mercato dell&#8217;elettrodomestico \u00e8 in forte ripresa&#8221; <\/em>concludono le rappresentanti della Fiom<\/div>\n<p>&nbsp;<\/p>\n<hr \/>\n<blockquote>\n<h3><\/h3>\n<h3>SPOPOLAMENTO E TERRITORIO , LA PAROLA ALLE DONNE&#8230;IN CARRIERA<\/h3>\n<\/blockquote>\n<p><strong>REDAZIONE<\/strong> Cinque donne, professioniste ma anche impegnate nella vita pubblica come amministratori (su 16 Comuni un solo sindaco donna nell&#8217;Agordino, Silvia Tormen a Taibon, fino allo scorso anno c&#8217;era anche il sindaco Silvia Cestaro oggi consigliere regionale. Ai microfoni di Gianni Santomaso: Florinda Cialdella, Diana Iraci Borgia, Silvia De Dorigo Del Monego, Federica Zasso, Silvia Tormen<\/p>\n<p>&nbsp;<\/p>\n<audio class=\"wp-audio-shortcode\" id=\"audio-204238-4\" preload=\"none\" style=\"width: 100%;\" controls=\"controls\"><source type=\"audio\/mpeg\" src=\"https:\/\/www.radiopiu.net\/wordpress\/wp-content\/uploads\/2021\/04\/gianni.mp3?_=4\" \/><a href=\"https:\/\/www.radiopiu.net\/wordpress\/wp-content\/uploads\/2021\/04\/gianni.mp3\">https:\/\/www.radiopiu.net\/wordpress\/wp-content\/uploads\/2021\/04\/gianni.mp3<\/a><\/audio>\n\n\t\t\t<style type='text\/css'>\n\t\t\t\t#gallery-6 {\n\t\t\t\t\tmargin: auto;\n\t\t\t\t}\n\t\t\t\t#gallery-6 .gallery-item {\n\t\t\t\t\tfloat: left;\n\t\t\t\t\tmargin-top: 10px;\n\t\t\t\t\ttext-align: center;\n\t\t\t\t\twidth: 20%;\n\t\t\t\t}\n\t\t\t\t#gallery-6 img {\n\t\t\t\t\tborder: 2px solid #cfcfcf;\n\t\t\t\t}\n\t\t\t\t#gallery-6 .gallery-caption {\n\t\t\t\t\tmargin-left: 0;\n\t\t\t\t}\n\t\t\t\t\/* see gallery_shortcode() in wp-includes\/media.php *\/\n\t\t\t<\/style>\n\t\t<div id='gallery-6' class='dt-gallery-container gallery galleryid-204238 gallery-columns-5 gallery-size-thumbnail'><dl class='gallery-item'>\n\t\t\t\t<dt class='gallery-icon portrait'>\n\t\t\t\t\t<a class=\"rollover rollover-zoom dt-pswp-item\" title=\"TAIBON - SILVIA TORMEN\" data-dt-img-description=\"\" data-large_image_width=\"1062\" data-large_image_height=\"1600\"href='https:\/\/www.radiopiu.net\/wordpress\/wp-content\/uploads\/2019\/05\/TAIBON-SILVIA-TORMEN.jpeg'><img loading=\"lazy\" decoding=\"async\" width=\"150\" height=\"150\" src=\"https:\/\/www.radiopiu.net\/wordpress\/wp-content\/uploads\/2019\/05\/TAIBON-SILVIA-TORMEN-150x150.jpeg\" class=\"attachment-thumbnail size-thumbnail\" alt=\"\" aria-describedby=\"gallery-6-86482\" \/><\/a>\n\t\t\t\t<\/dt>\n\t\t\t\t\t<dd class='wp-caption-text gallery-caption' id='gallery-6-86482'>\n\t\t\t\t\tSILVIA TORMEN\n\t\t\t\t\t<\/dd><\/dl><dl class='gallery-item'>\n\t\t\t\t<dt class='gallery-icon landscape'>\n\t\t\t\t\t<a class=\"rollover rollover-zoom dt-pswp-item\" title=\"SILVIA DE DORIGO DELMONEGO\" data-dt-img-description=\"\" data-large_image_width=\"549\" data-large_image_height=\"549\"href='https:\/\/www.radiopiu.net\/wordpress\/wp-content\/uploads\/2020\/12\/SILVIA-DE-DORIGO-DELMONEGO.jpg'><img loading=\"lazy\" decoding=\"async\" width=\"150\" height=\"150\" src=\"https:\/\/www.radiopiu.net\/wordpress\/wp-content\/uploads\/2020\/12\/SILVIA-DE-DORIGO-DELMONEGO-150x150.jpg\" class=\"attachment-thumbnail size-thumbnail\" alt=\"\" aria-describedby=\"gallery-6-178722\" srcset=\"https:\/\/www.radiopiu.net\/wordpress\/wp-content\/uploads\/2020\/12\/SILVIA-DE-DORIGO-DELMONEGO-150x150.jpg 150w, https:\/\/www.radiopiu.net\/wordpress\/wp-content\/uploads\/2020\/12\/SILVIA-DE-DORIGO-DELMONEGO-300x300.jpg 300w, https:\/\/www.radiopiu.net\/wordpress\/wp-content\/uploads\/2020\/12\/SILVIA-DE-DORIGO-DELMONEGO.jpg 549w\" sizes=\"auto, (max-width: 150px) 100vw, 150px\" \/><\/a>\n\t\t\t\t<\/dt>\n\t\t\t\t\t<dd class='wp-caption-text gallery-caption' id='gallery-6-178722'>\n\t\t\t\t\tSILVIA DE DORIGO DEL MONEGO\n\t\t\t\t\t<\/dd><\/dl><dl class='gallery-item'>\n\t\t\t\t<dt class='gallery-icon portrait'>\n\t\t\t\t\t<a class=\"rollover rollover-zoom dt-pswp-item\" title=\"FEDERICA ZASSO\" data-dt-img-description=\"\" data-large_image_width=\"235\" data-large_image_height=\"317\"href='https:\/\/www.radiopiu.net\/wordpress\/wp-content\/uploads\/2020\/04\/FEDERICA-ZASSO.jpg'><img loading=\"lazy\" decoding=\"async\" width=\"150\" height=\"150\" src=\"https:\/\/www.radiopiu.net\/wordpress\/wp-content\/uploads\/2020\/04\/FEDERICA-ZASSO-150x150.jpg\" class=\"attachment-thumbnail size-thumbnail\" alt=\"\" aria-describedby=\"gallery-6-127029\" \/><\/a>\n\t\t\t\t<\/dt>\n\t\t\t\t\t<dd class='wp-caption-text gallery-caption' id='gallery-6-127029'>\n\t\t\t\t\tFEDERICA ZASSO\n\t\t\t\t\t<\/dd><\/dl><dl class='gallery-item'>\n\t\t\t\t<dt class='gallery-icon landscape'>\n\t\t\t\t\t<a class=\"rollover rollover-zoom dt-pswp-item\" title=\"th\" data-dt-img-description=\"\" data-large_image_width=\"203\" data-large_image_height=\"114\"href='https:\/\/www.radiopiu.net\/wordpress\/wp-content\/uploads\/2021\/04\/th-6.jpg'><img loading=\"lazy\" decoding=\"async\" width=\"150\" height=\"114\" src=\"https:\/\/www.radiopiu.net\/wordpress\/wp-content\/uploads\/2021\/04\/th-6-150x114.jpg\" class=\"attachment-thumbnail size-thumbnail\" alt=\"\" aria-describedby=\"gallery-6-204550\" \/><\/a>\n\t\t\t\t<\/dt>\n\t\t\t\t\t<dd class='wp-caption-text gallery-caption' id='gallery-6-204550'>\n\t\t\t\t\tDIANA IRACI BORGIA\n\t\t\t\t\t<\/dd><\/dl><dl class='gallery-item'>\n\t\t\t\t<dt class='gallery-icon landscape'>\n\t\t\t\t\t<a class=\"rollover rollover-zoom dt-pswp-item\" title=\"florinda cialdella\" data-dt-img-description=\"\" data-large_image_width=\"335\" data-large_image_height=\"196\"href='https:\/\/www.radiopiu.net\/wordpress\/wp-content\/uploads\/2021\/04\/th-7.jpg'><img loading=\"lazy\" decoding=\"async\" width=\"150\" height=\"150\" src=\"https:\/\/www.radiopiu.net\/wordpress\/wp-content\/uploads\/2021\/04\/th-7-150x150.jpg\" class=\"attachment-thumbnail size-thumbnail\" alt=\"\" \/><\/a>\n\t\t\t\t<\/dt><\/dl><br style=\"clear: both\" \/>\n\t\t\t<\/div>\n\n<p>&nbsp;<\/p>\n<blockquote>\n<h3><a href=\"https:\/\/www.radiopiu.net\/wordpress\/lintervista-di-fine-anno-al-presidente-dellunione-montana-agordina-michele-costa\/silvia-cestaro-radio-piu\/\" rel=\"attachment wp-att-182453\"><img loading=\"lazy\" decoding=\"async\" class=\"wp-image-182453 alignleft\" src=\"https:\/\/www.radiopiu.net\/wordpress\/wp-content\/uploads\/2020\/12\/SILVIA-CESTARO-RADIO-PIU-300x300.jpg\" alt=\"\" width=\"143\" height=\"143\" srcset=\"https:\/\/www.radiopiu.net\/wordpress\/wp-content\/uploads\/2020\/12\/SILVIA-CESTARO-RADIO-PIU-300x300.jpg 300w, https:\/\/www.radiopiu.net\/wordpress\/wp-content\/uploads\/2020\/12\/SILVIA-CESTARO-RADIO-PIU-1024x1024.jpg 1024w, https:\/\/www.radiopiu.net\/wordpress\/wp-content\/uploads\/2020\/12\/SILVIA-CESTARO-RADIO-PIU-150x150.jpg 150w, https:\/\/www.radiopiu.net\/wordpress\/wp-content\/uploads\/2020\/12\/SILVIA-CESTARO-RADIO-PIU-768x768.jpg 768w, https:\/\/www.radiopiu.net\/wordpress\/wp-content\/uploads\/2020\/12\/SILVIA-CESTARO-RADIO-PIU-1536x1536.jpg 1536w, https:\/\/www.radiopiu.net\/wordpress\/wp-content\/uploads\/2020\/12\/SILVIA-CESTARO-RADIO-PIU.jpg 2048w\" sizes=\"auto, (max-width: 143px) 100vw, 143px\" \/><\/a>IERI ALLA RADIO&#8230; SULLO SPOPOLAMENTO IL PARERE DEL CONSIGLIERE REGIONALE SILVIA CESTARO<br \/>\n<em>&#8220;Servono interventi strutturale per evitare lo spopolamento&#8221;<\/em><\/h3>\n<\/blockquote>\n<p>&nbsp;<\/p>\n<audio class=\"wp-audio-shortcode\" id=\"audio-204238-5\" preload=\"none\" style=\"width: 100%;\" controls=\"controls\"><source type=\"audio\/mpeg\" src=\"https:\/\/www.radiopiu.net\/wordpress\/wp-content\/uploads\/2021\/04\/ILVIA-CESTARO.mp3?_=5\" \/><a href=\"https:\/\/www.radiopiu.net\/wordpress\/wp-content\/uploads\/2021\/04\/ILVIA-CESTARO.mp3\">https:\/\/www.radiopiu.net\/wordpress\/wp-content\/uploads\/2021\/04\/ILVIA-CESTARO.mp3<\/a><\/audio>\n<p>&nbsp;<\/p>\n<blockquote>\n<h3>&#8230;e poi ci sono le pratiche locali tradizionali<\/h3>\n<\/blockquote>\n<audio class=\"wp-audio-shortcode\" id=\"audio-204238-6\" preload=\"none\" style=\"width: 100%;\" controls=\"controls\"><source type=\"audio\/mpeg\" src=\"https:\/\/www.radiopiu.net\/wordpress\/wp-content\/uploads\/2021\/04\/silvia-3.mp3?_=6\" \/><a href=\"https:\/\/www.radiopiu.net\/wordpress\/wp-content\/uploads\/2021\/04\/silvia-3.mp3\">https:\/\/www.radiopiu.net\/wordpress\/wp-content\/uploads\/2021\/04\/silvia-3.mp3<\/a><\/audio>\n<p>&nbsp;<\/p>\n<p>&nbsp;<\/p>\n<hr \/>\n<blockquote>\n<h3><\/h3>\n<h3>UN MILIONE DI EURO PER LA SICUREZZA IDRAULICA<\/h3>\n<\/blockquote>\n<p><strong><a href=\"https:\/\/www.radiopiu.net\/wordpress\/importante-riunione-a-valle-di-cadore-per-i-noti-problemi-che-riguardano-la-chiesa-ma-non-solo\/bottacin-63\/\" rel=\"attachment wp-att-196477\"><img loading=\"lazy\" decoding=\"async\" class=\" wp-image-196477 alignleft\" src=\"https:\/\/www.radiopiu.net\/wordpress\/wp-content\/uploads\/2021\/03\/BOTTACIN-300x203.png\" alt=\"\" width=\"188\" height=\"127\" srcset=\"https:\/\/www.radiopiu.net\/wordpress\/wp-content\/uploads\/2021\/03\/BOTTACIN-300x203.png 300w, https:\/\/www.radiopiu.net\/wordpress\/wp-content\/uploads\/2021\/03\/BOTTACIN-1024x693.png 1024w, https:\/\/www.radiopiu.net\/wordpress\/wp-content\/uploads\/2021\/03\/BOTTACIN-768x520.png 768w, https:\/\/www.radiopiu.net\/wordpress\/wp-content\/uploads\/2021\/03\/BOTTACIN-1536x1040.png 1536w, https:\/\/www.radiopiu.net\/wordpress\/wp-content\/uploads\/2021\/03\/BOTTACIN.png 1542w\" sizes=\"auto, (max-width: 188px) 100vw, 188px\" \/><\/a>BELLUNO<\/strong>\u00a0 <em>\u201cContinuiamo a investire\u00a0 per la sicurezza idraulica del territorio. Un altro milione di euro per dei lavori che contiamo possano prendere il via durante l\u2019anno e riguardano due interventi, uno a Livinallongo del Col di Lana in Agordino, l\u2019altro tra i Comuni di Santo Stefano e San Pietro di Cadore in Comelico\u201d. <\/em>A dirlo l\u2019assessore al Dissesto Idrogeologico Gianpaolo Bottacin in riferimento a una serie di lavori con Veneto Strade che daranno risposta alle problematiche delle aree coinvolte e ulteriore aumento della resilienza della montagna bellunese. <strong>LIVINALLONGO<\/strong> nei pressi della Strada Regionale 48 delle Dolomiti verr\u00e0 realizzata una briglia filtrante e una vasca di contenimento delle colate detritiche. <strong>COMELICO<\/strong> il lavoro sar\u00e0 dedicato al ripristino delle opere di protezione dell\u2019alveo nei pressi della Strada Regionale 355 di Valdegano. <em>\u201cMettiamo al centro delle priorit\u00e0 la sicurezza, continuando in quel percorso virtuoso che da diversi anni abbiamo avviato e che ha contribuito a far diminuire l\u2019indice di rischio in Veneto\u201d. <\/em>conclude l&#8217;assessore Bottacin<\/p>\n<p>&nbsp;<\/p>\n<hr \/>\n<h3><\/h3>\n<p>&nbsp;<\/p>\n<blockquote>\n<h3><a href=\"https:\/\/www.radiopiu.net\/wordpress\/giornale-radiopiu-20-aprile-2021-direttore-mirko-mezzacasa\/bc33a163-d0ff-4c20-a211-fb5096ec885e\/\" rel=\"attachment wp-att-204450\"><img loading=\"lazy\" decoding=\"async\" class=\"size-medium wp-image-204450 alignleft\" src=\"https:\/\/www.radiopiu.net\/wordpress\/wp-content\/uploads\/2021\/04\/bc33a163-d0ff-4c20-a211-fb5096ec885e-300x138.jpg\" alt=\"\" width=\"300\" height=\"138\" srcset=\"https:\/\/www.radiopiu.net\/wordpress\/wp-content\/uploads\/2021\/04\/bc33a163-d0ff-4c20-a211-fb5096ec885e-300x138.jpg 300w, https:\/\/www.radiopiu.net\/wordpress\/wp-content\/uploads\/2021\/04\/bc33a163-d0ff-4c20-a211-fb5096ec885e-1024x472.jpg 1024w, https:\/\/www.radiopiu.net\/wordpress\/wp-content\/uploads\/2021\/04\/bc33a163-d0ff-4c20-a211-fb5096ec885e-768x354.jpg 768w, https:\/\/www.radiopiu.net\/wordpress\/wp-content\/uploads\/2021\/04\/bc33a163-d0ff-4c20-a211-fb5096ec885e-1536x708.jpg 1536w, https:\/\/www.radiopiu.net\/wordpress\/wp-content\/uploads\/2021\/04\/bc33a163-d0ff-4c20-a211-fb5096ec885e.jpg 1600w\" sizes=\"auto, (max-width: 300px) 100vw, 300px\" \/><\/a>UN NUOVO UFFICIO TURISTICO NEL MUNICIPIO DI MEL, SPAZI AMPLIATI E RIMODERNATI<\/h3>\n<\/blockquote>\n<p><strong>BORGO VALBELLUNA<\/strong><\/p>\n<p><strong>di MORENO GIOLI<\/strong><\/p>\n<p>&nbsp;<\/p>\n<audio class=\"wp-audio-shortcode\" id=\"audio-204238-7\" preload=\"none\" style=\"width: 100%;\" controls=\"controls\"><source type=\"audio\/mpeg\" src=\"https:\/\/www.radiopiu.net\/wordpress\/wp-content\/uploads\/2021\/04\/moreno-borgo.mp3?_=7\" \/><a href=\"https:\/\/www.radiopiu.net\/wordpress\/wp-content\/uploads\/2021\/04\/moreno-borgo.mp3\">https:\/\/www.radiopiu.net\/wordpress\/wp-content\/uploads\/2021\/04\/moreno-borgo.mp3<\/a><\/audio>\n<p>&nbsp;<\/p>\n<p>&nbsp;<\/p>\n<hr \/>\n<p>&nbsp;<\/p>\n<blockquote>\n<h3><a href=\"https:\/\/www.radiopiu.net\/wordpress\/giornale-radiopiu-14-ottobre-2020-direttore-mirko-mezzacasa\/mel-4\/\" rel=\"attachment wp-att-166219\"><img loading=\"lazy\" decoding=\"async\" class=\" wp-image-166219 alignleft\" src=\"https:\/\/www.radiopiu.net\/wordpress\/wp-content\/uploads\/2020\/10\/mel-300x169.jpg\" alt=\"\" width=\"188\" height=\"106\" srcset=\"https:\/\/www.radiopiu.net\/wordpress\/wp-content\/uploads\/2020\/10\/mel-300x169.jpg 300w, https:\/\/www.radiopiu.net\/wordpress\/wp-content\/uploads\/2020\/10\/mel-768x432.jpg 768w, https:\/\/www.radiopiu.net\/wordpress\/wp-content\/uploads\/2020\/10\/mel.jpg 960w\" sizes=\"auto, (max-width: 188px) 100vw, 188px\" \/><\/a>CHIOCCIOLE GIGANTE PER MEL, PER LA COMUNITA&#8217; PER IL TURISMO<\/h3>\n<\/blockquote>\n<p><strong>BORGO VALBELLUNA<\/strong><\/p>\n<p><strong>DAMIANO TORMEN<\/strong><\/p>\n<audio class=\"wp-audio-shortcode\" id=\"audio-204238-8\" preload=\"none\" style=\"width: 100%;\" controls=\"controls\"><source type=\"audio\/mpeg\" src=\"https:\/\/www.radiopiu.net\/wordpress\/wp-content\/uploads\/2021\/04\/damiano-4.mp3?_=8\" \/><a href=\"https:\/\/www.radiopiu.net\/wordpress\/wp-content\/uploads\/2021\/04\/damiano-4.mp3\">https:\/\/www.radiopiu.net\/wordpress\/wp-content\/uploads\/2021\/04\/damiano-4.mp3<\/a><\/audio>\n<p>&nbsp;<\/p>\n<hr \/>\n<blockquote>\n<h3><\/h3>\n<h3>SEDICO PIU&#8217; PULITA PERCHE&#8217; LA &#8220;PORCHERIA&#8221; NON PIACE A NESSUNO, PROBABILMENTE NEMMENO AGLI ECO-SCIOCCHI<\/h3>\n<\/blockquote>\n<p><a href=\"https:\/\/www.radiopiu.net\/wordpress\/giornale-radiopiu-20-aprile-2021-direttore-mirko-mezzacasa\/174606463_907314420105663_723270597346496484_n\/\" rel=\"attachment wp-att-204397\"><img loading=\"lazy\" decoding=\"async\" class=\"alignnone wp-image-204397 size-full\" src=\"https:\/\/www.radiopiu.net\/wordpress\/wp-content\/uploads\/2021\/04\/174606463_907314420105663_723270597346496484_n.jpg\" alt=\"\" width=\"960\" height=\"540\" srcset=\"https:\/\/www.radiopiu.net\/wordpress\/wp-content\/uploads\/2021\/04\/174606463_907314420105663_723270597346496484_n.jpg 960w, https:\/\/www.radiopiu.net\/wordpress\/wp-content\/uploads\/2021\/04\/174606463_907314420105663_723270597346496484_n-300x169.jpg 300w, https:\/\/www.radiopiu.net\/wordpress\/wp-content\/uploads\/2021\/04\/174606463_907314420105663_723270597346496484_n-768x432.jpg 768w\" sizes=\"auto, (max-width: 960px) 100vw, 960px\" \/><\/a><\/p>\n<p><strong>SEDICO<\/strong> Il gruppo scout di Sedico, con la protezione civile (Ana) quindi un esercito di volontari ha dato vita alla giornata ecologica in collaborazione con il Comune di Sedico e la societ\u00e0 che si occupa della raccolta dei rifiuti a Sedico e nell&#8217;Agordino Valpe Ambiente. Sono stati raccolti in varie vie, percorso Antiche Rogge e zona Luxottica-Palazzetto dello Sport e Impianti sportivi qualche cosa come 2 sacchi da 100 litri di carta, 8 sacchi da 100 litri di plastica, vetro, lattine, 1 borsa di vestiti usati e 1 cassonetto da 1000 litri di rifiuto secco. Non finisce qui perch\u00e9 sui mezzi per l&#8217;ecocentro sono stati caricati anche materiali ingombranti tra cui 4 pneumatici d&#8217;auto. Il messaggio dal Comune di Sedico:<em> &#8220;<\/em><span class=\"d2edcug0 hpfvmrgz qv66sw1b c1et5uql lr9zc1uh a8c37x1j keod5gw0 nxhoafnm aigsh9s9 d3f4x2em fe6kdd0r mau55g9w c8b282yb iv3no6db jq4qci2q a3bd9o3v knj5qynh oo9gr5id hzawbc8m\" dir=\"auto\"><em>In attesa di poter promuovere nuovamente iniziative ecologiche \u00a0aperte a tutta la popolazione, l&#8217;Amministrazione\u00a0 ringrazia tutti coloro che hanno reso possibile questo evento, contribuendo a rendere il nostro territorio pi\u00f9 pulito&#8221;<\/em>.\u00a0 <\/span>E poi ci sono persone come Marina Boscariol che di sua iniziativa e volont\u00e0 ha contribuito alla pulizia della Antiche Rogge <em>&#8220;Faccio sempre il giro a camminare e mi d\u00e0 tanto fastidio tutta quella porcheria,\u00a0 tutti dovremmo avere un po&#8217; pi\u00f9 rispetto&#8221;.<\/em><\/p>\n\n\t\t\t<style type='text\/css'>\n\t\t\t\t#gallery-7 {\n\t\t\t\t\tmargin: auto;\n\t\t\t\t}\n\t\t\t\t#gallery-7 .gallery-item {\n\t\t\t\t\tfloat: left;\n\t\t\t\t\tmargin-top: 10px;\n\t\t\t\t\ttext-align: center;\n\t\t\t\t\twidth: 50%;\n\t\t\t\t}\n\t\t\t\t#gallery-7 img {\n\t\t\t\t\tborder: 2px solid #cfcfcf;\n\t\t\t\t}\n\t\t\t\t#gallery-7 .gallery-caption {\n\t\t\t\t\tmargin-left: 0;\n\t\t\t\t}\n\t\t\t\t\/* see gallery_shortcode() in wp-includes\/media.php *\/\n\t\t\t<\/style>\n\t\t<div id='gallery-7' class='dt-gallery-container gallery galleryid-204238 gallery-columns-2 gallery-size-medium'><dl class='gallery-item'>\n\t\t\t\t<dt class='gallery-icon portrait'>\n\t\t\t\t\t<a class=\"rollover rollover-zoom dt-pswp-item\" title=\"174743833_6020040454688759_552456505258109114_n\" data-dt-img-description=\"\" data-large_image_width=\"330\" data-large_image_height=\"600\"href='https:\/\/www.radiopiu.net\/wordpress\/wp-content\/uploads\/2021\/04\/174743833_6020040454688759_552456505258109114_n.jpg'><img loading=\"lazy\" decoding=\"async\" width=\"165\" height=\"300\" src=\"https:\/\/www.radiopiu.net\/wordpress\/wp-content\/uploads\/2021\/04\/174743833_6020040454688759_552456505258109114_n-165x300.jpg\" class=\"attachment-medium size-medium\" alt=\"\" srcset=\"https:\/\/www.radiopiu.net\/wordpress\/wp-content\/uploads\/2021\/04\/174743833_6020040454688759_552456505258109114_n-165x300.jpg 165w, https:\/\/www.radiopiu.net\/wordpress\/wp-content\/uploads\/2021\/04\/174743833_6020040454688759_552456505258109114_n.jpg 330w\" sizes=\"auto, (max-width: 165px) 100vw, 165px\" \/><\/a>\n\t\t\t\t<\/dt><\/dl><dl class='gallery-item'>\n\t\t\t\t<dt class='gallery-icon landscape'>\n\t\t\t\t\t<a class=\"rollover rollover-zoom dt-pswp-item\" title=\"174685541_6020040841355387_1440327432215130217_n\" data-dt-img-description=\"\" data-large_image_width=\"600\" data-large_image_height=\"338\"href='https:\/\/www.radiopiu.net\/wordpress\/wp-content\/uploads\/2021\/04\/174685541_6020040841355387_1440327432215130217_n.jpg'><img loading=\"lazy\" decoding=\"async\" width=\"300\" height=\"169\" src=\"https:\/\/www.radiopiu.net\/wordpress\/wp-content\/uploads\/2021\/04\/174685541_6020040841355387_1440327432215130217_n-300x169.jpg\" class=\"attachment-medium size-medium\" alt=\"\" srcset=\"https:\/\/www.radiopiu.net\/wordpress\/wp-content\/uploads\/2021\/04\/174685541_6020040841355387_1440327432215130217_n-300x169.jpg 300w, https:\/\/www.radiopiu.net\/wordpress\/wp-content\/uploads\/2021\/04\/174685541_6020040841355387_1440327432215130217_n.jpg 600w\" sizes=\"auto, (max-width: 300px) 100vw, 300px\" \/><\/a>\n\t\t\t\t<\/dt><\/dl><br style=\"clear: both\" \/>\n\t\t\t<\/div>\n\n<p>&nbsp;<\/p>\n<p>&nbsp;<\/p>\n<hr \/>\n<h3><\/h3>\n<blockquote>\n<h3 class=\"gmail-Default\" style=\"text-align: left;\" align=\"center\"><b>VACCINI IN AZIENDA: DA CONFAPI VENETO <\/b><b>LE INDICAZIONI PER FARSI TROVARE PRONTI<\/b><\/h3>\n<\/blockquote>\n<p class=\"gmail-Default\"><strong><a href=\"https:\/\/www.radiopiu.net\/wordpress\/giornale-radiopiu-20-aprile-2021-direttore-mirko-mezzacasa\/manfredi_ravetto\/\" rel=\"attachment wp-att-204444\"><img loading=\"lazy\" decoding=\"async\" class=\" wp-image-204444 alignleft\" src=\"https:\/\/www.radiopiu.net\/wordpress\/wp-content\/uploads\/2021\/04\/Manfredi_Ravetto-300x205.jpg\" alt=\"\" width=\"246\" height=\"168\" srcset=\"https:\/\/www.radiopiu.net\/wordpress\/wp-content\/uploads\/2021\/04\/Manfredi_Ravetto-300x205.jpg 300w, https:\/\/www.radiopiu.net\/wordpress\/wp-content\/uploads\/2021\/04\/Manfredi_Ravetto-1024x701.jpg 1024w, https:\/\/www.radiopiu.net\/wordpress\/wp-content\/uploads\/2021\/04\/Manfredi_Ravetto-768x525.jpg 768w, https:\/\/www.radiopiu.net\/wordpress\/wp-content\/uploads\/2021\/04\/Manfredi_Ravetto-1536x1051.jpg 1536w, https:\/\/www.radiopiu.net\/wordpress\/wp-content\/uploads\/2021\/04\/Manfredi_Ravetto.jpg 1640w\" sizes=\"auto, (max-width: 246px) 100vw, 246px\" \/><\/a>VENEZIA<\/strong> <i>Pi\u00f9 di 200 imprenditori hanno partecipato al webinar organizzato in collaborazione con la Regione Veneto. L\u2019assessore Manuela Lanzarin: \u00abDa maggio contiamo si possa iniziare la campagna\u00bb. Il presidente Manfredi Ravetto (foto): \u00abSolo coniugando salute e lavoro l\u2019Italia pu\u00f2 ripartire, le piccole e medie industrie private di Confapi sono pronte a fare la loro parte\u00bb. <\/i>Vaccini in azienda, le imprese del mondo Confapi sono pronte a partire. Confapi \u00e8 stata la prima Confederazione a livello nazionale a proporre la campagna vaccinale nei luoghi di lavoro: grazie alla costante mediazione con Governo e Parti Sociali si \u00e8 giunti alla sottoscrizione del \u201cProtocollo nazionale per la realizzazione dei piani aziendali finalizzati all\u2019attivazione di punti straordinari di vaccinazione anti Covid per i dipendenti\u201d. Per illustrarlo Confapi Veneto ha organizzato un momento di confronto con la Regione Veneto a cui hanno partecipato oltre 200 imprenditori. L\u2019Assessore alla Sanit\u00e0 della Regione Veneto Manuela Lanzarin ha ipotizzato anche i tempi operativi: <em>&#8220;Siamo pronti a partire compatibilmente con la disponibilit\u00e0 dei vaccini, crediamo che questo secondo trimestre sar\u00e0 decisivo: da maggio dovrebbero arrivare dotazioni importanti, quelle che ci consentiranno di iniziare la campagna delle aziende&#8221;. <\/em>Nel corso del webinar \u00e8 stato inoltre presentato il \u201cProtocollo di aggiornamento delle misure per il contrasto e il contenimento della diffusione del Covid negli ambienti di lavoro\u201d, del 6 aprile 2021, che aggiorna gli accordi sulla salute e sicurezza tenendo conto di quelli del 14 marzo e 24 aprile 2020.<\/p>\n<p>&nbsp;<\/p>\n<p>&nbsp;<\/p>\n<hr \/>\n<p>&nbsp;<\/p>\n<blockquote>\n<h3 class=\"p1\"><span class=\"s1\">SOPRALLUOGO ALLA FRANA DI VALLE DI CADORE: LA PROVINCIA AVVIER\u00c0 UNA NUOVA CAMPAGNA DI SONDAGGI <\/span><\/h3>\n<\/blockquote>\n<p class=\"p1\"><span class=\"s1\"><strong><a href=\"https:\/\/www.radiopiu.net\/wordpress\/giornale-radiopiu-20-aprile-2021-direttore-mirko-mezzacasa\/chiesa-valle-cadore-frana\/\" rel=\"attachment wp-att-204521\"><img loading=\"lazy\" decoding=\"async\" class=\"size-medium wp-image-204521 alignleft\" src=\"https:\/\/www.radiopiu.net\/wordpress\/wp-content\/uploads\/2021\/04\/CHIESA-VALLE-CADORE-FRANA-265x300.png\" alt=\"\" width=\"265\" height=\"300\" srcset=\"https:\/\/www.radiopiu.net\/wordpress\/wp-content\/uploads\/2021\/04\/CHIESA-VALLE-CADORE-FRANA-265x300.png 265w, https:\/\/www.radiopiu.net\/wordpress\/wp-content\/uploads\/2021\/04\/CHIESA-VALLE-CADORE-FRANA-904x1024.png 904w, https:\/\/www.radiopiu.net\/wordpress\/wp-content\/uploads\/2021\/04\/CHIESA-VALLE-CADORE-FRANA-768x869.png 768w, https:\/\/www.radiopiu.net\/wordpress\/wp-content\/uploads\/2021\/04\/CHIESA-VALLE-CADORE-FRANA.png 908w\" sizes=\"auto, (max-width: 265px) 100vw, 265px\" \/><\/a>BELLUNO <\/strong>I tecnici incaricati dalla Provincia di Belluno hanno effettuato una serie di sopralluoghi a Valle di Cadore, lungo il versante sotto l\u2019abitato di Costa di Sotto, dove c\u2019\u00e8 il dissesto che sta minacciando la chiesa di San Martino. L\u2019ultimo proprio in questi giorni, con l\u2019obiettivo di determinare lo stato dei luoghi e soprattutto l\u2019evoluzione del movimento franoso. <\/span><span class=\"s1\">I geologi hanno percorso tutto il versante, dalla chiesa fino alla strada comunale di Costa-Perarolo, e hanno rilevato &#8211; come \u00e8 scritto nella relazione di sopralluogo &#8211; \u00ab<em>una situazione di marcato dissesto geologico, lungo tutta la fascia di versante che dalla chiesa di San Martino si spinge con direzione est, verso la localit\u00e0 di Val. Oltre al ribaltamento di molte piante di resinose, la linea di dissesto lungo il ripido versante della val Boite, si evidenzia con una fascia contraddistinta da marcate fessurazioni e profonde fratture nel terreno che potrebbero nel tempo evolvere con una dinamica degenerativa analoga a quella che sta attualmente interessando la parte pi\u00f9 meridionale della dorsale su cui poggia la chiesa<\/em>\u00bb. <\/span><span class=\"s1\">Al termine del sopralluogo, \u00e8 stato concordato che l\u2019esecuzione di possibili interventi di consolidamento e di messa in sicurezza dell\u2019abitato di Costa di Sotto dovr\u00e0 essere preceduto da una attenta e profonda indagine, per determinare le condizioni geologiche e di stabilit\u00e0 del tratto di versante. <\/span><span class=\"s1\">\u00ab<em>A brevissimo procederemo con due o tre sondaggi geognostici profondi &#8211; spiega il consigliere provinciale delegato alla difesa del suolo, Massimo Bortoluzzi -. I tecnici installeranno alcune strumentazioni e una centralina di acquisizione dati. Dall\u2019analisi di quei dati, potremo avere un quadro pi\u00f9 chiaro della situazione. Solo cos\u00ec \u00e8 possibile ipotizzare eventuali interventi davvero utili. La situazione di Valle \u00e8 particolare e complessa, e la Provincia intende considerare tutte le possibilit\u00e0; proprio per questo in mattinata ci siamo confrontati anche con il vescovo, e la settimana scorsa ero stato personalmente a Valle, per parlare con la sindaca. Come sempre, siamo attenti ai problemi e alle richieste dei territori, anche i pi\u00f9 periferici<\/em>\u00bb.<\/span><\/p>\n<p>&nbsp;<\/p>\n<p>&nbsp;<\/p>\n<hr \/>\n<p>&nbsp;<\/p>\n<blockquote>\n<h3>LA TABELLA DELLA SITUAZIONE ATTUALE IN VENETO<\/h3>\n<\/blockquote>\n<p><strong>Dal canale Telegram <a href=\"https:\/\/t.me\/BollettiniCoronaVirus\">BOLLETTINI CORONAVIRUS<\/a><\/strong><\/p>\n<p><a href=\"https:\/\/www.radiopiu.net\/wordpress\/giornale-radiopiu-20-aprile-2021-direttore-mirko-mezzacasa\/22d72e3b-80c2-44e5-a090-09bd23b7e694\/\" rel=\"attachment wp-att-204510\"><img loading=\"lazy\" decoding=\"async\" class=\"aligncenter wp-image-204510 size-full\" src=\"https:\/\/www.radiopiu.net\/wordpress\/wp-content\/uploads\/2021\/04\/22d72e3b-80c2-44e5-a090-09bd23b7e694.jpg\" alt=\"\" width=\"1024\" height=\"772\" srcset=\"https:\/\/www.radiopiu.net\/wordpress\/wp-content\/uploads\/2021\/04\/22d72e3b-80c2-44e5-a090-09bd23b7e694.jpg 1024w, https:\/\/www.radiopiu.net\/wordpress\/wp-content\/uploads\/2021\/04\/22d72e3b-80c2-44e5-a090-09bd23b7e694-300x226.jpg 300w, https:\/\/www.radiopiu.net\/wordpress\/wp-content\/uploads\/2021\/04\/22d72e3b-80c2-44e5-a090-09bd23b7e694-768x579.jpg 768w\" sizes=\"auto, (max-width: 1024px) 100vw, 1024px\" \/><\/a><\/p>\n<p>&nbsp;<\/p>\n<blockquote class=\"wp-embedded-content\" data-secret=\"hEsKOoJLCB\"><p><a href=\"https:\/\/www.radiopiu.net\/wordpress\/aggapr19\/\">CORONAVIRUS: AGGIORNAMENTO NAZIONALE 19 APRILE  2021<\/a><\/p><\/blockquote>\n<p><iframe loading=\"lazy\" class=\"wp-embedded-content\" sandbox=\"allow-scripts\" security=\"restricted\" style=\"position: absolute; clip: rect(1px, 1px, 1px, 1px);\" title=\"&#8220;CORONAVIRUS: AGGIORNAMENTO NAZIONALE 19 APRILE  2021&#8221; &#8212; Radio Pi\u00f9\" src=\"https:\/\/www.radiopiu.net\/wordpress\/aggapr19\/embed\/#?secret=hEsKOoJLCB\" data-secret=\"hEsKOoJLCB\" width=\"600\" height=\"338\" frameborder=\"0\" marginwidth=\"0\" marginheight=\"0\" scrolling=\"no\"><\/iframe><\/p>\n<p>&nbsp;<\/p>\n<blockquote class=\"wp-embedded-content\" data-secret=\"QCrwyeJvsc\"><p><a href=\"https:\/\/www.radiopiu.net\/wordpress\/agg19\/\">18 DECESSI NELLE 24 ORE, 722 POSITIVI IN MENO 3 PAZIENTI IN PIU&#8217; IN TERAPIA INTENSIVA<\/a><\/p><\/blockquote>\n<p><iframe loading=\"lazy\" class=\"wp-embedded-content\" sandbox=\"allow-scripts\" security=\"restricted\" style=\"position: absolute; clip: rect(1px, 1px, 1px, 1px);\" title=\"&#8220;18 DECESSI NELLE 24 ORE, 722 POSITIVI IN MENO 3 PAZIENTI IN PIU&#8217; IN TERAPIA INTENSIVA&#8221; &#8212; Radio Pi\u00f9\" src=\"https:\/\/www.radiopiu.net\/wordpress\/agg19\/embed\/#?secret=QCrwyeJvsc\" data-secret=\"QCrwyeJvsc\" width=\"600\" height=\"338\" frameborder=\"0\" marginwidth=\"0\" marginheight=\"0\" scrolling=\"no\"><\/iframe><\/p>\n<p>&nbsp;<\/p>\n<p><strong>I GRAFICI DI TIZIANO DE COL\u00a0<\/strong><\/p>\n\n\t\t\t<style type='text\/css'>\n\t\t\t\t#gallery-8 {\n\t\t\t\t\tmargin: auto;\n\t\t\t\t}\n\t\t\t\t#gallery-8 .gallery-item {\n\t\t\t\t\tfloat: left;\n\t\t\t\t\tmargin-top: 10px;\n\t\t\t\t\ttext-align: center;\n\t\t\t\t\twidth: 20%;\n\t\t\t\t}\n\t\t\t\t#gallery-8 img {\n\t\t\t\t\tborder: 2px solid #cfcfcf;\n\t\t\t\t}\n\t\t\t\t#gallery-8 .gallery-caption {\n\t\t\t\t\tmargin-left: 0;\n\t\t\t\t}\n\t\t\t\t\/* see gallery_shortcode() in wp-includes\/media.php *\/\n\t\t\t<\/style>\n\t\t<div id='gallery-8' class='dt-gallery-container gallery galleryid-204238 gallery-columns-5 gallery-size-medium'><dl class='gallery-item'>\n\t\t\t\t<dt class='gallery-icon landscape'>\n\t\t\t\t\t<a class=\"rollover rollover-zoom dt-pswp-item\" title=\"cb209330-4c6b-47ba-a989-155e6db33602\" data-dt-img-description=\"\" data-large_image_width=\"594\" data-large_image_height=\"355\"href='https:\/\/www.radiopiu.net\/wordpress\/wp-content\/uploads\/2021\/04\/cb209330-4c6b-47ba-a989-155e6db33602.jpg'><img loading=\"lazy\" decoding=\"async\" width=\"300\" height=\"179\" src=\"https:\/\/www.radiopiu.net\/wordpress\/wp-content\/uploads\/2021\/04\/cb209330-4c6b-47ba-a989-155e6db33602-300x179.jpg\" class=\"attachment-medium size-medium\" alt=\"\" srcset=\"https:\/\/www.radiopiu.net\/wordpress\/wp-content\/uploads\/2021\/04\/cb209330-4c6b-47ba-a989-155e6db33602-300x179.jpg 300w, https:\/\/www.radiopiu.net\/wordpress\/wp-content\/uploads\/2021\/04\/cb209330-4c6b-47ba-a989-155e6db33602.jpg 594w\" sizes=\"auto, (max-width: 300px) 100vw, 300px\" \/><\/a>\n\t\t\t\t<\/dt><\/dl><dl class='gallery-item'>\n\t\t\t\t<dt class='gallery-icon landscape'>\n\t\t\t\t\t<a class=\"rollover rollover-zoom dt-pswp-item\" title=\"e1e23c21-d7bf-4081-bfaf-68287c8b77cf\" data-dt-img-description=\"\" data-large_image_width=\"606\" data-large_image_height=\"351\"href='https:\/\/www.radiopiu.net\/wordpress\/wp-content\/uploads\/2021\/04\/e1e23c21-d7bf-4081-bfaf-68287c8b77cf.jpg'><img loading=\"lazy\" decoding=\"async\" width=\"300\" height=\"174\" src=\"https:\/\/www.radiopiu.net\/wordpress\/wp-content\/uploads\/2021\/04\/e1e23c21-d7bf-4081-bfaf-68287c8b77cf-300x174.jpg\" class=\"attachment-medium size-medium\" alt=\"\" srcset=\"https:\/\/www.radiopiu.net\/wordpress\/wp-content\/uploads\/2021\/04\/e1e23c21-d7bf-4081-bfaf-68287c8b77cf-300x174.jpg 300w, https:\/\/www.radiopiu.net\/wordpress\/wp-content\/uploads\/2021\/04\/e1e23c21-d7bf-4081-bfaf-68287c8b77cf.jpg 606w\" sizes=\"auto, (max-width: 300px) 100vw, 300px\" \/><\/a>\n\t\t\t\t<\/dt><\/dl><dl class='gallery-item'>\n\t\t\t\t<dt class='gallery-icon landscape'>\n\t\t\t\t\t<a class=\"rollover rollover-zoom dt-pswp-item\" title=\"aaa762ac-9e00-4c0f-99dc-5caeace5884e\" data-dt-img-description=\"\" data-large_image_width=\"612\" data-large_image_height=\"351\"href='https:\/\/www.radiopiu.net\/wordpress\/wp-content\/uploads\/2021\/04\/aaa762ac-9e00-4c0f-99dc-5caeace5884e.jpg'><img loading=\"lazy\" decoding=\"async\" width=\"300\" height=\"172\" src=\"https:\/\/www.radiopiu.net\/wordpress\/wp-content\/uploads\/2021\/04\/aaa762ac-9e00-4c0f-99dc-5caeace5884e-300x172.jpg\" class=\"attachment-medium size-medium\" alt=\"\" srcset=\"https:\/\/www.radiopiu.net\/wordpress\/wp-content\/uploads\/2021\/04\/aaa762ac-9e00-4c0f-99dc-5caeace5884e-300x172.jpg 300w, https:\/\/www.radiopiu.net\/wordpress\/wp-content\/uploads\/2021\/04\/aaa762ac-9e00-4c0f-99dc-5caeace5884e.jpg 612w\" sizes=\"auto, (max-width: 300px) 100vw, 300px\" \/><\/a>\n\t\t\t\t<\/dt><\/dl><dl class='gallery-item'>\n\t\t\t\t<dt class='gallery-icon landscape'>\n\t\t\t\t\t<a class=\"rollover rollover-zoom dt-pswp-item\" title=\"aca39b8d-06bb-4a64-845e-ee1c1da278df\" data-dt-img-description=\"\" data-large_image_width=\"600\" data-large_image_height=\"354\"href='https:\/\/www.radiopiu.net\/wordpress\/wp-content\/uploads\/2021\/04\/aca39b8d-06bb-4a64-845e-ee1c1da278df.jpg'><img loading=\"lazy\" decoding=\"async\" width=\"300\" height=\"177\" src=\"https:\/\/www.radiopiu.net\/wordpress\/wp-content\/uploads\/2021\/04\/aca39b8d-06bb-4a64-845e-ee1c1da278df-300x177.jpg\" class=\"attachment-medium size-medium\" alt=\"\" srcset=\"https:\/\/www.radiopiu.net\/wordpress\/wp-content\/uploads\/2021\/04\/aca39b8d-06bb-4a64-845e-ee1c1da278df-300x177.jpg 300w, https:\/\/www.radiopiu.net\/wordpress\/wp-content\/uploads\/2021\/04\/aca39b8d-06bb-4a64-845e-ee1c1da278df.jpg 600w\" sizes=\"auto, (max-width: 300px) 100vw, 300px\" \/><\/a>\n\t\t\t\t<\/dt><\/dl><dl class='gallery-item'>\n\t\t\t\t<dt class='gallery-icon landscape'>\n\t\t\t\t\t<a class=\"rollover rollover-zoom dt-pswp-item\" title=\"cc4b123f-170b-4280-82e0-1dc3134abd49\" data-dt-img-description=\"\" data-large_image_width=\"604\" data-large_image_height=\"360\"href='https:\/\/www.radiopiu.net\/wordpress\/wp-content\/uploads\/2021\/04\/cc4b123f-170b-4280-82e0-1dc3134abd49.jpg'><img loading=\"lazy\" decoding=\"async\" width=\"300\" height=\"179\" src=\"https:\/\/www.radiopiu.net\/wordpress\/wp-content\/uploads\/2021\/04\/cc4b123f-170b-4280-82e0-1dc3134abd49-300x179.jpg\" class=\"attachment-medium size-medium\" alt=\"\" srcset=\"https:\/\/www.radiopiu.net\/wordpress\/wp-content\/uploads\/2021\/04\/cc4b123f-170b-4280-82e0-1dc3134abd49-300x179.jpg 300w, https:\/\/www.radiopiu.net\/wordpress\/wp-content\/uploads\/2021\/04\/cc4b123f-170b-4280-82e0-1dc3134abd49.jpg 604w\" sizes=\"auto, (max-width: 300px) 100vw, 300px\" \/><\/a>\n\t\t\t\t<\/dt><\/dl><br style=\"clear: both\" \/>\n\t\t\t<\/div>\n\n<p>&nbsp;<\/p>\n<hr \/>\n<h3><\/h3>\n<h3>il punto stampa di Zaia<\/h3>\n<blockquote>\n<h3>COVID IN VENETO, NUMERI, BILANCI CONSIDERAZIONI D&#8217;INIZIO SETTIMANA, L&#8217;ULTIMA IN ARANCIONE<\/h3>\n<\/blockquote>\n<blockquote><p><em>Dal 26 giorno delle riaperture il vero tema \u00e8 quello delle scuole e dei trasporti. Abbiamo 2700 mezzi schierati per un&#8217;apertura al 50% in Dad e 50% in presenza. Abbiamo aggiunto 500 mezzi dei privati e oltre 200 assunzioni di controllori. Portando la didattica al 100% da luned\u00ec e mantenendo gli autobus pieni al 50%, come minimo occorre raddoppiare la dotazione dei bus ma sul mercato non ci sono i mezzi. Che il Governo prenda in mano la situazione. Da luned\u00ec 26 dovrebbero arrivare <img loading=\"lazy\" decoding=\"async\" class=\"alignleft\" src=\"https:\/\/www.radiopiu.net\/wordpress\/wp-content\/uploads\/2021\/04\/176091826_1761093434092564_7152734363065137616_n.jpg\" width=\"245\" height=\"179\" \/>50mila dosi<\/em> Pfizer <em>in pi\u00f9, quindi\u00a0 170mila. Poi ne arriveranno 181.000 il 29 aprile, 172000 il 6 maggio e\u00a0 altrettanti il 13 maggio.<\/em><\/p><\/blockquote>\n<p><strong>IL TREND<\/strong> Mi riservo di vedere il bollettino di domani, quello del lunedi non \u00e8 rappresentativo, il trand da 7-8 giorni \u00e8 in calo, lo dice anche l&#8217;algoritmo con le sue proezioni, tanto in terapia intensiva che area non critica. Oggi 5 persone ricoverate e 1 in terapia intensiva. Attuali ingressi in terapia intensiva sono ancora quelli di vecchi ricoveri.<strong> VACCINAZIONE<\/strong> Da lunedi arrivano pi\u00f9 Pfizer, oltre ai 120 mila altri 50 mila in pi\u00f9 che non \u00e8 poca cosa. Abbiamo una potenzialit\u00e0 con motori al minimo da 30mila al giorno, con medici e farmacisti possiamo fare un bel lavoro. Over 80 partita chiusa, stiamo lavorando sui pi\u00f9 fragil. Vogliamo accelerare e chiudere gli ultra 70enni, molti anche fragili. <strong>DAL 26 APRILE AUTOBUS PIENI<\/strong> si apre con massima attenzione, serve il buon senso con la responsabilit\u00e0 individuale, se ci si comporta correttamente \u00e8 come un lockdown. Con la didattica in presenza al 100% l&#8217;autobus sar\u00e0 pieno a met\u00e0, quindi per un principio matematico sarebbe da raddoppiare la dotazione, ma non ci sono i mezzi non solo le risorse, non ci sono sul mercato i mezzi. Non possiamo fare nulla e le soluzioni non sono molte, o si riduce di un po&#8217; la presenza oppure bisogna rendere facoltativa la presenza con sistema misto tipo Puglia che va avanti da mesi. Da lunedi questo sar\u00e0 il problema e poi c&#8217;\u00e8 il problema dei serpentoni degli autobus, riducendo la capienza aumenta il numero dei bus, che il Governo prenda in meno e subito la situazione. <strong>ESCLUDE TRASPORTI AL 100 PER CENTO?<\/strong> Mi sembra improbabile perch\u00e9 si viene meno alle norme contro gli assembramenti. Tre ipotesi: scaglionamento dei turni con grossi limiti in passato no ci siamo riusciti; rendere facoltativa la scelta della presenza o didattica da casa; ridurre la percentuale in presenza non a 100 ma inferiore. Questo \u00e8 solo un contributo alla problematica. <strong>ORDINANZE PER LA SCUOLE?<\/strong> Nessuna ordinanza sar\u00e0 promulgata, il decreto \u00e8 chiaro non si pu\u00f2 intervenire sulla scuola.\u00a0<strong>COPRIFUOCO<\/strong>\u00a0 Non deve diventare una lotteria, ci dobbiamo incontrare tra governatori per una valutazione collettiva con un responso di natura scientifica, se i presupposti per il copri fuoco ci sono ancora, de lo deve dire chi lo ha inventato. <strong>COME RIAPRIRA&#8217; CHI NON HA GLI SPAZI?<\/strong> C&#8217;\u00e8 una discussione all&#8217;interno del Governo per essere pi\u00f9 equi. Una citt\u00e0 storica come Venezia ha plateatici ridotti o addirittura non li ha. Serve una riflessione sul tema con basi scientifiche poich\u00e9 in presenza del virus.<strong> UN MIGLIAIO DI PERSONE A CONEGLIANO I NO\u00a0 VAX SENZA MASCHERINA <\/strong>Evito ogni commento, la protesta \u00e8 sacrosanta e leggittima, detto questo bisogna farlo nel rispetto delle regole.<\/p>\n<p><a href=\"https:\/\/www.facebook.com\/zaiaufficiale\/videos\/916307429131844\">https:\/\/www.facebook.com\/zaiaufficiale\/videos\/916307429131844<\/a><\/p>\n<p>&nbsp;<\/p>\n<hr \/>\n<p>&nbsp;<\/p>\n<p>&nbsp;<\/p>\n<blockquote>\n<h3>CHE LA REGIONE SCRIVA IL PROTOCOLLO PER LA RIAPERTURA DELLE RSA AI FAMIGLIARI DEGLI OSPITI, LO CHIEDE IL PARTITO DEMOCRATICO<\/h3>\n<\/blockquote>\n<p><strong><a href=\"https:\/\/www.radiopiu.net\/wordpress\/la-vecchia-di-laste\/vecchiadilaste\/\" rel=\"attachment wp-att-57321\"><img loading=\"lazy\" decoding=\"async\" class=\" wp-image-57321 alignleft\" src=\"https:\/\/www.radiopiu.net\/wordpress\/wp-content\/uploads\/2018\/08\/vecchiadilaste-300x200.jpg\" alt=\"\" width=\"282\" height=\"188\" srcset=\"https:\/\/www.radiopiu.net\/wordpress\/wp-content\/uploads\/2018\/08\/vecchiadilaste-300x200.jpg 300w, https:\/\/www.radiopiu.net\/wordpress\/wp-content\/uploads\/2018\/08\/vecchiadilaste-768x512.jpg 768w, https:\/\/www.radiopiu.net\/wordpress\/wp-content\/uploads\/2018\/08\/vecchiadilaste-1024x682.jpg 1024w, https:\/\/www.radiopiu.net\/wordpress\/wp-content\/uploads\/2018\/08\/vecchiadilaste.jpg 1280w\" sizes=\"auto, (max-width: 282px) 100vw, 282px\" \/><\/a>VENEZIA<\/strong> <em>\u201c\u00c8 necessario che la Regione adotti un protocollo validi in tutto il Veneto per aprire le Rsa alle visite di familiari o tutori legali: non si pu\u00f2, anche qua, lavarsene le mani lasciando la decisione ai direttori delle singole strutture, col risultato che ognuno fa come meglio crede. \u00c8 un rimpallo di responsabilit\u00e0 inaccettabile. La copertura vaccinale di personale e ospiti si aggira attorno al 90-95%, \u00a0 con un livello di immunit\u00e0 che dovrebbe impedire al virus di avere conseguenze letali. Non ci sono quindi plausibili ragioni mediche o scientifiche per proseguire con le limitazioni\u201d<\/em>. Queste le motivazioni alla base della mozione presentata dalle consigliere in commissione Sanit\u00e0 del Partito Democratico, la vicepresidente Anna Maria Bigon.\u00a0 \u00c8 una richiesta che arriva dagli stessi familiari,\u00a0 ci sono persone disabili o non autosufficienti isolate da oltre un anno. Per loro non poter vedere i parenti, anche solo una volta la settimana, ha delle ripercussioni pesanti, dal punto di vista fisico e psicologico. <em>&#8220;Crediamo non sia pi\u00f9 rinviabile l\u2019adozione di regole certe e uniformi con un protocollo unico, senza delegare ai direttori delle strutture, creandogli nuovi problemi e alimentando confusione e recriminazioni: in questa pandemia hanno dovuto affrontarne un\u2019enormit\u00e0 e, loro malgrado, non sempre con armi adeguate\u201d<\/em> conclude la vice presidente Anna Maria Bigon.<\/p>\n<p>&nbsp;<\/p>\n<p>&nbsp;<\/p>\n<hr \/>\n<blockquote>\n<h3><\/h3>\n<h3>L&#8217;AMMINISTRAZIONE COMUNALE DI AGORDO TI ASPETTA&#8230;PER AIUTARTI<\/h3>\n<p align=\"JUSTIFY\"><strong><img loading=\"lazy\" decoding=\"async\" class=\"alignleft\" src=\"https:\/\/www.radiopiu.net\/wordpress\/wp-content\/uploads\/2021\/03\/3e485bfd-5eca-4728-bda3-8ca5d8334d53.jpg\" width=\"233\" height=\"131\" \/>AGORDO<\/strong> Il Comune di Agordo si rende disponibile ad aiutare tutti i cittadini che per qualsiasi motivo non sono in grado di provvedere autonomamente alla prenotazione dei vaccini attraverso il portale informatico della Regione Veneto. Si ricorda che \u00e8 possibile la prenotazione per le seguenti categorie: fasce di et\u00e0 comunicate di volta in volta dalla ULSS Dolomiti,\u00a0 persone estremamente vulnerabili, persone con disabilit\u00e0 (fisica, sensoriale, intellettiva, psichica) legge 104\/1992 Per prenotare telefonare, dal luned\u00ec al venerd\u00ec, dalle ore 10,00 alle ore 12,00 al numero: <span style=\"font-size: large;\">345 2231455 <\/span><span style=\"font-size: medium;\">Si evidenzia che il Comune non ha alcuna responsabilit\u00e0: <\/span><span style=\"font-size: medium;\">nella programmazione delle vaccinazioni <\/span><span style=\"font-size: medium;\">nel caso di malfunzionamento del portale informatico;\u00a0 <\/span><span style=\"font-size: medium;\">nel caso di <a href=\"https:\/\/www.radiopiu.net\/wordpress\/giornale-radiopiu-20-aprile-2021-direttore-mirko-mezzacasa\/pp-59\/\" rel=\"attachment wp-att-204436\"><img loading=\"lazy\" decoding=\"async\" class=\"wp-image-204436 alignright\" src=\"https:\/\/www.radiopiu.net\/wordpress\/wp-content\/uploads\/2021\/04\/pp-6-300x300.jpg\" alt=\"\" width=\"138\" height=\"138\" srcset=\"https:\/\/www.radiopiu.net\/wordpress\/wp-content\/uploads\/2021\/04\/pp-6-300x300.jpg 300w, https:\/\/www.radiopiu.net\/wordpress\/wp-content\/uploads\/2021\/04\/pp-6-150x150.jpg 150w, https:\/\/www.radiopiu.net\/wordpress\/wp-content\/uploads\/2021\/04\/pp-6.jpg 640w\" sizes=\"auto, (max-width: 138px) 100vw, 138px\" \/><\/a>problematiche che possono sorgere successivamente alla prenotazione; <\/span><span style=\"font-size: medium;\">disdetta o mancata vaccinazione dipendenti dall&#8217;Ente Sanitario<\/span><\/p>\n<p align=\"JUSTIFY\"><strong>IL MESSAGGIO ALLA RADIO DELL&#8217;ASSESSORE CLAUDIO SITO<\/strong><\/p>\n<audio class=\"wp-audio-shortcode\" id=\"audio-204238-9\" preload=\"none\" style=\"width: 100%;\" controls=\"controls\"><source type=\"audio\/mpeg\" src=\"https:\/\/www.radiopiu.net\/wordpress\/wp-content\/uploads\/2021\/04\/claudio-sito.mp3?_=9\" \/><a href=\"https:\/\/www.radiopiu.net\/wordpress\/wp-content\/uploads\/2021\/04\/claudio-sito.mp3\">https:\/\/www.radiopiu.net\/wordpress\/wp-content\/uploads\/2021\/04\/claudio-sito.mp3<\/a><\/audio>\n<p>&nbsp;<\/p><\/blockquote>\n<hr \/>\n<blockquote>\n<h3><\/h3>\n<h3>NUOVI MEDICI A BORGO VALBELLUNA E IN CADORE<\/h3>\n<\/blockquote>\n<p><strong><a href=\"https:\/\/www.radiopiu.net\/wordpress\/un-nuovo-ambulatorio-di-medicina-generale-per-5-medici-di-ponte-nelle-alpi\/medicina_generale\/\" rel=\"attachment wp-att-168272\"><img loading=\"lazy\" decoding=\"async\" class=\"wp-image-168272 alignleft\" src=\"https:\/\/www.radiopiu.net\/wordpress\/wp-content\/uploads\/2020\/10\/Medicina_generale-300x199.jpg\" alt=\"\" width=\"204\" height=\"135\" srcset=\"https:\/\/www.radiopiu.net\/wordpress\/wp-content\/uploads\/2020\/10\/Medicina_generale-300x199.jpg 300w, https:\/\/www.radiopiu.net\/wordpress\/wp-content\/uploads\/2020\/10\/Medicina_generale-1024x679.jpg 1024w, https:\/\/www.radiopiu.net\/wordpress\/wp-content\/uploads\/2020\/10\/Medicina_generale-768x509.jpg 768w, https:\/\/www.radiopiu.net\/wordpress\/wp-content\/uploads\/2020\/10\/Medicina_generale.jpg 1284w\" sizes=\"auto, (max-width: 204px) 100vw, 204px\" \/><\/a>BELLUNO<\/strong> Dal 30 aprile la dottoressa Marina Redetti saluter\u00e0 i suoi pazienti dopo il grande impegno come medico di assistenza primaria nell\u2019ambito territoriale del Comune di Borgo Valbelluna. Pochi giorni dopo, il\u00a0 il 4 maggio il dottor Giorgio Garaffa cesser\u00e0 l\u2019attivit\u00e0 di medico nell\u2019ambito territoriale dei Comuni di Cortina d\u2019Ampezzo, Borca di Cadore, San Vito di Cadore e Vodo di Cadore. Per continuare a fruire dell\u2019assistenza medica in forma diretta e gratuita a carico del Servizio Sanitario Nazionale, gli assistiti dovranno effettuare la scelta tra uno dei medici di assistenza primaria con disponibilit\u00e0 di posti nell\u2019ambito territoriale di residenza. E\u2019 possibile verificare in tempo reale la disponibilit\u00e0 dei medici, collegandosi al link https:\/\/salute.regione.veneto.it\/servizi\/cerca-medici-e-pediatri, selezionando un medico si visualizzer\u00e0 il numero dei posti disponibili indicato in corrispondenza della voce \u201cDisponibilit\u00e0 assistiti illimitati\u201d. La scelta del medico dovra\u2019 essere effettuata inviando una mail all\u2019indirizzo <span style=\"color: #0000ff;\">sceltamedico@aulss1.veneto.it.<\/span><\/p>\n<p>&nbsp;<\/p>\n<hr \/>\n<p>&nbsp;<\/p>\n<blockquote>\n<h3>FESTA A SALCE, 76 PRIMAVERE PER GIUSEPPE BORTOT<\/h3>\n<\/blockquote>\n<p><strong><a href=\"https:\/\/www.radiopiu.net\/wordpress\/festa-a-salce-76-primavere-per-giuseppe-bortot\/ec6319a2-7968-4cbd-83b4-96ddd009b380\/\" rel=\"attachment wp-att-204526\"><img loading=\"lazy\" decoding=\"async\" class=\"size-medium wp-image-204526 alignleft\" src=\"https:\/\/www.radiopiu.net\/wordpress\/wp-content\/uploads\/2021\/04\/ec6319a2-7968-4cbd-83b4-96ddd009b380-300x225.jpg\" alt=\"\" width=\"300\" height=\"225\" srcset=\"https:\/\/www.radiopiu.net\/wordpress\/wp-content\/uploads\/2021\/04\/ec6319a2-7968-4cbd-83b4-96ddd009b380-300x225.jpg 300w, https:\/\/www.radiopiu.net\/wordpress\/wp-content\/uploads\/2021\/04\/ec6319a2-7968-4cbd-83b4-96ddd009b380-768x576.jpg 768w, https:\/\/www.radiopiu.net\/wordpress\/wp-content\/uploads\/2021\/04\/ec6319a2-7968-4cbd-83b4-96ddd009b380.jpg 960w\" sizes=\"auto, (max-width: 300px) 100vw, 300px\" \/><\/a>di Roberto Bona<\/strong><\/p>\n<audio class=\"wp-audio-shortcode\" id=\"audio-204238-10\" preload=\"none\" style=\"width: 100%;\" controls=\"controls\"><source type=\"audio\/mpeg\" src=\"https:\/\/www.radiopiu.net\/wordpress\/wp-content\/uploads\/2021\/04\/ROBERTO-BONA-CASA-BORTOT.mp3?_=10\" \/><a href=\"https:\/\/www.radiopiu.net\/wordpress\/wp-content\/uploads\/2021\/04\/ROBERTO-BONA-CASA-BORTOT.mp3\">https:\/\/www.radiopiu.net\/wordpress\/wp-content\/uploads\/2021\/04\/ROBERTO-BONA-CASA-BORTOT.mp3<\/a><\/audio>\n<p>&nbsp;<\/p>\n<hr \/>\n<p>&nbsp;<\/p>\n<blockquote>\n<h3><strong>Settimana per la Salute della donna 19-25 aprile <\/strong><strong>Le iniziative dell\u2019Ulss Dolomiti\u00a0<\/strong><\/h3>\n<\/blockquote>\n<p><strong><a href=\"https:\/\/www.radiopiu.net\/wordpress\/giornale-radiopiu-20-aprile-2021-direttore-mirko-mezzacasa\/175662121_2985050705085083_3690816474886850025_n\/\" rel=\"attachment wp-att-204500\"><img loading=\"lazy\" decoding=\"async\" class=\"size-medium wp-image-204500 alignleft\" src=\"https:\/\/www.radiopiu.net\/wordpress\/wp-content\/uploads\/2021\/04\/175662121_2985050705085083_3690816474886850025_n-212x300.png\" alt=\"\" width=\"212\" height=\"300\" srcset=\"https:\/\/www.radiopiu.net\/wordpress\/wp-content\/uploads\/2021\/04\/175662121_2985050705085083_3690816474886850025_n-212x300.png 212w, https:\/\/www.radiopiu.net\/wordpress\/wp-content\/uploads\/2021\/04\/175662121_2985050705085083_3690816474886850025_n.png 509w\" sizes=\"auto, (max-width: 212px) 100vw, 212px\" \/><\/a><\/strong> L\u2019Ulss Dolomiti ha aderito alla Settimana per la salute della donna, proposta a livello nazionale dal network Onda &#8211; Osservatorio nazionale sulla salute della donna e di genere, proponendo una serie di iniziative tra il 19 e il 25 aprile in modalit\u00e0 online.\u00a0 Continuano le iniziative per la settimana della donna proposte dall\u2019Ulss Dolomiti. I prossimi appuntamenti sono dedicati ai percorsi nascita<\/p>\n<ul>\n<li><strong>NASCERE A BELLUNO <\/strong><strong>Incontri in Gmeet <\/strong>a cura dell&#8217;UOC Ostetricia e Ginecologia di Belluno MARTEDI\u2019 20 aprile ore 14.30 GIOVEDI\u2019 22 aprile ore 14.30 Per iscriversi mandare una mail a <a href=\"mailto:elisa.mento@aulss1.veneto.it\">elisa.mento@aulss1.veneto.it<\/a>\u00a0 \u00a0oppure telefonare allo 0437\/516397 dalle ore 10.00 alle ore 12.00<\/li>\n<li><\/li>\n<\/ul>\n<div class=\"o9v6fnle cxmmr5t8 oygrvhab hcukyx3x c1et5uql ii04i59q\">\n<div dir=\"auto\">\n<p>Per saperne di pi\u00f9 sui consigli per mantenersi in salute: <a class=\"oajrlxb2 g5ia77u1 qu0x051f esr5mh6w e9989ue4 r7d6kgcz rq0escxv nhd2j8a9 nc684nl6 p7hjln8o kvgmc6g5 cxmmr5t8 oygrvhab hcukyx3x jb3vyjys rz4wbd8a qt6c0cv9 a8nywdso i1ao9s8h esuyzwwr f1sip0of lzcic4wl py34i1dx gpro0wi8\" tabindex=\"0\" role=\"link\" href=\"https:\/\/l.facebook.com\/l.php?u=https%3A%2F%2Fbit.ly%2F32m9xIq%3Ffbclid%3DIwAR1UhNUaJWIRbBITP9FDN1pofHZwcGZAivsZ_DqQEtKjmvZlcc92-WARL8A&amp;h=AT0E4RVmXI5iI2YF2V7XflasUzk-LqbMKhiu09VOwFqgMBqMvrMZzQQ2iCLZSoV0xiaIXZaCUilcuWySagJ9D0Iq9gUA3DIm0VRncShjQWMim2dzcrcSHCkpR7xh6AoLMm1C&amp;__tn__=-UK-R&amp;c[0]=AT0tuZIxHpXBXBCU0076bLMZl02unpxhF8U17wnx9sIAs0rgrWZ8GyyvxQUkpzXDy_2pWGBSRESGbmH4IReSMs3Hs3DHk_5kkGz2w3WueZgaOGLM_WuKkxwYskqW-TajmxXy7hwPt74CBsMVvi2LNhMuuRd9b7IZgpotF6CW5lYWlsFUe2Xi-SvPWuk\" target=\"_blank\" rel=\"nofollow noopener\">https:\/\/bit.ly\/32m9xIq<\/a><\/p>\n<div>\n<div id=\"0DE9E47C-871A-4F90-8440-B190C216800A_201\" class=\"mcafee_ok\"><\/div>\n<\/div>\n<\/div>\n<\/div>\n<div class=\"o9v6fnle cxmmr5t8 oygrvhab hcukyx3x c1et5uql ii04i59q\">\n<div dir=\"auto\">\n<p>Qui l&#8217;elenco completo delle iniziative in programma: <a class=\"oajrlxb2 g5ia77u1 qu0x051f esr5mh6w e9989ue4 r7d6kgcz rq0escxv nhd2j8a9 nc684nl6 p7hjln8o kvgmc6g5 cxmmr5t8 oygrvhab hcukyx3x jb3vyjys rz4wbd8a qt6c0cv9 a8nywdso i1ao9s8h esuyzwwr f1sip0of lzcic4wl py34i1dx gpro0wi8\" tabindex=\"0\" role=\"link\" href=\"https:\/\/bit.ly\/3eg8U8y?fbclid=IwAR3ii6iV0wnoF0bXVTXuw_JNs6ZAsbiZu-J4lquNoLlss3y32XhHu1PJrPw\" target=\"_blank\" rel=\"nofollow noopener\">https:\/\/bit.ly\/3eg8U8y<\/a><\/p>\n<div><\/div>\n<\/div>\n<\/div>\n<p>&nbsp;<\/p>\n<p>&nbsp;<\/p>\n<hr \/>\n<p>&nbsp;<\/p>\n<blockquote>\n<h3>IN CERCA DI NORMALITA&#8217;, RIPRENDONO I CORSI IN PRESENZA<\/h3>\n<\/blockquote>\n<p><span style=\"color: #ff0000;\"><strong><img loading=\"lazy\" decoding=\"async\" class=\"alignleft\" src=\"https:\/\/www.radiopiu.net\/wordpress\/wp-content\/uploads\/2021\/04\/c727f4c7-4143-4bd9-a66c-7079fb1cbaf5-300x300.jpg\" width=\"184\" height=\"184\" \/>IERI ALLA RADIO<\/strong><\/span><br \/>\n<strong>Ospite la dottoressa Claudia Soppelsa<\/strong><\/p>\n<p>&nbsp;<\/p>\n<p>&nbsp;<\/p>\n<p>&nbsp;<\/p>\n<p><strong>di Claudio Fontanive<\/strong><\/p>\n<audio class=\"wp-audio-shortcode\" id=\"audio-204238-11\" preload=\"none\" style=\"width: 100%;\" controls=\"controls\"><source type=\"audio\/mpeg\" src=\"https:\/\/www.radiopiu.net\/wordpress\/wp-content\/uploads\/2021\/04\/claudia-soppelsa.mp3?_=11\" \/><a href=\"https:\/\/www.radiopiu.net\/wordpress\/wp-content\/uploads\/2021\/04\/claudia-soppelsa.mp3\">https:\/\/www.radiopiu.net\/wordpress\/wp-content\/uploads\/2021\/04\/claudia-soppelsa.mp3<\/a><\/audio>\n<p>&nbsp;<\/p>\n<p>&nbsp;<\/p>\n<hr \/>\n<p>&nbsp;<\/p>\n<blockquote>\n<h2>IL &#8220;COL DE LA MOLA&#8221; NELL&#8217;ANTICA REGOLA DI TAIBON<\/h2>\n<\/blockquote>\n<p><strong>Ricerca storica a \u00a0cura di Alessandro Savio<\/strong><\/p>\n<p><strong><a href=\"https:\/\/www.radiopiu.net\/wordpress\/giornale-radiopiu-20-aprile-2021-direttore-mirko-mezzacasa\/savio-alessandro_1\/\" rel=\"attachment wp-att-204439\"><img loading=\"lazy\" decoding=\"async\" class=\"wp-image-204439 alignleft\" src=\"https:\/\/www.radiopiu.net\/wordpress\/wp-content\/uploads\/2021\/04\/SAVIO-ALESSANDRO_1-e1618837958166.jpg\" alt=\"\" width=\"83\" height=\"125\" \/><\/a>TAIBON\u00a0<\/strong> La Comunit\u00e0 Agordina in epoca mediovale e successivamente durante la Serenessima Repubblica di Venezia era suddivisa in Regole. I villaggi che ne facevano parte furono inizialmente raggruppati in un \u201cCapitanato\u201d governato da un Capitano con sede in Agordo che rappresentava gli interessi di importanti signori dalla marca trevigiana e amministrato direttamente dal Podest\u00e0 di Belluno. Questi villaggi si dividevano in due distinte comunit\u00e0 e precisamente in Soprachiusa e Sottoschiusa e vi facevano parte 23 Regole; 10 di Soprachiusa e 13 di Sottochiusa. Lo storico confine fra le due confederazioni si trovava a Mezzocanale, localit\u00e0 posta fr\u00e0 Listolade e Cencenighe ove esisteva un piccolo fortilizio in muratura di pietrame edificato per controllare il passaggio di persone, animali e varie merci. (Chiusa di Listolade) documentata nel 1139. Il Capitano durava in carica un anno ed era coadiuvato da due Consoli assistenti, eletti dal consiglio di Agordo formato da Notabili locali. Essi avevano il compito di governare la giustizia, difendere i confini e tutelare gli interessi del popolo presso il Consiglio di Belluno.Le Regole si basavano anche su fermi legami ecclesiastici che avevano dei principi basati su antiche radici talvolta soggette a notevoli dispute. Singolare fu la vertenza fra i Regolieri di Alleghe e Laste per la posizione delle Croci e dei gonfaloni nella processione che si faceva ogni anno la vigilia dell\u2019Ascensione alla chiesa di L. Lucano in Comune di Taibon Agordino. Infatti dopo varie liti dovette intervenire nel 1662 con una sentenza giurata il Vescovo e Conte di Belluno e Feltre Ill.mo e Rev.mo Monsignore Giulio Barlendi che sentenzi\u00f2 l\u2019ordine delle Croci nel modo seguente:<\/p>\n<blockquote><p><em> \u201cIntendendo vertir certa differentia tra li Regolieri e volendo che tale differentia sia definita et terminata , decidemo che le Croci di S.Gotardo de Laste debbano andare avanti le Croci di S.Biasio d\u2019Alleghe et cos\u00ec pronunciamo a laude del Signore Iddio giurando in pectore di haver sentenziato et deciso per nostra coscientia. Alla presenzia del Signor eccellentissimo et Reverendissiomo Girolamo Burattini Arcidiacono di Agordo e dei testimoni Rev. Livio Burattini et Anzolo del Polver quondam Fu magistrato Bartolomio da Taibon fu cos\u00ec deciso l\u2019ordine delle Croci come devono andar processionalmente il giorno della vigilia dell\u2019Ascensione a S.Lucano .\u201d\u00a0<\/em><\/p><\/blockquote>\n<p><strong>ORDINE DELLE CROCI <\/strong>1 S.Michele della Valle 2 S.S.Vittore e Corona de Voltago\u00a0 3 S.Nicol\u00f2 da Frassen\u00e8 4 S.Florian da Riva 5 S.Bartolomio da Tiser 6 S.Giacomo da Gosalt 7 S.Cipriano da Taibon 8 S.Lucano da Taibon 9 S.Gotardo da Laste 10 S.Tomaso 11 S.Antonio Abate da Cencenighe 12 S.Biasio d\u2019Alleghe 13 S.Maria Maddalena della Rocca 14 La Pieve da Canal 15 S.Maria di Agordo.\u00a0 Ovviamente per ordine di importanza le pi\u00f9 blasonate erano le ultime, e non le prime infatti le effigie di S. Maria di Agordo era posizionata al n. 15 essendo La Pieve di Agordo a capo della forania. Le varie Regole avevano inoltre la facolt\u00e0 di riunirsi attraverso i capifamiglia od i loro rappresentanti per discutere i vari affari della comunit\u00e0. La Regola di Taibon che raggruppava le quattro Regole di Forno Val \u2013 Peden \u2013 Taibon e Listolade si riuniva nella localit\u00e0 detta \u201cCol de La Mola\u201d citata in un documento del 1548, che letteralmente in termini dialettali pu\u00f2 provenire certamente da \u201ccolle\u201d, mentre \u201cmola\u201d significa macina o ruota da molino ovvero utensile rotante in pietra. In effetti vista la esistenza di una roggia che incanalava l\u2019acqua dalla localit\u00e0 Forno di Val (inizio della Valle di San Lucano) e che scendeva successivamente passando per il centro di Taibon allo scopo di alimentare con la forza motrice dell\u2019acqua vari opifici ,quali fucine, segherie, e mulini, \u00e8 probabile che anche nel centro di Taibon esistesse un mulino per la macina delle segale. Il \u201cColle\u201d nominato dai vari storici e localizzato nel pensiero comune di fronte alla chiesa di S. Rocco (demolita nel 1966 per questioni di viabilit\u00e0), in realt\u00e0 era ubicato pi\u00f9 in alto e precisamente nella antica corte o piazzetta retrostante all\u2019attuale edificio \u201cBar del Cech\u201d in via Col di Lana. In quella corte, contornata da vecchi edifici di abitazione ed in posizione sopraelevata rispetto al centro del paese si riunivano i rappresentanti ed i capifamiglia della antica Regola di Taibon per discutere degli affari comuni che poi gerarchicamente venivano esposti al Consiglio del Capitanato di Agordo, secondo i dettami dell\u2019istituto amministrativo. Le Regole nei Comuni di Sottochiusa ormai sono andate in oblio ed hanno perso l\u2019aspetto giuridico della cura del territorio e le antiche radici storiche . Continuano invece ad esistere nei paesi dell\u2019alto Agordino e soprattutto in Ampezzo, Cadore e Comelico. Attualmente, in quei territori , l\u2019Istituto delle Regole ha una notevole importanza sulle scelte in alcuni specifici argomenti , soprattutto inerenti alla propriet\u00e0 collettiva delle terre di pascolo e forestali che si intendono di uso esclusivo degli abitanti originari<\/p>\n<p><em>Note da : Storia dell\u2019Agordino. don Fernando Tamis Il Capitanato di Agordo del 1500. Tito De Nardin \u2013 G. Tomasi San Lucano Una Chiesa una casa. Alessandro Savio \u2013 Tito De Nardin I nomi dei luoghi della Conca Agordina. Tito De Nardin \u2013 G. Tomasi\u00a0<\/em><\/p>\n<p><strong>GALLERIA FOTOGRAFICA Cartoline d\u2019epoca primi anni del 900<\/strong><\/p>\n\n\t\t\t<style type='text\/css'>\n\t\t\t\t#gallery-9 {\n\t\t\t\t\tmargin: auto;\n\t\t\t\t}\n\t\t\t\t#gallery-9 .gallery-item {\n\t\t\t\t\tfloat: left;\n\t\t\t\t\tmargin-top: 10px;\n\t\t\t\t\ttext-align: center;\n\t\t\t\t\twidth: 33%;\n\t\t\t\t}\n\t\t\t\t#gallery-9 img {\n\t\t\t\t\tborder: 2px solid #cfcfcf;\n\t\t\t\t}\n\t\t\t\t#gallery-9 .gallery-caption {\n\t\t\t\t\tmargin-left: 0;\n\t\t\t\t}\n\t\t\t\t\/* see gallery_shortcode() in wp-includes\/media.php *\/\n\t\t\t<\/style>\n\t\t<div id='gallery-9' class='dt-gallery-container gallery galleryid-204238 gallery-columns-3 gallery-size-medium'><dl class='gallery-item'>\n\t\t\t\t<dt class='gallery-icon landscape'>\n\t\t\t\t\t<a class=\"rollover rollover-zoom dt-pswp-item\" title=\"Antico sacello di San Rocco demolito dopo l\u2019alluvione del 1966\" data-dt-img-description=\"\" data-large_image_width=\"723\" data-large_image_height=\"551\"href='https:\/\/www.radiopiu.net\/wordpress\/wp-content\/uploads\/2021\/04\/1ef45f7a-58b1-43f7-b3bf-dbaf7b10835b.jpg'><img loading=\"lazy\" decoding=\"async\" width=\"300\" height=\"229\" src=\"https:\/\/www.radiopiu.net\/wordpress\/wp-content\/uploads\/2021\/04\/1ef45f7a-58b1-43f7-b3bf-dbaf7b10835b-300x229.jpg\" class=\"attachment-medium size-medium\" alt=\"\" aria-describedby=\"gallery-9-204357\" srcset=\"https:\/\/www.radiopiu.net\/wordpress\/wp-content\/uploads\/2021\/04\/1ef45f7a-58b1-43f7-b3bf-dbaf7b10835b-300x229.jpg 300w, https:\/\/www.radiopiu.net\/wordpress\/wp-content\/uploads\/2021\/04\/1ef45f7a-58b1-43f7-b3bf-dbaf7b10835b.jpg 723w\" sizes=\"auto, (max-width: 300px) 100vw, 300px\" \/><\/a>\n\t\t\t\t<\/dt>\n\t\t\t\t\t<dd class='wp-caption-text gallery-caption' id='gallery-9-204357'>\n\t\t\t\t\tAntico sacello di San Rocco demolito dopo l\u2019alluvione del 1966\n\t\t\t\t\t<\/dd><\/dl><dl class='gallery-item'>\n\t\t\t\t<dt class='gallery-icon landscape'>\n\t\t\t\t\t<a class=\"rollover rollover-zoom dt-pswp-item\" title=\"Immagini di Piazza San Rocco\" data-dt-img-description=\"\" data-large_image_width=\"740\" data-large_image_height=\"548\"href='https:\/\/www.radiopiu.net\/wordpress\/wp-content\/uploads\/2021\/04\/f7e0fe80-179a-40d5-9adb-99ca9a8f039a.jpg'><img loading=\"lazy\" decoding=\"async\" width=\"300\" height=\"222\" src=\"https:\/\/www.radiopiu.net\/wordpress\/wp-content\/uploads\/2021\/04\/f7e0fe80-179a-40d5-9adb-99ca9a8f039a-300x222.jpg\" class=\"attachment-medium size-medium\" alt=\"\" aria-describedby=\"gallery-9-204358\" srcset=\"https:\/\/www.radiopiu.net\/wordpress\/wp-content\/uploads\/2021\/04\/f7e0fe80-179a-40d5-9adb-99ca9a8f039a-300x222.jpg 300w, https:\/\/www.radiopiu.net\/wordpress\/wp-content\/uploads\/2021\/04\/f7e0fe80-179a-40d5-9adb-99ca9a8f039a.jpg 740w\" sizes=\"auto, (max-width: 300px) 100vw, 300px\" \/><\/a>\n\t\t\t\t<\/dt>\n\t\t\t\t\t<dd class='wp-caption-text gallery-caption' id='gallery-9-204358'>\n\t\t\t\t\tUfficio della Posta e antica osteria\n\t\t\t\t\t<\/dd><\/dl><dl class='gallery-item'>\n\t\t\t\t<dt class='gallery-icon landscape'>\n\t\t\t\t\t<a class=\"rollover rollover-zoom dt-pswp-item\" title=\"df42f247-eb95-4420-954a-c4228c0760eb\" data-dt-img-description=\"\" data-large_image_width=\"880\" data-large_image_height=\"641\"href='https:\/\/www.radiopiu.net\/wordpress\/wp-content\/uploads\/2021\/04\/df42f247-eb95-4420-954a-c4228c0760eb.jpg'><img loading=\"lazy\" decoding=\"async\" width=\"300\" height=\"219\" src=\"https:\/\/www.radiopiu.net\/wordpress\/wp-content\/uploads\/2021\/04\/df42f247-eb95-4420-954a-c4228c0760eb-300x219.jpg\" class=\"attachment-medium size-medium\" alt=\"\" aria-describedby=\"gallery-9-204359\" srcset=\"https:\/\/www.radiopiu.net\/wordpress\/wp-content\/uploads\/2021\/04\/df42f247-eb95-4420-954a-c4228c0760eb-300x219.jpg 300w, https:\/\/www.radiopiu.net\/wordpress\/wp-content\/uploads\/2021\/04\/df42f247-eb95-4420-954a-c4228c0760eb-768x559.jpg 768w, https:\/\/www.radiopiu.net\/wordpress\/wp-content\/uploads\/2021\/04\/df42f247-eb95-4420-954a-c4228c0760eb.jpg 880w\" sizes=\"auto, (max-width: 300px) 100vw, 300px\" \/><\/a>\n\t\t\t\t<\/dt>\n\t\t\t\t\t<dd class='wp-caption-text gallery-caption' id='gallery-9-204359'>\n\t\t\t\t\tTorrente Tegnas in centro al paese con la vecchia roggia\n\t\t\t\t\t<\/dd><\/dl><br style=\"clear: both\" \/><dl class='gallery-item'>\n\t\t\t\t<dt class='gallery-icon portrait'>\n\t\t\t\t\t<a class=\"rollover rollover-zoom dt-pswp-item\" title=\"ad4b6c01-a0f0-4e4e-9006-86bcb7e935e9\" data-dt-img-description=\" Edificio  Ex Municipio \u2013 gi\u00e0 ex canonica \n       Esercitazione dei pompieri  ( in alto si nota Savio Milano classe 1899 in posizione acrobatica ) anni \u201c20\n\" data-large_image_width=\"664\" data-large_image_height=\"1024\"href='https:\/\/www.radiopiu.net\/wordpress\/wp-content\/uploads\/2021\/04\/ad4b6c01-a0f0-4e4e-9006-86bcb7e935e9.jpg'><img loading=\"lazy\" decoding=\"async\" width=\"195\" height=\"300\" src=\"https:\/\/www.radiopiu.net\/wordpress\/wp-content\/uploads\/2021\/04\/ad4b6c01-a0f0-4e4e-9006-86bcb7e935e9-195x300.jpg\" class=\"attachment-medium size-medium\" alt=\"\" aria-describedby=\"gallery-9-204360\" srcset=\"https:\/\/www.radiopiu.net\/wordpress\/wp-content\/uploads\/2021\/04\/ad4b6c01-a0f0-4e4e-9006-86bcb7e935e9-195x300.jpg 195w, https:\/\/www.radiopiu.net\/wordpress\/wp-content\/uploads\/2021\/04\/ad4b6c01-a0f0-4e4e-9006-86bcb7e935e9.jpg 664w\" sizes=\"auto, (max-width: 195px) 100vw, 195px\" \/><\/a>\n\t\t\t\t<\/dt>\n\t\t\t\t\t<dd class='wp-caption-text gallery-caption' id='gallery-9-204360'>\n\t\t\t\t\tEdificio  Ex Municipio \u2013 gi\u00e0 ex canonica \n       Esercitazione dei pompieri  ( in alto si nota Savio Milano classe 1899 in posizione acrobatica ) anni \u201c20\n\n\t\t\t\t\t<\/dd><\/dl><dl class='gallery-item'>\n\t\t\t\t<dt class='gallery-icon landscape'>\n\t\t\t\t\t<a class=\"rollover rollover-zoom dt-pswp-item\" title=\"6b53b26e-af5b-4cf4-8fce-9ff72a39d145\" data-dt-img-description=\"\" data-large_image_width=\"1024\" data-large_image_height=\"735\"href='https:\/\/www.radiopiu.net\/wordpress\/wp-content\/uploads\/2021\/04\/6b53b26e-af5b-4cf4-8fce-9ff72a39d145.jpg'><img loading=\"lazy\" decoding=\"async\" width=\"300\" height=\"215\" src=\"https:\/\/www.radiopiu.net\/wordpress\/wp-content\/uploads\/2021\/04\/6b53b26e-af5b-4cf4-8fce-9ff72a39d145-300x215.jpg\" class=\"attachment-medium size-medium\" alt=\"\" aria-describedby=\"gallery-9-204361\" srcset=\"https:\/\/www.radiopiu.net\/wordpress\/wp-content\/uploads\/2021\/04\/6b53b26e-af5b-4cf4-8fce-9ff72a39d145-300x215.jpg 300w, https:\/\/www.radiopiu.net\/wordpress\/wp-content\/uploads\/2021\/04\/6b53b26e-af5b-4cf4-8fce-9ff72a39d145-768x551.jpg 768w, https:\/\/www.radiopiu.net\/wordpress\/wp-content\/uploads\/2021\/04\/6b53b26e-af5b-4cf4-8fce-9ff72a39d145.jpg 1024w\" sizes=\"auto, (max-width: 300px) 100vw, 300px\" \/><\/a>\n\t\t\t\t<\/dt>\n\t\t\t\t\t<dd class='wp-caption-text gallery-caption' id='gallery-9-204361'>\n\t\t\t\t\t  Il vero   \u201cCOL DE LA MOLA\u201d dove si riunivano i Regolieri  di Taibon Agordino\n                                 Antica corte distinta con particella n 71 del Catasto Austro Italiano  (1834)\n                                 detto anche vecchio o cessato catasto\n\n                                 Distinta  con mappale n 369 del Foglio 38 del Nuovo Catasto Terreni \n                                 mappa redatta nel 1951\n\t\t\t\t\t<\/dd><\/dl><dl class='gallery-item'>\n\t\t\t\t<dt class='gallery-icon landscape'>\n\t\t\t\t\t<a class=\"rollover rollover-zoom dt-pswp-item\" title=\"\u201cCOL DE LA MOLA \u201c  corte colorata in verde  particella 369 del Foglio 38\" data-dt-img-description=\"\" data-large_image_width=\"990\" data-large_image_height=\"735\"href='https:\/\/www.radiopiu.net\/wordpress\/wp-content\/uploads\/2021\/04\/c8a7637c-33f4-4ef5-9909-eba9a11a6152.jpg'><img loading=\"lazy\" decoding=\"async\" width=\"300\" height=\"223\" src=\"https:\/\/www.radiopiu.net\/wordpress\/wp-content\/uploads\/2021\/04\/c8a7637c-33f4-4ef5-9909-eba9a11a6152-300x223.jpg\" class=\"attachment-medium size-medium\" alt=\"\" aria-describedby=\"gallery-9-204363\" srcset=\"https:\/\/www.radiopiu.net\/wordpress\/wp-content\/uploads\/2021\/04\/c8a7637c-33f4-4ef5-9909-eba9a11a6152-300x223.jpg 300w, https:\/\/www.radiopiu.net\/wordpress\/wp-content\/uploads\/2021\/04\/c8a7637c-33f4-4ef5-9909-eba9a11a6152-768x570.jpg 768w, https:\/\/www.radiopiu.net\/wordpress\/wp-content\/uploads\/2021\/04\/c8a7637c-33f4-4ef5-9909-eba9a11a6152.jpg 990w\" sizes=\"auto, (max-width: 300px) 100vw, 300px\" \/><\/a>\n\t\t\t\t<\/dt>\n\t\t\t\t\t<dd class='wp-caption-text gallery-caption' id='gallery-9-204363'>\n\t\t\t\t\t   Estratto dal Nuovo Catasto terreni  1951\n                         \u201cCOL DE LA MOLA \u201c  corte colorata in verde  particella 369 del Foglio 38        \n\t\t\t\t\t<\/dd><\/dl><br style=\"clear: both\" \/><dl class='gallery-item'>\n\t\t\t\t<dt class='gallery-icon landscape'>\n\t\t\t\t\t<a class=\"rollover rollover-zoom dt-pswp-item\" title=\"Estratto dal Catasto Austro Italiano   1834                                  \u201cCOL DE LA MOLA \u201c   corte  colorata di verde  particella n 71\" data-dt-img-description=\"\" data-large_image_width=\"1022\" data-large_image_height=\"744\"href='https:\/\/www.radiopiu.net\/wordpress\/wp-content\/uploads\/2021\/04\/043e5093-0fd7-4abc-a24d-0c245de2f59b.jpg'><img loading=\"lazy\" decoding=\"async\" width=\"300\" height=\"218\" src=\"https:\/\/www.radiopiu.net\/wordpress\/wp-content\/uploads\/2021\/04\/043e5093-0fd7-4abc-a24d-0c245de2f59b-300x218.jpg\" class=\"attachment-medium size-medium\" alt=\"\" aria-describedby=\"gallery-9-204362\" srcset=\"https:\/\/www.radiopiu.net\/wordpress\/wp-content\/uploads\/2021\/04\/043e5093-0fd7-4abc-a24d-0c245de2f59b-300x218.jpg 300w, https:\/\/www.radiopiu.net\/wordpress\/wp-content\/uploads\/2021\/04\/043e5093-0fd7-4abc-a24d-0c245de2f59b-768x559.jpg 768w, https:\/\/www.radiopiu.net\/wordpress\/wp-content\/uploads\/2021\/04\/043e5093-0fd7-4abc-a24d-0c245de2f59b.jpg 1022w\" sizes=\"auto, (max-width: 300px) 100vw, 300px\" \/><\/a>\n\t\t\t\t<\/dt>\n\t\t\t\t\t<dd class='wp-caption-text gallery-caption' id='gallery-9-204362'>\n\t\t\t\t\t     Estratto dal Catasto Austro Italiano   1834     \n                            \u201cCOL DE LA MOLA \u201c   corte  colorata di verde  particella n 71\n\t\t\t\t\t<\/dd><\/dl>\n\t\t\t\t<br style='clear: both' \/>\n\t\t\t<\/div>\n\n<p>&nbsp;<\/p>\n<hr \/>\n<p>&nbsp;<\/p>\n<div class=\"l60d2q6s d1544ag0 sj5x9vvc tw6a2znq l9j0dhe7 ni8dbmo4 stjgntxs qlfml3jp inkptoze e72ty7fz qttc61fc jm1wdb64 qv66sw1b ljqsnud1 g6srhlxm odn2s2vf\">\n<blockquote>\n<h3 class=\"oo9gr5id\" dir=\"auto\" style=\"text-align: left;\">UN FELTRINO CONTRO IL BANDITISMO: UGO LUCA, COLONNELLO CARABINIERE<\/h3>\n<\/blockquote>\n<\/div>\n<div dir=\"auto\"><\/div>\n<div dir=\"auto\"><strong>di RENATO BONA<\/strong><\/div>\n<div dir=\"auto\"><\/div>\n<div dir=\"auto\"><strong>FELTRE\u00a0 \u00a0<\/strong>\u201cUn feltrino contro il banditismo\u201d. Sotto questo titolo, Stefania Lucentini ricordava nel numero 4 dell\u2019aprile 1999, del mensile Fil\u00f2 fondato e diretto dal bellunese Ivano Pocchiesa Cno, l\u2019invio in Sicilia a capo del Comando forze repressione banditismo, composto da carabinieri e uomini della polizia, di Ugo Luca, colonnello della Benemerita, nativo di Feltre, citt\u00e0 della quale, dopo i successi nella lotta per la repressione del banditismo e congedatosi dall\u2019Arma con il grado di generale di divisione &#8211; era il 1962 &#8211; divenne sindaco, ottenendo il maggior numero di preferenze (967) con la lista della Democrazia Cristiana. Ricordava, Lucentini, che il 24 agosto 1949 il presidente del consiglio Alcide De Gasperi \u201cseguito a passo dal fedele segretario Cingolani\u201d, era in visita agli importanti lavori in corso nei cantieri della Sade a Soverzene e a Sottocastello (in provincia di Belluno &#8211; ndr.) ma era anche perfettamente al corrente e convinto delle decisioni che al ministero dell\u2019Interno stavano per essere assunte\u201d. Lo storico Paolo Conte ha pubblicato anni fasu \u201cL\u2019Amico del Popolo\u201d, settimanale della Diocesi di Belluno-Feltre un altro particolare di quella venuta di De Gasperi nel Bellunese: la visita segreta che fece al convento dei frati di Mussoi dove incontr\u00f2 il vescovo di Trieste e Capodistria monsignor Antonio Santin. per discutere della situazione di Trieste che era stata occupata dalle truppe del leader slavo Tito. Ma torniamo ai lavori di Roma\u00ec; il ministro Mario Scelba, il sottosegretario Marazza, il capo della polizia, il comandante generale dell\u2019arma dei carabinieri ed il presidente della regione Sicilia, Restivo, comunicarono l\u2019esito del vertice al Viminale: i reiterati e gravi fatti accaduti nella zona di Montelepre, specie dopo il cosiddetto eccidio di Bellolampo dove erano stati trucidati sette carabinieri, avevano consigliato il cambiamento di strategia nella lotta al banditismo nell\u2019isola\u201d e cos\u00ec, tra i vari provvedimenti, fu decisa l\u2019istituzione del Comando forze repressione banditismo, formato da carabinieri e poliziotti. A capo della speciale unit\u00e0 venne nominato il colonnello Ugo Luca, feltrino (vi era nato il 24 maggio del 1892 ed \u00e8 mancato il 5 luglio 1967; suo padre, Pietro, sottufficiale dei carabinieri era stato amministratore comunale nelle giunte nei primi anni del secolo ed aveva tra l\u2019altro \u201cdato la prima seria organizzazione al corpo dei Vigili urbani\u201d). Vediamo il profilo di Ugo Luca: nella Grande Guerra aveva combattuto come ardito meritandosi la medaglia d\u2019argento al valor militare; nel 1919 venne inviato a Costantinopoli e fu quindi nel Servizio informazioni militari. Lavor\u00f2 poi a lungo, negli anni venti e trenta in Turchia, a Rodi, in Libia; col grado di maggiore durante la guerra civile spagnola diresse il Servizio informazioni del Corpo truppe volontarie dell\u2019Italia. Anno 1939: assegnato al comando dei carabinieri al ministero dell\u2019Aeronautica, diresse la sezione controspionaggio e venne nominato tenente colonnello. Nella seconda guerra mondiale coordina i servizi di sicurezza e di polizia militare delle basi sui fronti di guerra della Regia Aeronautica. Ancora dalla libera enciclopedia Wikipedia: Specialista del Medio Oriente (parlava la lingua araba), nel 1942, inquadrato come \u201caddetto commerciale\u201d dell\u2019ambasciata italiana in Turchia, risult\u00f2 implicato nell\u2019omicidio della dissidente antifascista Lea Schiavi. Dopo l\u20198 settembre 1943, giorno dell\u2019armistizio, per ordine del generale dell\u2019Arma Filippo Caruso, il feltrino rimase a Roma durante l\u2019occupazione nazista, quale responsabile del Nucleo informativo del Fronte militare clandestino del colonnello Giuseppe Cordero Lanza di Montezemolo. Dopo la liberazione, uscito indenne dal processo per la morte di Lea Schiavi, da colonnello fu nominato comandante della Legione carabinieri Lazio. E\u2019 del 12 agosto 1949 l\u2019invio in Sicilia per la lotta contro il banditismo. Rimase ferito nella \u201cstrage di Bellolampo\u201d quando, il 19 agosto 1949, la caserma dei carabinieri sub\u00ec un durissimo attacco dagli uomini del bandito Salvatore Giuliano; al ritorno dal successivo rastrellamento, un camion salt\u00f2 su una mina anticarro e 7 carabinieri persero la vita mentre Luca rimase ferito. Nominato comandante delle forze di repressone del banditismo, aveva ai suoi ordini 27 ufficiali dei carabinieri tra i quali l\u2019allora capitano Carlo Alberto Della Chiesa (poi vittima con la moglie della mafia!) e 16 della Polizia. Grazie ad un informatore, Gaspare Pisciotta, cugino del bandito, il 3 luglio 1950 Salvatore Giuliano cadde a Castelvetrano in un agguato. Due giorni pi\u00f9 tardi il ministero ne comunic\u00f2 ufficialmente la morte ma la versione ufficiale contrasta con quella secondo cui Giuliano era stato ucciso nel sonno proprio da Pisciotta. Una morte avvolta da mille misteri quella di \u201cTuriddu\u201d il bandito siciliano che decise di non sottomettersi e unirsi agli oppressori. Nascosto nelle montagne di Montelepre, e nelle colline siciliane, con la sua banda sfid\u00f2 apertamente l\u2019ordine costituito, \u201ccontro le ingiustizie dello Stato e dei suoi organi repressivi\u201d. Luca fu promosso generale di brigata ed and\u00f2 in pensione nel 1954 come generale di divisione, il massimo grado al\u2019epoca raggiungibile da un ufficiale dei carabinieri. Col collocamento in ausiliaria assunse la presidenza del Museo storico dell\u2019Arma. Poi dal 1962 al 1967, come detto, fu sindaco di Feltre. E\u2019 sepolto a Santorso in provincia di Vicenza, all&#8217;interno del cimitero \u201cvecchio\u201d vicino alla chiesa del Santo. Insieme a lui riposa la moglie Maria Facci, originaria proprio di Santorso. Con lei aveva vissuto anche in paese nella villa con parco nel centro storico, tuttora chiamata \u201cVilla Luca\u201d. E\u2019 stato accertato che ad agire furono i \u201csoliti ignoti\u201d compiendo un raid notturno che ha interessato anche altre tombe e loculi del camposanto, da cui hanno rubato soprattutto vasi di ottone e rame, circa una ventina, con l&#8217;evidente scopo di rivenderli. Dalla tomba di famiglia dei Luca, la pi\u00f9 grande del cimitero e dotata di una sua cancellata che non hanno esitato a forzare tranciandone il catenaccio, sono riusciti ad asportare un grande portavasi in metallo, lasciando a terra sparsi tutti i fiori artificiali contenuti all&#8217;interno. Concludiamo ricordando le onorificenze ottenute da Ugo Luca: medaglia d\u2019argento al valor militare per l\u2019attivit\u00e0 a Monte Cucco il 12 maggio 1917; medaglia d\u2019argento per attivit\u00e0 in Valle Rohot, Dragovice, 20 agosto 1917; medaglia d\u2019argento per attivit\u00e0 quale maggiore comandante di reparto combattente dei carabinieri a Puerto de Escudo, Santander, il 21 luglio 1938; medaglia d\u2019argento perch\u00e9 \u201cquale appartenente a bande armate del fronte di resistenza, per nove mesi di dura lotta clandestina ne dirigeva, in territorio occupato dal nemico, il servizio informativo e controspionaggio, Roma 1943-44; medaglia di bronzo al valor militare per attivit\u00e0 sul Monte Matajur il 23 ottobre 1917; medaglia di bronzo per attivit\u00e0 nella battaglia di Guadalajara, marzo 1937.<\/div>\n<div dir=\"auto\"><\/div>\n<div dir=\"auto\">\n\n\t\t\t<style type='text\/css'>\n\t\t\t\t#gallery-10 {\n\t\t\t\t\tmargin: auto;\n\t\t\t\t}\n\t\t\t\t#gallery-10 .gallery-item {\n\t\t\t\t\tfloat: left;\n\t\t\t\t\tmargin-top: 10px;\n\t\t\t\t\ttext-align: center;\n\t\t\t\t\twidth: 25%;\n\t\t\t\t}\n\t\t\t\t#gallery-10 img {\n\t\t\t\t\tborder: 2px solid #cfcfcf;\n\t\t\t\t}\n\t\t\t\t#gallery-10 .gallery-caption {\n\t\t\t\t\tmargin-left: 0;\n\t\t\t\t}\n\t\t\t\t\/* see gallery_shortcode() in wp-includes\/media.php *\/\n\t\t\t<\/style>\n\t\t<div id='gallery-10' class='dt-gallery-container gallery galleryid-204238 gallery-columns-4 gallery-size-thumbnail'><dl class='gallery-item'>\n\t\t\t\t<dt class='gallery-icon portrait'>\n\t\t\t\t\t<a class=\"rollover rollover-zoom dt-pswp-item\" title=\"175397895_142967681105343_5489884916693523290_n\" data-dt-img-description=\"\" data-large_image_width=\"158\" data-large_image_height=\"240\"href='https:\/\/www.radiopiu.net\/wordpress\/wp-content\/uploads\/2021\/04\/175397895_142967681105343_5489884916693523290_n.jpg'><img loading=\"lazy\" decoding=\"async\" width=\"150\" height=\"150\" src=\"https:\/\/www.radiopiu.net\/wordpress\/wp-content\/uploads\/2021\/04\/175397895_142967681105343_5489884916693523290_n-150x150.jpg\" class=\"attachment-thumbnail size-thumbnail\" alt=\"\" \/><\/a>\n\t\t\t\t<\/dt><\/dl><dl class='gallery-item'>\n\t\t\t\t<dt class='gallery-icon landscape'>\n\t\t\t\t\t<a class=\"rollover rollover-zoom dt-pswp-item\" title=\"175791840_1452843365047116_1766404271499830780_n\" data-dt-img-description=\"\" data-large_image_width=\"190\" data-large_image_height=\"130\"href='https:\/\/www.radiopiu.net\/wordpress\/wp-content\/uploads\/2021\/04\/175791840_1452843365047116_1766404271499830780_n.jpg'><img loading=\"lazy\" decoding=\"async\" width=\"150\" height=\"130\" src=\"https:\/\/www.radiopiu.net\/wordpress\/wp-content\/uploads\/2021\/04\/175791840_1452843365047116_1766404271499830780_n-150x130.jpg\" class=\"attachment-thumbnail size-thumbnail\" alt=\"\" \/><\/a>\n\t\t\t\t<\/dt><\/dl><dl class='gallery-item'>\n\t\t\t\t<dt class='gallery-icon landscape'>\n\t\t\t\t\t<a class=\"rollover rollover-zoom dt-pswp-item\" title=\"176082666_2376017515876675_2027580096837148736_n\" data-dt-img-description=\"\" data-large_image_width=\"299\" data-large_image_height=\"168\"href='https:\/\/www.radiopiu.net\/wordpress\/wp-content\/uploads\/2021\/04\/176082666_2376017515876675_2027580096837148736_n.jpg'><img loading=\"lazy\" decoding=\"async\" width=\"150\" height=\"150\" src=\"https:\/\/www.radiopiu.net\/wordpress\/wp-content\/uploads\/2021\/04\/176082666_2376017515876675_2027580096837148736_n-150x150.jpg\" class=\"attachment-thumbnail size-thumbnail\" alt=\"\" \/><\/a>\n\t\t\t\t<\/dt><\/dl><dl class='gallery-item'>\n\t\t\t\t<dt class='gallery-icon portrait'>\n\t\t\t\t\t<a class=\"rollover rollover-zoom dt-pswp-item\" title=\"175278019_285349976469198_2329211483568807648_n\" data-dt-img-description=\"\" data-large_image_width=\"153\" data-large_image_height=\"206\"href='https:\/\/www.radiopiu.net\/wordpress\/wp-content\/uploads\/2021\/04\/175278019_285349976469198_2329211483568807648_n.jpg'><img loading=\"lazy\" decoding=\"async\" width=\"150\" height=\"150\" src=\"https:\/\/www.radiopiu.net\/wordpress\/wp-content\/uploads\/2021\/04\/175278019_285349976469198_2329211483568807648_n-150x150.jpg\" class=\"attachment-thumbnail size-thumbnail\" alt=\"\" \/><\/a>\n\t\t\t\t<\/dt><\/dl><br style=\"clear: both\" \/><dl class='gallery-item'>\n\t\t\t\t<dt class='gallery-icon portrait'>\n\t\t\t\t\t<a class=\"rollover rollover-zoom dt-pswp-item\" title=\"175909330_449981086102143_5793331101566012060_n\" data-dt-img-description=\"\" data-large_image_width=\"160\" data-large_image_height=\"204\"href='https:\/\/www.radiopiu.net\/wordpress\/wp-content\/uploads\/2021\/04\/175909330_449981086102143_5793331101566012060_n.jpg'><img loading=\"lazy\" decoding=\"async\" width=\"150\" height=\"150\" src=\"https:\/\/www.radiopiu.net\/wordpress\/wp-content\/uploads\/2021\/04\/175909330_449981086102143_5793331101566012060_n-150x150.jpg\" class=\"attachment-thumbnail size-thumbnail\" alt=\"\" \/><\/a>\n\t\t\t\t<\/dt><\/dl><dl class='gallery-item'>\n\t\t\t\t<dt class='gallery-icon portrait'>\n\t\t\t\t\t<a class=\"rollover rollover-zoom dt-pswp-item\" title=\"175412850_470579490900155_6451812181773145686_n\" data-dt-img-description=\"\" data-large_image_width=\"155\" data-large_image_height=\"225\"href='https:\/\/www.radiopiu.net\/wordpress\/wp-content\/uploads\/2021\/04\/175412850_470579490900155_6451812181773145686_n.jpg'><img loading=\"lazy\" decoding=\"async\" width=\"150\" height=\"150\" src=\"https:\/\/www.radiopiu.net\/wordpress\/wp-content\/uploads\/2021\/04\/175412850_470579490900155_6451812181773145686_n-150x150.jpg\" class=\"attachment-thumbnail size-thumbnail\" alt=\"\" \/><\/a>\n\t\t\t\t<\/dt><\/dl><dl class='gallery-item'>\n\t\t\t\t<dt class='gallery-icon landscape'>\n\t\t\t\t\t<a class=\"rollover rollover-zoom dt-pswp-item\" title=\"175921970_509375870071826_5610883710685182533_n\" data-dt-img-description=\"\" data-large_image_width=\"281\" data-large_image_height=\"206\"href='https:\/\/www.radiopiu.net\/wordpress\/wp-content\/uploads\/2021\/04\/175921970_509375870071826_5610883710685182533_n.jpg'><img loading=\"lazy\" decoding=\"async\" width=\"150\" height=\"150\" src=\"https:\/\/www.radiopiu.net\/wordpress\/wp-content\/uploads\/2021\/04\/175921970_509375870071826_5610883710685182533_n-150x150.jpg\" class=\"attachment-thumbnail size-thumbnail\" alt=\"\" \/><\/a>\n\t\t\t\t<\/dt><\/dl><dl class='gallery-item'>\n\t\t\t\t<dt class='gallery-icon landscape'>\n\t\t\t\t\t<a class=\"rollover rollover-zoom dt-pswp-item\" title=\"175294477_530711354587165_3873974531381404775_n\" data-dt-img-description=\"\" data-large_image_width=\"217\" data-large_image_height=\"206\"href='https:\/\/www.radiopiu.net\/wordpress\/wp-content\/uploads\/2021\/04\/175294477_530711354587165_3873974531381404775_n.jpg'><img loading=\"lazy\" decoding=\"async\" width=\"150\" height=\"150\" src=\"https:\/\/www.radiopiu.net\/wordpress\/wp-content\/uploads\/2021\/04\/175294477_530711354587165_3873974531381404775_n-150x150.jpg\" class=\"attachment-thumbnail size-thumbnail\" alt=\"\" \/><\/a>\n\t\t\t\t<\/dt><\/dl><br style=\"clear: both\" \/><dl class='gallery-item'>\n\t\t\t\t<dt class='gallery-icon portrait'>\n\t\t\t\t\t<a class=\"rollover rollover-zoom dt-pswp-item\" title=\"175606883_750357712507841_2770537686888803431_n\" data-dt-img-description=\"\" data-large_image_width=\"72\" data-large_image_height=\"110\"href='https:\/\/www.radiopiu.net\/wordpress\/wp-content\/uploads\/2021\/04\/175606883_750357712507841_2770537686888803431_n.jpg'><img loading=\"lazy\" decoding=\"async\" width=\"72\" height=\"110\" src=\"https:\/\/www.radiopiu.net\/wordpress\/wp-content\/uploads\/2021\/04\/175606883_750357712507841_2770537686888803431_n.jpg\" class=\"attachment-thumbnail size-thumbnail\" alt=\"\" \/><\/a>\n\t\t\t\t<\/dt><\/dl><dl class='gallery-item'>\n\t\t\t\t<dt class='gallery-icon landscape'>\n\t\t\t\t\t<a class=\"rollover rollover-zoom dt-pswp-item\" title=\"175175013_812040106085338_5954586956492984197_n\" data-dt-img-description=\"\" data-large_image_width=\"310\" data-large_image_height=\"206\"href='https:\/\/www.radiopiu.net\/wordpress\/wp-content\/uploads\/2021\/04\/175175013_812040106085338_5954586956492984197_n.jpg'><img loading=\"lazy\" decoding=\"async\" width=\"150\" height=\"150\" src=\"https:\/\/www.radiopiu.net\/wordpress\/wp-content\/uploads\/2021\/04\/175175013_812040106085338_5954586956492984197_n-150x150.jpg\" class=\"attachment-thumbnail size-thumbnail\" alt=\"\" \/><\/a>\n\t\t\t\t<\/dt><\/dl><dl class='gallery-item'>\n\t\t\t\t<dt class='gallery-icon portrait'>\n\t\t\t\t\t<a class=\"rollover rollover-zoom dt-pswp-item\" title=\"175769137_933560437409014_8406239217136777394_n\" data-dt-img-description=\"\" data-large_image_width=\"160\" data-large_image_height=\"204\"href='https:\/\/www.radiopiu.net\/wordpress\/wp-content\/uploads\/2021\/04\/175769137_933560437409014_8406239217136777394_n.jpg'><img loading=\"lazy\" decoding=\"async\" width=\"150\" height=\"150\" src=\"https:\/\/www.radiopiu.net\/wordpress\/wp-content\/uploads\/2021\/04\/175769137_933560437409014_8406239217136777394_n-150x150.jpg\" class=\"attachment-thumbnail size-thumbnail\" alt=\"\" \/><\/a>\n\t\t\t\t<\/dt><\/dl><dl class='gallery-item'>\n\t\t\t\t<dt class='gallery-icon portrait'>\n\t\t\t\t\t<a class=\"rollover rollover-zoom dt-pswp-item\" title=\"175341146_959162954893783_5758126775947739627_n\" data-dt-img-description=\"\" data-large_image_width=\"151\" data-large_image_height=\"206\"href='https:\/\/www.radiopiu.net\/wordpress\/wp-content\/uploads\/2021\/04\/175341146_959162954893783_5758126775947739627_n.jpg'><img loading=\"lazy\" decoding=\"async\" width=\"150\" height=\"150\" src=\"https:\/\/www.radiopiu.net\/wordpress\/wp-content\/uploads\/2021\/04\/175341146_959162954893783_5758126775947739627_n-150x150.jpg\" class=\"attachment-thumbnail size-thumbnail\" alt=\"\" \/><\/a>\n\t\t\t\t<\/dt><\/dl><br style=\"clear: both\" \/>\n\t\t\t<\/div>\n\n<\/div>\n<div dir=\"auto\">NELLE FOTO (Wikipedia, Fil\u00f2, Corriere del Veneto, Cuore Feltrino da: I Carabinieri di Virgilio Ilari): il feltrino che comand\u00f2 l\u2019antibanditismo in Sicilia nella copertina del libro di Paolo Gaspari \u201cLe avventure del carabiniere Ugo Luca; altra immagine dell\u2019ufficiale dell\u2019Arma; la copertina di Fil\u00f2 che ospit\u00f2 un servizio di Stefania Lucentini; la pagina dedicata a Luca; Alcide De Gasperi, presidente del consiglio dei ministri che istitu\u00ec il Comando forze repressione banditismo; Salvatore Giuliano; il bandito col cugino Gaspare Pisciotta; il cadavere di Giuliano in due momenti; l\u2019Illustrazione del popolo titola: Luca \u00e8 rimasto solo; lo stesso periodico che titola: \u201cHa fegato il Col. Luca\u201d; tomba di famiglia nella vicentina Santorso.<\/div>\n<div class=\"ay7djpcl k4urcfbm nred35xi\"><\/div>\n<div class=\"b654a4as d2edcug0\">\n<div class=\"j83agx80 btwxx1t3 lhclo0ds hop8lmos nkwizq5d scwd0bx6 roh60bw9\">\n<div class=\"rq0escxv kuivcneq jwdofwj8 n8tt0mok r8blr3vg hyh9befq\">\n<div class=\"do00u71z l9j0dhe7 k4urcfbm\">\n<div class=\"gs1a9yip ow4ym5g4 auili1gw j83agx80 cbu4d94t buofh1pr g5gj957u i1fnvgqd oygrvhab cxmmr5t8 hcukyx3x kvgmc6g5 tgvbjcpo hpfvmrgz qt6c0cv9 rz4wbd8a a8nywdso jb3vyjys du4w35lb i09qtzwb rq0escxv n7fi1qx3 pmk7jnqg j9ispegn kr520xx4\"><\/div>\n<\/div>\n<\/div>\n<\/div>\n<\/div>\n<div class=\"rq0escxv kuivcneq jwdofwj8 n8tt0mok r8blr3vg hyh9befq\">\n<div class=\"do00u71z l9j0dhe7 k4urcfbm\">\n<div class=\"gs1a9yip ow4ym5g4 auili1gw j83agx80 cbu4d94t buofh1pr g5gj957u i1fnvgqd oygrvhab cxmmr5t8 hcukyx3x kvgmc6g5 tgvbjcpo hpfvmrgz qt6c0cv9 rz4wbd8a a8nywdso jb3vyjys du4w35lb i09qtzwb rq0escxv n7fi1qx3 pmk7jnqg j9ispegn kr520xx4\"><\/div>\n<\/div>\n<\/div>\n<p>&nbsp;<\/p>\n<p>&nbsp;<\/p>\n<hr \/>\n<blockquote>\n<h3>SETTIMANA DELLA DONNA 19-25 APRILE 2021:I CONSIGLI DELLA PREVENZIONE PER LA SALUTE DELLA DONNA<\/h3>\n<\/blockquote>\n<p><strong><a href=\"https:\/\/www.radiopiu.net\/wordpress\/settimana-della-donna-19-25-aprile-2021i-consigli-della-prevenzione-per-la-salute-della-donna\/schermata-2021-04-18-alle-17-25-35\/\" rel=\"attachment wp-att-204192\"><img loading=\"lazy\" decoding=\"async\" class=\"size-medium wp-image-204192 alignleft\" src=\"https:\/\/www.radiopiu.net\/wordpress\/wp-content\/uploads\/2021\/04\/Schermata-2021-04-18-alle-17.25.35-300x104.png\" alt=\"\" width=\"300\" height=\"104\" srcset=\"https:\/\/www.radiopiu.net\/wordpress\/wp-content\/uploads\/2021\/04\/Schermata-2021-04-18-alle-17.25.35-300x104.png 300w, https:\/\/www.radiopiu.net\/wordpress\/wp-content\/uploads\/2021\/04\/Schermata-2021-04-18-alle-17.25.35-1024x354.png 1024w, https:\/\/www.radiopiu.net\/wordpress\/wp-content\/uploads\/2021\/04\/Schermata-2021-04-18-alle-17.25.35-768x265.png 768w, https:\/\/www.radiopiu.net\/wordpress\/wp-content\/uploads\/2021\/04\/Schermata-2021-04-18-alle-17.25.35.png 1244w\" sizes=\"auto, (max-width: 300px) 100vw, 300px\" \/><\/a>BELLUNO\u00a0 <\/strong>Nell\u2019ambito della settimana per la salute della donna, indetta a livello nazionale dall\u2019Osservatorio ONDA, oltre alle iniziative in calendario, il Servizio Promozione alla Salute dell\u2019Ulss Dolomiti diffonde alcuni consigli su come prendersi cura della propria salute<\/p>\n<p><strong>IL VIDEO DELLA ULSS 1 DOLOMITI<\/strong><\/p>\n<p>https:\/\/www.facebook.com\/watch\/?v=504590733879029<\/p>\n<p>&nbsp;<\/p>\n<hr \/>\n<p>&nbsp;<\/p>\n<blockquote>\n<h3>SUSANNA DAN SI DIMETTE DA CONSIGLIERE COMUNALE<\/h3>\n<\/blockquote>\n<p><strong><img loading=\"lazy\" decoding=\"async\" class=\"alignleft\" src=\"https:\/\/www.radiopiu.net\/wordpress\/wp-content\/uploads\/2021\/04\/pp-5-300x300.jpg\" width=\"121\" height=\"121\" \/>FALCADE<\/strong> Il consigliere comunale Susanna Dan ha rassegnato le dimissioni, al suo posto non entrer\u00e0 nessuno per la maggioranza in consiglio comunale non essendoci altri consigliere &#8220;non eletti&#8221;. Delle dimissioni ne discuter\u00e0 mercoledi\u00a0 alle 20 il consiglio comunale convocato dal sindaco Michele Costa (diretta facebook, youtube e Telegram sui canali di Radio Pi\u00f9).\u00a0 Sono 11 i punti\u00a0 all&#8217;ordine del giorno:\u00a0 una variazione al bilancio, l&#8217;accordo tra Comune e Regione per la gestione delle attivit\u00e0 di informazione ed accoglienza turistica, la rinuncia da parte del comune dell&#8217;acquisto di un terreno in localit\u00e0 Pendici di Predazzo e due mutamenti temporanei di terreni a Tabiadon di Canes e in via Focobon.<\/p>\n<p>&nbsp;<\/p>\n<p>&nbsp;<\/p>\n<hr \/>\n<p>&nbsp;<\/p>\n<blockquote>\n<h3>L&#8217;ULSS 1 DOLOMITI METTE A DISPOSIZIONE UN NUMERO PER COLORO CHE HANNO SMARRITO IL PROMEMORIA DEL RICHIAMO AL VACCINO<\/h3>\n<\/blockquote>\n<p><strong>BELLUNO <\/strong>Per coloro che hanno smarrito il promemoria dell\u2019appuntamento per la somministrazione della seconda dose di vaccino anti covid, \u00e8 possibile contattare il numero 0437 184 99 00 dal luned\u00ec al venerd\u00ec dalle 8.30 alle 16.00 e il sabato dalle 8.30 alle 12.30 per conoscere la data programmata.<\/p>\n<blockquote>\n<h3>CERTIFICAZIONE ESENZIONI PER REDDITO<\/h3>\n<\/blockquote>\n<p><strong>BELLUNO<\/strong> Le certificazioni delle esenzioni per reddito scadenti al 31\/03\/2021 (7R2-7R4-7R5) saranno disponibili nel portale <a href=\"https:\/\/slute.regione.veneto.it\/\">https:\/\/salute.regione.veneto.it<\/a>. L&#8217;assistito potr\u00e0 autonomamente stampare il certificato. L&#8217;esenzione 7R3 per disoccupazione verr\u00e0 prodotta a seguito di autocertificazione con le seguenti modalit\u00e0: Inviando una mail all&#8217;indirizzo <a href=\"mailto:esenzioni@aulss1.veneto.it\">esenzioni@aulss1.veneto.it<\/a> con allegato documento d&#8217;identit\u00e0 del richiedente. Previo appuntamento agli sportelli chiamando i seguenti numeri: Distretto Belluno 0437\/516757 dalle 08.00 alle 12.00 dal luned\u00ec al venerd\u00ec; Distretto Feltre 0439\/883680 dalle 08.00 alle 11.00 dal luned\u00ec al venerd\u00ec.<\/p>\n<p>&nbsp;<\/p>\n<p>&nbsp;<\/p>\n<hr \/>\n<p>&nbsp;<\/p>\n<h3><span style=\"color: #ff99cc;\"><strong>GIRO D&#8217;ITALIA 2021\u00a0 <\/strong><strong>LA TAPPA NELL&#8217;AGORDINO<\/strong><\/span><\/h3>\n<a href=\"https:\/\/www.radiopiu.net\/wordpress\/wp-content\/uploads\/2021\/04\/giro-italia-sacile-cortina.pdf\" class=\"pdfemb-viewer\" style=\"\" data-width=\"max\" data-height=\"max\" data-toolbar=\"top\" data-toolbar-fixed=\"on\">giro italia sacile cortina<\/a>\n<p>&nbsp;<\/p>\n<p>&nbsp;<\/p>\n<hr \/>\n<p>&nbsp;<\/p>\n<blockquote>\n<h3>APERTE LE ISCRIZIONI AL CORSO DI TECNICO DELLA COMMERCIALIZZAZIONE DEI PRODOTTI ALIMENTARI<\/h3>\n<\/blockquote>\n<p><strong>LONGARONE <\/strong>L\u2019intervento della durata di 150 ore si pone l&#8217;obiettivo di formare una figura che sia in grado di presidiare il processo di vendita di prodotti alimentari e di bevande sia presso punti vendita, sia in modalit\u00e0 online. La selezione si svolger\u00e0 il giorno 30\/04\/2021 dalle ore 9.00. Info: <a href=\"mailto:paola.arnoffi@enaip.veneto.it\">paola.arnoffi@enaip.veneto.it<\/a> &#8211; 0439300237<\/p>\n<p>&nbsp;<\/p>\n<hr \/>\n<p>&nbsp;<\/p>\n<div dir=\"auto\">\n<p>&nbsp;<\/p>\n<blockquote>\n<h3>SALUTE E SOCIETA&#8217; IL LUNEDI ALLE 13.10 E ALLE 20.10, LA DOMENICA ALLE 10.30 A CURA DEL DOTTOR MARCO CARACCIOLO. QUINTA STAGIONE<\/h3>\n<\/blockquote>\n<p><strong>LA PUNTATA DELLA SETTIMANA del 19 aprile <\/strong>in questa edizione: Arriva in Italia la prima terapia genica per le malattie ereditarie della retina, patologie che possono portare chi ne \u00e8 colpito a una perdita quasi totale della vista sin dalla tenera et\u00e0. La maggior parte dei pazienti progredisce fino alla cecit\u00e0 totale. Francesca Simonelli, Ordinario Oftalmologia e Direttrice della Clinica Oculistica dell\u2019Universit\u00e0 della Campania Luigi Vanvitelli<\/p>\n<audio class=\"wp-audio-shortcode\" id=\"audio-204238-12\" preload=\"none\" style=\"width: 100%;\" controls=\"controls\"><source type=\"audio\/mpeg\" src=\"https:\/\/www.radiopiu.net\/wordpress\/wp-content\/uploads\/2021\/04\/SALUTE-2.mp3?_=12\" \/><a href=\"https:\/\/www.radiopiu.net\/wordpress\/wp-content\/uploads\/2021\/04\/SALUTE-2.mp3\">https:\/\/www.radiopiu.net\/wordpress\/wp-content\/uploads\/2021\/04\/SALUTE-2.mp3<\/a><\/audio>\n<h3><strong>LA RACCOLTA COMPLETA\u00a0<\/strong><\/h3>\n<\/div>\n<blockquote class=\"wp-embedded-content\" data-secret=\"50muxcnHHw\"><p><a href=\"https:\/\/www.radiopiu.net\/wordpress\/saluteesocieta\/\">Salute e Societ\u00e0<\/a><\/p><\/blockquote>\n<p><iframe loading=\"lazy\" class=\"wp-embedded-content\" sandbox=\"allow-scripts\" security=\"restricted\" style=\"position: absolute; clip: rect(1px, 1px, 1px, 1px);\" title=\"&#8220;Salute e Societ\u00e0&#8221; &#8212; Radio Pi\u00f9\" src=\"https:\/\/www.radiopiu.net\/wordpress\/saluteesocieta\/embed\/#?secret=50muxcnHHw\" data-secret=\"50muxcnHHw\" width=\"600\" height=\"338\" frameborder=\"0\" marginwidth=\"0\" marginheight=\"0\" scrolling=\"no\"><\/iframe><\/p>\n<p>&nbsp;<\/p>\n<hr \/>\n<p>&nbsp;<\/p>\n<blockquote>\n<h3 class=\"kvgmc6g5 cxmmr5t8 oygrvhab hcukyx3x c1et5uql\"><span style=\"color: #0000ff;\">INFORMAZIONE il canale su TELEGRAM informazione di prima mano e in tempo reale. iscriviti ed aiutaci a farlo conoscere\u00a0<\/span><\/h3>\n<\/blockquote>\n<h2><img loading=\"lazy\" decoding=\"async\" class=\"alignleft\" src=\"https:\/\/www.radiopiu.net\/wordpress\/wp-content\/uploads\/2021\/03\/narr.jpg\" width=\"158\" height=\"105\" \/>007 IN CONDOTTA CON LA PROF. MARIA ROSA SALMAZO IL LUNEDI ALLE 10,30 E ALLE 19.00 LA DOMENICA ALLE 8 DEL MATTINO. NONA STAGIONE<\/h2>\n<p><span style=\"color: #ff0000;\"><strong>PUNTATA DEL 19 APRILE 2021<\/strong><\/span><\/p>\n<audio class=\"wp-audio-shortcode\" id=\"audio-204238-13\" preload=\"none\" style=\"width: 100%;\" controls=\"controls\"><source type=\"audio\/mpeg\" src=\"https:\/\/www.radiopiu.net\/wordpress\/wp-content\/uploads\/2021\/04\/007-condotta-19-aprile.mp3?_=13\" \/><a href=\"https:\/\/www.radiopiu.net\/wordpress\/wp-content\/uploads\/2021\/04\/007-condotta-19-aprile.mp3\">https:\/\/www.radiopiu.net\/wordpress\/wp-content\/uploads\/2021\/04\/007-condotta-19-aprile.mp3<\/a><\/audio>\n<h2>LA RACCOLTA COMPLETA<\/h2>\n<blockquote class=\"wp-embedded-content\" data-secret=\"hq2M88lVDR\"><p><a href=\"https:\/\/www.radiopiu.net\/wordpress\/007incondotta-9\/\">007 in condotta<\/a><\/p><\/blockquote>\n<p><iframe loading=\"lazy\" class=\"wp-embedded-content\" sandbox=\"allow-scripts\" security=\"restricted\" style=\"position: absolute; clip: rect(1px, 1px, 1px, 1px);\" title=\"&#8220;007 in condotta&#8221; &#8212; Radio Pi\u00f9\" src=\"https:\/\/www.radiopiu.net\/wordpress\/007incondotta-9\/embed\/#?secret=hq2M88lVDR\" data-secret=\"hq2M88lVDR\" width=\"600\" height=\"338\" frameborder=\"0\" marginwidth=\"0\" marginheight=\"0\" scrolling=\"no\"><\/iframe><\/p>\n<blockquote><p>&nbsp;<\/p><\/blockquote>\n<p>&nbsp;<\/p>\n<hr \/>\n<div>\n<h2><span style=\"color: #33cccc;\">I RACCONTI DI PAOLO SOPPELSA il lunedi alle 9.30 e 18.30<\/span><\/h2>\n<p><strong>STORIE ANNI &#8217;80 &#8211; LA PEGNATA A PRESION<\/strong><\/p>\n<p><em><strong>AUDIO<\/strong><\/em><\/p>\n<audio class=\"wp-audio-shortcode\" id=\"audio-204238-14\" preload=\"none\" style=\"width: 100%;\" controls=\"controls\"><source type=\"audio\/mpeg\" src=\"https:\/\/www.radiopiu.net\/wordpress\/wp-content\/uploads\/2021\/04\/PAOLO-SOPPELSA-LA-PEGNATA-A-PRESION.mp3?_=14\" \/><a href=\"https:\/\/www.radiopiu.net\/wordpress\/wp-content\/uploads\/2021\/04\/PAOLO-SOPPELSA-LA-PEGNATA-A-PRESION.mp3\">https:\/\/www.radiopiu.net\/wordpress\/wp-content\/uploads\/2021\/04\/PAOLO-SOPPELSA-LA-PEGNATA-A-PRESION.mp3<\/a><\/audio>\n<p>&nbsp;<\/p>\n<p><a href=\"https:\/\/www.radiopiu.net\/wordpress\/i-racconti-di-paolo-soppelsa-settantunesima-puntata\/98b291b5-72f8-4ce1-b5a2-d12b90b23cb7\/\" rel=\"attachment wp-att-204121\"><img loading=\"lazy\" decoding=\"async\" class=\"size-medium wp-image-204121 alignleft\" src=\"https:\/\/www.radiopiu.net\/wordpress\/wp-content\/uploads\/2021\/04\/98b291b5-72f8-4ce1-b5a2-d12b90b23cb7-300x200.jpg\" alt=\"\" width=\"300\" height=\"200\" srcset=\"https:\/\/www.radiopiu.net\/wordpress\/wp-content\/uploads\/2021\/04\/98b291b5-72f8-4ce1-b5a2-d12b90b23cb7-300x200.jpg 300w, https:\/\/www.radiopiu.net\/wordpress\/wp-content\/uploads\/2021\/04\/98b291b5-72f8-4ce1-b5a2-d12b90b23cb7-768x512.jpg 768w, https:\/\/www.radiopiu.net\/wordpress\/wp-content\/uploads\/2021\/04\/98b291b5-72f8-4ce1-b5a2-d12b90b23cb7.jpg 810w\" sizes=\"auto, (max-width: 300px) 100vw, 300px\" \/><\/a>C&#8217;era la drammatica e cruda realt\u00e0 del lesso che si materializzava allo scoccare dell&#8217;ora di cena. Che veniva superata in tragicit\u00e0 solamente da altri due terribili piatti: il brasato e la &#8220;panada&#8221;. Ma il lesso era il lesso. Triste, austero cibo di parecchie sere d&#8217;inverno. Quando, aldil\u00e0 dei vetri, la strada ghiacciata rifletteva la luce dei lampioni e in cucina andava svanendo il vapore del ferro da stiro. E il profumo dell&#8217;appretto veniva in breve sostituito da quello del brodo. Luce giallina di lampadina a filamento da 60 Watt e note d&#8217;arpa che suonavano la musica dell&#8217;intervallo RAI che proveniva dalla TV Grundig in bianco e nero. Quella nera con le due antenne ed i tasti posti sul retro. Che per cambiare canale occorreva un estremo gesto di contorsionismo. E poi i compiti da terminare: un problema di aritmetica ancora da risolvere, un disegno da finire di colorare. Mentre, sotto la &#8220;pegnata a presion&#8221;, la fiamma blu del gas riscaldava il malinconico cibo che, di l\u00ec a poco, avrebbe fatto bella mostra di s\u00e9, sformato e fumante, nel vassoio al centro della tavola. Oltre, nella scala della tristezza culinaria, soltanto la &#8220;panada&#8221;: ovvero quella densa brodaglia capace di scatenare gesti inconsulti, sia verbali che fisici. Gi\u00e0, la &#8220;panada&#8221;: certe sere il fischio della valvola arrivava improvviso poco dopo le diciannove. Seguito dal richiamo perentorio della mamma. \u201c\u2026le pronto\u2026vegn\u00ec a magn\u00e0\u2026\u201d Entravo in cucina e la \u201cpegnata a presion\u201d era ancora appoggiata sopra il fornello ormai spento. Era lei la protagonista di quelle tristi cene d\u2019inverno. Muta sfinge d\u2019acciaio, impassibile e severa. Incuteva una certa soggezione alimentata da cupe leggende urbane che si tramandavano di casalinga in casalinga. Si narrava di fragorose e terribili esplosioni che nemmeno le bombe sganciate sul Carso durante la Grande Guerra avevano sortito tali effetti nefasti. Si raccontava di giovani madri dilaniate da schegge di acciaio inox 18\/10, che le pubblicit\u00e0 ti martoriavano continuamente con questo prodigioso inox 18\/10. E poi ustioni da fuoriuscita di minestroni a centoventitr\u00e8 gradi. Era un oggetto da maneggiare con estrema cura, con l\u2019apertura del coperchio che assomigliava al disinnesco di un ordigno bellico inesploso. Chiss\u00e0 cosa conteneva la \u201cpegnata a presion\u201d, mi chiedevo perdendomi in mille fantasie. Forse l\u2019ancora accettabile passato di verdure. Oppure l&#8217;avvilente \u201cmenestron da fasoi\u201d. C\u2019era sicuramente qualcosa di liquido, perch\u00e9 in tavola c\u2019erano i piatti fondi ed i cucchiai. Poteva anche essere la terrificante\u201dpanada\u201d, la pi\u00f9 orrenda condanna culinaria. Solo la mamma era la silenziosa custode del grande segreto. Poi, appena seduti a tavola, il momento solenne dell\u2019apertura del coperchio. Pochi istanti ed il mestolo, anch\u2019esso di acciaio inox 18\/10, affondava in quella densa poltiglia beige. Era \u201cpanada&#8221;. E la disperazione prendeva il sopravvento mentre nella TV in bianco e nero partiva la sigla del Tg di TeleBelluno. \u201c\u2026dai magna&#8230;\u201d diceva la mamma con voce suadente. E con la prima cucchiaiata era subito ustione a palato ed esofago. Ero stoico nel trattenere le lacrime di disperazione mentre tentavo di nutrirmi di quella poltiglia fumante e semiliquida. In cucina si udivano solo i soffi sui cucchiai roventi e in sottofondo le notizie del tg locale. Al secondo lamento giungeva un drastico \u201c\u2026dai tasi che hai da scolt\u00e0 le notizie\u2026\u201d. Ed allora, con estremo atto di coraggio misto a rassegnazione, mi accingevo a porre fine al crudele supplizio della \u201cpanada\u201d, immaginando che come premio facesse la sua comparsa in tavola un secondo da acquolina in bocca. Ed invece, mentre il tg di TeleBelluno era ormai giunto alle notizie sportive, arrivava la frase che poneva crudelmente fine ad ogni illusione. \u201c\u2026inte frigo le formai se te vol\u2026\u201d Momenti tristi, pregni di una malinconia grigia come i vetri appannati della finestra della cucina. Mi alzavo e andavo alla finestra: c\u2019era sentore di neve. Pulivo il vetro dalla condensa e di colpo svaniva la tristezza della cena. Ritornavano euforia e sorrisi. \u201c\u2026el filisk\u00e8a\u2026\u201d . E cos\u00ec passavo qualche minuto alla finestra ad ammirare i primi fiocchi di neve che subito imbiancavano strade e cortili. Erano attimi di felicit\u00e0 vera e pura. Ed alla \u201cpegnata a presion\u201d, e al dramma culinario che avrebbe inevitabilmente contenuto, ci avrei pensato la sera successiva.<\/p>\n<p><span style=\"color: #0000ff;\">INFORMAZIONE il canale su TELEGRAM informazione di prima mano e in tempo reale. iscriviti ed aiutaci a farlo conoscere\u00a0<\/span><\/p>\n<h2><span style=\"color: #33cccc;\"><strong>RACCOLTA COMPLETA<\/strong><\/span><\/h2>\n<blockquote class=\"wp-embedded-content\" data-secret=\"eEwULNEtpB\"><p><a href=\"https:\/\/www.radiopiu.net\/wordpress\/i-racconti-di-paolo-soppelsa\/\">I racconti di Paolo Soppelsa<\/a><\/p><\/blockquote>\n<p><iframe loading=\"lazy\" class=\"wp-embedded-content\" sandbox=\"allow-scripts\" security=\"restricted\" style=\"position: absolute; clip: rect(1px, 1px, 1px, 1px);\" title=\"&#8220;I racconti di Paolo Soppelsa&#8221; &#8212; Radio Pi\u00f9\" src=\"https:\/\/www.radiopiu.net\/wordpress\/i-racconti-di-paolo-soppelsa\/embed\/#?secret=eEwULNEtpB\" data-secret=\"eEwULNEtpB\" width=\"600\" height=\"338\" frameborder=\"0\" marginwidth=\"0\" marginheight=\"0\" scrolling=\"no\"><\/iframe><\/p>\n<\/div>\n<h2><span style=\"color: #ff0000;\">\u00a0 \u00a0<\/span><\/h2>\n<hr \/>\n<p>&nbsp;<\/p>\n<h2><span style=\"color: #800080;\"><strong>LA RASSEGNA STAMPA DA L&#8217;AMICO DEL POPOLO\u00a0<\/strong><\/span><\/h2>\n<h3 class=\"kvgmc6g5 cxmmr5t8 oygrvhab hcukyx3x c1et5uql\"><span style=\"color: #0000ff;\"> INFORMAZIONE il canale su TELEGRAM informazione di prima mano e in tempo reale. iscriviti ed aiutaci a farlo conoscere\u00a0<\/span><\/h3>\n<p><strong><a href=\"https:\/\/www.radiopiu.net\/wordpress\/la-rassegna-stampa-da-lamico-del-popolo-17-aprile-2021\/hard-hat-4274431_1920\/\" rel=\"attachment wp-att-204002\"><img loading=\"lazy\" decoding=\"async\" class=\"size-medium wp-image-204002 alignleft\" src=\"https:\/\/www.radiopiu.net\/wordpress\/wp-content\/uploads\/2021\/04\/hard-hat-4274431_1920-300x169.jpg\" alt=\"\" width=\"300\" height=\"169\" srcset=\"https:\/\/www.radiopiu.net\/wordpress\/wp-content\/uploads\/2021\/04\/hard-hat-4274431_1920-300x169.jpg 300w, https:\/\/www.radiopiu.net\/wordpress\/wp-content\/uploads\/2021\/04\/hard-hat-4274431_1920-1024x576.jpg 1024w, https:\/\/www.radiopiu.net\/wordpress\/wp-content\/uploads\/2021\/04\/hard-hat-4274431_1920-768x432.jpg 768w, https:\/\/www.radiopiu.net\/wordpress\/wp-content\/uploads\/2021\/04\/hard-hat-4274431_1920-1536x864.jpg 1536w, https:\/\/www.radiopiu.net\/wordpress\/wp-content\/uploads\/2021\/04\/hard-hat-4274431_1920.jpg 1920w\" sizes=\"auto, (max-width: 300px) 100vw, 300px\" \/><\/a>di Gianni Santomaso<\/strong><\/p>\n<p>OSPITI: Francesca Case, Silvia Del Din e Alice Ganz<\/p>\n<audio class=\"wp-audio-shortcode\" id=\"audio-204238-15\" preload=\"none\" style=\"width: 100%;\" controls=\"controls\"><source type=\"audio\/mpeg\" src=\"https:\/\/www.radiopiu.net\/wordpress\/wp-content\/uploads\/2021\/04\/RASSEGNA-GIANNI-2.mp3?_=15\" \/><a href=\"https:\/\/www.radiopiu.net\/wordpress\/wp-content\/uploads\/2021\/04\/RASSEGNA-GIANNI-2.mp3\">https:\/\/www.radiopiu.net\/wordpress\/wp-content\/uploads\/2021\/04\/RASSEGNA-GIANNI-2.mp3<\/a><\/audio>\n<p><strong>LA RACCOLTA COMPLETA<\/strong><\/p>\n<blockquote class=\"wp-embedded-content\" data-secret=\"bF4BYFdREo\"><p><a href=\"https:\/\/www.radiopiu.net\/wordpress\/rassegna-stampa-di-gianni-santomaso\/\">Rassegna stampa da l&#8217;amico del popolo &#8211; di Gianni Santomaso<\/a><\/p><\/blockquote>\n<p><iframe loading=\"lazy\" class=\"wp-embedded-content\" sandbox=\"allow-scripts\" security=\"restricted\" style=\"position: absolute; clip: rect(1px, 1px, 1px, 1px);\" title=\"&#8220;Rassegna stampa da l&#8217;amico del popolo &#8211; di Gianni Santomaso&#8221; &#8212; Radio Pi\u00f9\" src=\"https:\/\/www.radiopiu.net\/wordpress\/rassegna-stampa-di-gianni-santomaso\/embed\/#?secret=bF4BYFdREo\" data-secret=\"bF4BYFdREo\" width=\"600\" height=\"338\" frameborder=\"0\" marginwidth=\"0\" marginheight=\"0\" scrolling=\"no\"><\/iframe><\/p>\n<p>&nbsp;<\/p>\n<p>&nbsp;<\/p>\n<p>&nbsp;<\/p>\n<hr \/>\n<blockquote>\n<h3><\/h3>\n<h3>IO NE HO VISTE COSE CHE VOI NON POTRESTE IMMAGINARVI<\/h3>\n<\/blockquote>\n<p>Un programma di Claudio Pra, dal lunedi al venerdi \u00a0alle 8.45 ed in replica alle 19.45.<\/p>\n<p><strong><a href=\"https:\/\/www.radiopiu.net\/wordpress\/giornale-radiopiu-19-aprile-2021-direttore-mirko-mezzacasa\/0bdfce55-72d4-4436-98cf-ad5c4f05ff7d\/\" rel=\"attachment wp-att-204256\"><img loading=\"lazy\" decoding=\"async\" class=\"wp-image-204256 alignleft\" src=\"https:\/\/www.radiopiu.net\/wordpress\/wp-content\/uploads\/2021\/04\/0bdfce55-72d4-4436-98cf-ad5c4f05ff7d-300x284.jpg\" alt=\"\" width=\"106\" height=\"100\" srcset=\"https:\/\/www.radiopiu.net\/wordpress\/wp-content\/uploads\/2021\/04\/0bdfce55-72d4-4436-98cf-ad5c4f05ff7d-300x284.jpg 300w, https:\/\/www.radiopiu.net\/wordpress\/wp-content\/uploads\/2021\/04\/0bdfce55-72d4-4436-98cf-ad5c4f05ff7d-1024x969.jpg 1024w, https:\/\/www.radiopiu.net\/wordpress\/wp-content\/uploads\/2021\/04\/0bdfce55-72d4-4436-98cf-ad5c4f05ff7d-768x727.jpg 768w, https:\/\/www.radiopiu.net\/wordpress\/wp-content\/uploads\/2021\/04\/0bdfce55-72d4-4436-98cf-ad5c4f05ff7d.jpg 1424w\" sizes=\"auto, (max-width: 106px) 100vw, 106px\" \/><\/a>PUNTATA 21 <span style=\"color: #000000;\"><span style=\"font-family: Calibri, serif;\"><span style=\"font-size: small;\"><span style=\"font-family: Times New Roman, serif;\"><span style=\"font-size: medium;\">Uno Scorpione tra le Dolomiti<\/span><\/span><\/span><\/span><\/span><\/strong><\/p>\n<audio class=\"wp-audio-shortcode\" id=\"audio-204238-16\" preload=\"none\" style=\"width: 100%;\" controls=\"controls\"><source type=\"audio\/mpeg\" src=\"https:\/\/www.radiopiu.net\/wordpress\/wp-content\/uploads\/2021\/04\/21-puntata.mp3?_=16\" \/><a href=\"https:\/\/www.radiopiu.net\/wordpress\/wp-content\/uploads\/2021\/04\/21-puntata.mp3\">https:\/\/www.radiopiu.net\/wordpress\/wp-content\/uploads\/2021\/04\/21-puntata.mp3<\/a><\/audio>\n<h2><span style=\"color: #000000;\"><strong>LA RACCOLTA COMPLETA\u00a0<\/strong><\/span><\/h2>\n<blockquote class=\"wp-embedded-content\" data-secret=\"9rXpmmyiRt\"><p><a href=\"https:\/\/www.radiopiu.net\/wordpress\/io-ne-ho-viste-cose\/\">IO NE HO VISTE COSE CHE VOI NON POTRESTE IMMAGINARVI<\/a><\/p><\/blockquote>\n<p><iframe loading=\"lazy\" class=\"wp-embedded-content\" sandbox=\"allow-scripts\" security=\"restricted\" style=\"position: absolute; clip: rect(1px, 1px, 1px, 1px);\" title=\"&#8220;IO NE HO VISTE COSE CHE VOI NON POTRESTE IMMAGINARVI&#8221; &#8212; Radio Pi\u00f9\" src=\"https:\/\/www.radiopiu.net\/wordpress\/io-ne-ho-viste-cose\/embed\/#?secret=9rXpmmyiRt\" data-secret=\"9rXpmmyiRt\" width=\"600\" height=\"338\" frameborder=\"0\" marginwidth=\"0\" marginheight=\"0\" scrolling=\"no\"><\/iframe><\/p>\n<p>&nbsp;<\/p>\n<hr \/>\n<p>&nbsp;<\/p>\n<h2><\/h2>\n<h2><span style=\"color: #808000;\">DUE MINUTI UN LIBRO\u00a0 TUTTI I GIORNI ALLA RADIO ALLE 9.30 E ALLE 18. QUINTA STAGIONE\u00a0 \u00a0<\/span><\/h2>\n<blockquote class=\"wp-embedded-content\" data-secret=\"pgdykrJ4RV\"><p><a href=\"https:\/\/www.radiopiu.net\/wordpress\/i-migliori-anni-della-nostra-vita\/\">I MIGLIORI ANNI DELLA NOSTRA VITA<\/a><\/p><\/blockquote>\n<p><iframe loading=\"lazy\" class=\"wp-embedded-content\" sandbox=\"allow-scripts\" security=\"restricted\" style=\"position: absolute; clip: rect(1px, 1px, 1px, 1px);\" title=\"&#8220;I MIGLIORI ANNI DELLA NOSTRA VITA&#8221; &#8212; Radio Pi\u00f9\" src=\"https:\/\/www.radiopiu.net\/wordpress\/i-migliori-anni-della-nostra-vita\/embed\/#?secret=pgdykrJ4RV\" data-secret=\"pgdykrJ4RV\" width=\"600\" height=\"338\" frameborder=\"0\" marginwidth=\"0\" marginheight=\"0\" scrolling=\"no\"><\/iframe><\/p>\n<h3><span style=\"color: #808000;\">\u00a0<\/span>LA RACCOLTA COMPLETA<\/h3>\n<blockquote class=\"wp-embedded-content\" data-secret=\"gAGuhcXnDk\"><p><a href=\"https:\/\/www.radiopiu.net\/wordpress\/due-minuti-un-libro\/\">Due minuti un libro<\/a><\/p><\/blockquote>\n<p><iframe loading=\"lazy\" class=\"wp-embedded-content\" sandbox=\"allow-scripts\" security=\"restricted\" style=\"position: absolute; clip: rect(1px, 1px, 1px, 1px);\" title=\"&#8220;Due minuti un libro&#8221; &#8212; Radio Pi\u00f9\" src=\"https:\/\/www.radiopiu.net\/wordpress\/due-minuti-un-libro\/embed\/#?secret=gAGuhcXnDk\" data-secret=\"gAGuhcXnDk\" width=\"600\" height=\"338\" frameborder=\"0\" marginwidth=\"0\" marginheight=\"0\" scrolling=\"no\"><\/iframe><\/p>\n<p>&nbsp;<\/p>\n<p>&nbsp;<\/p>\n<p>&nbsp;<\/p>\n<hr \/>\n<p>&nbsp;<\/p>\n<p>&nbsp;<\/p>\n<h1><span style=\"color: #ff0000;\"><strong>IN VIVO VERSO 2020-21<\/strong><\/span><\/h1>\n<blockquote><p><span style=\"color: #ff0000;\"><strong>IN ONDA DAL LUNEDI AL VENERDI ALLE 7.10, 10.10, 18.50\u00a0 \u00a0<\/strong><\/span><\/p><\/blockquote>\n<blockquote class=\"wp-embedded-content\" data-secret=\"1SNq1GOiay\"><p><a href=\"https:\/\/www.radiopiu.net\/wordpress\/liberta-di-ichchha-chenet\/\">LIBERTA&#8217; di ICHCHHA CHENET<\/a><\/p><\/blockquote>\n<p><iframe loading=\"lazy\" class=\"wp-embedded-content\" sandbox=\"allow-scripts\" security=\"restricted\" style=\"position: absolute; clip: rect(1px, 1px, 1px, 1px);\" title=\"&#8220;LIBERTA&#8217; di ICHCHHA CHENET&#8221; &#8212; Radio Pi\u00f9\" src=\"https:\/\/www.radiopiu.net\/wordpress\/liberta-di-ichchha-chenet\/embed\/#?secret=1SNq1GOiay\" data-secret=\"1SNq1GOiay\" width=\"600\" height=\"338\" frameborder=\"0\" marginwidth=\"0\" marginheight=\"0\" scrolling=\"no\"><\/iframe><\/p>\n<p><strong>LA RACCOLTA COMPLETA<\/strong><\/p>\n<blockquote class=\"wp-embedded-content\" data-secret=\"W0R97yCnag\"><p><a href=\"https:\/\/www.radiopiu.net\/wordpress\/in-vivo-verso\/\">In Vivo Verso<\/a><\/p><\/blockquote>\n<p><iframe loading=\"lazy\" class=\"wp-embedded-content\" sandbox=\"allow-scripts\" security=\"restricted\" style=\"position: absolute; clip: rect(1px, 1px, 1px, 1px);\" title=\"&#8220;In Vivo Verso&#8221; &#8212; Radio Pi\u00f9\" src=\"https:\/\/www.radiopiu.net\/wordpress\/in-vivo-verso\/embed\/#?secret=W0R97yCnag\" data-secret=\"W0R97yCnag\" width=\"600\" height=\"338\" frameborder=\"0\" marginwidth=\"0\" marginheight=\"0\" scrolling=\"no\"><\/iframe><\/p>\n<hr \/>\n<p>&nbsp;<\/p>\n<p>&nbsp;<\/p>\n<h2><span style=\"color: #ff0000;\"><a href=\"https:\/\/www.radiopiu.net\/wordpress\/giornale-radiopiu-05-gennaio-2021-direttore-mirko-mezzacasa\/133200401_100838761953611_1258544160541445132_o-2\/\" rel=\"attachment wp-att-183078\"><img loading=\"lazy\" decoding=\"async\" class=\" wp-image-183078 alignleft\" src=\"https:\/\/www.radiopiu.net\/wordpress\/wp-content\/uploads\/2021\/01\/133200401_100838761953611_1258544160541445132_o-1-300x157.jpg\" alt=\"\" width=\"192\" height=\"101\" srcset=\"https:\/\/www.radiopiu.net\/wordpress\/wp-content\/uploads\/2021\/01\/133200401_100838761953611_1258544160541445132_o-1-300x157.jpg 300w, https:\/\/www.radiopiu.net\/wordpress\/wp-content\/uploads\/2021\/01\/133200401_100838761953611_1258544160541445132_o-1.jpg 526w\" sizes=\"auto, (max-width: 192px) 100vw, 192px\" \/><\/a>GOCCE DI FILOSOFIA, CON CHIARA CAU, CON LISA DE LUCA. <\/span><\/h2>\n<h2><span style=\"color: #ff0000;\">TUTTI I GIORNI DAL LUNEDI AL VENERDI ALLE 6.55 E ALLE 18.55<\/span><\/h2>\n<p><strong>PUNTATA 76<\/strong><\/p>\n<audio class=\"wp-audio-shortcode\" id=\"audio-204238-17\" preload=\"none\" style=\"width: 100%;\" controls=\"controls\"><source type=\"audio\/mpeg\" src=\"https:\/\/www.radiopiu.net\/wordpress\/wp-content\/uploads\/2021\/04\/FI1-2.mp3?_=17\" \/><a href=\"https:\/\/www.radiopiu.net\/wordpress\/wp-content\/uploads\/2021\/04\/FI1-2.mp3\">https:\/\/www.radiopiu.net\/wordpress\/wp-content\/uploads\/2021\/04\/FI1-2.mp3<\/a><\/audio>\n<h3>LA RACCOLTA COMPLETA<\/h3>\n<blockquote class=\"wp-embedded-content\" data-secret=\"jTzvHuN7rB\"><p><a href=\"https:\/\/www.radiopiu.net\/wordpress\/gocce-filosofia\/\">Gocce di filosofia<\/a><\/p><\/blockquote>\n<p><iframe loading=\"lazy\" class=\"wp-embedded-content\" sandbox=\"allow-scripts\" security=\"restricted\" style=\"position: absolute; clip: rect(1px, 1px, 1px, 1px);\" title=\"&#8220;Gocce di filosofia&#8221; &#8212; Radio Pi\u00f9\" src=\"https:\/\/www.radiopiu.net\/wordpress\/gocce-filosofia\/embed\/#?secret=jTzvHuN7rB\" data-secret=\"jTzvHuN7rB\" width=\"600\" height=\"338\" frameborder=\"0\" marginwidth=\"0\" marginheight=\"0\" scrolling=\"no\"><\/iframe><\/p>\n<p>&nbsp;<\/p>\n<hr \/>\n<p>&nbsp;<\/p>\n<p>&nbsp;<\/p>\n<blockquote>\n<h3><a href=\"https:\/\/www.radiopiu.net\/wordpress\/almanacco-ladino-puntata-5-2020\/sn\/\" rel=\"attachment wp-att-180931\"><img loading=\"lazy\" decoding=\"async\" class=\"wp-image-180931 alignleft\" src=\"https:\/\/www.radiopiu.net\/wordpress\/wp-content\/uploads\/2020\/12\/sn-300x194.jpg\" alt=\"\" width=\"181\" height=\"117\" srcset=\"https:\/\/www.radiopiu.net\/wordpress\/wp-content\/uploads\/2020\/12\/sn-300x194.jpg 300w, https:\/\/www.radiopiu.net\/wordpress\/wp-content\/uploads\/2020\/12\/sn.jpg 626w\" sizes=\"auto, (max-width: 181px) 100vw, 181px\" \/><\/a>L&#8217;ALMANACCO LADINO CON L&#8217;ISTITUT CESA DE JAN QUINDICINALE APPUNTAMENTO. LA DOMENICA ALLE 9 IL LUNEDI ALLE 8.35 IL MARTEDI ALLE 12.35 IL MERCOLEDI ALLE 18.35. SECONDA STAGIONE.<\/h3>\n<\/blockquote>\n<p><strong>RACCOLTA COMPLETA\u00a0<\/strong><\/p>\n<blockquote class=\"wp-embedded-content\" data-secret=\"X4NFLTXbQn\"><p><a href=\"https:\/\/www.radiopiu.net\/wordpress\/almanacco-ladino\/\">Almanacco Ladino<\/a><\/p><\/blockquote>\n<p><iframe loading=\"lazy\" class=\"wp-embedded-content\" sandbox=\"allow-scripts\" security=\"restricted\" style=\"position: absolute; clip: rect(1px, 1px, 1px, 1px);\" title=\"&#8220;Almanacco Ladino&#8221; &#8212; Radio Pi\u00f9\" src=\"https:\/\/www.radiopiu.net\/wordpress\/almanacco-ladino\/embed\/#?secret=X4NFLTXbQn\" data-secret=\"X4NFLTXbQn\" width=\"600\" height=\"338\" frameborder=\"0\" marginwidth=\"0\" marginheight=\"0\" scrolling=\"no\"><\/iframe><\/p>\n<div dir=\"auto\">\n<hr \/>\n<\/div>\n<blockquote><p>&nbsp;<\/p><\/blockquote>\n<h2><span style=\"color: #ff0000;\">dalla nuova generazione&#8230; cultura e tradizione<\/span><\/h2>\n<blockquote>\n<h3><em>PIAZA LADINA ALLA RADIO<\/em><\/h3>\n<\/blockquote>\n<p><strong>LA\u00a0 SETTIMA PUNTATA\u00a0 &#8220;Perche che ne serf scrive co na grafia sola&#8221; (14 Marzo 2021)<\/strong><\/p>\n<audio class=\"wp-audio-shortcode\" id=\"audio-204238-18\" preload=\"none\" style=\"width: 100%;\" controls=\"controls\"><source type=\"audio\/mpeg\" src=\"https:\/\/www.radiopiu.net\/wordpress\/wp-content\/uploads\/2021\/04\/Pontada-7-Perche-che-ne-serf-scrive-co-na-GRAFIA-sola-1.mp3?_=18\" \/><a href=\"https:\/\/www.radiopiu.net\/wordpress\/wp-content\/uploads\/2021\/04\/Pontada-7-Perche-che-ne-serf-scrive-co-na-GRAFIA-sola-1.mp3\">https:\/\/www.radiopiu.net\/wordpress\/wp-content\/uploads\/2021\/04\/Pontada-7-Perche-che-ne-serf-scrive-co-na-GRAFIA-sola-1.mp3<\/a><\/audio>\n<p>&nbsp;<\/p>\n<blockquote>\n<h2>LA RACCOLTA COMPLETA<\/h2>\n<\/blockquote>\n<blockquote class=\"wp-embedded-content\" data-secret=\"iRGVpgO0zf\"><p><a href=\"https:\/\/www.radiopiu.net\/wordpress\/agora-agordina-la-nosta-piaza\/\">AGORA&#8217; AGORDINA&#8230; LA NOSTA PIAZA LADINA.  pagina in aggiornamento continuo<\/a><\/p><\/blockquote>\n<p><iframe loading=\"lazy\" class=\"wp-embedded-content\" sandbox=\"allow-scripts\" security=\"restricted\" style=\"position: absolute; clip: rect(1px, 1px, 1px, 1px);\" title=\"&#8220;AGORA&#8217; AGORDINA&#8230; LA NOSTA PIAZA LADINA.  pagina in aggiornamento continuo&#8221; &#8212; Radio Pi\u00f9\" src=\"https:\/\/www.radiopiu.net\/wordpress\/agora-agordina-la-nosta-piaza\/embed\/#?secret=iRGVpgO0zf\" data-secret=\"iRGVpgO0zf\" width=\"600\" height=\"338\" frameborder=\"0\" marginwidth=\"0\" marginheight=\"0\" scrolling=\"no\"><\/iframe><\/p>\n<p>&nbsp;<\/p>\n<p>&nbsp;<\/p>\n<p>&nbsp;<\/p>\n<hr \/>\n<div class=\"b654a4as d2edcug0\">\n<div class=\"j83agx80 btwxx1t3 lhclo0ds hop8lmos nkwizq5d scwd0bx6 roh60bw9\">\n<div class=\"rq0escxv hkbzh7o3 jwdofwj8 n8tt0mok r8blr3vg hyh9befq\">\n<div class=\"do00u71z l9j0dhe7 k4urcfbm\">\n<div>\n<h2><span style=\"color: #000080;\"><a class=\"dt-pswp-item\" href=\"https:\/\/www.radiopiu.net\/wordpress\/wp-content\/uploads\/2020\/10\/pp.jpg\" data-dt-img-description=\"\" data-large_image_width=\"640\" data-large_image_height=\"640\"><img loading=\"lazy\" decoding=\"async\" class=\"wp-image-163678 alignleft\" src=\"https:\/\/www.radiopiu.net\/wordpress\/wp-content\/uploads\/2020\/10\/pp-300x300.jpg\" alt=\"\" width=\"106\" height=\"106\" srcset=\"https:\/\/www.radiopiu.net\/wordpress\/wp-content\/uploads\/2020\/10\/pp-300x300.jpg 300w, https:\/\/www.radiopiu.net\/wordpress\/wp-content\/uploads\/2020\/10\/pp-150x150.jpg 150w, https:\/\/www.radiopiu.net\/wordpress\/wp-content\/uploads\/2020\/10\/pp-125x125.jpg 125w, https:\/\/www.radiopiu.net\/wordpress\/wp-content\/uploads\/2020\/10\/pp-200x200.jpg 200w, https:\/\/www.radiopiu.net\/wordpress\/wp-content\/uploads\/2020\/10\/pp-80x80.jpg 80w, https:\/\/www.radiopiu.net\/wordpress\/wp-content\/uploads\/2020\/10\/pp-480x480.jpg 480w, https:\/\/www.radiopiu.net\/wordpress\/wp-content\/uploads\/2020\/10\/pp.jpg 640w\" sizes=\"auto, (max-width: 106px) 100vw, 106px\" \/><\/a><\/span><\/h2>\n<h2><span style=\"color: #000080;\">DON CESARE, IL PENSIERO DEL GIORNO. ALLA RADIO ALLE 7 DEL MATTINO E ALLE 19.30 DELLA SERA.\u00a0\u00a0<\/span><\/h2>\n<\/div>\n<\/div>\n<p>&nbsp;<\/p>\n<p>&nbsp;<\/p>\n<\/div>\n<\/div>\n<\/div>\n<audio class=\"wp-audio-shortcode\" id=\"audio-204238-19\" preload=\"none\" style=\"width: 100%;\" controls=\"controls\"><source type=\"audio\/mpeg\" src=\"https:\/\/www.radiopiu.net\/wordpress\/wp-content\/uploads\/2021\/04\/cesare-4.mp3?_=19\" \/><a href=\"https:\/\/www.radiopiu.net\/wordpress\/wp-content\/uploads\/2021\/04\/cesare-4.mp3\">https:\/\/www.radiopiu.net\/wordpress\/wp-content\/uploads\/2021\/04\/cesare-4.mp3<\/a><\/audio>\n<p>&nbsp;<\/p>\n<hr \/>\n<p>&nbsp;<\/p>\n<blockquote>\n<h2><a href=\"https:\/\/www.radiopiu.net\/wordpress\/speciale-solidarieta-veneto\/solidarieta-veneto-3\/\" rel=\"attachment wp-att-134366\"><img loading=\"lazy\" decoding=\"async\" class=\"wp-image-134366 alignleft\" src=\"https:\/\/www.radiopiu.net\/wordpress\/wp-content\/uploads\/2020\/05\/solidariet\u00e0-veneto-300x210.jpg\" alt=\"\" width=\"102\" height=\"71\" srcset=\"https:\/\/www.radiopiu.net\/wordpress\/wp-content\/uploads\/2020\/05\/solidariet\u00e0-veneto-300x210.jpg 300w, https:\/\/www.radiopiu.net\/wordpress\/wp-content\/uploads\/2020\/05\/solidariet\u00e0-veneto-1024x717.jpg 1024w, https:\/\/www.radiopiu.net\/wordpress\/wp-content\/uploads\/2020\/05\/solidariet\u00e0-veneto-768x538.jpg 768w, https:\/\/www.radiopiu.net\/wordpress\/wp-content\/uploads\/2020\/05\/solidariet\u00e0-veneto.jpg 1373w\" sizes=\"auto, (max-width: 102px) 100vw, 102px\" \/><\/a>SOLIDARIETA&#8217; VENETO FONDO PENSIONE, IN ONDA IL PRIMO VENERDI DEL MESE ALLE 10.30 E ALLE 19.00 QUINTA STAGIONE<\/h2>\n<\/blockquote>\n<p><strong>AUDIO APRILE 2021<\/strong><\/p>\n<audio class=\"wp-audio-shortcode\" id=\"audio-204238-20\" preload=\"none\" style=\"width: 100%;\" controls=\"controls\"><source type=\"audio\/mpeg\" src=\"https:\/\/www.radiopiu.net\/wordpress\/wp-content\/uploads\/2021\/04\/solidarieta-veneto-aprile-2021.mp3?_=20\" \/><a href=\"https:\/\/www.radiopiu.net\/wordpress\/wp-content\/uploads\/2021\/04\/solidarieta-veneto-aprile-2021.mp3\">https:\/\/www.radiopiu.net\/wordpress\/wp-content\/uploads\/2021\/04\/solidarieta-veneto-aprile-2021.mp3<\/a><\/audio>\n<p>&nbsp;<\/p>\n<blockquote>\n<h2>RACCOLTA COMPLETA<\/h2>\n<\/blockquote>\n<blockquote class=\"wp-embedded-content\" data-secret=\"OGEfOLstD6\"><p><a href=\"https:\/\/www.radiopiu.net\/wordpress\/solidarieta-veneto\/\">Solidariet\u00e0 Veneto<\/a><\/p><\/blockquote>\n<p><iframe loading=\"lazy\" class=\"wp-embedded-content\" sandbox=\"allow-scripts\" security=\"restricted\" style=\"position: absolute; clip: rect(1px, 1px, 1px, 1px);\" title=\"&#8220;Solidariet\u00e0 Veneto&#8221; &#8212; Radio Pi\u00f9\" src=\"https:\/\/www.radiopiu.net\/wordpress\/solidarieta-veneto\/embed\/#?secret=OGEfOLstD6\" data-secret=\"OGEfOLstD6\" width=\"600\" height=\"338\" frameborder=\"0\" marginwidth=\"0\" marginheight=\"0\" scrolling=\"no\"><\/iframe><\/p>\n<p>&nbsp;<\/p>\n<p>&nbsp;<\/p>\n<hr \/>\n<p>&nbsp;<\/p>\n<p>&nbsp;<\/p>\n<blockquote>\n<h2>FANTASTICHE DOLOMITI, NUOVA STAGIONE. APPUNTAMENTO QUINDICINALE IL GIOVEDI ALLE 10.30 E 19.00<\/h2>\n<\/blockquote>\n<h2><span style=\"color: #ff0000;\">PUNTATA NUMERO 12\u00a0 del\u00a0 14 APRILE 2021<\/span><\/h2>\n<p><strong><a href=\"https:\/\/www.radiopiu.net\/wordpress\/raccolta-completa\/121869645_648442942701436_4748562330148520081_n-2\/\" rel=\"attachment wp-att-196402\"><img loading=\"lazy\" decoding=\"async\" class=\"wp-image-196402 alignleft\" src=\"https:\/\/www.radiopiu.net\/wordpress\/wp-content\/uploads\/2021\/02\/121869645_648442942701436_4748562330148520081_n-1-300x169.jpg\" alt=\"\" width=\"160\" height=\"90\" srcset=\"https:\/\/www.radiopiu.net\/wordpress\/wp-content\/uploads\/2021\/02\/121869645_648442942701436_4748562330148520081_n-1-300x169.jpg 300w, https:\/\/www.radiopiu.net\/wordpress\/wp-content\/uploads\/2021\/02\/121869645_648442942701436_4748562330148520081_n-1-1024x576.jpg 1024w, https:\/\/www.radiopiu.net\/wordpress\/wp-content\/uploads\/2021\/02\/121869645_648442942701436_4748562330148520081_n-1-768x432.jpg 768w, https:\/\/www.radiopiu.net\/wordpress\/wp-content\/uploads\/2021\/02\/121869645_648442942701436_4748562330148520081_n-1-1536x864.jpg 1536w, https:\/\/www.radiopiu.net\/wordpress\/wp-content\/uploads\/2021\/02\/121869645_648442942701436_4748562330148520081_n-1.jpg 1707w\" sizes=\"auto, (max-width: 160px) 100vw, 160px\" \/><\/a>OSPITE IL PRESIDENTE CLAUDIO CANOVA<\/strong><\/p>\n<audio class=\"wp-audio-shortcode\" id=\"audio-204238-21\" preload=\"none\" style=\"width: 100%;\" controls=\"controls\"><source type=\"audio\/mpeg\" src=\"https:\/\/www.radiopiu.net\/wordpress\/wp-content\/uploads\/2021\/04\/fantastiche-dolomiti-14-aprile.mp3?_=21\" \/><a href=\"https:\/\/www.radiopiu.net\/wordpress\/wp-content\/uploads\/2021\/04\/fantastiche-dolomiti-14-aprile.mp3\">https:\/\/www.radiopiu.net\/wordpress\/wp-content\/uploads\/2021\/04\/fantastiche-dolomiti-14-aprile.mp3<\/a><\/audio>\n<h3>LA RACCOLTA COMPLETA<\/h3>\n<p>https:\/\/www.radiopiu.net\/wordpress\/raccolta-completa\/<\/p>\n<p>&nbsp;<\/p>\n<p>&nbsp;<\/p>\n<hr \/>\n<p>&nbsp;<\/p>\n<p>&nbsp;<\/p>\n<div>\n<h2><span style=\"color: #ff0000;\">ALLA RADIO<\/span><\/h2>\n<\/div>\n<div>\n<h2><strong>LE\u00a0 PUNTATE di Luisa Alchini di Leggermente Bellunesi, la domenica alle 11, <span style=\"color: #0000ff;\">IL MARTEDI IN PRIMA EDIZIONE\u00a0<\/span> alle 10.30 e alle 19.00<\/strong><\/h2>\n<p><a href=\"https:\/\/www.radiopiu.net\/wordpress\/giornale-radiopiu-14-aprile-2021-direttore-mirko-mezzacasa\/172444558_1627363694118358_8359836994526347936_n-2\/\" rel=\"attachment wp-att-203127\"><img loading=\"lazy\" decoding=\"async\" class=\" wp-image-203127 alignleft\" src=\"https:\/\/www.radiopiu.net\/wordpress\/wp-content\/uploads\/2021\/04\/172444558_1627363694118358_8359836994526347936_n-1-195x300.jpg\" alt=\"\" width=\"105\" height=\"162\" srcset=\"https:\/\/www.radiopiu.net\/wordpress\/wp-content\/uploads\/2021\/04\/172444558_1627363694118358_8359836994526347936_n-1-195x300.jpg 195w, https:\/\/www.radiopiu.net\/wordpress\/wp-content\/uploads\/2021\/04\/172444558_1627363694118358_8359836994526347936_n-1-667x1024.jpg 667w, https:\/\/www.radiopiu.net\/wordpress\/wp-content\/uploads\/2021\/04\/172444558_1627363694118358_8359836994526347936_n-1-768x1179.jpg 768w, https:\/\/www.radiopiu.net\/wordpress\/wp-content\/uploads\/2021\/04\/172444558_1627363694118358_8359836994526347936_n-1.jpg 1000w\" sizes=\"auto, (max-width: 105px) 100vw, 105px\" \/><\/a>&#8220;Il loro destino stava in Brasile&#8221; a cura di Luisa Carniel per ABM il libro di marted\u00ec13 aprile: storie di emigrazione bellunese e..agordina<\/p>\n<\/div>\n<audio class=\"wp-audio-shortcode\" id=\"audio-204238-22\" preload=\"none\" style=\"width: 100%;\" controls=\"controls\"><source type=\"audio\/mpeg\" src=\"https:\/\/www.radiopiu.net\/wordpress\/wp-content\/uploads\/2021\/04\/25leggermenteluisacargnelabm.mp3?_=22\" \/><a href=\"https:\/\/www.radiopiu.net\/wordpress\/wp-content\/uploads\/2021\/04\/25leggermenteluisacargnelabm.mp3\">https:\/\/www.radiopiu.net\/wordpress\/wp-content\/uploads\/2021\/04\/25leggermenteluisacargnelabm.mp3<\/a><\/audio>\n<p><strong><span style=\"color: #000000;\">RACCOLTA COMPLETA<\/span><\/strong><\/p>\n<div>\n<blockquote class=\"wp-embedded-content\" data-secret=\"hQ1YUD7v1y\"><p><a href=\"https:\/\/www.radiopiu.net\/wordpress\/leggermente-20\/\">LEGGERmente&#8230;Bellunesi<\/a><\/p><\/blockquote>\n<p><iframe loading=\"lazy\" class=\"wp-embedded-content\" sandbox=\"allow-scripts\" security=\"restricted\" style=\"position: absolute; clip: rect(1px, 1px, 1px, 1px);\" title=\"&#8220;LEGGERmente&#8230;Bellunesi&#8221; &#8212; Radio Pi\u00f9\" src=\"https:\/\/www.radiopiu.net\/wordpress\/leggermente-20\/embed\/#?secret=hQ1YUD7v1y\" data-secret=\"hQ1YUD7v1y\" width=\"600\" height=\"338\" frameborder=\"0\" marginwidth=\"0\" marginheight=\"0\" scrolling=\"no\"><\/iframe><\/p>\n<hr \/>\n<p>&nbsp;<\/p>\n<p>&nbsp;<\/p>\n<div class=\"b654a4as d2edcug0\">\n<h2><span style=\"color: #ff0000;\">ALLA RADIO<\/span><\/h2>\n<h2><span style=\"color: #008000;\">ERBE E PIANTE CURATIVE&#8230;IL\u00a0 PROGRAMMA DI PAOLA LANCIATO<\/span><\/h2>\n<p><strong><a href=\"https:\/\/www.radiopiu.net\/wordpress\/giornale-radiopiu-14-aprile-2021-direttore-mirko-mezzacasa\/pianta-limone\/\" rel=\"attachment wp-att-203125\"><img loading=\"lazy\" decoding=\"async\" class=\" wp-image-203125 alignleft\" src=\"https:\/\/www.radiopiu.net\/wordpress\/wp-content\/uploads\/2021\/04\/PIANTA-LIMONE-300x200.jpg\" alt=\"\" width=\"167\" height=\"111\" srcset=\"https:\/\/www.radiopiu.net\/wordpress\/wp-content\/uploads\/2021\/04\/PIANTA-LIMONE-300x200.jpg 300w, https:\/\/www.radiopiu.net\/wordpress\/wp-content\/uploads\/2021\/04\/PIANTA-LIMONE-1024x683.jpg 1024w, https:\/\/www.radiopiu.net\/wordpress\/wp-content\/uploads\/2021\/04\/PIANTA-LIMONE-768x512.jpg 768w, https:\/\/www.radiopiu.net\/wordpress\/wp-content\/uploads\/2021\/04\/PIANTA-LIMONE-1536x1024.jpg 1536w, https:\/\/www.radiopiu.net\/wordpress\/wp-content\/uploads\/2021\/04\/PIANTA-LIMONE.jpg 1920w\" sizes=\"auto, (max-width: 167px) 100vw, 167px\" \/><\/a>PUNTATA 12, IL LIMONE<\/strong><\/p>\n<\/div>\n<audio class=\"wp-audio-shortcode\" id=\"audio-204238-23\" preload=\"none\" style=\"width: 100%;\" controls=\"controls\"><source type=\"audio\/mpeg\" src=\"https:\/\/www.radiopiu.net\/wordpress\/wp-content\/uploads\/2021\/04\/10-Il-limone-M-1.mp3?_=23\" \/><a href=\"https:\/\/www.radiopiu.net\/wordpress\/wp-content\/uploads\/2021\/04\/10-Il-limone-M-1.mp3\">https:\/\/www.radiopiu.net\/wordpress\/wp-content\/uploads\/2021\/04\/10-Il-limone-M-1.mp3<\/a><\/audio>\n<p><strong>LA RACCOLTA COMPLETA\u00a0\u00a0<\/strong><\/p>\n<blockquote class=\"wp-embedded-content\" data-secret=\"lhKrYtaClU\"><p><a href=\"https:\/\/www.radiopiu.net\/wordpress\/erbe-e-piante-curative-il-mandorlo\/\">L\u2019ERBA VOGLIO DEL GIARDINO DEL RE\u2026 ERBE, FIORI E PIANTE DI E CON PAOLA LANCIATO<\/a><\/p><\/blockquote>\n<p><iframe loading=\"lazy\" class=\"wp-embedded-content\" sandbox=\"allow-scripts\" security=\"restricted\" style=\"position: absolute; clip: rect(1px, 1px, 1px, 1px);\" title=\"&#8220;L\u2019ERBA VOGLIO DEL GIARDINO DEL RE\u2026 ERBE, FIORI E PIANTE DI E CON PAOLA LANCIATO&#8221; &#8212; Radio Pi\u00f9\" src=\"https:\/\/www.radiopiu.net\/wordpress\/erbe-e-piante-curative-il-mandorlo\/embed\/#?secret=lhKrYtaClU\" data-secret=\"lhKrYtaClU\" width=\"600\" height=\"338\" frameborder=\"0\" marginwidth=\"0\" marginheight=\"0\" scrolling=\"no\"><\/iframe><\/p>\n<p>&nbsp;<\/p>\n<p>&nbsp;<\/p>\n<\/div>\n<h2><\/h2>\n<div>\n<hr \/>\n<\/div>\n<p>&nbsp;<\/p>\n<h2><strong><span style=\"color: #ff0000;\">\u00a0ALLA RADIO<\/span><\/strong><\/h2>\n<div data-offset-key=\"5n5nl-0-0\">\n<h3>Per ricevere gli aggiornamenti in tempo reale delle notizie pubblicate alla radio e sul sito di radio pi\u00f9 iscriviti al gruppo RADIO PIU INFORMAZIONE su Telegram.\u00a0\u00a0<a href=\"https:\/\/t.me\/radiopiu\">clicca qui<\/a><\/h3>\n<p>&nbsp;<\/p>\n<p><strong><a class=\"dt-pswp-item\" href=\"https:\/\/www.radiopiu.net\/wordpress\/wp-content\/uploads\/2020\/01\/logo-csa.jpg\" data-dt-img-description=\"\" data-large_image_width=\"1167\" data-large_image_height=\"574\"><img loading=\"lazy\" decoding=\"async\" class=\"wp-image-113364 alignleft\" src=\"https:\/\/www.radiopiu.net\/wordpress\/wp-content\/uploads\/2020\/01\/logo-csa-300x148.jpg\" alt=\"\" width=\"182\" height=\"90\" srcset=\"https:\/\/www.radiopiu.net\/wordpress\/wp-content\/uploads\/2020\/01\/logo-csa-300x148.jpg 300w, https:\/\/www.radiopiu.net\/wordpress\/wp-content\/uploads\/2020\/01\/logo-csa-1024x504.jpg 1024w, https:\/\/www.radiopiu.net\/wordpress\/wp-content\/uploads\/2020\/01\/logo-csa-768x378.jpg 768w, https:\/\/www.radiopiu.net\/wordpress\/wp-content\/uploads\/2020\/01\/logo-csa.jpg 1167w\" sizes=\"auto, (max-width: 182px) 100vw, 182px\" \/><\/a>AGORDO<\/strong> Appuntamento mensile (primo venerdi del mese) con lo speciale condotto da Claudio<\/p>\n<p>Fontanive, in studio Fabrizio Campedel e Paolo Chissal\u00e8.<\/p>\n<\/div>\n<p><strong>PUNTATA DI APRILE<\/strong><\/p>\n<blockquote><audio class=\"wp-audio-shortcode\" id=\"audio-204238-24\" preload=\"none\" style=\"width: 100%;\" controls=\"controls\"><source type=\"audio\/mpeg\" src=\"https:\/\/www.radiopiu.net\/wordpress\/wp-content\/uploads\/2021\/04\/ca-sol-lux-aprile-2021.mp3?_=24\" \/><a href=\"https:\/\/www.radiopiu.net\/wordpress\/wp-content\/uploads\/2021\/04\/ca-sol-lux-aprile-2021.mp3\">https:\/\/www.radiopiu.net\/wordpress\/wp-content\/uploads\/2021\/04\/ca-sol-lux-aprile-2021.mp3<\/a><\/audio>\n<h2>RACCOLTA COMPLETA<\/h2>\n<\/blockquote>\n<blockquote class=\"wp-embedded-content\" data-secret=\"QbKwu6s86H\"><p><a href=\"https:\/\/www.radiopiu.net\/wordpress\/cassa-solidarieta-luxottica-puntata-del-16-ottobre-2020\/\">CASSA SOLIDARIET\u00c0 LUXOTTICA &#8211; PUNTATA DEL 20 NOVEMBRE 2020<\/a><\/p><\/blockquote>\n<p><iframe loading=\"lazy\" class=\"wp-embedded-content\" sandbox=\"allow-scripts\" security=\"restricted\" style=\"position: absolute; clip: rect(1px, 1px, 1px, 1px);\" title=\"&#8220;CASSA SOLIDARIET\u00c0 LUXOTTICA &#8211; PUNTATA DEL 20 NOVEMBRE 2020&#8221; &#8212; Radio Pi\u00f9\" src=\"https:\/\/www.radiopiu.net\/wordpress\/cassa-solidarieta-luxottica-puntata-del-16-ottobre-2020\/embed\/#?secret=QbKwu6s86H\" data-secret=\"QbKwu6s86H\" width=\"600\" height=\"338\" frameborder=\"0\" marginwidth=\"0\" marginheight=\"0\" scrolling=\"no\"><\/iframe><\/p>\n<div><\/div>\n<p>&nbsp;<\/p>\n<p>&nbsp;<\/p>\n<hr \/>\n<blockquote>\n<h3><a style=\"font-size: 14px; font-weight: normal;\" href=\"https:\/\/www.radiopiu.net\/wordpress\/giornale-radiopiu-06-febbraio-2019-direttore-mirko-mezzacasa\/logo_spi-cgil-800x445\/\" rel=\"attachment wp-att-75538\"><img loading=\"lazy\" decoding=\"async\" class=\"wp-image-75538 alignleft\" src=\"https:\/\/www.radiopiu.net\/wordpress\/wp-content\/uploads\/2019\/02\/Logo_Spi-CGIL-800x445-300x167.jpg\" alt=\"\" width=\"210\" height=\"117\" srcset=\"https:\/\/www.radiopiu.net\/wordpress\/wp-content\/uploads\/2019\/02\/Logo_Spi-CGIL-800x445-300x167.jpg 300w, https:\/\/www.radiopiu.net\/wordpress\/wp-content\/uploads\/2019\/02\/Logo_Spi-CGIL-800x445-768x427.jpg 768w, https:\/\/www.radiopiu.net\/wordpress\/wp-content\/uploads\/2019\/02\/Logo_Spi-CGIL-800x445.jpg 800w\" sizes=\"auto, (max-width: 210px) 100vw, 210px\" \/><\/a><\/h3>\n<\/blockquote>\n<blockquote>\n<h3>ALLA RADIO, APPUNTAMENTO QUINDICINALE CON SPI-CGIL BELLUNO, IN STUDIO MARIA RITA GENTILIN<\/h3>\n<\/blockquote>\n<p><strong>di Claudio Fontanive\u00a0<\/strong><\/p>\n<p><span style=\"color: #ff0000;\"><strong>PUNTATA DEL 15 APRILE 2021<\/strong><\/span><\/p>\n<audio class=\"wp-audio-shortcode\" id=\"audio-204238-25\" preload=\"none\" style=\"width: 100%;\" controls=\"controls\"><source type=\"audio\/mpeg\" src=\"https:\/\/www.radiopiu.net\/wordpress\/wp-content\/uploads\/2021\/04\/spi-cgil-15-aprile.mp3?_=25\" \/><a href=\"https:\/\/www.radiopiu.net\/wordpress\/wp-content\/uploads\/2021\/04\/spi-cgil-15-aprile.mp3\">https:\/\/www.radiopiu.net\/wordpress\/wp-content\/uploads\/2021\/04\/spi-cgil-15-aprile.mp3<\/a><\/audio>\n<p>&nbsp;<\/p>\n<hr \/>\n<h2><span style=\"color: #ff0000;\">\u00a0<\/span><\/h2>\n<p><iframe loading=\"lazy\" title=\"EPCENTER TECNOLOGIA PER LE RSA_SECONDA PARTE\" width=\"1200\" height=\"675\" src=\"https:\/\/www.youtube.com\/embed\/YfVTUOkcmCY?start=2&#038;feature=oembed\" frameborder=\"0\" allow=\"accelerometer; autoplay; clipboard-write; encrypted-media; gyroscope; picture-in-picture\" allowfullscreen><\/iframe><\/p>\n<p>&nbsp;<\/p>\n<h1 style=\"text-align: center;\"><span style=\"color: #0000ff;\"><strong><a style=\"color: #0000ff;\" href=\"https:\/\/hermescomms.pontiradiopr.it\/radio-piu-intervista-francesco-zillio-di-epcenter-nostro-nuovo-partner\/\">NOVITA&#8217; EPCENTER CLICCA QUI<\/a><\/strong><\/span><\/h1>\n<h3><strong>LA RACCOLTA COMPLETA\u00a0<\/strong><\/h3>\n<blockquote class=\"wp-embedded-content\" data-secret=\"lNdeBBvWJ6\"><p><a href=\"https:\/\/www.radiopiu.net\/wordpress\/ep-center-video-gallery\/\">EP CENTER video gallery<\/a><\/p><\/blockquote>\n<p><iframe loading=\"lazy\" class=\"wp-embedded-content\" sandbox=\"allow-scripts\" security=\"restricted\" style=\"position: absolute; clip: rect(1px, 1px, 1px, 1px);\" title=\"&#8220;EP CENTER video gallery&#8221; &#8212; Radio Pi\u00f9\" src=\"https:\/\/www.radiopiu.net\/wordpress\/ep-center-video-gallery\/embed\/#?secret=lNdeBBvWJ6\" data-secret=\"lNdeBBvWJ6\" width=\"600\" height=\"338\" frameborder=\"0\" marginwidth=\"0\" marginheight=\"0\" scrolling=\"no\"><\/iframe><\/p>\n<div>\u200b<\/div>\n<div dir=\"auto\">\n<div>\n<hr \/>\n<p>&nbsp;<\/p>\n<\/div>\n<\/div>\n<div dir=\"auto\">\n<div>\n<p class=\"photoswipe-wrapper\"><a class=\"dt-pswp-item pspw-wrap-ready\" href=\"https:\/\/i0.wp.com\/www.radiopiu.net\/wordpress\/wp-content\/uploads\/2018\/09\/viabilita.jpeg?ssl=1\" data-dt-img-description=\"\" data-large_image_width=\"800\" data-large_image_height=\"100\"><img loading=\"lazy\" decoding=\"async\" class=\"aligncenter wp-image-61954 size-full\" src=\"https:\/\/i0.wp.com\/www.radiopiu.net\/wordpress\/wp-content\/uploads\/2018\/09\/viabilita.jpeg?resize=800%2C100&amp;ssl=1\" sizes=\"auto, (max-width: 800px) 100vw, 800px\" srcset=\"https:\/\/i0.wp.com\/www.radiopiu.net\/wordpress\/wp-content\/uploads\/2018\/09\/viabilita.jpeg?w=800&amp;ssl=1 800w, https:\/\/i0.wp.com\/www.radiopiu.net\/wordpress\/wp-content\/uploads\/2018\/09\/viabilita.jpeg?resize=300%2C38&amp;ssl=1 300w, https:\/\/i0.wp.com\/www.radiopiu.net\/wordpress\/wp-content\/uploads\/2018\/09\/viabilita.jpeg?resize=768%2C96&amp;ssl=1 768w\" alt=\"\" width=\"800\" height=\"100\" \/><\/a><\/p>\n<\/div>\n<\/div>\n<p><strong>\u00a0\u00a0<\/strong><\/p>\n<p><strong>SP 251 VAL DI ZOLDO E CELLINA<\/strong> dal 19 al 23 aprile, dalle 8 alle 18, tra Soffranco e Mezzocanale senso unico alternato regolato da semaforo o movieri con chiusure al traffico in entrambi i sensi di marcia della durata massima di 20 minuti per messa in sicurezza versante a monte della strada<\/p>\n<p><strong>SP 30 PANORAMICA DEL COMELICO<\/strong> dal 26 al 30 aprile interdizione totale al transito tra Costa e Costalissoi per collegamento acquedotto<\/p>\n<p><strong>SP 347 DEL PASSO CEREDA E DURAN<\/strong> dal 19 aprile al 30 maggio, compresi sabato domenica e festivi, senso unico alternato regolato da impianto semaforico in comune di Voltago Agordino per messa in sicurezza del piano viabile<\/p>\n<p><strong>SR 203 AGORDINA\u00a0<\/strong>dal 19 al 23 aprile senso unico alternato regolato da impianto semaforico in localit\u00e0 Peron di Sedico per scavo e posa tubazioni condotta idrica<\/p>\n<p><strong>SR 203 AGORDINA\u00a0<\/strong>dal 19 aprile al 21 maggio, esclusi sabato domenica e festivi, senso unico alternato regolato da impianto semaforico o movieri in localit\u00e0 Collaz di Livinallongo per realizzazione barriere paravalanghe<\/p>\n<p><strong>SR 48 DELLE DOLOMITI <\/strong>In localit\u00e0 Salesei di Sopra dal 15 al 30 aprile senso unico dalle 8 alle 17.30 per esbosco.<\/p>\n<p><strong>SR 203 AGORDINA<\/strong> tra Colle Santa Lucia e Livinallongo dal 15 al 30 aprile senso unico per messa in sicurezza della strada<\/p>\n<p><strong>SR 48 DELLE DOLOMITI<\/strong>\u00a0 Venerdi a Passo Falzarego, dalle 10 alle 13.30 senso unico regolato da movieri per riprese televisive<\/p>\n<p><strong>SP 346 SAN PELLEGRINO<\/strong> In localit\u00e0 La Mora dal 13 aprile al 28 maggio senso unico alternato<\/p>\n<p><strong>SP 346 PASSO SAN PELLEGRINO<\/strong> fino al 28 maggio, compresi sabato domenica e festivi, senso unico alternato regolato da semaforo in localit\u00e0 La Mora di canale D&#8217;Agordo per messa in sicurezza della strada<\/p>\n<p><strong>SR 203 AGORDINA<\/strong> dal 15 al 30 aprile, sabato e domenica compresi, senso unico alternato regolato da semaforo tra Colle Santa Lucia e Livinallongo per messa in sicurezza della strada<\/p>\n<p><strong>SR 203 AGORDINA<\/strong> LISTOLADE Fino al 23 aprile senso unico semaforico, festivi e pre festivi esclusi<\/p>\n<p><strong>SP 3 VALLE IMPERINA GONA DI CONEDERA<\/strong>\u00a0 fino al 28 aprile Senso unico con semaforo, compresi sabato e domenica<\/p>\n<p><strong>SP 346 SAN PELLEGRINO<\/strong> CANALE D&#8217;AGORDO-VALLADA: senso unico fino al 15 maggio compresi festivi e prefestivi<\/p>\n<p class=\"p1\"><strong>SP 10 DI ALANO<\/strong> LOC. LE SORGENTI interruzione totale alla viabilit\u00e0 fino al 19 maggio, dalle 8 alle 12 e dalle 13 alle 18, esclusi sabato e domenica<\/p>\n<p class=\"p1\"><strong>SR 203 AGORDINA<\/strong> LOCALITA BATTAIA -COLLE SANTA LUCIA fino al 15 maggio (festivi e prefestivi compresi) senso unico alternato<\/p>\n<p><strong>SP 148 CADORNA\u00a0<\/strong>in comune di Fonzaso, Dal 12 al 30 aprile senso unico alternato regolato da impianto semaforico e possibili interruzioni di massimo 30 minuti, compresi sabato, domenica e festivi per messa in sicurezza della strada<\/p>\n<p><strong>SP 473 DI CROCE D&#8217;AUNE<\/strong> fino al 30 aprile in comune di Pedavena, sabato e domenica esclusi, senso unico alternato regolato da semaforo o movieri dalle 8 alle 18 per taglio piante<\/p>\n<p><strong>SP 12 PEDEMONTANA<\/strong> dal 6 aprile al 7 maggio, sabato e domenica compresi, senso unico alternato regolato da semaforo in localit\u00e0 Salgarda in comune di Feltre per posa condotta smaltimento acque meteoriche<\/p>\n<p><strong>SR 203 AGORDINA <\/strong>senso unico alternato regolato da\u00a0 movieri per tratti di 300 metri in localit\u00e0 La Stanga dal 12 al 30 aprile dalle 8 alle 12 e dalle 13 alle 18 per lavori di ripristino del manto d&#8217;usura<\/p>\n<p><strong>SP 473 CROCE<\/strong> <strong>D&#8217;AUNE<\/strong> Dalle 8 alle 18, dal 23 marzo al 30 aprile compresi sabato domenica e festivi, senso unico alternato regolato da impianto semaforico in comune di Sovramonte per sostituzione barriere di sicurezza<\/p>\n<div dir=\"auto\">\n<p><strong>SR 48 DELLE DOLOMITI\u00a0<\/strong>Dal 22 marzo al 30 aprile, dalle 7 alle 18 esclusi sabato domenica e festivi, interruzioni alla viabilit\u00e0 della durata massima di 20 minuti e senso unico alternato regolato da impianto semaforico per messa in sicurezza del versante a monte della strada in comune di Livinallongo<\/p>\n<p><strong>SP 251 DELLA VAL DI ZOLDO E CELLINA<\/strong> Istituzione di senso unico alternato regolato da semaforo nel comune di Val di Zoldo per messa in sicurezza della strada<\/p>\n<p><strong>SP 42 CAVALLERA<\/strong> fino a revoca, chiusura della strada nell&#8217;abitato di Perarolo per attivazione emergenza frana &#8220;Busa del Cristo&#8221;<\/p>\n<p><strong>S.P.2 DELLA VALLE DEL MIS\u00a0<\/strong>Interdizione totale al traffico fino a revoca dal km 14,920 (localit\u00e0 Gona Bassa) al km 20,650 (localit\u00e0 Titele) per cedimento della carreggiata<\/p>\n<p><strong>S.P. 5 DI LAMOSANO<\/strong>\u00a0Interdizione totale fino a revoca per presenza di materiale e alberi in strada.<\/p>\n<p><strong>SP 3 DELLA VAL IMPERINA<\/strong> fino a revoca, senso unico alternato regolato a vista in localit\u00e0 Gona di Conedera di Rivamonte per cedimento della carreggiata stradale<\/p>\n<\/div>\n<p><b>\u00a0<\/b><\/p>\n<p>&nbsp;<\/p>\n<hr \/>\n<p>&nbsp;<\/p>\n<div dir=\"auto\">\n<div>\n<p class=\"photoswipe-wrapper\"><a class=\"dt-pswp-item pspw-wrap-ready\" href=\"https:\/\/i0.wp.com\/www.radiopiu.net\/wordpress\/wp-content\/uploads\/2018\/09\/WhatsApp-Image-2018-09-20-at-16.04.06.jpeg?ssl=1\" data-dt-img-description=\"\" data-large_image_width=\"800\" data-large_image_height=\"100\"><img loading=\"lazy\" decoding=\"async\" class=\"aligncenter wp-image-61378 size-full jetpack-lazy-image jetpack-lazy-image--handled\" src=\"https:\/\/i0.wp.com\/www.radiopiu.net\/wordpress\/wp-content\/uploads\/2018\/09\/WhatsApp-Image-2018-09-20-at-16.04.06.jpeg?resize=800%2C100&amp;ssl=1\" sizes=\"auto, (max-width: 800px) 100vw, 800px\" srcset=\"https:\/\/i0.wp.com\/www.radiopiu.net\/wordpress\/wp-content\/uploads\/2018\/09\/WhatsApp-Image-2018-09-20-at-16.04.06.jpeg?w=800&amp;ssl=1 800w, https:\/\/i0.wp.com\/www.radiopiu.net\/wordpress\/wp-content\/uploads\/2018\/09\/WhatsApp-Image-2018-09-20-at-16.04.06.jpeg?resize=300%2C38&amp;ssl=1 300w, https:\/\/i0.wp.com\/www.radiopiu.net\/wordpress\/wp-content\/uploads\/2018\/09\/WhatsApp-Image-2018-09-20-at-16.04.06.jpeg?resize=768%2C96&amp;ssl=1 768w\" alt=\"\" width=\"800\" height=\"100\" data-lazy-loaded=\"1\" \/><\/a><\/p>\n<\/div>\n<p>&nbsp;<\/p>\n<div><center><b>Martedi 20<\/b><\/center><b>Tempo atteso: <\/b>Al mattino cielo perlopi\u00f9 poco nuvoloso per banchi di cirri e stratocumuli, quest&#8217;ultimi pi\u00f9 presenti sulle Prealpi. Con il passare delle ore comparsa di addensamenti, perlopi\u00f9 modesti o singolarmente moderati sulle Dolomiti, mentre saranno di maggiore sviluppo sulle Prealpi e sulla pedemontana e, come nei giorni passati, il rischio di qualche fenomeno si ripeter\u00e0. Alla sera il cielo si rasserener\u00e0 quasi ovunque.<br \/>\n<b>Precipitazioni: <\/b>Al mattino assenti (0%), nel pomeriggio rischio di locali rovesci (20-30%) sulle Dolomiti, pi\u00f9 probabili sulle Prealpi (50\/60%). Il limite della neve risalir\u00e0 sui 1800\/1900 m. In serata fenomeni di nuovo assenti (0%).<br \/>\n<b>Temperature: <\/b>In generale lieve aumento; eccetto stazionariet\u00e0 o leggera diminuzione delle minime nelle valli e sugli altopiani prealpini. Sono previste punte massime di 15\/18\u00b0C nei fondovalle prealpini e di 9\/12\u00b0C a 1000\/1200 m. Su Prealpi a 1500 m min 0\u00b0C max 4\u00b0C, a 2000 m min -2\u00b0C max 1\u00b0C. Su Dolomiti a 2000 m min -3\u00b0C max 2\u00b0C, a 3000 m min -10\u00b0C max -7\u00b0C.<br \/>\n<b>Venti: <\/b>Nelle valli deboli per brezze, a tratti moderati nei settori solitamente pi\u00f9 ventilati; in quota deboli\/moderati settentrionali, a 5-10 km\/h a 2000 m e 5-15 km\/h a 3000 m.<\/p>\n<hr \/>\n<p><center><b>Mercoledi 21<\/b><\/center><b>Tempo atteso: <\/b>Al mattino sulle Dolomiti ampi tratti di sereno e primi annuvolamenti medi stratiformi, sulle Prealpi maggiore nuvolosit\u00e0 e minore chance di schiarite. Al pomeriggio da nuvoloso a molto nuvoloso ovunque, anche per addensamenti cumuliformi associati a fenomeni sparsi. Il deficit di sole riporter\u00e0 un po&#8217; di freschezza diurna nelle valli.<br \/>\n<b>Precipitazioni: <\/b>Al mattino assenti (0%) sulle Dolomiti e eventuali fenomeni entro le ore centrali sulle Prealpi (20\/30%). Al pomeriggio probabilit\u00e0 pi\u00f9 elevata rispetto a marted\u00ec per precipitazioni sparse a carattere di rovescio (50-70%) sulle Dolomiti e (60\/80%) sulle Prealpi. Il limite della neve si aggirer\u00e0 attorno ai 1600\/1700 m, localmente 1500 m in caso di rovescio prolungato.<br \/>\n<b>Temperature: <\/b>Minime in aumento a tutte le quote; massime in lieve calo nelle valli e alle quote medie, stazionarie sulle cime pi\u00f9 alte. Su Prealpi a 1500 m min 2\u00b0C max 3\u00b0C, a 2000 m min -2\u00b0C max 0\u00b0C. Su Dolomiti a 2000 m min -2\u00b0C max 0\u00b0C, a 3000 m min -8\u00b0C max -7\u00b0C.<br \/>\n<b>Venti: <\/b>Nelle valli deboli di direzione variabile; in quota deboli\/moderati da sud-ovest, a 5-10 km\/h a 2000 m e 10-20 km\/h a 3000 m.<\/p>\n<hr \/>\n<p><center><b>Giovedi 22<\/b><\/center>Tempo solo in parte soleggiato, con momenti di cielo sereno pi\u00f9 ampi e frequenti al mattino, mentre gli annuvolamenti saranno pi\u00f9 presenti e predominanti al pomeriggio, quando non sar\u00e0 da scartare qualche precipitazione a carattere di rovescio, anche se il rischio sar\u00e0 minore rispetto a mercoled\u00ec, soprattutto sulle Dolomiti. Limite neve a 2000\/2100 m. Temperature massime in lieve aumento. Venti nelle valli deboli\/moderati a regime di brezza; in quota deboli\/moderati dai quadranti occidentali, in rotazione da nord-ovest alla sera.<\/p>\n<hr \/>\n<p><center><b>Venerdi 23<\/b><\/center>Tempo ben soleggiato con cielo generalmente sereno, salvo modesti cumuli pomeridiani, specie sulle Prealpi. Temperature in aumento, eccetto calo delle minime in alcune valli. Venti deboli per brezze nelle valli, a tratti moderati nei settori solitamente pi\u00f9 ventilati; in quota deboli da nord-ovest, in lieve rinforzo al pomeriggio. Previsore: R.L.TH<\/p>\n<\/div>\n<div><\/div>\n<\/div>\n<hr \/>\n<p>&nbsp;<\/p>\n<p><a href=\"https:\/\/www.radiopiu.net\/wordpress\/giornale-radiopiu-15-settembre-2018-direttore-mirko-mezzacasa\/sport-7\/\" rel=\"attachment wp-att-60761\"><img loading=\"lazy\" decoding=\"async\" class=\"wp-image-60761 size-full aligncenter\" src=\"https:\/\/www.radiopiu.net\/wordpress\/wp-content\/uploads\/2018\/09\/sport.jpg\" alt=\"\" width=\"800\" height=\"100\" srcset=\"https:\/\/www.radiopiu.net\/wordpress\/wp-content\/uploads\/2018\/09\/sport.jpg 800w, https:\/\/www.radiopiu.net\/wordpress\/wp-content\/uploads\/2018\/09\/sport-300x38.jpg 300w, https:\/\/www.radiopiu.net\/wordpress\/wp-content\/uploads\/2018\/09\/sport-768x96.jpg 768w\" sizes=\"auto, (max-width: 800px) 100vw, 800px\" \/><\/a><\/p>\n<h3><\/h3>\n<blockquote>\n<h2>BARCELLONA-PONTE NELLE ALPI, IL PENSIERO DI ANDREA VA AL FUTURO<\/h2>\n<\/blockquote>\n<p>&nbsp;<\/p>\n<p><strong>PONTE NELLE ALPI<\/strong> Dopo il fine settimana motoristico di Barcellona Andrea Fontana, il pilota di Ponte nelle Alpi sta tornando a casa, con il pensiero alle prossime competizioni.<\/p>\n<p><strong>L&#8217;intervista alla radio\u00a0 di Claudio Fontanive<\/strong><\/p>\n<audio class=\"wp-audio-shortcode\" id=\"audio-204238-26\" preload=\"none\" style=\"width: 100%;\" controls=\"controls\"><source type=\"audio\/mpeg\" src=\"https:\/\/www.radiopiu.net\/wordpress\/wp-content\/uploads\/2021\/04\/tontana.mp3?_=26\" \/><a href=\"https:\/\/www.radiopiu.net\/wordpress\/wp-content\/uploads\/2021\/04\/tontana.mp3\">https:\/\/www.radiopiu.net\/wordpress\/wp-content\/uploads\/2021\/04\/tontana.mp3<\/a><\/audio>\n\n\t\t\t<style type='text\/css'>\n\t\t\t\t#gallery-11 {\n\t\t\t\t\tmargin: auto;\n\t\t\t\t}\n\t\t\t\t#gallery-11 .gallery-item {\n\t\t\t\t\tfloat: left;\n\t\t\t\t\tmargin-top: 10px;\n\t\t\t\t\ttext-align: center;\n\t\t\t\t\twidth: 33%;\n\t\t\t\t}\n\t\t\t\t#gallery-11 img {\n\t\t\t\t\tborder: 2px solid #cfcfcf;\n\t\t\t\t}\n\t\t\t\t#gallery-11 .gallery-caption {\n\t\t\t\t\tmargin-left: 0;\n\t\t\t\t}\n\t\t\t\t\/* see gallery_shortcode() in wp-includes\/media.php *\/\n\t\t\t<\/style>\n\t\t<div id='gallery-11' class='dt-gallery-container gallery galleryid-204238 gallery-columns-3 gallery-size-thumbnail'><dl class='gallery-item'>\n\t\t\t\t<dt class='gallery-icon portrait'>\n\t\t\t\t\t<a class=\"rollover rollover-zoom dt-pswp-item\" title=\"8a19bbbc-55bf-4b0b-aa0c-22a314e131cd\" data-dt-img-description=\"\" data-large_image_width=\"1200\" data-large_image_height=\"1600\"href='https:\/\/www.radiopiu.net\/wordpress\/wp-content\/uploads\/2021\/04\/8a19bbbc-55bf-4b0b-aa0c-22a314e131cd.jpg'><img loading=\"lazy\" decoding=\"async\" width=\"150\" height=\"150\" src=\"https:\/\/www.radiopiu.net\/wordpress\/wp-content\/uploads\/2021\/04\/8a19bbbc-55bf-4b0b-aa0c-22a314e131cd-150x150.jpg\" class=\"attachment-thumbnail size-thumbnail\" alt=\"\" \/><\/a>\n\t\t\t\t<\/dt><\/dl><dl class='gallery-item'>\n\t\t\t\t<dt class='gallery-icon landscape'>\n\t\t\t\t\t<a class=\"rollover rollover-zoom dt-pswp-item\" title=\"0ccf4ec9-4d6e-423c-9f2f-6672cfeda7cc\" data-dt-img-description=\"\" data-large_image_width=\"1280\" data-large_image_height=\"855\"href='https:\/\/www.radiopiu.net\/wordpress\/wp-content\/uploads\/2021\/04\/0ccf4ec9-4d6e-423c-9f2f-6672cfeda7cc.jpg'><img loading=\"lazy\" decoding=\"async\" width=\"150\" height=\"150\" src=\"https:\/\/www.radiopiu.net\/wordpress\/wp-content\/uploads\/2021\/04\/0ccf4ec9-4d6e-423c-9f2f-6672cfeda7cc-150x150.jpg\" class=\"attachment-thumbnail size-thumbnail\" alt=\"\" \/><\/a>\n\t\t\t\t<\/dt><\/dl><dl class='gallery-item'>\n\t\t\t\t<dt class='gallery-icon landscape'>\n\t\t\t\t\t<a class=\"rollover rollover-zoom dt-pswp-item\" title=\"c7916824-de01-47bb-9bdd-08698100eaec\" data-dt-img-description=\"\" data-large_image_width=\"1280\" data-large_image_height=\"855\"href='https:\/\/www.radiopiu.net\/wordpress\/wp-content\/uploads\/2021\/04\/c7916824-de01-47bb-9bdd-08698100eaec.jpg'><img loading=\"lazy\" decoding=\"async\" width=\"150\" height=\"150\" src=\"https:\/\/www.radiopiu.net\/wordpress\/wp-content\/uploads\/2021\/04\/c7916824-de01-47bb-9bdd-08698100eaec-150x150.jpg\" class=\"attachment-thumbnail size-thumbnail\" alt=\"\" \/><\/a>\n\t\t\t\t<\/dt><\/dl><br style=\"clear: both\" \/><dl class='gallery-item'>\n\t\t\t\t<dt class='gallery-icon portrait'>\n\t\t\t\t\t<a class=\"rollover rollover-zoom dt-pswp-item\" title=\"FONATANA BARCELLONA\" data-dt-img-description=\"\" data-large_image_width=\"855\" data-large_image_height=\"1280\"href='https:\/\/www.radiopiu.net\/wordpress\/wp-content\/uploads\/2021\/04\/FONATANA-BARCELLONA.jpg'><img loading=\"lazy\" decoding=\"async\" width=\"150\" height=\"150\" src=\"https:\/\/www.radiopiu.net\/wordpress\/wp-content\/uploads\/2021\/04\/FONATANA-BARCELLONA-150x150.jpg\" class=\"attachment-thumbnail size-thumbnail\" alt=\"\" \/><\/a>\n\t\t\t\t<\/dt><\/dl><dl class='gallery-item'>\n\t\t\t\t<dt class='gallery-icon landscape'>\n\t\t\t\t\t<a class=\"rollover rollover-zoom dt-pswp-item\" title=\"3c3028c9-888c-4fbb-8845-aea5ad5a51d8\" data-dt-img-description=\"\" data-large_image_width=\"1200\" data-large_image_height=\"720\"href='https:\/\/www.radiopiu.net\/wordpress\/wp-content\/uploads\/2021\/04\/3c3028c9-888c-4fbb-8845-aea5ad5a51d8.jpg'><img loading=\"lazy\" decoding=\"async\" width=\"150\" height=\"150\" src=\"https:\/\/www.radiopiu.net\/wordpress\/wp-content\/uploads\/2021\/04\/3c3028c9-888c-4fbb-8845-aea5ad5a51d8-150x150.jpg\" class=\"attachment-thumbnail size-thumbnail\" alt=\"\" \/><\/a>\n\t\t\t\t<\/dt><\/dl><dl class='gallery-item'>\n\t\t\t\t<dt class='gallery-icon portrait'>\n\t\t\t\t\t<a class=\"rollover rollover-zoom dt-pswp-item\" title=\"3540cd17-ecd4-4a55-9492-f09eb56a3aa0\" data-dt-img-description=\"\" data-large_image_width=\"855\" data-large_image_height=\"1280\"href='https:\/\/www.radiopiu.net\/wordpress\/wp-content\/uploads\/2021\/04\/3540cd17-ecd4-4a55-9492-f09eb56a3aa0.jpg'><img loading=\"lazy\" decoding=\"async\" width=\"150\" height=\"150\" src=\"https:\/\/www.radiopiu.net\/wordpress\/wp-content\/uploads\/2021\/04\/3540cd17-ecd4-4a55-9492-f09eb56a3aa0-150x150.jpg\" class=\"attachment-thumbnail size-thumbnail\" alt=\"\" \/><\/a>\n\t\t\t\t<\/dt><\/dl><br style=\"clear: both\" \/>\n\t\t\t<\/div>\n\n<p>&nbsp;<\/p>\n<hr \/>\n<p>&nbsp;<\/p>\n<p>&nbsp;<\/p>\n<blockquote>\n<h3>L&#8217;ASD PONTE NELLE ALPI PIANIFICA IL FUTURO POST COVID<\/h3>\n<\/blockquote>\n<p><strong><a href=\"https:\/\/www.radiopiu.net\/wordpress\/lasd-ponte-nelle-alpi-pianifica-il-futuro-post-covid\/giuseppe_faso\/\" rel=\"attachment wp-att-204353\"><img loading=\"lazy\" decoding=\"async\" class=\" wp-image-204353 alignleft\" src=\"https:\/\/www.radiopiu.net\/wordpress\/wp-content\/uploads\/2021\/04\/Giuseppe_Faso-225x300.jpg\" alt=\"\" width=\"169\" height=\"225\" srcset=\"https:\/\/www.radiopiu.net\/wordpress\/wp-content\/uploads\/2021\/04\/Giuseppe_Faso-225x300.jpg 225w, https:\/\/www.radiopiu.net\/wordpress\/wp-content\/uploads\/2021\/04\/Giuseppe_Faso-768x1024.jpg 768w, https:\/\/www.radiopiu.net\/wordpress\/wp-content\/uploads\/2021\/04\/Giuseppe_Faso.jpg 848w\" sizes=\"auto, (max-width: 169px) 100vw, 169px\" \/><\/a>PONTE NELLE ALPI<\/strong>\u00a0 La societ\u00e0 ha deciso di affidare a Giuseppe Faso la guida tecnica della prima squadra, impegnata nel prossimo campionato di Seconda categoria: <em>\u00abLa scelta dell\u2019allenatore &#8211; affermano il presidente Enrico Collarin e il vice Enrico De Bona &#8211; \u00e8 dettata dal volont\u00e0 di <\/em><em>valorizzare il gruppo di giovani che si affaccer\u00e0 in prima squadra e si integrer\u00e0 con il nucleo di elementi pi\u00f9 esperti\u00bb. <\/em>Faso prende il posto di Luca De Bona. In merito al settore giovanile, \u00e8 stato riconfermato in blocco lo staff di allenatori: oltre al rientro di Giovanni De Nardi, continueranno il loro percorso Fabio Biddau, Eros Prest, Beppe De Rosa, Mario Salvador e Vincenzo Maraga, nel momento in cui riprenderanno l\u2019attivit\u00e0 anche i pi\u00f9 piccoli. Il Covid, per\u00f2, ha lasciato strascichi inevitabilmente pesanti: <em>\u00abA tale proposito, l\u2019auspicio \u00e8 che le annate, a seconda dei campionati, vengano bloccate per consentire una graduale crescita dei giovani\u00bb. <\/em>Nel frattempo, proseguir\u00e0 il rapporto di collaborazione con la societ\u00e0 dell\u2019Alpago. Anche perch\u00e9, soprattutto in questa fase storica, \u00e8 necessario unire forze, idee e competenze<\/p>\n","protected":false},"excerpt":{"rendered":"<p>PER RICEVERE QUESTO NOTIZIARIO DIRETTAMENTE SUL TUO CELLULARE ISCRIVITI AL CANALE TELEGRAM \u201cRADIO PIU\u00a0 INFORMAZIONE&#8221;\u00a0 &nbsp; &nbsp; &nbsp; &nbsp; LA FOTO DEL GIORNO DI VALTER FARENZENA (facebook Sei di Agordo se&#8230;), CANTIERE SUL MONTE LARION, IN CORSO L&#8217;OPERA DI ESBOSCO GRAZIE A\u00a0 LUXOTTICA &nbsp; LUXOTTICA SI PRENDE CURA DEI DANNI SUL MONTE LARION AGORDO Un&hellip;<\/p>\n","protected":false},"author":4,"featured_media":204534,"comment_status":"closed","ping_status":"closed","sticky":false,"template":"","format":"standard","meta":{"_monsterinsights_skip_tracking":false,"_monsterinsights_sitenote_active":false,"_monsterinsights_sitenote_note":"","_monsterinsights_sitenote_category":0,"footnotes":""},"categories":[1,51,86,49],"tags":[],"class_list":["post-204238","post","type-post","status-publish","format-standard","has-post-thumbnail","hentry","category-senza-categoria","category-evidenza-top","category-gr","category-news-18","category-1","category-51","category-86","category-49","description-off"],"img_url":"https:\/\/www.radiopiu.net\/wordpress\/wp-content\/uploads\/2021\/04\/Schermata-2021-04-19-alle-21.09.43.png","_links":{"self":[{"href":"https:\/\/www.radiopiu.net\/wordpress\/wp-json\/wp\/v2\/posts\/204238","targetHints":{"allow":["GET"]}}],"collection":[{"href":"https:\/\/www.radiopiu.net\/wordpress\/wp-json\/wp\/v2\/posts"}],"about":[{"href":"https:\/\/www.radiopiu.net\/wordpress\/wp-json\/wp\/v2\/types\/post"}],"author":[{"embeddable":true,"href":"https:\/\/www.radiopiu.net\/wordpress\/wp-json\/wp\/v2\/users\/4"}],"replies":[{"embeddable":true,"href":"https:\/\/www.radiopiu.net\/wordpress\/wp-json\/wp\/v2\/comments?post=204238"}],"version-history":[{"count":0,"href":"https:\/\/www.radiopiu.net\/wordpress\/wp-json\/wp\/v2\/posts\/204238\/revisions"}],"wp:featuredmedia":[{"embeddable":true,"href":"https:\/\/www.radiopiu.net\/wordpress\/wp-json\/wp\/v2\/media\/204534"}],"wp:attachment":[{"href":"https:\/\/www.radiopiu.net\/wordpress\/wp-json\/wp\/v2\/media?parent=204238"}],"wp:term":[{"taxonomy":"category","embeddable":true,"href":"https:\/\/www.radiopiu.net\/wordpress\/wp-json\/wp\/v2\/categories?post=204238"},{"taxonomy":"post_tag","embeddable":true,"href":"https:\/\/www.radiopiu.net\/wordpress\/wp-json\/wp\/v2\/tags?post=204238"}],"curies":[{"name":"wp","href":"https:\/\/api.w.org\/{rel}","templated":true}]}}