{"id":204318,"date":"2021-04-20T05:58:05","date_gmt":"2021-04-20T03:58:05","guid":{"rendered":"https:\/\/www.radiopiu.net\/wordpress\/?p=204318"},"modified":"2021-04-20T06:09:33","modified_gmt":"2021-04-20T04:09:33","slug":"no-vax-impuniti-senza-regole","status":"publish","type":"post","link":"https:\/\/www.radiopiu.net\/wordpress\/no-vax-impuniti-senza-regole\/","title":{"rendered":"NO VAX  IMPUNITI SENZA REGOLE, GLI ANARCHICI NEL VERGOGNOSO SFREGIO ALLA COMUNITA&#8217;"},"content":{"rendered":"<p><strong><img loading=\"lazy\" decoding=\"async\" class=\"alignleft\" src=\"https:\/\/www.radiopiu.net\/wordpress\/wp-content\/uploads\/2021\/04\/riot-6129239_960_720.jpg\" width=\"267\" height=\"178\" \/>VENEZIA<\/strong> E mentre la gran parte della popolazione segue le regole i gruppetti di no vax imperversano nelle\u00a0 citt\u00e0. Finch\u00e8 alitano, gridano, sputagghiano\u00a0 tra di loro e giocano d&#8217;azzardo al contagio <em>chiessenefrega<\/em>, ma quando infrangono le regole e mettono a rischio gli altri servono interventi precisi, non basta pi\u00f9 qualche contravvenzione nel mucchio, la comunit\u00e0 regolata lo pretende, come si chiudono i bar e si multano un pugno di avventori cosa di aspetta a chiudere con certi eventi di piazza da uomini del megafono?<\/p>\n<blockquote><p><em>\u201cAssistere ad assembramenti con centinaia e centinaia di persone senza la minima protezione sanitaria \u00e8 uno sfregio inaccettabile per chi ha rispettato e continua a rispettare le regole e per chi \u00e8 stato vittima del Covid. A maggior ragione in un momento in cui si comincia a intravedere la possibilit\u00e0 di uscire dal tunnel.\u00a0 Le iniziative no vax, da Vicenza al Trevigiano, sconcertano: si tratta di complottismi e di comportamenti totalmente irresponsabili che richiedono assoluta fermezza. Manifestare \u00e8 un diritto, ma non si pu\u00f2 farlo in barba a quelle regole che valgono per tutti gli altri cittadini\u201d.\u00a0A dirlo \u00e8 il capogruppo del PD Veneto Giacomo Possamai, commentando i raduni visti nel settimana a Vicenza e Conegliano con centinaia di persone assembrate e prive di mascherine.\u00a0\u201cDopo un anno di pandemia \u00e8 incredibile assistere ancora a scene simili. A questo si aggiungono le preoccupazioni per la non irrilevante platea degli over 80 che rimane fuori dalle vaccinazioni, con numeri che in buona parte sono legati al rifiuto della somministrazione\u201d.<\/em><\/p><\/blockquote>\n<p>Il Pd di Possamai rimane in attesa di\u00a0 una presa di posizione decisa anche da parte di Zaia visto che, tra l&#8217;altro, i manifestanti lo accusano di essere tra i manovratori di una surreale ed oscura dittatura sanitaria.<\/p>\n<blockquote><p><em>&#8220;Ora serve una condanna ferma da parte di tutte le istituzioni: se il Veneto \u00e8 \u2018terra fertile\u2019 per i no vax \u00e8 anche perch\u00e9 nel corso degli anni, cos\u00ec come negli ultimi mesi, si \u00e8 dato spazio a messaggi ambigui sulla libert\u00e0 vaccinale e non si \u00e8 fatto abbastanza sul fronte dell\u2019informazione e della sensibilizzazione. Non possiamo pi\u00f9 permettercelo, non possiamo dare ossigeno a una deriva dannosa che produce a macchia d\u2019olio una contrariet\u00e0 diffusa nei confronti dei vaccini. Un fenomeno per niente rassicurante in vista delle riaperture\u201d.<\/em><\/p><\/blockquote>\n<p>&nbsp;<\/p>\n","protected":false},"excerpt":{"rendered":"<p>VENEZIA E mentre la gran parte della popolazione segue le regole i gruppetti di no vax imperversano nelle\u00a0 citt\u00e0. Finch\u00e8 alitano, gridano, sputagghiano\u00a0 tra di loro e giocano d&#8217;azzardo al contagio chiessenefrega, ma quando infrangono le regole e mettono a rischio gli altri servono interventi precisi, non basta pi\u00f9 qualche contravvenzione nel mucchio, la comunit\u00e0&hellip;<\/p>\n","protected":false},"author":4,"featured_media":204340,"comment_status":"closed","ping_status":"closed","sticky":false,"template":"","format":"standard","meta":{"_monsterinsights_skip_tracking":false,"_monsterinsights_sitenote_active":false,"_monsterinsights_sitenote_note":"","_monsterinsights_sitenote_category":0,"footnotes":""},"categories":[51,49],"tags":[],"class_list":["post-204318","post","type-post","status-publish","format-standard","has-post-thumbnail","hentry","category-evidenza-top","category-news-18","category-51","category-49","description-off"],"img_url":"https:\/\/www.radiopiu.net\/wordpress\/wp-content\/uploads\/2021\/04\/riot-6129239_960_720.jpg","_links":{"self":[{"href":"https:\/\/www.radiopiu.net\/wordpress\/wp-json\/wp\/v2\/posts\/204318","targetHints":{"allow":["GET"]}}],"collection":[{"href":"https:\/\/www.radiopiu.net\/wordpress\/wp-json\/wp\/v2\/posts"}],"about":[{"href":"https:\/\/www.radiopiu.net\/wordpress\/wp-json\/wp\/v2\/types\/post"}],"author":[{"embeddable":true,"href":"https:\/\/www.radiopiu.net\/wordpress\/wp-json\/wp\/v2\/users\/4"}],"replies":[{"embeddable":true,"href":"https:\/\/www.radiopiu.net\/wordpress\/wp-json\/wp\/v2\/comments?post=204318"}],"version-history":[{"count":0,"href":"https:\/\/www.radiopiu.net\/wordpress\/wp-json\/wp\/v2\/posts\/204318\/revisions"}],"wp:featuredmedia":[{"embeddable":true,"href":"https:\/\/www.radiopiu.net\/wordpress\/wp-json\/wp\/v2\/media\/204340"}],"wp:attachment":[{"href":"https:\/\/www.radiopiu.net\/wordpress\/wp-json\/wp\/v2\/media?parent=204318"}],"wp:term":[{"taxonomy":"category","embeddable":true,"href":"https:\/\/www.radiopiu.net\/wordpress\/wp-json\/wp\/v2\/categories?post=204318"},{"taxonomy":"post_tag","embeddable":true,"href":"https:\/\/www.radiopiu.net\/wordpress\/wp-json\/wp\/v2\/tags?post=204318"}],"curies":[{"name":"wp","href":"https:\/\/api.w.org\/{rel}","templated":true}]}}