{"id":204351,"date":"2021-04-20T05:00:59","date_gmt":"2021-04-20T03:00:59","guid":{"rendered":"https:\/\/www.radiopiu.net\/wordpress\/?p=204351"},"modified":"2021-04-20T10:47:53","modified_gmt":"2021-04-20T08:47:53","slug":"il-col-de-la-mola-nellantica-regola-di-taibon","status":"publish","type":"post","link":"https:\/\/www.radiopiu.net\/wordpress\/il-col-de-la-mola-nellantica-regola-di-taibon\/","title":{"rendered":"IL &#8220;COL DE LA MOLA&#8221; NELL&#8217;ANTICA REGOLA DI TAIBON"},"content":{"rendered":"<p><strong>Ricerca storica a \u00a0cura di Alessandro Savio<\/strong><\/p>\n<p><strong><a href=\"https:\/\/www.radiopiu.net\/wordpress\/il-col-de-la-mola-nellantica-regola-di-taibon\/foto-savio-alessandro\/\" rel=\"attachment wp-att-204594\"><img loading=\"lazy\" decoding=\"async\" class=\"size-medium wp-image-204594 alignleft\" src=\"https:\/\/www.radiopiu.net\/wordpress\/wp-content\/uploads\/2021\/04\/foto-savio-alessandro-169x300.jpg\" alt=\"\" width=\"169\" height=\"300\" srcset=\"https:\/\/www.radiopiu.net\/wordpress\/wp-content\/uploads\/2021\/04\/foto-savio-alessandro-169x300.jpg 169w, https:\/\/www.radiopiu.net\/wordpress\/wp-content\/uploads\/2021\/04\/foto-savio-alessandro-576x1024.jpg 576w, https:\/\/www.radiopiu.net\/wordpress\/wp-content\/uploads\/2021\/04\/foto-savio-alessandro-768x1366.jpg 768w, https:\/\/www.radiopiu.net\/wordpress\/wp-content\/uploads\/2021\/04\/foto-savio-alessandro-864x1536.jpg 864w, https:\/\/www.radiopiu.net\/wordpress\/wp-content\/uploads\/2021\/04\/foto-savio-alessandro.jpg 899w\" sizes=\"auto, (max-width: 169px) 100vw, 169px\" \/><\/a>TAIBON\u00a0<\/strong> La Comunit\u00e0 Agordina in epoca mediovale e successivamente durante la Serenessima Repubblica di Venezia era suddivisa in Regole. I villaggi che ne facevano parte furono inizialmente raggruppati in un \u201cCapitanato\u201d governato da un Capitano con sede in Agordo che rappresentava gli interessi di importanti signori dalla marca trevigiana e amministrato direttamente dal Podest\u00e0 di Belluno. Questi villaggi si dividevano in due distinte comunit\u00e0 e precisamente in Soprachiusa e Sottoschiusa e vi facevano parte 23 Regole; 10 di Soprachiusa e 13 di Sottochiusa. Lo storico confine fra le due confederazioni si trovava a Mezzocanale, localit\u00e0 posta fr\u00e0 Listolade e Cencenighe ove esisteva un piccolo fortilizio in muratura di pietrame edificato per controllare il passaggio di persone, animali e varie merci. (Chiusa di Listolade) documentata nel 1139. Il Capitano durava in carica un anno ed era coadiuvato da due Consoli assistenti, eletti dal consiglio di Agordo formato da Notabili locali. Essi avevano il compito di governare la giustizia, difendere i confini e tutelare gli interessi del popolo presso il Consiglio di Belluno.Le Regole si basavano anche su fermi legami ecclesiastici che avevano dei principi basati su antiche radici talvolta soggette a notevoli dispute. Singolare fu la vertenza fra i Regolieri di Alleghe e Laste per la posizione delle Croci e dei gonfaloni nella processione che si faceva ogni anno la vigilia dell\u2019Ascensione alla chiesa di L. Lucano in Comune di Taibon Agordino. Infatti dopo varie liti dovette intervenire nel 1662 con una sentenza giurata il Vescovo e Conte di Belluno e Feltre Ill.mo e Rev.mo Monsignore Giulio Barlendi che sentenzi\u00f2 l\u2019ordine delle Croci nel modo seguente:<\/p>\n<blockquote><p><em> \u201cIntendendo vertir certa differentia tra li Regolieri e volendo che tale differentia sia definita et terminata , decidemo che le Croci di S.Gotardo de Laste debbano andare avanti le Croci di S.Biasio d\u2019Alleghe et cos\u00ec pronunciamo a laude del Signore Iddio giurando in pectore di haver sentenziato et deciso per nostra coscientia. Alla presenzia del Signor eccellentissimo et Reverendissiomo Girolamo Burattini Arcidiacono di Agordo e dei testimoni Rev. Livio Burattini et Anzolo del Polver quondam Fu magistrato Bartolomio da Taibon fu cos\u00ec deciso l\u2019ordine delle Croci come devono andar processionalmente il giorno della vigilia dell\u2019Ascensione a S.Lucano .\u201d\u00a0<\/em><\/p><\/blockquote>\n<p><strong>ORDINE DELLE CROCI <\/strong>1 S.Michele della Valle 2 S.S.Vittore e Corona de Voltago\u00a0 3 S.Nicol\u00f2 da Frassen\u00e8 4 S.Florian da Riva 5 S.Bartolomio da Tiser 6 S.Giacomo da Gosalt 7 S.Cipriano da Taibon 8 S.Lucano da Taibon 9 S.Gotardo da Laste 10 S.Tomaso 11 S.Antonio Abate da Cencenighe 12 S.Biasio d\u2019Alleghe 13 S.Maria Maddalena della Rocca 14 La Pieve da Canal 15 S.Maria di Agordo.\u00a0 Ovviamente per ordine di importanza le pi\u00f9 blasonate erano le ultime, e non le prime infatti le effigie di S. Maria di Agordo era posizionata al n. 15 essendo La Pieve di Agordo a capo della forania. Le varie Regole avevano inoltre la facolt\u00e0 di riunirsi attraverso i capifamiglia od i loro rappresentanti per discutere i vari affari della comunit\u00e0. La Regola di Taibon che raggruppava le quattro Regole di Forno Val \u2013 Peden \u2013 Taibon e Listolade si riuniva nella localit\u00e0 detta \u201cCol de La Mola\u201d citata in un documento del 1548, che letteralmente in termini dialettali pu\u00f2 provenire certamente da \u201ccolle\u201d, mentre \u201cmola\u201d significa macina o ruota da molino ovvero utensile rotante in pietra. In effetti vista la esistenza di una roggia che incanalava l\u2019acqua dalla localit\u00e0 Forno di Val (inizio della Valle di San Lucano) e che scendeva successivamente passando per il centro di Taibon allo scopo di alimentare con la forza motrice dell\u2019acqua vari opifici ,quali fucine, segherie, e mulini, \u00e8 probabile che anche nel centro di Taibon esistesse un mulino per la macina delle segale. Il \u201cColle\u201d nominato dai vari storici e localizzato nel pensiero comune di fronte alla chiesa di S. Rocco (demolita nel 1966 per questioni di viabilit\u00e0), in realt\u00e0 era ubicato pi\u00f9 in alto e precisamente nella antica corte o piazzetta retrostante all\u2019attuale edificio \u201cBar del Cech\u201d in via Col di Lana. In quella corte, contornata da vecchi edifici di abitazione ed in posizione sopraelevata rispetto al centro del paese si riunivano i rappresentanti ed i capifamiglia della antica Regola di Taibon per discutere degli affari comuni che poi gerarchicamente venivano esposti al Consiglio del Capitanato di Agordo, secondo i dettami dell\u2019istituto amministrativo. Le Regole nei Comuni di Sottochiusa ormai sono andate in oblio ed hanno perso l\u2019aspetto giuridico della cura del territorio e le antiche radici storiche . Continuano invece ad esistere nei paesi dell\u2019alto Agordino e soprattutto in Ampezzo, Cadore e Comelico. Attualmente, in quei territori , l\u2019Istituto delle Regole ha una notevole importanza sulle scelte in alcuni specifici argomenti , soprattutto inerenti alla propriet\u00e0 collettiva delle terre di pascolo e forestali che si intendono di uso esclusivo degli abitanti originari<\/p>\n<p><em>Note da : Storia dell\u2019Agordino. don Fernando Tamis Il Capitanato di Agordo del 1500. Tito De Nardin \u2013 G. Tomasi San Lucano Una Chiesa una casa. Alessandro Savio \u2013 Tito De Nardin I nomi dei luoghi della Conca Agordina. Tito De Nardin \u2013 G. Tomasi\u00a0<\/em><\/p>\n<p>&nbsp;<\/p>\n<p><strong>GALLERIA FOTOGRAFICA Cartoline d\u2019epoca primi anni del 900<\/strong><\/p>\n\n\t\t\t<style type='text\/css'>\n\t\t\t\t#gallery-1 {\n\t\t\t\t\tmargin: auto;\n\t\t\t\t}\n\t\t\t\t#gallery-1 .gallery-item {\n\t\t\t\t\tfloat: left;\n\t\t\t\t\tmargin-top: 10px;\n\t\t\t\t\ttext-align: center;\n\t\t\t\t\twidth: 33%;\n\t\t\t\t}\n\t\t\t\t#gallery-1 img {\n\t\t\t\t\tborder: 2px solid #cfcfcf;\n\t\t\t\t}\n\t\t\t\t#gallery-1 .gallery-caption {\n\t\t\t\t\tmargin-left: 0;\n\t\t\t\t}\n\t\t\t\t\/* see gallery_shortcode() in wp-includes\/media.php *\/\n\t\t\t<\/style>\n\t\t<div id='gallery-1' class='dt-gallery-container gallery galleryid-204351 gallery-columns-3 gallery-size-medium'><dl class='gallery-item'>\n\t\t\t\t<dt class='gallery-icon landscape'>\n\t\t\t\t\t<a class=\"rollover rollover-zoom dt-pswp-item\" title=\"Antico sacello di San Rocco demolito dopo l\u2019alluvione del 1966\" data-dt-img-description=\"\" data-large_image_width=\"723\" data-large_image_height=\"551\"href='https:\/\/www.radiopiu.net\/wordpress\/wp-content\/uploads\/2021\/04\/1ef45f7a-58b1-43f7-b3bf-dbaf7b10835b.jpg'><img loading=\"lazy\" decoding=\"async\" width=\"300\" height=\"229\" src=\"https:\/\/www.radiopiu.net\/wordpress\/wp-content\/uploads\/2021\/04\/1ef45f7a-58b1-43f7-b3bf-dbaf7b10835b-300x229.jpg\" class=\"attachment-medium size-medium\" alt=\"\" aria-describedby=\"gallery-1-204357\" srcset=\"https:\/\/www.radiopiu.net\/wordpress\/wp-content\/uploads\/2021\/04\/1ef45f7a-58b1-43f7-b3bf-dbaf7b10835b-300x229.jpg 300w, https:\/\/www.radiopiu.net\/wordpress\/wp-content\/uploads\/2021\/04\/1ef45f7a-58b1-43f7-b3bf-dbaf7b10835b.jpg 723w\" sizes=\"auto, (max-width: 300px) 100vw, 300px\" \/><\/a>\n\t\t\t\t<\/dt>\n\t\t\t\t\t<dd class='wp-caption-text gallery-caption' id='gallery-1-204357'>\n\t\t\t\t\tAntico sacello di San Rocco demolito dopo l\u2019alluvione del 1966\n\t\t\t\t\t<\/dd><\/dl><dl class='gallery-item'>\n\t\t\t\t<dt class='gallery-icon landscape'>\n\t\t\t\t\t<a class=\"rollover rollover-zoom dt-pswp-item\" title=\"Immagini di Piazza San Rocco\" data-dt-img-description=\"\" data-large_image_width=\"740\" data-large_image_height=\"548\"href='https:\/\/www.radiopiu.net\/wordpress\/wp-content\/uploads\/2021\/04\/f7e0fe80-179a-40d5-9adb-99ca9a8f039a.jpg'><img loading=\"lazy\" decoding=\"async\" width=\"300\" height=\"222\" src=\"https:\/\/www.radiopiu.net\/wordpress\/wp-content\/uploads\/2021\/04\/f7e0fe80-179a-40d5-9adb-99ca9a8f039a-300x222.jpg\" class=\"attachment-medium size-medium\" alt=\"\" aria-describedby=\"gallery-1-204358\" srcset=\"https:\/\/www.radiopiu.net\/wordpress\/wp-content\/uploads\/2021\/04\/f7e0fe80-179a-40d5-9adb-99ca9a8f039a-300x222.jpg 300w, https:\/\/www.radiopiu.net\/wordpress\/wp-content\/uploads\/2021\/04\/f7e0fe80-179a-40d5-9adb-99ca9a8f039a.jpg 740w\" sizes=\"auto, (max-width: 300px) 100vw, 300px\" \/><\/a>\n\t\t\t\t<\/dt>\n\t\t\t\t\t<dd class='wp-caption-text gallery-caption' id='gallery-1-204358'>\n\t\t\t\t\tUfficio della Posta e antica osteria\n\t\t\t\t\t<\/dd><\/dl><dl class='gallery-item'>\n\t\t\t\t<dt class='gallery-icon landscape'>\n\t\t\t\t\t<a class=\"rollover rollover-zoom dt-pswp-item\" title=\"df42f247-eb95-4420-954a-c4228c0760eb\" data-dt-img-description=\"\" data-large_image_width=\"880\" data-large_image_height=\"641\"href='https:\/\/www.radiopiu.net\/wordpress\/wp-content\/uploads\/2021\/04\/df42f247-eb95-4420-954a-c4228c0760eb.jpg'><img loading=\"lazy\" decoding=\"async\" width=\"300\" height=\"219\" src=\"https:\/\/www.radiopiu.net\/wordpress\/wp-content\/uploads\/2021\/04\/df42f247-eb95-4420-954a-c4228c0760eb-300x219.jpg\" class=\"attachment-medium size-medium\" alt=\"\" aria-describedby=\"gallery-1-204359\" srcset=\"https:\/\/www.radiopiu.net\/wordpress\/wp-content\/uploads\/2021\/04\/df42f247-eb95-4420-954a-c4228c0760eb-300x219.jpg 300w, https:\/\/www.radiopiu.net\/wordpress\/wp-content\/uploads\/2021\/04\/df42f247-eb95-4420-954a-c4228c0760eb-768x559.jpg 768w, https:\/\/www.radiopiu.net\/wordpress\/wp-content\/uploads\/2021\/04\/df42f247-eb95-4420-954a-c4228c0760eb.jpg 880w\" sizes=\"auto, (max-width: 300px) 100vw, 300px\" \/><\/a>\n\t\t\t\t<\/dt>\n\t\t\t\t\t<dd class='wp-caption-text gallery-caption' id='gallery-1-204359'>\n\t\t\t\t\tTorrente Tegnas in centro al paese con la vecchia roggia\n\t\t\t\t\t<\/dd><\/dl><br style=\"clear: both\" \/><dl class='gallery-item'>\n\t\t\t\t<dt class='gallery-icon portrait'>\n\t\t\t\t\t<a class=\"rollover rollover-zoom dt-pswp-item\" title=\"ad4b6c01-a0f0-4e4e-9006-86bcb7e935e9\" data-dt-img-description=\" Edificio  Ex Municipio \u2013 gi\u00e0 ex canonica \n       Esercitazione dei pompieri  ( in alto si nota Savio Milano classe 1899 in posizione acrobatica ) anni \u201c20\n\" data-large_image_width=\"664\" data-large_image_height=\"1024\"href='https:\/\/www.radiopiu.net\/wordpress\/wp-content\/uploads\/2021\/04\/ad4b6c01-a0f0-4e4e-9006-86bcb7e935e9.jpg'><img loading=\"lazy\" decoding=\"async\" width=\"195\" height=\"300\" src=\"https:\/\/www.radiopiu.net\/wordpress\/wp-content\/uploads\/2021\/04\/ad4b6c01-a0f0-4e4e-9006-86bcb7e935e9-195x300.jpg\" class=\"attachment-medium size-medium\" alt=\"\" aria-describedby=\"gallery-1-204360\" srcset=\"https:\/\/www.radiopiu.net\/wordpress\/wp-content\/uploads\/2021\/04\/ad4b6c01-a0f0-4e4e-9006-86bcb7e935e9-195x300.jpg 195w, https:\/\/www.radiopiu.net\/wordpress\/wp-content\/uploads\/2021\/04\/ad4b6c01-a0f0-4e4e-9006-86bcb7e935e9.jpg 664w\" sizes=\"auto, (max-width: 195px) 100vw, 195px\" \/><\/a>\n\t\t\t\t<\/dt>\n\t\t\t\t\t<dd class='wp-caption-text gallery-caption' id='gallery-1-204360'>\n\t\t\t\t\tEdificio  Ex Municipio \u2013 gi\u00e0 ex canonica \n       Esercitazione dei pompieri  ( in alto si nota Savio Milano classe 1899 in posizione acrobatica ) anni \u201c20\n\n\t\t\t\t\t<\/dd><\/dl><dl class='gallery-item'>\n\t\t\t\t<dt class='gallery-icon landscape'>\n\t\t\t\t\t<a class=\"rollover rollover-zoom dt-pswp-item\" title=\"6b53b26e-af5b-4cf4-8fce-9ff72a39d145\" data-dt-img-description=\"\" data-large_image_width=\"1024\" data-large_image_height=\"735\"href='https:\/\/www.radiopiu.net\/wordpress\/wp-content\/uploads\/2021\/04\/6b53b26e-af5b-4cf4-8fce-9ff72a39d145.jpg'><img loading=\"lazy\" decoding=\"async\" width=\"300\" height=\"215\" src=\"https:\/\/www.radiopiu.net\/wordpress\/wp-content\/uploads\/2021\/04\/6b53b26e-af5b-4cf4-8fce-9ff72a39d145-300x215.jpg\" class=\"attachment-medium size-medium\" alt=\"\" aria-describedby=\"gallery-1-204361\" srcset=\"https:\/\/www.radiopiu.net\/wordpress\/wp-content\/uploads\/2021\/04\/6b53b26e-af5b-4cf4-8fce-9ff72a39d145-300x215.jpg 300w, https:\/\/www.radiopiu.net\/wordpress\/wp-content\/uploads\/2021\/04\/6b53b26e-af5b-4cf4-8fce-9ff72a39d145-768x551.jpg 768w, https:\/\/www.radiopiu.net\/wordpress\/wp-content\/uploads\/2021\/04\/6b53b26e-af5b-4cf4-8fce-9ff72a39d145.jpg 1024w\" sizes=\"auto, (max-width: 300px) 100vw, 300px\" \/><\/a>\n\t\t\t\t<\/dt>\n\t\t\t\t\t<dd class='wp-caption-text gallery-caption' id='gallery-1-204361'>\n\t\t\t\t\t  Il vero   \u201cCOL DE LA MOLA\u201d dove si riunivano i Regolieri  di Taibon Agordino\n                                 Antica corte distinta con particella n 71 del Catasto Austro Italiano  (1834)\n                                 detto anche vecchio o cessato catasto\n\n                                 Distinta  con mappale n 369 del Foglio 38 del Nuovo Catasto Terreni \n                                 mappa redatta nel 1951\n\t\t\t\t\t<\/dd><\/dl><dl class='gallery-item'>\n\t\t\t\t<dt class='gallery-icon landscape'>\n\t\t\t\t\t<a class=\"rollover rollover-zoom dt-pswp-item\" title=\"\u201cCOL DE LA MOLA \u201c  corte colorata in verde  particella 369 del Foglio 38\" data-dt-img-description=\"\" data-large_image_width=\"990\" data-large_image_height=\"735\"href='https:\/\/www.radiopiu.net\/wordpress\/wp-content\/uploads\/2021\/04\/c8a7637c-33f4-4ef5-9909-eba9a11a6152.jpg'><img loading=\"lazy\" decoding=\"async\" width=\"300\" height=\"223\" src=\"https:\/\/www.radiopiu.net\/wordpress\/wp-content\/uploads\/2021\/04\/c8a7637c-33f4-4ef5-9909-eba9a11a6152-300x223.jpg\" class=\"attachment-medium size-medium\" alt=\"\" aria-describedby=\"gallery-1-204363\" srcset=\"https:\/\/www.radiopiu.net\/wordpress\/wp-content\/uploads\/2021\/04\/c8a7637c-33f4-4ef5-9909-eba9a11a6152-300x223.jpg 300w, https:\/\/www.radiopiu.net\/wordpress\/wp-content\/uploads\/2021\/04\/c8a7637c-33f4-4ef5-9909-eba9a11a6152-768x570.jpg 768w, https:\/\/www.radiopiu.net\/wordpress\/wp-content\/uploads\/2021\/04\/c8a7637c-33f4-4ef5-9909-eba9a11a6152.jpg 990w\" sizes=\"auto, (max-width: 300px) 100vw, 300px\" \/><\/a>\n\t\t\t\t<\/dt>\n\t\t\t\t\t<dd class='wp-caption-text gallery-caption' id='gallery-1-204363'>\n\t\t\t\t\t   Estratto dal Nuovo Catasto terreni  1951\n                         \u201cCOL DE LA MOLA \u201c  corte colorata in verde  particella 369 del Foglio 38        \n\t\t\t\t\t<\/dd><\/dl><br style=\"clear: both\" \/><dl class='gallery-item'>\n\t\t\t\t<dt class='gallery-icon landscape'>\n\t\t\t\t\t<a class=\"rollover rollover-zoom dt-pswp-item\" title=\"Estratto dal Catasto Austro Italiano   1834                                  \u201cCOL DE LA MOLA \u201c   corte  colorata di verde  particella n 71\" data-dt-img-description=\"\" data-large_image_width=\"1022\" data-large_image_height=\"744\"href='https:\/\/www.radiopiu.net\/wordpress\/wp-content\/uploads\/2021\/04\/043e5093-0fd7-4abc-a24d-0c245de2f59b.jpg'><img loading=\"lazy\" decoding=\"async\" width=\"300\" height=\"218\" src=\"https:\/\/www.radiopiu.net\/wordpress\/wp-content\/uploads\/2021\/04\/043e5093-0fd7-4abc-a24d-0c245de2f59b-300x218.jpg\" class=\"attachment-medium size-medium\" alt=\"\" aria-describedby=\"gallery-1-204362\" srcset=\"https:\/\/www.radiopiu.net\/wordpress\/wp-content\/uploads\/2021\/04\/043e5093-0fd7-4abc-a24d-0c245de2f59b-300x218.jpg 300w, https:\/\/www.radiopiu.net\/wordpress\/wp-content\/uploads\/2021\/04\/043e5093-0fd7-4abc-a24d-0c245de2f59b-768x559.jpg 768w, https:\/\/www.radiopiu.net\/wordpress\/wp-content\/uploads\/2021\/04\/043e5093-0fd7-4abc-a24d-0c245de2f59b.jpg 1022w\" sizes=\"auto, (max-width: 300px) 100vw, 300px\" \/><\/a>\n\t\t\t\t<\/dt>\n\t\t\t\t\t<dd class='wp-caption-text gallery-caption' id='gallery-1-204362'>\n\t\t\t\t\t     Estratto dal Catasto Austro Italiano   1834     \n                            \u201cCOL DE LA MOLA \u201c   corte  colorata di verde  particella n 71\n\t\t\t\t\t<\/dd><\/dl>\n\t\t\t\t<br style='clear: both' \/>\n\t\t\t<\/div>\n\n<p>&nbsp;<\/p>\n<p>&nbsp;<\/p>\n","protected":false},"excerpt":{"rendered":"<p>Ricerca storica a \u00a0cura di Alessandro Savio TAIBON\u00a0 La Comunit\u00e0 Agordina in epoca mediovale e successivamente durante la Serenessima Repubblica di Venezia era suddivisa in Regole. I villaggi che ne facevano parte furono inizialmente raggruppati in un \u201cCapitanato\u201d governato da un Capitano con sede in Agordo che rappresentava gli interessi di importanti signori dalla marca&hellip;<\/p>\n","protected":false},"author":4,"featured_media":204358,"comment_status":"closed","ping_status":"closed","sticky":false,"template":"","format":"standard","meta":{"_monsterinsights_skip_tracking":false,"_monsterinsights_sitenote_active":false,"_monsterinsights_sitenote_note":"","_monsterinsights_sitenote_category":0,"footnotes":""},"categories":[104,49],"tags":[],"class_list":["post-204351","post","type-post","status-publish","format-standard","has-post-thumbnail","hentry","category-evidenza_3","category-news-18","category-104","category-49","description-off"],"img_url":"https:\/\/www.radiopiu.net\/wordpress\/wp-content\/uploads\/2021\/04\/f7e0fe80-179a-40d5-9adb-99ca9a8f039a.jpg","_links":{"self":[{"href":"https:\/\/www.radiopiu.net\/wordpress\/wp-json\/wp\/v2\/posts\/204351","targetHints":{"allow":["GET"]}}],"collection":[{"href":"https:\/\/www.radiopiu.net\/wordpress\/wp-json\/wp\/v2\/posts"}],"about":[{"href":"https:\/\/www.radiopiu.net\/wordpress\/wp-json\/wp\/v2\/types\/post"}],"author":[{"embeddable":true,"href":"https:\/\/www.radiopiu.net\/wordpress\/wp-json\/wp\/v2\/users\/4"}],"replies":[{"embeddable":true,"href":"https:\/\/www.radiopiu.net\/wordpress\/wp-json\/wp\/v2\/comments?post=204351"}],"version-history":[{"count":0,"href":"https:\/\/www.radiopiu.net\/wordpress\/wp-json\/wp\/v2\/posts\/204351\/revisions"}],"wp:featuredmedia":[{"embeddable":true,"href":"https:\/\/www.radiopiu.net\/wordpress\/wp-json\/wp\/v2\/media\/204358"}],"wp:attachment":[{"href":"https:\/\/www.radiopiu.net\/wordpress\/wp-json\/wp\/v2\/media?parent=204351"}],"wp:term":[{"taxonomy":"category","embeddable":true,"href":"https:\/\/www.radiopiu.net\/wordpress\/wp-json\/wp\/v2\/categories?post=204351"},{"taxonomy":"post_tag","embeddable":true,"href":"https:\/\/www.radiopiu.net\/wordpress\/wp-json\/wp\/v2\/tags?post=204351"}],"curies":[{"name":"wp","href":"https:\/\/api.w.org\/{rel}","templated":true}]}}